{"id":100137,"date":"2018-12-04T12:00:12","date_gmt":"2018-12-04T15:00:12","guid":{"rendered":"http:\/\/bestcars.uol.com.br\/bc\/?p=100137"},"modified":"2018-12-20T08:18:12","modified_gmt":"2018-12-20T11:18:12","slug":"no-mercado-o-chevrolet-onix-e-o-vw-gol-de-outrora","status":"publish","type":"post","link":"https:\/\/autolivraria.com.br\/bc\/informe-se\/colunas\/eu-um-carro-e-a-cidade\/no-mercado-o-chevrolet-onix-e-o-vw-gol-de-outrora\/","title":{"rendered":"No mercado, o Chevrolet Onix \u00e9 o VW Gol de outrora"},"content":{"rendered":"<p><img fetchpriority=\"high\" decoding=\"async\" class=\"aligncenter size-full wp-image-93693\" src=\"https:\/\/autolivraria.com.br\/bc\/wp-content\/uploads\/2018\/03\/Eu-um-Carro-e-a-Cidade.jpg\" alt=\"\" width=\"696\" height=\"100\" srcset=\"https:\/\/autolivraria.com.br\/bc\/wp-content\/uploads\/2018\/03\/Eu-um-Carro-e-a-Cidade.jpg 696w, https:\/\/autolivraria.com.br\/bc\/wp-content\/uploads\/2018\/03\/Eu-um-Carro-e-a-Cidade-340x49.jpg 340w, https:\/\/autolivraria.com.br\/bc\/wp-content\/uploads\/2018\/03\/Eu-um-Carro-e-a-Cidade-222x32.jpg 222w\" sizes=\"(max-width: 696px) 100vw, 696px\" \/><\/p>\n<h2>Compacto da GM atinge n\u00fameros impressionantes de vendas, mas o que ocorreu com o VW pode servir de advert\u00eancia<\/h2>\n<p>&nbsp;<\/p>\n<p>Impressionantes os n\u00fameros de venda do <a href=\"https:\/\/autolivraria.com.br\/bc\/tag\/onix\" target=\"_blank\" rel=\"noopener\">Chevrolet Onix<\/a>. O compacto n\u00e3o abre espa\u00e7o para concorrente algum se aproximar. Com mais de 22 mil unidades vendidas em novembro, por pouco n\u00e3o vendeu o triplo do segundo colocado, o <a href=\"https:\/\/autolivraria.com.br\/bc\/tag\/gol\" target=\"_blank\" rel=\"noopener\">Volkswagen Gol<\/a>. Claro que esses n\u00fameros n\u00e3o abrem o mix de vers\u00f5es, no qual \u00e9 de se supor que a vers\u00e3o Joy, mais barata, represente boa parte. \u00c9 assim com todos os ve\u00edculos que comp\u00f5em ou compuseram esse pelot\u00e3o de entrada, na briga por volume.<\/p>\n<p>H\u00e1 s\u00f3lidas explica\u00e7\u00f5es para essa lideran\u00e7a inconteste do Onix e boa parte delas j\u00e1 foi falada aqui no <strong>Best Cars<\/strong>, que acaba de <a href=\"https:\/\/autolivraria.com.br\/bc\/tag\/onix-um-mes-ao-volante\/\" target=\"_blank\" rel=\"noopener\">testar o compacto por 30 dias<\/a>. \u00c9 sabido que o carro n\u00e3o \u00e9 o melhor, nem o mais completo. Pude dirigir um LTZ com transmiss\u00e3o autom\u00e1tica e, sinceramente, detestei. Tanto que optei pela compra de um concorrente e, ap\u00f3s este ter sido furtado, o substitui por mais uma alternativa do segmento.<\/p>\n<p>&nbsp;<\/p>\n<blockquote><p>Ele tem ampla rede e aura de confiabilidade, mas creio que o sucesso do Onix passa pelo intang\u00edvel, como a imagem de carro jovial, bem explorada pela comunica\u00e7\u00e3o<\/p><\/blockquote>\n<p>&nbsp;<\/p>\n<figure id=\"attachment_100138\" aria-describedby=\"caption-attachment-100138\" style=\"width: 340px\" class=\"wp-caption alignright\"><a href=\"https:\/\/autolivraria.com.br\/bc\/wp-content\/uploads\/2018\/12\/Chevrolet-Onix-01.jpg\"><img decoding=\"async\" class=\"size-medium wp-image-100138 lazyload\" data-src=\"https:\/\/autolivraria.com.br\/bc\/wp-content\/uploads\/2018\/12\/Chevrolet-Onix-01-340x228.jpg\" alt=\"\" width=\"340\" height=\"228\" data-srcset=\"https:\/\/autolivraria.com.br\/bc\/wp-content\/uploads\/2018\/12\/Chevrolet-Onix-01-340x228.jpg 340w, https:\/\/autolivraria.com.br\/bc\/wp-content\/uploads\/2018\/12\/Chevrolet-Onix-01.jpg 696w, https:\/\/autolivraria.com.br\/bc\/wp-content\/uploads\/2018\/12\/Chevrolet-Onix-01-627x420.jpg 627w, https:\/\/autolivraria.com.br\/bc\/wp-content\/uploads\/2018\/12\/Chevrolet-Onix-01-222x149.jpg 222w\" data-sizes=\"(max-width: 340px) 100vw, 340px\" src=\"data:image\/svg+xml;base64,PHN2ZyB3aWR0aD0iMSIgaGVpZ2h0PSIxIiB4bWxucz0iaHR0cDovL3d3dy53My5vcmcvMjAwMC9zdmciPjwvc3ZnPg==\" style=\"--smush-placeholder-width: 340px; --smush-placeholder-aspect-ratio: 340\/228;\" \/><\/a><figcaption id=\"caption-attachment-100138\" class=\"wp-caption-text\">Onix LTZ autom\u00e1tico: pouco em satisfa\u00e7\u00e3o ao dirigir em troca de R$ 60 mil<\/figcaption><\/figure>\n<p>Em minha modesta avalia\u00e7\u00e3o, todo o problema ali se resumia a pre\u00e7o, muito alto para t\u00e3o pouca percep\u00e7\u00e3o de valor. O carro tem equipamentos compat\u00edveis com a categoria e o posicionamento, mas a dirigibilidade, a sensa\u00e7\u00e3o de constru\u00e7\u00e3o e o refinamento deixaram muito a desejar. Como era exatamente isso que eu buscava em troca dos meus R$ 60 mil, fui pra outras bandas e me senti mais bem-atendido. Com todo o respeito, R$ 50 mil pagariam bem. Por isso as vers\u00f5es com motor 1,0-litro e mais baratas s\u00e3o t\u00e3o procuradas, porque de fato entregam algo mais coerente com seu pre\u00e7o.<\/p>\n<p>H\u00e1 a quest\u00e3o da ampla rede de concession\u00e1rias, h\u00e1 uma aura de confiabilidade. Certo. Mas creio que o sucesso do Onix est\u00e1 em outras quest\u00f5es que passam pelo intang\u00edvel, como a imagem de carro jovial. Todo o posicionamento da comunica\u00e7\u00e3o refor\u00e7a muito isso, e n\u00e3o s\u00f3. Esse posicionamento est\u00e1 no que o carro entrega em termos de experi\u00eancia, como a quest\u00e3o da conectividade muito acima da m\u00e9dia, o que fez o compacto conseguir firmar-se para muitos como um objeto de desejo que agrega ao dono o atributo da jovialidade. Seu comprador n\u00e3o se importa com a mec\u00e2nica datada, mas se a central de \u00e1udio My Link sincroniza bem com o telefone.<\/p>\n<p>&nbsp;<\/p>\n<div class='code-block code-block-7' style='margin: 28px auto; text-align: center; display: block; clear: both;'>\n<script async src=\"https:\/\/pagead2.googlesyndication.com\/pagead\/js\/adsbygoogle.js\"><\/script>\n<!-- AL-quadrado -->\n<ins class=\"adsbygoogle\"\n     style=\"display:block\"\n     data-ad-client=\"ca-pub-1914799802606213\"\n     data-ad-slot=\"5683066082\"\n     data-ad-format=\"auto\"\n     data-full-width-responsive=\"true\"><\/ins>\n<script>\n     (adsbygoogle = window.adsbygoogle || []).push({});\n<\/script><\/div>\n\n<p>&nbsp;<\/p>\n<h2>Desejo no consumidor<\/h2>\n<p>Para se ter no\u00e7\u00e3o de quanto a Chevrolet saiu \u00e0 frente da concorr\u00eancia nesse quesito, basta lembrar que a vers\u00e3o inicial do My Link, com ampla tela sens\u00edvel ao toque, est\u00e1 no painel do Onix LTZ desde o lan\u00e7amento, em 2012. O <a href=\"https:\/\/autolivraria.com.br\/bc\/tag\/hb20\" target=\"_blank\" rel=\"noopener\">Hyundai HB20<\/a>\u00a0passou a oferecer central semelhante um ano depois. O <a href=\"https:\/\/autolivraria.com.br\/bc\/tag\/sandero\" target=\"_blank\" rel=\"noopener\">Renault Sandero<\/a> ganhou em 2014; o Gol s\u00f3 em 2017, mesmo ano em que a Fiat adotou uma no <a href=\"https:\/\/autolivraria.com.br\/bc\/tag\/argo\" target=\"_blank\" rel=\"noopener\">Argo<\/a>; e o <a href=\"https:\/\/autolivraria.com.br\/bc\/tag\/ka\" target=\"_blank\" rel=\"noopener\">Ford Ka<\/a> foi receber a sua na linha 2019. \u00d3bvio que isso, por si, n\u00e3o explica tamanho sucesso. H\u00e1 muitos outros fatores, como a estrat\u00e9gia promocional.<\/p>\n<p>Desejo no consumidor \u00e9 coisa que o Gol tamb\u00e9m exerceu num passado, mas perdeu o bonde. Justo o Gol, que foi o sin\u00f4nimo de carro de jovem para toda uma gera\u00e7\u00e3o, numa \u00e9poca que o esporte era muito associado \u00e0 juventude. As vers\u00f5es esportivas sempre lembradas \u2014 GT, GTS, GTI \u2014, as s\u00e9ries especiais alusivas aos eventos esportivos, a comunica\u00e7\u00e3o sempre muito voltada aos meninos e meninas, refor\u00e7ando a dire\u00e7\u00e3o como esporte. E, como o Onix, sempre foi o lanterna quando o assunto era vanguarda t\u00e9cnica. Teve durante muito tempo motor longitudinal, volante fora de centro e estepe que ocupava grande espa\u00e7o do porta-malas \u2014 imagine tudo isso num GTI de 1994. Mas a quest\u00e3o \u00e9 que o Gol como marca perdeu o vi\u00e7o, gastou-se, como tudo na vida.<\/p>\n<p>&nbsp;<\/p>\n<blockquote><p>Desejar um Gol hoje \u00e9 anacr\u00f4nico: na molecada, a meta de consumo passa longe do envelhecido VW, outrora chamado de \u201cnamoradinho do Brasil\u201d<\/p><\/blockquote>\n<p>&nbsp;<\/p>\n<figure id=\"attachment_100139\" aria-describedby=\"caption-attachment-100139\" style=\"width: 340px\" class=\"wp-caption alignleft\"><a href=\"https:\/\/autolivraria.com.br\/bc\/wp-content\/uploads\/2018\/12\/Gol-GTI-16V.jpg\"><img decoding=\"async\" class=\"size-medium wp-image-100139 lazyload\" data-src=\"https:\/\/autolivraria.com.br\/bc\/wp-content\/uploads\/2018\/12\/Gol-GTI-16V-340x228.jpg\" alt=\"\" width=\"340\" height=\"228\" data-srcset=\"https:\/\/autolivraria.com.br\/bc\/wp-content\/uploads\/2018\/12\/Gol-GTI-16V-340x228.jpg 340w, https:\/\/autolivraria.com.br\/bc\/wp-content\/uploads\/2018\/12\/Gol-GTI-16V.jpg 696w, https:\/\/autolivraria.com.br\/bc\/wp-content\/uploads\/2018\/12\/Gol-GTI-16V-627x420.jpg 627w, https:\/\/autolivraria.com.br\/bc\/wp-content\/uploads\/2018\/12\/Gol-GTI-16V-222x149.jpg 222w\" data-sizes=\"(max-width: 340px) 100vw, 340px\" src=\"data:image\/svg+xml;base64,PHN2ZyB3aWR0aD0iMSIgaGVpZ2h0PSIxIiB4bWxucz0iaHR0cDovL3d3dy53My5vcmcvMjAwMC9zdmciPjwvc3ZnPg==\" style=\"--smush-placeholder-width: 340px; --smush-placeholder-aspect-ratio: 340\/228;\" \/><\/a><figcaption id=\"caption-attachment-100139\" class=\"wp-caption-text\">O Gol foi sin\u00f4nimo de carro de jovem para toda uma gera\u00e7\u00e3o, que sonhava com esportivos como o GTI 16V<\/figcaption><\/figure>\n<p>Percebi a diferen\u00e7a como encarei as vers\u00f5es Rock\u2019n Rio de alguns anos atr\u00e1s, notadamente para o p\u00fablico jovem. Ca\u00edram agradavelmente no <a href=\"https:\/\/autolivraria.com.br\/bc\/tag\/fox\" target=\"_blank\" rel=\"noopener\">Fox<\/a> e desceram estranhas no Gol, tamanha diferen\u00e7a de imagem que os carros j\u00e1 guardavam entre si. O Fox tirou-lhe mesmo um tanto do brilho. Veio o <a href=\"https:\/\/autolivraria.com.br\/bc\/tag\/up\" target=\"_blank\" rel=\"noopener\">Up<\/a>, que num vaiv\u00e9m de posicionamento deixou o Gol perdido na tabela de pre\u00e7os. At\u00e9 que se achou novamente um bom espa\u00e7o pra ele, mas como compacto de entrada barato, n\u00e3o jovial. Falar hoje que algu\u00e9m \u201cdeseja\u201d comprar um Gol soa anacr\u00f4nico. Na molecada, o desejo compacto de consumo passa longe do envelhecido Volkswagen, que foi outrora chamado de \u201cnamoradinho do Brasil\u201d.<\/p>\n<p>Isso \u00e9 um aviso para o Onix, que ano que vem vai estrear nova plataforma num tempo bom para renova\u00e7\u00e3o \u2014 oito anos, prova que a GM entende o quanto foi bem-sucedida na constru\u00e7\u00e3o da marca. E tamb\u00e9m vai debutar o Onix na estrat\u00e9gia de vender gera\u00e7\u00f5es diferentes com o mesmo nome, j\u00e1 que provavelmente manter\u00e1 a vers\u00e3o atual em linha por alguns anos (o atual Joy \u00e9 da mesma gera\u00e7\u00e3o dos demais, apenas sem a reestiliza\u00e7\u00e3o). O Gol come\u00e7ou a perder o brilho no mercado justamente quando parou de vender a antiga gera\u00e7\u00e3o, o que deixou claro que a velha fazia muito mais volume que a nova \u2014 mesmo caso do <a href=\"https:\/\/autolivraria.com.br\/bc\/tag\/palio\" target=\"_blank\" rel=\"noopener\">Fiat Palio<\/a> depois que o Fire se foi. Sim, o Gol foi o Onix das vendas por 20 e tantos anos. Veremos quanto mais f\u00f4lego ter\u00e1 o Chevrolet.<\/p>\n<a href='https:\/\/autolivraria.com.br\/bc\/informe-se\/colunas\/destaques-colunas\/caoa-chery-propaganda-e-boa-parte-do-negocio\/' class='small-button smallsilver'>Coluna anterior<\/a>\n<p><em>A coluna expressa as opini\u00f5es do colunista e n\u00e3o as do Best Cars<\/em><\/p>\n<p>&nbsp;<\/p>\n","protected":false},"excerpt":{"rendered":"<p>Compacto da GM atinge n\u00fameros impressionantes de vendas, mas o que ocorreu com o VW pode servir de advert\u00eancia<\/p>\n","protected":false},"author":6,"featured_media":93694,"comment_status":"open","ping_status":"closed","sticky":false,"template":"","format":"standard","meta":{"_joinchat":[],"footnotes":""},"categories":[4506],"tags":[100,153,4507,2016],"class_list":["post-100137","post","type-post","status-publish","format-standard","has-post-thumbnail","hentry","category-eu-um-carro-e-a-cidade","tag-chevrolet","tag-colunas-2","tag-eu-um-carro-e-a-cidade","tag-onix"],"amp_enabled":true,"_links":{"self":[{"href":"https:\/\/autolivraria.com.br\/bc\/wp-json\/wp\/v2\/posts\/100137","targetHints":{"allow":["GET"]}}],"collection":[{"href":"https:\/\/autolivraria.com.br\/bc\/wp-json\/wp\/v2\/posts"}],"about":[{"href":"https:\/\/autolivraria.com.br\/bc\/wp-json\/wp\/v2\/types\/post"}],"author":[{"embeddable":true,"href":"https:\/\/autolivraria.com.br\/bc\/wp-json\/wp\/v2\/users\/6"}],"replies":[{"embeddable":true,"href":"https:\/\/autolivraria.com.br\/bc\/wp-json\/wp\/v2\/comments?post=100137"}],"version-history":[{"count":0,"href":"https:\/\/autolivraria.com.br\/bc\/wp-json\/wp\/v2\/posts\/100137\/revisions"}],"wp:featuredmedia":[{"embeddable":true,"href":"https:\/\/autolivraria.com.br\/bc\/wp-json\/wp\/v2\/media\/93694"}],"wp:attachment":[{"href":"https:\/\/autolivraria.com.br\/bc\/wp-json\/wp\/v2\/media?parent=100137"}],"wp:term":[{"taxonomy":"category","embeddable":true,"href":"https:\/\/autolivraria.com.br\/bc\/wp-json\/wp\/v2\/categories?post=100137"},{"taxonomy":"post_tag","embeddable":true,"href":"https:\/\/autolivraria.com.br\/bc\/wp-json\/wp\/v2\/tags?post=100137"}],"curies":[{"name":"wp","href":"https:\/\/api.w.org\/{rel}","templated":true}]}}