{"id":100192,"date":"2018-12-07T09:28:16","date_gmt":"2018-12-07T12:28:16","guid":{"rendered":"http:\/\/bestcars.uol.com.br\/bc\/?p=100192"},"modified":"2018-12-11T13:56:34","modified_gmt":"2018-12-11T16:56:34","slug":"novo-vw-jetta-ganha-versao-mais-simples-por-r-100-mil","status":"publish","type":"post","link":"https:\/\/autolivraria.com.br\/bc\/informe-se\/noticias\/novo-vw-jetta-ganha-versao-mais-simples-por-r-100-mil\/","title":{"rendered":"Novo VW Jetta ganha vers\u00e3o mais simples por R$ 100 mil"},"content":{"rendered":"<p><a href=\"https:\/\/autolivraria.com.br\/bc\/wp-content\/uploads\/2018\/12\/VW-Jetta-250-TSI-01.jpg\"><img fetchpriority=\"high\" decoding=\"async\" width=\"696\" height=\"464\" class=\"aligncenter size-large wp-image-100195\" src=\"https:\/\/autolivraria.com.br\/bc\/wp-content\/uploads\/2018\/12\/VW-Jetta-250-TSI-01-696x464.jpg\" srcset=\"https:\/\/autolivraria.com.br\/bc\/wp-content\/uploads\/2018\/12\/VW-Jetta-250-TSI-01-696x464.jpg 696w, https:\/\/autolivraria.com.br\/bc\/wp-content\/uploads\/2018\/12\/VW-Jetta-250-TSI-01-340x227.jpg 340w, https:\/\/autolivraria.com.br\/bc\/wp-content\/uploads\/2018\/12\/VW-Jetta-250-TSI-01-630x420.jpg 630w, https:\/\/autolivraria.com.br\/bc\/wp-content\/uploads\/2018\/12\/VW-Jetta-250-TSI-01-222x148.jpg 222w, https:\/\/autolivraria.com.br\/bc\/wp-content\/uploads\/2018\/12\/VW-Jetta-250-TSI-01.jpg 1280w\" sizes=\"(max-width: 696px) 100vw, 696px\" \/><\/a><\/p>\n<p>&nbsp;<\/p>\n<p>A Volkswagen acrescenta uma vers\u00e3o de entrada ao novo Jetta, chamada apenas de 250 TSI\u00a0\u2014 a identifica\u00e7\u00e3o do motor turbo de 1,4 litro, o mesmo das <a href=\"https:\/\/autolivraria.com.br\/bc\/informe-se\/avaliacao\/teste-novo-volkswagen-jetta-comfortline-rline-250tsi-2019\/\" target=\"_blank\" rel=\"noopener\">op\u00e7\u00f5es Comfortline e R-Line<\/a> oferecidas at\u00e9 agora. Com pre\u00e7o sugerido de R$ 100 mil, o Jetta b\u00e1sico mant\u00e9m itens como sete bolsas infl\u00e1veis (frontais, laterais dianteiras, de joelhos do motorista e de cortina),\u00a0controle eletr\u00f4nico de estabilidade, far\u00f3is e lanternas de leds e ar-condicionado autom\u00e1tico de duas zonas.<\/p>\n<p>&nbsp;<\/p>\n<div class='code-block code-block-7' style='margin: 28px auto; text-align: center; display: block; clear: both;'>\n<script async src=\"https:\/\/pagead2.googlesyndication.com\/pagead\/js\/adsbygoogle.js\"><\/script>\n<!-- AL-quadrado -->\n<ins class=\"adsbygoogle\"\n     style=\"display:block\"\n     data-ad-client=\"ca-pub-1914799802606213\"\n     data-ad-slot=\"5683066082\"\n     data-ad-format=\"auto\"\n     data-full-width-responsive=\"true\"><\/ins>\n<script>\n     (adsbygoogle = window.adsbygoogle || []).push({});\n<\/script><\/div>\n\n<p>&nbsp;<\/p>\n<p>Vem ainda com freio de estacionamento eletromec\u00e2nico, volante com comandos, limpador de para-brisa autom\u00e1tico e central de \u00e1udio\u00a0Composition Media com tela de 8 polegadas, comando de voz e espelhamento com telefones por Android Auto, Apple Car Play e Mirrorlink. Entre as diferen\u00e7as para o Comfortline est\u00e3o as rodas de 16 pol com\u00a0pneus 205\/60, em vez de 17 pol com 205\/55; bancos revestidos em tecido, no lugar da simula\u00e7\u00e3o de couro; e a elimina\u00e7\u00e3o de chave presencial, far\u00f3is de neblina, retrovisor interno\u00a0<a href=\"https:\/\/autolivraria.com.br\/bc\/glossario-r\/#retr\" target=\"_blank\" rel=\"noopener\">fotocr\u00f4mico<\/a>, seletor de modos de condu\u00e7\u00e3o e volante de couro. O motor permanece com 150 cv e 25,5 m.kgf de torque, com gasolina ou \u00e1lcool, e associado a uma\u00a0transmiss\u00e3o autom\u00e1tica de seis marchas. O Jetta 250 TSI mant\u00e9m\u00a0tr\u00eas anos de garantia e as tr\u00eas primeiras revis\u00f5es gratuitas.<\/p>\n<ul>\n<li><strong><a href=\"https:\/\/autolivraria.com.br\/bc\/informe-se\/avaliacao\/teste-novo-volkswagen-jetta-comfortline-rline-250tsi-2019\/\" target=\"_blank\" rel=\"noopener\">Avalia\u00e7\u00e3o: novo Jetta<\/a><\/strong><\/li>\n<\/ul>\n<p>&nbsp;<\/p>\n<p><a href=\"https:\/\/autolivraria.com.br\/bc\/wp-content\/uploads\/2018\/12\/VW-Jetta-250-TSI-02.jpg\"><img decoding=\"async\" width=\"696\" height=\"464\" class=\"aligncenter size-large wp-image-100193 lazyload\" data-src=\"https:\/\/autolivraria.com.br\/bc\/wp-content\/uploads\/2018\/12\/VW-Jetta-250-TSI-02-696x464.jpg\" data-srcset=\"https:\/\/autolivraria.com.br\/bc\/wp-content\/uploads\/2018\/12\/VW-Jetta-250-TSI-02-696x464.jpg 696w, https:\/\/autolivraria.com.br\/bc\/wp-content\/uploads\/2018\/12\/VW-Jetta-250-TSI-02-340x227.jpg 340w, https:\/\/autolivraria.com.br\/bc\/wp-content\/uploads\/2018\/12\/VW-Jetta-250-TSI-02-630x420.jpg 630w, https:\/\/autolivraria.com.br\/bc\/wp-content\/uploads\/2018\/12\/VW-Jetta-250-TSI-02-222x148.jpg 222w, https:\/\/autolivraria.com.br\/bc\/wp-content\/uploads\/2018\/12\/VW-Jetta-250-TSI-02.jpg 1280w\" data-sizes=\"(max-width: 696px) 100vw, 696px\" src=\"data:image\/svg+xml;base64,PHN2ZyB3aWR0aD0iMSIgaGVpZ2h0PSIxIiB4bWxucz0iaHR0cDovL3d3dy53My5vcmcvMjAwMC9zdmciPjwvc3ZnPg==\" style=\"--smush-placeholder-width: 696px; --smush-placeholder-aspect-ratio: 696\/464;\" \/><\/a><\/p>\n<p><a href=\"https:\/\/autolivraria.com.br\/bc\/wp-content\/uploads\/2018\/12\/VW-Jetta-250-TSI-03.jpg\"><img decoding=\"async\" width=\"696\" height=\"464\" class=\"aligncenter size-large wp-image-100194 lazyload\" data-src=\"https:\/\/autolivraria.com.br\/bc\/wp-content\/uploads\/2018\/12\/VW-Jetta-250-TSI-03-696x464.jpg\" data-srcset=\"https:\/\/autolivraria.com.br\/bc\/wp-content\/uploads\/2018\/12\/VW-Jetta-250-TSI-03-696x464.jpg 696w, https:\/\/autolivraria.com.br\/bc\/wp-content\/uploads\/2018\/12\/VW-Jetta-250-TSI-03-340x227.jpg 340w, https:\/\/autolivraria.com.br\/bc\/wp-content\/uploads\/2018\/12\/VW-Jetta-250-TSI-03-630x420.jpg 630w, https:\/\/autolivraria.com.br\/bc\/wp-content\/uploads\/2018\/12\/VW-Jetta-250-TSI-03-222x148.jpg 222w, https:\/\/autolivraria.com.br\/bc\/wp-content\/uploads\/2018\/12\/VW-Jetta-250-TSI-03.jpg 1280w\" data-sizes=\"(max-width: 696px) 100vw, 696px\" src=\"data:image\/svg+xml;base64,PHN2ZyB3aWR0aD0iMSIgaGVpZ2h0PSIxIiB4bWxucz0iaHR0cDovL3d3dy53My5vcmcvMjAwMC9zdmciPjwvc3ZnPg==\" style=\"--smush-placeholder-width: 696px; --smush-placeholder-aspect-ratio: 696\/464;\" \/><\/a><\/p>\n<p><em>Texto da equipe &#8211; Fotos: divulga\u00e7\u00e3o<\/em><\/p>\n<p>&nbsp;<\/p>\n","protected":false},"excerpt":{"rendered":"<p>&nbsp; A Volkswagen acrescenta uma vers\u00e3o de entrada ao novo Jetta, chamada apenas de 250 TSI\u00a0\u2014 a identifica\u00e7\u00e3o do motor turbo de 1,4 litro, o mesmo das op\u00e7\u00f5es Comfortline e R-Line oferecidas at\u00e9 agora. Com pre\u00e7o sugerido de R$ 100 mil, o Jetta b\u00e1sico mant\u00e9m itens como sete bolsas infl\u00e1veis (frontais, laterais dianteiras, de joelhos<\/p>\n","protected":false},"author":6,"featured_media":100195,"comment_status":"open","ping_status":"closed","sticky":false,"template":"","format":"standard","meta":{"_joinchat":[],"footnotes":""},"categories":[8],"tags":[],"class_list":["post-100192","post","type-post","status-publish","format-standard","has-post-thumbnail","hentry","category-noticias"],"amp_enabled":true,"_links":{"self":[{"href":"https:\/\/autolivraria.com.br\/bc\/wp-json\/wp\/v2\/posts\/100192","targetHints":{"allow":["GET"]}}],"collection":[{"href":"https:\/\/autolivraria.com.br\/bc\/wp-json\/wp\/v2\/posts"}],"about":[{"href":"https:\/\/autolivraria.com.br\/bc\/wp-json\/wp\/v2\/types\/post"}],"author":[{"embeddable":true,"href":"https:\/\/autolivraria.com.br\/bc\/wp-json\/wp\/v2\/users\/6"}],"replies":[{"embeddable":true,"href":"https:\/\/autolivraria.com.br\/bc\/wp-json\/wp\/v2\/comments?post=100192"}],"version-history":[{"count":0,"href":"https:\/\/autolivraria.com.br\/bc\/wp-json\/wp\/v2\/posts\/100192\/revisions"}],"wp:featuredmedia":[{"embeddable":true,"href":"https:\/\/autolivraria.com.br\/bc\/wp-json\/wp\/v2\/media\/100195"}],"wp:attachment":[{"href":"https:\/\/autolivraria.com.br\/bc\/wp-json\/wp\/v2\/media?parent=100192"}],"wp:term":[{"taxonomy":"category","embeddable":true,"href":"https:\/\/autolivraria.com.br\/bc\/wp-json\/wp\/v2\/categories?post=100192"},{"taxonomy":"post_tag","embeddable":true,"href":"https:\/\/autolivraria.com.br\/bc\/wp-json\/wp\/v2\/tags?post=100192"}],"curies":[{"name":"wp","href":"https:\/\/api.w.org\/{rel}","templated":true}]}}