{"id":100467,"date":"2018-12-19T07:02:57","date_gmt":"2018-12-19T10:02:57","guid":{"rendered":"http:\/\/bestcars.uol.com.br\/bc\/?p=100467"},"modified":"2019-01-15T16:16:59","modified_gmt":"2019-01-15T19:16:59","slug":"estrada-sim-e-que-e-lugar-de-carro","status":"publish","type":"post","link":"https:\/\/autolivraria.com.br\/bc\/informe-se\/colunas\/eu-um-carro-e-a-cidade\/estrada-sim-e-que-e-lugar-de-carro\/","title":{"rendered":"Estrada, sim, \u00e9 que \u00e9 lugar de carro"},"content":{"rendered":"<p><img fetchpriority=\"high\" decoding=\"async\" class=\"aligncenter size-full wp-image-93693\" src=\"https:\/\/autolivraria.com.br\/bc\/wp-content\/uploads\/2018\/03\/Eu-um-Carro-e-a-Cidade.jpg\" alt=\"\" width=\"696\" height=\"100\" srcset=\"https:\/\/autolivraria.com.br\/bc\/wp-content\/uploads\/2018\/03\/Eu-um-Carro-e-a-Cidade.jpg 696w, https:\/\/autolivraria.com.br\/bc\/wp-content\/uploads\/2018\/03\/Eu-um-Carro-e-a-Cidade-340x49.jpg 340w, https:\/\/autolivraria.com.br\/bc\/wp-content\/uploads\/2018\/03\/Eu-um-Carro-e-a-Cidade-222x32.jpg 222w\" sizes=\"(max-width: 696px) 100vw, 696px\" \/><\/p>\n<h2>Nossos autom\u00f3veis nasceram para viver livres, estradas afora, n\u00e3o presos nos congestionamentos da cidade<\/h2>\n<p>&nbsp;<\/p>\n<p>Costumo ouvir que lugar de avi\u00e3o \u00e9 voando. Que todo minuto que um avi\u00e3o passa em solo \u00e9 preju\u00edzo. \u00c9 po\u00e9tico saber que alguma coisa foi pensada, concebida para viver em determinado ambiente, para sempre, e l\u00e1 se realiza quando est\u00e1 vivendo a miss\u00e3o para a qual foi designada. Como sentir que um avi\u00e3o se alegra quando parte nuvens acima, degustando prazerosamente a imagem de seu perfil contra o sol, de asas longas deslizando pelo ar como se o peso de uma pena tivesse.<\/p>\n<p>O mesmo regozijo eu sinto quando vejo nossos carros deslizando pelas estradas. Estrada, sim, \u00e9 lugar de carro. N\u00e3o cidade. Sinto pena dos autom\u00f3veis quando os vejo parados aos montes nas filas dos sem\u00e1foros, nas avenidas que n\u00e3o fluem, pagando seus pecados com suas marchas-lentas compassivas, pacientes, tendo que ativar freneticamente seu ventilador de arrefecimento para aplacar o calor excessivo, gerado por um cora\u00e7\u00e3o que parece bater para pulsar em art\u00e9rias entupidas. Sinto d\u00f3, pois n\u00e3o h\u00e1 nada mais in\u00fatil que um motor ligado parado, gastando energia sem produzir trabalho algum.<\/p>\n<p>&nbsp;<\/p>\n<blockquote><p>O auge do \u00eaxtase de um carro feliz que desliza em uma estrada \u00e9 a hora de ultrapassar:\u00a0\u00e9 a hora de brincar, de jogar, de provar a si e aos outros as pr\u00f3prias capacidades<\/p><\/blockquote>\n<p>&nbsp;<\/p>\n<figure id=\"attachment_100468\" aria-describedby=\"caption-attachment-100468\" style=\"width: 340px\" class=\"wp-caption alignleft\"><a href=\"https:\/\/autolivraria.com.br\/bc\/wp-content\/uploads\/2018\/12\/Estrada.jpg\"><img decoding=\"async\" class=\"size-medium wp-image-100468 lazyload\" data-src=\"https:\/\/autolivraria.com.br\/bc\/wp-content\/uploads\/2018\/12\/Estrada-340x226.jpg\" alt=\"\" width=\"340\" height=\"226\" data-srcset=\"https:\/\/autolivraria.com.br\/bc\/wp-content\/uploads\/2018\/12\/Estrada-340x226.jpg 340w, https:\/\/autolivraria.com.br\/bc\/wp-content\/uploads\/2018\/12\/Estrada-631x420.jpg 631w, https:\/\/autolivraria.com.br\/bc\/wp-content\/uploads\/2018\/12\/Estrada-222x148.jpg 222w, https:\/\/autolivraria.com.br\/bc\/wp-content\/uploads\/2018\/12\/Estrada.jpg 640w\" data-sizes=\"(max-width: 340px) 100vw, 340px\" src=\"data:image\/svg+xml;base64,PHN2ZyB3aWR0aD0iMSIgaGVpZ2h0PSIxIiB4bWxucz0iaHR0cDovL3d3dy53My5vcmcvMjAwMC9zdmciPjwvc3ZnPg==\" style=\"--smush-placeholder-width: 340px; --smush-placeholder-aspect-ratio: 340\/226;\" \/><\/a><figcaption id=\"caption-attachment-100468\" class=\"wp-caption-text\">Ter o vento no rosto e for\u00e7a no p\u00e9 direito para avan\u00e7ar estrada afora a 100, 120 km\/h vendo passar as campinas<\/figcaption><\/figure>\n<p>Quando ando pelas amplas estradas com meu autom\u00f3vel, sinto-o totalmente diferente. \u00c9 n\u00edtido que ele fica mais alegre, que o motor gira macio, do jeito que gosta, em rota\u00e7\u00e3o fixa e alta, como um moleque que p\u00f5e a cabe\u00e7a para fora da janela com o carro em marcha e fica gritando <em>aaaaaaaaaah!<\/em> para os transeuntes, expressando todo seu desejo de liberdade. N\u00e3o naquele sobe-desce do tr\u00e1fego urbano, n\u00e3o! O vento desliza macio sobre o perfil do cap\u00f4 e do para-brisa e o menino fica alegre em provar para si que \u00e9 capaz de vencer a resist\u00eancia do ar, como que provasse a si que \u00e9 capaz. Sim, ali \u00e9 seu lugar!<\/p>\n<p>Pela minha cabe\u00e7a passam as cenas de todos os profissionais que pensaram naquilo, os engenheiros, os projetistas. Sobre uma prancheta, pensando num desenho que fosse emocional, mas ao mesmo tempo entregasse todas as exig\u00eancias de algo que usa por si as mais diversas leis naturais da f\u00edsica, a mec\u00e2nica \u00e0 aerodin\u00e2mica. Eles que desejaram ter o vento no rosto, eles que quiseram ter for\u00e7a no p\u00e9 direito para avan\u00e7ar estrada afora a 100, 120 km\/h vendo passar as campinas, enquanto as m\u00e3os repousam num volante, com a tranquilidade de ter nas m\u00e3os um companheiro com quem contar, escutando um r\u00e1dio, tendo ao lado a companhia de quem se gosta.<\/p>\n<p>Carros irritam-se na cidade. S\u00e3o obrigados a circular em temperatura anormal de funcionamento logo que acordam \u2014 alguns, pobrezinhos, enfrentam \u00edngremes rampas de garagem logo nos primeiros segundos, o lubrificante ainda espesso. Ficam todo o tempo com o motor sendo provocado pelo p\u00e9 direito, gastando embreagem como um corredor que fica gastando a sola do sapato de um lado s\u00f3 por pisar torto. T\u00eam que respirar um ar ruim, engasgam, ficam entupidos.<\/p>\n<p>&nbsp;<\/p>\n<div class='code-block code-block-7' style='margin: 28px auto; text-align: center; display: block; clear: both;'>\n<script async src=\"https:\/\/pagead2.googlesyndication.com\/pagead\/js\/adsbygoogle.js\"><\/script>\n<!-- AL-quadrado -->\n<ins class=\"adsbygoogle\"\n     style=\"display:block\"\n     data-ad-client=\"ca-pub-1914799802606213\"\n     data-ad-slot=\"5683066082\"\n     data-ad-format=\"auto\"\n     data-full-width-responsive=\"true\"><\/ins>\n<script>\n     (adsbygoogle = window.adsbygoogle || []).push({});\n<\/script><\/div>\n\n<p>&nbsp;<\/p>\n<p>A cidade os adoece, como a n\u00f3s. A estrada, n\u00e3o. Veja que os carros que rodam apenas em estrada s\u00e3o mais saud\u00e1veis, suas pe\u00e7as duram mais, exigem menos manuten\u00e7\u00e3o. Carros s\u00e3o mais felizes vivendo em estradas, porque foram feitos para elas. E mais: carros projetados para estradas s\u00e3o mais bonitos, como os grandes sed\u00e3s com seus perfis baixos e linhas mais esguias. Carros urbanos s\u00e3o como pequenos pintainhos que nascem para viver confinados, disputando espa\u00e7o com outros milhares.<\/p>\n<p>O auge do \u00eaxtase de um carro feliz que desliza em uma estrada, realizando sua miss\u00e3o de correr livre por a\u00ed, \u00e9 quando chega a hora de ultrapassar um carro ou caminh\u00e3o mais lento. \u00c9 a hora de brincar, de jogar, de provar a si e aos outros as pr\u00f3prias capacidades. Quando o motorista pisa na embreagem, reduz uma ou duas marchas e aperta com for\u00e7a o acelerador em uma retomada.<\/p>\n<p>Da\u00ed o motor-cora\u00e7\u00e3o despeja todo seu vigor sobre as rodas e avan\u00e7a, fazendo os ocupantes grudarem as costas contra os bancos por um breve momento, lembrando-se que todos os corpos materiais t\u00eam in\u00e9rcia. A rota\u00e7\u00e3o sobe at\u00e9 o limite do f\u00f4lego, at\u00e9 que a manobra \u00e9 finda e o condutor pode aliviar o p\u00e9, passando uma marcha mais longa. Todos respiram aliviados, enquanto o carro sente-se feliz, capaz, orgulhoso. Avan\u00e7ar\u00e1 impetuoso, certo de si, at\u00e9 a pr\u00f3xima carreta quando recome\u00e7ar\u00e1 a divertida brincadeira.<\/p>\n<p>O motorista que ama seu carro deve lev\u00e1-lo \u00e0 estrada sempre, o quanto poss\u00edvel. L\u00e1 ele se sentir\u00e1 como o avi\u00e3o quando guarda o trem de pouso e pode partir feliz pelo imenso c\u00e9u, cumprindo a miss\u00e3o para a qual o criaram, at\u00e9 que a idade ou os quil\u00f4metros acumulados n hod\u00f4metro, por fim, determinem que sua hora chegou. Ao menos \u2014 e ao contr\u00e1rio de seus donos \u2014, na derradeira hora e se tiverem alguma sorte, eles poder\u00e3o ser restaurados e assim reviver, provando que s\u00e3o seres superiores e muito mais livres que n\u00f3s.<\/p>\n<a href='https:\/\/autolivraria.com.br\/bc\/informe-se\/colunas\/destaques-colunas\/no-mercado-o-chevrolet-onix-e-o-vw-gol-de-outrora\/' class='small-button smallsilver'>Coluna anterior<\/a>\n<p><em>A coluna expressa as opini\u00f5es do colunista e n\u00e3o as do Best Cars<\/em><\/p>\n<p>&nbsp;<\/p>\n","protected":false},"excerpt":{"rendered":"<p>Nossos autom\u00f3veis nasceram para viver livres, estradas afora, n\u00e3o presos nos congestionamentos da cidade<\/p>\n","protected":false},"author":6,"featured_media":93694,"comment_status":"open","ping_status":"closed","sticky":false,"template":"","format":"standard","meta":{"_joinchat":[],"footnotes":""},"categories":[4506],"tags":[153,4507],"class_list":["post-100467","post","type-post","status-publish","format-standard","has-post-thumbnail","hentry","category-eu-um-carro-e-a-cidade","tag-colunas-2","tag-eu-um-carro-e-a-cidade"],"amp_enabled":true,"_links":{"self":[{"href":"https:\/\/autolivraria.com.br\/bc\/wp-json\/wp\/v2\/posts\/100467","targetHints":{"allow":["GET"]}}],"collection":[{"href":"https:\/\/autolivraria.com.br\/bc\/wp-json\/wp\/v2\/posts"}],"about":[{"href":"https:\/\/autolivraria.com.br\/bc\/wp-json\/wp\/v2\/types\/post"}],"author":[{"embeddable":true,"href":"https:\/\/autolivraria.com.br\/bc\/wp-json\/wp\/v2\/users\/6"}],"replies":[{"embeddable":true,"href":"https:\/\/autolivraria.com.br\/bc\/wp-json\/wp\/v2\/comments?post=100467"}],"version-history":[{"count":0,"href":"https:\/\/autolivraria.com.br\/bc\/wp-json\/wp\/v2\/posts\/100467\/revisions"}],"wp:featuredmedia":[{"embeddable":true,"href":"https:\/\/autolivraria.com.br\/bc\/wp-json\/wp\/v2\/media\/93694"}],"wp:attachment":[{"href":"https:\/\/autolivraria.com.br\/bc\/wp-json\/wp\/v2\/media?parent=100467"}],"wp:term":[{"taxonomy":"category","embeddable":true,"href":"https:\/\/autolivraria.com.br\/bc\/wp-json\/wp\/v2\/categories?post=100467"},{"taxonomy":"post_tag","embeddable":true,"href":"https:\/\/autolivraria.com.br\/bc\/wp-json\/wp\/v2\/tags?post=100467"}],"curies":[{"name":"wp","href":"https:\/\/api.w.org\/{rel}","templated":true}]}}