{"id":100478,"date":"2018-12-21T15:21:44","date_gmt":"2018-12-21T18:21:44","guid":{"rendered":"http:\/\/bestcars.uol.com.br\/bc\/?p=100478"},"modified":"2019-02-01T15:42:36","modified_gmt":"2019-02-01T18:42:36","slug":"o-mercado-e-o-carro-no-brasil-e-no-mundo-em-2018","status":"publish","type":"post","link":"https:\/\/autolivraria.com.br\/bc\/informe-se\/colunas\/editorial\/o-mercado-e-o-carro-no-brasil-e-no-mundo-em-2018\/","title":{"rendered":"O mercado e o carro, no Brasil e no mundo, em 2018"},"content":{"rendered":"<p><img fetchpriority=\"high\" decoding=\"async\" class=\"aligncenter size-full wp-image-73751\" src=\"https:\/\/autolivraria.com.br\/bc\/wp-content\/uploads\/2016\/06\/Editorial-696.jpg\" alt=\"\" width=\"696\" height=\"107\" srcset=\"https:\/\/autolivraria.com.br\/bc\/wp-content\/uploads\/2016\/06\/Editorial-696.jpg 696w, https:\/\/autolivraria.com.br\/bc\/wp-content\/uploads\/2016\/06\/Editorial-696-340x52.jpg 340w, https:\/\/autolivraria.com.br\/bc\/wp-content\/uploads\/2016\/06\/Editorial-696-222x34.jpg 222w\" sizes=\"(max-width: 696px) 100vw, 696px\" \/><\/p>\n<h2>Mais SUVs e el\u00e9tricos, menos sed\u00e3s e caixas manuais, e outras tend\u00eancias e curiosidades do ano que se encerra<\/h2>\n<p>&nbsp;<\/p>\n<p>Mais um ano vai chegando ao fim. Antes que 2018 se v\u00e1, selecionei 20 fatos e curiosidades para relembrar o que marcou o ano. E para voc\u00ea, o que houve de importante e que n\u00e3o est\u00e1 nas linhas a seguir? Conte-nos pelo espa\u00e7o de coment\u00e1rios.<\/p>\n<p>Ent\u00e3o, 2018 foi o ano em que&#8230;<\/p>\n<p>1) &#8230;recebemos lan\u00e7amentos nacionais como BMW X3, Caoa Chery Tiggo 2, Citro\u00ebn C4 Cactus, Toyota Yaris e Volkswagen Virtus, al\u00e9m de argentinos como o Fiat Cronos, mexicanos como Jetta e Tiguan da VW e os importados de outras origens.<\/p>\n<p>2) &#8230;o BMW X3 M40i, com 360 cv no motor turbo de 3,0 litros, tornou-se o carro nacional mais potente de todos os tempos.<\/p>\n<p>&nbsp;<\/p>\n<blockquote><p>O Ford Mustang, depois de tantos anos de espera, come\u00e7ou a ser importado para o Brasil, mas a marca\u00a0n\u00e3o lan\u00e7ar\u00e1 mais sed\u00e3s nos Estados Unidos<\/p><\/blockquote>\n<p>&nbsp;<\/p>\n<figure id=\"attachment_100479\" aria-describedby=\"caption-attachment-100479\" style=\"width: 340px\" class=\"wp-caption alignright\"><a href=\"https:\/\/autolivraria.com.br\/bc\/wp-content\/uploads\/2018\/12\/Leaf.jpg\"><img decoding=\"async\" class=\"size-medium wp-image-100479 lazyload\" data-src=\"https:\/\/autolivraria.com.br\/bc\/wp-content\/uploads\/2018\/12\/Leaf-340x226.jpg\" alt=\"\" width=\"340\" height=\"226\" data-srcset=\"https:\/\/autolivraria.com.br\/bc\/wp-content\/uploads\/2018\/12\/Leaf-340x226.jpg 340w, https:\/\/autolivraria.com.br\/bc\/wp-content\/uploads\/2018\/12\/Leaf-631x420.jpg 631w, https:\/\/autolivraria.com.br\/bc\/wp-content\/uploads\/2018\/12\/Leaf-222x148.jpg 222w, https:\/\/autolivraria.com.br\/bc\/wp-content\/uploads\/2018\/12\/Leaf.jpg 640w\" data-sizes=\"(max-width: 340px) 100vw, 340px\" src=\"data:image\/svg+xml;base64,PHN2ZyB3aWR0aD0iMSIgaGVpZ2h0PSIxIiB4bWxucz0iaHR0cDovL3d3dy53My5vcmcvMjAwMC9zdmciPjwvc3ZnPg==\" style=\"--smush-placeholder-width: 340px; --smush-placeholder-aspect-ratio: 340\/226;\" \/><\/a><figcaption id=\"caption-attachment-100479\" class=\"wp-caption-text\">El\u00e9tricos como o Nissan Leaf enfim ser\u00e3o vendidos aqui, a pre\u00e7os ainda muito altos<\/figcaption><\/figure>\n<p>3) &#8230;chegaram ao mercado novos modelos h\u00edbridos, em geral de luxo, como Lexus NX, Mercedes-Benz Classe S e Volvos XC60 e S90. O alto custo dos sistemas ainda n\u00e3o viabilizou sua ado\u00e7\u00e3o por autom\u00f3veis mais acess\u00edveis.<\/p>\n<p>4) &#8230;os carros el\u00e9tricos ganharam destaque no Sal\u00e3o de S\u00e3o Paulo, n\u00e3o mais como conceitos, mas com lan\u00e7amento anunciado ou pr\u00e9-venda: Chevrolet Bolt, Nissan Leaf e Renault Zoe. Pena que os pre\u00e7os, na faixa entre R$ 150 e R$ 185 mil, ainda os tornem itens de luxo.<\/p>\n<p>5) &#8230;carros memor\u00e1veis e fabricantes fizeram anivers\u00e1rio: 20 anos da Mitsubishi e da Renault no Brasil, 50 do Chevrolet Opala e do Ford Corcel, 60 da Toyota no Pa\u00eds, 70 da Honda (de in\u00edcio com motos) e da Land Rover \u2014 para ficarmos restritos a dec\u00eanios.<\/p>\n<p>6) &#8230;o Ford Mustang, depois de tantos anos de espera, come\u00e7ou a ser importado oficialmente.<\/p>\n<p>7) &#8230;a Rolls-Royce foi mais uma marca de alto luxo a aderir aos utilit\u00e1rios esporte com o Cullinan.<\/p>\n<p>8) &#8230;a greve dos caminhoneiros paralisou o Pa\u00eds, causou enormes transtornos e preju\u00edzos e resultou em poucos benef\u00edcios \u00e0 categoria.<\/p>\n<p>9) &#8230;a Ford anunciou que n\u00e3o lan\u00e7ar\u00e1 mais sed\u00e3s nos Estados Unidos depois que o ciclo de produ\u00e7\u00e3o dos modelos atuais terminar.<\/p>\n<p>10) &#8230;o Fusca saiu de linha outra vez, com direito a edi\u00e7\u00e3o de despedida nos EUA.<\/p>\n<p>&nbsp;<\/p>\n<div class='code-block code-block-7' style='margin: 28px auto; text-align: center; display: block; clear: both;'>\n<script async src=\"https:\/\/pagead2.googlesyndication.com\/pagead\/js\/adsbygoogle.js\"><\/script>\n<!-- AL-quadrado -->\n<ins class=\"adsbygoogle\"\n     style=\"display:block\"\n     data-ad-client=\"ca-pub-1914799802606213\"\n     data-ad-slot=\"5683066082\"\n     data-ad-format=\"auto\"\n     data-full-width-responsive=\"true\"><\/ins>\n<script>\n     (adsbygoogle = window.adsbygoogle || []).push({});\n<\/script><\/div>\n\n<p>&nbsp;<\/p>\n<p>11) &#8230;tamb\u00e9m se despediu o Koenigsegg Agera, registrado como carro mais veloz do mundo.<\/p>\n<p>12) &#8230;a transmiss\u00e3o manual deixou de equipar mais dois modelos nacionais \u2014 Honda HR-V e VW Golf \u2014por ocasi\u00e3o das altera\u00e7\u00f5es das linhas 2019, confirmando a migra\u00e7\u00e3o do mercado brasileiro para caixas autom\u00e1ticas.<\/p>\n<p>13) &#8230;o mercado nacional recuperou-se. At\u00e9 novembro, autom\u00f3veis e utilit\u00e1rios leves somavam 2,24 milh\u00f5es de unidades emplacadas, mais 14% que no mesmo per\u00edodo de 2017.<\/p>\n<p>14) &#8230;a General Motors garantiu mais um ano de lideran\u00e7a de vendas, com 17,5% de participa\u00e7\u00e3o em carros e utilit\u00e1rios leves at\u00e9 novembro, ante 14,9% da Volkswagen e 13,3% da Fiat \u2014 que lidera com folga entre tais utilit\u00e1rios.<\/p>\n<p>&nbsp;<\/p>\n<blockquote><p>A General Motors manteve a lideran\u00e7a de vendas, \u00e0 frente da Volkswagen, e o Onix ruma ao quarto t\u00edtulo com quase o dobro das unidades do segundo colocado<\/p><\/blockquote>\n<p>&nbsp;<\/p>\n<figure id=\"attachment_100480\" aria-describedby=\"caption-attachment-100480\" style=\"width: 340px\" class=\"wp-caption alignleft\"><a href=\"https:\/\/autolivraria.com.br\/bc\/wp-content\/uploads\/2018\/12\/Golf.jpg\"><img decoding=\"async\" class=\"size-medium wp-image-100480 lazyload\" data-src=\"https:\/\/autolivraria.com.br\/bc\/wp-content\/uploads\/2018\/12\/Golf-340x226.jpg\" alt=\"\" width=\"340\" height=\"226\" data-srcset=\"https:\/\/autolivraria.com.br\/bc\/wp-content\/uploads\/2018\/12\/Golf-340x226.jpg 340w, https:\/\/autolivraria.com.br\/bc\/wp-content\/uploads\/2018\/12\/Golf-631x420.jpg 631w, https:\/\/autolivraria.com.br\/bc\/wp-content\/uploads\/2018\/12\/Golf-222x148.jpg 222w, https:\/\/autolivraria.com.br\/bc\/wp-content\/uploads\/2018\/12\/Golf.jpg 640w\" data-sizes=\"(max-width: 340px) 100vw, 340px\" src=\"data:image\/svg+xml;base64,PHN2ZyB3aWR0aD0iMSIgaGVpZ2h0PSIxIiB4bWxucz0iaHR0cDovL3d3dy53My5vcmcvMjAwMC9zdmciPjwvc3ZnPg==\" style=\"--smush-placeholder-width: 340px; --smush-placeholder-aspect-ratio: 340\/226;\" \/><\/a><figcaption id=\"caption-attachment-100480\" class=\"wp-caption-text\">Golf e HR-V deixaram de lado a caixa manual, efeito da prefer\u00eancia maci\u00e7a pela autom\u00e1tica<\/figcaption><\/figure>\n<p>15) &#8230;a GM teve outra vit\u00f3ria: o Onix acumulava 190,8 mil unidades emplacadas at\u00e9 novembro, quase o dobro das 96,5 mil do segundo colocado Hyundai HB20. Ser\u00e1 o carro mais vendido do Brasil pelo quarto ano consecutivo.<\/p>\n<p>16) &#8230;o Jeep Compass liderou novamente entre os utilit\u00e1rios esporte, com 55,5 mil exemplares at\u00e9 novembro, ante 44,2 mil do Honda HR-V. Como o Hyundai Creta andava &#8220;na cola&#8221; do HR-V no acumulado (44 mil) e foi o SUV mais vendido em novembro, \u00e9 prov\u00e1vel que garanta o segundo lugar.<\/p>\n<p>17) &#8230;o Onix e o Renault Sandero alcan\u00e7aram o marco de um milh\u00e3o de unidades produzidas no Brasil, tamb\u00e9m atingida pela f\u00e1brica da Hyundai de Piracicaba, SP, com a soma de HB20 e Creta. A Chevrolet comemorou ainda 15 milh\u00f5es de carros vendidos no Pa\u00eds desde 1925.<\/p>\n<p>18) &#8230;depois de utilit\u00e1rios esporte de tantos formatos, muitos deles inspirados em cup\u00eas, o &#8220;SUV sed\u00e3&#8221; foi concebido como conceito pela Mercedes-Maybach e colocado no mercado pela Borgward (marca alem\u00e3 renascida pelos chineses) com o BX6.<\/p>\n<p>19) &#8230;um Ferrari 250 GTO de 1962 bateu o recorde de valor para um carro vendido em leil\u00e3o, em agosto, ao ser vendido por US$ 48.405.000 em Monterey, na Calif\u00f3rnia, EUA.<\/p>\n<p>20) &#8230;perdemos Jos\u00e9 Roberto Nasser, jornalista e colunista (do <strong>Best Cars<\/strong> inclusive) que foi um dos maiores conhecedores da hist\u00f3ria do carro nacional e incentivador da mem\u00f3ria relativa a eles.<\/p>\n<p>Ao apagar das luzes nesta sexta-feira,\u00a0a equipe do <strong>Best Cars<\/strong> parte para uma quinzena de merecido descanso \u2014 permeado, \u00e9 verdade, por algum trabalho de bastidores. Desejamos ao leitor e \u00e0 leitora boas festas e um excelente 2019!<\/p>\n<a href='https:\/\/autolivraria.com.br\/bc\/informe-se\/colunas\/editorial\/motores-onde-batem-os-melhores-coracoes-em-2018\/' class='small-button smallsilver'>Editorial anterior<\/a>\n<p>&nbsp;<\/p>\n","protected":false},"excerpt":{"rendered":"<p>Mais SUVs e el\u00e9tricos, menos sed\u00e3s e caixas manuais, e outras tend\u00eancias e curiosidades do ano que se encerra<\/p>\n","protected":false},"author":6,"featured_media":69289,"comment_status":"open","ping_status":"closed","sticky":false,"template":"","format":"standard","meta":{"_joinchat":[],"footnotes":""},"categories":[3593],"tags":[153,31,591],"class_list":["post-100478","post","type-post","status-publish","format-standard","has-post-thumbnail","hentry","category-editorial","tag-colunas-2","tag-editorial","tag-mercado"],"amp_enabled":true,"_links":{"self":[{"href":"https:\/\/autolivraria.com.br\/bc\/wp-json\/wp\/v2\/posts\/100478","targetHints":{"allow":["GET"]}}],"collection":[{"href":"https:\/\/autolivraria.com.br\/bc\/wp-json\/wp\/v2\/posts"}],"about":[{"href":"https:\/\/autolivraria.com.br\/bc\/wp-json\/wp\/v2\/types\/post"}],"author":[{"embeddable":true,"href":"https:\/\/autolivraria.com.br\/bc\/wp-json\/wp\/v2\/users\/6"}],"replies":[{"embeddable":true,"href":"https:\/\/autolivraria.com.br\/bc\/wp-json\/wp\/v2\/comments?post=100478"}],"version-history":[{"count":0,"href":"https:\/\/autolivraria.com.br\/bc\/wp-json\/wp\/v2\/posts\/100478\/revisions"}],"wp:featuredmedia":[{"embeddable":true,"href":"https:\/\/autolivraria.com.br\/bc\/wp-json\/wp\/v2\/media\/69289"}],"wp:attachment":[{"href":"https:\/\/autolivraria.com.br\/bc\/wp-json\/wp\/v2\/media?parent=100478"}],"wp:term":[{"taxonomy":"category","embeddable":true,"href":"https:\/\/autolivraria.com.br\/bc\/wp-json\/wp\/v2\/categories?post=100478"},{"taxonomy":"post_tag","embeddable":true,"href":"https:\/\/autolivraria.com.br\/bc\/wp-json\/wp\/v2\/tags?post=100478"}],"curies":[{"name":"wp","href":"https:\/\/api.w.org\/{rel}","templated":true}]}}