{"id":100770,"date":"2019-01-16T10:08:01","date_gmt":"2019-01-16T13:08:01","guid":{"rendered":"http:\/\/bestcars.uol.com.br\/bc\/?p=100770"},"modified":"2019-01-22T10:13:50","modified_gmt":"2019-01-22T13:13:50","slug":"video-carros-com-estilos-parecidos-parte-3","status":"publish","type":"post","link":"https:\/\/autolivraria.com.br\/bc\/informe-se\/video-carros-com-estilos-parecidos-parte-3\/","title":{"rendered":"Cara de um, focinho&#8230; de outra marca: parte 3"},"content":{"rendered":"<p><a href=\"https:\/\/autolivraria.com.br\/bc\/wp-content\/uploads\/2019\/01\/Renegade-Duster.jpg\"><img fetchpriority=\"high\" decoding=\"async\" width=\"696\" height=\"464\" class=\"aligncenter size-large wp-image-100772\" src=\"https:\/\/autolivraria.com.br\/bc\/wp-content\/uploads\/2019\/01\/Renegade-Duster-696x464.jpg\" alt=\"\" srcset=\"https:\/\/autolivraria.com.br\/bc\/wp-content\/uploads\/2019\/01\/Renegade-Duster-696x464.jpg 696w, https:\/\/autolivraria.com.br\/bc\/wp-content\/uploads\/2019\/01\/Renegade-Duster-340x227.jpg 340w, https:\/\/autolivraria.com.br\/bc\/wp-content\/uploads\/2019\/01\/Renegade-Duster-630x420.jpg 630w, https:\/\/autolivraria.com.br\/bc\/wp-content\/uploads\/2019\/01\/Renegade-Duster-222x148.jpg 222w, https:\/\/autolivraria.com.br\/bc\/wp-content\/uploads\/2019\/01\/Renegade-Duster.jpg 1280w\" sizes=\"(max-width: 696px) 100vw, 696px\" \/><\/a><\/p>\n<h2>Jeep Renegade ou novo Renault Duster? Como eles, muitos carros se parecem no todo ou em detalhes de estilo<\/h2>\n<p><em>Texto: Fabr\u00edcio Samah\u00e1 &#8211; Fotos: divulga\u00e7\u00e3o<\/em><\/p>\n<p>&nbsp;<\/p>\n<p>Responda r\u00e1pido: na foto acima, o carro da direita \u00e9 um Renault Duster ou um Jeep Renegade? N\u00e3o \u00e9 s\u00f3 voc\u00ea que viu lanternas traseiras muito parecidas: n\u00f3s tamb\u00e9m achamos que os desenhistas da marca francesa estavam de olho no concorrente ao criar a <a href=\"https:\/\/autolivraria.com.br\/bc\/informe-se\/noticias\/daciarenault-mostra-novo-duster-com-estilo-todo-refeito\/\" target=\"_blank\" rel=\"noopener\">nova gera\u00e7\u00e3o do SUV<\/a>, que ainda n\u00e3o chegou ao Brasil. Mas existem muitos outros carros que se parecem, no conjunto ou em detalhes, com os de outras marcas. J\u00e1 vimos alguns em dois artigos (<a href=\"https:\/\/autolivraria.com.br\/bc\/informe-se\/video-cara-de-um-focinho-de-outra-marca-os-carros-parecidos\/\" target=\"_blank\" rel=\"noopener\">aqui<\/a> e <a href=\"https:\/\/autolivraria.com.br\/bc\/informe-se\/video-curiosidades-carros-parecidos-parte2\/\" target=\"_blank\" rel=\"noopener\">aqui<\/a>) e agora vamos ao terceiro da s\u00e9rie. Se voc\u00ea tem sugest\u00f5es, mande pelos coment\u00e1rios e podemos aproveit\u00e1-las. Se preferir, confira o v\u00eddeo com mais imagens.<\/p>\n<p>&nbsp;<\/p>\n<p><iframe title=\"Cara de um, focinho... de outra marca: os carros parecidos,  parte 3 | Curiosidades | Best Cars\" width=\"960\" height=\"540\" data-src=\"https:\/\/www.youtube.com\/embed\/d9yGWTccPKo?feature=oembed\" frameborder=\"0\" allow=\"accelerometer; autoplay; clipboard-write; encrypted-media; gyroscope; picture-in-picture; web-share\" referrerpolicy=\"strict-origin-when-cross-origin\" allowfullscreen src=\"data:image\/svg+xml;base64,PHN2ZyB3aWR0aD0iMSIgaGVpZ2h0PSIxIiB4bWxucz0iaHR0cDovL3d3dy53My5vcmcvMjAwMC9zdmciPjwvc3ZnPg==\" class=\"lazyload\" data-load-mode=\"1\"><\/iframe><\/p>\n<p>&nbsp;<\/p>\n<p><a href=\"https:\/\/autolivraria.com.br\/bc\/wp-content\/uploads\/2019\/01\/Adler-VW.jpg\"><img decoding=\"async\" width=\"696\" height=\"598\" class=\"aligncenter size-large wp-image-100773 lazyload\" data-src=\"https:\/\/autolivraria.com.br\/bc\/wp-content\/uploads\/2019\/01\/Adler-VW-696x598.jpg\" alt=\"\" data-srcset=\"https:\/\/autolivraria.com.br\/bc\/wp-content\/uploads\/2019\/01\/Adler-VW-696x598.jpg 696w, https:\/\/autolivraria.com.br\/bc\/wp-content\/uploads\/2019\/01\/Adler-VW-340x292.jpg 340w, https:\/\/autolivraria.com.br\/bc\/wp-content\/uploads\/2019\/01\/Adler-VW-489x420.jpg 489w, https:\/\/autolivraria.com.br\/bc\/wp-content\/uploads\/2019\/01\/Adler-VW-222x191.jpg 222w, https:\/\/autolivraria.com.br\/bc\/wp-content\/uploads\/2019\/01\/Adler-VW.jpg 1280w\" data-sizes=\"(max-width: 696px) 100vw, 696px\" src=\"data:image\/svg+xml;base64,PHN2ZyB3aWR0aD0iMSIgaGVpZ2h0PSIxIiB4bWxucz0iaHR0cDovL3d3dy53My5vcmcvMjAwMC9zdmciPjwvc3ZnPg==\" style=\"--smush-placeholder-width: 696px; --smush-placeholder-aspect-ratio: 696\/598;\" \/><\/a><\/p>\n<p>O desenho do <a href=\"https:\/\/www.autolivraria.com.br\/ph2\/265b.htm\" target=\"_blank\" rel=\"noopener\">Adler 2.5<\/a> alem\u00e3o (em cima), de 1937, lembra bastante o dos primeiros <a href=\"https:\/\/www.autolivraria.com.br\/cpassado3\/fusca-1.htm\" target=\"_blank\" rel=\"noopener\">Volkswagens<\/a>. Na \u00e9poca, prot\u00f3tipos do Fusca estavam em testes e tinham os far\u00f3is mais pr\u00f3ximos, como no Adler. S\u00f3 que este era maior, mais luxuoso e com motor dianteiro de seis cilindros.<\/p>\n<p>&nbsp;<\/p>\n<div class='code-block code-block-7' style='margin: 28px auto; text-align: center; display: block; clear: both;'>\n<br>\n<div align=\"center\">\n<a target=\"_blank\" href=\"https:\/\/bestcars.com.br\/bc\/\">\n<img decoding=\"async\" data-src=\"https:\/\/bestcars.com.br\/bc\/wp-content\/uploads\/2021\/07\/Auto-Livraria-450x300-quadros.jpg\" alt=\"Auto Livraria\" src=\"data:image\/svg+xml;base64,PHN2ZyB3aWR0aD0iMSIgaGVpZ2h0PSIxIiB4bWxucz0iaHR0cDovL3d3dy53My5vcmcvMjAwMC9zdmciPjwvc3ZnPg==\" class=\"lazyload\"><\/a>\n<\/div>\n<br><\/div>\n\n<p>&nbsp;<\/p>\n<p><a href=\"https:\/\/autolivraria.com.br\/bc\/wp-content\/uploads\/2019\/01\/Corvair-Hino.jpg\"><img decoding=\"async\" width=\"696\" height=\"598\" class=\"aligncenter size-large wp-image-100774 lazyload\" data-src=\"https:\/\/autolivraria.com.br\/bc\/wp-content\/uploads\/2019\/01\/Corvair-Hino-696x598.jpg\" data-srcset=\"https:\/\/autolivraria.com.br\/bc\/wp-content\/uploads\/2019\/01\/Corvair-Hino-696x598.jpg 696w, https:\/\/autolivraria.com.br\/bc\/wp-content\/uploads\/2019\/01\/Corvair-Hino-340x292.jpg 340w, https:\/\/autolivraria.com.br\/bc\/wp-content\/uploads\/2019\/01\/Corvair-Hino-489x420.jpg 489w, https:\/\/autolivraria.com.br\/bc\/wp-content\/uploads\/2019\/01\/Corvair-Hino-222x191.jpg 222w, https:\/\/autolivraria.com.br\/bc\/wp-content\/uploads\/2019\/01\/Corvair-Hino.jpg 1280w\" data-sizes=\"(max-width: 696px) 100vw, 696px\" src=\"data:image\/svg+xml;base64,PHN2ZyB3aWR0aD0iMSIgaGVpZ2h0PSIxIiB4bWxucz0iaHR0cDovL3d3dy53My5vcmcvMjAwMC9zdmciPjwvc3ZnPg==\" style=\"--smush-placeholder-width: 696px; --smush-placeholder-aspect-ratio: 696\/598;\" \/><\/a><\/p>\n<p>O <a href=\"https:\/\/www.autolivraria.com.br\/cpassado3\/corvair-1.htm\" target=\"_blank\" rel=\"noopener\">Chevrolet Corvair<\/a> (em cima) norte-americano, com motor traseiro, foi lan\u00e7ado em 1960. Quatro anos depois a japonesa Hino fez seu cup\u00ea <a href=\"https:\/\/www.autolivraria.com.br\/ph2\/241c.htm\" target=\"_blank\" rel=\"noopener\">Contessa<\/a>, inspirada no carro da GM.<\/p>\n<p>&nbsp;<\/p>\n<p><a href=\"https:\/\/autolivraria.com.br\/bc\/wp-content\/uploads\/2019\/01\/Toyota-2000-GT-e-Jaguar-E-Type.jpg\"><img decoding=\"async\" width=\"696\" height=\"598\" class=\"aligncenter size-large wp-image-100776 lazyload\" data-src=\"https:\/\/autolivraria.com.br\/bc\/wp-content\/uploads\/2019\/01\/Toyota-2000-GT-e-Jaguar-E-Type-696x598.jpg\" alt=\"\" data-srcset=\"https:\/\/autolivraria.com.br\/bc\/wp-content\/uploads\/2019\/01\/Toyota-2000-GT-e-Jaguar-E-Type-696x598.jpg 696w, https:\/\/autolivraria.com.br\/bc\/wp-content\/uploads\/2019\/01\/Toyota-2000-GT-e-Jaguar-E-Type-340x292.jpg 340w, https:\/\/autolivraria.com.br\/bc\/wp-content\/uploads\/2019\/01\/Toyota-2000-GT-e-Jaguar-E-Type-489x420.jpg 489w, https:\/\/autolivraria.com.br\/bc\/wp-content\/uploads\/2019\/01\/Toyota-2000-GT-e-Jaguar-E-Type-222x191.jpg 222w, https:\/\/autolivraria.com.br\/bc\/wp-content\/uploads\/2019\/01\/Toyota-2000-GT-e-Jaguar-E-Type.jpg 1280w\" data-sizes=\"(max-width: 696px) 100vw, 696px\" src=\"data:image\/svg+xml;base64,PHN2ZyB3aWR0aD0iMSIgaGVpZ2h0PSIxIiB4bWxucz0iaHR0cDovL3d3dy53My5vcmcvMjAwMC9zdmciPjwvc3ZnPg==\" style=\"--smush-placeholder-width: 696px; --smush-placeholder-aspect-ratio: 696\/598;\" \/><\/a><\/p>\n<p>Na \u00e9poca, foi comum as f\u00e1bricas japonesas imitarem desenhos ocidentais. O primeiro supercarro do pa\u00eds, o <a href=\"https:\/\/www.autolivraria.com.br\/ph\/122b.htm\" target=\"_blank\" rel=\"noopener\">Toyota 2000 GT<\/a> (em cima) de 1965, n\u00e3o nega a semelhan\u00e7a de linhas com o ingl\u00eas <a href=\"https:\/\/autolivraria.com.br\/bc\/tag\/e-type\/\" target=\"_blank\" rel=\"noopener\">Jaguar E-Type<\/a> de quatro anos antes.<\/p>\n<p>&nbsp;<\/p>\n<div class='code-block code-block-6' style='margin: 28px auto; text-align: center; display: block; clear: both;'>\n<script async src=\"https:\/\/pagead2.googlesyndication.com\/pagead\/js\/adsbygoogle.js\"><\/script>\n<!-- AL-quadrado -->\n<ins class=\"adsbygoogle\"\n     style=\"display:block\"\n     data-ad-client=\"ca-pub-1914799802606213\"\n     data-ad-slot=\"5683066082\"\n     data-ad-format=\"auto\"\n     data-full-width-responsive=\"true\"><\/ins>\n<script>\n     (adsbygoogle = window.adsbygoogle || []).push({});\n<\/script><\/div>\n\n<p>&nbsp;<\/p>\n<p><a href=\"https:\/\/autolivraria.com.br\/bc\/wp-content\/uploads\/2019\/01\/Lamborghini-Countach-e-outros.jpg\"><img decoding=\"async\" width=\"696\" height=\"464\" class=\"aligncenter size-large wp-image-100777 lazyload\" data-src=\"https:\/\/autolivraria.com.br\/bc\/wp-content\/uploads\/2019\/01\/Lamborghini-Countach-e-outros-696x464.jpg\" alt=\"\" data-srcset=\"https:\/\/autolivraria.com.br\/bc\/wp-content\/uploads\/2019\/01\/Lamborghini-Countach-e-outros-696x464.jpg 696w, https:\/\/autolivraria.com.br\/bc\/wp-content\/uploads\/2019\/01\/Lamborghini-Countach-e-outros-340x227.jpg 340w, https:\/\/autolivraria.com.br\/bc\/wp-content\/uploads\/2019\/01\/Lamborghini-Countach-e-outros-630x420.jpg 630w, https:\/\/autolivraria.com.br\/bc\/wp-content\/uploads\/2019\/01\/Lamborghini-Countach-e-outros-222x148.jpg 222w, https:\/\/autolivraria.com.br\/bc\/wp-content\/uploads\/2019\/01\/Lamborghini-Countach-e-outros.jpg 1280w\" data-sizes=\"(max-width: 696px) 100vw, 696px\" src=\"data:image\/svg+xml;base64,PHN2ZyB3aWR0aD0iMSIgaGVpZ2h0PSIxIiB4bWxucz0iaHR0cDovL3d3dy53My5vcmcvMjAwMC9zdmciPjwvc3ZnPg==\" style=\"--smush-placeholder-width: 696px; --smush-placeholder-aspect-ratio: 696\/464;\" \/><\/a><\/p>\n<p>Qual desses \u00e9 o <a href=\"https:\/\/www.autolivraria.com.br\/cpassado2\/countach-1.htm\" target=\"_blank\" rel=\"noopener\">Lamborghini Countach<\/a>? O verde n\u00e3o \u00e9: aquele \u00e9 o <a href=\"https:\/\/www.autolivraria.com.br\/prep-inter\/conc-131.htm\" target=\"_blank\" rel=\"noopener\">Alfa Romeo Carabo<\/a> de 1968. Seria o prata? Tamb\u00e9m n\u00e3o: \u00e9 o <a href=\"https:\/\/www.autolivraria.com.br\/conceitos\/321-maserati-boomerang.htm\" target=\"_blank\" rel=\"noopener\">Maserati Boomerang<\/a> de 1972. Esses carros-conceito foram desenhados por <a href=\"https:\/\/www.autolivraria.com.br\/hm\/314-marcello-gandini-1.htm\" target=\"_blank\" rel=\"noopener\">Marcello Gandini<\/a> e <a href=\"https:\/\/www.autolivraria.com.br\/hm\/290-giugiaro-1.htm\" target=\"_blank\" rel=\"noopener\">Giorgetto Giugiaro<\/a>, nesta ordem, com as mesmas ideias: perfil inspirado em uma flecha, linhas retas, para-brisa quase horizontal, motor central-traseiro. O Countach (em amarelo), outra obra de Gandini, apareceu em 1971 e chegou \u00e0 produ\u00e7\u00e3o tr\u00eas anos depois. Eles inspiraram um fora de s\u00e9rie brasileiro, o <a href=\"https:\/\/www.autolivraria.com.br\/ph\/154a.htm\" target=\"_blank\" rel=\"noopener\">Hofstetter<\/a> (branco) dos anos 80.<\/p>\n<p>&nbsp;<\/p>\n<p><a href=\"https:\/\/autolivraria.com.br\/bc\/wp-content\/uploads\/2019\/01\/BMW-M1-e-Lotus-Esprit.jpg\"><img decoding=\"async\" width=\"696\" height=\"517\" class=\"aligncenter size-large wp-image-100778 lazyload\" data-src=\"https:\/\/autolivraria.com.br\/bc\/wp-content\/uploads\/2019\/01\/BMW-M1-e-Lotus-Esprit-696x517.jpg\" alt=\"\" data-srcset=\"https:\/\/autolivraria.com.br\/bc\/wp-content\/uploads\/2019\/01\/BMW-M1-e-Lotus-Esprit-696x517.jpg 696w, https:\/\/autolivraria.com.br\/bc\/wp-content\/uploads\/2019\/01\/BMW-M1-e-Lotus-Esprit-340x252.jpg 340w, https:\/\/autolivraria.com.br\/bc\/wp-content\/uploads\/2019\/01\/BMW-M1-e-Lotus-Esprit-80x60.jpg 80w, https:\/\/autolivraria.com.br\/bc\/wp-content\/uploads\/2019\/01\/BMW-M1-e-Lotus-Esprit-265x198.jpg 265w, https:\/\/autolivraria.com.br\/bc\/wp-content\/uploads\/2019\/01\/BMW-M1-e-Lotus-Esprit-566x420.jpg 566w, https:\/\/autolivraria.com.br\/bc\/wp-content\/uploads\/2019\/01\/BMW-M1-e-Lotus-Esprit-222x165.jpg 222w, https:\/\/autolivraria.com.br\/bc\/wp-content\/uploads\/2019\/01\/BMW-M1-e-Lotus-Esprit.jpg 1280w\" data-sizes=\"(max-width: 696px) 100vw, 696px\" src=\"data:image\/svg+xml;base64,PHN2ZyB3aWR0aD0iMSIgaGVpZ2h0PSIxIiB4bWxucz0iaHR0cDovL3d3dy53My5vcmcvMjAwMC9zdmciPjwvc3ZnPg==\" style=\"--smush-placeholder-width: 696px; --smush-placeholder-aspect-ratio: 696\/517;\" \/><\/a><\/p>\n<p>Outros esportivos dos anos 70 bem parecidos foram o primeiro <a href=\"https:\/\/www.autolivraria.com.br\/classicos\/esprit-1.htm\" target=\"_blank\" rel=\"noopener\">Lotus Esprit<\/a> (embaixo), de 1977, e o <a href=\"https:\/\/www.autolivraria.com.br\/classicos\/m1-1.htm\" target=\"_blank\" rel=\"noopener\">BMW M1<\/a>, dois anos mais novo. Ambos foram desenhados pelo mesmo Giugiaro.<\/p>\n<p>&nbsp;<\/p>\n<p><a href=\"https:\/\/autolivraria.com.br\/bc\/wp-content\/uploads\/2019\/01\/Alfa-164-e-Peugeot-605.jpg\"><img decoding=\"async\" width=\"696\" height=\"571\" class=\"aligncenter size-large wp-image-100779 lazyload\" data-src=\"https:\/\/autolivraria.com.br\/bc\/wp-content\/uploads\/2019\/01\/Alfa-164-e-Peugeot-605-696x571.jpg\" alt=\"\" data-srcset=\"https:\/\/autolivraria.com.br\/bc\/wp-content\/uploads\/2019\/01\/Alfa-164-e-Peugeot-605-696x571.jpg 696w, https:\/\/autolivraria.com.br\/bc\/wp-content\/uploads\/2019\/01\/Alfa-164-e-Peugeot-605-340x279.jpg 340w, https:\/\/autolivraria.com.br\/bc\/wp-content\/uploads\/2019\/01\/Alfa-164-e-Peugeot-605-512x420.jpg 512w, https:\/\/autolivraria.com.br\/bc\/wp-content\/uploads\/2019\/01\/Alfa-164-e-Peugeot-605-222x182.jpg 222w, https:\/\/autolivraria.com.br\/bc\/wp-content\/uploads\/2019\/01\/Alfa-164-e-Peugeot-605.jpg 1280w\" data-sizes=\"(max-width: 696px) 100vw, 696px\" src=\"data:image\/svg+xml;base64,PHN2ZyB3aWR0aD0iMSIgaGVpZ2h0PSIxIiB4bWxucz0iaHR0cDovL3d3dy53My5vcmcvMjAwMC9zdmciPjwvc3ZnPg==\" style=\"--smush-placeholder-width: 696px; --smush-placeholder-aspect-ratio: 696\/571;\" \/><\/a><\/p>\n<p>Olhe para o <a href=\"https:\/\/www.autolivraria.com.br\/cpassado3\/alfa-romeo-164-1.htm\" target=\"_blank\" rel=\"noopener\">Alfa Romeo 164<\/a> (em cima), de 1987, e para o Peugeot 605 de dois anos depois. A semelhan\u00e7a de estilo \u00e9 grande, tanto no conjunto quanto em detalhes como os vincos laterais. O Alfa foi criado pelo est\u00fadio <a href=\"https:\/\/www.autolivraria.com.br\/hm\/298-pininfarina-1.htm\" target=\"_blank\" rel=\"noopener\">Pininfarina<\/a>, que colaborou no desenho do Peugeot ao lado de estilistas da marca francesa.<\/p>\n<a href='https:\/\/autolivraria.com.br\/bc\/divirta-se\/curiosidades\/video-carros-com-estilos-parecidos-parte-3\/2\/' class='small-button smallsilver'>Pr\u00f3xima parte<\/a>\n<p>&nbsp;<\/p>\n<p><!--nextpage--><\/p>\n<p><a href=\"https:\/\/autolivraria.com.br\/bc\/wp-content\/uploads\/2019\/01\/Citroen-ZX-e-Opel-Astra.jpg\"><img decoding=\"async\" width=\"696\" height=\"517\" class=\"aligncenter size-large wp-image-100780 lazyload\" data-src=\"https:\/\/autolivraria.com.br\/bc\/wp-content\/uploads\/2019\/01\/Citroen-ZX-e-Opel-Astra-696x517.jpg\" alt=\"\" data-srcset=\"https:\/\/autolivraria.com.br\/bc\/wp-content\/uploads\/2019\/01\/Citroen-ZX-e-Opel-Astra-696x517.jpg 696w, https:\/\/autolivraria.com.br\/bc\/wp-content\/uploads\/2019\/01\/Citroen-ZX-e-Opel-Astra-340x252.jpg 340w, https:\/\/autolivraria.com.br\/bc\/wp-content\/uploads\/2019\/01\/Citroen-ZX-e-Opel-Astra-80x60.jpg 80w, https:\/\/autolivraria.com.br\/bc\/wp-content\/uploads\/2019\/01\/Citroen-ZX-e-Opel-Astra-265x198.jpg 265w, https:\/\/autolivraria.com.br\/bc\/wp-content\/uploads\/2019\/01\/Citroen-ZX-e-Opel-Astra-566x420.jpg 566w, https:\/\/autolivraria.com.br\/bc\/wp-content\/uploads\/2019\/01\/Citroen-ZX-e-Opel-Astra-222x165.jpg 222w, https:\/\/autolivraria.com.br\/bc\/wp-content\/uploads\/2019\/01\/Citroen-ZX-e-Opel-Astra.jpg 1280w\" data-sizes=\"(max-width: 696px) 100vw, 696px\" src=\"data:image\/svg+xml;base64,PHN2ZyB3aWR0aD0iMSIgaGVpZ2h0PSIxIiB4bWxucz0iaHR0cDovL3d3dy53My5vcmcvMjAwMC9zdmciPjwvc3ZnPg==\" style=\"--smush-placeholder-width: 696px; --smush-placeholder-aspect-ratio: 696\/517;\" \/><\/a><\/p>\n<p><a href=\"https:\/\/autolivraria.com.br\/bc\/wp-content\/uploads\/2019\/01\/Citroen-ZX-e-Yugo-Florida.jpg\"><img decoding=\"async\" width=\"696\" height=\"517\" class=\"aligncenter size-large wp-image-100784 lazyload\" data-src=\"https:\/\/autolivraria.com.br\/bc\/wp-content\/uploads\/2019\/01\/Citroen-ZX-e-Yugo-Florida-696x517.jpg\" alt=\"\" data-srcset=\"https:\/\/autolivraria.com.br\/bc\/wp-content\/uploads\/2019\/01\/Citroen-ZX-e-Yugo-Florida-696x517.jpg 696w, https:\/\/autolivraria.com.br\/bc\/wp-content\/uploads\/2019\/01\/Citroen-ZX-e-Yugo-Florida-340x252.jpg 340w, https:\/\/autolivraria.com.br\/bc\/wp-content\/uploads\/2019\/01\/Citroen-ZX-e-Yugo-Florida-80x60.jpg 80w, https:\/\/autolivraria.com.br\/bc\/wp-content\/uploads\/2019\/01\/Citroen-ZX-e-Yugo-Florida-265x198.jpg 265w, https:\/\/autolivraria.com.br\/bc\/wp-content\/uploads\/2019\/01\/Citroen-ZX-e-Yugo-Florida-566x420.jpg 566w, https:\/\/autolivraria.com.br\/bc\/wp-content\/uploads\/2019\/01\/Citroen-ZX-e-Yugo-Florida-222x165.jpg 222w, https:\/\/autolivraria.com.br\/bc\/wp-content\/uploads\/2019\/01\/Citroen-ZX-e-Yugo-Florida.jpg 1280w\" data-sizes=\"(max-width: 696px) 100vw, 696px\" src=\"data:image\/svg+xml;base64,PHN2ZyB3aWR0aD0iMSIgaGVpZ2h0PSIxIiB4bWxucz0iaHR0cDovL3d3dy53My5vcmcvMjAwMC9zdmciPjwvc3ZnPg==\" style=\"--smush-placeholder-width: 696px; --smush-placeholder-aspect-ratio: 696\/517;\" \/><\/a><\/p>\n<p>O <a href=\"https:\/\/autolivraria.com.br\/bc\/informe-se\/passado\/historia-citroen-zx-encontrou-longa-vida-entre-os-chineses\/\" target=\"_blank\" rel=\"noopener\">Citro\u00ebn ZX<\/a> e o <a href=\"https:\/\/www.autolivraria.com.br\/cpassado2\/astra-1.htm\" target=\"_blank\" rel=\"noopener\">Opel Astra<\/a> nasceram juntos, em 1991, e at\u00e9 pareciam g\u00eameos de alguns \u00e2ngulos. Interessante \u00e9 que muito do desenho do ZX\u00a0j\u00e1 estava em 1988 no Yugo Florida, feito na Iugosl\u00e1via \u2014 at\u00e9 o limpador de para-brisa monobra\u00e7o.<\/p>\n<p>&nbsp;<\/p>\n<div class='code-block code-block-7' style='margin: 28px auto; text-align: center; display: block; clear: both;'>\n<script async src=\"https:\/\/pagead2.googlesyndication.com\/pagead\/js\/adsbygoogle.js\"><\/script>\n<!-- AL-quadrado -->\n<ins class=\"adsbygoogle\"\n     style=\"display:block\"\n     data-ad-client=\"ca-pub-1914799802606213\"\n     data-ad-slot=\"5683066082\"\n     data-ad-format=\"auto\"\n     data-full-width-responsive=\"true\"><\/ins>\n<script>\n     (adsbygoogle = window.adsbygoogle || []).push({});\n<\/script><\/div>\n\n<p>&nbsp;<\/p>\n<p><a href=\"https:\/\/autolivraria.com.br\/bc\/wp-content\/uploads\/2019\/01\/Daewoo-e-Mercedes.jpg\"><img decoding=\"async\" width=\"696\" height=\"517\" class=\"aligncenter size-large wp-image-100782 lazyload\" data-src=\"https:\/\/autolivraria.com.br\/bc\/wp-content\/uploads\/2019\/01\/Daewoo-e-Mercedes-696x517.jpg\" alt=\"\" data-srcset=\"https:\/\/autolivraria.com.br\/bc\/wp-content\/uploads\/2019\/01\/Daewoo-e-Mercedes-696x517.jpg 696w, https:\/\/autolivraria.com.br\/bc\/wp-content\/uploads\/2019\/01\/Daewoo-e-Mercedes-340x252.jpg 340w, https:\/\/autolivraria.com.br\/bc\/wp-content\/uploads\/2019\/01\/Daewoo-e-Mercedes-80x60.jpg 80w, https:\/\/autolivraria.com.br\/bc\/wp-content\/uploads\/2019\/01\/Daewoo-e-Mercedes-265x198.jpg 265w, https:\/\/autolivraria.com.br\/bc\/wp-content\/uploads\/2019\/01\/Daewoo-e-Mercedes-566x420.jpg 566w, https:\/\/autolivraria.com.br\/bc\/wp-content\/uploads\/2019\/01\/Daewoo-e-Mercedes-222x165.jpg 222w, https:\/\/autolivraria.com.br\/bc\/wp-content\/uploads\/2019\/01\/Daewoo-e-Mercedes.jpg 1280w\" data-sizes=\"(max-width: 696px) 100vw, 696px\" src=\"data:image\/svg+xml;base64,PHN2ZyB3aWR0aD0iMSIgaGVpZ2h0PSIxIiB4bWxucz0iaHR0cDovL3d3dy53My5vcmcvMjAwMC9zdmciPjwvc3ZnPg==\" style=\"--smush-placeholder-width: 696px; --smush-placeholder-aspect-ratio: 696\/517;\" \/><\/a><\/p>\n<p>Os sul-coreanos dos anos 90 eram como alguns chineses de hoje: uma mistura de estilos ocidentais. Que o diga o Daewoo Super Salon (em cima), um sed\u00e3 de 1994 com mec\u00e2nica GM que foi vendido no Brasil: era clara a vontade de se parecer com o <a href=\"https:\/\/www.autolivraria.com.br\/cpassado2\/mb-s-1.htm\" target=\"_blank\" rel=\"noopener\">Mercedes-Benz Classe S<\/a>\u00a0da gera\u00e7\u00e3o W140, de 1991. Ser\u00e1 que ele conseguia?<\/p>\n<p>&nbsp;<\/p>\n<p><a href=\"https:\/\/autolivraria.com.br\/bc\/wp-content\/uploads\/2019\/01\/F360-e-McLaren.jpg\"><img decoding=\"async\" width=\"696\" height=\"571\" class=\"aligncenter size-large wp-image-100783 lazyload\" data-src=\"https:\/\/autolivraria.com.br\/bc\/wp-content\/uploads\/2019\/01\/F360-e-McLaren-696x571.jpg\" alt=\"\" data-srcset=\"https:\/\/autolivraria.com.br\/bc\/wp-content\/uploads\/2019\/01\/F360-e-McLaren-696x571.jpg 696w, https:\/\/autolivraria.com.br\/bc\/wp-content\/uploads\/2019\/01\/F360-e-McLaren-340x279.jpg 340w, https:\/\/autolivraria.com.br\/bc\/wp-content\/uploads\/2019\/01\/F360-e-McLaren-512x420.jpg 512w, https:\/\/autolivraria.com.br\/bc\/wp-content\/uploads\/2019\/01\/F360-e-McLaren-222x182.jpg 222w, https:\/\/autolivraria.com.br\/bc\/wp-content\/uploads\/2019\/01\/F360-e-McLaren.jpg 1280w\" data-sizes=\"(max-width: 696px) 100vw, 696px\" src=\"data:image\/svg+xml;base64,PHN2ZyB3aWR0aD0iMSIgaGVpZ2h0PSIxIiB4bWxucz0iaHR0cDovL3d3dy53My5vcmcvMjAwMC9zdmciPjwvc3ZnPg==\" style=\"--smush-placeholder-width: 696px; --smush-placeholder-aspect-ratio: 696\/571;\" \/><\/a><\/p>\n<p>Quando a Ferrari lan\u00e7ou o 360 Modena (em cima), em 1999, chamou aten\u00e7\u00e3o a frente com grandes tomadas de ar e a parte central mais alta. Novidade? N\u00e3o. O ingl\u00eas <a href=\"https:\/\/www.autolivraria.com.br\/supercar\/mclaren-1.htm\" target=\"_blank\" rel=\"noopener\">McLaren F1<\/a> tinha a mesma solu\u00e7\u00e3o seis anos antes.<\/p>\n<p>&nbsp;<\/p>\n<div class='code-block code-block-6' style='margin: 28px auto; text-align: center; display: block; clear: both;'>\n<script async src=\"https:\/\/pagead2.googlesyndication.com\/pagead\/js\/adsbygoogle.js\"><\/script>\n<!-- AL-quadrado -->\n<ins class=\"adsbygoogle\"\n     style=\"display:block\"\n     data-ad-client=\"ca-pub-1914799802606213\"\n     data-ad-slot=\"5683066082\"\n     data-ad-format=\"auto\"\n     data-full-width-responsive=\"true\"><\/ins>\n<script>\n     (adsbygoogle = window.adsbygoogle || []).push({});\n<\/script><\/div>\n\n<p>&nbsp;<\/p>\n<p><a href=\"https:\/\/autolivraria.com.br\/bc\/wp-content\/uploads\/2019\/01\/Polo-Corolla.jpg\"><img decoding=\"async\" width=\"696\" height=\"517\" class=\"aligncenter size-large wp-image-100785 lazyload\" data-src=\"https:\/\/autolivraria.com.br\/bc\/wp-content\/uploads\/2019\/01\/Polo-Corolla-696x517.jpg\" alt=\"\" data-srcset=\"https:\/\/autolivraria.com.br\/bc\/wp-content\/uploads\/2019\/01\/Polo-Corolla-696x517.jpg 696w, https:\/\/autolivraria.com.br\/bc\/wp-content\/uploads\/2019\/01\/Polo-Corolla-340x252.jpg 340w, https:\/\/autolivraria.com.br\/bc\/wp-content\/uploads\/2019\/01\/Polo-Corolla-80x60.jpg 80w, https:\/\/autolivraria.com.br\/bc\/wp-content\/uploads\/2019\/01\/Polo-Corolla-265x198.jpg 265w, https:\/\/autolivraria.com.br\/bc\/wp-content\/uploads\/2019\/01\/Polo-Corolla-566x420.jpg 566w, https:\/\/autolivraria.com.br\/bc\/wp-content\/uploads\/2019\/01\/Polo-Corolla-222x165.jpg 222w, https:\/\/autolivraria.com.br\/bc\/wp-content\/uploads\/2019\/01\/Polo-Corolla.jpg 1280w\" data-sizes=\"(max-width: 696px) 100vw, 696px\" src=\"data:image\/svg+xml;base64,PHN2ZyB3aWR0aD0iMSIgaGVpZ2h0PSIxIiB4bWxucz0iaHR0cDovL3d3dy53My5vcmcvMjAwMC9zdmciPjwvc3ZnPg==\" style=\"--smush-placeholder-width: 696px; --smush-placeholder-aspect-ratio: 696\/517;\" \/><\/a><\/p>\n<p>A Volkswagen precisava desenhar o <a href=\"https:\/\/www.autolivraria.com.br\/cpassado3\/vw-polo-1.htm\" target=\"_blank\" rel=\"noopener\">Polo<\/a> sed\u00e3 de 2002, mas n\u00e3o queria uma miniatura do Bora ou do Passat. Pelo jeito, a inspira\u00e7\u00e3o veio do Oriente: as lanternas traseiras pareciam muito as do <a href=\"https:\/\/autolivraria.com.br\/bc\/informe-se\/passado\/historia-toyota-corolla-confianca-que-ja-dura-50-anos\/\" target=\"_blank\" rel=\"noopener\">Toyota Corolla<\/a> 1999-2002 (\u00e0 esquerda) que havia sa\u00eddo de linha.<\/p>\n<p>&nbsp;<\/p>\n<p><a href=\"https:\/\/autolivraria.com.br\/bc\/wp-content\/uploads\/2019\/01\/Corsa-Fiesta.jpg\"><img decoding=\"async\" width=\"696\" height=\"517\" class=\"aligncenter size-large wp-image-100786 lazyload\" data-src=\"https:\/\/autolivraria.com.br\/bc\/wp-content\/uploads\/2019\/01\/Corsa-Fiesta-696x517.jpg\" alt=\"\" data-srcset=\"https:\/\/autolivraria.com.br\/bc\/wp-content\/uploads\/2019\/01\/Corsa-Fiesta-696x517.jpg 696w, https:\/\/autolivraria.com.br\/bc\/wp-content\/uploads\/2019\/01\/Corsa-Fiesta-340x252.jpg 340w, https:\/\/autolivraria.com.br\/bc\/wp-content\/uploads\/2019\/01\/Corsa-Fiesta-80x60.jpg 80w, https:\/\/autolivraria.com.br\/bc\/wp-content\/uploads\/2019\/01\/Corsa-Fiesta-265x198.jpg 265w, https:\/\/autolivraria.com.br\/bc\/wp-content\/uploads\/2019\/01\/Corsa-Fiesta-566x420.jpg 566w, https:\/\/autolivraria.com.br\/bc\/wp-content\/uploads\/2019\/01\/Corsa-Fiesta-222x165.jpg 222w, https:\/\/autolivraria.com.br\/bc\/wp-content\/uploads\/2019\/01\/Corsa-Fiesta.jpg 1280w\" data-sizes=\"(max-width: 696px) 100vw, 696px\" src=\"data:image\/svg+xml;base64,PHN2ZyB3aWR0aD0iMSIgaGVpZ2h0PSIxIiB4bWxucz0iaHR0cDovL3d3dy53My5vcmcvMjAwMC9zdmciPjwvc3ZnPg==\" style=\"--smush-placeholder-width: 696px; --smush-placeholder-aspect-ratio: 696\/517;\" \/><\/a><\/p>\n<p>Eles chegaram ao Brasil quase juntos e com a mesma solu\u00e7\u00e3o: em 2002, o Chevrolet Corsa (\u00e0 esquerda) e o <a href=\"https:\/\/autolivraria.com.br\/bc\/informe-se\/passado\/historia-ford-fiesta-ha-40-anos-coloca-o-motorista-no-centro\/\" target=\"_blank\" rel=\"noopener\">Ford Fiesta<\/a> eram nossos primeiros carros com lanternas traseiras nas colunas. Mas n\u00e3o foram pioneiros na ideia: 10 anos antes, j\u00e1 era assim a perua <a href=\"https:\/\/autolivraria.com.br\/bc\/informe-se\/passado\/paginas-historia\/com-850-volvo-deu-passo-a-frente-em-esportividade\/\" target=\"_blank\" rel=\"noopener\">Volvo 850<\/a>.<\/p>\n<p>&nbsp;<\/p>\n<p><a href=\"https:\/\/autolivraria.com.br\/bc\/wp-content\/uploads\/2019\/01\/Tiida-e-307.jpg\"><img decoding=\"async\" width=\"696\" height=\"696\" class=\"aligncenter size-large wp-image-100787 lazyload\" data-src=\"https:\/\/autolivraria.com.br\/bc\/wp-content\/uploads\/2019\/01\/Tiida-e-307-696x696.jpg\" alt=\"\" data-srcset=\"https:\/\/autolivraria.com.br\/bc\/wp-content\/uploads\/2019\/01\/Tiida-e-307-696x696.jpg 696w, https:\/\/autolivraria.com.br\/bc\/wp-content\/uploads\/2019\/01\/Tiida-e-307-222x222.jpg 222w, https:\/\/autolivraria.com.br\/bc\/wp-content\/uploads\/2019\/01\/Tiida-e-307-340x340.jpg 340w, https:\/\/autolivraria.com.br\/bc\/wp-content\/uploads\/2019\/01\/Tiida-e-307-420x420.jpg 420w, https:\/\/autolivraria.com.br\/bc\/wp-content\/uploads\/2019\/01\/Tiida-e-307.jpg 1280w\" data-sizes=\"(max-width: 696px) 100vw, 696px\" src=\"data:image\/svg+xml;base64,PHN2ZyB3aWR0aD0iMSIgaGVpZ2h0PSIxIiB4bWxucz0iaHR0cDovL3d3dy53My5vcmcvMjAwMC9zdmciPjwvc3ZnPg==\" style=\"--smush-placeholder-width: 696px; --smush-placeholder-aspect-ratio: 696\/696;\" \/><\/a><\/p>\n<p><a href=\"https:\/\/autolivraria.com.br\/bc\/wp-content\/uploads\/2019\/01\/Livina-e-Fit.jpg\"><img decoding=\"async\" width=\"696\" height=\"696\" class=\"aligncenter size-large wp-image-100788 lazyload\" data-src=\"https:\/\/autolivraria.com.br\/bc\/wp-content\/uploads\/2019\/01\/Livina-e-Fit-696x696.jpg\" alt=\"\" data-srcset=\"https:\/\/autolivraria.com.br\/bc\/wp-content\/uploads\/2019\/01\/Livina-e-Fit-696x696.jpg 696w, https:\/\/autolivraria.com.br\/bc\/wp-content\/uploads\/2019\/01\/Livina-e-Fit-222x222.jpg 222w, https:\/\/autolivraria.com.br\/bc\/wp-content\/uploads\/2019\/01\/Livina-e-Fit-340x340.jpg 340w, https:\/\/autolivraria.com.br\/bc\/wp-content\/uploads\/2019\/01\/Livina-e-Fit-420x420.jpg 420w, https:\/\/autolivraria.com.br\/bc\/wp-content\/uploads\/2019\/01\/Livina-e-Fit.jpg 1280w\" data-sizes=\"(max-width: 696px) 100vw, 696px\" src=\"data:image\/svg+xml;base64,PHN2ZyB3aWR0aD0iMSIgaGVpZ2h0PSIxIiB4bWxucz0iaHR0cDovL3d3dy53My5vcmcvMjAwMC9zdmciPjwvc3ZnPg==\" style=\"--smush-placeholder-width: 696px; --smush-placeholder-aspect-ratio: 696\/696;\" \/><\/a><\/p>\n<p>A Nissan teve um per\u00edodo de desenho pouco criativo, no qual seus carros pareciam muito os concorrentes. Foi assim com o Tiida, lan\u00e7ado aqui em 2008, uma esp\u00e9cie de Peugeot 307 mais anguloso (fotos de cima). Um ano depois, a Livina parecia uma revis\u00e3o do estilo do primeiro Honda Fit (embaixo).<\/p>\n<p>&nbsp;<\/p>\n<p><a href=\"https:\/\/autolivraria.com.br\/bc\/wp-content\/uploads\/2019\/01\/Mini-Lifan.jpg\"><img decoding=\"async\" width=\"696\" height=\"696\" class=\"aligncenter size-large wp-image-100789 lazyload\" data-src=\"https:\/\/autolivraria.com.br\/bc\/wp-content\/uploads\/2019\/01\/Mini-Lifan-696x696.jpg\" alt=\"\" data-srcset=\"https:\/\/autolivraria.com.br\/bc\/wp-content\/uploads\/2019\/01\/Mini-Lifan-696x696.jpg 696w, https:\/\/autolivraria.com.br\/bc\/wp-content\/uploads\/2019\/01\/Mini-Lifan-222x222.jpg 222w, https:\/\/autolivraria.com.br\/bc\/wp-content\/uploads\/2019\/01\/Mini-Lifan-340x340.jpg 340w, https:\/\/autolivraria.com.br\/bc\/wp-content\/uploads\/2019\/01\/Mini-Lifan-420x420.jpg 420w, https:\/\/autolivraria.com.br\/bc\/wp-content\/uploads\/2019\/01\/Mini-Lifan.jpg 1280w\" data-sizes=\"(max-width: 696px) 100vw, 696px\" src=\"data:image\/svg+xml;base64,PHN2ZyB3aWR0aD0iMSIgaGVpZ2h0PSIxIiB4bWxucz0iaHR0cDovL3d3dy53My5vcmcvMjAwMC9zdmciPjwvc3ZnPg==\" style=\"--smush-placeholder-width: 696px; --smush-placeholder-aspect-ratio: 696\/696;\" \/><\/a><\/p>\n<p>N\u00e3o tem jeito: voc\u00ea olha o Lifan 320 (em cima) e se lembra do <a href=\"https:\/\/autolivraria.com.br\/bc\/tag\/mini-cooper\" target=\"_blank\" rel=\"noopener\">Mini<\/a> da BMW, que sem d\u00favida foi o modelo seguido pela marca chinesa.<\/p>\n<p>&nbsp;<\/p>\n<p><a href=\"https:\/\/autolivraria.com.br\/bc\/wp-content\/uploads\/2019\/01\/Prius-e-outros.jpg\"><img decoding=\"async\" width=\"696\" height=\"464\" class=\"aligncenter size-large wp-image-100790 lazyload\" data-src=\"https:\/\/autolivraria.com.br\/bc\/wp-content\/uploads\/2019\/01\/Prius-e-outros-696x464.jpg\" alt=\"\" data-srcset=\"https:\/\/autolivraria.com.br\/bc\/wp-content\/uploads\/2019\/01\/Prius-e-outros-696x464.jpg 696w, https:\/\/autolivraria.com.br\/bc\/wp-content\/uploads\/2019\/01\/Prius-e-outros-340x227.jpg 340w, https:\/\/autolivraria.com.br\/bc\/wp-content\/uploads\/2019\/01\/Prius-e-outros-630x420.jpg 630w, https:\/\/autolivraria.com.br\/bc\/wp-content\/uploads\/2019\/01\/Prius-e-outros-222x148.jpg 222w, https:\/\/autolivraria.com.br\/bc\/wp-content\/uploads\/2019\/01\/Prius-e-outros.jpg 1280w\" data-sizes=\"(max-width: 696px) 100vw, 696px\" src=\"data:image\/svg+xml;base64,PHN2ZyB3aWR0aD0iMSIgaGVpZ2h0PSIxIiB4bWxucz0iaHR0cDovL3d3dy53My5vcmcvMjAwMC9zdmciPjwvc3ZnPg==\" style=\"--smush-placeholder-width: 696px; --smush-placeholder-aspect-ratio: 696\/464;\" \/><\/a><\/p>\n<p>Quando v\u00ea a traseira do <a href=\"https:\/\/autolivraria.com.br\/bc\/tag\/prius\" target=\"_blank\" rel=\"noopener\">Toyota Prius<\/a>, voc\u00ea se lembra do Citro\u00ebn C4 de tr\u00eas portas, de 2004? A ideia de usar uma parte vertical de vidro \u00e9 mesmo parecida, mas vem de longe. Antes do <a href=\"https:\/\/autolivraria.com.br\/bc\/informe-se\/passado\/historia-honda-civic-45-anos-de-carreira-em-grande-desempenho\/\" target=\"_blank\" rel=\"noopener\">Honda CR-X<\/a> de 1988, a solu\u00e7\u00e3o foi usada pelo <a href=\"https:\/\/www.autolivraria.com.br\/classicos\/khamsin-1.htm\" target=\"_blank\" rel=\"noopener\">Maserati Khamsin<\/a> de 1974.<\/p>\n<a href='https:\/\/autolivraria.com.br\/bc\/category\/divirta-se\/curiosidades\/' class='small-button smallsilver'>Mais Curiosidades<\/a>\n<p>&nbsp;<\/p>\n","protected":false},"excerpt":{"rendered":"<p>Jeep Renegade ou novo Renault Duster? Como eles, muitos carros se parecem no todo ou em detalhes de estilo<\/p>\n","protected":false},"author":6,"featured_media":100791,"comment_status":"open","ping_status":"closed","sticky":false,"template":"","format":"standard","meta":{"_joinchat":[],"footnotes":""},"categories":[3596,145,623,4237],"tags":[156,19,640,624],"class_list":["post-100770","post","type-post","status-publish","format-standard","has-post-thumbnail","hentry","category-curiosidades","category-informe-se","category-videos","category-videos-destaques","tag-carros-do-passado","tag-curiosidades","tag-estilo-2","tag-video"],"amp_enabled":true,"_links":{"self":[{"href":"https:\/\/autolivraria.com.br\/bc\/wp-json\/wp\/v2\/posts\/100770","targetHints":{"allow":["GET"]}}],"collection":[{"href":"https:\/\/autolivraria.com.br\/bc\/wp-json\/wp\/v2\/posts"}],"about":[{"href":"https:\/\/autolivraria.com.br\/bc\/wp-json\/wp\/v2\/types\/post"}],"author":[{"embeddable":true,"href":"https:\/\/autolivraria.com.br\/bc\/wp-json\/wp\/v2\/users\/6"}],"replies":[{"embeddable":true,"href":"https:\/\/autolivraria.com.br\/bc\/wp-json\/wp\/v2\/comments?post=100770"}],"version-history":[{"count":0,"href":"https:\/\/autolivraria.com.br\/bc\/wp-json\/wp\/v2\/posts\/100770\/revisions"}],"wp:featuredmedia":[{"embeddable":true,"href":"https:\/\/autolivraria.com.br\/bc\/wp-json\/wp\/v2\/media\/100791"}],"wp:attachment":[{"href":"https:\/\/autolivraria.com.br\/bc\/wp-json\/wp\/v2\/media?parent=100770"}],"wp:term":[{"taxonomy":"category","embeddable":true,"href":"https:\/\/autolivraria.com.br\/bc\/wp-json\/wp\/v2\/categories?post=100770"},{"taxonomy":"post_tag","embeddable":true,"href":"https:\/\/autolivraria.com.br\/bc\/wp-json\/wp\/v2\/tags?post=100770"}],"curies":[{"name":"wp","href":"https:\/\/api.w.org\/{rel}","templated":true}]}}