{"id":100873,"date":"2019-01-18T16:03:05","date_gmt":"2019-01-18T19:03:05","guid":{"rendered":"http:\/\/bestcars.uol.com.br\/bc\/?p=100873"},"modified":"2019-01-25T10:18:28","modified_gmt":"2019-01-25T13:18:28","slug":"video-citroen-c4-cactus-teste-em-10-itens-da-versao-aspirada","status":"publish","type":"post","link":"https:\/\/autolivraria.com.br\/bc\/informe-se\/avaliacao\/video-citroen-c4-cactus-teste-em-10-itens-da-versao-aspirada\/","title":{"rendered":"Citro\u00ebn C4 Cactus: teste em 10 itens da vers\u00e3o aspirada"},"content":{"rendered":"<div id='gallery-1' class='gallery galleryid-100873 gallery-columns-1 gallery-size-large'><figure class='gallery-item'>\n\t\t\t<div class='gallery-icon landscape'>\n\t\t\t\t<a href='https:\/\/autolivraria.com.br\/bc\/wp-content\/uploads\/2019\/01\/Citroen-C4-Cactus-Feel-Pack-01.jpg'><img fetchpriority=\"high\" decoding=\"async\" width=\"696\" height=\"464\" src=\"https:\/\/autolivraria.com.br\/bc\/wp-content\/uploads\/2019\/01\/Citroen-C4-Cactus-Feel-Pack-01-696x464.jpg\" class=\"attachment-large size-large\" alt=\"\" \/><\/a>\n\t\t\t<\/div><\/figure>\n\t\t<\/div>\n\n<h2>Feel Pack autom\u00e1tico de R$ 87 mil \u00e9 forte em conte\u00fado e bom de dirigir, mas ser\u00e1 boa compra na categoria?<\/h2>\n<p><em>Texto e fotos: Fabr\u00edcio Samah\u00e1<\/em><\/p>\n<p>&nbsp;<\/p>\n<p>\u00c9 comum nos lan\u00e7amentos que a ind\u00fastria d\u00ea prioridade \u00e0s vers\u00f5es de topo, mais luxuosas ou potentes. N\u00e3o foi diferente com o Citro\u00ebn C4 Cactus: quase todas as unidades para <a href=\"https:\/\/autolivraria.com.br\/bc\/informe-se\/avaliacao\/teste-suv-bom-de-andar-e-de-conteudo-citroen-c4-cactus-valeu-a-espera\/\" target=\"_blank\" rel=\"noopener\">avalia\u00e7\u00e3o inicial<\/a> eram da vers\u00e3o Shine Pack THP, com motor turbo, deixando de lado a aspirada, que deve responder por grande parte das vendas. Assim, enquanto preparamos um comparativo com a THP, colocamos a Feel Pack com transmiss\u00e3o autom\u00e1tica na avalia\u00e7\u00e3o <em>10 Chances<\/em>, que mostra as chances para um carro merecer sua garagem. O pre\u00e7o sugerido \u00e9 de R$ 87 mil. Se preferir, assista ao v\u00eddeo.<\/p>\n<p><strong>Estilo<\/strong><br \/>\nO C4 Cactus tem um desenho peculiar na categoria, mais para hatch que para utilit\u00e1rio esporte. A frente, <a href=\"https:\/\/autolivraria.com.br\/bc\/informe-se\/video-curiosidades-carros-parecidos-parte2\/\" target=\"_blank\" rel=\"noopener\">algo parecida com a da Fiat Toro<\/a>, agrada mais que a traseira com lanternas um tanto t\u00edmidas. O teto pode vir em cor diferente da carroceria, como no carro testado. <span style=\"color: #cc0000;\"><strong><em>1 ponto<\/em><\/strong><\/span><\/p>\n<p>&nbsp;<\/p>\n<p><iframe title=\"Citro\u00ebn C4 Cactus: teste em 10 itens da vers\u00e3o aspirada | Avalia\u00e7\u00e3o | Best Cars\" width=\"960\" height=\"540\" data-src=\"https:\/\/www.youtube.com\/embed\/SyBuJlWm_Mg?feature=oembed\" frameborder=\"0\" allow=\"accelerometer; autoplay; clipboard-write; encrypted-media; gyroscope; picture-in-picture; web-share\" referrerpolicy=\"strict-origin-when-cross-origin\" allowfullscreen src=\"data:image\/svg+xml;base64,PHN2ZyB3aWR0aD0iMSIgaGVpZ2h0PSIxIiB4bWxucz0iaHR0cDovL3d3dy53My5vcmcvMjAwMC9zdmciPjwvc3ZnPg==\" class=\"lazyload\" data-load-mode=\"1\"><\/iframe><\/p>\n<p>&nbsp;<\/p>\n<div id='gallery-2' class='gallery galleryid-100873 gallery-columns-1 gallery-size-large'><figure class='gallery-item'>\n\t\t\t<div class='gallery-icon landscape'>\n\t\t\t\t<a href='https:\/\/autolivraria.com.br\/bc\/wp-content\/uploads\/2019\/01\/Citroen-C4-Cactus-Feel-Pack-03.jpg'><img decoding=\"async\" width=\"696\" height=\"464\" data-src=\"https:\/\/autolivraria.com.br\/bc\/wp-content\/uploads\/2019\/01\/Citroen-C4-Cactus-Feel-Pack-03-696x464.jpg\" class=\"attachment-large size-large lazyload\" alt=\"\" src=\"data:image\/svg+xml;base64,PHN2ZyB3aWR0aD0iMSIgaGVpZ2h0PSIxIiB4bWxucz0iaHR0cDovL3d3dy53My5vcmcvMjAwMC9zdmciPjwvc3ZnPg==\" style=\"--smush-placeholder-width: 696px; --smush-placeholder-aspect-ratio: 696\/464;\" \/><\/a>\n\t\t\t<\/div><\/figure>\n\t\t<\/div>\n\n<div id='gallery-3' class='gallery galleryid-100873 gallery-columns-3 gallery-size-222px'><figure class='gallery-item'>\n\t\t\t<div class='gallery-icon landscape'>\n\t\t\t\t<a href='https:\/\/autolivraria.com.br\/bc\/wp-content\/uploads\/2019\/01\/Citroen-C4-Cactus-Feel-Pack-30.jpg'><img decoding=\"async\" width=\"222\" height=\"148\" data-src=\"https:\/\/autolivraria.com.br\/bc\/wp-content\/uploads\/2019\/01\/Citroen-C4-Cactus-Feel-Pack-30-222x148.jpg\" class=\"attachment-222px size-222px lazyload\" alt=\"\" src=\"data:image\/svg+xml;base64,PHN2ZyB3aWR0aD0iMSIgaGVpZ2h0PSIxIiB4bWxucz0iaHR0cDovL3d3dy53My5vcmcvMjAwMC9zdmciPjwvc3ZnPg==\" style=\"--smush-placeholder-width: 222px; --smush-placeholder-aspect-ratio: 222\/148;\" \/><\/a>\n\t\t\t<\/div><\/figure><figure class='gallery-item'>\n\t\t\t<div class='gallery-icon landscape'>\n\t\t\t\t<a href='https:\/\/autolivraria.com.br\/bc\/wp-content\/uploads\/2019\/01\/Citroen-C4-Cactus-Feel-Pack-10.jpg'><img decoding=\"async\" width=\"222\" height=\"148\" data-src=\"https:\/\/autolivraria.com.br\/bc\/wp-content\/uploads\/2019\/01\/Citroen-C4-Cactus-Feel-Pack-10-222x148.jpg\" class=\"attachment-222px size-222px lazyload\" alt=\"\" src=\"data:image\/svg+xml;base64,PHN2ZyB3aWR0aD0iMSIgaGVpZ2h0PSIxIiB4bWxucz0iaHR0cDovL3d3dy53My5vcmcvMjAwMC9zdmciPjwvc3ZnPg==\" style=\"--smush-placeholder-width: 222px; --smush-placeholder-aspect-ratio: 222\/148;\" \/><\/a>\n\t\t\t<\/div><\/figure><figure class='gallery-item'>\n\t\t\t<div class='gallery-icon landscape'>\n\t\t\t\t<a href='https:\/\/autolivraria.com.br\/bc\/wp-content\/uploads\/2019\/01\/Citroen-C4-Cactus-Feel-Pack-31.jpg'><img decoding=\"async\" width=\"222\" height=\"148\" data-src=\"https:\/\/autolivraria.com.br\/bc\/wp-content\/uploads\/2019\/01\/Citroen-C4-Cactus-Feel-Pack-31-222x148.jpg\" class=\"attachment-222px size-222px lazyload\" alt=\"\" src=\"data:image\/svg+xml;base64,PHN2ZyB3aWR0aD0iMSIgaGVpZ2h0PSIxIiB4bWxucz0iaHR0cDovL3d3dy53My5vcmcvMjAwMC9zdmciPjwvc3ZnPg==\" style=\"--smush-placeholder-width: 222px; --smush-placeholder-aspect-ratio: 222\/148;\" \/><\/a>\n\t\t\t<\/div><\/figure>\n\t\t<\/div>\n\n<p style=\"text-align: center;\"><em>O desenho do C4 Cactus est\u00e1 mais para hatch que para SUV; a frente lembra a da Fiat Toro; atr\u00e1s, as lanternas s\u00e3o t\u00edmidas; teto e detalhes podem vir em cor diferente<\/em><\/p>\n<p>&nbsp;<\/p>\n<p><strong>Acabamento e conveni\u00eancia<br \/>\n<\/strong>O interior tem materiais comuns na classe, como pl\u00e1sticos r\u00edgidos de boa montagem e tecido simples nos bancos. O desenho retil\u00edneo do painel, que busca um ar robusto, n\u00e3o agrada a todos. Entre as conveni\u00eancias est\u00e3o alerta espec\u00edfico de qual porta est\u00e1 mal fechada, ar-condicionado autom\u00e1tico, c\u00e2mera traseira de manobras, chave presencial para acesso e partida, <a href=\"https:\/\/autolivraria.com.br\/bc\/glossario-c\/#cont\" target=\"_blank\" rel=\"noopener\">controlador<\/a> e <a href=\"https:\/\/autolivraria.com.br\/bc\/glossario-l\/#limi\" target=\"_blank\" rel=\"noopener\">limitador<\/a> de velocidade, controle el\u00e9trico de vidros com <a href=\"https:\/\/autolivraria.com.br\/bc\/glossario-u\/#umto\" target=\"_blank\" rel=\"noopener\">fun\u00e7\u00e3o um-toque<\/a> para todos e fechamento a dist\u00e2ncia (abertura, n\u00e3o), far\u00f3is e limpador de para-brisa autom\u00e1ticos e monitor de press\u00e3o dos pneus.<strong><br \/>\n<\/strong><\/p>\n<p>&nbsp;<\/p>\n<div class='code-block code-block-7' style='margin: 28px auto; text-align: center; display: block; clear: both;'>\n<script async src=\"https:\/\/pagead2.googlesyndication.com\/pagead\/js\/adsbygoogle.js\"><\/script>\n<!-- AL-quadrado -->\n<ins class=\"adsbygoogle\"\n     style=\"display:block\"\n     data-ad-client=\"ca-pub-1914799802606213\"\n     data-ad-slot=\"5683066082\"\n     data-ad-format=\"auto\"\n     data-full-width-responsive=\"true\"><\/ins>\n<script>\n     (adsbygoogle = window.adsbygoogle || []).push({});\n<\/script><\/div>\n\n<p>&nbsp;<\/p>\n<p>A central de \u00e1udio tem tela de 7 polegadas, boa qualidade de som e <a href=\"https:\/\/autolivraria.com.br\/bc\/glossario-e\/#espe\" target=\"_blank\" rel=\"noopener\">integra\u00e7\u00e3o a celular<\/a> por Android Auto e Apple Car Play. \u00c9 f\u00e1cil de operar, mas n\u00e3o gostamos de depender dela para os ajustes de ar-condicionado: \u00e9 preciso alternar entre as fun\u00e7\u00f5es, o que distrai e toma tempo. Outros pontos melhor\u00e1veis: o espa\u00e7o para objetos \u00e9 s\u00f3 regular, a moldura das soleiras suja facilmente a barra da cal\u00e7a ao sair e faltam ajuste de altura dos cintos dianteiros, al\u00e7as de teto, faixa degrad\u00ea no para-brisa e luzes na parte traseira da cabine. <span style=\"color: #cc0000;\"><strong><em>0,5 ponto<\/em><\/strong><\/span><\/p>\n<p>&nbsp;<\/p>\n<div id='gallery-4' class='gallery galleryid-100873 gallery-columns-1 gallery-size-large'><figure class='gallery-item'>\n\t\t\t<div class='gallery-icon landscape'>\n\t\t\t\t<a href='https:\/\/autolivraria.com.br\/bc\/wp-content\/uploads\/2019\/01\/Citroen-C4-Cactus-Feel-Pack-int02.jpg'><img decoding=\"async\" width=\"696\" height=\"464\" data-src=\"https:\/\/autolivraria.com.br\/bc\/wp-content\/uploads\/2019\/01\/Citroen-C4-Cactus-Feel-Pack-int02-696x464.jpg\" class=\"attachment-large size-large lazyload\" alt=\"\" src=\"data:image\/svg+xml;base64,PHN2ZyB3aWR0aD0iMSIgaGVpZ2h0PSIxIiB4bWxucz0iaHR0cDovL3d3dy53My5vcmcvMjAwMC9zdmciPjwvc3ZnPg==\" style=\"--smush-placeholder-width: 696px; --smush-placeholder-aspect-ratio: 696\/464;\" \/><\/a>\n\t\t\t<\/div><\/figure>\n\t\t<\/div>\n\n<div id='gallery-5' class='gallery galleryid-100873 gallery-columns-3 gallery-size-thumbnail'><figure class='gallery-item'>\n\t\t\t<div class='gallery-icon landscape'>\n\t\t\t\t<a href='https:\/\/autolivraria.com.br\/bc\/wp-content\/uploads\/2019\/01\/Citroen-C4-Cactus-Feel-Pack-int03.jpg'><img decoding=\"async\" width=\"222\" height=\"222\" data-src=\"https:\/\/autolivraria.com.br\/bc\/wp-content\/uploads\/2019\/01\/Citroen-C4-Cactus-Feel-Pack-int03-222x222.jpg\" class=\"attachment-thumbnail size-thumbnail lazyload\" alt=\"\" src=\"data:image\/svg+xml;base64,PHN2ZyB3aWR0aD0iMSIgaGVpZ2h0PSIxIiB4bWxucz0iaHR0cDovL3d3dy53My5vcmcvMjAwMC9zdmciPjwvc3ZnPg==\" style=\"--smush-placeholder-width: 222px; --smush-placeholder-aspect-ratio: 222\/222;\" \/><\/a>\n\t\t\t<\/div><\/figure><figure class='gallery-item'>\n\t\t\t<div class='gallery-icon landscape'>\n\t\t\t\t<a href='https:\/\/autolivraria.com.br\/bc\/wp-content\/uploads\/2019\/01\/Citroen-C4-Cactus-Feel-Pack-banco1.jpg'><img decoding=\"async\" width=\"222\" height=\"222\" data-src=\"https:\/\/autolivraria.com.br\/bc\/wp-content\/uploads\/2019\/01\/Citroen-C4-Cactus-Feel-Pack-banco1-222x222.jpg\" class=\"attachment-thumbnail size-thumbnail lazyload\" alt=\"\" src=\"data:image\/svg+xml;base64,PHN2ZyB3aWR0aD0iMSIgaGVpZ2h0PSIxIiB4bWxucz0iaHR0cDovL3d3dy53My5vcmcvMjAwMC9zdmciPjwvc3ZnPg==\" style=\"--smush-placeholder-width: 222px; --smush-placeholder-aspect-ratio: 222\/222;\" \/><\/a>\n\t\t\t<\/div><\/figure><figure class='gallery-item'>\n\t\t\t<div class='gallery-icon landscape'>\n\t\t\t\t<a href='https:\/\/autolivraria.com.br\/bc\/wp-content\/uploads\/2019\/01\/Citroen-C4-Cactus-Feel-Pack-banco2.jpg'><img decoding=\"async\" width=\"222\" height=\"222\" data-src=\"https:\/\/autolivraria.com.br\/bc\/wp-content\/uploads\/2019\/01\/Citroen-C4-Cactus-Feel-Pack-banco2-222x222.jpg\" class=\"attachment-thumbnail size-thumbnail lazyload\" alt=\"\" src=\"data:image\/svg+xml;base64,PHN2ZyB3aWR0aD0iMSIgaGVpZ2h0PSIxIiB4bWxucz0iaHR0cDovL3d3dy53My5vcmcvMjAwMC9zdmciPjwvc3ZnPg==\" style=\"--smush-placeholder-width: 222px; --smush-placeholder-aspect-ratio: 222\/222;\" \/><\/a>\n\t\t\t<\/div><\/figure>\n\t\t<\/div>\n\n<p style=\"text-align: center;\"><em>Interior de acabamento adequado tem boas acomoda\u00e7\u00f5es na frente e regulares atr\u00e1s, com cintos de tr\u00eas pontos para todos; instrumentos digitais v\u00eam do C4 Lounge<\/em><\/p>\n<p>&nbsp;<\/p>\n<p><strong>Posto do motorista<br \/>\n<\/strong>A posi\u00e7\u00e3o ao dirigir o C4 Cactus \u00e9 confort\u00e1vel, com banco bem definido (poderia ter mais apoio lombar) e volante ajust\u00e1vel em altura e dist\u00e2ncia. Embora simples em apar\u00eancia, o quadro de instrumentos digital cedido pelo <a href=\"https:\/\/autolivraria.com.br\/bc\/tag\/c4-lounge\" target=\"_blank\" rel=\"noopener\">C4 Lounge<\/a> cumpre bem sua fun\u00e7\u00e3o, com leitura sempre f\u00e1cil \u2014 salvo quando reflete os raios solares que incidem sobre a coluna de dire\u00e7\u00e3o. A segunda medi\u00e7\u00e3o do computador de bordo, curiosamente, s\u00f3 tem acesso pela central de \u00e1udio. Os far\u00f3is s\u00e3o simples, de refletor \u00fanico, mas ele traz unidades de neblina na frente e atr\u00e1s, luzes diurnas por <a href=\"https:\/\/autolivraria.com.br\/bc\/glossario-l\/#led\" target=\"_blank\" rel=\"noopener\">leds<\/a> e repetidores laterais das luzes de dire\u00e7\u00e3o. A visibilidade \u00e9 regular nos \u00e2ngulos dianteiros e bem limitada para tr\u00e1s.\u00a0<span style=\"color: #cc0000;\"><strong><em>1 ponto<\/em><\/strong><\/span><\/p>\n<p>&nbsp;<\/p>\n<blockquote><p>O motor tem n\u00edveis moderados de ru\u00eddos e vibra\u00e7\u00f5es e a resposta inicial convence; acelerar de 0 a 100 km\/h em 12,5 segundos est\u00e1 coerente com a proposta<\/p><\/blockquote>\n<p>&nbsp;<\/p>\n<p><strong>Espa\u00e7o<br \/>\n<\/strong>O novo Citro\u00ebn acomoda bem na frente. No banco traseiro, o espa\u00e7o para pernas e em altura \u00e9 bom, mas a largura n\u00e3o d\u00e1 conta de tr\u00eas adultos, como \u00e9 comum na categoria. Um passageiro central n\u00e3o encontra muito conforto.\u00a0<span style=\"color: #cc0000;\"><strong><em>0,5 ponto<\/em><\/strong><\/span><\/p>\n<p><strong>Porta-malas<br \/>\n<\/strong>A capacidade de bagagem, 320 litros, est\u00e1 entre as menores da classe: v\u00e1rios rivais passam de 400 litros. Al\u00e9m disso, o acesso \u00e9 limitado pela base das mais altas e o estepe de 15 pol fica bem menor que os demais pneus, impondo limita\u00e7\u00f5es de uso. O banco traseiro \u00e9 bipartido em 60:40.\u00a0<span style=\"color: #cc0000;\"><strong><em>0,5 ponto<\/em><\/strong><\/span><\/p>\n<p>&nbsp;<\/p>\n<div id='gallery-6' class='gallery galleryid-100873 gallery-columns-2 gallery-size-medium'><figure class='gallery-item'>\n\t\t\t<div class='gallery-icon landscape'>\n\t\t\t\t<a href='https:\/\/autolivraria.com.br\/bc\/wp-content\/uploads\/2019\/01\/Citroen-C4-Cactus-Feel-Pack-det06.jpg'><img decoding=\"async\" width=\"340\" height=\"226\" data-src=\"https:\/\/autolivraria.com.br\/bc\/wp-content\/uploads\/2019\/01\/Citroen-C4-Cactus-Feel-Pack-det06-340x226.jpg\" class=\"attachment-medium size-medium lazyload\" alt=\"\" src=\"data:image\/svg+xml;base64,PHN2ZyB3aWR0aD0iMSIgaGVpZ2h0PSIxIiB4bWxucz0iaHR0cDovL3d3dy53My5vcmcvMjAwMC9zdmciPjwvc3ZnPg==\" style=\"--smush-placeholder-width: 340px; --smush-placeholder-aspect-ratio: 340\/226;\" \/><\/a>\n\t\t\t<\/div><\/figure><figure class='gallery-item'>\n\t\t\t<div class='gallery-icon landscape'>\n\t\t\t\t<a href='https:\/\/autolivraria.com.br\/bc\/wp-content\/uploads\/2019\/01\/Citroen-C4-Cactus-Feel-Pack-det05.jpg'><img decoding=\"async\" width=\"340\" height=\"226\" data-src=\"https:\/\/autolivraria.com.br\/bc\/wp-content\/uploads\/2019\/01\/Citroen-C4-Cactus-Feel-Pack-det05-340x226.jpg\" class=\"attachment-medium size-medium lazyload\" alt=\"\" src=\"data:image\/svg+xml;base64,PHN2ZyB3aWR0aD0iMSIgaGVpZ2h0PSIxIiB4bWxucz0iaHR0cDovL3d3dy53My5vcmcvMjAwMC9zdmciPjwvc3ZnPg==\" style=\"--smush-placeholder-width: 340px; --smush-placeholder-aspect-ratio: 340\/226;\" \/><\/a>\n\t\t\t<\/div><\/figure>\n\t\t<\/div>\n\n<div id='gallery-7' class='gallery galleryid-100873 gallery-columns-3 gallery-size-222px'><figure class='gallery-item'>\n\t\t\t<div class='gallery-icon landscape'>\n\t\t\t\t<a href='https:\/\/autolivraria.com.br\/bc\/wp-content\/uploads\/2019\/01\/Citroen-C4-Cactus-Feel-Pack-det04.jpg'><img decoding=\"async\" width=\"222\" height=\"148\" data-src=\"https:\/\/autolivraria.com.br\/bc\/wp-content\/uploads\/2019\/01\/Citroen-C4-Cactus-Feel-Pack-det04-222x148.jpg\" class=\"attachment-222px size-222px lazyload\" alt=\"\" src=\"data:image\/svg+xml;base64,PHN2ZyB3aWR0aD0iMSIgaGVpZ2h0PSIxIiB4bWxucz0iaHR0cDovL3d3dy53My5vcmcvMjAwMC9zdmciPjwvc3ZnPg==\" style=\"--smush-placeholder-width: 222px; --smush-placeholder-aspect-ratio: 222\/148;\" \/><\/a>\n\t\t\t<\/div><\/figure><figure class='gallery-item'>\n\t\t\t<div class='gallery-icon landscape'>\n\t\t\t\t<a href='https:\/\/autolivraria.com.br\/bc\/wp-content\/uploads\/2019\/01\/Citroen-C4-Cactus-Feel-Pack-det10.jpg'><img decoding=\"async\" width=\"222\" height=\"148\" data-src=\"https:\/\/autolivraria.com.br\/bc\/wp-content\/uploads\/2019\/01\/Citroen-C4-Cactus-Feel-Pack-det10-222x148.jpg\" class=\"attachment-222px size-222px lazyload\" alt=\"\" src=\"data:image\/svg+xml;base64,PHN2ZyB3aWR0aD0iMSIgaGVpZ2h0PSIxIiB4bWxucz0iaHR0cDovL3d3dy53My5vcmcvMjAwMC9zdmciPjwvc3ZnPg==\" style=\"--smush-placeholder-width: 222px; --smush-placeholder-aspect-ratio: 222\/148;\" \/><\/a>\n\t\t\t<\/div><\/figure><figure class='gallery-item'>\n\t\t\t<div class='gallery-icon landscape'>\n\t\t\t\t<a href='https:\/\/autolivraria.com.br\/bc\/wp-content\/uploads\/2019\/01\/Citroen-C4-Cactus-Feel-Pack-pm.jpg'><img decoding=\"async\" width=\"222\" height=\"148\" data-src=\"https:\/\/autolivraria.com.br\/bc\/wp-content\/uploads\/2019\/01\/Citroen-C4-Cactus-Feel-Pack-pm-222x148.jpg\" class=\"attachment-222px size-222px lazyload\" alt=\"\" src=\"data:image\/svg+xml;base64,PHN2ZyB3aWR0aD0iMSIgaGVpZ2h0PSIxIiB4bWxucz0iaHR0cDovL3d3dy53My5vcmcvMjAwMC9zdmciPjwvc3ZnPg==\" style=\"--smush-placeholder-width: 222px; --smush-placeholder-aspect-ratio: 222\/148;\" \/><\/a>\n\t\t\t<\/div><\/figure>\n\t\t<\/div>\n\n<p style=\"text-align: center;\"><em>Central de \u00e1udio com tela de 7 pol e integra\u00e7\u00e3o a celular \u00e9 f\u00e1cil de operar, mas inclui comandos de ar-condicionado; far\u00f3is e limpador autom\u00e1ticos; chave presencial; porta-malas pequeno<\/em><\/p>\n<p>&nbsp;<\/p>\n<p><strong>Desempenho<br \/>\n<\/strong>O motor dessa vers\u00e3o \u00e9 bem conhecido no grupo PSA, de 1,6 litro e 16 v\u00e1lvulas, com pot\u00eancia de 115 cv (com gasolina) ou 118 cv (\u00e1lcool) e bom torque. Tem n\u00edveis moderados de ru\u00eddos e vibra\u00e7\u00f5es e a resposta inicial convence, ajudada pelo peso contido (1.204 kg). Quando se pede mais pot\u00eancia o resultado \u00e9 mais modesto, mas acelerar de 0 a 100 km\/h em 12,5 segundos est\u00e1 coerente com a proposta. A caixa autom\u00e1tica de seis marchas tem opera\u00e7\u00e3o suave, sele\u00e7\u00e3o manual via alavanca e tr\u00eas programas de uso: normal, esporte e econ\u00f4mico.\u00a0<span style=\"color: #cc0000;\"><strong><em>0,5 ponto<\/em><\/strong><\/span><\/p>\n<p>&nbsp;<\/p>\n<div class='code-block code-block-6' style='margin: 28px auto; text-align: center; display: block; clear: both;'>\n<script async src=\"https:\/\/pagead2.googlesyndication.com\/pagead\/js\/adsbygoogle.js\"><\/script>\n<!-- AL-quadrado -->\n<ins class=\"adsbygoogle\"\n     style=\"display:block\"\n     data-ad-client=\"ca-pub-1914799802606213\"\n     data-ad-slot=\"5683066082\"\n     data-ad-format=\"auto\"\n     data-full-width-responsive=\"true\"><\/ins>\n<script>\n     (adsbygoogle = window.adsbygoogle || []).push({});\n<\/script><\/div>\n\n<p>&nbsp;<\/p>\n<p><strong>Consumo<br \/>\n<\/strong>O consumo de gasolina superou 13 km\/l nos dois trajetos mais favor\u00e1veis, marcas muito positivas. Na categoria, nos testes at\u00e9 agora, ele foi o mais econ\u00f4mico em rodovia e s\u00f3 perdeu para <a href=\"https:\/\/autolivraria.com.br\/bc\/tag\/kicks\" target=\"_blank\" rel=\"noopener\">Nissan Kicks<\/a> e <a href=\"https:\/\/autolivraria.com.br\/bc\/tag\/hr-v\" target=\"_blank\" rel=\"noopener\">Honda HR-V<\/a> no percurso urbano leve.\u00a0<span style=\"color: #cc0000;\"><strong><em>1 ponto<\/em><\/strong><\/span><\/p>\n<p><strong>Comportamento din\u00e2mico<br \/>\n<\/strong>O C4 Cactus brasileiro teve a suspens\u00e3o toda revista, at\u00e9 pelo grande aumento (em 34 mm) na altura de rodagem. O resultado \u00e9 bom em conforto, com amortecedores macios no come\u00e7o do curso, mas a suspens\u00e3o transmite bem os maiores impactos. A estabilidade \u00e9 adequada para a proposta e h\u00e1 <a href=\"https:\/\/autolivraria.com.br\/bc\/glossario-c\/#esp\" target=\"_blank\" rel=\"noopener\">controle eletr\u00f4nico<\/a>. O de tra\u00e7\u00e3o n\u00e3o pode ser desligado, um poss\u00edvel problema em trechos com mais lama. Seus freios s\u00e3o corretos e a dire\u00e7\u00e3o, bem leve em manobras, ganha peso adequado em velocidade, mas poderia transmitir menos impactos do piso.\u00a0<span style=\"color: #cc0000;\"><strong><em>1 ponto<\/em><\/strong><\/span><\/p>\n<p>&nbsp;<\/p>\n<div id='gallery-8' class='gallery galleryid-100873 gallery-columns-1 gallery-size-large'><figure class='gallery-item'>\n\t\t\t<div class='gallery-icon landscape'>\n\t\t\t\t<a href='https:\/\/autolivraria.com.br\/bc\/wp-content\/uploads\/2019\/01\/Citroen-C4-Cactus-Feel-Pack-11.jpg'><img decoding=\"async\" width=\"696\" height=\"464\" data-src=\"https:\/\/autolivraria.com.br\/bc\/wp-content\/uploads\/2019\/01\/Citroen-C4-Cactus-Feel-Pack-11-696x464.jpg\" class=\"attachment-large size-large lazyload\" alt=\"\" src=\"data:image\/svg+xml;base64,PHN2ZyB3aWR0aD0iMSIgaGVpZ2h0PSIxIiB4bWxucz0iaHR0cDovL3d3dy53My5vcmcvMjAwMC9zdmciPjwvc3ZnPg==\" style=\"--smush-placeholder-width: 696px; --smush-placeholder-aspect-ratio: 696\/464;\" \/><\/a>\n\t\t\t<\/div><\/figure>\n\t\t<\/div>\n\n<div id='gallery-9' class='gallery galleryid-100873 gallery-columns-3 gallery-size-222px'><figure class='gallery-item'>\n\t\t\t<div class='gallery-icon landscape'>\n\t\t\t\t<a href='https:\/\/autolivraria.com.br\/bc\/wp-content\/uploads\/2019\/01\/Citroen-C4-Cactus-Feel-Pack-motor.jpg'><img decoding=\"async\" width=\"222\" height=\"148\" data-src=\"https:\/\/autolivraria.com.br\/bc\/wp-content\/uploads\/2019\/01\/Citroen-C4-Cactus-Feel-Pack-motor-222x148.jpg\" class=\"attachment-222px size-222px lazyload\" alt=\"\" aria-describedby=\"gallery-9-100921\" src=\"data:image\/svg+xml;base64,PHN2ZyB3aWR0aD0iMSIgaGVpZ2h0PSIxIiB4bWxucz0iaHR0cDovL3d3dy53My5vcmcvMjAwMC9zdmciPjwvc3ZnPg==\" style=\"--smush-placeholder-width: 222px; --smush-placeholder-aspect-ratio: 222\/148;\" \/><\/a>\n\t\t\t<\/div>\n\t\t\t\t<figcaption class='wp-caption-text gallery-caption' id='gallery-9-100921'>\n\t\t\t\tC4 Cactus\n\t\t\t\t<\/figcaption><\/figure><figure class='gallery-item'>\n\t\t\t<div class='gallery-icon landscape'>\n\t\t\t\t<a href='https:\/\/autolivraria.com.br\/bc\/wp-content\/uploads\/2019\/01\/Citroen-C4-Cactus-Feel-Pack-cambio.jpg'><img decoding=\"async\" width=\"222\" height=\"148\" data-src=\"https:\/\/autolivraria.com.br\/bc\/wp-content\/uploads\/2019\/01\/Citroen-C4-Cactus-Feel-Pack-cambio-222x148.jpg\" class=\"attachment-222px size-222px lazyload\" alt=\"\" src=\"data:image\/svg+xml;base64,PHN2ZyB3aWR0aD0iMSIgaGVpZ2h0PSIxIiB4bWxucz0iaHR0cDovL3d3dy53My5vcmcvMjAwMC9zdmciPjwvc3ZnPg==\" style=\"--smush-placeholder-width: 222px; --smush-placeholder-aspect-ratio: 222\/148;\" \/><\/a>\n\t\t\t<\/div><\/figure><figure class='gallery-item'>\n\t\t\t<div class='gallery-icon landscape'>\n\t\t\t\t<a href='https:\/\/autolivraria.com.br\/bc\/wp-content\/uploads\/2019\/01\/Citroen-C4-Cactus-Feel-Pack-25.jpg'><img decoding=\"async\" width=\"222\" height=\"148\" data-src=\"https:\/\/autolivraria.com.br\/bc\/wp-content\/uploads\/2019\/01\/Citroen-C4-Cactus-Feel-Pack-25-222x148.jpg\" class=\"attachment-222px size-222px lazyload\" alt=\"\" src=\"data:image\/svg+xml;base64,PHN2ZyB3aWR0aD0iMSIgaGVpZ2h0PSIxIiB4bWxucz0iaHR0cDovL3d3dy53My5vcmcvMjAwMC9zdmciPjwvc3ZnPg==\" style=\"--smush-placeholder-width: 222px; --smush-placeholder-aspect-ratio: 222\/148;\" \/><\/a>\n\t\t\t<\/div><\/figure>\n\t\t<\/div>\n\n<p style=\"text-align: center;\"><em>Motor aspirado tem bom desempenho e baixo consumo com a caixa autom\u00e1tica de seis marchas; suspens\u00e3o traz rodar macio, mas pode absorver melhor os impactos<\/em><\/p>\n<p>&nbsp;<\/p>\n<p><strong>Seguran\u00e7a passiva<br \/>\n<\/strong>A vers\u00e3o Feel Pack vem com bolsas infl\u00e1veis laterais dianteiras, assim como fixa\u00e7\u00e3o <a href=\"https:\/\/autolivraria.com.br\/bc\/glossario-i\/#isof\" target=\"_blank\" rel=\"noopener\">Isofix<\/a> para cadeira infantil, encostos de cabe\u00e7a e cintos de tr\u00eas pontos para cinco pessoas. Um bom conjunto, mas ficam de fora as cortinas infl\u00e1veis da op\u00e7\u00e3o de topo.\u00a0<span style=\"color: #cc0000;\"><strong><em>0,5 ponto<\/em><\/strong><\/span><\/p>\n<p><strong>Custo-benef\u00edcio<br \/>\n<\/strong>A vers\u00e3o superior do C4 Cactus aspirado custa R$ 87 mil com um bom pacote de equipamentos \u2014 os itens dispon\u00edveis s\u00e3o acess\u00f3rios. Como est\u00e3o os concorrentes? O <a href=\"https:\/\/autolivraria.com.br\/bc\/tag\/ecosport\" target=\"_blank\" rel=\"noopener\">Ford Ecosport SE<\/a> tem motor de 1,5 litro (131\/137 cv) e custa pouco menos (R$ 85.250), mas seu conte\u00fado deixa de fora itens como bolsas infl\u00e1veis laterais, c\u00e2mera traseira e chave presencial. O <a href=\"https:\/\/autolivraria.com.br\/bc\/tag\/renegade\" target=\"_blank\" rel=\"noopener\">Jeep Renegade Sport<\/a>, de pre\u00e7o pr\u00f3ximo (R$ 86 mil), usa motor de 1,75 litro (135\/139 cv) e tem a c\u00e2mera, mas tamb\u00e9m lhe faltam os outros itens. Portanto, dentro do segmento de SUVs, a rela\u00e7\u00e3o custo-benef\u00edcio do C4 Cactus aspirado \u00e9 bem interessante.\u00a0<span style=\"color: #cc0000;\"><strong><em>1 ponto<\/em><\/strong><\/span><\/p>\n<p>&nbsp;<\/p>\n<p><img decoding=\"async\" class=\"aligncenter size-medium wp-image-93004 lazyload\" data-src=\"https:\/\/autolivraria.com.br\/bc\/wp-content\/uploads\/2018\/03\/caixa-7-meio-340x218.png\" alt=\"7,5 pontos\" width=\"340\" height=\"218\" data-srcset=\"https:\/\/autolivraria.com.br\/bc\/wp-content\/uploads\/2018\/03\/caixa-7-meio-340x218.png 340w, https:\/\/autolivraria.com.br\/bc\/wp-content\/uploads\/2018\/03\/caixa-7-meio-696x447.png 696w, https:\/\/autolivraria.com.br\/bc\/wp-content\/uploads\/2018\/03\/caixa-7-meio-654x420.png 654w, https:\/\/autolivraria.com.br\/bc\/wp-content\/uploads\/2018\/03\/caixa-7-meio-222x143.png 222w, https:\/\/autolivraria.com.br\/bc\/wp-content\/uploads\/2018\/03\/caixa-7-meio.png 794w\" data-sizes=\"(max-width: 340px) 100vw, 340px\" src=\"data:image\/svg+xml;base64,PHN2ZyB3aWR0aD0iMSIgaGVpZ2h0PSIxIiB4bWxucz0iaHR0cDovL3d3dy53My5vcmcvMjAwMC9zdmciPjwvc3ZnPg==\" style=\"--smush-placeholder-width: 340px; --smush-placeholder-aspect-ratio: 340\/218;\" \/><\/p>\n<p>&nbsp;<\/p>\n<a href='https:\/\/autolivraria.com.br\/bc\/avaliacoes\/' class='small-button smallsilver'>Mais Avalia\u00e7\u00f5es<\/a>\n<p>&nbsp;<\/p>\n<div class='et-box et-shadow'>\n\t\t\t\t\t<div class='et-box-content'><h2>Equipamentos e pre\u00e7os<\/h2>\n<p>\u2022 <strong>C4 Cactus Feel Pack<\/strong> &#8211; Alarme volum\u00e9trico, ar-condicionado autom\u00e1tico, <a href=\"https:\/\/autolivraria.com.br\/bc\/glossario-a\/#ramp\" target=\"_blank\" rel=\"noopener\">assistente de sa\u00edda em rampa<\/a>, banco traseiro bipartido 60:40, bolsas infl\u00e1veis laterais dianteiras, c\u00e2mera traseira de manobras, central de \u00e1udio com tela de 7 pol e <a href=\"https:\/\/autolivraria.com.br\/bc\/glossario-e\/#espe\" target=\"_blank\" rel=\"noopener\">integra\u00e7\u00e3o a celular<\/a>, chave presencial para acesso e partida, computador de bordo, controlador e limitador de velocidade, controle el\u00e9trico de vidros com fun\u00e7\u00e3o um-toque para todos, <a href=\"https:\/\/autolivraria.com.br\/bc\/glossario-c\/#esp\" target=\"_blank\" rel=\"noopener\">controle eletr\u00f4nico de estabilidade e tra\u00e7\u00e3o<\/a>, far\u00f3is de neblina, far\u00f3is e limpador de para-brisa autom\u00e1ticos, fixa\u00e7\u00e3o <a href=\"https:\/\/autolivraria.com.br\/bc\/glossario-i\/#isof\" target=\"_blank\" rel=\"noopener\">Isofix<\/a> para cadeiras infantis, luzes diurnas de leds, monitor de press\u00e3o dos pneus, rodas de alum\u00ednio de 17 pol, volante de couro com ajuste em altura e dist\u00e2ncia.<\/p>\n<p>\u2022 <strong>Opcionais e acess\u00f3rios:<\/strong> pacote Plus (frisos de porta, protetor de c\u00e1rter, tapetes), pacote Tech (sensores de estacionamento traseiros e rebatimento do retrovisor direito em marcha \u00e0 r\u00e9), pacote Voyage (barras transversais de teto, engate remov\u00edvel, porta-bicicleta).<\/p>\n<p><strong>\u2022\u00a0Pre\u00e7o\u00a0sem opcionais:<\/strong>\u00a0R$ 86.990<\/p>\n<p><strong>\u2022\u00a0Pre\u00e7o\u00a0como avaliado:<\/strong> R$ 86.990<\/p>\n<p><strong>\u2022\u00a0Pre\u00e7o\u00a0completo:<\/strong>\u00a0R$ 94.111<\/p>\n<p><strong>\u2022\u00a0Garantia<\/strong>: tr\u00eas anos sem limite de quilometragem.<\/p>\n<p><em>Pre\u00e7os sugeridos em jan\/19<\/em><\/p><\/div><\/div>\n<p>&nbsp;<\/p>\n<div class='et-box et-shadow'>\n\t\t\t\t\t<div class='et-box-content'><h2>Desempenho e consumo<\/h2>\n<table id=\"table6087\" style=\"height: 299px;\" border=\"0\" cellspacing=\"0\" cellpadding=\"3\">\n<tbody>\n<tr style=\"height: 23px;\">\n<td style=\"height: 23px;\" colspan=\"3\" valign=\"top\"><strong>Acelera\u00e7\u00e3o<\/strong><\/td>\n<\/tr>\n<tr style=\"height: 23px;\">\n<td style=\"width: 50%; height: 23px;\" valign=\"top\">0 a 100 km\/h<\/td>\n<td style=\"width: 50%; height: 23px;\" valign=\"top\">12,5 s<\/td>\n<\/tr>\n<tr style=\"height: 23px;\">\n<td style=\"height: 23px;\" valign=\"top\">0 a 120 km\/h<\/td>\n<td style=\"height: 23px;\" valign=\"top\">18,0 s<\/td>\n<\/tr>\n<tr style=\"height: 23px;\">\n<td style=\"height: 23px;\" valign=\"top\">0 a 400 m<\/td>\n<td style=\"height: 23px;\" valign=\"top\">18,6 s<\/td>\n<\/tr>\n<tr style=\"height: 23px;\">\n<td style=\"height: 23px;\" colspan=\"3\" valign=\"top\"><strong>Retomada*<\/strong><\/td>\n<\/tr>\n<tr style=\"height: 23px;\">\n<td style=\"height: 23px;\" valign=\"top\">60 a 100 km\/h<\/td>\n<td style=\"height: 23px;\" valign=\"top\">8,1 s<\/td>\n<\/tr>\n<tr style=\"height: 23px;\">\n<td style=\"height: 23px;\" valign=\"top\">60 a 120 km\/h<\/td>\n<td style=\"height: 23px;\" valign=\"top\">13,8 s<\/td>\n<\/tr>\n<tr style=\"height: 23px;\">\n<td style=\"height: 23px;\" valign=\"top\">80 a 120 km\/h<\/td>\n<td style=\"height: 23px;\" valign=\"top\">9,7 s<\/td>\n<\/tr>\n<tr style=\"height: 23px;\">\n<td style=\"height: 23px;\" colspan=\"3\" valign=\"top\"><strong>Consumo<\/strong><\/td>\n<\/tr>\n<tr style=\"height: 23px;\">\n<td style=\"height: 23px;\" valign=\"top\">Trajeto leve em cidade<\/td>\n<td style=\"height: 23px;\" valign=\"top\">13,3 km\/l<\/td>\n<\/tr>\n<tr style=\"height: 23px;\">\n<td style=\"height: 23px;\" valign=\"top\">Trajeto exigente em cidade<\/td>\n<td style=\"height: 23px;\" valign=\"top\">7,0 km\/l<\/td>\n<\/tr>\n<tr style=\"height: 23px;\">\n<td style=\"height: 23px;\" valign=\"top\">Trajeto em rodovia<\/td>\n<td style=\"height: 23px;\" valign=\"top\">13,8 km\/l<\/td>\n<\/tr>\n<tr style=\"height: 23px;\">\n<td style=\"height: 23px;\" colspan=\"2\" valign=\"top\">Testes com gasolina; *redu\u00e7\u00f5es autom\u00e1ticas;\u00a0<a title=\"M\u00e9todos de medi\u00e7\u00e3o de desempenho e consumo\" href=\"https:\/\/autolivraria.com.br\/bc\/metodos-de-medicao-de-desempenho-e-consumo\/\" target=\"_blank\" rel=\"noopener\">conhe\u00e7a nossos m\u00e9todos de medi\u00e7\u00e3o<\/a><\/td>\n<\/tr>\n<\/tbody>\n<\/table><\/div><\/div>\n<p>&nbsp;<\/p>\n<div class='et-box et-shadow'>\n\t\t\t\t\t<div class='et-box-content'><h2>Ficha t\u00e9cnica<\/h2>\n<table id=\"table61\" style=\"width: 100%;\" border=\"0\" width=\"100%\" cellspacing=\"0\" cellpadding=\"3\">\n<tbody>\n<tr>\n<td style=\"width: 70%;\" colspan=\"2\" valign=\"top\" bgcolor=\"#FFFFFF\" width=\"50%\"><strong>Motor<\/strong><\/td>\n<\/tr>\n<tr>\n<td style=\"width: 50%;\" valign=\"top\" width=\"50%\">Posi\u00e7\u00e3o<\/td>\n<td style=\"width: 50%;\" valign=\"top\" width=\"50%\">transversal<\/td>\n<\/tr>\n<tr>\n<td style=\"width: 50%;\" valign=\"top\" width=\"50%\">Cilindros<\/td>\n<td style=\"width: 50%;\" valign=\"top\" width=\"50%\">4 em linha<\/td>\n<\/tr>\n<tr>\n<td style=\"width: 50%;\" valign=\"top\" width=\"50%\">Comando de v\u00e1lvulas<\/td>\n<td style=\"width: 50%;\" valign=\"top\" width=\"50%\">duplo no cabe\u00e7ote<\/td>\n<\/tr>\n<tr>\n<td style=\"width: 50%;\" valign=\"top\" width=\"50%\">V\u00e1lvulas por cilindro<\/td>\n<td style=\"width: 50%;\" valign=\"top\" width=\"50%\">4, varia\u00e7\u00e3o de tempo<\/td>\n<\/tr>\n<tr>\n<td style=\"width: 50%;\" valign=\"top\" width=\"50%\">Di\u00e2metro e curso<\/td>\n<td style=\"width: 50%;\" valign=\"top\" width=\"50%\">78,5 x 82 mm<\/td>\n<\/tr>\n<tr>\n<td style=\"width: 50%;\" valign=\"top\" width=\"50%\">Cilindrada<\/td>\n<td style=\"width: 50%;\" valign=\"top\" width=\"50%\">1.587 cm\u00b3<\/td>\n<\/tr>\n<tr>\n<td style=\"width: 50%;\" valign=\"top\" width=\"50%\">Taxa de compress\u00e3o<\/td>\n<td style=\"width: 50%;\" valign=\"top\" width=\"50%\">12,5:1<\/td>\n<\/tr>\n<tr>\n<td style=\"width: 50%;\" valign=\"top\" width=\"50%\">Alimenta\u00e7\u00e3o<\/td>\n<td style=\"width: 50%;\" valign=\"top\" width=\"50%\">inje\u00e7\u00e3o multiponto sequencial<\/td>\n<\/tr>\n<tr>\n<td style=\"width: 50%;\" valign=\"top\" width=\"50%\">Pot\u00eancia m\u00e1xima (gas.\/\u00e1lc.)<\/td>\n<td style=\"width: 50%;\" valign=\"top\" width=\"50%\">115\/118 cv a 5.750 rpm<\/td>\n<\/tr>\n<tr>\n<td style=\"width: 50%;\" valign=\"top\" width=\"50%\">Torque m\u00e1ximo (gas.\/\u00e1lc.)<\/td>\n<td style=\"width: 50%;\" valign=\"top\" width=\"50%\">15,5\/16,4 m.kgf a 4.000 rpm<\/td>\n<\/tr>\n<tr>\n<td style=\"width: 70%;\" colspan=\"2\" valign=\"top\" bgcolor=\"#FFFFFF\" width=\"50%\"><strong>Transmiss\u00e3o<\/strong><\/td>\n<\/tr>\n<tr>\n<td style=\"width: 50%;\" valign=\"top\" width=\"50%\">Tipo de caxa e marchas<\/td>\n<td style=\"width: 50%;\" valign=\"top\" width=\"50%\">autom\u00e1tica, 6<\/td>\n<\/tr>\n<tr>\n<td style=\"width: 50%;\" valign=\"top\" width=\"50%\">Tra\u00e7\u00e3o<\/td>\n<td style=\"width: 50%;\" valign=\"top\" width=\"50%\">dianteira<\/td>\n<\/tr>\n<tr>\n<td style=\"width: 70%;\" colspan=\"2\" valign=\"top\" bgcolor=\"#FFFFFF\" width=\"50%\"><strong>Freios<\/strong><\/td>\n<\/tr>\n<tr>\n<td style=\"width: 50%;\" valign=\"top\" width=\"50%\">Dianteiros<\/td>\n<td style=\"width: 50%;\" valign=\"top\" width=\"60%\">a disco ventilado<\/td>\n<\/tr>\n<tr>\n<td style=\"width: 50%;\" valign=\"top\" width=\"50%\">Traseiros<\/td>\n<td style=\"width: 50%;\" valign=\"top\" width=\"50%\">a tambor<\/td>\n<\/tr>\n<tr>\n<td style=\"width: 50%;\" valign=\"top\" width=\"50%\">Antitravamento\u00a0(ABS)<\/td>\n<td style=\"width: 50%;\" valign=\"top\" width=\"50%\">sim<\/td>\n<\/tr>\n<tr>\n<td style=\"width: 70%;\" colspan=\"2\" valign=\"top\" bgcolor=\"#FFFFFF\" width=\"50%\"><strong>Dire\u00e7\u00e3o<\/strong><\/td>\n<\/tr>\n<tr>\n<td style=\"width: 50%;\" valign=\"top\" width=\"50%\">Sistema<\/td>\n<td style=\"width: 50%;\" valign=\"top\" width=\"50%\">pinh\u00e3o e cremalheira<\/td>\n<\/tr>\n<tr>\n<td style=\"width: 50%;\" valign=\"top\" width=\"50%\">Assist\u00eancia<\/td>\n<td style=\"width: 50%;\" valign=\"top\" width=\"50%\">el\u00e9trica<\/td>\n<\/tr>\n<tr>\n<td style=\"width: 70%;\" colspan=\"2\" valign=\"top\" bgcolor=\"#FFFFFF\" width=\"50%\"><strong>Suspens\u00e3o<\/strong><\/td>\n<\/tr>\n<tr>\n<td style=\"width: 50%;\" valign=\"top\" width=\"50%\">Dianteira<\/td>\n<td style=\"width: 50%;\" valign=\"top\" width=\"60%\">independente, McPherson, mola helicoidal<\/td>\n<\/tr>\n<tr>\n<td style=\"width: 50%;\" valign=\"top\" width=\"50%\">Traseira<\/td>\n<td style=\"width: 50%;\" valign=\"top\" width=\"60%\">eixo de tor\u00e7\u00e3o, mola helicoidal<\/td>\n<\/tr>\n<tr>\n<td style=\"width: 70%;\" colspan=\"2\" valign=\"top\" bgcolor=\"#FFFFFF\" width=\"50%\"><strong>Rodas<\/strong><\/td>\n<\/tr>\n<tr>\n<td style=\"width: 50%;\" valign=\"top\" width=\"50%\">Dimens\u00f5es<\/td>\n<td style=\"width: 50%;\" valign=\"top\" width=\"50%\">17 pol<\/td>\n<\/tr>\n<tr>\n<td style=\"width: 50%;\" valign=\"top\" width=\"50%\">Pneus<\/td>\n<td style=\"width: 50%;\" valign=\"top\" width=\"50%\">205\/55 R 17<\/td>\n<\/tr>\n<tr>\n<td style=\"width: 70%;\" colspan=\"2\" valign=\"top\" bgcolor=\"#FFFFFF\" width=\"50%\"><strong>Dimens\u00f5es<\/strong><\/td>\n<\/tr>\n<tr>\n<td style=\"width: 50%;\" valign=\"top\" width=\"50%\">Comprimento<\/td>\n<td style=\"width: 50%;\" valign=\"top\" width=\"50%\">4,17 m<\/td>\n<\/tr>\n<tr>\n<td style=\"width: 50%;\" valign=\"top\" width=\"50%\">Largura<\/td>\n<td style=\"width: 50%;\" valign=\"top\" width=\"50%\">1,714 m<\/td>\n<\/tr>\n<tr>\n<td style=\"width: 50%;\" valign=\"top\" width=\"50%\">Altura<\/td>\n<td style=\"width: 50%;\" valign=\"top\" width=\"50%\">1,534 m<\/td>\n<\/tr>\n<tr>\n<td style=\"width: 50%;\" valign=\"top\" width=\"50%\">Entre-eixos<\/td>\n<td style=\"width: 50%;\" valign=\"top\" width=\"50%\">2,60 m<\/td>\n<\/tr>\n<tr>\n<td style=\"width: 70%;\" colspan=\"2\" valign=\"top\" bgcolor=\"#FFFFFF\" width=\"50%\"><strong>Capacidades e peso<\/strong><\/td>\n<\/tr>\n<tr>\n<td style=\"width: 50%;\" valign=\"top\" width=\"50%\">Tanque de combust\u00edvel<\/td>\n<td style=\"width: 50%;\" valign=\"top\" width=\"50%\">55 l<\/td>\n<\/tr>\n<tr>\n<td style=\"width: 50%;\" valign=\"top\" width=\"50%\">Compartimento de bagagem<\/td>\n<td style=\"width: 50%;\" valign=\"top\" width=\"50%\">320 l<\/td>\n<\/tr>\n<tr>\n<td style=\"width: 50%;\" valign=\"top\" width=\"50%\">Peso em ordem de marcha<\/td>\n<td style=\"width: 50%;\" valign=\"top\" width=\"50%\">1.204 kg<\/td>\n<\/tr>\n<tr>\n<td style=\"width: 70%;\" colspan=\"2\" valign=\"top\" bgcolor=\"#FFFFFF\" width=\"50%\"><strong>Desempenho (gas.\/\u00e1lc.)<\/strong><\/td>\n<\/tr>\n<tr>\n<td style=\"width: 50%;\" valign=\"top\" width=\"50%\">Velocidade m\u00e1xima<\/td>\n<td style=\"width: 50%; vertical-align: top;\" valign=\"top\" width=\"50%\">185\/190 km\/h<\/td>\n<\/tr>\n<tr>\n<td style=\"width: 50%;\" valign=\"top\" width=\"50%\">Acelera\u00e7\u00e3o de 0 a 100 km\/h<\/td>\n<td style=\"width: 50%; vertical-align: top;\" valign=\"top\" width=\"50%\">12,1\/12,0 s<\/td>\n<\/tr>\n<tr>\n<td style=\"width: 50%;\" valign=\"top\" width=\"50%\">Consumo em cidade<\/td>\n<td style=\"width: 50%; vertical-align: top;\" valign=\"top\" width=\"50%\">11,0\/7,4 km\/l<\/td>\n<\/tr>\n<tr>\n<td style=\"width: 50%;\" valign=\"top\" width=\"50%\">Consumo em rodovia<\/td>\n<td style=\"width: 50%; vertical-align: top;\" valign=\"top\" width=\"50%\">12,2\/8,6 km\/l<\/td>\n<\/tr>\n<tr>\n<td style=\"width: 70%;\" colspan=\"2\" valign=\"top\" width=\"50%\">Dados do fabricante; consumo conforme padr\u00f5es do Inmetro<\/td>\n<\/tr>\n<\/tbody>\n<\/table><\/div><\/div>\n<p>&nbsp;<\/p>\n","protected":false},"excerpt":{"rendered":"<p>Feel Pack autom\u00e1tico de R$ 87 mil \u00e9 forte em conte\u00fado e bom de dirigir, mas ser\u00e1 boa compra na categoria?<\/p>\n","protected":false},"author":6,"featured_media":100905,"comment_status":"open","ping_status":"closed","sticky":false,"template":"","format":"standard","meta":{"_joinchat":[],"footnotes":""},"categories":[3,1826,3602,623,4237],"tags":[4435,80,2989,4558,71,624],"class_list":["post-100873","post","type-post","status-publish","format-standard","has-post-thumbnail","hentry","category-avaliacao","category-citroen-avaliacao","category-fora-de-estrada","category-videos","category-videos-destaques","tag-10-chances","tag-avaliacao-2","tag-c4-cactus","tag-c4-cactus-live","tag-citroen","tag-video"],"amp_enabled":true,"_links":{"self":[{"href":"https:\/\/autolivraria.com.br\/bc\/wp-json\/wp\/v2\/posts\/100873","targetHints":{"allow":["GET"]}}],"collection":[{"href":"https:\/\/autolivraria.com.br\/bc\/wp-json\/wp\/v2\/posts"}],"about":[{"href":"https:\/\/autolivraria.com.br\/bc\/wp-json\/wp\/v2\/types\/post"}],"author":[{"embeddable":true,"href":"https:\/\/autolivraria.com.br\/bc\/wp-json\/wp\/v2\/users\/6"}],"replies":[{"embeddable":true,"href":"https:\/\/autolivraria.com.br\/bc\/wp-json\/wp\/v2\/comments?post=100873"}],"version-history":[{"count":0,"href":"https:\/\/autolivraria.com.br\/bc\/wp-json\/wp\/v2\/posts\/100873\/revisions"}],"wp:featuredmedia":[{"embeddable":true,"href":"https:\/\/autolivraria.com.br\/bc\/wp-json\/wp\/v2\/media\/100905"}],"wp:attachment":[{"href":"https:\/\/autolivraria.com.br\/bc\/wp-json\/wp\/v2\/media?parent=100873"}],"wp:term":[{"taxonomy":"category","embeddable":true,"href":"https:\/\/autolivraria.com.br\/bc\/wp-json\/wp\/v2\/categories?post=100873"},{"taxonomy":"post_tag","embeddable":true,"href":"https:\/\/autolivraria.com.br\/bc\/wp-json\/wp\/v2\/tags?post=100873"}],"curies":[{"name":"wp","href":"https:\/\/api.w.org\/{rel}","templated":true}]}}