{"id":100937,"date":"2019-01-22T08:00:16","date_gmt":"2019-01-22T11:00:16","guid":{"rendered":"http:\/\/bestcars.uol.com.br\/bc\/?p=100937"},"modified":"2021-03-23T09:09:36","modified_gmt":"2021-03-23T12:09:36","slug":"por-que-a-industria-de-automoveis-nao-nos-ouve","status":"publish","type":"post","link":"https:\/\/autolivraria.com.br\/bc\/informe-se\/colunas\/carro-micro-macro\/por-que-a-industria-de-automoveis-nao-nos-ouve\/","title":{"rendered":"Por que a ind\u00fastria de autom\u00f3veis n\u00e3o nos ouve?"},"content":{"rendered":"<p><img fetchpriority=\"high\" decoding=\"async\" class=\"aligncenter size-full wp-image-78831\" src=\"https:\/\/autolivraria.com.br\/bc\/wp-content\/uploads\/2016\/10\/Carro-Micro-e-Macro-2.jpg\" alt=\"\" width=\"696\" height=\"107\" srcset=\"https:\/\/autolivraria.com.br\/bc\/wp-content\/uploads\/2016\/10\/Carro-Micro-e-Macro-2.jpg 696w, https:\/\/autolivraria.com.br\/bc\/wp-content\/uploads\/2016\/10\/Carro-Micro-e-Macro-2-340x52.jpg 340w, https:\/\/autolivraria.com.br\/bc\/wp-content\/uploads\/2016\/10\/Carro-Micro-e-Macro-2-222x34.jpg 222w\" sizes=\"(max-width: 696px) 100vw, 696px\" \/><\/p>\n<h2>Sugest\u00f5es vi\u00e1veis chegam \u00e0s f\u00e1bricas todos os dias e n\u00e3o s\u00e3o ouvidas, at\u00e9 que acabam por ser adotadas<\/h2>\n<p>&nbsp;<\/p>\n<p>Nos idos de 1991, tomei contato com os chips para identifica\u00e7\u00e3o via radiofrequ\u00eancia (RFID). Como eu lidasse com agroneg\u00f3cios, os representantes da empresa, que mais tarde viraria a Novacard, fornecedora de RFID para os mais diversos usos, procuraram-me para desenvolver algo relativo ao controle do gado de elite junto \u00e0s seguradoras, visto que o produto era caro demais para ser usado em animais comerciais.<\/p>\n<p>Primeiro, apresentamos para todos os fabricantes de balan\u00e7as como identificadores do que se estava pesando. Tive a ideia de moldar uma chave com um microchip dentro e sa\u00edmos por a\u00ed demonstrando, tanto para f\u00e1bricas de fechaduras como para fabricantes de autom\u00f3veis. \u00c9 bem verdade que nosso projeto n\u00e3o era funcional em si. Para demonstrar, us\u00e1vamos uma simula\u00e7\u00e3o muito pouco eficaz, mas que dava uma ideia da aplica\u00e7\u00e3o. A ind\u00fastria de fechaduras mostrou algum interesse, enquanto a de autom\u00f3veis recebeu-nos com risotas. Hoje, n\u00e3o h\u00e1 chave sem um chip e muitos carros nem chave t\u00eam, s\u00f3 o chip.<\/p>\n<p>&nbsp;<\/p>\n<blockquote><p>O foco, que acomete o mundo empresarial como um todo, virou uma carapa\u00e7a que impede que as ideias externas atinjam quem pode tomar decis\u00f5es<\/p><\/blockquote>\n<p>&nbsp;<\/p>\n<p>No fim dos anos 1980, li uma mat\u00e9ria \u2014 n\u00e3o lembro onde \u2014 em que se relatava algo semelhante acerca das anteparas de borracha para evitar mossas na pintura por conta de vagas estreitas demais em pr\u00e9dios e estacionamentos comerciais. Se bem me lembro, a ideia foi apresentada inicialmente \u00e0 Ford e causou sorrisos condescendentes. Nos anos seguintes, a come\u00e7ar pelo <a href=\"https:\/\/autolivraria.com.br\/bc\/tag\/del-rey\" target=\"_blank\" rel=\"noopener\">Del Rey<\/a>, todos os carros receberam prote\u00e7\u00f5es desse tipo, muitas vezes \u00e0 volta toda. Estou certo de que sugest\u00f5es vi\u00e1veis chegam \u00e0s f\u00e1bricas todos os dias e n\u00e3o s\u00e3o ouvidas, sequer consideradas como dignas de discuss\u00e3o. Mas por que a ind\u00fastria de autom\u00f3veis n\u00e3o nos ouve?<\/p>\n<figure id=\"attachment_100939\" aria-describedby=\"caption-attachment-100939\" style=\"width: 340px\" class=\"wp-caption alignleft\"><a href=\"https:\/\/autolivraria.com.br\/bc\/wp-content\/uploads\/2019\/01\/Corvair.jpg\"><img decoding=\"async\" class=\"size-medium wp-image-100939 lazyload\" data-src=\"https:\/\/autolivraria.com.br\/bc\/wp-content\/uploads\/2019\/01\/Corvair-340x226.jpg\" alt=\"\" width=\"340\" height=\"226\" data-srcset=\"https:\/\/autolivraria.com.br\/bc\/wp-content\/uploads\/2019\/01\/Corvair-340x226.jpg 340w, https:\/\/autolivraria.com.br\/bc\/wp-content\/uploads\/2019\/01\/Corvair-631x420.jpg 631w, https:\/\/autolivraria.com.br\/bc\/wp-content\/uploads\/2019\/01\/Corvair-222x148.jpg 222w, https:\/\/autolivraria.com.br\/bc\/wp-content\/uploads\/2019\/01\/Corvair.jpg 640w\" data-sizes=\"(max-width: 340px) 100vw, 340px\" src=\"data:image\/svg+xml;base64,PHN2ZyB3aWR0aD0iMSIgaGVpZ2h0PSIxIiB4bWxucz0iaHR0cDovL3d3dy53My5vcmcvMjAwMC9zdmciPjwvc3ZnPg==\" style=\"--smush-placeholder-width: 340px; --smush-placeholder-aspect-ratio: 340\/226;\" \/><\/a><figcaption id=\"caption-attachment-100939\" class=\"wp-caption-text\">Diante das cr\u00edticas de Ralph Nader, a ind\u00fastria sacrificou o Chevrolet Corvair e os demais modelos seguiram inc\u00f3lumes<\/figcaption><\/figure>\n<p>Ao que tudo indica, s\u00e3o duas as principais respostas para essa pergunta, uma psicol\u00f3gica e outra puramente econ\u00f4mica. A primeira \u00e9 um encadeamento de fatores, enquanto a segunda j\u00e1 foi discutida indiretamente aqui.<\/p>\n<p>Dizem que o uso do cachimbo deixa a boca torta. Por mais de 100 anos, a ind\u00fastria tinha um s\u00e9quito de admiradores que ansiavam por ter o mais novo modelo, que esperavam pelo mais recente desenvolvimento tecnol\u00f3gico. Se baterias havia contra as muralhas do cartel, poucas causavam danos. Talvez o primeiro petardo danoso tenha sido o livro <em>Inseguro em Qualquer Velocidade (Unsafe at Any Speed)<\/em>, de Ralph Nader, disparado em 1965. Defensivamente, a ind\u00fastria preferiu sacrificar um de seus pe\u00f5es \u2014 o <a href=\"https:\/\/www.autolivraria.com.br\/cpassado3\/corvair-1.htm\" target=\"_blank\" rel=\"noopener\">Chevrolet Corvair<\/a> \u2014, que levou todas as culpas, enquanto os demais modelos seguiam inc\u00f3lumes.<\/p>\n<p>Mesmo com todas as amea\u00e7as, a ind\u00fastria parece n\u00e3o ter descido do pedestal. O s\u00e9quito est\u00e1 diminuindo aos poucos, mas continua significativo, ainda capaz de criar fen\u00f4menos como os utilit\u00e1rio esporte.<\/p>\n<p>O segundo fator extrapola a ind\u00fastria e acomete o mundo empresarial como um todo: \u201co foco\u201d. O foco virou uma carapa\u00e7a que impede que as ideias externas atinjam quem pode tomar decis\u00f5es. \u00c9 evidente que manter o foco \u00e9 vital para qualquer neg\u00f3cio, desde que n\u00e3o se torne um par de viseiras, ou, pior ainda, piloto autom\u00e1tico. A\u00ed, algu\u00e9m observa esse v\u00edcio e escreve que \u201c\u00e9 preciso pensar fora da caixa\u201d \u2014 e a frase vira um bord\u00e3o e perde totalmente o sentido porque repeti-la, por si s\u00f3, \u00e9 \u201cpensar dentro da caixa\u201d.<\/p>\n<p>Ent\u00e3o, as ideias externas tornam-se \u201cass\u00e9dio\u201d. Montam-se linhas de defesa que come\u00e7am pelas recepcionistas, passam pelos estagi\u00e1rios, atingem as secret\u00e1rias, sempre preservando o foco e combatendo o ass\u00e9dio. O c\u00famulo \u00e9 omitirem-se n\u00fameros de telefone no site, reduzindo o contato externo a um formul\u00e1rio ou e-mail de \u201cfale conosco\u201d, um endere\u00e7o gen\u00e9rico de destino mais que impessoal, nebuloso.<\/p>\n<p>&nbsp;<\/p>\n<div class='code-block code-block-7' style='margin: 28px auto; text-align: center; display: block; clear: both;'>\n<script async src=\"https:\/\/pagead2.googlesyndication.com\/pagead\/js\/adsbygoogle.js\"><\/script>\n<!-- AL-quadrado -->\n<ins class=\"adsbygoogle\"\n     style=\"display:block\"\n     data-ad-client=\"ca-pub-1914799802606213\"\n     data-ad-slot=\"5683066082\"\n     data-ad-format=\"auto\"\n     data-full-width-responsive=\"true\"><\/ins>\n<script>\n     (adsbygoogle = window.adsbygoogle || []).push({});\n<\/script><\/div>\n\n<p>&nbsp;<\/p>\n<h2>Lote econ\u00f4mico<\/h2>\n<p>O segundo motivo tem a ver com a cadeia de suprimentos aliada ao que se costuma chamar de \u201clote econ\u00f4mico\u201d. Uma inven\u00e7\u00e3o, por genial que seja, precisa de uma quantidade m\u00ednima de produ\u00e7\u00e3o para tornar-se economicamente vi\u00e1vel. Como essa quantidade pode estar al\u00e9m da capacidade de absor\u00e7\u00e3o da ind\u00fastria, \u00e9 preciso que a ideia caia nas gra\u00e7as os fornecedores para que fa\u00e7am o investimento em pesquisa e desenvolvimento (P&amp;D), na expectativa de vender para a ind\u00fastria como um todo.<\/p>\n<p>Circuitos dedicados s\u00e3o bom exemplo disso. Imaginemos um computador emburrecido que s\u00f3 faz uma tarefa, como o do sistema de freios antitravamento (ABS), por exemplo. Ele tem uma arquitetura minimalista, tanto em instru\u00e7\u00f5es internas como na forma com que os dados s\u00e3o transferidos internamente, numa arquitetura denominada RISC (sigla em ingl\u00eas para computador com conjunto reduzido de instru\u00e7\u00f5es). O resultado \u00e9 um chip muito mais barato e r\u00e1pido para resolver aquele problema espec\u00edfico. O limite \u00e9 que, depois de instalado, n\u00e3o pode receber uma vers\u00e3o atualizada \u2014 s\u00f3 trocando o processador.<\/p>\n<p>&nbsp;<\/p>\n<blockquote><p>Uma s\u00f3 empresa n\u00e3o suporta todo o investimento em P&amp;D: \u00e9 preciso que a cadeia de suprimentos aposte na solu\u00e7\u00e3o, que ser\u00e1 vendida a todas as marcas<\/p><\/blockquote>\n<p>&nbsp;<\/p>\n<figure id=\"attachment_100938\" aria-describedby=\"caption-attachment-100938\" style=\"width: 340px\" class=\"wp-caption alignright\"><a href=\"https:\/\/autolivraria.com.br\/bc\/wp-content\/uploads\/2019\/01\/ESC.jpg\"><img decoding=\"async\" class=\"size-medium wp-image-100938 lazyload\" data-src=\"https:\/\/autolivraria.com.br\/bc\/wp-content\/uploads\/2019\/01\/ESC-340x226.jpg\" alt=\"\" width=\"340\" height=\"226\" data-srcset=\"https:\/\/autolivraria.com.br\/bc\/wp-content\/uploads\/2019\/01\/ESC-340x226.jpg 340w, https:\/\/autolivraria.com.br\/bc\/wp-content\/uploads\/2019\/01\/ESC-631x420.jpg 631w, https:\/\/autolivraria.com.br\/bc\/wp-content\/uploads\/2019\/01\/ESC-222x148.jpg 222w, https:\/\/autolivraria.com.br\/bc\/wp-content\/uploads\/2019\/01\/ESC.jpg 640w\" data-sizes=\"(max-width: 340px) 100vw, 340px\" src=\"data:image\/svg+xml;base64,PHN2ZyB3aWR0aD0iMSIgaGVpZ2h0PSIxIiB4bWxucz0iaHR0cDovL3d3dy53My5vcmcvMjAwMC9zdmciPjwvc3ZnPg==\" style=\"--smush-placeholder-width: 340px; --smush-placeholder-aspect-ratio: 340\/226;\" \/><\/a><figcaption id=\"caption-attachment-100938\" class=\"wp-caption-text\">N\u00e3o \u00e9 mais apenas o ABS: agora temos controle de estabilidade (foto), assistente de sa\u00edda em rampa e outras fun\u00e7\u00f5es sobre os freios<\/figcaption><\/figure>\n<p>\u00c9 por isso que, embora possamos jogar usando o computador, geralmente com arquitetura CISC (computador com conjunto complexo de instru\u00e7\u00f5es), usar uma esta\u00e7\u00e3o dedicada d\u00e1 muito mais agilidade. No carro, \u00e9 a mesma coisa. O ABS pode ser resolvido num mesmo processador que, simultaneamente, opera a inje\u00e7\u00e3o eletr\u00f4nica, s\u00f3 que isso exigiria um processador muito sofisticado e caro, al\u00e9m de mais mem\u00f3ria para guardar as informa\u00e7\u00f5es necess\u00e1rias \u00e0s duas tarefas a um s\u00f3 tempo.<\/p>\n<p>Curiosamente, o lan\u00e7amento do Pentium MMX pela Intel \u2014 ent\u00e3o muito poderoso, apesar de sua arquitetura CISC \u2014 permitiu seu uso em aplica\u00e7\u00f5es dedicadas, entre meados dos anos 1990 e 2000, na ind\u00fastria de autom\u00f3veis. Ocorre que as fun\u00e7\u00f5es nos ve\u00edculos foram ficando cada vez mais complexas e os componentes voltaram \u00e0 arquitetura RISC com circuitos totalmente dedicados. J\u00e1 n\u00e3o era apenas o ABS: havia ABS, <a href=\"https:\/\/autolivraria.com.br\/bc\/glossario-d\/#ebd\" target=\"_blank\" rel=\"noopener\">distribui\u00e7\u00e3o eletr\u00f4nica de frenagem (EBD)<\/a>, <a href=\"https:\/\/autolivraria.com.br\/bc\/glossario-c\/#esp\" target=\"_blank\" rel=\"noopener\">controle de estabilidade e tra\u00e7\u00e3o<\/a> e <a href=\"https:\/\/autolivraria.com.br\/bc\/glossario-a\/#ramp\" target=\"_blank\" rel=\"noopener\">assistente de sa\u00edda em rampa<\/a>, todos atuando simultaneamente sobre os freios.<\/p>\n<p>Toda essa exig\u00eancia computacional requer um investimento em P&amp;D que uma s\u00f3 empresa n\u00e3o pode suportar: \u00e9 preciso que a cadeia de suprimentos aposte na solu\u00e7\u00e3o, que ser\u00e1 vendida a todas as marcas, popularizando a sopa de letrinhas que abarca todos os modelos de uma mesma \u00e9poca.<\/p>\n<p>A aparente surdez da ind\u00fastria de autom\u00f3veis \u00e9, portanto, uma soma de comportamento de castel\u00e3o, que deixa a plebe para l\u00e1 das muralhas, a uma depend\u00eancia dos armeiros do rei, que produzem as armas com que todos v\u00e3o competir no mercado. Em termos menos figuradamente feudais, as inova\u00e7\u00f5es individuais tornam-se cada dia mais dif\u00edceis e, mesmo que uma ideia de fora da comunidade seja brilhante, precisar\u00e1 ser introjetada no desenvolvimento em curso para ser adotada.<\/p>\n<a href='https:\/\/autolivraria.com.br\/bc\/informe-se\/colunas\/destaques-colunas\/preco-da-gasolina-culpa-do-refino-ou-da-distribuicao\/' class='small-button smallsilver'>Coluna anterior<\/a>\n<p><em>A coluna expressa as opini\u00f5es do colunista e n\u00e3o as do Best Cars<\/em><\/p>\n<p>&nbsp;<\/p>\n","protected":false},"excerpt":{"rendered":"<p>Sugest\u00f5es vi\u00e1veis chegam \u00e0s f\u00e1bricas todos os dias e n\u00e3o s\u00e3o ouvidas, at\u00e9 que acabam por ser adotadas<\/p>\n","protected":false},"author":6,"featured_media":78830,"comment_status":"open","ping_status":"closed","sticky":false,"template":"","format":"standard","meta":{"_joinchat":[],"footnotes":""},"categories":[4195],"tags":[4196,153,2581,2455],"class_list":["post-100937","post","type-post","status-publish","format-standard","has-post-thumbnail","hentry","category-carro-micro-macro","tag-carro-micro-e-macro","tag-colunas-2","tag-industria","tag-tecnologia"],"amp_enabled":true,"_links":{"self":[{"href":"https:\/\/autolivraria.com.br\/bc\/wp-json\/wp\/v2\/posts\/100937","targetHints":{"allow":["GET"]}}],"collection":[{"href":"https:\/\/autolivraria.com.br\/bc\/wp-json\/wp\/v2\/posts"}],"about":[{"href":"https:\/\/autolivraria.com.br\/bc\/wp-json\/wp\/v2\/types\/post"}],"author":[{"embeddable":true,"href":"https:\/\/autolivraria.com.br\/bc\/wp-json\/wp\/v2\/users\/6"}],"replies":[{"embeddable":true,"href":"https:\/\/autolivraria.com.br\/bc\/wp-json\/wp\/v2\/comments?post=100937"}],"version-history":[{"count":0,"href":"https:\/\/autolivraria.com.br\/bc\/wp-json\/wp\/v2\/posts\/100937\/revisions"}],"wp:featuredmedia":[{"embeddable":true,"href":"https:\/\/autolivraria.com.br\/bc\/wp-json\/wp\/v2\/media\/78830"}],"wp:attachment":[{"href":"https:\/\/autolivraria.com.br\/bc\/wp-json\/wp\/v2\/media?parent=100937"}],"wp:term":[{"taxonomy":"category","embeddable":true,"href":"https:\/\/autolivraria.com.br\/bc\/wp-json\/wp\/v2\/categories?post=100937"},{"taxonomy":"post_tag","embeddable":true,"href":"https:\/\/autolivraria.com.br\/bc\/wp-json\/wp\/v2\/tags?post=100937"}],"curies":[{"name":"wp","href":"https:\/\/api.w.org\/{rel}","templated":true}]}}