{"id":102148,"date":"2019-03-07T17:00:20","date_gmt":"2019-03-07T20:00:20","guid":{"rendered":"http:\/\/bestcars.uol.com.br\/bc\/?p=102148"},"modified":"2019-04-05T16:54:17","modified_gmt":"2019-04-05T19:54:17","slug":"video-historia-fiat-brava-10-curiosidades","status":"publish","type":"post","link":"https:\/\/autolivraria.com.br\/bc\/informe-se\/video-historia-fiat-brava-10-curiosidades\/","title":{"rendered":"Brava: 10 curiosidades sobre o hatch m\u00e9dio da Fiat"},"content":{"rendered":"<p><iframe title=\"Brava: 10 curiosidades sobre o hatch m\u00e9dio da Fiat | Carros do Passado | Best Cars\" width=\"960\" height=\"540\" data-src=\"https:\/\/www.youtube.com\/embed\/fdt5PoHqi_Q?feature=oembed\" frameborder=\"0\" allow=\"accelerometer; autoplay; clipboard-write; encrypted-media; gyroscope; picture-in-picture; web-share\" referrerpolicy=\"strict-origin-when-cross-origin\" allowfullscreen src=\"data:image\/svg+xml;base64,PHN2ZyB3aWR0aD0iMSIgaGVpZ2h0PSIxIiB4bWxucz0iaHR0cDovL3d3dy53My5vcmcvMjAwMC9zdmciPjwvc3ZnPg==\" class=\"lazyload\" data-load-mode=\"1\"><\/iframe><\/p>\n<p>&nbsp;<\/p>\n<p>Voc\u00ea sabia que o Fiat Brava mais potente do mundo foi o brasileiro? Que quase recebemos o Bravo, de tr\u00eas portas, em seu lugar? Conhece os carros-conceito e a minivan que ele originou? Essas e outras curiosidades est\u00e3o no novo v\u00eddeo da s\u00e9rie <em>Carros do Passado. <\/em><a href=\"https:\/\/autolivraria.com.br\/bc\/carros-do-passado\/\" target=\"_blank\" rel=\"noopener\">Confira aqui os anteriores.<\/a><\/p>\n<p>&nbsp;<\/p>\n<div class='code-block code-block-7' style='margin: 28px auto; text-align: center; display: block; clear: both;'>\n<br>\n<div align=\"center\">\n<a target=\"_blank\" href=\"https:\/\/bestcars.com.br\/bc\/\">\n<img decoding=\"async\" data-src=\"https:\/\/bestcars.com.br\/bc\/wp-content\/uploads\/2021\/07\/Auto-Livraria-450x300-quadros.jpg\" alt=\"Auto Livraria\" src=\"data:image\/svg+xml;base64,PHN2ZyB3aWR0aD0iMSIgaGVpZ2h0PSIxIiB4bWxucz0iaHR0cDovL3d3dy53My5vcmcvMjAwMC9zdmciPjwvc3ZnPg==\" class=\"lazyload\"><\/a>\n<\/div>\n<br><\/div>\n\n<p>&nbsp;<\/p>\n<p>No canal do <strong>Best Cars<\/strong> voc\u00ea tamb\u00e9m encontra avalia\u00e7\u00f5es, comparativos, t\u00e9cnica e muito mais. <a href=\"http:\/\/youtube.com\/bestcarscombr?sub_confirmation=1\" target=\"_blank\" rel=\"noopener\">Inscreva-se<\/a>! E siga-nos nas redes sociais <a href=\"http:\/\/www.facebook.com\/autolivraria.com.br\" target=\"_blank\" rel=\"noopener\">Facebook<\/a>, <a href=\"https:\/\/www.instagram.com\/autolivraria.com.br\" target=\"_blank\" rel=\"noopener\">Instagram<\/a> e <a href=\"http:\/\/twitter.com\/bestcarscombr\" target=\"_blank\" rel=\"noopener\">Twitter<\/a>.<\/p>\n<p><em>Texto e narra\u00e7\u00e3o: Fabr\u00edcio Samah\u00e1 &#8211;\u00a0 Imagens: divulga\u00e7\u00e3o &#8211; Edi\u00e7\u00e3o: Est\u00fadio Best Cars<\/em><\/p>\n<p>&nbsp;<\/p>\n","protected":false},"excerpt":{"rendered":"<p>Voc\u00ea sabia que o Fiat Brava mais potente do mundo foi o brasileiro? Conhece os carros-conceito e a minivan que ele originou?<\/p>\n","protected":false},"author":6,"featured_media":102149,"comment_status":"open","ping_status":"closed","sticky":false,"template":"","format":"standard","meta":{"_joinchat":[],"footnotes":""},"categories":[3775,145,623,4237],"tags":[211,212,156,57,624],"class_list":["post-102148","post","type-post","status-publish","format-standard","has-post-thumbnail","hentry","category-fiat","category-informe-se","category-videos","category-videos-destaques","tag-brava","tag-bravo","tag-carros-do-passado","tag-fiat","tag-video"],"amp_enabled":true,"_links":{"self":[{"href":"https:\/\/autolivraria.com.br\/bc\/wp-json\/wp\/v2\/posts\/102148","targetHints":{"allow":["GET"]}}],"collection":[{"href":"https:\/\/autolivraria.com.br\/bc\/wp-json\/wp\/v2\/posts"}],"about":[{"href":"https:\/\/autolivraria.com.br\/bc\/wp-json\/wp\/v2\/types\/post"}],"author":[{"embeddable":true,"href":"https:\/\/autolivraria.com.br\/bc\/wp-json\/wp\/v2\/users\/6"}],"replies":[{"embeddable":true,"href":"https:\/\/autolivraria.com.br\/bc\/wp-json\/wp\/v2\/comments?post=102148"}],"version-history":[{"count":0,"href":"https:\/\/autolivraria.com.br\/bc\/wp-json\/wp\/v2\/posts\/102148\/revisions"}],"wp:featuredmedia":[{"embeddable":true,"href":"https:\/\/autolivraria.com.br\/bc\/wp-json\/wp\/v2\/media\/102149"}],"wp:attachment":[{"href":"https:\/\/autolivraria.com.br\/bc\/wp-json\/wp\/v2\/media?parent=102148"}],"wp:term":[{"taxonomy":"category","embeddable":true,"href":"https:\/\/autolivraria.com.br\/bc\/wp-json\/wp\/v2\/categories?post=102148"},{"taxonomy":"post_tag","embeddable":true,"href":"https:\/\/autolivraria.com.br\/bc\/wp-json\/wp\/v2\/tags?post=102148"}],"curies":[{"name":"wp","href":"https:\/\/api.w.org\/{rel}","templated":true}]}}