{"id":102500,"date":"2019-03-22T08:00:24","date_gmt":"2019-03-22T11:00:24","guid":{"rendered":"http:\/\/bestcars.uol.com.br\/bc\/?p=102500"},"modified":"2019-03-22T15:54:55","modified_gmt":"2019-03-22T18:54:55","slug":"jeep-compass-serie-especial-s-a-diesel-vem-a-r-188-mil","status":"publish","type":"post","link":"https:\/\/autolivraria.com.br\/bc\/informe-se\/noticias\/jeep-compass-serie-especial-s-a-diesel-vem-a-r-188-mil\/","title":{"rendered":"Jeep Compass: s\u00e9rie especial S 4&#215;4 vem a R$ 188 mil"},"content":{"rendered":"<p><a href=\"https:\/\/autolivraria.com.br\/bc\/wp-content\/uploads\/2019\/03\/Jeep-Compass-S-01.jpg\"><img fetchpriority=\"high\" decoding=\"async\" width=\"696\" height=\"464\" class=\"aligncenter size-large wp-image-102502\" src=\"https:\/\/autolivraria.com.br\/bc\/wp-content\/uploads\/2019\/03\/Jeep-Compass-S-01-696x464.jpg\" alt=\"\" srcset=\"https:\/\/autolivraria.com.br\/bc\/wp-content\/uploads\/2019\/03\/Jeep-Compass-S-01-696x464.jpg 696w, https:\/\/autolivraria.com.br\/bc\/wp-content\/uploads\/2019\/03\/Jeep-Compass-S-01-340x227.jpg 340w, https:\/\/autolivraria.com.br\/bc\/wp-content\/uploads\/2019\/03\/Jeep-Compass-S-01-630x420.jpg 630w, https:\/\/autolivraria.com.br\/bc\/wp-content\/uploads\/2019\/03\/Jeep-Compass-S-01-222x148.jpg 222w, https:\/\/autolivraria.com.br\/bc\/wp-content\/uploads\/2019\/03\/Jeep-Compass-S-01.jpg 1280w\" sizes=\"(max-width: 696px) 100vw, 696px\" \/><\/a><\/p>\n<p>&nbsp;<\/p>\n<p>A Jeep apresenta o Compass S,\u00a0s\u00e9rie especial com motor turbodiesel e tra\u00e7\u00e3o integral. Em fase de pr\u00e9-venda at\u00e9 4 de abril, o SUV est\u00e1 dispon\u00edvel nas cores Branco Polar e Deep Brown (exclusiva) e vem de s\u00e9rie com itens como <a href=\"https:\/\/autolivraria.com.br\/bc\/glossario-c\/#con3\" target=\"_blank\" rel=\"noopener\">controlador de dist\u00e2ncia<\/a>, monitor frontal com frenagem autom\u00e1tica, assistentes de <a href=\"https:\/\/autolivraria.com.br\/bc\/glossario-a\/#faix\" target=\"_blank\" rel=\"noopener\">faixa<\/a>, de <a href=\"https:\/\/autolivraria.com.br\/bc\/glossario-a\/#faro\" target=\"_blank\" rel=\"noopener\">far\u00f3is<\/a> e de <a href=\"https:\/\/autolivraria.com.br\/bc\/glossario-a\/#esta\" target=\"_blank\" rel=\"noopener\">estacionamento<\/a> e monitoramento de ponto cego. Traz ainda banco do motorista com ajuste el\u00e9trico, partida remota, sistema de \u00e1udio Beats de 506 Watts com alto-falante de <a href=\"https:\/\/autolivraria.com.br\/bc\/glossario-s\/#subw\" target=\"_blank\" rel=\"noopener\">subgraves<\/a> e tampa do porta-malas com abertura e fechamento el\u00e9tricos. O motor fornece 170 cv com torque de 35,7 m.kgf e a caixa autom\u00e1tica tem nove marchas. Com pre\u00e7o sugerido de R$ 188 mil, o S d\u00e1 direito na pr\u00e9-venda a mochila personalizada Jeep Gear. As entregas come\u00e7am em abril.<\/p>\n<p>&nbsp;<\/p>\n<div class='code-block code-block-7' style='margin: 28px auto; text-align: center; display: block; clear: both;'>\n<br>\n<div align=\"center\">\n<a target=\"_blank\" href=\"https:\/\/bestcars.com.br\/bc\/\">\n<img decoding=\"async\" data-src=\"https:\/\/bestcars.com.br\/bc\/wp-content\/uploads\/2021\/07\/Auto-Livraria-450x300-quadros.jpg\" alt=\"Auto Livraria\" src=\"data:image\/svg+xml;base64,PHN2ZyB3aWR0aD0iMSIgaGVpZ2h0PSIxIiB4bWxucz0iaHR0cDovL3d3dy53My5vcmcvMjAwMC9zdmciPjwvc3ZnPg==\" class=\"lazyload\"><\/a>\n<\/div>\n<br><\/div>\n\n<p>&nbsp;<\/p>\n<p><a href=\"https:\/\/autolivraria.com.br\/bc\/wp-content\/uploads\/2019\/03\/Jeep-Compass-S-02.jpg\"><img decoding=\"async\" width=\"696\" height=\"464\" class=\"aligncenter size-large wp-image-102501 lazyload\" data-src=\"https:\/\/autolivraria.com.br\/bc\/wp-content\/uploads\/2019\/03\/Jeep-Compass-S-02-696x464.jpg\" alt=\"\" data-srcset=\"https:\/\/autolivraria.com.br\/bc\/wp-content\/uploads\/2019\/03\/Jeep-Compass-S-02-696x464.jpg 696w, https:\/\/autolivraria.com.br\/bc\/wp-content\/uploads\/2019\/03\/Jeep-Compass-S-02-340x227.jpg 340w, https:\/\/autolivraria.com.br\/bc\/wp-content\/uploads\/2019\/03\/Jeep-Compass-S-02-630x420.jpg 630w, https:\/\/autolivraria.com.br\/bc\/wp-content\/uploads\/2019\/03\/Jeep-Compass-S-02-222x148.jpg 222w, https:\/\/autolivraria.com.br\/bc\/wp-content\/uploads\/2019\/03\/Jeep-Compass-S-02.jpg 1280w\" data-sizes=\"(max-width: 696px) 100vw, 696px\" src=\"data:image\/svg+xml;base64,PHN2ZyB3aWR0aD0iMSIgaGVpZ2h0PSIxIiB4bWxucz0iaHR0cDovL3d3dy53My5vcmcvMjAwMC9zdmciPjwvc3ZnPg==\" style=\"--smush-placeholder-width: 696px; --smush-placeholder-aspect-ratio: 696\/464;\" \/><\/a><\/p>\n<p><em>Texto da equipe &#8211; Fotos: divulga\u00e7\u00e3o<\/em><\/p>\n<p>&nbsp;<\/p>\n","protected":false},"excerpt":{"rendered":"<p>&nbsp; A Jeep apresenta o Compass S,\u00a0s\u00e9rie especial com motor turbodiesel e tra\u00e7\u00e3o integral. Em fase de pr\u00e9-venda at\u00e9 4 de abril, o SUV est\u00e1 dispon\u00edvel nas cores Branco Polar e Deep Brown (exclusiva) e vem de s\u00e9rie com itens como controlador de dist\u00e2ncia, monitor frontal com frenagem autom\u00e1tica, assistentes de faixa, de far\u00f3is e<\/p>\n","protected":false},"author":6,"featured_media":102502,"comment_status":"open","ping_status":"closed","sticky":false,"template":"","format":"standard","meta":{"_joinchat":[],"footnotes":""},"categories":[3602,8],"tags":[391,1081,619,103,94,349],"class_list":["post-102500","post","type-post","status-publish","format-standard","has-post-thumbnail","hentry","category-fora-de-estrada","category-noticias","tag-4x4","tag-compass","tag-diesel","tag-jeep","tag-noticias-2","tag-utilitario-esporte"],"amp_enabled":true,"_links":{"self":[{"href":"https:\/\/autolivraria.com.br\/bc\/wp-json\/wp\/v2\/posts\/102500","targetHints":{"allow":["GET"]}}],"collection":[{"href":"https:\/\/autolivraria.com.br\/bc\/wp-json\/wp\/v2\/posts"}],"about":[{"href":"https:\/\/autolivraria.com.br\/bc\/wp-json\/wp\/v2\/types\/post"}],"author":[{"embeddable":true,"href":"https:\/\/autolivraria.com.br\/bc\/wp-json\/wp\/v2\/users\/6"}],"replies":[{"embeddable":true,"href":"https:\/\/autolivraria.com.br\/bc\/wp-json\/wp\/v2\/comments?post=102500"}],"version-history":[{"count":0,"href":"https:\/\/autolivraria.com.br\/bc\/wp-json\/wp\/v2\/posts\/102500\/revisions"}],"wp:featuredmedia":[{"embeddable":true,"href":"https:\/\/autolivraria.com.br\/bc\/wp-json\/wp\/v2\/media\/102502"}],"wp:attachment":[{"href":"https:\/\/autolivraria.com.br\/bc\/wp-json\/wp\/v2\/media?parent=102500"}],"wp:term":[{"taxonomy":"category","embeddable":true,"href":"https:\/\/autolivraria.com.br\/bc\/wp-json\/wp\/v2\/categories?post=102500"},{"taxonomy":"post_tag","embeddable":true,"href":"https:\/\/autolivraria.com.br\/bc\/wp-json\/wp\/v2\/tags?post=102500"}],"curies":[{"name":"wp","href":"https:\/\/api.w.org\/{rel}","templated":true}]}}