{"id":103234,"date":"2019-04-24T08:03:36","date_gmt":"2019-04-24T11:03:36","guid":{"rendered":"http:\/\/bestcars.uol.com.br\/bc\/?p=103234"},"modified":"2019-04-29T14:20:53","modified_gmt":"2019-04-29T17:20:53","slug":"peugeot-2008-enfim-recebe-novo-desenho-dianteiro","status":"publish","type":"post","link":"https:\/\/autolivraria.com.br\/bc\/informe-se\/noticias\/peugeot-2008-enfim-recebe-novo-desenho-dianteiro\/","title":{"rendered":"Peugeot 2008 enfim recebe novo desenho dianteiro"},"content":{"rendered":"<div id='gallery-1' class='gallery galleryid-103234 gallery-columns-1 gallery-size-large'><figure class='gallery-item'>\n\t\t\t<div class='gallery-icon landscape'>\n\t\t\t\t<a href='https:\/\/autolivraria.com.br\/bc\/wp-content\/uploads\/2019\/04\/Peugeot_2008.jpg'><img fetchpriority=\"high\" decoding=\"async\" width=\"696\" height=\"464\" src=\"https:\/\/autolivraria.com.br\/bc\/wp-content\/uploads\/2019\/04\/Peugeot_2008-696x464.jpg\" class=\"attachment-large size-large\" alt=\"\" \/><\/a>\n\t\t\t<\/div><\/figure>\n\t\t<\/div>\n\n<p>&nbsp;<\/p>\n<p>A Peugeot atualiza o desenho frontal do 2008 nacional, que enfim se torna igual ao do <a href=\"https:\/\/autolivraria.com.br\/bc\/informe-se\/noticias\/peugeot-2008-novos-motores-e-estilo-frontal-em-genebra\/\" target=\"_blank\" rel=\"noopener\">modelo europeu<\/a> produzido desde 2016, com grade dianteira parecida com a de 3008 e 5008. Por enquanto a informa\u00e7\u00e3o \u00e0 imprensa nada diz sobre outras altera\u00e7\u00f5es no modelo fabricado em Porto Real, RJ. Na linha anterior, o 2008 oferecia motores de 1,6 litro aspirado (com caixas manual e autom\u00e1tica) e turbo (apenas manual).<\/p>\n<p>&nbsp;<\/p>\n<div class='code-block code-block-7' style='margin: 28px auto; text-align: center; display: block; clear: both;'>\n<br>\n<div align=\"center\">\n<a target=\"_blank\" href=\"https:\/\/bestcars.com.br\/bc\/\">\n<img decoding=\"async\" data-src=\"https:\/\/bestcars.com.br\/bc\/wp-content\/uploads\/2021\/07\/Auto-Livraria-450x300-quadros.jpg\" alt=\"Auto Livraria\" src=\"data:image\/svg+xml;base64,PHN2ZyB3aWR0aD0iMSIgaGVpZ2h0PSIxIiB4bWxucz0iaHR0cDovL3d3dy53My5vcmcvMjAwMC9zdmciPjwvc3ZnPg==\" class=\"lazyload\"><\/a>\n<\/div>\n<br><\/div>\n\n<p>&nbsp;<\/p>\n<p><em>Texto da equipe &#8211; Foto: divulga\u00e7\u00e3o<\/em><\/p>\n<p>&nbsp;<\/p>\n","protected":false},"excerpt":{"rendered":"<p>&nbsp; A Peugeot atualiza o desenho frontal do 2008 nacional, que enfim se torna igual ao do modelo europeu produzido desde 2016, com grade dianteira parecida com a de 3008 e 5008. Por enquanto a informa\u00e7\u00e3o \u00e0 imprensa nada diz sobre outras altera\u00e7\u00f5es no modelo fabricado em Porto Real, RJ. Na linha anterior, o 2008<\/p>\n","protected":false},"author":6,"featured_media":103235,"comment_status":"open","ping_status":"closed","sticky":false,"template":"","format":"standard","meta":{"_joinchat":[],"footnotes":""},"categories":[8],"tags":[2020,94,69],"class_list":["post-103234","post","type-post","status-publish","format-standard","has-post-thumbnail","hentry","category-noticias","tag-2020","tag-noticias-2","tag-peugeot"],"amp_enabled":true,"_links":{"self":[{"href":"https:\/\/autolivraria.com.br\/bc\/wp-json\/wp\/v2\/posts\/103234","targetHints":{"allow":["GET"]}}],"collection":[{"href":"https:\/\/autolivraria.com.br\/bc\/wp-json\/wp\/v2\/posts"}],"about":[{"href":"https:\/\/autolivraria.com.br\/bc\/wp-json\/wp\/v2\/types\/post"}],"author":[{"embeddable":true,"href":"https:\/\/autolivraria.com.br\/bc\/wp-json\/wp\/v2\/users\/6"}],"replies":[{"embeddable":true,"href":"https:\/\/autolivraria.com.br\/bc\/wp-json\/wp\/v2\/comments?post=103234"}],"version-history":[{"count":0,"href":"https:\/\/autolivraria.com.br\/bc\/wp-json\/wp\/v2\/posts\/103234\/revisions"}],"wp:featuredmedia":[{"embeddable":true,"href":"https:\/\/autolivraria.com.br\/bc\/wp-json\/wp\/v2\/media\/103235"}],"wp:attachment":[{"href":"https:\/\/autolivraria.com.br\/bc\/wp-json\/wp\/v2\/media?parent=103234"}],"wp:term":[{"taxonomy":"category","embeddable":true,"href":"https:\/\/autolivraria.com.br\/bc\/wp-json\/wp\/v2\/categories?post=103234"},{"taxonomy":"post_tag","embeddable":true,"href":"https:\/\/autolivraria.com.br\/bc\/wp-json\/wp\/v2\/tags?post=103234"}],"curies":[{"name":"wp","href":"https:\/\/api.w.org\/{rel}","templated":true}]}}