{"id":103567,"date":"2019-05-08T08:00:10","date_gmt":"2019-05-08T11:00:10","guid":{"rendered":"http:\/\/bestcars.uol.com.br\/bc\/?p=103567"},"modified":"2019-05-21T16:26:25","modified_gmt":"2019-05-21T19:26:25","slug":"meu-amigao-o-limpador-de-para-brisa","status":"publish","type":"post","link":"https:\/\/autolivraria.com.br\/bc\/informe-se\/colunas\/eu-um-carro-e-a-cidade\/meu-amigao-o-limpador-de-para-brisa\/","title":{"rendered":"Meu amig\u00e3o, o limpador de para-brisa"},"content":{"rendered":"<p><img fetchpriority=\"high\" decoding=\"async\" class=\"aligncenter size-full wp-image-93693\" src=\"https:\/\/autolivraria.com.br\/bc\/wp-content\/uploads\/2018\/03\/Eu-um-Carro-e-a-Cidade.jpg\" alt=\"\" width=\"696\" height=\"100\" srcset=\"https:\/\/autolivraria.com.br\/bc\/wp-content\/uploads\/2018\/03\/Eu-um-Carro-e-a-Cidade.jpg 696w, https:\/\/autolivraria.com.br\/bc\/wp-content\/uploads\/2018\/03\/Eu-um-Carro-e-a-Cidade-340x49.jpg 340w, https:\/\/autolivraria.com.br\/bc\/wp-content\/uploads\/2018\/03\/Eu-um-Carro-e-a-Cidade-222x32.jpg 222w\" sizes=\"(max-width: 696px) 100vw, 696px\" \/><\/p>\n<h2>\u00c9 daquele companheiro de amor e \u00f3dio, que s\u00f3 lembramos quando faz falta ou n\u00e3o funciona a contento<\/h2>\n<p>&nbsp;<\/p>\n<p>Durante muitos anos eu fui respons\u00e1vel por comunica\u00e7\u00e3o de companhias de servi\u00e7os p\u00fablicos essenciais. Um tempo, de energia el\u00e9trica; outro tempo, saneamento b\u00e1sico. S\u00e3o empresas exclusivistas, n\u00e3o h\u00e1 concorr\u00eancia, de modo que o consumidor n\u00e3o tem escolha \u2014 a ele s\u00f3 resta consumir daquela empresa e ponto final. Logo, o cliente nunca se lembra da empresa de energia, exceto em uma \u00fanica circunst\u00e2ncia: quando ela falha ou falta.<\/p>\n<p>Temos uma rela\u00e7\u00e3o semelhante com os limpadores de para-brisa. Ele \u00e9 um acess\u00f3rio que fica ali fazendo fita a vida toda, tipo uma furadeira guardada no arm\u00e1rio ou aquele extintor de inc\u00eandio metido debaixo do banco do passageiro. Ent\u00e3o, de repente e sem pr\u00e9vio aviso, voc\u00ea precisa dele e&#8230; ou vai ou racha. Ele sempre tem uma chance curta, no gargalo e sem as condi\u00e7\u00f5es ideais, de mostrar que \u00e9 necess\u00e1rio e merece ser amado por voc\u00ea tanto quanto uma bandeja, um piv\u00f4, uma bobina ou um desemba\u00e7ador traseiro.<\/p>\n<p>&nbsp;<\/p>\n<blockquote><p>Ele sempre tem uma chance curta, no gargalo e sem as condi\u00e7\u00f5es ideais, de mostrar que \u00e9 necess\u00e1rio e merece ser amado por voc\u00ea tanto quanto um piv\u00f4 ou uma bobina<\/p><\/blockquote>\n<p>&nbsp;<\/p>\n<p>Os limpadores pouco evolu\u00edram ao longo de todo o tempo de exist\u00eancia dos autom\u00f3veis como conhecemos. Continuam basicamente sendo uma esp\u00e9cie de rodo de borracha, semelhante aos que usamos no ch\u00e3o ou na pia de casa. Uma fina l\u00e2mina emborrachada, pressionada por uma haste, percorre a \u00e1rea do para-brisa de um lado ao outro, para remover as gotas de \u00e1gua que se acumulam e atrapalham a visibilidade. Tornaram-se um pouco mais aerodin\u00e2micos, alguns t\u00eam l\u00e2minas duplas, articula\u00e7\u00f5es ou dispensam a arma\u00e7\u00e3o met\u00e1lica. Mas esses limpadores, t\u00e3o elementares, fizeram a fama e a hist\u00f3ria dos carros a quem pertenceram ao longo dos tempos.<\/p>\n<figure id=\"attachment_103569\" aria-describedby=\"caption-attachment-103569\" style=\"width: 340px\" class=\"wp-caption alignright\"><a href=\"https:\/\/autolivraria.com.br\/bc\/wp-content\/uploads\/2019\/05\/Mille.jpg\"><img decoding=\"async\" class=\"size-medium wp-image-103569 lazyload\" data-src=\"https:\/\/autolivraria.com.br\/bc\/wp-content\/uploads\/2019\/05\/Mille-340x226.jpg\" alt=\"\" width=\"340\" height=\"226\" data-srcset=\"https:\/\/autolivraria.com.br\/bc\/wp-content\/uploads\/2019\/05\/Mille-340x226.jpg 340w, https:\/\/autolivraria.com.br\/bc\/wp-content\/uploads\/2019\/05\/Mille-631x420.jpg 631w, https:\/\/autolivraria.com.br\/bc\/wp-content\/uploads\/2019\/05\/Mille-222x148.jpg 222w, https:\/\/autolivraria.com.br\/bc\/wp-content\/uploads\/2019\/05\/Mille.jpg 640w\" data-sizes=\"(max-width: 340px) 100vw, 340px\" src=\"data:image\/svg+xml;base64,PHN2ZyB3aWR0aD0iMSIgaGVpZ2h0PSIxIiB4bWxucz0iaHR0cDovL3d3dy53My5vcmcvMjAwMC9zdmciPjwvc3ZnPg==\" style=\"--smush-placeholder-width: 340px; --smush-placeholder-aspect-ratio: 340\/226;\" \/><\/a><figcaption id=\"caption-attachment-103569\" class=\"wp-caption-text\">No primeiro Uno, o para-brisa parecido com um trap\u00e9zio era limpo com apenas uma haste centralizada<\/figcaption><\/figure>\n<p>Aqui nos tr\u00f3picos, muitos v\u00e3o se lembrar da \u00fanica haste do <a href=\"https:\/\/autolivraria.com.br\/bc\/tag\/mille\" target=\"_blank\" rel=\"noopener\">Fiat Uno<\/a>\u00a0(depois Mille), que surpreendeu a todos pela racionalidade do projeto em 1984. Os carros de at\u00e9 ent\u00e3o tinham para-brisa relativamente pequeno, com vidro quase plano, derivado de projetos antigos. Da\u00ed, chega esse italiano com frente em cunha e colunas dianteiras bastante inclinadas para os padr\u00f5es da \u00e9poca, formando um para-brisa com um formato parecido a um trap\u00e9zio visto de cima, que era facilmente limpo com apenas uma grande haste centralizada. Uau!<\/p>\n<p>Era bom? Eu mesmo tive tal autom\u00f3vel e achava que uma haste, apenas, era insuficiente para dias de chuvas volumosas. Al\u00e9m disso, para compensar a necessidade de percorrer maiores \u00e1reas, o movimento da haste era mais veloz, o que causava certo estranhamento. Um acionamento inesperado e o motorista podia assassinar um passarinho desinformado. De resto, a r\u00e1pida varrida para a esquerda pegava de surpresa os cobradores de ped\u00e1gio, que n\u00e3o raro tomavam uma esguichada. <a href=\"https:\/\/autolivraria.com.br\/bc\/tag\/etios\" target=\"_blank\" rel=\"noopener\">Toyota Etios<\/a> e <a href=\"https:\/\/autolivraria.com.br\/bc\/tag\/kwid\" target=\"_blank\" rel=\"noopener\">Renault Kwid<\/a> s\u00e3o representantes modernos das hastes \u00fanicas, com complexas articula\u00e7\u00f5es pantogr\u00e1ficas.<\/p>\n<p>Ainda houve modelos com hastes contrapostas \u2014 que moviam a \u00e1gua naquele sentido como quem joga as duas m\u00e3os para fora, uma de cada lado \u2014 como as minivans <a href=\"https:\/\/autolivraria.com.br\/bc\/tag\/zafira\" target=\"_blank\" rel=\"noopener\">Chevrolet Zafira<\/a> e <a href=\"https:\/\/autolivraria.com.br\/bc\/tag\/xsara-picasso\" target=\"_blank\" rel=\"noopener\">Citro\u00ebn Xsara Picasso<\/a> e, por duas gera\u00e7\u00f5es, o <a href=\"https:\/\/autolivraria.com.br\/bc\/tag\/civic\" target=\"_blank\" rel=\"noopener\">Honda Civic<\/a>. \u00c9 uma boa solu\u00e7\u00e3o para vidros grandes no sentido vertical, pois o arranjo comum tende a deixar uma grande se\u00e7\u00e3o sem varrer no lado do passageiro.<\/p>\n<p>O <a href=\"https:\/\/autolivraria.com.br\/bc\/tag\/fusca\" target=\"_blank\" rel=\"noopener\">Fusca<\/a> tamb\u00e9m \u00e9 dono de um simp\u00e1tico, mas pouco eficiente, limpador. Curiosamente, ele varre o vidro no sentido contr\u00e1rio ao da maioria dos autom\u00f3veis com volante no lado esquerdo. Duas palhetas min\u00fasculas limpam o pequenino para-brisa. Mas o que eu gosto mesmo no Fusca, no <a href=\"https:\/\/autolivraria.com.br\/bc\/tag\/brasilia\" target=\"_blank\" rel=\"noopener\">Bras\u00edlia<\/a>, na Variant e outros Volkswagens daqueles tempos \u00e9 da bomba que espirra \u00e1gua para lavar o vidro, acionada por aquela tosca ventosa localizada pr\u00f3xima ao pedal de embreagem. Pise ali, bombeando v\u00e1rias vezes, e veja a \u00e1gua ser jorrada sobre o para-brisa \u00e0s sopradelas.<\/p>\n<p>&nbsp;<\/p>\n<div class='code-block code-block-7' style='margin: 28px auto; text-align: center; display: block; clear: both;'>\n<script async src=\"https:\/\/pagead2.googlesyndication.com\/pagead\/js\/adsbygoogle.js\"><\/script>\n<!-- AL-quadrado -->\n<ins class=\"adsbygoogle\"\n     style=\"display:block\"\n     data-ad-client=\"ca-pub-1914799802606213\"\n     data-ad-slot=\"5683066082\"\n     data-ad-format=\"auto\"\n     data-full-width-responsive=\"true\"><\/ins>\n<script>\n     (adsbygoogle = window.adsbygoogle || []).push({});\n<\/script><\/div>\n\n<p>&nbsp;<\/p>\n<h2>Problema de nascen\u00e7a<\/h2>\n<p>Sempre tenho momentos de amor e \u00f3dio com os limpadores. Sinceramente, mais de \u00f3dio. As palhetas, feitas de material que n\u00e3o se mant\u00e9m em bom estado por muito tempo, sempre est\u00e3o ressecadas e n\u00e3o fazem bem seu papel de limpar com efici\u00eancia. A menos que as troquemos a cada tr\u00eas meses \u2014 o que n\u00e3o ser\u00e1 feito, \u00e9 claro. Sempre acontece de sairmos com o carro nas manh\u00e3s com garoa ou orvalho e, ao acionar o limpador, ter aquela impress\u00e3o de que o movimento riscou todo o vidro.<\/p>\n<p>Teve \u00e9pocas que me dediquei, de verdade, a cuidar dos limpadores e mant\u00ea-los caprichosamente em bom estado, executando \u00e0 risca todas as recomenda\u00e7\u00f5es do fabricante. Ainda assim, o desempenho sempre fica na linha do mediano. Bastam dois ou tr\u00eas usos intensivos e a gordura volta a se acumular sobre as palhetas e o vidro, de modo que a palhetada nunca fica totalmente eficaz: deixa pelo caminho uma superf\u00edcie irregular, com res\u00edduos que fazem o vidro distorcer e refratar os raios luminosos.<\/p>\n<p>&nbsp;<\/p>\n<blockquote><p>Mesmo com dedica\u00e7\u00e3o a cuidar dos limpadores e mant\u00ea-los caprichosamente em bom estado, o desempenho sempre fica na linha do mediano<\/p><\/blockquote>\n<p>&nbsp;<\/p>\n<figure id=\"attachment_103570\" aria-describedby=\"caption-attachment-103570\" style=\"width: 340px\" class=\"wp-caption alignleft\"><a href=\"https:\/\/autolivraria.com.br\/bc\/wp-content\/uploads\/2019\/05\/Picasso.jpg\"><img decoding=\"async\" class=\"size-medium wp-image-103570 lazyload\" data-src=\"https:\/\/autolivraria.com.br\/bc\/wp-content\/uploads\/2019\/05\/Picasso-340x226.jpg\" alt=\"\" width=\"340\" height=\"226\" data-srcset=\"https:\/\/autolivraria.com.br\/bc\/wp-content\/uploads\/2019\/05\/Picasso-340x226.jpg 340w, https:\/\/autolivraria.com.br\/bc\/wp-content\/uploads\/2019\/05\/Picasso-631x420.jpg 631w, https:\/\/autolivraria.com.br\/bc\/wp-content\/uploads\/2019\/05\/Picasso-222x148.jpg 222w, https:\/\/autolivraria.com.br\/bc\/wp-content\/uploads\/2019\/05\/Picasso.jpg 640w\" data-sizes=\"(max-width: 340px) 100vw, 340px\" src=\"data:image\/svg+xml;base64,PHN2ZyB3aWR0aD0iMSIgaGVpZ2h0PSIxIiB4bWxucz0iaHR0cDovL3d3dy53My5vcmcvMjAwMC9zdmciPjwvc3ZnPg==\" style=\"--smush-placeholder-width: 340px; --smush-placeholder-aspect-ratio: 340\/226;\" \/><\/a><figcaption id=\"caption-attachment-103570\" class=\"wp-caption-text\">A Xsara Picasso foi exemplo de uso de hastes contrapostas, adequadas a vidros grandes no sentido vertical<\/figcaption><\/figure>\n<p>Da\u00ed, desisti. Deixo-o ali, sozinho, o tempo todo. Se depois de muito tempo de ostracismo ele me incomodar num dia \u00famido, passo numa loja qualquer e troco as palhetas \u2014 que v\u00e3o durar s\u00f3 algumas semanas, eu sei.<\/p>\n<p>H\u00e1 outros inconvenientes no conv\u00edvio com limpadores. O ru\u00eddo das palhetas \u00e9 um deles. Pode acometer um limpador saud\u00e1vel ou pode ser um problema cr\u00f4nico, de projeto, causado pela conforma\u00e7\u00e3o do vidro ou dos materiais de atrito. Aquele <em>nhec! nhec!<\/em> que range ou guincha toda vez que a haste se movimenta. Tive um amigo que quase enlouqueceu tentando achar uma causa para o guinchado de seu limpador, que n\u00e3o se curava nem com palhetas novas, tampouco com a regulagem das hastes. Conformou-se ao saber com outros propriet\u00e1rios daquele modelo que a quest\u00e3o era de nascen\u00e7a.<\/p>\n<p>E nada me alegra \u2014 e me incomoda ao mesmo tempo \u2014 mais do que o funcionamento metido a espertinho dos sistemas multiplexados, que conjugam determinadas condi\u00e7\u00f5es para acionar automaticamente limpadores dianteiros ou traseiros. Pense naquele dia em que voc\u00ea parou seu carro embaixo de um ligustro no outono, naquele pesqueiro, no fim de tarde e ap\u00f3s um dia de vento. Pega o carro, d\u00e1 a partida, engata a r\u00e9 e o sistema aciona o limpador traseiro sem pedir licen\u00e7a, com o vidro abarrotado de restos, galhos, gravetos, folhas e terra. Da\u00ed, penso. Quando quero, o danado n\u00e3o funciona. Quando n\u00e3o quero, ele est\u00e1 positivo, operante e proativo.<\/p>\n<a href='https:\/\/autolivraria.com.br\/bc\/informe-se\/colunas\/destaques-colunas\/calotas-como-sinais-do-desprestigio\/' class='small-button smallsilver'>Coluna anterior<\/a>\n<p><em>A coluna expressa as opini\u00f5es do colunista e n\u00e3o as do Best Cars<\/em><\/p>\n<p>&nbsp;<\/p>\n","protected":false},"excerpt":{"rendered":"<p>\u00c9 daquele companheiro de amor e \u00f3dio, que s\u00f3 lembramos quando faz falta ou n\u00e3o funciona a contento<\/p>\n","protected":false},"author":6,"featured_media":93694,"comment_status":"open","ping_status":"closed","sticky":false,"template":"","format":"standard","meta":{"_joinchat":[],"footnotes":""},"categories":[4506],"tags":[153,4507],"class_list":["post-103567","post","type-post","status-publish","format-standard","has-post-thumbnail","hentry","category-eu-um-carro-e-a-cidade","tag-colunas-2","tag-eu-um-carro-e-a-cidade"],"amp_enabled":true,"_links":{"self":[{"href":"https:\/\/autolivraria.com.br\/bc\/wp-json\/wp\/v2\/posts\/103567","targetHints":{"allow":["GET"]}}],"collection":[{"href":"https:\/\/autolivraria.com.br\/bc\/wp-json\/wp\/v2\/posts"}],"about":[{"href":"https:\/\/autolivraria.com.br\/bc\/wp-json\/wp\/v2\/types\/post"}],"author":[{"embeddable":true,"href":"https:\/\/autolivraria.com.br\/bc\/wp-json\/wp\/v2\/users\/6"}],"replies":[{"embeddable":true,"href":"https:\/\/autolivraria.com.br\/bc\/wp-json\/wp\/v2\/comments?post=103567"}],"version-history":[{"count":0,"href":"https:\/\/autolivraria.com.br\/bc\/wp-json\/wp\/v2\/posts\/103567\/revisions"}],"wp:featuredmedia":[{"embeddable":true,"href":"https:\/\/autolivraria.com.br\/bc\/wp-json\/wp\/v2\/media\/93694"}],"wp:attachment":[{"href":"https:\/\/autolivraria.com.br\/bc\/wp-json\/wp\/v2\/media?parent=103567"}],"wp:term":[{"taxonomy":"category","embeddable":true,"href":"https:\/\/autolivraria.com.br\/bc\/wp-json\/wp\/v2\/categories?post=103567"},{"taxonomy":"post_tag","embeddable":true,"href":"https:\/\/autolivraria.com.br\/bc\/wp-json\/wp\/v2\/tags?post=103567"}],"curies":[{"name":"wp","href":"https:\/\/api.w.org\/{rel}","templated":true}]}}