{"id":103599,"date":"2019-05-10T09:04:17","date_gmt":"2019-05-10T12:04:17","guid":{"rendered":"http:\/\/bestcars.uol.com.br\/bc\/?p=103599"},"modified":"2019-05-10T09:04:17","modified_gmt":"2019-05-10T12:04:17","slug":"ford-ranger-perde-xl-motor-flexivel-e-cabine-simples","status":"publish","type":"post","link":"https:\/\/autolivraria.com.br\/bc\/informe-se\/noticias\/ford-ranger-perde-xl-motor-flexivel-e-cabine-simples\/","title":{"rendered":"Ford Ranger perde XL, motor flex\u00edvel e cabine simples"},"content":{"rendered":"<div id='gallery-1' class='gallery galleryid-103599 gallery-columns-1 gallery-size-large'><figure class='gallery-item'>\n\t\t\t<div class='gallery-icon landscape'>\n\t\t\t\t<a href='https:\/\/autolivraria.com.br\/bc\/wp-content\/uploads\/2018\/05\/Ford-Ranger-XL.jpg'><img fetchpriority=\"high\" decoding=\"async\" width=\"696\" height=\"464\" src=\"https:\/\/autolivraria.com.br\/bc\/wp-content\/uploads\/2018\/05\/Ford-Ranger-XL-696x464.jpg\" class=\"attachment-large size-large\" alt=\"\" \/><\/a>\n\t\t\t<\/div><\/figure>\n\t\t<\/div>\n\n<p>A Ford Ranger deixa de oferecer no Brasil as vers\u00f5es flex\u00edveis em combust\u00edvel, cujo motor de 2,5 litros e 173 cv (com \u00e1lcool) tamb\u00e9m n\u00e3o est\u00e1 mais dispon\u00edvel no <a href=\"https:\/\/autolivraria.com.br\/bc\/tag\/fusion\" target=\"_blank\" rel=\"noopener\">Fusion<\/a>. O acabamento mais simples XL (acima), relan\u00e7ado na linha 2019 e \u00fanico que podia vir com cabine simples, \u00e9 outra op\u00e7\u00e3o que sai do cat\u00e1logo. A marca concentrar\u00e1 esfor\u00e7os nos motores turbodiesel de 2,2 litros (160 cv) e 3,2 litros (200 cv) e na cabine dupla.<\/p>\n<p>&nbsp;<\/p>\n<div class='code-block code-block-7' style='margin: 28px auto; text-align: center; display: block; clear: both;'>\n<script async src=\"https:\/\/pagead2.googlesyndication.com\/pagead\/js\/adsbygoogle.js\"><\/script>\n<!-- AL-quadrado -->\n<ins class=\"adsbygoogle\"\n     style=\"display:block\"\n     data-ad-client=\"ca-pub-1914799802606213\"\n     data-ad-slot=\"5683066082\"\n     data-ad-format=\"auto\"\n     data-full-width-responsive=\"true\"><\/ins>\n<script>\n     (adsbygoogle = window.adsbygoogle || []).push({});\n<\/script><\/div>\n\n<p>&nbsp;<\/p>\n<p>A medida pode ser definitiva ou apenas um passo tempor\u00e1rio at\u00e9 o lan\u00e7amento da Ranger 2020, que receber\u00e1 altera\u00e7\u00f5es visuais na frente como as <a href=\"https:\/\/autolivraria.com.br\/bc\/informe-se\/noticias\/ford-ranger-muda-de-novo-ganha-biturbo-e-10-marchas\/\" target=\"_blank\" rel=\"noopener\">adotadas no exterior<\/a> no ano passado. Por enquanto, a linha da picape fica com as seguintes vers\u00f5es e pre\u00e7os:<\/p>\n<p>\u2022\u00a0Ranger XLS 2,2 autom\u00e1tica &#8211; R$ 128.250<br \/>\n\u2022 Ranger XLS 2,2 4&#215;4 manual &#8211; R$ 147.520<br \/>\n\u2022 Ranger XLS 2,2 4&#215;4 aut. &#8211; R$ 154.610<br \/>\n\u2022 Ranger XLT 3,2 4&#215;4 aut. &#8211; R$ 176.420<br \/>\n\u2022 Ranger Limited 3,2 4&#215;4 aut. &#8211; R$ 189 mil<\/p>\n<p>&nbsp;<\/p>\n<h2>Nova Ranger no exterior<\/h2>\n<div id='gallery-2' class='gallery galleryid-103599 gallery-columns-1 gallery-size-large'><figure class='gallery-item'>\n\t\t\t<div class='gallery-icon landscape'>\n\t\t\t\t<a href='https:\/\/autolivraria.com.br\/bc\/wp-content\/uploads\/2019\/01\/Ford-Ranger-Wildtrak-01.jpg'><img decoding=\"async\" width=\"696\" height=\"464\" data-src=\"https:\/\/autolivraria.com.br\/bc\/wp-content\/uploads\/2019\/01\/Ford-Ranger-Wildtrak-01-696x464.jpg\" class=\"attachment-large size-large lazyload\" alt=\"\" src=\"data:image\/svg+xml;base64,PHN2ZyB3aWR0aD0iMSIgaGVpZ2h0PSIxIiB4bWxucz0iaHR0cDovL3d3dy53My5vcmcvMjAwMC9zdmciPjwvc3ZnPg==\" style=\"--smush-placeholder-width: 696px; --smush-placeholder-aspect-ratio: 696\/464;\" \/><\/a>\n\t\t\t<\/div><\/figure><figure class='gallery-item'>\n\t\t\t<div class='gallery-icon landscape'>\n\t\t\t\t<a href='https:\/\/autolivraria.com.br\/bc\/wp-content\/uploads\/2019\/01\/Ford-Ranger-Wildtrak-02.jpg'><img decoding=\"async\" width=\"696\" height=\"464\" data-src=\"https:\/\/autolivraria.com.br\/bc\/wp-content\/uploads\/2019\/01\/Ford-Ranger-Wildtrak-02-696x464.jpg\" class=\"attachment-large size-large lazyload\" alt=\"\" src=\"data:image\/svg+xml;base64,PHN2ZyB3aWR0aD0iMSIgaGVpZ2h0PSIxIiB4bWxucz0iaHR0cDovL3d3dy53My5vcmcvMjAwMC9zdmciPjwvc3ZnPg==\" style=\"--smush-placeholder-width: 696px; --smush-placeholder-aspect-ratio: 696\/464;\" \/><\/a>\n\t\t\t<\/div><\/figure><figure class='gallery-item'>\n\t\t\t<div class='gallery-icon landscape'>\n\t\t\t\t<a href='https:\/\/autolivraria.com.br\/bc\/wp-content\/uploads\/2018\/05\/Ford-Ranger-01.jpg'><img decoding=\"async\" width=\"696\" height=\"464\" data-src=\"https:\/\/autolivraria.com.br\/bc\/wp-content\/uploads\/2018\/05\/Ford-Ranger-01-696x464.jpg\" class=\"attachment-large size-large lazyload\" alt=\"\" src=\"data:image\/svg+xml;base64,PHN2ZyB3aWR0aD0iMSIgaGVpZ2h0PSIxIiB4bWxucz0iaHR0cDovL3d3dy53My5vcmcvMjAwMC9zdmciPjwvc3ZnPg==\" style=\"--smush-placeholder-width: 696px; --smush-placeholder-aspect-ratio: 696\/464;\" \/><\/a>\n\t\t\t<\/div><\/figure>\n\t\t<\/div>\n\n<p><em>Texto da equipe &#8211; Fotos: divulga\u00e7\u00e3o<\/em><\/p>\n<p>&nbsp;<\/p>\n","protected":false},"excerpt":{"rendered":"<p>A Ford Ranger deixa de oferecer no Brasil as vers\u00f5es flex\u00edveis em combust\u00edvel, cujo motor de 2,5 litros e 173 cv (com \u00e1lcool) tamb\u00e9m n\u00e3o est\u00e1 mais dispon\u00edvel no Fusion. O acabamento mais simples XL (acima), relan\u00e7ado na linha 2019 e \u00fanico que podia vir com cabine simples, \u00e9 outra op\u00e7\u00e3o que sai do cat\u00e1logo.<\/p>\n","protected":false},"author":6,"featured_media":94763,"comment_status":"open","ping_status":"closed","sticky":false,"template":"","format":"standard","meta":{"_joinchat":[],"footnotes":""},"categories":[3602,8],"tags":[391,213,94,232,350],"class_list":["post-103599","post","type-post","status-publish","format-standard","has-post-thumbnail","hentry","category-fora-de-estrada","category-noticias","tag-4x4","tag-ford-3","tag-noticias-2","tag-picape","tag-ranger"],"amp_enabled":true,"_links":{"self":[{"href":"https:\/\/autolivraria.com.br\/bc\/wp-json\/wp\/v2\/posts\/103599","targetHints":{"allow":["GET"]}}],"collection":[{"href":"https:\/\/autolivraria.com.br\/bc\/wp-json\/wp\/v2\/posts"}],"about":[{"href":"https:\/\/autolivraria.com.br\/bc\/wp-json\/wp\/v2\/types\/post"}],"author":[{"embeddable":true,"href":"https:\/\/autolivraria.com.br\/bc\/wp-json\/wp\/v2\/users\/6"}],"replies":[{"embeddable":true,"href":"https:\/\/autolivraria.com.br\/bc\/wp-json\/wp\/v2\/comments?post=103599"}],"version-history":[{"count":0,"href":"https:\/\/autolivraria.com.br\/bc\/wp-json\/wp\/v2\/posts\/103599\/revisions"}],"wp:featuredmedia":[{"embeddable":true,"href":"https:\/\/autolivraria.com.br\/bc\/wp-json\/wp\/v2\/media\/94763"}],"wp:attachment":[{"href":"https:\/\/autolivraria.com.br\/bc\/wp-json\/wp\/v2\/media?parent=103599"}],"wp:term":[{"taxonomy":"category","embeddable":true,"href":"https:\/\/autolivraria.com.br\/bc\/wp-json\/wp\/v2\/categories?post=103599"},{"taxonomy":"post_tag","embeddable":true,"href":"https:\/\/autolivraria.com.br\/bc\/wp-json\/wp\/v2\/tags?post=103599"}],"curies":[{"name":"wp","href":"https:\/\/api.w.org\/{rel}","templated":true}]}}