{"id":103851,"date":"2019-05-21T15:21:59","date_gmt":"2019-05-21T18:21:59","guid":{"rendered":"http:\/\/bestcars.uol.com.br\/bc\/?p=103851"},"modified":"2019-05-24T16:32:37","modified_gmt":"2019-05-24T19:32:37","slug":"teste-um-mes-suv-jeep-compass-sport-flex-semana2","status":"publish","type":"post","link":"https:\/\/autolivraria.com.br\/bc\/informe-se\/avaliacao\/teste-um-mes-suv-jeep-compass-sport-flex-semana2\/","title":{"rendered":"Um M\u00eas: Compass agrada ao volante e mostra detalhes"},"content":{"rendered":"<div id='gallery-1' class='gallery galleryid-103851 gallery-columns-1 gallery-size-large'><figure class='gallery-item'>\n\t\t\t<div class='gallery-icon landscape'>\n\t\t\t\t<a href='https:\/\/autolivraria.com.br\/bc\/wp-content\/uploads\/2019\/05\/Jeep-Compass-Sport-05-1.jpg'><img fetchpriority=\"high\" decoding=\"async\" width=\"696\" height=\"464\" src=\"https:\/\/autolivraria.com.br\/bc\/wp-content\/uploads\/2019\/05\/Jeep-Compass-Sport-05-1-696x464.jpg\" class=\"attachment-large size-large\" alt=\"\" \/><\/a>\n\t\t\t<\/div><\/figure>\n\t\t<\/div>\n\n<h2>Hora de analisar a constru\u00e7\u00e3o do SUV da Jeep e a opera\u00e7\u00e3o do motor de 2,0 litros e da transmiss\u00e3o autom\u00e1tica<\/h2>\n<p><em>Texto e fotos: Felipe Hoffmann<\/em><\/p>\n<p>&nbsp;<\/p>\n<p>A segunda semana do Jeep Compass Sport no teste <em>Um M\u00eas ao Volante<\/em> manteve o uso urbano com gasolina \u2014 houve mudan\u00e7a para \u00e1lcool no decorrer dela, mas deixaremos os dados do novo combust\u00edvel para a terceira. Foram rodados 303 quil\u00f4metros com m\u00e9dia geral de 10 km\/l, sendo a pior marca 8,2 km\/l (em 11 km com m\u00e9dia de velocidade de 18 km\/h) e a melhor de 10,8 km\/l (em 78 km com m\u00e9dia de 29 km\/h). Para suas caracter\u00edsticas, como porte e peso, at\u00e9 que o Compass tem mostrado bom consumo de combust\u00edvel. Agora vale esperar a conclus\u00e3o do m\u00eas de teste para confirmar a diferen\u00e7a entre a indica\u00e7\u00e3o do computador de bordo e a aferi\u00e7\u00e3o na bomba do posto.<\/p>\n<p>O conjunto motor\/transmiss\u00e3o autom\u00e1tica tem agradado, tanto pelo torque dispon\u00edvel em rota\u00e7\u00f5es baixas e m\u00e9dias como nas trocas de marchas. A progress\u00e3o do acelerador segue o princ\u00edpio de acerto que gostamos, ou seja, bem progressivo e f\u00e1cil de dosar a demanda de torque. Nas primeiras voltas pode passar a impress\u00e3o de que o carro n\u00e3o \u00e9 \u00e1gil, sobretudo se o motorista acabou de vir de um concorrente pedal agressivo como os da Hyundai e da Kia. Ao se familiarizar com o pedal, por\u00e9m, se nota que o motor Tigershark de 2,0 litros e 159 cv (com gasolina) tem boa reserva de torque em qualquer condi\u00e7\u00e3o.<\/p>\n<p>Outra boa impress\u00e3o \u00e9 pelo acerto das trocas de marchas, que seguem a demanda do motorista e n\u00e3o ficam passando para uma marcha mais alta sem necessidade. Por exemplo, em subidas a transmiss\u00e3o ret\u00e9m a marcha ao se aliviar o p\u00e9 para manter a velocidade ap\u00f3s a acelera\u00e7\u00e3o, o que permite retomar com a reserva de torque obtida, sem a necessidade de reduzir marchas. Chama a aten\u00e7\u00e3o a suavidade das mudan\u00e7as, das melhores j\u00e1 vistas nesta s\u00e9rie de avalia\u00e7\u00f5es. A caixa de seis marchas usa o conversor de torque durante a maioria das trocas, estrat\u00e9gia que (junto \u00e0 redu\u00e7\u00e3o do avan\u00e7o de igni\u00e7\u00e3o e ao acoplamento progressivo das embreagens que formam a marcha requerida) absorve muito bem as varia\u00e7\u00f5es de rota\u00e7\u00e3o do motor.<\/p>\n<p>&nbsp;<\/p>\n<p><img decoding=\"async\" class=\"aligncenter size-full wp-image-103863 lazyload\" data-src=\"https:\/\/autolivraria.com.br\/bc\/wp-content\/uploads\/2019\/05\/Jeep-Compass-Sport-motor01.jpg\" alt=\"\" width=\"696\" height=\"466\" data-srcset=\"https:\/\/autolivraria.com.br\/bc\/wp-content\/uploads\/2019\/05\/Jeep-Compass-Sport-motor01.jpg 696w, https:\/\/autolivraria.com.br\/bc\/wp-content\/uploads\/2019\/05\/Jeep-Compass-Sport-motor01-340x228.jpg 340w, https:\/\/autolivraria.com.br\/bc\/wp-content\/uploads\/2019\/05\/Jeep-Compass-Sport-motor01-627x420.jpg 627w, https:\/\/autolivraria.com.br\/bc\/wp-content\/uploads\/2019\/05\/Jeep-Compass-Sport-motor01-222x149.jpg 222w\" data-sizes=\"(max-width: 696px) 100vw, 696px\" src=\"data:image\/svg+xml;base64,PHN2ZyB3aWR0aD0iMSIgaGVpZ2h0PSIxIiB4bWxucz0iaHR0cDovL3d3dy53My5vcmcvMjAwMC9zdmciPjwvc3ZnPg==\" style=\"--smush-placeholder-width: 696px; --smush-placeholder-aspect-ratio: 696\/466;\" \/><\/p>\n<p style=\"text-align: center;\"><em>Embora o acelerador progressivo n\u00e3o d\u00ea a sensa\u00e7\u00e3o de resposta imediata, o motor de 2,0 litros produz bom torque e seu consumo tem sido adequado ao porte do carro<\/em><\/p>\n<p>&nbsp;<\/p>\n<p>Em certas situa\u00e7\u00f5es de retomadas, o conversor entra em a\u00e7\u00e3o nos primeiros segundos para garantir resposta mais r\u00e1pida e suave em compara\u00e7\u00e3o com uma redu\u00e7\u00e3o de marcha. No modo manual h\u00e1\u00a0 <a href=\"https:\/\/autolivraria.com.br\/bc\/glossario-a\/#acel\" target=\"_blank\" rel=\"noopener\">acelera\u00e7\u00e3o interina<\/a> nas redu\u00e7\u00f5es. O \u00fanico ponto que pode causar leve estranheza \u00e9 que, abaixo de 35 km\/h, o sistema desacopla a embreagem que elimina o conversor \u2014 ou seja, volta para o conversor ao se tirar o p\u00e9 do acelerador, deixando o carro como se estivesse em ponto-morto, sem freio motor. Talvez o objetivo seja evitar desconforto aos passageiros.<\/p>\n<p>&nbsp;<\/p>\n<div class='code-block code-block-7' style='margin: 28px auto; text-align: center; display: block; clear: both;'>\n<br>\n<div align=\"center\">\n<a target=\"_blank\" href=\"https:\/\/bestcars.com.br\/bc\/\">\n<img decoding=\"async\" data-src=\"https:\/\/bestcars.com.br\/bc\/wp-content\/uploads\/2021\/07\/Auto-Livraria-450x300-quadros.jpg\" alt=\"Auto Livraria\" src=\"data:image\/svg+xml;base64,PHN2ZyB3aWR0aD0iMSIgaGVpZ2h0PSIxIiB4bWxucz0iaHR0cDovL3d3dy53My5vcmcvMjAwMC9zdmciPjwvc3ZnPg==\" class=\"lazyload\"><\/a>\n<\/div>\n<br><\/div>\n\n<p>&nbsp;<\/p>\n<p>O uso do Compass tem revelado como todos os sistemas do carro est\u00e3o conectados e &#8220;conversam&#8221; entre si. Por exemplo, o freio de estacionamento el\u00e9trico se aciona automaticamente ao levar a alavanca de transmiss\u00e3o para a posi\u00e7\u00e3o \u201cP\u201d. Da mesma forma o freio \u00e9 liberado se a alavanca for colocada em \u201cD\u201d, mas apenas se o cinto de seguran\u00e7a estiver afivelado. Tamb\u00e9m se pode acionar o freio de estacionamento em \u201cD\u201d, como ao parar em um sem\u00e1foro, e liber\u00e1-lo com leve toque no acelerador.<\/p>\n<p>Como \u00e9 comum, a <a href=\"https:\/\/autolivraria.com.br\/bc\/glossario-p\/#para\" target=\"_blank\" rel=\"noopener\">parada\/partida autom\u00e1tica<\/a> do motor s\u00f3 atua com o pedal de freio acionado e transmiss\u00e3o em &#8220;D&#8221;. Se for colocada em &#8220;N&#8221;, o motor liga, mesmo com freio de estacionamento acionado, impedindo que se use o recurso de economia sem cansar o p\u00e9 \u00e0 espera do sem\u00e1foro. Outra peculiaridade \u00e9 a luz de condu\u00e7\u00e3o diurna, que se ativa apenas com o cinto afivelado. Soltou o cinto, ela se apaga, o que \u00e9 conveniente para n\u00e3o chamar aten\u00e7\u00e3o quando se estaciona o carro. O que n\u00e3o entendemos \u00e9 por que a luz diurna recorre a l\u00e2mpadas hal\u00f3genas amareladas, acima dos far\u00f3is de neblina, em vez de usar os bonitos leds que envolvem o farol quando se liga a luz de posi\u00e7\u00e3o. Um dos far\u00f3is de neblina se acende para o lado ao qual se aponta o volante, para auxiliar na ilumina\u00e7\u00e3o de curvas, se o farol baixo ou alto estiver aceso.<\/p>\n<p>&nbsp;<\/p>\n<div id='gallery-2' class='gallery galleryid-103851 gallery-columns-2 gallery-size-medium'><figure class='gallery-item'>\n\t\t\t<div class='gallery-icon landscape'>\n\t\t\t\t<a href='https:\/\/autolivraria.com.br\/bc\/wp-content\/uploads\/2019\/05\/Jeep-Compass-Sport-det10-1.jpg'><img decoding=\"async\" width=\"340\" height=\"227\" data-src=\"https:\/\/autolivraria.com.br\/bc\/wp-content\/uploads\/2019\/05\/Jeep-Compass-Sport-det10-1-340x227.jpg\" class=\"attachment-medium size-medium lazyload\" alt=\"\" src=\"data:image\/svg+xml;base64,PHN2ZyB3aWR0aD0iMSIgaGVpZ2h0PSIxIiB4bWxucz0iaHR0cDovL3d3dy53My5vcmcvMjAwMC9zdmciPjwvc3ZnPg==\" style=\"--smush-placeholder-width: 340px; --smush-placeholder-aspect-ratio: 340\/227;\" \/><\/a>\n\t\t\t<\/div><\/figure><figure class='gallery-item'>\n\t\t\t<div class='gallery-icon landscape'>\n\t\t\t\t<a href='https:\/\/autolivraria.com.br\/bc\/wp-content\/uploads\/2019\/05\/Jeep-Compass-Sport-det11-1.jpg'><img decoding=\"async\" width=\"340\" height=\"199\" data-src=\"https:\/\/autolivraria.com.br\/bc\/wp-content\/uploads\/2019\/05\/Jeep-Compass-Sport-det11-1-340x199.jpg\" class=\"attachment-medium size-medium lazyload\" alt=\"\" src=\"data:image\/svg+xml;base64,PHN2ZyB3aWR0aD0iMSIgaGVpZ2h0PSIxIiB4bWxucz0iaHR0cDovL3d3dy53My5vcmcvMjAwMC9zdmciPjwvc3ZnPg==\" style=\"--smush-placeholder-width: 340px; --smush-placeholder-aspect-ratio: 340\/199;\" \/><\/a>\n\t\t\t<\/div><\/figure><figure class='gallery-item'>\n\t\t\t<div class='gallery-icon landscape'>\n\t\t\t\t<a href='https:\/\/autolivraria.com.br\/bc\/wp-content\/uploads\/2019\/05\/Jeep-Compass-Sport-det12.jpg'><img decoding=\"async\" width=\"340\" height=\"199\" data-src=\"https:\/\/autolivraria.com.br\/bc\/wp-content\/uploads\/2019\/05\/Jeep-Compass-Sport-det12-340x199.jpg\" class=\"attachment-medium size-medium lazyload\" alt=\"\" src=\"data:image\/svg+xml;base64,PHN2ZyB3aWR0aD0iMSIgaGVpZ2h0PSIxIiB4bWxucz0iaHR0cDovL3d3dy53My5vcmcvMjAwMC9zdmciPjwvc3ZnPg==\" style=\"--smush-placeholder-width: 340px; --smush-placeholder-aspect-ratio: 340\/199;\" \/><\/a>\n\t\t\t<\/div><\/figure><figure class='gallery-item'>\n\t\t\t<div class='gallery-icon landscape'>\n\t\t\t\t<a href='https:\/\/autolivraria.com.br\/bc\/wp-content\/uploads\/2019\/05\/Jeep-Compass-Sport-det13-1.jpg'><img decoding=\"async\" width=\"340\" height=\"199\" data-src=\"https:\/\/autolivraria.com.br\/bc\/wp-content\/uploads\/2019\/05\/Jeep-Compass-Sport-det13-1-340x199.jpg\" class=\"attachment-medium size-medium lazyload\" alt=\"\" src=\"data:image\/svg+xml;base64,PHN2ZyB3aWR0aD0iMSIgaGVpZ2h0PSIxIiB4bWxucz0iaHR0cDovL3d3dy53My5vcmcvMjAwMC9zdmciPjwvc3ZnPg==\" style=\"--smush-placeholder-width: 340px; --smush-placeholder-aspect-ratio: 340\/199;\" \/><\/a>\n\t\t\t<\/div><\/figure>\n\t\t<\/div>\n\n<p style=\"text-align: center;\"><em>An\u00e1lise do cofre do motor do Compass indica detalhes cuidadosos e outros nem tanto<\/em><\/p>\n<p>&nbsp;<\/p>\n<p>Aberto o pesado cap\u00f4 do Compass \u2014 de que falamos na <a href=\"https:\/\/autolivraria.com.br\/bc\/informe-se\/avaliacao\/teste-um-mes-suv-jeep-compass-sport-flex-semana1\/\" target=\"_blank\" rel=\"noopener\">semana passada<\/a> \u2014, notam-se alguns detalhes caprichados e outros nem tanto. Apesar de dividir a posi\u00e7\u00e3o do filtro de ar com a colega de plataforma\u00a0<a href=\"https:\/\/autolivraria.com.br\/bc\/tag\/toro\" target=\"_blank\" rel=\"noopener\">Fiat Toro<\/a>, a admiss\u00e3o do ar ocorre na grade superior e n\u00e3o l\u00e1 embaixo, atr\u00e1s do farol de neblina, encontrada na picape. Da forma que est\u00e1, bem protegido e numa posi\u00e7\u00e3o alta, o motor consegue admitir ar bem fresco sem riscos de puxar \u00e1gua em pequenos alagamentos como ocorreu com a <a href=\"https:\/\/autolivraria.com.br\/bc\/informe-se\/avaliacao\/teste-um-mes-picape-fiat-toro-freedom-4x4-diesel-2018-semana3\/\" target=\"_blank\" rel=\"noopener\">Toro Diesel de teste<\/a>. Em nenhuma parte do duto de admiss\u00e3o h\u00e1 algum ressonador, o que se reflete em pequeno ru\u00eddo de resson\u00e2ncia em certas rota\u00e7\u00f5es e cargas, mas isso acaba muito bem isolado pelo \u00f3timo pacote ac\u00fastico do carro.<\/p>\n<p>&nbsp;<\/p>\n<blockquote><p>Exemplo de como os sistemas do carro est\u00e3o conectados: o freio de estacionamento el\u00e9trico \u00e9 liberado ao passar a transmiss\u00e3o para \u201cD\u201d, mas s\u00f3 com o cinto afivelado<\/p><\/blockquote>\n<p>&nbsp;<\/p>\n<p>A bateria tem uma capa protetora que envolve diversas conex\u00f5es individuais. H\u00e1 at\u00e9 um conector de engate r\u00e1pido no polo negativo, que permite sua desconex\u00e3o manual de forma bem f\u00e1cil. Em compensa\u00e7\u00e3o, estranha-se o isolamento t\u00e9rmico dos sensores presos ao cabe\u00e7ote e seus fios, que parece ter sido feito para evitar o derretimento por alta temperatura, uma vez que est\u00e3o perto do coletor de escapamento. H\u00e1 uma fita prateada isolante e envolvente, que com certeza perder\u00e1 a cola com o tempo, e uma aba mole e f\u00e1cil de se partir do mesmo material isolante, que se usa entre o escapamento e a carroceria.<\/p>\n<p>As mangueiras do sistema de arrefecimento que ligam ao radiador revelam interfer\u00eancia: com o movimento do motor permitido pelos coxins, elas se atritam e podem vir a se partir. Para afastar esse risco a Jeep envolveu as mangueiras com um material protetor preso com fita adesiva, mas ela pode se soltar: vemos risco de permitir vazamento do fluido de arrefecimento e levar o motor a superaquecer.<\/p>\n<p>&nbsp;<\/p>\n<div id='gallery-3' class='gallery galleryid-103851 gallery-columns-2 gallery-size-medium'><figure class='gallery-item'>\n\t\t\t<div class='gallery-icon landscape'>\n\t\t\t\t<a href='https:\/\/autolivraria.com.br\/bc\/wp-content\/uploads\/2019\/05\/Jeep-Compass-Sport-det18.jpg'><img decoding=\"async\" width=\"340\" height=\"228\" data-src=\"https:\/\/autolivraria.com.br\/bc\/wp-content\/uploads\/2019\/05\/Jeep-Compass-Sport-det18-340x228.jpg\" class=\"attachment-medium size-medium lazyload\" alt=\"\" src=\"data:image\/svg+xml;base64,PHN2ZyB3aWR0aD0iMSIgaGVpZ2h0PSIxIiB4bWxucz0iaHR0cDovL3d3dy53My5vcmcvMjAwMC9zdmciPjwvc3ZnPg==\" style=\"--smush-placeholder-width: 340px; --smush-placeholder-aspect-ratio: 340\/228;\" \/><\/a>\n\t\t\t<\/div><\/figure><figure class='gallery-item'>\n\t\t\t<div class='gallery-icon landscape'>\n\t\t\t\t<a href='https:\/\/autolivraria.com.br\/bc\/wp-content\/uploads\/2019\/05\/Jeep-Compass-Sport-det17.jpg'><img decoding=\"async\" width=\"340\" height=\"228\" data-src=\"https:\/\/autolivraria.com.br\/bc\/wp-content\/uploads\/2019\/05\/Jeep-Compass-Sport-det17-340x228.jpg\" class=\"attachment-medium size-medium lazyload\" alt=\"\" src=\"data:image\/svg+xml;base64,PHN2ZyB3aWR0aD0iMSIgaGVpZ2h0PSIxIiB4bWxucz0iaHR0cDovL3d3dy53My5vcmcvMjAwMC9zdmciPjwvc3ZnPg==\" style=\"--smush-placeholder-width: 340px; --smush-placeholder-aspect-ratio: 340\/228;\" \/><\/a>\n\t\t\t<\/div><\/figure>\n\t\t<\/div>\n\n<div id='gallery-4' class='gallery galleryid-103851 gallery-columns-3 gallery-size-222px'><figure class='gallery-item'>\n\t\t\t<div class='gallery-icon landscape'>\n\t\t\t\t<a href='https:\/\/autolivraria.com.br\/bc\/wp-content\/uploads\/2019\/05\/Jeep-Compass-Sport-det19.jpg'><img decoding=\"async\" width=\"222\" height=\"149\" data-src=\"https:\/\/autolivraria.com.br\/bc\/wp-content\/uploads\/2019\/05\/Jeep-Compass-Sport-det19-222x149.jpg\" class=\"attachment-222px size-222px lazyload\" alt=\"\" src=\"data:image\/svg+xml;base64,PHN2ZyB3aWR0aD0iMSIgaGVpZ2h0PSIxIiB4bWxucz0iaHR0cDovL3d3dy53My5vcmcvMjAwMC9zdmciPjwvc3ZnPg==\" style=\"--smush-placeholder-width: 222px; --smush-placeholder-aspect-ratio: 222\/149;\" \/><\/a>\n\t\t\t<\/div><\/figure><figure class='gallery-item'>\n\t\t\t<div class='gallery-icon landscape'>\n\t\t\t\t<a href='https:\/\/autolivraria.com.br\/bc\/wp-content\/uploads\/2019\/05\/Jeep-Compass-Sport-det16.jpg'><img decoding=\"async\" width=\"222\" height=\"149\" data-src=\"https:\/\/autolivraria.com.br\/bc\/wp-content\/uploads\/2019\/05\/Jeep-Compass-Sport-det16-222x149.jpg\" class=\"attachment-222px size-222px lazyload\" alt=\"\" src=\"data:image\/svg+xml;base64,PHN2ZyB3aWR0aD0iMSIgaGVpZ2h0PSIxIiB4bWxucz0iaHR0cDovL3d3dy53My5vcmcvMjAwMC9zdmciPjwvc3ZnPg==\" style=\"--smush-placeholder-width: 222px; --smush-placeholder-aspect-ratio: 222\/149;\" \/><\/a>\n\t\t\t<\/div><\/figure><figure class='gallery-item'>\n\t\t\t<div class='gallery-icon landscape'>\n\t\t\t\t<a href='https:\/\/autolivraria.com.br\/bc\/wp-content\/uploads\/2019\/05\/Jeep-Compass-Sport-det15.jpg'><img decoding=\"async\" width=\"222\" height=\"149\" data-src=\"https:\/\/autolivraria.com.br\/bc\/wp-content\/uploads\/2019\/05\/Jeep-Compass-Sport-det15-222x149.jpg\" class=\"attachment-222px size-222px lazyload\" alt=\"\" src=\"data:image\/svg+xml;base64,PHN2ZyB3aWR0aD0iMSIgaGVpZ2h0PSIxIiB4bWxucz0iaHR0cDovL3d3dy53My5vcmcvMjAwMC9zdmciPjwvc3ZnPg==\" style=\"--smush-placeholder-width: 222px; --smush-placeholder-aspect-ratio: 222\/149;\" \/><\/a>\n\t\t\t<\/div><\/figure>\n\t\t<\/div>\n\n<p style=\"text-align: center;\"><em>Assoalho do porta-malas admite duas posi\u00e7\u00f5es; estepe tempor\u00e1rio vem embaixo; cobertura risca a lateral na retirada; bocal de tanque n\u00e3o tem tampa e pode receber funil<\/em><\/p>\n<p>&nbsp;<\/p>\n<p>No compartimento de bagagem o volume de 410 litros \u00e9 um tanto modesto para um carro de mais de 4,4 metros de comprimentos \u2014 peruas pequenas como <a href=\"https:\/\/autolivraria.com.br\/bc\/tag\/palio-weekend\" target=\"_blank\" rel=\"noopener\">Fiat Palio Weekend<\/a> e <a href=\"https:\/\/autolivraria.com.br\/bc\/tag\/parati\" target=\"_blank\" rel=\"noopener\">Volkswagen Parati<\/a> carregavam mais carga. A tampa de cobertura elevada como uma bolha permite maior altura dos objetos abaixo dela, mas \u00e9 dif\u00edcil de retirar: como seu formato causa interfer\u00eancia com qualquer posi\u00e7\u00e3o de retirada, acaba por arranhar o acabamento da lateral do porta-malas.<\/p>\n<p>&nbsp;<\/p>\n<div class='code-block code-block-6' style='margin: 28px auto; text-align: center; display: block; clear: both;'>\n<script async src=\"https:\/\/pagead2.googlesyndication.com\/pagead\/js\/adsbygoogle.js\"><\/script>\n<!-- AL-quadrado -->\n<ins class=\"adsbygoogle\"\n     style=\"display:block\"\n     data-ad-client=\"ca-pub-1914799802606213\"\n     data-ad-slot=\"5683066082\"\n     data-ad-format=\"auto\"\n     data-full-width-responsive=\"true\"><\/ins>\n<script>\n     (adsbygoogle = window.adsbygoogle || []).push({});\n<\/script><\/div>\n\n<p>&nbsp;<\/p>\n<p>O assoalho pode ser colocado em dois n\u00edveis: um mais alto quando o pneu de rodagem \u00e9 colocado no local e um mais baixo com o estepe tempor\u00e1rio, que ent\u00e3o permite a capacidade de bagagem informada. Dois pequenos compartimentos nas laterais s\u00e3o \u00fateis para pequenos objetos, e uma bomba el\u00e9trica de encher pneus pode ser conectada \u00e0 tomada de 12 volts do porta-malas \u2014 ideal para calibrar o estepe, que por sinal fica com a parte da roda virada para cima para f\u00e1cil acesso ao bico de enchimento.<\/p>\n<p>H\u00e1 tamb\u00e9m locais na espuma que envolve o estepe para fixar chave de roda e macaco, de forma organizada. A entrada do tanque de combust\u00edvel n\u00e3o tem tampa rosque\u00e1vel, sendo que a veda\u00e7\u00e3o de poeira \u00e9 feita pela pr\u00f3pria portinhola do combust\u00edvel e pela v\u00e1lvula na entrada, onde se encaixa a pistola da bomba. Como tal v\u00e1lvula n\u00e3o pode ser aberta com a m\u00e3o, a Jeep oferece um pequeno funil caso o cliente precise colocar combust\u00edvel com gal\u00e3o.<\/p>\n<p>Na terceira semana avaliaremos as rea\u00e7\u00f5es e o consumo do Compass com \u00e1lcool. At\u00e9 a ter\u00e7a!<\/p>\n<a href='https:\/\/autolivraria.com.br\/bc\/informe-se\/avaliacao\/teste-um-mes-suv-jeep-compass-sport-flex-semana1\/' class='small-button smallsilver'>Semana anterior<\/a>\n<p>&nbsp;<\/p>\n<div class='et-box et-shadow'>\n\t\t\t\t\t<div class='et-box-content'><h2>Segunda semana<\/h2>\n<table id=\"table6029\" border=\"0\" width=\"100%\" cellspacing=\"0\" cellpadding=\"3\">\n<tbody>\n<tr>\n<td style=\"width: 50%;\" valign=\"top\">Dist\u00e2ncia percorrida<\/td>\n<td style=\"width: 50%;\" valign=\"top\">303 km<\/td>\n<\/tr>\n<tr>\n<td valign=\"top\">Dist\u00e2ncia em cidade<\/td>\n<td valign=\"top\">303 km<\/td>\n<\/tr>\n<tr>\n<td valign=\"top\">Dist\u00e2ncia em rodovia<\/td>\n<td valign=\"top\">&#8211;<\/td>\n<\/tr>\n<tr>\n<td valign=\"top\">Consumo m\u00e9dio geral<\/td>\n<td valign=\"top\">10,0 km\/l<\/td>\n<\/tr>\n<tr>\n<td valign=\"top\">Consumo m\u00e9dio em cidade<\/td>\n<td valign=\"top\">10,0 km\/l<\/td>\n<\/tr>\n<tr>\n<td valign=\"top\">Consumo m\u00e9dio em rodovia<\/td>\n<td valign=\"top\">&#8211;<\/td>\n<\/tr>\n<tr>\n<td valign=\"top\">Melhor m\u00e9dia<\/td>\n<td valign=\"top\">10,8 km\/l<\/td>\n<\/tr>\n<tr>\n<td valign=\"top\">Pior m\u00e9dia<\/td>\n<td valign=\"top\">8,2 km\/l<\/td>\n<\/tr>\n<tr>\n<td colspan=\"2\" valign=\"top\">Dados do computador de bordo com gasolina<\/td>\n<\/tr>\n<\/tbody>\n<\/table><\/div><\/div>\n<p>&nbsp;<\/p>\n<div class='et-box et-shadow'>\n\t\t\t\t\t<div class='et-box-content'><h2>Desde o in\u00edcio<\/h2>\n<table id=\"table6029\" border=\"0\" width=\"100%\" cellspacing=\"0\" cellpadding=\"3\">\n<tbody>\n<tr>\n<td style=\"width: 50%;\" valign=\"top\">Dist\u00e2ncia percorrida<\/td>\n<td style=\"width: 50%;\" valign=\"top\">845 km<\/td>\n<\/tr>\n<tr>\n<td valign=\"top\">Dist\u00e2ncia em cidade<\/td>\n<td valign=\"top\">845 km<\/td>\n<\/tr>\n<tr>\n<td valign=\"top\">Dist\u00e2ncia em rodovia<\/td>\n<td valign=\"top\">&#8211;<\/td>\n<\/tr>\n<tr>\n<td valign=\"top\">Consumo m\u00e9dio geral<\/td>\n<td valign=\"top\">9,4 km\/l<\/td>\n<\/tr>\n<tr>\n<td valign=\"top\">Consumo m\u00e9dio em cidade<\/td>\n<td valign=\"top\">9,4 km\/l<\/td>\n<\/tr>\n<tr>\n<td valign=\"top\">Consumo m\u00e9dio em rodovia<\/td>\n<td valign=\"top\">&#8211;<\/td>\n<\/tr>\n<tr>\n<td valign=\"top\">Melhor m\u00e9dia<\/td>\n<td valign=\"top\">13,4 km\/l<\/td>\n<\/tr>\n<tr>\n<td valign=\"top\">Pior m\u00e9dia<\/td>\n<td valign=\"top\">4,9 km\/l<\/td>\n<\/tr>\n<tr>\n<td colspan=\"2\" valign=\"top\">Dados do computador de bordo com gasolina<\/td>\n<\/tr>\n<\/tbody>\n<\/table><\/div><\/div>\n<p>&nbsp;<\/p>\n<div class='et-box et-shadow'>\n\t\t\t\t\t<div class='et-box-content'><h2>Pre\u00e7os<\/h2>\n<table id=\"table6029\" border=\"0\" width=\"100%\" cellspacing=\"0\" cellpadding=\"3\">\n<tbody>\n<tr>\n<td style=\"width: 50%;\" valign=\"top\">Sem opcionais<\/td>\n<td style=\"width: 50%;\" valign=\"top\">R$ 113.990<\/td>\n<\/tr>\n<tr>\n<td valign=\"top\">Como avaliado<\/td>\n<td valign=\"top\">R$ 117.490<\/td>\n<\/tr>\n<tr>\n<td valign=\"top\">Completo<\/td>\n<td valign=\"top\">R$ 120.090<\/td>\n<\/tr>\n<tr>\n<td colspan=\"2\" valign=\"top\">Pre\u00e7os sugeridos em 14\/5\/19 em S\u00e3o Paulo, SP<\/td>\n<\/tr>\n<\/tbody>\n<\/table><\/div><\/div>\n<p>&nbsp;<\/p>\n<div class='et-box et-shadow'>\n\t\t\t\t\t<div class='et-box-content'><h2>Equipamentos e opcionais<\/h2>\n<p>\u2022 <strong>Compass Sport &#8211;\u00a0<\/strong>Alarme,\u00a0ar-condicionado autom\u00e1tico de duas zonas,\u00a0<a href=\"https:\/\/autolivraria.com.br\/bc\/glossario-a\/#ramp\">assistente de sa\u00edda em rampa<\/a>, c\u00e2mera traseira de manobras,\u00a0<a href=\"https:\/\/autolivraria.com.br\/bc\/glossario-c\/#cont\">controlador<\/a>\u00a0e <a href=\"https:\/\/autolivraria.com.br\/bc\/glossario-l\/#limi\">limitador<\/a>\u00a0de velocidade,\u00a0<a href=\"https:\/\/autolivraria.com.br\/bc\/glossario-c\/#esp\">controle eletr\u00f4nico de estabilidade e tra\u00e7\u00e3o<\/a>, far\u00f3is de neblina, fixa\u00e7\u00e3o\u00a0<a href=\"https:\/\/autolivraria.com.br\/bc\/glossario-i\/#isof\">Isofix<\/a>\u00a0para cadeiras infantis,\u00a0luzes diurnas, monitor de press\u00e3o dos pneus, rodas de alum\u00ednio de 17 polegadas, ), sensores de estacionamento atr\u00e1s, sistema de \u00e1udio com tela de 7 pol e <a href=\"https:\/\/autolivraria.com.br\/bc\/glossario-e\/#espe\" target=\"_blank\" rel=\"noopener\">integra\u00e7\u00e3o a celular<\/a>, volante com regulagem de altura e dist\u00e2ncia.<\/p>\n<p><strong>\u2022 Opcionais<\/strong> &#8211; Bolsas infl\u00e1veis laterais dianteiras, de cortina e de joelhos do motorista; para-barros.<\/p><\/div><\/div>\n<p>&nbsp;<\/p>\n<div class='et-box et-shadow'>\n\t\t\t\t\t<div class='et-box-content'><h2>Ficha t\u00e9cnica<\/h2>\n<table id=\"table61\" border=\"0\" width=\"100%\" cellspacing=\"0\" cellpadding=\"3\">\n<tbody>\n<tr>\n<td colspan=\"2\" valign=\"top\" bgcolor=\"#FFFFFF\"><strong>Motor<\/strong><\/td>\n<\/tr>\n<tr>\n<td valign=\"top\" width=\"50%\">Posi\u00e7\u00e3o<\/td>\n<td valign=\"top\" width=\"50%\">transversal<\/td>\n<\/tr>\n<tr>\n<td valign=\"top\" width=\"50%\">Cilindros<\/td>\n<td valign=\"top\" width=\"50%\">4 em linha<\/td>\n<\/tr>\n<tr>\n<td valign=\"top\" width=\"50%\">Comando de v\u00e1lvulas<\/td>\n<td valign=\"top\" width=\"50%\">duplo no cabe\u00e7ote<\/td>\n<\/tr>\n<tr>\n<td valign=\"top\" width=\"50%\">V\u00e1lvulas por cilindro<\/td>\n<td valign=\"top\" width=\"50%\">4, varia\u00e7\u00e3o de tempo<\/td>\n<\/tr>\n<tr>\n<td valign=\"top\" width=\"50%\">Di\u00e2metro e curso<\/td>\n<td valign=\"top\" width=\"50%\">88 x 82 mm<\/td>\n<\/tr>\n<tr>\n<td valign=\"top\" width=\"50%\">Cilindrada<\/td>\n<td valign=\"top\" width=\"50%\">1.995 cm\u00b3<\/td>\n<\/tr>\n<tr>\n<td valign=\"top\" width=\"50%\">Taxa de compress\u00e3o<\/td>\n<td valign=\"top\" width=\"50%\">11,8:1<\/td>\n<\/tr>\n<tr>\n<td valign=\"top\" width=\"50%\">Alimenta\u00e7\u00e3o<\/td>\n<td valign=\"top\" width=\"60%\">inje\u00e7\u00e3o multiponto sequencial<\/td>\n<\/tr>\n<tr>\n<td valign=\"top\" width=\"50%\">Pot\u00eancia m\u00e1xima (gas.\/\u00e1lc.)<\/td>\n<td valign=\"top\" width=\"50%\">159\/166 cv a 6.200 rom<\/td>\n<\/tr>\n<tr>\n<td valign=\"top\" width=\"50%\">Torque m\u00e1ximo (gas.\/\u00e1lc.)<\/td>\n<td valign=\"top\" width=\"50%\">19,9\/20,5 m.kgf a 4.000 rpm<\/td>\n<\/tr>\n<tr>\n<td colspan=\"2\" valign=\"top\" bgcolor=\"#FFFFFF\"><strong>Transmiss\u00e3o<\/strong><\/td>\n<\/tr>\n<tr>\n<td valign=\"top\" width=\"50%\">Tipo de caixa e marchas<\/td>\n<td valign=\"top\" width=\"50%\">autom\u00e1tica, 6<\/td>\n<\/tr>\n<tr>\n<td valign=\"top\" width=\"50%\">Tra\u00e7\u00e3o<\/td>\n<td valign=\"top\" width=\"50%\">dianteira<\/td>\n<\/tr>\n<tr>\n<td colspan=\"2\" valign=\"top\" bgcolor=\"#FFFFFF\"><strong>Freios<\/strong><\/td>\n<\/tr>\n<tr>\n<td valign=\"top\" width=\"50%\">Dianteiros<\/td>\n<td valign=\"top\" width=\"50%\">a disco ventilado<\/td>\n<\/tr>\n<tr>\n<td valign=\"top\" width=\"50%\">Traseiros<\/td>\n<td valign=\"top\" width=\"50%\">a disco<\/td>\n<\/tr>\n<tr>\n<td valign=\"top\" width=\"50%\">Antitravamento (ABS)<\/td>\n<td valign=\"top\" width=\"50%\">sim<\/td>\n<\/tr>\n<tr>\n<td colspan=\"2\" valign=\"top\" bgcolor=\"#FFFFFF\"><strong>Dire\u00e7\u00e3o<\/strong><\/td>\n<\/tr>\n<tr>\n<td valign=\"top\" width=\"50%\">Sistema<\/td>\n<td valign=\"top\" width=\"50%\">pinh\u00e3o e cremalheira<\/td>\n<\/tr>\n<tr>\n<td valign=\"top\" width=\"50%\">Assist\u00eancia<\/td>\n<td valign=\"top\" width=\"50%\">el\u00e9trica<\/td>\n<\/tr>\n<tr>\n<td colspan=\"2\" valign=\"top\" bgcolor=\"#FFFFFF\"><strong>Suspens\u00e3o<\/strong><\/td>\n<\/tr>\n<tr>\n<td valign=\"top\" width=\"50%\">Dianteira<\/td>\n<td valign=\"top\" width=\"50%\">independente, McPherson, mola helicoidal<\/td>\n<\/tr>\n<tr>\n<td valign=\"top\" width=\"50%\">Traseira<\/td>\n<td valign=\"top\" width=\"50%\">independente, McPherson, mola helicoidal<\/td>\n<\/tr>\n<tr>\n<td colspan=\"2\" valign=\"top\" bgcolor=\"#FFFFFF\"><strong>Rodas<\/strong><\/td>\n<\/tr>\n<tr>\n<td valign=\"top\" width=\"50%\">Dimens\u00f5es<\/td>\n<td valign=\"top\" width=\"50%\">17 pol<\/td>\n<\/tr>\n<tr>\n<td valign=\"top\" width=\"50%\">Pneus<\/td>\n<td valign=\"top\" width=\"50%\">225\/60 R 17<\/td>\n<\/tr>\n<tr>\n<td colspan=\"2\" valign=\"top\" bgcolor=\"#FFFFFF\"><strong>Dimens\u00f5es<\/strong><\/td>\n<\/tr>\n<tr>\n<td valign=\"top\" width=\"50%\">Comprimento<\/td>\n<td valign=\"top\" width=\"50%\">4,416 m<\/td>\n<\/tr>\n<tr>\n<td valign=\"top\" width=\"50%\">Largura<\/td>\n<td valign=\"top\" width=\"50%\">1,819 m<\/td>\n<\/tr>\n<tr>\n<td valign=\"top\" width=\"50%\">Altura<\/td>\n<td valign=\"top\" width=\"50%\">1,638 m<\/td>\n<\/tr>\n<tr>\n<td valign=\"top\" width=\"50%\">Entre-eixos<\/td>\n<td valign=\"top\" width=\"50%\">2,636 m<\/td>\n<\/tr>\n<tr>\n<td colspan=\"2\" valign=\"top\" bgcolor=\"#FFFFFF\"><strong>Capacidades e peso<\/strong><\/td>\n<\/tr>\n<tr>\n<td valign=\"top\" width=\"50%\">Tanque de combust\u00edvel<\/td>\n<td valign=\"top\" width=\"50%\">60 l<\/td>\n<\/tr>\n<tr>\n<td valign=\"top\" width=\"50%\">Compartimento de bagagem<\/td>\n<td valign=\"top\" width=\"50%\">410 l<\/td>\n<\/tr>\n<tr>\n<td valign=\"top\" width=\"50%\">Peso em ordem de marcha<\/td>\n<td valign=\"top\" width=\"50%\">1.541 kg<\/td>\n<\/tr>\n<tr>\n<td colspan=\"2\" valign=\"top\" bgcolor=\"#FFFFFF\"><strong>Desempenho e consumo (gas.\/\u00e1lc.)<\/strong><\/td>\n<\/tr>\n<tr>\n<td valign=\"top\" width=\"50%\">Velocidade m\u00e1xima<\/td>\n<td valign=\"top\" width=\"50%\">188\/192 km\/h<\/td>\n<\/tr>\n<tr>\n<td valign=\"top\" width=\"50%\">Acelera\u00e7\u00e3o de 0 a 100 km\/h<\/td>\n<td valign=\"top\" width=\"50%\">10,9\/10,6 s<\/td>\n<\/tr>\n<tr>\n<td valign=\"top\" width=\"50%\">Consumo em cidade<\/td>\n<td valign=\"top\" width=\"50%\">8,1\/5,5 km\/l<\/td>\n<\/tr>\n<tr>\n<td valign=\"top\" width=\"50%\">Consumo em rodovia<\/td>\n<td valign=\"top\" width=\"50%\">10,5\/7,2 km\/l<\/td>\n<\/tr>\n<tr>\n<td colspan=\"2\" valign=\"top\">Dados do fabricante<\/td>\n<\/tr>\n<\/tbody>\n<\/table><\/div><\/div>\n<p>&nbsp;<\/p>\n","protected":false},"excerpt":{"rendered":"<p>Hora de analisar a constru\u00e7\u00e3o do SUV da Jeep e a opera\u00e7\u00e3o do motor de 2,0 litros e da transmiss\u00e3o autom\u00e1tica<\/p>\n","protected":false},"author":6,"featured_media":103854,"comment_status":"open","ping_status":"closed","sticky":false,"template":"","format":"standard","meta":{"_joinchat":[],"footnotes":""},"categories":[3,3602,1830,37],"tags":[80,1081,4175,4684,103,96,349],"class_list":["post-103851","post","type-post","status-publish","format-standard","has-post-thumbnail","hentry","category-avaliacao","category-fora-de-estrada","category-jeep-avaliacao","category-um-mes","tag-avaliacao-2","tag-compass","tag-compass-sport","tag-compass-sport-um-mes-ao-volante","tag-jeep","tag-um-mes-ao-volante","tag-utilitario-esporte"],"amp_enabled":true,"_links":{"self":[{"href":"https:\/\/autolivraria.com.br\/bc\/wp-json\/wp\/v2\/posts\/103851","targetHints":{"allow":["GET"]}}],"collection":[{"href":"https:\/\/autolivraria.com.br\/bc\/wp-json\/wp\/v2\/posts"}],"about":[{"href":"https:\/\/autolivraria.com.br\/bc\/wp-json\/wp\/v2\/types\/post"}],"author":[{"embeddable":true,"href":"https:\/\/autolivraria.com.br\/bc\/wp-json\/wp\/v2\/users\/6"}],"replies":[{"embeddable":true,"href":"https:\/\/autolivraria.com.br\/bc\/wp-json\/wp\/v2\/comments?post=103851"}],"version-history":[{"count":0,"href":"https:\/\/autolivraria.com.br\/bc\/wp-json\/wp\/v2\/posts\/103851\/revisions"}],"wp:featuredmedia":[{"embeddable":true,"href":"https:\/\/autolivraria.com.br\/bc\/wp-json\/wp\/v2\/media\/103854"}],"wp:attachment":[{"href":"https:\/\/autolivraria.com.br\/bc\/wp-json\/wp\/v2\/media?parent=103851"}],"wp:term":[{"taxonomy":"category","embeddable":true,"href":"https:\/\/autolivraria.com.br\/bc\/wp-json\/wp\/v2\/categories?post=103851"},{"taxonomy":"post_tag","embeddable":true,"href":"https:\/\/autolivraria.com.br\/bc\/wp-json\/wp\/v2\/tags?post=103851"}],"curies":[{"name":"wp","href":"https:\/\/api.w.org\/{rel}","templated":true}]}}