{"id":104801,"date":"2019-07-02T11:37:20","date_gmt":"2019-07-02T14:37:20","guid":{"rendered":"http:\/\/bestcars.uol.com.br\/bc\/?p=104801"},"modified":"2019-07-05T15:05:06","modified_gmt":"2019-07-05T18:05:06","slug":"hyundai-creta-2020-frente-renovada-e-mais-conteudos","status":"publish","type":"post","link":"https:\/\/autolivraria.com.br\/bc\/informe-se\/noticias\/hyundai-creta-2020-frente-renovada-e-mais-conteudos\/","title":{"rendered":"Hyundai Creta 2020: frente renovada e mais conte\u00fados"},"content":{"rendered":"<div id='gallery-1' class='gallery galleryid-104801 gallery-columns-1 gallery-size-large'><figure class='gallery-item'>\n\t\t\t<div class='gallery-icon landscape'>\n\t\t\t\t<a href='https:\/\/autolivraria.com.br\/bc\/wp-content\/uploads\/2019\/07\/Creta-Launch-Edition-01.jpg'><img fetchpriority=\"high\" decoding=\"async\" width=\"696\" height=\"464\" src=\"https:\/\/autolivraria.com.br\/bc\/wp-content\/uploads\/2019\/07\/Creta-Launch-Edition-01-696x464.jpg\" class=\"attachment-large size-large\" alt=\"\" \/><\/a>\n\t\t\t<\/div><\/figure>\n\t\t<\/div>\n\n<p>&nbsp;<\/p>\n<p>O Hyundai Creta ganha novo visual na linha 2020: recebeu\u00a0grade frontal e para-choques redesenhados, lanternas traseiras com leds na vers\u00e3o de topo e novas rodas. H\u00e1 tamb\u00e9m itens de tecnologia in\u00e9ditos no segmento, como carregador de celular sem fio e chave presencial em forma de pulseira. A s\u00e9rie especial de lan\u00e7amento,\u00a0Creta Launch Edition (acima), limitada a 1.200 carros, deriva da vers\u00e3o Pulse Plus e traz itens adicionais como rodas diamantadas de 17 pol, far\u00f3is com luz diurna de leds, para-choque traseiro esportivo, soleiras cromadas nas portas dianteiras, chave presencial e bancos com revestimento sint\u00e9tico de microfibra na cor marrom, ao pre\u00e7o sugerido de R$ 100 mil.<\/p>\n<p>&nbsp;<\/p>\n<div class='code-block code-block-7' style='margin: 28px auto; text-align: center; display: block; clear: both;'>\n<br>\n<div align=\"center\">\n<a target=\"_blank\" href=\"https:\/\/bestcars.com.br\/bc\/\">\n<img decoding=\"async\" data-src=\"https:\/\/bestcars.com.br\/bc\/wp-content\/uploads\/2021\/07\/Auto-Livraria-450x300-quadros.jpg\" alt=\"Auto Livraria\" src=\"data:image\/svg+xml;base64,PHN2ZyB3aWR0aD0iMSIgaGVpZ2h0PSIxIiB4bWxucz0iaHR0cDovL3d3dy53My5vcmcvMjAwMC9zdmciPjwvc3ZnPg==\" class=\"lazyload\"><\/a>\n<\/div>\n<br><\/div>\n\n<p>&nbsp;<\/p>\n<div id='gallery-2' class='gallery galleryid-104801 gallery-columns-1 gallery-size-large'><figure class='gallery-item'>\n\t\t\t<div class='gallery-icon landscape'>\n\t\t\t\t<a href='https:\/\/autolivraria.com.br\/bc\/wp-content\/uploads\/2019\/07\/Creta-Prestige-02.jpg'><img decoding=\"async\" width=\"696\" height=\"464\" data-src=\"https:\/\/autolivraria.com.br\/bc\/wp-content\/uploads\/2019\/07\/Creta-Prestige-02-696x464.jpg\" class=\"attachment-large size-large lazyload\" alt=\"\" src=\"data:image\/svg+xml;base64,PHN2ZyB3aWR0aD0iMSIgaGVpZ2h0PSIxIiB4bWxucz0iaHR0cDovL3d3dy53My5vcmcvMjAwMC9zdmciPjwvc3ZnPg==\" style=\"--smush-placeholder-width: 696px; --smush-placeholder-aspect-ratio: 696\/464;\" \/><\/a>\n\t\t\t<\/div><\/figure>\n\t\t<\/div>\n\n<p>&nbsp;<\/p>\n<p>A vers\u00e3o de topo Prestige (acima e abaixo) tem mais novidades por dentro: revestimento sint\u00e9tico na cor marfim com detalhes em marrom (com op\u00e7\u00e3o por preto), carregador sem fio para celulares compat\u00edveis\u00a0e retrovisor interno <a href=\"https:\/\/autolivraria.com.br\/bc\/glossario-r\/#retr\" target=\"_blank\" rel=\"noopener\">fotocr\u00f4mico<\/a>. Ele ganha ainda a Hyundai Key Band, chave presencial em forma de pulseira para destravar as portas, o porta-malas e dar partida no motor. Ela permite conectividade com o celular para recursos como contador de passos e calorias, medidor de dist\u00e2ncia percorrida e notifica\u00e7\u00f5es do telefone.<\/p>\n<p>&nbsp;<\/p>\n<div id='gallery-3' class='gallery galleryid-104801 gallery-columns-1 gallery-size-large'><figure class='gallery-item'>\n\t\t\t<div class='gallery-icon landscape'>\n\t\t\t\t<a href='https:\/\/autolivraria.com.br\/bc\/wp-content\/uploads\/2019\/07\/Creta-Prestige-04.jpg'><img decoding=\"async\" width=\"696\" height=\"464\" data-src=\"https:\/\/autolivraria.com.br\/bc\/wp-content\/uploads\/2019\/07\/Creta-Prestige-04-696x464.jpg\" class=\"attachment-large size-large lazyload\" alt=\"\" src=\"data:image\/svg+xml;base64,PHN2ZyB3aWR0aD0iMSIgaGVpZ2h0PSIxIiB4bWxucz0iaHR0cDovL3d3dy53My5vcmcvMjAwMC9zdmciPjwvc3ZnPg==\" style=\"--smush-placeholder-width: 696px; --smush-placeholder-aspect-ratio: 696\/464;\" \/><\/a>\n\t\t\t<\/div><\/figure>\n\t\t<\/div>\n\n<p>&nbsp;<\/p>\n<p>N\u00e3o h\u00e1 altera\u00e7\u00f5es de ordem t\u00e9cnica no Creta 2020. O motor de 1,6 litro tem pot\u00eancia de 123 cv com gasolina e 130 cv com \u00e1lcool e torque de 16 e 16,5 m.kgf, na ordem. O de 2,0 litros, agora limitado \u00e0 vers\u00e3o Prestige (a Sport deixa de ser oferecida), produz 156\/166 cv e 19,1\/20,5 m.kgf, na ordem. Todo Creta tem tra\u00e7\u00e3o dianteira e seis marchas nas transmiss\u00f5es manual (apenas vers\u00e3o Attitude) e autom\u00e1tica.<\/p>\n<p>Confira as vers\u00f5es e pre\u00e7os do Creta 2020:<\/p>\n<div id='gallery-4' class='gallery galleryid-104801 gallery-columns-2 gallery-size-medium'><figure class='gallery-item'>\n\t\t\t<div class='gallery-icon landscape'>\n\t\t\t\t<a href='https:\/\/autolivraria.com.br\/bc\/wp-content\/uploads\/2019\/07\/Creta-Attitude.jpg'><img decoding=\"async\" width=\"340\" height=\"227\" data-src=\"https:\/\/autolivraria.com.br\/bc\/wp-content\/uploads\/2019\/07\/Creta-Attitude-340x227.jpg\" class=\"attachment-medium size-medium lazyload\" alt=\"\" aria-describedby=\"gallery-4-104807\" src=\"data:image\/svg+xml;base64,PHN2ZyB3aWR0aD0iMSIgaGVpZ2h0PSIxIiB4bWxucz0iaHR0cDovL3d3dy53My5vcmcvMjAwMC9zdmciPjwvc3ZnPg==\" style=\"--smush-placeholder-width: 340px; --smush-placeholder-aspect-ratio: 340\/227;\" \/><\/a>\n\t\t\t<\/div>\n\t\t\t\t<figcaption class='wp-caption-text gallery-caption' id='gallery-4-104807'>\n\t\t\t\tAttitude\n\t\t\t\t<\/figcaption><\/figure><figure class='gallery-item'>\n\t\t\t<div class='gallery-icon landscape'>\n\t\t\t\t<a href='https:\/\/autolivraria.com.br\/bc\/wp-content\/uploads\/2019\/07\/Creta-Smart.jpg'><img decoding=\"async\" width=\"340\" height=\"227\" data-src=\"https:\/\/autolivraria.com.br\/bc\/wp-content\/uploads\/2019\/07\/Creta-Smart-340x227.jpg\" class=\"attachment-medium size-medium lazyload\" alt=\"\" aria-describedby=\"gallery-4-104806\" src=\"data:image\/svg+xml;base64,PHN2ZyB3aWR0aD0iMSIgaGVpZ2h0PSIxIiB4bWxucz0iaHR0cDovL3d3dy53My5vcmcvMjAwMC9zdmciPjwvc3ZnPg==\" style=\"--smush-placeholder-width: 340px; --smush-placeholder-aspect-ratio: 340\/227;\" \/><\/a>\n\t\t\t<\/div>\n\t\t\t\t<figcaption class='wp-caption-text gallery-caption' id='gallery-4-104806'>\n\t\t\t\tSmart\n\t\t\t\t<\/figcaption><\/figure>\n\t\t<\/div>\n\n<p>&nbsp;<\/p>\n<p>\u2022 <strong>Creta Attitude 1,6 manual<\/strong> (R$ 81 mil) \u2013 Alarme perim\u00e9trico, ar-condicionado, computador de bordo, monitor de press\u00e3o dos pneus, r\u00e1dio com Bluetooth e comandos no volante, retrovisores com luz de dire\u00e7\u00e3o, rodas de alum\u00ednio de 16 pol, volante com regulagem de altura e dist\u00e2ncia.<\/p>\n<p>&nbsp;<\/p>\n<div class='code-block code-block-6' style='margin: 28px auto; text-align: center; display: block; clear: both;'>\n<script async src=\"https:\/\/pagead2.googlesyndication.com\/pagead\/js\/adsbygoogle.js\"><\/script>\n<!-- AL-quadrado -->\n<ins class=\"adsbygoogle\"\n     style=\"display:block\"\n     data-ad-client=\"ca-pub-1914799802606213\"\n     data-ad-slot=\"5683066082\"\n     data-ad-format=\"auto\"\n     data-full-width-responsive=\"true\"><\/ins>\n<script>\n     (adsbygoogle = window.adsbygoogle || []).push({});\n<\/script><\/div>\n\n<p>&nbsp;<\/p>\n<p>\u2022 <strong>Creta Smart 1,6 autom\u00e1tico<\/strong> (R$ 86.490) \u2013 Como o Attitude, mais assistente de partida em rampa, controlador de velocidade, controle el\u00e9trico de vidros com fun\u00e7\u00e3o um-toque para todos e abertura\/fechamento a dist\u00e2ncia, <a href=\"https:\/\/autolivraria.com.br\/bc\/glossario-c\/#esp\" target=\"_blank\" rel=\"noopener\">controle eletr\u00f4nico de estabilidade e tra\u00e7\u00e3o<\/a>, sensor de estacionamento traseiro, transmiss\u00e3o autom\u00e1tica de seis marchas.<\/p>\n<p>\u2022 <strong>Creta Pulse Plus 1,6 autom\u00e1tico<\/strong> (R$ 95 mil) \u2013 Como o Smart, mais ar-condicionado autom\u00e1tico, c\u00e2mera traseira de manobras, central de \u00e1udio com tela de 7 pol e TV digital, far\u00f3is autom\u00e1ticos, far\u00f3is de neblina, rodas de 17 pol, volante revestido em couro.<\/p>\n<p>&nbsp;<\/p>\n<div id='gallery-5' class='gallery galleryid-104801 gallery-columns-2 gallery-size-medium'><figure class='gallery-item'>\n\t\t\t<div class='gallery-icon landscape'>\n\t\t\t\t<a href='https:\/\/autolivraria.com.br\/bc\/wp-content\/uploads\/2019\/07\/Creta-Launch-Edition-02.jpg'><img decoding=\"async\" width=\"340\" height=\"227\" data-src=\"https:\/\/autolivraria.com.br\/bc\/wp-content\/uploads\/2019\/07\/Creta-Launch-Edition-02-340x227.jpg\" class=\"attachment-medium size-medium lazyload\" alt=\"\" aria-describedby=\"gallery-5-104809\" src=\"data:image\/svg+xml;base64,PHN2ZyB3aWR0aD0iMSIgaGVpZ2h0PSIxIiB4bWxucz0iaHR0cDovL3d3dy53My5vcmcvMjAwMC9zdmciPjwvc3ZnPg==\" style=\"--smush-placeholder-width: 340px; --smush-placeholder-aspect-ratio: 340\/227;\" \/><\/a>\n\t\t\t<\/div>\n\t\t\t\t<figcaption class='wp-caption-text gallery-caption' id='gallery-5-104809'>\n\t\t\t\tLaunch Edition\n\t\t\t\t<\/figcaption><\/figure><figure class='gallery-item'>\n\t\t\t<div class='gallery-icon landscape'>\n\t\t\t\t<a href='https:\/\/autolivraria.com.br\/bc\/wp-content\/uploads\/2019\/07\/Creta-Launch-Edition-03.jpg'><img decoding=\"async\" width=\"340\" height=\"227\" data-src=\"https:\/\/autolivraria.com.br\/bc\/wp-content\/uploads\/2019\/07\/Creta-Launch-Edition-03-340x227.jpg\" class=\"attachment-medium size-medium lazyload\" alt=\"\" src=\"data:image\/svg+xml;base64,PHN2ZyB3aWR0aD0iMSIgaGVpZ2h0PSIxIiB4bWxucz0iaHR0cDovL3d3dy53My5vcmcvMjAwMC9zdmciPjwvc3ZnPg==\" style=\"--smush-placeholder-width: 340px; --smush-placeholder-aspect-ratio: 340\/227;\" \/><\/a>\n\t\t\t<\/div><\/figure><figure class='gallery-item'>\n\t\t\t<div class='gallery-icon landscape'>\n\t\t\t\t<a href='https:\/\/autolivraria.com.br\/bc\/wp-content\/uploads\/2019\/07\/Creta-Prestige-01.jpg'><img decoding=\"async\" width=\"340\" height=\"227\" data-src=\"https:\/\/autolivraria.com.br\/bc\/wp-content\/uploads\/2019\/07\/Creta-Prestige-01-340x227.jpg\" class=\"attachment-medium size-medium lazyload\" alt=\"\" aria-describedby=\"gallery-5-104811\" src=\"data:image\/svg+xml;base64,PHN2ZyB3aWR0aD0iMSIgaGVpZ2h0PSIxIiB4bWxucz0iaHR0cDovL3d3dy53My5vcmcvMjAwMC9zdmciPjwvc3ZnPg==\" style=\"--smush-placeholder-width: 340px; --smush-placeholder-aspect-ratio: 340\/227;\" \/><\/a>\n\t\t\t<\/div>\n\t\t\t\t<figcaption class='wp-caption-text gallery-caption' id='gallery-5-104811'>\n\t\t\t\tPrestige\n\t\t\t\t<\/figcaption><\/figure><figure class='gallery-item'>\n\t\t\t<div class='gallery-icon landscape'>\n\t\t\t\t<a href='https:\/\/autolivraria.com.br\/bc\/wp-content\/uploads\/2019\/07\/Creta-Prestige-03.jpg'><img decoding=\"async\" width=\"340\" height=\"228\" data-src=\"https:\/\/autolivraria.com.br\/bc\/wp-content\/uploads\/2019\/07\/Creta-Prestige-03-340x228.jpg\" class=\"attachment-medium size-medium lazyload\" alt=\"\" src=\"data:image\/svg+xml;base64,PHN2ZyB3aWR0aD0iMSIgaGVpZ2h0PSIxIiB4bWxucz0iaHR0cDovL3d3dy53My5vcmcvMjAwMC9zdmciPjwvc3ZnPg==\" style=\"--smush-placeholder-width: 340px; --smush-placeholder-aspect-ratio: 340\/228;\" \/><\/a>\n\t\t\t<\/div><\/figure>\n\t\t<\/div>\n\n<p>&nbsp;<\/p>\n<p>\u2022 <strong>Creta Launch Edition 1,6 autom\u00e1tico<\/strong> (R$ 100 mil) \u2013 Como o Pulse Plus, mais bancos com revestimento sint\u00e9tico marrom, bolsas infl\u00e1veis laterais dianteiras e de cortina, chave presencial, far\u00f3is com projetor <a href=\"https:\/\/autolivraria.com.br\/bc\/glossario-e\/#elip\" target=\"_blank\" rel=\"noopener\">elipsoidal<\/a> e luzes diurnas de leds, soleiras personalizadas.<\/p>\n<p>\u2022 <strong>Creta Prestige 2,0 autom\u00e1tico<\/strong> (R$ 108 mil) \u2013 Como o Pulse Plus, mais alarme volum\u00e9trico, banco do motorista com ventila\u00e7\u00e3o, bancos com revestimento sint\u00e9tico marrom e marfim, bolsas infl\u00e1veis laterais dianteiras e de cortina, carregador de celular sem fio, central de \u00e1udio com navegador, chave presencial, chave-pulseira Hyundai Key Band, far\u00f3is com projetor elipsoidal e luzes diurnas de leds, lanternas traseiras com leds, rebatimento autom\u00e1tico dos retrovisores externos, retrovisor interno fotocr\u00f4mico, sa\u00edda de ar para o banco traseiro. Opcional: bancos com revestimento sint\u00e9tico preto.<\/p>\n<p><em>Texto da equipe &#8211; Fotos: divulga\u00e7\u00e3o<\/em><\/p>\n<p>&nbsp;<\/p>\n","protected":false},"excerpt":{"rendered":"<p>&nbsp; O Hyundai Creta ganha novo visual na linha 2020: recebeu\u00a0grade frontal e para-choques redesenhados, lanternas traseiras com leds na vers\u00e3o de topo e novas rodas. H\u00e1 tamb\u00e9m itens de tecnologia in\u00e9ditos no segmento, como carregador de celular sem fio e chave presencial em forma de pulseira. A s\u00e9rie especial de lan\u00e7amento,\u00a0Creta Launch Edition (acima),<\/p>\n","protected":false},"author":6,"featured_media":104803,"comment_status":"open","ping_status":"closed","sticky":false,"template":"","format":"standard","meta":{"_joinchat":[],"footnotes":""},"categories":[3602,8],"tags":[3625,4702,4382,4381,4701,63,94,349],"class_list":["post-104801","post","type-post","status-publish","format-standard","has-post-thumbnail","hentry","category-fora-de-estrada","category-noticias","tag-creta","tag-creta-attitude","tag-creta-prestige","tag-creta-pulse-plus","tag-creta-smart","tag-hyundai","tag-noticias-2","tag-utilitario-esporte"],"amp_enabled":true,"_links":{"self":[{"href":"https:\/\/autolivraria.com.br\/bc\/wp-json\/wp\/v2\/posts\/104801","targetHints":{"allow":["GET"]}}],"collection":[{"href":"https:\/\/autolivraria.com.br\/bc\/wp-json\/wp\/v2\/posts"}],"about":[{"href":"https:\/\/autolivraria.com.br\/bc\/wp-json\/wp\/v2\/types\/post"}],"author":[{"embeddable":true,"href":"https:\/\/autolivraria.com.br\/bc\/wp-json\/wp\/v2\/users\/6"}],"replies":[{"embeddable":true,"href":"https:\/\/autolivraria.com.br\/bc\/wp-json\/wp\/v2\/comments?post=104801"}],"version-history":[{"count":0,"href":"https:\/\/autolivraria.com.br\/bc\/wp-json\/wp\/v2\/posts\/104801\/revisions"}],"wp:featuredmedia":[{"embeddable":true,"href":"https:\/\/autolivraria.com.br\/bc\/wp-json\/wp\/v2\/media\/104803"}],"wp:attachment":[{"href":"https:\/\/autolivraria.com.br\/bc\/wp-json\/wp\/v2\/media?parent=104801"}],"wp:term":[{"taxonomy":"category","embeddable":true,"href":"https:\/\/autolivraria.com.br\/bc\/wp-json\/wp\/v2\/categories?post=104801"},{"taxonomy":"post_tag","embeddable":true,"href":"https:\/\/autolivraria.com.br\/bc\/wp-json\/wp\/v2\/tags?post=104801"}],"curies":[{"name":"wp","href":"https:\/\/api.w.org\/{rel}","templated":true}]}}