{"id":106643,"date":"2019-09-06T10:08:04","date_gmt":"2019-09-06T13:08:04","guid":{"rendered":"http:\/\/bestcars.uol.com.br\/bc\/?p=106643"},"modified":"2019-09-09T17:54:17","modified_gmt":"2019-09-09T20:54:17","slug":"chevrolet-onix-joy-recebe-visual-das-versoes-superiores","status":"publish","type":"post","link":"https:\/\/autolivraria.com.br\/bc\/informe-se\/noticias\/chevrolet-onix-joy-recebe-visual-das-versoes-superiores\/","title":{"rendered":"Chevrolet Onix Joy recebe visual das vers\u00f5es superiores"},"content":{"rendered":"<div id='gallery-1' class='gallery galleryid-106643 gallery-columns-1 gallery-size-large'><figure class='gallery-item'>\n\t\t\t<div class='gallery-icon landscape'>\n\t\t\t\t<a href='https:\/\/autolivraria.com.br\/bc\/wp-content\/uploads\/2019\/09\/Onix-Joy-01.jpg'><img fetchpriority=\"high\" decoding=\"async\" width=\"696\" height=\"464\" src=\"https:\/\/autolivraria.com.br\/bc\/wp-content\/uploads\/2019\/09\/Onix-Joy-01-696x464.jpg\" class=\"attachment-large size-large\" alt=\"\" \/><\/a>\n\t\t\t<\/div><\/figure>\n\t\t<\/div>\n\n<p>&nbsp;<\/p>\n<p>Enquanto prepara o lan\u00e7amento do Onix de segunda gera\u00e7\u00e3o, a Chevrolet d\u00e1 \u00e0 vers\u00e3o Joy o mesmo desenho externo que o restante da linha est\u00e1 por abandonar. A reestiliza\u00e7\u00e3o afeta frente e traseira, enquanto o interior recebe apenas novo acabamento no painel central e nos bancos. O Joy mant\u00e9m simplifica\u00e7\u00f5es como os comandos de vidros no console, enquanto as demais vers\u00f5es os trazem nas portas.<\/p>\n<p>&nbsp;<\/p>\n<div class='code-block code-block-7' style='margin: 28px auto; text-align: center; display: block; clear: both;'>\n<br>\n<div align=\"center\">\n<a target=\"_blank\" href=\"https:\/\/bestcars.com.br\/bc\/\">\n<img decoding=\"async\" data-src=\"https:\/\/bestcars.com.br\/bc\/wp-content\/uploads\/2021\/07\/Auto-Livraria-450x300-quadros.jpg\" alt=\"Auto Livraria\" src=\"data:image\/svg+xml;base64,PHN2ZyB3aWR0aD0iMSIgaGVpZ2h0PSIxIiB4bWxucz0iaHR0cDovL3d3dy53My5vcmcvMjAwMC9zdmciPjwvc3ZnPg==\" class=\"lazyload\"><\/a>\n<\/div>\n<br><\/div>\n\n<p>&nbsp;<\/p>\n<div id='gallery-2' class='gallery galleryid-106643 gallery-columns-1 gallery-size-large'><figure class='gallery-item'>\n\t\t\t<div class='gallery-icon landscape'>\n\t\t\t\t<a href='https:\/\/autolivraria.com.br\/bc\/wp-content\/uploads\/2019\/09\/Onix-Joy-02.jpg'><img decoding=\"async\" width=\"696\" height=\"464\" data-src=\"https:\/\/autolivraria.com.br\/bc\/wp-content\/uploads\/2019\/09\/Onix-Joy-02-696x464.jpg\" class=\"attachment-large size-large lazyload\" alt=\"\" src=\"data:image\/svg+xml;base64,PHN2ZyB3aWR0aD0iMSIgaGVpZ2h0PSIxIiB4bWxucz0iaHR0cDovL3d3dy53My5vcmcvMjAwMC9zdmciPjwvc3ZnPg==\" style=\"--smush-placeholder-width: 696px; --smush-placeholder-aspect-ratio: 696\/464;\" \/><\/a>\n\t\t\t<\/div><\/figure><figure class='gallery-item'>\n\t\t\t<div class='gallery-icon landscape'>\n\t\t\t\t<a href='https:\/\/autolivraria.com.br\/bc\/wp-content\/uploads\/2019\/09\/Onix-Joy-03.jpg'><img decoding=\"async\" width=\"696\" height=\"464\" data-src=\"https:\/\/autolivraria.com.br\/bc\/wp-content\/uploads\/2019\/09\/Onix-Joy-03-696x464.jpg\" class=\"attachment-large size-large lazyload\" alt=\"\" src=\"data:image\/svg+xml;base64,PHN2ZyB3aWR0aD0iMSIgaGVpZ2h0PSIxIiB4bWxucz0iaHR0cDovL3d3dy53My5vcmcvMjAwMC9zdmciPjwvc3ZnPg==\" style=\"--smush-placeholder-width: 696px; --smush-placeholder-aspect-ratio: 696\/464;\" \/><\/a>\n\t\t\t<\/div><\/figure>\n\t\t<\/div>\n\n<p>&nbsp;<\/p>\n<p>Outra novidade \u00e9 a op\u00e7\u00e3o de acabamento Black, dotado de luz de posi\u00e7\u00e3o em leds, calotas escurecidas, moldura da grade e retrovisor em preto brilhante. O Joy vem de s\u00e9rie com ar-condicionado, dire\u00e7\u00e3o com assist\u00eancia el\u00e9trica, transmiss\u00e3o de seis marchas e comando el\u00e9trico das travas e vidros.\u00a0Central de \u00e1udio \u00e9 vendida como acess\u00f3rio. O motor continua de 1,0 litro com 78 cv e torque de 9,5 m.kgf (com gasolina) ou 80 cv e 9,8 m.kgf (com \u00e1lcool).<\/p>\n<p><em>Texto da equipe &#8211; Fotos: divulga\u00e7\u00e3o<\/em><\/p>\n<p>&nbsp;<\/p>\n","protected":false},"excerpt":{"rendered":"<p>&nbsp; Enquanto prepara o lan\u00e7amento do Onix de segunda gera\u00e7\u00e3o, a Chevrolet d\u00e1 \u00e0 vers\u00e3o Joy o mesmo desenho externo que o restante da linha est\u00e1 por abandonar. A reestiliza\u00e7\u00e3o afeta frente e traseira, enquanto o interior recebe apenas novo acabamento no painel central e nos bancos. O Joy mant\u00e9m simplifica\u00e7\u00f5es como os comandos de<\/p>\n","protected":false},"author":6,"featured_media":106644,"comment_status":"open","ping_status":"closed","sticky":false,"template":"","format":"standard","meta":{"_joinchat":[],"footnotes":""},"categories":[8],"tags":[100,94,2016,4140],"class_list":["post-106643","post","type-post","status-publish","format-standard","has-post-thumbnail","hentry","category-noticias","tag-chevrolet","tag-noticias-2","tag-onix","tag-onix-joy"],"amp_enabled":true,"_links":{"self":[{"href":"https:\/\/autolivraria.com.br\/bc\/wp-json\/wp\/v2\/posts\/106643","targetHints":{"allow":["GET"]}}],"collection":[{"href":"https:\/\/autolivraria.com.br\/bc\/wp-json\/wp\/v2\/posts"}],"about":[{"href":"https:\/\/autolivraria.com.br\/bc\/wp-json\/wp\/v2\/types\/post"}],"author":[{"embeddable":true,"href":"https:\/\/autolivraria.com.br\/bc\/wp-json\/wp\/v2\/users\/6"}],"replies":[{"embeddable":true,"href":"https:\/\/autolivraria.com.br\/bc\/wp-json\/wp\/v2\/comments?post=106643"}],"version-history":[{"count":0,"href":"https:\/\/autolivraria.com.br\/bc\/wp-json\/wp\/v2\/posts\/106643\/revisions"}],"wp:featuredmedia":[{"embeddable":true,"href":"https:\/\/autolivraria.com.br\/bc\/wp-json\/wp\/v2\/media\/106644"}],"wp:attachment":[{"href":"https:\/\/autolivraria.com.br\/bc\/wp-json\/wp\/v2\/media?parent=106643"}],"wp:term":[{"taxonomy":"category","embeddable":true,"href":"https:\/\/autolivraria.com.br\/bc\/wp-json\/wp\/v2\/categories?post=106643"},{"taxonomy":"post_tag","embeddable":true,"href":"https:\/\/autolivraria.com.br\/bc\/wp-json\/wp\/v2\/tags?post=106643"}],"curies":[{"name":"wp","href":"https:\/\/api.w.org\/{rel}","templated":true}]}}