{"id":106890,"date":"2019-09-13T16:51:28","date_gmt":"2019-09-13T19:51:28","guid":{"rendered":"http:\/\/bestcars.uol.com.br\/bc\/?p=106890"},"modified":"2019-10-25T16:09:55","modified_gmt":"2019-10-25T19:09:55","slug":"estilos-estranhos-podem-vir-de-marcas-que-sabem-fazer","status":"publish","type":"post","link":"https:\/\/autolivraria.com.br\/bc\/informe-se\/colunas\/editorial\/estilos-estranhos-podem-vir-de-marcas-que-sabem-fazer\/","title":{"rendered":"Estilos estranhos podem vir de marcas que sabem fazer"},"content":{"rendered":"<p><img fetchpriority=\"high\" decoding=\"async\" class=\"aligncenter size-full wp-image-73751\" src=\"https:\/\/autolivraria.com.br\/bc\/wp-content\/uploads\/2016\/06\/Editorial-696.jpg\" alt=\"\" width=\"696\" height=\"107\" srcset=\"https:\/\/autolivraria.com.br\/bc\/wp-content\/uploads\/2016\/06\/Editorial-696.jpg 696w, https:\/\/autolivraria.com.br\/bc\/wp-content\/uploads\/2016\/06\/Editorial-696-340x52.jpg 340w, https:\/\/autolivraria.com.br\/bc\/wp-content\/uploads\/2016\/06\/Editorial-696-222x34.jpg 222w\" sizes=\"(max-width: 696px) 100vw, 696px\" \/><\/p>\n<h2>De repente o HB20 perde a boa est\u00e9tica e a BMW volta aos exageros: o que acontece com os desenhos dos autom\u00f3veis?<\/h2>\n<p>&nbsp;<\/p>\n<p>Bastou a Hyundai divulgar as primeiras fotos do novo <a href=\"https:\/\/autolivraria.com.br\/bc\/informe-se\/noticias\/novo-hyundai-hb20-em-fotos-oficiais-qual-sua-opiniao\/\" target=\"_blank\" rel=\"noopener noreferrer\">HB20<\/a>, no \u00faltimo dia 4, para receber uma avalanche de cr\u00edticas do p\u00fablico. &#8220;Ficou horr\u00edvel&#8221;, &#8220;estragaram o carro&#8221; e outros coment\u00e1rios definiam a insatisfa\u00e7\u00e3o praticamente un\u00e2nime com as formas do hatch compacto \u2014 logo ele, que h\u00e1 sete anos estreou com um desenho elogiado, certamente um de seus maiores fatores de sucesso por todo o ciclo de produ\u00e7\u00e3o.<\/p>\n<p>Na semana seguinte, em meio a belos autom\u00f3veis lan\u00e7ados no Sal\u00e3o de Frankfurt, a BMW causava espanto com o <a href=\"https:\/\/autolivraria.com.br\/bc\/informe-se\/noticias\/novo-bmw-serie-4-conceitual-acerta-no-estilo-mas-a-grade\/\" target=\"_blank\" rel=\"noopener noreferrer\">Concept 4<\/a>, um estudo para a nova gera\u00e7\u00e3o do cup\u00ea S\u00e9rie 4. Um par de imensas grades, que parece apto a devorar o primeiro Mini Cooper ou Fiat 500 que vir pela frente, estragava o desenho do carro-conceito, de resto muito elegante na opini\u00e3o deste editor.<\/p>\n<p>&nbsp;<\/p>\n<blockquote><p>As tend\u00eancias de estilo est\u00e3o sempre em muta\u00e7\u00e3o: as formas suaves da d\u00e9cada de 1990, mesmo que agrad\u00e1veis, n\u00e3o poderiam ser aplicadas a um carro de hoje<\/p><\/blockquote>\n<p>&nbsp;<\/p>\n<figure id=\"attachment_106892\" aria-describedby=\"caption-attachment-106892\" style=\"width: 340px\" class=\"wp-caption alignleft\"><a href=\"https:\/\/autolivraria.com.br\/bc\/wp-content\/uploads\/2019\/09\/HB20.jpg\"><img decoding=\"async\" class=\"size-medium wp-image-106892 lazyload\" data-src=\"https:\/\/autolivraria.com.br\/bc\/wp-content\/uploads\/2019\/09\/HB20-340x226.jpg\" alt=\"\" width=\"340\" height=\"226\" data-srcset=\"https:\/\/autolivraria.com.br\/bc\/wp-content\/uploads\/2019\/09\/HB20-340x226.jpg 340w, https:\/\/autolivraria.com.br\/bc\/wp-content\/uploads\/2019\/09\/HB20-631x420.jpg 631w, https:\/\/autolivraria.com.br\/bc\/wp-content\/uploads\/2019\/09\/HB20-222x148.jpg 222w, https:\/\/autolivraria.com.br\/bc\/wp-content\/uploads\/2019\/09\/HB20.jpg 640w\" data-sizes=\"(max-width: 340px) 100vw, 340px\" src=\"data:image\/svg+xml;base64,PHN2ZyB3aWR0aD0iMSIgaGVpZ2h0PSIxIiB4bWxucz0iaHR0cDovL3d3dy53My5vcmcvMjAwMC9zdmciPjwvc3ZnPg==\" style=\"--smush-placeholder-width: 340px; --smush-placeholder-aspect-ratio: 340\/226;\" \/><\/a><figcaption id=\"caption-attachment-106892\" class=\"wp-caption-text\">O estilo do novo HB20 causou insatisfa\u00e7\u00e3o praticamente un\u00e2nime\u2014 logo ele, que tanto agradou h\u00e1 sete anos<\/figcaption><\/figure>\n<p>O que acontece, afinal, na ind\u00fastria? Como marcas que se notabilizam pela est\u00e9tica cometem, de repente, erros como esses? A meu ver, dois pontos parecem trazer a explica\u00e7\u00e3o.<\/p>\n<p>O primeiro \u00e9 que, como em qualquer neg\u00f3cio, existe rotatividade nos departamentos de Estilo. Um projetista de talento, ou que comanda uma equipe de bons resultados, pode ser contratado por uma empresa do mesmo ramo ou de outro. A dire\u00e7\u00e3o dos fabricantes est\u00e1 sujeita a igual processo, embora de forma mais lenta. Assim, embora aos olhos do p\u00fablico uma Hyundai ou BMW pare\u00e7a a empresa de sempre, na pr\u00e1tica os respons\u00e1veis por elaborar e por aprovar os desenhos dos carros mudam de tempos em tempos \u2014 nem sempre para melhor.<\/p>\n<p>O outro ponto \u00e9 que, assim como na moda, as tend\u00eancias de estilo dos carros est\u00e3o sempre em muta\u00e7\u00e3o. As formas suaves da d\u00e9cada de 1990, embora em v\u00e1rios casos tenham sido agrad\u00e1veis aos olhos, n\u00e3o poderiam ser aplicadas a um modelo de hoje. As linhas robustas, mas simples, de v\u00e1rios modelos dos anos 2000 tamb\u00e9m ganham ar antigo sem uma boa quantidade de vincos, arestas e cortes inclinados. Mesmo que nem todos de n\u00f3s gostem dos rumos do estilo dos novos autom\u00f3veis, \u00e9 fato que algo precisa ser feito com o passar do tempo para marcar uma ruptura, inaugurar uma fase.<\/p>\n<p>Foi isso que a mesma BMW fez h\u00e1 quase 20 anos, quando o norte-americano Chris Bangle come\u00e7ou a ousar mais no desenho. As formas do <a href=\"https:\/\/www.autolivraria.com.br\/supercar\/bmw7-1.htm\" target=\"_blank\" rel=\"noopener noreferrer\">S\u00e9rie 7<\/a> de 2001, do <a href=\"https:\/\/www.autolivraria.com.br\/supercar\/z4.htm\" target=\"_blank\" rel=\"noopener noreferrer\">Z4<\/a> do ano seguinte e do <a href=\"https:\/\/www.autolivraria.com.br\/supercar\/bmw6.htm\" target=\"_blank\" rel=\"noopener noreferrer\">S\u00e9rie 6<\/a> de 2003 fugiam a tudo que a marca \u2014 ou qualquer outra \u2014 fizera at\u00e9 ent\u00e3o, o que dividiu o mundo entre os que adoraram as ideias e os que as detestaram. Muitos, como o autor, tiveram saudades das linhas simples e elegantes seguidas por Munique at\u00e9 os anos 90, como no <a href=\"https:\/\/autolivraria.com.br\/bc\/informe-se\/passado\/historia-e36-um-serie-3-que-foi-divisor-de-aguas-para-a-bmw\/\" target=\"_blank\" rel=\"noopener noreferrer\">S\u00e9rie 3 E36<\/a>. Bangle se redimiu (se por sua vontade ou contra ela, \u00e9 dif\u00edcil saber) em modelos e reestiliza\u00e7\u00f5es posteriores, mas nunca ser\u00e1 esquecido por sua ruptura dos padr\u00f5es \u2014 para o bem e para o mal.<\/p>\n<p>&nbsp;<\/p>\n<div class='code-block code-block-7' style='margin: 28px auto; text-align: center; display: block; clear: both;'>\n<script async src=\"https:\/\/pagead2.googlesyndication.com\/pagead\/js\/adsbygoogle.js\"><\/script>\n<!-- AL-quadrado -->\n<ins class=\"adsbygoogle\"\n     style=\"display:block\"\n     data-ad-client=\"ca-pub-1914799802606213\"\n     data-ad-slot=\"5683066082\"\n     data-ad-format=\"auto\"\n     data-full-width-responsive=\"true\"><\/ins>\n<script>\n     (adsbygoogle = window.adsbygoogle || []).push({});\n<\/script><\/div>\n\n<p>&nbsp;<\/p>\n<h2>Parecer ousado<\/h2>\n<p>Outro caso que entrou para a hist\u00f3ria foi a da General Motors do Brasil. O fato de a maioria de seus desenhos terem vindo da Opel alem\u00e3, do Opala ao Vectra hatch, n\u00e3o tira o m\u00e9rito dos bons trabalhos da equipe local de Estilo ao criar varia\u00e7\u00f5es (como os Corsas sed\u00e3 e picape em duas gera\u00e7\u00f5es) e at\u00e9 em estilos completos, como o Celta e o primeiro Prisma. No entanto, em algum momento da d\u00e9cada passada, as coisas desandaram.<\/p>\n<p>Os Chevrolets passaram a apostar em linhas exageradas e de gosto question\u00e1vel: <a href=\"https:\/\/autolivraria.com.br\/bc\/tag\/agile\" target=\"_blank\" rel=\"noopener noreferrer\">Agile<\/a>, a <a href=\"https:\/\/autolivraria.com.br\/bc\/tag\/montana\" target=\"_blank\" rel=\"noopener noreferrer\">Montana<\/a> derivada dele, os primeiros <a href=\"https:\/\/autolivraria.com.br\/bc\/tag\/cobalt\" target=\"_blank\" rel=\"noopener noreferrer\">Cobalt<\/a> e <a href=\"https:\/\/autolivraria.com.br\/bc\/tag\/spin\" target=\"_blank\" rel=\"noopener noreferrer\">Spin<\/a>. Far\u00f3is e grades imensos, para-lamas ressaltados, janelas pequenas e outras solu\u00e7\u00f5es compunham alguns dos piores estilos j\u00e1 desenvolvidos pela ind\u00fastria brasileira. O que aconteceu com o bom gosto que caracterizou por tempos a GMB? Provavelmente, como na era Bangle da BMW, sucumbiu \u00e0 vontade de chamar aten\u00e7\u00e3o do mercado, de fazer parecer ousado e diferente algo que, do ponto de vista t\u00e9cnico, era t\u00e3o ortodoxo quanto a caixa de Maizena.<\/p>\n<p>&nbsp;<\/p>\n<blockquote><p>Nas reestiliza\u00e7\u00f5es, mais limitadas em custo, o projetista tende a exagerar para obter diferencia\u00e7\u00e3o a um produto que, na ess\u00eancia, pouco mudou<\/p><\/blockquote>\n<p>&nbsp;<\/p>\n<figure id=\"attachment_106893\" aria-describedby=\"caption-attachment-106893\" style=\"width: 340px\" class=\"wp-caption alignright\"><a href=\"https:\/\/autolivraria.com.br\/bc\/wp-content\/uploads\/2019\/09\/Montana.jpg\"><img decoding=\"async\" class=\"size-medium wp-image-106893 lazyload\" data-src=\"https:\/\/autolivraria.com.br\/bc\/wp-content\/uploads\/2019\/09\/Montana-340x226.jpg\" alt=\"\" width=\"340\" height=\"226\" data-srcset=\"https:\/\/autolivraria.com.br\/bc\/wp-content\/uploads\/2019\/09\/Montana-340x226.jpg 340w, https:\/\/autolivraria.com.br\/bc\/wp-content\/uploads\/2019\/09\/Montana-631x420.jpg 631w, https:\/\/autolivraria.com.br\/bc\/wp-content\/uploads\/2019\/09\/Montana-222x148.jpg 222w, https:\/\/autolivraria.com.br\/bc\/wp-content\/uploads\/2019\/09\/Montana.jpg 640w\" data-sizes=\"(max-width: 340px) 100vw, 340px\" src=\"data:image\/svg+xml;base64,PHN2ZyB3aWR0aD0iMSIgaGVpZ2h0PSIxIiB4bWxucz0iaHR0cDovL3d3dy53My5vcmcvMjAwMC9zdmciPjwvc3ZnPg==\" style=\"--smush-placeholder-width: 340px; --smush-placeholder-aspect-ratio: 340\/226;\" \/><\/a><figcaption id=\"caption-attachment-106893\" class=\"wp-caption-text\">Far\u00f3is e grades imensos, janelas pequenas e outras solu\u00e7\u00f5es compunham os piores estilos da GM, caso da Montana<\/figcaption><\/figure>\n<p>Essa tenta\u00e7\u00e3o \u00e9 frequente quando, a partir de um desenho simples ou algo antiquado, se precisa criar uma vers\u00e3o chamativa como as &#8220;aventureiras&#8221;. Um pouco mais de liberdade e o projetista exagera nos apliques pl\u00e1sticos, como na <a href=\"https:\/\/autolivraria.com.br\/bc\/tag\/palio-adventure\" target=\"_blank\" rel=\"noopener noreferrer\">Fiat Palio Adventure<\/a> desde 2009, ou implanta detalhes que beiram o rid\u00edculo, caso do &#8220;quebra-mato simulado&#8221; do <a href=\"https:\/\/autolivraria.com.br\/bc\/tag\/etios-cross\" target=\"_blank\" rel=\"noopener noreferrer\">Toyota Etios Cross<\/a> e do &#8220;aparelho dent\u00e1rio&#8221; da <a href=\"https:\/\/www.autolivraria.com.br\/testes3\/peugeot-hoggar-1.htm\" target=\"_blank\" rel=\"noopener noreferrer\">Peugeot Hoggar Escapade<\/a>.<\/p>\n<p>Acontece tamb\u00e9m em reestiliza\u00e7\u00f5es (<a href=\"https:\/\/autolivraria.com.br\/bc\/informe-se\/video-carros-em-nova-geracao-mas-sera-nova-mesmo\/\" target=\"_blank\" rel=\"noopener noreferrer\">entenda a diferen\u00e7a para uma nova gera\u00e7\u00e3o<\/a>). Por limita\u00e7\u00f5es de custo, em geral s\u00f3 a frente e a traseira s\u00e3o redesenhadas, mesmo assim com restri\u00e7\u00f5es para minimizar as altera\u00e7\u00f5es no ferramental de estamparia. Com isso, o projetista pode exagerar para obter diferencia\u00e7\u00e3o a um produto que, na ess\u00eancia, pouco mudou. Surgem cria\u00e7\u00f5es pol\u00eamicas como o <a href=\"https:\/\/autolivraria.com.br\/bc\/tag\/monza\" target=\"_blank\" rel=\"noopener noreferrer\">Chevrolet Monza 1991<\/a>, com frente arredondada e traseira quadrada; o <a href=\"https:\/\/autolivraria.com.br\/bc\/informe-se\/passado\/historia-toyota-corolla-confianca-que-ja-dura-50-anos\/\" target=\"_blank\" rel=\"noopener noreferrer\">Toyota Corolla 1997<\/a>, com far\u00f3is ovalados e a grade apelidada de &#8220;ralador de queijo&#8221;; o <a href=\"https:\/\/www.autolivraria.com.br\/testes3\/palio-1.htm\" target=\"_blank\" rel=\"noopener noreferrer\">Fiat Palio 2008<\/a>, t\u00e3o mal recebido que nunca cedeu seu desenho \u00e0 vers\u00e3o Fire; e o <a href=\"https:\/\/www.autolivraria.com.br\/testes3\/ford-fiesta-2011-1.htm\" target=\"_blank\" rel=\"noopener noreferrer\">Ford Fiesta 2011<\/a>, com os far\u00f3is &#8220;olhos de inseto&#8221; em uma carroceria toda retil\u00ednea.<\/p>\n<p>N\u00e3o se pode, \u00e9 verdade, agradar a todos. Mas alguns trabalhos de Estilo t\u00eam sido t\u00e3o estranhos, que \u00e0s vezes parecem aptos a agradar apenas a seu autor e ao presidente da companhia, que resolveu impor sua vontade ao Rei Mercado. E isso raras vezes d\u00e1 certo.<\/p>\n<a href='https:\/\/autolivraria.com.br\/bc\/informe-se\/colunas\/editorial\/seguranca-direcao-defensiva\/' class='small-button smallsilver'>Editorial anterior<\/a>\n<p>&nbsp;<\/p>\n","protected":false},"excerpt":{"rendered":"<p>De repente o HB20 perde a boa est\u00e9tica e a BMW volta aos exageros: o que acontece com os desenhos dos autom\u00f3veis?<\/p>\n","protected":false},"author":6,"featured_media":69289,"comment_status":"open","ping_status":"closed","sticky":false,"template":"","format":"standard","meta":{"_joinchat":[],"footnotes":""},"categories":[3593],"tags":[153,31,640,591],"class_list":["post-106890","post","type-post","status-publish","format-standard","has-post-thumbnail","hentry","category-editorial","tag-colunas-2","tag-editorial","tag-estilo-2","tag-mercado"],"amp_enabled":true,"_links":{"self":[{"href":"https:\/\/autolivraria.com.br\/bc\/wp-json\/wp\/v2\/posts\/106890","targetHints":{"allow":["GET"]}}],"collection":[{"href":"https:\/\/autolivraria.com.br\/bc\/wp-json\/wp\/v2\/posts"}],"about":[{"href":"https:\/\/autolivraria.com.br\/bc\/wp-json\/wp\/v2\/types\/post"}],"author":[{"embeddable":true,"href":"https:\/\/autolivraria.com.br\/bc\/wp-json\/wp\/v2\/users\/6"}],"replies":[{"embeddable":true,"href":"https:\/\/autolivraria.com.br\/bc\/wp-json\/wp\/v2\/comments?post=106890"}],"version-history":[{"count":0,"href":"https:\/\/autolivraria.com.br\/bc\/wp-json\/wp\/v2\/posts\/106890\/revisions"}],"wp:featuredmedia":[{"embeddable":true,"href":"https:\/\/autolivraria.com.br\/bc\/wp-json\/wp\/v2\/media\/69289"}],"wp:attachment":[{"href":"https:\/\/autolivraria.com.br\/bc\/wp-json\/wp\/v2\/media?parent=106890"}],"wp:term":[{"taxonomy":"category","embeddable":true,"href":"https:\/\/autolivraria.com.br\/bc\/wp-json\/wp\/v2\/categories?post=106890"},{"taxonomy":"post_tag","embeddable":true,"href":"https:\/\/autolivraria.com.br\/bc\/wp-json\/wp\/v2\/tags?post=106890"}],"curies":[{"name":"wp","href":"https:\/\/api.w.org\/{rel}","templated":true}]}}