{"id":107337,"date":"2019-10-09T22:52:39","date_gmt":"2019-10-10T01:52:39","guid":{"rendered":"http:\/\/bestcars.uol.com.br\/bc\/?p=107337"},"modified":"2019-10-17T11:18:38","modified_gmt":"2019-10-17T14:18:38","slug":"teste-comparativo-fiat-argo-precision-ford-ka-freestyle-renault-sandero-intense","status":"publish","type":"post","link":"https:\/\/autolivraria.com.br\/bc\/informe-se\/avaliacao\/teste-comparativo-fiat-argo-precision-ford-ka-freestyle-renault-sandero-intense\/","title":{"rendered":"Desafio: Argo e Ka confrontam o renovado Sandero CVT"},"content":{"rendered":"<p><a href=\"https:\/\/autolivraria.com.br\/bc\/wp-content\/uploads\/2019\/10\/Argo-Ka-Sandero.jpg\"><img fetchpriority=\"high\" decoding=\"async\" width=\"696\" height=\"464\" class=\"aligncenter size-large wp-image-107387\" src=\"https:\/\/autolivraria.com.br\/bc\/wp-content\/uploads\/2019\/10\/Argo-Ka-Sandero-696x464.jpg\" alt=\"\" srcset=\"https:\/\/autolivraria.com.br\/bc\/wp-content\/uploads\/2019\/10\/Argo-Ka-Sandero-696x464.jpg 696w, https:\/\/autolivraria.com.br\/bc\/wp-content\/uploads\/2019\/10\/Argo-Ka-Sandero-340x227.jpg 340w, https:\/\/autolivraria.com.br\/bc\/wp-content\/uploads\/2019\/10\/Argo-Ka-Sandero-630x420.jpg 630w, https:\/\/autolivraria.com.br\/bc\/wp-content\/uploads\/2019\/10\/Argo-Ka-Sandero-222x148.jpg 222w, https:\/\/autolivraria.com.br\/bc\/wp-content\/uploads\/2019\/10\/Argo-Ka-Sandero.jpg 1280w\" sizes=\"(max-width: 696px) 100vw, 696px\" \/><\/a><\/p>\n<h2>A Renault investiu em transmiss\u00e3o CVT e mais conforto e seguran\u00e7a, mas estar\u00e1 o hatch apto \u00e0 briga com Fiat e Ford?<\/h2>\n<p><em>Texto e fotos: Fabr\u00edcio Samah\u00e1<\/em><\/p>\n<p>&nbsp;<\/p>\n<p>Espa\u00e7o e robustez a um pre\u00e7o contido: esse sempre foi o argumento do Renault Sandero, o que fez dele um carro frequente em frotas de empresas, locadoras e no transporte por aplicativo \u2014 impulsionado, claro, por uma boa estrat\u00e9gia de descontos para vendas diretas. Na linha 2020, por\u00e9m, o hatch da marca francesa busca alcan\u00e7ar um p\u00fablico mais exigente com as novidades em conforto, seguran\u00e7a e, em especial, a oferta de <a href=\"https:\/\/autolivraria.com.br\/bc\/glossario-c\/#cvt\" target=\"_blank\" rel=\"noopener noreferrer\">transmiss\u00e3o autom\u00e1tica de varia\u00e7\u00e3o cont\u00ednua (CVT)<\/a>.<\/p>\n<p>Para mensurar o que as evolu\u00e7\u00f5es podem fazer pelo Sandero, colocamos a vers\u00e3o Intense com motor de 1,6 litro (a de topo, deixando \u00e0 parte o <a href=\"https:\/\/autolivraria.com.br\/bc\/tag\/sandero-stepway\" target=\"_blank\" rel=\"noopener noreferrer\">Stepway<\/a>) lado a lado com o Fiat Argo Precision de 1,75 litro e o Ford Ka Freestyle de 1,5 litro. O crit\u00e9rio foi buscar nos concorrentes as op\u00e7\u00f5es que mais se aproximassem do Renault em caracter\u00edsticas e pre\u00e7o (<em>veja os valores na tabela abaixo<\/em>).<\/p>\n<p>&nbsp;<\/p>\n<div class='one_half'>\n\t\t\t\t\t<figure id=\"attachment_91221\" aria-describedby=\"caption-attachment-91221\" style=\"width: 340px\" class=\"wp-caption aligncenter\"><a href=\"https:\/\/autolivraria.com.br\/bc\/wp-content\/uploads\/2017\/12\/Fiat-Argo-Precision-06.jpg\"><img decoding=\"async\" class=\"size-medium wp-image-91221 lazyload\" data-src=\"https:\/\/autolivraria.com.br\/bc\/wp-content\/uploads\/2017\/12\/Fiat-Argo-Precision-06-340x227.jpg\" alt=\"\" width=\"340\" height=\"227\" data-srcset=\"https:\/\/autolivraria.com.br\/bc\/wp-content\/uploads\/2017\/12\/Fiat-Argo-Precision-06-340x227.jpg 340w, https:\/\/autolivraria.com.br\/bc\/wp-content\/uploads\/2017\/12\/Fiat-Argo-Precision-06-696x464.jpg 696w, https:\/\/autolivraria.com.br\/bc\/wp-content\/uploads\/2017\/12\/Fiat-Argo-Precision-06-630x420.jpg 630w, https:\/\/autolivraria.com.br\/bc\/wp-content\/uploads\/2017\/12\/Fiat-Argo-Precision-06-222x148.jpg 222w, https:\/\/autolivraria.com.br\/bc\/wp-content\/uploads\/2017\/12\/Fiat-Argo-Precision-06-162x108.jpg 162w, https:\/\/autolivraria.com.br\/bc\/wp-content\/uploads\/2017\/12\/Fiat-Argo-Precision-06.jpg 1280w\" data-sizes=\"(max-width: 340px) 100vw, 340px\" src=\"data:image\/svg+xml;base64,PHN2ZyB3aWR0aD0iMSIgaGVpZ2h0PSIxIiB4bWxucz0iaHR0cDovL3d3dy53My5vcmcvMjAwMC9zdmciPjwvc3ZnPg==\" style=\"--smush-placeholder-width: 340px; --smush-placeholder-aspect-ratio: 340\/227;\" \/><\/a><figcaption id=\"caption-attachment-91221\" class=\"wp-caption-text\">Argo<\/figcaption><\/figure>\n\t\t\t\t<\/div>\n<div class='one_half last'>\n\t\t\t\t\t<figure id=\"attachment_107345\" aria-describedby=\"caption-attachment-107345\" style=\"width: 340px\" class=\"wp-caption aligncenter\"><a href=\"https:\/\/autolivraria.com.br\/bc\/wp-content\/uploads\/2019\/10\/Ford-Ka-Freestyle-06.jpg\"><img decoding=\"async\" class=\"size-medium wp-image-107345 lazyload\" data-src=\"https:\/\/autolivraria.com.br\/bc\/wp-content\/uploads\/2019\/10\/Ford-Ka-Freestyle-06-340x227.jpg\" alt=\"\" width=\"340\" height=\"227\" data-srcset=\"https:\/\/autolivraria.com.br\/bc\/wp-content\/uploads\/2019\/10\/Ford-Ka-Freestyle-06-340x227.jpg 340w, https:\/\/autolivraria.com.br\/bc\/wp-content\/uploads\/2019\/10\/Ford-Ka-Freestyle-06-696x464.jpg 696w, https:\/\/autolivraria.com.br\/bc\/wp-content\/uploads\/2019\/10\/Ford-Ka-Freestyle-06-630x420.jpg 630w, https:\/\/autolivraria.com.br\/bc\/wp-content\/uploads\/2019\/10\/Ford-Ka-Freestyle-06-222x148.jpg 222w, https:\/\/autolivraria.com.br\/bc\/wp-content\/uploads\/2019\/10\/Ford-Ka-Freestyle-06.jpg 1280w\" data-sizes=\"(max-width: 340px) 100vw, 340px\" src=\"data:image\/svg+xml;base64,PHN2ZyB3aWR0aD0iMSIgaGVpZ2h0PSIxIiB4bWxucz0iaHR0cDovL3d3dy53My5vcmcvMjAwMC9zdmciPjwvc3ZnPg==\" style=\"--smush-placeholder-width: 340px; --smush-placeholder-aspect-ratio: 340\/227;\" \/><\/a><figcaption id=\"caption-attachment-107345\" class=\"wp-caption-text\">Ka<\/figcaption><\/figure>\n\t\t\t\t<\/div><div class='clear'><\/div>\n<div class='one_half'>\n\t\t\t\t\t<figure id=\"attachment_107346\" aria-describedby=\"caption-attachment-107346\" style=\"width: 340px\" class=\"wp-caption aligncenter\"><a href=\"https:\/\/autolivraria.com.br\/bc\/wp-content\/uploads\/2019\/10\/Renault-Sandero-Intense-06.jpg\"><img decoding=\"async\" class=\"size-medium wp-image-107346 lazyload\" data-src=\"https:\/\/autolivraria.com.br\/bc\/wp-content\/uploads\/2019\/10\/Renault-Sandero-Intense-06-340x227.jpg\" alt=\"\" width=\"340\" height=\"227\" data-srcset=\"https:\/\/autolivraria.com.br\/bc\/wp-content\/uploads\/2019\/10\/Renault-Sandero-Intense-06-340x227.jpg 340w, https:\/\/autolivraria.com.br\/bc\/wp-content\/uploads\/2019\/10\/Renault-Sandero-Intense-06-696x464.jpg 696w, https:\/\/autolivraria.com.br\/bc\/wp-content\/uploads\/2019\/10\/Renault-Sandero-Intense-06-630x420.jpg 630w, https:\/\/autolivraria.com.br\/bc\/wp-content\/uploads\/2019\/10\/Renault-Sandero-Intense-06-222x148.jpg 222w, https:\/\/autolivraria.com.br\/bc\/wp-content\/uploads\/2019\/10\/Renault-Sandero-Intense-06.jpg 1280w\" data-sizes=\"(max-width: 340px) 100vw, 340px\" src=\"data:image\/svg+xml;base64,PHN2ZyB3aWR0aD0iMSIgaGVpZ2h0PSIxIiB4bWxucz0iaHR0cDovL3d3dy53My5vcmcvMjAwMC9zdmciPjwvc3ZnPg==\" style=\"--smush-placeholder-width: 340px; --smush-placeholder-aspect-ratio: 340\/227;\" \/><\/a><figcaption id=\"caption-attachment-107346\" class=\"wp-caption-text\">Sandero<\/figcaption><\/figure>\n\t\t\t\t<\/div>\n<div class='one_half last'>\n\t\t\t\t\t<p>&nbsp;<\/p>\n<p><em>Lanternas traseiras s\u00e3o a maior novidade visual do Sandero 2020, que adota maior altura de rodagem nas vers\u00f5es CVT, aproximando-se do Ka Freestyle<\/em><\/p>\n\t\t\t\t<\/div><div class='clear'><\/div>\n<p>&nbsp;<\/p>\n<p>N\u00e3o estranhe o Ka estar em vers\u00e3o \u201caventureira\u201d, coerente com a altura de rodagem do Sandero CVT, e o Argo n\u00e3o: no Fiat, o pacote <a href=\"https:\/\/autolivraria.com.br\/bc\/tag\/argo-trekking\" target=\"_blank\" rel=\"noopener noreferrer\">Trekking<\/a> existe apenas com caixa manual. Vale notar que nosso Precision de imprensa era um modelo 2017, com equipamentos que n\u00e3o est\u00e3o mais dispon\u00edveis, caso das rodas de 16 pol. O texto e as tabelas refletem a configura\u00e7\u00e3o atual, deixando apenas as fotos desatualizadas.<\/p>\n<p>&nbsp;<\/p>\n<div class='code-block code-block-7' style='margin: 28px auto; text-align: center; display: block; clear: both;'>\n<br>\n<div align=\"center\">\n<a target=\"_blank\" href=\"https:\/\/bestcars.com.br\/bc\/\">\n<img decoding=\"async\" data-src=\"https:\/\/bestcars.com.br\/bc\/wp-content\/uploads\/2021\/07\/Auto-Livraria-450x300-quadros.jpg\" alt=\"Auto Livraria\" src=\"data:image\/svg+xml;base64,PHN2ZyB3aWR0aD0iMSIgaGVpZ2h0PSIxIiB4bWxucz0iaHR0cDovL3d3dy53My5vcmcvMjAwMC9zdmciPjwvc3ZnPg==\" class=\"lazyload\"><\/a>\n<\/div>\n<br><\/div>\n\n<p>&nbsp;<\/p>\n<p><strong>Estilo<\/strong><br \/>\nSandero e Ka mostram um desenho mais simples, diante do elaborado Argo e seus muitos vincos e detalhes, mas os tr\u00eas s\u00e3o carros de boa apar\u00eancia. Fica uma restri\u00e7\u00e3o \u00e0 traseira remodelada do Renault, em que as lanternas n\u00e3o combinam muito com as linhas e seu recorte inferior mostra o aproveitamento do antigo para-choque. Altura de rodagem, molduras nos para-lamas e rodas maiores deixam o Sandero com ar \u201caventureiro\u201d, lembrando o do Ka Freestyle.<\/p>\n<p>&nbsp;<\/p>\n<div class='one_half'>\n\t\t\t\t\t<figure id=\"attachment_107347\" aria-describedby=\"caption-attachment-107347\" style=\"width: 340px\" class=\"wp-caption aligncenter\"><a href=\"https:\/\/autolivraria.com.br\/bc\/wp-content\/uploads\/2019\/10\/Fiat-Argo-Precision-03.jpg\"><img decoding=\"async\" class=\"size-medium wp-image-107347 lazyload\" data-src=\"https:\/\/autolivraria.com.br\/bc\/wp-content\/uploads\/2019\/10\/Fiat-Argo-Precision-03-340x227.jpg\" alt=\"\" width=\"340\" height=\"227\" data-srcset=\"https:\/\/autolivraria.com.br\/bc\/wp-content\/uploads\/2019\/10\/Fiat-Argo-Precision-03-340x227.jpg 340w, https:\/\/autolivraria.com.br\/bc\/wp-content\/uploads\/2019\/10\/Fiat-Argo-Precision-03-696x464.jpg 696w, https:\/\/autolivraria.com.br\/bc\/wp-content\/uploads\/2019\/10\/Fiat-Argo-Precision-03-630x420.jpg 630w, https:\/\/autolivraria.com.br\/bc\/wp-content\/uploads\/2019\/10\/Fiat-Argo-Precision-03-222x148.jpg 222w, https:\/\/autolivraria.com.br\/bc\/wp-content\/uploads\/2019\/10\/Fiat-Argo-Precision-03.jpg 1280w\" data-sizes=\"(max-width: 340px) 100vw, 340px\" src=\"data:image\/svg+xml;base64,PHN2ZyB3aWR0aD0iMSIgaGVpZ2h0PSIxIiB4bWxucz0iaHR0cDovL3d3dy53My5vcmcvMjAwMC9zdmciPjwvc3ZnPg==\" style=\"--smush-placeholder-width: 340px; --smush-placeholder-aspect-ratio: 340\/227;\" \/><\/a><figcaption id=\"caption-attachment-107347\" class=\"wp-caption-text\">Argo<\/figcaption><\/figure>\n\t\t\t\t<\/div>\n<div class='one_half last'>\n\t\t\t\t\t<figure id=\"attachment_107348\" aria-describedby=\"caption-attachment-107348\" style=\"width: 340px\" class=\"wp-caption aligncenter\"><a href=\"https:\/\/autolivraria.com.br\/bc\/wp-content\/uploads\/2019\/10\/Ford-Ka-Freestyle-03a.jpg\"><img decoding=\"async\" class=\"size-medium wp-image-107348 lazyload\" data-src=\"https:\/\/autolivraria.com.br\/bc\/wp-content\/uploads\/2019\/10\/Ford-Ka-Freestyle-03a-340x227.jpg\" alt=\"\" width=\"340\" height=\"227\" data-srcset=\"https:\/\/autolivraria.com.br\/bc\/wp-content\/uploads\/2019\/10\/Ford-Ka-Freestyle-03a-340x227.jpg 340w, https:\/\/autolivraria.com.br\/bc\/wp-content\/uploads\/2019\/10\/Ford-Ka-Freestyle-03a-696x464.jpg 696w, https:\/\/autolivraria.com.br\/bc\/wp-content\/uploads\/2019\/10\/Ford-Ka-Freestyle-03a-630x420.jpg 630w, https:\/\/autolivraria.com.br\/bc\/wp-content\/uploads\/2019\/10\/Ford-Ka-Freestyle-03a-222x148.jpg 222w, https:\/\/autolivraria.com.br\/bc\/wp-content\/uploads\/2019\/10\/Ford-Ka-Freestyle-03a.jpg 1280w\" data-sizes=\"(max-width: 340px) 100vw, 340px\" src=\"data:image\/svg+xml;base64,PHN2ZyB3aWR0aD0iMSIgaGVpZ2h0PSIxIiB4bWxucz0iaHR0cDovL3d3dy53My5vcmcvMjAwMC9zdmciPjwvc3ZnPg==\" style=\"--smush-placeholder-width: 340px; --smush-placeholder-aspect-ratio: 340\/227;\" \/><\/a><figcaption id=\"caption-attachment-107348\" class=\"wp-caption-text\">Ka<\/figcaption><\/figure>\n\t\t\t\t<\/div><div class='clear'><\/div>\n<div class='one_half'>\n\t\t\t\t\t<figure id=\"attachment_107349\" aria-describedby=\"caption-attachment-107349\" style=\"width: 340px\" class=\"wp-caption aligncenter\"><a href=\"https:\/\/autolivraria.com.br\/bc\/wp-content\/uploads\/2019\/10\/Renault-Sandero-Intense-03.jpg\"><img decoding=\"async\" class=\"size-medium wp-image-107349 lazyload\" data-src=\"https:\/\/autolivraria.com.br\/bc\/wp-content\/uploads\/2019\/10\/Renault-Sandero-Intense-03-340x227.jpg\" alt=\"\" width=\"340\" height=\"227\" data-srcset=\"https:\/\/autolivraria.com.br\/bc\/wp-content\/uploads\/2019\/10\/Renault-Sandero-Intense-03-340x227.jpg 340w, https:\/\/autolivraria.com.br\/bc\/wp-content\/uploads\/2019\/10\/Renault-Sandero-Intense-03-696x464.jpg 696w, https:\/\/autolivraria.com.br\/bc\/wp-content\/uploads\/2019\/10\/Renault-Sandero-Intense-03-630x420.jpg 630w, https:\/\/autolivraria.com.br\/bc\/wp-content\/uploads\/2019\/10\/Renault-Sandero-Intense-03-222x148.jpg 222w, https:\/\/autolivraria.com.br\/bc\/wp-content\/uploads\/2019\/10\/Renault-Sandero-Intense-03.jpg 1280w\" data-sizes=\"(max-width: 340px) 100vw, 340px\" src=\"data:image\/svg+xml;base64,PHN2ZyB3aWR0aD0iMSIgaGVpZ2h0PSIxIiB4bWxucz0iaHR0cDovL3d3dy53My5vcmcvMjAwMC9zdmciPjwvc3ZnPg==\" style=\"--smush-placeholder-width: 340px; --smush-placeholder-aspect-ratio: 340\/227;\" \/><\/a><figcaption id=\"caption-attachment-107349\" class=\"wp-caption-text\">Sandero<\/figcaption><\/figure>\n\t\t\t\t<\/div>\n<div class='one_half last'>\n\t\t\t\t\t<p>&nbsp;<\/p>\n<p><em>Linhas do Argo s\u00e3o mais elaboradas, diante das formas simples dos concorrentes; as rodas de 16 pol das fotos n\u00e3o o equipam mais<\/em><\/p>\n\t\t\t\t<\/div><div class='clear'><\/div>\n<p>&nbsp;<\/p>\n<p><strong>Acabamento e conveni\u00eancia<\/strong><br \/>\n\u00c9 do Argo o melhor aspecto interno, com formas mais caprichadas e materiais de apar\u00eancia superior. Ele oferece revestimento sint\u00e9tico que simula couro para os bancos, enquanto os rivais usam esse material combinado a tecido \u2014 no caso do Sandero, o tecido esquenta muito no calor e o falso couro risca com facilidade. Bom efeito no Freestyle vem do tom marrom no painel e parte dos bancos e portas. Itens de conveni\u00eancias exclusivos do Argo s\u00e3o alerta program\u00e1vel para excesso de velocidade, aviso de qual porta est\u00e1 mal fechada, duas tomadas USB, faixa degrad\u00ea no para-brisa, luz na parte traseira da cabine, monitor de press\u00e3o dos pneus e porta-\u00f3culos, enquanto s\u00f3 o Sandero traz <a href=\"https:\/\/autolivraria.com.br\/bc\/glossario-l\/#limi\" target=\"_blank\" rel=\"noopener noreferrer\">limitador de velocidade<\/a> e mola a g\u00e1s para manter aberto o cap\u00f4.<\/p>\n<p>&nbsp;<\/p>\n<blockquote><p>O conforto dos passageiros continua um destaque do Sandero, mais amplo que os demais, e seu espa\u00e7o\u00a0de bagagem \u00e9 superior, mas o Argo vence em acabamento<\/p><\/blockquote>\n<p>&nbsp;<\/p>\n<p>Todos t\u00eam <a href=\"https:\/\/autolivraria.com.br\/bc\/glossario-a\/#ramp\" target=\"_blank\" rel=\"noopener noreferrer\">assistente de partida em rampa<\/a>, c\u00e2mera traseira de manobras, comandos de \u00e1udio no volante ou junto dele, <a href=\"https:\/\/autolivraria.com.br\/bc\/glossario-c\/#cont\" target=\"_blank\" rel=\"noopener noreferrer\">controlador de velocidade<\/a>, controle el\u00e9trico <a href=\"https:\/\/autolivraria.com.br\/bc\/glossario-u\/#umto\" target=\"_blank\" rel=\"noopener noreferrer\">um-toque<\/a> para os vidros, sensores de estacionamento traseiros e central de \u00e1udio com tela de 7 pol e <a href=\"https:\/\/autolivraria.com.br\/bc\/glossario-e\/#espe\" target=\"_blank\" rel=\"noopener noreferrer\">integra\u00e7\u00e3o a telefone celular<\/a> por Android Auto e Apple Car Play. Faltam ao Fiat mais espa\u00e7os para objetos; ao Ford, ar-condicionado autom\u00e1tico; e ao Renault, alarme volum\u00e9trico (ultrassom), comando a dist\u00e2ncia para abrir e fechar vidros e preaquecimento de \u00e1lcool para partida a frio, que ainda usa tanque de gasolina.<\/p>\n<p>&nbsp;<\/p>\n<div class='one_half'>\n\t\t\t\t\t<figure id=\"attachment_91143\" aria-describedby=\"caption-attachment-91143\" style=\"width: 340px\" class=\"wp-caption aligncenter\"><a href=\"https:\/\/autolivraria.com.br\/bc\/wp-content\/uploads\/2017\/12\/Fiat-Argo-Precision-interior.jpg\"><img decoding=\"async\" class=\"size-medium wp-image-91143 lazyload\" data-src=\"https:\/\/autolivraria.com.br\/bc\/wp-content\/uploads\/2017\/12\/Fiat-Argo-Precision-interior-340x227.jpg\" alt=\"\" width=\"340\" height=\"227\" data-srcset=\"https:\/\/autolivraria.com.br\/bc\/wp-content\/uploads\/2017\/12\/Fiat-Argo-Precision-interior-340x227.jpg 340w, https:\/\/autolivraria.com.br\/bc\/wp-content\/uploads\/2017\/12\/Fiat-Argo-Precision-interior-696x464.jpg 696w, https:\/\/autolivraria.com.br\/bc\/wp-content\/uploads\/2017\/12\/Fiat-Argo-Precision-interior-630x420.jpg 630w, https:\/\/autolivraria.com.br\/bc\/wp-content\/uploads\/2017\/12\/Fiat-Argo-Precision-interior-222x148.jpg 222w, https:\/\/autolivraria.com.br\/bc\/wp-content\/uploads\/2017\/12\/Fiat-Argo-Precision-interior.jpg 1280w\" data-sizes=\"(max-width: 340px) 100vw, 340px\" src=\"data:image\/svg+xml;base64,PHN2ZyB3aWR0aD0iMSIgaGVpZ2h0PSIxIiB4bWxucz0iaHR0cDovL3d3dy53My5vcmcvMjAwMC9zdmciPjwvc3ZnPg==\" style=\"--smush-placeholder-width: 340px; --smush-placeholder-aspect-ratio: 340\/227;\" \/><\/a><figcaption id=\"caption-attachment-91143\" class=\"wp-caption-text\">Argo<\/figcaption><\/figure>\n\t\t\t\t<\/div>\n<div class='one_half last'>\n\t\t\t\t\t<figure id=\"attachment_107350\" aria-describedby=\"caption-attachment-107350\" style=\"width: 340px\" class=\"wp-caption aligncenter\"><a href=\"https:\/\/autolivraria.com.br\/bc\/wp-content\/uploads\/2019\/10\/Ford-Ka-Freestyle-interior.jpg\"><img decoding=\"async\" class=\"size-medium wp-image-107350 lazyload\" data-src=\"https:\/\/autolivraria.com.br\/bc\/wp-content\/uploads\/2019\/10\/Ford-Ka-Freestyle-interior-340x227.jpg\" alt=\"\" width=\"340\" height=\"227\" data-srcset=\"https:\/\/autolivraria.com.br\/bc\/wp-content\/uploads\/2019\/10\/Ford-Ka-Freestyle-interior-340x227.jpg 340w, https:\/\/autolivraria.com.br\/bc\/wp-content\/uploads\/2019\/10\/Ford-Ka-Freestyle-interior-696x464.jpg 696w, https:\/\/autolivraria.com.br\/bc\/wp-content\/uploads\/2019\/10\/Ford-Ka-Freestyle-interior-630x420.jpg 630w, https:\/\/autolivraria.com.br\/bc\/wp-content\/uploads\/2019\/10\/Ford-Ka-Freestyle-interior-222x148.jpg 222w, https:\/\/autolivraria.com.br\/bc\/wp-content\/uploads\/2019\/10\/Ford-Ka-Freestyle-interior.jpg 1280w\" data-sizes=\"(max-width: 340px) 100vw, 340px\" src=\"data:image\/svg+xml;base64,PHN2ZyB3aWR0aD0iMSIgaGVpZ2h0PSIxIiB4bWxucz0iaHR0cDovL3d3dy53My5vcmcvMjAwMC9zdmciPjwvc3ZnPg==\" style=\"--smush-placeholder-width: 340px; --smush-placeholder-aspect-ratio: 340\/227;\" \/><\/a><figcaption id=\"caption-attachment-107350\" class=\"wp-caption-text\">Ka<\/figcaption><\/figure>\n\t\t\t\t<\/div><div class='clear'><\/div>\n<div class='one_half'>\n\t\t\t\t\t<figure id=\"attachment_107351\" aria-describedby=\"caption-attachment-107351\" style=\"width: 340px\" class=\"wp-caption aligncenter\"><a href=\"https:\/\/autolivraria.com.br\/bc\/wp-content\/uploads\/2019\/10\/Renault-Sandero-Intense-interior.jpg\"><img decoding=\"async\" class=\"size-medium wp-image-107351 lazyload\" data-src=\"https:\/\/autolivraria.com.br\/bc\/wp-content\/uploads\/2019\/10\/Renault-Sandero-Intense-interior-340x227.jpg\" alt=\"\" width=\"340\" height=\"227\" data-srcset=\"https:\/\/autolivraria.com.br\/bc\/wp-content\/uploads\/2019\/10\/Renault-Sandero-Intense-interior-340x227.jpg 340w, https:\/\/autolivraria.com.br\/bc\/wp-content\/uploads\/2019\/10\/Renault-Sandero-Intense-interior-696x464.jpg 696w, https:\/\/autolivraria.com.br\/bc\/wp-content\/uploads\/2019\/10\/Renault-Sandero-Intense-interior-630x420.jpg 630w, https:\/\/autolivraria.com.br\/bc\/wp-content\/uploads\/2019\/10\/Renault-Sandero-Intense-interior-222x148.jpg 222w, https:\/\/autolivraria.com.br\/bc\/wp-content\/uploads\/2019\/10\/Renault-Sandero-Intense-interior.jpg 1280w\" data-sizes=\"(max-width: 340px) 100vw, 340px\" src=\"data:image\/svg+xml;base64,PHN2ZyB3aWR0aD0iMSIgaGVpZ2h0PSIxIiB4bWxucz0iaHR0cDovL3d3dy53My5vcmcvMjAwMC9zdmciPjwvc3ZnPg==\" style=\"--smush-placeholder-width: 340px; --smush-placeholder-aspect-ratio: 340\/227;\" \/><\/a><figcaption id=\"caption-attachment-107351\" class=\"wp-caption-text\">Sandero<\/figcaption><\/figure>\n\t\t\t\t<\/div>\n<div class='one_half last'>\n\t\t\t\t\t<p>&nbsp;<\/p>\n<p><em>O Fiat mostra acabamento superior; seus bancos usam apenas revestimento sint\u00e9tico, que nos outros \u00e9 combinado a tecido; no Ka o painel vem em marrom<\/em><\/p>\n\t\t\t\t<\/div><div class='clear'><\/div>\n<p>&nbsp;<\/p>\n<p><strong>Posto do motorista<\/strong><br \/>\nNenhum satisfaz de verdade em posi\u00e7\u00e3o de dirigir, mas o Argo tem os melhores bancos \u2014 os do Ka s\u00e3o os mais estreitos. Ao perder o ajuste do volante em dist\u00e2ncia, o Fiat manteve apenas o de altura como nos outros. Os instrumentos dos tr\u00eas s\u00e3o f\u00e1ceis de ler e incluem computador de bordo; o Fiat sai em vantagem ao incluir temperatura de \u00f3leo, tens\u00e3o da bateria e dois trajetos de medi\u00e7\u00e3o no computador, al\u00e9m de repetidor digital do veloc\u00edmetro.<\/p>\n<p>&nbsp;<\/p>\n<div class='code-block code-block-6' style='margin: 28px auto; text-align: center; display: block; clear: both;'>\n<script async src=\"https:\/\/pagead2.googlesyndication.com\/pagead\/js\/adsbygoogle.js\"><\/script>\n<!-- AL-quadrado -->\n<ins class=\"adsbygoogle\"\n     style=\"display:block\"\n     data-ad-client=\"ca-pub-1914799802606213\"\n     data-ad-slot=\"5683066082\"\n     data-ad-format=\"auto\"\n     data-full-width-responsive=\"true\"><\/ins>\n<script>\n     (adsbygoogle = window.adsbygoogle || []).push({});\n<\/script><\/div>\n\n<p>&nbsp;<\/p>\n<p>Argo e Sandero trazem far\u00f3is melhores, com <a href=\"https:\/\/autolivraria.com.br\/bc\/glossario-d\/#dupl\" target=\"_blank\" rel=\"noopener noreferrer\">duplo refletor<\/a>, mas s\u00f3 no segundo h\u00e1 luzes diurnas \u2014 os leds do Fiat, restritos \u00e0s luzes de posi\u00e7\u00e3o, n\u00e3o substituem os far\u00f3is em rodovia. Far\u00f3is de neblina (sem a luz traseira) e repetidores laterais das luzes de dire\u00e7\u00e3o equipam os tr\u00eas. A visibilidade dianteira do Ka \u00e9 mais prejudicada pelas colunas largas.<\/p>\n<p>&nbsp;<\/p>\n<div class='one_third'>\n\t\t\t\t\t<figure id=\"attachment_91156\" aria-describedby=\"caption-attachment-91156\" style=\"width: 222px\" class=\"wp-caption aligncenter\"><a href=\"https:\/\/autolivraria.com.br\/bc\/wp-content\/uploads\/2017\/12\/Fiat-Argo-Precision-banco1.jpg\"><img decoding=\"async\" class=\"size-222px wp-image-91156 lazyload\" data-src=\"https:\/\/autolivraria.com.br\/bc\/wp-content\/uploads\/2017\/12\/Fiat-Argo-Precision-banco1-222x278.jpg\" alt=\"\" width=\"222\" height=\"278\" data-srcset=\"https:\/\/autolivraria.com.br\/bc\/wp-content\/uploads\/2017\/12\/Fiat-Argo-Precision-banco1-222x278.jpg 222w, https:\/\/autolivraria.com.br\/bc\/wp-content\/uploads\/2017\/12\/Fiat-Argo-Precision-banco1-340x425.jpg 340w, https:\/\/autolivraria.com.br\/bc\/wp-content\/uploads\/2017\/12\/Fiat-Argo-Precision-banco1-336x420.jpg 336w, https:\/\/autolivraria.com.br\/bc\/wp-content\/uploads\/2017\/12\/Fiat-Argo-Precision-banco1.jpg 640w\" data-sizes=\"(max-width: 222px) 100vw, 222px\" src=\"data:image\/svg+xml;base64,PHN2ZyB3aWR0aD0iMSIgaGVpZ2h0PSIxIiB4bWxucz0iaHR0cDovL3d3dy53My5vcmcvMjAwMC9zdmciPjwvc3ZnPg==\" style=\"--smush-placeholder-width: 222px; --smush-placeholder-aspect-ratio: 222\/278;\" \/><\/a><figcaption id=\"caption-attachment-91156\" class=\"wp-caption-text\">Argo<\/figcaption><\/figure>\n\t\t\t\t<\/div>\n<div class='one_third'>\n\t\t\t\t\t<figure id=\"attachment_107361\" aria-describedby=\"caption-attachment-107361\" style=\"width: 222px\" class=\"wp-caption aligncenter\"><a href=\"https:\/\/autolivraria.com.br\/bc\/wp-content\/uploads\/2019\/10\/Ford-Ka-Freestyle-banco1.jpg\"><img decoding=\"async\" class=\"size-222px wp-image-107361 lazyload\" data-src=\"https:\/\/autolivraria.com.br\/bc\/wp-content\/uploads\/2019\/10\/Ford-Ka-Freestyle-banco1-222x278.jpg\" alt=\"\" width=\"222\" height=\"278\" data-srcset=\"https:\/\/autolivraria.com.br\/bc\/wp-content\/uploads\/2019\/10\/Ford-Ka-Freestyle-banco1-222x278.jpg 222w, https:\/\/autolivraria.com.br\/bc\/wp-content\/uploads\/2019\/10\/Ford-Ka-Freestyle-banco1-340x425.jpg 340w, https:\/\/autolivraria.com.br\/bc\/wp-content\/uploads\/2019\/10\/Ford-Ka-Freestyle-banco1-336x420.jpg 336w, https:\/\/autolivraria.com.br\/bc\/wp-content\/uploads\/2019\/10\/Ford-Ka-Freestyle-banco1.jpg 640w\" data-sizes=\"(max-width: 222px) 100vw, 222px\" src=\"data:image\/svg+xml;base64,PHN2ZyB3aWR0aD0iMSIgaGVpZ2h0PSIxIiB4bWxucz0iaHR0cDovL3d3dy53My5vcmcvMjAwMC9zdmciPjwvc3ZnPg==\" style=\"--smush-placeholder-width: 222px; --smush-placeholder-aspect-ratio: 222\/278;\" \/><\/a><figcaption id=\"caption-attachment-107361\" class=\"wp-caption-text\">Ka<\/figcaption><\/figure>\n\t\t\t\t<\/div>\n<div class='one_third last'>\n\t\t\t\t\t<figure id=\"attachment_107352\" aria-describedby=\"caption-attachment-107352\" style=\"width: 222px\" class=\"wp-caption aligncenter\"><a href=\"https:\/\/autolivraria.com.br\/bc\/wp-content\/uploads\/2019\/10\/Renault-Sandero-Intense-banco1.jpg\"><img decoding=\"async\" class=\"size-222px wp-image-107352 lazyload\" data-src=\"https:\/\/autolivraria.com.br\/bc\/wp-content\/uploads\/2019\/10\/Renault-Sandero-Intense-banco1-222x278.jpg\" alt=\"\" width=\"222\" height=\"278\" data-srcset=\"https:\/\/autolivraria.com.br\/bc\/wp-content\/uploads\/2019\/10\/Renault-Sandero-Intense-banco1-222x278.jpg 222w, https:\/\/autolivraria.com.br\/bc\/wp-content\/uploads\/2019\/10\/Renault-Sandero-Intense-banco1-340x425.jpg 340w, https:\/\/autolivraria.com.br\/bc\/wp-content\/uploads\/2019\/10\/Renault-Sandero-Intense-banco1-336x420.jpg 336w, https:\/\/autolivraria.com.br\/bc\/wp-content\/uploads\/2019\/10\/Renault-Sandero-Intense-banco1.jpg 640w\" data-sizes=\"(max-width: 222px) 100vw, 222px\" src=\"data:image\/svg+xml;base64,PHN2ZyB3aWR0aD0iMSIgaGVpZ2h0PSIxIiB4bWxucz0iaHR0cDovL3d3dy53My5vcmcvMjAwMC9zdmciPjwvc3ZnPg==\" style=\"--smush-placeholder-width: 222px; --smush-placeholder-aspect-ratio: 222\/278;\" \/><\/a><figcaption id=\"caption-attachment-107352\" class=\"wp-caption-text\">Sandero<\/figcaption><\/figure>\n\t\t\t\t<\/div><div class='clear'><\/div>\n<div class='one_third'>\n\t\t\t\t\t<a href=\"https:\/\/autolivraria.com.br\/bc\/wp-content\/uploads\/2017\/12\/Fiat-Argo-Precision-banco2.jpg\"><img decoding=\"async\" class=\"aligncenter size-222px wp-image-91155 lazyload\" data-src=\"https:\/\/autolivraria.com.br\/bc\/wp-content\/uploads\/2017\/12\/Fiat-Argo-Precision-banco2-222x278.jpg\" alt=\"\" width=\"222\" height=\"278\" data-srcset=\"https:\/\/autolivraria.com.br\/bc\/wp-content\/uploads\/2017\/12\/Fiat-Argo-Precision-banco2-222x278.jpg 222w, https:\/\/autolivraria.com.br\/bc\/wp-content\/uploads\/2017\/12\/Fiat-Argo-Precision-banco2-340x425.jpg 340w, https:\/\/autolivraria.com.br\/bc\/wp-content\/uploads\/2017\/12\/Fiat-Argo-Precision-banco2-336x420.jpg 336w, https:\/\/autolivraria.com.br\/bc\/wp-content\/uploads\/2017\/12\/Fiat-Argo-Precision-banco2.jpg 640w\" data-sizes=\"(max-width: 222px) 100vw, 222px\" src=\"data:image\/svg+xml;base64,PHN2ZyB3aWR0aD0iMSIgaGVpZ2h0PSIxIiB4bWxucz0iaHR0cDovL3d3dy53My5vcmcvMjAwMC9zdmciPjwvc3ZnPg==\" style=\"--smush-placeholder-width: 222px; --smush-placeholder-aspect-ratio: 222\/278;\" \/><\/a>\n\t\t\t\t<\/div>\n<div class='one_third'>\n\t\t\t\t\t<a href=\"https:\/\/autolivraria.com.br\/bc\/wp-content\/uploads\/2019\/10\/Ford-Ka-Freestyle-banco2.jpg\"><img decoding=\"async\" class=\"aligncenter size-222px wp-image-107360 lazyload\" data-src=\"https:\/\/autolivraria.com.br\/bc\/wp-content\/uploads\/2019\/10\/Ford-Ka-Freestyle-banco2-222x278.jpg\" alt=\"\" width=\"222\" height=\"278\" data-srcset=\"https:\/\/autolivraria.com.br\/bc\/wp-content\/uploads\/2019\/10\/Ford-Ka-Freestyle-banco2-222x278.jpg 222w, https:\/\/autolivraria.com.br\/bc\/wp-content\/uploads\/2019\/10\/Ford-Ka-Freestyle-banco2-340x425.jpg 340w, https:\/\/autolivraria.com.br\/bc\/wp-content\/uploads\/2019\/10\/Ford-Ka-Freestyle-banco2-336x420.jpg 336w, https:\/\/autolivraria.com.br\/bc\/wp-content\/uploads\/2019\/10\/Ford-Ka-Freestyle-banco2.jpg 640w\" data-sizes=\"(max-width: 222px) 100vw, 222px\" src=\"data:image\/svg+xml;base64,PHN2ZyB3aWR0aD0iMSIgaGVpZ2h0PSIxIiB4bWxucz0iaHR0cDovL3d3dy53My5vcmcvMjAwMC9zdmciPjwvc3ZnPg==\" style=\"--smush-placeholder-width: 222px; --smush-placeholder-aspect-ratio: 222\/278;\" \/><\/a>\n\t\t\t\t<\/div>\n<div class='one_third last'>\n\t\t\t\t\t<a href=\"https:\/\/autolivraria.com.br\/bc\/wp-content\/uploads\/2019\/10\/Renault-Sandero-Intense-banco2.jpg\"><img decoding=\"async\" class=\"aligncenter size-222px wp-image-107353 lazyload\" data-src=\"https:\/\/autolivraria.com.br\/bc\/wp-content\/uploads\/2019\/10\/Renault-Sandero-Intense-banco2-222x278.jpg\" alt=\"\" width=\"222\" height=\"278\" data-srcset=\"https:\/\/autolivraria.com.br\/bc\/wp-content\/uploads\/2019\/10\/Renault-Sandero-Intense-banco2-222x278.jpg 222w, https:\/\/autolivraria.com.br\/bc\/wp-content\/uploads\/2019\/10\/Renault-Sandero-Intense-banco2-340x425.jpg 340w, https:\/\/autolivraria.com.br\/bc\/wp-content\/uploads\/2019\/10\/Renault-Sandero-Intense-banco2-336x420.jpg 336w, https:\/\/autolivraria.com.br\/bc\/wp-content\/uploads\/2019\/10\/Renault-Sandero-Intense-banco2.jpg 640w\" data-sizes=\"(max-width: 222px) 100vw, 222px\" src=\"data:image\/svg+xml;base64,PHN2ZyB3aWR0aD0iMSIgaGVpZ2h0PSIxIiB4bWxucz0iaHR0cDovL3d3dy53My5vcmcvMjAwMC9zdmciPjwvc3ZnPg==\" style=\"--smush-placeholder-width: 222px; --smush-placeholder-aspect-ratio: 222\/278;\" \/><\/a>\n\t\t\t\t<\/div><div class='clear'><\/div>\n<p style=\"text-align: center;\"><em>Bancos dianteiros do Argo s\u00e3o os melhores, mas em todos falta o ajuste do volante em dist\u00e2ncia; espa\u00e7o na traseira d\u00e1 clara vantagem ao Sandero<\/em><\/p>\n<p>&nbsp;<\/p>\n<p><strong>Espa\u00e7o interno<\/strong><br \/>\nO conforto dos passageiros continua um destaque do Sandero: \u00e9 claramente mais amplo que os demais em largura, altura e espa\u00e7o das pernas para quem viaja atr\u00e1s \u2014 os rivais s\u00e3o parecidos, com ligeira vantagem ao Argo. Mesmo a largura para tr\u00eas adultos na traseira \u00e9 razo\u00e1vel do Renault, que tem ainda melhor acomoda\u00e7\u00e3o do passageiro central (nisso o pior \u00e9 o Fiat).<\/p>\n<p><strong>Porta-malas<\/strong><br \/>\nA capacidade de bagagem tamb\u00e9m d\u00e1 vit\u00f3ria ao Sandero: 320 litros contra 300 do Argo e apenas 257 do Ka. O encosto traseiro \u00e9 bipartido em todos, que usam estepes diferentes dos demais pneus. O Renault agora tem comando el\u00e9trico da tampa (por bot\u00e3o no painel, na chave ou no emblema Renault) como os advers\u00e1rios.<\/p>\n<a href='https:\/\/autolivraria.com.br\/bc\/informe-se\/avaliacao\/teste-comparativo-fiat-argo-precision-ford-ka-freestyle-renault-sandero-intense\/2\/' class='small-button smallsilver'>Pr\u00f3xima parte<\/a>\n<p>&nbsp;<\/p>\n<div class='et-box et-shadow'>\n\t\t\t\t\t<div class='et-box-content'><h2>Pre\u00e7os<\/h2>\n<table id=\"table5989\" style=\"width: 100%;\" border=\"0\" cellspacing=\"0\" cellpadding=\"3\">\n<tbody>\n<tr>\n<td style=\"width: 25%;\"><\/td>\n<td style=\"width: 25%;\"><strong>Argo<\/strong><\/td>\n<td style=\"width: 25%;\"><strong>Ka<\/strong><\/td>\n<td style=\"width: 25%;\"><strong>Sandero<\/strong><\/td>\n<\/tr>\n<tr>\n<td style=\"width: 25%;\">Sem opcionais<\/td>\n<td style=\"width: 25%;\"><strong>R$ 63.990<\/strong><\/td>\n<td style=\"width: 25%;\">R$ 68.390<\/td>\n<td style=\"width: 25%;\">R$ 65.490<\/td>\n<\/tr>\n<tr>\n<td style=\"width: 25%;\">Como avaliado<\/td>\n<td style=\"width: 25%;\">R$ 72.290<\/td>\n<td style=\"width: 25%;\">R$ 68.390<\/td>\n<td style=\"width: 25%;\"><strong>R$ 65.490<\/strong><\/td>\n<\/tr>\n<tr>\n<td style=\"width: 25%;\">Completo<\/td>\n<td style=\"width: 25%;\">R$ 78.550<\/td>\n<td style=\"width: 25%;\">R$ 69.740<\/td>\n<td style=\"width: 25%;\"><strong>R$ 66.990<\/strong><\/td>\n<\/tr>\n<tr>\n<td style=\"width: 85%;\" colspan=\"4\" width=\"100%\">Pre\u00e7os sugeridos em 9\/10\/19 para S\u00e3o Paulo, SP; apenas o pre\u00e7o completo inclui pinturas especiais; menores pre\u00e7os em destaque<\/td>\n<\/tr>\n<\/tbody>\n<\/table><\/div><\/div>\n<p>&nbsp;<\/p>\n<div class='et-box et-shadow'>\n\t\t\t\t\t<div class='et-box-content'><h2>Equipamentos de s\u00e9rie e opcionais<\/h2>\n<p>\u2022 <strong>Argo Precision<\/strong> \u2013 Ar-condicionado, <a href=\"https:\/\/autolivraria.com.br\/bc\/glossario-a\/#ramp\" target=\"_blank\" rel=\"noopener noreferrer\">assistente de partida em rampa<\/a>, banco do motorista e volante com ajuste de altura, cintos de tr\u00eas pontos para todos os ocupantes, controle el\u00e9trico de vidros, travas e retrovisores; <a href=\"https:\/\/autolivraria.com.br\/bc\/glossario-c\/#esp\" target=\"_blank\" rel=\"noopener noreferrer\">controle eletr\u00f4nico de estabilidade e tra\u00e7\u00e3o<\/a>, dire\u00e7\u00e3o assistida el\u00e9trica, fixa\u00e7\u00e3o Isofix para cadeira infantil, monitor de press\u00e3o dos pneus, r\u00e1dio com USB e interface Bluetooth.<\/p>\n<p>\u2022 <strong>Opcionais<\/strong> \u2013 Pacote Function (c\u00e2mera traseira de manobras, far\u00f3is de neblina, retrovisores com luzes de dire\u00e7\u00e3o e rebatimento em marcha \u00e0 r\u00e9, rodas de alum\u00ednio de 15 pol, sensores de estacionamento traseiros), pacote Multimedia (central de \u00e1udio com tela de toque de 7 pol e <a href=\"https:\/\/autolivraria.com.br\/bc\/glossario-e\/#espe\" target=\"_blank\" rel=\"noopener noreferrer\">integra\u00e7\u00e3o<\/a> a Android Auto e Apple Car Play), pacote Style (bancos com revestimento sint\u00e9tico, banco traseiro bipartido, controlador de velocidade, volante de couro com comandos de marchas), pacote Tech (ar-condicionado autom\u00e1tico, chave presencial, far\u00f3is e limpador de para-brisa autom\u00e1ticos, retrovisor interno <a href=\"https:\/\/autolivraria.com.br\/bc\/glossario-r\/#retr\" target=\"_blank\" rel=\"noopener noreferrer\">fotocr\u00f4mico<\/a>), teto em preto.<\/p>\n<p>\u2022 <strong>Ka Freestyle<\/strong> \u2013 Alarme volum\u00e9trico, ar-condicionado, assistente de partida em rampa, banco do motorista e volante com ajuste de altura, banco traseiro bipartido, bolsas infl\u00e1veis laterais dianteiras, c\u00e2mera traseira de manobras, central de \u00e1udio com tela de toque de 7 pol e integra\u00e7\u00e3o a Android Auto e Apple Car Play, cintos de tr\u00eas pontos para todos os ocupantes, controlador de velocidade, controle el\u00e9trico de vidros, travas e retrovisores; controle eletr\u00f4nico de estabilidade e tra\u00e7\u00e3o, dire\u00e7\u00e3o assistida el\u00e9trica, far\u00f3is de neblina, fixa\u00e7\u00e3o Isofix para cadeira infantil, rodas de alum\u00ednio de 15 pol, sensores de estacionamento traseiros.<\/p>\n<p>\u2022 <strong>Sandero Intense<\/strong> \u2013 Ar-condicionado autom\u00e1tico, assistente de partida em rampa, banco do motorista e volante com ajuste de altura, banco traseiro bipartido, bolsas infl\u00e1veis laterais dianteiras, c\u00e2mera traseira de manobras, central de \u00e1udio com tela de toque de 7 pol e integra\u00e7\u00e3o a Android Auto e Apple Car Play, cintos de tr\u00eas pontos para todos os ocupantes, controlador e limitador de velocidade, controle el\u00e9trico de vidros, travas e retrovisores; controle eletr\u00f4nico de estabilidade e tra\u00e7\u00e3o, dire\u00e7\u00e3o assistida eletro-hidr\u00e1ulica, far\u00f3is de neblina, fixa\u00e7\u00e3o Isofix para cadeira infantil, rodas de alum\u00ednio de 16 pol, sensores de estacionamento traseiros.<\/p>\n<p>\u2022 <strong>Garantia (todos)<\/strong> \u2013 Tr\u00eas anos sem limite de quilometragem.<\/p><\/div><\/div>\n<a href='https:\/\/autolivraria.com.br\/bc\/informe-se\/avaliacao\/teste-comparativo-fiat-argo-precision-ford-ka-freestyle-renault-sandero-intense\/2\/' class='small-button smallsilver'>Pr\u00f3xima parte<\/a>\n<p>&nbsp;<\/p>\n<p><!--nextpage--><\/p>\n<div class='one_third'>\n\t\t\t\t\t<figure id=\"attachment_107372\" aria-describedby=\"caption-attachment-107372\" style=\"width: 222px\" class=\"wp-caption aligncenter\"><a href=\"https:\/\/autolivraria.com.br\/bc\/wp-content\/uploads\/2019\/10\/Fiat-Argo-Precision-instr.jpg\"><img decoding=\"async\" class=\"size-222px wp-image-107372 lazyload\" data-src=\"https:\/\/autolivraria.com.br\/bc\/wp-content\/uploads\/2019\/10\/Fiat-Argo-Precision-instr-222x148.jpg\" alt=\"\" width=\"222\" height=\"148\" data-srcset=\"https:\/\/autolivraria.com.br\/bc\/wp-content\/uploads\/2019\/10\/Fiat-Argo-Precision-instr-222x148.jpg 222w, https:\/\/autolivraria.com.br\/bc\/wp-content\/uploads\/2019\/10\/Fiat-Argo-Precision-instr-340x226.jpg 340w, https:\/\/autolivraria.com.br\/bc\/wp-content\/uploads\/2019\/10\/Fiat-Argo-Precision-instr-631x420.jpg 631w, https:\/\/autolivraria.com.br\/bc\/wp-content\/uploads\/2019\/10\/Fiat-Argo-Precision-instr.jpg 640w\" data-sizes=\"(max-width: 222px) 100vw, 222px\" src=\"data:image\/svg+xml;base64,PHN2ZyB3aWR0aD0iMSIgaGVpZ2h0PSIxIiB4bWxucz0iaHR0cDovL3d3dy53My5vcmcvMjAwMC9zdmciPjwvc3ZnPg==\" style=\"--smush-placeholder-width: 222px; --smush-placeholder-aspect-ratio: 222\/148;\" \/><\/a><figcaption id=\"caption-attachment-107372\" class=\"wp-caption-text\">Argo<\/figcaption><\/figure>\n\t\t\t\t<\/div>\n<div class='one_third'>\n\t\t\t\t\t<a href=\"https:\/\/autolivraria.com.br\/bc\/wp-content\/uploads\/2019\/10\/Fiat-Argo-Precision-det05.jpg\"><img decoding=\"async\" class=\"aligncenter size-222px wp-image-107365 lazyload\" data-src=\"https:\/\/autolivraria.com.br\/bc\/wp-content\/uploads\/2019\/10\/Fiat-Argo-Precision-det05-222x148.jpg\" alt=\"\" width=\"222\" height=\"148\" data-srcset=\"https:\/\/autolivraria.com.br\/bc\/wp-content\/uploads\/2019\/10\/Fiat-Argo-Precision-det05-222x148.jpg 222w, https:\/\/autolivraria.com.br\/bc\/wp-content\/uploads\/2019\/10\/Fiat-Argo-Precision-det05-340x226.jpg 340w, https:\/\/autolivraria.com.br\/bc\/wp-content\/uploads\/2019\/10\/Fiat-Argo-Precision-det05-631x420.jpg 631w, https:\/\/autolivraria.com.br\/bc\/wp-content\/uploads\/2019\/10\/Fiat-Argo-Precision-det05.jpg 640w\" data-sizes=\"(max-width: 222px) 100vw, 222px\" src=\"data:image\/svg+xml;base64,PHN2ZyB3aWR0aD0iMSIgaGVpZ2h0PSIxIiB4bWxucz0iaHR0cDovL3d3dy53My5vcmcvMjAwMC9zdmciPjwvc3ZnPg==\" style=\"--smush-placeholder-width: 222px; --smush-placeholder-aspect-ratio: 222\/148;\" \/><\/a>\n\t\t\t\t<\/div>\n<div class='one_third last'>\n\t\t\t\t\t<a href=\"https:\/\/autolivraria.com.br\/bc\/wp-content\/uploads\/2019\/10\/Fiat-Argo-Precision-14.jpg\"><img decoding=\"async\" class=\"aligncenter size-222px wp-image-107418 lazyload\" data-src=\"https:\/\/autolivraria.com.br\/bc\/wp-content\/uploads\/2019\/10\/Fiat-Argo-Precision-14-222x148.jpg\" alt=\"\" width=\"222\" height=\"148\" data-srcset=\"https:\/\/autolivraria.com.br\/bc\/wp-content\/uploads\/2019\/10\/Fiat-Argo-Precision-14-222x148.jpg 222w, https:\/\/autolivraria.com.br\/bc\/wp-content\/uploads\/2019\/10\/Fiat-Argo-Precision-14-340x226.jpg 340w, https:\/\/autolivraria.com.br\/bc\/wp-content\/uploads\/2019\/10\/Fiat-Argo-Precision-14-631x420.jpg 631w, https:\/\/autolivraria.com.br\/bc\/wp-content\/uploads\/2019\/10\/Fiat-Argo-Precision-14.jpg 640w\" data-sizes=\"(max-width: 222px) 100vw, 222px\" src=\"data:image\/svg+xml;base64,PHN2ZyB3aWR0aD0iMSIgaGVpZ2h0PSIxIiB4bWxucz0iaHR0cDovL3d3dy53My5vcmcvMjAwMC9zdmciPjwvc3ZnPg==\" style=\"--smush-placeholder-width: 222px; --smush-placeholder-aspect-ratio: 222\/148;\" \/><\/a>\n\t\t\t\t<\/div><div class='clear'><\/div>\n<div class='one_third'>\n\t\t\t\t\t<figure id=\"attachment_107362\" aria-describedby=\"caption-attachment-107362\" style=\"width: 222px\" class=\"wp-caption aligncenter\"><a href=\"https:\/\/autolivraria.com.br\/bc\/wp-content\/uploads\/2019\/10\/Ford-Ka-Freestyle-instr.jpg\"><img decoding=\"async\" class=\"size-222px wp-image-107362 lazyload\" data-src=\"https:\/\/autolivraria.com.br\/bc\/wp-content\/uploads\/2019\/10\/Ford-Ka-Freestyle-instr-222x148.jpg\" alt=\"\" width=\"222\" height=\"148\" data-srcset=\"https:\/\/autolivraria.com.br\/bc\/wp-content\/uploads\/2019\/10\/Ford-Ka-Freestyle-instr-222x148.jpg 222w, https:\/\/autolivraria.com.br\/bc\/wp-content\/uploads\/2019\/10\/Ford-Ka-Freestyle-instr-340x226.jpg 340w, https:\/\/autolivraria.com.br\/bc\/wp-content\/uploads\/2019\/10\/Ford-Ka-Freestyle-instr-631x420.jpg 631w, https:\/\/autolivraria.com.br\/bc\/wp-content\/uploads\/2019\/10\/Ford-Ka-Freestyle-instr.jpg 640w\" data-sizes=\"(max-width: 222px) 100vw, 222px\" src=\"data:image\/svg+xml;base64,PHN2ZyB3aWR0aD0iMSIgaGVpZ2h0PSIxIiB4bWxucz0iaHR0cDovL3d3dy53My5vcmcvMjAwMC9zdmciPjwvc3ZnPg==\" style=\"--smush-placeholder-width: 222px; --smush-placeholder-aspect-ratio: 222\/148;\" \/><\/a><figcaption id=\"caption-attachment-107362\" class=\"wp-caption-text\">Ka<\/figcaption><\/figure>\n\t\t\t\t<\/div>\n<div class='one_third'>\n\t\t\t\t\t<a href=\"https:\/\/autolivraria.com.br\/bc\/wp-content\/uploads\/2019\/10\/Ford-Ka-Freestyle-det01.jpg\"><img decoding=\"async\" class=\"aligncenter size-222px wp-image-107363 lazyload\" data-src=\"https:\/\/autolivraria.com.br\/bc\/wp-content\/uploads\/2019\/10\/Ford-Ka-Freestyle-det01-222x148.jpg\" alt=\"\" width=\"222\" height=\"148\" data-srcset=\"https:\/\/autolivraria.com.br\/bc\/wp-content\/uploads\/2019\/10\/Ford-Ka-Freestyle-det01-222x148.jpg 222w, https:\/\/autolivraria.com.br\/bc\/wp-content\/uploads\/2019\/10\/Ford-Ka-Freestyle-det01-340x226.jpg 340w, https:\/\/autolivraria.com.br\/bc\/wp-content\/uploads\/2019\/10\/Ford-Ka-Freestyle-det01-631x420.jpg 631w, https:\/\/autolivraria.com.br\/bc\/wp-content\/uploads\/2019\/10\/Ford-Ka-Freestyle-det01.jpg 640w\" data-sizes=\"(max-width: 222px) 100vw, 222px\" src=\"data:image\/svg+xml;base64,PHN2ZyB3aWR0aD0iMSIgaGVpZ2h0PSIxIiB4bWxucz0iaHR0cDovL3d3dy53My5vcmcvMjAwMC9zdmciPjwvc3ZnPg==\" style=\"--smush-placeholder-width: 222px; --smush-placeholder-aspect-ratio: 222\/148;\" \/><\/a>\n\t\t\t\t<\/div>\n<div class='one_third last'>\n\t\t\t\t\t<a href=\"https:\/\/autolivraria.com.br\/bc\/wp-content\/uploads\/2019\/10\/Ford-Ka-Freestyle-20.jpg\"><img decoding=\"async\" class=\"aligncenter size-222px wp-image-107367 lazyload\" data-src=\"https:\/\/autolivraria.com.br\/bc\/wp-content\/uploads\/2019\/10\/Ford-Ka-Freestyle-20-222x148.jpg\" alt=\"\" width=\"222\" height=\"148\" data-srcset=\"https:\/\/autolivraria.com.br\/bc\/wp-content\/uploads\/2019\/10\/Ford-Ka-Freestyle-20-222x148.jpg 222w, https:\/\/autolivraria.com.br\/bc\/wp-content\/uploads\/2019\/10\/Ford-Ka-Freestyle-20-340x226.jpg 340w, https:\/\/autolivraria.com.br\/bc\/wp-content\/uploads\/2019\/10\/Ford-Ka-Freestyle-20-631x420.jpg 631w, https:\/\/autolivraria.com.br\/bc\/wp-content\/uploads\/2019\/10\/Ford-Ka-Freestyle-20.jpg 640w\" data-sizes=\"(max-width: 222px) 100vw, 222px\" src=\"data:image\/svg+xml;base64,PHN2ZyB3aWR0aD0iMSIgaGVpZ2h0PSIxIiB4bWxucz0iaHR0cDovL3d3dy53My5vcmcvMjAwMC9zdmciPjwvc3ZnPg==\" style=\"--smush-placeholder-width: 222px; --smush-placeholder-aspect-ratio: 222\/148;\" \/><\/a>\n\t\t\t\t<\/div><div class='clear'><\/div>\n<div class='one_third'>\n\t\t\t\t\t<figure id=\"attachment_107368\" aria-describedby=\"caption-attachment-107368\" style=\"width: 222px\" class=\"wp-caption aligncenter\"><a href=\"https:\/\/autolivraria.com.br\/bc\/wp-content\/uploads\/2019\/10\/Renault-Sandero-Intense-instr.jpg\"><img decoding=\"async\" class=\"size-222px wp-image-107368 lazyload\" data-src=\"https:\/\/autolivraria.com.br\/bc\/wp-content\/uploads\/2019\/10\/Renault-Sandero-Intense-instr-222x148.jpg\" alt=\"\" width=\"222\" height=\"148\" data-srcset=\"https:\/\/autolivraria.com.br\/bc\/wp-content\/uploads\/2019\/10\/Renault-Sandero-Intense-instr-222x148.jpg 222w, https:\/\/autolivraria.com.br\/bc\/wp-content\/uploads\/2019\/10\/Renault-Sandero-Intense-instr-340x226.jpg 340w, https:\/\/autolivraria.com.br\/bc\/wp-content\/uploads\/2019\/10\/Renault-Sandero-Intense-instr-631x420.jpg 631w, https:\/\/autolivraria.com.br\/bc\/wp-content\/uploads\/2019\/10\/Renault-Sandero-Intense-instr.jpg 640w\" data-sizes=\"(max-width: 222px) 100vw, 222px\" src=\"data:image\/svg+xml;base64,PHN2ZyB3aWR0aD0iMSIgaGVpZ2h0PSIxIiB4bWxucz0iaHR0cDovL3d3dy53My5vcmcvMjAwMC9zdmciPjwvc3ZnPg==\" style=\"--smush-placeholder-width: 222px; --smush-placeholder-aspect-ratio: 222\/148;\" \/><\/a><figcaption id=\"caption-attachment-107368\" class=\"wp-caption-text\">Sandero<\/figcaption><\/figure>\n\t\t\t\t<\/div>\n<div class='one_third'>\n\t\t\t\t\t<a href=\"https:\/\/autolivraria.com.br\/bc\/wp-content\/uploads\/2019\/10\/Renault-Sandero-Intense-det01.jpg\"><img decoding=\"async\" class=\"aligncenter size-222px wp-image-107369 lazyload\" data-src=\"https:\/\/autolivraria.com.br\/bc\/wp-content\/uploads\/2019\/10\/Renault-Sandero-Intense-det01-222x148.jpg\" alt=\"\" width=\"222\" height=\"148\" data-srcset=\"https:\/\/autolivraria.com.br\/bc\/wp-content\/uploads\/2019\/10\/Renault-Sandero-Intense-det01-222x148.jpg 222w, https:\/\/autolivraria.com.br\/bc\/wp-content\/uploads\/2019\/10\/Renault-Sandero-Intense-det01-340x226.jpg 340w, https:\/\/autolivraria.com.br\/bc\/wp-content\/uploads\/2019\/10\/Renault-Sandero-Intense-det01-631x420.jpg 631w, https:\/\/autolivraria.com.br\/bc\/wp-content\/uploads\/2019\/10\/Renault-Sandero-Intense-det01.jpg 640w\" data-sizes=\"(max-width: 222px) 100vw, 222px\" src=\"data:image\/svg+xml;base64,PHN2ZyB3aWR0aD0iMSIgaGVpZ2h0PSIxIiB4bWxucz0iaHR0cDovL3d3dy53My5vcmcvMjAwMC9zdmciPjwvc3ZnPg==\" style=\"--smush-placeholder-width: 222px; --smush-placeholder-aspect-ratio: 222\/148;\" \/><\/a>\n\t\t\t\t<\/div>\n<div class='one_third last'>\n\t\t\t\t\t<a href=\"https:\/\/autolivraria.com.br\/bc\/wp-content\/uploads\/2019\/10\/Renault-Sandero-Intense-14.jpg\"><img decoding=\"async\" class=\"aligncenter size-222px wp-image-107370 lazyload\" data-src=\"https:\/\/autolivraria.com.br\/bc\/wp-content\/uploads\/2019\/10\/Renault-Sandero-Intense-14-222x148.jpg\" alt=\"\" width=\"222\" height=\"148\" data-srcset=\"https:\/\/autolivraria.com.br\/bc\/wp-content\/uploads\/2019\/10\/Renault-Sandero-Intense-14-222x148.jpg 222w, https:\/\/autolivraria.com.br\/bc\/wp-content\/uploads\/2019\/10\/Renault-Sandero-Intense-14-340x226.jpg 340w, https:\/\/autolivraria.com.br\/bc\/wp-content\/uploads\/2019\/10\/Renault-Sandero-Intense-14-631x420.jpg 631w, https:\/\/autolivraria.com.br\/bc\/wp-content\/uploads\/2019\/10\/Renault-Sandero-Intense-14.jpg 640w\" data-sizes=\"(max-width: 222px) 100vw, 222px\" src=\"data:image\/svg+xml;base64,PHN2ZyB3aWR0aD0iMSIgaGVpZ2h0PSIxIiB4bWxucz0iaHR0cDovL3d3dy53My5vcmcvMjAwMC9zdmciPjwvc3ZnPg==\" style=\"--smush-placeholder-width: 222px; --smush-placeholder-aspect-ratio: 222\/148;\" \/><\/a>\n\t\t\t\t<\/div><div class='clear'><\/div>\n<p style=\"text-align: center;\"><em>Bons instrumentos com computador de bordo; centrais de \u00e1udio com tela ampla e integra\u00e7\u00e3o a celular; Sandero tem maior espa\u00e7o de bagagem, seguido por Argo<\/em><\/p>\n<p>&nbsp;<\/p>\n<p><strong>Motor e desempenho<\/strong><br \/>\nOs motores variam entre o 1,5 litro do Ka e o 1,75 do Argo, sempre com quatro v\u00e1lvulas por cilindro e <a href=\"https:\/\/autolivraria.com.br\/bc\/glossario-v\/#vari\" target=\"_blank\" rel=\"noopener noreferrer\">varia\u00e7\u00e3o do tempo de abertura<\/a>. O Fiat oferece mais pot\u00eancia e torque, seguido pelo Ford \u2014 o 1,6 do Renault tem menos cv. Boa surpresa no Ka \u00e9 a suavidade de opera\u00e7\u00e3o, sobretudo por ter tr\u00eas cilindros, o que em geral resulta em oscila\u00e7\u00f5es (os demais s\u00e3o regulares nesse aspecto). Ele \u00e9 tamb\u00e9m o mais silencioso.<\/p>\n<p>&nbsp;<\/p>\n<div class='code-block code-block-7' style='margin: 28px auto; text-align: center; display: block; clear: both;'>\n<script async src=\"https:\/\/pagead2.googlesyndication.com\/pagead\/js\/adsbygoogle.js\"><\/script>\n<!-- AL-quadrado -->\n<ins class=\"adsbygoogle\"\n     style=\"display:block\"\n     data-ad-client=\"ca-pub-1914799802606213\"\n     data-ad-slot=\"5683066082\"\n     data-ad-format=\"auto\"\n     data-full-width-responsive=\"true\"><\/ins>\n<script>\n     (adsbygoogle = window.adsbygoogle || []).push({});\n<\/script><\/div>\n\n<p>&nbsp;<\/p>\n<p>O teste apontou desempenhos parecidos, com o Ka geralmente \u00e0 frente, mas apenas 0,4 segundo entre o mais r\u00e1pido e o mais lento para acelerar de 0 a 100 km\/h. O Sandero compensa no peso e na efici\u00eancia da CVT sua menor pot\u00eancia, enquanto o Argo anula sua vantagem pela massa adicional.\u00a0 Neste o acelerador incomoda, com um retardo de resposta e ent\u00e3o atua\u00e7\u00e3o maior que a esperada.<\/p>\n<p>&nbsp;<\/p>\n<div class='one_half'>\n\t\t\t\t\t<figure id=\"attachment_107374\" aria-describedby=\"caption-attachment-107374\" style=\"width: 340px\" class=\"wp-caption aligncenter\"><a href=\"https:\/\/autolivraria.com.br\/bc\/wp-content\/uploads\/2019\/10\/Fiat-Argo-Precision-01.jpg\"><img decoding=\"async\" class=\"size-medium wp-image-107374 lazyload\" data-src=\"https:\/\/autolivraria.com.br\/bc\/wp-content\/uploads\/2019\/10\/Fiat-Argo-Precision-01-340x227.jpg\" alt=\"\" width=\"340\" height=\"227\" data-srcset=\"https:\/\/autolivraria.com.br\/bc\/wp-content\/uploads\/2019\/10\/Fiat-Argo-Precision-01-340x227.jpg 340w, https:\/\/autolivraria.com.br\/bc\/wp-content\/uploads\/2019\/10\/Fiat-Argo-Precision-01-696x464.jpg 696w, https:\/\/autolivraria.com.br\/bc\/wp-content\/uploads\/2019\/10\/Fiat-Argo-Precision-01-630x420.jpg 630w, https:\/\/autolivraria.com.br\/bc\/wp-content\/uploads\/2019\/10\/Fiat-Argo-Precision-01-222x148.jpg 222w, https:\/\/autolivraria.com.br\/bc\/wp-content\/uploads\/2019\/10\/Fiat-Argo-Precision-01.jpg 1280w\" data-sizes=\"(max-width: 340px) 100vw, 340px\" src=\"data:image\/svg+xml;base64,PHN2ZyB3aWR0aD0iMSIgaGVpZ2h0PSIxIiB4bWxucz0iaHR0cDovL3d3dy53My5vcmcvMjAwMC9zdmciPjwvc3ZnPg==\" style=\"--smush-placeholder-width: 340px; --smush-placeholder-aspect-ratio: 340\/227;\" \/><\/a><figcaption id=\"caption-attachment-107374\" class=\"wp-caption-text\">Argo<\/figcaption><\/figure>\n\t\t\t\t<\/div>\n<div class='one_half last'>\n\t\t\t\t\t<figure id=\"attachment_107375\" aria-describedby=\"caption-attachment-107375\" style=\"width: 340px\" class=\"wp-caption aligncenter\"><a href=\"https:\/\/autolivraria.com.br\/bc\/wp-content\/uploads\/2019\/10\/Ford-Ka-Freestyle-01a.jpg\"><img decoding=\"async\" class=\"size-medium wp-image-107375 lazyload\" data-src=\"https:\/\/autolivraria.com.br\/bc\/wp-content\/uploads\/2019\/10\/Ford-Ka-Freestyle-01a-340x227.jpg\" alt=\"\" width=\"340\" height=\"227\" data-srcset=\"https:\/\/autolivraria.com.br\/bc\/wp-content\/uploads\/2019\/10\/Ford-Ka-Freestyle-01a-340x227.jpg 340w, https:\/\/autolivraria.com.br\/bc\/wp-content\/uploads\/2019\/10\/Ford-Ka-Freestyle-01a-696x464.jpg 696w, https:\/\/autolivraria.com.br\/bc\/wp-content\/uploads\/2019\/10\/Ford-Ka-Freestyle-01a-630x420.jpg 630w, https:\/\/autolivraria.com.br\/bc\/wp-content\/uploads\/2019\/10\/Ford-Ka-Freestyle-01a-222x148.jpg 222w, https:\/\/autolivraria.com.br\/bc\/wp-content\/uploads\/2019\/10\/Ford-Ka-Freestyle-01a.jpg 1280w\" data-sizes=\"(max-width: 340px) 100vw, 340px\" src=\"data:image\/svg+xml;base64,PHN2ZyB3aWR0aD0iMSIgaGVpZ2h0PSIxIiB4bWxucz0iaHR0cDovL3d3dy53My5vcmcvMjAwMC9zdmciPjwvc3ZnPg==\" style=\"--smush-placeholder-width: 340px; --smush-placeholder-aspect-ratio: 340\/227;\" \/><\/a><figcaption id=\"caption-attachment-107375\" class=\"wp-caption-text\">Ka<\/figcaption><\/figure>\n\t\t\t\t<\/div><div class='clear'><\/div>\n<div class='one_half'>\n\t\t\t\t\t<figure id=\"attachment_107376\" aria-describedby=\"caption-attachment-107376\" style=\"width: 340px\" class=\"wp-caption aligncenter\"><a href=\"https:\/\/autolivraria.com.br\/bc\/wp-content\/uploads\/2019\/10\/Renault-Sandero-Intense-01.jpg\"><img decoding=\"async\" class=\"size-medium wp-image-107376 lazyload\" data-src=\"https:\/\/autolivraria.com.br\/bc\/wp-content\/uploads\/2019\/10\/Renault-Sandero-Intense-01-340x227.jpg\" alt=\"\" width=\"340\" height=\"227\" data-srcset=\"https:\/\/autolivraria.com.br\/bc\/wp-content\/uploads\/2019\/10\/Renault-Sandero-Intense-01-340x227.jpg 340w, https:\/\/autolivraria.com.br\/bc\/wp-content\/uploads\/2019\/10\/Renault-Sandero-Intense-01-696x464.jpg 696w, https:\/\/autolivraria.com.br\/bc\/wp-content\/uploads\/2019\/10\/Renault-Sandero-Intense-01-630x420.jpg 630w, https:\/\/autolivraria.com.br\/bc\/wp-content\/uploads\/2019\/10\/Renault-Sandero-Intense-01-222x148.jpg 222w, https:\/\/autolivraria.com.br\/bc\/wp-content\/uploads\/2019\/10\/Renault-Sandero-Intense-01.jpg 1280w\" data-sizes=\"(max-width: 340px) 100vw, 340px\" src=\"data:image\/svg+xml;base64,PHN2ZyB3aWR0aD0iMSIgaGVpZ2h0PSIxIiB4bWxucz0iaHR0cDovL3d3dy53My5vcmcvMjAwMC9zdmciPjwvc3ZnPg==\" style=\"--smush-placeholder-width: 340px; --smush-placeholder-aspect-ratio: 340\/227;\" \/><\/a><figcaption id=\"caption-attachment-107376\" class=\"wp-caption-text\">Sandero<\/figcaption><\/figure>\n\t\t\t\t<\/div>\n<div class='one_half last'>\n\t\t\t\t\t<p>&nbsp;<\/p>\n<p><em>Peso elevado anula a vantagem de pot\u00eancia e torque do Fiat, que tem desempenho pr\u00f3ximo ao dos rivais em acelera\u00e7\u00e3o e retomada, al\u00e9m de consumir mais<\/em><\/p>\n\t\t\t\t<\/div><div class='clear'><\/div>\n<p>&nbsp;<\/p>\n<p>A nova transmiss\u00e3o caiu muito bem ao Sandero: no uso moderado em cidade e rodovia ela mant\u00e9m rota\u00e7\u00e3o baixa e constante, o que favorece a economia, e ao acelerar mais forte simula seis marchas para variar o ru\u00eddo do motor, como muitos preferem. As tr\u00eas caixas obt\u00eam opera\u00e7\u00e3o suave (a do Ka um pouco menos) e respondem bem ao acelerador, mas s\u00f3 o Ford oferece programa esportivo: sem ele, apenas o Argo obt\u00e9m freio-motor adequado em descidas e na condu\u00e7\u00e3o r\u00e1pida. No Ka a for\u00e7a de tra\u00e7\u00e3o com carro parado \u00e9 excessiva, um desconforto nas paradas. Mudan\u00e7as manuais podem ser feitas em todos. O Fiat traz comandos no volante para elas e, como o Renault, traz um canal lateral na alavanca, melhor que o bot\u00e3o em seu pomo usado pelo Ford.<\/p>\n<p>&nbsp;<\/p>\n<blockquote><p>A transmiss\u00e3o CVT caiu muito bem ao Sandero: mant\u00e9m rota\u00e7\u00e3o baixa e constante, o que favorece a economia, e ao acelerar mais forte simula seis marchas<\/p><\/blockquote>\n<p>&nbsp;<\/p>\n<p><strong>Consumo<\/strong><br \/>\nOs leves Ka e Sandero, este ajudado pela transmiss\u00e3o, foram bem mais econ\u00f4micos: entre 12,9 e 14 km\/l de gasolina nos trajetos mais brandos, nos quais o Argo n\u00e3o chegou a 12 km\/l. O Renault consumir menos que o Ford na cidade, embora pouco mais em rodovia, demonstra como a CVT \u00e9 mais eficiente quando se tem mudan\u00e7as frequentes de velocidade.<\/p>\n<p><strong>Comportamento din\u00e2mico<\/strong><br \/>\nTemos aqui dois carros com maior altura de rodagem que o normal: o Sandero CVT, que segue o padr\u00e3o do Stepway, e o Ka Freestyle. S\u00f3 que o resultado foi bem melhor no Ford, que obteve \u00f3tima estabilidade sem preju\u00edzo do conforto, chegando a superar a vers\u00e3o <a href=\"https:\/\/autolivraria.com.br\/bc\/tag\/ka-titanium\" target=\"_blank\" rel=\"noopener noreferrer\">Titanium<\/a> em absor\u00e7\u00e3o de pequenos impactos. J\u00e1 o Renault ganhou amortecedores firmes, sobretudo na distens\u00e3o dos traseiros, talvez para manter o bom comportamento com a maior altura. Isso penaliza seu conforto em certas situa\u00e7\u00f5es, como lombadas, comparado ao Sandero comum.<\/p>\n<p>&nbsp;<\/p>\n<div class='one_third'>\n\t\t\t\t\t<figure id=\"attachment_107377\" aria-describedby=\"caption-attachment-107377\" style=\"width: 222px\" class=\"wp-caption aligncenter\"><a href=\"https:\/\/autolivraria.com.br\/bc\/wp-content\/uploads\/2019\/10\/Fiat-Argo-Precision-cambio.jpg\"><img decoding=\"async\" class=\"size-thumbnail wp-image-107377 lazyload\" data-src=\"https:\/\/autolivraria.com.br\/bc\/wp-content\/uploads\/2019\/10\/Fiat-Argo-Precision-cambio-222x222.jpg\" alt=\"\" width=\"222\" height=\"222\" data-srcset=\"https:\/\/autolivraria.com.br\/bc\/wp-content\/uploads\/2019\/10\/Fiat-Argo-Precision-cambio-222x222.jpg 222w, https:\/\/autolivraria.com.br\/bc\/wp-content\/uploads\/2019\/10\/Fiat-Argo-Precision-cambio-340x340.jpg 340w, https:\/\/autolivraria.com.br\/bc\/wp-content\/uploads\/2019\/10\/Fiat-Argo-Precision-cambio-420x420.jpg 420w, https:\/\/autolivraria.com.br\/bc\/wp-content\/uploads\/2019\/10\/Fiat-Argo-Precision-cambio.jpg 640w\" data-sizes=\"(max-width: 222px) 100vw, 222px\" src=\"data:image\/svg+xml;base64,PHN2ZyB3aWR0aD0iMSIgaGVpZ2h0PSIxIiB4bWxucz0iaHR0cDovL3d3dy53My5vcmcvMjAwMC9zdmciPjwvc3ZnPg==\" style=\"--smush-placeholder-width: 222px; --smush-placeholder-aspect-ratio: 222\/222;\" \/><\/a><figcaption id=\"caption-attachment-107377\" class=\"wp-caption-text\">Argo<\/figcaption><\/figure>\n\t\t\t\t<\/div>\n<div class='one_third'>\n\t\t\t\t\t<figure id=\"attachment_107378\" aria-describedby=\"caption-attachment-107378\" style=\"width: 222px\" class=\"wp-caption aligncenter\"><a href=\"https:\/\/autolivraria.com.br\/bc\/wp-content\/uploads\/2019\/10\/Ford-Ka-Freestyle-cambio.jpg\"><img decoding=\"async\" class=\"size-thumbnail wp-image-107378 lazyload\" data-src=\"https:\/\/autolivraria.com.br\/bc\/wp-content\/uploads\/2019\/10\/Ford-Ka-Freestyle-cambio-222x222.jpg\" alt=\"\" width=\"222\" height=\"222\" data-srcset=\"https:\/\/autolivraria.com.br\/bc\/wp-content\/uploads\/2019\/10\/Ford-Ka-Freestyle-cambio-222x222.jpg 222w, https:\/\/autolivraria.com.br\/bc\/wp-content\/uploads\/2019\/10\/Ford-Ka-Freestyle-cambio-340x340.jpg 340w, https:\/\/autolivraria.com.br\/bc\/wp-content\/uploads\/2019\/10\/Ford-Ka-Freestyle-cambio-420x420.jpg 420w, https:\/\/autolivraria.com.br\/bc\/wp-content\/uploads\/2019\/10\/Ford-Ka-Freestyle-cambio.jpg 640w\" data-sizes=\"(max-width: 222px) 100vw, 222px\" src=\"data:image\/svg+xml;base64,PHN2ZyB3aWR0aD0iMSIgaGVpZ2h0PSIxIiB4bWxucz0iaHR0cDovL3d3dy53My5vcmcvMjAwMC9zdmciPjwvc3ZnPg==\" style=\"--smush-placeholder-width: 222px; --smush-placeholder-aspect-ratio: 222\/222;\" \/><\/a><figcaption id=\"caption-attachment-107378\" class=\"wp-caption-text\">Ka<\/figcaption><\/figure>\n\t\t\t\t<\/div>\n<div class='one_third last'>\n\t\t\t\t\t<figure id=\"attachment_107379\" aria-describedby=\"caption-attachment-107379\" style=\"width: 222px\" class=\"wp-caption aligncenter\"><a href=\"https:\/\/autolivraria.com.br\/bc\/wp-content\/uploads\/2019\/10\/Renault-Sandero-Intense-cambio.jpg\"><img decoding=\"async\" class=\"size-thumbnail wp-image-107379 lazyload\" data-src=\"https:\/\/autolivraria.com.br\/bc\/wp-content\/uploads\/2019\/10\/Renault-Sandero-Intense-cambio-222x222.jpg\" alt=\"\" width=\"222\" height=\"222\" data-srcset=\"https:\/\/autolivraria.com.br\/bc\/wp-content\/uploads\/2019\/10\/Renault-Sandero-Intense-cambio-222x222.jpg 222w, https:\/\/autolivraria.com.br\/bc\/wp-content\/uploads\/2019\/10\/Renault-Sandero-Intense-cambio-340x340.jpg 340w, https:\/\/autolivraria.com.br\/bc\/wp-content\/uploads\/2019\/10\/Renault-Sandero-Intense-cambio-420x420.jpg 420w, https:\/\/autolivraria.com.br\/bc\/wp-content\/uploads\/2019\/10\/Renault-Sandero-Intense-cambio.jpg 640w\" data-sizes=\"(max-width: 222px) 100vw, 222px\" src=\"data:image\/svg+xml;base64,PHN2ZyB3aWR0aD0iMSIgaGVpZ2h0PSIxIiB4bWxucz0iaHR0cDovL3d3dy53My5vcmcvMjAwMC9zdmciPjwvc3ZnPg==\" style=\"--smush-placeholder-width: 222px; --smush-placeholder-aspect-ratio: 222\/222;\" \/><\/a><figcaption id=\"caption-attachment-107379\" class=\"wp-caption-text\">Sandero<\/figcaption><\/figure>\n\t\t\t\t<\/div><div class='clear'><\/div>\n<p style=\"text-align: center;\"><em>Boa atua\u00e7\u00e3o das caixas autom\u00e1ticas; a CVT do Sandero simula seis marchas com acelerador mais aberto; comandos de trocas no volante v\u00eam s\u00f3 no Argo<\/em><\/p>\n<p>&nbsp;<\/p>\n<p>O Argo, por sua vez, tem o rodar mais macio dos tr\u00eas e comportamento adequado, sem chegar ao brilho do Ka. Vale notar que os tr\u00eas usam pneus comuns de asfalto, n\u00e3o de uso misto. <a href=\"https:\/\/autolivraria.com.br\/bc\/glossario-c\/#esp\" target=\"_blank\" rel=\"noopener noreferrer\">Controle eletr\u00f4nico de estabilidade e tra\u00e7\u00e3o<\/a> equipa todos, assim como freios corretos. Em dire\u00e7\u00e3o, a assist\u00eancia el\u00e9trica de Argo e Ka a deixa bem mais leve em manobras que a eletro-hidr\u00e1ulica do Sandero, mas a do Fiat ganha peso acima do ideal em curvas ao dirigir r\u00e1pido.<\/p>\n<p>&nbsp;<\/p>\n<div class='code-block code-block-6' style='margin: 28px auto; text-align: center; display: block; clear: both;'>\n<script async src=\"https:\/\/pagead2.googlesyndication.com\/pagead\/js\/adsbygoogle.js\"><\/script>\n<!-- AL-quadrado -->\n<ins class=\"adsbygoogle\"\n     style=\"display:block\"\n     data-ad-client=\"ca-pub-1914799802606213\"\n     data-ad-slot=\"5683066082\"\n     data-ad-format=\"auto\"\n     data-full-width-responsive=\"true\"><\/ins>\n<script>\n     (adsbygoogle = window.adsbygoogle || []).push({});\n<\/script><\/div>\n\n<p>&nbsp;<\/p>\n<p><strong>Seguran\u00e7a passiva<\/strong><br \/>\nO Sandero evoluiu em prote\u00e7\u00e3o dos ocupantes para 2020: ganhou de s\u00e9rie bolsas infl\u00e1veis laterais dianteiras (que o Ka tem, mas n\u00e3o o Argo), encosto de cabe\u00e7a e cinto de tr\u00eas pontos para o passageiro central traseiro e fixa\u00e7\u00e3o <a href=\"https:\/\/autolivraria.com.br\/bc\/glossario-i\/#isof\" target=\"_blank\" rel=\"noopener noreferrer\">Isofix<\/a> para cadeira infantil, itens que tamb\u00e9m est\u00e3o nos rivais. Fiat e Ford ofereciam mais bolsas infl\u00e1veis nessas vers\u00f5es (laterais no primeiro e de cortina no segundo), mas foram descartadas para redu\u00e7\u00e3o de custos.<\/p>\n<p>&nbsp;<\/p>\n<div class='one_half'>\n\t\t\t\t\t<figure id=\"attachment_107380\" aria-describedby=\"caption-attachment-107380\" style=\"width: 340px\" class=\"wp-caption aligncenter\"><a href=\"https:\/\/autolivraria.com.br\/bc\/wp-content\/uploads\/2019\/10\/Fiat-Argo-Precision-11.jpg\"><img decoding=\"async\" class=\"size-medium wp-image-107380 lazyload\" data-src=\"https:\/\/autolivraria.com.br\/bc\/wp-content\/uploads\/2019\/10\/Fiat-Argo-Precision-11-340x226.jpg\" alt=\"\" width=\"340\" height=\"226\" data-srcset=\"https:\/\/autolivraria.com.br\/bc\/wp-content\/uploads\/2019\/10\/Fiat-Argo-Precision-11-340x226.jpg 340w, https:\/\/autolivraria.com.br\/bc\/wp-content\/uploads\/2019\/10\/Fiat-Argo-Precision-11-631x420.jpg 631w, https:\/\/autolivraria.com.br\/bc\/wp-content\/uploads\/2019\/10\/Fiat-Argo-Precision-11-222x148.jpg 222w, https:\/\/autolivraria.com.br\/bc\/wp-content\/uploads\/2019\/10\/Fiat-Argo-Precision-11.jpg 640w\" data-sizes=\"(max-width: 340px) 100vw, 340px\" src=\"data:image\/svg+xml;base64,PHN2ZyB3aWR0aD0iMSIgaGVpZ2h0PSIxIiB4bWxucz0iaHR0cDovL3d3dy53My5vcmcvMjAwMC9zdmciPjwvc3ZnPg==\" style=\"--smush-placeholder-width: 340px; --smush-placeholder-aspect-ratio: 340\/226;\" \/><\/a><figcaption id=\"caption-attachment-107380\" class=\"wp-caption-text\">Argo<\/figcaption><\/figure>\n\t\t\t\t<\/div>\n<div class='one_half last'>\n\t\t\t\t\t<figure id=\"attachment_107381\" aria-describedby=\"caption-attachment-107381\" style=\"width: 340px\" class=\"wp-caption aligncenter\"><a href=\"https:\/\/autolivraria.com.br\/bc\/wp-content\/uploads\/2019\/10\/Ford-Ka-Freestyle-11.jpg\"><img decoding=\"async\" class=\"size-medium wp-image-107381 lazyload\" data-src=\"https:\/\/autolivraria.com.br\/bc\/wp-content\/uploads\/2019\/10\/Ford-Ka-Freestyle-11-340x226.jpg\" alt=\"\" width=\"340\" height=\"226\" data-srcset=\"https:\/\/autolivraria.com.br\/bc\/wp-content\/uploads\/2019\/10\/Ford-Ka-Freestyle-11-340x226.jpg 340w, https:\/\/autolivraria.com.br\/bc\/wp-content\/uploads\/2019\/10\/Ford-Ka-Freestyle-11-631x420.jpg 631w, https:\/\/autolivraria.com.br\/bc\/wp-content\/uploads\/2019\/10\/Ford-Ka-Freestyle-11-222x148.jpg 222w, https:\/\/autolivraria.com.br\/bc\/wp-content\/uploads\/2019\/10\/Ford-Ka-Freestyle-11.jpg 640w\" data-sizes=\"(max-width: 340px) 100vw, 340px\" src=\"data:image\/svg+xml;base64,PHN2ZyB3aWR0aD0iMSIgaGVpZ2h0PSIxIiB4bWxucz0iaHR0cDovL3d3dy53My5vcmcvMjAwMC9zdmciPjwvc3ZnPg==\" style=\"--smush-placeholder-width: 340px; --smush-placeholder-aspect-ratio: 340\/226;\" \/><\/a><figcaption id=\"caption-attachment-107381\" class=\"wp-caption-text\">Ka<\/figcaption><\/figure>\n\t\t\t\t<\/div><div class='clear'><\/div>\n<div class='one_half'>\n\t\t\t\t\t<figure id=\"attachment_107382\" aria-describedby=\"caption-attachment-107382\" style=\"width: 340px\" class=\"wp-caption aligncenter\"><a href=\"https:\/\/autolivraria.com.br\/bc\/wp-content\/uploads\/2019\/10\/Renault-Sandero-Intense-11.jpg\"><img decoding=\"async\" class=\"size-medium wp-image-107382 lazyload\" data-src=\"https:\/\/autolivraria.com.br\/bc\/wp-content\/uploads\/2019\/10\/Renault-Sandero-Intense-11-340x226.jpg\" alt=\"\" width=\"340\" height=\"226\" data-srcset=\"https:\/\/autolivraria.com.br\/bc\/wp-content\/uploads\/2019\/10\/Renault-Sandero-Intense-11-340x226.jpg 340w, https:\/\/autolivraria.com.br\/bc\/wp-content\/uploads\/2019\/10\/Renault-Sandero-Intense-11-631x420.jpg 631w, https:\/\/autolivraria.com.br\/bc\/wp-content\/uploads\/2019\/10\/Renault-Sandero-Intense-11-222x148.jpg 222w, https:\/\/autolivraria.com.br\/bc\/wp-content\/uploads\/2019\/10\/Renault-Sandero-Intense-11.jpg 640w\" data-sizes=\"(max-width: 340px) 100vw, 340px\" src=\"data:image\/svg+xml;base64,PHN2ZyB3aWR0aD0iMSIgaGVpZ2h0PSIxIiB4bWxucz0iaHR0cDovL3d3dy53My5vcmcvMjAwMC9zdmciPjwvc3ZnPg==\" style=\"--smush-placeholder-width: 340px; --smush-placeholder-aspect-ratio: 340\/226;\" \/><\/a><figcaption id=\"caption-attachment-107382\" class=\"wp-caption-text\">Sandero<\/figcaption><\/figure>\n\t\t\t\t<\/div>\n<div class='one_half last'>\n\t\t\t\t\t<p>&nbsp;<\/p>\n<p><em>Todos t\u00eam far\u00f3is de neblina, mas s\u00f3 o Sandero usa luzes diurnas; Ka e Argo mostram melhor acerto para a suspens\u00e3o, que no Renault perdeu em conforto<\/em><\/p>\n\t\t\t\t<\/div><div class='clear'><\/div>\n<p>&nbsp;<\/p>\n<p><strong>Custo-benef\u00edcio<\/strong><br \/>\nEmbora tenha o menor pre\u00e7o b\u00e1sico, o Argo precisa receber opcionais para oferecer itens que nos outros s\u00e3o de s\u00e9rie, como c\u00e2mera traseira, central de \u00e1udio, controlador de velocidade, rodas de alum\u00ednio e sensores de estacionamento traseiros. Com os pacotes necess\u00e1rios (n\u00e3o todos os dispon\u00edveis), ele supera o Ka em R$ 3.900 e o Sandero em R$ 6.800 e ainda n\u00e3o tem bolsas infl\u00e1veis laterais. Entre o Ford e o Renault h\u00e1 equil\u00edbrio de conte\u00fado, com alguns itens a favor de cada um.<\/p>\n<p>Sem considerar pre\u00e7o, o Ka e o Sandero acumulam um ponto a mais nas notas que o Argo. Quando o valor \u00e9 levado em conta, a situa\u00e7\u00e3o favorece o mais barato Renault e agrava-se para o Fiat, que n\u00e3o oferece atributos para justificar o alto pre\u00e7o. Assim, embora as prioridades de cada comprador devam sempre ser consideradas, em rela\u00e7\u00e3o custo-benef\u00edcio e na m\u00e9dia geral o renovado Renault termina este Desafio \u00e0 frente.<\/p>\n<a href='https:\/\/autolivraria.com.br\/bc\/avaliacoes\/' class='small-button smallsilver'>Mais Avalia\u00e7\u00f5es<\/a>\n<p>&nbsp;<\/p>\n<div class='et-box et-shadow'>\n\t\t\t\t\t<div class='et-box-content'><h2>Nossas notas<\/h2>\n<table id=\"table5994\" border=\"0\" cellspacing=\"0\" cellpadding=\"3\">\n<tbody>\n<tr>\n<td style=\"width: 55%;\"><\/td>\n<td style=\"width: 15%;\"><strong>Argo<\/strong><\/td>\n<td style=\"width: 15%;\"><strong>Ka<\/strong><\/td>\n<td style=\"width: 15%;\"><strong>Sandero<\/strong><\/td>\n<\/tr>\n<tr>\n<td>Estilo<\/td>\n<td>4<\/td>\n<td>4<\/td>\n<td>3<\/td>\n<\/tr>\n<tr>\n<td>Acabamento e conveni\u00eancia<\/td>\n<td>4<\/td>\n<td>3<\/td>\n<td>3<\/td>\n<\/tr>\n<tr>\n<td>Posto do motorista<\/td>\n<td>4<\/td>\n<td>3<\/td>\n<td>3<\/td>\n<\/tr>\n<tr>\n<td>Espa\u00e7o interno<\/td>\n<td>3<\/td>\n<td>3<\/td>\n<td>4<\/td>\n<\/tr>\n<tr>\n<td>Porta-malas<\/td>\n<td>3<\/td>\n<td>2<\/td>\n<td>4<\/td>\n<\/tr>\n<tr>\n<td>Motor e desempenho<\/td>\n<td>4<\/td>\n<td>4<\/td>\n<td>4<\/td>\n<\/tr>\n<tr>\n<td>Consumo<\/td>\n<td>2<\/td>\n<td>4<\/td>\n<td>4<\/td>\n<\/tr>\n<tr>\n<td>Comportamento din\u00e2mico<\/td>\n<td>4<\/td>\n<td>5<\/td>\n<td>3<\/td>\n<\/tr>\n<tr>\n<td>Seguran\u00e7a passiva<\/td>\n<td>3<\/td>\n<td>4<\/td>\n<td>4<\/td>\n<\/tr>\n<tr>\n<td>Custo-benef\u00edcio<\/td>\n<td>2<\/td>\n<td>3<\/td>\n<td>4<\/td>\n<\/tr>\n<tr>\n<td><strong>M\u00e9dia<\/strong><\/td>\n<td><strong>3,3<\/strong><\/td>\n<td><strong>3,5<\/strong><\/td>\n<td><strong>3,6<\/strong><\/td>\n<\/tr>\n<tr>\n<td><strong>Posi\u00e7\u00e3o<\/strong><\/td>\n<td><strong>3\u00b0.<\/strong><\/td>\n<td><strong>2\u00ba.<\/strong><\/td>\n<td><strong>1\u00ba.<\/strong><\/td>\n<\/tr>\n<tr>\n<td colspan=\"4\">As notas v\u00e3o de 1 a 5, sendo 5 a melhor;\u00a0<a href=\"https:\/\/autolivraria.com.br\/bc\/nossa-metodologia-de-notas\/\">conhe\u00e7a nossa metodologia<\/a><\/td>\n<\/tr>\n<\/tbody>\n<\/table><\/div><\/div>\n<p>&nbsp;<\/p>\n<div class='et-box et-shadow'>\n\t\t\t\t\t<div class='et-box-content'><h2>Desempenho e consumo<\/h2>\n<table id=\"table6087\" border=\"0\" cellspacing=\"0\" cellpadding=\"5\">\n<tbody>\n<tr>\n<td style=\"width: 40%;\" valign=\"top\"><\/td>\n<td style=\"width: 20%;\"><strong>Argo<\/strong><\/td>\n<td style=\"width: 20%;\"><strong>Ka<\/strong><\/td>\n<td style=\"width: 20%;\"><strong>Sandero<\/strong><\/td>\n<\/tr>\n<tr>\n<td colspan=\"4\"><strong> Acelera\u00e7\u00e3o<\/strong><\/td>\n<\/tr>\n<tr>\n<td>0 a 100 km\/h<\/td>\n<td>11,7 s<\/td>\n<td><strong>11,3 s<\/strong><\/td>\n<td>11,5 s<\/td>\n<\/tr>\n<tr>\n<td>0 a 120 km\/h<\/td>\n<td><strong>16,5 s<\/strong><\/td>\n<td><strong>16,5 s<\/strong><\/td>\n<td>16,8 s<\/td>\n<\/tr>\n<tr>\n<td>0 a 400 m<\/td>\n<td>18,6 s<\/td>\n<td><strong>17,9 s<\/strong><\/td>\n<td><strong>17,9 s<\/strong><\/td>\n<\/tr>\n<tr>\n<td colspan=\"4\"><strong> Retomada*<\/strong><\/td>\n<\/tr>\n<tr>\n<td>60 a 100 km\/h<\/td>\n<td><strong>6,8 s<\/strong><\/td>\n<td>7,1 s<\/td>\n<td><strong>6,8 s<\/strong><\/td>\n<\/tr>\n<tr>\n<td>60 a 120 km\/h<\/td>\n<td><strong>11,3 s<\/strong><\/td>\n<td>12,3 s<\/td>\n<td>12,2 s<\/td>\n<\/tr>\n<tr>\n<td>80 a 120 km\/h<\/td>\n<td><strong>8,6 s<\/strong><\/td>\n<td>8,7 s<\/td>\n<td>9,4 s<\/td>\n<\/tr>\n<tr>\n<td colspan=\"4\"><strong> Consumo<\/strong><\/td>\n<\/tr>\n<tr>\n<td>Trajeto leve em cidade<\/td>\n<td>11,5 km\/l<\/td>\n<td>13,8 km\/l<\/td>\n<td><strong>14,0 km\/l<\/strong><\/td>\n<\/tr>\n<tr>\n<td>Trajeto exigente em cidade<\/td>\n<td>5,8 km\/l<\/td>\n<td>7,0 km\/l<\/td>\n<td><strong>7,7 km\/l<\/strong><\/td>\n<\/tr>\n<tr>\n<td>Trajeto em rodovia<\/td>\n<td>11,9 km\/l<\/td>\n<td><strong>13,3 km\/l<\/strong><\/td>\n<td>12,9 km\/l<\/td>\n<\/tr>\n<tr>\n<td colspan=\"4\" width=\"100%\">Testes com gasolina; *redu\u00e7\u00f5es autom\u00e1ticas; melhores resultados em negrito;\u00a0<a title=\"M\u00e9todos de medi\u00e7\u00e3o de desempenho e consumo\" href=\"https:\/\/autolivraria.com.br\/bc\/metodos-de-medicao-de-desempenho-e-consumo\/\" target=\"_blank\" rel=\"noopener noreferrer\">conhe\u00e7a nossos m\u00e9todos de medi\u00e7\u00e3o<\/a><\/td>\n<\/tr>\n<\/tbody>\n<\/table><\/div><\/div>\n<p>&nbsp;<\/p>\n<div class='et-box et-shadow'>\n\t\t\t\t\t<div class='et-box-content'><h2>Ficha t\u00e9cnica<\/h2>\n<table id=\"table61\" border=\"0\" cellspacing=\"0\" cellpadding=\"3\">\n<tbody>\n<tr>\n<td style=\"width: 34%;\" valign=\"top\" width=\"50%\"><\/td>\n<td style=\"width: 22%;\" valign=\"top\" width=\"50%\"><strong>Argo<\/strong><\/td>\n<td style=\"width: 22%;\" valign=\"top\" width=\"50%\"><strong>Ka<\/strong><\/td>\n<td style=\"width: 22%;\" valign=\"top\" width=\"50%\"><strong>Sandero<\/strong><\/td>\n<\/tr>\n<tr>\n<td colspan=\"4\" valign=\"top\" bgcolor=\"#FFFFFF\"><strong>Motor<\/strong><\/td>\n<\/tr>\n<tr>\n<td style=\"width: 34%;\" valign=\"top\" width=\"50%\">Posi\u00e7\u00e3o<\/td>\n<td style=\"width: 22%;\" valign=\"top\" width=\"50%\">transversal<\/td>\n<td style=\"width: 22%;\" valign=\"top\" width=\"50%\">transversal<\/td>\n<td style=\"width: 22%;\" valign=\"top\" width=\"50%\">transversal<\/td>\n<\/tr>\n<tr>\n<td valign=\"top\">Cilindros<\/td>\n<td valign=\"top\">4 em linha<\/td>\n<td valign=\"top\">3 em linha<\/td>\n<td valign=\"top\">4 em linha<\/td>\n<\/tr>\n<tr>\n<td valign=\"top\">Comando de v\u00e1lvulas<\/td>\n<td valign=\"top\">no cabe\u00e7ote<\/td>\n<td valign=\"top\">duplo no cabe\u00e7ote<\/td>\n<td valign=\"top\">duplo no cabe\u00e7ote<\/td>\n<\/tr>\n<tr>\n<td valign=\"top\">V\u00e1lvulas por cilindro<\/td>\n<td valign=\"top\">4, varia\u00e7\u00e3o de tempo<\/td>\n<td valign=\"top\">4, varia\u00e7\u00e3o de tempo<\/td>\n<td valign=\"top\">4, varia\u00e7\u00e3o de tempo<\/td>\n<\/tr>\n<tr>\n<td valign=\"top\">Di\u00e2metro e curso<\/td>\n<td valign=\"top\">80,5 x 85,88 mm<\/td>\n<td valign=\"top\">84 x 90 mm<\/td>\n<td valign=\"top\">78 x 83,6 mm<\/td>\n<\/tr>\n<tr>\n<td valign=\"top\">Cilindrada<\/td>\n<td valign=\"top\">1.747 cm\u00b3<\/td>\n<td valign=\"top\">1.497 cm\u00b3<\/td>\n<td valign=\"top\">1.597 cm\u00b3<\/td>\n<\/tr>\n<tr>\n<td valign=\"top\">Taxa de compress\u00e3o<\/td>\n<td valign=\"top\">12,5:1<\/td>\n<td valign=\"top\">12:1<\/td>\n<td valign=\"top\">10,7:1<\/td>\n<\/tr>\n<tr>\n<td valign=\"top\">Alimenta\u00e7\u00e3o<\/td>\n<td colspan=\"3\" valign=\"top\">inje\u00e7\u00e3o multiponto sequencial<\/td>\n<\/tr>\n<tr>\n<td valign=\"top\">Pot\u00eancia m\u00e1xima (gas.\/\u00e1lc.)<\/td>\n<td valign=\"top\">135\/139 cv a 5.750 rpm<\/td>\n<td valign=\"top\">128\/136 cv a 6.500 rpm<\/td>\n<td valign=\"top\">115\/118 cv a 5.500 rpm<\/td>\n<\/tr>\n<tr>\n<td valign=\"top\">Torque m\u00e1ximo (gas.\/\u00e1lc.)<\/td>\n<td valign=\"top\">18,8\/19,3 m.kgf a 3.750 rpm<\/td>\n<td valign=\"top\">15,6\/16,1 m.kgf a 4.750 rpm<\/td>\n<td valign=\"top\">16,0 m.kgf a 4.000 rpm<\/td>\n<\/tr>\n<tr>\n<td colspan=\"4\" valign=\"top\" bgcolor=\"#FFFFFF\"><strong>Transmiss\u00e3o<\/strong><\/td>\n<\/tr>\n<tr>\n<td valign=\"top\">Tipo de caixa e marchas<\/td>\n<td valign=\"top\">autom\u00e1tica, 6<\/td>\n<td valign=\"top\">autom\u00e1tica, 6<\/td>\n<td valign=\"top\">aut. de varia\u00e7\u00e3o cont\u00ednua, simula\u00e7\u00e3o de 6 marchas<\/td>\n<\/tr>\n<tr>\n<td valign=\"top\">Tra\u00e7\u00e3o<\/td>\n<td valign=\"top\">dianteira<\/td>\n<td valign=\"top\">dianteira<\/td>\n<td valign=\"top\">dianteira<\/td>\n<\/tr>\n<tr>\n<td colspan=\"4\" valign=\"top\" bgcolor=\"#FFFFFF\"><strong>Freios<\/strong><\/td>\n<\/tr>\n<tr>\n<td valign=\"top\">Dianteiros<\/td>\n<td valign=\"top\">a disco ventilado<\/td>\n<td valign=\"top\">a disco ventilado<\/td>\n<td valign=\"top\">a disco ventilado<\/td>\n<\/tr>\n<tr>\n<td valign=\"top\">Traseiros<\/td>\n<td valign=\"top\">a tambor<\/td>\n<td valign=\"top\">a tambor<\/td>\n<td valign=\"top\">a tambor<\/td>\n<\/tr>\n<tr>\n<td valign=\"top\">Antitravamento (ABS)<\/td>\n<td valign=\"top\"><\/td>\n<td valign=\"top\">sim<\/td>\n<td valign=\"top\"><\/td>\n<\/tr>\n<tr>\n<td colspan=\"4\" valign=\"top\" bgcolor=\"#FFFFFF\"><strong>Dire\u00e7\u00e3o<\/strong><\/td>\n<\/tr>\n<tr>\n<td valign=\"top\">Sistema<\/td>\n<td valign=\"top\">pinh\u00e3o e cremalheira<\/td>\n<td valign=\"top\">pinh\u00e3o e cremalheira<\/td>\n<td valign=\"top\">pinh\u00e3o e cremalheira<\/td>\n<\/tr>\n<tr>\n<td valign=\"top\">Assist\u00eancia<\/td>\n<td valign=\"top\">el\u00e9trica<\/td>\n<td valign=\"top\">el\u00e9trica<\/td>\n<td valign=\"top\">eletro-hidr\u00e1ulica<\/td>\n<\/tr>\n<tr>\n<td colspan=\"4\" valign=\"top\" bgcolor=\"#FFFFFF\"><strong>Suspens\u00e3o<\/strong><\/td>\n<\/tr>\n<tr>\n<td valign=\"top\">Dianteira<\/td>\n<td colspan=\"3\" valign=\"top\">independente, McPherson, mola helicoidal<\/td>\n<\/tr>\n<tr>\n<td valign=\"top\">Traseira<\/td>\n<td colspan=\"3\" valign=\"top\">eixo de tor\u00e7\u00e3o, mola helicoidal<\/td>\n<\/tr>\n<tr>\n<td colspan=\"4\" valign=\"top\" bgcolor=\"#FFFFFF\"><strong>Rodas<\/strong><\/td>\n<\/tr>\n<tr>\n<td valign=\"top\">Dimens\u00f5es<\/td>\n<td valign=\"top\">5,5 x 15 pol<\/td>\n<td valign=\"top\">6 x 15 pol<\/td>\n<td valign=\"top\">16 pol<\/td>\n<\/tr>\n<tr>\n<td valign=\"top\">Pneus<\/td>\n<td valign=\"top\">185\/60 R 15<\/td>\n<td valign=\"top\">185\/60 R 15<\/td>\n<td valign=\"top\">205\/55 R 16<\/td>\n<\/tr>\n<tr>\n<td colspan=\"4\" valign=\"top\" bgcolor=\"#FFFFFF\"><strong>Dimens\u00f5es<\/strong><\/td>\n<\/tr>\n<tr>\n<td valign=\"top\">Comprimento<\/td>\n<td valign=\"top\">3,998 m<\/td>\n<td valign=\"top\">3,954 m<\/td>\n<td valign=\"top\">4,07 m<\/td>\n<\/tr>\n<tr>\n<td valign=\"top\">Largura<\/td>\n<td valign=\"top\">1,724 m<\/td>\n<td valign=\"top\">1,695 m<\/td>\n<td valign=\"top\">1,73 m<\/td>\n<\/tr>\n<tr>\n<td valign=\"top\">Altura<\/td>\n<td valign=\"top\">1,507 m<\/td>\n<td valign=\"top\">1,57 m<\/td>\n<td valign=\"top\">1,57 m<\/td>\n<\/tr>\n<tr>\n<td valign=\"top\">Entre-eixos<\/td>\n<td valign=\"top\">2,521 m<\/td>\n<td valign=\"top\">2,49 m<\/td>\n<td valign=\"top\">2,59 m<\/td>\n<\/tr>\n<tr>\n<td colspan=\"4\" valign=\"top\" bgcolor=\"#FFFFFF\"><strong>Capacidades e peso<\/strong><\/td>\n<\/tr>\n<tr>\n<td valign=\"top\">Tanque de combust\u00edvel<\/td>\n<td valign=\"top\">48 l<\/td>\n<td valign=\"top\">52 l<\/td>\n<td valign=\"top\">50 l<\/td>\n<\/tr>\n<tr>\n<td valign=\"top\">Compartimento de bagagem<\/td>\n<td valign=\"top\">300 l<\/td>\n<td valign=\"top\">257 l<\/td>\n<td valign=\"top\">320 l<\/td>\n<\/tr>\n<tr>\n<td valign=\"top\">Peso em ordem de marcha<\/td>\n<td valign=\"top\">1.264 kg<\/td>\n<td valign=\"top\">1.135 kg<\/td>\n<td valign=\"top\">1.140 kg<\/td>\n<\/tr>\n<tr>\n<td colspan=\"4\" valign=\"top\" bgcolor=\"#FFFFFF\"><strong>Desempenho e consumo (gas.\/\u00e1lc.)<\/strong><\/td>\n<\/tr>\n<tr>\n<td valign=\"top\">Velocidade m\u00e1xima<\/td>\n<td valign=\"top\">189\/191 km\/h<\/td>\n<td valign=\"top\">ND<\/td>\n<td valign=\"top\">174\/177 km\/h<\/td>\n<\/tr>\n<tr>\n<td valign=\"top\">Acelera\u00e7\u00e3o de 0 a 100 km\/h<\/td>\n<td valign=\"top\">11,1\/10,4 s<\/td>\n<td valign=\"top\">ND\/11,2 s<\/td>\n<td valign=\"top\">11,0\/11,0 s<\/td>\n<\/tr>\n<tr>\n<td valign=\"top\">Consumo em cidade<\/td>\n<td valign=\"top\">10,1\/7,1 km\/l<\/td>\n<td valign=\"top\">11,1\/7,4 km\/l<\/td>\n<td valign=\"top\">ND<\/td>\n<\/tr>\n<tr>\n<td valign=\"top\">Consumo em rodovia<\/td>\n<td valign=\"top\">13,2\/9,5 km\/l<\/td>\n<td valign=\"top\">13,2\/9,4 km\/l<\/td>\n<td valign=\"top\">ND<\/td>\n<\/tr>\n<tr>\n<td colspan=\"4\" valign=\"top\">Dados dos fabricantes; consumo conforme padr\u00f5es do Inmetro; ND = n\u00e3o dispon\u00edvel<\/td>\n<\/tr>\n<\/tbody>\n<\/table><\/div><\/div>\n<p>&nbsp;<\/p>\n","protected":false},"excerpt":{"rendered":"<p>A Renault investiu em transmiss\u00e3o CVT e mais conforto e seguran\u00e7a, mas estar\u00e1 o hatch apto \u00e0 briga com Fiat e Ford?<\/p>\n","protected":false},"author":6,"featured_media":107387,"comment_status":"open","ping_status":"closed","sticky":false,"template":"","format":"standard","meta":{"_joinchat":[],"footnotes":""},"categories":[3,4,1827,1828,1838],"tags":[4323,4344,80,36,79,4632,57,213,221,4465,70,650,4712],"class_list":["post-107337","post","type-post","status-publish","format-standard","has-post-thumbnail","hentry","category-avaliacao","category-comparativo","category-fiat-avaliacao","category-ford-avaliacao","category-renault-avaliacao","tag-argo","tag-argo-precision","tag-avaliacao-2","tag-avaliacao-completa","tag-comparativo-2","tag-desafio","tag-fiat","tag-ford-3","tag-ka","tag-ka-freestyle","tag-renault","tag-sandero","tag-sandero-intense"],"amp_enabled":true,"_links":{"self":[{"href":"https:\/\/autolivraria.com.br\/bc\/wp-json\/wp\/v2\/posts\/107337","targetHints":{"allow":["GET"]}}],"collection":[{"href":"https:\/\/autolivraria.com.br\/bc\/wp-json\/wp\/v2\/posts"}],"about":[{"href":"https:\/\/autolivraria.com.br\/bc\/wp-json\/wp\/v2\/types\/post"}],"author":[{"embeddable":true,"href":"https:\/\/autolivraria.com.br\/bc\/wp-json\/wp\/v2\/users\/6"}],"replies":[{"embeddable":true,"href":"https:\/\/autolivraria.com.br\/bc\/wp-json\/wp\/v2\/comments?post=107337"}],"version-history":[{"count":0,"href":"https:\/\/autolivraria.com.br\/bc\/wp-json\/wp\/v2\/posts\/107337\/revisions"}],"wp:featuredmedia":[{"embeddable":true,"href":"https:\/\/autolivraria.com.br\/bc\/wp-json\/wp\/v2\/media\/107387"}],"wp:attachment":[{"href":"https:\/\/autolivraria.com.br\/bc\/wp-json\/wp\/v2\/media?parent=107337"}],"wp:term":[{"taxonomy":"category","embeddable":true,"href":"https:\/\/autolivraria.com.br\/bc\/wp-json\/wp\/v2\/categories?post=107337"},{"taxonomy":"post_tag","embeddable":true,"href":"https:\/\/autolivraria.com.br\/bc\/wp-json\/wp\/v2\/tags?post=107337"}],"curies":[{"name":"wp","href":"https:\/\/api.w.org\/{rel}","templated":true}]}}