{"id":107736,"date":"2019-10-18T13:48:19","date_gmt":"2019-10-18T16:48:19","guid":{"rendered":"http:\/\/bestcars.uol.com.br\/bc\/?p=107736"},"modified":"2019-10-23T08:21:55","modified_gmt":"2019-10-23T11:21:55","slug":"video-curiosidades-a-origem-dos-emblemas-dos-fabricantes","status":"publish","type":"post","link":"https:\/\/autolivraria.com.br\/bc\/informe-se\/video-curiosidades-a-origem-dos-emblemas-dos-fabricantes\/","title":{"rendered":"Curiosidades: a origem dos emblemas dos fabricantes"},"content":{"rendered":"<p><img fetchpriority=\"high\" decoding=\"async\" class=\"aligncenter size-full wp-image-107752\" src=\"https:\/\/autolivraria.com.br\/bc\/wp-content\/uploads\/2019\/10\/Porsche-abre.jpg\" alt=\"\" width=\"696\" height=\"466\" srcset=\"https:\/\/autolivraria.com.br\/bc\/wp-content\/uploads\/2019\/10\/Porsche-abre.jpg 696w, https:\/\/autolivraria.com.br\/bc\/wp-content\/uploads\/2019\/10\/Porsche-abre-340x228.jpg 340w, https:\/\/autolivraria.com.br\/bc\/wp-content\/uploads\/2019\/10\/Porsche-abre-627x420.jpg 627w, https:\/\/autolivraria.com.br\/bc\/wp-content\/uploads\/2019\/10\/Porsche-abre-222x149.jpg 222w\" sizes=\"(max-width: 696px) 100vw, 696px\" \/><\/p>\n<h2>Bras\u00f5es, associa\u00e7\u00f5es e at\u00e9 divindades inspiraram os logotipos das marcas dos autom\u00f3veis<\/h2>\n<p><em>Texto: Fabr\u00edcio Samah\u00e1 &#8211; Fotos: divulga\u00e7\u00e3o<\/em><\/p>\n<p>&nbsp;<\/p>\n<p>Voc\u00ea sabe como surgiu o emblema do duplo chevron da Citro\u00ebn? E o distintivo da BMW? Pode imaginar por que a Ferrari usa um cavalo empinado e a Audi tem quatro argolas em sua marca?<\/p>\n<p>Cada emblema de fabricante tem uma hist\u00f3ria por tr\u00e1s. Alguns s\u00e3o simples, como o \u201cVW\u201d da Volkswagen, e outros elaborados, como o da Alfa Romeo e o da Porsche. Uns mant\u00eam o formato desde o in\u00edcio, outros o refazem de tempos em tempos. Nesta s\u00e9rie em dois artigos, vamos ver como surgiram muitos deles. Se preferir, assista ao v\u00eddeo com o mesmo conte\u00fado e mais imagens.<\/p>\n<p>&nbsp;<\/p>\n<p><iframe title=\"A origem dos emblemas das marcas de carros | Curiosidades | Best Cars\" width=\"960\" height=\"540\" data-src=\"https:\/\/www.youtube.com\/embed\/R5lHPYvHp7Q?feature=oembed\" frameborder=\"0\" allow=\"accelerometer; autoplay; clipboard-write; encrypted-media; gyroscope; picture-in-picture; web-share\" referrerpolicy=\"strict-origin-when-cross-origin\" allowfullscreen src=\"data:image\/svg+xml;base64,PHN2ZyB3aWR0aD0iMSIgaGVpZ2h0PSIxIiB4bWxucz0iaHR0cDovL3d3dy53My5vcmcvMjAwMC9zdmciPjwvc3ZnPg==\" class=\"lazyload\" data-load-mode=\"1\"><\/iframe><\/p>\n<p>&nbsp;<\/p>\n<p><img decoding=\"async\" class=\"aligncenter size-full wp-image-107737 lazyload\" data-src=\"https:\/\/autolivraria.com.br\/bc\/wp-content\/uploads\/2019\/10\/Alfa_Romeo.jpg\" alt=\"\" width=\"696\" height=\"466\" data-srcset=\"https:\/\/autolivraria.com.br\/bc\/wp-content\/uploads\/2019\/10\/Alfa_Romeo.jpg 696w, https:\/\/autolivraria.com.br\/bc\/wp-content\/uploads\/2019\/10\/Alfa_Romeo-340x228.jpg 340w, https:\/\/autolivraria.com.br\/bc\/wp-content\/uploads\/2019\/10\/Alfa_Romeo-627x420.jpg 627w, https:\/\/autolivraria.com.br\/bc\/wp-content\/uploads\/2019\/10\/Alfa_Romeo-222x149.jpg 222w\" data-sizes=\"(max-width: 696px) 100vw, 696px\" src=\"data:image\/svg+xml;base64,PHN2ZyB3aWR0aD0iMSIgaGVpZ2h0PSIxIiB4bWxucz0iaHR0cDovL3d3dy53My5vcmcvMjAwMC9zdmciPjwvc3ZnPg==\" style=\"--smush-placeholder-width: 696px; --smush-placeholder-aspect-ratio: 696\/466;\" \/><\/p>\n<p>O emblema da Alfa Romeo \u00e9 um verdadeiro bras\u00e3o. Ele combina a cruz vermelha, s\u00edmbolo da cidade de Mil\u00e3o, a uma v\u00edbora devorando um homem mouro, marca da Casa de Visconti, que um dia dominou a cidade italiana.<\/p>\n<p>&nbsp;<\/p>\n<div class='code-block code-block-7' style='margin: 28px auto; text-align: center; display: block; clear: both;'>\n<br>\n<div align=\"center\">\n<a target=\"_blank\" href=\"https:\/\/bestcars.com.br\/bc\/\">\n<img decoding=\"async\" data-src=\"https:\/\/bestcars.com.br\/bc\/wp-content\/uploads\/2021\/07\/Auto-Livraria-450x300-quadros.jpg\" alt=\"Auto Livraria\" src=\"data:image\/svg+xml;base64,PHN2ZyB3aWR0aD0iMSIgaGVpZ2h0PSIxIiB4bWxucz0iaHR0cDovL3d3dy53My5vcmcvMjAwMC9zdmciPjwvc3ZnPg==\" class=\"lazyload\"><\/a>\n<\/div>\n<br><\/div>\n\n<p>&nbsp;<\/p>\n<p><img decoding=\"async\" class=\"aligncenter size-full wp-image-107738 lazyload\" data-src=\"https:\/\/autolivraria.com.br\/bc\/wp-content\/uploads\/2019\/10\/Audi.jpg\" alt=\"\" width=\"696\" height=\"466\" data-srcset=\"https:\/\/autolivraria.com.br\/bc\/wp-content\/uploads\/2019\/10\/Audi.jpg 696w, https:\/\/autolivraria.com.br\/bc\/wp-content\/uploads\/2019\/10\/Audi-340x228.jpg 340w, https:\/\/autolivraria.com.br\/bc\/wp-content\/uploads\/2019\/10\/Audi-627x420.jpg 627w, https:\/\/autolivraria.com.br\/bc\/wp-content\/uploads\/2019\/10\/Audi-222x149.jpg 222w\" data-sizes=\"(max-width: 696px) 100vw, 696px\" src=\"data:image\/svg+xml;base64,PHN2ZyB3aWR0aD0iMSIgaGVpZ2h0PSIxIiB4bWxucz0iaHR0cDovL3d3dy53My5vcmcvMjAwMC9zdmciPjwvc3ZnPg==\" style=\"--smush-placeholder-width: 696px; --smush-placeholder-aspect-ratio: 696\/466;\" \/><\/p>\n<p>Se a Audi \u00e9 uma s\u00f3, por que seu emblema usa quatro argolas entrela\u00e7adas? Ele foi herdado da Auto Union, associa\u00e7\u00e3o entre as alem\u00e3s Audi, DKW, Horch e Wanderer que terminou em 1968.<\/p>\n<p>&nbsp;<\/p>\n<p><img decoding=\"async\" class=\"aligncenter size-full wp-image-107739 lazyload\" data-src=\"https:\/\/autolivraria.com.br\/bc\/wp-content\/uploads\/2019\/10\/BMW.jpg\" alt=\"\" width=\"696\" height=\"466\" data-srcset=\"https:\/\/autolivraria.com.br\/bc\/wp-content\/uploads\/2019\/10\/BMW.jpg 696w, https:\/\/autolivraria.com.br\/bc\/wp-content\/uploads\/2019\/10\/BMW-340x228.jpg 340w, https:\/\/autolivraria.com.br\/bc\/wp-content\/uploads\/2019\/10\/BMW-627x420.jpg 627w, https:\/\/autolivraria.com.br\/bc\/wp-content\/uploads\/2019\/10\/BMW-222x149.jpg 222w\" data-sizes=\"(max-width: 696px) 100vw, 696px\" src=\"data:image\/svg+xml;base64,PHN2ZyB3aWR0aD0iMSIgaGVpZ2h0PSIxIiB4bWxucz0iaHR0cDovL3d3dy53My5vcmcvMjAwMC9zdmciPjwvc3ZnPg==\" style=\"--smush-placeholder-width: 696px; --smush-placeholder-aspect-ratio: 696\/466;\" \/><\/p>\n<p>Muitos acham que o emblema da BMW \u00e9 uma h\u00e9lice estilizada, pois ela surgiu fazendo motores de avi\u00e3o. O mito come\u00e7ou h\u00e1 quase 100 anos por causa de uma propaganda. Na verdade, o disco branco e azul vem da bandeira da Baviera (no destaque), sede da empresa.<\/p>\n<p>&nbsp;<\/p>\n<p><img decoding=\"async\" class=\"aligncenter size-full wp-image-107740 lazyload\" data-src=\"https:\/\/autolivraria.com.br\/bc\/wp-content\/uploads\/2019\/10\/Bugatti.jpg\" alt=\"\" width=\"696\" height=\"466\" data-srcset=\"https:\/\/autolivraria.com.br\/bc\/wp-content\/uploads\/2019\/10\/Bugatti.jpg 696w, https:\/\/autolivraria.com.br\/bc\/wp-content\/uploads\/2019\/10\/Bugatti-340x228.jpg 340w, https:\/\/autolivraria.com.br\/bc\/wp-content\/uploads\/2019\/10\/Bugatti-627x420.jpg 627w, https:\/\/autolivraria.com.br\/bc\/wp-content\/uploads\/2019\/10\/Bugatti-222x149.jpg 222w\" data-sizes=\"(max-width: 696px) 100vw, 696px\" src=\"data:image\/svg+xml;base64,PHN2ZyB3aWR0aD0iMSIgaGVpZ2h0PSIxIiB4bWxucz0iaHR0cDovL3d3dy53My5vcmcvMjAwMC9zdmciPjwvc3ZnPg==\" style=\"--smush-placeholder-width: 696px; --smush-placeholder-aspect-ratio: 696\/466;\" \/><\/p>\n<p>Esse \u00e9 f\u00e1cil: o \u201cEB\u201d da Bugatti vem de Ettore Bugatti, seu fundador, que morreu em 1947.<\/p>\n<p>&nbsp;<\/p>\n<p><img decoding=\"async\" class=\"aligncenter size-full wp-image-107741 lazyload\" data-src=\"https:\/\/autolivraria.com.br\/bc\/wp-content\/uploads\/2019\/10\/Chrysler.jpg\" alt=\"\" width=\"696\" height=\"466\" data-srcset=\"https:\/\/autolivraria.com.br\/bc\/wp-content\/uploads\/2019\/10\/Chrysler.jpg 696w, https:\/\/autolivraria.com.br\/bc\/wp-content\/uploads\/2019\/10\/Chrysler-340x228.jpg 340w, https:\/\/autolivraria.com.br\/bc\/wp-content\/uploads\/2019\/10\/Chrysler-627x420.jpg 627w, https:\/\/autolivraria.com.br\/bc\/wp-content\/uploads\/2019\/10\/Chrysler-222x149.jpg 222w\" data-sizes=\"(max-width: 696px) 100vw, 696px\" src=\"data:image\/svg+xml;base64,PHN2ZyB3aWR0aD0iMSIgaGVpZ2h0PSIxIiB4bWxucz0iaHR0cDovL3d3dy53My5vcmcvMjAwMC9zdmciPjwvc3ZnPg==\" style=\"--smush-placeholder-width: 696px; --smush-placeholder-aspect-ratio: 696\/466;\" \/><\/p>\n<p>A Chrysler j\u00e1 mudou de emblema muitas vezes. O mais famoso foi o Pentastar (no destaque), ou estrela de cinco pontas, usado dos anos 60 aos 90. A marca atual com asas lembra a da d\u00e9cada de 50.<\/p>\n<p>&nbsp;<\/p>\n<p><img decoding=\"async\" class=\"aligncenter size-full wp-image-107742 lazyload\" data-src=\"https:\/\/autolivraria.com.br\/bc\/wp-content\/uploads\/2019\/10\/Citroen.jpg\" alt=\"\" width=\"696\" height=\"466\" data-srcset=\"https:\/\/autolivraria.com.br\/bc\/wp-content\/uploads\/2019\/10\/Citroen.jpg 696w, https:\/\/autolivraria.com.br\/bc\/wp-content\/uploads\/2019\/10\/Citroen-340x228.jpg 340w, https:\/\/autolivraria.com.br\/bc\/wp-content\/uploads\/2019\/10\/Citroen-627x420.jpg 627w, https:\/\/autolivraria.com.br\/bc\/wp-content\/uploads\/2019\/10\/Citroen-222x149.jpg 222w\" data-sizes=\"(max-width: 696px) 100vw, 696px\" src=\"data:image\/svg+xml;base64,PHN2ZyB3aWR0aD0iMSIgaGVpZ2h0PSIxIiB4bWxucz0iaHR0cDovL3d3dy53My5vcmcvMjAwMC9zdmciPjwvc3ZnPg==\" style=\"--smush-placeholder-width: 696px; --smush-placeholder-aspect-ratio: 696\/466;\" \/><\/p>\n<p>Muitos conhecem a marca da Citro\u00ebn como duplo chevron, que s\u00e3o duas engrenagens com corte helicoidal. Seu fundador Andr\u00e9 Citro\u00ebn entrou nesse neg\u00f3cio em 1901, bem antes de fazer autom\u00f3veis.<\/p>\n<p>&nbsp;<\/p>\n<p><img decoding=\"async\" class=\"aligncenter size-full wp-image-107743 lazyload\" data-src=\"https:\/\/autolivraria.com.br\/bc\/wp-content\/uploads\/2019\/10\/Ferrari.jpg\" alt=\"\" width=\"696\" height=\"466\" data-srcset=\"https:\/\/autolivraria.com.br\/bc\/wp-content\/uploads\/2019\/10\/Ferrari.jpg 696w, https:\/\/autolivraria.com.br\/bc\/wp-content\/uploads\/2019\/10\/Ferrari-340x228.jpg 340w, https:\/\/autolivraria.com.br\/bc\/wp-content\/uploads\/2019\/10\/Ferrari-627x420.jpg 627w, https:\/\/autolivraria.com.br\/bc\/wp-content\/uploads\/2019\/10\/Ferrari-222x149.jpg 222w\" data-sizes=\"(max-width: 696px) 100vw, 696px\" src=\"data:image\/svg+xml;base64,PHN2ZyB3aWR0aD0iMSIgaGVpZ2h0PSIxIiB4bWxucz0iaHR0cDovL3d3dy53My5vcmcvMjAwMC9zdmciPjwvc3ZnPg==\" style=\"--smush-placeholder-width: 696px; --smush-placeholder-aspect-ratio: 696\/466;\" \/><\/p>\n<p>O lend\u00e1rio cavalo empinado da Ferrari guarda uma boa hist\u00f3ria. O emblema era usado pelo piloto Francesco Baracca na fuselagem de seu ca\u00e7a da Primeira Guerra Mundial. O piloto morreu e seus pais sugeriram a Enzo Ferrari que adotasse o logotipo nos carros. Acima dele ficam as cores da bandeira italiana, e embaixo, as iniciais da equipe de corridas Scuderia Ferrari.<\/p>\n<p>&nbsp;<\/p>\n<p><img decoding=\"async\" class=\"aligncenter size-full wp-image-107744 lazyload\" data-src=\"https:\/\/autolivraria.com.br\/bc\/wp-content\/uploads\/2019\/10\/Infiniti.jpg\" alt=\"\" width=\"696\" height=\"466\" data-srcset=\"https:\/\/autolivraria.com.br\/bc\/wp-content\/uploads\/2019\/10\/Infiniti.jpg 696w, https:\/\/autolivraria.com.br\/bc\/wp-content\/uploads\/2019\/10\/Infiniti-340x228.jpg 340w, https:\/\/autolivraria.com.br\/bc\/wp-content\/uploads\/2019\/10\/Infiniti-627x420.jpg 627w, https:\/\/autolivraria.com.br\/bc\/wp-content\/uploads\/2019\/10\/Infiniti-222x149.jpg 222w\" data-sizes=\"(max-width: 696px) 100vw, 696px\" src=\"data:image\/svg+xml;base64,PHN2ZyB3aWR0aD0iMSIgaGVpZ2h0PSIxIiB4bWxucz0iaHR0cDovL3d3dy53My5vcmcvMjAwMC9zdmciPjwvc3ZnPg==\" style=\"--smush-placeholder-width: 696px; --smush-placeholder-aspect-ratio: 696\/466;\" \/><\/p>\n<p>A Infiniti, marca de luxo da Nissan, n\u00e3o chegou ao Brasil como o grupo pretendia. Seu emblema sugere uma estrada que se estreita at\u00e9 o infinito, o que combina com o nome da divis\u00e3o.<\/p>\n<p>&nbsp;<\/p>\n<p><img decoding=\"async\" class=\"aligncenter size-full wp-image-107746 lazyload\" data-src=\"https:\/\/autolivraria.com.br\/bc\/wp-content\/uploads\/2019\/10\/Maserati.jpg\" alt=\"\" width=\"696\" height=\"466\" data-srcset=\"https:\/\/autolivraria.com.br\/bc\/wp-content\/uploads\/2019\/10\/Maserati.jpg 696w, https:\/\/autolivraria.com.br\/bc\/wp-content\/uploads\/2019\/10\/Maserati-340x228.jpg 340w, https:\/\/autolivraria.com.br\/bc\/wp-content\/uploads\/2019\/10\/Maserati-627x420.jpg 627w, https:\/\/autolivraria.com.br\/bc\/wp-content\/uploads\/2019\/10\/Maserati-222x149.jpg 222w\" data-sizes=\"(max-width: 696px) 100vw, 696px\" src=\"data:image\/svg+xml;base64,PHN2ZyB3aWR0aD0iMSIgaGVpZ2h0PSIxIiB4bWxucz0iaHR0cDovL3d3dy53My5vcmcvMjAwMC9zdmciPjwvc3ZnPg==\" style=\"--smush-placeholder-width: 696px; --smush-placeholder-aspect-ratio: 696\/466;\" \/><\/p>\n<p>A Maserati inspirou-se no tridente do deus romano Netuno, cuja est\u00e1tua fica na pra\u00e7a central da cidade de Bolonha. Foi um modo de homenagear sua terra natal e de ligar os carros esporte \u00e0 for\u00e7a do deus das tempestades.<\/p>\n<p>&nbsp;<\/p>\n<div class='code-block code-block-6' style='margin: 28px auto; text-align: center; display: block; clear: both;'>\n<script async src=\"https:\/\/pagead2.googlesyndication.com\/pagead\/js\/adsbygoogle.js\"><\/script>\n<!-- AL-quadrado -->\n<ins class=\"adsbygoogle\"\n     style=\"display:block\"\n     data-ad-client=\"ca-pub-1914799802606213\"\n     data-ad-slot=\"5683066082\"\n     data-ad-format=\"auto\"\n     data-full-width-responsive=\"true\"><\/ins>\n<script>\n     (adsbygoogle = window.adsbygoogle || []).push({});\n<\/script><\/div>\n\n<p>&nbsp;<\/p>\n<p><img decoding=\"async\" class=\"aligncenter size-full wp-image-107747 lazyload\" data-src=\"https:\/\/autolivraria.com.br\/bc\/wp-content\/uploads\/2019\/10\/Mercedes-Benz.jpg\" alt=\"\" width=\"696\" height=\"466\" data-srcset=\"https:\/\/autolivraria.com.br\/bc\/wp-content\/uploads\/2019\/10\/Mercedes-Benz.jpg 696w, https:\/\/autolivraria.com.br\/bc\/wp-content\/uploads\/2019\/10\/Mercedes-Benz-340x228.jpg 340w, https:\/\/autolivraria.com.br\/bc\/wp-content\/uploads\/2019\/10\/Mercedes-Benz-627x420.jpg 627w, https:\/\/autolivraria.com.br\/bc\/wp-content\/uploads\/2019\/10\/Mercedes-Benz-222x149.jpg 222w\" data-sizes=\"(max-width: 696px) 100vw, 696px\" src=\"data:image\/svg+xml;base64,PHN2ZyB3aWR0aD0iMSIgaGVpZ2h0PSIxIiB4bWxucz0iaHR0cDovL3d3dy53My5vcmcvMjAwMC9zdmciPjwvc3ZnPg==\" style=\"--smush-placeholder-width: 696px; --smush-placeholder-aspect-ratio: 696\/466;\" \/><\/p>\n<p>A famosa estrela de tr\u00eas pontas da Mercedes foi adotada em 1910, bem antes da associa\u00e7\u00e3o entre as empresas de Daimler e de Benz. Ela simboliza a terra, o mar e o ar.<\/p>\n<p>&nbsp;<\/p>\n<p><img decoding=\"async\" class=\"aligncenter size-full wp-image-107748 lazyload\" data-src=\"https:\/\/autolivraria.com.br\/bc\/wp-content\/uploads\/2019\/10\/Nissan.jpg\" alt=\"\" width=\"696\" height=\"466\" data-srcset=\"https:\/\/autolivraria.com.br\/bc\/wp-content\/uploads\/2019\/10\/Nissan.jpg 696w, https:\/\/autolivraria.com.br\/bc\/wp-content\/uploads\/2019\/10\/Nissan-340x228.jpg 340w, https:\/\/autolivraria.com.br\/bc\/wp-content\/uploads\/2019\/10\/Nissan-627x420.jpg 627w, https:\/\/autolivraria.com.br\/bc\/wp-content\/uploads\/2019\/10\/Nissan-222x149.jpg 222w\" data-sizes=\"(max-width: 696px) 100vw, 696px\" src=\"data:image\/svg+xml;base64,PHN2ZyB3aWR0aD0iMSIgaGVpZ2h0PSIxIiB4bWxucz0iaHR0cDovL3d3dy53My5vcmcvMjAwMC9zdmciPjwvc3ZnPg==\" style=\"--smush-placeholder-width: 696px; --smush-placeholder-aspect-ratio: 696\/466;\" \/><\/p>\n<p>O emblema atual da Nissan pode n\u00e3o parecer ligado ao Sol Nascente da bandeira do Jap\u00e3o, mas essa origem fica clara na vers\u00e3o usada at\u00e9 os anos 90 (no destaque).<\/p>\n<p>&nbsp;<\/p>\n<p><img decoding=\"async\" class=\"aligncenter size-full wp-image-107749 lazyload\" data-src=\"https:\/\/autolivraria.com.br\/bc\/wp-content\/uploads\/2019\/10\/Opel.jpg\" alt=\"\" width=\"696\" height=\"466\" data-srcset=\"https:\/\/autolivraria.com.br\/bc\/wp-content\/uploads\/2019\/10\/Opel.jpg 696w, https:\/\/autolivraria.com.br\/bc\/wp-content\/uploads\/2019\/10\/Opel-340x228.jpg 340w, https:\/\/autolivraria.com.br\/bc\/wp-content\/uploads\/2019\/10\/Opel-627x420.jpg 627w, https:\/\/autolivraria.com.br\/bc\/wp-content\/uploads\/2019\/10\/Opel-222x149.jpg 222w\" data-sizes=\"(max-width: 696px) 100vw, 696px\" src=\"data:image\/svg+xml;base64,PHN2ZyB3aWR0aD0iMSIgaGVpZ2h0PSIxIiB4bWxucz0iaHR0cDovL3d3dy53My5vcmcvMjAwMC9zdmciPjwvc3ZnPg==\" style=\"--smush-placeholder-width: 696px; --smush-placeholder-aspect-ratio: 696\/466;\" \/><\/p>\n<p>A Opel alem\u00e3, que projetou grande parte de nossos antigos Chevrolets, usa um raio como marca. Foi uma homenagem a seu caminh\u00e3o Blitz, rel\u00e2mpago em alem\u00e3o, de grande sucesso no p\u00f3s-guerra.<\/p>\n<p>&nbsp;<\/p>\n<p><img decoding=\"async\" class=\"aligncenter size-full wp-image-107750 lazyload\" data-src=\"https:\/\/autolivraria.com.br\/bc\/wp-content\/uploads\/2019\/10\/Porsche.jpg\" alt=\"\" width=\"696\" height=\"466\" data-srcset=\"https:\/\/autolivraria.com.br\/bc\/wp-content\/uploads\/2019\/10\/Porsche.jpg 696w, https:\/\/autolivraria.com.br\/bc\/wp-content\/uploads\/2019\/10\/Porsche-340x228.jpg 340w, https:\/\/autolivraria.com.br\/bc\/wp-content\/uploads\/2019\/10\/Porsche-627x420.jpg 627w, https:\/\/autolivraria.com.br\/bc\/wp-content\/uploads\/2019\/10\/Porsche-222x149.jpg 222w\" data-sizes=\"(max-width: 696px) 100vw, 696px\" src=\"data:image\/svg+xml;base64,PHN2ZyB3aWR0aD0iMSIgaGVpZ2h0PSIxIiB4bWxucz0iaHR0cDovL3d3dy53My5vcmcvMjAwMC9zdmciPjwvc3ZnPg==\" style=\"--smush-placeholder-width: 696px; --smush-placeholder-aspect-ratio: 696\/466;\" \/><\/p>\n<p>A Porsche tamb\u00e9m usa um elegante bras\u00e3o. O cavalo no centro \u00e9 o da cidade natal Stuttgart. As faixas em vermelho e preto e as galhadas v\u00eam do bras\u00e3o de armas do estado de W\u00fcrttemberg (no destaque), onde fica a cidade.<\/p>\n<p>&nbsp;<\/p>\n<p><img decoding=\"async\" class=\"aligncenter size-full wp-image-107751 lazyload\" data-src=\"https:\/\/autolivraria.com.br\/bc\/wp-content\/uploads\/2019\/10\/Volvo.jpg\" alt=\"\" width=\"696\" height=\"466\" data-srcset=\"https:\/\/autolivraria.com.br\/bc\/wp-content\/uploads\/2019\/10\/Volvo.jpg 696w, https:\/\/autolivraria.com.br\/bc\/wp-content\/uploads\/2019\/10\/Volvo-340x228.jpg 340w, https:\/\/autolivraria.com.br\/bc\/wp-content\/uploads\/2019\/10\/Volvo-627x420.jpg 627w, https:\/\/autolivraria.com.br\/bc\/wp-content\/uploads\/2019\/10\/Volvo-222x149.jpg 222w\" data-sizes=\"(max-width: 696px) 100vw, 696px\" src=\"data:image\/svg+xml;base64,PHN2ZyB3aWR0aD0iMSIgaGVpZ2h0PSIxIiB4bWxucz0iaHR0cDovL3d3dy53My5vcmcvMjAwMC9zdmciPjwvc3ZnPg==\" style=\"--smush-placeholder-width: 696px; --smush-placeholder-aspect-ratio: 696\/466;\" \/><\/p>\n<p>A marca da Volvo parece indicar o g\u00eanero masculino, mas vem do s\u00edmbolo de Marte, o deus romano da guerra. Tamb\u00e9m simboliza o ferro, usado na \u00e9poca para fazer armas. Os fundadores da empresa atuavam no ramo de metais.<\/p>\n<a href='https:\/\/autolivraria.com.br\/bc\/category\/divirta-se\/curiosidades\/' class='small-button smallsilver'>Mais Curiosidades<\/a>\n<p>&nbsp;<\/p>\n","protected":false},"excerpt":{"rendered":"<p>Bras\u00f5es, associa\u00e7\u00f5es e at\u00e9 divindades inspiraram os logotipos das marcas dos autom\u00f3veis<\/p>\n","protected":false},"author":6,"featured_media":107752,"comment_status":"open","ping_status":"closed","sticky":false,"template":"","format":"standard","meta":{"_joinchat":[],"footnotes":""},"categories":[3596,145,623,4237],"tags":[19,624],"class_list":["post-107736","post","type-post","status-publish","format-standard","has-post-thumbnail","hentry","category-curiosidades","category-informe-se","category-videos","category-videos-destaques","tag-curiosidades","tag-video"],"amp_enabled":true,"_links":{"self":[{"href":"https:\/\/autolivraria.com.br\/bc\/wp-json\/wp\/v2\/posts\/107736","targetHints":{"allow":["GET"]}}],"collection":[{"href":"https:\/\/autolivraria.com.br\/bc\/wp-json\/wp\/v2\/posts"}],"about":[{"href":"https:\/\/autolivraria.com.br\/bc\/wp-json\/wp\/v2\/types\/post"}],"author":[{"embeddable":true,"href":"https:\/\/autolivraria.com.br\/bc\/wp-json\/wp\/v2\/users\/6"}],"replies":[{"embeddable":true,"href":"https:\/\/autolivraria.com.br\/bc\/wp-json\/wp\/v2\/comments?post=107736"}],"version-history":[{"count":0,"href":"https:\/\/autolivraria.com.br\/bc\/wp-json\/wp\/v2\/posts\/107736\/revisions"}],"wp:featuredmedia":[{"embeddable":true,"href":"https:\/\/autolivraria.com.br\/bc\/wp-json\/wp\/v2\/media\/107752"}],"wp:attachment":[{"href":"https:\/\/autolivraria.com.br\/bc\/wp-json\/wp\/v2\/media?parent=107736"}],"wp:term":[{"taxonomy":"category","embeddable":true,"href":"https:\/\/autolivraria.com.br\/bc\/wp-json\/wp\/v2\/categories?post=107736"},{"taxonomy":"post_tag","embeddable":true,"href":"https:\/\/autolivraria.com.br\/bc\/wp-json\/wp\/v2\/tags?post=107736"}],"curies":[{"name":"wp","href":"https:\/\/api.w.org\/{rel}","templated":true}]}}