{"id":108077,"date":"2019-11-01T11:00:51","date_gmt":"2019-11-01T14:00:51","guid":{"rendered":"http:\/\/bestcars.uol.com.br\/bc\/?p=108077"},"modified":"2019-11-06T11:16:23","modified_gmt":"2019-11-06T14:16:23","slug":"curiosidades-a-origem-dos-emblemas-dos-fabricantes-parte-2","status":"publish","type":"post","link":"https:\/\/autolivraria.com.br\/bc\/informe-se\/curiosidades-a-origem-dos-emblemas-dos-fabricantes-parte-2\/","title":{"rendered":"A origem dos emblemas dos fabricantes, parte 2"},"content":{"rendered":"<p><img fetchpriority=\"high\" decoding=\"async\" class=\"aligncenter size-full wp-image-108082\" src=\"https:\/\/autolivraria.com.br\/bc\/wp-content\/uploads\/2019\/10\/Chevrolet-4.jpg\" alt=\"\" width=\"696\" height=\"466\" srcset=\"https:\/\/autolivraria.com.br\/bc\/wp-content\/uploads\/2019\/10\/Chevrolet-4.jpg 696w, https:\/\/autolivraria.com.br\/bc\/wp-content\/uploads\/2019\/10\/Chevrolet-4-340x228.jpg 340w, https:\/\/autolivraria.com.br\/bc\/wp-content\/uploads\/2019\/10\/Chevrolet-4-627x420.jpg 627w, https:\/\/autolivraria.com.br\/bc\/wp-content\/uploads\/2019\/10\/Chevrolet-4-222x149.jpg 222w\" sizes=\"(max-width: 696px) 100vw, 696px\" \/><\/p>\n<h2>Bras\u00e3o da fam\u00edlia, papel de parede e at\u00e9 amante podem inspirar os logotipos e estatuetas de cada marca de autom\u00f3vel<\/h2>\n<p><em>Texto: Fabr\u00edcio Samah\u00e1 &#8211; Fotos: divulga\u00e7\u00e3o<\/em><\/p>\n<p>&nbsp;<\/p>\n<p>De onde veio a gravata-borboleta da Chevrolet? E a famosa estatueta do cap\u00f4 dos carros Rolls-Royce? J\u00e1 conhecemos a <a href=\"https:\/\/autolivraria.com.br\/bc\/informe-se\/video-curiosidades-a-origem-dos-emblemas-dos-fabricantes\/\" target=\"_blank\" rel=\"noopener noreferrer\">origem de v\u00e1rios emblemas<\/a> de fabricantes, mas vamos ver outros nesta segunda parte. Se preferir, assista ao v\u00eddeo com o mesmo conte\u00fado e mais imagens.<\/p>\n<p>&nbsp;<\/p>\n<p><iframe title=\"A origem dos emblemas das marcas de carros | Parte 2 | Curiosidades | Best Cars\" width=\"960\" height=\"540\" data-src=\"https:\/\/www.youtube.com\/embed\/tR_2Aw8j70o?feature=oembed\" frameborder=\"0\" allow=\"accelerometer; autoplay; clipboard-write; encrypted-media; gyroscope; picture-in-picture; web-share\" referrerpolicy=\"strict-origin-when-cross-origin\" allowfullscreen src=\"data:image\/svg+xml;base64,PHN2ZyB3aWR0aD0iMSIgaGVpZ2h0PSIxIiB4bWxucz0iaHR0cDovL3d3dy53My5vcmcvMjAwMC9zdmciPjwvc3ZnPg==\" class=\"lazyload\" data-load-mode=\"1\"><\/iframe><\/p>\n<p>&nbsp;<\/p>\n<p><img decoding=\"async\" class=\"aligncenter size-full wp-image-108079 lazyload\" data-src=\"https:\/\/autolivraria.com.br\/bc\/wp-content\/uploads\/2019\/10\/Aston-Martin.jpg\" alt=\"\" width=\"696\" height=\"466\" data-srcset=\"https:\/\/autolivraria.com.br\/bc\/wp-content\/uploads\/2019\/10\/Aston-Martin.jpg 696w, https:\/\/autolivraria.com.br\/bc\/wp-content\/uploads\/2019\/10\/Aston-Martin-340x228.jpg 340w, https:\/\/autolivraria.com.br\/bc\/wp-content\/uploads\/2019\/10\/Aston-Martin-627x420.jpg 627w, https:\/\/autolivraria.com.br\/bc\/wp-content\/uploads\/2019\/10\/Aston-Martin-222x149.jpg 222w\" data-sizes=\"(max-width: 696px) 100vw, 696px\" src=\"data:image\/svg+xml;base64,PHN2ZyB3aWR0aD0iMSIgaGVpZ2h0PSIxIiB4bWxucz0iaHR0cDovL3d3dy53My5vcmcvMjAwMC9zdmciPjwvc3ZnPg==\" style=\"--smush-placeholder-width: 696px; --smush-placeholder-aspect-ratio: 696\/466;\" \/><\/p>\n<p>A inglesa Aston Martin tem como marca um par de asas desde 1927. O tema parece escolhido para simbolizar velocidade.<\/p>\n<p>&nbsp;<\/p>\n<p><img decoding=\"async\" class=\"aligncenter size-full wp-image-108080 lazyload\" data-src=\"https:\/\/autolivraria.com.br\/bc\/wp-content\/uploads\/2019\/10\/Bentley.jpg\" alt=\"\" width=\"696\" height=\"466\" data-srcset=\"https:\/\/autolivraria.com.br\/bc\/wp-content\/uploads\/2019\/10\/Bentley.jpg 696w, https:\/\/autolivraria.com.br\/bc\/wp-content\/uploads\/2019\/10\/Bentley-340x228.jpg 340w, https:\/\/autolivraria.com.br\/bc\/wp-content\/uploads\/2019\/10\/Bentley-627x420.jpg 627w, https:\/\/autolivraria.com.br\/bc\/wp-content\/uploads\/2019\/10\/Bentley-222x149.jpg 222w\" data-sizes=\"(max-width: 696px) 100vw, 696px\" src=\"data:image\/svg+xml;base64,PHN2ZyB3aWR0aD0iMSIgaGVpZ2h0PSIxIiB4bWxucz0iaHR0cDovL3d3dy53My5vcmcvMjAwMC9zdmciPjwvc3ZnPg==\" style=\"--smush-placeholder-width: 696px; --smush-placeholder-aspect-ratio: 696\/466;\" \/><\/p>\n<p>Diferente da Aston, sua compatriota Bentley tem uma boa raz\u00e3o para as asas do emblema: a empresa come\u00e7ou em 1919 com motores de avi\u00e3o. Uma curiosidade: o n\u00famero de penas varia entre um lado e outro.<\/p>\n<p>&nbsp;<\/p>\n<div class='code-block code-block-7' style='margin: 28px auto; text-align: center; display: block; clear: both;'>\n<br>\n<div align=\"center\">\n<a target=\"_blank\" href=\"https:\/\/bestcars.com.br\/bc\/\">\n<img decoding=\"async\" data-src=\"https:\/\/bestcars.com.br\/bc\/wp-content\/uploads\/2021\/07\/Auto-Livraria-450x300-quadros.jpg\" alt=\"Auto Livraria\" src=\"data:image\/svg+xml;base64,PHN2ZyB3aWR0aD0iMSIgaGVpZ2h0PSIxIiB4bWxucz0iaHR0cDovL3d3dy53My5vcmcvMjAwMC9zdmciPjwvc3ZnPg==\" class=\"lazyload\"><\/a>\n<\/div>\n<br><\/div>\n\n<p>&nbsp;<\/p>\n<p><img decoding=\"async\" class=\"aligncenter size-full wp-image-108081 lazyload\" data-src=\"https:\/\/autolivraria.com.br\/bc\/wp-content\/uploads\/2019\/10\/Cadillac.jpg\" alt=\"\" width=\"696\" height=\"466\" data-srcset=\"https:\/\/autolivraria.com.br\/bc\/wp-content\/uploads\/2019\/10\/Cadillac.jpg 696w, https:\/\/autolivraria.com.br\/bc\/wp-content\/uploads\/2019\/10\/Cadillac-340x228.jpg 340w, https:\/\/autolivraria.com.br\/bc\/wp-content\/uploads\/2019\/10\/Cadillac-627x420.jpg 627w, https:\/\/autolivraria.com.br\/bc\/wp-content\/uploads\/2019\/10\/Cadillac-222x149.jpg 222w\" data-sizes=\"(max-width: 696px) 100vw, 696px\" src=\"data:image\/svg+xml;base64,PHN2ZyB3aWR0aD0iMSIgaGVpZ2h0PSIxIiB4bWxucz0iaHR0cDovL3d3dy53My5vcmcvMjAwMC9zdmciPjwvc3ZnPg==\" style=\"--smush-placeholder-width: 696px; --smush-placeholder-aspect-ratio: 696\/466;\" \/><\/p>\n<p>Remodelada de tempos em tempos, a marca da Cadillac foi inspirada no bras\u00e3o de armas do Monsieur Cadillac, fundador da cidade de Detroit e homenageado no nome dessa divis\u00e3o da GM.<\/p>\n<p>&nbsp;<\/p>\n<p><img fetchpriority=\"high\" decoding=\"async\" class=\"aligncenter size-full wp-image-108082\" src=\"https:\/\/autolivraria.com.br\/bc\/wp-content\/uploads\/2019\/10\/Chevrolet-4.jpg\" alt=\"\" width=\"696\" height=\"466\" srcset=\"https:\/\/autolivraria.com.br\/bc\/wp-content\/uploads\/2019\/10\/Chevrolet-4.jpg 696w, https:\/\/autolivraria.com.br\/bc\/wp-content\/uploads\/2019\/10\/Chevrolet-4-340x228.jpg 340w, https:\/\/autolivraria.com.br\/bc\/wp-content\/uploads\/2019\/10\/Chevrolet-4-627x420.jpg 627w, https:\/\/autolivraria.com.br\/bc\/wp-content\/uploads\/2019\/10\/Chevrolet-4-222x149.jpg 222w\" sizes=\"(max-width: 696px) 100vw, 696px\" \/><\/p>\n<p>A famosa gravata-borboleta acompanha a Chevrolet desde 1913, dois anos ap\u00f3s sua funda\u00e7\u00e3o. O desenho veio de um an\u00fancio de jornal visto por Louis Chevrolet, piloto su\u00ed\u00e7o que deu nome \u00e0 marca, segundo sua esposa. Mas h\u00e1 outras vers\u00f5es. Uns dizem que era o padr\u00e3o do papel de parede de um hotel onde ele se hospedou, e outros, que seria uma refer\u00eancia \u00e0 cruz su\u00ed\u00e7a.<\/p>\n<p>&nbsp;<\/p>\n<p><img decoding=\"async\" class=\"aligncenter size-full wp-image-108083 lazyload\" data-src=\"https:\/\/autolivraria.com.br\/bc\/wp-content\/uploads\/2019\/10\/Ford-1.jpg\" alt=\"\" width=\"696\" height=\"466\" data-srcset=\"https:\/\/autolivraria.com.br\/bc\/wp-content\/uploads\/2019\/10\/Ford-1.jpg 696w, https:\/\/autolivraria.com.br\/bc\/wp-content\/uploads\/2019\/10\/Ford-1-340x228.jpg 340w, https:\/\/autolivraria.com.br\/bc\/wp-content\/uploads\/2019\/10\/Ford-1-627x420.jpg 627w, https:\/\/autolivraria.com.br\/bc\/wp-content\/uploads\/2019\/10\/Ford-1-222x149.jpg 222w\" data-sizes=\"(max-width: 696px) 100vw, 696px\" src=\"data:image\/svg+xml;base64,PHN2ZyB3aWR0aD0iMSIgaGVpZ2h0PSIxIiB4bWxucz0iaHR0cDovL3d3dy53My5vcmcvMjAwMC9zdmciPjwvc3ZnPg==\" style=\"--smush-placeholder-width: 696px; --smush-placeholder-aspect-ratio: 696\/466;\" \/><\/p>\n<p>Um dos emblemas mais simples e duradouros \u00e9 o oval azul da Ford, usado desde 1927. A assinatura do fundador Henry Ford dentro dele \u00e9 ainda mais antiga: desde 1909.<\/p>\n<p>&nbsp;<\/p>\n<p><img decoding=\"async\" class=\"aligncenter size-full wp-image-108084 lazyload\" data-src=\"https:\/\/autolivraria.com.br\/bc\/wp-content\/uploads\/2019\/10\/Hyundai-1.jpg\" alt=\"\" width=\"696\" height=\"466\" data-srcset=\"https:\/\/autolivraria.com.br\/bc\/wp-content\/uploads\/2019\/10\/Hyundai-1.jpg 696w, https:\/\/autolivraria.com.br\/bc\/wp-content\/uploads\/2019\/10\/Hyundai-1-340x228.jpg 340w, https:\/\/autolivraria.com.br\/bc\/wp-content\/uploads\/2019\/10\/Hyundai-1-627x420.jpg 627w, https:\/\/autolivraria.com.br\/bc\/wp-content\/uploads\/2019\/10\/Hyundai-1-222x149.jpg 222w\" data-sizes=\"(max-width: 696px) 100vw, 696px\" src=\"data:image\/svg+xml;base64,PHN2ZyB3aWR0aD0iMSIgaGVpZ2h0PSIxIiB4bWxucz0iaHR0cDovL3d3dy53My5vcmcvMjAwMC9zdmciPjwvc3ZnPg==\" style=\"--smush-placeholder-width: 696px; --smush-placeholder-aspect-ratio: 696\/466;\" \/><\/p>\n<p>A marca da Hyundai \u00e9 um simples H em it\u00e1lico, certo? N\u00e3o s\u00f3. Segundo os sul-coreanos, ela representa um aperto de m\u00e3o entre duas pessoas, que seriam a empresa e o consumidor.<\/p>\n<p>&nbsp;<\/p>\n<p><img decoding=\"async\" class=\"aligncenter size-full wp-image-108085 lazyload\" data-src=\"https:\/\/autolivraria.com.br\/bc\/wp-content\/uploads\/2019\/10\/Lamborghini.jpg\" alt=\"\" width=\"696\" height=\"466\" data-srcset=\"https:\/\/autolivraria.com.br\/bc\/wp-content\/uploads\/2019\/10\/Lamborghini.jpg 696w, https:\/\/autolivraria.com.br\/bc\/wp-content\/uploads\/2019\/10\/Lamborghini-340x228.jpg 340w, https:\/\/autolivraria.com.br\/bc\/wp-content\/uploads\/2019\/10\/Lamborghini-627x420.jpg 627w, https:\/\/autolivraria.com.br\/bc\/wp-content\/uploads\/2019\/10\/Lamborghini-222x149.jpg 222w\" data-sizes=\"(max-width: 696px) 100vw, 696px\" src=\"data:image\/svg+xml;base64,PHN2ZyB3aWR0aD0iMSIgaGVpZ2h0PSIxIiB4bWxucz0iaHR0cDovL3d3dy53My5vcmcvMjAwMC9zdmciPjwvc3ZnPg==\" style=\"--smush-placeholder-width: 696px; --smush-placeholder-aspect-ratio: 696\/466;\" \/><\/p>\n<p>A liga\u00e7\u00e3o da Lamborghini com touros bravos n\u00e3o se limita aos nomes de v\u00e1rios de seus modelos: o emblema da marca tamb\u00e9m tem um. Seu fundador, Ferruccio Lamborghini, era taurino e buscou a associa\u00e7\u00e3o com um animal forte e feroz.<\/p>\n<p>&nbsp;<\/p>\n<div class='code-block code-block-6' style='margin: 28px auto; text-align: center; display: block; clear: both;'>\n<script async src=\"https:\/\/pagead2.googlesyndication.com\/pagead\/js\/adsbygoogle.js\"><\/script>\n<!-- AL-quadrado -->\n<ins class=\"adsbygoogle\"\n     style=\"display:block\"\n     data-ad-client=\"ca-pub-1914799802606213\"\n     data-ad-slot=\"5683066082\"\n     data-ad-format=\"auto\"\n     data-full-width-responsive=\"true\"><\/ins>\n<script>\n     (adsbygoogle = window.adsbygoogle || []).push({});\n<\/script><\/div>\n\n<p>&nbsp;<\/p>\n<p><img decoding=\"async\" class=\"aligncenter size-full wp-image-108086 lazyload\" data-src=\"https:\/\/autolivraria.com.br\/bc\/wp-content\/uploads\/2019\/10\/Lotus-2.jpg\" alt=\"\" width=\"696\" height=\"466\" data-srcset=\"https:\/\/autolivraria.com.br\/bc\/wp-content\/uploads\/2019\/10\/Lotus-2.jpg 696w, https:\/\/autolivraria.com.br\/bc\/wp-content\/uploads\/2019\/10\/Lotus-2-340x228.jpg 340w, https:\/\/autolivraria.com.br\/bc\/wp-content\/uploads\/2019\/10\/Lotus-2-627x420.jpg 627w, https:\/\/autolivraria.com.br\/bc\/wp-content\/uploads\/2019\/10\/Lotus-2-222x149.jpg 222w\" data-sizes=\"(max-width: 696px) 100vw, 696px\" src=\"data:image\/svg+xml;base64,PHN2ZyB3aWR0aD0iMSIgaGVpZ2h0PSIxIiB4bWxucz0iaHR0cDovL3d3dy53My5vcmcvMjAwMC9zdmciPjwvc3ZnPg==\" style=\"--smush-placeholder-width: 696px; --smush-placeholder-aspect-ratio: 696\/466;\" \/><\/p>\n<p>O escudo da Lotus inglesa quase n\u00e3o mudou desde o come\u00e7o da empresa, em 1952. Ele tem uma sobreposi\u00e7\u00e3o das iniciais do fundador, Anthony Colin Bruce Chapman, e duas cores: o verde de corridas, tradi\u00e7\u00e3o brit\u00e2nica, e o amarelo para simbolizar um futuro ensolarado \u2014 bem-vindo na nebulosa Inglaterra.<\/p>\n<p>&nbsp;<\/p>\n<p><img decoding=\"async\" class=\"aligncenter size-full wp-image-108087 lazyload\" data-src=\"https:\/\/autolivraria.com.br\/bc\/wp-content\/uploads\/2019\/10\/Mitsubishi.jpg\" alt=\"\" width=\"696\" height=\"466\" data-srcset=\"https:\/\/autolivraria.com.br\/bc\/wp-content\/uploads\/2019\/10\/Mitsubishi.jpg 696w, https:\/\/autolivraria.com.br\/bc\/wp-content\/uploads\/2019\/10\/Mitsubishi-340x228.jpg 340w, https:\/\/autolivraria.com.br\/bc\/wp-content\/uploads\/2019\/10\/Mitsubishi-627x420.jpg 627w, https:\/\/autolivraria.com.br\/bc\/wp-content\/uploads\/2019\/10\/Mitsubishi-222x149.jpg 222w\" data-sizes=\"(max-width: 696px) 100vw, 696px\" src=\"data:image\/svg+xml;base64,PHN2ZyB3aWR0aD0iMSIgaGVpZ2h0PSIxIiB4bWxucz0iaHR0cDovL3d3dy53My5vcmcvMjAwMC9zdmciPjwvc3ZnPg==\" style=\"--smush-placeholder-width: 696px; --smush-placeholder-aspect-ratio: 696\/466;\" \/><\/p>\n<p>O nome e o emblema da Mitsubishi t\u00eam o mesmo significado: tr\u00eas diamantes. Seu fundador tirou-os do bras\u00e3o da fam\u00edlia.<\/p>\n<p>&nbsp;<\/p>\n<p><img decoding=\"async\" class=\"aligncenter size-full wp-image-108088 lazyload\" data-src=\"https:\/\/autolivraria.com.br\/bc\/wp-content\/uploads\/2019\/10\/Peugeot.jpg\" alt=\"\" width=\"696\" height=\"466\" data-srcset=\"https:\/\/autolivraria.com.br\/bc\/wp-content\/uploads\/2019\/10\/Peugeot.jpg 696w, https:\/\/autolivraria.com.br\/bc\/wp-content\/uploads\/2019\/10\/Peugeot-340x228.jpg 340w, https:\/\/autolivraria.com.br\/bc\/wp-content\/uploads\/2019\/10\/Peugeot-627x420.jpg 627w, https:\/\/autolivraria.com.br\/bc\/wp-content\/uploads\/2019\/10\/Peugeot-222x149.jpg 222w\" data-sizes=\"(max-width: 696px) 100vw, 696px\" src=\"data:image\/svg+xml;base64,PHN2ZyB3aWR0aD0iMSIgaGVpZ2h0PSIxIiB4bWxucz0iaHR0cDovL3d3dy53My5vcmcvMjAwMC9zdmciPjwvc3ZnPg==\" style=\"--smush-placeholder-width: 696px; --smush-placeholder-aspect-ratio: 696\/466;\" \/><\/p>\n<p>Um le\u00e3o sobre as patas traseiras, que mudou de forma com o tempo, \u00e9 a marca da Peugeot desde o s\u00e9culo 19, antes que ela fizesse carros. O modelo usado desde os anos 40 foi inspirado no bras\u00e3o da regi\u00e3o em que Armand Peugeot nasceu.<\/p>\n<p>&nbsp;<\/p>\n<p><img decoding=\"async\" class=\"aligncenter size-full wp-image-108089 lazyload\" data-src=\"https:\/\/autolivraria.com.br\/bc\/wp-content\/uploads\/2019\/10\/Renault-1.jpg\" alt=\"\" width=\"696\" height=\"466\" data-srcset=\"https:\/\/autolivraria.com.br\/bc\/wp-content\/uploads\/2019\/10\/Renault-1.jpg 696w, https:\/\/autolivraria.com.br\/bc\/wp-content\/uploads\/2019\/10\/Renault-1-340x228.jpg 340w, https:\/\/autolivraria.com.br\/bc\/wp-content\/uploads\/2019\/10\/Renault-1-627x420.jpg 627w, https:\/\/autolivraria.com.br\/bc\/wp-content\/uploads\/2019\/10\/Renault-1-222x149.jpg 222w\" data-sizes=\"(max-width: 696px) 100vw, 696px\" src=\"data:image\/svg+xml;base64,PHN2ZyB3aWR0aD0iMSIgaGVpZ2h0PSIxIiB4bWxucz0iaHR0cDovL3d3dy53My5vcmcvMjAwMC9zdmciPjwvc3ZnPg==\" style=\"--smush-placeholder-width: 696px; --smush-placeholder-aspect-ratio: 696\/466;\" \/><\/p>\n<p>A Renault usa um losango ou diamante desde 1923. No come\u00e7o, seu emblema era circular.<\/p>\n<p>&nbsp;<\/p>\n<p><img decoding=\"async\" class=\"aligncenter size-full wp-image-108090 lazyload\" data-src=\"https:\/\/autolivraria.com.br\/bc\/wp-content\/uploads\/2019\/10\/Rolls-Royce.jpg\" alt=\"\" width=\"696\" height=\"466\" data-srcset=\"https:\/\/autolivraria.com.br\/bc\/wp-content\/uploads\/2019\/10\/Rolls-Royce.jpg 696w, https:\/\/autolivraria.com.br\/bc\/wp-content\/uploads\/2019\/10\/Rolls-Royce-340x228.jpg 340w, https:\/\/autolivraria.com.br\/bc\/wp-content\/uploads\/2019\/10\/Rolls-Royce-627x420.jpg 627w, https:\/\/autolivraria.com.br\/bc\/wp-content\/uploads\/2019\/10\/Rolls-Royce-222x149.jpg 222w\" data-sizes=\"(max-width: 696px) 100vw, 696px\" src=\"data:image\/svg+xml;base64,PHN2ZyB3aWR0aD0iMSIgaGVpZ2h0PSIxIiB4bWxucz0iaHR0cDovL3d3dy53My5vcmcvMjAwMC9zdmciPjwvc3ZnPg==\" style=\"--smush-placeholder-width: 696px; --smush-placeholder-aspect-ratio: 696\/466;\" \/><\/p>\n<p>O logotipo com dois \u201cR\u201d da Rolls-Royce vem de longa data, mas o destaque da marca \u00e9 a estatueta Esp\u00edrito do \u00caxtase, em uso desde 1911. O Lorde Montagu de Beaulieu encomendou a um escultor esse desenho, inspirado em sua amante Eleanor. A estatueta acabou sendo adotada pela empresa.<\/p>\n<p>&nbsp;<\/p>\n<p><img decoding=\"async\" class=\"aligncenter size-full wp-image-108091 lazyload\" data-src=\"https:\/\/autolivraria.com.br\/bc\/wp-content\/uploads\/2019\/10\/Subaru-1.jpg\" alt=\"\" width=\"696\" height=\"466\" data-srcset=\"https:\/\/autolivraria.com.br\/bc\/wp-content\/uploads\/2019\/10\/Subaru-1.jpg 696w, https:\/\/autolivraria.com.br\/bc\/wp-content\/uploads\/2019\/10\/Subaru-1-340x228.jpg 340w, https:\/\/autolivraria.com.br\/bc\/wp-content\/uploads\/2019\/10\/Subaru-1-627x420.jpg 627w, https:\/\/autolivraria.com.br\/bc\/wp-content\/uploads\/2019\/10\/Subaru-1-222x149.jpg 222w\" data-sizes=\"(max-width: 696px) 100vw, 696px\" src=\"data:image\/svg+xml;base64,PHN2ZyB3aWR0aD0iMSIgaGVpZ2h0PSIxIiB4bWxucz0iaHR0cDovL3d3dy53My5vcmcvMjAwMC9zdmciPjwvc3ZnPg==\" style=\"--smush-placeholder-width: 696px; --smush-placeholder-aspect-ratio: 696\/466;\" \/><\/p>\n<p>O nome Subaru vem da constela\u00e7\u00e3o das Pl\u00eaiades, que foi retratada em sua marca original. Hoje, a estrela maior simboliza a corpora\u00e7\u00e3o Fuji Heavy Industries, e as cinco menores, as empresas que formaram o grupo.<\/p>\n<p>&nbsp;<\/p>\n<p><img decoding=\"async\" class=\"aligncenter size-full wp-image-108092 lazyload\" data-src=\"https:\/\/autolivraria.com.br\/bc\/wp-content\/uploads\/2019\/10\/Toyota.jpg\" alt=\"\" width=\"696\" height=\"466\" data-srcset=\"https:\/\/autolivraria.com.br\/bc\/wp-content\/uploads\/2019\/10\/Toyota.jpg 696w, https:\/\/autolivraria.com.br\/bc\/wp-content\/uploads\/2019\/10\/Toyota-340x228.jpg 340w, https:\/\/autolivraria.com.br\/bc\/wp-content\/uploads\/2019\/10\/Toyota-627x420.jpg 627w, https:\/\/autolivraria.com.br\/bc\/wp-content\/uploads\/2019\/10\/Toyota-222x149.jpg 222w\" data-sizes=\"(max-width: 696px) 100vw, 696px\" src=\"data:image\/svg+xml;base64,PHN2ZyB3aWR0aD0iMSIgaGVpZ2h0PSIxIiB4bWxucz0iaHR0cDovL3d3dy53My5vcmcvMjAwMC9zdmciPjwvc3ZnPg==\" style=\"--smush-placeholder-width: 696px; --smush-placeholder-aspect-ratio: 696\/466;\" \/><\/p>\n<p>\u00c9 f\u00e1cil ver o \u201cT\u201d do emblema da Toyota, mas ele tem mais significados. As duas elipses no interior seriam o cora\u00e7\u00e3o do cliente e o da empresa, entrela\u00e7ados para indicar confian\u00e7a. A outra, do contorno, seria o mundo abra\u00e7ando a Toyota.<\/p>\n<a href='https:\/\/autolivraria.com.br\/bc\/category\/divirta-se\/curiosidades\/' class='small-button smallsilver'>Mais Curiosidades<\/a>\n<p>&nbsp;<\/p>\n","protected":false},"excerpt":{"rendered":"<p>Bras\u00e3o da fam\u00edlia, papel de parede e at\u00e9 amante podem inspirar os logotipos e estatuetas de cada marca de autom\u00f3vel<\/p>\n","protected":false},"author":6,"featured_media":108082,"comment_status":"open","ping_status":"closed","sticky":false,"template":"","format":"standard","meta":{"_joinchat":[],"footnotes":""},"categories":[3596,145,623,4237],"tags":[156,19,624],"class_list":["post-108077","post","type-post","status-publish","format-standard","has-post-thumbnail","hentry","category-curiosidades","category-informe-se","category-videos","category-videos-destaques","tag-carros-do-passado","tag-curiosidades","tag-video"],"amp_enabled":true,"_links":{"self":[{"href":"https:\/\/autolivraria.com.br\/bc\/wp-json\/wp\/v2\/posts\/108077","targetHints":{"allow":["GET"]}}],"collection":[{"href":"https:\/\/autolivraria.com.br\/bc\/wp-json\/wp\/v2\/posts"}],"about":[{"href":"https:\/\/autolivraria.com.br\/bc\/wp-json\/wp\/v2\/types\/post"}],"author":[{"embeddable":true,"href":"https:\/\/autolivraria.com.br\/bc\/wp-json\/wp\/v2\/users\/6"}],"replies":[{"embeddable":true,"href":"https:\/\/autolivraria.com.br\/bc\/wp-json\/wp\/v2\/comments?post=108077"}],"version-history":[{"count":0,"href":"https:\/\/autolivraria.com.br\/bc\/wp-json\/wp\/v2\/posts\/108077\/revisions"}],"wp:featuredmedia":[{"embeddable":true,"href":"https:\/\/autolivraria.com.br\/bc\/wp-json\/wp\/v2\/media\/108082"}],"wp:attachment":[{"href":"https:\/\/autolivraria.com.br\/bc\/wp-json\/wp\/v2\/media?parent=108077"}],"wp:term":[{"taxonomy":"category","embeddable":true,"href":"https:\/\/autolivraria.com.br\/bc\/wp-json\/wp\/v2\/categories?post=108077"},{"taxonomy":"post_tag","embeddable":true,"href":"https:\/\/autolivraria.com.br\/bc\/wp-json\/wp\/v2\/tags?post=108077"}],"curies":[{"name":"wp","href":"https:\/\/api.w.org\/{rel}","templated":true}]}}