{"id":108397,"date":"2019-11-22T12:21:44","date_gmt":"2019-11-22T15:21:44","guid":{"rendered":"https:\/\/bestcars.uol.com.br\/bc\/?p=108397"},"modified":"2019-11-29T11:07:53","modified_gmt":"2019-11-29T14:07:53","slug":"teste-comparativo-hyundai-hb20-diamond-plus-tgdi-vw-polo-comfortline-200-tsi-turbo-2020","status":"publish","type":"post","link":"https:\/\/autolivraria.com.br\/bc\/informe-se\/avaliacao\/teste-comparativo-hyundai-hb20-diamond-plus-tgdi-vw-polo-comfortline-200-tsi-turbo-2020\/","title":{"rendered":"Hyundai HB20: bom o bastante para vencer o VW Polo?"},"content":{"rendered":"<div id='gallery-1' class='gallery galleryid-108397 gallery-columns-1 gallery-size-large'><figure class='gallery-item'>\n\t\t\t<div class='gallery-icon landscape'>\n\t\t\t\t<a href='https:\/\/autolivraria.com.br\/bc\/wp-content\/uploads\/2019\/11\/Hyundai-HB20-e-VW-Polo-1.jpg'><img fetchpriority=\"high\" decoding=\"async\" width=\"696\" height=\"464\" src=\"https:\/\/autolivraria.com.br\/bc\/wp-content\/uploads\/2019\/11\/Hyundai-HB20-e-VW-Polo-1-696x464.jpg\" class=\"attachment-large size-large\" alt=\"\" \/><\/a>\n\t\t\t<\/div><\/figure>\n\t\t<\/div>\n\n<h2>Com novo desenho, motor turbo e mais conveni\u00eancias, o pequeno dos sul-coreanos enfrenta um dos melhores concorrentes<\/h2>\n<p><em>Texto e fotos: Fabr\u00edcio Samah\u00e1<\/em><\/p>\n<p>&nbsp;<\/p>\n<p>O Hyundai HB20 trouxe ao mercado em 2012, ao lado do <a href=\"https:\/\/autolivraria.com.br\/bc\/tag\/onix\" target=\"_blank\" rel=\"noopener noreferrer\">Chevrolet Onix<\/a>, uma renova\u00e7\u00e3o do segmento de hatchbacks compactos. Al\u00e9m do desenho moderno e atraente, oferecia op\u00e7\u00e3o de transmiss\u00e3o autom\u00e1tica \u2014 ent\u00e3o rara na categoria \u2014 e, pouco depois, de central de \u00e1udio com ampla tela de toque. Tudo isso, somado \u00e0 boa reputa\u00e7\u00e3o da marca, fez dele um grande sucesso.<\/p>\n<p>O tempo, por\u00e9m, passa para todos. Para 2020 a Hyundai apresenta uma nova gera\u00e7\u00e3o do HB20, inteiramente refeita em desenho e com importantes evolu\u00e7\u00f5es t\u00e9cnicas e em conte\u00fado. Ela vem enfrentar concorrentes revitalizados como o Volkswagen Polo, que em 2017 elevou o patamar do segmento e venceu o <a href=\"https:\/\/autolivraria.com.br\/bc\/informe-se\/avaliacao\/comparativo\/teste-fiat-argo-ford-fiesta-peugeot-208-vw-polo-2018\/\" target=\"_blank\" rel=\"noopener noreferrer\">comparativo<\/a> com tr\u00eas oponentes. O <strong>Best Cars<\/strong> lan\u00e7a um <em>Desafio<\/em> entre a vers\u00e3o Diamond Plus do HB20 e a Comfortline do Polo, ambas com motor turbo de 1,0 litro e caixa autom\u00e1tica de seis marchas.<\/p>\n<p>&nbsp;<\/p>\n<div id='gallery-2' class='gallery galleryid-108397 gallery-columns-2 gallery-size-medium'><figure class='gallery-item'>\n\t\t\t<div class='gallery-icon landscape'>\n\t\t\t\t<a href='https:\/\/autolivraria.com.br\/bc\/wp-content\/uploads\/2019\/11\/Hyundai-HB20-Diamond-Plus-05.jpg'><img decoding=\"async\" width=\"340\" height=\"227\" data-src=\"https:\/\/autolivraria.com.br\/bc\/wp-content\/uploads\/2019\/11\/Hyundai-HB20-Diamond-Plus-05-340x227.jpg\" class=\"attachment-medium size-medium lazyload\" alt=\"\" aria-describedby=\"gallery-2-108612\" src=\"data:image\/svg+xml;base64,PHN2ZyB3aWR0aD0iMSIgaGVpZ2h0PSIxIiB4bWxucz0iaHR0cDovL3d3dy53My5vcmcvMjAwMC9zdmciPjwvc3ZnPg==\" style=\"--smush-placeholder-width: 340px; --smush-placeholder-aspect-ratio: 340\/227;\" \/><\/a>\n\t\t\t<\/div>\n\t\t\t\t<figcaption class='wp-caption-text gallery-caption' id='gallery-2-108612'>\n\t\t\t\tHB20\n\t\t\t\t<\/figcaption><\/figure><figure class='gallery-item'>\n\t\t\t<div class='gallery-icon landscape'>\n\t\t\t\t<a href='https:\/\/autolivraria.com.br\/bc\/wp-content\/uploads\/2019\/11\/Hyundai-HB20-Diamond-Plus-02.jpg'><img decoding=\"async\" width=\"340\" height=\"227\" data-src=\"https:\/\/autolivraria.com.br\/bc\/wp-content\/uploads\/2019\/11\/Hyundai-HB20-Diamond-Plus-02-340x227.jpg\" class=\"attachment-medium size-medium lazyload\" alt=\"\" src=\"data:image\/svg+xml;base64,PHN2ZyB3aWR0aD0iMSIgaGVpZ2h0PSIxIiB4bWxucz0iaHR0cDovL3d3dy53My5vcmcvMjAwMC9zdmciPjwvc3ZnPg==\" style=\"--smush-placeholder-width: 340px; --smush-placeholder-aspect-ratio: 340\/227;\" \/><\/a>\n\t\t\t<\/div><\/figure><figure class='gallery-item'>\n\t\t\t<div class='gallery-icon landscape'>\n\t\t\t\t<a href='https:\/\/autolivraria.com.br\/bc\/wp-content\/uploads\/2019\/11\/VW-Polo-Comfortline-05.jpg'><img decoding=\"async\" width=\"340\" height=\"227\" data-src=\"https:\/\/autolivraria.com.br\/bc\/wp-content\/uploads\/2019\/11\/VW-Polo-Comfortline-05-340x227.jpg\" class=\"attachment-medium size-medium lazyload\" alt=\"\" aria-describedby=\"gallery-2-108614\" src=\"data:image\/svg+xml;base64,PHN2ZyB3aWR0aD0iMSIgaGVpZ2h0PSIxIiB4bWxucz0iaHR0cDovL3d3dy53My5vcmcvMjAwMC9zdmciPjwvc3ZnPg==\" style=\"--smush-placeholder-width: 340px; --smush-placeholder-aspect-ratio: 340\/227;\" \/><\/a>\n\t\t\t<\/div>\n\t\t\t\t<figcaption class='wp-caption-text gallery-caption' id='gallery-2-108614'>\n\t\t\t\tPolo\n\t\t\t\t<\/figcaption><\/figure><figure class='gallery-item'>\n\t\t\t<div class='gallery-icon landscape'>\n\t\t\t\t<a href='https:\/\/autolivraria.com.br\/bc\/wp-content\/uploads\/2019\/11\/VW-Polo-Comfortline-02-1.jpg'><img decoding=\"async\" width=\"340\" height=\"227\" data-src=\"https:\/\/autolivraria.com.br\/bc\/wp-content\/uploads\/2019\/11\/VW-Polo-Comfortline-02-1-340x227.jpg\" class=\"attachment-medium size-medium lazyload\" alt=\"\" src=\"data:image\/svg+xml;base64,PHN2ZyB3aWR0aD0iMSIgaGVpZ2h0PSIxIiB4bWxucz0iaHR0cDovL3d3dy53My5vcmcvMjAwMC9zdmciPjwvc3ZnPg==\" style=\"--smush-placeholder-width: 340px; --smush-placeholder-aspect-ratio: 340\/227;\" \/><\/a>\n\t\t\t<\/div><\/figure>\n\t\t<\/div>\n\n<p style=\"text-align: center;\"><em>O HB20 tem formas mais ousadas, que causam controv\u00e9rsia na nova gera\u00e7\u00e3o; sem empolgar, o desenho simples do Polo tende a agradar por mais tempo<\/em><\/p>\n<p>&nbsp;<\/p>\n<p>Se o Hyundai est\u00e1 na vers\u00e3o de topo, por que n\u00e3o o Volkswagen? A resposta \u00e9 pre\u00e7o: com o HB20 oferecido a R$ 78 mil, o Polo Comfortline com opcionais por R$ 76,1 mil \u00e9 o que fica mais pr\u00f3ximo. O Highline, apesar de partir de R$ 77 mil, passa de R$ 84 mil com op\u00e7\u00f5es. Al\u00e9m disso, o Polo de topo j\u00e1 participou do comparativo de dois anos atr\u00e1s e preferimos uma vers\u00e3o in\u00e9dita.<\/p>\n<p>&nbsp;<\/p>\n<div class='code-block code-block-7' style='margin: 28px auto; text-align: center; display: block; clear: both;'>\n<br>\n<div align=\"center\">\n<a target=\"_blank\" href=\"https:\/\/bestcars.com.br\/bc\/\">\n<img decoding=\"async\" data-src=\"https:\/\/bestcars.com.br\/bc\/wp-content\/uploads\/2021\/07\/Auto-Livraria-450x300-quadros.jpg\" alt=\"Auto Livraria\" src=\"data:image\/svg+xml;base64,PHN2ZyB3aWR0aD0iMSIgaGVpZ2h0PSIxIiB4bWxucz0iaHR0cDovL3d3dy53My5vcmcvMjAwMC9zdmciPjwvc3ZnPg==\" class=\"lazyload\"><\/a>\n<\/div>\n<br><\/div>\n\n<p>&nbsp;<\/p>\n<p><strong>Estilo<\/strong><br \/>\nAs filosofias de desenho s\u00e3o bem diferentes. O Polo segue a escola alem\u00e3 de formas simples, que n\u00e3o empolgam, mas tendem a agradar por longos anos. Alguns lamentam a semelhan\u00e7a de linhas com o Gol, sobretudo na traseira. O HB20 sempre foi mais ousado, diferente do rebanho nas ruas, mas muitos acham que a marca errou a m\u00e3o na nova gera\u00e7\u00e3o \u2014 embora agrada mais ao vivo que em fotos.<\/p>\n<p><strong>Acabamento e conveni\u00eancia<\/strong><br \/>\nOs interiores usam pl\u00e1sticos r\u00edgidos com formas, tons e texturas mais elaborados e agrad\u00e1veis no Hyundai. Sua vers\u00e3o de topo foge \u00e0 mesmice ao adotar um tom marrom escuro em todo o acabamento e no revestimento sint\u00e9tico dos bancos \u2014 que o Volkswagen pode ter em preto, mas o testado veio com um tecido de aspecto regular.<\/p>\n<p>&nbsp;<\/p>\n<div id='gallery-3' class='gallery galleryid-108397 gallery-columns-2 gallery-size-medium'><figure class='gallery-item'>\n\t\t\t<div class='gallery-icon landscape'>\n\t\t\t\t<a href='https:\/\/autolivraria.com.br\/bc\/wp-content\/uploads\/2019\/11\/Hyundai-HB20-Diamond-Plus-interior.jpg'><img decoding=\"async\" width=\"340\" height=\"227\" data-src=\"https:\/\/autolivraria.com.br\/bc\/wp-content\/uploads\/2019\/11\/Hyundai-HB20-Diamond-Plus-interior-340x227.jpg\" class=\"attachment-medium size-medium lazyload\" alt=\"\" aria-describedby=\"gallery-3-108617\" src=\"data:image\/svg+xml;base64,PHN2ZyB3aWR0aD0iMSIgaGVpZ2h0PSIxIiB4bWxucz0iaHR0cDovL3d3dy53My5vcmcvMjAwMC9zdmciPjwvc3ZnPg==\" style=\"--smush-placeholder-width: 340px; --smush-placeholder-aspect-ratio: 340\/227;\" \/><\/a>\n\t\t\t<\/div>\n\t\t\t\t<figcaption class='wp-caption-text gallery-caption' id='gallery-3-108617'>\n\t\t\t\tHB20\n\t\t\t\t<\/figcaption><\/figure><figure class='gallery-item'>\n\t\t\t<div class='gallery-icon landscape'>\n\t\t\t\t<a href='https:\/\/autolivraria.com.br\/bc\/wp-content\/uploads\/2019\/11\/Hyundai-HB20-Diamond-Plus-instr.jpg'><img decoding=\"async\" width=\"340\" height=\"226\" data-src=\"https:\/\/autolivraria.com.br\/bc\/wp-content\/uploads\/2019\/11\/Hyundai-HB20-Diamond-Plus-instr-340x226.jpg\" class=\"attachment-medium size-medium lazyload\" alt=\"\" src=\"data:image\/svg+xml;base64,PHN2ZyB3aWR0aD0iMSIgaGVpZ2h0PSIxIiB4bWxucz0iaHR0cDovL3d3dy53My5vcmcvMjAwMC9zdmciPjwvc3ZnPg==\" style=\"--smush-placeholder-width: 340px; --smush-placeholder-aspect-ratio: 340\/226;\" \/><\/a>\n\t\t\t<\/div><\/figure><figure class='gallery-item'>\n\t\t\t<div class='gallery-icon landscape'>\n\t\t\t\t<a href='https:\/\/autolivraria.com.br\/bc\/wp-content\/uploads\/2019\/11\/VW-Polo-Comfortline-interior.jpg'><img decoding=\"async\" width=\"340\" height=\"227\" data-src=\"https:\/\/autolivraria.com.br\/bc\/wp-content\/uploads\/2019\/11\/VW-Polo-Comfortline-interior-340x227.jpg\" class=\"attachment-medium size-medium lazyload\" alt=\"\" src=\"data:image\/svg+xml;base64,PHN2ZyB3aWR0aD0iMSIgaGVpZ2h0PSIxIiB4bWxucz0iaHR0cDovL3d3dy53My5vcmcvMjAwMC9zdmciPjwvc3ZnPg==\" style=\"--smush-placeholder-width: 340px; --smush-placeholder-aspect-ratio: 340\/227;\" \/><\/a>\n\t\t\t<\/div><\/figure><figure class='gallery-item'>\n\t\t\t<div class='gallery-icon landscape'>\n\t\t\t\t<a href='https:\/\/autolivraria.com.br\/bc\/wp-content\/uploads\/2019\/11\/VW-Polo-Comfortline-instr.jpg'><img decoding=\"async\" width=\"340\" height=\"226\" data-src=\"https:\/\/autolivraria.com.br\/bc\/wp-content\/uploads\/2019\/11\/VW-Polo-Comfortline-instr-340x226.jpg\" class=\"attachment-medium size-medium lazyload\" alt=\"\" src=\"data:image\/svg+xml;base64,PHN2ZyB3aWR0aD0iMSIgaGVpZ2h0PSIxIiB4bWxucz0iaHR0cDovL3d3dy53My5vcmcvMjAwMC9zdmciPjwvc3ZnPg==\" style=\"--smush-placeholder-width: 340px; --smush-placeholder-aspect-ratio: 340\/226;\" \/><\/a>\n\t\t\t<\/div><\/figure>\n\t\t<\/div>\n\n<p style=\"text-align: center;\"><em>Formas e cores deixam o acabamento do Hyundai mais agrad\u00e1vel; seus instrumentos digitais s\u00e3o f\u00e1ceis de ler, mas o Volkswagen tem mais medi\u00e7\u00f5es no computador<\/em><\/p>\n<p>&nbsp;<\/p>\n<p>Ambos trazem as conveni\u00eancias mais desejadas, como apoio de bra\u00e7o central dianteiro, alerta espec\u00edfico de qual porta est\u00e1 mal fechada, c\u00e2mera traseira de manobras, chave presencial para acesso e partida, <a href=\"https:\/\/autolivraria.com.br\/bc\/glossario-c\/#cont\" target=\"_blank\" rel=\"noopener noreferrer\">controlador de velocidade<\/a>, far\u00f3is autom\u00e1ticos, luz de cortesia tamb\u00e9m para o banco traseiro (duas de leitura no caso do Polo), <a href=\"https:\/\/autolivraria.com.br\/bc\/informe-se\/noticias\/como-funcionam-os-monitores-de-pressao-dos-pneus\/\" target=\"_blank\" rel=\"noopener noreferrer\">monitor indireto de press\u00e3o dos pneus<\/a>, para-s\u00f3is com espelhos iluminados, sensores de estacionamento traseiros e volante de couro com comandos de \u00e1udio e telefone.<\/p>\n<p>&nbsp;<\/p>\n<blockquote><p>Vantagens do HB20 s\u00e3o alertas para dist\u00e2ncia ao ve\u00edculo adiante com frenagem aut\u00f4noma e para sa\u00edda da faixa, mas o Polo vence em itens de conveni\u00eancia<\/p><\/blockquote>\n<p>&nbsp;<\/p>\n<p>As centrais de \u00e1udio t\u00eam <a href=\"https:\/\/autolivraria.com.br\/bc\/glossario-e\/#espe\" target=\"_blank\" rel=\"noopener noreferrer\">integra\u00e7\u00e3o a celular<\/a> por Android Auto e Apple Car Play e boas telas de 8 pol no HB20 e 6,5 pol no Polo. Vantagens do Hyundai s\u00e3o alertas para dist\u00e2ncia ao ve\u00edculo adiante (com frenagem aut\u00f4noma) e para sa\u00edda da faixa da via (sem intervir na dire\u00e7\u00e3o), controle el\u00e9trico de vidros com <a href=\"https:\/\/autolivraria.com.br\/bc\/glossario-u\/#umto\" target=\"_blank\" rel=\"noopener noreferrer\">fun\u00e7\u00e3o um-toque<\/a> tamb\u00e9m nos traseiros e comando a dist\u00e2ncia para abrir e fechar, duas tomadas USB na frente (uma de alta corrente), <a href=\"https:\/\/autolivraria.com.br\/bc\/glossario-l\/#limi\" target=\"_blank\" rel=\"noopener noreferrer\">limitador de velocidade<\/a> e rebatimento el\u00e9trico dos retrovisores.<\/p>\n<p>O Volkswagen tem a seu favor ar-condicionado autom\u00e1tico (que o rival perdeu) com difusor para o banco traseiro, bocal do tanque destravado junto das portas (dispensa acionar alavanca no assoalho), limpador de para-brisa autom\u00e1tico, mostrador de temperatura externa (falta inaceit\u00e1vel no HB20), porta-\u00f3culos no teto, porta-luvas refrigerado, sensores de estacionamento tamb\u00e9m na frente, suporte de celular no painel e tomada USB para o banco de tr\u00e1s, al\u00e9m de mais espa\u00e7o para objetos. Nos dois falta a faixa degrad\u00ea no para-brisa.<\/p>\n<p>&nbsp;<\/p>\n<div id='gallery-4' class='gallery galleryid-108397 gallery-columns-3 gallery-size-thumbnail'><figure class='gallery-item'>\n\t\t\t<div class='gallery-icon landscape'>\n\t\t\t\t<a href='https:\/\/autolivraria.com.br\/bc\/wp-content\/uploads\/2019\/11\/Hyundai-HB20-Diamond-Plus-det05.jpg'><img decoding=\"async\" width=\"222\" height=\"222\" data-src=\"https:\/\/autolivraria.com.br\/bc\/wp-content\/uploads\/2019\/11\/Hyundai-HB20-Diamond-Plus-det05-222x222.jpg\" class=\"attachment-thumbnail size-thumbnail lazyload\" alt=\"\" src=\"data:image\/svg+xml;base64,PHN2ZyB3aWR0aD0iMSIgaGVpZ2h0PSIxIiB4bWxucz0iaHR0cDovL3d3dy53My5vcmcvMjAwMC9zdmciPjwvc3ZnPg==\" style=\"--smush-placeholder-width: 222px; --smush-placeholder-aspect-ratio: 222\/222;\" \/><\/a>\n\t\t\t<\/div><\/figure><figure class='gallery-item'>\n\t\t\t<div class='gallery-icon landscape'>\n\t\t\t\t<a href='https:\/\/autolivraria.com.br\/bc\/wp-content\/uploads\/2019\/11\/Hyundai-HB20-Diamond-Plus-det10.jpg'><img decoding=\"async\" width=\"222\" height=\"222\" data-src=\"https:\/\/autolivraria.com.br\/bc\/wp-content\/uploads\/2019\/11\/Hyundai-HB20-Diamond-Plus-det10-222x222.jpg\" class=\"attachment-thumbnail size-thumbnail lazyload\" alt=\"\" src=\"data:image\/svg+xml;base64,PHN2ZyB3aWR0aD0iMSIgaGVpZ2h0PSIxIiB4bWxucz0iaHR0cDovL3d3dy53My5vcmcvMjAwMC9zdmciPjwvc3ZnPg==\" style=\"--smush-placeholder-width: 222px; --smush-placeholder-aspect-ratio: 222\/222;\" \/><\/a>\n\t\t\t<\/div><\/figure><figure class='gallery-item'>\n\t\t\t<div class='gallery-icon landscape'>\n\t\t\t\t<a href='https:\/\/autolivraria.com.br\/bc\/wp-content\/uploads\/2019\/11\/Hyundai-HB20-Diamond-Plus-det08.jpg'><img decoding=\"async\" width=\"222\" height=\"222\" data-src=\"https:\/\/autolivraria.com.br\/bc\/wp-content\/uploads\/2019\/11\/Hyundai-HB20-Diamond-Plus-det08-222x222.jpg\" class=\"attachment-thumbnail size-thumbnail lazyload\" alt=\"\" src=\"data:image\/svg+xml;base64,PHN2ZyB3aWR0aD0iMSIgaGVpZ2h0PSIxIiB4bWxucz0iaHR0cDovL3d3dy53My5vcmcvMjAwMC9zdmciPjwvc3ZnPg==\" style=\"--smush-placeholder-width: 222px; --smush-placeholder-aspect-ratio: 222\/222;\" \/><\/a>\n\t\t\t<\/div><\/figure><figure class='gallery-item'>\n\t\t\t<div class='gallery-icon landscape'>\n\t\t\t\t<a href='https:\/\/autolivraria.com.br\/bc\/wp-content\/uploads\/2019\/11\/Hyundai-HB20-Diamond-Plus-det02.jpg'><img decoding=\"async\" width=\"222\" height=\"222\" data-src=\"https:\/\/autolivraria.com.br\/bc\/wp-content\/uploads\/2019\/11\/Hyundai-HB20-Diamond-Plus-det02-222x222.jpg\" class=\"attachment-thumbnail size-thumbnail lazyload\" alt=\"\" src=\"data:image\/svg+xml;base64,PHN2ZyB3aWR0aD0iMSIgaGVpZ2h0PSIxIiB4bWxucz0iaHR0cDovL3d3dy53My5vcmcvMjAwMC9zdmciPjwvc3ZnPg==\" style=\"--smush-placeholder-width: 222px; --smush-placeholder-aspect-ratio: 222\/222;\" \/><\/a>\n\t\t\t<\/div><\/figure><figure class='gallery-item'>\n\t\t\t<div class='gallery-icon landscape'>\n\t\t\t\t<a href='https:\/\/autolivraria.com.br\/bc\/wp-content\/uploads\/2019\/11\/Hyundai-HB20-Diamond-Plus-det07.jpg'><img decoding=\"async\" width=\"222\" height=\"222\" data-src=\"https:\/\/autolivraria.com.br\/bc\/wp-content\/uploads\/2019\/11\/Hyundai-HB20-Diamond-Plus-det07-222x222.jpg\" class=\"attachment-thumbnail size-thumbnail lazyload\" alt=\"\" src=\"data:image\/svg+xml;base64,PHN2ZyB3aWR0aD0iMSIgaGVpZ2h0PSIxIiB4bWxucz0iaHR0cDovL3d3dy53My5vcmcvMjAwMC9zdmciPjwvc3ZnPg==\" style=\"--smush-placeholder-width: 222px; --smush-placeholder-aspect-ratio: 222\/222;\" \/><\/a>\n\t\t\t<\/div><\/figure><figure class='gallery-item'>\n\t\t\t<div class='gallery-icon landscape'>\n\t\t\t\t<a href='https:\/\/autolivraria.com.br\/bc\/wp-content\/uploads\/2019\/11\/Hyundai-HB20-Diamond-Plus-det04.jpg'><img decoding=\"async\" width=\"222\" height=\"222\" data-src=\"https:\/\/autolivraria.com.br\/bc\/wp-content\/uploads\/2019\/11\/Hyundai-HB20-Diamond-Plus-det04-222x222.jpg\" class=\"attachment-thumbnail size-thumbnail lazyload\" alt=\"\" src=\"data:image\/svg+xml;base64,PHN2ZyB3aWR0aD0iMSIgaGVpZ2h0PSIxIiB4bWxucz0iaHR0cDovL3d3dy53My5vcmcvMjAwMC9zdmciPjwvc3ZnPg==\" style=\"--smush-placeholder-width: 222px; --smush-placeholder-aspect-ratio: 222\/222;\" \/><\/a>\n\t\t\t<\/div><\/figure>\n\t\t<\/div>\n\n<p style=\"text-align: center;\"><em>HB20 tem tela de 8 pol, alertas de dist\u00e2ncia frontal e de sa\u00edda de faixa e rebatimento de espelhos; chave presencial e controlador de velocidade s\u00e3o novos no modelo<\/em><\/p>\n<p>&nbsp;<\/p>\n<div id='gallery-5' class='gallery galleryid-108397 gallery-columns-3 gallery-size-thumbnail'><figure class='gallery-item'>\n\t\t\t<div class='gallery-icon landscape'>\n\t\t\t\t<a href='https:\/\/autolivraria.com.br\/bc\/wp-content\/uploads\/2019\/11\/VW-Polo-Comfortline-det02.jpg'><img decoding=\"async\" width=\"222\" height=\"222\" data-src=\"https:\/\/autolivraria.com.br\/bc\/wp-content\/uploads\/2019\/11\/VW-Polo-Comfortline-det02-222x222.jpg\" class=\"attachment-thumbnail size-thumbnail lazyload\" alt=\"\" src=\"data:image\/svg+xml;base64,PHN2ZyB3aWR0aD0iMSIgaGVpZ2h0PSIxIiB4bWxucz0iaHR0cDovL3d3dy53My5vcmcvMjAwMC9zdmciPjwvc3ZnPg==\" style=\"--smush-placeholder-width: 222px; --smush-placeholder-aspect-ratio: 222\/222;\" \/><\/a>\n\t\t\t<\/div><\/figure><figure class='gallery-item'>\n\t\t\t<div class='gallery-icon landscape'>\n\t\t\t\t<a href='https:\/\/autolivraria.com.br\/bc\/wp-content\/uploads\/2019\/11\/VW-Polo-Comfortline-det03.jpg'><img decoding=\"async\" width=\"222\" height=\"222\" data-src=\"https:\/\/autolivraria.com.br\/bc\/wp-content\/uploads\/2019\/11\/VW-Polo-Comfortline-det03-222x222.jpg\" class=\"attachment-thumbnail size-thumbnail lazyload\" alt=\"\" src=\"data:image\/svg+xml;base64,PHN2ZyB3aWR0aD0iMSIgaGVpZ2h0PSIxIiB4bWxucz0iaHR0cDovL3d3dy53My5vcmcvMjAwMC9zdmciPjwvc3ZnPg==\" style=\"--smush-placeholder-width: 222px; --smush-placeholder-aspect-ratio: 222\/222;\" \/><\/a>\n\t\t\t<\/div><\/figure><figure class='gallery-item'>\n\t\t\t<div class='gallery-icon landscape'>\n\t\t\t\t<a href='https:\/\/autolivraria.com.br\/bc\/wp-content\/uploads\/2019\/11\/VW-Polo-Comfortline-det05.jpg'><img decoding=\"async\" width=\"222\" height=\"222\" data-src=\"https:\/\/autolivraria.com.br\/bc\/wp-content\/uploads\/2019\/11\/VW-Polo-Comfortline-det05-222x222.jpg\" class=\"attachment-thumbnail size-thumbnail lazyload\" alt=\"\" src=\"data:image\/svg+xml;base64,PHN2ZyB3aWR0aD0iMSIgaGVpZ2h0PSIxIiB4bWxucz0iaHR0cDovL3d3dy53My5vcmcvMjAwMC9zdmciPjwvc3ZnPg==\" style=\"--smush-placeholder-width: 222px; --smush-placeholder-aspect-ratio: 222\/222;\" \/><\/a>\n\t\t\t<\/div><\/figure><figure class='gallery-item'>\n\t\t\t<div class='gallery-icon landscape'>\n\t\t\t\t<a href='https:\/\/autolivraria.com.br\/bc\/wp-content\/uploads\/2019\/11\/VW-Polo-Comfortline-det07.jpg'><img decoding=\"async\" width=\"222\" height=\"222\" data-src=\"https:\/\/autolivraria.com.br\/bc\/wp-content\/uploads\/2019\/11\/VW-Polo-Comfortline-det07-222x222.jpg\" class=\"attachment-thumbnail size-thumbnail lazyload\" alt=\"\" src=\"data:image\/svg+xml;base64,PHN2ZyB3aWR0aD0iMSIgaGVpZ2h0PSIxIiB4bWxucz0iaHR0cDovL3d3dy53My5vcmcvMjAwMC9zdmciPjwvc3ZnPg==\" style=\"--smush-placeholder-width: 222px; --smush-placeholder-aspect-ratio: 222\/222;\" \/><\/a>\n\t\t\t<\/div><\/figure><figure class='gallery-item'>\n\t\t\t<div class='gallery-icon landscape'>\n\t\t\t\t<a href='https:\/\/autolivraria.com.br\/bc\/wp-content\/uploads\/2019\/11\/VW-Polo-Comfortline-det10.jpg'><img decoding=\"async\" width=\"222\" height=\"222\" data-src=\"https:\/\/autolivraria.com.br\/bc\/wp-content\/uploads\/2019\/11\/VW-Polo-Comfortline-det10-222x222.jpg\" class=\"attachment-thumbnail size-thumbnail lazyload\" alt=\"\" src=\"data:image\/svg+xml;base64,PHN2ZyB3aWR0aD0iMSIgaGVpZ2h0PSIxIiB4bWxucz0iaHR0cDovL3d3dy53My5vcmcvMjAwMC9zdmciPjwvc3ZnPg==\" style=\"--smush-placeholder-width: 222px; --smush-placeholder-aspect-ratio: 222\/222;\" \/><\/a>\n\t\t\t<\/div><\/figure><figure class='gallery-item'>\n\t\t\t<div class='gallery-icon landscape'>\n\t\t\t\t<a href='https:\/\/autolivraria.com.br\/bc\/wp-content\/uploads\/2019\/11\/VW-Polo-Comfortline-det06.jpg'><img decoding=\"async\" width=\"222\" height=\"222\" data-src=\"https:\/\/autolivraria.com.br\/bc\/wp-content\/uploads\/2019\/11\/VW-Polo-Comfortline-det06-222x222.jpg\" class=\"attachment-thumbnail size-thumbnail lazyload\" alt=\"\" src=\"data:image\/svg+xml;base64,PHN2ZyB3aWR0aD0iMSIgaGVpZ2h0PSIxIiB4bWxucz0iaHR0cDovL3d3dy53My5vcmcvMjAwMC9zdmciPjwvc3ZnPg==\" style=\"--smush-placeholder-width: 222px; --smush-placeholder-aspect-ratio: 222\/222;\" \/><\/a>\n\t\t\t<\/div><\/figure>\n\t\t<\/div>\n\n<p style=\"text-align: center;\"><em>Polo usa tela de 6,5 pol; s\u00f3 ele traz ar-condicionado autom\u00e1tico, sa\u00eddas para o banco traseiro, retrovisor fotocr\u00f4mico, sensores tamb\u00e9m na frente e porta-\u00f3culos<\/em><\/p>\n<p>&nbsp;<\/p>\n<p><strong>Posto do motorista<\/strong><br \/>\nAmbos disp\u00f5em de banco bem dimensionado \u2014 o que \u00e9 raro na classe \u2014, mas o encosto do HB20 com pouco apoio lombar pode cansar em viagens. Seu ajuste de altura agora \u00e9 por alavanca, mais pr\u00e1tico que o antigo bot\u00e3o girat\u00f3rio. Eles t\u00eam bons volantes com ajuste em altura e dist\u00e2ncia e pedais em posi\u00e7\u00e3o correta.<\/p>\n<p>&nbsp;<\/p>\n<div class='code-block code-block-6' style='margin: 28px auto; text-align: center; display: block; clear: both;'>\n<script async src=\"https:\/\/pagead2.googlesyndication.com\/pagead\/js\/adsbygoogle.js\"><\/script>\n<!-- AL-quadrado -->\n<ins class=\"adsbygoogle\"\n     style=\"display:block\"\n     data-ad-client=\"ca-pub-1914799802606213\"\n     data-ad-slot=\"5683066082\"\n     data-ad-format=\"auto\"\n     data-full-width-responsive=\"true\"><\/ins>\n<script>\n     (adsbygoogle = window.adsbygoogle || []).push({});\n<\/script><\/div>\n\n<p>&nbsp;<\/p>\n<p>Nada h\u00e1 de errado no novo quadro de instrumentos digital do HB20, em que apenas o conta-giros \u00e9 anal\u00f3gico: tem f\u00e1cil leitura e disposi\u00e7\u00e3o clara. Mas seu computador de bordo oferece um s\u00f3 trajeto de medi\u00e7\u00e3o (tr\u00eas no Polo) e depende do bot\u00e3o do hod\u00f4metro para sele\u00e7\u00e3o de fun\u00e7\u00f5es (no VW h\u00e1 bot\u00f5es no volante). O Polo ainda informa temperatura do \u00f3leo do motor.<\/p>\n<p>Os far\u00f3is se equivalem, com dois fachos em simult\u00e2neo no alto, embora s\u00f3 o HB20 tenha refletor <a href=\"https:\/\/autolivraria.com.br\/bc\/glossario-e\/#elip\" target=\"_blank\" rel=\"noopener noreferrer\">elipsoidal<\/a>, e unidades de neblina (sem a luz traseira). Nenhum traz luzes diurnas por leds. Ambos t\u00eam boa visibilidade, com perda aceit\u00e1vel pelas colunas dianteiras, e repetidores laterais das luzes de dire\u00e7\u00e3o.<\/p>\n<p>&nbsp;<\/p>\n<div id='gallery-6' class='gallery galleryid-108397 gallery-columns-3 gallery-size-thumbnail'><figure class='gallery-item'>\n\t\t\t<div class='gallery-icon landscape'>\n\t\t\t\t<a href='https:\/\/autolivraria.com.br\/bc\/wp-content\/uploads\/2019\/11\/Hyundai-HB20-Diamond-Plus-banco1.jpg'><img decoding=\"async\" width=\"222\" height=\"222\" data-src=\"https:\/\/autolivraria.com.br\/bc\/wp-content\/uploads\/2019\/11\/Hyundai-HB20-Diamond-Plus-banco1-222x222.jpg\" class=\"attachment-thumbnail size-thumbnail lazyload\" alt=\"\" aria-describedby=\"gallery-6-108628\" src=\"data:image\/svg+xml;base64,PHN2ZyB3aWR0aD0iMSIgaGVpZ2h0PSIxIiB4bWxucz0iaHR0cDovL3d3dy53My5vcmcvMjAwMC9zdmciPjwvc3ZnPg==\" style=\"--smush-placeholder-width: 222px; --smush-placeholder-aspect-ratio: 222\/222;\" \/><\/a>\n\t\t\t<\/div>\n\t\t\t\t<figcaption class='wp-caption-text gallery-caption' id='gallery-6-108628'>\n\t\t\t\tHB20\n\t\t\t\t<\/figcaption><\/figure><figure class='gallery-item'>\n\t\t\t<div class='gallery-icon landscape'>\n\t\t\t\t<a href='https:\/\/autolivraria.com.br\/bc\/wp-content\/uploads\/2019\/11\/Hyundai-HB20-Diamond-Plus-banco2.jpg'><img decoding=\"async\" width=\"222\" height=\"222\" data-src=\"https:\/\/autolivraria.com.br\/bc\/wp-content\/uploads\/2019\/11\/Hyundai-HB20-Diamond-Plus-banco2-222x222.jpg\" class=\"attachment-thumbnail size-thumbnail lazyload\" alt=\"\" src=\"data:image\/svg+xml;base64,PHN2ZyB3aWR0aD0iMSIgaGVpZ2h0PSIxIiB4bWxucz0iaHR0cDovL3d3dy53My5vcmcvMjAwMC9zdmciPjwvc3ZnPg==\" style=\"--smush-placeholder-width: 222px; --smush-placeholder-aspect-ratio: 222\/222;\" \/><\/a>\n\t\t\t<\/div><\/figure><figure class='gallery-item'>\n\t\t\t<div class='gallery-icon landscape'>\n\t\t\t\t<a href='https:\/\/autolivraria.com.br\/bc\/wp-content\/uploads\/2019\/11\/Hyundai-HB20-Diamond-Plus-pm-3.jpg'><img decoding=\"async\" width=\"222\" height=\"222\" data-src=\"https:\/\/autolivraria.com.br\/bc\/wp-content\/uploads\/2019\/11\/Hyundai-HB20-Diamond-Plus-pm-3-222x222.jpg\" class=\"attachment-thumbnail size-thumbnail lazyload\" alt=\"\" src=\"data:image\/svg+xml;base64,PHN2ZyB3aWR0aD0iMSIgaGVpZ2h0PSIxIiB4bWxucz0iaHR0cDovL3d3dy53My5vcmcvMjAwMC9zdmciPjwvc3ZnPg==\" style=\"--smush-placeholder-width: 222px; --smush-placeholder-aspect-ratio: 222\/222;\" \/><\/a>\n\t\t\t<\/div><\/figure><figure class='gallery-item'>\n\t\t\t<div class='gallery-icon landscape'>\n\t\t\t\t<a href='https:\/\/autolivraria.com.br\/bc\/wp-content\/uploads\/2019\/11\/VW-Polo-Comfortline-banco1.jpg'><img decoding=\"async\" width=\"222\" height=\"222\" data-src=\"https:\/\/autolivraria.com.br\/bc\/wp-content\/uploads\/2019\/11\/VW-Polo-Comfortline-banco1-222x222.jpg\" class=\"attachment-thumbnail size-thumbnail lazyload\" alt=\"\" aria-describedby=\"gallery-6-108631\" src=\"data:image\/svg+xml;base64,PHN2ZyB3aWR0aD0iMSIgaGVpZ2h0PSIxIiB4bWxucz0iaHR0cDovL3d3dy53My5vcmcvMjAwMC9zdmciPjwvc3ZnPg==\" style=\"--smush-placeholder-width: 222px; --smush-placeholder-aspect-ratio: 222\/222;\" \/><\/a>\n\t\t\t<\/div>\n\t\t\t\t<figcaption class='wp-caption-text gallery-caption' id='gallery-6-108631'>\n\t\t\t\tPolo\n\t\t\t\t<\/figcaption><\/figure><figure class='gallery-item'>\n\t\t\t<div class='gallery-icon landscape'>\n\t\t\t\t<a href='https:\/\/autolivraria.com.br\/bc\/wp-content\/uploads\/2019\/11\/VW-Polo-Comfortline-banco2.jpg'><img decoding=\"async\" width=\"222\" height=\"222\" data-src=\"https:\/\/autolivraria.com.br\/bc\/wp-content\/uploads\/2019\/11\/VW-Polo-Comfortline-banco2-222x222.jpg\" class=\"attachment-thumbnail size-thumbnail lazyload\" alt=\"\" src=\"data:image\/svg+xml;base64,PHN2ZyB3aWR0aD0iMSIgaGVpZ2h0PSIxIiB4bWxucz0iaHR0cDovL3d3dy53My5vcmcvMjAwMC9zdmciPjwvc3ZnPg==\" style=\"--smush-placeholder-width: 222px; --smush-placeholder-aspect-ratio: 222\/222;\" \/><\/a>\n\t\t\t<\/div><\/figure><figure class='gallery-item'>\n\t\t\t<div class='gallery-icon landscape'>\n\t\t\t\t<a href='https:\/\/autolivraria.com.br\/bc\/wp-content\/uploads\/2019\/11\/VW-Polo-Comfortline-pm.jpg'><img decoding=\"async\" width=\"222\" height=\"222\" data-src=\"https:\/\/autolivraria.com.br\/bc\/wp-content\/uploads\/2019\/11\/VW-Polo-Comfortline-pm-222x222.jpg\" class=\"attachment-thumbnail size-thumbnail lazyload\" alt=\"\" src=\"data:image\/svg+xml;base64,PHN2ZyB3aWR0aD0iMSIgaGVpZ2h0PSIxIiB4bWxucz0iaHR0cDovL3d3dy53My5vcmcvMjAwMC9zdmciPjwvc3ZnPg==\" style=\"--smush-placeholder-width: 222px; --smush-placeholder-aspect-ratio: 222\/222;\" \/><\/a>\n\t\t\t<\/div><\/figure>\n\t\t<\/div>\n\n<p style=\"text-align: center;\"><em>Boa acomoda\u00e7\u00e3o para o motorista nos dois; o HB20 ganhou espa\u00e7o interno, mas o Polo ainda oferece mais; j\u00e1 os porta-malas t\u00eam a mesma capacidade<\/em><\/p>\n<p>&nbsp;<\/p>\n<p><strong>Espa\u00e7o interno<\/strong><br \/>\nCom maior dist\u00e2ncia entre eixos na nova gera\u00e7\u00e3o, o Hyundai ganhou espa\u00e7o para pernas de quem viaja atr\u00e1s, agora pr\u00f3ximo ao do Volkswagen. Este vence em altura \u00fatil naquele banco e seu recorte superior da porta favorece o acesso, mas o encosto forma um \u00e2ngulo menos confort\u00e1vel com o assento e o console obstrui o v\u00e3o central. Ambos s\u00e3o bem limitados para tr\u00eas adultos e n\u00e3o acomodam bem o passageiro central.<\/p>\n<p><strong>Porta-malas<\/strong><br \/>\nOs dois carros transportam o mesmo volume de bagagem (300 litros), t\u00eam banco traseiro com encosto bipartido e estepe em medida diferente dos demais pneus, n\u00e3o a melhor solu\u00e7\u00e3o. Faz falta no Polo um bot\u00e3o ou ma\u00e7aneta para a tampa, que requer uso do controle remoto ou do bot\u00e3o no painel.<\/p>\n<a href='https:\/\/autolivraria.com.br\/bc\/informe-se\/avaliacao\/teste-comparativo-hyundai-hb20-diamond-plus-tgdi-vw-polo-comfortline-200-tsi-turbo-2020\/2\/' class='small-button smallsilver'>Pr\u00f3xima parte<\/a>\n<p>&nbsp;<\/p>\n<div class='et-box et-shadow'>\n\t\t\t\t\t<div class='et-box-content'><h2>Pre\u00e7os<\/h2>\n<table id=\"table5989\" style=\"width: 100%;\" border=\"0\" cellspacing=\"0\" cellpadding=\"3\">\n<tbody>\n<tr>\n<td style=\"width: 40%;\"><\/td>\n<td style=\"width: 30%;\"><strong>HB20<\/strong><\/td>\n<td style=\"width: 30%;\"><strong>Polo<\/strong><\/td>\n<\/tr>\n<tr>\n<td style=\"width: 40%;\">Sem opcionais<\/td>\n<td style=\"width: 30%;\">R$ 77.990<\/td>\n<td style=\"width: 30%;\"><strong>R$ 71.560<\/strong><\/td>\n<\/tr>\n<tr>\n<td style=\"width: 40%;\">Como avaliado<\/td>\n<td style=\"width: 30%;\">R$ 77.990<\/td>\n<td style=\"width: 30%;\"><strong>R$ 76.085<\/strong><\/td>\n<\/tr>\n<tr>\n<td style=\"width: 40%;\">Completo<\/td>\n<td style=\"width: 30%;\"><strong>R$ 78.940<\/strong><\/td>\n<td style=\"width: 30%;\">R$ 79.390<\/td>\n<\/tr>\n<tr>\n<td colspan=\"3\" width=\"100%\">Pre\u00e7os sugeridos em 21\/11\/19 para S\u00e3o Paulo, SP; apenas o pre\u00e7o completo inclui pinturas especiais; menores pre\u00e7os em destaque<\/td>\n<\/tr>\n<\/tbody>\n<\/table><\/div><\/div>\n<p>&nbsp;<\/p>\n<div class='et-box et-shadow'>\n\t\t\t\t\t<div class='et-box-content'><h2>Equipamentos de s\u00e9rie e opcionais<\/h2>\n<p>\u2022 <strong>HB20 Diamond Plus &#8211; <\/strong>Alarme volum\u00e9trico, alerta de sa\u00edda da faixa da via, ar-condicionado, <a href=\"https:\/\/autolivraria.com.br\/bc\/glossario-a\/#ramp\">assistente de sa\u00edda em rampa<\/a>, banco do motorista com ajuste de altura, banco traseiro bipartido 60:40, bancos com revestimento sint\u00e9tico marrom, bolsas infl\u00e1veis laterais dianteiras, c\u00e2mera traseira de manobras, central de \u00e1udio Blue Media com tela de 8 pol e <a href=\"https:\/\/autolivraria.com.br\/bc\/glossario-e\/#espe\">integra\u00e7\u00e3o a celular<\/a> por Android Auto e Apple Car Play, chave presencial para acesso e partida, cintos de tr\u00eas pontos para cinco ocupantes, computador de bordo, controlador e <a href=\"https:\/\/autolivraria.com.br\/bc\/glossario-l\/#limi\">limitador<\/a> de velocidade, <a href=\"https:\/\/autolivraria.com.br\/bc\/glossario-c\/#esp\">controle eletr\u00f4nico de estabilidade e tra\u00e7\u00e3o<\/a>, espelhos com ilumina\u00e7\u00e3o nos para-s\u00f3is, far\u00f3is autom\u00e1ticos, far\u00f3is de neblina, fixa\u00e7\u00e3o Isofix para cadeira infantil, monitor de press\u00e3o dos pneus, monitor frontal com frenagem aut\u00f4noma, retrovisores com rebatimento el\u00e9trico, rodas de alum\u00ednio de 15 pol, sensores de estacionamento na traseira, volante com ajuste em altura e dist\u00e2ncia.<\/p>\n<p>\u2022 <strong>Opcionais &#8211; <\/strong>N\u00e3o tem.<\/p>\n<p>\u2022 <strong>Polo Comfortline &#8211;\u00a0<\/strong>Alarme volum\u00e9trico, ar-condicionado, <a href=\"https:\/\/autolivraria.com.br\/bc\/glossario-a\/#ramp\">assistente de sa\u00edda em rampa<\/a>, banco do motorista com ajuste de altura, banco traseiro bipartido 60:40, bolsas infl\u00e1veis laterais dianteiras, central de \u00e1udio Composition Touch com tela de 6,5 pol e <a href=\"https:\/\/autolivraria.com.br\/bc\/glossario-e\/#espe\">integra\u00e7\u00e3o a celular<\/a> por Android Auto e Apple Car Play, cintos de tr\u00eas pontos para cinco ocupantes, computador de bordo, <a href=\"https:\/\/autolivraria.com.br\/bc\/glossario-c\/#esp\">controle eletr\u00f4nico de estabilidade e tra\u00e7\u00e3o<\/a>, espelhos com ilumina\u00e7\u00e3o nos para-s\u00f3is, far\u00f3is de neblina, fixa\u00e7\u00e3o Isofix para cadeira infantil, rodas de alum\u00ednio de 15 pol, sensores de estacionamento na traseira, volante com ajuste em altura e dist\u00e2ncia.<\/p>\n<p>\u2022 <strong>Opcionais &#8211; <\/strong>Pacote Beats Sound (rodas de alum\u00ednio de 16 pol, sistema de \u00e1udio Beats, tapetes), pacote Tech I (chave presencial para acesso e partida, controlador de velocidade, far\u00f3is e limpador de para-brisa autom\u00e1ticos, retrovisor interno fotocr\u00f4mico, sensores de estacionamento dianteiros, volante com comandos de marchas), pacote Tech II (como o Tech I mais ar-condicionado autom\u00e1tico, c\u00e2mera traseira de manobras, detector de fadiga, monitor de press\u00e3o dos pneus, sistema de frenagem autom\u00e1tica p\u00f3s-colis\u00e3o, porta-luvas refrigerado), bancos com revestimento sint\u00e9tico, rodas de alum\u00ednio de 16 pol.<\/p>\n<p>\u2022 <strong>Garantia &#8211; <\/strong>Cinco anos (HB20) ou tr\u00eas anos (Polo) sem limite de quilometragem.<\/p><\/div><\/div>\n<a href='https:\/\/autolivraria.com.br\/bc\/informe-se\/avaliacao\/teste-comparativo-hyundai-hb20-diamond-plus-tgdi-vw-polo-comfortline-200-tsi-turbo-2020\/2\/' class='small-button smallsilver'>Pr\u00f3xima parte<\/a>\n<p>&nbsp;<\/p>\n<p><!--nextpage--><\/p>\n<div id='gallery-7' class='gallery galleryid-108397 gallery-columns-2 gallery-size-medium'><figure class='gallery-item'>\n\t\t\t<div class='gallery-icon landscape'>\n\t\t\t\t<a href='https:\/\/autolivraria.com.br\/bc\/wp-content\/uploads\/2019\/11\/Hyundai-HB20-Diamond-Plus-01.jpg'><img decoding=\"async\" width=\"340\" height=\"227\" data-src=\"https:\/\/autolivraria.com.br\/bc\/wp-content\/uploads\/2019\/11\/Hyundai-HB20-Diamond-Plus-01-340x227.jpg\" class=\"attachment-medium size-medium lazyload\" alt=\"\" aria-describedby=\"gallery-7-108649\" src=\"data:image\/svg+xml;base64,PHN2ZyB3aWR0aD0iMSIgaGVpZ2h0PSIxIiB4bWxucz0iaHR0cDovL3d3dy53My5vcmcvMjAwMC9zdmciPjwvc3ZnPg==\" style=\"--smush-placeholder-width: 340px; --smush-placeholder-aspect-ratio: 340\/227;\" \/><\/a>\n\t\t\t<\/div>\n\t\t\t\t<figcaption class='wp-caption-text gallery-caption' id='gallery-7-108649'>\n\t\t\t\tHB20\n\t\t\t\t<\/figcaption><\/figure><figure class='gallery-item'>\n\t\t\t<div class='gallery-icon landscape'>\n\t\t\t\t<a href='https:\/\/autolivraria.com.br\/bc\/wp-content\/uploads\/2019\/11\/Hyundai-HB20-Diamond-Plus-motor.jpg'><img decoding=\"async\" width=\"340\" height=\"226\" data-src=\"https:\/\/autolivraria.com.br\/bc\/wp-content\/uploads\/2019\/11\/Hyundai-HB20-Diamond-Plus-motor-340x226.jpg\" class=\"attachment-medium size-medium lazyload\" alt=\"\" src=\"data:image\/svg+xml;base64,PHN2ZyB3aWR0aD0iMSIgaGVpZ2h0PSIxIiB4bWxucz0iaHR0cDovL3d3dy53My5vcmcvMjAwMC9zdmciPjwvc3ZnPg==\" style=\"--smush-placeholder-width: 340px; --smush-placeholder-aspect-ratio: 340\/226;\" \/><\/a>\n\t\t\t<\/div><\/figure><figure class='gallery-item'>\n\t\t\t<div class='gallery-icon landscape'>\n\t\t\t\t<a href='https:\/\/autolivraria.com.br\/bc\/wp-content\/uploads\/2019\/11\/VW-Polo-Comfortline-01.jpg'><img decoding=\"async\" width=\"340\" height=\"227\" data-src=\"https:\/\/autolivraria.com.br\/bc\/wp-content\/uploads\/2019\/11\/VW-Polo-Comfortline-01-340x227.jpg\" class=\"attachment-medium size-medium lazyload\" alt=\"\" aria-describedby=\"gallery-7-108651\" src=\"data:image\/svg+xml;base64,PHN2ZyB3aWR0aD0iMSIgaGVpZ2h0PSIxIiB4bWxucz0iaHR0cDovL3d3dy53My5vcmcvMjAwMC9zdmciPjwvc3ZnPg==\" style=\"--smush-placeholder-width: 340px; --smush-placeholder-aspect-ratio: 340\/227;\" \/><\/a>\n\t\t\t<\/div>\n\t\t\t\t<figcaption class='wp-caption-text gallery-caption' id='gallery-7-108651'>\n\t\t\t\tPolo\n\t\t\t\t<\/figcaption><\/figure><figure class='gallery-item'>\n\t\t\t<div class='gallery-icon landscape'>\n\t\t\t\t<a href='https:\/\/autolivraria.com.br\/bc\/wp-content\/uploads\/2019\/11\/VW-Polo-Comfortline-motor.jpg'><img decoding=\"async\" width=\"340\" height=\"226\" data-src=\"https:\/\/autolivraria.com.br\/bc\/wp-content\/uploads\/2019\/11\/VW-Polo-Comfortline-motor-340x226.jpg\" class=\"attachment-medium size-medium lazyload\" alt=\"\" src=\"data:image\/svg+xml;base64,PHN2ZyB3aWR0aD0iMSIgaGVpZ2h0PSIxIiB4bWxucz0iaHR0cDovL3d3dy53My5vcmcvMjAwMC9zdmciPjwvc3ZnPg==\" style=\"--smush-placeholder-width: 340px; --smush-placeholder-aspect-ratio: 340\/226;\" \/><\/a>\n\t\t\t<\/div><\/figure>\n\t\t<\/div>\n\n<p style=\"text-align: center;\"><em>Motores similares em concep\u00e7\u00e3o, com maior torque e opera\u00e7\u00e3o mais suave no Polo, mas o leve HB20 foi mais r\u00e1pido para acelerar e consumiu um pouco menos<\/em><\/p>\n<p>&nbsp;<\/p>\n<p><strong>Motor e desempenho<\/strong><br \/>\nAs duas marcas buscaram a mesma f\u00f3rmula para os motores: tr\u00eas cilindros, 1,0 litro, turbocompressor e <a href=\"https:\/\/autolivraria.com.br\/bc\/glossario-i\/#inje\" target=\"_blank\" rel=\"noopener noreferrer\">inje\u00e7\u00e3o direta<\/a> \u2014 esta uma novidade no HB20. O Polo ficou mais potente que o rival com \u00e1lcool (128 cv ante 120), mas menos com gasolina (116 cv); j\u00e1 o torque de 20,4 m.kgf supera o de 17,5 m.kgf do oponente por boa margem.<\/p>\n<p>&nbsp;<\/p>\n<div class='code-block code-block-7' style='margin: 28px auto; text-align: center; display: block; clear: both;'>\n<br>\n<div align=\"center\">\n<a target=\"_blank\" href=\"https:\/\/bestcars.com.br\/bc\/\">\n<img decoding=\"async\" data-src=\"https:\/\/bestcars.com.br\/bc\/wp-content\/uploads\/2021\/07\/Auto-Livraria-450x300-quadros.jpg\" alt=\"Auto Livraria\" src=\"data:image\/svg+xml;base64,PHN2ZyB3aWR0aD0iMSIgaGVpZ2h0PSIxIiB4bWxucz0iaHR0cDovL3d3dy53My5vcmcvMjAwMC9zdmciPjwvc3ZnPg==\" class=\"lazyload\"><\/a>\n<\/div>\n<br><\/div>\n\n<p>&nbsp;<\/p>\n<p>O menor peso favorece o Hyundai em acelera\u00e7\u00f5es, como ao fazer de 0 a 100 km\/h em 9,3 segundos (\u00f3tima marca, s\u00f3 1,1 s atr\u00e1s de um <a href=\"https:\/\/autolivraria.com.br\/bc\/informe-se\/avaliacao\/honda-civic-si-turbo-10-chances\/\" target=\"_blank\" rel=\"noopener noreferrer\">Honda Civic Si<\/a> de 208 cv!) contra 10,4 s do advers\u00e1rio, ambos com gasolina. Nas retomadas houve maior equil\u00edbrio gra\u00e7as ao torque superior do Volkswagen. Os motores pouco demonstram a oscila\u00e7\u00e3o t\u00edpica dos tr\u00eas-cilindros, mais notada no HB20 em marcha-lenta e acima de 5.000 rpm. O Polo pareceu mais silencioso de modo geral.<\/p>\n<p>As transmiss\u00f5es est\u00e3o bem calibradas e permitem mudan\u00e7as manuais pela alavanca ou comandos no volante. No Hyundai, em modo manual, a caixa n\u00e3o faz redu\u00e7\u00f5es ao acelerar at\u00e9 o fim e pode pegar o motorista de surpresa em emerg\u00eancia. Apenas a do Polo oferece programa esportivo, boa op\u00e7\u00e3o para deixar o motor &#8220;acordado&#8221; (o modo normal insiste em rota\u00e7\u00f5es baixas) e para obter freio-motor ao desacelerar, mas exagera na for\u00e7a de tra\u00e7\u00e3o em marcha-lenta \u2014 desconforto atenuado pela passagem autom\u00e1tica a ponto-morto nas paradas.<\/p>\n<p>&nbsp;<\/p>\n<div id='gallery-8' class='gallery galleryid-108397 gallery-columns-2 gallery-size-medium'><figure class='gallery-item'>\n\t\t\t<div class='gallery-icon landscape'>\n\t\t\t\t<a href='https:\/\/autolivraria.com.br\/bc\/wp-content\/uploads\/2019\/11\/Hyundai-HB20-Diamond-Plus-12.jpg'><img decoding=\"async\" width=\"340\" height=\"226\" data-src=\"https:\/\/autolivraria.com.br\/bc\/wp-content\/uploads\/2019\/11\/Hyundai-HB20-Diamond-Plus-12-340x226.jpg\" class=\"attachment-medium size-medium lazyload\" alt=\"\" aria-describedby=\"gallery-8-108786\" src=\"data:image\/svg+xml;base64,PHN2ZyB3aWR0aD0iMSIgaGVpZ2h0PSIxIiB4bWxucz0iaHR0cDovL3d3dy53My5vcmcvMjAwMC9zdmciPjwvc3ZnPg==\" style=\"--smush-placeholder-width: 340px; --smush-placeholder-aspect-ratio: 340\/226;\" \/><\/a>\n\t\t\t<\/div>\n\t\t\t\t<figcaption class='wp-caption-text gallery-caption' id='gallery-8-108786'>\n\t\t\t\tHB20\n\t\t\t\t<\/figcaption><\/figure><figure class='gallery-item'>\n\t\t\t<div class='gallery-icon landscape'>\n\t\t\t\t<a href='https:\/\/autolivraria.com.br\/bc\/wp-content\/uploads\/2019\/11\/VW-Polo-Comfortline-12.jpg'><img decoding=\"async\" width=\"340\" height=\"226\" data-src=\"https:\/\/autolivraria.com.br\/bc\/wp-content\/uploads\/2019\/11\/VW-Polo-Comfortline-12-340x226.jpg\" class=\"attachment-medium size-medium lazyload\" alt=\"\" aria-describedby=\"gallery-8-108788\" src=\"data:image\/svg+xml;base64,PHN2ZyB3aWR0aD0iMSIgaGVpZ2h0PSIxIiB4bWxucz0iaHR0cDovL3d3dy53My5vcmcvMjAwMC9zdmciPjwvc3ZnPg==\" style=\"--smush-placeholder-width: 340px; --smush-placeholder-aspect-ratio: 340\/226;\" \/><\/a>\n\t\t\t<\/div>\n\t\t\t\t<figcaption class='wp-caption-text gallery-caption' id='gallery-8-108788'>\n\t\t\t\tPolo\n\t\t\t\t<\/figcaption><\/figure>\n\t\t<\/div>\n\n<div id='gallery-9' class='gallery galleryid-108397 gallery-columns-3 gallery-size-thumbnail'><figure class='gallery-item'>\n\t\t\t<div class='gallery-icon landscape'>\n\t\t\t\t<a href='https:\/\/autolivraria.com.br\/bc\/wp-content\/uploads\/2019\/11\/Hyundai-HB20-Diamond-Plus-cambio.jpg'><img decoding=\"async\" width=\"222\" height=\"222\" data-src=\"https:\/\/autolivraria.com.br\/bc\/wp-content\/uploads\/2019\/11\/Hyundai-HB20-Diamond-Plus-cambio-222x222.jpg\" class=\"attachment-thumbnail size-thumbnail lazyload\" alt=\"\" aria-describedby=\"gallery-9-108787\" src=\"data:image\/svg+xml;base64,PHN2ZyB3aWR0aD0iMSIgaGVpZ2h0PSIxIiB4bWxucz0iaHR0cDovL3d3dy53My5vcmcvMjAwMC9zdmciPjwvc3ZnPg==\" style=\"--smush-placeholder-width: 222px; --smush-placeholder-aspect-ratio: 222\/222;\" \/><\/a>\n\t\t\t<\/div>\n\t\t\t\t<figcaption class='wp-caption-text gallery-caption' id='gallery-9-108787'>\n\t\t\t\tHB20\n\t\t\t\t<\/figcaption><\/figure><figure class='gallery-item'>\n\t\t\t<div class='gallery-icon landscape'>\n\t\t\t\t<a href='https:\/\/autolivraria.com.br\/bc\/wp-content\/uploads\/2019\/11\/Hyundai-HB20-Diamond-Plus-det11.jpg'><img decoding=\"async\" width=\"222\" height=\"222\" data-src=\"https:\/\/autolivraria.com.br\/bc\/wp-content\/uploads\/2019\/11\/Hyundai-HB20-Diamond-Plus-det11-222x222.jpg\" class=\"attachment-thumbnail size-thumbnail lazyload\" alt=\"\" src=\"data:image\/svg+xml;base64,PHN2ZyB3aWR0aD0iMSIgaGVpZ2h0PSIxIiB4bWxucz0iaHR0cDovL3d3dy53My5vcmcvMjAwMC9zdmciPjwvc3ZnPg==\" style=\"--smush-placeholder-width: 222px; --smush-placeholder-aspect-ratio: 222\/222;\" \/><\/a>\n\t\t\t<\/div><\/figure><figure class='gallery-item'>\n\t\t\t<div class='gallery-icon landscape'>\n\t\t\t\t<a href='https:\/\/autolivraria.com.br\/bc\/wp-content\/uploads\/2019\/11\/VW-Polo-Comfortline-cambio.jpg'><img decoding=\"async\" width=\"222\" height=\"222\" data-src=\"https:\/\/autolivraria.com.br\/bc\/wp-content\/uploads\/2019\/11\/VW-Polo-Comfortline-cambio-222x222.jpg\" class=\"attachment-thumbnail size-thumbnail lazyload\" alt=\"\" aria-describedby=\"gallery-9-108785\" src=\"data:image\/svg+xml;base64,PHN2ZyB3aWR0aD0iMSIgaGVpZ2h0PSIxIiB4bWxucz0iaHR0cDovL3d3dy53My5vcmcvMjAwMC9zdmciPjwvc3ZnPg==\" style=\"--smush-placeholder-width: 222px; --smush-placeholder-aspect-ratio: 222\/222;\" \/><\/a>\n\t\t\t<\/div>\n\t\t\t\t<figcaption class='wp-caption-text gallery-caption' id='gallery-9-108785'>\n\t\t\t\tPolo\n\t\t\t\t<\/figcaption><\/figure>\n\t\t<\/div>\n\n<p style=\"text-align: center;\"><em>Boas transmiss\u00f5es autom\u00e1ticas de seis marchas com comandos junto ao volante; far\u00f3is elipsoidais no Hyundai, mas a ambos faltam luzes diurnas de leds<\/em><\/p>\n<p>&nbsp;<\/p>\n<p><strong>Consumo<\/strong><br \/>\nAt\u00e9 que enfim, um HB20 autom\u00e1tico e econ\u00f4mico! O motor turbo fez milagres pelo Hyundai, que consumiu pouco menos que o Polo nos tr\u00eas trajetos de medi\u00e7\u00e3o e chegou a \u00f3timos 16 km\/l de gasolina no trecho urbano leve \u2014 o modelo anterior de 1,6 litro fizera apenas 12,1 km\/l. Agora os dois carros est\u00e3o muito bem nesse aspecto.<\/p>\n<p>&nbsp;<\/p>\n<blockquote><p>O menor peso favorece o HB20 em acelera\u00e7\u00f5es, como ao fazer de 0 a 100 km\/h em 9,3 segundos (s\u00f3 1,1 s atr\u00e1s de um Honda Civic Si de 208 cv) contra 10,4 s do Polo<\/p><\/blockquote>\n<p>&nbsp;<\/p>\n<p><strong>Comportamento din\u00e2mico<\/strong><br \/>\nAmbos mostram boa estabilidade, com tend\u00eancia a sair de frente no limite, mas o HB20 pode ser provocado para soltar a traseira, em uma atitude que diverte o motorista mais experiente \u2014 o <a href=\"https:\/\/autolivraria.com.br\/bc\/glossario-c\/#esp\" target=\"_blank\" rel=\"noopener noreferrer\">controle eletr\u00f4nico de estabilidade<\/a>, de s\u00e9rie em ambos, n\u00e3o atrapalha por s\u00f3 atuar quando realmente necess\u00e1rio. Conforto, por\u00e9m, n\u00e3o \u00e9 o forte dessas suspens\u00f5es: transmitem mais os impactos do que deveriam e a frente cede muito nas lombadas. Pior no HB20, em que os amortecedores traseiros ficaram um tanto duros (curioso, pois anos atr\u00e1s eram macios em excesso), pequenos defeitos do piso fazem o carro todo tremer e a frente d\u00e1 pancada seca ao passar r\u00e1pido por lombadas baixas.<\/p>\n<p>A ado\u00e7\u00e3o de assist\u00eancia el\u00e9trica deixou a dire\u00e7\u00e3o do Hyundai t\u00e3o agrad\u00e1vel quanto a do Volkswagen, leve em manobras e precisa em velocidade. Os freios est\u00e3o bem dimensionados em ambos, com vantagem ao Polo pelos discos na traseira; no HB20 o pedal poderia ser mais leve. O Polo traz sistema de frenagem autom\u00e1tica p\u00f3s-colis\u00e3o, que ret\u00e9m o carro ap\u00f3s um acidente para evitar novo impacto.<\/p>\n<p>&nbsp;<\/p>\n<div id='gallery-10' class='gallery galleryid-108397 gallery-columns-2 gallery-size-medium'><figure class='gallery-item'>\n\t\t\t<div class='gallery-icon landscape'>\n\t\t\t\t<a href='https:\/\/autolivraria.com.br\/bc\/wp-content\/uploads\/2019\/11\/Hyundai-HB20-Diamond-Plus-07.jpg'><img decoding=\"async\" width=\"340\" height=\"227\" data-src=\"https:\/\/autolivraria.com.br\/bc\/wp-content\/uploads\/2019\/11\/Hyundai-HB20-Diamond-Plus-07-340x227.jpg\" class=\"attachment-medium size-medium lazyload\" alt=\"\" aria-describedby=\"gallery-10-108790\" src=\"data:image\/svg+xml;base64,PHN2ZyB3aWR0aD0iMSIgaGVpZ2h0PSIxIiB4bWxucz0iaHR0cDovL3d3dy53My5vcmcvMjAwMC9zdmciPjwvc3ZnPg==\" style=\"--smush-placeholder-width: 340px; --smush-placeholder-aspect-ratio: 340\/227;\" \/><\/a>\n\t\t\t<\/div>\n\t\t\t\t<figcaption class='wp-caption-text gallery-caption' id='gallery-10-108790'>\n\t\t\t\tHB20\n\t\t\t\t<\/figcaption><\/figure><figure class='gallery-item'>\n\t\t\t<div class='gallery-icon landscape'>\n\t\t\t\t<a href='https:\/\/autolivraria.com.br\/bc\/wp-content\/uploads\/2019\/11\/VW-Polo-Comfortline-07.jpg'><img decoding=\"async\" width=\"340\" height=\"227\" data-src=\"https:\/\/autolivraria.com.br\/bc\/wp-content\/uploads\/2019\/11\/VW-Polo-Comfortline-07-340x227.jpg\" class=\"attachment-medium size-medium lazyload\" alt=\"\" aria-describedby=\"gallery-10-108791\" src=\"data:image\/svg+xml;base64,PHN2ZyB3aWR0aD0iMSIgaGVpZ2h0PSIxIiB4bWxucz0iaHR0cDovL3d3dy53My5vcmcvMjAwMC9zdmciPjwvc3ZnPg==\" style=\"--smush-placeholder-width: 340px; --smush-placeholder-aspect-ratio: 340\/227;\" \/><\/a>\n\t\t\t<\/div>\n\t\t\t\t<figcaption class='wp-caption-text gallery-caption' id='gallery-10-108791'>\n\t\t\t\tPolo\n\t\t\t\t<\/figcaption><\/figure>\n\t\t<\/div>\n\n<div id='gallery-11' class='gallery galleryid-108397 gallery-columns-3 gallery-size-thumbnail'><figure class='gallery-item'>\n\t\t\t<div class='gallery-icon landscape'>\n\t\t\t\t<a href='https:\/\/autolivraria.com.br\/bc\/informe-se\/avaliacao\/teste-comparativo-hyundai-hb20-diamond-plus-tgdi-vw-polo-comfortline-200-tsi-turbo-2020\/attachment\/hyundai-hb20-diamond-plus-13\/'><img decoding=\"async\" width=\"222\" height=\"222\" data-src=\"https:\/\/autolivraria.com.br\/bc\/wp-content\/uploads\/2019\/11\/Hyundai-HB20-Diamond-Plus-13-222x222.jpg\" class=\"attachment-thumbnail size-thumbnail lazyload\" alt=\"\" aria-describedby=\"gallery-11-108793\" src=\"data:image\/svg+xml;base64,PHN2ZyB3aWR0aD0iMSIgaGVpZ2h0PSIxIiB4bWxucz0iaHR0cDovL3d3dy53My5vcmcvMjAwMC9zdmciPjwvc3ZnPg==\" style=\"--smush-placeholder-width: 222px; --smush-placeholder-aspect-ratio: 222\/222;\" \/><\/a>\n\t\t\t<\/div>\n\t\t\t\t<figcaption class='wp-caption-text gallery-caption' id='gallery-11-108793'>\n\t\t\t\tHB20\n\t\t\t\t<\/figcaption><\/figure><figure class='gallery-item'>\n\t\t\t<div class='gallery-icon landscape'>\n\t\t\t\t<a href='https:\/\/autolivraria.com.br\/bc\/informe-se\/avaliacao\/teste-comparativo-hyundai-hb20-diamond-plus-tgdi-vw-polo-comfortline-200-tsi-turbo-2020\/attachment\/samsung-camera-pictures-565\/'><img decoding=\"async\" width=\"222\" height=\"222\" data-src=\"https:\/\/autolivraria.com.br\/bc\/wp-content\/uploads\/2019\/11\/Hyundai-HB20-Diamond-Plus-det12-222x222.jpg\" class=\"attachment-thumbnail size-thumbnail lazyload\" alt=\"\" src=\"data:image\/svg+xml;base64,PHN2ZyB3aWR0aD0iMSIgaGVpZ2h0PSIxIiB4bWxucz0iaHR0cDovL3d3dy53My5vcmcvMjAwMC9zdmciPjwvc3ZnPg==\" style=\"--smush-placeholder-width: 222px; --smush-placeholder-aspect-ratio: 222\/222;\" \/><\/a>\n\t\t\t<\/div><\/figure><figure class='gallery-item'>\n\t\t\t<div class='gallery-icon landscape'>\n\t\t\t\t<a href='https:\/\/autolivraria.com.br\/bc\/informe-se\/avaliacao\/teste-comparativo-hyundai-hb20-diamond-plus-tgdi-vw-polo-comfortline-200-tsi-turbo-2020\/attachment\/vw-polo-comfortline-13\/'><img decoding=\"async\" width=\"222\" height=\"222\" data-src=\"https:\/\/autolivraria.com.br\/bc\/wp-content\/uploads\/2019\/11\/VW-Polo-Comfortline-13-222x222.jpg\" class=\"attachment-thumbnail size-thumbnail lazyload\" alt=\"\" aria-describedby=\"gallery-11-108792\" src=\"data:image\/svg+xml;base64,PHN2ZyB3aWR0aD0iMSIgaGVpZ2h0PSIxIiB4bWxucz0iaHR0cDovL3d3dy53My5vcmcvMjAwMC9zdmciPjwvc3ZnPg==\" style=\"--smush-placeholder-width: 222px; --smush-placeholder-aspect-ratio: 222\/222;\" \/><\/a>\n\t\t\t<\/div>\n\t\t\t\t<figcaption class='wp-caption-text gallery-caption' id='gallery-11-108792'>\n\t\t\t\tPolo\n\t\t\t\t<\/figcaption><\/figure>\n\t\t<\/div>\n\n<p style=\"text-align: center;\"><em>S\u00e3o carros de boa estabilidade, com restri\u00e7\u00f5es ao conforto de rodagem, sobretudo no HB20; bolsas infl\u00e1veis laterais dianteiras e fixa\u00e7\u00f5es Isofix s\u00e3o de s\u00e9rie<\/em><\/p>\n<p>&nbsp;<\/p>\n<p><strong>Seguran\u00e7a passiva<\/strong><br \/>\nNas vers\u00f5es avaliadas o conte\u00fado de prote\u00e7\u00e3o dos ocupantes equivale-se: bolsas infl\u00e1veis frontais e laterais dianteiras, fixa\u00e7\u00f5es <a href=\"https:\/\/autolivraria.com.br\/bc\/glossario-i\/#isof\" target=\"_blank\" rel=\"noopener noreferrer\">Isofix<\/a> para cadeira infantil, cintos de tr\u00eas pontos e encostos de cabe\u00e7a para cinco pessoas \u2014 itens in\u00e9ditos no HB20.<\/p>\n<p>&nbsp;<\/p>\n<div class='code-block code-block-6' style='margin: 28px auto; text-align: center; display: block; clear: both;'>\n<script async src=\"https:\/\/pagead2.googlesyndication.com\/pagead\/js\/adsbygoogle.js\"><\/script>\n<!-- AL-quadrado -->\n<ins class=\"adsbygoogle\"\n     style=\"display:block\"\n     data-ad-client=\"ca-pub-1914799802606213\"\n     data-ad-slot=\"5683066082\"\n     data-ad-format=\"auto\"\n     data-full-width-responsive=\"true\"><\/ins>\n<script>\n     (adsbygoogle = window.adsbygoogle || []).push({});\n<\/script><\/div>\n\n<p>&nbsp;<\/p>\n<p><strong>Custo-benef\u00edcio<\/strong><br \/>\nO Polo leva grande vantagem em pre\u00e7o b\u00e1sico (R$ 6,4 mil), por n\u00e3o se tratar da vers\u00e3o de topo, mas precisa receber opcionais para ficar pr\u00f3ximo ao HB20 em equipamentos. O avaliado tinha o pacote Tech II e rodas de 16 pol, com os quais ficava apenas R$ 1,9 mil mais barato que o advers\u00e1rio (este n\u00e3o oferece op\u00e7\u00f5es). Vale lembrar que a Hyundai oferece vers\u00f5es desde R$ 67.190 com esse conjunto motor-transmiss\u00e3o, enquanto a gama da Volkswagen parte mesmo dos R$ 71.560 do Comfortline.<\/p>\n<p>O conte\u00fado dos carros avaliados \u00e9 semelhante: o HB20 traz itens a mais como alertas de dist\u00e2ncia frontal e de sa\u00edda de faixa e tela maior na central de \u00e1udio, e o Polo, conveni\u00eancias como limpador e ar-condicionado autom\u00e1ticos, enquanto os recursos de seguran\u00e7a se equivalem. Contudo, o Volkswagen recebeu notas melhores em tr\u00eas quesitos (o Hyundai, em apenas um) e ainda custa menos, o que lhe rende melhor nota tamb\u00e9m em custo-benef\u00edcio. Conclus\u00e3o: o HB20 melhorou na nova gera\u00e7\u00e3o, sobretudo com o eficiente motor turbo e os itens de conveni\u00eancia, mas ainda n\u00e3o alcan\u00e7ou o conjunto equilibrado e cheio de qualidades do concorrente.<\/p>\n<a href='https:\/\/autolivraria.com.br\/bc\/avaliacoes\/' class='small-button smallsilver'>Mais Avalia\u00e7\u00f5es<\/a>\n<p>&nbsp;<\/p>\n<div class='et-box et-shadow'>\n\t\t\t\t\t<div class='et-box-content'><h2>Nossas notas<\/h2>\n<table id=\"table5994\" style=\"width: 100%;\" border=\"0\" cellspacing=\"0\" cellpadding=\"3\">\n<tbody>\n<tr>\n<td style=\"width: 60%;\"><\/td>\n<td style=\"width: 20%;\"><strong>HB20<\/strong><\/td>\n<td style=\"width: 20%;\"><strong>Polo<\/strong><\/td>\n<\/tr>\n<tr>\n<td style=\"width: 55%;\">Estilo<\/td>\n<td style=\"width: 15%;\">3<\/td>\n<td style=\"width: 15%;\">4<\/td>\n<\/tr>\n<tr>\n<td style=\"width: 55%;\">Acabamento e conveni\u00eancia<\/td>\n<td style=\"width: 15%;\">4<\/td>\n<td style=\"width: 15%;\">4<\/td>\n<\/tr>\n<tr>\n<td style=\"width: 55%;\">Posto do motorista<\/td>\n<td style=\"width: 15%;\">3<\/td>\n<td style=\"width: 15%;\">4<\/td>\n<\/tr>\n<tr>\n<td style=\"width: 55%;\">Espa\u00e7o interno<\/td>\n<td style=\"width: 15%;\">3<\/td>\n<td style=\"width: 15%;\">3<\/td>\n<\/tr>\n<tr>\n<td style=\"width: 55%;\">Porta-malas<\/td>\n<td style=\"width: 15%;\">3<\/td>\n<td style=\"width: 15%;\">3<\/td>\n<\/tr>\n<tr>\n<td style=\"width: 55%;\">Motor e desempenho<\/td>\n<td style=\"width: 15%;\">5<\/td>\n<td style=\"width: 15%;\">4<\/td>\n<\/tr>\n<tr>\n<td style=\"width: 55%;\">Consumo<\/td>\n<td style=\"width: 15%;\">4<\/td>\n<td style=\"width: 15%;\">4<\/td>\n<\/tr>\n<tr>\n<td style=\"width: 55%;\">Comportamento din\u00e2mico<\/td>\n<td style=\"width: 15%;\">3<\/td>\n<td style=\"width: 15%;\">4<\/td>\n<\/tr>\n<tr>\n<td style=\"width: 55%;\">Seguran\u00e7a passiva<\/td>\n<td style=\"width: 15%;\">4<\/td>\n<td style=\"width: 15%;\">4<\/td>\n<\/tr>\n<tr>\n<td style=\"width: 55%;\">Custo-benef\u00edcio<\/td>\n<td style=\"width: 15%;\">3<\/td>\n<td style=\"width: 15%;\">4<\/td>\n<\/tr>\n<tr>\n<td style=\"width: 55%;\"><strong>M\u00e9dia<\/strong><\/td>\n<td style=\"width: 15%;\"><strong>3,5<\/strong><\/td>\n<td style=\"width: 15%;\"><strong>3,8<\/strong><\/td>\n<\/tr>\n<tr>\n<td style=\"width: 55%;\"><strong>Posi\u00e7\u00e3o<\/strong><\/td>\n<td style=\"width: 15%;\"><strong>2\u00b0.<\/strong><\/td>\n<td style=\"width: 15%;\"><strong>1\u00b0.<\/strong><\/td>\n<\/tr>\n<tr>\n<td style=\"width: 85%;\" colspan=\"3\">As notas v\u00e3o de 1 a 5, sendo 5 a melhor;\u00a0<a href=\"https:\/\/autolivraria.com.br\/bc\/nossa-metodologia-de-notas\/\">conhe\u00e7a nossa metodologia<\/a><\/td>\n<\/tr>\n<\/tbody>\n<\/table><\/div><\/div>\n<p>&nbsp;<\/p>\n<div class='et-box et-shadow'>\n\t\t\t\t\t<div class='et-box-content'><h2>Desempenho e consumo<\/h2>\n<table id=\"table6087\" border=\"0\" cellspacing=\"0\" cellpadding=\"5\">\n<tbody>\n<tr>\n<td style=\"width: 40%;\" valign=\"top\"><\/td>\n<td style=\"width: 30%;\"><strong>HB20<\/strong><\/td>\n<td style=\"width: 30%;\"><strong>Polo<\/strong><\/td>\n<\/tr>\n<tr>\n<td colspan=\"3\"><strong>Acelera\u00e7\u00e3o<\/strong><\/td>\n<\/tr>\n<tr>\n<td>0 a 100 km\/h<\/td>\n<td><strong>9,3 s<\/strong><\/td>\n<td>10,4 s<\/td>\n<\/tr>\n<tr>\n<td>0 a 120 km\/h<\/td>\n<td><strong>12,9 s<\/strong><\/td>\n<td>14,6 s<\/td>\n<\/tr>\n<tr>\n<td>0 a 400 m<\/td>\n<td><strong>16,6 s<\/strong><\/td>\n<td>17,3 s<\/td>\n<\/tr>\n<tr>\n<td colspan=\"3\"><strong>Retomada*<\/strong><\/td>\n<\/tr>\n<tr>\n<td>60 a 100 km\/h<\/td>\n<td>6,1 s<\/td>\n<td><strong>6,0 s<\/strong><\/td>\n<\/tr>\n<tr>\n<td>60 a 120 km\/h<\/td>\n<td><strong>9,9 s<\/strong><\/td>\n<td>10,3 s<\/td>\n<\/tr>\n<tr>\n<td>80 a 120 km\/h<\/td>\n<td><strong>7,1 s<\/strong><\/td>\n<td>7,5 s<\/td>\n<\/tr>\n<tr>\n<td colspan=\"3\"><strong>Consumo<\/strong><\/td>\n<\/tr>\n<tr>\n<td>Trajeto leve em cidade<\/td>\n<td><strong>16,0 km\/l<\/strong><\/td>\n<td>15,6 km\/l<\/td>\n<\/tr>\n<tr>\n<td>Trajeto exigente em cidade<\/td>\n<td><strong>8,5 km\/l<\/strong><\/td>\n<td>8,1 km\/l<\/td>\n<\/tr>\n<tr>\n<td>Trajeto em rodovia<\/td>\n<td><strong>14,9 km\/l<\/strong><\/td>\n<td>14,7 km\/l<\/td>\n<\/tr>\n<tr>\n<td colspan=\"3\" width=\"100%\">Testes com gasolina; *redu\u00e7\u00f5es autom\u00e1ticas; melhores resultados em negrito; <a title=\"M\u00e9todos de medi\u00e7\u00e3o de desempenho e consumo\" href=\"https:\/\/autolivraria.com.br\/bc\/metodos-de-medicao-de-desempenho-e-consumo\/\" target=\"_blank\" rel=\"noopener noreferrer\">conhe\u00e7a nossos m\u00e9todos de medi\u00e7\u00e3o<\/a><\/td>\n<\/tr>\n<\/tbody>\n<\/table><\/div><\/div>\n<p>&nbsp;<\/p>\n<div class='et-box et-shadow'>\n\t\t\t\t\t<div class='et-box-content'><h2>Ficha t\u00e9cnica<\/h2>\n<table id=\"table61\" border=\"0\" width=\"100%\" cellspacing=\"0\" cellpadding=\"3\">\n<tbody>\n<tr>\n<td valign=\"top\" width=\"40%\"><\/td>\n<td valign=\"top\" width=\"30%\"><strong>HB20<\/strong><\/td>\n<td valign=\"top\" width=\"30%\"><strong>Polo<\/strong><\/td>\n<\/tr>\n<tr>\n<td colspan=\"3\" valign=\"top\" bgcolor=\"#FFFFFF\"><strong>Motor<\/strong><\/td>\n<\/tr>\n<tr>\n<td valign=\"top\">Posi\u00e7\u00e3o<\/td>\n<td valign=\"top\">transversal<\/td>\n<td>transversal<\/td>\n<\/tr>\n<tr>\n<td valign=\"top\">Cilindros<\/td>\n<td valign=\"top\">3 em linha<\/td>\n<td>3 em linha<\/td>\n<\/tr>\n<tr>\n<td valign=\"top\">Comando de v\u00e1lvulas<\/td>\n<td valign=\"top\">duplo no cabe\u00e7ote<\/td>\n<td>duplo no cabe\u00e7ote<\/td>\n<\/tr>\n<tr>\n<td valign=\"top\">V\u00e1lvulas por cilindro<\/td>\n<td valign=\"top\">4, varia\u00e7\u00e3o de tempo<\/td>\n<td>4, varia\u00e7\u00e3o de tempo<\/td>\n<\/tr>\n<tr>\n<td valign=\"top\">Di\u00e2metro e curso<\/td>\n<td valign=\"top\">71 x 84 mm<\/td>\n<td>74,5 x 76,4 mm<\/td>\n<\/tr>\n<tr>\n<td valign=\"top\">Cilindrada<\/td>\n<td valign=\"top\">998 cm\u00b3<\/td>\n<td>999 cm\u00b3<\/td>\n<\/tr>\n<tr>\n<td valign=\"top\">Taxa de compress\u00e3o<\/td>\n<td valign=\"top\">10,5:1<\/td>\n<td>11,5:1<\/td>\n<\/tr>\n<tr>\n<td valign=\"top\">Alimenta\u00e7\u00e3o<\/td>\n<td colspan=\"2\" valign=\"top\">inje\u00e7\u00e3o direta, turbo, resfriador de ar<\/td>\n<\/tr>\n<tr>\n<td valign=\"top\">Pot\u00eancia m\u00e1xima (gas.\/\u00e1lc.)<\/td>\n<td valign=\"top\">120 cv a 6.000 rpm<\/td>\n<td>116\/128 cv a 5.500 rpm<\/td>\n<\/tr>\n<tr>\n<td valign=\"top\">Torque m\u00e1ximo (gas.\/\u00e1lc.)<\/td>\n<td valign=\"top\">17,5 m.kgf a 1.500 rpm<\/td>\n<td>20,4 m.kgf de 2.000 a 3.500 rpm<\/td>\n<\/tr>\n<tr>\n<td colspan=\"3\" valign=\"top\" bgcolor=\"#FFFFFF\"><strong>Transmiss\u00e3o<\/strong><\/td>\n<\/tr>\n<tr>\n<td valign=\"top\">Tipo de caixa e marchas<\/td>\n<td valign=\"top\">autom\u00e1tica, 6<\/td>\n<td>autom\u00e1tica, 6<\/td>\n<\/tr>\n<tr>\n<td valign=\"top\">Tra\u00e7\u00e3o<\/td>\n<td valign=\"top\">dianteira<\/td>\n<td>dianteira<\/td>\n<\/tr>\n<tr>\n<td colspan=\"3\" valign=\"top\" bgcolor=\"#FFFFFF\"><strong>Freios<\/strong><\/td>\n<\/tr>\n<tr>\n<td valign=\"top\">Dianteiros<\/td>\n<td valign=\"top\">a disco ventilado<\/td>\n<td>a disco ventilado<\/td>\n<\/tr>\n<tr>\n<td valign=\"top\">Traseiros<\/td>\n<td valign=\"top\">a tambor<\/td>\n<td>a disco<\/td>\n<\/tr>\n<tr>\n<td valign=\"top\">Antitravamento (ABS)<\/td>\n<td valign=\"top\">sim<\/td>\n<td>sim<\/td>\n<\/tr>\n<tr>\n<td colspan=\"3\" valign=\"top\" bgcolor=\"#FFFFFF\"><strong>Dire\u00e7\u00e3o<\/strong><\/td>\n<\/tr>\n<tr>\n<td valign=\"top\">Sistema<\/td>\n<td valign=\"top\">pinh\u00e3o e cremalheira<\/td>\n<td>pinh\u00e3o e cremalheira<\/td>\n<\/tr>\n<tr>\n<td valign=\"top\">Assist\u00eancia<\/td>\n<td valign=\"top\">el\u00e9trica<\/td>\n<td>el\u00e9trica<\/td>\n<\/tr>\n<tr>\n<td colspan=\"3\" valign=\"top\" bgcolor=\"#FFFFFF\"><strong>Suspens\u00e3o<\/strong><\/td>\n<\/tr>\n<tr>\n<td valign=\"top\">Dianteira<\/td>\n<td colspan=\"2\" valign=\"top\">independente, McPherson, mola helicoidal<\/td>\n<\/tr>\n<tr>\n<td valign=\"top\">Traseira<\/td>\n<td colspan=\"2\" valign=\"top\">eixo de tor\u00e7\u00e3o, mola helicoidal<\/td>\n<\/tr>\n<tr>\n<td colspan=\"3\" valign=\"top\" bgcolor=\"#FFFFFF\"><strong>Rodas<\/strong><\/td>\n<\/tr>\n<tr>\n<td valign=\"top\">Dimens\u00f5es<\/td>\n<td>5,5 x 15 pol<\/td>\n<td valign=\"top\">6 x 16 pol<\/td>\n<\/tr>\n<tr>\n<td valign=\"top\">Pneus<\/td>\n<td>185\/60 R 15<\/td>\n<td valign=\"top\">195\/55 R 16<\/td>\n<\/tr>\n<tr>\n<td colspan=\"3\" valign=\"top\" bgcolor=\"#FFFFFF\"><strong>Dimens\u00f5es<\/strong><\/td>\n<\/tr>\n<tr>\n<td valign=\"top\">Comprimento<\/td>\n<td>3,94 m<\/td>\n<td width=\"20%\">4,057 m<\/td>\n<\/tr>\n<tr>\n<td valign=\"top\">Largura<\/td>\n<td>1,72 m<\/td>\n<td valign=\"top\" width=\"20%\">1,751 m<\/td>\n<\/tr>\n<tr>\n<td valign=\"top\">Altura<\/td>\n<td>1,47 m<\/td>\n<td valign=\"top\" width=\"20%\">1,468 m<\/td>\n<\/tr>\n<tr>\n<td valign=\"top\">Entre-eixos<\/td>\n<td>2,53 m<\/td>\n<td valign=\"top\" width=\"20%\">2,565 m<\/td>\n<\/tr>\n<tr>\n<td colspan=\"3\" valign=\"top\" bgcolor=\"#FFFFFF\"><strong>Capacidades e peso<\/strong><\/td>\n<\/tr>\n<tr>\n<td valign=\"top\">Tanque de combust\u00edvel<\/td>\n<td>50 l<\/td>\n<td valign=\"top\">52 l<\/td>\n<\/tr>\n<tr>\n<td valign=\"top\">Compartimento de bagagem<\/td>\n<td>300 l<\/td>\n<td valign=\"top\">300 l<\/td>\n<\/tr>\n<tr>\n<td valign=\"top\">Peso em ordem de marcha<\/td>\n<td>1.091 kg<\/td>\n<td valign=\"top\">1.147 kg<\/td>\n<\/tr>\n<tr>\n<td colspan=\"3\" valign=\"top\" bgcolor=\"#FFFFFF\"><strong>Desempenho e consumo (gas.\/\u00e1lc.)<\/strong><\/td>\n<\/tr>\n<tr>\n<td>Velocidade m\u00e1xima<\/td>\n<td valign=\"top\">190 km\/h<\/td>\n<td>187\/192 km\/h<\/td>\n<\/tr>\n<tr>\n<td>Acelera\u00e7\u00e3o de 0 a 100 km\/h<\/td>\n<td valign=\"top\">10,7 s<\/td>\n<td>10,1\/9,6 s<\/td>\n<\/tr>\n<tr>\n<td>Consumo em cidade<\/td>\n<td>12,2\/8,6 km\/l<\/td>\n<td>11,6\/8,0 km\/l<\/td>\n<\/tr>\n<tr>\n<td>Consumo em rodovia<\/td>\n<td>13,9\/10,3 km\/l<\/td>\n<td>14,1\/9,8 km\/l<\/td>\n<\/tr>\n<tr>\n<td colspan=\"3\" valign=\"top\" bgcolor=\"#FFFFFF\">Dados dos fabricantes; consumo conforme padr\u00f5es do Inmetro<\/td>\n<\/tr>\n<\/tbody>\n<\/table><\/div><\/div>\n<p>&nbsp;<\/p>\n","protected":false},"excerpt":{"rendered":"<p>Com novo desenho, motor turbo e mais conveni\u00eancias, o pequeno dos sul-coreanos enfrenta um dos melhores concorrentes<\/p>\n","protected":false},"author":6,"featured_media":108611,"comment_status":"open","ping_status":"closed","sticky":false,"template":"","format":"standard","meta":{"_joinchat":[],"footnotes":""},"categories":[3,4,3615,1841],"tags":[80,36,79,4632,2033,4743,63,500,1576,4409,60],"class_list":["post-108397","post","type-post","status-publish","format-standard","has-post-thumbnail","hentry","category-avaliacao","category-comparativo","category-hyundai","category-volkswagen-avaliacao","tag-avaliacao-2","tag-avaliacao-completa","tag-comparativo-2","tag-desafio","tag-hb20","tag-hb20-diamond-plus","tag-hyundai","tag-polo","tag-polo-comfortline","tag-polo-tsi","tag-volkswagen"],"amp_enabled":true,"_links":{"self":[{"href":"https:\/\/autolivraria.com.br\/bc\/wp-json\/wp\/v2\/posts\/108397","targetHints":{"allow":["GET"]}}],"collection":[{"href":"https:\/\/autolivraria.com.br\/bc\/wp-json\/wp\/v2\/posts"}],"about":[{"href":"https:\/\/autolivraria.com.br\/bc\/wp-json\/wp\/v2\/types\/post"}],"author":[{"embeddable":true,"href":"https:\/\/autolivraria.com.br\/bc\/wp-json\/wp\/v2\/users\/6"}],"replies":[{"embeddable":true,"href":"https:\/\/autolivraria.com.br\/bc\/wp-json\/wp\/v2\/comments?post=108397"}],"version-history":[{"count":0,"href":"https:\/\/autolivraria.com.br\/bc\/wp-json\/wp\/v2\/posts\/108397\/revisions"}],"wp:featuredmedia":[{"embeddable":true,"href":"https:\/\/autolivraria.com.br\/bc\/wp-json\/wp\/v2\/media\/108611"}],"wp:attachment":[{"href":"https:\/\/autolivraria.com.br\/bc\/wp-json\/wp\/v2\/media?parent=108397"}],"wp:term":[{"taxonomy":"category","embeddable":true,"href":"https:\/\/autolivraria.com.br\/bc\/wp-json\/wp\/v2\/categories?post=108397"},{"taxonomy":"post_tag","embeddable":true,"href":"https:\/\/autolivraria.com.br\/bc\/wp-json\/wp\/v2\/tags?post=108397"}],"curies":[{"name":"wp","href":"https:\/\/api.w.org\/{rel}","templated":true}]}}