{"id":110054,"date":"2020-01-24T09:00:55","date_gmt":"2020-01-24T12:00:55","guid":{"rendered":"https:\/\/bestcars.uol.com.br\/bc\/?p=110054"},"modified":"2021-03-23T09:07:47","modified_gmt":"2021-03-23T12:07:47","slug":"ocde-e-mercado-de-automoveis-sera-um-mito","status":"publish","type":"post","link":"https:\/\/autolivraria.com.br\/bc\/informe-se\/colunas\/carro-micro-macro\/ocde-e-mercado-de-automoveis-sera-um-mito\/","title":{"rendered":"OCDE e mercado de autom\u00f3veis, ser\u00e1 um mito?"},"content":{"rendered":"<p><img fetchpriority=\"high\" decoding=\"async\" class=\"aligncenter size-full wp-image-78831\" src=\"https:\/\/autolivraria.com.br\/bc\/wp-content\/uploads\/2016\/10\/Carro-Micro-e-Macro-2.jpg\" alt=\"\" width=\"696\" height=\"107\" srcset=\"https:\/\/autolivraria.com.br\/bc\/wp-content\/uploads\/2016\/10\/Carro-Micro-e-Macro-2.jpg 696w, https:\/\/autolivraria.com.br\/bc\/wp-content\/uploads\/2016\/10\/Carro-Micro-e-Macro-2-340x52.jpg 340w, https:\/\/autolivraria.com.br\/bc\/wp-content\/uploads\/2016\/10\/Carro-Micro-e-Macro-2-222x34.jpg 222w\" sizes=\"(max-width: 696px) 100vw, 696px\" \/><\/p>\n<h2>Entrada do Brasil na organiza\u00e7\u00e3o traria alinhamento pol\u00edtico, que pode ser bom ou mau para nossa ind\u00fastria<\/h2>\n<p>&nbsp;<\/p>\n<p>Em 2019, anunciou-se que os Estados Unidos apoiariam o ingresso do Brasil na OCDE (Organiza\u00e7\u00e3o de Coopera\u00e7\u00e3o para o Desenvolvimento Econ\u00f4mico). Noticiou-se, ent\u00e3o, que a Argentina teria prioridade, s\u00f3 que o novo presidente de <em>los hermanos<\/em> n\u00e3o agradou Donald Trump e o foco voltou ao Brasil. Se isso acontecer, nossa ind\u00fastria de autom\u00f3veis ser\u00e1 afetada? Se for, como?<\/p>\n<p>Vamos entender a OCDE. A Europa devastada pela Segunda Guerra Mundial, em 1948, criou a Organiza\u00e7\u00e3o para Coopera\u00e7\u00e3o Econ\u00f4mica Europeia e come\u00e7ou a estudar tratados visando a unifica\u00e7\u00e3o do continente, tanto para a reconstru\u00e7\u00e3o e evitar futuros conflitos, como para promover o desenvolvimento econ\u00f4mico. Em 1957, em Roma, assinaram-se tr\u00eas tratados: CECA (Comunidade Europeia para Carv\u00e3o e A\u00e7o), Euratom (Comunidade Europeia de Energia At\u00f4mica) e CEE (Comunidade Econ\u00f4mica Europeia). Todas deixavam o Reino Unido, pa\u00edses ib\u00e9ricos e n\u00f3rdicos de fora.<\/p>\n<p>&nbsp;<\/p>\n<blockquote><p>A OCDE chegou a 36 pa\u00edses, dos quais 19 produzem autom\u00f3veis; eles fabricam cerca de 49% do total do globo, o que \u00e9 bastante significativo<\/p><\/blockquote>\n<p>&nbsp;<\/p>\n<p>Tudo indicava que os quatro se fundiriam um dia. Como a Europa emergisse como pot\u00eancia, os Estados Unidos, o Canad\u00e1 e o Reino Unido, participantes da OTAN (Organiza\u00e7\u00e3o do Tratado de Defesa do Atl\u00e2ntico Norte), n\u00e3o poderiam ficar de fora e criou-se a OCDE (Organiza\u00e7\u00e3o de Coopera\u00e7\u00e3o para o Desenvolvimento Econ\u00f4mico). Paralelamente, a CEE abarcou a CECA e a Euratom em 1965. Da\u00ed para a frente, OCDE e CEE tiveram rumos distintos e independentes. A CEE transformou-se na UEE (Uni\u00e3o Econ\u00f4mica Europeia), mais tarde UE (Uni\u00e3o Europeia), enquanto a OCDE come\u00e7ou a admitir pa\u00edses do todo o globo, chegando aos atuais 36, dos quais 19 produzem autom\u00f3veis e 17 n\u00e3o.<\/p>\n<figure id=\"attachment_110056\" aria-describedby=\"caption-attachment-110056\" style=\"width: 340px\" class=\"wp-caption alignright\"><a href=\"https:\/\/autolivraria.com.br\/bc\/wp-content\/uploads\/2020\/01\/Caoa-Chery.jpg\"><img decoding=\"async\" class=\"size-medium wp-image-110056 lazyload\" data-src=\"https:\/\/autolivraria.com.br\/bc\/wp-content\/uploads\/2020\/01\/Caoa-Chery-340x226.jpg\" alt=\"\" width=\"340\" height=\"226\" data-srcset=\"https:\/\/autolivraria.com.br\/bc\/wp-content\/uploads\/2020\/01\/Caoa-Chery-340x226.jpg 340w, https:\/\/autolivraria.com.br\/bc\/wp-content\/uploads\/2020\/01\/Caoa-Chery.jpg 640w\" data-sizes=\"(max-width: 340px) 100vw, 340px\" src=\"data:image\/svg+xml;base64,PHN2ZyB3aWR0aD0iMSIgaGVpZ2h0PSIxIiB4bWxucz0iaHR0cDovL3d3dy53My5vcmcvMjAwMC9zdmciPjwvc3ZnPg==\" style=\"--smush-placeholder-width: 340px; --smush-placeholder-aspect-ratio: 340\/226;\" \/><\/a><figcaption id=\"caption-attachment-110056\" class=\"wp-caption-text\">Produ\u00e7\u00e3o sob licen\u00e7a, como ocorre na Caoa Chery, pode ser uma sa\u00edda para a ind\u00fastria nacional<\/figcaption><\/figure>\n<p>Como os n\u00fameros para 2019 ainda n\u00e3o est\u00e3o fechados, partindo dos dados do Banco Mundial e aplicando o crescimento m\u00e9dio para os membros e para o mundo, esses pa\u00edses produzem aproximadamente 49,1% do total, o que \u00e9 bastante significativo. H\u00e1 ainda 37 pa\u00edses parceiros, entre eles o Brasil.<\/p>\n<p>Dizer que todos eles s\u00e3o ricos \u00e9 negar a pobreza do M\u00e9xico, que foi admitido em 1994 durante o ataque especulativo conhecido como efeito tequila, e da Col\u00f4mbia, que at\u00e9 hoje se debate contra os sucessores das FARC. Dizer que todos s\u00e3o probos administrativamente beira a esquizofrenia, visto o comportamento de Gr\u00e9cia e Portugal, cujos deslizes s\u00f3 transpareceram com o estouro da bolha especulativa de 2008. Ademais, a Turquia tem um governo comprovadamente belicoso e ditatorial. Pode-se dizer que a OCDE \u00e9 o mais contradit\u00f3rio grupo transnacional.<\/p>\n<p>Existem pa\u00edses que, mesmo n\u00e3o sendo parte dos 36 oficiais, ou s\u00e3o tidos como observadores num n\u00famero que beira os 100, ou s\u00e3o parceiros de pleno direito \u2014 caso do Brasil, que vem adotando as medidas preconizadas desde os anos 1990, no que tange o com\u00e9rcio internacional, e desde 2007, no que concerne ao mercado financeiro.<\/p>\n<p>&nbsp;<\/p>\n<div class='code-block code-block-7' style='margin: 28px auto; text-align: center; display: block; clear: both;'>\n<script async src=\"https:\/\/pagead2.googlesyndication.com\/pagead\/js\/adsbygoogle.js\"><\/script>\n<!-- AL-quadrado -->\n<ins class=\"adsbygoogle\"\n     style=\"display:block\"\n     data-ad-client=\"ca-pub-1914799802606213\"\n     data-ad-slot=\"5683066082\"\n     data-ad-format=\"auto\"\n     data-full-width-responsive=\"true\"><\/ins>\n<script>\n     (adsbygoogle = window.adsbygoogle || []).push({});\n<\/script><\/div>\n\n<p>&nbsp;<\/p>\n<h2>Alinhamento pol\u00edtico<\/h2>\n<p>O principal motivo para ansiar integr\u00e1-lo, bem como para ser aceito, \u00e9 o alinhamento pol\u00edtico. \u00c9 que, para todos os compromissos, h\u00e1 ressalvas. Trocando em mi\u00fados, h\u00e1 uma s\u00e9rie de regras que s\u00f3 ser\u00e3o cumpridas se interessarem a cada um dos participantes. Lendo as 214 p\u00e1ginas do tratado em vigor, tem-se a impress\u00e3o de que nem fede, nem cheira, sendo um compromisso de alinhamento. Prova disso \u00e9 que pertencer \u00e0 OCDE n\u00e3o afeta a participa\u00e7\u00e3o em outras organiza\u00e7\u00f5es transnacionais como a Organiza\u00e7\u00e3o Mundial de Com\u00e9rcio (OMC), por exemplo.<\/p>\n<p>Desde os anos 1990, o peso dos pa\u00edses desenvolvidos na economia mundial veio declinando ano a ano e, em 2001, em paridade do poder de compra, a soma do Produto Interno Bruto (PIB) de Brasil, China, \u00cdndia e R\u00fassia ultrapassou o total da Uni\u00e3o Europeia somado aos de Estados Unidos, Canad\u00e1, Jap\u00e3o e alguns pa\u00edses da Oceania, tidos como desenvolvidos. Adicionou-se a \u00c1frica do Sul e formou-se o Brics, tendendo a constituir um bloco econ\u00f4mico muito s\u00f3lido como op\u00e7\u00e3o contr\u00e1ria \u00e0 OCDE. Pa\u00edses como Indon\u00e9sia, Ir\u00e3 e Iraque, entre outros, poderiam aderir, criando uma nova ordem mundial em que os blocos j\u00e1 n\u00e3o seriam ideol\u00f3gicos como na Guerra Fria, mas meramente econ\u00f4micos. Entrar na OCDE, de certa forma, pode esvaziar o Brics.<\/p>\n<p>&nbsp;<\/p>\n<blockquote><p>O acordo, se cumprido, pode bem ser um renascimento da ind\u00fastria nacional trabalhando sob licen\u00e7a \u2014 o contrato da Caoa com a Chery \u00e9 um exemplo disso<\/p><\/blockquote>\n<p>&nbsp;<\/p>\n<p>Aderir \u00e0 organiza\u00e7\u00e3o n\u00e3o \u00e9 de todo in\u00fatil porque, visando derrubar barreiras \u00e0 fluidez internacional do capital, ela cria regras para o que se chama de transa\u00e7\u00f5es invis\u00edveis ou movimento de capital intang\u00edvel, que s\u00e3o os neg\u00f3cios que n\u00e3o envolvem mercadoria diretamente. <em>Royalties,<\/em> concess\u00e3o de marcas e outras transa\u00e7\u00f5es fazem parte desse conjunto, facilitando empresas nacionais trabalharem com produtos de companhias estrangeiras, sob licen\u00e7a, sem que as concessoras tenham de abrir f\u00e1bricas no pa\u00eds de destino.<\/p>\n<p>Em outras palavras, o acordo, se cumprido, pode bem ser um renascimento da ind\u00fastria nacional trabalhando sob licen\u00e7a. O contrato da Caoa com a chinesa Chery \u00e9 um exemplo disso. Nada impediria, por exemplo, que o mesmo grupo que importa os Subarus viesse a mont\u00e1-los, quando n\u00e3o fabric\u00e1-los, no Brasil.<\/p>\n<p>Ao mesmo tempo, h\u00e1 a amea\u00e7a de os modelos licenciados serem obsoletos \u2014 como acontece com o Ir\u00e3, onde a Iran Khodro produz at\u00e9 hoje o Peugeot 206 \u2014, tirando nossa ind\u00fastria do mercado internacional ou mesmo competindo com as empresas concessoras. Isso j\u00e1 acontece no Brasil, com o acordo em que a Hyundai concedeu \u00e0 Caoa o direito de produzir o Tucson anterior (n\u00e3o mais fabricado) e o IX35 em Goi\u00e1s, ambos os modelos mantidos em linha por anos depois de retirados do portf\u00f3lio mundial da marca. Talvez possam-se ver empresas nacionais produzindo componentes sob licen\u00e7a, como ocorreu no passado com companhias significativas como Cofap e Wapsa.<\/p>\n<p>Como abordamos em <a href=\"https:\/\/autolivraria.com.br\/bc\/informe-se\/colunas\/carro-micro-macro\/da-industria-de-automoveis-logo-so-restarao-os-imoveis\/\" target=\"_blank\" rel=\"noopener noreferrer\">outra mat\u00e9ria<\/a> sobre a transforma\u00e7\u00e3o de nossos industriais e descendentes em locadores de galp\u00f5es, retomar a industrializa\u00e7\u00e3o, mais do que depender de oportunidades induzidas por acordos, passa a ser fun\u00e7\u00e3o de nossos empres\u00e1rios sentirem apetite pelo risco. Ser\u00e1 preciso que duas coisas aconte\u00e7am: a primeira \u00e9 que a ideia de transa\u00e7\u00f5es invis\u00edveis seja incorporada \u00e0 nossa pr\u00e1tica empresarial, e a segunda, que os rar\u00edssimos exemplos de produ\u00e7\u00e3o sob licen\u00e7a que ainda temos no Brasil mostrem-se exuberantemente lucrativos num mercado t\u00e3o aberto quanto os tempos exigem.<\/p>\n<a href='https:\/\/autolivraria.com.br\/bc\/informe-se\/colunas\/destaques-colunas\/petroleo-como-fica-o-tanque-do-meu-carro\/' class='small-button smallsilver'>Coluna anterior<\/a>\n<p><em>A coluna expressa as opini\u00f5es do colunista e n\u00e3o as do Best Cars<\/em><\/p>\n<p>&nbsp;<\/p>\n","protected":false},"excerpt":{"rendered":"<p>Entrada do Brasil na organiza\u00e7\u00e3o traria alinhamento pol\u00edtico, que pode ser bom ou mau para nossa ind\u00fastria<\/p>\n","protected":false},"author":6,"featured_media":78830,"comment_status":"open","ping_status":"closed","sticky":false,"template":"","format":"standard","meta":{"_joinchat":[],"footnotes":""},"categories":[4195],"tags":[4196,153,591],"class_list":["post-110054","post","type-post","status-publish","format-standard","has-post-thumbnail","hentry","category-carro-micro-macro","tag-carro-micro-e-macro","tag-colunas-2","tag-mercado"],"amp_enabled":true,"_links":{"self":[{"href":"https:\/\/autolivraria.com.br\/bc\/wp-json\/wp\/v2\/posts\/110054","targetHints":{"allow":["GET"]}}],"collection":[{"href":"https:\/\/autolivraria.com.br\/bc\/wp-json\/wp\/v2\/posts"}],"about":[{"href":"https:\/\/autolivraria.com.br\/bc\/wp-json\/wp\/v2\/types\/post"}],"author":[{"embeddable":true,"href":"https:\/\/autolivraria.com.br\/bc\/wp-json\/wp\/v2\/users\/6"}],"replies":[{"embeddable":true,"href":"https:\/\/autolivraria.com.br\/bc\/wp-json\/wp\/v2\/comments?post=110054"}],"version-history":[{"count":0,"href":"https:\/\/autolivraria.com.br\/bc\/wp-json\/wp\/v2\/posts\/110054\/revisions"}],"wp:featuredmedia":[{"embeddable":true,"href":"https:\/\/autolivraria.com.br\/bc\/wp-json\/wp\/v2\/media\/78830"}],"wp:attachment":[{"href":"https:\/\/autolivraria.com.br\/bc\/wp-json\/wp\/v2\/media?parent=110054"}],"wp:term":[{"taxonomy":"category","embeddable":true,"href":"https:\/\/autolivraria.com.br\/bc\/wp-json\/wp\/v2\/categories?post=110054"},{"taxonomy":"post_tag","embeddable":true,"href":"https:\/\/autolivraria.com.br\/bc\/wp-json\/wp\/v2\/tags?post=110054"}],"curies":[{"name":"wp","href":"https:\/\/api.w.org\/{rel}","templated":true}]}}