{"id":110308,"date":"2020-01-30T13:12:53","date_gmt":"2020-01-30T16:12:53","guid":{"rendered":"https:\/\/bestcars.uol.com.br\/bc\/?p=110308"},"modified":"2020-01-31T16:28:00","modified_gmt":"2020-01-31T19:28:00","slug":"mazda-faz-100-anos-veja-fatos-marcantes-de-sua-historia","status":"publish","type":"post","link":"https:\/\/autolivraria.com.br\/bc\/informe-se\/noticias\/mazda-faz-100-anos-veja-fatos-marcantes-de-sua-historia\/","title":{"rendered":"Mazda, 100 anos: veja fatos marcantes de sua hist\u00f3ria"},"content":{"rendered":"<div id='gallery-1' class='gallery galleryid-110308 gallery-columns-1 gallery-size-large'><figure class='gallery-item'>\n\t\t\t<div class='gallery-icon landscape'>\n\t\t\t\t<a href='https:\/\/autolivraria.com.br\/bc\/wp-content\/uploads\/2020\/01\/Mazda-R360.jpg'><img fetchpriority=\"high\" decoding=\"async\" width=\"696\" height=\"464\" src=\"https:\/\/autolivraria.com.br\/bc\/wp-content\/uploads\/2020\/01\/Mazda-R360-696x464.jpg\" class=\"attachment-large size-large\" alt=\"\" \/><\/a>\n\t\t\t<\/div><\/figure>\n\t\t<\/div>\n\n<p>&nbsp;<\/p>\n<p>Tem fabricante completando o centen\u00e1rio hoje, 30 de janeiro: a japonesa Mazda, fundada em 1920 como Toyo Cork Kogyo Co. Ltd. para fabricar maquin\u00e1rios. Em um s\u00e9culo a Mazda colecionou fatos marcantes, como o de ser o \u00fanico fabricante no mundo a investir por d\u00e9cadas no motor rotativo Wankel. Seu roadster MX-5 Miata, lan\u00e7ado em 1989 e j\u00e1 na terceira gera\u00e7\u00e3o, \u00e9 considerado o sucessor moderno dos carros esporte ingleses (como MG e Triumph) que fizeram sucesso nos anos 50 e 60.<\/p>\n<p>Conhe\u00e7a brevemente a trajet\u00f3ria da Mazda:<\/p>\n<p>&nbsp;<\/p>\n<div class='code-block code-block-7' style='margin: 28px auto; text-align: center; display: block; clear: both;'>\n<br>\n<div align=\"center\">\n<a target=\"_blank\" href=\"https:\/\/bestcars.com.br\/bc\/\">\n<img decoding=\"async\" data-src=\"https:\/\/bestcars.com.br\/bc\/wp-content\/uploads\/2021\/07\/Auto-Livraria-450x300-quadros.jpg\" alt=\"Auto Livraria\" src=\"data:image\/svg+xml;base64,PHN2ZyB3aWR0aD0iMSIgaGVpZ2h0PSIxIiB4bWxucz0iaHR0cDovL3d3dy53My5vcmcvMjAwMC9zdmciPjwvc3ZnPg==\" class=\"lazyload\"><\/a>\n<\/div>\n<br><\/div>\n\n<p>&nbsp;<\/p>\n<p><strong>\u2022 1920<\/strong> &#8211; Funda\u00e7\u00e3o da Toyo Cork Kogyo Co. Ltd.<\/p>\n<p><strong>\u2022 1927<\/strong> &#8211; A companhia torna-se Toyo Kogyo Co., Ltd.<\/p>\n<p><strong>\u2022 1931<\/strong> &#8211; Inicia a produ\u00e7\u00e3o do primeiro autom\u00f3vel da Mazda, o caminh\u00e3o de tr\u00eas rodas Mazda-Go.<\/p>\n<p><strong>\u2022 1960<\/strong> &#8211; Anuncia o R360 Coupe (foto acima), primeiro ve\u00edculo de passageiros de quatro rodas da Mazda.<\/p>\n<p>&nbsp;<\/p>\n<div id='gallery-2' class='gallery galleryid-110308 gallery-columns-1 gallery-size-large'><figure class='gallery-item'>\n\t\t\t<div class='gallery-icon landscape'>\n\t\t\t\t<a href='https:\/\/autolivraria.com.br\/bc\/wp-content\/uploads\/2020\/01\/Mazda-Cosmo-Sport.jpg'><img decoding=\"async\" width=\"696\" height=\"464\" data-src=\"https:\/\/autolivraria.com.br\/bc\/wp-content\/uploads\/2020\/01\/Mazda-Cosmo-Sport-696x464.jpg\" class=\"attachment-large size-large lazyload\" alt=\"\" src=\"data:image\/svg+xml;base64,PHN2ZyB3aWR0aD0iMSIgaGVpZ2h0PSIxIiB4bWxucz0iaHR0cDovL3d3dy53My5vcmcvMjAwMC9zdmciPjwvc3ZnPg==\" style=\"--smush-placeholder-width: 696px; --smush-placeholder-aspect-ratio: 696\/464;\" \/><\/a>\n\t\t\t<\/div><\/figure>\n\t\t<\/div>\n\n<p>&nbsp;<\/p>\n<p><strong>\u2022 1964 &#8211;<\/strong> Come\u00e7a a vender o sed\u00e3 Mazda 800 (Familia no Jap\u00e3o), um pequeno carro de passageiros.<\/p>\n<p><strong>\u2022 1967<\/strong> &#8211; Lan\u00e7amento do 110S (acima, conhecido como Mazda Cosmo Sport no Jap\u00e3o) com motor rotativo.<\/p>\n<p><strong>\u2022 1978<\/strong> &#8211; Come\u00e7a a vender o esportivo RX-7 (Savanna RX-7 no Jap\u00e3o) com motor rotativo, que seria o carro mais duradouro no mundo a usar essa tecnologia (abaixo).<\/p>\n<p>&nbsp;<\/p>\n<div id='gallery-3' class='gallery galleryid-110308 gallery-columns-1 gallery-size-large'><figure class='gallery-item'>\n\t\t\t<div class='gallery-icon landscape'>\n\t\t\t\t<a href='https:\/\/autolivraria.com.br\/bc\/wp-content\/uploads\/2020\/01\/Mazda-RX7.jpg'><img decoding=\"async\" width=\"696\" height=\"464\" data-src=\"https:\/\/autolivraria.com.br\/bc\/wp-content\/uploads\/2020\/01\/Mazda-RX7-696x464.jpg\" class=\"attachment-large size-large lazyload\" alt=\"\" src=\"data:image\/svg+xml;base64,PHN2ZyB3aWR0aD0iMSIgaGVpZ2h0PSIxIiB4bWxucz0iaHR0cDovL3d3dy53My5vcmcvMjAwMC9zdmciPjwvc3ZnPg==\" style=\"--smush-placeholder-width: 696px; --smush-placeholder-aspect-ratio: 696\/464;\" \/><\/a>\n\t\t\t<\/div><\/figure>\n\t\t<\/div>\n\n<p><strong>\u2022 1979<\/strong> &#8211; Entra em uma associa\u00e7\u00e3o de capital com a Ford Motor Company (com \u00edndice de participa\u00e7\u00e3o de 25%).<\/p>\n<p><strong>\u2022 1984<\/strong> &#8211; A empresa \u00e9 renomeada para Mazda Motor Corporation.<\/p>\n<p><strong>\u2022 1987<\/strong> &#8211; In\u00edcio da produ\u00e7\u00e3o do Mazda MX-6 na Mazda Motor Manufacturing Corporation (MMUC) nos Estados Unidos. A Ford vende uma varia\u00e7\u00e3o do modelo, o Probe.<\/p>\n<p>&nbsp;<\/p>\n<div id='gallery-4' class='gallery galleryid-110308 gallery-columns-1 gallery-size-large'><figure class='gallery-item'>\n\t\t\t<div class='gallery-icon landscape'>\n\t\t\t\t<a href='https:\/\/autolivraria.com.br\/bc\/wp-content\/uploads\/2020\/01\/Mazda-Miata.jpg'><img decoding=\"async\" width=\"696\" height=\"464\" data-src=\"https:\/\/autolivraria.com.br\/bc\/wp-content\/uploads\/2020\/01\/Mazda-Miata-696x464.jpg\" class=\"attachment-large size-large lazyload\" alt=\"\" src=\"data:image\/svg+xml;base64,PHN2ZyB3aWR0aD0iMSIgaGVpZ2h0PSIxIiB4bWxucz0iaHR0cDovL3d3dy53My5vcmcvMjAwMC9zdmciPjwvc3ZnPg==\" style=\"--smush-placeholder-width: 696px; --smush-placeholder-aspect-ratio: 696\/464;\" \/><\/a>\n\t\t\t<\/div><\/figure>\n\t\t<\/div>\n\n<p>&nbsp;<\/p>\n<p><strong>\u2022 1989<\/strong> &#8211; Lan\u00e7a o MX-5 Miata (acima, Eunos Roadster no Jap\u00e3o), um dos carros esporte mais vendidos da hist\u00f3ria.<\/p>\n<p><strong>\u2022 1991<\/strong> &#8211; O Mazda 787B vence a corrida de resist\u00eancia de 24 Horas de Le Mans, primeira vit\u00f3ria de um autom\u00f3vel japon\u00eas.<\/p>\n<p><strong>\u2022 2017<\/strong> &#8211; Toyota e Mazda assinam um acordo para firmar uma alian\u00e7a de neg\u00f3cios e capital.<\/p>\n<ul>\n<li><strong><a href=\"https:\/\/autolivraria.com.br\/bc\/category\/informe-se\/passado\/mazda\/\" target=\"_blank\" rel=\"noopener noreferrer\">Leia hist\u00f3rias de Mazdas em Carros do Passado<\/a><\/strong><\/li>\n<\/ul>\n<p><em>Texto da equipe &#8211; Fotos: divulga\u00e7\u00e3o<\/em><\/p>\n<p>&nbsp;<\/p>\n","protected":false},"excerpt":{"rendered":"<p>&nbsp; Tem fabricante completando o centen\u00e1rio hoje, 30 de janeiro: a japonesa Mazda, fundada em 1920 como Toyo Cork Kogyo Co. Ltd. para fabricar maquin\u00e1rios. Em um s\u00e9culo a Mazda colecionou fatos marcantes, como o de ser o \u00fanico fabricante no mundo a investir por d\u00e9cadas no motor rotativo Wankel. Seu roadster MX-5 Miata, lan\u00e7ado<\/p>\n","protected":false},"author":6,"featured_media":110312,"comment_status":"open","ping_status":"closed","sticky":false,"template":"","format":"standard","meta":{"_joinchat":[],"footnotes":""},"categories":[8],"tags":[2622,156,120,409,94,408,432],"class_list":["post-110308","post","type-post","status-publish","format-standard","has-post-thumbnail","hentry","category-noticias","tag-aniversario","tag-carros-do-passado","tag-mazda","tag-mx-5","tag-noticias-2","tag-rx-7","tag-wankel"],"amp_enabled":true,"_links":{"self":[{"href":"https:\/\/autolivraria.com.br\/bc\/wp-json\/wp\/v2\/posts\/110308","targetHints":{"allow":["GET"]}}],"collection":[{"href":"https:\/\/autolivraria.com.br\/bc\/wp-json\/wp\/v2\/posts"}],"about":[{"href":"https:\/\/autolivraria.com.br\/bc\/wp-json\/wp\/v2\/types\/post"}],"author":[{"embeddable":true,"href":"https:\/\/autolivraria.com.br\/bc\/wp-json\/wp\/v2\/users\/6"}],"replies":[{"embeddable":true,"href":"https:\/\/autolivraria.com.br\/bc\/wp-json\/wp\/v2\/comments?post=110308"}],"version-history":[{"count":0,"href":"https:\/\/autolivraria.com.br\/bc\/wp-json\/wp\/v2\/posts\/110308\/revisions"}],"wp:featuredmedia":[{"embeddable":true,"href":"https:\/\/autolivraria.com.br\/bc\/wp-json\/wp\/v2\/media\/110312"}],"wp:attachment":[{"href":"https:\/\/autolivraria.com.br\/bc\/wp-json\/wp\/v2\/media?parent=110308"}],"wp:term":[{"taxonomy":"category","embeddable":true,"href":"https:\/\/autolivraria.com.br\/bc\/wp-json\/wp\/v2\/categories?post=110308"},{"taxonomy":"post_tag","embeddable":true,"href":"https:\/\/autolivraria.com.br\/bc\/wp-json\/wp\/v2\/tags?post=110308"}],"curies":[{"name":"wp","href":"https:\/\/api.w.org\/{rel}","templated":true}]}}