{"id":110871,"date":"2020-02-14T14:55:41","date_gmt":"2020-02-14T17:55:41","guid":{"rendered":"https:\/\/bestcars.uol.com.br\/bc\/?p=110871"},"modified":"2020-04-09T16:30:43","modified_gmt":"2020-04-09T19:30:43","slug":"saloes-do-automovel-podem-estar-proximos-do-fim","status":"publish","type":"post","link":"https:\/\/autolivraria.com.br\/bc\/informe-se\/colunas\/editorial\/saloes-do-automovel-podem-estar-proximos-do-fim\/","title":{"rendered":"Sal\u00f5es do Autom\u00f3vel podem estar pr\u00f3ximos do fim?"},"content":{"rendered":"<p><img fetchpriority=\"high\" decoding=\"async\" class=\"aligncenter size-full wp-image-73751\" src=\"https:\/\/autolivraria.com.br\/bc\/wp-content\/uploads\/2016\/06\/Editorial-696.jpg\" alt=\"\" width=\"696\" height=\"107\" srcset=\"https:\/\/autolivraria.com.br\/bc\/wp-content\/uploads\/2016\/06\/Editorial-696.jpg 696w, https:\/\/autolivraria.com.br\/bc\/wp-content\/uploads\/2016\/06\/Editorial-696-340x52.jpg 340w, https:\/\/autolivraria.com.br\/bc\/wp-content\/uploads\/2016\/06\/Editorial-696-222x34.jpg 222w\" sizes=\"(max-width: 696px) 100vw, 696px\" \/><\/p>\n<h2>No Brasil e no exterior, menos fabricantes t\u00eam participado dos eventos, o que indica a necessidade de mudan\u00e7as<\/h2>\n<p>&nbsp;<\/p>\n<p>Depois de 60 anos de <a href=\"https:\/\/autolivraria.com.br\/bc\/mais\/saloes\/salao-de-sao-paulo-a-historia-do-evento-cinquentenario\/\" target=\"_blank\" rel=\"noopener noreferrer\">hist\u00f3ria<\/a>, o Sal\u00e3o do Autom\u00f3vel de S\u00e3o Paulo enfrenta um desafio: cada vez menos fabricantes est\u00e3o interessados em expor seus produtos na maior feira de carros do Brasil. Chevrolet, Hyundai, Toyota e o grupo BMW (que inclui a Mini) anunciaram a decis\u00e3o de n\u00e3o estar na 31\u00aa. edi\u00e7\u00e3o do evento, somando-se a Citro\u00ebn, JAC Motors, Jaguar, Land Rover, Peugeot e Volvo, que mant\u00eam a posi\u00e7\u00e3o da mostra de 2018.<\/p>\n<p>Maior rejei\u00e7\u00e3o que essa o Sal\u00e3o s\u00f3 sofreu em 1986, quando os quatro fabricantes da \u00e9poca \u2014 Chevrolet, Fiat, Ford e Volkswagen \u2014 decidiram ficar de fora. Para n\u00e3o cancelar a exposi\u00e7\u00e3o, a organizadora Alc\u00e2ntara Machado realizou a importa\u00e7\u00e3o tempor\u00e1ria de 59 carros, incluindo <a title=\"Ferraris V8: uma longeva s\u00e9rie no centro das aten\u00e7\u00f5es\" href=\"https:\/\/autolivraria.com.br\/bc\/informe-se\/passado\/historia-ferraris-v8-uma-longeva-serie-no-centro-das-atencoes\/\">Ferrari 328<\/a>,\u00a0<a href=\"https:\/\/www.autolivraria.com.br\/cpassado3\/porsche-911-1.htm\">Porsche 911<\/a>\u00a0e\u00a0<a href=\"https:\/\/www.autolivraria.com.br\/ph\/142a.htm\">Lamborghini Jalpa<\/a>, em um tempo em que o mercado estava fechado aos carros estrangeiros. Com a abertura promovida por Fernando Collor, o evento de 1990 foi o primeiro com grande volume de importados lado a lado com os nacionais.<\/p>\n<p>&nbsp;<\/p>\n<blockquote><p>N\u00e3o \u00e9 s\u00f3 no Brasil: a Volkswagen estar\u00e1 ausente outra vez do evento de Paris, que em 2018 tamb\u00e9m n\u00e3o teve Fiat, Ford, Mazda, Mitsubishi, Nissan e Opel, entre outras<\/p><\/blockquote>\n<p>&nbsp;<\/p>\n<figure id=\"attachment_110873\" aria-describedby=\"caption-attachment-110873\" style=\"width: 340px\" class=\"wp-caption alignright\"><a href=\"https:\/\/autolivraria.com.br\/bc\/wp-content\/uploads\/2020\/02\/Camaro-Salao.jpg\"><img decoding=\"async\" class=\"size-medium wp-image-110873 lazyload\" data-src=\"https:\/\/autolivraria.com.br\/bc\/wp-content\/uploads\/2020\/02\/Camaro-Salao-340x226.jpg\" alt=\"\" width=\"340\" height=\"226\" data-srcset=\"https:\/\/autolivraria.com.br\/bc\/wp-content\/uploads\/2020\/02\/Camaro-Salao-340x226.jpg 340w, https:\/\/autolivraria.com.br\/bc\/wp-content\/uploads\/2020\/02\/Camaro-Salao.jpg 640w\" data-sizes=\"(max-width: 340px) 100vw, 340px\" src=\"data:image\/svg+xml;base64,PHN2ZyB3aWR0aD0iMSIgaGVpZ2h0PSIxIiB4bWxucz0iaHR0cDovL3d3dy53My5vcmcvMjAwMC9zdmciPjwvc3ZnPg==\" style=\"--smush-placeholder-width: 340px; --smush-placeholder-aspect-ratio: 340\/226;\" \/><\/a><figcaption id=\"caption-attachment-110873\" class=\"wp-caption-text\">Chevrolet Camaro no Sal\u00e3o de 2018: ter\u00e1 sido a \u00faltima participa\u00e7\u00e3o da GM?<\/figcaption><\/figure>\n<p>As empresas que anunciaram sua sa\u00edda exp\u00f5em argumentos parecidos. &#8220;A jornada de relacionamento do consumidor com a nossa marca vem se mostrando cada vez mais digital. Assim, a estrat\u00e9gia \u00e9 focarmos cada vez menos em formatos anal\u00f3gicos&#8221;, explicou a GM. &#8220;Decidimos substituir por outras atividades mais exclusivas ao longo do ano&#8221;, alegou a Hyundai. A Toyota tamb\u00e9m pretende &#8220;focar esfor\u00e7os em experi\u00eancias direcionadas a seus clientes e ampliar sua atua\u00e7\u00e3o em mobilidade&#8221;.<\/p>\n<p>A crise n\u00e3o se limita, cabe lembrar, ao Sal\u00e3o brasileiro. Na Europa, a Volkswagen anunciou em janeiro que estar\u00e1 ausente outra vez do evento de Paris \u2014 o maior do continente em anos pares, a se realizar em setembro \u2014, repetindo a posi\u00e7\u00e3o de 2018. Na \u00e9poca, o grupo alem\u00e3o declarou que &#8220;reavalia continuamente a relev\u00e2ncia de sua participa\u00e7\u00e3o em feiras&#8221;. Naquele ano a mostra francesa tamb\u00e9m ficou sem estandes de Alfa Romeo, Bentley, Fiat, Ford, Jeep, Mazda, Mini, Mitsubishi, Nissan, Opel, Subaru e Volvo.<\/p>\n<p>At\u00e9 mesmo o Sal\u00e3o de Frankfurt, realizado desde 1951 nessa capital financeira da Alemanha, vai acabar \u2014 mas por mudar de cidade, sendo Berlim, Hamburgo e Munique as cotadas para sediar a tradicional mostra. Como o contrato com o centro de eventos Messe Frankfurt terminou em 2019, a Associa\u00e7\u00e3o Alem\u00e3 da Ind\u00fastria Automobil\u00edstica decidiu analisar outras op\u00e7\u00f5es, acabando por excluir Frankfurt da fase de finalistas.<\/p>\n<p>&nbsp;<\/p>\n<div class='code-block code-block-7' style='margin: 28px auto; text-align: center; display: block; clear: both;'>\n<br>\n<div align=\"center\">\n<a target=\"_blank\" href=\"https:\/\/bestcars.com.br\/bc\/\">\n<img decoding=\"async\" data-src=\"https:\/\/bestcars.com.br\/bc\/wp-content\/uploads\/2021\/07\/Auto-Livraria-450x300-quadros.jpg\" alt=\"Auto Livraria\" src=\"data:image\/svg+xml;base64,PHN2ZyB3aWR0aD0iMSIgaGVpZ2h0PSIxIiB4bWxucz0iaHR0cDovL3d3dy53My5vcmcvMjAwMC9zdmciPjwvc3ZnPg==\" class=\"lazyload\"><\/a>\n<\/div>\n<br><\/div>\n\n<p>&nbsp;<\/p>\n<h2>Custo e conforto<\/h2>\n<p>Afinal, o que acontece mundo afora com os Sal\u00f5es do Autom\u00f3vel?<\/p>\n<p>Um dos fatores, certamente, \u00e9 econ\u00f4mico. Manter um estande por alguns dias em um evento desse porte custa milh\u00f5es, que precisam ser justificados pela empresa. Como n\u00e3o se vendem carros nessas exposi\u00e7\u00f5es, a conta passa ao terreno da forma\u00e7\u00e3o de imagem e do convencimento do cliente para fechar neg\u00f3cio em uma concession\u00e1ria. Por melhor que seja o resultado, o fabricante e seus acionistas sempre questionam se seria melhor investir em outros eventos, bem menos custosos, voltados a atuais clientes e p\u00fablico potencial.<\/p>\n<p>&nbsp;<\/p>\n<blockquote><p>Diz-se que o evento tem pessoas demais e sai caro entre ingresso, estacionamento e alimenta\u00e7\u00e3o \u2014e perde o sentido quando a informa\u00e7\u00e3o \u00e9 farta e \u00e1gil como hoje<\/p><\/blockquote>\n<p>&nbsp;<\/p>\n<figure id=\"attachment_110872\" aria-describedby=\"caption-attachment-110872\" style=\"width: 340px\" class=\"wp-caption alignleft\"><a href=\"https:\/\/autolivraria.com.br\/bc\/wp-content\/uploads\/2020\/02\/Salao-SP-anos-70.jpg\"><img decoding=\"async\" class=\"size-medium wp-image-110872 lazyload\" data-src=\"https:\/\/autolivraria.com.br\/bc\/wp-content\/uploads\/2020\/02\/Salao-SP-anos-70-340x226.jpg\" alt=\"\" width=\"340\" height=\"226\" data-srcset=\"https:\/\/autolivraria.com.br\/bc\/wp-content\/uploads\/2020\/02\/Salao-SP-anos-70-340x226.jpg 340w, https:\/\/autolivraria.com.br\/bc\/wp-content\/uploads\/2020\/02\/Salao-SP-anos-70.jpg 640w\" data-sizes=\"(max-width: 340px) 100vw, 340px\" src=\"data:image\/svg+xml;base64,PHN2ZyB3aWR0aD0iMSIgaGVpZ2h0PSIxIiB4bWxucz0iaHR0cDovL3d3dy53My5vcmcvMjAwMC9zdmciPjwvc3ZnPg==\" style=\"--smush-placeholder-width: 340px; --smush-placeholder-aspect-ratio: 340\/226;\" \/><\/a><figcaption id=\"caption-attachment-110872\" class=\"wp-caption-text\">Ford Corcel no Sal\u00e3o de S\u00e3o Paulo nos anos 70: cobertura das novidades era pouca e demorada<\/figcaption><\/figure>\n<p>Outra quest\u00e3o, a meu ver, passa por um processo que afeta de maneira ampla o autom\u00f3vel e sua ind\u00fastria. As novas gera\u00e7\u00f5es est\u00e3o cada vez menos interessadas em carros: muitos n\u00e3o querem comprar um, preferindo usar transporte p\u00fablico ou por aplicativos, e quase todo o restante v\u00ea o autom\u00f3vel como uma ferramenta, sem um interesse aprofundado que justificasse visitar o evento. Afinal, a internet est\u00e1 \u00e0 disposi\u00e7\u00e3o para encontrar as melhores op\u00e7\u00f5es, que podem ent\u00e3o ser vistas e dirigidas em concession\u00e1rias em algumas horas, com mais conforto e menor custo.<\/p>\n<p>Conforto e custo \u2014 dois pontos tamb\u00e9m importantes. Embora eu n\u00e3o possa opinar sobre o Sal\u00e3o de S\u00e3o Paulo do ponto de vista do visitante, pois desde 1996 fa\u00e7o sua (extenuante) cobertura como jornalista, \u00e9 comum ouvir opini\u00f5es de que o evento tem pessoas demais e sai caro entre ingresso, estacionamento e alimenta\u00e7\u00e3o \u2014 sua opini\u00e3o a respeito nos coment\u00e1rios \u00e9 bem-vinda. Suportar esses inconvenientes, para muitos, perde o sentido quando a informa\u00e7\u00e3o sobre as novidades \u00e9 t\u00e3o farta e \u00e1gil como hoje. Assim, mesmo os aficionados tendem a rarear no evento.<\/p>\n<p>Os sal\u00f5es como os conhecemos, portanto, podem estar a caminho da extin\u00e7\u00e3o. Ser\u00e3o reinventados? Passar\u00e3o a oferecer mais experi\u00eancias pr\u00e1ticas, como avalia\u00e7\u00f5es, e menos festa e exposi\u00e7\u00e3o? O tempo mostrar\u00e1.<\/p>\n<a href='https:\/\/autolivraria.com.br\/bc\/informe-se\/colunas\/editorial\/os-altos-e-baixos-do-mercado-de-automoveis-em-2019\/' class='small-button smallsilver'>Editorial anterior<\/a>\n<p>&nbsp;<\/p>\n","protected":false},"excerpt":{"rendered":"<p>No Brasil e no exterior, menos fabricantes t\u00eam participado dos eventos, o que indica a necessidade de mudan\u00e7as<\/p>\n","protected":false},"author":6,"featured_media":69289,"comment_status":"open","ping_status":"closed","sticky":false,"template":"","format":"standard","meta":{"_joinchat":[],"footnotes":""},"categories":[3593],"tags":[153,31,632,629],"class_list":["post-110871","post","type-post","status-publish","format-standard","has-post-thumbnail","hentry","category-editorial","tag-colunas-2","tag-editorial","tag-salao-de-sao-paulo","tag-salao-do-automovel"],"amp_enabled":true,"_links":{"self":[{"href":"https:\/\/autolivraria.com.br\/bc\/wp-json\/wp\/v2\/posts\/110871","targetHints":{"allow":["GET"]}}],"collection":[{"href":"https:\/\/autolivraria.com.br\/bc\/wp-json\/wp\/v2\/posts"}],"about":[{"href":"https:\/\/autolivraria.com.br\/bc\/wp-json\/wp\/v2\/types\/post"}],"author":[{"embeddable":true,"href":"https:\/\/autolivraria.com.br\/bc\/wp-json\/wp\/v2\/users\/6"}],"replies":[{"embeddable":true,"href":"https:\/\/autolivraria.com.br\/bc\/wp-json\/wp\/v2\/comments?post=110871"}],"version-history":[{"count":0,"href":"https:\/\/autolivraria.com.br\/bc\/wp-json\/wp\/v2\/posts\/110871\/revisions"}],"wp:featuredmedia":[{"embeddable":true,"href":"https:\/\/autolivraria.com.br\/bc\/wp-json\/wp\/v2\/media\/69289"}],"wp:attachment":[{"href":"https:\/\/autolivraria.com.br\/bc\/wp-json\/wp\/v2\/media?parent=110871"}],"wp:term":[{"taxonomy":"category","embeddable":true,"href":"https:\/\/autolivraria.com.br\/bc\/wp-json\/wp\/v2\/categories?post=110871"},{"taxonomy":"post_tag","embeddable":true,"href":"https:\/\/autolivraria.com.br\/bc\/wp-json\/wp\/v2\/tags?post=110871"}],"curies":[{"name":"wp","href":"https:\/\/api.w.org\/{rel}","templated":true}]}}