{"id":111321,"date":"2020-02-28T09:10:59","date_gmt":"2020-02-28T12:10:59","guid":{"rendered":"https:\/\/bestcars.uol.com.br\/bc\/?p=111321"},"modified":"2020-02-28T18:21:39","modified_gmt":"2020-02-28T21:21:39","slug":"nissan-versa-traz-caixa-cvt-por-r-63-390-em-serie-limitada","status":"publish","type":"post","link":"https:\/\/autolivraria.com.br\/bc\/informe-se\/noticias\/nissan-versa-traz-caixa-cvt-por-r-63-390-em-serie-limitada\/","title":{"rendered":"Nissan Versa: caixa CVT por R$ 63.390 em s\u00e9rie limitada"},"content":{"rendered":"<div id='gallery-1' class='gallery galleryid-111321 gallery-columns-1 gallery-size-large'><figure class='gallery-item'>\n\t\t\t<div class='gallery-icon landscape'>\n\t\t\t\t<a href='https:\/\/autolivraria.com.br\/bc\/wp-content\/uploads\/2020\/02\/Nissan-Versa-SE.jpg'><img fetchpriority=\"high\" decoding=\"async\" width=\"696\" height=\"464\" src=\"https:\/\/autolivraria.com.br\/bc\/wp-content\/uploads\/2020\/02\/Nissan-Versa-SE-696x464.jpg\" class=\"attachment-large size-large\" alt=\"\" \/><\/a>\n\t\t\t<\/div><\/figure>\n\t\t<\/div>\n\n<p>&nbsp;<\/p>\n<p>Enquanto a <a href=\"https:\/\/autolivraria.com.br\/bc\/informe-se\/noticias\/nissan-anuncia-march-versa-e-outras-novidades-ate-2023\/\" target=\"_blank\" rel=\"noopener noreferrer\">nova gera\u00e7\u00e3o do Nissan Versa<\/a> n\u00e3o chega ao Brasil, a antiga recebe uma s\u00e9rie especial que oferece a <a href=\"https:\/\/autolivraria.com.br\/bc\/glossario-c\/#cvt\" target=\"_blank\" rel=\"noopener noreferrer\">transmiss\u00e3o autom\u00e1tica de varia\u00e7\u00e3o cont\u00ednua (CVT)<\/a> por menor pre\u00e7o. O Versa Special Edition j\u00e1 est\u00e1 \u00e0 venda ao pre\u00e7o de R$ 63.390 e ter\u00e1 550 unidades dispon\u00edveis. Com base na vers\u00e3o S com motor de 1,6 litro, a edi\u00e7\u00e3o vem com ar-condicionado, comandos de \u00e1udio e telefone no volante, computador de bordo, volante com regulagem de altura e central de \u00e1udio com tela de 7 polegadas e integra\u00e7\u00e3o com Car Play e Android Auto. O motor produz 111 cv. Nas vers\u00f5es normais, o Versa S com caixa manual custa R$ 57.390, enquanto o SV CVT (at\u00e9 ent\u00e3o o Versa mais barato com caixa autom\u00e1tica) passa a R$ 67.290.<\/p>\n<p><em>Texto da equipe &#8211; Foto: divulga\u00e7\u00e3o<\/em><\/p>\n<p>&nbsp;<\/p>\n<div class='code-block code-block-7' style='margin: 28px auto; text-align: center; display: block; clear: both;'>\n<script async src=\"https:\/\/pagead2.googlesyndication.com\/pagead\/js\/adsbygoogle.js\"><\/script>\n<!-- AL-quadrado -->\n<ins class=\"adsbygoogle\"\n     style=\"display:block\"\n     data-ad-client=\"ca-pub-1914799802606213\"\n     data-ad-slot=\"5683066082\"\n     data-ad-format=\"auto\"\n     data-full-width-responsive=\"true\"><\/ins>\n<script>\n     (adsbygoogle = window.adsbygoogle || []).push({});\n<\/script><\/div>\n\n<p>&nbsp;<\/p>\n","protected":false},"excerpt":{"rendered":"<p>&nbsp; Enquanto a nova gera\u00e7\u00e3o do Nissan Versa n\u00e3o chega ao Brasil, a antiga recebe uma s\u00e9rie especial que oferece a transmiss\u00e3o autom\u00e1tica de varia\u00e7\u00e3o cont\u00ednua (CVT) por menor pre\u00e7o. O Versa Special Edition j\u00e1 est\u00e1 \u00e0 venda ao pre\u00e7o de R$ 63.390 e ter\u00e1 550 unidades dispon\u00edveis. Com base na vers\u00e3o S com motor<\/p>\n","protected":false},"author":6,"featured_media":111322,"comment_status":"open","ping_status":"closed","sticky":false,"template":"","format":"standard","meta":{"_joinchat":[],"footnotes":""},"categories":[8],"tags":[106,94,642],"class_list":["post-111321","post","type-post","status-publish","format-standard","has-post-thumbnail","hentry","category-noticias","tag-nissan","tag-noticias-2","tag-versa"],"amp_enabled":true,"_links":{"self":[{"href":"https:\/\/autolivraria.com.br\/bc\/wp-json\/wp\/v2\/posts\/111321","targetHints":{"allow":["GET"]}}],"collection":[{"href":"https:\/\/autolivraria.com.br\/bc\/wp-json\/wp\/v2\/posts"}],"about":[{"href":"https:\/\/autolivraria.com.br\/bc\/wp-json\/wp\/v2\/types\/post"}],"author":[{"embeddable":true,"href":"https:\/\/autolivraria.com.br\/bc\/wp-json\/wp\/v2\/users\/6"}],"replies":[{"embeddable":true,"href":"https:\/\/autolivraria.com.br\/bc\/wp-json\/wp\/v2\/comments?post=111321"}],"version-history":[{"count":0,"href":"https:\/\/autolivraria.com.br\/bc\/wp-json\/wp\/v2\/posts\/111321\/revisions"}],"wp:featuredmedia":[{"embeddable":true,"href":"https:\/\/autolivraria.com.br\/bc\/wp-json\/wp\/v2\/media\/111322"}],"wp:attachment":[{"href":"https:\/\/autolivraria.com.br\/bc\/wp-json\/wp\/v2\/media?parent=111321"}],"wp:term":[{"taxonomy":"category","embeddable":true,"href":"https:\/\/autolivraria.com.br\/bc\/wp-json\/wp\/v2\/categories?post=111321"},{"taxonomy":"post_tag","embeddable":true,"href":"https:\/\/autolivraria.com.br\/bc\/wp-json\/wp\/v2\/tags?post=111321"}],"curies":[{"name":"wp","href":"https:\/\/api.w.org\/{rel}","templated":true}]}}