{"id":11143,"date":"2012-09-06T17:49:35","date_gmt":"2012-09-06T20:49:35","guid":{"rendered":"http:\/\/bestcars.uol.com.br\/bc\/?p=11143"},"modified":"2012-09-12T16:54:54","modified_gmt":"2012-09-12T19:54:54","slug":"gol-bluemotion-agita-a-bandeira-da-economia-relato-4","status":"publish","type":"post","link":"https:\/\/autolivraria.com.br\/bc\/informe-se\/um-mes\/gol-bluemotion-agita-a-bandeira-da-economia-relato-4\/","title":{"rendered":"Gol BlueMotion agita a bandeira da economia (relato 4)"},"content":{"rendered":"<p><a href=\"https:\/\/autolivraria.com.br\/bc\/wp-content\/uploads\/2012\/08\/Gol-BlueMotion-05.jpg\"><img fetchpriority=\"high\" decoding=\"async\" class=\"aligncenter size-medium wp-image-10544\" title=\"Gol BlueMotion\" src=\"https:\/\/autolivraria.com.br\/bc\/wp-content\/uploads\/2012\/08\/Gol-BlueMotion-05-560x373.jpg\" alt=\"\" width=\"560\" height=\"373\" srcset=\"https:\/\/autolivraria.com.br\/bc\/wp-content\/uploads\/2012\/08\/Gol-BlueMotion-05-560x373.jpg 560w, https:\/\/autolivraria.com.br\/bc\/wp-content\/uploads\/2012\/08\/Gol-BlueMotion-05-470x313.jpg 470w, https:\/\/autolivraria.com.br\/bc\/wp-content\/uploads\/2012\/08\/Gol-BlueMotion-05-270x179.jpg 270w, https:\/\/autolivraria.com.br\/bc\/wp-content\/uploads\/2012\/08\/Gol-BlueMotion-05.jpg 1280w\" sizes=\"(max-width: 560px) 100vw, 560px\" \/><\/a><\/p>\n<p>&nbsp;<\/p>\n<h2>Evolu\u00e7\u00f5es no motor de 1,0 litro somam-se a um pacote<br \/>\nvoltado \u00e0 efici\u00eancia: como ele\u00a0se comporta durante 30 dias?<\/h2>\n<p><em>Texto e fotos: Roberto Agresti<\/em><\/p>\n<p>&nbsp;<\/p>\n<p><strong>Atualiza\u00e7\u00e3o de 6\/9\/12<\/strong><\/p>\n<p>A semana n\u00famero dois do Gol BlueMotion em nossas m\u00e3os foi morna em termos de quilometragem, mas quente em se tratando de informa\u00e7\u00e3o, como sempre acontece quando nossos carros da avalia\u00e7\u00e3o de <em>Um M\u00eas ao Volante<\/em> passam pelas m\u00e3os do consultor t\u00e9cnico Alberto Trivellato.<\/p>\n<p>Estacionado \u00e0 porta da oficina Suspent\u00e9cnica, de S\u00e3o Paulo, SP, o Gol chamou aten\u00e7\u00e3o dos funcion\u00e1rios, tanto pelo novo visual que acaba de receber quanto pelo logotipo BlueMotion, alusivo ao pacote de efici\u00eancia sobre o qual alguns j\u00e1 haviam lido. O extrato das impress\u00f5es \u00e9 positivo, com as formas do novo Gol agradando tanto \u00e0 equipe quanto a Alberto. Para este, de um modo geral, detalhes de acabamento \u2014 pintura, folga entre os v\u00e3os da carroceria, padr\u00e3o interno de desenho e materiais usados \u2014 n\u00e3o provocaram rea\u00e7\u00e3o negativa digna de nota.<\/p>\n<p>Nessa an\u00e1lise est\u00e1tica do novo Gol, um item chamou a aten\u00e7\u00e3o: o trinco do cap\u00f4 tem a caracter\u00edstica de aliar em uma s\u00f3 pe\u00e7a duas fun\u00e7\u00f5es, a de &#8220;macho&#8221; da tranca propriamente dita e a de trava de seguran\u00e7a. Tal solu\u00e7\u00e3o causou animada an\u00e1lise e, ao fim, a conclus\u00e3o foi dupla: palmas \u00e0 engenhosidade de quem conciliou as fun\u00e7\u00f5es e&#8230; cr\u00edticas, pois a trava serve para evitar problemas em caso de mau fechamento ou falha da pe\u00e7a e, se ela for \u00fanica, perde-se a fun\u00e7\u00e3o de seguran\u00e7a.<\/p>\n<p>Ainda de nariz enfiado no cap\u00f4, Alberto elogia a organiza\u00e7\u00e3o dos componentes, menos alguns m\u00e9todos de fixa\u00e7\u00e3o que se valem de um excessivo n\u00famero de &#8220;esgana-gato&#8221; \u2014 as cintas de material pl\u00e1stico. Tamb\u00e9m fez torcer o nariz aproveitamentos como a base da bateria, projetada para uma bem maior do que a que equipa o Gol. Contudo, a boa pintura interna (e n\u00e3o tinta de fundo como, por exemplo, havia no bem mais caro &#8220;irm\u00e3o&#8221; <a title=\"Audi A1: portal do prest\u00edgio\" href=\"https:\/\/autolivraria.com.br\/bc\/informe-se\/avaliacao\/audi-a1-portal-do-prestigio\/\">Audi A1<\/a>) agrada aos olhos.<\/p>\n<p>&nbsp;<\/p>\n<div class='one_half'>\n\t\t\t\t\t<p><a href=\"https:\/\/autolivraria.com.br\/bc\/wp-content\/uploads\/2012\/09\/Gol-BlueMotion-ST3.jpg\"><img decoding=\"async\" class=\"aligncenter size-meia-largura-post wp-image-11147 lazyload\" title=\"Gol BlueMotion\" data-src=\"https:\/\/autolivraria.com.br\/bc\/wp-content\/uploads\/2012\/09\/Gol-BlueMotion-ST3-270x179.jpg\" alt=\"\" width=\"270\" height=\"179\" data-srcset=\"https:\/\/autolivraria.com.br\/bc\/wp-content\/uploads\/2012\/09\/Gol-BlueMotion-ST3-270x179.jpg 270w, https:\/\/autolivraria.com.br\/bc\/wp-content\/uploads\/2012\/09\/Gol-BlueMotion-ST3-560x373.jpg 560w, https:\/\/autolivraria.com.br\/bc\/wp-content\/uploads\/2012\/09\/Gol-BlueMotion-ST3-470x313.jpg 470w, https:\/\/autolivraria.com.br\/bc\/wp-content\/uploads\/2012\/09\/Gol-BlueMotion-ST3.jpg 1280w\" data-sizes=\"(max-width: 270px) 100vw, 270px\" src=\"data:image\/svg+xml;base64,PHN2ZyB3aWR0aD0iMSIgaGVpZ2h0PSIxIiB4bWxucz0iaHR0cDovL3d3dy53My5vcmcvMjAwMC9zdmciPjwvc3ZnPg==\" style=\"--smush-placeholder-width: 270px; --smush-placeholder-aspect-ratio: 270\/179;\" \/><\/a><\/p>\n\t\t\t\t<\/div>\n<div class='one_half last'>\n\t\t\t\t\t<p><a href=\"https:\/\/autolivraria.com.br\/bc\/wp-content\/uploads\/2012\/09\/Gol-BlueMotion-ST12.jpg\"><img decoding=\"async\" class=\"aligncenter size-meia-largura-post wp-image-11148 lazyload\" title=\"Gol BlueMotion\" data-src=\"https:\/\/autolivraria.com.br\/bc\/wp-content\/uploads\/2012\/09\/Gol-BlueMotion-ST12-270x179.jpg\" alt=\"\" width=\"270\" height=\"179\" data-srcset=\"https:\/\/autolivraria.com.br\/bc\/wp-content\/uploads\/2012\/09\/Gol-BlueMotion-ST12-270x179.jpg 270w, https:\/\/autolivraria.com.br\/bc\/wp-content\/uploads\/2012\/09\/Gol-BlueMotion-ST12-560x373.jpg 560w, https:\/\/autolivraria.com.br\/bc\/wp-content\/uploads\/2012\/09\/Gol-BlueMotion-ST12-470x313.jpg 470w, https:\/\/autolivraria.com.br\/bc\/wp-content\/uploads\/2012\/09\/Gol-BlueMotion-ST12.jpg 1280w\" data-sizes=\"(max-width: 270px) 100vw, 270px\" src=\"data:image\/svg+xml;base64,PHN2ZyB3aWR0aD0iMSIgaGVpZ2h0PSIxIiB4bWxucz0iaHR0cDovL3d3dy53My5vcmcvMjAwMC9zdmciPjwvc3ZnPg==\" style=\"--smush-placeholder-width: 270px; --smush-placeholder-aspect-ratio: 270\/179;\" \/><\/a><\/p>\n\t\t\t\t<\/div><div class='clear'><\/div>\n<p style=\"text-align: center;\"><em>\u00a0<\/em><br \/>\n<em>A inspe\u00e7\u00e3o visual e um breve teste de dire\u00e7\u00e3o deram a Alberto Trivellato, da oficina<br \/>\nSuspent\u00e9cnica, a convic\u00e7\u00e3o de que o Gol continua a cumprir seu prop\u00f3sito<\/em><\/p>\n<p>&nbsp;<\/p>\n<p>Passando ao interior, nem empolga\u00e7\u00e3o, nem indigna\u00e7\u00e3o: o Gol \u00e9 sisudo, cinza, rigoroso, mas correto para sua categoria. Comandos est\u00e3o onde se espera que estejam, sem novidades. O painel s\u00f3brio e bem informativo agradou Alberto, e nem mesmo a aus\u00eancia de regulagem da coluna de dire\u00e7\u00e3o incomodou ao colaborador.<\/p>\n<p>Dada a partida no motor para seus quil\u00f4metros ao volante, ao passar a segunda marcha o motorista se espanta pelo tranco causado. Alberto repete a opera\u00e7\u00e3o e, mais uma vez, n\u00e3o consegue evitar que o Gol chacoalhe. Depois de tr\u00eas ou quatro vezes, s\u00f3 reduz o tranco &#8220;queimando&#8221; a embreagem, e reclama: &#8220;Isso \u00e9 estranho: o motor permanece acelerado quando se aperta a embreagem para a troca de marcha, mesmo tirando o p\u00e9 do acelerador, e uma vez que se espeta a segunda, \u00e9 claro que haver\u00e1 um &#8216;pulo&#8217;, pois a rota\u00e7\u00e3o n\u00e3o caiu como esperado&#8221;.<\/p>\n<p>O giro de Alberto com o Gol prossegue e a caracter\u00edstica inc\u00f4moda permanece, mas em menor grau, nas passagens para terceira e para quarta, marchas mais longas e que atenuam o efeito. Mas ficar de olho no conta-giros revela que, sim, a rota\u00e7\u00e3o do motor cai de maneira muito lenta. E por qual raz\u00e3o?<\/p>\n<p>Alberto teoriza um conjunto de fatores: &#8220;Um motor de 1.000 cm\u00b3 equipando um carro de quase uma tonelada demanda um ajuste especial. O volante do motor n\u00e3o pode exagerar na massa, pois isso roubaria a pot\u00eancia que j\u00e1 n\u00e3o \u00e9 grande, apesar de favorecer o torque. A solu\u00e7\u00e3o \u00e9 encontrar um compromisso. Com o giro caindo lentamente, provocado pelo ajuste eletr\u00f4nico da inje\u00e7\u00e3o, tem-se a impress\u00e3o de que o carro est\u00e1 mais &#8216;esperto&#8217; depois da troca de marcha, pois se dispensa que o motorista afunde o p\u00e9 buscando for\u00e7a. Mas o conforto padece&#8221;.<\/p>\n<p>Acostumado \u2014 mas n\u00e3o conformado \u2014 com essa caracter\u00edstica do Gol, o foco passa ao ajuste de suspens\u00e3o, n\u00e3o sem antes o devido elogio ao comando de c\u00e2mbio. O colaborador entende que molas e amortecedores tiveram suas cargas estabelecidas perto de um limite preciso, que deu ao Gol a firmeza necess\u00e1ria sem contudo prejudicar o conforto.<\/p>\n<p>&nbsp;<\/p>\n<p><div class='one_third'>\n\t\t\t\t\t<a href=\"https:\/\/autolivraria.com.br\/bc\/wp-content\/uploads\/2012\/09\/Gol-BlueMotion-ST1.jpg\"><img decoding=\"async\" class=\"aligncenter lazyload\" title=\"Gol BlueMotion\" data-src=\"https:\/\/autolivraria.com.br\/bc\/wp-content\/uploads\/2012\/09\/Gol-BlueMotion-ST1-168x168.jpg\" alt=\"\" width=\"168\" height=\"168\" src=\"data:image\/svg+xml;base64,PHN2ZyB3aWR0aD0iMSIgaGVpZ2h0PSIxIiB4bWxucz0iaHR0cDovL3d3dy53My5vcmcvMjAwMC9zdmciPjwvc3ZnPg==\" style=\"--smush-placeholder-width: 168px; --smush-placeholder-aspect-ratio: 168\/168;\" \/><\/a>\n\t\t\t\t<\/div><div class='one_third'>\n\t\t\t\t\t<a href=\"https:\/\/autolivraria.com.br\/bc\/wp-content\/uploads\/2012\/09\/Gol-BlueMotion-ST5.jpg\"><img decoding=\"async\" class=\"aligncenter lazyload\" title=\"Gol BlueMotion\" data-src=\"https:\/\/autolivraria.com.br\/bc\/wp-content\/uploads\/2012\/09\/Gol-BlueMotion-ST5-168x168.jpg\" alt=\"\" width=\"168\" height=\"168\" src=\"data:image\/svg+xml;base64,PHN2ZyB3aWR0aD0iMSIgaGVpZ2h0PSIxIiB4bWxucz0iaHR0cDovL3d3dy53My5vcmcvMjAwMC9zdmciPjwvc3ZnPg==\" style=\"--smush-placeholder-width: 168px; --smush-placeholder-aspect-ratio: 168\/168;\" \/><\/a>\n\t\t\t\t<\/div><div class='one_third last'>\n\t\t\t\t\t<a href=\"https:\/\/autolivraria.com.br\/bc\/wp-content\/uploads\/2012\/09\/Gol-BlueMotion-ST4.jpg\"><img decoding=\"async\" class=\"aligncenter lazyload\" title=\"Gol BlueMotion\" data-src=\"https:\/\/autolivraria.com.br\/bc\/wp-content\/uploads\/2012\/09\/Gol-BlueMotion-ST4-168x168.jpg\" alt=\"\" width=\"168\" height=\"168\" src=\"data:image\/svg+xml;base64,PHN2ZyB3aWR0aD0iMSIgaGVpZ2h0PSIxIiB4bWxucz0iaHR0cDovL3d3dy53My5vcmcvMjAwMC9zdmciPjwvc3ZnPg==\" style=\"--smush-placeholder-width: 168px; --smush-placeholder-aspect-ratio: 168\/168;\" \/><\/a>\n\t\t\t\t<\/div><div class='clear'><\/div><\/p>\n<p style=\"text-align: center;\"><em>\u00a0<\/em><br \/>\n<em>A trava do cap\u00f4 com dupla fun\u00e7\u00e3o e as suspens\u00f5es dianteira (no centro) e<br \/>\ntraseira, conjuntos simples, mas com acerto bem feito nessa vers\u00e3o BlueMotion<\/em><\/p>\n<p>&nbsp;<\/p>\n<p>&#8220;O fato de ele n\u00e3o ser um carro \u00e1spero e de rodar desconfort\u00e1vel, mesmo usando componentes de suspens\u00e3o com carga elevada e uma press\u00e3o de pneus bastante alta, se deve \u00e0 compensa\u00e7\u00e3o em outros elementos el\u00e1sticos da suspens\u00e3o. O dimensionamento generoso de coxins e demais borrachas que ligam as partes m\u00f3veis ao <a href=\"https:\/\/autolivraria.com.br\/bc\/glossario-m\/#mono\">monobloco<\/a> &#8216;isola&#8217; o Gol, dando conforto, mas n\u00e3o o deixa mole demais. A op\u00e7\u00e3o pelos pneus de perfil alto, 175\/70, tamb\u00e9m ajuda nisso: por maior que seja a press\u00e3o indicada para infl\u00e1-los, a lateral alta do pneu o faz &#8216;trabalhar&#8217;, flexionando e filtrando as asperezas do piso&#8221;, analisa o consultor.<\/p>\n<p>O t\u00edpico giro-teste de Alberto se conclui com uma selecionada escolha de obst\u00e1culos \u2014 valetas, lombadas e demais acidentes das ruas de S\u00e3o Paulo \u2014e algumas bruscas mudan\u00e7as de trajet\u00f3ria, com o claro intuito de tentar desequilibrar o Gol. O saldo \u00e9 positivo, com o colaborador julgando adequado o acerto de chassi desse carro com pretens\u00f5es de uso t\u00e3o m\u00faltiplas.<\/p>\n<h3>Colcha de retalhos<\/h3>\n<p>De volta \u00e0 oficina, no elevador, a an\u00e1lise das entranhas revela as origens desse Volkswagen: &#8220;Esse \u00e9 um projeto da engenharia brasileira. L\u00e1 atr\u00e1s, nos remotos anos 80, em vez de trazerem um carro alem\u00e3o como o Golf ou o Polo de primeira gera\u00e7\u00e3o, preferiram fazer um modelo espec\u00edfico para o Brasil. Sem julgar o m\u00e9rito dessa escolha, o que se viu e v\u00ea nos Gols, e esse n\u00e3o foge \u00e0 regra, \u00e9 que as solu\u00e7\u00f5es t\u00e9cnicas adotadas s\u00e3o uma colcha de retalhos&#8221;.<\/p>\n<p>Como assim?<\/p>\n<p>Assim: &#8220;Vejo aqui, na suspens\u00e3o dianteira, elementos de Volkswagen, de Audi, de diversos carros do grupo que passam pela minha oficina. S\u00f3 que esse \u00e9 o conjunto espec\u00edfico do Gol, e funciona h\u00e1 anos e muito bem. N\u00e3o h\u00e1 nenhum dem\u00e9rito em usar partes e solu\u00e7\u00f5es, fazendo uma esp\u00e9cie de &#8216;catad\u00e3o&#8217; da tecnologia dispon\u00edvel na marca, desde que funcione&#8221;.<\/p>\n<p>Quando o colaborador caminha em dire\u00e7\u00e3o ao eixo traseiro, informamos do questionamento de um leitor sobre eventual uso de componentes dos Gols de gera\u00e7\u00f5es passadas, como eixo, assoalho traseiro e caixa de estepe \u2014\u00a0que n\u00e3o seriam os mesmos de Fox e Polo, apesar do senso comum de que os tr\u00eas modelos compartilham a plataforma.<\/p>\n<p>&nbsp;<\/p>\n<div class='one_third'>\n\t\t\t\t\t<p><a href=\"https:\/\/autolivraria.com.br\/bc\/wp-content\/uploads\/2012\/09\/Gol-BlueMotion-ST6.jpg\"><img decoding=\"async\" class=\"aligncenter size-thumbnail wp-image-11153 lazyload\" title=\"Gol BlueMotion\" data-src=\"https:\/\/autolivraria.com.br\/bc\/wp-content\/uploads\/2012\/09\/Gol-BlueMotion-ST6-168x168.jpg\" alt=\"\" width=\"168\" height=\"168\" src=\"data:image\/svg+xml;base64,PHN2ZyB3aWR0aD0iMSIgaGVpZ2h0PSIxIiB4bWxucz0iaHR0cDovL3d3dy53My5vcmcvMjAwMC9zdmciPjwvc3ZnPg==\" style=\"--smush-placeholder-width: 168px; --smush-placeholder-aspect-ratio: 168\/168;\" \/><\/a><\/p>\n\t\t\t\t<\/div><div class='one_third'>\n\t\t\t\t\t<p style=\"text-align: center;\"><a href=\"https:\/\/autolivraria.com.br\/bc\/wp-content\/uploads\/2012\/09\/Gol-BlueMotion-ST10.jpg\"><img decoding=\"async\" class=\"aligncenter size-thumbnail wp-image-11152 lazyload\" title=\"Gol BlueMotion\" data-src=\"https:\/\/autolivraria.com.br\/bc\/wp-content\/uploads\/2012\/09\/Gol-BlueMotion-ST10-168x168.jpg\" alt=\"\" width=\"168\" height=\"168\" src=\"data:image\/svg+xml;base64,PHN2ZyB3aWR0aD0iMSIgaGVpZ2h0PSIxIiB4bWxucz0iaHR0cDovL3d3dy53My5vcmcvMjAwMC9zdmciPjwvc3ZnPg==\" style=\"--smush-placeholder-width: 168px; --smush-placeholder-aspect-ratio: 168\/168;\" \/><\/a><\/p>\n\t\t\t\t<\/div><div class='one_third last'>\n\t\t\t\t\t<p><a href=\"https:\/\/autolivraria.com.br\/bc\/wp-content\/uploads\/2012\/09\/Gol-BlueMotion-ST7.jpg\"><img decoding=\"async\" class=\"aligncenter size-thumbnail wp-image-11154 lazyload\" title=\"Gol BlueMotion\" data-src=\"https:\/\/autolivraria.com.br\/bc\/wp-content\/uploads\/2012\/09\/Gol-BlueMotion-ST7-168x168.jpg\" alt=\"\" width=\"168\" height=\"168\" src=\"data:image\/svg+xml;base64,PHN2ZyB3aWR0aD0iMSIgaGVpZ2h0PSIxIiB4bWxucz0iaHR0cDovL3d3dy53My5vcmcvMjAwMC9zdmciPjwvc3ZnPg==\" style=\"--smush-placeholder-width: 168px; --smush-placeholder-aspect-ratio: 168\/168;\" \/><\/a><\/p>\n\t\t\t\t<\/div><div class='clear'><\/div><\/p>\n<p style=\"text-align: center;\"><em>\u00a0<\/em><br \/>\n<em>Os detalhes construtivos do Gol, vis\u00edveis por baixo e no cofre do motor, revelaram um<br \/>\ncarro de projeto de custo baixo, mas sem descuidos que afetem a durabilidade<\/em><\/p>\n<p>&nbsp;<\/p>\n<p>Sobre isso, Alberto comenta: &#8220;Sim, na pr\u00e1tica esse eixo de tor\u00e7\u00e3o \u00e9 igualzinho ao dos primeiros Gols. E da\u00ed? Qual o problema se ele funciona bem, \u00e9 robusto, simples, sem surpresas? N\u00e3o vejo problema nessa op\u00e7\u00e3o de fundir fam\u00edlias diferentes em um mesmo monobloco. Espera-se, acima de tudo, a funcionalidade de um carro de vi\u00e9s popular. Na verdade, acho que o Gol atende a uma f\u00f3rmula de sucesso e cumpre bem sua fun\u00e7\u00e3o, mesmo sendo constru\u00eddo de maneira f\u00e1cil e barata&#8221;.<\/p>\n<p>Alberto prossegue observando detalhes construtivos da se\u00e7\u00e3o inferior do Gol. Ele e alguns funcion\u00e1rios apontam aperfei\u00e7oamentos, como a prote\u00e7\u00e3o das linhas de combust\u00edvel e de freio, a soldagem das chapas e o cuidado com emendas e tratamento anticorros\u00e3o, que supera o encontrado em um concorrente direto, o <a title=\"Fiat Palio: o retorno de um velho conhecido\" href=\"https:\/\/autolivraria.com.br\/bc\/informe-se\/avaliacao\/fiat-palio-o-retorno-de-um-velho-conhecido\/\">novo Fiat Palio<\/a>, rec\u00e9m-avaliado na se\u00e7\u00e3o.<\/p>\n<p>&#8220;O Gol \u00e9 caprichadinho, bem constru\u00eddo, com solu\u00e7\u00f5es t\u00e9cnicas eficientes e muito testadas. Por conta disso, atende sua proposta de oferecer simplicidade e efici\u00eancia. Todavia, acho estranho que alguns componentes estejam pintados de preto de modo que n\u00e3o considero normal. Desconfio que, sendo um carro da frota de imprensa, foi &#8216;preparado&#8217; para sair bonito em uma eventual se\u00e7\u00e3o fotogr\u00e1fica&#8221;, ele nota. E com esse coment\u00e1rio Alberto nos entrega uma miss\u00e3o: debru\u00e7armo-nos sob um carro novo em uma concession\u00e1ria para ver se esse &#8220;preto fosco&#8221; \u00e9 padr\u00e3o.<\/p>\n<p>Alberto compraria um Gol BlueMotion? &#8220;Por esse pre\u00e7o, jamais. Pagar R$ 36 mil por um Gol 1000 parece piada, por mais equipado que seja. Os R$ 28 mil do modelo de entrada, pelado, seriam uma cifra razo\u00e1vel se viesse com os principais equipamentos deste, em especial freios ABS, airbags e os indispens\u00e1veis ar-condicionado e dire\u00e7\u00e3o hidr\u00e1ulica. O resto daria at\u00e9 para relevar&#8221;. E as palavras de Alberto fazem coro com as de seus colaboradores na Suspent\u00e9cnica, donos de carros dessa categoria que v\u00eam m\u00e9ritos, e muitos, no Gol \u2014 mas n\u00e3o a esse exorbitante pre\u00e7o.<\/p>\n<table border=\"0\">\n<tbody>\n<tr>\n<td><a href='https:\/\/autolivraria.com.br\/bc\/informe-se\/avaliacao\/um-mes\/gol-bluemotion-agita-a-bandeira-da-economia-relato-3\/' class='small-button smallsilver'>Atualiza\u00e7\u00e3o anterior<\/a><\/td>\n<\/tr>\n<\/tbody>\n<\/table>\n<p>&nbsp;<\/p>\n<div class='et-box et-shadow'>\n\t\t\t\t\t<div class='et-box-content'><h2>\u00daltimo per\u00edodo<\/h2>\n<table id=\"table6087\" style=\"width: 100%;\" border=\"0\" cellspacing=\"0\" cellpadding=\"3\">\n<tbody>\n<tr>\n<td align=\"center\" width=\"50%\">\n<h2>2 dias<\/h2>\n<\/td>\n<td align=\"center\" width=\"50%\">\n<h2>189 km<\/h2>\n<\/td>\n<\/tr>\n<tr>\n<td width=\"50%\">Dist\u00e2ncia em cidade<\/td>\n<td align=\"left\">189 km<\/td>\n<\/tr>\n<tr>\n<td width=\"50%\">Dist\u00e2ncia em estrada<\/td>\n<td align=\"left\">0 km<\/td>\n<\/tr>\n<tr>\n<td width=\"50%\">Tempo ao volante<\/td>\n<td align=\"left\">9h 03min<\/td>\n<\/tr>\n<tr>\n<td width=\"50%\">Velocidade m\u00e9dia<\/td>\n<td align=\"left\">21 km\/h<\/td>\n<\/tr>\n<tr>\n<td width=\"50%\">Consumo m\u00e9dio (\u00e1lcool)<\/td>\n<td align=\"left\">7,2 km\/l<\/td>\n<\/tr>\n<tr>\n<td colspan=\"2\" width=\"100%\">Indica\u00e7\u00f5es do computador de bordo<\/td>\n<\/tr>\n<\/tbody>\n<\/table><\/div><\/div>\n<p>&nbsp;<\/p>\n<div class='et-box et-shadow'>\n\t\t\t\t\t<div class='et-box-content'><h2>Desde o in\u00edcio<\/h2>\n<table id=\"table6087\" style=\"width: 100%;\" border=\"0\" cellspacing=\"0\" cellpadding=\"3\">\n<tbody>\n<tr>\n<td align=\"center\" width=\"50%\">\n<h2>14 dias<\/h2>\n<\/td>\n<td align=\"center\" width=\"50%\">\n<h2>1.651 km<\/h2>\n<\/td>\n<\/tr>\n<tr>\n<td width=\"50%\">Dist\u00e2ncia em cidade<\/td>\n<td align=\"left\">668 km<\/td>\n<\/tr>\n<tr>\n<td width=\"50%\">Dist\u00e2ncia em estrada<\/td>\n<td align=\"left\">983 km<\/td>\n<\/tr>\n<tr>\n<td width=\"50%\">Tempo ao volante<\/td>\n<td align=\"left\">50h 30min<\/td>\n<\/tr>\n<tr>\n<td width=\"50%\">Velocidade m\u00e9dia<\/td>\n<td align=\"left\">33 km\/h<\/td>\n<\/tr>\n<tr>\n<td width=\"50%\">Consumo m\u00e9dio (\u00e1lcool)<\/td>\n<td align=\"left\">9,9 km\/l<\/td>\n<\/tr>\n<tr>\n<td width=\"50%\">\u00a0 \u00a0 \u00a0Melhor marca m\u00e9dia (\u00e1lcool)<\/td>\n<td align=\"left\">12,9 km\/l<\/td>\n<\/tr>\n<tr>\n<td width=\"50%\">\u00a0 \u00a0 \u00a0Pior marca m\u00e9dia\u00a0(\u00e1lcool)<\/td>\n<td align=\"left\">7,2 km\/l<\/td>\n<\/tr>\n<tr>\n<td width=\"50%\">Consumo em percurso-padr\u00e3o (43,2 km)<\/td>\n<td align=\"left\"><\/td>\n<\/tr>\n<tr>\n<td width=\"50%\">\u00a0 \u00a0 \u00a0\u00c1lcool<\/td>\n<td align=\"left\">14,6 km\/l<\/td>\n<\/tr>\n<tr>\n<td colspan=\"2\" width=\"100%\">Indica\u00e7\u00f5es do computador de bordo<\/td>\n<\/tr>\n<\/tbody>\n<\/table><\/div><\/div>\n<p>&nbsp;<\/p>\n<div class='et-box et-shadow'>\n\t\t\t\t\t<div class='et-box-content'><h2>Pre\u00e7o<\/h2>\n<table id=\"table6088\" style=\"width: 100%;\" border=\"0\" cellspacing=\"0\" cellpadding=\"3\">\n<tbody>\n<tr>\n<td valign=\"top\" width=\"50%\">Sem opcionais<\/td>\n<td valign=\"top\" width=\"50%\">R$ 27.990<\/td>\n<\/tr>\n<tr>\n<td valign=\"top\" width=\"50%\">Como avaliado<\/td>\n<td valign=\"top\" width=\"50%\">R$ 35.855<\/td>\n<\/tr>\n<\/tbody>\n<\/table><\/div><\/div>\n<p>&nbsp;<\/p>\n<div class='et-box et-shadow'>\n\t\t\t\t\t<div class='et-box-content'><div>\n<h2>Teste do Leitor<\/h2>\n<p><a href=\"https:\/\/autolivraria.com.br\/bc\/participe\/teste-leitor\/teste-do-leitor-volkswagen\/volkswagen-gol-motor-de-10-litro-terceira-geracao\/\">Opini\u00e3o dos propriet\u00e1rios<\/a><\/p>\n<p><a href=\"https:\/\/autolivraria.com.br\/bc\/teste-do-leitor-envie-sua-opiniao\">Envie sua opini\u00e3o sobre o carro que possui<\/a><\/p>\n<\/div><\/div><\/div>\n<p>&nbsp;<\/p>\n<div class='et-box et-shadow'>\n\t\t\t\t\t<div class='et-box-content'><h2>Ficha t\u00e9cnica<\/h2>\n<table id=\"table6088\" style=\"width: 100%;\" border=\"0\" cellspacing=\"0\" cellpadding=\"3\">\n<tbody>\n<tr>\n<td style=\"width: 100%; background-color: #ffffff;\" colspan=\"2\" valign=\"top\">Motor<\/td>\n<\/tr>\n<tr>\n<td valign=\"top\" width=\"50%\">Posi\u00e7\u00e3o<\/td>\n<td valign=\"top\" width=\"50%\">transversal<\/td>\n<\/tr>\n<tr>\n<td valign=\"top\" width=\"50%\">Cilindros<\/td>\n<td valign=\"top\" width=\"50%\">4 em linha<\/td>\n<\/tr>\n<tr>\n<td valign=\"top\" width=\"50%\">Comando de v\u00e1lvulas<\/td>\n<td valign=\"top\" width=\"50%\">no cabe\u00e7ote<\/td>\n<\/tr>\n<tr>\n<td valign=\"top\" width=\"50%\">V\u00e1lvulas por cilindro<\/td>\n<td valign=\"top\" width=\"50%\">2<\/td>\n<\/tr>\n<tr>\n<td valign=\"top\" width=\"50%\">Di\u00e2metro e curso<\/td>\n<td valign=\"top\" width=\"50%\">67,1 x 70,6 mm<\/td>\n<\/tr>\n<tr>\n<td valign=\"top\" width=\"50%\">Cilindrada<\/td>\n<td valign=\"top\" width=\"50%\">999 cm\u00b3<\/td>\n<\/tr>\n<tr>\n<td valign=\"top\" width=\"50%\">Taxa de compress\u00e3o<\/td>\n<td valign=\"top\" width=\"50%\">12,7:1<\/td>\n<\/tr>\n<tr>\n<td valign=\"top\" width=\"50%\">Alimenta\u00e7\u00e3o<\/td>\n<td valign=\"top\" width=\"50%\">inje\u00e7\u00e3o multiponto sequencial<\/td>\n<\/tr>\n<tr>\n<td valign=\"top\" width=\"50%\">Pot\u00eancia m\u00e1xima (gas.\/\u00e1lc.)<\/td>\n<td valign=\"top\" width=\"50%\">72\/76 cv a 5.250 rpm<\/td>\n<\/tr>\n<tr>\n<td valign=\"top\" width=\"50%\">Torque m\u00e1ximo (gas.\/\u00e1lc.)<\/td>\n<td valign=\"top\" width=\"50%\">9,7\/10,6 m.kgf a 3.850 rpm<\/td>\n<\/tr>\n<tr>\n<td style=\"background-color: #ffffff; width: 50%;\" colspan=\"2\" valign=\"top\">Transmiss\u00e3o<\/td>\n<\/tr>\n<tr>\n<td valign=\"top\" width=\"50%\">Tipo de c\u00e2mbio e marchas<\/td>\n<td valign=\"top\" width=\"50%\">manual \/\u00a0 5<\/td>\n<\/tr>\n<tr>\n<td valign=\"top\" width=\"50%\">Tra\u00e7\u00e3o<\/td>\n<td valign=\"top\" width=\"50%\">dianteira<\/td>\n<\/tr>\n<tr>\n<td style=\"background-color: #ffffff; width: 50%;\" colspan=\"2\" valign=\"top\">Freios<\/td>\n<\/tr>\n<tr>\n<td valign=\"top\" width=\"50%\">Dianteiros<\/td>\n<td valign=\"top\" width=\"50%\">a disco ventilado<\/td>\n<\/tr>\n<tr>\n<td valign=\"top\" width=\"50%\">Traseiros<\/td>\n<td valign=\"top\" width=\"50%\">a tambor<\/td>\n<\/tr>\n<tr>\n<td valign=\"top\" width=\"50%\">Antitravamento (ABS)<\/td>\n<td valign=\"top\" width=\"50%\">sim<\/td>\n<\/tr>\n<tr>\n<td style=\"background-color: #ffffff; width: 50%;\" colspan=\"2\" valign=\"top\">Dire\u00e7\u00e3o<\/td>\n<\/tr>\n<tr>\n<td valign=\"top\" width=\"50%\">Sistema<\/td>\n<td valign=\"top\" width=\"50%\">pinh\u00e3o e cremalheira<\/td>\n<\/tr>\n<tr>\n<td valign=\"top\" width=\"50%\">Assist\u00eancia<\/td>\n<td valign=\"top\" width=\"50%\">hidr\u00e1ulica<\/td>\n<\/tr>\n<tr>\n<td style=\"background-color: #ffffff;\" colspan=\"2\">Suspens\u00e3o<\/td>\n<\/tr>\n<tr>\n<td valign=\"top\" width=\"50%\">Dianteira<\/td>\n<td valign=\"top\" width=\"50%\">independente, McPherson<\/td>\n<\/tr>\n<tr>\n<td valign=\"top\" width=\"50%\">Traseira<\/td>\n<td valign=\"top\" width=\"50%\">eixo de tor\u00e7\u00e3o<\/td>\n<\/tr>\n<tr>\n<td style=\"background-color: #ffffff; width: 50%;\" colspan=\"2\" valign=\"top\">Rodas<\/td>\n<\/tr>\n<tr>\n<td valign=\"top\" width=\"50%\">Dimens\u00f5es<\/td>\n<td valign=\"top\" width=\"50%\">5 x 14 pol<\/td>\n<\/tr>\n<tr>\n<td valign=\"top\" width=\"50%\">Pneus<\/td>\n<td valign=\"top\" width=\"50%\">175\/70 R 14<\/td>\n<\/tr>\n<tr>\n<td style=\"background-color: #ffffff; width: 50%;\" colspan=\"2\" valign=\"top\">Dimens\u00f5es<\/td>\n<\/tr>\n<tr>\n<td valign=\"top\" width=\"50%\">Comprimento<\/td>\n<td valign=\"top\" width=\"50%\">3,895 m<\/td>\n<\/tr>\n<tr>\n<td valign=\"top\" width=\"50%\">Largura<\/td>\n<td valign=\"top\" width=\"50%\">1,656 m<\/td>\n<\/tr>\n<tr>\n<td valign=\"top\" width=\"50%\">Altura<\/td>\n<td valign=\"top\" width=\"50%\">1,464 m<\/td>\n<\/tr>\n<tr>\n<td valign=\"top\" width=\"50%\">Entre-eixos<\/td>\n<td valign=\"top\" width=\"50%\">2,465 m<\/td>\n<\/tr>\n<tr>\n<td style=\"background-color: #ffffff; width: 50%;\" colspan=\"2\" valign=\"top\">Capacidades e peso<\/td>\n<\/tr>\n<tr>\n<td valign=\"top\" width=\"50%\">Tanque de combust\u00edvel<\/td>\n<td valign=\"top\" width=\"50%\">55 l<\/td>\n<\/tr>\n<tr>\n<td valign=\"top\" width=\"50%\">Compartimento de bagagem<\/td>\n<td valign=\"top\" width=\"50%\">285 l<\/td>\n<\/tr>\n<tr>\n<td valign=\"top\" width=\"50%\">Peso em ordem de marcha<\/td>\n<td valign=\"top\" width=\"50%\">947 kg<\/td>\n<\/tr>\n<tr>\n<td style=\"background-color: #ffffff; width: 50%;\" colspan=\"2\" valign=\"top\">Desempenho<\/td>\n<\/tr>\n<tr>\n<td valign=\"top\" width=\"50%\">Velocidade m\u00e1xima (gas.\/\u00e1lc.)<\/td>\n<td valign=\"top\" width=\"50%\">163\/165 km\/h<\/td>\n<\/tr>\n<tr>\n<td valign=\"top\" width=\"50%\">Acelera\u00e7\u00e3o de 0 a 100 km\/h\u00a0(gas.\/\u00e1lc.)<\/td>\n<td valign=\"top\" width=\"50%\">13,4\/12,9 s<\/td>\n<\/tr>\n<tr>\n<td style=\"width: 50%;\" colspan=\"2\" valign=\"top\">Dados do fabricante; consumo n\u00e3o dispon\u00edvel<\/td>\n<\/tr>\n<\/tbody>\n<\/table><\/div><\/div>\n<p>&nbsp;<\/p>\n","protected":false},"excerpt":{"rendered":"<p>Evolu\u00e7\u00f5es no motor de 1,0 litro somam-se a um pacote voltado \u00e0 efici\u00eancia: como ele se comporta durante 30 dias?<\/p>\n","protected":false},"author":6,"featured_media":11147,"comment_status":"open","ping_status":"closed","sticky":false,"template":"","format":"standard","meta":{"_joinchat":[],"footnotes":""},"categories":[37],"tags":[80,826,1994,1558,1559,96,60,909],"class_list":["post-11143","post","type-post","status-publish","format-standard","has-post-thumbnail","hentry","category-um-mes","tag-avaliacao-2","tag-gol","tag-gol-bluemotion","tag-gol-power","tag-gol-trend","tag-um-mes-ao-volante","tag-volkswagen","tag-voyage"],"amp_enabled":true,"_links":{"self":[{"href":"https:\/\/autolivraria.com.br\/bc\/wp-json\/wp\/v2\/posts\/11143","targetHints":{"allow":["GET"]}}],"collection":[{"href":"https:\/\/autolivraria.com.br\/bc\/wp-json\/wp\/v2\/posts"}],"about":[{"href":"https:\/\/autolivraria.com.br\/bc\/wp-json\/wp\/v2\/types\/post"}],"author":[{"embeddable":true,"href":"https:\/\/autolivraria.com.br\/bc\/wp-json\/wp\/v2\/users\/6"}],"replies":[{"embeddable":true,"href":"https:\/\/autolivraria.com.br\/bc\/wp-json\/wp\/v2\/comments?post=11143"}],"version-history":[{"count":0,"href":"https:\/\/autolivraria.com.br\/bc\/wp-json\/wp\/v2\/posts\/11143\/revisions"}],"wp:featuredmedia":[{"embeddable":true,"href":"https:\/\/autolivraria.com.br\/bc\/wp-json\/wp\/v2\/media\/11147"}],"wp:attachment":[{"href":"https:\/\/autolivraria.com.br\/bc\/wp-json\/wp\/v2\/media?parent=11143"}],"wp:term":[{"taxonomy":"category","embeddable":true,"href":"https:\/\/autolivraria.com.br\/bc\/wp-json\/wp\/v2\/categories?post=11143"},{"taxonomy":"post_tag","embeddable":true,"href":"https:\/\/autolivraria.com.br\/bc\/wp-json\/wp\/v2\/tags?post=11143"}],"curies":[{"name":"wp","href":"https:\/\/api.w.org\/{rel}","templated":true}]}}