{"id":113194,"date":"2020-04-20T14:00:03","date_gmt":"2020-04-20T17:00:03","guid":{"rendered":"https:\/\/bestcars.uol.com.br\/bc\/?p=113194"},"modified":"2020-04-22T13:19:20","modified_gmt":"2020-04-22T16:19:20","slug":"proximo-ford-mustang-sera-hibrido-e-com-tracao-4x4","status":"publish","type":"post","link":"https:\/\/autolivraria.com.br\/bc\/informe-se\/noticias\/proximo-ford-mustang-sera-hibrido-e-com-tracao-4x4\/","title":{"rendered":"Pr\u00f3ximo Ford Mustang ser\u00e1 h\u00edbrido e com tra\u00e7\u00e3o 4\u00d74"},"content":{"rendered":"<div id='gallery-1' class='gallery galleryid-113194 gallery-columns-1 gallery-size-large'><figure class='gallery-item'>\n\t\t\t<div class='gallery-icon landscape'>\n\t\t\t\t<a href='https:\/\/autolivraria.com.br\/bc\/wp-content\/uploads\/2019\/07\/Ford-Mustang55-Edition-03.jpg'><img fetchpriority=\"high\" decoding=\"async\" width=\"696\" height=\"464\" src=\"https:\/\/autolivraria.com.br\/bc\/wp-content\/uploads\/2019\/07\/Ford-Mustang55-Edition-03-696x464.jpg\" class=\"attachment-large size-large\" alt=\"\" \/><\/a>\n\t\t\t<\/div><\/figure>\n\t\t<\/div>\n\n<p>&nbsp;<\/p>\n<p>Como se o SUV el\u00e9trico <a title=\"Ford Mustang Mach-E, SUV el\u00e9trico de at\u00e9 465 cv\" href=\"https:\/\/autolivraria.com.br\/bc\/informe-se\/noticias\/ford-mustang-mach-e-suv-eletrico-esportivo-de-ate-465-cv\/\" target=\"_blank\" rel=\"noopener noreferrer\">Mustang Mach-E<\/a> n\u00e3o tivesse causado pol\u00eamica o bastante, os f\u00e3s do Ford Mustang t\u00eam pela frente outra transforma\u00e7\u00e3o, dessa vez no pr\u00f3prio carro esporte: sua pr\u00f3xima gera\u00e7\u00e3o ter\u00e1 vers\u00e3o h\u00edbrida e com tra\u00e7\u00e3o integral (nas fotos o modelo atual).<\/p>\n<p>&nbsp;<\/p>\n<div class='code-block code-block-7' style='margin: 28px auto; text-align: center; display: block; clear: both;'>\n<br>\n<div align=\"center\">\n<a target=\"_blank\" href=\"https:\/\/bestcars.com.br\/bc\/\">\n<img decoding=\"async\" data-src=\"https:\/\/bestcars.com.br\/bc\/wp-content\/uploads\/2021\/07\/Auto-Livraria-450x300-quadros.jpg\" alt=\"Auto Livraria\" src=\"data:image\/svg+xml;base64,PHN2ZyB3aWR0aD0iMSIgaGVpZ2h0PSIxIiB4bWxucz0iaHR0cDovL3d3dy53My5vcmcvMjAwMC9zdmciPjwvc3ZnPg==\" class=\"lazyload\"><\/a>\n<\/div>\n<br><\/div>\n\n<p>&nbsp;<\/p>\n<p>N\u00e3o, ainda n\u00e3o \u00e9 dessa vez que o motor V8 deixa de equipar o Mustang, mas o projeto de codinome S650 prev\u00ea a ado\u00e7\u00e3o de aux\u00edlio el\u00e9trico para reduzir o consumo e as emiss\u00f5es, de acordo com a revista inglesa <em>Autocar.<\/em> Se a Ford usar o sistema que patenteou em 2017 nos Estados Unidos, o esportivo manter\u00e1 a tra\u00e7\u00e3o traseira para o motor a combust\u00e3o, acrescentando dois motores el\u00e9tricos &#8220;montados diretamente nos lados opostos do motor&#8221; para acionar as rodas dianteiras. O sistema permitir\u00e1 uma eficiente <a href=\"https:\/\/autolivraria.com.br\/bc\/glossario-v\/#veto\" target=\"_blank\" rel=\"noopener noreferrer\">vetoriza\u00e7\u00e3o de torque<\/a> e, em certas condi\u00e7\u00f5es de baixa demanda, que apenas os motores el\u00e9tricos movam o carro.<\/p>\n<p>&nbsp;<\/p>\n<div id='gallery-2' class='gallery galleryid-113194 gallery-columns-1 gallery-size-large'><figure class='gallery-item'>\n\t\t\t<div class='gallery-icon landscape'>\n\t\t\t\t<a href='https:\/\/autolivraria.com.br\/bc\/wp-content\/uploads\/2019\/12\/Ford-Mustang-Black-Shadow-02.jpg'><img decoding=\"async\" width=\"696\" height=\"466\" data-src=\"https:\/\/autolivraria.com.br\/bc\/wp-content\/uploads\/2019\/12\/Ford-Mustang-Black-Shadow-02-696x466.jpg\" class=\"attachment-large size-large lazyload\" alt=\"\" src=\"data:image\/svg+xml;base64,PHN2ZyB3aWR0aD0iMSIgaGVpZ2h0PSIxIiB4bWxucz0iaHR0cDovL3d3dy53My5vcmcvMjAwMC9zdmciPjwvc3ZnPg==\" style=\"--smush-placeholder-width: 696px; --smush-placeholder-aspect-ratio: 696\/466;\" \/><\/a>\n\t\t\t<\/div><\/figure><figure class='gallery-item'>\n\t\t\t<div class='gallery-icon landscape'>\n\t\t\t\t<a href='https:\/\/autolivraria.com.br\/bc\/wp-content\/uploads\/2019\/12\/Ford-Mustang-Black-Shadow-04.jpg'><img decoding=\"async\" width=\"696\" height=\"466\" data-src=\"https:\/\/autolivraria.com.br\/bc\/wp-content\/uploads\/2019\/12\/Ford-Mustang-Black-Shadow-04-696x466.jpg\" class=\"attachment-large size-large lazyload\" alt=\"\" src=\"data:image\/svg+xml;base64,PHN2ZyB3aWR0aD0iMSIgaGVpZ2h0PSIxIiB4bWxucz0iaHR0cDovL3d3dy53My5vcmcvMjAwMC9zdmciPjwvc3ZnPg==\" style=\"--smush-placeholder-width: 696px; --smush-placeholder-aspect-ratio: 696\/466;\" \/><\/a>\n\t\t\t<\/div><\/figure>\n\t\t<\/div>\n\n<p>&nbsp;<\/p>\n<p>O novo Mustang deve compartilhar, at\u00e9 certo ponto, a plataforma CD6 dos SUVs Ford Explorer e Lincoln Aviator, dentro do princ\u00edpio de desenvolver o m\u00e1ximo de produtos com poucas arquiteturas. Segundo a <em>Autocar,<\/em> ainda n\u00e3o se sabe se as op\u00e7\u00f5es atuais de V8 n\u00e3o h\u00edbrido e de motor turbo de quatro cilindros ser\u00e3o mantidas, mas essa primeira vers\u00e3o dificilmente chegaria ao mercado europeu com suas metas severas de emiss\u00f5es m\u00e9dias por fabricante.<\/p>\n<p><em>Texto da equipe &#8211; Fotos: divulga\u00e7\u00e3o<\/em><\/p>\n<p>&nbsp;<\/p>\n","protected":false},"excerpt":{"rendered":"<p>&nbsp; Como se o SUV el\u00e9trico Mustang Mach-E n\u00e3o tivesse causado pol\u00eamica o bastante, os f\u00e3s do Ford Mustang t\u00eam pela frente outra transforma\u00e7\u00e3o, dessa vez no pr\u00f3prio carro esporte: sua pr\u00f3xima gera\u00e7\u00e3o ter\u00e1 vers\u00e3o h\u00edbrida e com tra\u00e7\u00e3o integral (nas fotos o modelo atual). &nbsp; &nbsp; N\u00e3o, ainda n\u00e3o \u00e9 dessa vez que o<\/p>\n","protected":false},"author":6,"featured_media":105508,"comment_status":"open","ping_status":"closed","sticky":false,"template":"","format":"standard","meta":{"_joinchat":[],"footnotes":""},"categories":[8],"tags":[213,618,343,94,1956,3892,226],"class_list":["post-113194","post","type-post","status-publish","format-standard","has-post-thumbnail","hentry","category-noticias","tag-ford-3","tag-hibrido","tag-mustang","tag-noticias-2","tag-segredo","tag-supercarros","tag-v8"],"amp_enabled":true,"_links":{"self":[{"href":"https:\/\/autolivraria.com.br\/bc\/wp-json\/wp\/v2\/posts\/113194","targetHints":{"allow":["GET"]}}],"collection":[{"href":"https:\/\/autolivraria.com.br\/bc\/wp-json\/wp\/v2\/posts"}],"about":[{"href":"https:\/\/autolivraria.com.br\/bc\/wp-json\/wp\/v2\/types\/post"}],"author":[{"embeddable":true,"href":"https:\/\/autolivraria.com.br\/bc\/wp-json\/wp\/v2\/users\/6"}],"replies":[{"embeddable":true,"href":"https:\/\/autolivraria.com.br\/bc\/wp-json\/wp\/v2\/comments?post=113194"}],"version-history":[{"count":0,"href":"https:\/\/autolivraria.com.br\/bc\/wp-json\/wp\/v2\/posts\/113194\/revisions"}],"wp:featuredmedia":[{"embeddable":true,"href":"https:\/\/autolivraria.com.br\/bc\/wp-json\/wp\/v2\/media\/105508"}],"wp:attachment":[{"href":"https:\/\/autolivraria.com.br\/bc\/wp-json\/wp\/v2\/media?parent=113194"}],"wp:term":[{"taxonomy":"category","embeddable":true,"href":"https:\/\/autolivraria.com.br\/bc\/wp-json\/wp\/v2\/categories?post=113194"},{"taxonomy":"post_tag","embeddable":true,"href":"https:\/\/autolivraria.com.br\/bc\/wp-json\/wp\/v2\/tags?post=113194"}],"curies":[{"name":"wp","href":"https:\/\/api.w.org\/{rel}","templated":true}]}}