{"id":114689,"date":"2020-06-01T11:00:15","date_gmt":"2020-06-01T14:00:15","guid":{"rendered":"https:\/\/bestcars.uol.com.br\/bc\/?p=114689"},"modified":"2020-06-02T15:06:39","modified_gmt":"2020-06-02T18:06:39","slug":"bmw-m340i-com-seis-cilindros-e-387-cv-vem-a-r-426-950","status":"publish","type":"post","link":"https:\/\/autolivraria.com.br\/bc\/informe-se\/noticias\/bmw-m340i-com-seis-cilindros-e-387-cv-vem-a-r-426-950\/","title":{"rendered":"BMW M340i de 6 cilindros e 387 cv vem a R$ 426.950"},"content":{"rendered":"<div id='gallery-1' class='gallery galleryid-114689 gallery-columns-1 gallery-size-large'><figure class='gallery-item'>\n\t\t\t<div class='gallery-icon landscape'>\n\t\t\t\t<a href='https:\/\/autolivraria.com.br\/bc\/wp-content\/uploads\/2020\/02\/BMW-M340d-01.jpg'><img fetchpriority=\"high\" decoding=\"async\" width=\"696\" height=\"464\" src=\"https:\/\/autolivraria.com.br\/bc\/wp-content\/uploads\/2020\/02\/BMW-M340d-01-696x464.jpg\" class=\"attachment-large size-large\" alt=\"\" \/><\/a>\n\t\t\t<\/div><\/figure>\n\t\t<\/div>\n\n<p>&nbsp;<\/p>\n<p>A BMW come\u00e7a as vendas regulares do M340i X-Drive, nova vers\u00e3o de topo do sed\u00e3 S\u00e9rie 3. Depois que a <a title=\"BMW M340i: seis-cilindros de 387 cv e tra\u00e7\u00e3o integral\" href=\"https:\/\/autolivraria.com.br\/bc\/informe-se\/noticias\/bmw-m340i-traz-seis-cilindros-de-387-cv-e-tracao-integral\/\" target=\"_blank\" rel=\"noopener noreferrer\">s\u00e9rie inicial First Edition<\/a> de 20 unidades para o Brasil se esgotou, o M340i passa a ser oferecido ao pre\u00e7o sugerido de R$ 426.950. A vers\u00e3o importada da Alemanha usa motor turbo de 3,0 litros e seis cilindros em linha com 387 cv e torque de 51 m.kgf, que a leva de 0 a 100 km\/h em 4,4 segundos e \u00e0 velocidade m\u00e1xima de 250 km\/h.<\/p>\n<p>&nbsp;<\/p>\n<div class='code-block code-block-7' style='margin: 28px auto; text-align: center; display: block; clear: both;'>\n<br>\n<div align=\"center\">\n<a target=\"_blank\" href=\"https:\/\/bestcars.com.br\/bc\/\">\n<img decoding=\"async\" data-src=\"https:\/\/bestcars.com.br\/bc\/wp-content\/uploads\/2021\/07\/Auto-Livraria-450x300-quadros.jpg\" alt=\"Auto Livraria\" src=\"data:image\/svg+xml;base64,PHN2ZyB3aWR0aD0iMSIgaGVpZ2h0PSIxIiB4bWxucz0iaHR0cDovL3d3dy53My5vcmcvMjAwMC9zdmciPjwvc3ZnPg==\" class=\"lazyload\"><\/a>\n<\/div>\n<br><\/div>\n\n<p>&nbsp;<\/p>\n<p>O BMW M340i vem com tra\u00e7\u00e3o integral, caixa autom\u00e1tica de oito marchas, assistente para sa\u00edda r\u00e1pida com menor destracionamento, suspens\u00e3o esportiva e freios de alto desempenho. O diferencial M Sport varia a fun\u00e7\u00e3o de travamento e as rodas de 19 polegadas usam pneus 225\/40 na dianteira e 255\/35 na traseira.<\/p>\n<p>&nbsp;<\/p>\n\n<p>&nbsp;<\/p>\n<p>Entre os equipamentos do M340i X-Drive est\u00e3o <a href=\"https:\/\/autolivraria.com.br\/bc\/glossario-p\/#proj\" target=\"_blank\" rel=\"noopener noreferrer\">proje\u00e7\u00e3o de informa\u00e7\u00f5es<\/a> colorida no para-brisa, far\u00f3is BMW Laserlight, fun\u00e7\u00f5es Connected Drive (chamada de emerg\u00eancia, servi\u00e7os de conveni\u00eancia e outros), servi\u00e7os remotos pelo celular, prepara\u00e7\u00e3o para Apple Car Play (conex\u00e3o sem fio \u00e9 opcional), Teleservices (diagn\u00f3stico remoto do ve\u00edculo), quadro de instrumentos digital com 12,3 pol e central de \u00e1udio com sistema Harman Kardon e tela sens\u00edvel ao toque de 10,25 pol.<\/p>\n<p>As assist\u00eancias do pacote Driving Assistant Professional abrangem <a href=\"https:\/\/autolivraria.com.br\/bc\/glossario-a\/#faix\" target=\"_blank\" rel=\"noopener noreferrer\">mudan\u00e7a de faixa<\/a>, <a href=\"https:\/\/autolivraria.com.br\/bc\/glossario-a\/#esta\" target=\"_blank\" rel=\"noopener noreferrer\">estacionamento<\/a> e alertas de tr\u00e1fego em cruzamento dianteiro e traseiro. H\u00e1 ainda abertura e fechamento autom\u00e1ticos do porta-malas, ar-condicionado com tr\u00eas zonas de ajuste e bancos dianteiros esportivos com ajustes el\u00e9tricos e aquecimento.<\/p>\n<p><em>Texto da equipe &#8211; Fotos: divulga\u00e7\u00e3o<\/em><\/p>\n<p>&nbsp;<\/p>\n","protected":false},"excerpt":{"rendered":"<p>&nbsp; A BMW come\u00e7a as vendas regulares do M340i X-Drive, nova vers\u00e3o de topo do sed\u00e3 S\u00e9rie 3. Depois que a s\u00e9rie inicial First Edition de 20 unidades para o Brasil se esgotou, o M340i passa a ser oferecido ao pre\u00e7o sugerido de R$ 426.950. A vers\u00e3o importada da Alemanha usa motor turbo de 3,0<\/p>\n","protected":false},"author":6,"featured_media":110966,"comment_status":"open","ping_status":"closed","sticky":false,"template":"","format":"standard","meta":{"_joinchat":[],"footnotes":""},"categories":[8],"tags":[391,62,4588,94,277],"class_list":["post-114689","post","type-post","status-publish","format-standard","has-post-thumbnail","hentry","category-noticias","tag-4x4","tag-bmw","tag-m340i","tag-noticias-2","tag-serie-3"],"amp_enabled":true,"_links":{"self":[{"href":"https:\/\/autolivraria.com.br\/bc\/wp-json\/wp\/v2\/posts\/114689","targetHints":{"allow":["GET"]}}],"collection":[{"href":"https:\/\/autolivraria.com.br\/bc\/wp-json\/wp\/v2\/posts"}],"about":[{"href":"https:\/\/autolivraria.com.br\/bc\/wp-json\/wp\/v2\/types\/post"}],"author":[{"embeddable":true,"href":"https:\/\/autolivraria.com.br\/bc\/wp-json\/wp\/v2\/users\/6"}],"replies":[{"embeddable":true,"href":"https:\/\/autolivraria.com.br\/bc\/wp-json\/wp\/v2\/comments?post=114689"}],"version-history":[{"count":0,"href":"https:\/\/autolivraria.com.br\/bc\/wp-json\/wp\/v2\/posts\/114689\/revisions"}],"wp:featuredmedia":[{"embeddable":true,"href":"https:\/\/autolivraria.com.br\/bc\/wp-json\/wp\/v2\/media\/110966"}],"wp:attachment":[{"href":"https:\/\/autolivraria.com.br\/bc\/wp-json\/wp\/v2\/media?parent=114689"}],"wp:term":[{"taxonomy":"category","embeddable":true,"href":"https:\/\/autolivraria.com.br\/bc\/wp-json\/wp\/v2\/categories?post=114689"},{"taxonomy":"post_tag","embeddable":true,"href":"https:\/\/autolivraria.com.br\/bc\/wp-json\/wp\/v2\/tags?post=114689"}],"curies":[{"name":"wp","href":"https:\/\/api.w.org\/{rel}","templated":true}]}}