{"id":115134,"date":"2020-06-19T08:25:55","date_gmt":"2020-06-19T11:25:55","guid":{"rendered":"https:\/\/bestcars.uol.com.br\/bc\/?p=115134"},"modified":"2020-06-22T11:41:14","modified_gmt":"2020-06-22T14:41:14","slug":"chevrolet-novo-visual-na-colorado-a-s10-para-os-eua","status":"publish","type":"post","link":"https:\/\/autolivraria.com.br\/bc\/informe-se\/noticias\/chevrolet-novo-visual-na-colorado-a-s10-para-os-eua\/","title":{"rendered":"Chevrolet: novo visual na Colorado, a S10 para os EUA"},"content":{"rendered":"<div id='gallery-1' class='gallery galleryid-115134 gallery-columns-1 gallery-size-large'><figure class='gallery-item'>\n\t\t\t<div class='gallery-icon landscape'>\n\t\t\t\t<a href='https:\/\/autolivraria.com.br\/bc\/wp-content\/uploads\/2020\/06\/Chevrolet-Colorado-01.jpg'><img fetchpriority=\"high\" decoding=\"async\" width=\"696\" height=\"464\" src=\"https:\/\/autolivraria.com.br\/bc\/wp-content\/uploads\/2020\/06\/Chevrolet-Colorado-01-696x464.jpg\" class=\"attachment-large size-large\" alt=\"\" \/><\/a>\n\t\t\t<\/div><\/figure>\n\t\t<\/div>\n\n<p>&nbsp;<\/p>\n<p>A Chevrolet Colorado, que representa nos Estados Unidos o mesmo projeto b\u00e1sico da S10 brasileira, ganha novo desenho para 2021. A picape m\u00e9dia pelos nossos padr\u00f5es (e compacta por l\u00e1) inspirou-se na &#8220;irm\u00e3&#8221; maior <a href=\"https:\/\/autolivraria.com.br\/bc\/tag\/silverado\" target=\"_blank\" rel=\"noopener noreferrer\">Silverado<\/a> em um estilo robusto, que sugere maiores dimens\u00f5es. A barra central da grade continua a trazer o emblema da gravata-borboleta, mas na traseira, menos modificada, o nome Chevrolet em grandes letras substitui o logotipo.<\/p>\n<p>&nbsp;<\/p>\n<div class='code-block code-block-7' style='margin: 28px auto; text-align: center; display: block; clear: both;'>\n<br>\n<div align=\"center\">\n<a target=\"_blank\" href=\"https:\/\/bestcars.com.br\/bc\/\">\n<img decoding=\"async\" data-src=\"https:\/\/bestcars.com.br\/bc\/wp-content\/uploads\/2021\/07\/Auto-Livraria-450x300-quadros.jpg\" alt=\"Auto Livraria\" src=\"data:image\/svg+xml;base64,PHN2ZyB3aWR0aD0iMSIgaGVpZ2h0PSIxIiB4bWxucz0iaHR0cDovL3d3dy53My5vcmcvMjAwMC9zdmciPjwvc3ZnPg==\" class=\"lazyload\"><\/a>\n<\/div>\n<br><\/div>\n\n<p>&nbsp;<\/p>\n<div id='gallery-2' class='gallery galleryid-115134 gallery-columns-1 gallery-size-large'><figure class='gallery-item'>\n\t\t\t<div class='gallery-icon landscape'>\n\t\t\t\t<a href='https:\/\/autolivraria.com.br\/bc\/wp-content\/uploads\/2020\/06\/Chevrolet-Colorado-03.jpg'><img decoding=\"async\" width=\"696\" height=\"464\" data-src=\"https:\/\/autolivraria.com.br\/bc\/wp-content\/uploads\/2020\/06\/Chevrolet-Colorado-03-696x464.jpg\" class=\"attachment-large size-large lazyload\" alt=\"\" src=\"data:image\/svg+xml;base64,PHN2ZyB3aWR0aD0iMSIgaGVpZ2h0PSIxIiB4bWxucz0iaHR0cDovL3d3dy53My5vcmcvMjAwMC9zdmciPjwvc3ZnPg==\" style=\"--smush-placeholder-width: 696px; --smush-placeholder-aspect-ratio: 696\/464;\" \/><\/a>\n\t\t\t<\/div><\/figure>\n\t\t<\/div>\n\n<p>&nbsp;<\/p>\n<p>A Colorado 2021 n\u00e3o teve anunciadas mudan\u00e7as internas ou t\u00e9cnicas. Nos EUA a GM oferece cabines estendida e dupla, esta com duas op\u00e7\u00f5es de comprimento de ca\u00e7amba, e tr\u00eas motores: de quatro cilindros e 2,5 litros a gasolina, similar ao nosso flex\u00edvel, com 200 cv e torque de 26,4 m.kgf; V6 de 3,6 litros a gasolina, com 308 cv e 38 m.kgf; e turbodiesel de 2,8 litros com 181 cv e 51 m.kgf, tamb\u00e9m equivalente ao da S10, embora menos potente. H\u00e1 escolha entre tra\u00e7\u00f5es traseira e 4&#215;4 e entre as transmiss\u00f5es autom\u00e1ticas de seis e oito marchas.<\/p>\n<p>&nbsp;<\/p>\n<div id='gallery-3' class='gallery galleryid-115134 gallery-columns-1 gallery-size-large'><figure class='gallery-item'>\n\t\t\t<div class='gallery-icon landscape'>\n\t\t\t\t<a href='https:\/\/autolivraria.com.br\/bc\/wp-content\/uploads\/2020\/06\/Chevrolet-Colorado-02.jpg'><img decoding=\"async\" width=\"696\" height=\"464\" data-src=\"https:\/\/autolivraria.com.br\/bc\/wp-content\/uploads\/2020\/06\/Chevrolet-Colorado-02-696x464.jpg\" class=\"attachment-large size-large lazyload\" alt=\"\" src=\"data:image\/svg+xml;base64,PHN2ZyB3aWR0aD0iMSIgaGVpZ2h0PSIxIiB4bWxucz0iaHR0cDovL3d3dy53My5vcmcvMjAwMC9zdmciPjwvc3ZnPg==\" style=\"--smush-placeholder-width: 696px; --smush-placeholder-aspect-ratio: 696\/464;\" \/><\/a>\n\t\t\t<\/div><\/figure>\n\t\t<\/div>\n\n<p>&nbsp;<\/p>\n<p>O novo desenho da Colorado n\u00e3o deve afetar o da S10 nacional: sua linha 2021, que est\u00e1 por ser lan\u00e7ada, atualiza o estilo da dianteira sem afetar muito as formas da carroceria. No interior, a nova central de \u00e1udio My Link com roteador de conex\u00e3o \u00e0 internet deve ser uma das poucas novidades. Os motores 2,5 flex\u00edvel e 2,8 turbodiesel devem seguir inalterados.<\/p>\n<p><em>Texto da equipe &#8211; Fotos: divulga\u00e7\u00e3o<\/em><\/p>\n<p>&nbsp;<\/p>\n","protected":false},"excerpt":{"rendered":"<p>&nbsp; A Chevrolet Colorado, que representa nos Estados Unidos o mesmo projeto b\u00e1sico da S10 brasileira, ganha novo desenho para 2021. A picape m\u00e9dia pelos nossos padr\u00f5es (e compacta por l\u00e1) inspirou-se na &#8220;irm\u00e3&#8221; maior Silverado em um estilo robusto, que sugere maiores dimens\u00f5es. A barra central da grade continua a trazer o emblema da<\/p>\n","protected":false},"author":6,"featured_media":115136,"comment_status":"open","ping_status":"closed","sticky":false,"template":"","format":"standard","meta":{"_joinchat":[],"footnotes":""},"categories":[3602,8],"tags":[391,100,2905,94,232,166],"class_list":["post-115134","post","type-post","status-publish","format-standard","has-post-thumbnail","hentry","category-fora-de-estrada","category-noticias","tag-4x4","tag-chevrolet","tag-colorado","tag-noticias-2","tag-picape","tag-s10"],"amp_enabled":true,"_links":{"self":[{"href":"https:\/\/autolivraria.com.br\/bc\/wp-json\/wp\/v2\/posts\/115134","targetHints":{"allow":["GET"]}}],"collection":[{"href":"https:\/\/autolivraria.com.br\/bc\/wp-json\/wp\/v2\/posts"}],"about":[{"href":"https:\/\/autolivraria.com.br\/bc\/wp-json\/wp\/v2\/types\/post"}],"author":[{"embeddable":true,"href":"https:\/\/autolivraria.com.br\/bc\/wp-json\/wp\/v2\/users\/6"}],"replies":[{"embeddable":true,"href":"https:\/\/autolivraria.com.br\/bc\/wp-json\/wp\/v2\/comments?post=115134"}],"version-history":[{"count":0,"href":"https:\/\/autolivraria.com.br\/bc\/wp-json\/wp\/v2\/posts\/115134\/revisions"}],"wp:featuredmedia":[{"embeddable":true,"href":"https:\/\/autolivraria.com.br\/bc\/wp-json\/wp\/v2\/media\/115136"}],"wp:attachment":[{"href":"https:\/\/autolivraria.com.br\/bc\/wp-json\/wp\/v2\/media?parent=115134"}],"wp:term":[{"taxonomy":"category","embeddable":true,"href":"https:\/\/autolivraria.com.br\/bc\/wp-json\/wp\/v2\/categories?post=115134"},{"taxonomy":"post_tag","embeddable":true,"href":"https:\/\/autolivraria.com.br\/bc\/wp-json\/wp\/v2\/tags?post=115134"}],"curies":[{"name":"wp","href":"https:\/\/api.w.org\/{rel}","templated":true}]}}