{"id":118307,"date":"2020-09-22T17:31:40","date_gmt":"2020-09-22T20:31:40","guid":{"rendered":"https:\/\/bestcars.uol.com.br\/bc\/?p=118307"},"modified":"2020-09-29T08:52:16","modified_gmt":"2020-09-29T11:52:16","slug":"teste-comparativo-suvs-chevrolet-tracker-ford-ecosport-renault-duster-2021","status":"publish","type":"post","link":"https:\/\/autolivraria.com.br\/bc\/informe-se\/avaliacao\/teste-comparativo-suvs-chevrolet-tracker-ford-ecosport-renault-duster-2021\/","title":{"rendered":"SUVs: os novos Tracker e Duster contra o pioneiro Ecosport"},"content":{"rendered":"\n<figure class=\"wp-block-image size-large\"><a href=\"https:\/\/autolivraria.com.br\/bc\/wp-content\/uploads\/2020\/09\/Tracker-Ecosport-Duster.jpg\"><img fetchpriority=\"high\" decoding=\"async\" width=\"696\" height=\"464\" src=\"https:\/\/autolivraria.com.br\/bc\/wp-content\/uploads\/2020\/09\/Tracker-Ecosport-Duster-696x464.jpg\" alt=\"\" class=\"wp-image-118460\" srcset=\"https:\/\/autolivraria.com.br\/bc\/wp-content\/uploads\/2020\/09\/Tracker-Ecosport-Duster-696x464.jpg 696w, https:\/\/autolivraria.com.br\/bc\/wp-content\/uploads\/2020\/09\/Tracker-Ecosport-Duster-340x227.jpg 340w, https:\/\/autolivraria.com.br\/bc\/wp-content\/uploads\/2020\/09\/Tracker-Ecosport-Duster.jpg 1280w\" sizes=\"(max-width: 696px) 100vw, 696px\" \/><\/a><\/figure>\n\n\n<h2>O Ford criador da categoria, 17 anos atr\u00e1s, enfrenta competidores reformulados da Chevrolet e da Renault<\/h2>\n<p><em>Texto e fotos: Fabr\u00edcio Samah\u00e1<\/em><\/p>\n\n\n<div style=\"height:30px\" aria-hidden=\"true\" class=\"wp-block-spacer\"><\/div>\n\n\n\n<p>Dois utilit\u00e1rios esporte compactos ganharam nova gera\u00e7\u00e3o fabricada no Brasil este ano: o Chevrolet Tracker, antes importado do M\u00e9xico, e o Renault Duster. Embora o primeiro concorra em faixa m\u00e9dia de pre\u00e7o superior, foi poss\u00edvel compor este <em>Desafio<\/em> com vers\u00f5es pr\u00f3ximas em valores: a mais simples com transmiss\u00e3o autom\u00e1tica de um, LT, contra a de topo do outro, Iconic.<\/p>\n\n\n\n<p>E o Ford Ecosport, o que faz aqui? Por ser o primeiro modelo nacional dessa categoria, na gera\u00e7\u00e3o anterior de 2003, ele representa uma boa refer\u00eancia \u00e0 qual os novos competidores podem ser comparados. Al\u00e9m disso, sua vers\u00e3o Freestyle <a href=\"https:\/\/autolivraria.com.br\/bc\/informe-se\/avaliacao\/teste-comparativo-suvs-ford-ecosport-nissan-kicks-renault-captur-2018\/\" target=\"_blank\" rel=\"noreferrer noopener\" title=\"Como se sai o novo Ecosport diante de Kicks e Captur\">venceu um confronto<\/a> com Nissan Kicks e Renault Captur, em 2017, e quisemos verificar se manteria essa vantagem sobre opositores renovados \u2014 um deles, ali\u00e1s, da marca do Captur.<\/p>\n\n\n\n<div style=\"height:50px\" aria-hidden=\"true\" class=\"wp-block-spacer\"><\/div>\n\n\n\n<figure class=\"wp-block-gallery columns-2 is-cropped wp-block-gallery-1 is-layout-flex wp-block-gallery-is-layout-flex\"><ul class=\"blocks-gallery-grid\"><li class=\"blocks-gallery-item\"><figure><a href=\"https:\/\/autolivraria.com.br\/bc\/wp-content\/uploads\/2020\/09\/Chevrolet-Tracker-LT-05.jpg\"><img decoding=\"async\" width=\"1280\" height=\"853\" data-src=\"https:\/\/autolivraria.com.br\/bc\/wp-content\/uploads\/2020\/09\/Chevrolet-Tracker-LT-05.jpg\" alt=\"\" data-id=\"118366\" data-link=\"https:\/\/autolivraria.com.br\/bc\/?attachment_id=118366\" class=\"wp-image-118366 lazyload\" data-srcset=\"https:\/\/autolivraria.com.br\/bc\/wp-content\/uploads\/2020\/09\/Chevrolet-Tracker-LT-05.jpg 1280w, https:\/\/autolivraria.com.br\/bc\/wp-content\/uploads\/2020\/09\/Chevrolet-Tracker-LT-05-340x227.jpg 340w, https:\/\/autolivraria.com.br\/bc\/wp-content\/uploads\/2020\/09\/Chevrolet-Tracker-LT-05-696x464.jpg 696w\" data-sizes=\"(max-width: 1280px) 100vw, 1280px\" src=\"data:image\/svg+xml;base64,PHN2ZyB3aWR0aD0iMSIgaGVpZ2h0PSIxIiB4bWxucz0iaHR0cDovL3d3dy53My5vcmcvMjAwMC9zdmciPjwvc3ZnPg==\" style=\"--smush-placeholder-width: 1280px; --smush-placeholder-aspect-ratio: 1280\/853;\" \/><\/a><figcaption class=\"blocks-gallery-item__caption\">Tracker<\/figcaption><\/figure><\/li><li class=\"blocks-gallery-item\"><figure><a href=\"https:\/\/autolivraria.com.br\/bc\/wp-content\/uploads\/2020\/09\/Chevrolet-Tracker-LT-04.jpg\"><img decoding=\"async\" width=\"1280\" height=\"853\" data-src=\"https:\/\/autolivraria.com.br\/bc\/wp-content\/uploads\/2020\/09\/Chevrolet-Tracker-LT-04.jpg\" alt=\"\" data-id=\"118365\" data-link=\"https:\/\/autolivraria.com.br\/bc\/?attachment_id=118365\" class=\"wp-image-118365 lazyload\" data-srcset=\"https:\/\/autolivraria.com.br\/bc\/wp-content\/uploads\/2020\/09\/Chevrolet-Tracker-LT-04.jpg 1280w, https:\/\/autolivraria.com.br\/bc\/wp-content\/uploads\/2020\/09\/Chevrolet-Tracker-LT-04-340x227.jpg 340w, https:\/\/autolivraria.com.br\/bc\/wp-content\/uploads\/2020\/09\/Chevrolet-Tracker-LT-04-696x464.jpg 696w\" data-sizes=\"(max-width: 1280px) 100vw, 1280px\" src=\"data:image\/svg+xml;base64,PHN2ZyB3aWR0aD0iMSIgaGVpZ2h0PSIxIiB4bWxucz0iaHR0cDovL3d3dy53My5vcmcvMjAwMC9zdmciPjwvc3ZnPg==\" style=\"--smush-placeholder-width: 1280px; --smush-placeholder-aspect-ratio: 1280\/853;\" \/><\/a><\/figure><\/li><li class=\"blocks-gallery-item\"><figure><a href=\"https:\/\/autolivraria.com.br\/bc\/wp-content\/uploads\/2020\/09\/Ford-Ecosport-Freestyle-05.jpg\"><img decoding=\"async\" width=\"1280\" height=\"853\" data-src=\"https:\/\/autolivraria.com.br\/bc\/wp-content\/uploads\/2020\/09\/Ford-Ecosport-Freestyle-05.jpg\" alt=\"\" data-id=\"118369\" data-link=\"https:\/\/autolivraria.com.br\/bc\/?attachment_id=118369\" class=\"wp-image-118369 lazyload\" data-srcset=\"https:\/\/autolivraria.com.br\/bc\/wp-content\/uploads\/2020\/09\/Ford-Ecosport-Freestyle-05.jpg 1280w, https:\/\/autolivraria.com.br\/bc\/wp-content\/uploads\/2020\/09\/Ford-Ecosport-Freestyle-05-340x227.jpg 340w, https:\/\/autolivraria.com.br\/bc\/wp-content\/uploads\/2020\/09\/Ford-Ecosport-Freestyle-05-696x464.jpg 696w\" data-sizes=\"(max-width: 1280px) 100vw, 1280px\" src=\"data:image\/svg+xml;base64,PHN2ZyB3aWR0aD0iMSIgaGVpZ2h0PSIxIiB4bWxucz0iaHR0cDovL3d3dy53My5vcmcvMjAwMC9zdmciPjwvc3ZnPg==\" style=\"--smush-placeholder-width: 1280px; --smush-placeholder-aspect-ratio: 1280\/853;\" \/><\/a><figcaption class=\"blocks-gallery-item__caption\">Ecosport<\/figcaption><\/figure><\/li><li class=\"blocks-gallery-item\"><figure><a href=\"https:\/\/autolivraria.com.br\/bc\/wp-content\/uploads\/2020\/09\/Ford-Ecosport-Freestyle-04.jpg\"><img decoding=\"async\" width=\"1280\" height=\"853\" data-src=\"https:\/\/autolivraria.com.br\/bc\/wp-content\/uploads\/2020\/09\/Ford-Ecosport-Freestyle-04.jpg\" alt=\"\" data-id=\"118367\" data-link=\"https:\/\/autolivraria.com.br\/bc\/?attachment_id=118367\" class=\"wp-image-118367 lazyload\" data-srcset=\"https:\/\/autolivraria.com.br\/bc\/wp-content\/uploads\/2020\/09\/Ford-Ecosport-Freestyle-04.jpg 1280w, https:\/\/autolivraria.com.br\/bc\/wp-content\/uploads\/2020\/09\/Ford-Ecosport-Freestyle-04-340x227.jpg 340w, https:\/\/autolivraria.com.br\/bc\/wp-content\/uploads\/2020\/09\/Ford-Ecosport-Freestyle-04-696x464.jpg 696w\" data-sizes=\"(max-width: 1280px) 100vw, 1280px\" src=\"data:image\/svg+xml;base64,PHN2ZyB3aWR0aD0iMSIgaGVpZ2h0PSIxIiB4bWxucz0iaHR0cDovL3d3dy53My5vcmcvMjAwMC9zdmciPjwvc3ZnPg==\" style=\"--smush-placeholder-width: 1280px; --smush-placeholder-aspect-ratio: 1280\/853;\" \/><\/a><\/figure><\/li><li class=\"blocks-gallery-item\"><figure><a href=\"https:\/\/autolivraria.com.br\/bc\/wp-content\/uploads\/2020\/09\/Renault-Duster-Iconic-05.jpg\"><img decoding=\"async\" width=\"1280\" height=\"853\" data-src=\"https:\/\/autolivraria.com.br\/bc\/wp-content\/uploads\/2020\/09\/Renault-Duster-Iconic-05.jpg\" alt=\"\" data-id=\"118368\" data-full-url=\"https:\/\/autolivraria.com.br\/bc\/wp-content\/uploads\/2020\/09\/Renault-Duster-Iconic-05.jpg\" data-link=\"https:\/\/autolivraria.com.br\/bc\/?attachment_id=118368\" class=\"wp-image-118368 lazyload\" data-srcset=\"https:\/\/autolivraria.com.br\/bc\/wp-content\/uploads\/2020\/09\/Renault-Duster-Iconic-05.jpg 1280w, https:\/\/autolivraria.com.br\/bc\/wp-content\/uploads\/2020\/09\/Renault-Duster-Iconic-05-340x227.jpg 340w, https:\/\/autolivraria.com.br\/bc\/wp-content\/uploads\/2020\/09\/Renault-Duster-Iconic-05-696x464.jpg 696w\" data-sizes=\"(max-width: 1280px) 100vw, 1280px\" src=\"data:image\/svg+xml;base64,PHN2ZyB3aWR0aD0iMSIgaGVpZ2h0PSIxIiB4bWxucz0iaHR0cDovL3d3dy53My5vcmcvMjAwMC9zdmciPjwvc3ZnPg==\" style=\"--smush-placeholder-width: 1280px; --smush-placeholder-aspect-ratio: 1280\/853;\" \/><\/a><figcaption class=\"blocks-gallery-item__caption\">Duster<\/figcaption><\/figure><\/li><li class=\"blocks-gallery-item\"><figure><a href=\"https:\/\/autolivraria.com.br\/bc\/wp-content\/uploads\/2020\/09\/Renault-Duster-Iconic-04.jpg\"><img decoding=\"async\" width=\"1280\" height=\"853\" data-src=\"https:\/\/autolivraria.com.br\/bc\/wp-content\/uploads\/2020\/09\/Renault-Duster-Iconic-04.jpg\" alt=\"\" data-id=\"118370\" data-full-url=\"https:\/\/autolivraria.com.br\/bc\/wp-content\/uploads\/2020\/09\/Renault-Duster-Iconic-04.jpg\" data-link=\"https:\/\/autolivraria.com.br\/bc\/?attachment_id=118370\" class=\"wp-image-118370 lazyload\" data-srcset=\"https:\/\/autolivraria.com.br\/bc\/wp-content\/uploads\/2020\/09\/Renault-Duster-Iconic-04.jpg 1280w, https:\/\/autolivraria.com.br\/bc\/wp-content\/uploads\/2020\/09\/Renault-Duster-Iconic-04-340x227.jpg 340w, https:\/\/autolivraria.com.br\/bc\/wp-content\/uploads\/2020\/09\/Renault-Duster-Iconic-04-696x464.jpg 696w\" data-sizes=\"(max-width: 1280px) 100vw, 1280px\" src=\"data:image\/svg+xml;base64,PHN2ZyB3aWR0aD0iMSIgaGVpZ2h0PSIxIiB4bWxucz0iaHR0cDovL3d3dy53My5vcmcvMjAwMC9zdmciPjwvc3ZnPg==\" style=\"--smush-placeholder-width: 1280px; --smush-placeholder-aspect-ratio: 1280\/853;\" \/><\/a><\/figure><\/li><\/ul><\/figure>\n\n\n\n<p class=\"has-text-align-center\"><em>Linhas mais atuais no Tracker e no Duster, com ar mais robusto no segundo; o teto em preto foi novidade do Ecosport para 2020<\/em><\/p>\n\n\n\n<div style=\"height:50px\" aria-hidden=\"true\" class=\"wp-block-spacer\"><\/div>\n\n\n\n<p>S\u00e3o SUVs de mesma <em>proposta de uso<\/em>, similares em <em>porte<\/em> (o Ecosport um pouco menor se descontado o estepe na traseira), n\u00e3o distantes em <em>pot\u00eancia<\/em> (de 118 a 131 cv com gasolina, de 120 a 137 cv com \u00e1lcool) e equilibrados em <em>pre\u00e7os<\/em>. Conforme avaliados, o Tracker custa quase R$ 96 mil, o Ecosport R$ 92 mil, e o Duster, R$ 98,7 mil.<br><br><\/p>\n\n\n<div class='code-block code-block-7' style='margin: 28px auto; text-align: center; display: block; clear: both;'>\n<script async src=\"https:\/\/pagead2.googlesyndication.com\/pagead\/js\/adsbygoogle.js\"><\/script>\n<!-- AL-quadrado -->\n<ins class=\"adsbygoogle\"\n     style=\"display:block\"\n     data-ad-client=\"ca-pub-1914799802606213\"\n     data-ad-slot=\"5683066082\"\n     data-ad-format=\"auto\"\n     data-full-width-responsive=\"true\"><\/ins>\n<script>\n     (adsbygoogle = window.adsbygoogle || []).push({});\n<\/script><\/div>\n\n\n\n\n<p><br><br><strong>Estilo<br><\/strong>Os novos modelos diferem em desenho: o Duster aposta no ar robusto e atualiza o tema do anterior, enquanto o Tracker mostra linhas mais urbanas e mudou tanto (pois agora adota o padr\u00e3o chin\u00eas) que mal se identifica com o modelo antigo. S\u00e3o ambos agrad\u00e1veis, mas existem detalhes controversos no Chevrolet, como a grade dianteira. O Ecosport, embora atualizado h\u00e1 tr\u00eas anos, j\u00e1 pede uma reformula\u00e7\u00e3o completa.<\/p>\n\n\n\n<p><strong>Acabamento e conveni\u00eancia<br><\/strong>Os interiores do Tracker e do Ecosport mostram bom aspecto pelas formas e pelos materiais pl\u00e1sticos, com ressalvas como os pain\u00e9is de porta do segundo. O Duster fica para tr\u00e1s pelo desenho retil\u00edneo, algo ultrapassado, e pela apar\u00eancia inferior dos pl\u00e1sticos. O Chevrolet usa tecido simples nos bancos, o Renault traz material sint\u00e9tico que imita couro \u2014 pr\u00e1tico de limpar, mas um tanto quente no calor \u2014 e o Ford combina os dois. Detalhe estranho no Duster \u00e9 a inser\u00e7\u00e3o de tecido na porta, pois n\u00e3o \u00e9 usado nos bancos.<\/p>\n\n\n\n<div style=\"height:50px\" aria-hidden=\"true\" class=\"wp-block-spacer\"><\/div>\n\n\n\n<figure class=\"wp-block-gallery columns-2 is-cropped wp-block-gallery-2 is-layout-flex wp-block-gallery-is-layout-flex\"><ul class=\"blocks-gallery-grid\"><li class=\"blocks-gallery-item\"><figure><a href=\"https:\/\/autolivraria.com.br\/bc\/wp-content\/uploads\/2020\/09\/Chevrolet-Tracker-LT-interior.jpg\"><img decoding=\"async\" width=\"1280\" height=\"853\" data-src=\"https:\/\/autolivraria.com.br\/bc\/wp-content\/uploads\/2020\/09\/Chevrolet-Tracker-LT-interior.jpg\" alt=\"\" data-id=\"118371\" data-link=\"https:\/\/autolivraria.com.br\/bc\/?attachment_id=118371\" class=\"wp-image-118371 lazyload\" data-srcset=\"https:\/\/autolivraria.com.br\/bc\/wp-content\/uploads\/2020\/09\/Chevrolet-Tracker-LT-interior.jpg 1280w, https:\/\/autolivraria.com.br\/bc\/wp-content\/uploads\/2020\/09\/Chevrolet-Tracker-LT-interior-340x227.jpg 340w, https:\/\/autolivraria.com.br\/bc\/wp-content\/uploads\/2020\/09\/Chevrolet-Tracker-LT-interior-696x464.jpg 696w\" data-sizes=\"(max-width: 1280px) 100vw, 1280px\" src=\"data:image\/svg+xml;base64,PHN2ZyB3aWR0aD0iMSIgaGVpZ2h0PSIxIiB4bWxucz0iaHR0cDovL3d3dy53My5vcmcvMjAwMC9zdmciPjwvc3ZnPg==\" style=\"--smush-placeholder-width: 1280px; --smush-placeholder-aspect-ratio: 1280\/853;\" \/><\/a><figcaption class=\"blocks-gallery-item__caption\">Tracker<\/figcaption><\/figure><\/li><li class=\"blocks-gallery-item\"><figure><a href=\"https:\/\/autolivraria.com.br\/bc\/wp-content\/uploads\/2020\/09\/Chevrolet-Tracker-LT-instr.jpg\"><img decoding=\"async\" width=\"640\" height=\"426\" data-src=\"https:\/\/autolivraria.com.br\/bc\/wp-content\/uploads\/2020\/09\/Chevrolet-Tracker-LT-instr.jpg\" alt=\"\" data-id=\"118372\" data-link=\"https:\/\/autolivraria.com.br\/bc\/?attachment_id=118372\" class=\"wp-image-118372 lazyload\" data-srcset=\"https:\/\/autolivraria.com.br\/bc\/wp-content\/uploads\/2020\/09\/Chevrolet-Tracker-LT-instr.jpg 640w, https:\/\/autolivraria.com.br\/bc\/wp-content\/uploads\/2020\/09\/Chevrolet-Tracker-LT-instr-340x226.jpg 340w\" data-sizes=\"(max-width: 640px) 100vw, 640px\" src=\"data:image\/svg+xml;base64,PHN2ZyB3aWR0aD0iMSIgaGVpZ2h0PSIxIiB4bWxucz0iaHR0cDovL3d3dy53My5vcmcvMjAwMC9zdmciPjwvc3ZnPg==\" style=\"--smush-placeholder-width: 640px; --smush-placeholder-aspect-ratio: 640\/426;\" \/><\/a><\/figure><\/li><li class=\"blocks-gallery-item\"><figure><a href=\"https:\/\/autolivraria.com.br\/bc\/wp-content\/uploads\/2020\/09\/Ford-Ecosport-Freestyle-interior.jpg\"><img decoding=\"async\" width=\"1280\" height=\"853\" data-src=\"https:\/\/autolivraria.com.br\/bc\/wp-content\/uploads\/2020\/09\/Ford-Ecosport-Freestyle-interior.jpg\" alt=\"\" data-id=\"118373\" data-link=\"https:\/\/autolivraria.com.br\/bc\/?attachment_id=118373\" class=\"wp-image-118373 lazyload\" data-srcset=\"https:\/\/autolivraria.com.br\/bc\/wp-content\/uploads\/2020\/09\/Ford-Ecosport-Freestyle-interior.jpg 1280w, https:\/\/autolivraria.com.br\/bc\/wp-content\/uploads\/2020\/09\/Ford-Ecosport-Freestyle-interior-340x227.jpg 340w, https:\/\/autolivraria.com.br\/bc\/wp-content\/uploads\/2020\/09\/Ford-Ecosport-Freestyle-interior-696x464.jpg 696w\" data-sizes=\"(max-width: 1280px) 100vw, 1280px\" src=\"data:image\/svg+xml;base64,PHN2ZyB3aWR0aD0iMSIgaGVpZ2h0PSIxIiB4bWxucz0iaHR0cDovL3d3dy53My5vcmcvMjAwMC9zdmciPjwvc3ZnPg==\" style=\"--smush-placeholder-width: 1280px; --smush-placeholder-aspect-ratio: 1280\/853;\" \/><\/a><figcaption class=\"blocks-gallery-item__caption\">Ecosport<\/figcaption><\/figure><\/li><li class=\"blocks-gallery-item\"><figure><a href=\"https:\/\/autolivraria.com.br\/bc\/wp-content\/uploads\/2020\/09\/Ford-Ecosport-Freestyle-instr.jpg\"><img decoding=\"async\" width=\"640\" height=\"426\" data-src=\"https:\/\/autolivraria.com.br\/bc\/wp-content\/uploads\/2020\/09\/Ford-Ecosport-Freestyle-instr.jpg\" alt=\"\" data-id=\"118374\" data-link=\"https:\/\/autolivraria.com.br\/bc\/?attachment_id=118374\" class=\"wp-image-118374 lazyload\" data-srcset=\"https:\/\/autolivraria.com.br\/bc\/wp-content\/uploads\/2020\/09\/Ford-Ecosport-Freestyle-instr.jpg 640w, https:\/\/autolivraria.com.br\/bc\/wp-content\/uploads\/2020\/09\/Ford-Ecosport-Freestyle-instr-340x226.jpg 340w\" data-sizes=\"(max-width: 640px) 100vw, 640px\" src=\"data:image\/svg+xml;base64,PHN2ZyB3aWR0aD0iMSIgaGVpZ2h0PSIxIiB4bWxucz0iaHR0cDovL3d3dy53My5vcmcvMjAwMC9zdmciPjwvc3ZnPg==\" style=\"--smush-placeholder-width: 640px; --smush-placeholder-aspect-ratio: 640\/426;\" \/><\/a><\/figure><\/li><li class=\"blocks-gallery-item\"><figure><a href=\"https:\/\/autolivraria.com.br\/bc\/wp-content\/uploads\/2020\/09\/Renault-Duster-Iconic-interior.jpg\"><img decoding=\"async\" width=\"1280\" height=\"853\" data-src=\"https:\/\/autolivraria.com.br\/bc\/wp-content\/uploads\/2020\/09\/Renault-Duster-Iconic-interior.jpg\" alt=\"\" data-id=\"118375\" data-full-url=\"https:\/\/autolivraria.com.br\/bc\/wp-content\/uploads\/2020\/09\/Renault-Duster-Iconic-interior.jpg\" data-link=\"https:\/\/autolivraria.com.br\/bc\/?attachment_id=118375\" class=\"wp-image-118375 lazyload\" data-srcset=\"https:\/\/autolivraria.com.br\/bc\/wp-content\/uploads\/2020\/09\/Renault-Duster-Iconic-interior.jpg 1280w, https:\/\/autolivraria.com.br\/bc\/wp-content\/uploads\/2020\/09\/Renault-Duster-Iconic-interior-340x227.jpg 340w, https:\/\/autolivraria.com.br\/bc\/wp-content\/uploads\/2020\/09\/Renault-Duster-Iconic-interior-696x464.jpg 696w\" data-sizes=\"(max-width: 1280px) 100vw, 1280px\" src=\"data:image\/svg+xml;base64,PHN2ZyB3aWR0aD0iMSIgaGVpZ2h0PSIxIiB4bWxucz0iaHR0cDovL3d3dy53My5vcmcvMjAwMC9zdmciPjwvc3ZnPg==\" style=\"--smush-placeholder-width: 1280px; --smush-placeholder-aspect-ratio: 1280\/853;\" \/><\/a><figcaption class=\"blocks-gallery-item__caption\">Duster<\/figcaption><\/figure><\/li><li class=\"blocks-gallery-item\"><figure><a href=\"https:\/\/autolivraria.com.br\/bc\/wp-content\/uploads\/2020\/09\/Renault-Duster-Iconic-instr.jpg\"><img decoding=\"async\" width=\"640\" height=\"426\" data-src=\"https:\/\/autolivraria.com.br\/bc\/wp-content\/uploads\/2020\/09\/Renault-Duster-Iconic-instr.jpg\" alt=\"\" data-id=\"118376\" data-link=\"https:\/\/autolivraria.com.br\/bc\/?attachment_id=118376\" class=\"wp-image-118376 lazyload\" data-srcset=\"https:\/\/autolivraria.com.br\/bc\/wp-content\/uploads\/2020\/09\/Renault-Duster-Iconic-instr.jpg 640w, https:\/\/autolivraria.com.br\/bc\/wp-content\/uploads\/2020\/09\/Renault-Duster-Iconic-instr-340x226.jpg 340w\" data-sizes=\"(max-width: 640px) 100vw, 640px\" src=\"data:image\/svg+xml;base64,PHN2ZyB3aWR0aD0iMSIgaGVpZ2h0PSIxIiB4bWxucz0iaHR0cDovL3d3dy53My5vcmcvMjAwMC9zdmciPjwvc3ZnPg==\" style=\"--smush-placeholder-width: 640px; --smush-placeholder-aspect-ratio: 640\/426;\" \/><\/a><\/figure><\/li><\/ul><\/figure>\n\n\n\n<p class=\"has-text-align-center\"><em>O Chevrolet agrada mais em acabamento, um tanto simples no Renault e em se\u00e7\u00f5es do Ford; este mostra mais fun\u00e7\u00f5es simult\u00e2neas no computador<\/em><\/p>\n\n\n\n<div style=\"height:50px\" aria-hidden=\"true\" class=\"wp-block-spacer\"><\/div>\n\n\n\n<p>Itens de conveni\u00eancia exclusivos do Tracker s\u00e3o roteador de internet a bordo por wi-fi (usa sinal de conex\u00e3o da Claro, a ser contratada, com recep\u00e7\u00e3o bem maior que a do celular), servi\u00e7o de assist\u00eancia On Star e duas tomadas USB para os passageiros de tr\u00e1s, al\u00e9m da dianteira. Apenas o Ecosport vem com luz nos para-s\u00f3is, porta-\u00f3culos e programa\u00e7\u00e3o para uso do carro por jovens ou manobristas (com limita\u00e7\u00e3o de velocidade e outras fun\u00e7\u00f5es).<br><br><\/p>\n\n\n\n<blockquote class=\"wp-block-quote is-layout-flow wp-block-quote-is-layout-flow\"><p>O Duster sempre sobressaiu na classe pelo interior espa\u00e7oso, mas o Tracker teve ganho importante na nova gera\u00e7\u00e3o e agora oferece o maior v\u00e3o para pernas atr\u00e1s<\/p><\/blockquote>\n\n\n\n<p><br><br>Vantagens do Duster s\u00e3o alerta nos retrovisores para ve\u00edculos em pontos cegos nas faixas laterais, difusores de ar em posi\u00e7\u00e3o alta no painel (favorece a refrigera\u00e7\u00e3o da cabine, pois o ar quente est\u00e1 em cima), far\u00f3is autom\u00e1ticos, molas a g\u00e1s para sustentar o cap\u00f4 e quatro c\u00e2meras externas (dianteira, traseira e laterais sob os retrovisores, acionadas uma de cada vez). Todos t\u00eam <a href=\"https:\/\/autolivraria.com.br\/bc\/glossario-c\/#cont\" target=\"_blank\" rel=\"noreferrer noopener\">controlador<\/a> e <a href=\"https:\/\/autolivraria.com.br\/bc\/glossario-l\/#limi\" target=\"_blank\" rel=\"noreferrer noopener\">limitador de velocidade<\/a>.<\/p>\n\n\n\n<p>As boas centrais de \u00e1udio usam telas de oito polegadas (Tracker e Duster) ou sete (Ecosport) e incluem <a href=\"https:\/\/autolivraria.com.br\/bc\/glossario-e\/#espe\" target=\"_blank\" rel=\"noreferrer noopener\">integra\u00e7\u00e3o a celular<\/a> por Android Auto e Apple Car Play. A do Renault deveria ter bot\u00f5es f\u00edsicos para as principais fun\u00e7\u00f5es: toques na tela requerem mais aten\u00e7\u00e3o e n\u00e3o s\u00e3o ideais em pisos irregulares.<\/p>\n\n\n\n<div style=\"height:50px\" aria-hidden=\"true\" class=\"wp-block-spacer\"><\/div>\n\n\n\n<figure class=\"wp-block-gallery columns-3 is-cropped wp-block-gallery-3 is-layout-flex wp-block-gallery-is-layout-flex\"><ul class=\"blocks-gallery-grid\"><li class=\"blocks-gallery-item\"><figure><a href=\"https:\/\/autolivraria.com.br\/bc\/wp-content\/uploads\/2020\/09\/Chevrolet-Tracker-LT-det05.jpg\"><img decoding=\"async\" width=\"640\" height=\"426\" data-src=\"https:\/\/autolivraria.com.br\/bc\/wp-content\/uploads\/2020\/09\/Chevrolet-Tracker-LT-det05.jpg\" alt=\"\" data-id=\"118381\" data-full-url=\"https:\/\/autolivraria.com.br\/bc\/wp-content\/uploads\/2020\/09\/Chevrolet-Tracker-LT-det05.jpg\" data-link=\"https:\/\/autolivraria.com.br\/bc\/?attachment_id=118381\" class=\"wp-image-118381 lazyload\" data-srcset=\"https:\/\/autolivraria.com.br\/bc\/wp-content\/uploads\/2020\/09\/Chevrolet-Tracker-LT-det05.jpg 640w, https:\/\/autolivraria.com.br\/bc\/wp-content\/uploads\/2020\/09\/Chevrolet-Tracker-LT-det05-340x226.jpg 340w\" data-sizes=\"(max-width: 640px) 100vw, 640px\" src=\"data:image\/svg+xml;base64,PHN2ZyB3aWR0aD0iMSIgaGVpZ2h0PSIxIiB4bWxucz0iaHR0cDovL3d3dy53My5vcmcvMjAwMC9zdmciPjwvc3ZnPg==\" style=\"--smush-placeholder-width: 640px; --smush-placeholder-aspect-ratio: 640\/426;\" \/><\/a><\/figure><\/li><li class=\"blocks-gallery-item\"><figure><a href=\"https:\/\/autolivraria.com.br\/bc\/wp-content\/uploads\/2020\/09\/Chevrolet-Tracker-LT-det03.jpg\"><img decoding=\"async\" width=\"640\" height=\"426\" data-src=\"https:\/\/autolivraria.com.br\/bc\/wp-content\/uploads\/2020\/09\/Chevrolet-Tracker-LT-det03.jpg\" alt=\"\" data-id=\"118377\" data-full-url=\"https:\/\/autolivraria.com.br\/bc\/wp-content\/uploads\/2020\/09\/Chevrolet-Tracker-LT-det03.jpg\" data-link=\"https:\/\/autolivraria.com.br\/bc\/?attachment_id=118377\" class=\"wp-image-118377 lazyload\" data-srcset=\"https:\/\/autolivraria.com.br\/bc\/wp-content\/uploads\/2020\/09\/Chevrolet-Tracker-LT-det03.jpg 640w, https:\/\/autolivraria.com.br\/bc\/wp-content\/uploads\/2020\/09\/Chevrolet-Tracker-LT-det03-340x226.jpg 340w\" data-sizes=\"(max-width: 640px) 100vw, 640px\" src=\"data:image\/svg+xml;base64,PHN2ZyB3aWR0aD0iMSIgaGVpZ2h0PSIxIiB4bWxucz0iaHR0cDovL3d3dy53My5vcmcvMjAwMC9zdmciPjwvc3ZnPg==\" style=\"--smush-placeholder-width: 640px; --smush-placeholder-aspect-ratio: 640\/426;\" \/><\/a><\/figure><\/li><li class=\"blocks-gallery-item\"><figure><a href=\"https:\/\/autolivraria.com.br\/bc\/wp-content\/uploads\/2020\/09\/Chevrolet-Tracker-LT-det01.jpg\"><img decoding=\"async\" width=\"640\" height=\"426\" data-src=\"https:\/\/autolivraria.com.br\/bc\/wp-content\/uploads\/2020\/09\/Chevrolet-Tracker-LT-det01.jpg\" alt=\"\" data-id=\"118379\" data-full-url=\"https:\/\/autolivraria.com.br\/bc\/wp-content\/uploads\/2020\/09\/Chevrolet-Tracker-LT-det01.jpg\" data-link=\"https:\/\/autolivraria.com.br\/bc\/?attachment_id=118379\" class=\"wp-image-118379 lazyload\" data-srcset=\"https:\/\/autolivraria.com.br\/bc\/wp-content\/uploads\/2020\/09\/Chevrolet-Tracker-LT-det01.jpg 640w, https:\/\/autolivraria.com.br\/bc\/wp-content\/uploads\/2020\/09\/Chevrolet-Tracker-LT-det01-340x226.jpg 340w\" data-sizes=\"(max-width: 640px) 100vw, 640px\" src=\"data:image\/svg+xml;base64,PHN2ZyB3aWR0aD0iMSIgaGVpZ2h0PSIxIiB4bWxucz0iaHR0cDovL3d3dy53My5vcmcvMjAwMC9zdmciPjwvc3ZnPg==\" style=\"--smush-placeholder-width: 640px; --smush-placeholder-aspect-ratio: 640\/426;\" \/><\/a><\/figure><\/li><li class=\"blocks-gallery-item\"><figure><a href=\"https:\/\/autolivraria.com.br\/bc\/wp-content\/uploads\/2020\/09\/Chevrolet-Tracker-LT-det08.jpg\"><img decoding=\"async\" width=\"640\" height=\"426\" data-src=\"https:\/\/autolivraria.com.br\/bc\/wp-content\/uploads\/2020\/09\/Chevrolet-Tracker-LT-det08.jpg\" alt=\"\" data-id=\"118382\" data-full-url=\"https:\/\/autolivraria.com.br\/bc\/wp-content\/uploads\/2020\/09\/Chevrolet-Tracker-LT-det08.jpg\" data-link=\"https:\/\/autolivraria.com.br\/bc\/?attachment_id=118382\" class=\"wp-image-118382 lazyload\" data-srcset=\"https:\/\/autolivraria.com.br\/bc\/wp-content\/uploads\/2020\/09\/Chevrolet-Tracker-LT-det08.jpg 640w, https:\/\/autolivraria.com.br\/bc\/wp-content\/uploads\/2020\/09\/Chevrolet-Tracker-LT-det08-340x226.jpg 340w\" data-sizes=\"(max-width: 640px) 100vw, 640px\" src=\"data:image\/svg+xml;base64,PHN2ZyB3aWR0aD0iMSIgaGVpZ2h0PSIxIiB4bWxucz0iaHR0cDovL3d3dy53My5vcmcvMjAwMC9zdmciPjwvc3ZnPg==\" style=\"--smush-placeholder-width: 640px; --smush-placeholder-aspect-ratio: 640\/426;\" \/><\/a><\/figure><\/li><li class=\"blocks-gallery-item\"><figure><a href=\"https:\/\/autolivraria.com.br\/bc\/wp-content\/uploads\/2020\/09\/Chevrolet-Tracker-LT-det06.jpg\"><img decoding=\"async\" width=\"640\" height=\"426\" data-src=\"https:\/\/autolivraria.com.br\/bc\/wp-content\/uploads\/2020\/09\/Chevrolet-Tracker-LT-det06.jpg\" alt=\"\" data-id=\"118380\" data-full-url=\"https:\/\/autolivraria.com.br\/bc\/wp-content\/uploads\/2020\/09\/Chevrolet-Tracker-LT-det06.jpg\" data-link=\"https:\/\/autolivraria.com.br\/bc\/?attachment_id=118380\" class=\"wp-image-118380 lazyload\" data-srcset=\"https:\/\/autolivraria.com.br\/bc\/wp-content\/uploads\/2020\/09\/Chevrolet-Tracker-LT-det06.jpg 640w, https:\/\/autolivraria.com.br\/bc\/wp-content\/uploads\/2020\/09\/Chevrolet-Tracker-LT-det06-340x226.jpg 340w\" data-sizes=\"(max-width: 640px) 100vw, 640px\" src=\"data:image\/svg+xml;base64,PHN2ZyB3aWR0aD0iMSIgaGVpZ2h0PSIxIiB4bWxucz0iaHR0cDovL3d3dy53My5vcmcvMjAwMC9zdmciPjwvc3ZnPg==\" style=\"--smush-placeholder-width: 640px; --smush-placeholder-aspect-ratio: 640\/426;\" \/><\/a><\/figure><\/li><li class=\"blocks-gallery-item\"><figure><a href=\"https:\/\/autolivraria.com.br\/bc\/wp-content\/uploads\/2020\/09\/Chevrolet-Tracker-LT-det02.jpg\"><img decoding=\"async\" width=\"640\" height=\"426\" data-src=\"https:\/\/autolivraria.com.br\/bc\/wp-content\/uploads\/2020\/09\/Chevrolet-Tracker-LT-det02.jpg\" alt=\"\" data-id=\"118378\" data-full-url=\"https:\/\/autolivraria.com.br\/bc\/wp-content\/uploads\/2020\/09\/Chevrolet-Tracker-LT-det02.jpg\" data-link=\"https:\/\/autolivraria.com.br\/bc\/?attachment_id=118378\" class=\"wp-image-118378 lazyload\" data-srcset=\"https:\/\/autolivraria.com.br\/bc\/wp-content\/uploads\/2020\/09\/Chevrolet-Tracker-LT-det02.jpg 640w, https:\/\/autolivraria.com.br\/bc\/wp-content\/uploads\/2020\/09\/Chevrolet-Tracker-LT-det02-340x226.jpg 340w\" data-sizes=\"(max-width: 640px) 100vw, 640px\" src=\"data:image\/svg+xml;base64,PHN2ZyB3aWR0aD0iMSIgaGVpZ2h0PSIxIiB4bWxucz0iaHR0cDovL3d3dy53My5vcmcvMjAwMC9zdmciPjwvc3ZnPg==\" style=\"--smush-placeholder-width: 640px; --smush-placeholder-aspect-ratio: 640\/426;\" \/><\/a><\/figure><\/li><\/ul><\/figure>\n\n\n\n<p class=\"has-text-align-center\"><em>Tracker: central de \u00e1udio com roteador de internet, mostrador de vida do \u00f3leo, tr\u00eas tomadas USB e assist\u00eancia On Star<\/em><\/p>\n\n\n\n<div style=\"height:30px\" aria-hidden=\"true\" class=\"wp-block-spacer\"><\/div>\n\n\n\n<figure class=\"wp-block-gallery columns-3 is-cropped wp-block-gallery-4 is-layout-flex wp-block-gallery-is-layout-flex\"><ul class=\"blocks-gallery-grid\"><li class=\"blocks-gallery-item\"><figure><a href=\"https:\/\/autolivraria.com.br\/bc\/wp-content\/uploads\/2020\/09\/Ford-Ecosport-Freestyle-det03.jpg\"><img decoding=\"async\" width=\"640\" height=\"426\" data-src=\"https:\/\/autolivraria.com.br\/bc\/wp-content\/uploads\/2020\/09\/Ford-Ecosport-Freestyle-det03.jpg\" alt=\"\" data-id=\"118383\" data-full-url=\"https:\/\/autolivraria.com.br\/bc\/wp-content\/uploads\/2020\/09\/Ford-Ecosport-Freestyle-det03.jpg\" data-link=\"https:\/\/autolivraria.com.br\/bc\/?attachment_id=118383\" class=\"wp-image-118383 lazyload\" data-srcset=\"https:\/\/autolivraria.com.br\/bc\/wp-content\/uploads\/2020\/09\/Ford-Ecosport-Freestyle-det03.jpg 640w, https:\/\/autolivraria.com.br\/bc\/wp-content\/uploads\/2020\/09\/Ford-Ecosport-Freestyle-det03-340x226.jpg 340w\" data-sizes=\"(max-width: 640px) 100vw, 640px\" src=\"data:image\/svg+xml;base64,PHN2ZyB3aWR0aD0iMSIgaGVpZ2h0PSIxIiB4bWxucz0iaHR0cDovL3d3dy53My5vcmcvMjAwMC9zdmciPjwvc3ZnPg==\" style=\"--smush-placeholder-width: 640px; --smush-placeholder-aspect-ratio: 640\/426;\" \/><\/a><\/figure><\/li><li class=\"blocks-gallery-item\"><figure><a href=\"https:\/\/autolivraria.com.br\/bc\/wp-content\/uploads\/2020\/09\/Ford-Ecosport-Freestyle-det04.jpg\"><img decoding=\"async\" width=\"640\" height=\"426\" data-src=\"https:\/\/autolivraria.com.br\/bc\/wp-content\/uploads\/2020\/09\/Ford-Ecosport-Freestyle-det04.jpg\" alt=\"\" data-id=\"118385\" data-full-url=\"https:\/\/autolivraria.com.br\/bc\/wp-content\/uploads\/2020\/09\/Ford-Ecosport-Freestyle-det04.jpg\" data-link=\"https:\/\/autolivraria.com.br\/bc\/?attachment_id=118385\" class=\"wp-image-118385 lazyload\" data-srcset=\"https:\/\/autolivraria.com.br\/bc\/wp-content\/uploads\/2020\/09\/Ford-Ecosport-Freestyle-det04.jpg 640w, https:\/\/autolivraria.com.br\/bc\/wp-content\/uploads\/2020\/09\/Ford-Ecosport-Freestyle-det04-340x226.jpg 340w\" data-sizes=\"(max-width: 640px) 100vw, 640px\" src=\"data:image\/svg+xml;base64,PHN2ZyB3aWR0aD0iMSIgaGVpZ2h0PSIxIiB4bWxucz0iaHR0cDovL3d3dy53My5vcmcvMjAwMC9zdmciPjwvc3ZnPg==\" style=\"--smush-placeholder-width: 640px; --smush-placeholder-aspect-ratio: 640\/426;\" \/><\/a><\/figure><\/li><li class=\"blocks-gallery-item\"><figure><a href=\"https:\/\/autolivraria.com.br\/bc\/wp-content\/uploads\/2020\/09\/Ford-Ecosport-Freestyle-det02.jpg\"><img decoding=\"async\" width=\"640\" height=\"426\" data-src=\"https:\/\/autolivraria.com.br\/bc\/wp-content\/uploads\/2020\/09\/Ford-Ecosport-Freestyle-det02.jpg\" alt=\"\" data-id=\"118384\" data-full-url=\"https:\/\/autolivraria.com.br\/bc\/wp-content\/uploads\/2020\/09\/Ford-Ecosport-Freestyle-det02.jpg\" data-link=\"https:\/\/autolivraria.com.br\/bc\/?attachment_id=118384\" class=\"wp-image-118384 lazyload\" data-srcset=\"https:\/\/autolivraria.com.br\/bc\/wp-content\/uploads\/2020\/09\/Ford-Ecosport-Freestyle-det02.jpg 640w, https:\/\/autolivraria.com.br\/bc\/wp-content\/uploads\/2020\/09\/Ford-Ecosport-Freestyle-det02-340x226.jpg 340w\" data-sizes=\"(max-width: 640px) 100vw, 640px\" src=\"data:image\/svg+xml;base64,PHN2ZyB3aWR0aD0iMSIgaGVpZ2h0PSIxIiB4bWxucz0iaHR0cDovL3d3dy53My5vcmcvMjAwMC9zdmciPjwvc3ZnPg==\" style=\"--smush-placeholder-width: 640px; --smush-placeholder-aspect-ratio: 640\/426;\" \/><\/a><\/figure><\/li><\/ul><\/figure>\n\n\n\n<p class=\"has-text-align-center\"><em>Ecosport teve a tela reduzida; como o Duster, tem ar-condicionado autom\u00e1tico<\/em><\/p>\n\n\n\n<div style=\"height:50px\" aria-hidden=\"true\" class=\"wp-block-spacer\"><\/div>\n\n\n\n<figure class=\"wp-block-gallery columns-3 is-cropped wp-block-gallery-5 is-layout-flex wp-block-gallery-is-layout-flex\"><ul class=\"blocks-gallery-grid\"><li class=\"blocks-gallery-item\"><figure><a href=\"https:\/\/autolivraria.com.br\/bc\/wp-content\/uploads\/2020\/09\/Renault-Duster-Iconic-det03.jpg\"><img decoding=\"async\" width=\"640\" height=\"426\" data-src=\"https:\/\/autolivraria.com.br\/bc\/wp-content\/uploads\/2020\/09\/Renault-Duster-Iconic-det03.jpg\" alt=\"\" data-id=\"118388\" data-full-url=\"https:\/\/autolivraria.com.br\/bc\/wp-content\/uploads\/2020\/09\/Renault-Duster-Iconic-det03.jpg\" data-link=\"https:\/\/autolivraria.com.br\/bc\/?attachment_id=118388\" class=\"wp-image-118388 lazyload\" data-srcset=\"https:\/\/autolivraria.com.br\/bc\/wp-content\/uploads\/2020\/09\/Renault-Duster-Iconic-det03.jpg 640w, https:\/\/autolivraria.com.br\/bc\/wp-content\/uploads\/2020\/09\/Renault-Duster-Iconic-det03-340x226.jpg 340w\" data-sizes=\"(max-width: 640px) 100vw, 640px\" src=\"data:image\/svg+xml;base64,PHN2ZyB3aWR0aD0iMSIgaGVpZ2h0PSIxIiB4bWxucz0iaHR0cDovL3d3dy53My5vcmcvMjAwMC9zdmciPjwvc3ZnPg==\" style=\"--smush-placeholder-width: 640px; --smush-placeholder-aspect-ratio: 640\/426;\" \/><\/a><\/figure><\/li><li class=\"blocks-gallery-item\"><figure><a href=\"https:\/\/autolivraria.com.br\/bc\/wp-content\/uploads\/2020\/09\/Renault-Duster-Iconic-det05.jpg\"><img decoding=\"async\" width=\"640\" height=\"426\" data-src=\"https:\/\/autolivraria.com.br\/bc\/wp-content\/uploads\/2020\/09\/Renault-Duster-Iconic-det05.jpg\" alt=\"\" data-id=\"118386\" data-full-url=\"https:\/\/autolivraria.com.br\/bc\/wp-content\/uploads\/2020\/09\/Renault-Duster-Iconic-det05.jpg\" data-link=\"https:\/\/autolivraria.com.br\/bc\/?attachment_id=118386\" class=\"wp-image-118386 lazyload\" data-srcset=\"https:\/\/autolivraria.com.br\/bc\/wp-content\/uploads\/2020\/09\/Renault-Duster-Iconic-det05.jpg 640w, https:\/\/autolivraria.com.br\/bc\/wp-content\/uploads\/2020\/09\/Renault-Duster-Iconic-det05-340x226.jpg 340w\" data-sizes=\"(max-width: 640px) 100vw, 640px\" src=\"data:image\/svg+xml;base64,PHN2ZyB3aWR0aD0iMSIgaGVpZ2h0PSIxIiB4bWxucz0iaHR0cDovL3d3dy53My5vcmcvMjAwMC9zdmciPjwvc3ZnPg==\" style=\"--smush-placeholder-width: 640px; --smush-placeholder-aspect-ratio: 640\/426;\" \/><\/a><\/figure><\/li><li class=\"blocks-gallery-item\"><figure><a href=\"https:\/\/autolivraria.com.br\/bc\/wp-content\/uploads\/2020\/09\/Renault-Duster-Iconic-det04.jpg\"><img decoding=\"async\" width=\"640\" height=\"426\" data-src=\"https:\/\/autolivraria.com.br\/bc\/wp-content\/uploads\/2020\/09\/Renault-Duster-Iconic-det04.jpg\" alt=\"\" data-id=\"118387\" data-full-url=\"https:\/\/autolivraria.com.br\/bc\/wp-content\/uploads\/2020\/09\/Renault-Duster-Iconic-det04.jpg\" data-link=\"https:\/\/autolivraria.com.br\/bc\/?attachment_id=118387\" class=\"wp-image-118387 lazyload\" data-srcset=\"https:\/\/autolivraria.com.br\/bc\/wp-content\/uploads\/2020\/09\/Renault-Duster-Iconic-det04.jpg 640w, https:\/\/autolivraria.com.br\/bc\/wp-content\/uploads\/2020\/09\/Renault-Duster-Iconic-det04-340x226.jpg 340w\" data-sizes=\"(max-width: 640px) 100vw, 640px\" src=\"data:image\/svg+xml;base64,PHN2ZyB3aWR0aD0iMSIgaGVpZ2h0PSIxIiB4bWxucz0iaHR0cDovL3d3dy53My5vcmcvMjAwMC9zdmciPjwvc3ZnPg==\" style=\"--smush-placeholder-width: 640px; --smush-placeholder-aspect-ratio: 640\/426;\" \/><\/a><\/figure><\/li><li class=\"blocks-gallery-item\"><figure><a href=\"https:\/\/autolivraria.com.br\/bc\/wp-content\/uploads\/2020\/09\/Renault-Duster-Iconic-det01.jpg\"><img decoding=\"async\" width=\"640\" height=\"426\" data-src=\"https:\/\/autolivraria.com.br\/bc\/wp-content\/uploads\/2020\/09\/Renault-Duster-Iconic-det01.jpg\" alt=\"\" data-id=\"118390\" data-full-url=\"https:\/\/autolivraria.com.br\/bc\/wp-content\/uploads\/2020\/09\/Renault-Duster-Iconic-det01.jpg\" data-link=\"https:\/\/autolivraria.com.br\/bc\/?attachment_id=118390\" class=\"wp-image-118390 lazyload\" data-srcset=\"https:\/\/autolivraria.com.br\/bc\/wp-content\/uploads\/2020\/09\/Renault-Duster-Iconic-det01.jpg 640w, https:\/\/autolivraria.com.br\/bc\/wp-content\/uploads\/2020\/09\/Renault-Duster-Iconic-det01-340x226.jpg 340w\" data-sizes=\"(max-width: 640px) 100vw, 640px\" src=\"data:image\/svg+xml;base64,PHN2ZyB3aWR0aD0iMSIgaGVpZ2h0PSIxIiB4bWxucz0iaHR0cDovL3d3dy53My5vcmcvMjAwMC9zdmciPjwvc3ZnPg==\" style=\"--smush-placeholder-width: 640px; --smush-placeholder-aspect-ratio: 640\/426;\" \/><\/a><\/figure><\/li><li class=\"blocks-gallery-item\"><figure><a href=\"https:\/\/autolivraria.com.br\/bc\/wp-content\/uploads\/2020\/09\/Renault-Duster-Iconic-det02.jpg\"><img decoding=\"async\" width=\"640\" height=\"426\" data-src=\"https:\/\/autolivraria.com.br\/bc\/wp-content\/uploads\/2020\/09\/Renault-Duster-Iconic-det02.jpg\" alt=\"\" data-id=\"118389\" data-full-url=\"https:\/\/autolivraria.com.br\/bc\/wp-content\/uploads\/2020\/09\/Renault-Duster-Iconic-det02.jpg\" data-link=\"https:\/\/autolivraria.com.br\/bc\/?attachment_id=118389\" class=\"wp-image-118389 lazyload\" data-srcset=\"https:\/\/autolivraria.com.br\/bc\/wp-content\/uploads\/2020\/09\/Renault-Duster-Iconic-det02.jpg 640w, https:\/\/autolivraria.com.br\/bc\/wp-content\/uploads\/2020\/09\/Renault-Duster-Iconic-det02-340x226.jpg 340w\" data-sizes=\"(max-width: 640px) 100vw, 640px\" src=\"data:image\/svg+xml;base64,PHN2ZyB3aWR0aD0iMSIgaGVpZ2h0PSIxIiB4bWxucz0iaHR0cDovL3d3dy53My5vcmcvMjAwMC9zdmciPjwvc3ZnPg==\" style=\"--smush-placeholder-width: 640px; --smush-placeholder-aspect-ratio: 640\/426;\" \/><\/a><\/figure><\/li><li class=\"blocks-gallery-item\"><figure><a href=\"https:\/\/autolivraria.com.br\/bc\/wp-content\/uploads\/2020\/09\/Renault-Duster-Iconic-det07-1.jpg\"><img decoding=\"async\" width=\"640\" height=\"426\" data-src=\"https:\/\/autolivraria.com.br\/bc\/wp-content\/uploads\/2020\/09\/Renault-Duster-Iconic-det07-1.jpg\" alt=\"\" data-id=\"118474\" data-full-url=\"https:\/\/autolivraria.com.br\/bc\/wp-content\/uploads\/2020\/09\/Renault-Duster-Iconic-det07-1.jpg\" data-link=\"https:\/\/autolivraria.com.br\/bc\/?attachment_id=118474\" class=\"wp-image-118474 lazyload\" data-srcset=\"https:\/\/autolivraria.com.br\/bc\/wp-content\/uploads\/2020\/09\/Renault-Duster-Iconic-det07-1.jpg 640w, https:\/\/autolivraria.com.br\/bc\/wp-content\/uploads\/2020\/09\/Renault-Duster-Iconic-det07-1-340x226.jpg 340w\" data-sizes=\"(max-width: 640px) 100vw, 640px\" src=\"data:image\/svg+xml;base64,PHN2ZyB3aWR0aD0iMSIgaGVpZ2h0PSIxIiB4bWxucz0iaHR0cDovL3d3dy53My5vcmcvMjAwMC9zdmciPjwvc3ZnPg==\" style=\"--smush-placeholder-width: 640px; --smush-placeholder-aspect-ratio: 640\/426;\" \/><\/a><\/figure><\/li><\/ul><\/figure>\n\n\n\n<p class=\"has-text-align-center\"><em>Duster: tela ampla, monitor de pontos cegos, far\u00f3is autom\u00e1ticos, quatro c\u00e2meras externas, molas a g\u00e1s no cap\u00f4<\/em><\/p>\n\n\n\n<div style=\"height:50px\" aria-hidden=\"true\" class=\"wp-block-spacer\"><\/div>\n\n\n\n<p>Que pontos admitem melhoria? No Chevrolet falta ar-condicionado autom\u00e1tico, o computador de bordo s\u00f3 se ativa com motor ligado e, no banco traseiro, a posi\u00e7\u00e3o da fivela dos cintos pode incomodar. No Ford n\u00e3o h\u00e1 al\u00e7as de teto e chave presencial para acesso e partida; os v\u00e3os de carroceria s\u00e3o os mais irregulares do grupo, sobretudo na porta traseira; e lamentamos que o processo de &#8220;depena\u00e7\u00e3o&#8221; tenha levado itens como monitor de press\u00e3o dos pneus, a segunda tomada USB e tomada de 12 volts ao lado do banco traseiro.<br><br><\/p>\n\n\n<div class='code-block code-block-6' style='margin: 28px auto; text-align: center; display: block; clear: both;'>\n<script async src=\"https:\/\/pagead2.googlesyndication.com\/pagead\/js\/adsbygoogle.js\"><\/script>\n<!-- AL-quadrado -->\n<ins class=\"adsbygoogle\"\n     style=\"display:block\"\n     data-ad-client=\"ca-pub-1914799802606213\"\n     data-ad-slot=\"5683066082\"\n     data-ad-format=\"auto\"\n     data-full-width-responsive=\"true\"><\/ins>\n<script>\n     (adsbygoogle = window.adsbygoogle || []).push({});\n<\/script><\/div>\n\n\n\n\n<p><br><br>No Renault faltam comando a dist\u00e2ncia para abrir os vidros (apenas se fecham dessa forma) e ajuste da ancoragem superior dos cintos dianteiros (tamb\u00e9m no Tracker para o passageiro da frente). O tanque auxiliar de partida com gasolina \u00e9 arcaico, tanto tempo depois de o <a href=\"https:\/\/autolivraria.com.br\/bc\/glossario-p\/#prea\" target=\"_blank\" rel=\"noreferrer noopener\">preaquecimento de \u00e1lcool<\/a> equipar em carros bem mais baratos. E o pacote opcional Outsider inclui molduras nas soleiras que acumulam sujeira e, por serem salientes, esbarram na barra da cal\u00e7a ao entrar e sair. Nenhum deles tem faixa degrad\u00ea no para-brisa \u2014 pior no Tracker, sem ao menos pintura serigrafada para tapar o Sol na parte central.<\/p>\n\n\n<a href='https:\/\/autolivraria.com.br\/bc\/informe-se\/avaliacao\/teste-comparativo-suvs-chevrolet-tracker-ford-ecosport-renault-duster-2021\/2\/' class='small-button smallsilver'>Pr\u00f3xima parte<\/a>\n\n\n\n<div style=\"height:50px\" aria-hidden=\"true\" class=\"wp-block-spacer\"><\/div>\n\n\n<div class='et-box et-shadow'>\n\t\t\t\t\t<div class='et-box-content'><h2>Pre\u00e7os<\/h2>\n<table id=\"table5989\" style=\"width: 100%;\" border=\"0\" cellspacing=\"0\" cellpadding=\"3\">\n<tbody>\n<tr>\n<td style=\"width: 40%;\">&nbsp;<\/td>\n<td style=\"width: 20%;\"><strong>Tracker<\/strong><\/td>\n<td style=\"width: 20%;\"><strong>Ecosport<\/strong><\/td>\n<td style=\"width: 20%;\"><strong>Duster<\/strong><\/td>\n<\/tr>\n<tr>\n<td style=\"width: 40%;\">Sem opcionais<\/td>\n<td style=\"width: 20%;\">R$ 95.890<\/td>\n<td style=\"width: 20%;\"><strong>R$ 91.990<\/strong><\/td>\n<td style=\"width: 20%;\">R$ 96.390<\/td>\n<\/tr>\n<tr>\n<td style=\"width: 40%;\">Como avaliado<\/td>\n<td style=\"width: 20%;\">R$ 95.890<\/td>\n<td style=\"width: 20%;\"><strong>R$ 91.990<\/strong><\/td>\n<td style=\"width: 20%;\">R$ 98.690<\/td>\n<\/tr>\n<tr>\n<td style=\"width: 40%;\">Completo<\/td>\n<td style=\"width: 20%;\">R$ 97.490<\/td>\n<td style=\"width: 20%;\"><strong>R$ 93.540<\/strong><\/td>\n<td style=\"width: 20%;\">R$ 100.340<\/td>\n<\/tr>\n<tr>\n<td colspan=\"4\" width=\"100%\">Pre\u00e7os sugeridos em 21\/9\/20 para S\u00e3o Paulo, SP; apenas o pre\u00e7o completo inclui pinturas especiais; menores pre\u00e7os em destaque<\/td>\n<\/tr>\n<\/tbody>\n<\/table><\/div><\/div>\n\n\n<div style=\"height:50px\" aria-hidden=\"true\" class=\"wp-block-spacer\"><\/div>\n\n\n<div class='et-box et-shadow'>\n\t\t\t\t\t<div class='et-box-content'><h2>Equipamentos de s\u00e9rie e opcionais<\/h2>\n<p><strong>\u2022 Tracker LT<\/strong> &#8211; Alarme, ar-condicionado, assist\u00eancia On Star, bolsas infl\u00e1veis laterais dianteiras e de cortina, c\u00e2mera traseira de manobras, central de \u00e1udio com tela de 8 polegadas e integra\u00e7\u00e3o a celular, chave presencial para acesso e partida, computador de bordo, controlador e limitador de velocidade, controle eletr\u00f4nico de estabilidade e tra\u00e7\u00e3o, fixa\u00e7\u00e3o Isofix para cadeira infantil, luzes diurnas de leds, rodas de alum\u00ednio de 16 pol, roteador de internet por wi-fi, sensor de estacionamento traseiro, volante de couro.<\/p>\n<p><strong>\u2022 Ecosport Freestyle<\/strong> &#8211; Alarme, ar-condicionado autom\u00e1tico, bancos com revestimento sint\u00e9tico parcial, c\u00e2mera traseira de manobras, central de \u00e1udio com tela de 7 pol e integra\u00e7\u00e3o a celular, computador de bordo, controlador e limitador de velocidade, controle eletr\u00f4nico de estabilidade e tra\u00e7\u00e3o, far\u00f3is de neblina, fixa\u00e7\u00e3o Isofix para cadeira infantil, luzes diurnas, rodas de alum\u00ednio de 16 pol, sensor de estacionamento traseiro, volante de couro.<\/p>\n<p><strong>\u2022 Duster Iconic &#8211;<\/strong> Alarme, alerta de ponto cego, ar-condicionado autom\u00e1tico, bancos com revestimento sint\u00e9tico, central de \u00e1udio com tela de 8 pol e integra\u00e7\u00e3o a celular, chave presencial para acesso e partida, computador de bordo, controlador e limitador de velocidade, controle eletr\u00f4nico de estabilidade e tra\u00e7\u00e3o, far\u00f3is autom\u00e1ticos, far\u00f3is de neblina, fixa\u00e7\u00e3o Isofix para cadeira infantil, quatro c\u00e2meras externas, rodas de alum\u00ednio de 17 pol, sensor de estacionamento traseiro, volante de couro.<\/p>\n<p><strong>\u2022&nbsp;<\/strong><strong>Garantia &#8211; <\/strong>Tr\u00eas anos sem limite de quilometragem.<\/p><\/div><\/div>\n\n<a href='https:\/\/autolivraria.com.br\/bc\/informe-se\/avaliacao\/teste-comparativo-suvs-chevrolet-tracker-ford-ecosport-renault-duster-2021\/2\/' class='small-button smallsilver'>Pr\u00f3xima parte<\/a>\n\n\n\n<div style=\"height:50px\" aria-hidden=\"true\" class=\"wp-block-spacer\"><\/div>\n\n\n<p><!--nextpage--><\/p>\n\n\n\n<figure class=\"wp-block-gallery columns-2 is-cropped wp-block-gallery-6 is-layout-flex wp-block-gallery-is-layout-flex\"><ul class=\"blocks-gallery-grid\"><li class=\"blocks-gallery-item\"><figure><a href=\"https:\/\/autolivraria.com.br\/bc\/wp-content\/uploads\/2020\/09\/Chevrolet-Tracker-LT-bc1.jpg\"><img decoding=\"async\" width=\"640\" height=\"640\" data-src=\"https:\/\/autolivraria.com.br\/bc\/wp-content\/uploads\/2020\/09\/Chevrolet-Tracker-LT-bc1.jpg\" alt=\"\" data-id=\"118393\" data-link=\"https:\/\/autolivraria.com.br\/bc\/?attachment_id=118393\" class=\"wp-image-118393 lazyload\" data-srcset=\"https:\/\/autolivraria.com.br\/bc\/wp-content\/uploads\/2020\/09\/Chevrolet-Tracker-LT-bc1.jpg 640w, https:\/\/autolivraria.com.br\/bc\/wp-content\/uploads\/2020\/09\/Chevrolet-Tracker-LT-bc1-340x340.jpg 340w, https:\/\/autolivraria.com.br\/bc\/wp-content\/uploads\/2020\/09\/Chevrolet-Tracker-LT-bc1-222x222.jpg 222w\" data-sizes=\"(max-width: 640px) 100vw, 640px\" src=\"data:image\/svg+xml;base64,PHN2ZyB3aWR0aD0iMSIgaGVpZ2h0PSIxIiB4bWxucz0iaHR0cDovL3d3dy53My5vcmcvMjAwMC9zdmciPjwvc3ZnPg==\" style=\"--smush-placeholder-width: 640px; --smush-placeholder-aspect-ratio: 640\/640;\" \/><\/a><figcaption class=\"blocks-gallery-item__caption\">Tracker<\/figcaption><\/figure><\/li><li class=\"blocks-gallery-item\"><figure><a href=\"https:\/\/autolivraria.com.br\/bc\/wp-content\/uploads\/2020\/09\/Chevrolet-Tracker-LT-bc2.jpg\"><img decoding=\"async\" width=\"640\" height=\"640\" data-src=\"https:\/\/autolivraria.com.br\/bc\/wp-content\/uploads\/2020\/09\/Chevrolet-Tracker-LT-bc2.jpg\" alt=\"\" data-id=\"118392\" data-link=\"https:\/\/autolivraria.com.br\/bc\/?attachment_id=118392\" class=\"wp-image-118392 lazyload\" data-srcset=\"https:\/\/autolivraria.com.br\/bc\/wp-content\/uploads\/2020\/09\/Chevrolet-Tracker-LT-bc2.jpg 640w, https:\/\/autolivraria.com.br\/bc\/wp-content\/uploads\/2020\/09\/Chevrolet-Tracker-LT-bc2-340x340.jpg 340w, https:\/\/autolivraria.com.br\/bc\/wp-content\/uploads\/2020\/09\/Chevrolet-Tracker-LT-bc2-222x222.jpg 222w\" data-sizes=\"(max-width: 640px) 100vw, 640px\" src=\"data:image\/svg+xml;base64,PHN2ZyB3aWR0aD0iMSIgaGVpZ2h0PSIxIiB4bWxucz0iaHR0cDovL3d3dy53My5vcmcvMjAwMC9zdmciPjwvc3ZnPg==\" style=\"--smush-placeholder-width: 640px; --smush-placeholder-aspect-ratio: 640\/640;\" \/><\/a><\/figure><\/li><li class=\"blocks-gallery-item\"><figure><a href=\"https:\/\/autolivraria.com.br\/bc\/wp-content\/uploads\/2020\/09\/Ford-Ecosport-Freestyle-bc1.jpg\"><img decoding=\"async\" width=\"640\" height=\"640\" data-src=\"https:\/\/autolivraria.com.br\/bc\/wp-content\/uploads\/2020\/09\/Ford-Ecosport-Freestyle-bc1.jpg\" alt=\"\" data-id=\"118396\" data-full-url=\"https:\/\/autolivraria.com.br\/bc\/wp-content\/uploads\/2020\/09\/Ford-Ecosport-Freestyle-bc1.jpg\" data-link=\"https:\/\/autolivraria.com.br\/bc\/?attachment_id=118396\" class=\"wp-image-118396 lazyload\" data-srcset=\"https:\/\/autolivraria.com.br\/bc\/wp-content\/uploads\/2020\/09\/Ford-Ecosport-Freestyle-bc1.jpg 640w, https:\/\/autolivraria.com.br\/bc\/wp-content\/uploads\/2020\/09\/Ford-Ecosport-Freestyle-bc1-340x340.jpg 340w, https:\/\/autolivraria.com.br\/bc\/wp-content\/uploads\/2020\/09\/Ford-Ecosport-Freestyle-bc1-222x222.jpg 222w\" data-sizes=\"(max-width: 640px) 100vw, 640px\" src=\"data:image\/svg+xml;base64,PHN2ZyB3aWR0aD0iMSIgaGVpZ2h0PSIxIiB4bWxucz0iaHR0cDovL3d3dy53My5vcmcvMjAwMC9zdmciPjwvc3ZnPg==\" style=\"--smush-placeholder-width: 640px; --smush-placeholder-aspect-ratio: 640\/640;\" \/><\/a><figcaption class=\"blocks-gallery-item__caption\">Ecosport<\/figcaption><\/figure><\/li><li class=\"blocks-gallery-item\"><figure><a href=\"https:\/\/autolivraria.com.br\/bc\/wp-content\/uploads\/2020\/09\/Ford-Ecosport-Freestyle-bc2.jpg\"><img decoding=\"async\" width=\"640\" height=\"640\" data-src=\"https:\/\/autolivraria.com.br\/bc\/wp-content\/uploads\/2020\/09\/Ford-Ecosport-Freestyle-bc2.jpg\" alt=\"\" data-id=\"118397\" data-full-url=\"https:\/\/autolivraria.com.br\/bc\/wp-content\/uploads\/2020\/09\/Ford-Ecosport-Freestyle-bc2.jpg\" data-link=\"https:\/\/autolivraria.com.br\/bc\/?attachment_id=118397\" class=\"wp-image-118397 lazyload\" data-srcset=\"https:\/\/autolivraria.com.br\/bc\/wp-content\/uploads\/2020\/09\/Ford-Ecosport-Freestyle-bc2.jpg 640w, https:\/\/autolivraria.com.br\/bc\/wp-content\/uploads\/2020\/09\/Ford-Ecosport-Freestyle-bc2-340x340.jpg 340w, https:\/\/autolivraria.com.br\/bc\/wp-content\/uploads\/2020\/09\/Ford-Ecosport-Freestyle-bc2-222x222.jpg 222w\" data-sizes=\"(max-width: 640px) 100vw, 640px\" src=\"data:image\/svg+xml;base64,PHN2ZyB3aWR0aD0iMSIgaGVpZ2h0PSIxIiB4bWxucz0iaHR0cDovL3d3dy53My5vcmcvMjAwMC9zdmciPjwvc3ZnPg==\" style=\"--smush-placeholder-width: 640px; --smush-placeholder-aspect-ratio: 640\/640;\" \/><\/a><\/figure><\/li><li class=\"blocks-gallery-item\"><figure><a href=\"https:\/\/autolivraria.com.br\/bc\/wp-content\/uploads\/2020\/09\/Renault-Duster-Iconic-bc1.jpg\"><img decoding=\"async\" width=\"640\" height=\"640\" data-src=\"https:\/\/autolivraria.com.br\/bc\/wp-content\/uploads\/2020\/09\/Renault-Duster-Iconic-bc1.jpg\" alt=\"\" data-id=\"118394\" data-link=\"https:\/\/autolivraria.com.br\/bc\/?attachment_id=118394\" class=\"wp-image-118394 lazyload\" data-srcset=\"https:\/\/autolivraria.com.br\/bc\/wp-content\/uploads\/2020\/09\/Renault-Duster-Iconic-bc1.jpg 640w, https:\/\/autolivraria.com.br\/bc\/wp-content\/uploads\/2020\/09\/Renault-Duster-Iconic-bc1-340x340.jpg 340w, https:\/\/autolivraria.com.br\/bc\/wp-content\/uploads\/2020\/09\/Renault-Duster-Iconic-bc1-222x222.jpg 222w\" data-sizes=\"(max-width: 640px) 100vw, 640px\" src=\"data:image\/svg+xml;base64,PHN2ZyB3aWR0aD0iMSIgaGVpZ2h0PSIxIiB4bWxucz0iaHR0cDovL3d3dy53My5vcmcvMjAwMC9zdmciPjwvc3ZnPg==\" style=\"--smush-placeholder-width: 640px; --smush-placeholder-aspect-ratio: 640\/640;\" \/><\/a><figcaption class=\"blocks-gallery-item__caption\">Duster<\/figcaption><\/figure><\/li><li class=\"blocks-gallery-item\"><figure><a href=\"https:\/\/autolivraria.com.br\/bc\/wp-content\/uploads\/2020\/09\/Renault-Duster-Iconic-bc2.jpg\"><img decoding=\"async\" width=\"640\" height=\"640\" data-src=\"https:\/\/autolivraria.com.br\/bc\/wp-content\/uploads\/2020\/09\/Renault-Duster-Iconic-bc2.jpg\" alt=\"\" data-id=\"118395\" data-link=\"https:\/\/autolivraria.com.br\/bc\/?attachment_id=118395\" class=\"wp-image-118395 lazyload\" data-srcset=\"https:\/\/autolivraria.com.br\/bc\/wp-content\/uploads\/2020\/09\/Renault-Duster-Iconic-bc2.jpg 640w, https:\/\/autolivraria.com.br\/bc\/wp-content\/uploads\/2020\/09\/Renault-Duster-Iconic-bc2-340x340.jpg 340w, https:\/\/autolivraria.com.br\/bc\/wp-content\/uploads\/2020\/09\/Renault-Duster-Iconic-bc2-222x222.jpg 222w\" data-sizes=\"(max-width: 640px) 100vw, 640px\" src=\"data:image\/svg+xml;base64,PHN2ZyB3aWR0aD0iMSIgaGVpZ2h0PSIxIiB4bWxucz0iaHR0cDovL3d3dy53My5vcmcvMjAwMC9zdmciPjwvc3ZnPg==\" style=\"--smush-placeholder-width: 640px; --smush-placeholder-aspect-ratio: 640\/640;\" \/><\/a><\/figure><\/li><\/ul><\/figure>\n\n\n\n<p class=\"has-text-align-center\"><em>Boas posi\u00e7\u00f5es ao motorista, com ressalva ao assento do Duster; ele \u00e9 o mais largo e o Tracker vence em espa\u00e7o para pernas atr\u00e1s<\/em><\/p>\n\n\n\n<div style=\"height:50px\" aria-hidden=\"true\" class=\"wp-block-spacer\"><\/div>\n\n\n\n<p><strong>Posto do motorista<br><\/strong>S\u00e3o carros bem-resolvidos na posi\u00e7\u00e3o de dirigir, com boas posi\u00e7\u00f5es relativas entre banco, pedais e o volante com ajuste em altura e dist\u00e2ncia \u2014 esta regulagem enfim chegou ao Duster. Nele o assento com pouco apoio para coxas cansa em viagens. Os instrumentos, simples e f\u00e1ceis de ler nos tr\u00eas, incluem repetidor digital do veloc\u00edmetro e computador de bordo, que mostra mais fun\u00e7\u00f5es em simult\u00e2neo no Ecosport e fica devendo o segundo trajeto de medi\u00e7\u00e3o no Duster. O Tracker exibe o percentual de vida \u00fatil que resta ao lubrificante do motor, ajustado conforme o modo de dirigir.<br><br><\/p>\n\n\n<div class='code-block code-block-7' style='margin: 28px auto; text-align: center; display: block; clear: both;'>\n<br>\n<div align=\"center\">\n<a target=\"_blank\" href=\"https:\/\/bestcars.com.br\/bc\/\">\n<img decoding=\"async\" data-src=\"https:\/\/bestcars.com.br\/bc\/wp-content\/uploads\/2021\/07\/Auto-Livraria-450x300-quadros.jpg\" alt=\"Auto Livraria\" src=\"data:image\/svg+xml;base64,PHN2ZyB3aWR0aD0iMSIgaGVpZ2h0PSIxIiB4bWxucz0iaHR0cDovL3d3dy53My5vcmcvMjAwMC9zdmciPjwvc3ZnPg==\" class=\"lazyload\"><\/a>\n<\/div>\n<br><\/div>\n\n\n\n\n<p><br><br>Em todos eles h\u00e1 bons far\u00f3is de duplo refletor (do tipo <a href=\"https:\/\/autolivraria.com.br\/bc\/glossario-e\/#elip\" target=\"_blank\" rel=\"noreferrer noopener\">elipsoidal<\/a> no facho baixo do Tracker, mais eficaz, outro recurso que o Ecosport perdeu) e repetidores laterais das luzes de dire\u00e7\u00e3o, que a GM coloca nos para-lamas, posi\u00e7\u00e3o incomum hoje. Apenas o Tracker tem ajuste el\u00e9trico do facho dos far\u00f3is, luz traseira de neblina e luzes diurnas de leds: o Ford oferece tal luz com l\u00e2mpadas hal\u00f3genas, que consomem mais energia, e o Renault tem leds s\u00f3 nas luzes de posi\u00e7\u00e3o, que n\u00e3o substituem os far\u00f3is de dia em rodovias. Por outro lado, faltam ao Chevrolet far\u00f3is de neblina.<\/p>\n\n\n\n<p>A visibilidade dianteira \u00e9 cr\u00edtica no Ecosport, pelas colunas muito largas, e mediana nos outros. A favor dele est\u00e3o os melhores retrovisores externos, ambos <a href=\"https:\/\/autolivraria.com.br\/bc\/glossario-c\/#conv\" target=\"_blank\" rel=\"noreferrer noopener\">biconvexos<\/a>.<\/p>\n\n\n\n<div style=\"height:50px\" aria-hidden=\"true\" class=\"wp-block-spacer\"><\/div>\n\n\n\n<figure class=\"wp-block-gallery columns-2 is-cropped wp-block-gallery-7 is-layout-flex wp-block-gallery-is-layout-flex\"><ul class=\"blocks-gallery-grid\"><li class=\"blocks-gallery-item\"><figure><a href=\"https:\/\/autolivraria.com.br\/bc\/wp-content\/uploads\/2020\/09\/Chevrolet-Tracker-LT-10.jpg\"><img decoding=\"async\" width=\"1280\" height=\"853\" data-src=\"https:\/\/autolivraria.com.br\/bc\/wp-content\/uploads\/2020\/09\/Chevrolet-Tracker-LT-10.jpg\" alt=\"\" data-id=\"118399\" data-full-url=\"https:\/\/autolivraria.com.br\/bc\/wp-content\/uploads\/2020\/09\/Chevrolet-Tracker-LT-10.jpg\" data-link=\"https:\/\/autolivraria.com.br\/bc\/?attachment_id=118399\" class=\"wp-image-118399 lazyload\" data-srcset=\"https:\/\/autolivraria.com.br\/bc\/wp-content\/uploads\/2020\/09\/Chevrolet-Tracker-LT-10.jpg 1280w, https:\/\/autolivraria.com.br\/bc\/wp-content\/uploads\/2020\/09\/Chevrolet-Tracker-LT-10-340x227.jpg 340w, https:\/\/autolivraria.com.br\/bc\/wp-content\/uploads\/2020\/09\/Chevrolet-Tracker-LT-10-696x464.jpg 696w\" data-sizes=\"(max-width: 1280px) 100vw, 1280px\" src=\"data:image\/svg+xml;base64,PHN2ZyB3aWR0aD0iMSIgaGVpZ2h0PSIxIiB4bWxucz0iaHR0cDovL3d3dy53My5vcmcvMjAwMC9zdmciPjwvc3ZnPg==\" style=\"--smush-placeholder-width: 1280px; --smush-placeholder-aspect-ratio: 1280\/853;\" \/><\/a><figcaption class=\"blocks-gallery-item__caption\">Tracker<\/figcaption><\/figure><\/li><li class=\"blocks-gallery-item\"><figure><a href=\"https:\/\/autolivraria.com.br\/bc\/wp-content\/uploads\/2020\/09\/Chevrolet-Tracker-LT-pm.jpg\"><img decoding=\"async\" width=\"640\" height=\"426\" data-src=\"https:\/\/autolivraria.com.br\/bc\/wp-content\/uploads\/2020\/09\/Chevrolet-Tracker-LT-pm.jpg\" alt=\"\" data-id=\"118400\" data-full-url=\"https:\/\/autolivraria.com.br\/bc\/wp-content\/uploads\/2020\/09\/Chevrolet-Tracker-LT-pm.jpg\" data-link=\"https:\/\/autolivraria.com.br\/bc\/?attachment_id=118400\" class=\"wp-image-118400 lazyload\" data-srcset=\"https:\/\/autolivraria.com.br\/bc\/wp-content\/uploads\/2020\/09\/Chevrolet-Tracker-LT-pm.jpg 640w, https:\/\/autolivraria.com.br\/bc\/wp-content\/uploads\/2020\/09\/Chevrolet-Tracker-LT-pm-340x226.jpg 340w\" data-sizes=\"(max-width: 640px) 100vw, 640px\" src=\"data:image\/svg+xml;base64,PHN2ZyB3aWR0aD0iMSIgaGVpZ2h0PSIxIiB4bWxucz0iaHR0cDovL3d3dy53My5vcmcvMjAwMC9zdmciPjwvc3ZnPg==\" style=\"--smush-placeholder-width: 640px; --smush-placeholder-aspect-ratio: 640\/426;\" \/><\/a><\/figure><\/li><li class=\"blocks-gallery-item\"><figure><a href=\"https:\/\/autolivraria.com.br\/bc\/wp-content\/uploads\/2020\/09\/Ford-Ecosport-Freestyle-10.jpg\"><img decoding=\"async\" width=\"1280\" height=\"853\" data-src=\"https:\/\/autolivraria.com.br\/bc\/wp-content\/uploads\/2020\/09\/Ford-Ecosport-Freestyle-10.jpg\" alt=\"\" data-id=\"118401\" data-full-url=\"https:\/\/autolivraria.com.br\/bc\/wp-content\/uploads\/2020\/09\/Ford-Ecosport-Freestyle-10.jpg\" data-link=\"https:\/\/autolivraria.com.br\/bc\/?attachment_id=118401\" class=\"wp-image-118401 lazyload\" data-srcset=\"https:\/\/autolivraria.com.br\/bc\/wp-content\/uploads\/2020\/09\/Ford-Ecosport-Freestyle-10.jpg 1280w, https:\/\/autolivraria.com.br\/bc\/wp-content\/uploads\/2020\/09\/Ford-Ecosport-Freestyle-10-340x227.jpg 340w, https:\/\/autolivraria.com.br\/bc\/wp-content\/uploads\/2020\/09\/Ford-Ecosport-Freestyle-10-696x464.jpg 696w\" data-sizes=\"(max-width: 1280px) 100vw, 1280px\" src=\"data:image\/svg+xml;base64,PHN2ZyB3aWR0aD0iMSIgaGVpZ2h0PSIxIiB4bWxucz0iaHR0cDovL3d3dy53My5vcmcvMjAwMC9zdmciPjwvc3ZnPg==\" style=\"--smush-placeholder-width: 1280px; --smush-placeholder-aspect-ratio: 1280\/853;\" \/><\/a><figcaption class=\"blocks-gallery-item__caption\">Ecosport<\/figcaption><\/figure><\/li><li class=\"blocks-gallery-item\"><figure><a href=\"https:\/\/autolivraria.com.br\/bc\/wp-content\/uploads\/2020\/09\/Ford-Ecosport-Freestyle-pm.jpg\"><img decoding=\"async\" width=\"640\" height=\"426\" data-src=\"https:\/\/autolivraria.com.br\/bc\/wp-content\/uploads\/2020\/09\/Ford-Ecosport-Freestyle-pm.jpg\" alt=\"\" data-id=\"118402\" data-full-url=\"https:\/\/autolivraria.com.br\/bc\/wp-content\/uploads\/2020\/09\/Ford-Ecosport-Freestyle-pm.jpg\" data-link=\"https:\/\/autolivraria.com.br\/bc\/?attachment_id=118402\" class=\"wp-image-118402 lazyload\" data-srcset=\"https:\/\/autolivraria.com.br\/bc\/wp-content\/uploads\/2020\/09\/Ford-Ecosport-Freestyle-pm.jpg 640w, https:\/\/autolivraria.com.br\/bc\/wp-content\/uploads\/2020\/09\/Ford-Ecosport-Freestyle-pm-340x226.jpg 340w\" data-sizes=\"(max-width: 640px) 100vw, 640px\" src=\"data:image\/svg+xml;base64,PHN2ZyB3aWR0aD0iMSIgaGVpZ2h0PSIxIiB4bWxucz0iaHR0cDovL3d3dy53My5vcmcvMjAwMC9zdmciPjwvc3ZnPg==\" style=\"--smush-placeholder-width: 640px; --smush-placeholder-aspect-ratio: 640\/426;\" \/><\/a><\/figure><\/li><li class=\"blocks-gallery-item\"><figure><a href=\"https:\/\/autolivraria.com.br\/bc\/wp-content\/uploads\/2020\/09\/Renault-Duster-Iconic-10.jpg\"><img decoding=\"async\" width=\"1280\" height=\"853\" data-src=\"https:\/\/autolivraria.com.br\/bc\/wp-content\/uploads\/2020\/09\/Renault-Duster-Iconic-10.jpg\" alt=\"\" data-id=\"118403\" data-full-url=\"https:\/\/autolivraria.com.br\/bc\/wp-content\/uploads\/2020\/09\/Renault-Duster-Iconic-10.jpg\" data-link=\"https:\/\/autolivraria.com.br\/bc\/?attachment_id=118403\" class=\"wp-image-118403 lazyload\" data-srcset=\"https:\/\/autolivraria.com.br\/bc\/wp-content\/uploads\/2020\/09\/Renault-Duster-Iconic-10.jpg 1280w, https:\/\/autolivraria.com.br\/bc\/wp-content\/uploads\/2020\/09\/Renault-Duster-Iconic-10-340x227.jpg 340w, https:\/\/autolivraria.com.br\/bc\/wp-content\/uploads\/2020\/09\/Renault-Duster-Iconic-10-696x464.jpg 696w\" data-sizes=\"(max-width: 1280px) 100vw, 1280px\" src=\"data:image\/svg+xml;base64,PHN2ZyB3aWR0aD0iMSIgaGVpZ2h0PSIxIiB4bWxucz0iaHR0cDovL3d3dy53My5vcmcvMjAwMC9zdmciPjwvc3ZnPg==\" style=\"--smush-placeholder-width: 1280px; --smush-placeholder-aspect-ratio: 1280\/853;\" \/><\/a><figcaption class=\"blocks-gallery-item__caption\">Duster<\/figcaption><\/figure><\/li><li class=\"blocks-gallery-item\"><figure><a href=\"https:\/\/autolivraria.com.br\/bc\/wp-content\/uploads\/2020\/09\/Renault-Duster-Iconic-pm.jpg\"><img decoding=\"async\" width=\"640\" height=\"426\" data-src=\"https:\/\/autolivraria.com.br\/bc\/wp-content\/uploads\/2020\/09\/Renault-Duster-Iconic-pm.jpg\" alt=\"\" data-id=\"118398\" data-full-url=\"https:\/\/autolivraria.com.br\/bc\/wp-content\/uploads\/2020\/09\/Renault-Duster-Iconic-pm.jpg\" data-link=\"https:\/\/autolivraria.com.br\/bc\/?attachment_id=118398\" class=\"wp-image-118398 lazyload\" data-srcset=\"https:\/\/autolivraria.com.br\/bc\/wp-content\/uploads\/2020\/09\/Renault-Duster-Iconic-pm.jpg 640w, https:\/\/autolivraria.com.br\/bc\/wp-content\/uploads\/2020\/09\/Renault-Duster-Iconic-pm-340x226.jpg 340w\" data-sizes=\"(max-width: 640px) 100vw, 640px\" src=\"data:image\/svg+xml;base64,PHN2ZyB3aWR0aD0iMSIgaGVpZ2h0PSIxIiB4bWxucz0iaHR0cDovL3d3dy53My5vcmcvMjAwMC9zdmciPjwvc3ZnPg==\" style=\"--smush-placeholder-width: 640px; --smush-placeholder-aspect-ratio: 640\/426;\" \/><\/a><\/figure><\/li><\/ul><\/figure>\n\n\n\n<p class=\"has-text-align-center\"><em>Maior espa\u00e7o de bagagem \u00e9 do Duster; estepe externo do Ecosport facilita o uso, mas porta aberta para o lado \u00e9 inconveniente<\/em><\/p>\n\n\n\n<div style=\"height:50px\" aria-hidden=\"true\" class=\"wp-block-spacer\"><\/div>\n\n\n\n<p><strong>Espa\u00e7o interno<br><\/strong>O Duster sempre sobressaiu na classe pelo interior espa\u00e7oso. Ele continua o melhor em largura, mas o Tracker teve ganho importante em v\u00e3o para pernas de quem viaja atr\u00e1s, agora o maior do grupo, com os demais em equil\u00edbrio. Desvantagem do Ecosport \u00e9 ser o mais estreito, embora t\u00e3o bom em altura quanto os rivais. O passageiro central traseiro sofre mais com o encosto do Renault.<br><br><\/p>\n\n\n\n<blockquote class=\"wp-block-quote is-layout-flow wp-block-quote-is-layout-flow\"><p>Se o carro da GM mostra certa apatia inicial ao acelerador, depois dessa fase seu desempenho \u00e9 o melhor do grupo, com o Renault em \u00faltimo lugar<\/p><\/blockquote>\n\n\n\n<p><br><br><strong>Porta-malas<br><\/strong>Nesse aspecto o Duster mant\u00e9m sua vantagem, mesmo com o crescimento do Tracker: a capacidade de bagagem de 475 litros supera por boa margem os 393 desse oponente e os 356 do Ecosport. Este \u00e9 o \u00fanico em que a divis\u00e3o 60:40 do banco traseiro inclui o assento, para maior flexibilidade no uso com carga e passageiros, e tem estepe igual aos outros pneus at\u00e9 na roda de alum\u00ednio, al\u00e9m do f\u00e1cil acesso por estar preso \u00e0 tampa.<\/p>\n\n\n\n<p>No Chevrolet (pneu sob o piso) e no Renault (externo sob a carroceria, menos pr\u00e1tico para uso) o estepe \u00e9 tempor\u00e1rio, fino, o que pode ser um problema em viagens e no uso fora de estrada. Por outro lado, a tampa aberta para o lado do Ecosport s\u00f3 traz desvantagens: \u00e9 pesada, requer mais espa\u00e7o para ser aberta e n\u00e3o protege o usu\u00e1rio do Sol e da chuva durante o uso, al\u00e9m de sua mola dificultar a parada em posi\u00e7\u00e3o de abertura parcial.<\/p>\n\n\n\n<div style=\"height:50px\" aria-hidden=\"true\" class=\"wp-block-spacer\"><\/div>\n\n\n\n<figure class=\"wp-block-gallery columns-2 is-cropped wp-block-gallery-8 is-layout-flex wp-block-gallery-is-layout-flex\"><ul class=\"blocks-gallery-grid\"><li class=\"blocks-gallery-item\"><figure><a href=\"https:\/\/autolivraria.com.br\/bc\/wp-content\/uploads\/2020\/09\/Chevrolet-Tracker-LT-11.jpg\"><img decoding=\"async\" width=\"1280\" height=\"853\" data-src=\"https:\/\/autolivraria.com.br\/bc\/wp-content\/uploads\/2020\/09\/Chevrolet-Tracker-LT-11.jpg\" alt=\"\" data-id=\"118404\" data-link=\"https:\/\/autolivraria.com.br\/bc\/?attachment_id=118404\" class=\"wp-image-118404 lazyload\" data-srcset=\"https:\/\/autolivraria.com.br\/bc\/wp-content\/uploads\/2020\/09\/Chevrolet-Tracker-LT-11.jpg 1280w, https:\/\/autolivraria.com.br\/bc\/wp-content\/uploads\/2020\/09\/Chevrolet-Tracker-LT-11-340x227.jpg 340w, https:\/\/autolivraria.com.br\/bc\/wp-content\/uploads\/2020\/09\/Chevrolet-Tracker-LT-11-696x464.jpg 696w\" data-sizes=\"(max-width: 1280px) 100vw, 1280px\" src=\"data:image\/svg+xml;base64,PHN2ZyB3aWR0aD0iMSIgaGVpZ2h0PSIxIiB4bWxucz0iaHR0cDovL3d3dy53My5vcmcvMjAwMC9zdmciPjwvc3ZnPg==\" style=\"--smush-placeholder-width: 1280px; --smush-placeholder-aspect-ratio: 1280\/853;\" \/><\/a><figcaption class=\"blocks-gallery-item__caption\"><br>Tracker<\/figcaption><\/figure><\/li><li class=\"blocks-gallery-item\"><figure><a href=\"https:\/\/autolivraria.com.br\/bc\/wp-content\/uploads\/2020\/09\/Chevrolet-Tracker-LT-motor.jpg\"><img decoding=\"async\" width=\"640\" height=\"426\" data-src=\"https:\/\/autolivraria.com.br\/bc\/wp-content\/uploads\/2020\/09\/Chevrolet-Tracker-LT-motor.jpg\" alt=\"\" data-id=\"118405\" data-link=\"https:\/\/autolivraria.com.br\/bc\/?attachment_id=118405\" class=\"wp-image-118405 lazyload\" data-srcset=\"https:\/\/autolivraria.com.br\/bc\/wp-content\/uploads\/2020\/09\/Chevrolet-Tracker-LT-motor.jpg 640w, https:\/\/autolivraria.com.br\/bc\/wp-content\/uploads\/2020\/09\/Chevrolet-Tracker-LT-motor-340x226.jpg 340w\" data-sizes=\"(max-width: 640px) 100vw, 640px\" src=\"data:image\/svg+xml;base64,PHN2ZyB3aWR0aD0iMSIgaGVpZ2h0PSIxIiB4bWxucz0iaHR0cDovL3d3dy53My5vcmcvMjAwMC9zdmciPjwvc3ZnPg==\" style=\"--smush-placeholder-width: 640px; --smush-placeholder-aspect-ratio: 640\/426;\" \/><\/a><\/figure><\/li><li class=\"blocks-gallery-item\"><figure><a href=\"https:\/\/autolivraria.com.br\/bc\/wp-content\/uploads\/2020\/09\/Ford-Ecosport-Freestyle-11.jpg\"><img decoding=\"async\" width=\"1280\" height=\"853\" data-src=\"https:\/\/autolivraria.com.br\/bc\/wp-content\/uploads\/2020\/09\/Ford-Ecosport-Freestyle-11.jpg\" alt=\"\" data-id=\"118406\" data-link=\"https:\/\/autolivraria.com.br\/bc\/?attachment_id=118406\" class=\"wp-image-118406 lazyload\" data-srcset=\"https:\/\/autolivraria.com.br\/bc\/wp-content\/uploads\/2020\/09\/Ford-Ecosport-Freestyle-11.jpg 1280w, https:\/\/autolivraria.com.br\/bc\/wp-content\/uploads\/2020\/09\/Ford-Ecosport-Freestyle-11-340x227.jpg 340w, https:\/\/autolivraria.com.br\/bc\/wp-content\/uploads\/2020\/09\/Ford-Ecosport-Freestyle-11-696x464.jpg 696w\" data-sizes=\"(max-width: 1280px) 100vw, 1280px\" src=\"data:image\/svg+xml;base64,PHN2ZyB3aWR0aD0iMSIgaGVpZ2h0PSIxIiB4bWxucz0iaHR0cDovL3d3dy53My5vcmcvMjAwMC9zdmciPjwvc3ZnPg==\" style=\"--smush-placeholder-width: 1280px; --smush-placeholder-aspect-ratio: 1280\/853;\" \/><\/a><figcaption class=\"blocks-gallery-item__caption\">Ecosport<\/figcaption><\/figure><\/li><li class=\"blocks-gallery-item\"><figure><a href=\"https:\/\/autolivraria.com.br\/bc\/wp-content\/uploads\/2020\/09\/Ford-Ecosport-Freestyle-motor.jpg\"><img decoding=\"async\" width=\"640\" height=\"426\" data-src=\"https:\/\/autolivraria.com.br\/bc\/wp-content\/uploads\/2020\/09\/Ford-Ecosport-Freestyle-motor.jpg\" alt=\"\" data-id=\"118407\" data-link=\"https:\/\/autolivraria.com.br\/bc\/?attachment_id=118407\" class=\"wp-image-118407 lazyload\" data-srcset=\"https:\/\/autolivraria.com.br\/bc\/wp-content\/uploads\/2020\/09\/Ford-Ecosport-Freestyle-motor.jpg 640w, https:\/\/autolivraria.com.br\/bc\/wp-content\/uploads\/2020\/09\/Ford-Ecosport-Freestyle-motor-340x226.jpg 340w\" data-sizes=\"(max-width: 640px) 100vw, 640px\" src=\"data:image\/svg+xml;base64,PHN2ZyB3aWR0aD0iMSIgaGVpZ2h0PSIxIiB4bWxucz0iaHR0cDovL3d3dy53My5vcmcvMjAwMC9zdmciPjwvc3ZnPg==\" style=\"--smush-placeholder-width: 640px; --smush-placeholder-aspect-ratio: 640\/426;\" \/><\/a><\/figure><\/li><li class=\"blocks-gallery-item\"><figure><a href=\"https:\/\/autolivraria.com.br\/bc\/wp-content\/uploads\/2020\/09\/Renault-Duster-Iconic-11.jpg\"><img decoding=\"async\" width=\"696\" height=\"464\" data-src=\"https:\/\/autolivraria.com.br\/bc\/wp-content\/uploads\/2020\/09\/Renault-Duster-Iconic-11-696x464.jpg\" alt=\"\" data-id=\"118408\" data-full-url=\"https:\/\/autolivraria.com.br\/bc\/wp-content\/uploads\/2020\/09\/Renault-Duster-Iconic-11.jpg\" data-link=\"https:\/\/autolivraria.com.br\/bc\/?attachment_id=118408\" class=\"wp-image-118408 lazyload\" data-srcset=\"https:\/\/autolivraria.com.br\/bc\/wp-content\/uploads\/2020\/09\/Renault-Duster-Iconic-11-696x464.jpg 696w, https:\/\/autolivraria.com.br\/bc\/wp-content\/uploads\/2020\/09\/Renault-Duster-Iconic-11-340x227.jpg 340w, https:\/\/autolivraria.com.br\/bc\/wp-content\/uploads\/2020\/09\/Renault-Duster-Iconic-11.jpg 1280w\" data-sizes=\"(max-width: 696px) 100vw, 696px\" src=\"data:image\/svg+xml;base64,PHN2ZyB3aWR0aD0iMSIgaGVpZ2h0PSIxIiB4bWxucz0iaHR0cDovL3d3dy53My5vcmcvMjAwMC9zdmciPjwvc3ZnPg==\" style=\"--smush-placeholder-width: 696px; --smush-placeholder-aspect-ratio: 696\/464;\" \/><\/a><figcaption class=\"blocks-gallery-item__caption\">Duster<\/figcaption><\/figure><\/li><li class=\"blocks-gallery-item\"><figure><a href=\"https:\/\/autolivraria.com.br\/bc\/wp-content\/uploads\/2020\/09\/Renault-Duster-Iconic-motor.jpg\"><img decoding=\"async\" width=\"640\" height=\"426\" data-src=\"https:\/\/autolivraria.com.br\/bc\/wp-content\/uploads\/2020\/09\/Renault-Duster-Iconic-motor.jpg\" alt=\"\" data-id=\"118409\" data-link=\"https:\/\/autolivraria.com.br\/bc\/?attachment_id=118409\" class=\"wp-image-118409 lazyload\" data-srcset=\"https:\/\/autolivraria.com.br\/bc\/wp-content\/uploads\/2020\/09\/Renault-Duster-Iconic-motor.jpg 640w, https:\/\/autolivraria.com.br\/bc\/wp-content\/uploads\/2020\/09\/Renault-Duster-Iconic-motor-340x226.jpg 340w\" data-sizes=\"(max-width: 640px) 100vw, 640px\" src=\"data:image\/svg+xml;base64,PHN2ZyB3aWR0aD0iMSIgaGVpZ2h0PSIxIiB4bWxucz0iaHR0cDovL3d3dy53My5vcmcvMjAwMC9zdmciPjwvc3ZnPg==\" style=\"--smush-placeholder-width: 640px; --smush-placeholder-aspect-ratio: 640\/426;\" \/><\/a><\/figure><\/li><\/ul><\/figure>\n\n\n\n<p class=\"has-text-align-center\"><em>Motor turbo faz do Chevrolet o mais r\u00e1pido (embora o Ford tenha mais pot\u00eancia) e econ\u00f4mico por grande margem<\/em><\/p>\n\n\n\n<div style=\"height:50px\" aria-hidden=\"true\" class=\"wp-block-spacer\"><\/div>\n\n\n\n<p><strong>Motor e desempenho<br><\/strong>O Tracker \u00e9 o \u00fanico no grupo com motor turboalimentado, que com 1,0 litro obt\u00e9m pot\u00eancia similar \u00e0 do 1,6 do Duster \u2014 o Ecosport com 1,5 litro supera a ambos, mas nenhum oferece o torque m\u00e1ximo em rota\u00e7\u00e3o t\u00e3o baixa quanto o Chevrolet. Os tr\u00eas s\u00e3o relativamente suaves, embora em marcha-lenta o Tracker transmita uma oscila\u00e7\u00e3o t\u00edpica dos tr\u00eas cilindros, que n\u00e3o se nota no Ecosport. O n\u00edvel de ru\u00eddo em alta rota\u00e7\u00e3o incomoda um pouco no Ford (parece pior que h\u00e1 alguns anos, talvez por mais uma &#8220;depena\u00e7\u00e3o&#8221; no isolamento ac\u00fastico) e bastante no Renault.<br><br><\/p>\n\n\n<div class='code-block code-block-6' style='margin: 28px auto; text-align: center; display: block; clear: both;'>\n<script async src=\"https:\/\/pagead2.googlesyndication.com\/pagead\/js\/adsbygoogle.js\"><\/script>\n<!-- AL-quadrado -->\n<ins class=\"adsbygoogle\"\n     style=\"display:block\"\n     data-ad-client=\"ca-pub-1914799802606213\"\n     data-ad-slot=\"5683066082\"\n     data-ad-format=\"auto\"\n     data-full-width-responsive=\"true\"><\/ins>\n<script>\n     (adsbygoogle = window.adsbygoogle || []).push({});\n<\/script><\/div>\n\n\n\n\n<p><br><br>Turbo e pequena cilindrada em carro pesado cobram um pre\u00e7o: o carro da GM mostra certa apatia ao comando do acelerador at\u00e9 que a turbina fa\u00e7a seu trabalho, dando a sensa\u00e7\u00e3o inicial de ser mais lento que os rivais. Depois dessa fase, por\u00e9m, seu desempenho \u00e9 o melhor do grupo, ajudado pelo menor peso: acelerou de 0 a 100 km\/h em 10,6 segundos, contra 11,6 s do Ford e 12,7 s do Renault, e teve as retomadas mais r\u00e1pidas. Em subidas de rodovia o motor turbo dispensa redu\u00e7\u00f5es de marcha para sustentar 120 km\/h, o que contribui para o conforto ac\u00fastico \u2014 os dois rivais, ao ganhar 1.000 a 1.500 rpm, elevam bastante o ru\u00eddo nessa condi\u00e7\u00e3o.<\/p>\n\n\n\n<p>Ecosport e Tracker usam transmiss\u00e3o autom\u00e1tica de seis marchas, ante a de <a href=\"https:\/\/autolivraria.com.br\/bc\/glossario-c\/#cvt\" target=\"_blank\" rel=\"noreferrer noopener\">varia\u00e7\u00e3o cont\u00ednua (CVT)<\/a> do Duster. Na pr\u00e1tica a diferen\u00e7a mal se nota, pois a caixa do Renault simula seis marchas, mediante pontos de parada do variador de rela\u00e7\u00f5es, sempre que se usa mais a fundo o acelerador. Vantagem deste \u00faltimo \u00e9 a baixa rota\u00e7\u00e3o em uso rodovi\u00e1rio, no plano ou em descidas, pois a baixa pot\u00eancia requer grande aumento de rota\u00e7\u00e3o em subidas.<\/p>\n\n\n\n<div style=\"height:50px\" aria-hidden=\"true\" class=\"wp-block-spacer\"><\/div>\n\n\n\n<figure class=\"wp-block-gallery columns-2 is-cropped wp-block-gallery-9 is-layout-flex wp-block-gallery-is-layout-flex\"><ul class=\"blocks-gallery-grid\"><li class=\"blocks-gallery-item\"><figure><a href=\"https:\/\/autolivraria.com.br\/bc\/wp-content\/uploads\/2020\/09\/Chevrolet-Tracker-LT-07.jpg\"><img decoding=\"async\" width=\"1280\" height=\"853\" data-src=\"https:\/\/autolivraria.com.br\/bc\/wp-content\/uploads\/2020\/09\/Chevrolet-Tracker-LT-07.jpg\" alt=\"\" data-id=\"118415\" data-full-url=\"https:\/\/autolivraria.com.br\/bc\/wp-content\/uploads\/2020\/09\/Chevrolet-Tracker-LT-07.jpg\" data-link=\"https:\/\/autolivraria.com.br\/bc\/?attachment_id=118415\" class=\"wp-image-118415 lazyload\" data-srcset=\"https:\/\/autolivraria.com.br\/bc\/wp-content\/uploads\/2020\/09\/Chevrolet-Tracker-LT-07.jpg 1280w, https:\/\/autolivraria.com.br\/bc\/wp-content\/uploads\/2020\/09\/Chevrolet-Tracker-LT-07-340x227.jpg 340w, https:\/\/autolivraria.com.br\/bc\/wp-content\/uploads\/2020\/09\/Chevrolet-Tracker-LT-07-696x464.jpg 696w\" data-sizes=\"(max-width: 1280px) 100vw, 1280px\" src=\"data:image\/svg+xml;base64,PHN2ZyB3aWR0aD0iMSIgaGVpZ2h0PSIxIiB4bWxucz0iaHR0cDovL3d3dy53My5vcmcvMjAwMC9zdmciPjwvc3ZnPg==\" style=\"--smush-placeholder-width: 1280px; --smush-placeholder-aspect-ratio: 1280\/853;\" \/><\/a><figcaption class=\"blocks-gallery-item__caption\">Tracker<\/figcaption><\/figure><\/li><li class=\"blocks-gallery-item\"><figure><a href=\"https:\/\/autolivraria.com.br\/bc\/wp-content\/uploads\/2020\/09\/Chevrolet-Tracker-LT-cambio.jpg\"><img decoding=\"async\" width=\"640\" height=\"640\" data-src=\"https:\/\/autolivraria.com.br\/bc\/wp-content\/uploads\/2020\/09\/Chevrolet-Tracker-LT-cambio.jpg\" alt=\"\" data-id=\"118414\" data-link=\"https:\/\/autolivraria.com.br\/bc\/?attachment_id=118414\" class=\"wp-image-118414 lazyload\" data-srcset=\"https:\/\/autolivraria.com.br\/bc\/wp-content\/uploads\/2020\/09\/Chevrolet-Tracker-LT-cambio.jpg 640w, https:\/\/autolivraria.com.br\/bc\/wp-content\/uploads\/2020\/09\/Chevrolet-Tracker-LT-cambio-340x340.jpg 340w, https:\/\/autolivraria.com.br\/bc\/wp-content\/uploads\/2020\/09\/Chevrolet-Tracker-LT-cambio-222x222.jpg 222w\" data-sizes=\"(max-width: 640px) 100vw, 640px\" src=\"data:image\/svg+xml;base64,PHN2ZyB3aWR0aD0iMSIgaGVpZ2h0PSIxIiB4bWxucz0iaHR0cDovL3d3dy53My5vcmcvMjAwMC9zdmciPjwvc3ZnPg==\" style=\"--smush-placeholder-width: 640px; --smush-placeholder-aspect-ratio: 640\/640;\" \/><\/a><\/figure><\/li><li class=\"blocks-gallery-item\"><figure><a href=\"https:\/\/autolivraria.com.br\/bc\/wp-content\/uploads\/2020\/09\/Ford-Ecosport-Freestyle-07.jpg\"><img decoding=\"async\" width=\"1280\" height=\"853\" data-src=\"https:\/\/autolivraria.com.br\/bc\/wp-content\/uploads\/2020\/09\/Ford-Ecosport-Freestyle-07.jpg\" alt=\"\" data-id=\"118412\" data-link=\"https:\/\/autolivraria.com.br\/bc\/?attachment_id=118412\" class=\"wp-image-118412 lazyload\" data-srcset=\"https:\/\/autolivraria.com.br\/bc\/wp-content\/uploads\/2020\/09\/Ford-Ecosport-Freestyle-07.jpg 1280w, https:\/\/autolivraria.com.br\/bc\/wp-content\/uploads\/2020\/09\/Ford-Ecosport-Freestyle-07-340x227.jpg 340w, https:\/\/autolivraria.com.br\/bc\/wp-content\/uploads\/2020\/09\/Ford-Ecosport-Freestyle-07-696x464.jpg 696w\" data-sizes=\"(max-width: 1280px) 100vw, 1280px\" src=\"data:image\/svg+xml;base64,PHN2ZyB3aWR0aD0iMSIgaGVpZ2h0PSIxIiB4bWxucz0iaHR0cDovL3d3dy53My5vcmcvMjAwMC9zdmciPjwvc3ZnPg==\" style=\"--smush-placeholder-width: 1280px; --smush-placeholder-aspect-ratio: 1280\/853;\" \/><\/a><figcaption class=\"blocks-gallery-item__caption\">Ecosport<\/figcaption><\/figure><\/li><li class=\"blocks-gallery-item\"><figure><a href=\"https:\/\/autolivraria.com.br\/bc\/wp-content\/uploads\/2020\/09\/Ford-Ecosport-Freestyle-cambio.jpg\"><img decoding=\"async\" width=\"640\" height=\"640\" data-src=\"https:\/\/autolivraria.com.br\/bc\/wp-content\/uploads\/2020\/09\/Ford-Ecosport-Freestyle-cambio.jpg\" alt=\"\" data-id=\"118413\" data-link=\"https:\/\/autolivraria.com.br\/bc\/?attachment_id=118413\" class=\"wp-image-118413 lazyload\" data-srcset=\"https:\/\/autolivraria.com.br\/bc\/wp-content\/uploads\/2020\/09\/Ford-Ecosport-Freestyle-cambio.jpg 640w, https:\/\/autolivraria.com.br\/bc\/wp-content\/uploads\/2020\/09\/Ford-Ecosport-Freestyle-cambio-340x340.jpg 340w, https:\/\/autolivraria.com.br\/bc\/wp-content\/uploads\/2020\/09\/Ford-Ecosport-Freestyle-cambio-222x222.jpg 222w\" data-sizes=\"(max-width: 640px) 100vw, 640px\" src=\"data:image\/svg+xml;base64,PHN2ZyB3aWR0aD0iMSIgaGVpZ2h0PSIxIiB4bWxucz0iaHR0cDovL3d3dy53My5vcmcvMjAwMC9zdmciPjwvc3ZnPg==\" style=\"--smush-placeholder-width: 640px; --smush-placeholder-aspect-ratio: 640\/640;\" \/><\/a><\/figure><\/li><li class=\"blocks-gallery-item\"><figure><a href=\"https:\/\/autolivraria.com.br\/bc\/wp-content\/uploads\/2020\/09\/Renault-Duster-Iconic-07.jpg\"><img decoding=\"async\" width=\"1280\" height=\"853\" data-src=\"https:\/\/autolivraria.com.br\/bc\/wp-content\/uploads\/2020\/09\/Renault-Duster-Iconic-07.jpg\" alt=\"\" data-id=\"118411\" data-link=\"https:\/\/autolivraria.com.br\/bc\/?attachment_id=118411\" class=\"wp-image-118411 lazyload\" data-srcset=\"https:\/\/autolivraria.com.br\/bc\/wp-content\/uploads\/2020\/09\/Renault-Duster-Iconic-07.jpg 1280w, https:\/\/autolivraria.com.br\/bc\/wp-content\/uploads\/2020\/09\/Renault-Duster-Iconic-07-340x227.jpg 340w, https:\/\/autolivraria.com.br\/bc\/wp-content\/uploads\/2020\/09\/Renault-Duster-Iconic-07-696x464.jpg 696w\" data-sizes=\"(max-width: 1280px) 100vw, 1280px\" src=\"data:image\/svg+xml;base64,PHN2ZyB3aWR0aD0iMSIgaGVpZ2h0PSIxIiB4bWxucz0iaHR0cDovL3d3dy53My5vcmcvMjAwMC9zdmciPjwvc3ZnPg==\" style=\"--smush-placeholder-width: 1280px; --smush-placeholder-aspect-ratio: 1280\/853;\" \/><\/a><figcaption class=\"blocks-gallery-item__caption\">Duster<\/figcaption><\/figure><\/li><li class=\"blocks-gallery-item\"><figure><a href=\"https:\/\/autolivraria.com.br\/bc\/wp-content\/uploads\/2020\/09\/Renault-Duster-Iconic-cambio.jpg\"><img decoding=\"async\" width=\"640\" height=\"640\" data-src=\"https:\/\/autolivraria.com.br\/bc\/wp-content\/uploads\/2020\/09\/Renault-Duster-Iconic-cambio.jpg\" alt=\"\" data-id=\"118410\" data-link=\"https:\/\/autolivraria.com.br\/bc\/?attachment_id=118410\" class=\"wp-image-118410 lazyload\" data-srcset=\"https:\/\/autolivraria.com.br\/bc\/wp-content\/uploads\/2020\/09\/Renault-Duster-Iconic-cambio.jpg 640w, https:\/\/autolivraria.com.br\/bc\/wp-content\/uploads\/2020\/09\/Renault-Duster-Iconic-cambio-340x340.jpg 340w, https:\/\/autolivraria.com.br\/bc\/wp-content\/uploads\/2020\/09\/Renault-Duster-Iconic-cambio-222x222.jpg 222w\" data-sizes=\"(max-width: 640px) 100vw, 640px\" src=\"data:image\/svg+xml;base64,PHN2ZyB3aWR0aD0iMSIgaGVpZ2h0PSIxIiB4bWxucz0iaHR0cDovL3d3dy53My5vcmcvMjAwMC9zdmciPjwvc3ZnPg==\" style=\"--smush-placeholder-width: 640px; --smush-placeholder-aspect-ratio: 640\/640;\" \/><\/a><\/figure><\/li><\/ul><\/figure>\n\n\n\n<p class=\"has-text-align-center\"><em>Transmiss\u00e3o CVT do Renault \u00e9 a \u00fanica com sele\u00e7\u00e3o manual de fato; Chevrolet usa bot\u00e3o para trocas e Ford aboliu o recurso<\/em><\/p>\n\n\n\n<div style=\"height:50px\" aria-hidden=\"true\" class=\"wp-block-spacer\"><\/div>\n\n\n\n<p>Curiosamente, a caixa &#8220;sem marchas&#8221; do Duster \u00e9 a \u00fanica a oferecer um modo efetivo de sele\u00e7\u00e3o manual. Quando ele est\u00e1 em uso, pode-se abrir quase todo o acelerador sem invocar redu\u00e7\u00e3o, que s\u00f3 vem no ponto final do curso. O Tracker usa um esquema limitado: o bot\u00e3o no pomo da alavanca apenas define a marcha mais alta que a caixa poder\u00e1 usar, sem comandar mudan\u00e7as de fato.<\/p>\n\n\n\n<p>Colocar em 4, por exemplo, deixa quinta e sexta de fora, mas n\u00e3o impede que a terceira ou segunda entre ao acelerar a fundo. Acaba servindo mais para obter freio-motor em descidas e evitar trocas sucessivas em subidas de serra. Pior \u00e9 o Ecosport, que perdeu os comandos no volante (o que mais falta \u00e0 Ford tirar?) e n\u00e3o mais permite sele\u00e7\u00e3o manual. Em contrapartida, s\u00f3 ele oferece programa esportivo, que produz freio-motor em boa medida ao dirigir r\u00e1pido em curvas ou descer serras.<\/p>\n\n\n<a href='https:\/\/autolivraria.com.br\/bc\/informe-se\/avaliacao\/teste-comparativo-suvs-chevrolet-tracker-ford-ecosport-renault-duster-2021\/3\/' class='small-button smallsilver'>Pr\u00f3xima parte<\/a>\n\n\n\n<div style=\"height:50px\" aria-hidden=\"true\" class=\"wp-block-spacer\"><\/div>\n\n\n<div class='et-box et-shadow'>\n\t\t\t\t\t<div class='et-box-content'><h2>Desempenho e consumo<\/h2>\n<table id=\"table6087\" border=\"0\" cellspacing=\"0\" cellpadding=\"3\">\n<tbody>\n<tr>\n<td valign=\"top\" width=\"40%\">&nbsp;<\/td>\n<td valign=\"top\" width=\"20%\"><strong>Tracker<\/strong><\/td>\n<td valign=\"top\" width=\"20%\"><strong>Ecosport<\/strong><\/td>\n<td valign=\"top\" width=\"20%\"><strong>Duster<\/strong><\/td>\n<\/tr>\n<tr>\n<td colspan=\"4\" valign=\"top\"><strong>Acelera\u00e7\u00e3o<\/strong><\/td>\n<\/tr>\n<tr>\n<td valign=\"top\">0 a 100 km\/h<\/td>\n<td valign=\"top\"><strong>10,6 s<\/strong><\/td>\n<td valign=\"top\">11,6 s<\/td>\n<td valign=\"top\">12,7 s<\/td>\n<\/tr>\n<tr>\n<td valign=\"top\">0 a 120 km\/h<\/td>\n<td valign=\"top\"><strong>15,3 s<\/strong><\/td>\n<td valign=\"top\">17,5 s<\/td>\n<td valign=\"top\">19,2 s<\/td>\n<\/tr>\n<tr>\n<td valign=\"top\">0 a 400 m<\/td>\n<td valign=\"top\"><strong>16,9 s<\/strong><\/td>\n<td valign=\"top\">18,8 s<\/td>\n<td valign=\"top\">18,9 s<\/td>\n<\/tr>\n<tr>\n<td colspan=\"4\" valign=\"top\"><strong>Retomada<\/strong><\/td>\n<\/tr>\n<tr>\n<td valign=\"top\">60 a 100 km\/h*<\/td>\n<td valign=\"top\"><strong>6,2 s<\/strong><\/td>\n<td valign=\"top\">7,3 s<\/td>\n<td valign=\"top\">7,3 s<\/td>\n<\/tr>\n<tr>\n<td valign=\"top\">60 a 120 km\/h*<\/td>\n<td valign=\"top\"><strong>11,2 s<\/strong><\/td>\n<td valign=\"top\">13,1 s<\/td>\n<td valign=\"top\">13,4 s<\/td>\n<\/tr>\n<tr>\n<td valign=\"top\">80 a 120 km\/h*<\/td>\n<td valign=\"top\"><strong>8,0 s<\/strong><\/td>\n<td valign=\"top\">9,6 s<\/td>\n<td valign=\"top\">10,2 s<\/td>\n<\/tr>\n<tr>\n<td colspan=\"4\" valign=\"top\"><strong>Consumo<\/strong><\/td>\n<\/tr>\n<tr>\n<td valign=\"top\">Trajeto leve em cidade<\/td>\n<td valign=\"top\"><strong>15,8 km\/l<\/strong><\/td>\n<td valign=\"top\">12,2 km\/l<\/td>\n<td valign=\"top\">12,7 km\/l<\/td>\n<\/tr>\n<tr>\n<td valign=\"top\">Trajeto exigente em cidade<\/td>\n<td valign=\"top\"><strong>8,2 km\/l<\/strong><\/td>\n<td valign=\"top\">6,5 km\/l<\/td>\n<td valign=\"top\">7,0 km\/l<\/td>\n<\/tr>\n<tr>\n<td valign=\"top\">Trajeto em rodovia<\/td>\n<td valign=\"top\"><strong>13,8 km\/l<\/strong><\/td>\n<td valign=\"top\">12,4 km\/l<\/td>\n<td valign=\"top\">10,8 km\/l<\/td>\n<\/tr>\n<tr>\n<td colspan=\"4\">Testes com gasolina; *com redu\u00e7\u00f5es autom\u00e1ticas; melhores resultados em negrito;&nbsp;<a title=\"M\u00e9todos de medi\u00e7\u00e3o de desempenho e consumo\" href=\"https:\/\/autolivraria.com.br\/bc\/metodos-de-medicao-de-desempenho-e-consumo\/\" target=\"_blank\" rel=\"noopener noreferrer\">conhe\u00e7a nossos m\u00e9todos de medi\u00e7\u00e3o<\/a><\/td>\n<\/tr>\n<\/tbody>\n<\/table><\/div><\/div>\n\n<a href='https:\/\/autolivraria.com.br\/bc\/informe-se\/avaliacao\/teste-comparativo-suvs-chevrolet-tracker-ford-ecosport-renault-duster-2021\/3\/' class='small-button smallsilver'>Pr\u00f3xima parte<\/a>\n\n\n\n<div style=\"height:50px\" aria-hidden=\"true\" class=\"wp-block-spacer\"><\/div>\n\n\n<p><!--nextpage--><\/p>\n\n\n\n<figure class=\"wp-block-gallery columns-3 is-cropped wp-block-gallery-10 is-layout-flex wp-block-gallery-is-layout-flex\"><ul class=\"blocks-gallery-grid\"><li class=\"blocks-gallery-item\"><figure><a href=\"https:\/\/autolivraria.com.br\/bc\/wp-content\/uploads\/2020\/09\/Chevrolet-Tracker-LT-15.jpg\"><img decoding=\"async\" width=\"640\" height=\"640\" data-src=\"https:\/\/autolivraria.com.br\/bc\/wp-content\/uploads\/2020\/09\/Chevrolet-Tracker-LT-15.jpg\" alt=\"\" data-id=\"118416\" data-link=\"https:\/\/autolivraria.com.br\/bc\/?attachment_id=118416\" class=\"wp-image-118416 lazyload\" data-srcset=\"https:\/\/autolivraria.com.br\/bc\/wp-content\/uploads\/2020\/09\/Chevrolet-Tracker-LT-15.jpg 640w, https:\/\/autolivraria.com.br\/bc\/wp-content\/uploads\/2020\/09\/Chevrolet-Tracker-LT-15-340x340.jpg 340w, https:\/\/autolivraria.com.br\/bc\/wp-content\/uploads\/2020\/09\/Chevrolet-Tracker-LT-15-222x222.jpg 222w\" data-sizes=\"(max-width: 640px) 100vw, 640px\" src=\"data:image\/svg+xml;base64,PHN2ZyB3aWR0aD0iMSIgaGVpZ2h0PSIxIiB4bWxucz0iaHR0cDovL3d3dy53My5vcmcvMjAwMC9zdmciPjwvc3ZnPg==\" style=\"--smush-placeholder-width: 640px; --smush-placeholder-aspect-ratio: 640\/640;\" \/><\/a><figcaption class=\"blocks-gallery-item__caption\">Tracker<\/figcaption><\/figure><\/li><li class=\"blocks-gallery-item\"><figure><a href=\"https:\/\/autolivraria.com.br\/bc\/wp-content\/uploads\/2020\/09\/Ford-Ecosport-Freestyle-15.jpg\"><img decoding=\"async\" width=\"640\" height=\"640\" data-src=\"https:\/\/autolivraria.com.br\/bc\/wp-content\/uploads\/2020\/09\/Ford-Ecosport-Freestyle-15.jpg\" alt=\"\" data-id=\"118418\" data-link=\"https:\/\/autolivraria.com.br\/bc\/?attachment_id=118418\" class=\"wp-image-118418 lazyload\" data-srcset=\"https:\/\/autolivraria.com.br\/bc\/wp-content\/uploads\/2020\/09\/Ford-Ecosport-Freestyle-15.jpg 640w, https:\/\/autolivraria.com.br\/bc\/wp-content\/uploads\/2020\/09\/Ford-Ecosport-Freestyle-15-340x340.jpg 340w, https:\/\/autolivraria.com.br\/bc\/wp-content\/uploads\/2020\/09\/Ford-Ecosport-Freestyle-15-222x222.jpg 222w\" data-sizes=\"(max-width: 640px) 100vw, 640px\" src=\"data:image\/svg+xml;base64,PHN2ZyB3aWR0aD0iMSIgaGVpZ2h0PSIxIiB4bWxucz0iaHR0cDovL3d3dy53My5vcmcvMjAwMC9zdmciPjwvc3ZnPg==\" style=\"--smush-placeholder-width: 640px; --smush-placeholder-aspect-ratio: 640\/640;\" \/><\/a><figcaption class=\"blocks-gallery-item__caption\">Ecosport<\/figcaption><\/figure><\/li><li class=\"blocks-gallery-item\"><figure><a href=\"https:\/\/autolivraria.com.br\/bc\/wp-content\/uploads\/2020\/09\/Renault-Duster-Iconic-15.jpg\"><img decoding=\"async\" width=\"640\" height=\"640\" data-src=\"https:\/\/autolivraria.com.br\/bc\/wp-content\/uploads\/2020\/09\/Renault-Duster-Iconic-15.jpg\" alt=\"\" data-id=\"118420\" data-full-url=\"https:\/\/autolivraria.com.br\/bc\/wp-content\/uploads\/2020\/09\/Renault-Duster-Iconic-15.jpg\" data-link=\"https:\/\/autolivraria.com.br\/bc\/?attachment_id=118420\" class=\"wp-image-118420 lazyload\" data-srcset=\"https:\/\/autolivraria.com.br\/bc\/wp-content\/uploads\/2020\/09\/Renault-Duster-Iconic-15.jpg 640w, https:\/\/autolivraria.com.br\/bc\/wp-content\/uploads\/2020\/09\/Renault-Duster-Iconic-15-340x340.jpg 340w, https:\/\/autolivraria.com.br\/bc\/wp-content\/uploads\/2020\/09\/Renault-Duster-Iconic-15-222x222.jpg 222w\" data-sizes=\"(max-width: 640px) 100vw, 640px\" src=\"data:image\/svg+xml;base64,PHN2ZyB3aWR0aD0iMSIgaGVpZ2h0PSIxIiB4bWxucz0iaHR0cDovL3d3dy53My5vcmcvMjAwMC9zdmciPjwvc3ZnPg==\" style=\"--smush-placeholder-width: 640px; --smush-placeholder-aspect-ratio: 640\/640;\" \/><\/a><figcaption class=\"blocks-gallery-item__caption\">Duster<\/figcaption><\/figure><\/li><li class=\"blocks-gallery-item\"><figure><a href=\"https:\/\/autolivraria.com.br\/bc\/wp-content\/uploads\/2020\/09\/Chevrolet-Tracker-LT-13.jpg\"><img decoding=\"async\" width=\"640\" height=\"640\" data-src=\"https:\/\/autolivraria.com.br\/bc\/wp-content\/uploads\/2020\/09\/Chevrolet-Tracker-LT-13.jpg\" alt=\"\" data-id=\"118417\" data-link=\"https:\/\/autolivraria.com.br\/bc\/?attachment_id=118417\" class=\"wp-image-118417 lazyload\" data-srcset=\"https:\/\/autolivraria.com.br\/bc\/wp-content\/uploads\/2020\/09\/Chevrolet-Tracker-LT-13.jpg 640w, https:\/\/autolivraria.com.br\/bc\/wp-content\/uploads\/2020\/09\/Chevrolet-Tracker-LT-13-340x340.jpg 340w, https:\/\/autolivraria.com.br\/bc\/wp-content\/uploads\/2020\/09\/Chevrolet-Tracker-LT-13-222x222.jpg 222w\" data-sizes=\"(max-width: 640px) 100vw, 640px\" src=\"data:image\/svg+xml;base64,PHN2ZyB3aWR0aD0iMSIgaGVpZ2h0PSIxIiB4bWxucz0iaHR0cDovL3d3dy53My5vcmcvMjAwMC9zdmciPjwvc3ZnPg==\" style=\"--smush-placeholder-width: 640px; --smush-placeholder-aspect-ratio: 640\/640;\" \/><\/a><\/figure><\/li><li class=\"blocks-gallery-item\"><figure><a href=\"https:\/\/autolivraria.com.br\/bc\/wp-content\/uploads\/2020\/09\/Ford-Ecosport-Freestyle-13.jpg\"><img decoding=\"async\" width=\"640\" height=\"640\" data-src=\"https:\/\/autolivraria.com.br\/bc\/wp-content\/uploads\/2020\/09\/Ford-Ecosport-Freestyle-13.jpg\" alt=\"\" data-id=\"118419\" data-link=\"https:\/\/autolivraria.com.br\/bc\/?attachment_id=118419\" class=\"wp-image-118419 lazyload\" data-srcset=\"https:\/\/autolivraria.com.br\/bc\/wp-content\/uploads\/2020\/09\/Ford-Ecosport-Freestyle-13.jpg 640w, https:\/\/autolivraria.com.br\/bc\/wp-content\/uploads\/2020\/09\/Ford-Ecosport-Freestyle-13-340x340.jpg 340w, https:\/\/autolivraria.com.br\/bc\/wp-content\/uploads\/2020\/09\/Ford-Ecosport-Freestyle-13-222x222.jpg 222w\" data-sizes=\"(max-width: 640px) 100vw, 640px\" src=\"data:image\/svg+xml;base64,PHN2ZyB3aWR0aD0iMSIgaGVpZ2h0PSIxIiB4bWxucz0iaHR0cDovL3d3dy53My5vcmcvMjAwMC9zdmciPjwvc3ZnPg==\" style=\"--smush-placeholder-width: 640px; --smush-placeholder-aspect-ratio: 640\/640;\" \/><\/a><\/figure><\/li><li class=\"blocks-gallery-item\"><figure><a href=\"https:\/\/autolivraria.com.br\/bc\/wp-content\/uploads\/2020\/09\/Renault-Duster-Iconic-13.jpg\"><img decoding=\"async\" width=\"640\" height=\"640\" data-src=\"https:\/\/autolivraria.com.br\/bc\/wp-content\/uploads\/2020\/09\/Renault-Duster-Iconic-13.jpg\" alt=\"\" data-id=\"118421\" data-full-url=\"https:\/\/autolivraria.com.br\/bc\/wp-content\/uploads\/2020\/09\/Renault-Duster-Iconic-13.jpg\" data-link=\"https:\/\/autolivraria.com.br\/bc\/?attachment_id=118421\" class=\"wp-image-118421 lazyload\" data-srcset=\"https:\/\/autolivraria.com.br\/bc\/wp-content\/uploads\/2020\/09\/Renault-Duster-Iconic-13.jpg 640w, https:\/\/autolivraria.com.br\/bc\/wp-content\/uploads\/2020\/09\/Renault-Duster-Iconic-13-340x340.jpg 340w, https:\/\/autolivraria.com.br\/bc\/wp-content\/uploads\/2020\/09\/Renault-Duster-Iconic-13-222x222.jpg 222w\" data-sizes=\"(max-width: 640px) 100vw, 640px\" src=\"data:image\/svg+xml;base64,PHN2ZyB3aWR0aD0iMSIgaGVpZ2h0PSIxIiB4bWxucz0iaHR0cDovL3d3dy53My5vcmcvMjAwMC9zdmciPjwvc3ZnPg==\" style=\"--smush-placeholder-width: 640px; --smush-placeholder-aspect-ratio: 640\/640;\" \/><\/a><\/figure><\/li><\/ul><\/figure>\n\n\n\n<p class=\"has-text-align-center\"><em>Rodar confort\u00e1vel e estabilidade segura nos tr\u00eas, com vantagem ao Ecosport  em irregularidades e no comportamento em curvas<\/em><\/p>\n\n\n\n<div style=\"height:50px\" aria-hidden=\"true\" class=\"wp-block-spacer\"><\/div>\n\n\n\n<p><strong>Consumo<\/strong><br>O turbo fez bem ao desempenho do Tracker, mas como fica o consumo? Bom tamb\u00e9m: ele obteve as melhores marcas por larga margem nos tr\u00eas percursos de medi\u00e7\u00e3o. Dos outros, o Duster foi mais econ\u00f4mico nos trajetos urbanos, beneficiado pela CVT, e o Ecosport em rodovia, talvez por quest\u00e3o de aerodin\u00e2mica. Nem mesmo o tanque reduzido do Chevrolet chega a incomodar diante de sua vantagem em consumo.<br><br><\/p>\n\n\n<div class='code-block code-block-7' style='margin: 28px auto; text-align: center; display: block; clear: both;'>\n<script async src=\"https:\/\/pagead2.googlesyndication.com\/pagead\/js\/adsbygoogle.js\"><\/script>\n<!-- AL-quadrado -->\n<ins class=\"adsbygoogle\"\n     style=\"display:block\"\n     data-ad-client=\"ca-pub-1914799802606213\"\n     data-ad-slot=\"5683066082\"\n     data-ad-format=\"auto\"\n     data-full-width-responsive=\"true\"><\/ins>\n<script>\n     (adsbygoogle = window.adsbygoogle || []).push({});\n<\/script><\/div>\n\n\n\n\n<p><br><br><strong>Comportamento din\u00e2mico<br><\/strong>O novo Tracker agrada pelo acerto de suspens\u00e3o, com bom controle de movimentos e inclina\u00e7\u00e3o em curvas, grande ader\u00eancia de pneus e tend\u00eancia natural a um leve <a href=\"https:\/\/autolivraria.com.br\/bc\/glossario-s\/#sube\" target=\"_blank\" rel=\"noreferrer noopener\">subester\u00e7o<\/a>. N\u00e3o deve muito ao Ecosport, conhecida refer\u00eancia nesse aspecto. O Duster fica para tr\u00e1s, pela resposta lenta para a frente seguir a trajet\u00f3ria desejada em curvas, apesar do perfil de pneus similar ao dos outros. Curioso \u00e9 ele ter a traseira mais &#8220;alegre&#8221; entre os tr\u00eas, apta a ajudar na inser\u00e7\u00e3o em curvas r\u00e1pidas \u2014 ou seja, \u00e9 um carro esportivo em curvas apenas em metade dos quesitos. Os tr\u00eas trazem <a href=\"https:\/\/autolivraria.com.br\/bc\/glossario-c\/#esp\" target=\"_blank\" rel=\"noreferrer noopener\">controle eletr\u00f4nico de estabilidade e tra\u00e7\u00e3o<\/a> bem calibrado, mas n\u00e3o haver bot\u00e3o para desativar o de tra\u00e7\u00e3o no Renault \u00e9 inaceit\u00e1vel em um SUV.<\/p>\n\n\n\n<p>Os tr\u00eas mostram rodar confort\u00e1vel, com bom ganho no novo Duster pela melhor absor\u00e7\u00e3o de irregularidades que no antigo, mas impactos menores ainda s\u00e3o mais transmitidos do que deveriam \u2014 o Ecosport \u00e9 o melhor nesse aspecto, mesmo com pneus de uso misto, em tese menos confort\u00e1veis. A distens\u00e3o dos amortecedores traseiros poderia ser mais solta no Renault: em algumas lombadas, nota-se um ru\u00eddo t\u00edpico de quando os pneus reencontram o solo por n\u00e3o ter copiado o perfil do obst\u00e1culo. No Ford o desconforto aparece em grandes movimentos da suspens\u00e3o, por ser bem &#8220;amarrada&#8221; pelos amortecedores.<\/p>\n\n\n\n<div style=\"height:50px\" aria-hidden=\"true\" class=\"wp-block-spacer\"><\/div>\n\n\n\n<figure class=\"wp-block-gallery columns-2 is-cropped wp-block-gallery-11 is-layout-flex wp-block-gallery-is-layout-flex\"><ul class=\"blocks-gallery-grid\"><li class=\"blocks-gallery-item\"><figure><a href=\"https:\/\/autolivraria.com.br\/bc\/wp-content\/uploads\/2020\/09\/Chevrolet-Tracker-LT-12a.jpg\"><img decoding=\"async\" width=\"640\" height=\"426\" data-src=\"https:\/\/autolivraria.com.br\/bc\/wp-content\/uploads\/2020\/09\/Chevrolet-Tracker-LT-12a.jpg\" alt=\"\" data-id=\"118467\" data-full-url=\"https:\/\/autolivraria.com.br\/bc\/wp-content\/uploads\/2020\/09\/Chevrolet-Tracker-LT-12a.jpg\" data-link=\"https:\/\/autolivraria.com.br\/bc\/?attachment_id=118467\" class=\"wp-image-118467 lazyload\" data-srcset=\"https:\/\/autolivraria.com.br\/bc\/wp-content\/uploads\/2020\/09\/Chevrolet-Tracker-LT-12a.jpg 640w, https:\/\/autolivraria.com.br\/bc\/wp-content\/uploads\/2020\/09\/Chevrolet-Tracker-LT-12a-340x226.jpg 340w\" data-sizes=\"(max-width: 640px) 100vw, 640px\" src=\"data:image\/svg+xml;base64,PHN2ZyB3aWR0aD0iMSIgaGVpZ2h0PSIxIiB4bWxucz0iaHR0cDovL3d3dy53My5vcmcvMjAwMC9zdmciPjwvc3ZnPg==\" style=\"--smush-placeholder-width: 640px; --smush-placeholder-aspect-ratio: 640\/426;\" \/><\/a><figcaption class=\"blocks-gallery-item__caption\">Tracker<\/figcaption><\/figure><\/li><li class=\"blocks-gallery-item\"><figure><a href=\"https:\/\/autolivraria.com.br\/bc\/wp-content\/uploads\/2020\/09\/Chevrolet-Tracker-LT-16.jpg\"><img decoding=\"async\" width=\"1280\" height=\"853\" data-src=\"https:\/\/autolivraria.com.br\/bc\/wp-content\/uploads\/2020\/09\/Chevrolet-Tracker-LT-16.jpg\" alt=\"\" data-id=\"118461\" data-link=\"https:\/\/autolivraria.com.br\/bc\/?attachment_id=118461\" class=\"wp-image-118461 lazyload\" data-srcset=\"https:\/\/autolivraria.com.br\/bc\/wp-content\/uploads\/2020\/09\/Chevrolet-Tracker-LT-16.jpg 1280w, https:\/\/autolivraria.com.br\/bc\/wp-content\/uploads\/2020\/09\/Chevrolet-Tracker-LT-16-340x227.jpg 340w, https:\/\/autolivraria.com.br\/bc\/wp-content\/uploads\/2020\/09\/Chevrolet-Tracker-LT-16-696x464.jpg 696w\" data-sizes=\"(max-width: 1280px) 100vw, 1280px\" src=\"data:image\/svg+xml;base64,PHN2ZyB3aWR0aD0iMSIgaGVpZ2h0PSIxIiB4bWxucz0iaHR0cDovL3d3dy53My5vcmcvMjAwMC9zdmciPjwvc3ZnPg==\" style=\"--smush-placeholder-width: 1280px; --smush-placeholder-aspect-ratio: 1280\/853;\" \/><\/a><\/figure><\/li><li class=\"blocks-gallery-item\"><figure><a href=\"https:\/\/autolivraria.com.br\/bc\/wp-content\/uploads\/2020\/09\/Ford-Ecosport-Freestyle-12.jpg\"><img decoding=\"async\" width=\"640\" height=\"426\" data-src=\"https:\/\/autolivraria.com.br\/bc\/wp-content\/uploads\/2020\/09\/Ford-Ecosport-Freestyle-12.jpg\" alt=\"\" data-id=\"118464\" data-link=\"https:\/\/autolivraria.com.br\/bc\/?attachment_id=118464\" class=\"wp-image-118464 lazyload\" data-srcset=\"https:\/\/autolivraria.com.br\/bc\/wp-content\/uploads\/2020\/09\/Ford-Ecosport-Freestyle-12.jpg 640w, https:\/\/autolivraria.com.br\/bc\/wp-content\/uploads\/2020\/09\/Ford-Ecosport-Freestyle-12-340x226.jpg 340w\" data-sizes=\"(max-width: 640px) 100vw, 640px\" src=\"data:image\/svg+xml;base64,PHN2ZyB3aWR0aD0iMSIgaGVpZ2h0PSIxIiB4bWxucz0iaHR0cDovL3d3dy53My5vcmcvMjAwMC9zdmciPjwvc3ZnPg==\" style=\"--smush-placeholder-width: 640px; --smush-placeholder-aspect-ratio: 640\/426;\" \/><\/a><figcaption class=\"blocks-gallery-item__caption\">Ecosport<\/figcaption><\/figure><\/li><li class=\"blocks-gallery-item\"><figure><a href=\"https:\/\/autolivraria.com.br\/bc\/wp-content\/uploads\/2020\/09\/Ford-Ecosport-Freestyle-16.jpg\"><img decoding=\"async\" width=\"1280\" height=\"853\" data-src=\"https:\/\/autolivraria.com.br\/bc\/wp-content\/uploads\/2020\/09\/Ford-Ecosport-Freestyle-16.jpg\" alt=\"\" data-id=\"118463\" data-link=\"https:\/\/autolivraria.com.br\/bc\/?attachment_id=118463\" class=\"wp-image-118463 lazyload\" data-srcset=\"https:\/\/autolivraria.com.br\/bc\/wp-content\/uploads\/2020\/09\/Ford-Ecosport-Freestyle-16.jpg 1280w, https:\/\/autolivraria.com.br\/bc\/wp-content\/uploads\/2020\/09\/Ford-Ecosport-Freestyle-16-340x227.jpg 340w, https:\/\/autolivraria.com.br\/bc\/wp-content\/uploads\/2020\/09\/Ford-Ecosport-Freestyle-16-696x464.jpg 696w\" data-sizes=\"(max-width: 1280px) 100vw, 1280px\" src=\"data:image\/svg+xml;base64,PHN2ZyB3aWR0aD0iMSIgaGVpZ2h0PSIxIiB4bWxucz0iaHR0cDovL3d3dy53My5vcmcvMjAwMC9zdmciPjwvc3ZnPg==\" style=\"--smush-placeholder-width: 1280px; --smush-placeholder-aspect-ratio: 1280\/853;\" \/><\/a><\/figure><\/li><li class=\"blocks-gallery-item\"><figure><a href=\"https:\/\/autolivraria.com.br\/bc\/wp-content\/uploads\/2020\/09\/Renault-Duster-Iconic-12.jpg\"><img decoding=\"async\" width=\"640\" height=\"426\" data-src=\"https:\/\/autolivraria.com.br\/bc\/wp-content\/uploads\/2020\/09\/Renault-Duster-Iconic-12.jpg\" alt=\"\" data-id=\"118466\" data-link=\"https:\/\/autolivraria.com.br\/bc\/?attachment_id=118466\" class=\"wp-image-118466 lazyload\" data-srcset=\"https:\/\/autolivraria.com.br\/bc\/wp-content\/uploads\/2020\/09\/Renault-Duster-Iconic-12.jpg 640w, https:\/\/autolivraria.com.br\/bc\/wp-content\/uploads\/2020\/09\/Renault-Duster-Iconic-12-340x226.jpg 340w\" data-sizes=\"(max-width: 640px) 100vw, 640px\" src=\"data:image\/svg+xml;base64,PHN2ZyB3aWR0aD0iMSIgaGVpZ2h0PSIxIiB4bWxucz0iaHR0cDovL3d3dy53My5vcmcvMjAwMC9zdmciPjwvc3ZnPg==\" style=\"--smush-placeholder-width: 640px; --smush-placeholder-aspect-ratio: 640\/426;\" \/><\/a><figcaption class=\"blocks-gallery-item__caption\">Duster<\/figcaption><\/figure><\/li><li class=\"blocks-gallery-item\"><figure><a href=\"https:\/\/autolivraria.com.br\/bc\/wp-content\/uploads\/2020\/09\/Renault-Duster-Iconic-16.jpg\"><img decoding=\"async\" width=\"1280\" height=\"853\" data-src=\"https:\/\/autolivraria.com.br\/bc\/wp-content\/uploads\/2020\/09\/Renault-Duster-Iconic-16.jpg\" alt=\"\" data-id=\"118465\" data-link=\"https:\/\/autolivraria.com.br\/bc\/?attachment_id=118465\" class=\"wp-image-118465 lazyload\" data-srcset=\"https:\/\/autolivraria.com.br\/bc\/wp-content\/uploads\/2020\/09\/Renault-Duster-Iconic-16.jpg 1280w, https:\/\/autolivraria.com.br\/bc\/wp-content\/uploads\/2020\/09\/Renault-Duster-Iconic-16-340x227.jpg 340w, https:\/\/autolivraria.com.br\/bc\/wp-content\/uploads\/2020\/09\/Renault-Duster-Iconic-16-696x464.jpg 696w\" data-sizes=\"(max-width: 1280px) 100vw, 1280px\" src=\"data:image\/svg+xml;base64,PHN2ZyB3aWR0aD0iMSIgaGVpZ2h0PSIxIiB4bWxucz0iaHR0cDovL3d3dy53My5vcmcvMjAwMC9zdmciPjwvc3ZnPg==\" style=\"--smush-placeholder-width: 1280px; --smush-placeholder-aspect-ratio: 1280\/853;\" \/><\/a><\/figure><\/li><\/ul><\/figure>\n\n\n\n<p class=\"has-text-align-center\"><em>Com vantagem em pre\u00e7o sobre o Duster e v\u00e1rios atributos a mais que ambos os rivais, o Tracker sai vitorioso da compara\u00e7\u00e3o<\/em><\/p>\n\n\n\n<div style=\"height:50px\" aria-hidden=\"true\" class=\"wp-block-spacer\"><\/div>\n\n\n\n<p>Todos est\u00e3o bem acertados em termos de freios e dire\u00e7\u00e3o. Esta, ao adotar assist\u00eancia el\u00e9trica no novo Duster como nos concorrentes, ficou mais leve em manobras e no uso urbano.<\/p>\n\n\n\n<p><strong>Seguran\u00e7a passiva<br><\/strong>Um dos argumentos do Ecosport na remodela\u00e7\u00e3o para 2018 \u2014 sete bolsas infl\u00e1veis de s\u00e9rie \u2014 tamb\u00e9m se perdeu com a redu\u00e7\u00e3o de custos: hoje o Freestyle traz apenas as bolsas frontais exigidas por lei, assim como o Duster. O destaque vai para o Tracker, que mesmo nessa vers\u00e3o simples tem bolsas laterais dianteiras e de cortina. O restante segue o padr\u00e3o legal, com <a href=\"https:\/\/autolivraria.com.br\/bc\/glossario-i\/#isof\" target=\"_blank\" rel=\"noreferrer noopener\">fixa\u00e7\u00e3o Isofix<\/a> para cadeira infantil e cintos de tr\u00eas pontos para cinco pessoas.<br><br><\/p>\n\n\n\n<blockquote class=\"wp-block-quote is-layout-flow wp-block-quote-is-layout-flow\"><p>Os tr\u00eas mostram rodar confort\u00e1vel, com bom ganho no novo Duster em absor\u00e7\u00e3o de irregularidades, quesito em que o Ecosport \u00e9 o melhor do grupo<\/p><\/blockquote>\n\n\n\n<p><br><br><strong>Custo-benef\u00edcio<\/strong><br>O Duster \u00e9 o \u00fanico que oferece opcionais nessa vers\u00e3o: o pacote Outsider, presente no carro testado, com far\u00f3is de longo alcance, protetor de para-choque dianteiro e molduras laterais. Com o item ele era o mais caro do grupo: R$ 98.690, mais 3% que o valor do Tracker, que por sua vez custa 4% mais que o Ecosport. Eliminar o acess\u00f3rio aproximaria os pre\u00e7os, mantendo a ordem.<\/p>\n\n\n\n<div style=\"height:50px\" aria-hidden=\"true\" class=\"wp-block-spacer\"><\/div>\n\n\n\n<figure class=\"wp-block-gallery columns-2 is-cropped wp-block-gallery-12 is-layout-flex wp-block-gallery-is-layout-flex\"><ul class=\"blocks-gallery-grid\"><li class=\"blocks-gallery-item\"><figure><a href=\"https:\/\/autolivraria.com.br\/bc\/wp-content\/uploads\/2020\/09\/Chevrolet-Tracker-LT-logo.jpg\"><img decoding=\"async\" width=\"640\" height=\"426\" data-src=\"https:\/\/autolivraria.com.br\/bc\/wp-content\/uploads\/2020\/09\/Chevrolet-Tracker-LT-logo.jpg\" alt=\"\" data-id=\"118469\" data-full-url=\"https:\/\/autolivraria.com.br\/bc\/wp-content\/uploads\/2020\/09\/Chevrolet-Tracker-LT-logo.jpg\" data-link=\"https:\/\/autolivraria.com.br\/bc\/?attachment_id=118469\" class=\"wp-image-118469 lazyload\" data-srcset=\"https:\/\/autolivraria.com.br\/bc\/wp-content\/uploads\/2020\/09\/Chevrolet-Tracker-LT-logo.jpg 640w, https:\/\/autolivraria.com.br\/bc\/wp-content\/uploads\/2020\/09\/Chevrolet-Tracker-LT-logo-340x226.jpg 340w\" data-sizes=\"(max-width: 640px) 100vw, 640px\" src=\"data:image\/svg+xml;base64,PHN2ZyB3aWR0aD0iMSIgaGVpZ2h0PSIxIiB4bWxucz0iaHR0cDovL3d3dy53My5vcmcvMjAwMC9zdmciPjwvc3ZnPg==\" style=\"--smush-placeholder-width: 640px; --smush-placeholder-aspect-ratio: 640\/426;\" \/><\/a><figcaption class=\"blocks-gallery-item__caption\">Tracker<\/figcaption><\/figure><\/li><li class=\"blocks-gallery-item\"><figure><a href=\"https:\/\/autolivraria.com.br\/bc\/wp-content\/uploads\/2020\/09\/Chevrolet-Tracker-LT-01.jpg\"><img decoding=\"async\" width=\"1280\" height=\"853\" data-src=\"https:\/\/autolivraria.com.br\/bc\/wp-content\/uploads\/2020\/09\/Chevrolet-Tracker-LT-01.jpg\" alt=\"\" data-id=\"118468\" data-full-url=\"https:\/\/autolivraria.com.br\/bc\/wp-content\/uploads\/2020\/09\/Chevrolet-Tracker-LT-01.jpg\" data-link=\"https:\/\/autolivraria.com.br\/bc\/?attachment_id=118468\" class=\"wp-image-118468 lazyload\" data-srcset=\"https:\/\/autolivraria.com.br\/bc\/wp-content\/uploads\/2020\/09\/Chevrolet-Tracker-LT-01.jpg 1280w, https:\/\/autolivraria.com.br\/bc\/wp-content\/uploads\/2020\/09\/Chevrolet-Tracker-LT-01-340x227.jpg 340w, https:\/\/autolivraria.com.br\/bc\/wp-content\/uploads\/2020\/09\/Chevrolet-Tracker-LT-01-696x464.jpg 696w\" data-sizes=\"(max-width: 1280px) 100vw, 1280px\" src=\"data:image\/svg+xml;base64,PHN2ZyB3aWR0aD0iMSIgaGVpZ2h0PSIxIiB4bWxucz0iaHR0cDovL3d3dy53My5vcmcvMjAwMC9zdmciPjwvc3ZnPg==\" style=\"--smush-placeholder-width: 1280px; --smush-placeholder-aspect-ratio: 1280\/853;\" \/><\/a><\/figure><\/li><li class=\"blocks-gallery-item\"><figure><a href=\"https:\/\/autolivraria.com.br\/bc\/wp-content\/uploads\/2020\/09\/Ford-Ecosport-Freestyle-logo.jpg\"><img decoding=\"async\" width=\"640\" height=\"426\" data-src=\"https:\/\/autolivraria.com.br\/bc\/wp-content\/uploads\/2020\/09\/Ford-Ecosport-Freestyle-logo.jpg\" alt=\"\" data-id=\"118471\" data-full-url=\"https:\/\/autolivraria.com.br\/bc\/wp-content\/uploads\/2020\/09\/Ford-Ecosport-Freestyle-logo.jpg\" data-link=\"https:\/\/autolivraria.com.br\/bc\/?attachment_id=118471\" class=\"wp-image-118471 lazyload\" data-srcset=\"https:\/\/autolivraria.com.br\/bc\/wp-content\/uploads\/2020\/09\/Ford-Ecosport-Freestyle-logo.jpg 640w, https:\/\/autolivraria.com.br\/bc\/wp-content\/uploads\/2020\/09\/Ford-Ecosport-Freestyle-logo-340x226.jpg 340w\" data-sizes=\"(max-width: 640px) 100vw, 640px\" src=\"data:image\/svg+xml;base64,PHN2ZyB3aWR0aD0iMSIgaGVpZ2h0PSIxIiB4bWxucz0iaHR0cDovL3d3dy53My5vcmcvMjAwMC9zdmciPjwvc3ZnPg==\" style=\"--smush-placeholder-width: 640px; --smush-placeholder-aspect-ratio: 640\/426;\" \/><\/a><figcaption class=\"blocks-gallery-item__caption\">Ecosport<\/figcaption><\/figure><\/li><li class=\"blocks-gallery-item\"><figure><a href=\"https:\/\/autolivraria.com.br\/bc\/wp-content\/uploads\/2020\/09\/Ford-Ecosport-Freestyle-01.jpg\"><img decoding=\"async\" width=\"1280\" height=\"853\" data-src=\"https:\/\/autolivraria.com.br\/bc\/wp-content\/uploads\/2020\/09\/Ford-Ecosport-Freestyle-01.jpg\" alt=\"\" data-id=\"118470\" data-full-url=\"https:\/\/autolivraria.com.br\/bc\/wp-content\/uploads\/2020\/09\/Ford-Ecosport-Freestyle-01.jpg\" data-link=\"https:\/\/autolivraria.com.br\/bc\/?attachment_id=118470\" class=\"wp-image-118470 lazyload\" data-srcset=\"https:\/\/autolivraria.com.br\/bc\/wp-content\/uploads\/2020\/09\/Ford-Ecosport-Freestyle-01.jpg 1280w, https:\/\/autolivraria.com.br\/bc\/wp-content\/uploads\/2020\/09\/Ford-Ecosport-Freestyle-01-340x227.jpg 340w, https:\/\/autolivraria.com.br\/bc\/wp-content\/uploads\/2020\/09\/Ford-Ecosport-Freestyle-01-696x464.jpg 696w\" data-sizes=\"(max-width: 1280px) 100vw, 1280px\" src=\"data:image\/svg+xml;base64,PHN2ZyB3aWR0aD0iMSIgaGVpZ2h0PSIxIiB4bWxucz0iaHR0cDovL3d3dy53My5vcmcvMjAwMC9zdmciPjwvc3ZnPg==\" style=\"--smush-placeholder-width: 1280px; --smush-placeholder-aspect-ratio: 1280\/853;\" \/><\/a><\/figure><\/li><li class=\"blocks-gallery-item\"><figure><a href=\"https:\/\/autolivraria.com.br\/bc\/wp-content\/uploads\/2020\/09\/Renault-Duster-Iconic-logo.jpg\"><img decoding=\"async\" width=\"640\" height=\"426\" data-src=\"https:\/\/autolivraria.com.br\/bc\/wp-content\/uploads\/2020\/09\/Renault-Duster-Iconic-logo.jpg\" alt=\"\" data-id=\"118473\" data-full-url=\"https:\/\/autolivraria.com.br\/bc\/wp-content\/uploads\/2020\/09\/Renault-Duster-Iconic-logo.jpg\" data-link=\"https:\/\/autolivraria.com.br\/bc\/?attachment_id=118473\" class=\"wp-image-118473 lazyload\" data-srcset=\"https:\/\/autolivraria.com.br\/bc\/wp-content\/uploads\/2020\/09\/Renault-Duster-Iconic-logo.jpg 640w, https:\/\/autolivraria.com.br\/bc\/wp-content\/uploads\/2020\/09\/Renault-Duster-Iconic-logo-340x226.jpg 340w\" data-sizes=\"(max-width: 640px) 100vw, 640px\" src=\"data:image\/svg+xml;base64,PHN2ZyB3aWR0aD0iMSIgaGVpZ2h0PSIxIiB4bWxucz0iaHR0cDovL3d3dy53My5vcmcvMjAwMC9zdmciPjwvc3ZnPg==\" style=\"--smush-placeholder-width: 640px; --smush-placeholder-aspect-ratio: 640\/426;\" \/><\/a><figcaption class=\"blocks-gallery-item__caption\">Duster<\/figcaption><\/figure><\/li><li class=\"blocks-gallery-item\"><figure><a href=\"https:\/\/autolivraria.com.br\/bc\/wp-content\/uploads\/2020\/09\/Renault-Duster-Iconic-01.jpg\"><img decoding=\"async\" width=\"1280\" height=\"853\" data-src=\"https:\/\/autolivraria.com.br\/bc\/wp-content\/uploads\/2020\/09\/Renault-Duster-Iconic-01.jpg\" alt=\"\" data-id=\"118472\" data-full-url=\"https:\/\/autolivraria.com.br\/bc\/wp-content\/uploads\/2020\/09\/Renault-Duster-Iconic-01.jpg\" data-link=\"https:\/\/autolivraria.com.br\/bc\/?attachment_id=118472\" class=\"wp-image-118472 lazyload\" data-srcset=\"https:\/\/autolivraria.com.br\/bc\/wp-content\/uploads\/2020\/09\/Renault-Duster-Iconic-01.jpg 1280w, https:\/\/autolivraria.com.br\/bc\/wp-content\/uploads\/2020\/09\/Renault-Duster-Iconic-01-340x227.jpg 340w, https:\/\/autolivraria.com.br\/bc\/wp-content\/uploads\/2020\/09\/Renault-Duster-Iconic-01-696x464.jpg 696w\" data-sizes=\"(max-width: 1280px) 100vw, 1280px\" src=\"data:image\/svg+xml;base64,PHN2ZyB3aWR0aD0iMSIgaGVpZ2h0PSIxIiB4bWxucz0iaHR0cDovL3d3dy53My5vcmcvMjAwMC9zdmciPjwvc3ZnPg==\" style=\"--smush-placeholder-width: 1280px; --smush-placeholder-aspect-ratio: 1280\/853;\" \/><\/a><\/figure><\/li><\/ul><\/figure>\n\n\n\n<p class=\"has-text-align-center\"><em>A reformula\u00e7\u00e3o foi positiva aos modelos da GM e da Renault: para a Ford, a necessidade de algo realmente novo \u00e9 imperativa<\/em><\/p>\n\n\n\n<div style=\"height:50px\" aria-hidden=\"true\" class=\"wp-block-spacer\"><\/div>\n\n\n\n<p>Em termos de conte\u00fado o Tracker sobressai pelas quatro bolsas infl\u00e1veis a mais e o roteador de internet; o Duster, pelas tr\u00eas c\u00e2meras adicionais e o alerta de ponto cego; e ambos sobre o Ecosport pela chave presencial, embora falte ao Chevrolet ar-condicionado autom\u00e1tico. Assim, a rela\u00e7\u00e3o entre pre\u00e7o e equipamentos favorece o carro da GM, enquanto o Renault n\u00e3o justifica seu custo adicional sobre o Ford.<br><br><\/p>\n\n\n<div class='code-block code-block-6' style='margin: 28px auto; text-align: center; display: block; clear: both;'>\n<script async src=\"https:\/\/pagead2.googlesyndication.com\/pagead\/js\/adsbygoogle.js\"><\/script>\n<!-- AL-quadrado -->\n<ins class=\"adsbygoogle\"\n     style=\"display:block\"\n     data-ad-client=\"ca-pub-1914799802606213\"\n     data-ad-slot=\"5683066082\"\n     data-ad-format=\"auto\"\n     data-full-width-responsive=\"true\"><\/ins>\n<script>\n     (adsbygoogle = window.adsbygoogle || []).push({});\n<\/script><\/div>\n\n\n\n\n<p><br><br>O que realmente define o vencedor do <em>Desafio<\/em>, por\u00e9m, \u00e9 o conjunto da obra: os atributos do carro como um todo confrontados a seu pre\u00e7o. E aqui o Tracker brilha ao oferecer mais que os oponentes em acabamento e conveni\u00eancia, motor\/desempenho, consumo e seguran\u00e7a passiva \u2014\u00a0por larga margem nos dois \u00faltimos itens. Diante disso, o que os rivais podem opor limita-se ao maior porta-malas do Duster. Outras vantagens dele ou do Ecosport s\u00e3o discretas a ponto de n\u00e3o representar nota superior.<\/p>\n\n\n\n<p>Com conjunto claramente superior a menor pre\u00e7o que o do Renault, o SUV Chevrolet sai vitorioso da compara\u00e7\u00e3o, comprovando que foi mais abrangente e bem-sucedido em sua reformula\u00e7\u00e3o que o outro. Quanto ao Ford, a vantagem de pre\u00e7o (obtida em parte com a incans\u00e1vel &#8220;depena\u00e7\u00e3o&#8221;) alivia sua rela\u00e7\u00e3o custo-benef\u00edcio, mas um redesenho completo j\u00e1 se faz necess\u00e1rio ao pioneiro da categoria.<\/p>\n\n\n<a href='https:\/\/autolivraria.com.br\/bc\/avaliacoes\/' class='small-button smallsilver'>Mais Avalia\u00e7\u00f5es<\/a>\n\n\n\n<div style=\"height:50px\" aria-hidden=\"true\" class=\"wp-block-spacer\"><\/div>\n\n\n<div class='et-box et-shadow'>\n\t\t\t\t\t<div class='et-box-content'><h2>Nossas notas<\/h2>\n<table id=\"table5994\" style=\"width: 100%;\" border=\"0\" cellspacing=\"0\" cellpadding=\"3\">\n<tbody>\n<tr>\n<td style=\"width: 40%;\">\u00a0<\/td>\n<td style=\"width: 20%;\"><strong>Tracker<\/strong><\/td>\n<td style=\"width: 20%;\"><strong>Ecosport<\/strong><\/td>\n<td style=\"width: 20%;\"><strong>Duster<\/strong><\/td>\n<\/tr>\n<tr>\n<td style=\"width: 40%;\">Estilo<\/td>\n<td style=\"width: 20%;\">4<\/td>\n<td style=\"width: 20%;\">3<\/td>\n<td style=\"width: 20%;\">4<\/td>\n<\/tr>\n<tr>\n<td>Acabamento e conveni\u00eancia<\/td>\n<td>4<\/td>\n<td>3<\/td>\n<td>3<\/td>\n<\/tr>\n<tr>\n<td>Posto do motorista<\/td>\n<td>4<\/td>\n<td>4<\/td>\n<td>4<\/td>\n<\/tr>\n<tr>\n<td>Espa\u00e7o interno<\/td>\n<td>4<\/td>\n<td>3<\/td>\n<td>4<\/td>\n<\/tr>\n<tr>\n<td>Porta-malas<\/td>\n<td>3<\/td>\n<td>3<\/td>\n<td>4<\/td>\n<\/tr>\n<tr>\n<td>Motor e desempenho<\/td>\n<td>4<\/td>\n<td>3<\/td>\n<td>3<\/td>\n<\/tr>\n<tr>\n<td>Consumo<\/td>\n<td>5<\/td>\n<td>3<\/td>\n<td>3<\/td>\n<\/tr>\n<tr>\n<td>Comportamento din\u00e2mico<\/td>\n<td>4<\/td>\n<td>4<\/td>\n<td>3<\/td>\n<\/tr>\n<tr>\n<td>Seguran\u00e7a passiva<\/td>\n<td>5<\/td>\n<td>3<\/td>\n<td>3<\/td>\n<\/tr>\n<tr>\n<td>Custo-benef\u00edcio<\/td>\n<td>5<\/td>\n<td>4<\/td>\n<td>3<\/td>\n<\/tr>\n<tr>\n<td><strong>M\u00e9dia<\/strong><\/td>\n<td><strong>4,2<\/strong><\/td>\n<td><strong>3,3<\/strong><\/td>\n<td><strong>3,4<\/strong><\/td>\n<\/tr>\n<tr>\n<td><strong>Posi\u00e7\u00e3o<\/strong><\/td>\n<td><strong>1\u00b0.<\/strong><\/td>\n<td><strong>3\u00ba.<\/strong><\/td>\n<td><strong>2\u00ba.<\/strong><\/td>\n<\/tr>\n<tr>\n<td colspan=\"4\">As notas v\u00e3o de 1 a 5, sendo 5 a melhor;\u00a0<a href=\"https:\/\/autolivraria.com.br\/bc\/nossa-metodologia-de-notas\/\">conhe\u00e7a nossa metodologia<\/a><\/td>\n<\/tr>\n<\/tbody>\n<\/table><\/div><\/div>\n\n\n<div style=\"height:50px\" aria-hidden=\"true\" class=\"wp-block-spacer\"><\/div>\n\n\n<div class='et-box et-shadow'>\n\t\t\t\t\t<div class='et-box-content'><h2>Ficha t\u00e9cnica<\/h2>\n<table id=\"table6090\" border=\"0\" width=\"100%\" cellspacing=\"0\" cellpadding=\"3\">\n<tbody>\n<tr>\n<td valign=\"top\" width=\"40%\">&nbsp;<\/td>\n<td valign=\"top\" width=\"20%\"><strong>Tracker<\/strong><\/td>\n<td valign=\"top\" width=\"20%\"><strong>Ecosport<\/strong><\/td>\n<td valign=\"top\" width=\"20%\"><strong>Duster<\/strong><\/td>\n<\/tr>\n<tr>\n<td colspan=\"4\" valign=\"top\" bgcolor=\"#FFFFFF\"><strong>Motor<\/strong><\/td>\n<\/tr>\n<tr>\n<td valign=\"top\">Posi\u00e7\u00e3o<\/td>\n<td valign=\"top\">transversal<\/td>\n<td valign=\"top\">transversal<\/td>\n<td valign=\"top\">transversal<\/td>\n<\/tr>\n<tr>\n<td valign=\"top\">Cilindros<\/td>\n<td valign=\"top\">3 em linha<\/td>\n<td valign=\"top\">3 em linha<\/td>\n<td valign=\"top\">4 em linha<\/td>\n<\/tr>\n<tr>\n<td valign=\"top\">Comando de v\u00e1lvulas<\/td>\n<td valign=\"top\">duplo no cabe\u00e7ote<\/td>\n<td valign=\"top\">duplo no cabe\u00e7ote<\/td>\n<td valign=\"top\">duplo no cabe\u00e7ote<\/td>\n<\/tr>\n<tr>\n<td valign=\"top\">V\u00e1lvulas por cilindro<\/td>\n<td valign=\"top\">4, varia\u00e7\u00e3o de tempo<\/td>\n<td valign=\"top\">4, varia\u00e7\u00e3o de tempo<\/td>\n<td valign=\"top\">4, varia\u00e7\u00e3o de tempo<\/td>\n<\/tr>\n<tr>\n<td valign=\"top\">Di\u00e2metro e curso<\/td>\n<td valign=\"top\">&nbsp;<\/td>\n<td valign=\"top\">84 x 90 mm<\/td>\n<td valign=\"top\">78 x 83,6 mm<\/td>\n<\/tr>\n<tr>\n<td valign=\"top\">Cilindrada<\/td>\n<td valign=\"top\">&nbsp;<\/td>\n<td valign=\"top\">1.497 cm\u00b3<\/td>\n<td valign=\"top\">1.598 cm\u00b3<\/td>\n<\/tr>\n<tr>\n<td valign=\"top\">Taxa de compress\u00e3o<\/td>\n<td valign=\"top\">10,5:1<\/td>\n<td valign=\"top\">12,0:1<\/td>\n<td valign=\"top\">10,7:1<\/td>\n<\/tr>\n<tr>\n<td valign=\"top\">Alimenta\u00e7\u00e3o<\/td>\n<td colspan=\"3\" valign=\"top\">inje\u00e7\u00e3o multiponto sequencial<\/td>\n<\/tr>\n<tr>\n<td valign=\"top\">Pot\u00eancia m\u00e1xima (gas.\/\u00e1lc.)<\/td>\n<td valign=\"top\">116 cv a 5.500 rpm<\/td>\n<td valign=\"top\">130\/137 cv a 6.500 rpm<\/td>\n<td valign=\"top\">118\/120 cv a 5.500 rpm<\/td>\n<\/tr>\n<tr>\n<td valign=\"top\">Torque m\u00e1ximo (gas.\/\u00e1lc.)<\/td>\n<td valign=\"top\">16,3\/16,8 m.kgf a 2.000 rpm<\/td>\n<td valign=\"top\">15,6\/16,2 m.kgf a 4.500 rpm<\/td>\n<td valign=\"top\">16,2 m.kgf a&nbsp;4.000 rpm<\/td>\n<\/tr>\n<tr>\n<td colspan=\"4\" valign=\"top\" bgcolor=\"#FFFFFF\"><strong>Transmiss\u00e3o<\/strong><\/td>\n<\/tr>\n<tr>\n<td valign=\"top\">Tipo de caixa e marchas<\/td>\n<td valign=\"top\">autom\u00e1tica, 6<\/td>\n<td valign=\"top\">autom\u00e1tica, 6<\/td>\n<td valign=\"top\">autom\u00e1tica de varia\u00e7\u00e3o cont\u00ednua, simula\u00e7\u00e3o de 6 marchas<\/td>\n<\/tr>\n<tr>\n<td valign=\"top\">Tra\u00e7\u00e3o<\/td>\n<td valign=\"top\">dianteira<\/td>\n<td valign=\"top\">dianteira<\/td>\n<td valign=\"top\">dianteira<\/td>\n<\/tr>\n<tr>\n<td colspan=\"4\" valign=\"top\" bgcolor=\"#FFFFFF\"><strong>Freios<\/strong><\/td>\n<\/tr>\n<tr>\n<td valign=\"top\">Dianteiros<\/td>\n<td valign=\"top\">a disco ventilado<\/td>\n<td valign=\"top\">a disco ventilado<\/td>\n<td valign=\"top\">a disco ventilado<\/td>\n<\/tr>\n<tr>\n<td valign=\"top\">Traseiros<\/td>\n<td valign=\"top\">a tambor<\/td>\n<td valign=\"top\">a tambor<\/td>\n<td valign=\"top\">a tambor<\/td>\n<\/tr>\n<tr>\n<td valign=\"top\">Antitravamento (ABS)<\/td>\n<td valign=\"top\">sim<\/td>\n<td valign=\"top\">sim<\/td>\n<td valign=\"top\">sim<\/td>\n<\/tr>\n<tr>\n<td colspan=\"4\" valign=\"top\" bgcolor=\"#FFFFFF\"><strong>Dire\u00e7\u00e3o<\/strong><\/td>\n<\/tr>\n<tr>\n<td valign=\"top\">Sistema<\/td>\n<td valign=\"top\">pinh\u00e3o e cremalheira<\/td>\n<td valign=\"top\">pinh\u00e3o e cremalheira<\/td>\n<td valign=\"top\">pinh\u00e3o e cremalheira<\/td>\n<\/tr>\n<tr>\n<td valign=\"top\">Assist\u00eancia<\/td>\n<td valign=\"top\">el\u00e9trica<\/td>\n<td valign=\"top\">el\u00e9trica<\/td>\n<td valign=\"top\">el\u00e9trica<\/td>\n<\/tr>\n<tr>\n<td colspan=\"4\" valign=\"top\" bgcolor=\"#FFFFFF\"><strong>Suspens\u00e3o<\/strong><\/td>\n<\/tr>\n<tr>\n<td valign=\"top\">Dianteira<\/td>\n<td colspan=\"3\" valign=\"top\">independente, McPherson, mola helicoidal<\/td>\n<\/tr>\n<tr>\n<td valign=\"top\">Traseira<\/td>\n<td colspan=\"3\" valign=\"top\">eixo de tor\u00e7\u00e3o, mola helicoidal<\/td>\n<\/tr>\n<tr>\n<td colspan=\"4\" valign=\"top\" bgcolor=\"#FFFFFF\"><strong>Rodas<\/strong><\/td>\n<\/tr>\n<tr>\n<td valign=\"top\">Dimens\u00f5es<\/td>\n<td valign=\"top\">7 x 16 pol<\/td>\n<td valign=\"top\">6,5 x 16 pol<\/td>\n<td valign=\"top\">17 pol<\/td>\n<\/tr>\n<tr>\n<td valign=\"top\">Pneus<\/td>\n<td valign=\"top\">215\/60 R 16<\/td>\n<td valign=\"top\">206\/60 R 16<\/td>\n<td valign=\"top\">215\/60 R 17<\/td>\n<\/tr>\n<tr>\n<td colspan=\"4\" valign=\"top\" bgcolor=\"#FFFFFF\"><strong>Dimens\u00f5es<\/strong><\/td>\n<\/tr>\n<tr>\n<td valign=\"top\">Comprimento<\/td>\n<td valign=\"top\">4,27 m<\/td>\n<td valign=\"top\">4,269 m<\/td>\n<td valign=\"top\">4,376 m<\/td>\n<\/tr>\n<tr>\n<td valign=\"top\">Largura<\/td>\n<td valign=\"top\">1,791 m<\/td>\n<td valign=\"top\">1,765 m<\/td>\n<td valign=\"top\">1,832 m<\/td>\n<\/tr>\n<tr>\n<td valign=\"top\">Altura<\/td>\n<td valign=\"top\">1,624 m<\/td>\n<td valign=\"top\">1,693 m<\/td>\n<td valign=\"top\">1,693 m<\/td>\n<\/tr>\n<tr>\n<td valign=\"top\">Entre-eixos<\/td>\n<td valign=\"top\">2,57 m<\/td>\n<td valign=\"top\">2,519 m<\/td>\n<td valign=\"top\">2,673 m<\/td>\n<\/tr>\n<tr>\n<td colspan=\"4\" valign=\"top\" bgcolor=\"#FFFFFF\"><strong>Capacidades e peso<\/strong><\/td>\n<\/tr>\n<tr>\n<td valign=\"top\">Tanque de combust\u00edvel<\/td>\n<td valign=\"top\">44 l<\/td>\n<td valign=\"top\">52 l<\/td>\n<td valign=\"top\">50 l<\/td>\n<\/tr>\n<tr>\n<td valign=\"top\">Compartimento de bagagem<\/td>\n<td valign=\"top\">393 l<\/td>\n<td valign=\"top\">356 l<\/td>\n<td valign=\"top\">475 l<\/td>\n<\/tr>\n<tr>\n<td valign=\"top\">Peso em ordem de marcha<\/td>\n<td valign=\"top\">1.228 kg<\/td>\n<td valign=\"top\">1.272 kg<\/td>\n<td valign=\"top\">1.279 kg<\/td>\n<\/tr>\n<tr>\n<td colspan=\"4\" valign=\"top\" bgcolor=\"#FFFFFF\"><strong>Desempenho e consumo (gas.\/\u00e1lc.)<\/strong><\/td>\n<\/tr>\n<tr>\n<td valign=\"top\">Velocidade m\u00e1xima<\/td>\n<td valign=\"top\">ND<\/td>\n<td valign=\"top\">ND<\/td>\n<td valign=\"top\">172\/173 km\/h<\/td>\n<\/tr>\n<tr>\n<td valign=\"top\">Acelera\u00e7\u00e3o de 0 a 100 km\/h<\/td>\n<td valign=\"top\">ND<\/td>\n<td valign=\"top\">ND<\/td>\n<td valign=\"top\">12,3\/12,4 s<\/td>\n<\/tr>\n<tr>\n<td>Consumo em cidade<\/td>\n<td>11,9\/8,2 km\/l<\/td>\n<td>10,4\/7,1 km\/l<\/td>\n<td>10,7\/7,2 km\/l<\/td>\n<\/tr>\n<tr>\n<td>Consumo em rodovia<\/td>\n<td>13,7\/9,6 km\/l<\/td>\n<td>12,8\/8,9 km\/l<\/td>\n<td>11,1\/7,8 km\/l<\/td>\n<\/tr>\n<tr>\n<td colspan=\"4\" valign=\"top\">Dados dos fabricantes; consumo conforme padr\u00f5es do Inmetro; ND = n\u00e3o dispon\u00edvel<\/td>\n<\/tr>\n<\/tbody>\n<\/table><\/div><\/div>\n\n\n<div style=\"height:50px\" aria-hidden=\"true\" class=\"wp-block-spacer\"><\/div>\n","protected":false},"excerpt":{"rendered":"<p>O Ford criador da categoria, 17 anos atr\u00e1s, enfrenta competidores reformulados da Chevrolet e da Renault<\/p>\n","protected":false},"author":6,"featured_media":118460,"comment_status":"open","ping_status":"closed","sticky":false,"template":"","format":"standard","meta":{"_joinchat":[],"footnotes":""},"categories":[3,1824,4,1828,1838],"tags":[80,36,100,79,4632,451,4826,810,1461,213,70,891,4427,349],"class_list":["post-118307","post","type-post","status-publish","format-standard","has-post-thumbnail","hentry","category-avaliacao","category-chevrolet-avaliacao","category-comparativo","category-ford-avaliacao","category-renault-avaliacao","tag-avaliacao-2","tag-avaliacao-completa","tag-chevrolet","tag-comparativo-2","tag-desafio","tag-duster","tag-duster-iconic","tag-ecosport","tag-ecosport-freestyle","tag-ford-3","tag-renault","tag-tracker","tag-tracker-premier","tag-utilitario-esporte"],"amp_enabled":true,"_links":{"self":[{"href":"https:\/\/autolivraria.com.br\/bc\/wp-json\/wp\/v2\/posts\/118307","targetHints":{"allow":["GET"]}}],"collection":[{"href":"https:\/\/autolivraria.com.br\/bc\/wp-json\/wp\/v2\/posts"}],"about":[{"href":"https:\/\/autolivraria.com.br\/bc\/wp-json\/wp\/v2\/types\/post"}],"author":[{"embeddable":true,"href":"https:\/\/autolivraria.com.br\/bc\/wp-json\/wp\/v2\/users\/6"}],"replies":[{"embeddable":true,"href":"https:\/\/autolivraria.com.br\/bc\/wp-json\/wp\/v2\/comments?post=118307"}],"version-history":[{"count":0,"href":"https:\/\/autolivraria.com.br\/bc\/wp-json\/wp\/v2\/posts\/118307\/revisions"}],"wp:featuredmedia":[{"embeddable":true,"href":"https:\/\/autolivraria.com.br\/bc\/wp-json\/wp\/v2\/media\/118460"}],"wp:attachment":[{"href":"https:\/\/autolivraria.com.br\/bc\/wp-json\/wp\/v2\/media?parent=118307"}],"wp:term":[{"taxonomy":"category","embeddable":true,"href":"https:\/\/autolivraria.com.br\/bc\/wp-json\/wp\/v2\/categories?post=118307"},{"taxonomy":"post_tag","embeddable":true,"href":"https:\/\/autolivraria.com.br\/bc\/wp-json\/wp\/v2\/tags?post=118307"}],"curies":[{"name":"wp","href":"https:\/\/api.w.org\/{rel}","templated":true}]}}