{"id":119384,"date":"2020-10-16T18:08:49","date_gmt":"2020-10-16T21:08:49","guid":{"rendered":"https:\/\/bestcars.uol.com.br\/bc\/?p=119384"},"modified":"2020-10-20T09:12:23","modified_gmt":"2020-10-20T12:12:23","slug":"fiat-mobi-2021-novo-visual-trekking-e-suspensao-elevada","status":"publish","type":"post","link":"https:\/\/autolivraria.com.br\/bc\/informe-se\/noticias\/fiat-mobi-2021-novo-visual-trekking-e-suspensao-elevada\/","title":{"rendered":"Fiat Mobi 2021: novo visual, Trekking e suspens\u00e3o elevada"},"content":{"rendered":"\n<figure class=\"wp-block-image size-large\"><a href=\"https:\/\/autolivraria.com.br\/bc\/wp-content\/uploads\/2020\/10\/Fiat-Mobi-Trekking-01.jpg\"><img fetchpriority=\"high\" decoding=\"async\" width=\"696\" height=\"464\" src=\"https:\/\/autolivraria.com.br\/bc\/wp-content\/uploads\/2020\/10\/Fiat-Mobi-Trekking-01-696x464.jpg\" alt=\"\" class=\"wp-image-119385\" srcset=\"https:\/\/autolivraria.com.br\/bc\/wp-content\/uploads\/2020\/10\/Fiat-Mobi-Trekking-01-696x464.jpg 696w, https:\/\/autolivraria.com.br\/bc\/wp-content\/uploads\/2020\/10\/Fiat-Mobi-Trekking-01-340x227.jpg 340w, https:\/\/autolivraria.com.br\/bc\/wp-content\/uploads\/2020\/10\/Fiat-Mobi-Trekking-01.jpg 1024w\" sizes=\"(max-width: 696px) 100vw, 696px\" \/><\/a><\/figure>\n\n\n\n<p><br>A linha 2021 do Fiat Mobi tem como novidades um retoque de estilo, nova central de \u00e1udio, suspens\u00e3o mais elevada e a vers\u00e3o Trekking, que substitui a Way (fora de linha h\u00e1 alguns meses) como op\u00e7\u00e3o &#8220;aventureira&#8221;, com adere\u00e7os est\u00e9ticos como barras de teto, adesivo no cap\u00f4 e pintura do teto em preto e faixas laterais.<br><br><\/p>\n\n\n<div class='code-block code-block-7' style='margin: 28px auto; text-align: center; display: block; clear: both;'>\n<br>\n<div align=\"center\">\n<a target=\"_blank\" href=\"https:\/\/bestcars.com.br\/bc\/\">\n<img decoding=\"async\" data-src=\"https:\/\/bestcars.com.br\/bc\/wp-content\/uploads\/2021\/07\/Auto-Livraria-450x300-quadros.jpg\" alt=\"Auto Livraria\" src=\"data:image\/svg+xml;base64,PHN2ZyB3aWR0aD0iMSIgaGVpZ2h0PSIxIiB4bWxucz0iaHR0cDovL3d3dy53My5vcmcvMjAwMC9zdmciPjwvc3ZnPg==\" class=\"lazyload\"><\/a>\n<\/div>\n<br><\/div>\n\n\n\n\n<p><br>O Mobi Trekking soma-se \u00e0s vers\u00f5es Easy e Like, todas com o motor Fire Evo de 1,0 litro, quatro cilindros e 75 cv com \u00e1lcool (o Firefly de tr\u00eas cilindros <a href=\"https:\/\/autolivraria.com.br\/bc\/informe-se\/noticias\/fiat-mobi-perde-versao-way-e-motor-tres-cilindros\/\" target=\"_blank\" rel=\"noreferrer noopener\" title=\"Fiat Mobi perde vers\u00e3o Way e motor tr\u00eas-cilindros\">deixou de equipar<\/a> o modelo). A linha 2021 recebeu o novo padr\u00e3o de logotipos da marca, com a palavra Fiat por extenso na grade dianteira e uma pequena bandeira com as cores italianas, que se repete na alavanca de transmiss\u00e3o.<br><br><\/p>\n\n\n\n<figure class=\"wp-block-image size-large\"><a href=\"https:\/\/autolivraria.com.br\/bc\/wp-content\/uploads\/2020\/10\/Fiat-Mobi-Trekking-02.jpg\"><img decoding=\"async\" width=\"696\" height=\"464\" data-src=\"https:\/\/autolivraria.com.br\/bc\/wp-content\/uploads\/2020\/10\/Fiat-Mobi-Trekking-02-696x464.jpg\" alt=\"\" class=\"wp-image-119386 lazyload\" data-srcset=\"https:\/\/autolivraria.com.br\/bc\/wp-content\/uploads\/2020\/10\/Fiat-Mobi-Trekking-02-696x464.jpg 696w, https:\/\/autolivraria.com.br\/bc\/wp-content\/uploads\/2020\/10\/Fiat-Mobi-Trekking-02-340x227.jpg 340w, https:\/\/autolivraria.com.br\/bc\/wp-content\/uploads\/2020\/10\/Fiat-Mobi-Trekking-02.jpg 1024w\" data-sizes=\"(max-width: 696px) 100vw, 696px\" src=\"data:image\/svg+xml;base64,PHN2ZyB3aWR0aD0iMSIgaGVpZ2h0PSIxIiB4bWxucz0iaHR0cDovL3d3dy53My5vcmcvMjAwMC9zdmciPjwvc3ZnPg==\" style=\"--smush-placeholder-width: 696px; --smush-placeholder-aspect-ratio: 696\/464;\" \/><\/a><\/figure>\n\n\n\n<p><br>Tanto o Trekking quanto o Mobi Like recebem novo para-choque dianteiro, molduras na caixa de rodas e pintura lateral inferior. A maior altura livre do solo, agora de 190 mm, estende-se a ambas as vers\u00f5es seguindo a estrat\u00e9gia do concorrente Renault Kwid. Nesse caso a suspens\u00e3o dianteira conta com estabilizador. No caso do Trekking muda ainda o tecido dos bancos com costura laranja. A vers\u00e3o mais simples Easy n\u00e3o compartilha essas novidades.<br><br><\/p>\n\n\n\n<figure class=\"wp-block-image size-large\"><a href=\"https:\/\/autolivraria.com.br\/bc\/wp-content\/uploads\/2020\/10\/Fiat-Mobi-Trekking-04.jpg\"><img decoding=\"async\" width=\"696\" height=\"464\" data-src=\"https:\/\/autolivraria.com.br\/bc\/wp-content\/uploads\/2020\/10\/Fiat-Mobi-Trekking-04-696x464.jpg\" alt=\"\" class=\"wp-image-119387 lazyload\" data-srcset=\"https:\/\/autolivraria.com.br\/bc\/wp-content\/uploads\/2020\/10\/Fiat-Mobi-Trekking-04-696x464.jpg 696w, https:\/\/autolivraria.com.br\/bc\/wp-content\/uploads\/2020\/10\/Fiat-Mobi-Trekking-04-340x227.jpg 340w, https:\/\/autolivraria.com.br\/bc\/wp-content\/uploads\/2020\/10\/Fiat-Mobi-Trekking-04.jpg 1024w\" data-sizes=\"(max-width: 696px) 100vw, 696px\" src=\"data:image\/svg+xml;base64,PHN2ZyB3aWR0aD0iMSIgaGVpZ2h0PSIxIiB4bWxucz0iaHR0cDovL3d3dy53My5vcmcvMjAwMC9zdmciPjwvc3ZnPg==\" style=\"--smush-placeholder-width: 696px; --smush-placeholder-aspect-ratio: 696\/464;\" \/><\/a><\/figure>\n\n\n\n<p><br>A nova central de \u00e1udio UConnect com tela de 7 polegadas tem integra\u00e7\u00e3o a celular por Apple Car Play e Android Auto sem fio, tela personaliz\u00e1vel e informa\u00e7\u00f5es do computador de bordo. H\u00e1 uma segunda porta USB \u00e0 disposi\u00e7\u00e3o dos passageiros. A central \u00e9 opcional nas vers\u00f5es Like e Trekking, combinada ao volante com comandos.<br><br><\/p>\n\n\n<div class='code-block code-block-6' style='margin: 28px auto; text-align: center; display: block; clear: both;'>\n<script async src=\"https:\/\/pagead2.googlesyndication.com\/pagead\/js\/adsbygoogle.js\"><\/script>\n<!-- AL-quadrado -->\n<ins class=\"adsbygoogle\"\n     style=\"display:block\"\n     data-ad-client=\"ca-pub-1914799802606213\"\n     data-ad-slot=\"5683066082\"\n     data-ad-format=\"auto\"\n     data-full-width-responsive=\"true\"><\/ins>\n<script>\n     (adsbygoogle = window.adsbygoogle || []).push({});\n<\/script><\/div>\n\n\n\n\n<p><br>O Mobi Trekking oferece mais dois pacotes de opcionais: Style (rodas de alum\u00ednio de 14 pol e far\u00f3is de neblina) e One (retrovisores com ajuste el\u00e9trico e rebatimento em manobras para mostrar o meio-fio, sensor de estacionamento traseiro, ajuste de altura do volante e do banco do motorista e abertura interna da tampa de combust\u00edvel).<br><br><\/p>\n\n\n\n<figure class=\"wp-block-image size-large\"><a href=\"https:\/\/autolivraria.com.br\/bc\/wp-content\/uploads\/2020\/10\/Fiat-Mobi-Trekking-03.jpg\"><img decoding=\"async\" width=\"696\" height=\"464\" data-src=\"https:\/\/autolivraria.com.br\/bc\/wp-content\/uploads\/2020\/10\/Fiat-Mobi-Trekking-03-696x464.jpg\" alt=\"\" class=\"wp-image-119388 lazyload\" data-srcset=\"https:\/\/autolivraria.com.br\/bc\/wp-content\/uploads\/2020\/10\/Fiat-Mobi-Trekking-03-696x464.jpg 696w, https:\/\/autolivraria.com.br\/bc\/wp-content\/uploads\/2020\/10\/Fiat-Mobi-Trekking-03-340x227.jpg 340w, https:\/\/autolivraria.com.br\/bc\/wp-content\/uploads\/2020\/10\/Fiat-Mobi-Trekking-03.jpg 1024w\" data-sizes=\"(max-width: 696px) 100vw, 696px\" src=\"data:image\/svg+xml;base64,PHN2ZyB3aWR0aD0iMSIgaGVpZ2h0PSIxIiB4bWxucz0iaHR0cDovL3d3dy53My5vcmcvMjAwMC9zdmciPjwvc3ZnPg==\" style=\"--smush-placeholder-width: 696px; --smush-placeholder-aspect-ratio: 696\/464;\" \/><\/a><\/figure>\n\n\n\n<p><br>Confira os pre\u00e7os da linha Mobi 2021:<\/p>\n\n\n\n<ul class=\"wp-block-list\"><li>Mobi Easy &#8211; R$ 39 mil<\/li><li>Mobi Like &#8211; R$ 46.490<\/li><li>Mobi Trekking &#8211; R$ 47.390<\/li><\/ul>\n\n\n\n<p><em>Texto da equipe &#8211; Fotos: divulga\u00e7\u00e3o<\/em><br><br><\/p>\n","protected":false},"excerpt":{"rendered":"<p>A linha 2021 do Fiat Mobi tem como novidades um retoque de estilo, nova central de \u00e1udio, suspens\u00e3o mais elevada e a vers\u00e3o Trekking, que substitui a Way (fora de linha h\u00e1 alguns meses) como op\u00e7\u00e3o &#8220;aventureira&#8221;, com adere\u00e7os est\u00e9ticos como barras de teto, adesivo no cap\u00f4 e pintura do teto em preto e faixas<\/p>\n","protected":false},"author":6,"featured_media":119385,"comment_status":"open","ping_status":"closed","sticky":false,"template":"","format":"standard","meta":{"_joinchat":[],"footnotes":""},"categories":[8],"tags":[57,4027,4029,4030,5023,94],"class_list":["post-119384","post","type-post","status-publish","format-standard","has-post-thumbnail","hentry","category-noticias","tag-fiat","tag-mobi","tag-mobi-easy","tag-mobi-like","tag-mobi-trekking","tag-noticias-2"],"amp_enabled":true,"_links":{"self":[{"href":"https:\/\/autolivraria.com.br\/bc\/wp-json\/wp\/v2\/posts\/119384","targetHints":{"allow":["GET"]}}],"collection":[{"href":"https:\/\/autolivraria.com.br\/bc\/wp-json\/wp\/v2\/posts"}],"about":[{"href":"https:\/\/autolivraria.com.br\/bc\/wp-json\/wp\/v2\/types\/post"}],"author":[{"embeddable":true,"href":"https:\/\/autolivraria.com.br\/bc\/wp-json\/wp\/v2\/users\/6"}],"replies":[{"embeddable":true,"href":"https:\/\/autolivraria.com.br\/bc\/wp-json\/wp\/v2\/comments?post=119384"}],"version-history":[{"count":0,"href":"https:\/\/autolivraria.com.br\/bc\/wp-json\/wp\/v2\/posts\/119384\/revisions"}],"wp:featuredmedia":[{"embeddable":true,"href":"https:\/\/autolivraria.com.br\/bc\/wp-json\/wp\/v2\/media\/119385"}],"wp:attachment":[{"href":"https:\/\/autolivraria.com.br\/bc\/wp-json\/wp\/v2\/media?parent=119384"}],"wp:term":[{"taxonomy":"category","embeddable":true,"href":"https:\/\/autolivraria.com.br\/bc\/wp-json\/wp\/v2\/categories?post=119384"},{"taxonomy":"post_tag","embeddable":true,"href":"https:\/\/autolivraria.com.br\/bc\/wp-json\/wp\/v2\/tags?post=119384"}],"curies":[{"name":"wp","href":"https:\/\/api.w.org\/{rel}","templated":true}]}}