{"id":119885,"date":"2020-10-28T11:30:54","date_gmt":"2020-10-28T14:30:54","guid":{"rendered":"https:\/\/bestcars.uol.com.br\/bc\/?p=119885"},"modified":"2020-11-05T08:37:58","modified_gmt":"2020-11-05T11:37:58","slug":"novo-nissan-versa-soma-belo-estilo-e-conjunto-competente","status":"publish","type":"post","link":"https:\/\/autolivraria.com.br\/bc\/informe-se\/avaliacao\/novo-nissan-versa-soma-belo-estilo-e-conjunto-competente\/","title":{"rendered":"Novo Nissan Versa soma belo estilo e conjunto competente"},"content":{"rendered":"\n<figure class=\"wp-block-image size-large\"><a href=\"https:\/\/autolivraria.com.br\/bc\/wp-content\/uploads\/2020\/10\/Nissan-Versa-Exclusive-01.jpg\"><img fetchpriority=\"high\" decoding=\"async\" width=\"696\" height=\"464\" src=\"https:\/\/autolivraria.com.br\/bc\/wp-content\/uploads\/2020\/10\/Nissan-Versa-Exclusive-01-696x464.jpg\" alt=\"\" class=\"wp-image-119901\" srcset=\"https:\/\/autolivraria.com.br\/bc\/wp-content\/uploads\/2020\/10\/Nissan-Versa-Exclusive-01-696x464.jpg 696w, https:\/\/autolivraria.com.br\/bc\/wp-content\/uploads\/2020\/10\/Nissan-Versa-Exclusive-01-340x227.jpg 340w, https:\/\/autolivraria.com.br\/bc\/wp-content\/uploads\/2020\/10\/Nissan-Versa-Exclusive-01.jpg 1024w\" sizes=\"(max-width: 696px) 100vw, 696px\" \/><\/a><\/figure>\n\n\n<h2>Mantendo predicados como o espa\u00e7o, sed\u00e3 traz itens exclusivos e bom desenho, mas faltou ousadia em motoriza\u00e7\u00e3o<\/h2>\n<p><em>Texto: Kleber Nogueira &#8211; Fotos: divulga\u00e7\u00e3o<\/em><\/p>\n\n\n<div style=\"height:30px\" aria-hidden=\"true\" class=\"wp-block-spacer\"><\/div>\n\n\n\n<p>Que mudan\u00e7a! N\u00e3o \u00e9 todos os dias que um carro, ao trocar de gera\u00e7\u00e3o, passa por uma evolu\u00e7\u00e3o est\u00e9tica como a verificada agora no Nissan Versa. A nova fase do sed\u00e3 compacto chega ao Brasil importada da unidade industrial de Aguascalientes, no M\u00e9xico, de in\u00edcio para conviver com o antigo modelo fabricado em Resende, RJ, cujo nome agora \u00e9 apenas V-Drive. <\/p>\n\n\n\n<p>Ser\u00e1 oferecido em tr\u00eas vers\u00f5es de acabamento e duas op\u00e7\u00f5es de transmiss\u00e3o \u2014 manual de cinco marchas e <a href=\"https:\/\/autolivraria.com.br\/bc\/glossario-c\/#cvt\" target=\"_blank\" rel=\"noreferrer noopener\">autom\u00e1tica de varia\u00e7\u00e3o cont\u00ednua, CVT<\/a> \u2014, sempre com o conhecido motor 1,6-litro. N\u00e3o h\u00e1 previs\u00e3o de fabrica\u00e7\u00e3o local, segundo executivos da marca.<\/p>\n\n\n\n<div style=\"height:30px\" aria-hidden=\"true\" class=\"wp-block-spacer\"><\/div>\n\n\n\n<figure class=\"wp-block-gallery columns-2 is-cropped wp-block-gallery-1 is-layout-flex wp-block-gallery-is-layout-flex\"><ul class=\"blocks-gallery-grid\"><li class=\"blocks-gallery-item\"><figure><a href=\"https:\/\/autolivraria.com.br\/bc\/wp-content\/uploads\/2020\/10\/Nissan-Versa-Sense-03.jpg\"><img decoding=\"async\" width=\"1024\" height=\"683\" data-src=\"https:\/\/autolivraria.com.br\/bc\/wp-content\/uploads\/2020\/10\/Nissan-Versa-Sense-03.jpg\" alt=\"\" data-id=\"119903\" data-full-url=\"https:\/\/autolivraria.com.br\/bc\/wp-content\/uploads\/2020\/10\/Nissan-Versa-Sense-03.jpg\" data-link=\"https:\/\/autolivraria.com.br\/bc\/?attachment_id=119903\" class=\"wp-image-119903 lazyload\" data-srcset=\"https:\/\/autolivraria.com.br\/bc\/wp-content\/uploads\/2020\/10\/Nissan-Versa-Sense-03.jpg 1024w, https:\/\/autolivraria.com.br\/bc\/wp-content\/uploads\/2020\/10\/Nissan-Versa-Sense-03-340x227.jpg 340w, https:\/\/autolivraria.com.br\/bc\/wp-content\/uploads\/2020\/10\/Nissan-Versa-Sense-03-696x464.jpg 696w\" data-sizes=\"(max-width: 1024px) 100vw, 1024px\" src=\"data:image\/svg+xml;base64,PHN2ZyB3aWR0aD0iMSIgaGVpZ2h0PSIxIiB4bWxucz0iaHR0cDovL3d3dy53My5vcmcvMjAwMC9zdmciPjwvc3ZnPg==\" style=\"--smush-placeholder-width: 1024px; --smush-placeholder-aspect-ratio: 1024\/683;\" \/><\/a><\/figure><\/li><li class=\"blocks-gallery-item\"><figure><a href=\"https:\/\/autolivraria.com.br\/bc\/wp-content\/uploads\/2020\/10\/Nissan-Versa-Sense-04.jpg\"><img decoding=\"async\" width=\"640\" height=\"426\" data-src=\"https:\/\/autolivraria.com.br\/bc\/wp-content\/uploads\/2020\/10\/Nissan-Versa-Sense-04.jpg\" alt=\"\" data-id=\"119904\" data-full-url=\"https:\/\/autolivraria.com.br\/bc\/wp-content\/uploads\/2020\/10\/Nissan-Versa-Sense-04.jpg\" data-link=\"https:\/\/autolivraria.com.br\/bc\/?attachment_id=119904\" class=\"wp-image-119904 lazyload\" data-srcset=\"https:\/\/autolivraria.com.br\/bc\/wp-content\/uploads\/2020\/10\/Nissan-Versa-Sense-04.jpg 640w, https:\/\/autolivraria.com.br\/bc\/wp-content\/uploads\/2020\/10\/Nissan-Versa-Sense-04-340x226.jpg 340w\" data-sizes=\"(max-width: 640px) 100vw, 640px\" src=\"data:image\/svg+xml;base64,PHN2ZyB3aWR0aD0iMSIgaGVpZ2h0PSIxIiB4bWxucz0iaHR0cDovL3d3dy53My5vcmcvMjAwMC9zdmciPjwvc3ZnPg==\" style=\"--smush-placeholder-width: 640px; --smush-placeholder-aspect-ratio: 640\/426;\" \/><\/a><\/figure><\/li><li class=\"blocks-gallery-item\"><figure><a href=\"https:\/\/autolivraria.com.br\/bc\/wp-content\/uploads\/2020\/10\/Nissan-Versa-Sense-01.jpg\"><img decoding=\"async\" width=\"1024\" height=\"683\" data-src=\"https:\/\/autolivraria.com.br\/bc\/wp-content\/uploads\/2020\/10\/Nissan-Versa-Sense-01.jpg\" alt=\"\" data-id=\"119902\" data-full-url=\"https:\/\/autolivraria.com.br\/bc\/wp-content\/uploads\/2020\/10\/Nissan-Versa-Sense-01.jpg\" data-link=\"https:\/\/autolivraria.com.br\/bc\/?attachment_id=119902\" class=\"wp-image-119902 lazyload\" data-srcset=\"https:\/\/autolivraria.com.br\/bc\/wp-content\/uploads\/2020\/10\/Nissan-Versa-Sense-01.jpg 1024w, https:\/\/autolivraria.com.br\/bc\/wp-content\/uploads\/2020\/10\/Nissan-Versa-Sense-01-340x227.jpg 340w, https:\/\/autolivraria.com.br\/bc\/wp-content\/uploads\/2020\/10\/Nissan-Versa-Sense-01-696x464.jpg 696w\" data-sizes=\"(max-width: 1024px) 100vw, 1024px\" src=\"data:image\/svg+xml;base64,PHN2ZyB3aWR0aD0iMSIgaGVpZ2h0PSIxIiB4bWxucz0iaHR0cDovL3d3dy53My5vcmcvMjAwMC9zdmciPjwvc3ZnPg==\" style=\"--smush-placeholder-width: 1024px; --smush-placeholder-aspect-ratio: 1024\/683;\" \/><\/a><\/figure><\/li><\/ul><\/figure>\n\n\n\n<p class=\"has-text-align-center\"><em>Vers\u00e3o Sense \u00e9 a de entrada, por R$ 73 mil com caixa manual, e j\u00e1 traz bons recursos de seguran\u00e7a que o anterior n\u00e3o oferecia<\/em><\/p>\n\n\n\n<div style=\"height:30px\" aria-hidden=\"true\" class=\"wp-block-spacer\"><\/div>\n\n\n\n<p>As vers\u00f5es s\u00e3o Sense manual e CVT, Advance CVT e Exclusive CVT, com pre\u00e7os entre R$ 73 mil e R$ 93 mil (<em>veja no quadro abaixo os equipamentos e valores<\/em>). Ser\u00e3o oito op\u00e7\u00f5es de cores no lan\u00e7amento: prata, preto, cinza, branco (s\u00f3lido e perolizado), duas op\u00e7\u00f5es de vermelho e um tom de azul, estas met\u00e1licas. Ainda h\u00e1 a op\u00e7\u00e3o de acabamento bicolor na vers\u00e3o Exclusive, com painel e detalhes dos bancos em cinza claro, com o restante em preto, ou painel e detalhes dos bancos em preto com cinza claro no restante.<br><br><\/p>\n\n\n<div class='code-block code-block-7' style='margin: 28px auto; text-align: center; display: block; clear: both;'>\n<br>\n<div align=\"center\">\n<a target=\"_blank\" href=\"https:\/\/bestcars.com.br\/bc\/\">\n<img decoding=\"async\" data-src=\"https:\/\/bestcars.com.br\/bc\/wp-content\/uploads\/2021\/07\/Auto-Livraria-450x300-quadros.jpg\" alt=\"Auto Livraria\" src=\"data:image\/svg+xml;base64,PHN2ZyB3aWR0aD0iMSIgaGVpZ2h0PSIxIiB4bWxucz0iaHR0cDovL3d3dy53My5vcmcvMjAwMC9zdmciPjwvc3ZnPg==\" class=\"lazyload\"><\/a>\n<\/div>\n<br><\/div>\n\n\n\n\n<p><br>O Versa abandonou a tem\u00e1tica arredondada e as controv\u00e9rsias de estilo da gera\u00e7\u00e3o anterior. Traz agora linhas bem mais arrojadas, que conversam com lan\u00e7amentos como os novos <a href=\"https:\/\/autolivraria.com.br\/bc\/informe-se\/noticias\/nissan-sylphy-chines-mostra-como-fica-o-novo-sentra\/\" target=\"_blank\" rel=\"noreferrer noopener\" title=\"Nissan Sylphy chin\u00eas mostra como fica o novo Sentra\">Sentra<\/a> e <a href=\"https:\/\/autolivraria.com.br\/bc\/informe-se\/noticias\/edicao-celebra-40-anos-do-nissan-maxima-nos-eua\/\" target=\"_blank\" rel=\"noreferrer noopener\" title=\"Edi\u00e7\u00e3o celebra 40 anos do Nissan Maxima nos EUA\">Maxima<\/a> e tamb\u00e9m com o Kicks, de onde o interior teve grande inspira\u00e7\u00e3o. A dianteira exibe um grande &#8220;V&#8221;, enquanto na coluna traseira h\u00e1 um aplique pl\u00e1stico que parece ter virado moda ultimamente. A vers\u00e3o de topo conta com rodas de 17 polegadas, ante 15 e 16 pol das outras, que contribuem para dar ao sed\u00e3 um visual mais esportivo. O Versa est\u00e1 5 cm mais largo e o <a href=\"https:\/\/autolivraria.com.br\/bc\/glossario-c\/#cx\" target=\"_blank\" rel=\"noreferrer noopener\">coeficiente aerodin\u00e2mico (Cx)<\/a> varia de 0,30 a 0,315 conforme a vers\u00e3o.<\/p>\n\n\n\n<div style=\"height:30px\" aria-hidden=\"true\" class=\"wp-block-spacer\"><\/div>\n\n\n\n<figure class=\"wp-block-gallery columns-2 is-cropped wp-block-gallery-2 is-layout-flex wp-block-gallery-is-layout-flex\"><ul class=\"blocks-gallery-grid\"><li class=\"blocks-gallery-item\"><figure><a href=\"https:\/\/autolivraria.com.br\/bc\/wp-content\/uploads\/2020\/10\/Nissan-Versa-Advance-01.jpg\"><img decoding=\"async\" width=\"1024\" height=\"683\" data-src=\"https:\/\/autolivraria.com.br\/bc\/wp-content\/uploads\/2020\/10\/Nissan-Versa-Advance-01.jpg\" alt=\"\" data-id=\"119905\" data-full-url=\"https:\/\/autolivraria.com.br\/bc\/wp-content\/uploads\/2020\/10\/Nissan-Versa-Advance-01.jpg\" data-link=\"https:\/\/autolivraria.com.br\/bc\/?attachment_id=119905\" class=\"wp-image-119905 lazyload\" data-srcset=\"https:\/\/autolivraria.com.br\/bc\/wp-content\/uploads\/2020\/10\/Nissan-Versa-Advance-01.jpg 1024w, https:\/\/autolivraria.com.br\/bc\/wp-content\/uploads\/2020\/10\/Nissan-Versa-Advance-01-340x227.jpg 340w, https:\/\/autolivraria.com.br\/bc\/wp-content\/uploads\/2020\/10\/Nissan-Versa-Advance-01-696x464.jpg 696w\" data-sizes=\"(max-width: 1024px) 100vw, 1024px\" src=\"data:image\/svg+xml;base64,PHN2ZyB3aWR0aD0iMSIgaGVpZ2h0PSIxIiB4bWxucz0iaHR0cDovL3d3dy53My5vcmcvMjAwMC9zdmciPjwvc3ZnPg==\" style=\"--smush-placeholder-width: 1024px; --smush-placeholder-aspect-ratio: 1024\/683;\" \/><\/a><\/figure><\/li><li class=\"blocks-gallery-item\"><figure><a href=\"https:\/\/autolivraria.com.br\/bc\/wp-content\/uploads\/2020\/10\/Nissan-Versa-Advance-03.jpg\"><img decoding=\"async\" width=\"1024\" height=\"683\" data-src=\"https:\/\/autolivraria.com.br\/bc\/wp-content\/uploads\/2020\/10\/Nissan-Versa-Advance-03.jpg\" alt=\"\" data-id=\"119907\" data-full-url=\"https:\/\/autolivraria.com.br\/bc\/wp-content\/uploads\/2020\/10\/Nissan-Versa-Advance-03.jpg\" data-link=\"https:\/\/autolivraria.com.br\/bc\/?attachment_id=119907\" class=\"wp-image-119907 lazyload\" data-srcset=\"https:\/\/autolivraria.com.br\/bc\/wp-content\/uploads\/2020\/10\/Nissan-Versa-Advance-03.jpg 1024w, https:\/\/autolivraria.com.br\/bc\/wp-content\/uploads\/2020\/10\/Nissan-Versa-Advance-03-340x227.jpg 340w, https:\/\/autolivraria.com.br\/bc\/wp-content\/uploads\/2020\/10\/Nissan-Versa-Advance-03-696x464.jpg 696w\" data-sizes=\"(max-width: 1024px) 100vw, 1024px\" src=\"data:image\/svg+xml;base64,PHN2ZyB3aWR0aD0iMSIgaGVpZ2h0PSIxIiB4bWxucz0iaHR0cDovL3d3dy53My5vcmcvMjAwMC9zdmciPjwvc3ZnPg==\" style=\"--smush-placeholder-width: 1024px; --smush-placeholder-aspect-ratio: 1024\/683;\" \/><\/a><\/figure><\/li><li class=\"blocks-gallery-item\"><figure><a href=\"https:\/\/autolivraria.com.br\/bc\/wp-content\/uploads\/2020\/10\/Nissan-Versa-Advance-02.jpg\"><img decoding=\"async\" width=\"1024\" height=\"683\" data-src=\"https:\/\/autolivraria.com.br\/bc\/wp-content\/uploads\/2020\/10\/Nissan-Versa-Advance-02.jpg\" alt=\"\" data-id=\"119906\" data-full-url=\"https:\/\/autolivraria.com.br\/bc\/wp-content\/uploads\/2020\/10\/Nissan-Versa-Advance-02.jpg\" data-link=\"https:\/\/autolivraria.com.br\/bc\/?attachment_id=119906\" class=\"wp-image-119906 lazyload\" data-srcset=\"https:\/\/autolivraria.com.br\/bc\/wp-content\/uploads\/2020\/10\/Nissan-Versa-Advance-02.jpg 1024w, https:\/\/autolivraria.com.br\/bc\/wp-content\/uploads\/2020\/10\/Nissan-Versa-Advance-02-340x227.jpg 340w, https:\/\/autolivraria.com.br\/bc\/wp-content\/uploads\/2020\/10\/Nissan-Versa-Advance-02-696x464.jpg 696w\" data-sizes=\"(max-width: 1024px) 100vw, 1024px\" src=\"data:image\/svg+xml;base64,PHN2ZyB3aWR0aD0iMSIgaGVpZ2h0PSIxIiB4bWxucz0iaHR0cDovL3d3dy53My5vcmcvMjAwMC9zdmciPjwvc3ZnPg==\" style=\"--smush-placeholder-width: 1024px; --smush-placeholder-aspect-ratio: 1024\/683;\" \/><\/a><\/figure><\/li><\/ul><\/figure>\n\n\n\n<p class=\"has-text-align-center\"><em>Versa Advance acrescenta itens de conveni\u00eancia como central de \u00e1udio e c\u00e2mera traseira; as rodas passam de 15 para 16 pol<\/em><\/p>\n\n\n\n<div style=\"height:30px\" aria-hidden=\"true\" class=\"wp-block-spacer\"><\/div>\n\n\n\n<p>Por dentro o avan\u00e7o \u00e9 not\u00e1vel. Se a gera\u00e7\u00e3o anterior era proba em espa\u00e7o interno, seu apelo racional trazia problemas em convencer pelo acabamento e constru\u00e7\u00e3o, dificultando a briga em faixas superiores de pre\u00e7o. A nova gera\u00e7\u00e3o parece ter deixado isso para tr\u00e1s. As portas t\u00eam dupla guarni\u00e7\u00e3o e pain\u00e9is bem conformados com inser\u00e7\u00e3o em tecido de toque suave. Houve cuidado com o isolamento de ru\u00eddos, que inclui para-brisa mais espesso e aumento de 5 para 30 mm de material antirru\u00eddo na parede corta-fogo.<\/p>\n\n\n\n<div style=\"height:30px\" aria-hidden=\"true\" class=\"wp-block-spacer\"><\/div>\n\n\n\n<blockquote class=\"wp-block-quote is-layout-flow wp-block-quote-is-layout-flow\"><p>Se a gera\u00e7\u00e3o anterior tinha problemas em convencer pelo acabamento e constru\u00e7\u00e3o, dificultando a briga em faixas superiores de pre\u00e7o, o novo Versa deixou isso para tr\u00e1s<\/p><\/blockquote>\n\n\n\n<div style=\"height:30px\" aria-hidden=\"true\" class=\"wp-block-spacer\"><\/div>\n\n\n\n<p>A posi\u00e7\u00e3o de dirigir \u00e9 muito boa e tem todos os ajustes b\u00e1sicos, incluindo o de dist\u00e2ncia do volante, n\u00e3o existente no anterior. Bancos bem desenhados com apoio lateral adequado permitem um guiar confort\u00e1vel. Como pontos melhor\u00e1veis, o apoio de bra\u00e7o \u00e9 alto demais, n\u00e3o h\u00e1 faixa degrad\u00ea no para-brisa, os para-sois n\u00e3o contam com ilumina\u00e7\u00e3o, tampouco o porta-luvas, e apenas o motorista disp\u00f5e de <a href=\"https:\/\/autolivraria.com.br\/bc\/glossario-u\/#umto\" target=\"_blank\" rel=\"noreferrer noopener\">fun\u00e7\u00e3o um-toque<\/a> no controle el\u00e9trico de vidros. <\/p>\n\n\n\n<div style=\"height:30px\" aria-hidden=\"true\" class=\"wp-block-spacer\"><\/div>\n\n\n\n<figure class=\"wp-block-gallery columns-2 is-cropped wp-block-gallery-3 is-layout-flex wp-block-gallery-is-layout-flex\"><ul class=\"blocks-gallery-grid\"><li class=\"blocks-gallery-item\"><figure><a href=\"https:\/\/autolivraria.com.br\/bc\/wp-content\/uploads\/2020\/10\/Nissan-Versa-Exclusive-04.jpg\"><img decoding=\"async\" width=\"640\" height=\"426\" data-src=\"https:\/\/autolivraria.com.br\/bc\/wp-content\/uploads\/2020\/10\/Nissan-Versa-Exclusive-04.jpg\" alt=\"\" data-id=\"119910\" data-full-url=\"https:\/\/autolivraria.com.br\/bc\/wp-content\/uploads\/2020\/10\/Nissan-Versa-Exclusive-04.jpg\" data-link=\"https:\/\/autolivraria.com.br\/bc\/?attachment_id=119910\" class=\"wp-image-119910 lazyload\" data-srcset=\"https:\/\/autolivraria.com.br\/bc\/wp-content\/uploads\/2020\/10\/Nissan-Versa-Exclusive-04.jpg 640w, https:\/\/autolivraria.com.br\/bc\/wp-content\/uploads\/2020\/10\/Nissan-Versa-Exclusive-04-340x226.jpg 340w\" data-sizes=\"(max-width: 640px) 100vw, 640px\" src=\"data:image\/svg+xml;base64,PHN2ZyB3aWR0aD0iMSIgaGVpZ2h0PSIxIiB4bWxucz0iaHR0cDovL3d3dy53My5vcmcvMjAwMC9zdmciPjwvc3ZnPg==\" style=\"--smush-placeholder-width: 640px; --smush-placeholder-aspect-ratio: 640\/426;\" \/><\/a><\/figure><\/li><li class=\"blocks-gallery-item\"><figure><a href=\"https:\/\/autolivraria.com.br\/bc\/wp-content\/uploads\/2020\/10\/Nissan-Versa-Exclusive-10.jpg\"><img decoding=\"async\" width=\"1024\" height=\"683\" data-src=\"https:\/\/autolivraria.com.br\/bc\/wp-content\/uploads\/2020\/10\/Nissan-Versa-Exclusive-10.jpg\" alt=\"\" data-id=\"119909\" data-full-url=\"https:\/\/autolivraria.com.br\/bc\/wp-content\/uploads\/2020\/10\/Nissan-Versa-Exclusive-10.jpg\" data-link=\"https:\/\/autolivraria.com.br\/bc\/?attachment_id=119909\" class=\"wp-image-119909 lazyload\" data-srcset=\"https:\/\/autolivraria.com.br\/bc\/wp-content\/uploads\/2020\/10\/Nissan-Versa-Exclusive-10.jpg 1024w, https:\/\/autolivraria.com.br\/bc\/wp-content\/uploads\/2020\/10\/Nissan-Versa-Exclusive-10-340x227.jpg 340w, https:\/\/autolivraria.com.br\/bc\/wp-content\/uploads\/2020\/10\/Nissan-Versa-Exclusive-10-696x464.jpg 696w\" data-sizes=\"(max-width: 1024px) 100vw, 1024px\" src=\"data:image\/svg+xml;base64,PHN2ZyB3aWR0aD0iMSIgaGVpZ2h0PSIxIiB4bWxucz0iaHR0cDovL3d3dy53My5vcmcvMjAwMC9zdmciPjwvc3ZnPg==\" style=\"--smush-placeholder-width: 1024px; --smush-placeholder-aspect-ratio: 1024\/683;\" \/><\/a><\/figure><\/li><li class=\"blocks-gallery-item\"><figure><a href=\"https:\/\/autolivraria.com.br\/bc\/wp-content\/uploads\/2020\/10\/Nissan-Versa-Exclusive-03.jpg\"><img decoding=\"async\" width=\"1024\" height=\"683\" data-src=\"https:\/\/autolivraria.com.br\/bc\/wp-content\/uploads\/2020\/10\/Nissan-Versa-Exclusive-03.jpg\" alt=\"\" data-id=\"119908\" data-link=\"https:\/\/autolivraria.com.br\/bc\/?attachment_id=119908\" class=\"wp-image-119908 lazyload\" data-srcset=\"https:\/\/autolivraria.com.br\/bc\/wp-content\/uploads\/2020\/10\/Nissan-Versa-Exclusive-03.jpg 1024w, https:\/\/autolivraria.com.br\/bc\/wp-content\/uploads\/2020\/10\/Nissan-Versa-Exclusive-03-340x227.jpg 340w, https:\/\/autolivraria.com.br\/bc\/wp-content\/uploads\/2020\/10\/Nissan-Versa-Exclusive-03-696x464.jpg 696w\" data-sizes=\"(max-width: 1024px) 100vw, 1024px\" src=\"data:image\/svg+xml;base64,PHN2ZyB3aWR0aD0iMSIgaGVpZ2h0PSIxIiB4bWxucz0iaHR0cDovL3d3dy53My5vcmcvMjAwMC9zdmciPjwvc3ZnPg==\" style=\"--smush-placeholder-width: 1024px; --smush-placeholder-aspect-ratio: 1024\/683;\" \/><\/a><\/figure><\/li><\/ul><\/figure>\n\n\n\n<p class=\"has-text-align-center\"><em>Op\u00e7\u00e3o de topo, o Exclusive inclui rodas de 17 pol, revestimento sint\u00e9tico nos bancos e pacote de assist\u00eancias ao motorista<\/em><\/p>\n\n\n\n<div style=\"height:30px\" aria-hidden=\"true\" class=\"wp-block-spacer\"><\/div>\n\n\n\n<p>A central de \u00e1udio tem tela de sete polegadas, <a href=\"https:\/\/autolivraria.com.br\/bc\/glossario-e\/#espe\" target=\"_blank\" rel=\"noreferrer noopener\">integra\u00e7\u00e3o a celular<\/a> por Android Auto e Apple Car Play, conex\u00e3o simult\u00e2nea de dois equipamentos via Bluetooth e a chamada navega\u00e7\u00e3o porta a porta. Com um aplicativo gratuito, o motorista pode programar sua rota no celular e ele ser\u00e1 transmitida \u00e0 central ap\u00f3s ligar o carro.<br><br><\/p>\n\n\n<div class='code-block code-block-6' style='margin: 28px auto; text-align: center; display: block; clear: both;'>\n<script async src=\"https:\/\/pagead2.googlesyndication.com\/pagead\/js\/adsbygoogle.js\"><\/script>\n<!-- AL-quadrado -->\n<ins class=\"adsbygoogle\"\n     style=\"display:block\"\n     data-ad-client=\"ca-pub-1914799802606213\"\n     data-ad-slot=\"5683066082\"\n     data-ad-format=\"auto\"\n     data-full-width-responsive=\"true\"><\/ins>\n<script>\n     (adsbygoogle = window.adsbygoogle || []).push({});\n<\/script><\/div>\n\n\n\n\n<p><br>O painel \u00e9 bastante parecido com o do Kicks, com boa ergonomia e aspecto, com destaque \u00e0 faixa central clara e de bom gosto. O computador de bordo n\u00e3o tem o idioma portugu\u00eas (apenas ingl\u00eas, franc\u00eas ou espanhol), o que a Nissan promete rever. Ao lado do veloc\u00edmetro anal\u00f3gico, nas vers\u00f5es Advance e Exclusive, h\u00e1 um mostrador digital para as demais fun\u00e7\u00f5es, cambi\u00e1veis pelo seletor do volante. Os passageiros de tr\u00e1s contam com o generoso espa\u00e7o para as pernas da gera\u00e7\u00e3o anterior, com ressalva ao perfil do teto, que toca a cabe\u00e7a se o indiv\u00edduo tiver mais que 1,75 metro de estatura. Duas portas USB no console central servem para dar carga ao celular.<\/p>\n\n\n<a href='https:\/\/autolivraria.com.br\/bc\/informe-se\/avaliacao\/novo-nissan-versa-soma-belo-estilo-e-conjunto-competente\/2\/' class='small-button smallsilver'>Pr\u00f3xima parte<\/a>\n\n\n\n<div style=\"height:29px\" aria-hidden=\"true\" class=\"wp-block-spacer\"><\/div>\n\n\n\n<div style=\"height:29px\" aria-hidden=\"true\" class=\"wp-block-spacer\"><\/div>\n\n\n<div class='et-box et-shadow'>\n\t\t\t\t\t<div class='et-box-content'><h2>Vers\u00f5es, pre\u00e7os e equipamentos<\/h2>\n<p>\u2022 <strong>Versa Sense 1,6 manual (R$ 73 mil)<\/strong> &#8211; Alerta de uso do cinto para os cinco ocupantes, ar-condicionado, <a href=\"https:\/\/autolivraria.com.br\/bc\/glossario-a\/#ramp\" target=\"_blank\" rel=\"noopener noreferrer\">assistente de sa\u00edda em rampa<\/a>, bolsas infl\u00e1veis laterais dianteiras e de cortina, chave presencial para acesso e partida, comandos de \u00e1udio e telefone no volante, controle eletr\u00f4nico de estabilidade e tra\u00e7\u00e3o, fixa\u00e7\u00e3o Isofix para cadeira infantil, retrovisores externos com regulagem el\u00e9trica, rodas de a\u00e7o de 15 polegadas com calotas, sensores de estacionamento traseiros, sistema de \u00e1udio com USB.<\/p>\n<p>\u2022 <strong>Versa Sense 1,6 CVT (R$ 78 mil)<\/strong> &#8211; Como o Sense manual, mais apoio de bra\u00e7o dianteiro, <a href=\"https:\/\/autolivraria.com.br\/bc\/glossario-c\/#cont\" target=\"_blank\" rel=\"noopener noreferrer\">controlador de velocidade<\/a>, transmiss\u00e3o autom\u00e1tica de varia\u00e7\u00e3o cont\u00ednua (CVT).<\/p>\n<p>\u2022 <strong>Versa Advance 1,6 CVT (R$ 83.490)<\/strong> &#8211; Como o Sense CVT, mais alerta de objetos no banco traseiro, banco traseiro bipartido (60\/40), c\u00e2mera traseira de manobras, central de \u00e1udio com tela de 7 pol e integra\u00e7\u00e3o a celular por Android Auto e Apple Car Play, far\u00f3is autom\u00e1ticos, far\u00f3is de neblina, indicador de temperatura externa, mostrador digital de 7 pol no quadro de instrumentos, repetidores laterais das luzes de dire\u00e7\u00e3o, rodas de alum\u00ednio de 16 pol.<\/p>\n<p>\u2022 <strong>Versa Exclusive 1,6 CVT (R$ 93 mil)<\/strong> &#8211; Como o Advance CVT, mais alerta de colis\u00e3o frontal com frenagem aut\u00f4noma de emerg\u00eancia, alerta de tr\u00e1fego cruzado traseiro, apoio de bra\u00e7o central traseiro, ar-condicionado autom\u00e1tico, bancos e volante com revestimento sint\u00e9tico, c\u00e2meras externas de 360 graus, detector de objetos em movimento ao redor, far\u00f3is de leds, monitoramento de pontos cegos, navegador integrado \u00e0 central de \u00e1udio, retrovisores com aquecimento, rodas de alum\u00ednio de 17 pol.<\/p>\n<p><strong>\u2022&nbsp;<\/strong><strong>Garantia &#8211; <\/strong>Tr\u00eas anos sem limite de quilometragem.<\/p><\/div><\/div>\n\n<a href='https:\/\/autolivraria.com.br\/bc\/informe-se\/avaliacao\/novo-nissan-versa-soma-belo-estilo-e-conjunto-competente\/2\/' class='small-button smallsilver'>Pr\u00f3xima parte<\/a>\n\n\n\n<div style=\"height:50px\" aria-hidden=\"true\" class=\"wp-block-spacer\"><\/div>\n\n\n<p><!--nextpage--><\/p>\n\n\n\n<figure class=\"wp-block-gallery columns-2 is-cropped wp-block-gallery-4 is-layout-flex wp-block-gallery-is-layout-flex\"><ul class=\"blocks-gallery-grid\"><li class=\"blocks-gallery-item\"><figure><a href=\"https:\/\/autolivraria.com.br\/bc\/wp-content\/uploads\/2020\/10\/Nissan-Versa-Exclusive-05.jpg\"><img decoding=\"async\" width=\"640\" height=\"426\" data-src=\"https:\/\/autolivraria.com.br\/bc\/wp-content\/uploads\/2020\/10\/Nissan-Versa-Exclusive-05.jpg\" alt=\"\" data-id=\"119913\" data-full-url=\"https:\/\/autolivraria.com.br\/bc\/wp-content\/uploads\/2020\/10\/Nissan-Versa-Exclusive-05.jpg\" data-link=\"https:\/\/autolivraria.com.br\/bc\/?attachment_id=119913\" class=\"wp-image-119913 lazyload\" data-srcset=\"https:\/\/autolivraria.com.br\/bc\/wp-content\/uploads\/2020\/10\/Nissan-Versa-Exclusive-05.jpg 640w, https:\/\/autolivraria.com.br\/bc\/wp-content\/uploads\/2020\/10\/Nissan-Versa-Exclusive-05-340x226.jpg 340w\" data-sizes=\"(max-width: 640px) 100vw, 640px\" src=\"data:image\/svg+xml;base64,PHN2ZyB3aWR0aD0iMSIgaGVpZ2h0PSIxIiB4bWxucz0iaHR0cDovL3d3dy53My5vcmcvMjAwMC9zdmciPjwvc3ZnPg==\" style=\"--smush-placeholder-width: 640px; --smush-placeholder-aspect-ratio: 640\/426;\" \/><\/a><\/figure><\/li><li class=\"blocks-gallery-item\"><figure><a href=\"https:\/\/autolivraria.com.br\/bc\/wp-content\/uploads\/2020\/10\/Nissan-Versa-Exclusive-07.jpg\"><img decoding=\"async\" width=\"1024\" height=\"683\" data-src=\"https:\/\/autolivraria.com.br\/bc\/wp-content\/uploads\/2020\/10\/Nissan-Versa-Exclusive-07.jpg\" alt=\"\" data-id=\"119911\" data-full-url=\"https:\/\/autolivraria.com.br\/bc\/wp-content\/uploads\/2020\/10\/Nissan-Versa-Exclusive-07.jpg\" data-link=\"https:\/\/autolivraria.com.br\/bc\/?attachment_id=119911\" class=\"wp-image-119911 lazyload\" data-srcset=\"https:\/\/autolivraria.com.br\/bc\/wp-content\/uploads\/2020\/10\/Nissan-Versa-Exclusive-07.jpg 1024w, https:\/\/autolivraria.com.br\/bc\/wp-content\/uploads\/2020\/10\/Nissan-Versa-Exclusive-07-340x227.jpg 340w, https:\/\/autolivraria.com.br\/bc\/wp-content\/uploads\/2020\/10\/Nissan-Versa-Exclusive-07-696x464.jpg 696w\" data-sizes=\"(max-width: 1024px) 100vw, 1024px\" src=\"data:image\/svg+xml;base64,PHN2ZyB3aWR0aD0iMSIgaGVpZ2h0PSIxIiB4bWxucz0iaHR0cDovL3d3dy53My5vcmcvMjAwMC9zdmciPjwvc3ZnPg==\" style=\"--smush-placeholder-width: 1024px; --smush-placeholder-aspect-ratio: 1024\/683;\" \/><\/a><\/figure><\/li><li class=\"blocks-gallery-item\"><figure><a href=\"https:\/\/autolivraria.com.br\/bc\/wp-content\/uploads\/2020\/10\/Nissan-Versa-Exclusive-14.jpg\"><img decoding=\"async\" width=\"1024\" height=\"683\" data-src=\"https:\/\/autolivraria.com.br\/bc\/wp-content\/uploads\/2020\/10\/Nissan-Versa-Exclusive-14.jpg\" alt=\"\" data-id=\"119912\" data-full-url=\"https:\/\/autolivraria.com.br\/bc\/wp-content\/uploads\/2020\/10\/Nissan-Versa-Exclusive-14.jpg\" data-link=\"https:\/\/autolivraria.com.br\/bc\/?attachment_id=119912\" class=\"wp-image-119912 lazyload\" data-srcset=\"https:\/\/autolivraria.com.br\/bc\/wp-content\/uploads\/2020\/10\/Nissan-Versa-Exclusive-14.jpg 1024w, https:\/\/autolivraria.com.br\/bc\/wp-content\/uploads\/2020\/10\/Nissan-Versa-Exclusive-14-340x227.jpg 340w, https:\/\/autolivraria.com.br\/bc\/wp-content\/uploads\/2020\/10\/Nissan-Versa-Exclusive-14-696x464.jpg 696w\" data-sizes=\"(max-width: 1024px) 100vw, 1024px\" src=\"data:image\/svg+xml;base64,PHN2ZyB3aWR0aD0iMSIgaGVpZ2h0PSIxIiB4bWxucz0iaHR0cDovL3d3dy53My5vcmcvMjAwMC9zdmciPjwvc3ZnPg==\" style=\"--smush-placeholder-width: 1024px; --smush-placeholder-aspect-ratio: 1024\/683;\" \/><\/a><\/figure><\/li><\/ul><\/figure>\n\n\n\n<p class=\"has-text-align-center\"><em>Bancos do Exclusive podem vir em cinza claro; central de \u00e1udio de duas vers\u00f5es tem tela de 7 pol e integra\u00e7\u00e3o a celular<\/em><\/p>\n\n\n\n<div style=\"height:30px\" aria-hidden=\"true\" class=\"wp-block-spacer\"><\/div>\n\n\n\n<p>Em aparato de seguran\u00e7a o Versa melhorou muito, j\u00e1 que o anterior estava um tanto defasado diante da concorr\u00eancia. Desde a vers\u00e3o de entrada o novo carro traz <a href=\"https:\/\/autolivraria.com.br\/bc\/glossario-c\/#esp\" target=\"_blank\" rel=\"noreferrer noopener\">controle eletr\u00f4nico de estabilidade e tra\u00e7\u00e3o<\/a>, bolsas infl\u00e1veis laterais dianteiras e de cortina e alerta para uso do cinto por todos os ocupantes. No Exclusive h\u00e1 alerta de colis\u00e3o frontal com frenagem aut\u00f4noma de emerg\u00eancia, alerta de tr\u00e1fego cruzado traseiro (que previne colis\u00f5es e atropelamentos nas manobras de r\u00e9), c\u00e2meras de 360 graus com detector de objetos em movimento e monitoramento de ponto cego nas laterais.<br><br><\/p>\n\n\n<div class='code-block code-block-7' style='margin: 28px auto; text-align: center; display: block; clear: both;'>\n<script async src=\"https:\/\/pagead2.googlesyndication.com\/pagead\/js\/adsbygoogle.js\"><\/script>\n<!-- AL-quadrado -->\n<ins class=\"adsbygoogle\"\n     style=\"display:block\"\n     data-ad-client=\"ca-pub-1914799802606213\"\n     data-ad-slot=\"5683066082\"\n     data-ad-format=\"auto\"\n     data-full-width-responsive=\"true\"><\/ins>\n<script>\n     (adsbygoogle = window.adsbygoogle || []).push({});\n<\/script><\/div>\n\n\n\n\n<p><br>H\u00e1 tamb\u00e9m um alerta que pode evitar esquecer objetos \u2014 ou animais ou mesmo crian\u00e7as \u2014 no banco traseiro. Se o motorista abre e, na sequ\u00eancia, fecha uma das portas traseiras ou o porta-malas antes de sair com o carro, ao chegar ao destino, caso n\u00e3o volte a abrir a porta, o carro emite tr\u00eas toques curtos de buzina e uma mensagem no painel. O porta-malas abriga 482 litros (bons, mas menos que os 521 do Virtus), mais 22 que no anterior, e guarda um estepe tempor\u00e1rio. A engenharia alega que as grandes al\u00e7as da tampa foram afastadas para atrapalharem o menos poss\u00edvel, deixando o v\u00e3o \u00fatil mais largo, alto e funcional.<\/p>\n\n\n\n<div style=\"height:30px\" aria-hidden=\"true\" class=\"wp-block-spacer\"><\/div>\n\n\n\n<figure class=\"wp-block-gallery columns-2 is-cropped wp-block-gallery-5 is-layout-flex wp-block-gallery-is-layout-flex\"><ul class=\"blocks-gallery-grid\"><li class=\"blocks-gallery-item\"><figure><a href=\"https:\/\/autolivraria.com.br\/bc\/wp-content\/uploads\/2020\/10\/Nissan-Versa-Exclusive-13.jpg\"><img decoding=\"async\" width=\"640\" height=\"426\" data-src=\"https:\/\/autolivraria.com.br\/bc\/wp-content\/uploads\/2020\/10\/Nissan-Versa-Exclusive-13.jpg\" alt=\"\" data-id=\"119916\" data-full-url=\"https:\/\/autolivraria.com.br\/bc\/wp-content\/uploads\/2020\/10\/Nissan-Versa-Exclusive-13.jpg\" data-link=\"https:\/\/autolivraria.com.br\/bc\/?attachment_id=119916\" class=\"wp-image-119916 lazyload\" data-srcset=\"https:\/\/autolivraria.com.br\/bc\/wp-content\/uploads\/2020\/10\/Nissan-Versa-Exclusive-13.jpg 640w, https:\/\/autolivraria.com.br\/bc\/wp-content\/uploads\/2020\/10\/Nissan-Versa-Exclusive-13-340x226.jpg 340w\" data-sizes=\"(max-width: 640px) 100vw, 640px\" src=\"data:image\/svg+xml;base64,PHN2ZyB3aWR0aD0iMSIgaGVpZ2h0PSIxIiB4bWxucz0iaHR0cDovL3d3dy53My5vcmcvMjAwMC9zdmciPjwvc3ZnPg==\" style=\"--smush-placeholder-width: 640px; --smush-placeholder-aspect-ratio: 640\/426;\" \/><\/a><\/figure><\/li><li class=\"blocks-gallery-item\"><figure><a href=\"https:\/\/autolivraria.com.br\/bc\/wp-content\/uploads\/2020\/10\/Nissan-Versa-Exclusive-11.jpg\"><img decoding=\"async\" width=\"640\" height=\"426\" data-src=\"https:\/\/autolivraria.com.br\/bc\/wp-content\/uploads\/2020\/10\/Nissan-Versa-Exclusive-11.jpg\" alt=\"\" data-id=\"119915\" data-full-url=\"https:\/\/autolivraria.com.br\/bc\/wp-content\/uploads\/2020\/10\/Nissan-Versa-Exclusive-11.jpg\" data-link=\"https:\/\/autolivraria.com.br\/bc\/?attachment_id=119915\" class=\"wp-image-119915 lazyload\" data-srcset=\"https:\/\/autolivraria.com.br\/bc\/wp-content\/uploads\/2020\/10\/Nissan-Versa-Exclusive-11.jpg 640w, https:\/\/autolivraria.com.br\/bc\/wp-content\/uploads\/2020\/10\/Nissan-Versa-Exclusive-11-340x226.jpg 340w\" data-sizes=\"(max-width: 640px) 100vw, 640px\" src=\"data:image\/svg+xml;base64,PHN2ZyB3aWR0aD0iMSIgaGVpZ2h0PSIxIiB4bWxucz0iaHR0cDovL3d3dy53My5vcmcvMjAwMC9zdmciPjwvc3ZnPg==\" style=\"--smush-placeholder-width: 640px; --smush-placeholder-aspect-ratio: 640\/426;\" \/><\/a><\/figure><\/li><li class=\"blocks-gallery-item\"><figure><a href=\"https:\/\/autolivraria.com.br\/bc\/wp-content\/uploads\/2020\/10\/Nissan-Versa-Exclusive-09.jpg\"><img decoding=\"async\" width=\"640\" height=\"426\" data-src=\"https:\/\/autolivraria.com.br\/bc\/wp-content\/uploads\/2020\/10\/Nissan-Versa-Exclusive-09.jpg\" alt=\"\" data-id=\"119914\" data-full-url=\"https:\/\/autolivraria.com.br\/bc\/wp-content\/uploads\/2020\/10\/Nissan-Versa-Exclusive-09.jpg\" data-link=\"https:\/\/autolivraria.com.br\/bc\/?attachment_id=119914\" class=\"wp-image-119914 lazyload\" data-srcset=\"https:\/\/autolivraria.com.br\/bc\/wp-content\/uploads\/2020\/10\/Nissan-Versa-Exclusive-09.jpg 640w, https:\/\/autolivraria.com.br\/bc\/wp-content\/uploads\/2020\/10\/Nissan-Versa-Exclusive-09-340x226.jpg 340w\" data-sizes=\"(max-width: 640px) 100vw, 640px\" src=\"data:image\/svg+xml;base64,PHN2ZyB3aWR0aD0iMSIgaGVpZ2h0PSIxIiB4bWxucz0iaHR0cDovL3d3dy53My5vcmcvMjAwMC9zdmciPjwvc3ZnPg==\" style=\"--smush-placeholder-width: 640px; --smush-placeholder-aspect-ratio: 640\/426;\" \/><\/a><\/figure><\/li><li class=\"blocks-gallery-item\"><figure><a href=\"https:\/\/autolivraria.com.br\/bc\/wp-content\/uploads\/2020\/10\/Nissan-Versa-Exclusive-08.jpg\"><img decoding=\"async\" width=\"640\" height=\"426\" data-src=\"https:\/\/autolivraria.com.br\/bc\/wp-content\/uploads\/2020\/10\/Nissan-Versa-Exclusive-08.jpg\" alt=\"\" data-id=\"119917\" data-full-url=\"https:\/\/autolivraria.com.br\/bc\/wp-content\/uploads\/2020\/10\/Nissan-Versa-Exclusive-08.jpg\" data-link=\"https:\/\/autolivraria.com.br\/bc\/?attachment_id=119917\" class=\"wp-image-119917 lazyload\" data-srcset=\"https:\/\/autolivraria.com.br\/bc\/wp-content\/uploads\/2020\/10\/Nissan-Versa-Exclusive-08.jpg 640w, https:\/\/autolivraria.com.br\/bc\/wp-content\/uploads\/2020\/10\/Nissan-Versa-Exclusive-08-340x226.jpg 340w\" data-sizes=\"(max-width: 640px) 100vw, 640px\" src=\"data:image\/svg+xml;base64,PHN2ZyB3aWR0aD0iMSIgaGVpZ2h0PSIxIiB4bWxucz0iaHR0cDovL3d3dy53My5vcmcvMjAwMC9zdmciPjwvc3ZnPg==\" style=\"--smush-placeholder-width: 640px; --smush-placeholder-aspect-ratio: 640\/426;\" \/><\/a><\/figure><\/li><\/ul><\/figure>\n\n\n\n<p class=\"has-text-align-center\"><em>Instrumentos t\u00eam parte digital multifun\u00e7\u00e3o como no Kicks; alerta de ponto cego nos retrovisores; duas tomadas USB atr\u00e1s<\/em><\/p>\n\n\n\n<div style=\"height:30px\" aria-hidden=\"true\" class=\"wp-block-spacer\"><\/div>\n\n\n\n<h2 class=\"wp-block-heading\">Ao volante do novo Versa<\/h2>\n\n\n\n<p>Tivemos contato breve com o novo Versa em um circuito fechado de aut\u00f3dromo particular, o Haras Tuiuti, no interior de S\u00e3o Paulo, sem situa\u00e7\u00f5es reais de uso como ruas e estradas. O conhecido conjunto formado pelo motor 1,6 de 114 cv e a caixa CVT, que tamb\u00e9m equipa o Kicks, est\u00e1 apenas adequado a um sed\u00e3 que pesa 1.137 kg. A transmiss\u00e3o simula marchas quando se acelera mais a fundo, o que elimina a sensa\u00e7\u00e3o de deslizamento t\u00e3o comum nas CVTs. <\/p>\n\n\n\n<div style=\"height:30px\" aria-hidden=\"true\" class=\"wp-block-spacer\"><\/div>\n\n\n\n<blockquote class=\"wp-block-quote is-layout-flow wp-block-quote-is-layout-flow\"><p>A suspens\u00e3o mais firme traz um excelente equil\u00edbrio din\u00e2mico, mesmo nas curvas mais fechadas, e a dire\u00e7\u00e3o direta busca uma condu\u00e7\u00e3o mais voltada ao prazer<\/p><\/blockquote>\n\n\n\n<div style=\"height:30px\" aria-hidden=\"true\" class=\"wp-block-spacer\"><\/div>\n\n\n\n<p>Com uma calibra\u00e7\u00e3o de acelerador voltada ao desempenho, a sensa\u00e7\u00e3o de agilidade do motor \u00e9 adequada, embora o desempenho m\u00e1ximo seja um tanto mais modesto que o de motores turbo como o do <a href=\"https:\/\/autolivraria.com.br\/bc\/tag\/virtus\" target=\"_blank\" rel=\"noreferrer noopener\">Volkswagen Virtus<\/a>. N\u00e3o h\u00e1 como selecionar marchas, nem mesmo via alavanca. Um bot\u00e3o Sport (escondido embaixo do pomo da alavanca) e a op\u00e7\u00e3o reduzida mant\u00eam as rela\u00e7\u00f5es das polias num patamar de rota\u00e7\u00f5es mais elevadas do motor.<\/p>\n\n\n\n<div style=\"height:30px\" aria-hidden=\"true\" class=\"wp-block-spacer\"><\/div>\n\n\n\n<figure class=\"wp-block-gallery columns-3 is-cropped wp-block-gallery-6 is-layout-flex wp-block-gallery-is-layout-flex\"><ul class=\"blocks-gallery-grid\"><li class=\"blocks-gallery-item\"><figure><a href=\"https:\/\/autolivraria.com.br\/bc\/wp-content\/uploads\/2020\/10\/Nissan-Versa-Exclusive-06.jpg\"><img decoding=\"async\" width=\"640\" height=\"426\" data-src=\"https:\/\/autolivraria.com.br\/bc\/wp-content\/uploads\/2020\/10\/Nissan-Versa-Exclusive-06.jpg\" alt=\"\" data-id=\"119920\" data-full-url=\"https:\/\/autolivraria.com.br\/bc\/wp-content\/uploads\/2020\/10\/Nissan-Versa-Exclusive-06.jpg\" data-link=\"https:\/\/autolivraria.com.br\/bc\/?attachment_id=119920\" class=\"wp-image-119920 lazyload\" data-srcset=\"https:\/\/autolivraria.com.br\/bc\/wp-content\/uploads\/2020\/10\/Nissan-Versa-Exclusive-06.jpg 640w, https:\/\/autolivraria.com.br\/bc\/wp-content\/uploads\/2020\/10\/Nissan-Versa-Exclusive-06-340x226.jpg 340w\" data-sizes=\"(max-width: 640px) 100vw, 640px\" src=\"data:image\/svg+xml;base64,PHN2ZyB3aWR0aD0iMSIgaGVpZ2h0PSIxIiB4bWxucz0iaHR0cDovL3d3dy53My5vcmcvMjAwMC9zdmciPjwvc3ZnPg==\" style=\"--smush-placeholder-width: 640px; --smush-placeholder-aspect-ratio: 640\/426;\" \/><\/a><\/figure><\/li><li class=\"blocks-gallery-item\"><figure><a href=\"https:\/\/autolivraria.com.br\/bc\/wp-content\/uploads\/2020\/10\/Nissan-Versa-Exclusive-12.jpg\"><img decoding=\"async\" width=\"640\" height=\"426\" data-src=\"https:\/\/autolivraria.com.br\/bc\/wp-content\/uploads\/2020\/10\/Nissan-Versa-Exclusive-12.jpg\" alt=\"\" data-id=\"119921\" data-full-url=\"https:\/\/autolivraria.com.br\/bc\/wp-content\/uploads\/2020\/10\/Nissan-Versa-Exclusive-12.jpg\" data-link=\"https:\/\/autolivraria.com.br\/bc\/?attachment_id=119921\" class=\"wp-image-119921 lazyload\" data-srcset=\"https:\/\/autolivraria.com.br\/bc\/wp-content\/uploads\/2020\/10\/Nissan-Versa-Exclusive-12.jpg 640w, https:\/\/autolivraria.com.br\/bc\/wp-content\/uploads\/2020\/10\/Nissan-Versa-Exclusive-12-340x226.jpg 340w\" data-sizes=\"(max-width: 640px) 100vw, 640px\" src=\"data:image\/svg+xml;base64,PHN2ZyB3aWR0aD0iMSIgaGVpZ2h0PSIxIiB4bWxucz0iaHR0cDovL3d3dy53My5vcmcvMjAwMC9zdmciPjwvc3ZnPg==\" style=\"--smush-placeholder-width: 640px; --smush-placeholder-aspect-ratio: 640\/426;\" \/><\/a><\/figure><\/li><li class=\"blocks-gallery-item\"><figure><a href=\"https:\/\/autolivraria.com.br\/bc\/wp-content\/uploads\/2020\/10\/Nissan-Versa-Exclusive-15.jpg\"><img decoding=\"async\" width=\"640\" height=\"426\" data-src=\"https:\/\/autolivraria.com.br\/bc\/wp-content\/uploads\/2020\/10\/Nissan-Versa-Exclusive-15.jpg\" alt=\"\" data-id=\"119918\" data-full-url=\"https:\/\/autolivraria.com.br\/bc\/wp-content\/uploads\/2020\/10\/Nissan-Versa-Exclusive-15.jpg\" data-link=\"https:\/\/autolivraria.com.br\/bc\/?attachment_id=119918\" class=\"wp-image-119918 lazyload\" data-srcset=\"https:\/\/autolivraria.com.br\/bc\/wp-content\/uploads\/2020\/10\/Nissan-Versa-Exclusive-15.jpg 640w, https:\/\/autolivraria.com.br\/bc\/wp-content\/uploads\/2020\/10\/Nissan-Versa-Exclusive-15-340x226.jpg 340w\" data-sizes=\"(max-width: 640px) 100vw, 640px\" src=\"data:image\/svg+xml;base64,PHN2ZyB3aWR0aD0iMSIgaGVpZ2h0PSIxIiB4bWxucz0iaHR0cDovL3d3dy53My5vcmcvMjAwMC9zdmciPjwvc3ZnPg==\" style=\"--smush-placeholder-width: 640px; --smush-placeholder-aspect-ratio: 640\/426;\" \/><\/a><\/figure><\/li><li class=\"blocks-gallery-item\"><figure><a href=\"https:\/\/autolivraria.com.br\/bc\/wp-content\/uploads\/2020\/10\/Nissan-Versa-Exclusive-02.jpg\"><img decoding=\"async\" width=\"1024\" height=\"683\" data-src=\"https:\/\/autolivraria.com.br\/bc\/wp-content\/uploads\/2020\/10\/Nissan-Versa-Exclusive-02.jpg\" alt=\"\" data-id=\"119919\" data-full-url=\"https:\/\/autolivraria.com.br\/bc\/wp-content\/uploads\/2020\/10\/Nissan-Versa-Exclusive-02.jpg\" data-link=\"https:\/\/autolivraria.com.br\/bc\/?attachment_id=119919\" class=\"wp-image-119919 lazyload\" data-srcset=\"https:\/\/autolivraria.com.br\/bc\/wp-content\/uploads\/2020\/10\/Nissan-Versa-Exclusive-02.jpg 1024w, https:\/\/autolivraria.com.br\/bc\/wp-content\/uploads\/2020\/10\/Nissan-Versa-Exclusive-02-340x227.jpg 340w, https:\/\/autolivraria.com.br\/bc\/wp-content\/uploads\/2020\/10\/Nissan-Versa-Exclusive-02-696x464.jpg 696w\" data-sizes=\"(max-width: 1024px) 100vw, 1024px\" src=\"data:image\/svg+xml;base64,PHN2ZyB3aWR0aD0iMSIgaGVpZ2h0PSIxIiB4bWxucz0iaHR0cDovL3d3dy53My5vcmcvMjAwMC9zdmciPjwvc3ZnPg==\" style=\"--smush-placeholder-width: 1024px; --smush-placeholder-aspect-ratio: 1024\/683;\" \/><\/a><\/figure><\/li><\/ul><\/figure>\n\n\n\n<p class=\"has-text-align-center\"><em>Motor de 114 cv com transmiss\u00e3o CVT \u00e9 apenas adequado, mas estabilidade convenceu; porta-malas aumentou para 482 litros<\/em><\/p>\n\n\n\n<div style=\"height:30px\" aria-hidden=\"true\" class=\"wp-block-spacer\"><\/div>\n\n\n\n<p>Ao acelerar, o ru\u00eddo \u00e9 comedido, sinal de que o trabalho de isolamento foi bem-sucedido. A suspens\u00e3o calibrada levemente a firme traz um excelente equil\u00edbrio din\u00e2mico: mesmo nas curvas mais fechadas e com topografia desfavor\u00e1vel do Haras Tuiuti, \u00e9 preciso empolga\u00e7\u00e3o para provocar algum <a href=\"https:\/\/autolivraria.com.br\/bc\/glossario-s\/#sube\" target=\"_blank\" rel=\"noreferrer noopener\">subester\u00e7o<\/a>. A dire\u00e7\u00e3o leve e direta, aliada ao volante de di\u00e2metro menor que o usual em sed\u00e3s, traz uma condu\u00e7\u00e3o mais voltada ao prazer que na gera\u00e7\u00e3o anterior. Os freios s\u00e3o adequados, mesmo com discos apenas nas rodas dianteiras. Pena n\u00e3o haver piso irregular para avaliar o conforto da suspens\u00e3o, que adota no Brasil \u2014 entre outros ajustes \u2014 buchas e batentes em poliuretano para maior robustez.<br><br><\/p>\n\n\n<div class='code-block code-block-6' style='margin: 28px auto; text-align: center; display: block; clear: both;'>\n<script async src=\"https:\/\/pagead2.googlesyndication.com\/pagead\/js\/adsbygoogle.js\"><\/script>\n<!-- AL-quadrado -->\n<ins class=\"adsbygoogle\"\n     style=\"display:block\"\n     data-ad-client=\"ca-pub-1914799802606213\"\n     data-ad-slot=\"5683066082\"\n     data-ad-format=\"auto\"\n     data-full-width-responsive=\"true\"><\/ins>\n<script>\n     (adsbygoogle = window.adsbygoogle || []).push({});\n<\/script><\/div>\n\n\n\n\n<p><br>O Versa antigo h\u00e1 tempos dava sinais de incapacidade frente a atualiza\u00e7\u00f5es do segmento, como o citado Virtus, o <a href=\"https:\/\/autolivraria.com.br\/bc\/tag\/onix-plus\" target=\"_blank\" rel=\"noreferrer noopener\">Chevrolet Onix Plus<\/a>, o <a href=\"https:\/\/autolivraria.com.br\/bc\/tag\/cronos\" target=\"_blank\" rel=\"noreferrer noopener\">Fiat Cronos<\/a> e o <a href=\"https:\/\/autolivraria.com.br\/bc\/tag\/hb20s\" target=\"_blank\" rel=\"noreferrer noopener\">Hyundai HB20S<\/a>. A importa\u00e7\u00e3o da nova gera\u00e7\u00e3o do M\u00e9xico traz a necess\u00e1ria competitividade \u00e0 Nissan com um produto que, pelo primeiro contato, tem boas condi\u00e7\u00f5es de ganhar espa\u00e7o na categoria. O sen\u00e3o fica para a \u00fanica op\u00e7\u00e3o de motor, algo limitada diante das vers\u00f5es turbo dos advers\u00e1rios.<\/p>\n\n\n<a href='https:\/\/autolivraria.com.br\/bc\/avaliacoes\/' class='small-button smallsilver'>Mais Avalia\u00e7\u00f5es<\/a>\n\n\n\n<div style=\"height:31px\" aria-hidden=\"true\" class=\"wp-block-spacer\"><\/div>\n\n\n<div class='et-box et-shadow'>\n\t\t\t\t\t<div class='et-box-content'><h2>Ficha t\u00e9cnica<\/h2>\n<table id=\"table61\" border=\"0\" width=\"100%\" cellspacing=\"0\" cellpadding=\"3\">\n<tbody>\n<tr>\n<td colspan=\"2\" valign=\"top\" bgcolor=\"#FFFFFF\"><strong>Motor<\/strong><\/td>\n<\/tr>\n<tr>\n<td valign=\"top\" width=\"50%\">Posi\u00e7\u00e3o<\/td>\n<td valign=\"top\" width=\"50%\">transversal<\/td>\n<\/tr>\n<tr>\n<td valign=\"top\">Cilindros<\/td>\n<td valign=\"top\">4 em linha<\/td>\n<\/tr>\n<tr>\n<td valign=\"top\">Comando de v\u00e1lvulas<\/td>\n<td valign=\"top\">duplo no cabe\u00e7ote<\/td>\n<\/tr>\n<tr>\n<td valign=\"top\">V\u00e1lvulas por cilindro<\/td>\n<td valign=\"top\">4, varia\u00e7\u00e3o de tempo<\/td>\n<\/tr>\n<tr>\n<td valign=\"top\">Di\u00e2metro e curso<\/td>\n<td valign=\"top\">78 x 83,6 mm<\/td>\n<\/tr>\n<tr>\n<td valign=\"top\">Cilindrada<\/td>\n<td valign=\"top\">1.598 cm\u00b3<\/td>\n<\/tr>\n<tr>\n<td valign=\"top\">Taxa de compress\u00e3o<\/td>\n<td valign=\"top\">10,7:1<\/td>\n<\/tr>\n<tr>\n<td valign=\"top\">Alimenta\u00e7\u00e3o<\/td>\n<td valign=\"top\">inje\u00e7\u00e3o multiponto sequencial<\/td>\n<\/tr>\n<tr>\n<td valign=\"top\">Pot\u00eancia m\u00e1xima (gas.\/\u00e1lc.)<\/td>\n<td valign=\"top\">114 cv a 5.600 rpm<\/td>\n<\/tr>\n<tr>\n<td valign=\"top\">Torque m\u00e1ximo (gas.\/\u00e1lc.)<\/td>\n<td valign=\"top\">15,5 m.kgf a 4.000 rpm<\/td>\n<\/tr>\n<tr>\n<td colspan=\"2\" valign=\"top\" bgcolor=\"#FFFFFF\"><strong>Transmiss\u00e3o<\/strong><\/td>\n<\/tr>\n<tr>\n<td valign=\"top\">Tipo de caixa e marchas<\/td>\n<td valign=\"top\">autom\u00e1tica de varia\u00e7\u00e3o cont\u00ednua, simula\u00e7\u00e3o de 6 marchas<\/td>\n<\/tr>\n<tr>\n<td valign=\"top\">Tra\u00e7\u00e3o<\/td>\n<td valign=\"top\">dianteira<\/td>\n<\/tr>\n<tr>\n<td colspan=\"2\" valign=\"top\" bgcolor=\"#FFFFFF\"><strong>Freios<\/strong><\/td>\n<\/tr>\n<tr>\n<td valign=\"top\">Dianteiros<\/td>\n<td valign=\"top\">a disco ventilado<\/td>\n<\/tr>\n<tr>\n<td valign=\"top\">Traseiros<\/td>\n<td valign=\"top\">a tambor<\/td>\n<\/tr>\n<tr>\n<td valign=\"top\">Antitravamento (ABS)<\/td>\n<td valign=\"top\">sim<\/td>\n<\/tr>\n<tr>\n<td colspan=\"2\" valign=\"top\" bgcolor=\"#FFFFFF\"><strong>Dire\u00e7\u00e3o<\/strong><\/td>\n<\/tr>\n<tr>\n<td valign=\"top\">Sistema<\/td>\n<td valign=\"top\">pinh\u00e3o e cremalheira<\/td>\n<\/tr>\n<tr>\n<td valign=\"top\">Assist\u00eancia<\/td>\n<td valign=\"top\">el\u00e9trica<\/td>\n<\/tr>\n<tr>\n<td colspan=\"2\" valign=\"top\" bgcolor=\"#FFFFFF\"><strong>Suspens\u00e3o<\/strong><\/td>\n<\/tr>\n<tr>\n<td valign=\"top\">Dianteira<\/td>\n<td valign=\"top\">independente, McPherson, mola helicoidal<\/td>\n<\/tr>\n<tr>\n<td valign=\"top\">Traseira<\/td>\n<td valign=\"top\">eixo de tor\u00e7\u00e3o, mola helicoidal<\/td>\n<\/tr>\n<tr>\n<td colspan=\"2\" valign=\"top\" bgcolor=\"#FFFFFF\"><strong>Rodas<\/strong><\/td>\n<\/tr>\n<tr>\n<td valign=\"top\">Dimens\u00f5es<\/td>\n<td valign=\"top\">17 pol<\/td>\n<\/tr>\n<tr>\n<td valign=\"top\">Pneus<\/td>\n<td valign=\"top\">205\/50 R 17<\/td>\n<\/tr>\n<tr>\n<td colspan=\"2\" valign=\"top\" bgcolor=\"#FFFFFF\"><strong>Dimens\u00f5es<\/strong><\/td>\n<\/tr>\n<tr>\n<td valign=\"top\">Comprimento<\/td>\n<td valign=\"top\">4,495 m<\/td>\n<\/tr>\n<tr>\n<td valign=\"top\">Largura<\/td>\n<td valign=\"top\">1,74 m<\/td>\n<\/tr>\n<tr>\n<td valign=\"top\">Altura<\/td>\n<td valign=\"top\">1,475 m<\/td>\n<\/tr>\n<tr>\n<td valign=\"top\">Entre-eixos<\/td>\n<td valign=\"top\">2,62 m<\/td>\n<\/tr>\n<tr>\n<td colspan=\"2\" valign=\"top\" bgcolor=\"#FFFFFF\"><strong>Capacidades e peso<\/strong><\/td>\n<\/tr>\n<tr>\n<td valign=\"top\">Tanque de combust\u00edvel<\/td>\n<td valign=\"top\">41 l<\/td>\n<\/tr>\n<tr>\n<td valign=\"top\">Compartimento de bagagem<\/td>\n<td valign=\"top\">482 l<\/td>\n<\/tr>\n<tr>\n<td valign=\"top\">Peso em ordem de marcha<\/td>\n<td valign=\"top\">1.137 kg<\/td>\n<\/tr>\n<tr>\n<td colspan=\"2\" valign=\"top\" bgcolor=\"#FFFFFF\"><strong>Desempenho e consumo<\/strong><\/td>\n<\/tr>\n<tr>\n<td valign=\"top\">Velocidade m\u00e1xima<\/td>\n<td valign=\"top\">180 km\/h<\/td>\n<\/tr>\n<tr>\n<td valign=\"top\">Acelera\u00e7\u00e3o de 0 a 100 km\/h<\/td>\n<td valign=\"top\">10,7 s<\/td>\n<\/tr>\n<tr>\n<td valign=\"top\">Consumo em cidade<\/td>\n<td valign=\"top\">11,7\/8,0 km\/l<\/td>\n<\/tr>\n<tr>\n<td valign=\"top\">Consumo em rodovia<\/td>\n<td valign=\"top\">13,9\/10,0 km\/l<\/td>\n<\/tr>\n<tr>\n<td colspan=\"2\" valign=\"top\">Dados do fabricante para vers\u00e3o Exclusive; consumo conforme padr\u00f5es do Inmetro<\/td>\n<\/tr>\n<\/tbody>\n<\/table><\/div><\/div>\n\n\n<div style=\"height:31px\" aria-hidden=\"true\" class=\"wp-block-spacer\"><\/div>\n","protected":false},"excerpt":{"rendered":"<p>Mantendo predicados como o espa\u00e7o, sed\u00e3 traz itens exclusivos e bom desenho, mas faltou ousadia em motoriza\u00e7\u00e3o<\/p>\n","protected":false},"author":6,"featured_media":119901,"comment_status":"open","ping_status":"closed","sticky":false,"template":"","format":"standard","meta":{"_joinchat":[],"footnotes":""},"categories":[3,3619],"tags":[80,106,642,5030,5031,5029],"class_list":["post-119885","post","type-post","status-publish","format-standard","has-post-thumbnail","hentry","category-avaliacao","category-nissan","tag-avaliacao-2","tag-nissan","tag-versa","tag-versa-advance","tag-versa-exclusive","tag-versa-sense"],"amp_enabled":true,"_links":{"self":[{"href":"https:\/\/autolivraria.com.br\/bc\/wp-json\/wp\/v2\/posts\/119885","targetHints":{"allow":["GET"]}}],"collection":[{"href":"https:\/\/autolivraria.com.br\/bc\/wp-json\/wp\/v2\/posts"}],"about":[{"href":"https:\/\/autolivraria.com.br\/bc\/wp-json\/wp\/v2\/types\/post"}],"author":[{"embeddable":true,"href":"https:\/\/autolivraria.com.br\/bc\/wp-json\/wp\/v2\/users\/6"}],"replies":[{"embeddable":true,"href":"https:\/\/autolivraria.com.br\/bc\/wp-json\/wp\/v2\/comments?post=119885"}],"version-history":[{"count":0,"href":"https:\/\/autolivraria.com.br\/bc\/wp-json\/wp\/v2\/posts\/119885\/revisions"}],"wp:featuredmedia":[{"embeddable":true,"href":"https:\/\/autolivraria.com.br\/bc\/wp-json\/wp\/v2\/media\/119901"}],"wp:attachment":[{"href":"https:\/\/autolivraria.com.br\/bc\/wp-json\/wp\/v2\/media?parent=119885"}],"wp:term":[{"taxonomy":"category","embeddable":true,"href":"https:\/\/autolivraria.com.br\/bc\/wp-json\/wp\/v2\/categories?post=119885"},{"taxonomy":"post_tag","embeddable":true,"href":"https:\/\/autolivraria.com.br\/bc\/wp-json\/wp\/v2\/tags?post=119885"}],"curies":[{"name":"wp","href":"https:\/\/api.w.org\/{rel}","templated":true}]}}