{"id":120975,"date":"2020-12-01T10:04:41","date_gmt":"2020-12-01T13:04:41","guid":{"rendered":"https:\/\/bestcars.uol.com.br\/bc\/?p=120975"},"modified":"2020-12-09T10:14:34","modified_gmt":"2020-12-09T13:14:34","slug":"teste-comparativo-chevrolet-onix-premier-peugeot-208-griffe-toyota-yaris-xls-2021","status":"publish","type":"post","link":"https:\/\/autolivraria.com.br\/bc\/informe-se\/avaliacao\/teste-comparativo-chevrolet-onix-premier-peugeot-208-griffe-toyota-yaris-xls-2021\/","title":{"rendered":"Desafio: o novo Peugeot 208 \u00e9 melhor que Onix e Yaris?"},"content":{"rendered":"\n<figure class=\"wp-block-image size-large\"><a href=\"https:\/\/autolivraria.com.br\/bc\/wp-content\/uploads\/2020\/11\/Onix-208-Yaris.jpg\"><img fetchpriority=\"high\" decoding=\"async\" width=\"696\" height=\"464\" src=\"https:\/\/autolivraria.com.br\/bc\/wp-content\/uploads\/2020\/11\/Onix-208-Yaris-696x464.jpg\" alt=\"\" class=\"wp-image-121439\" srcset=\"https:\/\/autolivraria.com.br\/bc\/wp-content\/uploads\/2020\/11\/Onix-208-Yaris-696x464.jpg 696w, https:\/\/autolivraria.com.br\/bc\/wp-content\/uploads\/2020\/11\/Onix-208-Yaris-340x227.jpg 340w, https:\/\/autolivraria.com.br\/bc\/wp-content\/uploads\/2020\/11\/Onix-208-Yaris.jpg 1280w\" sizes=\"(max-width: 696px) 100vw, 696px\" \/><\/a><\/figure>\n\n\n<h2>Saiba se o mais novo hatch compacto tem atributos suficientes para vencer o Toyota e o l\u00edder da Chevrolet<\/h2>\n<p><em>Texto e fotos: Fabr\u00edcio Samah\u00e1<\/em><\/p>\n\n\n<div style=\"height:30px\" aria-hidden=\"true\" class=\"wp-block-spacer\"><\/div>\n\n\n\n<p>Cinco anos depois do lan\u00e7amento do 2008, a Peugeot enfim tem lan\u00e7amento em um dos segmentos mais representativos do mercado nacional: o 208 de segunda gera\u00e7\u00e3o, que passa a ser fabricado em El Palomar, na Argentina. Para conhecer suas chances por aqui, o <strong>Best Cars<\/strong> armou um <em>Desafio<\/em> ao Chevrolet Onix \u2014 l\u00edder de vendas e por isso uma escolha natural \u2014 e ao Toyota Yaris.<\/p>\n\n\n\n<p>Os tr\u00eas hatches compactos competem em nossos quatro &#8220;Ps&#8221;: <em>proposta de uso, porte<\/em> (varia\u00e7\u00e3o de at\u00e9 11 cent\u00edmetros em comprimento e apenas 1 cm entre eixos), <em>pot\u00eancia<\/em> (de 110 a 118 cv com \u00e1lcool) e<em> pre\u00e7o<\/em>. Como recebemos o 208 em vers\u00e3o de topo Griffe, ele se torna o mais caro do trio com o valor sugerido de R$ 95 mil. O Yaris XLS Connect n\u00e3o custa muito menos (R$ 91 mil), enquanto o Onix Premier com pacote de opcionais leva boa vantagem ao sair por R$ 82,1 mil.<\/p>\n\n\n\n<div style=\"height:50px\" aria-hidden=\"true\" class=\"wp-block-spacer\"><\/div>\n\n\n\n<figure class=\"wp-block-gallery columns-2 is-cropped wp-block-gallery-1 is-layout-flex wp-block-gallery-is-layout-flex\"><ul class=\"blocks-gallery-grid\"><li class=\"blocks-gallery-item\"><figure><a href=\"https:\/\/autolivraria.com.br\/bc\/wp-content\/uploads\/2020\/11\/Chevrolet-Onix-Premier-04.jpg\"><img decoding=\"async\" width=\"1280\" height=\"853\" data-src=\"https:\/\/autolivraria.com.br\/bc\/wp-content\/uploads\/2020\/11\/Chevrolet-Onix-Premier-04.jpg\" alt=\"\" data-id=\"121367\" data-link=\"https:\/\/autolivraria.com.br\/bc\/?attachment_id=121367\" class=\"wp-image-121367 lazyload\" data-srcset=\"https:\/\/autolivraria.com.br\/bc\/wp-content\/uploads\/2020\/11\/Chevrolet-Onix-Premier-04.jpg 1280w, https:\/\/autolivraria.com.br\/bc\/wp-content\/uploads\/2020\/11\/Chevrolet-Onix-Premier-04-340x227.jpg 340w, https:\/\/autolivraria.com.br\/bc\/wp-content\/uploads\/2020\/11\/Chevrolet-Onix-Premier-04-696x464.jpg 696w\" data-sizes=\"(max-width: 1280px) 100vw, 1280px\" src=\"data:image\/svg+xml;base64,PHN2ZyB3aWR0aD0iMSIgaGVpZ2h0PSIxIiB4bWxucz0iaHR0cDovL3d3dy53My5vcmcvMjAwMC9zdmciPjwvc3ZnPg==\" style=\"--smush-placeholder-width: 1280px; --smush-placeholder-aspect-ratio: 1280\/853;\" \/><\/a><figcaption class=\"blocks-gallery-item__caption\">Onix<\/figcaption><\/figure><\/li><li class=\"blocks-gallery-item\"><figure><a href=\"https:\/\/autolivraria.com.br\/bc\/wp-content\/uploads\/2020\/11\/Chevrolet-Onix-Premier-07.jpg\"><img decoding=\"async\" width=\"1280\" height=\"853\" data-src=\"https:\/\/autolivraria.com.br\/bc\/wp-content\/uploads\/2020\/11\/Chevrolet-Onix-Premier-07.jpg\" alt=\"\" data-id=\"121442\" data-full-url=\"https:\/\/autolivraria.com.br\/bc\/wp-content\/uploads\/2020\/11\/Chevrolet-Onix-Premier-07.jpg\" data-link=\"https:\/\/autolivraria.com.br\/bc\/?attachment_id=121442\" class=\"wp-image-121442 lazyload\" data-srcset=\"https:\/\/autolivraria.com.br\/bc\/wp-content\/uploads\/2020\/11\/Chevrolet-Onix-Premier-07.jpg 1280w, https:\/\/autolivraria.com.br\/bc\/wp-content\/uploads\/2020\/11\/Chevrolet-Onix-Premier-07-340x227.jpg 340w, https:\/\/autolivraria.com.br\/bc\/wp-content\/uploads\/2020\/11\/Chevrolet-Onix-Premier-07-696x464.jpg 696w\" data-sizes=\"(max-width: 1280px) 100vw, 1280px\" src=\"data:image\/svg+xml;base64,PHN2ZyB3aWR0aD0iMSIgaGVpZ2h0PSIxIiB4bWxucz0iaHR0cDovL3d3dy53My5vcmcvMjAwMC9zdmciPjwvc3ZnPg==\" style=\"--smush-placeholder-width: 1280px; --smush-placeholder-aspect-ratio: 1280\/853;\" \/><\/a><\/figure><\/li><li class=\"blocks-gallery-item\"><figure><a href=\"https:\/\/autolivraria.com.br\/bc\/wp-content\/uploads\/2020\/11\/Peugeot-208-Griffe-04.jpg\"><img decoding=\"async\" width=\"1280\" height=\"853\" data-src=\"https:\/\/autolivraria.com.br\/bc\/wp-content\/uploads\/2020\/11\/Peugeot-208-Griffe-04.jpg\" alt=\"\" data-id=\"121369\" data-link=\"https:\/\/autolivraria.com.br\/bc\/?attachment_id=121369\" class=\"wp-image-121369 lazyload\" data-srcset=\"https:\/\/autolivraria.com.br\/bc\/wp-content\/uploads\/2020\/11\/Peugeot-208-Griffe-04.jpg 1280w, https:\/\/autolivraria.com.br\/bc\/wp-content\/uploads\/2020\/11\/Peugeot-208-Griffe-04-340x227.jpg 340w, https:\/\/autolivraria.com.br\/bc\/wp-content\/uploads\/2020\/11\/Peugeot-208-Griffe-04-696x464.jpg 696w\" data-sizes=\"(max-width: 1280px) 100vw, 1280px\" src=\"data:image\/svg+xml;base64,PHN2ZyB3aWR0aD0iMSIgaGVpZ2h0PSIxIiB4bWxucz0iaHR0cDovL3d3dy53My5vcmcvMjAwMC9zdmciPjwvc3ZnPg==\" style=\"--smush-placeholder-width: 1280px; --smush-placeholder-aspect-ratio: 1280\/853;\" \/><\/a><figcaption class=\"blocks-gallery-item__caption\">208<\/figcaption><\/figure><\/li><li class=\"blocks-gallery-item\"><figure><a href=\"https:\/\/autolivraria.com.br\/bc\/wp-content\/uploads\/2020\/11\/Peugeot-208-Griffe-07.jpg\"><img decoding=\"async\" width=\"1280\" height=\"853\" data-src=\"https:\/\/autolivraria.com.br\/bc\/wp-content\/uploads\/2020\/11\/Peugeot-208-Griffe-07.jpg\" alt=\"\" data-id=\"121441\" data-full-url=\"https:\/\/autolivraria.com.br\/bc\/wp-content\/uploads\/2020\/11\/Peugeot-208-Griffe-07.jpg\" data-link=\"https:\/\/autolivraria.com.br\/bc\/?attachment_id=121441\" class=\"wp-image-121441 lazyload\" data-srcset=\"https:\/\/autolivraria.com.br\/bc\/wp-content\/uploads\/2020\/11\/Peugeot-208-Griffe-07.jpg 1280w, https:\/\/autolivraria.com.br\/bc\/wp-content\/uploads\/2020\/11\/Peugeot-208-Griffe-07-340x227.jpg 340w, https:\/\/autolivraria.com.br\/bc\/wp-content\/uploads\/2020\/11\/Peugeot-208-Griffe-07-696x464.jpg 696w\" data-sizes=\"(max-width: 1280px) 100vw, 1280px\" src=\"data:image\/svg+xml;base64,PHN2ZyB3aWR0aD0iMSIgaGVpZ2h0PSIxIiB4bWxucz0iaHR0cDovL3d3dy53My5vcmcvMjAwMC9zdmciPjwvc3ZnPg==\" style=\"--smush-placeholder-width: 1280px; --smush-placeholder-aspect-ratio: 1280\/853;\" \/><\/a><\/figure><\/li><li class=\"blocks-gallery-item\"><figure><a href=\"https:\/\/autolivraria.com.br\/bc\/wp-content\/uploads\/2020\/11\/Toyota-Yaris-XLS-04.jpg\"><img decoding=\"async\" width=\"1280\" height=\"853\" data-src=\"https:\/\/autolivraria.com.br\/bc\/wp-content\/uploads\/2020\/11\/Toyota-Yaris-XLS-04.jpg\" alt=\"\" data-id=\"121371\" data-link=\"https:\/\/autolivraria.com.br\/bc\/?attachment_id=121371\" class=\"wp-image-121371 lazyload\" data-srcset=\"https:\/\/autolivraria.com.br\/bc\/wp-content\/uploads\/2020\/11\/Toyota-Yaris-XLS-04.jpg 1280w, https:\/\/autolivraria.com.br\/bc\/wp-content\/uploads\/2020\/11\/Toyota-Yaris-XLS-04-340x227.jpg 340w, https:\/\/autolivraria.com.br\/bc\/wp-content\/uploads\/2020\/11\/Toyota-Yaris-XLS-04-696x464.jpg 696w\" data-sizes=\"(max-width: 1280px) 100vw, 1280px\" src=\"data:image\/svg+xml;base64,PHN2ZyB3aWR0aD0iMSIgaGVpZ2h0PSIxIiB4bWxucz0iaHR0cDovL3d3dy53My5vcmcvMjAwMC9zdmciPjwvc3ZnPg==\" style=\"--smush-placeholder-width: 1280px; --smush-placeholder-aspect-ratio: 1280\/853;\" \/><\/a><figcaption class=\"blocks-gallery-item__caption\">Yaris<\/figcaption><\/figure><\/li><li class=\"blocks-gallery-item\"><figure><a href=\"https:\/\/autolivraria.com.br\/bc\/wp-content\/uploads\/2020\/11\/Toyota-Yaris-XLS-07.jpg\"><img decoding=\"async\" width=\"1280\" height=\"853\" data-src=\"https:\/\/autolivraria.com.br\/bc\/wp-content\/uploads\/2020\/11\/Toyota-Yaris-XLS-07.jpg\" alt=\"\" data-id=\"121443\" data-full-url=\"https:\/\/autolivraria.com.br\/bc\/wp-content\/uploads\/2020\/11\/Toyota-Yaris-XLS-07.jpg\" data-link=\"https:\/\/autolivraria.com.br\/bc\/?attachment_id=121443\" class=\"wp-image-121443 lazyload\" data-srcset=\"https:\/\/autolivraria.com.br\/bc\/wp-content\/uploads\/2020\/11\/Toyota-Yaris-XLS-07.jpg 1280w, https:\/\/autolivraria.com.br\/bc\/wp-content\/uploads\/2020\/11\/Toyota-Yaris-XLS-07-340x227.jpg 340w, https:\/\/autolivraria.com.br\/bc\/wp-content\/uploads\/2020\/11\/Toyota-Yaris-XLS-07-696x464.jpg 696w\" data-sizes=\"(max-width: 1280px) 100vw, 1280px\" src=\"data:image\/svg+xml;base64,PHN2ZyB3aWR0aD0iMSIgaGVpZ2h0PSIxIiB4bWxucz0iaHR0cDovL3d3dy53My5vcmcvMjAwMC9zdmciPjwvc3ZnPg==\" style=\"--smush-placeholder-width: 1280px; --smush-placeholder-aspect-ratio: 1280\/853;\" \/><\/a><\/figure><\/li><\/ul><\/figure>\n\n\n\n<p class=\"has-text-align-center\"><em>O estilo moderno e bem resolvido \u00e9 ponto a favor do novo 208; o Yaris \u00e9 mais adornado e o Onix tem um desenho simples<\/em><\/p>\n\n\n\n<div style=\"height:50px\" aria-hidden=\"true\" class=\"wp-block-spacer\"><\/div>\n\n\n\n<p><strong>Estilo<br><\/strong>O desenho \u00e9 certamente um ponto alto do 208: se o anterior era apenas harmonioso, o novo modelo ficou mais \u2014 digamos \u2014 masculino sem perder o charme. O destaque est\u00e1 nos &#8220;dentes de sabre&#8221; formados pelas luzes diurnas de leds, que na vers\u00e3o Griffe se somam aos elementos dos far\u00f3is tamb\u00e9m de leds. Entre os demais, o Onix tem um estilo simples e que sugere robustez, enquanto o Yaris nos parece algo exagerado na frente &#8220;bicuda&#8221;, mas ambos t\u00eam seus adeptos.<\/p>\n\n\n\n<div style=\"height:50px\" aria-hidden=\"true\" class=\"wp-block-spacer\"><\/div>\n\n\n<div class='code-block code-block-7' style='margin: 28px auto; text-align: center; display: block; clear: both;'>\n<script async src=\"https:\/\/pagead2.googlesyndication.com\/pagead\/js\/adsbygoogle.js\"><\/script>\n<!-- AL-quadrado -->\n<ins class=\"adsbygoogle\"\n     style=\"display:block\"\n     data-ad-client=\"ca-pub-1914799802606213\"\n     data-ad-slot=\"5683066082\"\n     data-ad-format=\"auto\"\n     data-full-width-responsive=\"true\"><\/ins>\n<script>\n     (adsbygoogle = window.adsbygoogle || []).push({});\n<\/script><\/div>\n\n\n\n\n<div style=\"height:50px\" aria-hidden=\"true\" class=\"wp-block-spacer\"><\/div>\n\n\n\n<p><strong>Acabamento e conveni\u00eancia<br><\/strong>O interior do novo 208 causa \u00f3tima impress\u00e3o para a categoria. Al\u00e9m de bons materiais em geral, usa camur\u00e7a sint\u00e9tica nos bancos (infelizmente, apenas em um lote inicial) em lugar do &#8220;couro falso&#8221; empregado pelos rivais, que \u00e9 f\u00e1cil de limpar, mas esquenta muito no clima tropical. As formas do Peugeot tamb\u00e9m sobressaem, do quadro de instrumentos (mais sobre ele adiante) \u00e0s teclas do painel central, tudo inspirado no 3008 e no 5008. Os oponentes ficam para tr\u00e1s, em especial o Yaris. No Onix, a nosso ver, o uso parcial de bege nos revestimentos revela bom gosto.<\/p>\n\n\n\n<div style=\"height:50px\" aria-hidden=\"true\" class=\"wp-block-spacer\"><\/div>\n\n\n\n<figure class=\"wp-block-gallery columns-2 is-cropped wp-block-gallery-2 is-layout-flex wp-block-gallery-is-layout-flex\"><ul class=\"blocks-gallery-grid\"><li class=\"blocks-gallery-item\"><figure><a href=\"https:\/\/autolivraria.com.br\/bc\/wp-content\/uploads\/2020\/11\/Chevrolet-Onix-Premier-interior.jpg\"><img decoding=\"async\" width=\"1280\" height=\"853\" data-src=\"https:\/\/autolivraria.com.br\/bc\/wp-content\/uploads\/2020\/11\/Chevrolet-Onix-Premier-interior.jpg\" alt=\"\" data-id=\"121372\" data-link=\"https:\/\/autolivraria.com.br\/bc\/?attachment_id=121372\" class=\"wp-image-121372 lazyload\" data-srcset=\"https:\/\/autolivraria.com.br\/bc\/wp-content\/uploads\/2020\/11\/Chevrolet-Onix-Premier-interior.jpg 1280w, https:\/\/autolivraria.com.br\/bc\/wp-content\/uploads\/2020\/11\/Chevrolet-Onix-Premier-interior-340x227.jpg 340w, https:\/\/autolivraria.com.br\/bc\/wp-content\/uploads\/2020\/11\/Chevrolet-Onix-Premier-interior-696x464.jpg 696w\" data-sizes=\"(max-width: 1280px) 100vw, 1280px\" src=\"data:image\/svg+xml;base64,PHN2ZyB3aWR0aD0iMSIgaGVpZ2h0PSIxIiB4bWxucz0iaHR0cDovL3d3dy53My5vcmcvMjAwMC9zdmciPjwvc3ZnPg==\" style=\"--smush-placeholder-width: 1280px; --smush-placeholder-aspect-ratio: 1280\/853;\" \/><\/a><figcaption class=\"blocks-gallery-item__caption\">Onix<\/figcaption><\/figure><\/li><li class=\"blocks-gallery-item\"><figure><a href=\"https:\/\/autolivraria.com.br\/bc\/wp-content\/uploads\/2020\/11\/Chevrolet-Onix-Premier-det06.jpg\"><img decoding=\"async\" width=\"640\" height=\"426\" data-src=\"https:\/\/autolivraria.com.br\/bc\/wp-content\/uploads\/2020\/11\/Chevrolet-Onix-Premier-det06.jpg\" alt=\"\" data-id=\"121373\" data-link=\"https:\/\/autolivraria.com.br\/bc\/?attachment_id=121373\" class=\"wp-image-121373 lazyload\" data-srcset=\"https:\/\/autolivraria.com.br\/bc\/wp-content\/uploads\/2020\/11\/Chevrolet-Onix-Premier-det06.jpg 640w, https:\/\/autolivraria.com.br\/bc\/wp-content\/uploads\/2020\/11\/Chevrolet-Onix-Premier-det06-340x226.jpg 340w\" data-sizes=\"(max-width: 640px) 100vw, 640px\" src=\"data:image\/svg+xml;base64,PHN2ZyB3aWR0aD0iMSIgaGVpZ2h0PSIxIiB4bWxucz0iaHR0cDovL3d3dy53My5vcmcvMjAwMC9zdmciPjwvc3ZnPg==\" style=\"--smush-placeholder-width: 640px; --smush-placeholder-aspect-ratio: 640\/426;\" \/><\/a><\/figure><\/li><li class=\"blocks-gallery-item\"><figure><a href=\"https:\/\/autolivraria.com.br\/bc\/wp-content\/uploads\/2020\/11\/Peugeot-208-Griffe-interior.jpg\"><img decoding=\"async\" width=\"1280\" height=\"853\" data-src=\"https:\/\/autolivraria.com.br\/bc\/wp-content\/uploads\/2020\/11\/Peugeot-208-Griffe-interior.jpg\" alt=\"\" data-id=\"121374\" data-link=\"https:\/\/autolivraria.com.br\/bc\/?attachment_id=121374\" class=\"wp-image-121374 lazyload\" data-srcset=\"https:\/\/autolivraria.com.br\/bc\/wp-content\/uploads\/2020\/11\/Peugeot-208-Griffe-interior.jpg 1280w, https:\/\/autolivraria.com.br\/bc\/wp-content\/uploads\/2020\/11\/Peugeot-208-Griffe-interior-340x227.jpg 340w, https:\/\/autolivraria.com.br\/bc\/wp-content\/uploads\/2020\/11\/Peugeot-208-Griffe-interior-696x464.jpg 696w\" data-sizes=\"(max-width: 1280px) 100vw, 1280px\" src=\"data:image\/svg+xml;base64,PHN2ZyB3aWR0aD0iMSIgaGVpZ2h0PSIxIiB4bWxucz0iaHR0cDovL3d3dy53My5vcmcvMjAwMC9zdmciPjwvc3ZnPg==\" style=\"--smush-placeholder-width: 1280px; --smush-placeholder-aspect-ratio: 1280\/853;\" \/><\/a><figcaption class=\"blocks-gallery-item__caption\">208<\/figcaption><\/figure><\/li><li class=\"blocks-gallery-item\"><figure><a href=\"https:\/\/autolivraria.com.br\/bc\/wp-content\/uploads\/2020\/11\/Peugeot-208-Griffe-det08.jpg\"><img decoding=\"async\" width=\"640\" height=\"426\" data-src=\"https:\/\/autolivraria.com.br\/bc\/wp-content\/uploads\/2020\/11\/Peugeot-208-Griffe-det08.jpg\" alt=\"\" data-id=\"121375\" data-link=\"https:\/\/autolivraria.com.br\/bc\/?attachment_id=121375\" class=\"wp-image-121375 lazyload\" data-srcset=\"https:\/\/autolivraria.com.br\/bc\/wp-content\/uploads\/2020\/11\/Peugeot-208-Griffe-det08.jpg 640w, https:\/\/autolivraria.com.br\/bc\/wp-content\/uploads\/2020\/11\/Peugeot-208-Griffe-det08-340x226.jpg 340w\" data-sizes=\"(max-width: 640px) 100vw, 640px\" src=\"data:image\/svg+xml;base64,PHN2ZyB3aWR0aD0iMSIgaGVpZ2h0PSIxIiB4bWxucz0iaHR0cDovL3d3dy53My5vcmcvMjAwMC9zdmciPjwvc3ZnPg==\" style=\"--smush-placeholder-width: 640px; --smush-placeholder-aspect-ratio: 640\/426;\" \/><\/a><\/figure><\/li><li class=\"blocks-gallery-item\"><figure><a href=\"https:\/\/autolivraria.com.br\/bc\/wp-content\/uploads\/2020\/11\/Toyota-Yaris-XLS-interior.jpg\"><img decoding=\"async\" width=\"696\" height=\"464\" data-src=\"https:\/\/autolivraria.com.br\/bc\/wp-content\/uploads\/2020\/11\/Toyota-Yaris-XLS-interior-696x464.jpg\" alt=\"\" data-id=\"121377\" data-full-url=\"https:\/\/autolivraria.com.br\/bc\/wp-content\/uploads\/2020\/11\/Toyota-Yaris-XLS-interior.jpg\" data-link=\"https:\/\/autolivraria.com.br\/bc\/?attachment_id=121377\" class=\"wp-image-121377 lazyload\" data-srcset=\"https:\/\/autolivraria.com.br\/bc\/wp-content\/uploads\/2020\/11\/Toyota-Yaris-XLS-interior-696x464.jpg 696w, https:\/\/autolivraria.com.br\/bc\/wp-content\/uploads\/2020\/11\/Toyota-Yaris-XLS-interior-340x227.jpg 340w, https:\/\/autolivraria.com.br\/bc\/wp-content\/uploads\/2020\/11\/Toyota-Yaris-XLS-interior.jpg 1280w\" data-sizes=\"(max-width: 696px) 100vw, 696px\" src=\"data:image\/svg+xml;base64,PHN2ZyB3aWR0aD0iMSIgaGVpZ2h0PSIxIiB4bWxucz0iaHR0cDovL3d3dy53My5vcmcvMjAwMC9zdmciPjwvc3ZnPg==\" style=\"--smush-placeholder-width: 696px; --smush-placeholder-aspect-ratio: 696\/464;\" \/><\/a><figcaption class=\"blocks-gallery-item__caption\">Yaris<\/figcaption><\/figure><\/li><li class=\"blocks-gallery-item\"><figure><a href=\"https:\/\/autolivraria.com.br\/bc\/wp-content\/uploads\/2020\/11\/Toyota-Yaris-XLS-det06.jpg\"><img decoding=\"async\" width=\"640\" height=\"426\" data-src=\"https:\/\/autolivraria.com.br\/bc\/wp-content\/uploads\/2020\/11\/Toyota-Yaris-XLS-det06.jpg\" alt=\"\" data-id=\"121376\" data-link=\"https:\/\/autolivraria.com.br\/bc\/?attachment_id=121376\" class=\"wp-image-121376 lazyload\" data-srcset=\"https:\/\/autolivraria.com.br\/bc\/wp-content\/uploads\/2020\/11\/Toyota-Yaris-XLS-det06.jpg 640w, https:\/\/autolivraria.com.br\/bc\/wp-content\/uploads\/2020\/11\/Toyota-Yaris-XLS-det06-340x226.jpg 340w\" data-sizes=\"(max-width: 640px) 100vw, 640px\" src=\"data:image\/svg+xml;base64,PHN2ZyB3aWR0aD0iMSIgaGVpZ2h0PSIxIiB4bWxucz0iaHR0cDovL3d3dy53My5vcmcvMjAwMC9zdmciPjwvc3ZnPg==\" style=\"--smush-placeholder-width: 640px; --smush-placeholder-aspect-ratio: 640\/426;\" \/><\/a><\/figure><\/li><\/ul><\/figure>\n\n\n\n<p class=\"has-text-align-center\"><em>O Peugeot impressiona bem tamb\u00e9m por dentro, com instrumentos digitais acima do volante; as centrais t\u00eam telas de 7 e 8 polegadas<\/em><\/p>\n\n\n\n<div style=\"height:50px\" aria-hidden=\"true\" class=\"wp-block-spacer\"><\/div>\n\n\n\n<p>As centrais de \u00e1udio contam, como \u00e9 comum hoje, com ampla tela \u2014 oito polegadas no Onix, sete nos outros \u2014 e <a href=\"https:\/\/autolivraria.com.br\/bc\/glossario-e\/#espe\" target=\"_blank\" rel=\"noreferrer noopener\">integra\u00e7\u00e3o a celular<\/a> por Android Auto e Apple Car Play. A do Chevrolet pode atuar como roteador de internet (exige contrata\u00e7\u00e3o de plano de dados da Claro) com sinal bem maior que o de dados m\u00f3veis do telefone. N\u00e3o gostamos no Peugeot de depender da tela para v\u00e1rias fun\u00e7\u00f5es do ar-condicionado, embora ao menos exista uma tecla f\u00edsica para a recircula\u00e7\u00e3o de ar (o Citro\u00ebn C4 Cactus n\u00e3o tem).<\/p>\n\n\n\n<div style=\"height:50px\" aria-hidden=\"true\" class=\"wp-block-spacer\"><\/div>\n\n\n\n<blockquote class=\"wp-block-quote is-layout-flow wp-block-quote-is-layout-flow\"><p>Apenas o 208 tem assistentes de facho dos far\u00f3is e para se manter na faixa, leitor de placas de velocidade e monitor de dist\u00e2ncia \u00e0 frente com frenagem aut\u00f4noma de emerg\u00eancia<\/p><\/blockquote>\n\n\n\n<div style=\"height:50px\" aria-hidden=\"true\" class=\"wp-block-spacer\"><\/div>\n\n\n\n<p>Outros detalhes que favorecem o Onix s\u00e3o alerta para uso do cinto at\u00e9 para os passageiros de tr\u00e1s, alerta para ve\u00edculos em pontos cegos, assist\u00eancias On Star (socorro em acidente, assist\u00eancia para troca de pneus, na recupera\u00e7\u00e3o em caso de roubo e outros servi\u00e7os), <a href=\"https:\/\/autolivraria.com.br\/bc\/glossario-a\/#esta\" target=\"_blank\" rel=\"noreferrer noopener\">assistente de estacionamento<\/a>, monitor e mostrador da press\u00e3o dos pneus, sensores de estacionamento tamb\u00e9m na frente (o Yaris n\u00e3o tem nem atr\u00e1s) e tr\u00eas tomadas USB, sendo duas para os passageiros de tr\u00e1s.<\/p>\n\n\n\n<p>O 208 responde com assistentes de <a href=\"https:\/\/autolivraria.com.br\/bc\/glossario-a\/#faro\" target=\"_blank\" rel=\"noreferrer noopener\">facho dos far\u00f3is<\/a> e para se manter na faixa de rolamento, incluindo interven\u00e7\u00f5es na dire\u00e7\u00e3o (se este for desligado, ainda assim emite mensagens ao perceber sa\u00edda excessiva da faixa); op\u00e7\u00e3o entre v\u00e1rios \u00e2ngulos na c\u00e2mera traseira de manobras, incluindo uma vis\u00e3o simulada por cima em 180 graus; leitor de placas de limite de velocidade, que \u00e9 ent\u00e3o mostrado no painel e pode ser aplicado facilmente ao <a href=\"https:\/\/autolivraria.com.br\/bc\/glossario-l\/#limi\" target=\"_blank\" rel=\"noreferrer noopener\">limitador<\/a>; monitor de dist\u00e2ncia \u00e0 frente com frenagem aut\u00f4noma de emerg\u00eancia; e o maior espa\u00e7o para objetos do dia a dia.<\/p>\n\n\n\n<div style=\"height:50px\" aria-hidden=\"true\" class=\"wp-block-spacer\"><\/div>\n\n\n\n<figure class=\"wp-block-gallery columns-2 is-cropped wp-block-gallery-3 is-layout-flex wp-block-gallery-is-layout-flex\"><ul class=\"blocks-gallery-grid\"><li class=\"blocks-gallery-item\"><figure><a href=\"https:\/\/autolivraria.com.br\/bc\/wp-content\/uploads\/2020\/11\/Chevrolet-Onix-Premier-det09.jpg\"><img decoding=\"async\" width=\"640\" height=\"426\" data-src=\"https:\/\/autolivraria.com.br\/bc\/wp-content\/uploads\/2020\/11\/Chevrolet-Onix-Premier-det09.jpg\" alt=\"\" data-id=\"121379\" data-full-url=\"https:\/\/autolivraria.com.br\/bc\/wp-content\/uploads\/2020\/11\/Chevrolet-Onix-Premier-det09.jpg\" data-link=\"https:\/\/autolivraria.com.br\/bc\/?attachment_id=121379\" class=\"wp-image-121379 lazyload\" data-srcset=\"https:\/\/autolivraria.com.br\/bc\/wp-content\/uploads\/2020\/11\/Chevrolet-Onix-Premier-det09.jpg 640w, https:\/\/autolivraria.com.br\/bc\/wp-content\/uploads\/2020\/11\/Chevrolet-Onix-Premier-det09-340x226.jpg 340w\" data-sizes=\"(max-width: 640px) 100vw, 640px\" src=\"data:image\/svg+xml;base64,PHN2ZyB3aWR0aD0iMSIgaGVpZ2h0PSIxIiB4bWxucz0iaHR0cDovL3d3dy53My5vcmcvMjAwMC9zdmciPjwvc3ZnPg==\" style=\"--smush-placeholder-width: 640px; --smush-placeholder-aspect-ratio: 640\/426;\" \/><\/a><\/figure><\/li><li class=\"blocks-gallery-item\"><figure><a href=\"https:\/\/autolivraria.com.br\/bc\/wp-content\/uploads\/2020\/11\/Chevrolet-Onix-Premier-det05.jpg\"><img decoding=\"async\" width=\"640\" height=\"426\" data-src=\"https:\/\/autolivraria.com.br\/bc\/wp-content\/uploads\/2020\/11\/Chevrolet-Onix-Premier-det05.jpg\" alt=\"\" data-id=\"121383\" data-full-url=\"https:\/\/autolivraria.com.br\/bc\/wp-content\/uploads\/2020\/11\/Chevrolet-Onix-Premier-det05.jpg\" data-link=\"https:\/\/autolivraria.com.br\/bc\/?attachment_id=121383\" class=\"wp-image-121383 lazyload\" data-srcset=\"https:\/\/autolivraria.com.br\/bc\/wp-content\/uploads\/2020\/11\/Chevrolet-Onix-Premier-det05.jpg 640w, https:\/\/autolivraria.com.br\/bc\/wp-content\/uploads\/2020\/11\/Chevrolet-Onix-Premier-det05-340x226.jpg 340w\" data-sizes=\"(max-width: 640px) 100vw, 640px\" src=\"data:image\/svg+xml;base64,PHN2ZyB3aWR0aD0iMSIgaGVpZ2h0PSIxIiB4bWxucz0iaHR0cDovL3d3dy53My5vcmcvMjAwMC9zdmciPjwvc3ZnPg==\" style=\"--smush-placeholder-width: 640px; --smush-placeholder-aspect-ratio: 640\/426;\" \/><\/a><\/figure><\/li><\/ul><\/figure>\n\n\n\n<figure class=\"wp-block-gallery columns-3 is-cropped wp-block-gallery-4 is-layout-flex wp-block-gallery-is-layout-flex\"><ul class=\"blocks-gallery-grid\"><li class=\"blocks-gallery-item\"><figure><a href=\"https:\/\/autolivraria.com.br\/bc\/wp-content\/uploads\/2020\/11\/Chevrolet-Onix-Premier-det08.jpg\"><img decoding=\"async\" width=\"640\" height=\"426\" data-src=\"https:\/\/autolivraria.com.br\/bc\/wp-content\/uploads\/2020\/11\/Chevrolet-Onix-Premier-det08.jpg\" alt=\"\" data-id=\"121378\" data-full-url=\"https:\/\/autolivraria.com.br\/bc\/wp-content\/uploads\/2020\/11\/Chevrolet-Onix-Premier-det08.jpg\" data-link=\"https:\/\/autolivraria.com.br\/bc\/?attachment_id=121378\" class=\"wp-image-121378 lazyload\" data-srcset=\"https:\/\/autolivraria.com.br\/bc\/wp-content\/uploads\/2020\/11\/Chevrolet-Onix-Premier-det08.jpg 640w, https:\/\/autolivraria.com.br\/bc\/wp-content\/uploads\/2020\/11\/Chevrolet-Onix-Premier-det08-340x226.jpg 340w\" data-sizes=\"(max-width: 640px) 100vw, 640px\" src=\"data:image\/svg+xml;base64,PHN2ZyB3aWR0aD0iMSIgaGVpZ2h0PSIxIiB4bWxucz0iaHR0cDovL3d3dy53My5vcmcvMjAwMC9zdmciPjwvc3ZnPg==\" style=\"--smush-placeholder-width: 640px; --smush-placeholder-aspect-ratio: 640\/426;\" \/><\/a><\/figure><\/li><li class=\"blocks-gallery-item\"><figure><a href=\"https:\/\/autolivraria.com.br\/bc\/wp-content\/uploads\/2020\/11\/Chevrolet-Onix-Premier-det02.jpg\"><img decoding=\"async\" width=\"640\" height=\"426\" data-src=\"https:\/\/autolivraria.com.br\/bc\/wp-content\/uploads\/2020\/11\/Chevrolet-Onix-Premier-det02.jpg\" alt=\"\" data-id=\"121382\" data-full-url=\"https:\/\/autolivraria.com.br\/bc\/wp-content\/uploads\/2020\/11\/Chevrolet-Onix-Premier-det02.jpg\" data-link=\"https:\/\/autolivraria.com.br\/bc\/?attachment_id=121382\" class=\"wp-image-121382 lazyload\" data-srcset=\"https:\/\/autolivraria.com.br\/bc\/wp-content\/uploads\/2020\/11\/Chevrolet-Onix-Premier-det02.jpg 640w, https:\/\/autolivraria.com.br\/bc\/wp-content\/uploads\/2020\/11\/Chevrolet-Onix-Premier-det02-340x226.jpg 340w\" data-sizes=\"(max-width: 640px) 100vw, 640px\" src=\"data:image\/svg+xml;base64,PHN2ZyB3aWR0aD0iMSIgaGVpZ2h0PSIxIiB4bWxucz0iaHR0cDovL3d3dy53My5vcmcvMjAwMC9zdmciPjwvc3ZnPg==\" style=\"--smush-placeholder-width: 640px; --smush-placeholder-aspect-ratio: 640\/426;\" \/><\/a><\/figure><\/li><li class=\"blocks-gallery-item\"><figure><a href=\"https:\/\/autolivraria.com.br\/bc\/wp-content\/uploads\/2020\/11\/Chevrolet-Onix-Premier-det01.jpg\"><img decoding=\"async\" width=\"640\" height=\"426\" data-src=\"https:\/\/autolivraria.com.br\/bc\/wp-content\/uploads\/2020\/11\/Chevrolet-Onix-Premier-det01.jpg\" alt=\"\" data-id=\"121381\" data-full-url=\"https:\/\/autolivraria.com.br\/bc\/wp-content\/uploads\/2020\/11\/Chevrolet-Onix-Premier-det01.jpg\" data-link=\"https:\/\/autolivraria.com.br\/bc\/?attachment_id=121381\" class=\"wp-image-121381 lazyload\" data-srcset=\"https:\/\/autolivraria.com.br\/bc\/wp-content\/uploads\/2020\/11\/Chevrolet-Onix-Premier-det01.jpg 640w, https:\/\/autolivraria.com.br\/bc\/wp-content\/uploads\/2020\/11\/Chevrolet-Onix-Premier-det01-340x226.jpg 340w\" data-sizes=\"(max-width: 640px) 100vw, 640px\" src=\"data:image\/svg+xml;base64,PHN2ZyB3aWR0aD0iMSIgaGVpZ2h0PSIxIiB4bWxucz0iaHR0cDovL3d3dy53My5vcmcvMjAwMC9zdmciPjwvc3ZnPg==\" style=\"--smush-placeholder-width: 640px; --smush-placeholder-aspect-ratio: 640\/426;\" \/><\/a><\/figure><\/li><\/ul><\/figure>\n\n\n\n<p class=\"has-text-align-center\"><em>Onix: roteador de internet, assist\u00eancia Onstar, aux\u00edlio para estacionar, indica\u00e7\u00e3o de vida do \u00f3leo e press\u00e3o dos pneus, sensores dianteiros<br><br><\/em><\/p>\n\n\n\n<figure class=\"wp-block-gallery columns-3 is-cropped wp-block-gallery-5 is-layout-flex wp-block-gallery-is-layout-flex\"><ul class=\"blocks-gallery-grid\"><li class=\"blocks-gallery-item\"><figure><a href=\"https:\/\/autolivraria.com.br\/bc\/wp-content\/uploads\/2020\/11\/Peugeot-208-Griffe-det12.jpg\"><img decoding=\"async\" width=\"640\" height=\"426\" data-src=\"https:\/\/autolivraria.com.br\/bc\/wp-content\/uploads\/2020\/11\/Peugeot-208-Griffe-det12.jpg\" alt=\"\" data-id=\"121385\" data-full-url=\"https:\/\/autolivraria.com.br\/bc\/wp-content\/uploads\/2020\/11\/Peugeot-208-Griffe-det12.jpg\" data-link=\"https:\/\/autolivraria.com.br\/bc\/?attachment_id=121385\" class=\"wp-image-121385 lazyload\" data-srcset=\"https:\/\/autolivraria.com.br\/bc\/wp-content\/uploads\/2020\/11\/Peugeot-208-Griffe-det12.jpg 640w, https:\/\/autolivraria.com.br\/bc\/wp-content\/uploads\/2020\/11\/Peugeot-208-Griffe-det12-340x226.jpg 340w\" data-sizes=\"(max-width: 640px) 100vw, 640px\" src=\"data:image\/svg+xml;base64,PHN2ZyB3aWR0aD0iMSIgaGVpZ2h0PSIxIiB4bWxucz0iaHR0cDovL3d3dy53My5vcmcvMjAwMC9zdmciPjwvc3ZnPg==\" style=\"--smush-placeholder-width: 640px; --smush-placeholder-aspect-ratio: 640\/426;\" \/><\/a><\/figure><\/li><li class=\"blocks-gallery-item\"><figure><a href=\"https:\/\/autolivraria.com.br\/bc\/wp-content\/uploads\/2020\/11\/Peugeot-208-Griffe-det03.jpg\"><img decoding=\"async\" width=\"640\" height=\"426\" data-src=\"https:\/\/autolivraria.com.br\/bc\/wp-content\/uploads\/2020\/11\/Peugeot-208-Griffe-det03.jpg\" alt=\"\" data-id=\"121390\" data-full-url=\"https:\/\/autolivraria.com.br\/bc\/wp-content\/uploads\/2020\/11\/Peugeot-208-Griffe-det03.jpg\" data-link=\"https:\/\/autolivraria.com.br\/bc\/?attachment_id=121390\" class=\"wp-image-121390 lazyload\" data-srcset=\"https:\/\/autolivraria.com.br\/bc\/wp-content\/uploads\/2020\/11\/Peugeot-208-Griffe-det03.jpg 640w, https:\/\/autolivraria.com.br\/bc\/wp-content\/uploads\/2020\/11\/Peugeot-208-Griffe-det03-340x226.jpg 340w\" data-sizes=\"(max-width: 640px) 100vw, 640px\" src=\"data:image\/svg+xml;base64,PHN2ZyB3aWR0aD0iMSIgaGVpZ2h0PSIxIiB4bWxucz0iaHR0cDovL3d3dy53My5vcmcvMjAwMC9zdmciPjwvc3ZnPg==\" style=\"--smush-placeholder-width: 640px; --smush-placeholder-aspect-ratio: 640\/426;\" \/><\/a><\/figure><\/li><li class=\"blocks-gallery-item\"><figure><a href=\"https:\/\/autolivraria.com.br\/bc\/wp-content\/uploads\/2020\/11\/Peugeot-208-Griffe-det04.jpg\"><img decoding=\"async\" width=\"640\" height=\"426\" data-src=\"https:\/\/autolivraria.com.br\/bc\/wp-content\/uploads\/2020\/11\/Peugeot-208-Griffe-det04.jpg\" alt=\"\" data-id=\"121391\" data-full-url=\"https:\/\/autolivraria.com.br\/bc\/wp-content\/uploads\/2020\/11\/Peugeot-208-Griffe-det04.jpg\" data-link=\"https:\/\/autolivraria.com.br\/bc\/?attachment_id=121391\" class=\"wp-image-121391 lazyload\" data-srcset=\"https:\/\/autolivraria.com.br\/bc\/wp-content\/uploads\/2020\/11\/Peugeot-208-Griffe-det04.jpg 640w, https:\/\/autolivraria.com.br\/bc\/wp-content\/uploads\/2020\/11\/Peugeot-208-Griffe-det04-340x226.jpg 340w\" data-sizes=\"(max-width: 640px) 100vw, 640px\" src=\"data:image\/svg+xml;base64,PHN2ZyB3aWR0aD0iMSIgaGVpZ2h0PSIxIiB4bWxucz0iaHR0cDovL3d3dy53My5vcmcvMjAwMC9zdmciPjwvc3ZnPg==\" style=\"--smush-placeholder-width: 640px; --smush-placeholder-aspect-ratio: 640\/426;\" \/><\/a><\/figure><\/li><li class=\"blocks-gallery-item\"><figure><a href=\"https:\/\/autolivraria.com.br\/bc\/wp-content\/uploads\/2020\/11\/Peugeot-208-Griffe-det01.jpg\"><img decoding=\"async\" width=\"640\" height=\"426\" data-src=\"https:\/\/autolivraria.com.br\/bc\/wp-content\/uploads\/2020\/11\/Peugeot-208-Griffe-det01.jpg\" alt=\"\" data-id=\"121389\" data-full-url=\"https:\/\/autolivraria.com.br\/bc\/wp-content\/uploads\/2020\/11\/Peugeot-208-Griffe-det01.jpg\" data-link=\"https:\/\/autolivraria.com.br\/bc\/?attachment_id=121389\" class=\"wp-image-121389 lazyload\" data-srcset=\"https:\/\/autolivraria.com.br\/bc\/wp-content\/uploads\/2020\/11\/Peugeot-208-Griffe-det01.jpg 640w, https:\/\/autolivraria.com.br\/bc\/wp-content\/uploads\/2020\/11\/Peugeot-208-Griffe-det01-340x226.jpg 340w\" data-sizes=\"(max-width: 640px) 100vw, 640px\" src=\"data:image\/svg+xml;base64,PHN2ZyB3aWR0aD0iMSIgaGVpZ2h0PSIxIiB4bWxucz0iaHR0cDovL3d3dy53My5vcmcvMjAwMC9zdmciPjwvc3ZnPg==\" style=\"--smush-placeholder-width: 640px; --smush-placeholder-aspect-ratio: 640\/426;\" \/><\/a><\/figure><\/li><li class=\"blocks-gallery-item\"><figure><a href=\"https:\/\/autolivraria.com.br\/bc\/wp-content\/uploads\/2020\/11\/Peugeot-208-Griffe-det06.jpg\"><img decoding=\"async\" width=\"640\" height=\"426\" data-src=\"https:\/\/autolivraria.com.br\/bc\/wp-content\/uploads\/2020\/11\/Peugeot-208-Griffe-det06.jpg\" alt=\"\" data-id=\"121384\" data-full-url=\"https:\/\/autolivraria.com.br\/bc\/wp-content\/uploads\/2020\/11\/Peugeot-208-Griffe-det06.jpg\" data-link=\"https:\/\/autolivraria.com.br\/bc\/?attachment_id=121384\" class=\"wp-image-121384 lazyload\" data-srcset=\"https:\/\/autolivraria.com.br\/bc\/wp-content\/uploads\/2020\/11\/Peugeot-208-Griffe-det06.jpg 640w, https:\/\/autolivraria.com.br\/bc\/wp-content\/uploads\/2020\/11\/Peugeot-208-Griffe-det06-340x226.jpg 340w\" data-sizes=\"(max-width: 640px) 100vw, 640px\" src=\"data:image\/svg+xml;base64,PHN2ZyB3aWR0aD0iMSIgaGVpZ2h0PSIxIiB4bWxucz0iaHR0cDovL3d3dy53My5vcmcvMjAwMC9zdmciPjwvc3ZnPg==\" style=\"--smush-placeholder-width: 640px; --smush-placeholder-aspect-ratio: 640\/426;\" \/><\/a><\/figure><\/li><li class=\"blocks-gallery-item\"><figure><a href=\"https:\/\/autolivraria.com.br\/bc\/wp-content\/uploads\/2020\/11\/Peugeot-208-Griffe-det05.jpg\"><img decoding=\"async\" width=\"640\" height=\"426\" data-src=\"https:\/\/autolivraria.com.br\/bc\/wp-content\/uploads\/2020\/11\/Peugeot-208-Griffe-det05.jpg\" alt=\"\" data-id=\"121392\" data-full-url=\"https:\/\/autolivraria.com.br\/bc\/wp-content\/uploads\/2020\/11\/Peugeot-208-Griffe-det05.jpg\" data-link=\"https:\/\/autolivraria.com.br\/bc\/?attachment_id=121392\" class=\"wp-image-121392 lazyload\" data-srcset=\"https:\/\/autolivraria.com.br\/bc\/wp-content\/uploads\/2020\/11\/Peugeot-208-Griffe-det05.jpg 640w, https:\/\/autolivraria.com.br\/bc\/wp-content\/uploads\/2020\/11\/Peugeot-208-Griffe-det05-340x226.jpg 340w\" data-sizes=\"(max-width: 640px) 100vw, 640px\" src=\"data:image\/svg+xml;base64,PHN2ZyB3aWR0aD0iMSIgaGVpZ2h0PSIxIiB4bWxucz0iaHR0cDovL3d3dy53My5vcmcvMjAwMC9zdmciPjwvc3ZnPg==\" style=\"--smush-placeholder-width: 640px; --smush-placeholder-aspect-ratio: 640\/426;\" \/><\/a><\/figure><\/li><\/ul><\/figure>\n\n\n\n<p class=\"has-text-align-center\"><em>208: c\u00e2mera traseira com v\u00e1rios \u00e2ngulos e vis\u00e3o de 180 graus, monitor de dist\u00e2ncia frontal, assistente de faixa, teto panor\u00e2mico<\/em><br><br><\/p>\n\n\n\n<figure class=\"wp-block-gallery columns-3 is-cropped wp-block-gallery-6 is-layout-flex wp-block-gallery-is-layout-flex\"><ul class=\"blocks-gallery-grid\"><li class=\"blocks-gallery-item\"><figure><a href=\"https:\/\/autolivraria.com.br\/bc\/wp-content\/uploads\/2020\/11\/Toyota-Yaris-XLS-det02.jpg\"><img decoding=\"async\" width=\"640\" height=\"426\" data-src=\"https:\/\/autolivraria.com.br\/bc\/wp-content\/uploads\/2020\/11\/Toyota-Yaris-XLS-det02.jpg\" alt=\"\" data-id=\"121396\" data-full-url=\"https:\/\/autolivraria.com.br\/bc\/wp-content\/uploads\/2020\/11\/Toyota-Yaris-XLS-det02.jpg\" data-link=\"https:\/\/autolivraria.com.br\/bc\/?attachment_id=121396\" class=\"wp-image-121396 lazyload\" data-srcset=\"https:\/\/autolivraria.com.br\/bc\/wp-content\/uploads\/2020\/11\/Toyota-Yaris-XLS-det02.jpg 640w, https:\/\/autolivraria.com.br\/bc\/wp-content\/uploads\/2020\/11\/Toyota-Yaris-XLS-det02-340x226.jpg 340w\" data-sizes=\"(max-width: 640px) 100vw, 640px\" src=\"data:image\/svg+xml;base64,PHN2ZyB3aWR0aD0iMSIgaGVpZ2h0PSIxIiB4bWxucz0iaHR0cDovL3d3dy53My5vcmcvMjAwMC9zdmciPjwvc3ZnPg==\" style=\"--smush-placeholder-width: 640px; --smush-placeholder-aspect-ratio: 640\/426;\" \/><\/a><\/figure><\/li><li class=\"blocks-gallery-item\"><figure><a href=\"https:\/\/autolivraria.com.br\/bc\/wp-content\/uploads\/2020\/11\/Toyota-Yaris-XLS-det07.jpg\"><img decoding=\"async\" width=\"640\" height=\"426\" data-src=\"https:\/\/autolivraria.com.br\/bc\/wp-content\/uploads\/2020\/11\/Toyota-Yaris-XLS-det07.jpg\" alt=\"\" data-id=\"121394\" data-full-url=\"https:\/\/autolivraria.com.br\/bc\/wp-content\/uploads\/2020\/11\/Toyota-Yaris-XLS-det07.jpg\" data-link=\"https:\/\/autolivraria.com.br\/bc\/?attachment_id=121394\" class=\"wp-image-121394 lazyload\" data-srcset=\"https:\/\/autolivraria.com.br\/bc\/wp-content\/uploads\/2020\/11\/Toyota-Yaris-XLS-det07.jpg 640w, https:\/\/autolivraria.com.br\/bc\/wp-content\/uploads\/2020\/11\/Toyota-Yaris-XLS-det07-340x226.jpg 340w\" data-sizes=\"(max-width: 640px) 100vw, 640px\" src=\"data:image\/svg+xml;base64,PHN2ZyB3aWR0aD0iMSIgaGVpZ2h0PSIxIiB4bWxucz0iaHR0cDovL3d3dy53My5vcmcvMjAwMC9zdmciPjwvc3ZnPg==\" style=\"--smush-placeholder-width: 640px; --smush-placeholder-aspect-ratio: 640\/426;\" \/><\/a><\/figure><\/li><li class=\"blocks-gallery-item\"><figure><a href=\"https:\/\/autolivraria.com.br\/bc\/wp-content\/uploads\/2020\/11\/Toyota-Yaris-XLS-det09.jpg\"><img decoding=\"async\" width=\"640\" height=\"426\" data-src=\"https:\/\/autolivraria.com.br\/bc\/wp-content\/uploads\/2020\/11\/Toyota-Yaris-XLS-det09.jpg\" alt=\"\" data-id=\"121395\" data-full-url=\"https:\/\/autolivraria.com.br\/bc\/wp-content\/uploads\/2020\/11\/Toyota-Yaris-XLS-det09.jpg\" data-link=\"https:\/\/autolivraria.com.br\/bc\/?attachment_id=121395\" class=\"wp-image-121395 lazyload\" data-srcset=\"https:\/\/autolivraria.com.br\/bc\/wp-content\/uploads\/2020\/11\/Toyota-Yaris-XLS-det09.jpg 640w, https:\/\/autolivraria.com.br\/bc\/wp-content\/uploads\/2020\/11\/Toyota-Yaris-XLS-det09-340x226.jpg 340w\" data-sizes=\"(max-width: 640px) 100vw, 640px\" src=\"data:image\/svg+xml;base64,PHN2ZyB3aWR0aD0iMSIgaGVpZ2h0PSIxIiB4bWxucz0iaHR0cDovL3d3dy53My5vcmcvMjAwMC9zdmciPjwvc3ZnPg==\" style=\"--smush-placeholder-width: 640px; --smush-placeholder-aspect-ratio: 640\/426;\" \/><\/a><\/figure><\/li><\/ul><\/figure>\n\n\n\n<p class=\"has-text-align-center\"><em>Yaris: teto solar el\u00e9trico e comandos de trocas junto ao volante; como nos outros, chave presencial e partida por bot\u00e3o<\/em><\/p>\n\n\n\n<div style=\"height:50px\" aria-hidden=\"true\" class=\"wp-block-spacer\"><\/div>\n\n\n\n<p>Exclusivos do Yaris s\u00e3o al\u00e7a de teto tamb\u00e9m para o motorista (\u00fatil para apoio de pessoas mais pesadas ao entrar e sair), apoio de bra\u00e7o central no banco traseiro, para-s\u00f3is com ilumina\u00e7\u00e3o nos espelhos, rebatimento el\u00e9trico dos espelhos, retrovisor interno <a href=\"https:\/\/autolivraria.com.br\/bc\/glossario-r\/#retr\" target=\"_blank\" rel=\"noreferrer noopener\">fotocr\u00f4mico<\/a> (que deixa passar mais luz aos olhos do que deveria) e teto solar com controle el\u00e9trico \u2014 o 208 tem o teto envidra\u00e7ado, bem maior, mas fixo. <\/p>\n\n\n\n<div style=\"height:50px\" aria-hidden=\"true\" class=\"wp-block-spacer\"><\/div>\n\n\n<div class='code-block code-block-6' style='margin: 28px auto; text-align: center; display: block; clear: both;'>\n<script async src=\"https:\/\/pagead2.googlesyndication.com\/pagead\/js\/adsbygoogle.js\"><\/script>\n<!-- AL-quadrado -->\n<ins class=\"adsbygoogle\"\n     style=\"display:block\"\n     data-ad-client=\"ca-pub-1914799802606213\"\n     data-ad-slot=\"5683066082\"\n     data-ad-format=\"auto\"\n     data-full-width-responsive=\"true\"><\/ins>\n<script>\n     (adsbygoogle = window.adsbygoogle || []).push({});\n<\/script><\/div>\n\n\n\n\n<div style=\"height:50px\" aria-hidden=\"true\" class=\"wp-block-spacer\"><\/div>\n\n\n\n<p>Carregador de celular por indu\u00e7\u00e3o e limitador de velocidade equipam Onix e 208; limpador de para-brisa autom\u00e1tico vem no Peugeot e no Toyota. Os tr\u00eas trazem ar-condicionado e far\u00f3is com controle autom\u00e1tico, chave presencial para acesso e partida (que no 208 trava e destrava as portas quando o usu\u00e1rio se afasta ou se aproxima, sem precisar de qualquer comando) e <a href=\"https:\/\/autolivraria.com.br\/bc\/glossario-c\/#cont\" target=\"_blank\" rel=\"noreferrer noopener\">controlador de velocidade<\/a>.<\/p>\n\n\n<a href='https:\/\/autolivraria.com.br\/bc\/informe-se\/avaliacao\/teste-comparativo-chevrolet-onix-premier-peugeot-208-griffe-toyota-yaris-xls-2021\/2\/' class='small-button smallsilver'>Pr\u00f3xima parte<\/a>\n\n\n\n<div style=\"height:50px\" aria-hidden=\"true\" class=\"wp-block-spacer\"><\/div>\n\n\n<div class='et-box et-shadow'>\n\t\t\t\t\t<div class='et-box-content'><h2>Pre\u00e7os<\/h2>\n<table id=\"table5989\" style=\"width: 100%;\" border=\"0\" cellspacing=\"0\" cellpadding=\"3\">\n<tbody>\n<tr>\n<td style=\"width: 40%;\">&nbsp;<\/td>\n<td style=\"width: 20%;\"><strong>Onix<\/strong><\/td>\n<td style=\"width: 20%;\"><strong>208<\/strong><\/td>\n<td style=\"width: 20%;\"><strong>Yaris<\/strong><\/td>\n<\/tr>\n<tr>\n<td style=\"width: 40%;\">Sem opcionais<\/td>\n<td style=\"width: 20%;\"><strong>R$ 78.890<\/strong><\/td>\n<td style=\"width: 20%;\">R$ 94.990<\/td>\n<td style=\"width: 20%;\">R$ 90.980<\/td>\n<\/tr>\n<tr>\n<td style=\"width: 40%;\">Como avaliado<\/td>\n<td style=\"width: 20%;\"><strong>R$ 82.090<\/strong><\/td>\n<td style=\"width: 20%;\">R$ 94.990<\/td>\n<td style=\"width: 20%;\">R$ 90.980<\/td>\n<\/tr>\n<tr>\n<td style=\"width: 40%;\">Completo<\/td>\n<td style=\"width: 20%;\"><strong>R$ 83.690<\/strong><\/td>\n<td style=\"width: 20%;\">R$ 96.880<\/td>\n<td style=\"width: 20%;\">R$ 92.780<\/td>\n<\/tr>\n<tr>\n<td colspan=\"4\" width=\"100%\">Pre\u00e7os sugeridos em 30\/11\/2020 para S\u00e3o Paulo, SP; apenas o pre\u00e7o completo inclui pinturas especiais; menores pre\u00e7os em destaque<\/td>\n<\/tr>\n<\/tbody>\n<\/table><\/div><\/div>\n\n\n<div style=\"height:50px\" aria-hidden=\"true\" class=\"wp-block-spacer\"><\/div>\n\n\n<div class='et-box et-shadow'>\n\t\t\t\t\t<div class='et-box-content'><h2>Equipamentos de s\u00e9rie e opcionais<\/h2>\n<p>&nbsp;\u2022&nbsp;<strong>Onix Premier<\/strong> \u2013 Alarme, ar-condicionado autom\u00e1tico, bancos com revestimento sint\u00e9tico, bolsas infl\u00e1veis laterais dianteiras e de cortina, c\u00e2mera traseira de manobras, carregador de celular por indu\u00e7\u00e3o, central de \u00e1udio com tela de 8 pol, <a href=\"https:\/\/autolivraria.com.br\/bc\/glossario-e\/#espe\">integra\u00e7\u00e3o a celular<\/a> por Android Auto e Apple Car Play e roteador de internet; chave presencial para acesso e partida, computador de bordo, controlador e <a href=\"https:\/\/autolivraria.com.br\/bc\/glossario-l\/#limi\">limitador<\/a>&nbsp;de velocidade,&nbsp;<a href=\"https:\/\/autolivraria.com.br\/bc\/glossario-c\/#esp\">controle eletr\u00f4nico de estabilidade e tra\u00e7\u00e3o<\/a>, far\u00f3is autom\u00e1ticos com regulagem el\u00e9trica de altura do facho, monitor de press\u00e3o dos pneus com indica\u00e7\u00e3o individual, rodas de alum\u00ednio de 16 pol, volante com ajuste em altura e dist\u00e2ncia. <strong>Opcionais:<\/strong>&nbsp;pacote com assistente de estacionamento, bancos com revestimento em preto e bege e sensores de estacionamento em todo o per\u00edmetro.<\/p>\n<p><strong>\u2022 208 Griffe &#8211;<\/strong> Alarme, ar-condicionado autom\u00e1tico, assistente de farol, assistente de sa\u00edda da faixa, bancos com revestimento em camur\u00e7a sint\u00e9tica, bolsas infl\u00e1veis laterais dianteiras e de cortina, c\u00e2mera traseira de manobras com vis\u00e3o de 180 graus, carregador de celular por indu\u00e7\u00e3o, central de \u00e1udio com tela de 7 pol e integra\u00e7\u00e3o a celular por Android Auto e Apple Car Play, chave presencial para acesso e partida, computador de bordo, controlador e limitador de velocidade, controle eletr\u00f4nico de estabilidade e tra\u00e7\u00e3o, far\u00f3is de leds autom\u00e1ticos, leitura de placas de velocidade, limpador de para-brisa autom\u00e1tico, monitor de aten\u00e7\u00e3o do motorista, monitor frontal com alerta de risco de colis\u00e3o e frenagem aut\u00f4noma de emerg\u00eancia, rodas de alum\u00ednio de 16 pol, sensor de estacionamento traseiro, teto panor\u00e2mico, volante com ajuste em altura e dist\u00e2ncia.<\/p>\n<p>\u2022&nbsp;<strong>Yaris XLS<\/strong> \u2013 Alarme volum\u00e9trico, ar-condicionado autom\u00e1tico, bancos com revestimento sint\u00e9tico, bolsas infl\u00e1veis laterais, de cortina e de joelhos para o motorista, c\u00e2mera traseira de manobras, chave presencial para acesso e partida, computador de bordo, controlador de velocidade, controle eletr\u00f4nico de estabilidade e tra\u00e7\u00e3o, far\u00f3is autom\u00e1ticos com regulagem el\u00e9trica de altura do facho, far\u00f3is e luz traseira de neblina, limpador de para-brisa autom\u00e1tico, para-s\u00f3is com espelho iluminado, retrovisor interno <a href=\"https:\/\/autolivraria.com.br\/bc\/glossario-r\/#retr\" target=\"_blank\" rel=\"noopener noreferrer\">fotocr\u00f4mico<\/a>, retrovisores externos com rebatimento el\u00e9trico, rodas de alum\u00ednio de 15 pol, sistema de \u00e1udio com tela de 7 pol e integra\u00e7\u00e3o a celular, teto solar com controle el\u00e9trico, volante com ajuste em altura.<\/p>\n<p><strong>\u2022&nbsp;<\/strong><strong>Garantia &#8211; <\/strong>Tr\u00eas anos sem limite de quilometragem.<\/p><\/div><\/div>\n\n<a href='https:\/\/autolivraria.com.br\/bc\/informe-se\/avaliacao\/teste-comparativo-chevrolet-onix-premier-peugeot-208-griffe-toyota-yaris-xls-2021\/2\/' class='small-button smallsilver'>Pr\u00f3xima parte<\/a>\n\n\n\n<div style=\"height:50px\" aria-hidden=\"true\" class=\"wp-block-spacer\"><\/div>\n\n\n<p><!--nextpage--><\/p>\n\n\n\n<figure class=\"wp-block-gallery columns-3 is-cropped wp-block-gallery-7 is-layout-flex wp-block-gallery-is-layout-flex\"><ul class=\"blocks-gallery-grid\"><li class=\"blocks-gallery-item\"><figure><a href=\"https:\/\/autolivraria.com.br\/bc\/wp-content\/uploads\/2020\/11\/Peugeot-208-Griffe-instr01.jpg\"><img decoding=\"async\" width=\"640\" height=\"426\" data-src=\"https:\/\/autolivraria.com.br\/bc\/wp-content\/uploads\/2020\/11\/Peugeot-208-Griffe-instr01.jpg\" alt=\"\" data-id=\"121386\" data-full-url=\"https:\/\/autolivraria.com.br\/bc\/wp-content\/uploads\/2020\/11\/Peugeot-208-Griffe-instr01.jpg\" data-link=\"https:\/\/autolivraria.com.br\/bc\/?attachment_id=121386\" class=\"wp-image-121386 lazyload\" data-srcset=\"https:\/\/autolivraria.com.br\/bc\/wp-content\/uploads\/2020\/11\/Peugeot-208-Griffe-instr01.jpg 640w, https:\/\/autolivraria.com.br\/bc\/wp-content\/uploads\/2020\/11\/Peugeot-208-Griffe-instr01-340x226.jpg 340w\" data-sizes=\"(max-width: 640px) 100vw, 640px\" src=\"data:image\/svg+xml;base64,PHN2ZyB3aWR0aD0iMSIgaGVpZ2h0PSIxIiB4bWxucz0iaHR0cDovL3d3dy53My5vcmcvMjAwMC9zdmciPjwvc3ZnPg==\" style=\"--smush-placeholder-width: 640px; --smush-placeholder-aspect-ratio: 640\/426;\" \/><\/a><figcaption class=\"blocks-gallery-item__caption\">208<\/figcaption><\/figure><\/li><li class=\"blocks-gallery-item\"><figure><a href=\"https:\/\/autolivraria.com.br\/bc\/wp-content\/uploads\/2020\/11\/Peugeot-208-Griffe-instr03.jpg\"><img decoding=\"async\" width=\"640\" height=\"426\" data-src=\"https:\/\/autolivraria.com.br\/bc\/wp-content\/uploads\/2020\/11\/Peugeot-208-Griffe-instr03.jpg\" alt=\"\" data-id=\"121388\" data-full-url=\"https:\/\/autolivraria.com.br\/bc\/wp-content\/uploads\/2020\/11\/Peugeot-208-Griffe-instr03.jpg\" data-link=\"https:\/\/autolivraria.com.br\/bc\/?attachment_id=121388\" class=\"wp-image-121388 lazyload\" data-srcset=\"https:\/\/autolivraria.com.br\/bc\/wp-content\/uploads\/2020\/11\/Peugeot-208-Griffe-instr03.jpg 640w, https:\/\/autolivraria.com.br\/bc\/wp-content\/uploads\/2020\/11\/Peugeot-208-Griffe-instr03-340x226.jpg 340w\" data-sizes=\"(max-width: 640px) 100vw, 640px\" src=\"data:image\/svg+xml;base64,PHN2ZyB3aWR0aD0iMSIgaGVpZ2h0PSIxIiB4bWxucz0iaHR0cDovL3d3dy53My5vcmcvMjAwMC9zdmciPjwvc3ZnPg==\" style=\"--smush-placeholder-width: 640px; --smush-placeholder-aspect-ratio: 640\/426;\" \/><\/a><\/figure><\/li><li class=\"blocks-gallery-item\"><figure><a href=\"https:\/\/autolivraria.com.br\/bc\/wp-content\/uploads\/2020\/11\/Peugeot-208-Griffe-instr02.jpg\"><img decoding=\"async\" width=\"640\" height=\"426\" data-src=\"https:\/\/autolivraria.com.br\/bc\/wp-content\/uploads\/2020\/11\/Peugeot-208-Griffe-instr02.jpg\" alt=\"\" data-id=\"121387\" data-full-url=\"https:\/\/autolivraria.com.br\/bc\/wp-content\/uploads\/2020\/11\/Peugeot-208-Griffe-instr02.jpg\" data-link=\"https:\/\/autolivraria.com.br\/bc\/?attachment_id=121387\" class=\"wp-image-121387 lazyload\" data-srcset=\"https:\/\/autolivraria.com.br\/bc\/wp-content\/uploads\/2020\/11\/Peugeot-208-Griffe-instr02.jpg 640w, https:\/\/autolivraria.com.br\/bc\/wp-content\/uploads\/2020\/11\/Peugeot-208-Griffe-instr02-340x226.jpg 340w\" data-sizes=\"(max-width: 640px) 100vw, 640px\" src=\"data:image\/svg+xml;base64,PHN2ZyB3aWR0aD0iMSIgaGVpZ2h0PSIxIiB4bWxucz0iaHR0cDovL3d3dy53My5vcmcvMjAwMC9zdmciPjwvc3ZnPg==\" style=\"--smush-placeholder-width: 640px; --smush-placeholder-aspect-ratio: 640\/426;\" \/><\/a><\/figure><\/li><li class=\"blocks-gallery-item\"><figure><a href=\"https:\/\/autolivraria.com.br\/bc\/wp-content\/uploads\/2020\/11\/Chevrolet-Onix-Premier-instr.jpg\"><img decoding=\"async\" width=\"640\" height=\"426\" data-src=\"https:\/\/autolivraria.com.br\/bc\/wp-content\/uploads\/2020\/11\/Chevrolet-Onix-Premier-instr.jpg\" alt=\"\" data-id=\"121380\" data-full-url=\"https:\/\/autolivraria.com.br\/bc\/wp-content\/uploads\/2020\/11\/Chevrolet-Onix-Premier-instr.jpg\" data-link=\"https:\/\/autolivraria.com.br\/bc\/?attachment_id=121380\" class=\"wp-image-121380 lazyload\" data-srcset=\"https:\/\/autolivraria.com.br\/bc\/wp-content\/uploads\/2020\/11\/Chevrolet-Onix-Premier-instr.jpg 640w, https:\/\/autolivraria.com.br\/bc\/wp-content\/uploads\/2020\/11\/Chevrolet-Onix-Premier-instr-340x226.jpg 340w\" data-sizes=\"(max-width: 640px) 100vw, 640px\" src=\"data:image\/svg+xml;base64,PHN2ZyB3aWR0aD0iMSIgaGVpZ2h0PSIxIiB4bWxucz0iaHR0cDovL3d3dy53My5vcmcvMjAwMC9zdmciPjwvc3ZnPg==\" style=\"--smush-placeholder-width: 640px; --smush-placeholder-aspect-ratio: 640\/426;\" \/><\/a><figcaption class=\"blocks-gallery-item__caption\">Onix<\/figcaption><\/figure><\/li><li class=\"blocks-gallery-item\"><figure><a href=\"https:\/\/autolivraria.com.br\/bc\/wp-content\/uploads\/2020\/11\/Toyota-Yaris-XLS-int02.jpg\"><img decoding=\"async\" width=\"640\" height=\"426\" data-src=\"https:\/\/autolivraria.com.br\/bc\/wp-content\/uploads\/2020\/11\/Toyota-Yaris-XLS-int02.jpg\" alt=\"\" data-id=\"121393\" data-full-url=\"https:\/\/autolivraria.com.br\/bc\/wp-content\/uploads\/2020\/11\/Toyota-Yaris-XLS-int02.jpg\" data-link=\"https:\/\/autolivraria.com.br\/bc\/?attachment_id=121393\" class=\"wp-image-121393 lazyload\" data-srcset=\"https:\/\/autolivraria.com.br\/bc\/wp-content\/uploads\/2020\/11\/Toyota-Yaris-XLS-int02.jpg 640w, https:\/\/autolivraria.com.br\/bc\/wp-content\/uploads\/2020\/11\/Toyota-Yaris-XLS-int02-340x226.jpg 340w\" data-sizes=\"(max-width: 640px) 100vw, 640px\" src=\"data:image\/svg+xml;base64,PHN2ZyB3aWR0aD0iMSIgaGVpZ2h0PSIxIiB4bWxucz0iaHR0cDovL3d3dy53My5vcmcvMjAwMC9zdmciPjwvc3ZnPg==\" style=\"--smush-placeholder-width: 640px; --smush-placeholder-aspect-ratio: 640\/426;\" \/><\/a><figcaption class=\"blocks-gallery-item__caption\">Yaris<\/figcaption><\/figure><\/li><\/ul><\/figure>\n\n\n\n<p class=\"has-text-align-center\"><em>Quadro digital do Peugeot oferece tr\u00eas modos e efeito tridimensional; os outros s\u00e3o simples, com mais informa\u00e7\u00f5es no Chevrolet<\/em><\/p>\n\n\n\n<div style=\"height:50px\" aria-hidden=\"true\" class=\"wp-block-spacer\"><\/div>\n\n\n\n<p>Alguns itens podem melhorar. Em todos falta a faixa degrad\u00ea no para-brisa. No Chevrolet o alerta de porta mal fechada n\u00e3o indica qual delas, os difusores de ar n\u00e3o permitem direcionar para o alto e os pain\u00e9is de porta traseiros usam a textura do painel, embora sem o tom bege, enquanto os dianteiros usam o tom bege, mas n\u00e3o a textura \u2014 parecem pertencer a carros diferentes. No Peugeot a ilumina\u00e7\u00e3o interna \u00e9 \u00ednfima, um s\u00f3 ponto na frente (embora melhor, a dos outros tamb\u00e9m deixa os passageiros de tr\u00e1s no escuro), e o aplique prateado sob a central de \u00e1udio \u00e0s vezes causa reflexos do Sol. Nos dois faltam ajuste de altura da ancoragem superior dos cintos dianteiros.<\/p>\n\n\n\n<div style=\"height:50px\" aria-hidden=\"true\" class=\"wp-block-spacer\"><\/div>\n\n\n<div class='code-block code-block-7' style='margin: 28px auto; text-align: center; display: block; clear: both;'>\n<script async src=\"https:\/\/pagead2.googlesyndication.com\/pagead\/js\/adsbygoogle.js\"><\/script>\n<!-- AL-quadrado -->\n<ins class=\"adsbygoogle\"\n     style=\"display:block\"\n     data-ad-client=\"ca-pub-1914799802606213\"\n     data-ad-slot=\"5683066082\"\n     data-ad-format=\"auto\"\n     data-full-width-responsive=\"true\"><\/ins>\n<script>\n     (adsbygoogle = window.adsbygoogle || []).push({});\n<\/script><\/div>\n\n\n\n\n<div style=\"height:50px\" aria-hidden=\"true\" class=\"wp-block-spacer\"><\/div>\n\n\n\n<p>O Toyota \u00e9 o \u00fanico sem comando a dist\u00e2ncia para abrir e fechar vidros, seu apoio de bra\u00e7o para o motorista fica baixo a ponto de pouco servir, os parafusos da base dos bancos dianteiros est\u00e3o bem \u00e0 mostra, n\u00e3o h\u00e1 bot\u00e3o da chave presencial na porta do passageiro, o controle el\u00e9trico de vidros segue o obtuso padr\u00e3o japon\u00eas (inibir os bot\u00f5es das portas traseiras deixa o passageiro com vidro bloqueado e o motorista sem comando sobre os demais) e o piso do porta-malas \u00e9 de uma simplicidade inaceit\u00e1vel.<\/p>\n\n\n\n<div style=\"height:50px\" aria-hidden=\"true\" class=\"wp-block-spacer\"><\/div>\n\n\n\n<figure class=\"wp-block-gallery columns-2 is-cropped wp-block-gallery-8 is-layout-flex wp-block-gallery-is-layout-flex\"><ul class=\"blocks-gallery-grid\"><li class=\"blocks-gallery-item\"><figure><a href=\"https:\/\/autolivraria.com.br\/bc\/wp-content\/uploads\/2020\/05\/Chevrolet-Onix-Premier-banco1.jpg\"><img decoding=\"async\" data-src=\"https:\/\/autolivraria.com.br\/bc\/wp-content\/uploads\/2020\/05\/Chevrolet-Onix-Premier-banco1.jpg\" alt=\"\" data-id=\"114473\" data-link=\"https:\/\/autolivraria.com.br\/bc\/informe-se\/avaliacao\/teste-comparativo-chevrolet-onix-premier-turbo-fiat-argo-trekking-2020\/attachment\/chevrolet-onix-premier-banco1\/\" class=\"wp-image-114473 lazyload\" src=\"data:image\/svg+xml;base64,PHN2ZyB3aWR0aD0iMSIgaGVpZ2h0PSIxIiB4bWxucz0iaHR0cDovL3d3dy53My5vcmcvMjAwMC9zdmciPjwvc3ZnPg==\" \/><\/a><figcaption class=\"blocks-gallery-item__caption\">Onix<\/figcaption><\/figure><\/li><li class=\"blocks-gallery-item\"><figure><a href=\"https:\/\/autolivraria.com.br\/bc\/wp-content\/uploads\/2020\/05\/Chevrolet-Onix-Premier-banco2.jpg\"><img decoding=\"async\" data-src=\"https:\/\/autolivraria.com.br\/bc\/wp-content\/uploads\/2020\/05\/Chevrolet-Onix-Premier-banco2.jpg\" alt=\"\" data-id=\"114474\" data-link=\"https:\/\/autolivraria.com.br\/bc\/informe-se\/avaliacao\/teste-comparativo-chevrolet-onix-premier-turbo-fiat-argo-trekking-2020\/attachment\/chevrolet-onix-premier-banco2\/\" class=\"wp-image-114474 lazyload\" src=\"data:image\/svg+xml;base64,PHN2ZyB3aWR0aD0iMSIgaGVpZ2h0PSIxIiB4bWxucz0iaHR0cDovL3d3dy53My5vcmcvMjAwMC9zdmciPjwvc3ZnPg==\" \/><\/a><\/figure><\/li><li class=\"blocks-gallery-item\"><figure><a href=\"https:\/\/autolivraria.com.br\/bc\/wp-content\/uploads\/2020\/11\/Peugeot-208-Griffe-banco1.jpg\"><img decoding=\"async\" width=\"640\" height=\"640\" data-src=\"https:\/\/autolivraria.com.br\/bc\/wp-content\/uploads\/2020\/11\/Peugeot-208-Griffe-banco1.jpg\" alt=\"\" data-id=\"121398\" data-link=\"https:\/\/autolivraria.com.br\/bc\/?attachment_id=121398\" class=\"wp-image-121398 lazyload\" data-srcset=\"https:\/\/autolivraria.com.br\/bc\/wp-content\/uploads\/2020\/11\/Peugeot-208-Griffe-banco1.jpg 640w, https:\/\/autolivraria.com.br\/bc\/wp-content\/uploads\/2020\/11\/Peugeot-208-Griffe-banco1-340x340.jpg 340w, https:\/\/autolivraria.com.br\/bc\/wp-content\/uploads\/2020\/11\/Peugeot-208-Griffe-banco1-222x222.jpg 222w\" data-sizes=\"(max-width: 640px) 100vw, 640px\" src=\"data:image\/svg+xml;base64,PHN2ZyB3aWR0aD0iMSIgaGVpZ2h0PSIxIiB4bWxucz0iaHR0cDovL3d3dy53My5vcmcvMjAwMC9zdmciPjwvc3ZnPg==\" style=\"--smush-placeholder-width: 640px; --smush-placeholder-aspect-ratio: 640\/640;\" \/><\/a><figcaption class=\"blocks-gallery-item__caption\">208<\/figcaption><\/figure><\/li><li class=\"blocks-gallery-item\"><figure><a href=\"https:\/\/autolivraria.com.br\/bc\/wp-content\/uploads\/2020\/11\/Peugeot-208-Griffe-banco2.jpg\"><img decoding=\"async\" width=\"640\" height=\"640\" data-src=\"https:\/\/autolivraria.com.br\/bc\/wp-content\/uploads\/2020\/11\/Peugeot-208-Griffe-banco2.jpg\" alt=\"\" data-id=\"121399\" data-full-url=\"https:\/\/autolivraria.com.br\/bc\/wp-content\/uploads\/2020\/11\/Peugeot-208-Griffe-banco2.jpg\" data-link=\"https:\/\/autolivraria.com.br\/bc\/?attachment_id=121399\" class=\"wp-image-121399 lazyload\" data-srcset=\"https:\/\/autolivraria.com.br\/bc\/wp-content\/uploads\/2020\/11\/Peugeot-208-Griffe-banco2.jpg 640w, https:\/\/autolivraria.com.br\/bc\/wp-content\/uploads\/2020\/11\/Peugeot-208-Griffe-banco2-340x340.jpg 340w, https:\/\/autolivraria.com.br\/bc\/wp-content\/uploads\/2020\/11\/Peugeot-208-Griffe-banco2-222x222.jpg 222w\" data-sizes=\"(max-width: 640px) 100vw, 640px\" src=\"data:image\/svg+xml;base64,PHN2ZyB3aWR0aD0iMSIgaGVpZ2h0PSIxIiB4bWxucz0iaHR0cDovL3d3dy53My5vcmcvMjAwMC9zdmciPjwvc3ZnPg==\" style=\"--smush-placeholder-width: 640px; --smush-placeholder-aspect-ratio: 640\/640;\" \/><\/a><\/figure><\/li><li class=\"blocks-gallery-item\"><figure><a href=\"https:\/\/autolivraria.com.br\/bc\/wp-content\/uploads\/2019\/02\/Toyota-Yaris-XLS-banco1.jpg\"><img decoding=\"async\" width=\"640\" height=\"640\" data-src=\"https:\/\/autolivraria.com.br\/bc\/wp-content\/uploads\/2019\/02\/Toyota-Yaris-XLS-banco1.jpg\" alt=\"\" data-id=\"101891\" data-link=\"https:\/\/autolivraria.com.br\/bc\/informe-se\/avaliacao\/teste-comparativo-desafio-honda-fit-exl-cvt-toyota-yaris-xls-cvt-2019\/attachment\/samsung-camera-pictures-446\/\" class=\"wp-image-101891 lazyload\" data-srcset=\"https:\/\/autolivraria.com.br\/bc\/wp-content\/uploads\/2019\/02\/Toyota-Yaris-XLS-banco1.jpg 640w, https:\/\/autolivraria.com.br\/bc\/wp-content\/uploads\/2019\/02\/Toyota-Yaris-XLS-banco1-222x222.jpg 222w, https:\/\/autolivraria.com.br\/bc\/wp-content\/uploads\/2019\/02\/Toyota-Yaris-XLS-banco1-340x340.jpg 340w, https:\/\/autolivraria.com.br\/bc\/wp-content\/uploads\/2019\/02\/Toyota-Yaris-XLS-banco1-420x420.jpg 420w\" data-sizes=\"(max-width: 640px) 100vw, 640px\" src=\"data:image\/svg+xml;base64,PHN2ZyB3aWR0aD0iMSIgaGVpZ2h0PSIxIiB4bWxucz0iaHR0cDovL3d3dy53My5vcmcvMjAwMC9zdmciPjwvc3ZnPg==\" style=\"--smush-placeholder-width: 640px; --smush-placeholder-aspect-ratio: 640\/640;\" \/><\/a><figcaption class=\"blocks-gallery-item__caption\">Yaris<\/figcaption><\/figure><\/li><li class=\"blocks-gallery-item\"><figure><a href=\"https:\/\/autolivraria.com.br\/bc\/wp-content\/uploads\/2019\/02\/Toyota-Yaris-XLS-banco2.jpg\"><img decoding=\"async\" width=\"640\" height=\"640\" data-src=\"https:\/\/autolivraria.com.br\/bc\/wp-content\/uploads\/2019\/02\/Toyota-Yaris-XLS-banco2.jpg\" alt=\"\" data-id=\"101892\" data-link=\"https:\/\/autolivraria.com.br\/bc\/informe-se\/avaliacao\/teste-comparativo-desafio-honda-fit-exl-cvt-toyota-yaris-xls-cvt-2019\/attachment\/samsung-camera-pictures-447\/\" class=\"wp-image-101892 lazyload\" data-srcset=\"https:\/\/autolivraria.com.br\/bc\/wp-content\/uploads\/2019\/02\/Toyota-Yaris-XLS-banco2.jpg 640w, https:\/\/autolivraria.com.br\/bc\/wp-content\/uploads\/2019\/02\/Toyota-Yaris-XLS-banco2-222x222.jpg 222w, https:\/\/autolivraria.com.br\/bc\/wp-content\/uploads\/2019\/02\/Toyota-Yaris-XLS-banco2-340x340.jpg 340w, https:\/\/autolivraria.com.br\/bc\/wp-content\/uploads\/2019\/02\/Toyota-Yaris-XLS-banco2-420x420.jpg 420w\" data-sizes=\"(max-width: 640px) 100vw, 640px\" src=\"data:image\/svg+xml;base64,PHN2ZyB3aWR0aD0iMSIgaGVpZ2h0PSIxIiB4bWxucz0iaHR0cDovL3d3dy53My5vcmcvMjAwMC9zdmciPjwvc3ZnPg==\" style=\"--smush-placeholder-width: 640px; --smush-placeholder-aspect-ratio: 640\/640;\" \/><\/a><\/figure><\/li><\/ul><\/figure>\n\n\n\n<p class=\"has-text-align-center\"><em>Espa\u00e7o para pernas \u00e9 maior no Yaris, enquanto Onix vence em altura e largura, mas nenhum \u00e9 amplo o bastante para tr\u00eas atr\u00e1s<\/em><\/p>\n\n\n\n<div style=\"height:50px\" aria-hidden=\"true\" class=\"wp-block-spacer\"><\/div>\n\n\n\n<p><strong>Posto do motorista<br><\/strong>O 208 mant\u00e9m o conceito de instrumentos em posi\u00e7\u00e3o elevada, lidos por cima do compacto volante, uma boa solu\u00e7\u00e3o por deix\u00e1-los mais perto do campo visual do motorista \u2014 embora possa complicar o ajuste de posi\u00e7\u00e3o a condutores que gostam de dire\u00e7\u00e3o mais alta. \u00c9 dele tamb\u00e9m o melhor banco, bem definido e com apoio adequado em cada parte. No Onix o assento \u00e9 estreito e apoia mal as coxas; no Yaris o suporte lombar \u00e9 escasso e o volante sem ajuste em dist\u00e2ncia fica mais longe do que deveria \u2014 mal que afetou o Corolla no passado \u2014, al\u00e9m de ficar enviesado, mais perto do bra\u00e7o direito.<\/p>\n\n\n\n<div style=\"height:50px\" aria-hidden=\"true\" class=\"wp-block-spacer\"><\/div>\n\n\n\n<blockquote class=\"wp-block-quote is-layout-flow wp-block-quote-is-layout-flow\"><p>Tanto o Onix quanto o 208 perderam espa\u00e7o para bagagem nas novas gera\u00e7\u00f5es: assim, deixam a desejar em rela\u00e7\u00e3o ao porte dos carros e ficam para tr\u00e1s do Yaris<\/p><\/blockquote>\n\n\n\n<div style=\"height:50px\" aria-hidden=\"true\" class=\"wp-block-spacer\"><\/div>\n\n\n\n<p>O quadro de instrumentos tamb\u00e9m faz sobressair o Peugeot, com \u00f3timo efeito (visual e para leitura) dos mostradores digitais que simulam elementos sobrepostos para um aspecto tridimensional. Pode-se escolher entre tr\u00eas padr\u00f5es, um deles com destaque ao monitor frontal e ao assistente de faixas, mas o conta-giros de poucas marca\u00e7\u00f5es se torna apenas refer\u00eancia. Entre os outros dois, vantagem do Onix \u00e9 informar o que resta da vida \u00fatil do \u00f3leo do motor.<\/p>\n\n\n\n<div style=\"height:50px\" aria-hidden=\"true\" class=\"wp-block-spacer\"><\/div>\n\n\n\n<figure class=\"wp-block-gallery columns-2 is-cropped wp-block-gallery-9 is-layout-flex wp-block-gallery-is-layout-flex\"><ul class=\"blocks-gallery-grid\"><li class=\"blocks-gallery-item\"><figure><a href=\"https:\/\/autolivraria.com.br\/bc\/wp-content\/uploads\/2020\/11\/Chevrolet-Onix-Premier-14.jpg\"><img decoding=\"async\" width=\"640\" height=\"426\" data-src=\"https:\/\/autolivraria.com.br\/bc\/wp-content\/uploads\/2020\/11\/Chevrolet-Onix-Premier-14.jpg\" alt=\"\" data-id=\"121405\" data-full-url=\"https:\/\/autolivraria.com.br\/bc\/wp-content\/uploads\/2020\/11\/Chevrolet-Onix-Premier-14.jpg\" data-link=\"https:\/\/autolivraria.com.br\/bc\/?attachment_id=121405\" class=\"wp-image-121405 lazyload\" data-srcset=\"https:\/\/autolivraria.com.br\/bc\/wp-content\/uploads\/2020\/11\/Chevrolet-Onix-Premier-14.jpg 640w, https:\/\/autolivraria.com.br\/bc\/wp-content\/uploads\/2020\/11\/Chevrolet-Onix-Premier-14-340x226.jpg 340w\" data-sizes=\"(max-width: 640px) 100vw, 640px\" src=\"data:image\/svg+xml;base64,PHN2ZyB3aWR0aD0iMSIgaGVpZ2h0PSIxIiB4bWxucz0iaHR0cDovL3d3dy53My5vcmcvMjAwMC9zdmciPjwvc3ZnPg==\" style=\"--smush-placeholder-width: 640px; --smush-placeholder-aspect-ratio: 640\/426;\" \/><\/a><figcaption class=\"blocks-gallery-item__caption\">Onix<\/figcaption><\/figure><\/li><li class=\"blocks-gallery-item\"><figure><a href=\"https:\/\/autolivraria.com.br\/bc\/wp-content\/uploads\/2020\/11\/Toyota-Yaris-XLS-14.jpg\"><img decoding=\"async\" width=\"640\" height=\"426\" data-src=\"https:\/\/autolivraria.com.br\/bc\/wp-content\/uploads\/2020\/11\/Toyota-Yaris-XLS-14.jpg\" alt=\"\" data-id=\"121403\" data-link=\"https:\/\/autolivraria.com.br\/bc\/?attachment_id=121403\" class=\"wp-image-121403 lazyload\" data-srcset=\"https:\/\/autolivraria.com.br\/bc\/wp-content\/uploads\/2020\/11\/Toyota-Yaris-XLS-14.jpg 640w, https:\/\/autolivraria.com.br\/bc\/wp-content\/uploads\/2020\/11\/Toyota-Yaris-XLS-14-340x226.jpg 340w\" data-sizes=\"(max-width: 640px) 100vw, 640px\" src=\"data:image\/svg+xml;base64,PHN2ZyB3aWR0aD0iMSIgaGVpZ2h0PSIxIiB4bWxucz0iaHR0cDovL3d3dy53My5vcmcvMjAwMC9zdmciPjwvc3ZnPg==\" style=\"--smush-placeholder-width: 640px; --smush-placeholder-aspect-ratio: 640\/426;\" \/><\/a><figcaption class=\"blocks-gallery-item__caption\">Yaris<\/figcaption><\/figure><\/li><li class=\"blocks-gallery-item\"><figure><a href=\"https:\/\/autolivraria.com.br\/bc\/wp-content\/uploads\/2020\/11\/Peugeot-208-Griffe-14.jpg\"><img decoding=\"async\" width=\"640\" height=\"426\" data-src=\"https:\/\/autolivraria.com.br\/bc\/wp-content\/uploads\/2020\/11\/Peugeot-208-Griffe-14.jpg\" alt=\"\" data-id=\"121404\" data-link=\"https:\/\/autolivraria.com.br\/bc\/?attachment_id=121404\" class=\"wp-image-121404 lazyload\" data-srcset=\"https:\/\/autolivraria.com.br\/bc\/wp-content\/uploads\/2020\/11\/Peugeot-208-Griffe-14.jpg 640w, https:\/\/autolivraria.com.br\/bc\/wp-content\/uploads\/2020\/11\/Peugeot-208-Griffe-14-340x226.jpg 340w\" data-sizes=\"(max-width: 640px) 100vw, 640px\" src=\"data:image\/svg+xml;base64,PHN2ZyB3aWR0aD0iMSIgaGVpZ2h0PSIxIiB4bWxucz0iaHR0cDovL3d3dy53My5vcmcvMjAwMC9zdmciPjwvc3ZnPg==\" style=\"--smush-placeholder-width: 640px; --smush-placeholder-aspect-ratio: 640\/426;\" \/><\/a><figcaption class=\"blocks-gallery-item__caption\">208<\/figcaption><\/figure><\/li><\/ul><\/figure>\n\n\n\n<p class=\"has-text-align-center\"><em>Far\u00f3is de leds do 208 s\u00e3o os mais eficientes; como o Onix, ele tem luzes diurnas, mas n\u00e3o far\u00f3is de neblina, que v\u00eam no Yaris<\/em><\/p>\n\n\n\n<div style=\"height:50px\" aria-hidden=\"true\" class=\"wp-block-spacer\"><\/div>\n\n\n\n<p>O 208 \u00e9 o \u00fanico a usar <a href=\"https:\/\/autolivraria.com.br\/bc\/glossario-l\/#led\" target=\"_blank\" rel=\"noreferrer noopener\">leds<\/a> nos far\u00f3is, que obt\u00eam grande efici\u00eancia e facho mais branco que os de l\u00e2mpadas hal\u00f3genas dos concorrentes. Os outros ao menos usam bons refletores duplos, sendo <a href=\"https:\/\/autolivraria.com.br\/bc\/glossario-e\/#elip\" target=\"_blank\" rel=\"noreferrer noopener\">elipsoidal<\/a> para o facho baixo. O Peugeot tem ainda leds para luzes diurnas como o Onix. S\u00f3 o Yaris traz far\u00f3is de neblina; os dois \u00faltimos t\u00eam a luz traseira de mesmo fim, aus\u00eancia inesperada no 208. Nos tr\u00eas a visibilidade \u00e9 adequada, com preju\u00edzo mediano \u00e0 vis\u00e3o dianteira pelas colunas.<\/p>\n\n\n\n<div style=\"height:50px\" aria-hidden=\"true\" class=\"wp-block-spacer\"><\/div>\n\n\n<div class='code-block code-block-6' style='margin: 28px auto; text-align: center; display: block; clear: both;'>\n<script async src=\"https:\/\/pagead2.googlesyndication.com\/pagead\/js\/adsbygoogle.js\"><\/script>\n<!-- AL-quadrado -->\n<ins class=\"adsbygoogle\"\n     style=\"display:block\"\n     data-ad-client=\"ca-pub-1914799802606213\"\n     data-ad-slot=\"5683066082\"\n     data-ad-format=\"auto\"\n     data-full-width-responsive=\"true\"><\/ins>\n<script>\n     (adsbygoogle = window.adsbygoogle || []).push({});\n<\/script><\/div>\n\n\n\n\n<div style=\"height:50px\" aria-hidden=\"true\" class=\"wp-block-spacer\"><\/div>\n\n\n\n<p><strong>Espa\u00e7o interno<br><\/strong>Hatches compactos n\u00e3o s\u00e3o os melhores carros para levar algu\u00e9m no banco traseiro, mas esses at\u00e9 que atendem \u00e0 necessidade mais comum. O Onix agrada mais em espa\u00e7o lateral e para cabe\u00e7a, e o Yaris, em acomoda\u00e7\u00e3o das pernas. Se nenhum oferece bom conforto para tr\u00eas adultos atr\u00e1s, o 208 \u00e9 o melhor acomoda o passageiro do meio pelas formas do banco.<\/p>\n\n\n\n<div style=\"height:50px\" aria-hidden=\"true\" class=\"wp-block-spacer\"><\/div>\n\n\n\n<figure class=\"wp-block-gallery columns-2 is-cropped wp-block-gallery-10 is-layout-flex wp-block-gallery-is-layout-flex\"><ul class=\"blocks-gallery-grid\"><li class=\"blocks-gallery-item\"><figure><a href=\"https:\/\/autolivraria.com.br\/bc\/wp-content\/uploads\/2020\/11\/Chevrolet-Onix-Premier-08.jpg\"><img decoding=\"async\" width=\"1280\" height=\"853\" data-src=\"https:\/\/autolivraria.com.br\/bc\/wp-content\/uploads\/2020\/11\/Chevrolet-Onix-Premier-08.jpg\" alt=\"\" data-id=\"121400\" data-link=\"https:\/\/autolivraria.com.br\/bc\/?attachment_id=121400\" class=\"wp-image-121400 lazyload\" data-srcset=\"https:\/\/autolivraria.com.br\/bc\/wp-content\/uploads\/2020\/11\/Chevrolet-Onix-Premier-08.jpg 1280w, https:\/\/autolivraria.com.br\/bc\/wp-content\/uploads\/2020\/11\/Chevrolet-Onix-Premier-08-340x227.jpg 340w, https:\/\/autolivraria.com.br\/bc\/wp-content\/uploads\/2020\/11\/Chevrolet-Onix-Premier-08-696x464.jpg 696w\" data-sizes=\"(max-width: 1280px) 100vw, 1280px\" src=\"data:image\/svg+xml;base64,PHN2ZyB3aWR0aD0iMSIgaGVpZ2h0PSIxIiB4bWxucz0iaHR0cDovL3d3dy53My5vcmcvMjAwMC9zdmciPjwvc3ZnPg==\" style=\"--smush-placeholder-width: 1280px; --smush-placeholder-aspect-ratio: 1280\/853;\" \/><\/a><figcaption class=\"blocks-gallery-item__caption\">Onix<\/figcaption><\/figure><\/li><li class=\"blocks-gallery-item\"><figure><a href=\"https:\/\/autolivraria.com.br\/bc\/wp-content\/uploads\/2020\/11\/Peugeot-208-Griffe-08a.jpg\"><img decoding=\"async\" width=\"1280\" height=\"853\" data-src=\"https:\/\/autolivraria.com.br\/bc\/wp-content\/uploads\/2020\/11\/Peugeot-208-Griffe-08a.jpg\" alt=\"\" data-id=\"121401\" data-link=\"https:\/\/autolivraria.com.br\/bc\/?attachment_id=121401\" class=\"wp-image-121401 lazyload\" data-srcset=\"https:\/\/autolivraria.com.br\/bc\/wp-content\/uploads\/2020\/11\/Peugeot-208-Griffe-08a.jpg 1280w, https:\/\/autolivraria.com.br\/bc\/wp-content\/uploads\/2020\/11\/Peugeot-208-Griffe-08a-340x227.jpg 340w, https:\/\/autolivraria.com.br\/bc\/wp-content\/uploads\/2020\/11\/Peugeot-208-Griffe-08a-696x464.jpg 696w\" data-sizes=\"(max-width: 1280px) 100vw, 1280px\" src=\"data:image\/svg+xml;base64,PHN2ZyB3aWR0aD0iMSIgaGVpZ2h0PSIxIiB4bWxucz0iaHR0cDovL3d3dy53My5vcmcvMjAwMC9zdmciPjwvc3ZnPg==\" style=\"--smush-placeholder-width: 1280px; --smush-placeholder-aspect-ratio: 1280\/853;\" \/><\/a><figcaption class=\"blocks-gallery-item__caption\">208<\/figcaption><\/figure><\/li><li class=\"blocks-gallery-item\"><figure><a href=\"https:\/\/autolivraria.com.br\/bc\/wp-content\/uploads\/2020\/11\/Toyota-Yaris-XLS-08.jpg\"><img decoding=\"async\" width=\"696\" height=\"464\" data-src=\"https:\/\/autolivraria.com.br\/bc\/wp-content\/uploads\/2020\/11\/Toyota-Yaris-XLS-08-696x464.jpg\" alt=\"\" data-id=\"121402\" data-full-url=\"https:\/\/autolivraria.com.br\/bc\/wp-content\/uploads\/2020\/11\/Toyota-Yaris-XLS-08.jpg\" data-link=\"https:\/\/autolivraria.com.br\/bc\/?attachment_id=121402\" class=\"wp-image-121402 lazyload\" data-srcset=\"https:\/\/autolivraria.com.br\/bc\/wp-content\/uploads\/2020\/11\/Toyota-Yaris-XLS-08-696x464.jpg 696w, https:\/\/autolivraria.com.br\/bc\/wp-content\/uploads\/2020\/11\/Toyota-Yaris-XLS-08-340x227.jpg 340w, https:\/\/autolivraria.com.br\/bc\/wp-content\/uploads\/2020\/11\/Toyota-Yaris-XLS-08.jpg 1280w\" data-sizes=\"(max-width: 696px) 100vw, 696px\" src=\"data:image\/svg+xml;base64,PHN2ZyB3aWR0aD0iMSIgaGVpZ2h0PSIxIiB4bWxucz0iaHR0cDovL3d3dy53My5vcmcvMjAwMC9zdmciPjwvc3ZnPg==\" style=\"--smush-placeholder-width: 696px; --smush-placeholder-aspect-ratio: 696\/464;\" \/><\/a><figcaption class=\"blocks-gallery-item__caption\">Yaris<\/figcaption><\/figure><\/li><\/ul><\/figure>\n\n\n\n<p class=\"has-text-align-center\"><em>Capacidade de bagagem de 310 litros \u00e9 vantagem do Toyota, pois os oponentes perderam espa\u00e7o nas novas gera\u00e7\u00f5es<\/em><\/p>\n\n\n\n<div style=\"height:50px\" aria-hidden=\"true\" class=\"wp-block-spacer\"><\/div>\n\n\n\n<p><strong>Porta-malas<br><\/strong>Tanto o Onix quanto o 208 perderam espa\u00e7o para bagagem nas novas gera\u00e7\u00f5es. O Chevrolet caiu de 289 para 275 litros, e o Peugeot, de 285 para 265 litros. Assim, ambos deixam a desejar em rela\u00e7\u00e3o ao porte dos carros e ficam para tr\u00e1s do Yaris, que oferece 310 litros de capacidade. No Peugeot falta banco traseiro bipartido, inaceit\u00e1vel em um modelo de seu pre\u00e7o. Ele e o Onix usam estepe tempor\u00e1rio, bem fino. O do Yaris \u00e9 um pneu comum de 14 pol, menos restritivo quando posto para rodar, mas in\u00fatil para rod\u00edzio ou reposi\u00e7\u00e3o.<\/p>\n\n\n\n<div style=\"height:50px\" aria-hidden=\"true\" class=\"wp-block-spacer\"><\/div>\n\n\n<div class='code-block code-block-11' style='margin: 8px auto; text-align: center; display: block; clear: both;'>\n<script async src=\"https:\/\/pagead2.googlesyndication.com\/pagead\/js\/adsbygoogle.js\"><\/script>\n<!-- AL-quadrado -->\n<ins class=\"adsbygoogle\"\n     style=\"display:block\"\n     data-ad-client=\"ca-pub-1914799802606213\"\n     data-ad-slot=\"5683066082\"\n     data-ad-format=\"auto\"\n     data-full-width-responsive=\"true\"><\/ins>\n<script>\n     (adsbygoogle = window.adsbygoogle || []).push({});\n<\/script><\/div>\n\n\n\n\n<div style=\"height:50px\" aria-hidden=\"true\" class=\"wp-block-spacer\"><\/div>\n\n\n\n<p><strong>Motor e desempenho<br><\/strong>Apenas o Onix tem motor de tr\u00eas cilindros e com turbocompressor, o que lhe garante o maior torque do grupo, mas sem vantagem em pot\u00eancia (<em>veja ficha t\u00e9cnica na p\u00e1gina 3<\/em>). Ele \u00e9 tamb\u00e9m o mais leve por pequena margem. Essa combina\u00e7\u00e3o, mais o fato de que o motor turbo n\u00e3o perde desempenho com a altitude \u2014 testamos os carros 600 metros acima do n\u00edvel do mar \u2014, garantiu ao Chevrolet as melhores acelera\u00e7\u00f5es e retomadas, como de 0 a 100 km\/h em 10,2 segundos contra 11,5 s do Yaris e 12,2 s do 208.<\/p>\n\n\n<a href='https:\/\/autolivraria.com.br\/bc\/informe-se\/avaliacao\/teste-comparativo-chevrolet-onix-premier-peugeot-208-griffe-toyota-yaris-xls-2021\/3\/' class='small-button smallsilver'>Pr\u00f3xima parte<\/a>\n\n\n\n<div style=\"height:50px\" aria-hidden=\"true\" class=\"wp-block-spacer\"><\/div>\n\n\n<div class='et-box et-shadow'>\n\t\t\t\t\t<div class='et-box-content'><h2>Desempenho e consumo<\/h2>\n<table id=\"table6087\" border=\"0\" cellspacing=\"0\" cellpadding=\"5\">\n<tbody>\n<tr>\n<td style=\"width: 40%;\">&nbsp;<\/td>\n<td style=\"width: 20%;\"><strong>Onix<\/strong><\/td>\n<td style=\"width: 20%;\"><strong>208<\/strong><\/td>\n<td style=\"width: 20%;\"><strong>Yaris<\/strong><\/td>\n<\/tr>\n<tr>\n<td colspan=\"4\"><strong>Acelera\u00e7\u00e3o<\/strong><\/td>\n<\/tr>\n<tr>\n<td>0 a 100 km\/h<\/td>\n<td><strong>10,2 s<\/strong><\/td>\n<td>12,2 s<\/td>\n<td>11,5 s<\/td>\n<\/tr>\n<tr>\n<td>0 a 120 km\/h<\/td>\n<td><strong>14,3 s<\/strong><\/td>\n<td>17,1 s<\/td>\n<td>16,2 s<\/td>\n<\/tr>\n<tr>\n<td>0 a 400 m<\/td>\n<td><strong>17,3 s<\/strong><\/td>\n<td>18,7 s<\/td>\n<td>18,2 s<\/td>\n<\/tr>\n<tr>\n<td colspan=\"4\"><strong>Retomada*<\/strong><\/td>\n<\/tr>\n<tr>\n<td>60 a 100 km\/h<\/td>\n<td><strong>5,5 s<\/strong><\/td>\n<td>6,7 s<\/td>\n<td>7,1 s<\/td>\n<\/tr>\n<tr>\n<td>60 a 120 km\/h<\/td>\n<td><strong>9,9 s<\/strong><\/td>\n<td>12,3 s<\/td>\n<td>11,6 s<\/td>\n<\/tr>\n<tr>\n<td>80 a 120 km\/h<\/td>\n<td><strong>7,2 s<\/strong><\/td>\n<td>8,8 s<\/td>\n<td>8,6 s<\/td>\n<\/tr>\n<tr>\n<td colspan=\"4\"><strong>Consumo<\/strong><\/td>\n<\/tr>\n<tr>\n<td>Trajeto leve em cidade<\/td>\n<td><strong>15,5 km\/l<\/strong><\/td>\n<td>13,8 km\/l<\/td>\n<td>14,5 km\/l<\/td>\n<\/tr>\n<tr>\n<td>Trajeto exigente em cidade<\/td>\n<td><strong>8,1 km\/l<\/strong><\/td>\n<td>7,2 km\/l<\/td>\n<td>7,5 km\/l<\/td>\n<\/tr>\n<tr>\n<td>Trajeto em rodovia<\/td>\n<td><strong>14,2 km\/l<\/strong><\/td>\n<td>12,9 km\/l<\/td>\n<td>13,0 km\/l<\/td>\n<\/tr>\n<tr>\n<td colspan=\"4\" width=\"100%\">Testes com gasolina; melhores resultados em negrito; *com redu\u00e7\u00f5es autom\u00e1ticas;&nbsp;<a title=\"M\u00e9todos de medi\u00e7\u00e3o de desempenho e consumo\" href=\"https:\/\/autolivraria.com.br\/bc\/metodos-de-medicao-de-desempenho-e-consumo\/\" target=\"_blank\" rel=\"noopener noreferrer\">conhe\u00e7a nossos m\u00e9todos de medi\u00e7\u00e3o<\/a><\/td>\n<\/tr>\n<\/tbody>\n<\/table><\/div><\/div>\n\n<a href='https:\/\/autolivraria.com.br\/bc\/informe-se\/avaliacao\/teste-comparativo-chevrolet-onix-premier-peugeot-208-griffe-toyota-yaris-xls-2021\/3\/' class='small-button smallsilver'>Pr\u00f3xima parte<\/a>\n\n\n\n<div style=\"height:50px\" aria-hidden=\"true\" class=\"wp-block-spacer\"><\/div>\n\n\n<p><!--nextpage--><\/p>\n\n\n\n<figure class=\"wp-block-gallery columns-2 is-cropped wp-block-gallery-11 is-layout-flex wp-block-gallery-is-layout-flex\"><ul class=\"blocks-gallery-grid\"><li class=\"blocks-gallery-item\"><figure><a href=\"https:\/\/autolivraria.com.br\/bc\/wp-content\/uploads\/2020\/11\/Chevrolet-Onix-Premier-motor.jpg\"><img decoding=\"async\" width=\"640\" height=\"426\" data-src=\"https:\/\/autolivraria.com.br\/bc\/wp-content\/uploads\/2020\/11\/Chevrolet-Onix-Premier-motor.jpg\" alt=\"\" data-id=\"121406\" data-link=\"https:\/\/autolivraria.com.br\/bc\/?attachment_id=121406\" class=\"wp-image-121406 lazyload\" data-srcset=\"https:\/\/autolivraria.com.br\/bc\/wp-content\/uploads\/2020\/11\/Chevrolet-Onix-Premier-motor.jpg 640w, https:\/\/autolivraria.com.br\/bc\/wp-content\/uploads\/2020\/11\/Chevrolet-Onix-Premier-motor-340x226.jpg 340w\" data-sizes=\"(max-width: 640px) 100vw, 640px\" src=\"data:image\/svg+xml;base64,PHN2ZyB3aWR0aD0iMSIgaGVpZ2h0PSIxIiB4bWxucz0iaHR0cDovL3d3dy53My5vcmcvMjAwMC9zdmciPjwvc3ZnPg==\" style=\"--smush-placeholder-width: 640px; --smush-placeholder-aspect-ratio: 640\/426;\" \/><\/a><figcaption class=\"blocks-gallery-item__caption\">Onix<\/figcaption><\/figure><\/li><li class=\"blocks-gallery-item\"><figure><a href=\"https:\/\/autolivraria.com.br\/bc\/wp-content\/uploads\/2020\/11\/Chevrolet-Onix-Premier-m02.jpg\"><img decoding=\"async\" width=\"1280\" height=\"853\" data-src=\"https:\/\/autolivraria.com.br\/bc\/wp-content\/uploads\/2020\/11\/Chevrolet-Onix-Premier-m02.jpg\" alt=\"\" data-id=\"121407\" data-link=\"https:\/\/autolivraria.com.br\/bc\/?attachment_id=121407\" class=\"wp-image-121407 lazyload\" data-srcset=\"https:\/\/autolivraria.com.br\/bc\/wp-content\/uploads\/2020\/11\/Chevrolet-Onix-Premier-m02.jpg 1280w, https:\/\/autolivraria.com.br\/bc\/wp-content\/uploads\/2020\/11\/Chevrolet-Onix-Premier-m02-340x227.jpg 340w, https:\/\/autolivraria.com.br\/bc\/wp-content\/uploads\/2020\/11\/Chevrolet-Onix-Premier-m02-696x464.jpg 696w\" data-sizes=\"(max-width: 1280px) 100vw, 1280px\" src=\"data:image\/svg+xml;base64,PHN2ZyB3aWR0aD0iMSIgaGVpZ2h0PSIxIiB4bWxucz0iaHR0cDovL3d3dy53My5vcmcvMjAwMC9zdmciPjwvc3ZnPg==\" style=\"--smush-placeholder-width: 1280px; --smush-placeholder-aspect-ratio: 1280\/853;\" \/><\/a><\/figure><\/li><li class=\"blocks-gallery-item\"><figure><a href=\"https:\/\/autolivraria.com.br\/bc\/wp-content\/uploads\/2020\/11\/Peugeot-208-Griffe-motor.jpg\"><img decoding=\"async\" width=\"640\" height=\"426\" data-src=\"https:\/\/autolivraria.com.br\/bc\/wp-content\/uploads\/2020\/11\/Peugeot-208-Griffe-motor.jpg\" alt=\"\" data-id=\"121410\" data-link=\"https:\/\/autolivraria.com.br\/bc\/?attachment_id=121410\" class=\"wp-image-121410 lazyload\" data-srcset=\"https:\/\/autolivraria.com.br\/bc\/wp-content\/uploads\/2020\/11\/Peugeot-208-Griffe-motor.jpg 640w, https:\/\/autolivraria.com.br\/bc\/wp-content\/uploads\/2020\/11\/Peugeot-208-Griffe-motor-340x226.jpg 340w\" data-sizes=\"(max-width: 640px) 100vw, 640px\" src=\"data:image\/svg+xml;base64,PHN2ZyB3aWR0aD0iMSIgaGVpZ2h0PSIxIiB4bWxucz0iaHR0cDovL3d3dy53My5vcmcvMjAwMC9zdmciPjwvc3ZnPg==\" style=\"--smush-placeholder-width: 640px; --smush-placeholder-aspect-ratio: 640\/426;\" \/><\/a><figcaption class=\"blocks-gallery-item__caption\">208<\/figcaption><\/figure><\/li><li class=\"blocks-gallery-item\"><figure><a href=\"https:\/\/autolivraria.com.br\/bc\/wp-content\/uploads\/2020\/11\/Peugeot-208-Griffe-m02.jpg\"><img decoding=\"async\" width=\"1280\" height=\"853\" data-src=\"https:\/\/autolivraria.com.br\/bc\/wp-content\/uploads\/2020\/11\/Peugeot-208-Griffe-m02.jpg\" alt=\"\" data-id=\"121408\" data-link=\"https:\/\/autolivraria.com.br\/bc\/?attachment_id=121408\" class=\"wp-image-121408 lazyload\" data-srcset=\"https:\/\/autolivraria.com.br\/bc\/wp-content\/uploads\/2020\/11\/Peugeot-208-Griffe-m02.jpg 1280w, https:\/\/autolivraria.com.br\/bc\/wp-content\/uploads\/2020\/11\/Peugeot-208-Griffe-m02-340x227.jpg 340w, https:\/\/autolivraria.com.br\/bc\/wp-content\/uploads\/2020\/11\/Peugeot-208-Griffe-m02-696x464.jpg 696w\" data-sizes=\"(max-width: 1280px) 100vw, 1280px\" src=\"data:image\/svg+xml;base64,PHN2ZyB3aWR0aD0iMSIgaGVpZ2h0PSIxIiB4bWxucz0iaHR0cDovL3d3dy53My5vcmcvMjAwMC9zdmciPjwvc3ZnPg==\" style=\"--smush-placeholder-width: 1280px; --smush-placeholder-aspect-ratio: 1280\/853;\" \/><\/a><\/figure><\/li><li class=\"blocks-gallery-item\"><figure><a href=\"https:\/\/autolivraria.com.br\/bc\/wp-content\/uploads\/2020\/11\/Toyota-Yaris-XLS-motor.jpg\"><img decoding=\"async\" width=\"640\" height=\"426\" data-src=\"https:\/\/autolivraria.com.br\/bc\/wp-content\/uploads\/2020\/11\/Toyota-Yaris-XLS-motor.jpg\" alt=\"\" data-id=\"121411\" data-full-url=\"https:\/\/autolivraria.com.br\/bc\/wp-content\/uploads\/2020\/11\/Toyota-Yaris-XLS-motor.jpg\" data-link=\"https:\/\/autolivraria.com.br\/bc\/?attachment_id=121411\" class=\"wp-image-121411 lazyload\" data-srcset=\"https:\/\/autolivraria.com.br\/bc\/wp-content\/uploads\/2020\/11\/Toyota-Yaris-XLS-motor.jpg 640w, https:\/\/autolivraria.com.br\/bc\/wp-content\/uploads\/2020\/11\/Toyota-Yaris-XLS-motor-340x226.jpg 340w\" data-sizes=\"(max-width: 640px) 100vw, 640px\" src=\"data:image\/svg+xml;base64,PHN2ZyB3aWR0aD0iMSIgaGVpZ2h0PSIxIiB4bWxucz0iaHR0cDovL3d3dy53My5vcmcvMjAwMC9zdmciPjwvc3ZnPg==\" style=\"--smush-placeholder-width: 640px; --smush-placeholder-aspect-ratio: 640\/426;\" \/><\/a><figcaption class=\"blocks-gallery-item__caption\">Yaris<\/figcaption><\/figure><\/li><li class=\"blocks-gallery-item\"><figure><a href=\"https:\/\/autolivraria.com.br\/bc\/wp-content\/uploads\/2020\/11\/Toyota-Yaris-XLS-m02.jpg\"><img decoding=\"async\" width=\"1280\" height=\"853\" data-src=\"https:\/\/autolivraria.com.br\/bc\/wp-content\/uploads\/2020\/11\/Toyota-Yaris-XLS-m02.jpg\" alt=\"\" data-id=\"121409\" data-full-url=\"https:\/\/autolivraria.com.br\/bc\/wp-content\/uploads\/2020\/11\/Toyota-Yaris-XLS-m02.jpg\" data-link=\"https:\/\/autolivraria.com.br\/bc\/?attachment_id=121409\" class=\"wp-image-121409 lazyload\" data-srcset=\"https:\/\/autolivraria.com.br\/bc\/wp-content\/uploads\/2020\/11\/Toyota-Yaris-XLS-m02.jpg 1280w, https:\/\/autolivraria.com.br\/bc\/wp-content\/uploads\/2020\/11\/Toyota-Yaris-XLS-m02-340x227.jpg 340w, https:\/\/autolivraria.com.br\/bc\/wp-content\/uploads\/2020\/11\/Toyota-Yaris-XLS-m02-696x464.jpg 696w\" data-sizes=\"(max-width: 1280px) 100vw, 1280px\" src=\"data:image\/svg+xml;base64,PHN2ZyB3aWR0aD0iMSIgaGVpZ2h0PSIxIiB4bWxucz0iaHR0cDovL3d3dy53My5vcmcvMjAwMC9zdmciPjwvc3ZnPg==\" style=\"--smush-placeholder-width: 1280px; --smush-placeholder-aspect-ratio: 1280\/853;\" \/><\/a><\/figure><\/li><\/ul><\/figure>\n\n\n\n<p class=\"has-text-align-center\"><em>Efici\u00eancia do motor turbo do Onix \u00e9 inquestion\u00e1vel: ele concilia o melhor desempenho com o menor consumo entre os tr\u00eas<\/em><\/p>\n\n\n\n<div style=\"height:50px\" aria-hidden=\"true\" class=\"wp-block-spacer\"><\/div>\n\n\n\n<p>Embora com disposi\u00e7\u00e3o adequada ao dia a dia, o Peugeot realmente poderia oferecer um motor turbo e mais potente, at\u00e9 porque o chassi tem folga para isso, como veremos. H\u00e1 tamb\u00e9m alguma aspereza em regimes mais altos, assim como no Yaris, que \u00e9 o mais ruidoso dos tr\u00eas nessas condi\u00e7\u00f5es. No Onix percebe-se leve oscila\u00e7\u00e3o em marcha-lenta e em alta rota\u00e7\u00e3o, causada pelos tr\u00eas cilindros.<\/p>\n\n\n\n<div style=\"height:50px\" aria-hidden=\"true\" class=\"wp-block-spacer\"><\/div>\n\n\n<div class='code-block code-block-7' style='margin: 28px auto; text-align: center; display: block; clear: both;'>\n<script async src=\"https:\/\/pagead2.googlesyndication.com\/pagead\/js\/adsbygoogle.js\"><\/script>\n<!-- AL-quadrado -->\n<ins class=\"adsbygoogle\"\n     style=\"display:block\"\n     data-ad-client=\"ca-pub-1914799802606213\"\n     data-ad-slot=\"5683066082\"\n     data-ad-format=\"auto\"\n     data-full-width-responsive=\"true\"><\/ins>\n<script>\n     (adsbygoogle = window.adsbygoogle || []).push({});\n<\/script><\/div>\n\n\n\n\n<div style=\"height:50px\" aria-hidden=\"true\" class=\"wp-block-spacer\"><\/div>\n\n\n\n<p>Onix e 208 usam transmiss\u00e3o autom\u00e1tica epic\u00edclica de seis marchas, enquanto o Yaris tem uma de <a href=\"https:\/\/autolivraria.com.br\/bc\/glossario-c\/#cvt\" target=\"_blank\" rel=\"noreferrer noopener\">varia\u00e7\u00e3o cont\u00ednua (CVT)<\/a> com simula\u00e7\u00e3o de sete marchas. Todas operam bem, mas a do Toyota \u00e0s vezes responde em excesso ao comando do acelerador, elevando a rota\u00e7\u00e3o al\u00e9m do desejado. H\u00e1 tamb\u00e9m diferen\u00e7as de opera\u00e7\u00e3o. No Peugeot fazem-se mudan\u00e7as manuais pela alavanca (com redu\u00e7\u00f5es para frente), e no Toyota, tanto por ela quanto pelos comandos do volante, com trocas autom\u00e1ticas para cima no limite de rota\u00e7\u00f5es. Ao acelerar a pleno em modo manual, o 208 faz redu\u00e7\u00e3o e o Yaris n\u00e3o.<\/p>\n\n\n\n<div style=\"height:50px\" aria-hidden=\"true\" class=\"wp-block-spacer\"><\/div>\n\n\n\n<figure class=\"wp-block-gallery columns-3 is-cropped wp-block-gallery-12 is-layout-flex wp-block-gallery-is-layout-flex\"><ul class=\"blocks-gallery-grid\"><li class=\"blocks-gallery-item\"><figure><a href=\"https:\/\/autolivraria.com.br\/bc\/wp-content\/uploads\/2020\/11\/Chevrolet-Onix-Premier-cambio.jpg\"><img decoding=\"async\" width=\"640\" height=\"640\" data-src=\"https:\/\/autolivraria.com.br\/bc\/wp-content\/uploads\/2020\/11\/Chevrolet-Onix-Premier-cambio.jpg\" alt=\"\" data-id=\"121414\" data-full-url=\"https:\/\/autolivraria.com.br\/bc\/wp-content\/uploads\/2020\/11\/Chevrolet-Onix-Premier-cambio.jpg\" data-link=\"https:\/\/autolivraria.com.br\/bc\/?attachment_id=121414\" class=\"wp-image-121414 lazyload\" data-srcset=\"https:\/\/autolivraria.com.br\/bc\/wp-content\/uploads\/2020\/11\/Chevrolet-Onix-Premier-cambio.jpg 640w, https:\/\/autolivraria.com.br\/bc\/wp-content\/uploads\/2020\/11\/Chevrolet-Onix-Premier-cambio-340x340.jpg 340w, https:\/\/autolivraria.com.br\/bc\/wp-content\/uploads\/2020\/11\/Chevrolet-Onix-Premier-cambio-222x222.jpg 222w\" data-sizes=\"(max-width: 640px) 100vw, 640px\" src=\"data:image\/svg+xml;base64,PHN2ZyB3aWR0aD0iMSIgaGVpZ2h0PSIxIiB4bWxucz0iaHR0cDovL3d3dy53My5vcmcvMjAwMC9zdmciPjwvc3ZnPg==\" style=\"--smush-placeholder-width: 640px; --smush-placeholder-aspect-ratio: 640\/640;\" \/><\/a><figcaption class=\"blocks-gallery-item__caption\">Onix<\/figcaption><\/figure><\/li><li class=\"blocks-gallery-item\"><figure><a href=\"https:\/\/autolivraria.com.br\/bc\/wp-content\/uploads\/2020\/11\/Peugeot-208-Griffe-cambio.jpg\"><img decoding=\"async\" width=\"640\" height=\"640\" data-src=\"https:\/\/autolivraria.com.br\/bc\/wp-content\/uploads\/2020\/11\/Peugeot-208-Griffe-cambio.jpg\" alt=\"\" data-id=\"121412\" data-full-url=\"https:\/\/autolivraria.com.br\/bc\/wp-content\/uploads\/2020\/11\/Peugeot-208-Griffe-cambio.jpg\" data-link=\"https:\/\/autolivraria.com.br\/bc\/?attachment_id=121412\" class=\"wp-image-121412 lazyload\" data-srcset=\"https:\/\/autolivraria.com.br\/bc\/wp-content\/uploads\/2020\/11\/Peugeot-208-Griffe-cambio.jpg 640w, https:\/\/autolivraria.com.br\/bc\/wp-content\/uploads\/2020\/11\/Peugeot-208-Griffe-cambio-340x340.jpg 340w, https:\/\/autolivraria.com.br\/bc\/wp-content\/uploads\/2020\/11\/Peugeot-208-Griffe-cambio-222x222.jpg 222w\" data-sizes=\"(max-width: 640px) 100vw, 640px\" src=\"data:image\/svg+xml;base64,PHN2ZyB3aWR0aD0iMSIgaGVpZ2h0PSIxIiB4bWxucz0iaHR0cDovL3d3dy53My5vcmcvMjAwMC9zdmciPjwvc3ZnPg==\" style=\"--smush-placeholder-width: 640px; --smush-placeholder-aspect-ratio: 640\/640;\" \/><\/a><figcaption class=\"blocks-gallery-item__caption\">208<\/figcaption><\/figure><\/li><li class=\"blocks-gallery-item\"><figure><a href=\"https:\/\/autolivraria.com.br\/bc\/wp-content\/uploads\/2020\/11\/Toyota-Yaris-XLS-cambio-1.jpg\"><img decoding=\"async\" width=\"640\" height=\"640\" data-src=\"https:\/\/autolivraria.com.br\/bc\/wp-content\/uploads\/2020\/11\/Toyota-Yaris-XLS-cambio-1.jpg\" alt=\"\" data-id=\"121413\" data-full-url=\"https:\/\/autolivraria.com.br\/bc\/wp-content\/uploads\/2020\/11\/Toyota-Yaris-XLS-cambio-1.jpg\" data-link=\"https:\/\/autolivraria.com.br\/bc\/?attachment_id=121413\" class=\"wp-image-121413 lazyload\" data-srcset=\"https:\/\/autolivraria.com.br\/bc\/wp-content\/uploads\/2020\/11\/Toyota-Yaris-XLS-cambio-1.jpg 640w, https:\/\/autolivraria.com.br\/bc\/wp-content\/uploads\/2020\/11\/Toyota-Yaris-XLS-cambio-1-340x340.jpg 340w, https:\/\/autolivraria.com.br\/bc\/wp-content\/uploads\/2020\/11\/Toyota-Yaris-XLS-cambio-1-222x222.jpg 222w\" data-sizes=\"(max-width: 640px) 100vw, 640px\" src=\"data:image\/svg+xml;base64,PHN2ZyB3aWR0aD0iMSIgaGVpZ2h0PSIxIiB4bWxucz0iaHR0cDovL3d3dy53My5vcmcvMjAwMC9zdmciPjwvc3ZnPg==\" style=\"--smush-placeholder-width: 640px; --smush-placeholder-aspect-ratio: 640\/640;\" \/><\/a><figcaption class=\"blocks-gallery-item__caption\">Yaris<\/figcaption><\/figure><\/li><\/ul><\/figure>\n\n\n\n<p class=\"has-text-align-center\"><em>Caixa CVT com comandos no volante no Toyota e autom\u00e1tica comum nos outros; o Chevrolet \u00e9 limitado em sele\u00e7\u00e3o de marchas<\/em><\/p>\n\n\n\n<div style=\"height:50px\" aria-hidden=\"true\" class=\"wp-block-spacer\"><\/div>\n\n\n\n<p>No Chevrolet pode-se apenas selecionar a marcha mais alta a ser usada, deixando para a caixa escolher outra abaixo dela (por exemplo, ao selecionar 4, ela pode usar de primeira a quarta). N\u00e3o \u00e9 o que se espera de um comando manual. Ele tamb\u00e9m oferece a posi\u00e7\u00e3o L, que for\u00e7a marchas baixas para obter freio-motor, \u00fatil em descidas de serra \u00edngremes. Apenas o 208 disp\u00f5e de tr\u00eas programas de opera\u00e7\u00e3o da caixa: normal, eco (para economia) e esportivo.<\/p>\n\n\n\n<div style=\"height:50px\" aria-hidden=\"true\" class=\"wp-block-spacer\"><\/div>\n\n\n\n<blockquote class=\"wp-block-quote is-layout-flow wp-block-quote-is-layout-flow\"><p>Motor turbo e o maior torque do grupo garantem ao Onix as melhores acelera\u00e7\u00f5es e retomadas, como de 0 a 100 km\/h em 10,2 segundos contra 11,5 s do Yaris e 12,2 s do 208<\/p><\/blockquote>\n\n\n\n<div style=\"height:50px\" aria-hidden=\"true\" class=\"wp-block-spacer\"><\/div>\n\n\n\n<p><strong>Consumo<br><\/strong>A vantagem do turbo ficou clara nas medi\u00e7\u00f5es de consumo: o Onix foi mais econ\u00f4mico nos tr\u00eas trajetos em variadas condi\u00e7\u00f5es, com vantagem mais expressiva em rodovia. O Yaris deixa o 208 para tr\u00e1s por certa margem nos percursos urbanos, onde a CVT o favorece: s\u00f3 usa <a href=\"https:\/\/autolivraria.com.br\/bc\/mais\/cons-tecnico\/caixas-de-dupla-embreagem-saem-de-cena-por-que\/\" target=\"_blank\" rel=\"noreferrer noopener\" title=\"Caixas de dupla embreagem saem de cena: por qu\u00ea?\">conversor de torque<\/a> na sa\u00edda e, com sua varia\u00e7\u00e3o gradual, mant\u00e9m o motor em regimes mais baixos no uso moderado. Em rodovia esses dois modelos ficam quase empatados.<\/p>\n\n\n\n<p><strong>Comportamento din\u00e2mico<br><\/strong>A Peugeot merece aplausos pelo acerto de suspens\u00e3o do novo 208, firme de amortecedores, mas bem trabalhado em buchas. Ele associa um comportamento preciso e controlado, com bom limite de ader\u00eancia, a uma absor\u00e7\u00e3o de irregularidades muito boa \u2014 at\u00e9 surpreendente para as tradi\u00e7\u00f5es da marca. Para quem gosta de divers\u00e3o, a \u00fanica ressalva \u00e9 que o <a href=\"https:\/\/autolivraria.com.br\/bc\/glossario-c\/#esp\" target=\"_blank\" rel=\"noreferrer noopener\">controle eletr\u00f4nico de estabilidade<\/a> (item presente nos tr\u00eas) atua antes que se possa provocar sa\u00edda de traseira para a inser\u00e7\u00e3o em curva.<\/p>\n\n\n\n<div style=\"height:50px\" aria-hidden=\"true\" class=\"wp-block-spacer\"><\/div>\n\n\n\n<figure class=\"wp-block-gallery columns-2 is-cropped wp-block-gallery-13 is-layout-flex wp-block-gallery-is-layout-flex\"><ul class=\"blocks-gallery-grid\"><li class=\"blocks-gallery-item\"><figure><a href=\"https:\/\/autolivraria.com.br\/bc\/wp-content\/uploads\/2020\/11\/Chevrolet-Onix-Premier-15.jpg\"><img decoding=\"async\" width=\"640\" height=\"640\" data-src=\"https:\/\/autolivraria.com.br\/bc\/wp-content\/uploads\/2020\/11\/Chevrolet-Onix-Premier-15.jpg\" alt=\"\" data-id=\"121415\" data-link=\"https:\/\/autolivraria.com.br\/bc\/?attachment_id=121415\" class=\"wp-image-121415 lazyload\" data-srcset=\"https:\/\/autolivraria.com.br\/bc\/wp-content\/uploads\/2020\/11\/Chevrolet-Onix-Premier-15.jpg 640w, https:\/\/autolivraria.com.br\/bc\/wp-content\/uploads\/2020\/11\/Chevrolet-Onix-Premier-15-340x340.jpg 340w, https:\/\/autolivraria.com.br\/bc\/wp-content\/uploads\/2020\/11\/Chevrolet-Onix-Premier-15-222x222.jpg 222w\" data-sizes=\"(max-width: 640px) 100vw, 640px\" src=\"data:image\/svg+xml;base64,PHN2ZyB3aWR0aD0iMSIgaGVpZ2h0PSIxIiB4bWxucz0iaHR0cDovL3d3dy53My5vcmcvMjAwMC9zdmciPjwvc3ZnPg==\" style=\"--smush-placeholder-width: 640px; --smush-placeholder-aspect-ratio: 640\/640;\" \/><\/a><figcaption class=\"blocks-gallery-item__caption\">Onix<\/figcaption><\/figure><\/li><li class=\"blocks-gallery-item\"><figure><a href=\"https:\/\/autolivraria.com.br\/bc\/wp-content\/uploads\/2020\/11\/Chevrolet-Onix-Premier-19.jpg\"><img decoding=\"async\" width=\"640\" height=\"640\" data-src=\"https:\/\/autolivraria.com.br\/bc\/wp-content\/uploads\/2020\/11\/Chevrolet-Onix-Premier-19.jpg\" alt=\"\" data-id=\"121416\" data-link=\"https:\/\/autolivraria.com.br\/bc\/?attachment_id=121416\" class=\"wp-image-121416 lazyload\" data-srcset=\"https:\/\/autolivraria.com.br\/bc\/wp-content\/uploads\/2020\/11\/Chevrolet-Onix-Premier-19.jpg 640w, https:\/\/autolivraria.com.br\/bc\/wp-content\/uploads\/2020\/11\/Chevrolet-Onix-Premier-19-340x340.jpg 340w, https:\/\/autolivraria.com.br\/bc\/wp-content\/uploads\/2020\/11\/Chevrolet-Onix-Premier-19-222x222.jpg 222w\" data-sizes=\"(max-width: 640px) 100vw, 640px\" src=\"data:image\/svg+xml;base64,PHN2ZyB3aWR0aD0iMSIgaGVpZ2h0PSIxIiB4bWxucz0iaHR0cDovL3d3dy53My5vcmcvMjAwMC9zdmciPjwvc3ZnPg==\" style=\"--smush-placeholder-width: 640px; --smush-placeholder-aspect-ratio: 640\/640;\" \/><\/a><\/figure><\/li><li class=\"blocks-gallery-item\"><figure><a href=\"https:\/\/autolivraria.com.br\/bc\/wp-content\/uploads\/2020\/11\/Peugeot-208-Griffe-15.jpg\"><img decoding=\"async\" width=\"640\" height=\"640\" data-src=\"https:\/\/autolivraria.com.br\/bc\/wp-content\/uploads\/2020\/11\/Peugeot-208-Griffe-15.jpg\" alt=\"\" data-id=\"121418\" data-link=\"https:\/\/autolivraria.com.br\/bc\/?attachment_id=121418\" class=\"wp-image-121418 lazyload\" data-srcset=\"https:\/\/autolivraria.com.br\/bc\/wp-content\/uploads\/2020\/11\/Peugeot-208-Griffe-15.jpg 640w, https:\/\/autolivraria.com.br\/bc\/wp-content\/uploads\/2020\/11\/Peugeot-208-Griffe-15-340x340.jpg 340w, https:\/\/autolivraria.com.br\/bc\/wp-content\/uploads\/2020\/11\/Peugeot-208-Griffe-15-222x222.jpg 222w\" data-sizes=\"(max-width: 640px) 100vw, 640px\" src=\"data:image\/svg+xml;base64,PHN2ZyB3aWR0aD0iMSIgaGVpZ2h0PSIxIiB4bWxucz0iaHR0cDovL3d3dy53My5vcmcvMjAwMC9zdmciPjwvc3ZnPg==\" style=\"--smush-placeholder-width: 640px; --smush-placeholder-aspect-ratio: 640\/640;\" \/><\/a><figcaption class=\"blocks-gallery-item__caption\">208<\/figcaption><\/figure><\/li><li class=\"blocks-gallery-item\"><figure><a href=\"https:\/\/autolivraria.com.br\/bc\/wp-content\/uploads\/2020\/11\/Peugeot-208-Griffe-19.jpg\"><img decoding=\"async\" width=\"640\" height=\"640\" data-src=\"https:\/\/autolivraria.com.br\/bc\/wp-content\/uploads\/2020\/11\/Peugeot-208-Griffe-19.jpg\" alt=\"\" data-id=\"121417\" data-link=\"https:\/\/autolivraria.com.br\/bc\/?attachment_id=121417\" class=\"wp-image-121417 lazyload\" data-srcset=\"https:\/\/autolivraria.com.br\/bc\/wp-content\/uploads\/2020\/11\/Peugeot-208-Griffe-19.jpg 640w, https:\/\/autolivraria.com.br\/bc\/wp-content\/uploads\/2020\/11\/Peugeot-208-Griffe-19-340x340.jpg 340w, https:\/\/autolivraria.com.br\/bc\/wp-content\/uploads\/2020\/11\/Peugeot-208-Griffe-19-222x222.jpg 222w\" data-sizes=\"(max-width: 640px) 100vw, 640px\" src=\"data:image\/svg+xml;base64,PHN2ZyB3aWR0aD0iMSIgaGVpZ2h0PSIxIiB4bWxucz0iaHR0cDovL3d3dy53My5vcmcvMjAwMC9zdmciPjwvc3ZnPg==\" style=\"--smush-placeholder-width: 640px; --smush-placeholder-aspect-ratio: 640\/640;\" \/><\/a><\/figure><\/li><li class=\"blocks-gallery-item\"><figure><a href=\"https:\/\/autolivraria.com.br\/bc\/wp-content\/uploads\/2020\/11\/Toyota-Yaris-XLS-15.jpg\"><img decoding=\"async\" width=\"640\" height=\"640\" data-src=\"https:\/\/autolivraria.com.br\/bc\/wp-content\/uploads\/2020\/11\/Toyota-Yaris-XLS-15.jpg\" alt=\"\" data-id=\"121419\" data-full-url=\"https:\/\/autolivraria.com.br\/bc\/wp-content\/uploads\/2020\/11\/Toyota-Yaris-XLS-15.jpg\" data-link=\"https:\/\/autolivraria.com.br\/bc\/?attachment_id=121419\" class=\"wp-image-121419 lazyload\" data-srcset=\"https:\/\/autolivraria.com.br\/bc\/wp-content\/uploads\/2020\/11\/Toyota-Yaris-XLS-15.jpg 640w, https:\/\/autolivraria.com.br\/bc\/wp-content\/uploads\/2020\/11\/Toyota-Yaris-XLS-15-340x340.jpg 340w, https:\/\/autolivraria.com.br\/bc\/wp-content\/uploads\/2020\/11\/Toyota-Yaris-XLS-15-222x222.jpg 222w\" data-sizes=\"(max-width: 640px) 100vw, 640px\" src=\"data:image\/svg+xml;base64,PHN2ZyB3aWR0aD0iMSIgaGVpZ2h0PSIxIiB4bWxucz0iaHR0cDovL3d3dy53My5vcmcvMjAwMC9zdmciPjwvc3ZnPg==\" style=\"--smush-placeholder-width: 640px; --smush-placeholder-aspect-ratio: 640\/640;\" \/><\/a><figcaption class=\"blocks-gallery-item__caption\">Yaris<\/figcaption><\/figure><\/li><li class=\"blocks-gallery-item\"><figure><a href=\"https:\/\/autolivraria.com.br\/bc\/wp-content\/uploads\/2020\/11\/Toyota-Yaris-XLS-19.jpg\"><img decoding=\"async\" width=\"640\" height=\"640\" data-src=\"https:\/\/autolivraria.com.br\/bc\/wp-content\/uploads\/2020\/11\/Toyota-Yaris-XLS-19.jpg\" alt=\"\" data-id=\"121420\" data-full-url=\"https:\/\/autolivraria.com.br\/bc\/wp-content\/uploads\/2020\/11\/Toyota-Yaris-XLS-19.jpg\" data-link=\"https:\/\/autolivraria.com.br\/bc\/?attachment_id=121420\" class=\"wp-image-121420 lazyload\" data-srcset=\"https:\/\/autolivraria.com.br\/bc\/wp-content\/uploads\/2020\/11\/Toyota-Yaris-XLS-19.jpg 640w, https:\/\/autolivraria.com.br\/bc\/wp-content\/uploads\/2020\/11\/Toyota-Yaris-XLS-19-340x340.jpg 340w, https:\/\/autolivraria.com.br\/bc\/wp-content\/uploads\/2020\/11\/Toyota-Yaris-XLS-19-222x222.jpg 222w\" data-sizes=\"(max-width: 640px) 100vw, 640px\" src=\"data:image\/svg+xml;base64,PHN2ZyB3aWR0aD0iMSIgaGVpZ2h0PSIxIiB4bWxucz0iaHR0cDovL3d3dy53My5vcmcvMjAwMC9zdmciPjwvc3ZnPg==\" style=\"--smush-placeholder-width: 640px; --smush-placeholder-aspect-ratio: 640\/640;\" \/><\/a><\/figure><\/li><\/ul><\/figure>\n\n\n\n<p class=\"has-text-align-center\"><em>O 208 agrada muito pela estabilidade e o conforto em irregularidades, mas os concorrentes tamb\u00e9m est\u00e3o corretos em suspens\u00e3o<\/em><\/p>\n\n\n\n<div style=\"height:50px\" aria-hidden=\"true\" class=\"wp-block-spacer\"><\/div>\n\n\n\n<p>Os outros dois tamb\u00e9m s\u00e3o corretos em comportamento, com acerto mais firme no Onix (poderia ter amortecedores mais suaves na traseira) e macio no Yaris. Os tr\u00eas contam com freios bem dimensionados e dire\u00e7\u00e3o leve em manobras.<\/p>\n\n\n\n<p><strong>Seguran\u00e7a passiva<br><\/strong>Todos est\u00e3o bem-equipados em prote\u00e7\u00e3o dos ocupantes, com bolsas infl\u00e1veis laterais dianteiras e de cortina \u2014 o Yaris acrescenta a dos joelhos do motorista \u2014, al\u00e9m dos itens exigidos hoje: encostos de cabe\u00e7a e cintos de tr\u00eas pontos para todos os passageiros, fixa\u00e7\u00e3o Isofix para cadeira infantil.<\/p>\n\n\n\n<div style=\"height:50px\" aria-hidden=\"true\" class=\"wp-block-spacer\"><\/div>\n\n\n<div class='code-block code-block-6' style='margin: 28px auto; text-align: center; display: block; clear: both;'>\n<script async src=\"https:\/\/pagead2.googlesyndication.com\/pagead\/js\/adsbygoogle.js\"><\/script>\n<!-- AL-quadrado -->\n<ins class=\"adsbygoogle\"\n     style=\"display:block\"\n     data-ad-client=\"ca-pub-1914799802606213\"\n     data-ad-slot=\"5683066082\"\n     data-ad-format=\"auto\"\n     data-full-width-responsive=\"true\"><\/ins>\n<script>\n     (adsbygoogle = window.adsbygoogle || []).push({});\n<\/script><\/div>\n\n\n\n\n<div style=\"height:50px\" aria-hidden=\"true\" class=\"wp-block-spacer\"><\/div>\n\n\n\n<p><strong>Custo-benef\u00edcio<br><\/strong>Cada um em sua vers\u00e3o de topo, o 208 \u00e9 o mais caro: R$ 95 mil, acr\u00e9scimo de 4% sobre os R$ 91 mil do Yaris, que constituem 11% a mais que os R$ 82,1 mil do Onix (o \u00fanico a incluir opcionais). O Peugeot certamente justifica a diferen\u00e7a sobre o Toyota pelos recursos de assist\u00eancia (de faixa, de far\u00f3is, monitor frontal e leitor de placas), o sofisticado painel, os far\u00f3is de leds e outras conveni\u00eancias, al\u00e9m do projeto mais moderno e do belo desenho. O problema \u00e9 o Chevrolet.<\/p>\n\n\n\n<div style=\"height:50px\" aria-hidden=\"true\" class=\"wp-block-spacer\"><\/div>\n\n\n\n<figure class=\"wp-block-gallery columns-2 is-cropped wp-block-gallery-14 is-layout-flex wp-block-gallery-is-layout-flex\"><ul class=\"blocks-gallery-grid\"><li class=\"blocks-gallery-item\"><figure><a href=\"https:\/\/autolivraria.com.br\/bc\/wp-content\/uploads\/2020\/11\/Chevrolet-Onix-Premier-20.jpg\"><img decoding=\"async\" width=\"640\" height=\"640\" data-src=\"https:\/\/autolivraria.com.br\/bc\/wp-content\/uploads\/2020\/11\/Chevrolet-Onix-Premier-20.jpg\" alt=\"\" data-id=\"121421\" data-link=\"https:\/\/autolivraria.com.br\/bc\/?attachment_id=121421\" class=\"wp-image-121421 lazyload\" data-srcset=\"https:\/\/autolivraria.com.br\/bc\/wp-content\/uploads\/2020\/11\/Chevrolet-Onix-Premier-20.jpg 640w, https:\/\/autolivraria.com.br\/bc\/wp-content\/uploads\/2020\/11\/Chevrolet-Onix-Premier-20-340x340.jpg 340w, https:\/\/autolivraria.com.br\/bc\/wp-content\/uploads\/2020\/11\/Chevrolet-Onix-Premier-20-222x222.jpg 222w\" data-sizes=\"(max-width: 640px) 100vw, 640px\" src=\"data:image\/svg+xml;base64,PHN2ZyB3aWR0aD0iMSIgaGVpZ2h0PSIxIiB4bWxucz0iaHR0cDovL3d3dy53My5vcmcvMjAwMC9zdmciPjwvc3ZnPg==\" style=\"--smush-placeholder-width: 640px; --smush-placeholder-aspect-ratio: 640\/640;\" \/><\/a><figcaption class=\"blocks-gallery-item__caption\">Onix<\/figcaption><\/figure><\/li><li class=\"blocks-gallery-item\"><figure><a href=\"https:\/\/autolivraria.com.br\/bc\/wp-content\/uploads\/2020\/11\/Chevrolet-Onix-Premier-02.jpg\"><img decoding=\"async\" width=\"1280\" height=\"853\" data-src=\"https:\/\/autolivraria.com.br\/bc\/wp-content\/uploads\/2020\/11\/Chevrolet-Onix-Premier-02.jpg\" alt=\"\" data-id=\"121422\" data-link=\"https:\/\/autolivraria.com.br\/bc\/?attachment_id=121422\" class=\"wp-image-121422 lazyload\" data-srcset=\"https:\/\/autolivraria.com.br\/bc\/wp-content\/uploads\/2020\/11\/Chevrolet-Onix-Premier-02.jpg 1280w, https:\/\/autolivraria.com.br\/bc\/wp-content\/uploads\/2020\/11\/Chevrolet-Onix-Premier-02-340x227.jpg 340w, https:\/\/autolivraria.com.br\/bc\/wp-content\/uploads\/2020\/11\/Chevrolet-Onix-Premier-02-696x464.jpg 696w\" data-sizes=\"(max-width: 1280px) 100vw, 1280px\" src=\"data:image\/svg+xml;base64,PHN2ZyB3aWR0aD0iMSIgaGVpZ2h0PSIxIiB4bWxucz0iaHR0cDovL3d3dy53My5vcmcvMjAwMC9zdmciPjwvc3ZnPg==\" style=\"--smush-placeholder-width: 1280px; --smush-placeholder-aspect-ratio: 1280\/853;\" \/><\/a><\/figure><\/li><li class=\"blocks-gallery-item\"><figure><a href=\"https:\/\/autolivraria.com.br\/bc\/wp-content\/uploads\/2020\/11\/Peugeot-208-Griffe-20.jpg\"><img decoding=\"async\" width=\"640\" height=\"640\" data-src=\"https:\/\/autolivraria.com.br\/bc\/wp-content\/uploads\/2020\/11\/Peugeot-208-Griffe-20.jpg\" alt=\"\" data-id=\"121423\" data-link=\"https:\/\/autolivraria.com.br\/bc\/?attachment_id=121423\" class=\"wp-image-121423 lazyload\" data-srcset=\"https:\/\/autolivraria.com.br\/bc\/wp-content\/uploads\/2020\/11\/Peugeot-208-Griffe-20.jpg 640w, https:\/\/autolivraria.com.br\/bc\/wp-content\/uploads\/2020\/11\/Peugeot-208-Griffe-20-340x340.jpg 340w, https:\/\/autolivraria.com.br\/bc\/wp-content\/uploads\/2020\/11\/Peugeot-208-Griffe-20-222x222.jpg 222w\" data-sizes=\"(max-width: 640px) 100vw, 640px\" src=\"data:image\/svg+xml;base64,PHN2ZyB3aWR0aD0iMSIgaGVpZ2h0PSIxIiB4bWxucz0iaHR0cDovL3d3dy53My5vcmcvMjAwMC9zdmciPjwvc3ZnPg==\" style=\"--smush-placeholder-width: 640px; --smush-placeholder-aspect-ratio: 640\/640;\" \/><\/a><figcaption class=\"blocks-gallery-item__caption\">208<\/figcaption><\/figure><\/li><li class=\"blocks-gallery-item\"><figure><a href=\"https:\/\/autolivraria.com.br\/bc\/wp-content\/uploads\/2020\/11\/Peugeot-208-Griffe-02.jpg\"><img decoding=\"async\" width=\"1280\" height=\"853\" data-src=\"https:\/\/autolivraria.com.br\/bc\/wp-content\/uploads\/2020\/11\/Peugeot-208-Griffe-02.jpg\" alt=\"\" data-id=\"121424\" data-link=\"https:\/\/autolivraria.com.br\/bc\/?attachment_id=121424\" class=\"wp-image-121424 lazyload\" data-srcset=\"https:\/\/autolivraria.com.br\/bc\/wp-content\/uploads\/2020\/11\/Peugeot-208-Griffe-02.jpg 1280w, https:\/\/autolivraria.com.br\/bc\/wp-content\/uploads\/2020\/11\/Peugeot-208-Griffe-02-340x227.jpg 340w, https:\/\/autolivraria.com.br\/bc\/wp-content\/uploads\/2020\/11\/Peugeot-208-Griffe-02-696x464.jpg 696w\" data-sizes=\"(max-width: 1280px) 100vw, 1280px\" src=\"data:image\/svg+xml;base64,PHN2ZyB3aWR0aD0iMSIgaGVpZ2h0PSIxIiB4bWxucz0iaHR0cDovL3d3dy53My5vcmcvMjAwMC9zdmciPjwvc3ZnPg==\" style=\"--smush-placeholder-width: 1280px; --smush-placeholder-aspect-ratio: 1280\/853;\" \/><\/a><\/figure><\/li><li class=\"blocks-gallery-item\"><figure><a href=\"https:\/\/autolivraria.com.br\/bc\/wp-content\/uploads\/2020\/11\/Toyota-Yaris-XLS-20.jpg\"><img decoding=\"async\" width=\"640\" height=\"640\" data-src=\"https:\/\/autolivraria.com.br\/bc\/wp-content\/uploads\/2020\/11\/Toyota-Yaris-XLS-20.jpg\" alt=\"\" data-id=\"121425\" data-full-url=\"https:\/\/autolivraria.com.br\/bc\/wp-content\/uploads\/2020\/11\/Toyota-Yaris-XLS-20.jpg\" data-link=\"https:\/\/autolivraria.com.br\/bc\/?attachment_id=121425\" class=\"wp-image-121425 lazyload\" data-srcset=\"https:\/\/autolivraria.com.br\/bc\/wp-content\/uploads\/2020\/11\/Toyota-Yaris-XLS-20.jpg 640w, https:\/\/autolivraria.com.br\/bc\/wp-content\/uploads\/2020\/11\/Toyota-Yaris-XLS-20-340x340.jpg 340w, https:\/\/autolivraria.com.br\/bc\/wp-content\/uploads\/2020\/11\/Toyota-Yaris-XLS-20-222x222.jpg 222w\" data-sizes=\"(max-width: 640px) 100vw, 640px\" src=\"data:image\/svg+xml;base64,PHN2ZyB3aWR0aD0iMSIgaGVpZ2h0PSIxIiB4bWxucz0iaHR0cDovL3d3dy53My5vcmcvMjAwMC9zdmciPjwvc3ZnPg==\" style=\"--smush-placeholder-width: 640px; --smush-placeholder-aspect-ratio: 640\/640;\" \/><\/a><figcaption class=\"blocks-gallery-item__caption\">Yaris<\/figcaption><\/figure><\/li><li class=\"blocks-gallery-item\"><figure><a href=\"https:\/\/autolivraria.com.br\/bc\/wp-content\/uploads\/2020\/11\/Toyota-Yaris-XLS-04-1.jpg\"><img decoding=\"async\" width=\"1280\" height=\"853\" data-src=\"https:\/\/autolivraria.com.br\/bc\/wp-content\/uploads\/2020\/11\/Toyota-Yaris-XLS-04-1.jpg\" alt=\"\" data-id=\"121426\" data-full-url=\"https:\/\/autolivraria.com.br\/bc\/wp-content\/uploads\/2020\/11\/Toyota-Yaris-XLS-04-1.jpg\" data-link=\"https:\/\/autolivraria.com.br\/bc\/?attachment_id=121426\" class=\"wp-image-121426 lazyload\" data-srcset=\"https:\/\/autolivraria.com.br\/bc\/wp-content\/uploads\/2020\/11\/Toyota-Yaris-XLS-04-1.jpg 1280w, https:\/\/autolivraria.com.br\/bc\/wp-content\/uploads\/2020\/11\/Toyota-Yaris-XLS-04-1-340x227.jpg 340w, https:\/\/autolivraria.com.br\/bc\/wp-content\/uploads\/2020\/11\/Toyota-Yaris-XLS-04-1-696x464.jpg 696w\" data-sizes=\"(max-width: 1280px) 100vw, 1280px\" src=\"data:image\/svg+xml;base64,PHN2ZyB3aWR0aD0iMSIgaGVpZ2h0PSIxIiB4bWxucz0iaHR0cDovL3d3dy53My5vcmcvMjAwMC9zdmciPjwvc3ZnPg==\" style=\"--smush-placeholder-width: 1280px; --smush-placeholder-aspect-ratio: 1280\/853;\" \/><\/a><\/figure><\/li><\/ul><\/figure>\n\n\n\n<p class=\"has-text-align-center\"><em>Embora seja do 208 a maior m\u00e9dia de notas, o pre\u00e7o bem menor do Onix lhe assegura uma rela\u00e7\u00e3o custo-benef\u00edcio imbat\u00edvel<\/em><\/p>\n\n\n\n<div style=\"height:50px\" aria-hidden=\"true\" class=\"wp-block-spacer\"><\/div>\n\n\n\n<p>Por R$ 13 mil a menos, o Onix deixa aqueles itens de fora (embora tenha assistente de estacionamento), assim como teto solar, mas oferece um conjunto atual, bom espa\u00e7o interno e motor turbo que rende vantagens em desempenho e consumo. Em outros aspectos, como seguran\u00e7a passiva, os carros revelam equil\u00edbrio. <\/p>\n\n\n\n<div style=\"height:50px\" aria-hidden=\"true\" class=\"wp-block-spacer\"><\/div>\n\n\n<div class='code-block code-block-11' style='margin: 8px auto; text-align: center; display: block; clear: both;'>\n<script async src=\"https:\/\/pagead2.googlesyndication.com\/pagead\/js\/adsbygoogle.js\"><\/script>\n<!-- AL-quadrado -->\n<ins class=\"adsbygoogle\"\n     style=\"display:block\"\n     data-ad-client=\"ca-pub-1914799802606213\"\n     data-ad-slot=\"5683066082\"\n     data-ad-format=\"auto\"\n     data-full-width-responsive=\"true\"><\/ins>\n<script>\n     (adsbygoogle = window.adsbygoogle || []).push({});\n<\/script><\/div>\n\n\n\n\n<div style=\"height:50px\" aria-hidden=\"true\" class=\"wp-block-spacer\"><\/div>\n\n\n\n<p>Assim, a imbat\u00edvel rela\u00e7\u00e3o custo-benef\u00edcio do Chevrolet fala alto diante dos charmosos atributos do Peugeot. Quanto ao Toyota, s\u00f3 mesmo a imagem de confiabilidade da marca pode ajudar o \u00faltimo colocado do <em>Desafio<\/em> a justificar o que custa acima do Onix.<\/p>\n\n\n<a href='https:\/\/autolivraria.com.br\/bc\/avaliacoes\/' class='small-button smallsilver'>Mais Avalia\u00e7\u00f5es<\/a>\n\n\n\n<div style=\"height:50px\" aria-hidden=\"true\" class=\"wp-block-spacer\"><\/div>\n\n\n<div class='et-box et-shadow'>\n\t\t\t\t\t<div class='et-box-content'><h2>Nossas notas<\/h2>\n<table id=\"table5994\" style=\"width: 100%;\" border=\"0\" cellspacing=\"0\" cellpadding=\"3\">\n<tbody>\n<tr>\n<td style=\"width: 40%;\">&nbsp;<\/td>\n<td style=\"width: 20%;\"><strong>Onix<\/strong><\/td>\n<td style=\"width: 20%;\"><strong>208<\/strong><\/td>\n<td style=\"width: 20%;\"><strong>Yaris<\/strong><\/td>\n<\/tr>\n<tr>\n<td>Estilo<\/td>\n<td>4<\/td>\n<td>5<\/td>\n<td>4<\/td>\n<\/tr>\n<tr>\n<td>Acabamento e conveni\u00eancia<\/td>\n<td>4<\/td>\n<td>5<\/td>\n<td>4<\/td>\n<\/tr>\n<tr>\n<td>Posto do motorista<\/td>\n<td>3<\/td>\n<td>4<\/td>\n<td>3<\/td>\n<\/tr>\n<tr>\n<td>Espa\u00e7o interno<\/td>\n<td>3<\/td>\n<td>3<\/td>\n<td>3<\/td>\n<\/tr>\n<tr>\n<td>Porta-malas<\/td>\n<td>3<\/td>\n<td>3<\/td>\n<td>4<\/td>\n<\/tr>\n<tr>\n<td>Motor e desempenho<\/td>\n<td>4<\/td>\n<td>3<\/td>\n<td>3<\/td>\n<\/tr>\n<tr>\n<td>Consumo<\/td>\n<td>4<\/td>\n<td>3<\/td>\n<td>3<\/td>\n<\/tr>\n<tr>\n<td>Comportamento din\u00e2mico<\/td>\n<td>4<\/td>\n<td>5<\/td>\n<td>4<\/td>\n<\/tr>\n<tr>\n<td>Seguran\u00e7a passiva<\/td>\n<td>5<\/td>\n<td>5<\/td>\n<td>5<\/td>\n<\/tr>\n<tr>\n<td>Custo-benef\u00edcio<\/td>\n<td>4<\/td>\n<td>3<\/td>\n<td>3<\/td>\n<\/tr>\n<tr>\n<td><strong>M\u00e9dia<\/strong><\/td>\n<td><strong>3,8<\/strong><\/td>\n<td><strong>3,9<\/strong><\/td>\n<td><strong>3,6<\/strong><\/td>\n<\/tr>\n<tr>\n<td><strong>Posi\u00e7\u00e3o<\/strong><\/td>\n<td><strong>2\u00b0.<\/strong><\/td>\n<td><strong>1\u00b0.<\/strong><\/td>\n<td><strong>3\u00b0.<\/strong><\/td>\n<\/tr>\n<tr>\n<td colspan=\"4\">As notas v\u00e3o de 1 a 5, sendo 5 a melhor;&nbsp;<a href=\"https:\/\/autolivraria.com.br\/bc\/nossa-metodologia-de-notas\/\">conhe\u00e7a nossa metodologia<\/a><\/td>\n<\/tr>\n<\/tbody>\n<\/table><\/div><\/div>\n\n\n<div style=\"height:50px\" aria-hidden=\"true\" class=\"wp-block-spacer\"><\/div>\n\n\n<div class='et-box et-shadow'>\n\t\t\t\t\t<div class='et-box-content'><h2>Ficha t\u00e9cnica<\/h2>\n<table id=\"table61\" border=\"0\" width=\"100%\" cellspacing=\"0\" cellpadding=\"3\">\n<tbody>\n<tr>\n<td valign=\"top\" width=\"34%\">&nbsp;<\/td>\n<td valign=\"top\" width=\"22%\"><strong>Onix<\/strong><\/td>\n<td valign=\"top\" width=\"22%\"><strong>208<\/strong><\/td>\n<td valign=\"top\" width=\"22%\"><strong>Yaris<\/strong><\/td>\n<\/tr>\n<tr>\n<td colspan=\"4\" valign=\"top\" bgcolor=\"#FFFFFF\"><strong>Motor<\/strong><\/td>\n<\/tr>\n<tr>\n<td valign=\"top\">Posi\u00e7\u00e3o<\/td>\n<td valign=\"top\">transversal<\/td>\n<td valign=\"top\">transversal<\/td>\n<td valign=\"top\">transversal<\/td>\n<\/tr>\n<tr>\n<td valign=\"top\">Cilindros<\/td>\n<td valign=\"top\">3 em linha<\/td>\n<td valign=\"top\">4 em linha<\/td>\n<td valign=\"top\">4 em linha<\/td>\n<\/tr>\n<tr>\n<td valign=\"top\">Comando de v\u00e1lvulas<\/td>\n<td valign=\"top\">duplo no cabe\u00e7ote<\/td>\n<td valign=\"top\">duplo no cabe\u00e7ote<\/td>\n<td valign=\"top\">duplo no cabe\u00e7ote<\/td>\n<\/tr>\n<tr>\n<td valign=\"top\">V\u00e1lvulas por cilindro<\/td>\n<td valign=\"top\">4, varia\u00e7\u00e3o de tempo<\/td>\n<td valign=\"top\">4, varia\u00e7\u00e3o de tempo<\/td>\n<td valign=\"top\">4, varia\u00e7\u00e3o de tempo<\/td>\n<\/tr>\n<tr>\n<td valign=\"top\">Di\u00e2metro e curso<\/td>\n<td valign=\"top\">ND<\/td>\n<td valign=\"top\">78,5 x 82 mm<\/td>\n<td valign=\"top\">72,5 x 90,6 mm<\/td>\n<\/tr>\n<tr>\n<td valign=\"top\">Cilindrada<\/td>\n<td valign=\"top\">999 cm\u00b3<\/td>\n<td valign=\"top\">1.587 cm\u00b3<\/td>\n<td valign=\"top\">1.496 cm\u00b3<\/td>\n<\/tr>\n<tr>\n<td valign=\"top\">Taxa de compress\u00e3o<\/td>\n<td valign=\"top\">10,5:1<\/td>\n<td valign=\"top\">12,5:1<\/td>\n<td valign=\"top\">13,0:1<\/td>\n<\/tr>\n<tr>\n<td valign=\"top\">Alimenta\u00e7\u00e3o<\/td>\n<td valign=\"top\">inje\u00e7\u00e3o multiponto sequencial, turbo, resfriador de ar<\/td>\n<td valign=\"top\">inje\u00e7\u00e3o multiponto sequencial<\/td>\n<td valign=\"top\">inje\u00e7\u00e3o multiponto sequencial<\/td>\n<\/tr>\n<tr>\n<td valign=\"top\">Pot\u00eancia m\u00e1xima (gas.)<\/td>\n<td valign=\"top\">116 cv a 5.500 rpm<\/td>\n<td valign=\"top\">115 cv a 5.750 rpm<\/td>\n<td valign=\"top\">105 cv a 5.600 rpm<\/td>\n<\/tr>\n<tr>\n<td valign=\"top\">Pot\u00eancia m\u00e1xima (\u00e1lc.)<\/td>\n<td valign=\"top\">116 cv a 5.500 rpm<\/td>\n<td valign=\"top\">118 cv a 5.750 rpm<\/td>\n<td valign=\"top\">110 cv a 5.600 rpm<\/td>\n<\/tr>\n<tr>\n<td valign=\"top\">Torque m\u00e1ximo (gas.)<\/td>\n<td valign=\"top\">16,3 m.kgf a 2.000 rpm<\/td>\n<td valign=\"top\">15,4 m.kgf a 4.000 rpm<\/td>\n<td valign=\"top\">14,3 m.kgf a 4.000 rpm<\/td>\n<\/tr>\n<tr>\n<td valign=\"top\">Torque m\u00e1ximo (\u00e1lc.)<\/td>\n<td valign=\"top\">16,8 m.kgf a 2.000 rpm<\/td>\n<td valign=\"top\">15,5 m.kgf a 4.750 rpm<\/td>\n<td valign=\"top\">14,9 m.kgf a 4.000 rpm<\/td>\n<\/tr>\n<tr>\n<td colspan=\"4\" valign=\"top\" bgcolor=\"#FFFFFF\"><strong>Transmiss\u00e3o<\/strong><\/td>\n<\/tr>\n<tr>\n<td valign=\"top\">Tipo de caixa e marchas<\/td>\n<td valign=\"top\">autom\u00e1tica, 6<\/td>\n<td valign=\"top\">autom\u00e1tica, 6<\/td>\n<td valign=\"top\">aut. de varia\u00e7\u00e3o cont\u00ednua, simula\u00e7\u00e3o de 7 marchas<\/td>\n<\/tr>\n<tr>\n<td valign=\"top\">Tra\u00e7\u00e3o<\/td>\n<td valign=\"top\">dianteira<\/td>\n<td valign=\"top\">dianteira<\/td>\n<td valign=\"top\">&nbsp;<\/td>\n<\/tr>\n<tr>\n<td colspan=\"4\" valign=\"top\" bgcolor=\"#FFFFFF\"><strong>Freios<\/strong><\/td>\n<\/tr>\n<tr>\n<td valign=\"top\">Dianteiros<\/td>\n<td valign=\"top\">a disco ventilado<\/td>\n<td valign=\"top\">a disco ventilado<\/td>\n<td valign=\"top\">a disco ventilado<\/td>\n<\/tr>\n<tr>\n<td valign=\"top\">Traseiros<\/td>\n<td valign=\"top\">a tambor<\/td>\n<td valign=\"top\">a tambor<\/td>\n<td valign=\"top\">a tambor<\/td>\n<\/tr>\n<tr>\n<td valign=\"top\">Antitravamento (ABS)<\/td>\n<td valign=\"top\">sim<\/td>\n<td valign=\"top\">sim<\/td>\n<td valign=\"top\">sim<\/td>\n<\/tr>\n<tr>\n<td colspan=\"4\" valign=\"top\" bgcolor=\"#FFFFFF\"><strong>Dire\u00e7\u00e3o<\/strong><\/td>\n<\/tr>\n<tr>\n<td valign=\"top\">Sistema<\/td>\n<td valign=\"top\">pinh\u00e3o e cremalheira<\/td>\n<td valign=\"top\">pinh\u00e3o e cremalheira<\/td>\n<td valign=\"top\">pinh\u00e3o e cremalheira<\/td>\n<\/tr>\n<tr>\n<td valign=\"top\">Assist\u00eancia<\/td>\n<td valign=\"top\">el\u00e9trica<\/td>\n<td valign=\"top\">el\u00e9trica<\/td>\n<td valign=\"top\">el\u00e9trica<\/td>\n<\/tr>\n<tr>\n<td colspan=\"4\" valign=\"top\" bgcolor=\"#FFFFFF\"><strong>Suspens\u00e3o<\/strong><\/td>\n<\/tr>\n<tr>\n<td valign=\"top\">Dianteira<\/td>\n<td colspan=\"3\" valign=\"top\">independente, McPherson, mola helicoidal<\/td>\n<\/tr>\n<tr>\n<td valign=\"top\">Traseira<\/td>\n<td colspan=\"3\" valign=\"top\">eixo de tor\u00e7\u00e3o, mola helicoidal<\/td>\n<\/tr>\n<tr>\n<td colspan=\"4\" valign=\"top\" bgcolor=\"#FFFFFF\"><strong>Rodas<\/strong><\/td>\n<\/tr>\n<tr>\n<td valign=\"top\">Dimens\u00f5es<\/td>\n<td valign=\"top\">6,5 x 16 pol<\/td>\n<td valign=\"top\">16 pol<\/td>\n<td valign=\"top\">15 pol<\/td>\n<\/tr>\n<tr>\n<td valign=\"top\">Pneus<\/td>\n<td valign=\"top\">195\/55 R 16<\/td>\n<td valign=\"top\">195\/55 R 16<\/td>\n<td valign=\"top\">185\/60 R 15<\/td>\n<\/tr>\n<tr>\n<td colspan=\"4\" valign=\"top\" bgcolor=\"#FFFFFF\"><strong>Dimens\u00f5es<\/strong><\/td>\n<\/tr>\n<tr>\n<td valign=\"top\">Comprimento<\/td>\n<td valign=\"top\">4,163 m<\/td>\n<td valign=\"top\">4,055 m<\/td>\n<td valign=\"top\">4,145 m<\/td>\n<\/tr>\n<tr>\n<td valign=\"top\">Largura<\/td>\n<td valign=\"top\">1,73 m<\/td>\n<td valign=\"top\">1,738 m<\/td>\n<td valign=\"top\">1,73 m<\/td>\n<\/tr>\n<tr>\n<td valign=\"top\">Altura<\/td>\n<td valign=\"top\">1,476 m<\/td>\n<td valign=\"top\">1,453 m<\/td>\n<td valign=\"top\">1,49 m<\/td>\n<\/tr>\n<tr>\n<td valign=\"top\">Entre-eixos<\/td>\n<td valign=\"top\">2,551 m<\/td>\n<td valign=\"top\">2,538 m<\/td>\n<td valign=\"top\">2,55 m<\/td>\n<\/tr>\n<tr>\n<td colspan=\"4\" valign=\"top\" bgcolor=\"#FFFFFF\"><strong>Capacidades e peso<\/strong><\/td>\n<\/tr>\n<tr>\n<td valign=\"top\">Tanque de combust\u00edvel<\/td>\n<td valign=\"top\">44 l<\/td>\n<td valign=\"top\">47 l<\/td>\n<td valign=\"top\">45 l<\/td>\n<\/tr>\n<tr>\n<td valign=\"top\">Compartimento de bagagem<\/td>\n<td valign=\"top\">275 l<\/td>\n<td valign=\"top\">265 l<\/td>\n<td valign=\"top\">310 l<\/td>\n<\/tr>\n<tr>\n<td valign=\"top\">Peso em ordem de marcha<\/td>\n<td valign=\"top\">1.118 kg<\/td>\n<td valign=\"top\">1.178 kg<\/td>\n<td valign=\"top\">1.150 kg<\/td>\n<\/tr>\n<tr>\n<td colspan=\"4\" valign=\"top\" bgcolor=\"#FFFFFF\"><strong>Desempenho e consumo (gas.\/\u00e1lc.)<\/strong><\/td>\n<\/tr>\n<tr>\n<td valign=\"top\">Velocidade m\u00e1xima<\/td>\n<td valign=\"top\">ND<\/td>\n<td valign=\"top\">190 km\/h<\/td>\n<td valign=\"top\">ND<\/td>\n<\/tr>\n<tr>\n<td valign=\"top\">Acelera\u00e7\u00e3o de 0 a 100 km\/h<\/td>\n<td valign=\"top\">ND\/10,1 s<\/td>\n<td valign=\"top\">12,6\/12,0 s<\/td>\n<td valign=\"top\">ND<\/td>\n<\/tr>\n<tr>\n<td valign=\"top\">Consumo em cidade<\/td>\n<td valign=\"top\">11,9\/8,3 km\/l<\/td>\n<td valign=\"top\">10,9\/7,5 km\/l<\/td>\n<td valign=\"top\">12,6\/8,8 km\/l<\/td>\n<\/tr>\n<tr>\n<td valign=\"top\">Consumo em rodovia<\/td>\n<td valign=\"top\">15,1\/10,7 km\/l<\/td>\n<td valign=\"top\">13,1\/9,0 km\/l<\/td>\n<td valign=\"top\">13,8\/10,0 km\/l<\/td>\n<\/tr>\n<tr>\n<td colspan=\"4\" valign=\"top\">Dados dos fabricantes; consumo conforme padr\u00f5es do Inmetro; ND = n\u00e3o dispon\u00edvel<\/td>\n<\/tr>\n<\/tbody>\n<\/table><\/div><\/div>\n\n\n<div style=\"height:50px\" aria-hidden=\"true\" class=\"wp-block-spacer\"><\/div>\n\n\n\n<div style=\"height:31px\" aria-hidden=\"true\" class=\"wp-block-spacer\"><\/div>\n","protected":false},"excerpt":{"rendered":"<p>Saiba se o mais novo hatch compacto tem atributos suficientes para vencer o Toyota e o l\u00edder da Chevrolet<\/p>\n","protected":false},"author":6,"featured_media":121439,"comment_status":"open","ping_status":"closed","sticky":false,"template":"","format":"standard","meta":{"_joinchat":[],"footnotes":""},"categories":[3,1824,4,1836,1840],"tags":[1165,2506,80,36,100,79,4632,2016,4770,69,83,1645,4533],"class_list":["post-120975","post","type-post","status-publish","format-standard","has-post-thumbnail","hentry","category-avaliacao","category-chevrolet-avaliacao","category-comparativo","category-peugeot-avaliacao","category-toyota-avaliacao","tag-1165","tag-208-griffe","tag-avaliacao-2","tag-avaliacao-completa","tag-chevrolet","tag-comparativo-2","tag-desafio","tag-onix","tag-onix-premier","tag-peugeot","tag-toyota","tag-yaris","tag-yaris-xls"],"amp_enabled":true,"_links":{"self":[{"href":"https:\/\/autolivraria.com.br\/bc\/wp-json\/wp\/v2\/posts\/120975","targetHints":{"allow":["GET"]}}],"collection":[{"href":"https:\/\/autolivraria.com.br\/bc\/wp-json\/wp\/v2\/posts"}],"about":[{"href":"https:\/\/autolivraria.com.br\/bc\/wp-json\/wp\/v2\/types\/post"}],"author":[{"embeddable":true,"href":"https:\/\/autolivraria.com.br\/bc\/wp-json\/wp\/v2\/users\/6"}],"replies":[{"embeddable":true,"href":"https:\/\/autolivraria.com.br\/bc\/wp-json\/wp\/v2\/comments?post=120975"}],"version-history":[{"count":0,"href":"https:\/\/autolivraria.com.br\/bc\/wp-json\/wp\/v2\/posts\/120975\/revisions"}],"wp:featuredmedia":[{"embeddable":true,"href":"https:\/\/autolivraria.com.br\/bc\/wp-json\/wp\/v2\/media\/121439"}],"wp:attachment":[{"href":"https:\/\/autolivraria.com.br\/bc\/wp-json\/wp\/v2\/media?parent=120975"}],"wp:term":[{"taxonomy":"category","embeddable":true,"href":"https:\/\/autolivraria.com.br\/bc\/wp-json\/wp\/v2\/categories?post=120975"},{"taxonomy":"post_tag","embeddable":true,"href":"https:\/\/autolivraria.com.br\/bc\/wp-json\/wp\/v2\/tags?post=120975"}],"curies":[{"name":"wp","href":"https:\/\/api.w.org\/{rel}","templated":true}]}}