{"id":121658,"date":"2020-12-16T09:20:52","date_gmt":"2020-12-16T12:20:52","guid":{"rendered":"https:\/\/bestcars.uol.com.br\/bc\/?p=121658"},"modified":"2021-06-07T11:27:24","modified_gmt":"2021-06-07T14:27:24","slug":"historia-volkswagen-1600-ze-do-caixao-tl-variant","status":"publish","type":"post","link":"https:\/\/autolivraria.com.br\/bc\/informe-se\/passado\/volkswagen\/historia-volkswagen-1600-ze-do-caixao-tl-variant\/","title":{"rendered":"VW 1600, TL e Variant: robustez em tamanho fam\u00edlia"},"content":{"rendered":"\n<figure class=\"wp-block-image size-large\"><a href=\"https:\/\/autolivraria.com.br\/bc\/wp-content\/uploads\/2020\/12\/VW-TL-1971-03.jpg\"><img fetchpriority=\"high\" decoding=\"async\" width=\"696\" height=\"464\" src=\"https:\/\/autolivraria.com.br\/bc\/wp-content\/uploads\/2020\/12\/VW-TL-1971-03-696x464.jpg\" alt=\"\" class=\"wp-image-121958\" srcset=\"https:\/\/autolivraria.com.br\/bc\/wp-content\/uploads\/2020\/12\/VW-TL-1971-03-696x464.jpg 696w, https:\/\/autolivraria.com.br\/bc\/wp-content\/uploads\/2020\/12\/VW-TL-1971-03-340x227.jpg 340w, https:\/\/autolivraria.com.br\/bc\/wp-content\/uploads\/2020\/12\/VW-TL-1971-03.jpg 1024w\" sizes=\"(max-width: 696px) 100vw, 696px\" \/><\/a><\/figure>\n\n\n<h2>Do sed\u00e3 &#8220;Z\u00e9 do Caix\u00e3o&#8221; \u00e0 perua Variant II, eles aliaram mais conforto \u00e0 confiabilidade do Fusca<\/h2>\n<p><em>Texto: Fabr\u00edcio Samah\u00e1 &#8211; Fotos: divulga\u00e7\u00e3o<\/em><\/p>\n\n\n<div style=\"height:30px\" aria-hidden=\"true\" class=\"wp-block-spacer\"><\/div>\n\n\n\n<p>No Brasil, como na Europa, os primeiros modelos derivados do <a href=\"https:\/\/autolivraria.com.br\/bc\/tag\/fusca\" target=\"_blank\" rel=\"noreferrer noopener\">Volkswagen Sedan (Fusca)<\/a> atendiam a prop\u00f3sitos espec\u00edficos. A <a href=\"https:\/\/autolivraria.com.br\/bc\/tag\/kombi\" target=\"_blank\" rel=\"noreferrer noopener\">Kombi<\/a> era um utilit\u00e1rio, embora sua vers\u00e3o Luxo at\u00e9 se prestasse bem ao transporte familiar, dadas as limita\u00e7\u00f5es do mercado nacional na \u00e9poca. E o <a href=\"https:\/\/autolivraria.com.br\/bc\/tag\/karmann-ghia\" target=\"_blank\" rel=\"noreferrer noopener\">Karmann-Ghia<\/a>, mesmo que n\u00e3o esportivo em desempenho, era um cup\u00ea jovial sem pretens\u00f5es de levar a fam\u00edlia e sua bagagem.<\/p>\n\n\n\n<p>Assim, na d\u00e9cada de 1960 a Volkswagen era o fabricante de um s\u00f3 modelo para o grande p\u00fablico. Os alem\u00e3es, que haviam detectado a necessidade de uma segunda linha mais cedo, apresentavam em 1961 a s\u00e9rie Typ 3 ou tipo 3 (<em>leia quadro na p\u00e1gina 2<\/em>). Com algum atraso, a estrat\u00e9gia foi seguida por S\u00e3o Bernardo do Campo, SP. O Projeto B-135 ou Bras\u00edlia \u2014 nome que homenageava a capital federal, mas n\u00e3o tencionava chegar ao modelo de produ\u00e7\u00e3o \u2014 tomava por base um projeto da matriz que n\u00e3o chegou ao mercado, o EA-97 (<em>leia quadro abaixo<\/em>).<\/p>\n\n\n\n<div style=\"height:50px\" aria-hidden=\"true\" class=\"wp-block-spacer\"><\/div>\n\n\n\n<figure class=\"wp-block-image size-large\"><a href=\"https:\/\/autolivraria.com.br\/bc\/wp-content\/uploads\/2020\/12\/VW-1600-1969-01.jpg\"><img decoding=\"async\" width=\"696\" height=\"464\" data-src=\"https:\/\/autolivraria.com.br\/bc\/wp-content\/uploads\/2020\/12\/VW-1600-1969-01-696x464.jpg\" alt=\"\" class=\"wp-image-121887 lazyload\" data-srcset=\"https:\/\/autolivraria.com.br\/bc\/wp-content\/uploads\/2020\/12\/VW-1600-1969-01-696x464.jpg 696w, https:\/\/autolivraria.com.br\/bc\/wp-content\/uploads\/2020\/12\/VW-1600-1969-01-340x227.jpg 340w, https:\/\/autolivraria.com.br\/bc\/wp-content\/uploads\/2020\/12\/VW-1600-1969-01.jpg 1024w\" data-sizes=\"(max-width: 696px) 100vw, 696px\" src=\"data:image\/svg+xml;base64,PHN2ZyB3aWR0aD0iMSIgaGVpZ2h0PSIxIiB4bWxucz0iaHR0cDovL3d3dy53My5vcmcvMjAwMC9zdmciPjwvc3ZnPg==\" style=\"--smush-placeholder-width: 696px; --smush-placeholder-aspect-ratio: 696\/464;\" \/><\/a><\/figure>\n\n\n\n<p class=\"has-text-align-center\"><em>Derivado de um estudo alem\u00e3o, o sed\u00e3 1600 era o primeiro Volkswagen no mundo com tr\u00eas volumes e quatro portas<\/em><\/p>\n\n\n\n<div style=\"height:50px\" aria-hidden=\"true\" class=\"wp-block-spacer\"><\/div>\n\n\n\n<p>Havia pressa para concluir o autom\u00f3vel para o VI Sal\u00e3o do Autom\u00f3vel em S\u00e3o Paulo, SP, em dezembro de 1968, onde ele dividiria as aten\u00e7\u00f5es com lan\u00e7amentos importantes como <a href=\"https:\/\/autolivraria.com.br\/bc\/tag\/opala\" target=\"_blank\" rel=\"noreferrer noopener\">Chevrolet Opala<\/a> e <a href=\"https:\/\/autolivraria.com.br\/bc\/tag\/corcel\" target=\"_blank\" rel=\"noreferrer noopener\">Ford Corcel<\/a>. O novo Volkswagen 1600 era um sed\u00e3 de tr\u00eas volumes bem definidos e quatro portas \u2014 configura\u00e7\u00e3o in\u00e9dita da marca em todo o mundo, pois o <a href=\"https:\/\/www1.uol.com.br\/bestcars\/ph2\/220a.htm\" target=\"_blank\" rel=\"noreferrer noopener\">Typ 4<\/a> de quatro portas, lan\u00e7ado tr\u00eas meses antes, seguia o formato <a href=\"https:\/\/autolivraria.com.br\/bc\/glossario-f\/#fast\" title=\"Gloss\u00e1rio \u2013 F\" target=\"_blank\" rel=\"noreferrer noopener\">fastback<\/a>. Media 4,11 metros de comprimento com o mesmo entre-eixos do Fusca, 2,40 m.<br><br><\/p>\n\n\n<div class='code-block code-block-7' style='margin: 28px auto; text-align: center; display: block; clear: both;'>\n<script async src=\"https:\/\/pagead2.googlesyndication.com\/pagead\/js\/adsbygoogle.js\"><\/script>\n<!-- AL-quadrado -->\n<ins class=\"adsbygoogle\"\n     style=\"display:block\"\n     data-ad-client=\"ca-pub-1914799802606213\"\n     data-ad-slot=\"5683066082\"\n     data-ad-format=\"auto\"\n     data-full-width-responsive=\"true\"><\/ins>\n<script>\n     (adsbygoogle = window.adsbygoogle || []).push({});\n<\/script><\/div>\n\n\n\n\n<p><br>O 1600 n\u00e3o poderia ser mais diferente da forma de besouro do Fusca. Por outro lado, era muito similar ao primeiro Volkswagen em concep\u00e7\u00e3o mec\u00e2nica. O chassi-plataforma, alterado apenas no necess\u00e1rio para a fixa\u00e7\u00e3o da nova carroceria, levava na traseira um motor de quatro cilindros horizontais opostos (<em>boxer<\/em>) arrefecido a ar, mas com a maior cilindrada vista na marca at\u00e9 ent\u00e3o: 1,6 litro. O Fusca da \u00e9poca era 1,3, enquanto Kombi e Karmann-Ghia usavam motor 1,5.<\/p>\n\n\n\n<p>Na Alemanha a linha Typ 3 recebera turbina de refrigera\u00e7\u00e3o baixa e carburador de fluxo horizontal, medidas que permitiam menor altura total para o motor e abriam espa\u00e7o para bagagem acima dele. No Brasil, por\u00e9m, o 1600 mantinha a turbina alta por quest\u00e3o de dificuldade de fornecedores, com o que oferecia apenas o porta-malas dianteiro e um v\u00e3o para carga atr\u00e1s do banco traseiro. O motor fornecia pot\u00eancia l\u00edquida de 50 cv e torque de 11 m.kgf (60 cv e 11,5 m.kgf pelo <a href=\"https:\/\/autolivraria.com.br\/bc\/glossario-p\/#pot2\" target=\"_blank\" rel=\"noreferrer noopener\" title=\"Gloss\u00e1rio \u2013 P\">m\u00e9todo bruto<\/a>), suficientes para velocidade m\u00e1xima de 135 km\/h.<\/p>\n\n\n\n<div style=\"height:50px\" aria-hidden=\"true\" class=\"wp-block-spacer\"><\/div>\n\n\n\n<figure class=\"wp-block-gallery columns-2 is-cropped wp-block-gallery-1 is-layout-flex wp-block-gallery-is-layout-flex\"><ul class=\"blocks-gallery-grid\"><li class=\"blocks-gallery-item\"><figure><a href=\"https:\/\/autolivraria.com.br\/bc\/wp-content\/uploads\/2020\/12\/VW-1600-1969-04.jpg\"><img decoding=\"async\" width=\"696\" height=\"464\" data-src=\"https:\/\/autolivraria.com.br\/bc\/wp-content\/uploads\/2020\/12\/VW-1600-1969-04-696x464.jpg\" alt=\"\" data-id=\"121893\" data-full-url=\"https:\/\/autolivraria.com.br\/bc\/wp-content\/uploads\/2020\/12\/VW-1600-1969-04.jpg\" data-link=\"https:\/\/autolivraria.com.br\/bc\/?attachment_id=121893\" class=\"wp-image-121893 lazyload\" data-srcset=\"https:\/\/autolivraria.com.br\/bc\/wp-content\/uploads\/2020\/12\/VW-1600-1969-04-696x464.jpg 696w, https:\/\/autolivraria.com.br\/bc\/wp-content\/uploads\/2020\/12\/VW-1600-1969-04-340x227.jpg 340w, https:\/\/autolivraria.com.br\/bc\/wp-content\/uploads\/2020\/12\/VW-1600-1969-04.jpg 1024w\" data-sizes=\"(max-width: 696px) 100vw, 696px\" src=\"data:image\/svg+xml;base64,PHN2ZyB3aWR0aD0iMSIgaGVpZ2h0PSIxIiB4bWxucz0iaHR0cDovL3d3dy53My5vcmcvMjAwMC9zdmciPjwvc3ZnPg==\" style=\"--smush-placeholder-width: 696px; --smush-placeholder-aspect-ratio: 696\/464;\" \/><\/a><\/figure><\/li><li class=\"blocks-gallery-item\"><figure><a href=\"https:\/\/autolivraria.com.br\/bc\/wp-content\/uploads\/2020\/12\/VW-1600-L-1970-01.jpg\"><img decoding=\"async\" width=\"696\" height=\"464\" data-src=\"https:\/\/autolivraria.com.br\/bc\/wp-content\/uploads\/2020\/12\/VW-1600-L-1970-01-696x464.jpg\" alt=\"\" data-id=\"121892\" data-full-url=\"https:\/\/autolivraria.com.br\/bc\/wp-content\/uploads\/2020\/12\/VW-1600-L-1970-01.jpg\" data-link=\"https:\/\/autolivraria.com.br\/bc\/?attachment_id=121892\" class=\"wp-image-121892 lazyload\" data-srcset=\"https:\/\/autolivraria.com.br\/bc\/wp-content\/uploads\/2020\/12\/VW-1600-L-1970-01-696x464.jpg 696w, https:\/\/autolivraria.com.br\/bc\/wp-content\/uploads\/2020\/12\/VW-1600-L-1970-01-340x227.jpg 340w, https:\/\/autolivraria.com.br\/bc\/wp-content\/uploads\/2020\/12\/VW-1600-L-1970-01.jpg 1024w\" data-sizes=\"(max-width: 696px) 100vw, 696px\" src=\"data:image\/svg+xml;base64,PHN2ZyB3aWR0aD0iMSIgaGVpZ2h0PSIxIiB4bWxucz0iaHR0cDovL3d3dy53My5vcmcvMjAwMC9zdmciPjwvc3ZnPg==\" style=\"--smush-placeholder-width: 696px; --smush-placeholder-aspect-ratio: 696\/464;\" \/><\/a><\/figure><\/li><li class=\"blocks-gallery-item\"><figure><a href=\"https:\/\/autolivraria.com.br\/bc\/wp-content\/uploads\/2020\/12\/VW-1600-1969-02.jpg\"><img decoding=\"async\" width=\"696\" height=\"464\" data-src=\"https:\/\/autolivraria.com.br\/bc\/wp-content\/uploads\/2020\/12\/VW-1600-1969-02-696x464.jpg\" alt=\"\" data-id=\"121888\" data-full-url=\"https:\/\/autolivraria.com.br\/bc\/wp-content\/uploads\/2020\/12\/VW-1600-1969-02.jpg\" data-link=\"https:\/\/autolivraria.com.br\/bc\/?attachment_id=121888\" class=\"wp-image-121888 lazyload\" data-srcset=\"https:\/\/autolivraria.com.br\/bc\/wp-content\/uploads\/2020\/12\/VW-1600-1969-02-696x464.jpg 696w, https:\/\/autolivraria.com.br\/bc\/wp-content\/uploads\/2020\/12\/VW-1600-1969-02-340x227.jpg 340w, https:\/\/autolivraria.com.br\/bc\/wp-content\/uploads\/2020\/12\/VW-1600-1969-02.jpg 1024w\" data-sizes=\"(max-width: 696px) 100vw, 696px\" src=\"data:image\/svg+xml;base64,PHN2ZyB3aWR0aD0iMSIgaGVpZ2h0PSIxIiB4bWxucz0iaHR0cDovL3d3dy53My5vcmcvMjAwMC9zdmciPjwvc3ZnPg==\" style=\"--smush-placeholder-width: 696px; --smush-placeholder-aspect-ratio: 696\/464;\" \/><\/a><\/figure><\/li><\/ul><\/figure>\n\n\n\n<p class=\"has-text-align-center\"><em>Na publicidade do 1600, o destaque \u00e0 combina\u00e7\u00e3o de novo estilo \u00e0 consagrada e resistente mec\u00e2nica do Fusca<\/em><\/p>\n\n\n\n<div style=\"height:50px\" aria-hidden=\"true\" class=\"wp-block-spacer\"><\/div>\n\n\n\n<p>A transmiss\u00e3o manual de quatro marchas era comum \u00e0 do Fusca, mas com diferencial mais longo (o mesmo da Kombi sem suas caixas de redu\u00e7\u00e3o) a fim de reduzir a rota\u00e7\u00e3o do motor em vista da pot\u00eancia superior. Do 1300 vinham as suspens\u00f5es tradicionais, independentes com barras de tor\u00e7\u00e3o, sendo a traseira baseada no sistema de semieixos oscilantes. Os freios usavam discos na frente e tambores na traseira.<\/p>\n\n\n\n<div style=\"height:50px\" aria-hidden=\"true\" class=\"wp-block-spacer\"><\/div>\n\n\n\n<blockquote class=\"wp-block-quote is-layout-flow wp-block-quote-is-layout-flow\"><p>O Projeto B-135 ou Bras\u00edlia \u2014 homenagem \u00e0 capital federal \u2014 tomava por base um projeto da matriz que n\u00e3o chegou ao mercado, o EA-97, e resultou no 1600 de quatro portas<\/p><\/blockquote>\n\n\n\n<div style=\"height:50px\" aria-hidden=\"true\" class=\"wp-block-spacer\"><\/div>\n\n\n\n<p>A produ\u00e7\u00e3o efetiva, depois de um pequeno lote inicial, come\u00e7ava em janeiro de 1969. O trabalho da f\u00e1brica e da ag\u00eancia de publicidade Almap era convencer o consumidor de que n\u00e3o precisaria abandonar a resistente mec\u00e2nica do Fusca &#8220;s\u00f3 por causa de umas linhas mais bonitas&#8221;, pois agora existia um &#8220;Volkswagen em nova embalagem&#8221;. Os an\u00fancios chegavam a mostrar seu chassi com a mec\u00e2nica para que fosse reconhecida a &#8220;alma&#8221; do Fusca no novo modelo.<\/p>\n\n\n\n<p>Em seu primeiro teste, a revista <em>Quatro Rodas<\/em> apontou que &#8220;a concep\u00e7\u00e3o Volkswagen continua a mesma, com a vantagem de ter linhas bem mais atualizadas, bom acabamento e maior estabilidade. O sil\u00eancio interno \u00e9 bem melhor que no 1300. Sua velocidade m\u00e1xima \u00e9 muito superior, embora ainda reduzida para um 1600. Ele fez 131 km\/h, aproximadamente a mesma velocidade do Corcel. O motor responde de forma imediata \u00e0s solicita\u00e7\u00f5es. Com mais pot\u00eancia, o 1600 consegue andar nas baixas velocidades de forma mais econ\u00f4mica que o 1300&#8221;.<\/p>\n\n\n\n<div style=\"height:50px\" aria-hidden=\"true\" class=\"wp-block-spacer\"><\/div>\n\n\n\n<figure class=\"wp-block-gallery columns-2 is-cropped wp-block-gallery-2 is-layout-flex wp-block-gallery-is-layout-flex\"><ul class=\"blocks-gallery-grid\"><li class=\"blocks-gallery-item\"><figure><a href=\"https:\/\/autolivraria.com.br\/bc\/wp-content\/uploads\/2020\/12\/VW-1600-L-1970-02.jpg\"><img decoding=\"async\" width=\"696\" height=\"464\" data-src=\"https:\/\/autolivraria.com.br\/bc\/wp-content\/uploads\/2020\/12\/VW-1600-L-1970-02-696x464.jpg\" alt=\"\" data-id=\"121889\" data-full-url=\"https:\/\/autolivraria.com.br\/bc\/wp-content\/uploads\/2020\/12\/VW-1600-L-1970-02.jpg\" data-link=\"https:\/\/autolivraria.com.br\/bc\/?attachment_id=121889\" class=\"wp-image-121889 lazyload\" data-srcset=\"https:\/\/autolivraria.com.br\/bc\/wp-content\/uploads\/2020\/12\/VW-1600-L-1970-02-696x464.jpg 696w, https:\/\/autolivraria.com.br\/bc\/wp-content\/uploads\/2020\/12\/VW-1600-L-1970-02-340x227.jpg 340w, https:\/\/autolivraria.com.br\/bc\/wp-content\/uploads\/2020\/12\/VW-1600-L-1970-02.jpg 1024w\" data-sizes=\"(max-width: 696px) 100vw, 696px\" src=\"data:image\/svg+xml;base64,PHN2ZyB3aWR0aD0iMSIgaGVpZ2h0PSIxIiB4bWxucz0iaHR0cDovL3d3dy53My5vcmcvMjAwMC9zdmciPjwvc3ZnPg==\" style=\"--smush-placeholder-width: 696px; --smush-placeholder-aspect-ratio: 696\/464;\" \/><\/a><\/figure><\/li><li class=\"blocks-gallery-item\"><figure><a href=\"https:\/\/autolivraria.com.br\/bc\/wp-content\/uploads\/2020\/12\/VW-1600-L-1970-05.jpg\"><img decoding=\"async\" width=\"696\" height=\"464\" data-src=\"https:\/\/autolivraria.com.br\/bc\/wp-content\/uploads\/2020\/12\/VW-1600-L-1970-05-696x464.jpg\" alt=\"\" data-id=\"121891\" data-full-url=\"https:\/\/autolivraria.com.br\/bc\/wp-content\/uploads\/2020\/12\/VW-1600-L-1970-05.jpg\" data-link=\"https:\/\/autolivraria.com.br\/bc\/?attachment_id=121891\" class=\"wp-image-121891 lazyload\" data-srcset=\"https:\/\/autolivraria.com.br\/bc\/wp-content\/uploads\/2020\/12\/VW-1600-L-1970-05-696x464.jpg 696w, https:\/\/autolivraria.com.br\/bc\/wp-content\/uploads\/2020\/12\/VW-1600-L-1970-05-340x227.jpg 340w, https:\/\/autolivraria.com.br\/bc\/wp-content\/uploads\/2020\/12\/VW-1600-L-1970-05.jpg 1024w\" data-sizes=\"(max-width: 696px) 100vw, 696px\" src=\"data:image\/svg+xml;base64,PHN2ZyB3aWR0aD0iMSIgaGVpZ2h0PSIxIiB4bWxucz0iaHR0cDovL3d3dy53My5vcmcvMjAwMC9zdmciPjwvc3ZnPg==\" style=\"--smush-placeholder-width: 696px; --smush-placeholder-aspect-ratio: 696\/464;\" \/><\/a><\/figure><\/li><li class=\"blocks-gallery-item\"><figure><a href=\"https:\/\/autolivraria.com.br\/bc\/wp-content\/uploads\/2020\/12\/VW-Variant-1971-e-1600-1971.jpg\"><img decoding=\"async\" width=\"696\" height=\"576\" data-src=\"https:\/\/autolivraria.com.br\/bc\/wp-content\/uploads\/2020\/12\/VW-Variant-1971-e-1600-1971-696x576.jpg\" alt=\"\" data-id=\"121912\" data-full-url=\"https:\/\/autolivraria.com.br\/bc\/wp-content\/uploads\/2020\/12\/VW-Variant-1971-e-1600-1971.jpg\" data-link=\"https:\/\/autolivraria.com.br\/bc\/?attachment_id=121912\" class=\"wp-image-121912 lazyload\" data-srcset=\"https:\/\/autolivraria.com.br\/bc\/wp-content\/uploads\/2020\/12\/VW-Variant-1971-e-1600-1971-696x576.jpg 696w, https:\/\/autolivraria.com.br\/bc\/wp-content\/uploads\/2020\/12\/VW-Variant-1971-e-1600-1971-340x281.jpg 340w, https:\/\/autolivraria.com.br\/bc\/wp-content\/uploads\/2020\/12\/VW-Variant-1971-e-1600-1971.jpg 1024w\" data-sizes=\"(max-width: 696px) 100vw, 696px\" src=\"data:image\/svg+xml;base64,PHN2ZyB3aWR0aD0iMSIgaGVpZ2h0PSIxIiB4bWxucz0iaHR0cDovL3d3dy53My5vcmcvMjAwMC9zdmciPjwvc3ZnPg==\" style=\"--smush-placeholder-width: 696px; --smush-placeholder-aspect-ratio: 696\/576;\" \/><\/a><\/figure><\/li><\/ul><\/figure>\n\n\n\n<p class=\"has-text-align-center\"><em>Pelas formas e as ma\u00e7anetas, o 1600 ganhou o apelido de &#8220;Z\u00e9 do Caix\u00e3o&#8221;; o chassi-plataforma usava barras de tor\u00e7\u00e3o como no Fusca<\/em><\/p>\n\n\n\n<div style=\"height:50px\" aria-hidden=\"true\" class=\"wp-block-spacer\"><\/div>\n\n\n\n<p>Uma vers\u00e3o mais bem-acabada, o 1600 L, era adicionada em junho de 1969. Por um pre\u00e7o 11% mais alto o comprador levava acr\u00e9scimos como bancos e pain\u00e9is de porta revestidos em couro natural, assoalho com bucl\u00ea de na\u00edlon, r\u00e1dio, rel\u00f3gio no painel, buzina dupla e tampa do tanque de combust\u00edvel com chave. Al\u00e9m disso, podia ter pintura em dois tons com o teto em branco, verde, bege ou preto em contraste \u00e0 cor da carroceria e bancos dianteiros reclin\u00e1veis. Com produ\u00e7\u00e3o limitada, o 1600 L foi oferecido at\u00e9 mar\u00e7o de 1970.<\/p>\n\n\n\n<div style=\"height:50px\" aria-hidden=\"true\" class=\"wp-block-spacer\"><\/div>\n\n\n<div class='code-block code-block-6' style='margin: 28px auto; text-align: center; display: block; clear: both;'>\n<script async src=\"https:\/\/pagead2.googlesyndication.com\/pagead\/js\/adsbygoogle.js\"><\/script>\n<!-- AL-quadrado -->\n<ins class=\"adsbygoogle\"\n     style=\"display:block\"\n     data-ad-client=\"ca-pub-1914799802606213\"\n     data-ad-slot=\"5683066082\"\n     data-ad-format=\"auto\"\n     data-full-width-responsive=\"true\"><\/ins>\n<script>\n     (adsbygoogle = window.adsbygoogle || []).push({});\n<\/script><\/div>\n\n\n\n\n<div style=\"height:50px\" aria-hidden=\"true\" class=\"wp-block-spacer\"><\/div>\n\n\n\n<p>O 1600 b\u00e1sico recebia na linha 1970, lan\u00e7ada em fevereiro desse ano, novidades como para-choques de l\u00e2mina \u00fanica, nova posi\u00e7\u00e3o dos frisos laterais e bancos estofados em gomos. Pouco depois a Volkswagen anunciava a exporta\u00e7\u00e3o do modelo para o M\u00e9xico. A frente manteve os far\u00f3is retangulares at\u00e9 agosto seguinte, quando eles eram substitu\u00eddos por quatro circulares na linha 1971. A tampa do motor era redesenhada.<\/p>\n\n\n\n<p>Talvez pela falta de um nome apropriado \u2014 como um carro poderia se chamar apenas um n\u00famero? \u2014, o 1600 ganhou do p\u00fablico o apelido &#8220;Z\u00e9 do Caix\u00e3o&#8221;, nome art\u00edstico do ator e diretor de filmes de terror Jos\u00e9 Mojica Marins (1936-2020), j\u00e1 ent\u00e3o consagrado. Diz-se que a alcunha vinha das formas da carroceria e das quatro ma\u00e7anetas cromadas, que lembrariam al\u00e7as de caix\u00e3o.<\/p>\n\n\n<a href='https:\/\/autolivraria.com.br\/bc\/informe-se\/passado\/volkswagen\/historia-volkswagen-1600-ze-do-caixao-tl-variant\/2\/' class='small-button smallsilver'>Pr\u00f3xima parte<\/a>\n\n\n\n<div style=\"height:50px\" aria-hidden=\"true\" class=\"wp-block-spacer\"><\/div>\n\n\n\n<div class='et-box et-shadow'>\n\t\t\t\t\t<div class='et-box-content'><h2 class=\"wp-block-heading\">EA-97, a antevis\u00e3o do &#8220;Z\u00e9 do Caix\u00e3o&#8221;<\/h2>\n\n\n\n<figure class=\"wp-block-gallery columns-2 is-cropped wp-block-gallery-3 is-layout-flex wp-block-gallery-is-layout-flex\"><ul class=\"blocks-gallery-grid\"><li class=\"blocks-gallery-item\"><figure><a href=\"https:\/\/autolivraria.com.br\/bc\/wp-content\/uploads\/2020\/12\/EA97-01.jpg\"><img decoding=\"async\" width=\"640\" height=\"426\" data-src=\"https:\/\/autolivraria.com.br\/bc\/wp-content\/uploads\/2020\/12\/EA97-01.jpg\" alt=\"\" data-id=\"121894\" data-full-url=\"https:\/\/autolivraria.com.br\/bc\/wp-content\/uploads\/2020\/12\/EA97-01.jpg\" data-link=\"https:\/\/autolivraria.com.br\/bc\/?attachment_id=121894\" class=\"wp-image-121894 lazyload\" data-srcset=\"https:\/\/autolivraria.com.br\/bc\/wp-content\/uploads\/2020\/12\/EA97-01.jpg 640w, https:\/\/autolivraria.com.br\/bc\/wp-content\/uploads\/2020\/12\/EA97-01-340x226.jpg 340w\" data-sizes=\"(max-width: 640px) 100vw, 640px\" src=\"data:image\/svg+xml;base64,PHN2ZyB3aWR0aD0iMSIgaGVpZ2h0PSIxIiB4bWxucz0iaHR0cDovL3d3dy53My5vcmcvMjAwMC9zdmciPjwvc3ZnPg==\" style=\"--smush-placeholder-width: 640px; --smush-placeholder-aspect-ratio: 640\/426;\" \/><\/a><\/figure><\/li><li class=\"blocks-gallery-item\"><figure><a href=\"https:\/\/autolivraria.com.br\/bc\/wp-content\/uploads\/2020\/12\/EA97-02.jpg\"><img decoding=\"async\" width=\"640\" height=\"426\" data-src=\"https:\/\/autolivraria.com.br\/bc\/wp-content\/uploads\/2020\/12\/EA97-02.jpg\" alt=\"\" data-id=\"121895\" data-full-url=\"https:\/\/autolivraria.com.br\/bc\/wp-content\/uploads\/2020\/12\/EA97-02.jpg\" data-link=\"https:\/\/autolivraria.com.br\/bc\/?attachment_id=121895\" class=\"wp-image-121895 lazyload\" data-srcset=\"https:\/\/autolivraria.com.br\/bc\/wp-content\/uploads\/2020\/12\/EA97-02.jpg 640w, https:\/\/autolivraria.com.br\/bc\/wp-content\/uploads\/2020\/12\/EA97-02-340x226.jpg 340w\" data-sizes=\"(max-width: 640px) 100vw, 640px\" src=\"data:image\/svg+xml;base64,PHN2ZyB3aWR0aD0iMSIgaGVpZ2h0PSIxIiB4bWxucz0iaHR0cDovL3d3dy53My5vcmcvMjAwMC9zdmciPjwvc3ZnPg==\" style=\"--smush-placeholder-width: 640px; --smush-placeholder-aspect-ratio: 640\/426;\" \/><\/a><\/figure><\/li><\/ul><\/figure>\n\n\n\n<p>Antes que o sed\u00e3 de duas portas Typ 3 chegasse ao mercado europeu em 1961, a Volkswagen desenvolveu um estudo ainda mais parecido com nosso 1600 &#8220;Z\u00e9 do Caix\u00e3o&#8221;: o EA-97, sendo EA a sigla para Entwicklungsauftrag ou ordem de desenvolvimento em alem\u00e3o.<\/p>\n\n\n\n<p>O sed\u00e3 apresentado em 1960 foi elaborado sobre um chassi de Karmann-Ghia com dimens\u00f5es adaptadas, mais largo que o original do Fusca. Embora as linhas das laterais sejam semelhantes \u00e0s do Typ 3, o EA-97 \u00e9 bem diferente na frente e na traseira, cujas formas s\u00e3o praticamente as mesmas do quatro-portas brasileiro. Entre as diferen\u00e7as do alem\u00e3o para o nacional, al\u00e9m da falta das portas traseiras, est\u00e3o o recorte do cap\u00f4 dianteiro, os far\u00f3is circulares, as lanternas traseiras em posi\u00e7\u00e3o mais baixa e a aus\u00eancia de quebra-ventos nas janelas. O interior tamb\u00e9m se parece muito.<\/p>\n\n\n\n<div style=\"height:30px\" aria-hidden=\"true\" class=\"wp-block-spacer\"><\/div>\n\n\n\n<figure class=\"wp-block-gallery columns-2 is-cropped wp-block-gallery-4 is-layout-flex wp-block-gallery-is-layout-flex\"><ul class=\"blocks-gallery-grid\"><li class=\"blocks-gallery-item\"><figure><a href=\"https:\/\/autolivraria.com.br\/bc\/wp-content\/uploads\/2020\/12\/EA97-04.jpg\"><img decoding=\"async\" width=\"640\" height=\"426\" data-src=\"https:\/\/autolivraria.com.br\/bc\/wp-content\/uploads\/2020\/12\/EA97-04.jpg\" alt=\"\" data-id=\"121896\" data-full-url=\"https:\/\/autolivraria.com.br\/bc\/wp-content\/uploads\/2020\/12\/EA97-04.jpg\" data-link=\"https:\/\/autolivraria.com.br\/bc\/?attachment_id=121896\" class=\"wp-image-121896 lazyload\" data-srcset=\"https:\/\/autolivraria.com.br\/bc\/wp-content\/uploads\/2020\/12\/EA97-04.jpg 640w, https:\/\/autolivraria.com.br\/bc\/wp-content\/uploads\/2020\/12\/EA97-04-340x226.jpg 340w\" data-sizes=\"(max-width: 640px) 100vw, 640px\" src=\"data:image\/svg+xml;base64,PHN2ZyB3aWR0aD0iMSIgaGVpZ2h0PSIxIiB4bWxucz0iaHR0cDovL3d3dy53My5vcmcvMjAwMC9zdmciPjwvc3ZnPg==\" style=\"--smush-placeholder-width: 640px; --smush-placeholder-aspect-ratio: 640\/426;\" \/><\/a><\/figure><\/li><li class=\"blocks-gallery-item\"><figure><a href=\"https:\/\/autolivraria.com.br\/bc\/wp-content\/uploads\/2020\/12\/EA97-03.jpg\"><img decoding=\"async\" width=\"640\" height=\"426\" data-src=\"https:\/\/autolivraria.com.br\/bc\/wp-content\/uploads\/2020\/12\/EA97-03.jpg\" alt=\"\" data-id=\"121897\" data-full-url=\"https:\/\/autolivraria.com.br\/bc\/wp-content\/uploads\/2020\/12\/EA97-03.jpg\" data-link=\"https:\/\/autolivraria.com.br\/bc\/?attachment_id=121897\" class=\"wp-image-121897 lazyload\" data-srcset=\"https:\/\/autolivraria.com.br\/bc\/wp-content\/uploads\/2020\/12\/EA97-03.jpg 640w, https:\/\/autolivraria.com.br\/bc\/wp-content\/uploads\/2020\/12\/EA97-03-340x226.jpg 340w\" data-sizes=\"(max-width: 640px) 100vw, 640px\" src=\"data:image\/svg+xml;base64,PHN2ZyB3aWR0aD0iMSIgaGVpZ2h0PSIxIiB4bWxucz0iaHR0cDovL3d3dy53My5vcmcvMjAwMC9zdmciPjwvc3ZnPg==\" style=\"--smush-placeholder-width: 640px; --smush-placeholder-aspect-ratio: 640\/426;\" \/><\/a><\/figure><\/li><\/ul><\/figure>\n\n\n\n<p>Desenvolvido com planos de produ\u00e7\u00e3o, o projeto inclu\u00eda uma perua (bem parecida com nossa Variant) e um convers\u00edvel, mas a Volkswagen percebeu que ele ocuparia um segmento de mercado muito pr\u00f3ximo ao do Typ 3, levando a competi\u00e7\u00e3o interna \u2014 canibaliza\u00e7\u00e3o no jarg\u00e3o da ind\u00fastria. Assim, a decis\u00e3o foi enviar o ferramental j\u00e1 constru\u00eddo para o Brasil, onde recebeu as altera\u00e7\u00f5es que conhecemos e se tornou o primeiro modelo da fam\u00edlia 1600.<\/p>\n\n\n\n<p>O estudo do sed\u00e3 EA-97 hoje faz parte do acervo do Auto Museum Volkswagen, museu da empresa em Wolfsburg, Alemanha. Os demais prot\u00f3tipos foram sucateados.<\/p>\n\n\n\n<p><em>Fotos: Collection Dr. Etzold\/K\u00e4fer-Dokumentation<\/em><\/p><\/div><\/div>\n\n\n<a href='https:\/\/autolivraria.com.br\/bc\/informe-se\/passado\/volkswagen\/historia-volkswagen-1600-ze-do-caixao-tl-variant\/2\/' class='small-button smallsilver'>Pr\u00f3xima parte<\/a>\n\n\n\n<div style=\"height:50px\" aria-hidden=\"true\" class=\"wp-block-spacer\"><\/div>\n\n\n\n<!--nextpage-->\n\n\n\n<figure class=\"wp-block-image size-large\"><a href=\"https:\/\/autolivraria.com.br\/bc\/wp-content\/uploads\/2020\/12\/VW-Variant-1971-01.jpg\"><img decoding=\"async\" width=\"696\" height=\"464\" data-src=\"https:\/\/autolivraria.com.br\/bc\/wp-content\/uploads\/2020\/12\/VW-Variant-1971-01-696x464.jpg\" alt=\"\" class=\"wp-image-121899 lazyload\" data-srcset=\"https:\/\/autolivraria.com.br\/bc\/wp-content\/uploads\/2020\/12\/VW-Variant-1971-01-696x464.jpg 696w, https:\/\/autolivraria.com.br\/bc\/wp-content\/uploads\/2020\/12\/VW-Variant-1971-01-340x227.jpg 340w, https:\/\/autolivraria.com.br\/bc\/wp-content\/uploads\/2020\/12\/VW-Variant-1971-01.jpg 1024w\" data-sizes=\"(max-width: 696px) 100vw, 696px\" src=\"data:image\/svg+xml;base64,PHN2ZyB3aWR0aD0iMSIgaGVpZ2h0PSIxIiB4bWxucz0iaHR0cDovL3d3dy53My5vcmcvMjAwMC9zdmciPjwvc3ZnPg==\" style=\"--smush-placeholder-width: 696px; --smush-placeholder-aspect-ratio: 696\/464;\" \/><\/a><\/figure>\n\n\n\n<p class=\"has-text-align-center\"><em>A Variant aparecia em 1969 com estilo inspirado na alem\u00e3 e a frente do sed\u00e3; note o quebra-vento no vidro lateral traseiro<\/em><\/p>\n\n\n\n<div style=\"height:50px\" aria-hidden=\"true\" class=\"wp-block-spacer\"><\/div>\n\n\n\n<p>A combina\u00e7\u00e3o de quatro portas, mec\u00e2nica robusta e bom espa\u00e7o interno para os padr\u00f5es da \u00e9poca fez do 1600 um carro popular entre os taxistas, mas n\u00e3o tanto entre o p\u00fablico particular. Depois de um inc\u00eandio na ala de pintura da f\u00e1brica de S\u00e3o Bernardo, no fim de 1970, a Volkswagen simplesmente o deixou de fora ao reiniciar a fabrica\u00e7\u00e3o da linha. O &#8220;Z\u00e9&#8221; acabava por ali depois de apenas dois anos e 38 mil unidades produzidas.<\/p>\n\n\n\n<div style=\"height:50px\" aria-hidden=\"true\" class=\"wp-block-spacer\"><\/div>\n\n\n<div class='code-block code-block-7' style='margin: 28px auto; text-align: center; display: block; clear: both;'>\n<br>\n<div align=\"center\">\n<a target=\"_blank\" href=\"https:\/\/bestcars.com.br\/bc\/\">\n<img decoding=\"async\" data-src=\"https:\/\/bestcars.com.br\/bc\/wp-content\/uploads\/2021\/07\/Auto-Livraria-450x300-quadros.jpg\" alt=\"Auto Livraria\" src=\"data:image\/svg+xml;base64,PHN2ZyB3aWR0aD0iMSIgaGVpZ2h0PSIxIiB4bWxucz0iaHR0cDovL3d3dy53My5vcmcvMjAwMC9zdmciPjwvc3ZnPg==\" class=\"lazyload\"><\/a>\n<\/div>\n<br><\/div>\n\n\n\n\n<div style=\"height:50px\" aria-hidden=\"true\" class=\"wp-block-spacer\"><\/div>\n\n\n\n<h2 class=\"wp-block-heading\">Variant: porta-malas na frente e atr\u00e1s<\/h2>\n\n\n\n<p>O mercado nacional estava sem uma perua derivada de autom\u00f3vel desde 1967, quando a compra da <a href=\"https:\/\/autolivraria.com.br\/bc\/tag\/dkw-vemag\" target=\"_blank\" rel=\"noreferrer noopener\">DKW-Vemag<\/a> pela Volkswagen levara ao encerramento da marca e, com ela, da Vemaguet depois de 11 anos de produ\u00e7\u00e3o, inclu\u00edda a fase da perua Universal. E foi pelas m\u00e3os da pr\u00f3pria Volkswagen que esse segmento renasceu em dezembro de 1969 com a Variant brasileira.<\/p>\n\n\n\n<div style=\"height:50px\" aria-hidden=\"true\" class=\"wp-block-spacer\"><\/div>\n\n\n\n<figure class=\"wp-block-image size-large\"><a href=\"https:\/\/autolivraria.com.br\/bc\/wp-content\/uploads\/2020\/12\/VW-Variant-1970-01.jpg\"><img decoding=\"async\" width=\"696\" height=\"464\" data-src=\"https:\/\/autolivraria.com.br\/bc\/wp-content\/uploads\/2020\/12\/VW-Variant-1970-01-696x464.jpg\" alt=\"\" class=\"wp-image-121898 lazyload\" data-srcset=\"https:\/\/autolivraria.com.br\/bc\/wp-content\/uploads\/2020\/12\/VW-Variant-1970-01-696x464.jpg 696w, https:\/\/autolivraria.com.br\/bc\/wp-content\/uploads\/2020\/12\/VW-Variant-1970-01-340x227.jpg 340w, https:\/\/autolivraria.com.br\/bc\/wp-content\/uploads\/2020\/12\/VW-Variant-1970-01.jpg 1024w\" data-sizes=\"(max-width: 696px) 100vw, 696px\" src=\"data:image\/svg+xml;base64,PHN2ZyB3aWR0aD0iMSIgaGVpZ2h0PSIxIiB4bWxucz0iaHR0cDovL3d3dy53My5vcmcvMjAwMC9zdmciPjwvc3ZnPg==\" style=\"--smush-placeholder-width: 696px; --smush-placeholder-aspect-ratio: 696\/464;\" \/><\/a><\/figure>\n\n\n\n<figure class=\"wp-block-gallery columns-2 is-cropped wp-block-gallery-5 is-layout-flex wp-block-gallery-is-layout-flex\"><ul class=\"blocks-gallery-grid\"><li class=\"blocks-gallery-item\"><figure><a href=\"https:\/\/autolivraria.com.br\/bc\/wp-content\/uploads\/2020\/12\/VW-Variant-1970-04.jpg\"><img decoding=\"async\" width=\"696\" height=\"696\" data-src=\"https:\/\/autolivraria.com.br\/bc\/wp-content\/uploads\/2020\/12\/VW-Variant-1970-04.jpg\" alt=\"\" data-id=\"121900\" data-full-url=\"https:\/\/autolivraria.com.br\/bc\/wp-content\/uploads\/2020\/12\/VW-Variant-1970-04.jpg\" data-link=\"https:\/\/autolivraria.com.br\/bc\/?attachment_id=121900\" class=\"wp-image-121900 lazyload\" data-srcset=\"https:\/\/autolivraria.com.br\/bc\/wp-content\/uploads\/2020\/12\/VW-Variant-1970-04.jpg 696w, https:\/\/autolivraria.com.br\/bc\/wp-content\/uploads\/2020\/12\/VW-Variant-1970-04-340x340.jpg 340w, https:\/\/autolivraria.com.br\/bc\/wp-content\/uploads\/2020\/12\/VW-Variant-1970-04-222x222.jpg 222w\" data-sizes=\"(max-width: 696px) 100vw, 696px\" src=\"data:image\/svg+xml;base64,PHN2ZyB3aWR0aD0iMSIgaGVpZ2h0PSIxIiB4bWxucz0iaHR0cDovL3d3dy53My5vcmcvMjAwMC9zdmciPjwvc3ZnPg==\" style=\"--smush-placeholder-width: 696px; --smush-placeholder-aspect-ratio: 696\/696;\" \/><\/a><\/figure><\/li><li class=\"blocks-gallery-item\"><figure><a href=\"https:\/\/autolivraria.com.br\/bc\/wp-content\/uploads\/2020\/12\/VW-Variant-1970-09.jpg\"><img decoding=\"async\" width=\"696\" height=\"696\" data-src=\"https:\/\/autolivraria.com.br\/bc\/wp-content\/uploads\/2020\/12\/VW-Variant-1970-09.jpg\" alt=\"\" data-id=\"121967\" data-full-url=\"https:\/\/autolivraria.com.br\/bc\/wp-content\/uploads\/2020\/12\/VW-Variant-1970-09.jpg\" data-link=\"https:\/\/autolivraria.com.br\/bc\/?attachment_id=121967\" class=\"wp-image-121967 lazyload\" data-srcset=\"https:\/\/autolivraria.com.br\/bc\/wp-content\/uploads\/2020\/12\/VW-Variant-1970-09.jpg 696w, https:\/\/autolivraria.com.br\/bc\/wp-content\/uploads\/2020\/12\/VW-Variant-1970-09-340x340.jpg 340w, https:\/\/autolivraria.com.br\/bc\/wp-content\/uploads\/2020\/12\/VW-Variant-1970-09-222x222.jpg 222w\" data-sizes=\"(max-width: 696px) 100vw, 696px\" src=\"data:image\/svg+xml;base64,PHN2ZyB3aWR0aD0iMSIgaGVpZ2h0PSIxIiB4bWxucz0iaHR0cDovL3d3dy53My5vcmcvMjAwMC9zdmciPjwvc3ZnPg==\" style=\"--smush-placeholder-width: 696px; --smush-placeholder-aspect-ratio: 696\/696;\" \/><\/a><\/figure><\/li><\/ul><\/figure>\n\n\n\n<p class=\"has-text-align-center\"><em>Com turbina baixa, o motor permitia um porta-malas acima dele somado ao dianteiro, argumento bem explorado nas propagandas<\/em><\/p>\n\n\n\n<div style=\"height:50px\" aria-hidden=\"true\" class=\"wp-block-spacer\"><\/div>\n\n\n\n<p>Esperada durante anos, por j\u00e1 existir na Europa a perua Typ 3, nossa Variant seguia em desenho o 1600 de quatro portas, mas oferecia apenas duas portas e a tampa traseira de carga. Detalhe curioso era que os vidros laterais traseiros inclu\u00edam quebra-ventos, como os das portas, para aumentar a ventila\u00e7\u00e3o daquela regi\u00e3o da cabine.<\/p>\n\n\n\n<div style=\"height:50px\" aria-hidden=\"true\" class=\"wp-block-spacer\"><\/div>\n\n\n\n<blockquote class=\"wp-block-quote is-layout-flow wp-block-quote-is-layout-flow\"><p>A Variant trazia novidades t\u00e9cnicas comparada ao sed\u00e3: motor de constru\u00e7\u00e3o plana, dois carburadores (in\u00e9ditos em carro brasileiro) e tanque de combust\u00edvel na frente<\/p><\/blockquote>\n\n\n\n<div style=\"height:50px\" aria-hidden=\"true\" class=\"wp-block-spacer\"><\/div>\n\n\n\n<p>O interior deixava impress\u00e3o de refinamento incomum na marca, com o aplique no painel que imitava madeira jacarand\u00e1 e os bancos revestidos em curvim com op\u00e7\u00e3o de tom caramelo. O banco traseiro podia ser rebatido para o transporte de objetos mais longos, embora limitado pela alta base do porta-malas. De acordo com a f\u00e1brica, ao somar o porta-malas dianteiro ao espa\u00e7o traseiro at\u00e9 o teto a capacidade chegava a 640 litros.<\/p>\n\n\n\n<p>A Variant trazia tr\u00eas novidades t\u00e9cnicas em rela\u00e7\u00e3o ao sed\u00e3 1600. Uma era o motor de constru\u00e7\u00e3o plana, em que a turbina fixada ao virabrequim permitia menor altura do motor completo \u2014 solu\u00e7\u00e3o diversa da alem\u00e3, que usava ventoinha horizontal, mas j\u00e1 ben\u00e9fica ao espa\u00e7o para carga. Outra era o emprego de dois carburadores, in\u00e9ditos em um carro brasileiro e dotados de afogador autom\u00e1tico. Com 54 cv l\u00edquidos (65 cv brutos) e o mesmo torque do sed\u00e3, o motor permitia alcan\u00e7ar 140 km\/h. De resto, seu tanque de combust\u00edvel ficava na frente e n\u00e3o na traseira como o do 1600 quatro-portas.<\/p>\n\n\n\n<div style=\"height:50px\" aria-hidden=\"true\" class=\"wp-block-spacer\"><\/div>\n\n\n\n<figure class=\"wp-block-image size-large\"><a href=\"https:\/\/autolivraria.com.br\/bc\/wp-content\/uploads\/2020\/12\/VW-Variant-1970-07.jpg\"><img decoding=\"async\" width=\"696\" height=\"464\" data-src=\"https:\/\/autolivraria.com.br\/bc\/wp-content\/uploads\/2020\/12\/VW-Variant-1970-07-696x464.jpg\" alt=\"\" class=\"wp-image-121903 lazyload\" data-srcset=\"https:\/\/autolivraria.com.br\/bc\/wp-content\/uploads\/2020\/12\/VW-Variant-1970-07-696x464.jpg 696w, https:\/\/autolivraria.com.br\/bc\/wp-content\/uploads\/2020\/12\/VW-Variant-1970-07-340x227.jpg 340w, https:\/\/autolivraria.com.br\/bc\/wp-content\/uploads\/2020\/12\/VW-Variant-1970-07.jpg 1024w\" data-sizes=\"(max-width: 696px) 100vw, 696px\" src=\"data:image\/svg+xml;base64,PHN2ZyB3aWR0aD0iMSIgaGVpZ2h0PSIxIiB4bWxucz0iaHR0cDovL3d3dy53My5vcmcvMjAwMC9zdmciPjwvc3ZnPg==\" style=\"--smush-placeholder-width: 696px; --smush-placeholder-aspect-ratio: 696\/464;\" \/><\/a><\/figure>\n\n\n\n<figure class=\"wp-block-gallery columns-2 is-cropped wp-block-gallery-6 is-layout-flex wp-block-gallery-is-layout-flex\"><ul class=\"blocks-gallery-grid\"><li class=\"blocks-gallery-item\"><figure><a href=\"https:\/\/autolivraria.com.br\/bc\/wp-content\/uploads\/2020\/12\/VW-Variant-1971-03.jpg\"><img decoding=\"async\" width=\"640\" height=\"800\" data-src=\"https:\/\/autolivraria.com.br\/bc\/wp-content\/uploads\/2020\/12\/VW-Variant-1971-03.jpg\" alt=\"\" data-id=\"121904\" data-full-url=\"https:\/\/autolivraria.com.br\/bc\/wp-content\/uploads\/2020\/12\/VW-Variant-1971-03.jpg\" data-link=\"https:\/\/autolivraria.com.br\/bc\/?attachment_id=121904\" class=\"wp-image-121904 lazyload\" data-srcset=\"https:\/\/autolivraria.com.br\/bc\/wp-content\/uploads\/2020\/12\/VW-Variant-1971-03.jpg 640w, https:\/\/autolivraria.com.br\/bc\/wp-content\/uploads\/2020\/12\/VW-Variant-1971-03-340x425.jpg 340w\" data-sizes=\"(max-width: 640px) 100vw, 640px\" src=\"data:image\/svg+xml;base64,PHN2ZyB3aWR0aD0iMSIgaGVpZ2h0PSIxIiB4bWxucz0iaHR0cDovL3d3dy53My5vcmcvMjAwMC9zdmciPjwvc3ZnPg==\" style=\"--smush-placeholder-width: 640px; --smush-placeholder-aspect-ratio: 640\/800;\" \/><\/a><\/figure><\/li><li class=\"blocks-gallery-item\"><figure><a href=\"https:\/\/autolivraria.com.br\/bc\/wp-content\/uploads\/2020\/12\/VW-Variant-1971.jpg\"><img decoding=\"async\" width=\"640\" height=\"800\" data-src=\"https:\/\/autolivraria.com.br\/bc\/wp-content\/uploads\/2020\/12\/VW-Variant-1971.jpg\" alt=\"\" data-id=\"121905\" data-full-url=\"https:\/\/autolivraria.com.br\/bc\/wp-content\/uploads\/2020\/12\/VW-Variant-1971.jpg\" data-link=\"https:\/\/autolivraria.com.br\/bc\/?attachment_id=121905\" class=\"wp-image-121905 lazyload\" data-srcset=\"https:\/\/autolivraria.com.br\/bc\/wp-content\/uploads\/2020\/12\/VW-Variant-1971.jpg 640w, https:\/\/autolivraria.com.br\/bc\/wp-content\/uploads\/2020\/12\/VW-Variant-1971-340x425.jpg 340w\" data-sizes=\"(max-width: 640px) 100vw, 640px\" src=\"data:image\/svg+xml;base64,PHN2ZyB3aWR0aD0iMSIgaGVpZ2h0PSIxIiB4bWxucz0iaHR0cDovL3d3dy53My5vcmcvMjAwMC9zdmciPjwvc3ZnPg==\" style=\"--smush-placeholder-width: 640px; --smush-placeholder-aspect-ratio: 640\/800;\" \/><\/a><\/figure><\/li><\/ul><\/figure>\n\n\n<p style=\"text-align: center;\"><em>A praticidade da Variant e sua robustez foram bem-vindas em um segmento que estava sem op\u00e7\u00f5es desde o fim da DKW Vemaguet<\/em><\/p>\n\n\n<div style=\"height:50px\" aria-hidden=\"true\" class=\"wp-block-spacer\"><\/div>\n\n\n\n<p>No teste inicial da <em>Quatro Rodas<\/em> houve elogios ao &#8220;acabamento cuidadoso, um dos mais perfeitos entre os carros nacionais. Os freios obedientes, a dire\u00e7\u00e3o r\u00e1pida e macia e o c\u00e2mbio preciso e bem \u00e0 m\u00e3o, tudo lembra o Fusca. A perua \u00e9 neutra nas curvas, n\u00e3o tende a jogar a traseira como o 1300. O consumo \u00e9 o ponto alto da Variant, provando mais uma vez que os dois carburadores s\u00e3o mais econ\u00f4micos, porque mais eficientes do que um s\u00f3. A 80 km\/h ela faz nada menos que 14,2 km\/l. Era o carro que faltava no mercado&#8221;.<\/p>\n\n\n\n<div style=\"height:50px\" aria-hidden=\"true\" class=\"wp-block-spacer\"><\/div>\n\n\n<div class='code-block code-block-6' style='margin: 28px auto; text-align: center; display: block; clear: both;'>\n<script async src=\"https:\/\/pagead2.googlesyndication.com\/pagead\/js\/adsbygoogle.js\"><\/script>\n<!-- AL-quadrado -->\n<ins class=\"adsbygoogle\"\n     style=\"display:block\"\n     data-ad-client=\"ca-pub-1914799802606213\"\n     data-ad-slot=\"5683066082\"\n     data-ad-format=\"auto\"\n     data-full-width-responsive=\"true\"><\/ins>\n<script>\n     (adsbygoogle = window.adsbygoogle || []).push({});\n<\/script><\/div>\n\n\n\n\n<div style=\"height:50px\" aria-hidden=\"true\" class=\"wp-block-spacer\"><\/div>\n\n\n\n<p>A Volkswagen n\u00e3o ficou muito tempo sozinha no segmento: em 1970 a Ford respondia com a <a href=\"https:\/\/autolivraria.com.br\/bc\/tag\/belina\" target=\"_blank\" rel=\"noreferrer noopener\">Belina<\/a>, derivada do Corcel. Embora pr\u00f3xima em tamanho, era bem diferente da Variant em concep\u00e7\u00e3o, com motor e tra\u00e7\u00e3o dianteiros. Isso lhe dava vantagem em espa\u00e7o para bagagem em um s\u00f3 compartimento, mas a perua de marca alem\u00e3 era superior em tra\u00e7\u00e3o em terrenos dif\u00edceis, sobretudo em subidas enlameadas, por ter o peso do motor sobre as rodas traseiras motrizes.<\/p>\n\n\n<a href='https:\/\/autolivraria.com.br\/bc\/informe-se\/passado\/volkswagen\/historia-volkswagen-1600-ze-do-caixao-tl-variant\/3\/' class='small-button smallsilver'>Pr\u00f3xima parte<\/a>\n\n\n\n<div style=\"height:50px\" aria-hidden=\"true\" class=\"wp-block-spacer\"><\/div>\n\n\n\n<div class='et-box et-shadow'>\n\t\t\t\t\t<div class='et-box-content'><h2 class=\"wp-block-heading\">Na Europa<\/h2>\n\n\n\n<figure class=\"wp-block-gallery columns-2 is-cropped wp-block-gallery-7 is-layout-flex wp-block-gallery-is-layout-flex\"><ul class=\"blocks-gallery-grid\"><li class=\"blocks-gallery-item\"><figure><a href=\"https:\/\/autolivraria.com.br\/bc\/wp-content\/uploads\/2020\/12\/VW-Typ-3-13.jpg\"><img decoding=\"async\" width=\"640\" height=\"426\" data-src=\"https:\/\/autolivraria.com.br\/bc\/wp-content\/uploads\/2020\/12\/VW-Typ-3-13.jpg\" alt=\"\" data-id=\"121906\" data-full-url=\"https:\/\/autolivraria.com.br\/bc\/wp-content\/uploads\/2020\/12\/VW-Typ-3-13.jpg\" data-link=\"https:\/\/autolivraria.com.br\/bc\/?attachment_id=121906\" class=\"wp-image-121906 lazyload\" data-srcset=\"https:\/\/autolivraria.com.br\/bc\/wp-content\/uploads\/2020\/12\/VW-Typ-3-13.jpg 640w, https:\/\/autolivraria.com.br\/bc\/wp-content\/uploads\/2020\/12\/VW-Typ-3-13-340x226.jpg 340w\" data-sizes=\"(max-width: 640px) 100vw, 640px\" src=\"data:image\/svg+xml;base64,PHN2ZyB3aWR0aD0iMSIgaGVpZ2h0PSIxIiB4bWxucz0iaHR0cDovL3d3dy53My5vcmcvMjAwMC9zdmciPjwvc3ZnPg==\" style=\"--smush-placeholder-width: 640px; --smush-placeholder-aspect-ratio: 640\/426;\" \/><\/a><\/figure><\/li><li class=\"blocks-gallery-item\"><figure><a href=\"https:\/\/autolivraria.com.br\/bc\/wp-content\/uploads\/2020\/12\/VW-Typ-3-05.jpg\"><img decoding=\"async\" width=\"640\" height=\"426\" data-src=\"https:\/\/autolivraria.com.br\/bc\/wp-content\/uploads\/2020\/12\/VW-Typ-3-05.jpg\" alt=\"\" data-id=\"121907\" data-full-url=\"https:\/\/autolivraria.com.br\/bc\/wp-content\/uploads\/2020\/12\/VW-Typ-3-05.jpg\" data-link=\"https:\/\/autolivraria.com.br\/bc\/?attachment_id=121907\" class=\"wp-image-121907 lazyload\" data-srcset=\"https:\/\/autolivraria.com.br\/bc\/wp-content\/uploads\/2020\/12\/VW-Typ-3-05.jpg 640w, https:\/\/autolivraria.com.br\/bc\/wp-content\/uploads\/2020\/12\/VW-Typ-3-05-340x226.jpg 340w\" data-sizes=\"(max-width: 640px) 100vw, 640px\" src=\"data:image\/svg+xml;base64,PHN2ZyB3aWR0aD0iMSIgaGVpZ2h0PSIxIiB4bWxucz0iaHR0cDovL3d3dy53My5vcmcvMjAwMC9zdmciPjwvc3ZnPg==\" style=\"--smush-placeholder-width: 640px; --smush-placeholder-aspect-ratio: 640\/426;\" \/><\/a><\/figure><\/li><\/ul><\/figure>\n\n\n\n<p>A fam\u00edlia de modelos conhecida como Typ 3 (tipo 3 em alem\u00e3o) foi a primeira tentativa da Volkswagen alem\u00e3 de oferecer outros carros familiares al\u00e9m do K\u00e4fer, Beetle ou Fusca. A inten\u00e7\u00e3o era que autom\u00f3veis maiores, mais confort\u00e1veis e potentes atendessem a um p\u00fablico mais exigente, com foco no mercado norte-americano. <\/p>\n\n\n\n<p>Os novos modelos 1500 eram apresentados juntos em abril de 1961: sed\u00e3 e perua de duas portas e convers\u00edvel \u2014 este, por\u00e9m, nunca chegou ao mercado. Com a mesma dist\u00e2ncia entre eixos do Fusca (2,40 metros), os carros mediam 4,34 m de comprimento. Na perua, o formato retil\u00edneo das tr\u00eas janelas laterais e da tampa traseira justificava o nome Squareback (traseira quadrada) que a marca lhe aplicou nos Estados Unidos. O nome usado na Europa \u2014 Variant \u2014 teve de mudar para evitar confus\u00e3o com o <a href=\"https:\/\/www1.uol.com.br\/bestcars\/ph2\/171a.htm\" target=\"_blank\" rel=\"noreferrer noopener\">Valiant da Chrysler<\/a>.<\/p>\n\n\n\n<div style=\"height:30px\" aria-hidden=\"true\" class=\"wp-block-spacer\"><\/div>\n\n\n\n<figure class=\"wp-block-gallery columns-2 is-cropped wp-block-gallery-8 is-layout-flex wp-block-gallery-is-layout-flex\"><ul class=\"blocks-gallery-grid\"><li class=\"blocks-gallery-item\"><figure><a href=\"https:\/\/autolivraria.com.br\/bc\/wp-content\/uploads\/2020\/12\/VW-Typ-3-07.jpg\"><img decoding=\"async\" width=\"640\" height=\"426\" data-src=\"https:\/\/autolivraria.com.br\/bc\/wp-content\/uploads\/2020\/12\/VW-Typ-3-07.jpg\" alt=\"\" data-id=\"121908\" data-full-url=\"https:\/\/autolivraria.com.br\/bc\/wp-content\/uploads\/2020\/12\/VW-Typ-3-07.jpg\" data-link=\"https:\/\/autolivraria.com.br\/bc\/?attachment_id=121908\" class=\"wp-image-121908 lazyload\" data-srcset=\"https:\/\/autolivraria.com.br\/bc\/wp-content\/uploads\/2020\/12\/VW-Typ-3-07.jpg 640w, https:\/\/autolivraria.com.br\/bc\/wp-content\/uploads\/2020\/12\/VW-Typ-3-07-340x226.jpg 340w\" data-sizes=\"(max-width: 640px) 100vw, 640px\" src=\"data:image\/svg+xml;base64,PHN2ZyB3aWR0aD0iMSIgaGVpZ2h0PSIxIiB4bWxucz0iaHR0cDovL3d3dy53My5vcmcvMjAwMC9zdmciPjwvc3ZnPg==\" style=\"--smush-placeholder-width: 640px; --smush-placeholder-aspect-ratio: 640\/426;\" \/><\/a><\/figure><\/li><li class=\"blocks-gallery-item\"><figure><a href=\"https:\/\/autolivraria.com.br\/bc\/wp-content\/uploads\/2020\/12\/VW-Typ-3-01.jpg\"><img decoding=\"async\" width=\"640\" height=\"426\" data-src=\"https:\/\/autolivraria.com.br\/bc\/wp-content\/uploads\/2020\/12\/VW-Typ-3-01.jpg\" alt=\"\" data-id=\"121909\" data-full-url=\"https:\/\/autolivraria.com.br\/bc\/wp-content\/uploads\/2020\/12\/VW-Typ-3-01.jpg\" data-link=\"https:\/\/autolivraria.com.br\/bc\/?attachment_id=121909\" class=\"wp-image-121909 lazyload\" data-srcset=\"https:\/\/autolivraria.com.br\/bc\/wp-content\/uploads\/2020\/12\/VW-Typ-3-01.jpg 640w, https:\/\/autolivraria.com.br\/bc\/wp-content\/uploads\/2020\/12\/VW-Typ-3-01-340x226.jpg 340w\" data-sizes=\"(max-width: 640px) 100vw, 640px\" src=\"data:image\/svg+xml;base64,PHN2ZyB3aWR0aD0iMSIgaGVpZ2h0PSIxIiB4bWxucz0iaHR0cDovL3d3dy53My5vcmcvMjAwMC9zdmciPjwvc3ZnPg==\" style=\"--smush-placeholder-width: 640px; --smush-placeholder-aspect-ratio: 640\/426;\" \/><\/a><\/figure><\/li><\/ul><\/figure>\n\n\n\n<p>Com as qualidades reconhecidas do Fusca associadas a um interior mais espa\u00e7oso e arejado, a linha Typ 3 logo fez sucesso. Eram os primeiros Volkswagens com motor de 1,5 litro, tamb\u00e9m com quatro cilindros opostos e arrefecimento a ar, que oferecia 45 cv e torque de 10,8 m.kgf (l\u00edquidos). Como no besouro, a suspens\u00e3o independente nas quatro rodas usava robustas barras de tor\u00e7\u00e3o.<\/p>\n\n\n\n<p>A vers\u00e3o 1500 S, de 1963, adotava dois carburadores para obter 54 cv. Um teto solar de a\u00e7o, como o do Fusca 1965 brasileiro, tamb\u00e9m estava dispon\u00edvel. Na linha 1966 chegavam o modelo Fastback e o motor de 1,6 litro, 65 cv e 12 m.kgf; os freios dianteiros passavam a usar discos. Uma transmiss\u00e3o autom\u00e1tica vinha no ano seguinte, quando o Fastback ganhava a sigla TL. N\u00e3o era uma identifica\u00e7\u00e3o geral do modelo, como seria no Brasil, mas sim de vers\u00e3o, assim como havia a TA e a TE.<\/p>\n\n\n\n<div style=\"height:30px\" aria-hidden=\"true\" class=\"wp-block-spacer\"><\/div>\n\n\n\n<figure class=\"wp-block-gallery columns-2 is-cropped wp-block-gallery-9 is-layout-flex wp-block-gallery-is-layout-flex\"><ul class=\"blocks-gallery-grid\"><li class=\"blocks-gallery-item\"><figure><a href=\"https:\/\/autolivraria.com.br\/bc\/wp-content\/uploads\/2020\/12\/VW-Typ-3-15.jpg\"><img decoding=\"async\" width=\"640\" height=\"426\" data-src=\"https:\/\/autolivraria.com.br\/bc\/wp-content\/uploads\/2020\/12\/VW-Typ-3-15.jpg\" alt=\"\" data-id=\"121911\" data-full-url=\"https:\/\/autolivraria.com.br\/bc\/wp-content\/uploads\/2020\/12\/VW-Typ-3-15.jpg\" data-link=\"https:\/\/autolivraria.com.br\/bc\/?attachment_id=121911\" class=\"wp-image-121911 lazyload\" data-srcset=\"https:\/\/autolivraria.com.br\/bc\/wp-content\/uploads\/2020\/12\/VW-Typ-3-15.jpg 640w, https:\/\/autolivraria.com.br\/bc\/wp-content\/uploads\/2020\/12\/VW-Typ-3-15-340x226.jpg 340w\" data-sizes=\"(max-width: 640px) 100vw, 640px\" src=\"data:image\/svg+xml;base64,PHN2ZyB3aWR0aD0iMSIgaGVpZ2h0PSIxIiB4bWxucz0iaHR0cDovL3d3dy53My5vcmcvMjAwMC9zdmciPjwvc3ZnPg==\" style=\"--smush-placeholder-width: 640px; --smush-placeholder-aspect-ratio: 640\/426;\" \/><\/a><\/figure><\/li><li class=\"blocks-gallery-item\"><figure><a href=\"https:\/\/autolivraria.com.br\/bc\/wp-content\/uploads\/2020\/12\/VW-Typ-3-04.jpg\"><img decoding=\"async\" width=\"640\" height=\"426\" data-src=\"https:\/\/autolivraria.com.br\/bc\/wp-content\/uploads\/2020\/12\/VW-Typ-3-04.jpg\" alt=\"\" data-id=\"121910\" data-full-url=\"https:\/\/autolivraria.com.br\/bc\/wp-content\/uploads\/2020\/12\/VW-Typ-3-04.jpg\" data-link=\"https:\/\/autolivraria.com.br\/bc\/?attachment_id=121910\" class=\"wp-image-121910 lazyload\" data-srcset=\"https:\/\/autolivraria.com.br\/bc\/wp-content\/uploads\/2020\/12\/VW-Typ-3-04.jpg 640w, https:\/\/autolivraria.com.br\/bc\/wp-content\/uploads\/2020\/12\/VW-Typ-3-04-340x226.jpg 340w\" data-sizes=\"(max-width: 640px) 100vw, 640px\" src=\"data:image\/svg+xml;base64,PHN2ZyB3aWR0aD0iMSIgaGVpZ2h0PSIxIiB4bWxucz0iaHR0cDovL3d3dy53My5vcmcvMjAwMC9zdmciPjwvc3ZnPg==\" style=\"--smush-placeholder-width: 640px; --smush-placeholder-aspect-ratio: 640\/426;\" \/><\/a><\/figure><\/li><\/ul><\/figure>\n\n\n\n<p>Inova\u00e7\u00e3o importante aparecia para 1969: inje\u00e7\u00e3o eletr\u00f4nica, a primeira no mundo em carros de grande produ\u00e7\u00e3o. Um ano depois vinham cap\u00f4 dianteiro mais destacado, far\u00f3is e lanternas maiores e porta-malas frontal maior. A suspens\u00e3o traseira de semieixos oscilantes dava lugar \u00e0 de bra\u00e7os semiarrastados com molas helicoidais, bem superior em comportamento.<\/p>\n\n\n\n<p>Com o fim do sed\u00e3 em 1970, restavam a Variant e o Fastback por mais tr\u00eas anos. Em 1973, depois de mais de 2,5 milh\u00f5es de unidades vendidas, a linha Typ 3 cedia espa\u00e7o \u00e0 <a href=\"https:\/\/www1.uol.com.br\/bestcars\/ph2\/220a.htm\" target=\"_blank\" rel=\"noreferrer noopener\">Typ 4<\/a>, de desenho mais parecido com os de nossos TL e Variant, mas bem diferentes em concep\u00e7\u00e3o mec\u00e2nica.<\/p><\/div><\/div>\n\n\n<a href='https:\/\/autolivraria.com.br\/bc\/informe-se\/passado\/volkswagen\/historia-volkswagen-1600-ze-do-caixao-tl-variant\/3\/' class='small-button smallsilver'>Pr\u00f3xima parte<\/a>\n\n\n\n<div style=\"height:50px\" aria-hidden=\"true\" class=\"wp-block-spacer\"><\/div>\n\n\n\n<!--nextpage-->\n\n\n\n<figure class=\"wp-block-image size-large\"><a href=\"https:\/\/autolivraria.com.br\/bc\/wp-content\/uploads\/2020\/12\/VW-1600-TL-1970-01.jpg\"><img decoding=\"async\" width=\"696\" height=\"464\" data-src=\"https:\/\/autolivraria.com.br\/bc\/wp-content\/uploads\/2020\/12\/VW-1600-TL-1970-01-696x464.jpg\" alt=\"\" class=\"wp-image-121913 lazyload\" data-srcset=\"https:\/\/autolivraria.com.br\/bc\/wp-content\/uploads\/2020\/12\/VW-1600-TL-1970-01-696x464.jpg 696w, https:\/\/autolivraria.com.br\/bc\/wp-content\/uploads\/2020\/12\/VW-1600-TL-1970-01-340x227.jpg 340w, https:\/\/autolivraria.com.br\/bc\/wp-content\/uploads\/2020\/12\/VW-1600-TL-1970-01.jpg 1024w\" data-sizes=\"(max-width: 696px) 100vw, 696px\" src=\"data:image\/svg+xml;base64,PHN2ZyB3aWR0aD0iMSIgaGVpZ2h0PSIxIiB4bWxucz0iaHR0cDovL3d3dy53My5vcmcvMjAwMC9zdmciPjwvc3ZnPg==\" style=\"--smush-placeholder-width: 696px; --smush-placeholder-aspect-ratio: 696\/464;\" \/><\/a><\/figure>\n\n\n\n<p class=\"has-text-align-center\"><em>A traseira em queda r\u00e1pida, tend\u00eancia na \u00e9poca, dava um ar mais jovial ao TL e o afastava da imagem sisuda do 1600 quatro-portas<\/em><\/p>\n\n\n\n<div style=\"height:50px\" aria-hidden=\"true\" class=\"wp-block-spacer\"><\/div>\n\n\n\n<h2 class=\"wp-block-heading\">TL, o fastback<\/h2>\n\n\n\n<p>O terceiro modelo da linha, o fastback TL, era lan\u00e7ado em agosto de 1970. Assim como a Kombi brasileira usava o nome de uma das vers\u00f5es do similar alem\u00e3o, a Volkswagen escolhera para o novo modelo a designa\u00e7\u00e3o de uma vers\u00e3o do Typ 3 Fastback germ\u00e2nico, que tamb\u00e9m oferecia TA e TE. O significado da sigla, n\u00e3o confirmado pela marca, era provavelmente Touring Luxury (turismo luxo).<\/p>\n\n\n\n<div style=\"height:50px\" aria-hidden=\"true\" class=\"wp-block-spacer\"><\/div>\n\n\n<div class='code-block code-block-7' style='margin: 28px auto; text-align: center; display: block; clear: both;'>\n<br>\n<div align=\"center\">\n<a target=\"_blank\" href=\"https:\/\/bestcars.com.br\/bc\/\">\n<img decoding=\"async\" data-src=\"https:\/\/bestcars.com.br\/bc\/wp-content\/uploads\/2021\/07\/Auto-Livraria-450x300-quadros.jpg\" alt=\"Auto Livraria\" src=\"data:image\/svg+xml;base64,PHN2ZyB3aWR0aD0iMSIgaGVpZ2h0PSIxIiB4bWxucz0iaHR0cDovL3d3dy53My5vcmcvMjAwMC9zdmciPjwvc3ZnPg==\" class=\"lazyload\"><\/a>\n<\/div>\n<br><\/div>\n\n\n\n\n<div style=\"height:50px\" aria-hidden=\"true\" class=\"wp-block-spacer\"><\/div>\n\n\n\n<p>A parte frontal da carroceria era a mesma do 1600 e da Variant, salvo por mudan\u00e7a no cap\u00f4 dianteiro e pelos quatro far\u00f3is circulares, que substitu\u00edam os retangulares daqueles modelos \u2014 contudo, os novos far\u00f3is logo eram adotados por toda a linha. A grande diferen\u00e7a estava na traseira em queda r\u00e1pida (por isso o nome fastback) com vidro inclinado, tend\u00eancia mundial na \u00e9poca. De in\u00edcio oferecido apenas com duas portas, o TL media 4,25 metros de comprimento ou 14 cm mais que o sed\u00e3.<\/p>\n\n\n\n<div style=\"height:50px\" aria-hidden=\"true\" class=\"wp-block-spacer\"><\/div>\n\n\n\n<figure class=\"wp-block-image size-large\"><a href=\"https:\/\/autolivraria.com.br\/bc\/wp-content\/uploads\/2020\/12\/VW-TL-1971-02.jpg\"><img decoding=\"async\" width=\"696\" height=\"464\" data-src=\"https:\/\/autolivraria.com.br\/bc\/wp-content\/uploads\/2020\/12\/VW-TL-1971-02-696x464.jpg\" alt=\"\" class=\"wp-image-121914 lazyload\" data-srcset=\"https:\/\/autolivraria.com.br\/bc\/wp-content\/uploads\/2020\/12\/VW-TL-1971-02-696x464.jpg 696w, https:\/\/autolivraria.com.br\/bc\/wp-content\/uploads\/2020\/12\/VW-TL-1971-02-340x227.jpg 340w, https:\/\/autolivraria.com.br\/bc\/wp-content\/uploads\/2020\/12\/VW-TL-1971-02.jpg 1024w\" data-sizes=\"(max-width: 696px) 100vw, 696px\" src=\"data:image\/svg+xml;base64,PHN2ZyB3aWR0aD0iMSIgaGVpZ2h0PSIxIiB4bWxucz0iaHR0cDovL3d3dy53My5vcmcvMjAwMC9zdmciPjwvc3ZnPg==\" style=\"--smush-placeholder-width: 696px; --smush-placeholder-aspect-ratio: 696\/464;\" \/><\/a><\/figure>\n\n\n\n<figure class=\"wp-block-gallery columns-2 is-cropped wp-block-gallery-10 is-layout-flex wp-block-gallery-is-layout-flex\"><ul class=\"blocks-gallery-grid\"><li class=\"blocks-gallery-item\"><figure><a href=\"https:\/\/autolivraria.com.br\/bc\/wp-content\/uploads\/2020\/12\/VW-TL-1971-07.jpg\"><img decoding=\"async\" width=\"640\" height=\"800\" data-src=\"https:\/\/autolivraria.com.br\/bc\/wp-content\/uploads\/2020\/12\/VW-TL-1971-07.jpg\" alt=\"\" data-id=\"121916\" data-full-url=\"https:\/\/autolivraria.com.br\/bc\/wp-content\/uploads\/2020\/12\/VW-TL-1971-07.jpg\" data-link=\"https:\/\/autolivraria.com.br\/bc\/?attachment_id=121916\" class=\"wp-image-121916 lazyload\" data-srcset=\"https:\/\/autolivraria.com.br\/bc\/wp-content\/uploads\/2020\/12\/VW-TL-1971-07.jpg 640w, https:\/\/autolivraria.com.br\/bc\/wp-content\/uploads\/2020\/12\/VW-TL-1971-07-340x425.jpg 340w\" data-sizes=\"(max-width: 640px) 100vw, 640px\" src=\"data:image\/svg+xml;base64,PHN2ZyB3aWR0aD0iMSIgaGVpZ2h0PSIxIiB4bWxucz0iaHR0cDovL3d3dy53My5vcmcvMjAwMC9zdmciPjwvc3ZnPg==\" style=\"--smush-placeholder-width: 640px; --smush-placeholder-aspect-ratio: 640\/800;\" \/><\/a><\/figure><\/li><li class=\"blocks-gallery-item\"><figure><a href=\"https:\/\/autolivraria.com.br\/bc\/wp-content\/uploads\/2020\/12\/VW-TL-1971-04.jpg\"><img decoding=\"async\" width=\"640\" height=\"800\" data-src=\"https:\/\/autolivraria.com.br\/bc\/wp-content\/uploads\/2020\/12\/VW-TL-1971-04.jpg\" alt=\"\" data-id=\"121915\" data-full-url=\"https:\/\/autolivraria.com.br\/bc\/wp-content\/uploads\/2020\/12\/VW-TL-1971-04.jpg\" data-link=\"https:\/\/autolivraria.com.br\/bc\/?attachment_id=121915\" class=\"wp-image-121915 lazyload\" data-srcset=\"https:\/\/autolivraria.com.br\/bc\/wp-content\/uploads\/2020\/12\/VW-TL-1971-04.jpg 640w, https:\/\/autolivraria.com.br\/bc\/wp-content\/uploads\/2020\/12\/VW-TL-1971-04-340x425.jpg 340w\" data-sizes=\"(max-width: 640px) 100vw, 640px\" src=\"data:image\/svg+xml;base64,PHN2ZyB3aWR0aD0iMSIgaGVpZ2h0PSIxIiB4bWxucz0iaHR0cDovL3d3dy53My5vcmcvMjAwMC9zdmciPjwvc3ZnPg==\" style=\"--smush-placeholder-width: 640px; --smush-placeholder-aspect-ratio: 640\/800;\" \/><\/a><\/figure><\/li><\/ul><\/figure>\n\n\n\n<p class=\"has-text-align-center\"><em>A frente similar \u00e0 do sed\u00e3, mas com quatro far\u00f3is, foi usada por pouco tempo; o motor de dupla carbura\u00e7\u00e3o era o mesmo da Variant<\/em><\/p>\n\n\n\n<div style=\"height:50px\" aria-hidden=\"true\" class=\"wp-block-spacer\"><\/div>\n\n\n\n<p>O interior seguia o da Variant, com maior conforto aos passageiros de tr\u00e1s pelo encosto mais inclinado e o banco mais largo, j\u00e1 que dispensava a articula\u00e7\u00e3o nas laterais para ser rebatido. Os dois porta-malas somavam 344 litros de capacidade, segundo a f\u00e1brica. Para deixar o TL mais requintado havia opcionais como bancos de couro, console com conta-giros, rel\u00f3gio no painel e r\u00e1dio Blaupunkt.&nbsp; O motor igual ao da perua, com dois carburadores e turbina baixa, permitia atingir 140 km\/h. O pre\u00e7o do TL colocava-o no topo da fam\u00edlia, seguido pela Variant \u2014 mais caros que ele, na marca, apenas o Karmann-Ghia e o TC.<\/p>\n\n\n\n<div style=\"height:50px\" aria-hidden=\"true\" class=\"wp-block-spacer\"><\/div>\n\n\n\n<blockquote class=\"wp-block-quote is-layout-flow wp-block-quote-is-layout-flow\"><p>A vers\u00e3o de quatro portas, que chegou a responder por quase 50% das vendas do TL, foi decisiva para que o modelo pudesse ser exportado a pa\u00edses do Oriente M\u00e9dio<\/p><\/blockquote>\n\n\n\n<div style=\"height:50px\" aria-hidden=\"true\" class=\"wp-block-spacer\"><\/div>\n\n\n\n<p>&#8220;Um bom desenho, mec\u00e2nica precisa e tamanho m\u00e9dio ideal para nossas condi\u00e7\u00f5es s\u00e3o as caracter\u00edsticas mais positivas do cup\u00ea TL&#8221;, observou a <em>Quatro Rodas<\/em> em teste. &#8220;Os espa\u00e7os dianteiro e traseiro s\u00e3o suficientes para levar com facilidade a bagagem de cinco pessoas. Nas curvas, o TL amea\u00e7a sair de traseira. O motor tem for\u00e7a suficiente, mas a dupla carbura\u00e7\u00e3o n\u00e3o estava bem regulada e sentimos falta de torque&#8221;.<\/p>\n\n\n\n<p>Na <em>Auto Esporte<\/em> o TL foi comparado ao sed\u00e3 1600: &#8220;Com dois carburadores, o TL leva vantagens em rapidez de acelera\u00e7\u00e3o e velocidade final. Precisa de 19,2 segundos para atingir os 100 km\/h, enquanto o quatro-portas gasta 20,9 s, e mostrou-se bem mais econ\u00f4mico&#8221;. Por outro lado, o sed\u00e3 agradou mais em estabilidade: &#8220;Mantendo a caracter\u00edstica <a href=\"https:\/\/autolivraria.com.br\/bc\/glossario-s\/#sobr\" target=\"_blank\" rel=\"noreferrer noopener\" title=\"Gloss\u00e1rio \u2013 S\">sobrester\u00e7ante<\/a> tradicional da marca, fazia as curvas com maior seguran\u00e7a que o TL&#8221;.<\/p>\n\n\n\n<div style=\"height:50px\" aria-hidden=\"true\" class=\"wp-block-spacer\"><\/div>\n\n\n\n<figure class=\"wp-block-image size-large\"><a href=\"https:\/\/autolivraria.com.br\/bc\/wp-content\/uploads\/2020\/12\/VW-1600-TL-1972-03.jpg\"><img decoding=\"async\" width=\"696\" height=\"464\" data-src=\"https:\/\/autolivraria.com.br\/bc\/wp-content\/uploads\/2020\/12\/VW-1600-TL-1972-03-696x464.jpg\" alt=\"\" class=\"wp-image-121917 lazyload\" data-srcset=\"https:\/\/autolivraria.com.br\/bc\/wp-content\/uploads\/2020\/12\/VW-1600-TL-1972-03-696x464.jpg 696w, https:\/\/autolivraria.com.br\/bc\/wp-content\/uploads\/2020\/12\/VW-1600-TL-1972-03-340x227.jpg 340w, https:\/\/autolivraria.com.br\/bc\/wp-content\/uploads\/2020\/12\/VW-1600-TL-1972-03.jpg 1024w\" data-sizes=\"(max-width: 696px) 100vw, 696px\" src=\"data:image\/svg+xml;base64,PHN2ZyB3aWR0aD0iMSIgaGVpZ2h0PSIxIiB4bWxucz0iaHR0cDovL3d3dy53My5vcmcvMjAwMC9zdmciPjwvc3ZnPg==\" style=\"--smush-placeholder-width: 696px; --smush-placeholder-aspect-ratio: 696\/464;\" \/><\/a><\/figure>\n\n\n\n<figure class=\"wp-block-gallery columns-2 is-cropped wp-block-gallery-11 is-layout-flex wp-block-gallery-is-layout-flex\"><ul class=\"blocks-gallery-grid\"><li class=\"blocks-gallery-item\"><figure><a href=\"https:\/\/autolivraria.com.br\/bc\/wp-content\/uploads\/2020\/12\/VW-1600-TL-int.jpg\"><img decoding=\"async\" width=\"696\" height=\"464\" data-src=\"https:\/\/autolivraria.com.br\/bc\/wp-content\/uploads\/2020\/12\/VW-1600-TL-int-696x464.jpg\" alt=\"\" data-id=\"121918\" data-full-url=\"https:\/\/autolivraria.com.br\/bc\/wp-content\/uploads\/2020\/12\/VW-1600-TL-int.jpg\" data-link=\"https:\/\/autolivraria.com.br\/bc\/?attachment_id=121918\" class=\"wp-image-121918 lazyload\" data-srcset=\"https:\/\/autolivraria.com.br\/bc\/wp-content\/uploads\/2020\/12\/VW-1600-TL-int-696x464.jpg 696w, https:\/\/autolivraria.com.br\/bc\/wp-content\/uploads\/2020\/12\/VW-1600-TL-int-340x227.jpg 340w, https:\/\/autolivraria.com.br\/bc\/wp-content\/uploads\/2020\/12\/VW-1600-TL-int.jpg 1024w\" data-sizes=\"(max-width: 696px) 100vw, 696px\" src=\"data:image\/svg+xml;base64,PHN2ZyB3aWR0aD0iMSIgaGVpZ2h0PSIxIiB4bWxucz0iaHR0cDovL3d3dy53My5vcmcvMjAwMC9zdmciPjwvc3ZnPg==\" style=\"--smush-placeholder-width: 696px; --smush-placeholder-aspect-ratio: 696\/464;\" \/><\/a><\/figure><\/li><li class=\"blocks-gallery-item\"><figure><a href=\"https:\/\/autolivraria.com.br\/bc\/wp-content\/uploads\/2020\/12\/VW-TL-1971-06.jpg\"><img decoding=\"async\" width=\"696\" height=\"464\" data-src=\"https:\/\/autolivraria.com.br\/bc\/wp-content\/uploads\/2020\/12\/VW-TL-1971-06-696x464.jpg\" alt=\"\" data-id=\"121919\" data-full-url=\"https:\/\/autolivraria.com.br\/bc\/wp-content\/uploads\/2020\/12\/VW-TL-1971-06.jpg\" data-link=\"https:\/\/autolivraria.com.br\/bc\/?attachment_id=121919\" class=\"wp-image-121919 lazyload\" data-srcset=\"https:\/\/autolivraria.com.br\/bc\/wp-content\/uploads\/2020\/12\/VW-TL-1971-06-696x464.jpg 696w, https:\/\/autolivraria.com.br\/bc\/wp-content\/uploads\/2020\/12\/VW-TL-1971-06-340x227.jpg 340w, https:\/\/autolivraria.com.br\/bc\/wp-content\/uploads\/2020\/12\/VW-TL-1971-06.jpg 1024w\" data-sizes=\"(max-width: 696px) 100vw, 696px\" src=\"data:image\/svg+xml;base64,PHN2ZyB3aWR0aD0iMSIgaGVpZ2h0PSIxIiB4bWxucz0iaHR0cDovL3d3dy53My5vcmcvMjAwMC9zdmciPjwvc3ZnPg==\" style=\"--smush-placeholder-width: 696px; --smush-placeholder-aspect-ratio: 696\/464;\" \/><\/a><\/figure><\/li><\/ul><\/figure>\n\n\n\n<p class=\"has-text-align-center\"><em>A frente baixa e mais imponente foi logo adotada e estreou o TL de quatro portas; no interior, bom acabamento e op\u00e7\u00e3o de couro<\/em><\/p>\n\n\n\n<div style=\"height:50px\" aria-hidden=\"true\" class=\"wp-block-spacer\"><\/div>\n\n\n\n<p>Eleito Carro do Ano pela mesma <em>Auto Esporte<\/em>, o TL teve o t\u00edtulo justificado por v\u00e1rios fatores: &#8220;O projeto foi totalmente nacionalizado. O nosso ficou mais bonito. O autom\u00f3vel tem esmerado acabamento e oferece excelente grau de conforto. \u00c9 t\u00e3o &#8216;p\u00e3o-duro&#8217; no consumo de combust\u00edvel quanto a Variant. Nos testes, revelou que est\u00e1 perfeitamente aclimatado \u00e0s nossas condi\u00e7\u00f5es de utiliza\u00e7\u00e3o&#8221;.<\/p>\n\n\n\n<p>O TL passou pouco tempo com o desenho original. Revelada em mar\u00e7o de 1971 na Feira Industrial Alem\u00e3, em S\u00e3o Paulo, SP, uma nova frente para o fastback e a Variant era colocada no mercado em junho na precoce linha 1972. Com cap\u00f4 mais baixo e painel frontal inclinado para frente, o desenho lembrava o da linha <a href=\"https:\/\/www1.uol.com.br\/bestcars\/ph2\/220a.htm\" target=\"_blank\" rel=\"noreferrer noopener\">Typ 4<\/a> alem\u00e3, o do <a href=\"https:\/\/www1.uol.com.br\/bestcars\/ph2\/249a.htm\" target=\"_blank\" rel=\"noreferrer noopener\">VW K70<\/a> ou mesmo o do <a href=\"https:\/\/www1.uol.com.br\/bestcars\/cpassado\/audi100-1.htm\" target=\"_blank\" rel=\"noreferrer noopener\">Audi 100<\/a>, com os frisos cromados ao estilo &#8220;bigode&#8221; ligados ao emblema da marca. As luzes de dire\u00e7\u00e3o vinham no para-choque, que perdia as &#8220;garras&#8221; de prote\u00e7\u00e3o e adotava frisos de borracha. Esse padr\u00e3o de estilo seria adotado nos anos seguintes pelos esportivos <a href=\"https:\/\/autolivraria.com.br\/bc\/tag\/sp2\" target=\"_blank\" rel=\"noreferrer noopener\">SP1 e SP2<\/a>, pelo <a href=\"https:\/\/autolivraria.com.br\/bc\/tag\/brasilia\" target=\"_blank\" rel=\"noreferrer noopener\">Bras\u00edlia<\/a> e pela Variant II.<\/p>\n\n\n\n<div style=\"height:50px\" aria-hidden=\"true\" class=\"wp-block-spacer\"><\/div>\n\n\n\n<figure class=\"wp-block-image size-large\"><a href=\"https:\/\/autolivraria.com.br\/bc\/wp-content\/uploads\/2020\/12\/VW-TL-1972-02.jpg\"><img decoding=\"async\" width=\"696\" height=\"464\" data-src=\"https:\/\/autolivraria.com.br\/bc\/wp-content\/uploads\/2020\/12\/VW-TL-1972-02-696x464.jpg\" alt=\"\" class=\"wp-image-121920 lazyload\" data-srcset=\"https:\/\/autolivraria.com.br\/bc\/wp-content\/uploads\/2020\/12\/VW-TL-1972-02-696x464.jpg 696w, https:\/\/autolivraria.com.br\/bc\/wp-content\/uploads\/2020\/12\/VW-TL-1972-02-340x227.jpg 340w, https:\/\/autolivraria.com.br\/bc\/wp-content\/uploads\/2020\/12\/VW-TL-1972-02.jpg 1024w\" data-sizes=\"(max-width: 696px) 100vw, 696px\" src=\"data:image\/svg+xml;base64,PHN2ZyB3aWR0aD0iMSIgaGVpZ2h0PSIxIiB4bWxucz0iaHR0cDovL3d3dy53My5vcmcvMjAwMC9zdmciPjwvc3ZnPg==\" style=\"--smush-placeholder-width: 696px; --smush-placeholder-aspect-ratio: 696\/464;\" \/><\/a><\/figure>\n\n\n\n<figure class=\"wp-block-gallery columns-3 is-cropped wp-block-gallery-12 is-layout-flex wp-block-gallery-is-layout-flex\"><ul class=\"blocks-gallery-grid\"><li class=\"blocks-gallery-item\"><figure><img decoding=\"async\" width=\"640\" height=\"800\" data-src=\"https:\/\/autolivraria.com.br\/bc\/wp-content\/uploads\/2020\/12\/VW-TL-1972-05.jpg\" alt=\"\" data-id=\"121924\" data-full-url=\"https:\/\/autolivraria.com.br\/bc\/wp-content\/uploads\/2020\/12\/VW-TL-1972-05.jpg\" data-link=\"https:\/\/autolivraria.com.br\/bc\/?attachment_id=121924\" class=\"wp-image-121924 lazyload\" data-srcset=\"https:\/\/autolivraria.com.br\/bc\/wp-content\/uploads\/2020\/12\/VW-TL-1972-05.jpg 640w, https:\/\/autolivraria.com.br\/bc\/wp-content\/uploads\/2020\/12\/VW-TL-1972-05-340x425.jpg 340w\" data-sizes=\"(max-width: 640px) 100vw, 640px\" src=\"data:image\/svg+xml;base64,PHN2ZyB3aWR0aD0iMSIgaGVpZ2h0PSIxIiB4bWxucz0iaHR0cDovL3d3dy53My5vcmcvMjAwMC9zdmciPjwvc3ZnPg==\" style=\"--smush-placeholder-width: 640px; --smush-placeholder-aspect-ratio: 640\/800;\" \/><\/figure><\/li><li class=\"blocks-gallery-item\"><figure><img decoding=\"async\" width=\"640\" height=\"800\" data-src=\"https:\/\/autolivraria.com.br\/bc\/wp-content\/uploads\/2020\/12\/VW-TL-1972-04.jpg\" alt=\"\" data-id=\"121923\" data-full-url=\"https:\/\/autolivraria.com.br\/bc\/wp-content\/uploads\/2020\/12\/VW-TL-1972-04.jpg\" data-link=\"https:\/\/autolivraria.com.br\/bc\/?attachment_id=121923\" class=\"wp-image-121923 lazyload\" data-srcset=\"https:\/\/autolivraria.com.br\/bc\/wp-content\/uploads\/2020\/12\/VW-TL-1972-04.jpg 640w, https:\/\/autolivraria.com.br\/bc\/wp-content\/uploads\/2020\/12\/VW-TL-1972-04-340x425.jpg 340w\" data-sizes=\"(max-width: 640px) 100vw, 640px\" src=\"data:image\/svg+xml;base64,PHN2ZyB3aWR0aD0iMSIgaGVpZ2h0PSIxIiB4bWxucz0iaHR0cDovL3d3dy53My5vcmcvMjAwMC9zdmciPjwvc3ZnPg==\" style=\"--smush-placeholder-width: 640px; --smush-placeholder-aspect-ratio: 640\/800;\" \/><\/figure><\/li><li class=\"blocks-gallery-item\"><figure><img decoding=\"async\" width=\"640\" height=\"800\" data-src=\"https:\/\/autolivraria.com.br\/bc\/wp-content\/uploads\/2020\/12\/VW-TL-Personalizado.jpg\" alt=\"\" data-id=\"121925\" data-full-url=\"https:\/\/autolivraria.com.br\/bc\/wp-content\/uploads\/2020\/12\/VW-TL-Personalizado.jpg\" data-link=\"https:\/\/autolivraria.com.br\/bc\/?attachment_id=121925\" class=\"wp-image-121925 lazyload\" data-srcset=\"https:\/\/autolivraria.com.br\/bc\/wp-content\/uploads\/2020\/12\/VW-TL-Personalizado.jpg 640w, https:\/\/autolivraria.com.br\/bc\/wp-content\/uploads\/2020\/12\/VW-TL-Personalizado-340x425.jpg 340w\" data-sizes=\"(max-width: 640px) 100vw, 640px\" src=\"data:image\/svg+xml;base64,PHN2ZyB3aWR0aD0iMSIgaGVpZ2h0PSIxIiB4bWxucz0iaHR0cDovL3d3dy53My5vcmcvMjAwMC9zdmciPjwvc3ZnPg==\" style=\"--smush-placeholder-width: 640px; --smush-placeholder-aspect-ratio: 640\/800;\" \/><\/figure><\/li><\/ul><\/figure>\n\n\n\n<p class=\"has-text-align-center\"><em>Embora lembrasse o Typ 4 alem\u00e3o, o TL mantinha a mec\u00e2nica tradicional; no \u00faltimo an\u00fancio, a s\u00e9rie TL Personalizado de 1972<\/em><\/p>\n\n\n\n<div style=\"height:50px\" aria-hidden=\"true\" class=\"wp-block-spacer\"><\/div>\n\n\n\n<p>O TL recebia ao mesmo tempo a vers\u00e3o de quatro portas, que preenchia a lacuna do sed\u00e3 1600 entre os taxistas e as fam\u00edlias adeptas desse conforto \u2014 minoria na \u00e9poca, uma peculiaridade do mercado brasileiro que se pode atribuir ao sucesso do Fusca. Preenchia em termos: os dois carburadores, embora ben\u00e9ficos ao desempenho e ao consumo, traziam dificuldade para obter a regulagem correta. Por esse motivo muitos motoristas &#8220;de pra\u00e7a&#8221;, como se dizia \u00e0 \u00e9poca, continuaram fi\u00e9is ao sed\u00e3.<\/p>\n\n\n\n<div style=\"height:50px\" aria-hidden=\"true\" class=\"wp-block-spacer\"><\/div>\n\n\n<div class='code-block code-block-6' style='margin: 28px auto; text-align: center; display: block; clear: both;'>\n<script async src=\"https:\/\/pagead2.googlesyndication.com\/pagead\/js\/adsbygoogle.js\"><\/script>\n<!-- AL-quadrado -->\n<ins class=\"adsbygoogle\"\n     style=\"display:block\"\n     data-ad-client=\"ca-pub-1914799802606213\"\n     data-ad-slot=\"5683066082\"\n     data-ad-format=\"auto\"\n     data-full-width-responsive=\"true\"><\/ins>\n<script>\n     (adsbygoogle = window.adsbygoogle || []).push({});\n<\/script><\/div>\n\n\n\n\n<div style=\"height:50px\" aria-hidden=\"true\" class=\"wp-block-spacer\"><\/div>\n\n\n\n<p>Com quatro portas, o TL ganhava uma terceira janela lateral e ma\u00e7anetas mais modernas, como na linha alem\u00e3, com um gatilho atr\u00e1s da al\u00e7a para abrir a porta (at\u00e9 ent\u00e3o usava um bot\u00e3o para essa fun\u00e7\u00e3o), altera\u00e7\u00e3o que foi estendida ao duas-portas e \u00e0 Variant na linha 1973. A nova vers\u00e3o chegou a responder por quase 50% das vendas do TL e foi decisiva para que o modelo pudesse ser exportado a pa\u00edses do Oriente M\u00e9dio, onde era chamado de Bras\u00edlia, em 1975. Afinal, a prefer\u00eancia por duas portas em carros familiares era algo quase exclusivo do mercado brasileiro.<\/p>\n\n\n\n<p>Um TL de apar\u00eancia mais esportiva aparecia em setembro de 1972. Chamada de TL Personalizado, a edi\u00e7\u00e3o limitada recebia faixa preta transversal sobre o cap\u00f4 dianteiro e parte dos para-lamas, outras nas laterais e na traseira, rodas sem calotas (que davam lugar aos conhecidos &#8220;copinhos&#8221; em cor prata), volante esportivo de tr\u00eas raios, rel\u00f3gio no painel e retrovisor interno dia\/noite. Al\u00e9m disso, oferecia a alegre cor verde Hippie. Dispon\u00edvel com duas ou quatro portas, a s\u00e9rie acrescentava os equipamentos sem custo adicional ao comprador. Produzida s\u00f3 por alguns meses, ela ficou conhecida no mercado como TL Sport.<\/p>\n\n\n\n<div style=\"height:50px\" aria-hidden=\"true\" class=\"wp-block-spacer\"><\/div>\n\n\n\n<figure class=\"wp-block-image size-large\"><a href=\"https:\/\/autolivraria.com.br\/bc\/wp-content\/uploads\/2020\/12\/VW-Variant-01.jpg\"><img decoding=\"async\" width=\"696\" height=\"464\" data-src=\"https:\/\/autolivraria.com.br\/bc\/wp-content\/uploads\/2020\/12\/VW-Variant-01-696x464.jpg\" alt=\"\" class=\"wp-image-121927 lazyload\" data-srcset=\"https:\/\/autolivraria.com.br\/bc\/wp-content\/uploads\/2020\/12\/VW-Variant-01-696x464.jpg 696w, https:\/\/autolivraria.com.br\/bc\/wp-content\/uploads\/2020\/12\/VW-Variant-01-340x227.jpg 340w, https:\/\/autolivraria.com.br\/bc\/wp-content\/uploads\/2020\/12\/VW-Variant-01.jpg 1024w\" data-sizes=\"(max-width: 696px) 100vw, 696px\" src=\"data:image\/svg+xml;base64,PHN2ZyB3aWR0aD0iMSIgaGVpZ2h0PSIxIiB4bWxucz0iaHR0cDovL3d3dy53My5vcmcvMjAwMC9zdmciPjwvc3ZnPg==\" style=\"--smush-placeholder-width: 696px; --smush-placeholder-aspect-ratio: 696\/464;\" \/><\/a><\/figure>\n\n\n\n<figure class=\"wp-block-gallery columns-2 is-cropped wp-block-gallery-13 is-layout-flex wp-block-gallery-is-layout-flex\"><ul class=\"blocks-gallery-grid\"><li class=\"blocks-gallery-item\"><figure><a href=\"https:\/\/autolivraria.com.br\/bc\/wp-content\/uploads\/2020\/12\/VW-Variant-1972-01.jpg\"><img decoding=\"async\" width=\"1024\" height=\"683\" data-src=\"https:\/\/autolivraria.com.br\/bc\/wp-content\/uploads\/2020\/12\/VW-Variant-1972-01.jpg\" alt=\"\" data-id=\"121928\" data-full-url=\"https:\/\/autolivraria.com.br\/bc\/wp-content\/uploads\/2020\/12\/VW-Variant-1972-01.jpg\" data-link=\"https:\/\/autolivraria.com.br\/bc\/?attachment_id=121928\" class=\"wp-image-121928 lazyload\" data-srcset=\"https:\/\/autolivraria.com.br\/bc\/wp-content\/uploads\/2020\/12\/VW-Variant-1972-01.jpg 1024w, https:\/\/autolivraria.com.br\/bc\/wp-content\/uploads\/2020\/12\/VW-Variant-1972-01-340x227.jpg 340w, https:\/\/autolivraria.com.br\/bc\/wp-content\/uploads\/2020\/12\/VW-Variant-1972-01-696x464.jpg 696w\" data-sizes=\"(max-width: 1024px) 100vw, 1024px\" src=\"data:image\/svg+xml;base64,PHN2ZyB3aWR0aD0iMSIgaGVpZ2h0PSIxIiB4bWxucz0iaHR0cDovL3d3dy53My5vcmcvMjAwMC9zdmciPjwvc3ZnPg==\" style=\"--smush-placeholder-width: 1024px; --smush-placeholder-aspect-ratio: 1024\/683;\" \/><\/a><\/figure><\/li><li class=\"blocks-gallery-item\"><figure><a href=\"https:\/\/autolivraria.com.br\/bc\/wp-content\/uploads\/2020\/12\/VW-Variant-1972-raio-X.jpg\"><img decoding=\"async\" width=\"1024\" height=\"683\" data-src=\"https:\/\/autolivraria.com.br\/bc\/wp-content\/uploads\/2020\/12\/VW-Variant-1972-raio-X.jpg\" alt=\"\" data-id=\"121929\" data-full-url=\"https:\/\/autolivraria.com.br\/bc\/wp-content\/uploads\/2020\/12\/VW-Variant-1972-raio-X.jpg\" data-link=\"https:\/\/autolivraria.com.br\/bc\/?attachment_id=121929\" class=\"wp-image-121929 lazyload\" data-srcset=\"https:\/\/autolivraria.com.br\/bc\/wp-content\/uploads\/2020\/12\/VW-Variant-1972-raio-X.jpg 1024w, https:\/\/autolivraria.com.br\/bc\/wp-content\/uploads\/2020\/12\/VW-Variant-1972-raio-X-340x227.jpg 340w, https:\/\/autolivraria.com.br\/bc\/wp-content\/uploads\/2020\/12\/VW-Variant-1972-raio-X-696x464.jpg 696w\" data-sizes=\"(max-width: 1024px) 100vw, 1024px\" src=\"data:image\/svg+xml;base64,PHN2ZyB3aWR0aD0iMSIgaGVpZ2h0PSIxIiB4bWxucz0iaHR0cDovL3d3dy53My5vcmcvMjAwMC9zdmciPjwvc3ZnPg==\" style=\"--smush-placeholder-width: 1024px; --smush-placeholder-aspect-ratio: 1024\/683;\" \/><\/a><\/figure><\/li><\/ul><\/figure>\n\n\n\n<p class=\"has-text-align-center\"><em>A Variant seguia a remodela\u00e7\u00e3o frontal do TL e foi produzida por mais tempo que ele, apesar de existir o Bras\u00edlia desde 1973<\/em><\/p>\n\n\n\n<div style=\"height:50px\" aria-hidden=\"true\" class=\"wp-block-spacer\"><\/div>\n\n\n\n<p>Al\u00e9m das ma\u00e7anetas, a linha 1973 do TL e da Variant ganhava lanternas traseiras maiores, sa\u00eddas de ar nas colunas finais (para renova\u00e7\u00e3o do ar interno, o que dispensou os quebra-ventos adicionais da perua) e capa de pl\u00e1stico preto no painel em vez do aplique que imitava madeira. No ano-modelo 1974 as altera\u00e7\u00f5es inclu\u00edam novo volante, bancos com curvim liso e &#8220;copinhos&#8221; nas rodas como os do TL Personalizado. Um ano mais tarde o painel era redesenhado.<\/p>\n\n\n\n<div style=\"height:50px\" aria-hidden=\"true\" class=\"wp-block-spacer\"><\/div>\n\n\n<div class='code-block code-block-11' style='margin: 8px auto; text-align: center; display: block; clear: both;'>\n<script async src=\"https:\/\/pagead2.googlesyndication.com\/pagead\/js\/adsbygoogle.js\"><\/script>\n<!-- AL-quadrado -->\n<ins class=\"adsbygoogle\"\n     style=\"display:block\"\n     data-ad-client=\"ca-pub-1914799802606213\"\n     data-ad-slot=\"5683066082\"\n     data-ad-format=\"auto\"\n     data-full-width-responsive=\"true\"><\/ins>\n<script>\n     (adsbygoogle = window.adsbygoogle || []).push({});\n<\/script><\/div>\n\n\n\n\n<div style=\"height:50px\" aria-hidden=\"true\" class=\"wp-block-spacer\"><\/div>\n\n\n\n<p>O \u00eaxito do TL, por\u00e9m, caiu muito com a chegada do <a href=\"https:\/\/autolivraria.com.br\/bc\/informe-se\/passado\/historia-vw-passat-representou-uma-mudanca-do-ar-para-a-agua\/\" target=\"_blank\" rel=\"noreferrer noopener\" title=\"VW Passat representou uma mudan\u00e7a do ar para a \u00e1gua\">Passat<\/a> em 1974. Como acontecera na Alemanha, onde a linha Typ 4 pareceu nascer obsoleta ao insistir no motor traseiro &#8220;a ar&#8221;, os 1600 nacionais evidenciavam sua concep\u00e7\u00e3o antiga se comparada \u00e0 do novo modelo. A defasagem ficou clara no comparativo da <em>Quatro Rodas <\/em>em 1974, que incluiu o <a href=\"https:\/\/autolivraria.com.br\/bc\/tag\/dodge-1800\" target=\"_blank\" rel=\"noreferrer noopener\">Dodge 1800<\/a> e o Corcel. O Passat superou o TL em desempenho, estabilidade, n\u00edvel de ru\u00eddo, posi\u00e7\u00e3o do motorista, estilo, conforto e acabamento, enquanto o TL tinha melhor dire\u00e7\u00e3o, maior espa\u00e7o para bagagem, menor consumo e pre\u00e7o mais baixo.<\/p>\n\n\n\n<div style=\"height:50px\" aria-hidden=\"true\" class=\"wp-block-spacer\"><\/div>\n\n\n\n<figure class=\"wp-block-gallery columns-2 is-cropped wp-block-gallery-14 is-layout-flex wp-block-gallery-is-layout-flex\"><ul class=\"blocks-gallery-grid\"><li class=\"blocks-gallery-item\"><figure><a href=\"https:\/\/autolivraria.com.br\/bc\/wp-content\/uploads\/2020\/12\/VW-TL-1975-exportacao.jpg\"><img decoding=\"async\" width=\"640\" height=\"426\" data-src=\"https:\/\/autolivraria.com.br\/bc\/wp-content\/uploads\/2020\/12\/VW-TL-1975-exportacao.jpg\" alt=\"\" data-id=\"121921\" data-link=\"https:\/\/autolivraria.com.br\/bc\/?attachment_id=121921\" class=\"wp-image-121921 lazyload\" data-srcset=\"https:\/\/autolivraria.com.br\/bc\/wp-content\/uploads\/2020\/12\/VW-TL-1975-exportacao.jpg 640w, https:\/\/autolivraria.com.br\/bc\/wp-content\/uploads\/2020\/12\/VW-TL-1975-exportacao-340x226.jpg 340w\" data-sizes=\"(max-width: 640px) 100vw, 640px\" src=\"data:image\/svg+xml;base64,PHN2ZyB3aWR0aD0iMSIgaGVpZ2h0PSIxIiB4bWxucz0iaHR0cDovL3d3dy53My5vcmcvMjAwMC9zdmciPjwvc3ZnPg==\" style=\"--smush-placeholder-width: 640px; --smush-placeholder-aspect-ratio: 640\/426;\" \/><\/a><\/figure><\/li><li class=\"blocks-gallery-item\"><figure><a href=\"https:\/\/autolivraria.com.br\/bc\/wp-content\/uploads\/2020\/12\/VW-TL-1975-int.jpg\"><img decoding=\"async\" width=\"1024\" height=\"683\" data-src=\"https:\/\/autolivraria.com.br\/bc\/wp-content\/uploads\/2020\/12\/VW-TL-1975-int.jpg\" alt=\"\" data-id=\"121973\" data-link=\"https:\/\/autolivraria.com.br\/bc\/?attachment_id=121973\" class=\"wp-image-121973 lazyload\" data-srcset=\"https:\/\/autolivraria.com.br\/bc\/wp-content\/uploads\/2020\/12\/VW-TL-1975-int.jpg 1024w, https:\/\/autolivraria.com.br\/bc\/wp-content\/uploads\/2020\/12\/VW-TL-1975-int-340x227.jpg 340w, https:\/\/autolivraria.com.br\/bc\/wp-content\/uploads\/2020\/12\/VW-TL-1975-int-696x464.jpg 696w\" data-sizes=\"(max-width: 1024px) 100vw, 1024px\" src=\"data:image\/svg+xml;base64,PHN2ZyB3aWR0aD0iMSIgaGVpZ2h0PSIxIiB4bWxucz0iaHR0cDovL3d3dy53My5vcmcvMjAwMC9zdmciPjwvc3ZnPg==\" style=\"--smush-placeholder-width: 1024px; --smush-placeholder-aspect-ratio: 1024\/683;\" \/><\/a><\/figure><\/li><li class=\"blocks-gallery-item\"><figure><a href=\"https:\/\/autolivraria.com.br\/bc\/wp-content\/uploads\/2020\/12\/VW-TL-1972-07.jpg\"><img decoding=\"async\" width=\"696\" height=\"464\" data-src=\"https:\/\/autolivraria.com.br\/bc\/wp-content\/uploads\/2020\/12\/VW-TL-1972-07-696x464.jpg\" alt=\"\" data-id=\"122044\" data-full-url=\"https:\/\/autolivraria.com.br\/bc\/wp-content\/uploads\/2020\/12\/VW-TL-1972-07.jpg\" data-link=\"https:\/\/autolivraria.com.br\/bc\/?attachment_id=122044\" class=\"wp-image-122044 lazyload\" data-srcset=\"https:\/\/autolivraria.com.br\/bc\/wp-content\/uploads\/2020\/12\/VW-TL-1972-07-696x464.jpg 696w, https:\/\/autolivraria.com.br\/bc\/wp-content\/uploads\/2020\/12\/VW-TL-1972-07-340x227.jpg 340w, https:\/\/autolivraria.com.br\/bc\/wp-content\/uploads\/2020\/12\/VW-TL-1972-07.jpg 1024w\" data-sizes=\"(max-width: 696px) 100vw, 696px\" src=\"data:image\/svg+xml;base64,PHN2ZyB3aWR0aD0iMSIgaGVpZ2h0PSIxIiB4bWxucz0iaHR0cDovL3d3dy53My5vcmcvMjAwMC9zdmciPjwvc3ZnPg==\" style=\"--smush-placeholder-width: 696px; --smush-placeholder-aspect-ratio: 696\/464;\" \/><\/a><\/figure><\/li><\/ul><\/figure>\n\n\n\n<p class=\"has-text-align-center\"><em>O TL foi exportado ao Oriente M\u00e9dio em 1975, quando recebeu novo painel no Brasil; as lanternas haviam aumentado em 1973<\/em><\/p>\n\n\n\n<div style=\"height:50px\" aria-hidden=\"true\" class=\"wp-block-spacer\"><\/div>\n\n\n\n<p>J\u00e1 a Variant foi comparada \u00e0 Belina, ao Bras\u00edlia e \u00e0 <a href=\"https:\/\/autolivraria.com.br\/bc\/tag\/caravan\" target=\"_blank\" rel=\"noreferrer noopener\">Chevrolet Caravan<\/a> em vers\u00f5es de 2,5 e 4,1 litros. A perua da Volkswagen saiu-se bem em transmiss\u00e3o, freios, dire\u00e7\u00e3o, n\u00edvel de ru\u00eddo e porta-malas, mas ficou para tr\u00e1s em suspens\u00e3o, estabilidade, motor, estilo e conforto. Sua acelera\u00e7\u00e3o de 0 a 100 km\/h em 26,5 segundos perdia em muito para a Belina (19,7 s) e a Caravan 2,5 (16,6 s). Vantagens eram o segundo menor pre\u00e7o, perdendo apenas para o Bras\u00edlia, e o melhor consumo das cinco.<\/p>\n\n\n\n<p>O TL n\u00e3o resistiu \u00e0 competi\u00e7\u00e3o dentro de casa: o duas-portas sa\u00eda de produ\u00e7\u00e3o em agosto de 1975, seguido em dezembro pelo cinco-portas, que precisava atender a contratos de exporta\u00e7\u00e3o. Cerca de 90 mil unidades foram produzidas entre as duas vers\u00f5es. Nos anos seguintes a f\u00e1brica promoveu poucas mudan\u00e7as \u00e0 Variant, caso da ado\u00e7\u00e3o para 1977 de coluna de dire\u00e7\u00e3o retr\u00e1til, para menor risco de ferir o motorista em caso de colis\u00e3o. Ao sair de linha, as 256 mil peruas produzidas faziam dela o modelo mais bem-sucedido da fam\u00edlia.<\/p>\n\n\n<a href='https:\/\/autolivraria.com.br\/bc\/informe-se\/passado\/volkswagen\/historia-volkswagen-1600-ze-do-caixao-tl-variant\/4\/' class='small-button smallsilver'>Pr\u00f3xima parte<\/a>\n\n\n\n<div style=\"height:50px\" aria-hidden=\"true\" class=\"wp-block-spacer\"><\/div>\n\n\n\n<!--nextpage-->\n\n\n\n<figure class=\"wp-block-image size-large\"><a href=\"https:\/\/autolivraria.com.br\/bc\/wp-content\/uploads\/2020\/12\/VW-Variant-II-01.jpg\"><img decoding=\"async\" width=\"696\" height=\"464\" data-src=\"https:\/\/autolivraria.com.br\/bc\/wp-content\/uploads\/2020\/12\/VW-Variant-II-01-696x464.jpg\" alt=\"\" class=\"wp-image-121930 lazyload\" data-srcset=\"https:\/\/autolivraria.com.br\/bc\/wp-content\/uploads\/2020\/12\/VW-Variant-II-01-696x464.jpg 696w, https:\/\/autolivraria.com.br\/bc\/wp-content\/uploads\/2020\/12\/VW-Variant-II-01-340x227.jpg 340w, https:\/\/autolivraria.com.br\/bc\/wp-content\/uploads\/2020\/12\/VW-Variant-II-01.jpg 1024w\" data-sizes=\"(max-width: 696px) 100vw, 696px\" src=\"data:image\/svg+xml;base64,PHN2ZyB3aWR0aD0iMSIgaGVpZ2h0PSIxIiB4bWxucz0iaHR0cDovL3d3dy53My5vcmcvMjAwMC9zdmciPjwvc3ZnPg==\" style=\"--smush-placeholder-width: 696px; --smush-placeholder-aspect-ratio: 696\/464;\" \/><\/a><\/figure>\n\n\n\n<p class=\"has-text-align-center\"><em>Semelhante ao Bras\u00edlia em desenho, a Variant II chegava em 1977 e ficava conhecida como &#8220;Variant\u00e3o&#8221; por seu maior porte<\/em><\/p>\n\n\n\n<div style=\"height:50px\" aria-hidden=\"true\" class=\"wp-block-spacer\"><\/div>\n\n\n\n<h2 class=\"wp-block-heading\">Variant II, uma revolu\u00e7\u00e3o t\u00e9cnica<\/h2>\n\n\n\n<p>Das solu\u00e7\u00f5es mec\u00e2nicas que a Volkswagen alem\u00e3 havia implantado na linha Typ 4 de 1968, algumas n\u00e3o chegaram aos 1600 nacionais, como a estrutura <a href=\"https:\/\/autolivraria.com.br\/bc\/glossario-m\/#mono\" target=\"_blank\" rel=\"noreferrer noopener\" title=\"Gloss\u00e1rio \u2013 M\">monobloco<\/a>. Mas as suspens\u00f5es mais modernas foram adotadas aqui na segunda gera\u00e7\u00e3o da perua, a Variant II, lan\u00e7ada em dezembro de 1977.<\/p>\n\n\n\n<div style=\"height:50px\" aria-hidden=\"true\" class=\"wp-block-spacer\"><\/div>\n\n\n<div class='code-block code-block-7' style='margin: 28px auto; text-align: center; display: block; clear: both;'>\n<script async src=\"https:\/\/pagead2.googlesyndication.com\/pagead\/js\/adsbygoogle.js\"><\/script>\n<!-- AL-quadrado -->\n<ins class=\"adsbygoogle\"\n     style=\"display:block\"\n     data-ad-client=\"ca-pub-1914799802606213\"\n     data-ad-slot=\"5683066082\"\n     data-ad-format=\"auto\"\n     data-full-width-responsive=\"true\"><\/ins>\n<script>\n     (adsbygoogle = window.adsbygoogle || []).push({});\n<\/script><\/div>\n\n\n\n\n<div style=\"height:50px\" aria-hidden=\"true\" class=\"wp-block-spacer\"><\/div>\n\n\n\n<p>Apesar de ter recebido o apelido de &#8220;Variant\u00e3o&#8221;, a nova perua bem poderia ser um &#8220;Brasili\u00e3o&#8221;, pois tinha desenho muito parecido ao do hatchback lan\u00e7ado em 1973 \u2014 assim como o <a href=\"https:\/\/autolivraria.com.br\/bc\/tag\/fiat-147\" target=\"_blank\" rel=\"noreferrer noopener\">Fiat 147<\/a>, o Bras\u00edlia n\u00e3o era uma perua, embora muitos pensem que fosse por ser registrada como camioneta para recolher menos impostos. O apelido era justificado pelo aumento em 5 cent\u00edmetros em largura e quase 10 cm no entre-eixos (embora com o mesmo comprimento), assim como pelas formas mais robustas.<\/p>\n\n\n\n<p>A Variant II trazia suspens\u00e3o dianteira McPherson com mola helicoidal e <a href=\"https:\/\/autolivraria.com.br\/bc\/glossario-r\/#raio\" target=\"_blank\" rel=\"noreferrer noopener\" title=\"Gloss\u00e1rio \u2013 R\">raio de rolagem negativo<\/a>, como no Passat, e traseira por bra\u00e7o semiarrastado com juntas homocin\u00e9ticas. A caixa de dire\u00e7\u00e3o com pinh\u00e3o e cremalheira tamb\u00e9m vinha do Passat. Os freios adotavam duplo circuito em diagonal, permitido pelo raio negativo e mais seguro em caso de falha hidr\u00e1ulica de um dos circuitos \u2014 sempre haveria freio em uma das rodas dianteiras, que recebem a maior parcela de peso em frenagens. Por fim, os pneus passavam a ser radiais.<\/p>\n\n\n\n<figure class=\"wp-block-image size-large\"><a href=\"https:\/\/autolivraria.com.br\/bc\/wp-content\/uploads\/2020\/12\/VW-Variant-II-raio-X-02.jpg\"><img decoding=\"async\" width=\"696\" height=\"464\" data-src=\"https:\/\/autolivraria.com.br\/bc\/wp-content\/uploads\/2020\/12\/VW-Variant-II-raio-X-02-696x464.jpg\" alt=\"\" class=\"wp-image-121937 lazyload\" data-srcset=\"https:\/\/autolivraria.com.br\/bc\/wp-content\/uploads\/2020\/12\/VW-Variant-II-raio-X-02-696x464.jpg 696w, https:\/\/autolivraria.com.br\/bc\/wp-content\/uploads\/2020\/12\/VW-Variant-II-raio-X-02-340x227.jpg 340w, https:\/\/autolivraria.com.br\/bc\/wp-content\/uploads\/2020\/12\/VW-Variant-II-raio-X-02.jpg 1024w\" data-sizes=\"(max-width: 696px) 100vw, 696px\" src=\"data:image\/svg+xml;base64,PHN2ZyB3aWR0aD0iMSIgaGVpZ2h0PSIxIiB4bWxucz0iaHR0cDovL3d3dy53My5vcmcvMjAwMC9zdmciPjwvc3ZnPg==\" style=\"--smush-placeholder-width: 696px; --smush-placeholder-aspect-ratio: 696\/464;\" \/><\/a><\/figure>\n\n\n\n<p class=\"has-text-align-center\"><em>Suspens\u00e3o dianteira e dire\u00e7\u00e3o do Passat, bra\u00e7os semiarrastados na traseira, duplo circuito em diagonal: avan\u00e7os t\u00e9cnicos da Variant II<\/em><\/p>\n\n\n\n<div style=\"height:50px\" aria-hidden=\"true\" class=\"wp-block-spacer\"><\/div>\n\n\n\n<p>O conjunto de novidades, aplicado a um chassi-plataforma derivado do anterior, fazia da Variant II um carro bem superior em estabilidade. O maior benef\u00edcio era eliminar a grande varia\u00e7\u00e3o de <a href=\"https:\/\/autolivraria.com.br\/bc\/glossario-c\/#camb\" title=\"Gloss\u00e1rio \u2013 C\" target=\"_blank\" rel=\"noreferrer noopener\">c\u00e2mber<\/a> dos antigos semieixos oscilantes da traseira, o que tornava o comportamento mais previs\u00edvel e seguro. Contudo, o modelo sempre imp\u00f4s dificuldade para alinhar as rodas, criando uma fama negativa que abalou suas chances de sucesso.<\/p>\n\n\n\n<div style=\"height:50px\" aria-hidden=\"true\" class=\"wp-block-spacer\"><\/div>\n\n\n\n<blockquote class=\"wp-block-quote is-layout-flow wp-block-quote-is-layout-flow\"><p>A segunda Variant ficou longe do sucesso da primeira: apesar dos desafios da nova suspens\u00e3o, o maior problema parecia ser mesmo a obsolesc\u00eancia da mec\u00e2nica &#8220;a ar&#8221;<\/p><\/blockquote>\n\n\n\n<div style=\"height:50px\" aria-hidden=\"true\" class=\"wp-block-spacer\"><\/div>\n\n\n\n<p>A nova perua era mais confort\u00e1vel e espa\u00e7osa, com bancos dianteiros de encosto alto (os mesmos do Passat) e quadro de instrumentos em formato retangular, mais tarde aproveitado no Gol. Pela primeira vez no Brasil havia limpador do vidro traseiro, aplicado a uma tampa erguida por molas a g\u00e1s. O volume de bagagens era maior tanto na traseira quanto na dianteira, beneficiado pela suspens\u00e3o menos volumosa.<\/p>\n\n\n\n<p>Com o mesmo motor de 1,6 litro, a Variant II tinha 57 cv l\u00edquidos (mais 2 cv que no Bras\u00edlia) ou 67 cv brutos, por meio de comando de v\u00e1lvulas mais esportivo e sa\u00edda dupla de escapamento. Alcan\u00e7ava velocidade m\u00e1xima de 138 km\/h e acelerava de 0 a 100 km\/h em 19 segundos.<\/p>\n\n\n\n<div style=\"height:50px\" aria-hidden=\"true\" class=\"wp-block-spacer\"><\/div>\n\n\n\n<figure class=\"wp-block-gallery columns-2 is-cropped wp-block-gallery-15 is-layout-flex wp-block-gallery-is-layout-flex\"><ul class=\"blocks-gallery-grid\"><li class=\"blocks-gallery-item\"><figure><a href=\"https:\/\/autolivraria.com.br\/bc\/wp-content\/uploads\/2020\/12\/VW-Variant-II-08.jpg\"><img decoding=\"async\" width=\"640\" height=\"800\" data-src=\"https:\/\/autolivraria.com.br\/bc\/wp-content\/uploads\/2020\/12\/VW-Variant-II-08.jpg\" alt=\"\" data-id=\"121932\" data-full-url=\"https:\/\/autolivraria.com.br\/bc\/wp-content\/uploads\/2020\/12\/VW-Variant-II-08.jpg\" data-link=\"https:\/\/autolivraria.com.br\/bc\/?attachment_id=121932\" class=\"wp-image-121932 lazyload\" data-srcset=\"https:\/\/autolivraria.com.br\/bc\/wp-content\/uploads\/2020\/12\/VW-Variant-II-08.jpg 640w, https:\/\/autolivraria.com.br\/bc\/wp-content\/uploads\/2020\/12\/VW-Variant-II-08-340x425.jpg 340w\" data-sizes=\"(max-width: 640px) 100vw, 640px\" src=\"data:image\/svg+xml;base64,PHN2ZyB3aWR0aD0iMSIgaGVpZ2h0PSIxIiB4bWxucz0iaHR0cDovL3d3dy53My5vcmcvMjAwMC9zdmciPjwvc3ZnPg==\" style=\"--smush-placeholder-width: 640px; --smush-placeholder-aspect-ratio: 640\/800;\" \/><\/a><\/figure><\/li><li class=\"blocks-gallery-item\"><figure><a href=\"https:\/\/autolivraria.com.br\/bc\/wp-content\/uploads\/2020\/12\/VW-Variant-II-02.jpg\"><img decoding=\"async\" width=\"640\" height=\"800\" data-src=\"https:\/\/autolivraria.com.br\/bc\/wp-content\/uploads\/2020\/12\/VW-Variant-II-02.jpg\" alt=\"\" data-id=\"121933\" data-full-url=\"https:\/\/autolivraria.com.br\/bc\/wp-content\/uploads\/2020\/12\/VW-Variant-II-02.jpg\" data-link=\"https:\/\/autolivraria.com.br\/bc\/?attachment_id=121933\" class=\"wp-image-121933 lazyload\" data-srcset=\"https:\/\/autolivraria.com.br\/bc\/wp-content\/uploads\/2020\/12\/VW-Variant-II-02.jpg 640w, https:\/\/autolivraria.com.br\/bc\/wp-content\/uploads\/2020\/12\/VW-Variant-II-02-340x425.jpg 340w\" data-sizes=\"(max-width: 640px) 100vw, 640px\" src=\"data:image\/svg+xml;base64,PHN2ZyB3aWR0aD0iMSIgaGVpZ2h0PSIxIiB4bWxucz0iaHR0cDovL3d3dy53My5vcmcvMjAwMC9zdmciPjwvc3ZnPg==\" style=\"--smush-placeholder-width: 640px; --smush-placeholder-aspect-ratio: 640\/800;\" \/><\/a><\/figure><\/li><\/ul><\/figure>\n\n\n\n<p class=\"has-text-align-center\"><em>O interior usava bancos de encosto alto e os porta-malas aumentavam, mas a Variant II enfrentou problemas e s\u00f3 durou tr\u00eas anos<\/em><\/p>\n\n\n\n<div style=\"height:50px\" aria-hidden=\"true\" class=\"wp-block-spacer\"><\/div>\n\n\n\n<p>O teste da <em>Quatro Rodas <\/em>considerou a melhora &#8220;indiscut\u00edvel. A estabilidade melhorou muito. Somente no limite m\u00e1ximo sente-se uma pequena sa\u00edda de traseira, mas muito f\u00e1cil de ser corrigida. O acabamento \u00e9 muito superior ao da Variant 1977. Na acelera\u00e7\u00e3o de 0 a 80 km\/h o novo modelo demorou 13,1 segundos contra 17,5 s do anterior. Resta saber como o consumidor ir\u00e1 encarar seu alto pre\u00e7o, considerando-se que ela sempre custou menos que as concorrentes&#8221;.<\/p>\n\n\n\n<div style=\"height:50px\" aria-hidden=\"true\" class=\"wp-block-spacer\"><\/div>\n\n\n<div class='code-block code-block-6' style='margin: 28px auto; text-align: center; display: block; clear: both;'>\n<script async src=\"https:\/\/pagead2.googlesyndication.com\/pagead\/js\/adsbygoogle.js\"><\/script>\n<!-- AL-quadrado -->\n<ins class=\"adsbygoogle\"\n     style=\"display:block\"\n     data-ad-client=\"ca-pub-1914799802606213\"\n     data-ad-slot=\"5683066082\"\n     data-ad-format=\"auto\"\n     data-full-width-responsive=\"true\"><\/ins>\n<script>\n     (adsbygoogle = window.adsbygoogle || []).push({});\n<\/script><\/div>\n\n\n\n\n<div style=\"height:50px\" aria-hidden=\"true\" class=\"wp-block-spacer\"><\/div>\n\n\n\n<p>De fato, a segunda gera\u00e7\u00e3o ficou longe do sucesso da primeira. Os desafios trazidos pela nova suspens\u00e3o podem ter participa\u00e7\u00e3o, mas o maior problema parecia ser mesmo a obsolesc\u00eancia da mec\u00e2nica &#8220;a ar&#8221; em um modelo que n\u00e3o pertencia ao segmento de entrada. Comparada \u00e0 Belina II e ainda mais \u00e0 Caravan, a Variant II ficava a dever em desempenho e espa\u00e7o para carga na traseira. A concep\u00e7\u00e3o nascida com o Fusca j\u00e1 n\u00e3o parecia vantajosa.<\/p>\n\n\n\n<p>No comparativo das tr\u00eas na <em>Quatro Rodas<\/em> a Variant II foi a melhor em transmiss\u00e3o, dire\u00e7\u00e3o e suspens\u00e3o, mas ficou em \u00faltimo lugar em desempenho, instrumentos e porta-malas. &#8220;Ficou claro que a Belina II com motor 1.6 \u00e9 a melhor op\u00e7\u00e3o. Tem melhor desempenho, \u00f3timo acabamento e gasta menos gasolina. A Caravan e a Variant II fazem diminuir bem a vantagem da Belina se comparados os pre\u00e7os das tr\u00eas&#8221;, concluiu a revista.<\/p>\n\n\n\n<div style=\"height:50px\" aria-hidden=\"true\" class=\"wp-block-spacer\"><\/div>\n\n\n\n<figure class=\"wp-block-gallery columns-2 is-cropped wp-block-gallery-16 is-layout-flex wp-block-gallery-is-layout-flex\"><ul class=\"blocks-gallery-grid\"><li class=\"blocks-gallery-item\"><figure><a href=\"https:\/\/autolivraria.com.br\/bc\/wp-content\/uploads\/2020\/12\/VW-Variant-II-09.jpg\"><img decoding=\"async\" width=\"1024\" height=\"683\" data-src=\"https:\/\/autolivraria.com.br\/bc\/wp-content\/uploads\/2020\/12\/VW-Variant-II-09.jpg\" alt=\"\" data-id=\"121935\" data-full-url=\"https:\/\/autolivraria.com.br\/bc\/wp-content\/uploads\/2020\/12\/VW-Variant-II-09.jpg\" data-link=\"https:\/\/autolivraria.com.br\/bc\/?attachment_id=121935\" class=\"wp-image-121935 lazyload\" data-srcset=\"https:\/\/autolivraria.com.br\/bc\/wp-content\/uploads\/2020\/12\/VW-Variant-II-09.jpg 1024w, https:\/\/autolivraria.com.br\/bc\/wp-content\/uploads\/2020\/12\/VW-Variant-II-09-340x227.jpg 340w, https:\/\/autolivraria.com.br\/bc\/wp-content\/uploads\/2020\/12\/VW-Variant-II-09-696x464.jpg 696w\" data-sizes=\"(max-width: 1024px) 100vw, 1024px\" src=\"data:image\/svg+xml;base64,PHN2ZyB3aWR0aD0iMSIgaGVpZ2h0PSIxIiB4bWxucz0iaHR0cDovL3d3dy53My5vcmcvMjAwMC9zdmciPjwvc3ZnPg==\" style=\"--smush-placeholder-width: 1024px; --smush-placeholder-aspect-ratio: 1024\/683;\" \/><\/a><\/figure><\/li><li class=\"blocks-gallery-item\"><figure><a href=\"https:\/\/autolivraria.com.br\/bc\/wp-content\/uploads\/2020\/12\/VW-Variant-II-04.jpg\"><img decoding=\"async\" width=\"696\" height=\"466\" data-src=\"https:\/\/autolivraria.com.br\/bc\/wp-content\/uploads\/2020\/12\/VW-Variant-II-04.jpg\" alt=\"\" data-id=\"121934\" data-full-url=\"https:\/\/autolivraria.com.br\/bc\/wp-content\/uploads\/2020\/12\/VW-Variant-II-04.jpg\" data-link=\"https:\/\/autolivraria.com.br\/bc\/?attachment_id=121934\" class=\"wp-image-121934 lazyload\" data-srcset=\"https:\/\/autolivraria.com.br\/bc\/wp-content\/uploads\/2020\/12\/VW-Variant-II-04.jpg 696w, https:\/\/autolivraria.com.br\/bc\/wp-content\/uploads\/2020\/12\/VW-Variant-II-04-340x228.jpg 340w\" data-sizes=\"(max-width: 696px) 100vw, 696px\" src=\"data:image\/svg+xml;base64,PHN2ZyB3aWR0aD0iMSIgaGVpZ2h0PSIxIiB4bWxucz0iaHR0cDovL3d3dy53My5vcmcvMjAwMC9zdmciPjwvc3ZnPg==\" style=\"--smush-placeholder-width: 696px; --smush-placeholder-aspect-ratio: 696\/466;\" \/><\/a><\/figure><\/li><li class=\"blocks-gallery-item\"><figure><a href=\"https:\/\/autolivraria.com.br\/bc\/wp-content\/uploads\/2020\/12\/VW-Variant-II-03.jpg\"><img decoding=\"async\" width=\"696\" height=\"696\" data-src=\"https:\/\/autolivraria.com.br\/bc\/wp-content\/uploads\/2020\/12\/VW-Variant-II-03.jpg\" alt=\"\" data-id=\"121936\" data-full-url=\"https:\/\/autolivraria.com.br\/bc\/wp-content\/uploads\/2020\/12\/VW-Variant-II-03.jpg\" data-link=\"https:\/\/autolivraria.com.br\/bc\/?attachment_id=121936\" class=\"wp-image-121936 lazyload\" data-srcset=\"https:\/\/autolivraria.com.br\/bc\/wp-content\/uploads\/2020\/12\/VW-Variant-II-03.jpg 696w, https:\/\/autolivraria.com.br\/bc\/wp-content\/uploads\/2020\/12\/VW-Variant-II-03-340x340.jpg 340w, https:\/\/autolivraria.com.br\/bc\/wp-content\/uploads\/2020\/12\/VW-Variant-II-03-222x222.jpg 222w\" data-sizes=\"(max-width: 696px) 100vw, 696px\" src=\"data:image\/svg+xml;base64,PHN2ZyB3aWR0aD0iMSIgaGVpZ2h0PSIxIiB4bWxucz0iaHR0cDovL3d3dy53My5vcmcvMjAwMC9zdmciPjwvc3ZnPg==\" style=\"--smush-placeholder-width: 696px; --smush-placeholder-aspect-ratio: 696\/696;\" \/><\/a><\/figure><\/li><\/ul><\/figure>\n\n\n\n<p class=\"has-text-align-center\"><em>Embora a robustez mec\u00e2nica fosse bem explorada nos an\u00fancios, o mercado j\u00e1 percebia as limita\u00e7\u00f5es do motor arrefecido a ar<\/em><\/p>\n\n\n\n<div style=\"height:50px\" aria-hidden=\"true\" class=\"wp-block-spacer\"><\/div>\n\n\n\n<p>Para muitos, a Volkswagen errou ao insistir nessa f\u00f3rmula em vez de produzir aqui a Passat Variant, que existia desde 1973 na Alemanha e chegou a ser fotografada em testes da f\u00e1brica. At\u00e9 certo ponto, o que essa perua traria ao mercado \u2014 motor arrefecido a l\u00edquido, tra\u00e7\u00e3o dianteira, suspens\u00f5es modernas \u2014 acabou por sair em 1982 na <a href=\"https:\/\/autolivraria.com.br\/bc\/tag\/parati\" target=\"_blank\" rel=\"noreferrer noopener\">Parati<\/a>, derivada do Gol.<\/p>\n\n\n\n<p>A Variant II, por\u00e9m, n\u00e3o esperou a Parati nascer para se despedir: sa\u00eda de produ\u00e7\u00e3o em 1980 depois de uma carreira curta e discreta e cerca de 41 mil unidades fabricadas. Mais tarde, em 1985, a empresa se redimia do erro ao lan\u00e7ar a <a href=\"https:\/\/autolivraria.com.br\/bc\/tag\/quantum\" target=\"_blank\" rel=\"noreferrer noopener\">Santana Quantum<\/a> \u2014 nada mais que a segunda gera\u00e7\u00e3o da Passat Variant, agora destinada ao segmento de luxo do mercado.<\/p>\n\n\n<a href='https:\/\/autolivraria.com.br\/bc\/carros-do-passado\/' class='small-button smallsilver'>Mais Carros do Passado<\/a>\n\n\n\n<div style=\"height:50px\" aria-hidden=\"true\" class=\"wp-block-spacer\"><\/div>\n\n\n\n<div class='et-box et-shadow'>\n\t\t\t\t\t<div class='et-box-content'><h2 class=\"wp-block-heading\">Ficha t\u00e9cnica<\/h2>\n\n\n<table id=\"table6027\" border=\"0\" width=\"100%\" cellspacing=\"0\" cellpadding=\"3\">\n<tbody>\n<tr>\n<td valign=\"top\" width=\"34%\">&nbsp;<\/td>\n<td valign=\"top\" width=\"22%\"><strong>1600 (1969)<\/strong><\/td>\n<td valign=\"top\" width=\"22%\"><strong>Variant (1970)<\/strong><\/td>\n<td valign=\"top\" width=\"22%\"><strong>Variant II (1978)<\/strong><\/td>\n<\/tr>\n<tr>\n<td colspan=\"4\" valign=\"top\" bgcolor=\"#FFFFFF\"><strong>Motor<\/strong><\/td>\n<\/tr>\n<tr>\n<td valign=\"top\" width=\"34%\">Posi\u00e7\u00e3o e cilindros<\/td>\n<td colspan=\"4\" valign=\"top\">longitudinal traseiro, 4 opostos<\/td>\n<\/tr>\n<tr>\n<td valign=\"top\" width=\"34%\">Comando e v\u00e1lvulas por cilindro<\/td>\n<td valign=\"top\" width=\"22%\">no bloco, 2<\/td>\n<td valign=\"top\" width=\"22%\">no bloco, 2<\/td>\n<td valign=\"top\" width=\"22%\">no bloco, 2<\/td>\n<\/tr>\n<tr>\n<td valign=\"top\" width=\"34%\">Cilindrada<\/td>\n<td valign=\"top\" width=\"22%\">1.584 cm\u00b3<\/td>\n<td valign=\"top\" width=\"22%\">1.584 cm\u00b3<\/td>\n<td valign=\"top\" width=\"22%\">1.584 cm\u00b3<\/td>\n<\/tr>\n<tr>\n<td valign=\"top\" width=\"34%\">Pot\u00eancia m\u00e1xima<\/td>\n<td valign=\"top\" width=\"22%\">50 cv a 4.600 rpm<\/td>\n<td valign=\"top\" width=\"22%\">54 cv a 4.600 rpm<\/td>\n<td valign=\"top\" width=\"22%\">57 cv a 4.600 rpm<\/td>\n<\/tr>\n<tr>\n<td valign=\"top\" width=\"34%\">Torque m\u00e1ximo<\/td>\n<td valign=\"top\" width=\"22%\">11 m.kgf a 2.400 rpm<\/td>\n<td valign=\"top\" width=\"22%\">11 m.kgf a 3.000 rpm<\/td>\n<td valign=\"top\" width=\"22%\">12 m.kgf a 3.200 rpm<\/td>\n<\/tr>\n<tr>\n<td valign=\"top\" width=\"34%\">Alimenta\u00e7\u00e3o<\/td>\n<td valign=\"top\" width=\"22%\">carburador de corpo simples<\/td>\n<td valign=\"top\" width=\"22%\">2 carb. corpo simples<\/td>\n<td valign=\"top\" width=\"22%\">2 carb. corpo simples<\/td>\n<\/tr>\n<tr>\n<td colspan=\"4\" valign=\"top\" bgcolor=\"#FFFFFF\"><strong>Transmiss\u00e3o<\/strong><\/td>\n<\/tr>\n<tr>\n<td valign=\"top\" width=\"34%\">Tipo de caixa e marchas<\/td>\n<td valign=\"top\" width=\"22%\">manual, 4<\/td>\n<td valign=\"top\" width=\"22%\">manual, 4<\/td>\n<td valign=\"top\" width=\"22%\">manual, 4<\/td>\n<\/tr>\n<tr>\n<td valign=\"top\" width=\"34%\">Tra\u00e7\u00e3o<\/td>\n<td valign=\"top\" width=\"22%\">traseira<\/td>\n<td valign=\"top\" width=\"22%\">traseira<\/td>\n<td valign=\"top\" width=\"22%\">traseira<\/td>\n<\/tr>\n<tr>\n<td colspan=\"4\" valign=\"top\" bgcolor=\"#FFFFFF\"><strong>Freios<\/strong><\/td>\n<\/tr>\n<tr>\n<td valign=\"top\" width=\"34%\">Dianteiros<\/td>\n<td valign=\"top\" width=\"8%\">a disco<\/td>\n<td valign=\"top\" width=\"7%\">a disco<\/td>\n<td valign=\"top\" width=\"7%\">a disco<\/td>\n<\/tr>\n<tr>\n<td valign=\"top\" width=\"34%\">Traseiros<\/td>\n<td valign=\"top\" width=\"22%\">a tambor<\/td>\n<td valign=\"top\" width=\"22%\">a tambor<\/td>\n<td valign=\"top\" width=\"22%\">a tambor<\/td>\n<\/tr>\n<tr>\n<td valign=\"top\" width=\"34%\">Antitravamento (ABS)<\/td>\n<td valign=\"top\" width=\"22%\">n\u00e3o<\/td>\n<td valign=\"top\" width=\"22%\">n\u00e3o<\/td>\n<td valign=\"top\" width=\"22%\">n\u00e3o<\/td>\n<\/tr>\n<tr>\n<td colspan=\"4\" valign=\"top\" bgcolor=\"#FFFFFF\"><strong>Suspens\u00e3o<\/strong><\/td>\n<\/tr>\n<tr>\n<td valign=\"top\" width=\"34%\">Dianteira<\/td>\n<td valign=\"top\" width=\"22%\">independente<\/td>\n<td valign=\"top\" width=\"22%\">independente<\/td>\n<td valign=\"top\" width=\"22%\">ind. McPherson<\/td>\n<\/tr>\n<tr>\n<td valign=\"top\" width=\"34%\">Traseira<\/td>\n<td valign=\"top\" width=\"22%\">ind., semieixos oscilantes<\/td>\n<td valign=\"top\" width=\"22%\">ind., semieixos oscilantes<\/td>\n<td valign=\"top\" width=\"22%\">ind., bra\u00e7o semiarrastado<\/td>\n<\/tr>\n<tr>\n<td colspan=\"4\" valign=\"top\" bgcolor=\"#FFFFFF\"><strong>Rodas<\/strong><\/td>\n<\/tr>\n<tr>\n<td valign=\"top\" width=\"34%\">Pneus<\/td>\n<td valign=\"top\" width=\"22%\">165-15<\/td>\n<td valign=\"top\" width=\"22%\">165-15<\/td>\n<td valign=\"top\" width=\"22%\">175\/80 R 14<\/td>\n<\/tr>\n<tr>\n<td colspan=\"4\" valign=\"top\" bgcolor=\"#FFFFFF\"><strong>Dimens\u00f5es<\/strong><\/td>\n<\/tr>\n<tr>\n<td valign=\"top\" width=\"34%\">Comprimento<\/td>\n<td valign=\"top\" width=\"22%\">4,11 m<\/td>\n<td valign=\"top\" width=\"22%\">4,32 m<\/td>\n<td valign=\"top\" width=\"22%\">4,326 m<\/td>\n<\/tr>\n<tr>\n<td valign=\"top\" width=\"34%\">Entre-eixos<\/td>\n<td valign=\"top\" width=\"22%\">2,40 m<\/td>\n<td valign=\"top\" width=\"22%\">2,40 m<\/td>\n<td valign=\"top\" width=\"22%\">2,495 m<\/td>\n<\/tr>\n<tr>\n<td valign=\"top\" width=\"34%\">Peso<\/td>\n<td valign=\"top\" width=\"22%\">875 kg<\/td>\n<td valign=\"top\" width=\"22%\">950 kg<\/td>\n<td valign=\"top\" width=\"22%\">1.020 kg<\/td>\n<\/tr>\n<tr>\n<td colspan=\"4\" valign=\"top\" bgcolor=\"#FFFFFF\"><strong>Desempenho<\/strong><\/td>\n<\/tr>\n<tr>\n<td valign=\"top\" width=\"34%\">Velocidade m\u00e1xima<\/td>\n<td valign=\"top\" width=\"22%\">135 km\/h<\/td>\n<td valign=\"top\" width=\"22%\">140 km\/h<\/td>\n<td valign=\"top\" width=\"22%\">138 km\/h<\/td>\n<\/tr>\n<tr>\n<td valign=\"top\" width=\"34%\">Aceler. 0 a 100&nbsp; km\/h<\/td>\n<td valign=\"top\" width=\"22%\">23,0 s<\/td>\n<td valign=\"top\" width=\"22%\">21,0 s<\/td>\n<td valign=\"top\" width=\"22%\">19,0 s<\/td>\n<\/tr>\n<tr>\n<td colspan=\"4\" valign=\"top\" width=\"100%\">Dados de desempenho aproximados<\/td>\n<\/tr>\n<\/tbody>\n<\/table><\/div><\/div>\n\n\n\n<div style=\"height:50px\" aria-hidden=\"true\" class=\"wp-block-spacer\"><\/div>\n","protected":false},"excerpt":{"rendered":"<p>Do sed\u00e3 &#8220;Z\u00e9 do Caix\u00e3o&#8221; \u00e0 perua Variant II, eles aliaram mais conforto \u00e0 confiabilidade do Fusca<\/p>\n","protected":false},"author":6,"featured_media":121958,"comment_status":"open","ping_status":"closed","sticky":false,"template":"","format":"standard","meta":{"_joinchat":[],"footnotes":""},"categories":[3824],"tags":[156,1066,60,4326,1065],"class_list":["post-121658","post","type-post","status-publish","format-standard","has-post-thumbnail","hentry","category-volkswagen","tag-carros-do-passado","tag-variant","tag-volkswagen","tag-vw-1600-l","tag-vw-tl"],"amp_enabled":true,"_links":{"self":[{"href":"https:\/\/autolivraria.com.br\/bc\/wp-json\/wp\/v2\/posts\/121658","targetHints":{"allow":["GET"]}}],"collection":[{"href":"https:\/\/autolivraria.com.br\/bc\/wp-json\/wp\/v2\/posts"}],"about":[{"href":"https:\/\/autolivraria.com.br\/bc\/wp-json\/wp\/v2\/types\/post"}],"author":[{"embeddable":true,"href":"https:\/\/autolivraria.com.br\/bc\/wp-json\/wp\/v2\/users\/6"}],"replies":[{"embeddable":true,"href":"https:\/\/autolivraria.com.br\/bc\/wp-json\/wp\/v2\/comments?post=121658"}],"version-history":[{"count":0,"href":"https:\/\/autolivraria.com.br\/bc\/wp-json\/wp\/v2\/posts\/121658\/revisions"}],"wp:featuredmedia":[{"embeddable":true,"href":"https:\/\/autolivraria.com.br\/bc\/wp-json\/wp\/v2\/media\/121958"}],"wp:attachment":[{"href":"https:\/\/autolivraria.com.br\/bc\/wp-json\/wp\/v2\/media?parent=121658"}],"wp:term":[{"taxonomy":"category","embeddable":true,"href":"https:\/\/autolivraria.com.br\/bc\/wp-json\/wp\/v2\/categories?post=121658"},{"taxonomy":"post_tag","embeddable":true,"href":"https:\/\/autolivraria.com.br\/bc\/wp-json\/wp\/v2\/tags?post=121658"}],"curies":[{"name":"wp","href":"https:\/\/api.w.org\/{rel}","templated":true}]}}