{"id":125317,"date":"2021-03-12T14:10:18","date_gmt":"2021-03-12T17:10:18","guid":{"rendered":"https:\/\/bestcars.uol.com.br\/bc\/?p=125317"},"modified":"2021-03-18T10:21:30","modified_gmt":"2021-03-18T13:21:30","slug":"historia-xc90-abriu-luxuosos-caminhos-fora-de-estrada-para-a-volvo","status":"publish","type":"post","link":"https:\/\/autolivraria.com.br\/bc\/divirta-se\/fora-de-estrada\/historia-xc90-abriu-luxuosos-caminhos-fora-de-estrada-para-a-volvo\/","title":{"rendered":"Hist\u00f3ria: XC90 abriu luxuosos caminhos fora de estrada para a Volvo"},"content":{"rendered":"\n<figure class=\"wp-block-image alignwide size-large\"><a href=\"https:\/\/autolivraria.com.br\/bc\/wp-content\/uploads\/2021\/03\/Volvo-XC90-2006-V8-02.jpg\"><img fetchpriority=\"high\" decoding=\"async\" width=\"696\" height=\"464\" src=\"https:\/\/autolivraria.com.br\/bc\/wp-content\/uploads\/2021\/03\/Volvo-XC90-2006-V8-02-696x464.jpg\" alt=\"\" class=\"wp-image-125339\" srcset=\"https:\/\/autolivraria.com.br\/bc\/wp-content\/uploads\/2021\/03\/Volvo-XC90-2006-V8-02-696x464.jpg 696w, https:\/\/autolivraria.com.br\/bc\/wp-content\/uploads\/2021\/03\/Volvo-XC90-2006-V8-02-340x227.jpg 340w, https:\/\/autolivraria.com.br\/bc\/wp-content\/uploads\/2021\/03\/Volvo-XC90-2006-V8-02-750x500.jpg 750w, https:\/\/autolivraria.com.br\/bc\/wp-content\/uploads\/2021\/03\/Volvo-XC90-2006-V8-02.jpg 1024w\" sizes=\"(max-width: 696px) 100vw, 696px\" \/><\/a><\/figure>\n\n\n\n<h2 class=\"wp-block-heading\">O primeiro SUV da marca sueca combina seguran\u00e7a, conforto e desempenho h\u00e1 quase 20 anos<\/h2>\n\n\n\n<p><em>Texto: Fabr\u00edcio Samah\u00e1 &#8211; Fotos: divulga\u00e7\u00e3o<\/em><\/p>\n\n\n\n<div style=\"height:50px\" aria-hidden=\"true\" class=\"wp-block-spacer\"><\/div>\n\n\n\n<p>Quando se v\u00ea a profus\u00e3o de utilit\u00e1rio esporte (SUVs) em quase todas as marcas de hoje, parece que sempre foi assim. Mas n\u00e3o \u00e9 verdade: apenas entre o fim da d\u00e9cada de 1990 e o come\u00e7o dos anos 2000 essa categoria recebeu a ades\u00e3o de fabricantes de prest\u00edgio como BMW, Lexus, Mercedes-Benz (\u00e0 parte o Classe G, que nasceu em 1979 como jipe), Porsche e Volvo.<\/p>\n\n\n\n<p>Na marca sueca, o XC90 \u2014 hoje seu SUV topo de linha \u2014 foi o respons\u00e1vel por inaugurar o segmento em 2002. At\u00e9 ent\u00e3o, tudo que a Volvo oferecia era a perua <a href=\"https:\/\/www1.uol.com.br\/bestcars\/comp2\/allroad-xc70-1.htm\" target=\"_blank\" rel=\"noreferrer noopener\">XC70<\/a>, uma varia\u00e7\u00e3o da V70 com suspens\u00e3o elevada, pneus maiores e molduras na carroceria. Fazia sentido, pois peruas eram um produto de longa tradi\u00e7\u00e3o na empresa, desde a <a href=\"https:\/\/www1.uol.com.br\/bestcars\/cpassado\/volvo-1.htm\" target=\"_blank\" rel=\"noreferrer noopener\">Duett<\/a> de 1953, e a <a href=\"https:\/\/www.autolivraria.com.br\/testes\/v70-1.htm\" target=\"_blank\" rel=\"noreferrer noopener\">V70<\/a> esteve por longo tempo entre os carros mais vendidos de seu pa\u00eds. Contudo, n\u00e3o era mais poss\u00edvel ficar de fora de uma classe t\u00e3o promissora quanto a dos SUVs de luxo.<\/p>\n\n\n\n<div style=\"height:50px\" aria-hidden=\"true\" class=\"wp-block-spacer\"><\/div>\n\n\n\n<figure class=\"wp-block-gallery aligncenter columns-2 is-cropped wp-block-gallery-1 is-layout-flex wp-block-gallery-is-layout-flex\"><ul class=\"blocks-gallery-grid\"><li class=\"blocks-gallery-item\"><figure><a href=\"https:\/\/autolivraria.com.br\/bc\/wp-content\/uploads\/2021\/03\/Volvo-ACC-02.jpg\"><img decoding=\"async\" width=\"1024\" height=\"683\" data-src=\"https:\/\/autolivraria.com.br\/bc\/wp-content\/uploads\/2021\/03\/Volvo-ACC-02.jpg\" alt=\"\" data-id=\"125320\" data-full-url=\"https:\/\/autolivraria.com.br\/bc\/wp-content\/uploads\/2021\/03\/Volvo-ACC-02.jpg\" data-link=\"https:\/\/autolivraria.com.br\/bc\/?attachment_id=125320\" class=\"wp-image-125320 lazyload\" data-srcset=\"https:\/\/autolivraria.com.br\/bc\/wp-content\/uploads\/2021\/03\/Volvo-ACC-02.jpg 1024w, https:\/\/autolivraria.com.br\/bc\/wp-content\/uploads\/2021\/03\/Volvo-ACC-02-340x227.jpg 340w, https:\/\/autolivraria.com.br\/bc\/wp-content\/uploads\/2021\/03\/Volvo-ACC-02-696x464.jpg 696w, https:\/\/autolivraria.com.br\/bc\/wp-content\/uploads\/2021\/03\/Volvo-ACC-02-750x500.jpg 750w\" data-sizes=\"(max-width: 1024px) 100vw, 1024px\" src=\"data:image\/svg+xml;base64,PHN2ZyB3aWR0aD0iMSIgaGVpZ2h0PSIxIiB4bWxucz0iaHR0cDovL3d3dy53My5vcmcvMjAwMC9zdmciPjwvc3ZnPg==\" style=\"--smush-placeholder-width: 1024px; --smush-placeholder-aspect-ratio: 1024\/683;\" \/><\/a><\/figure><\/li><li class=\"blocks-gallery-item\"><figure><a href=\"https:\/\/autolivraria.com.br\/bc\/wp-content\/uploads\/2021\/03\/Volvo-ACC-03.jpg\"><img decoding=\"async\" width=\"696\" height=\"464\" data-src=\"https:\/\/autolivraria.com.br\/bc\/wp-content\/uploads\/2021\/03\/Volvo-ACC-03-696x464.jpg\" alt=\"\" data-id=\"125321\" data-full-url=\"https:\/\/autolivraria.com.br\/bc\/wp-content\/uploads\/2021\/03\/Volvo-ACC-03.jpg\" data-link=\"https:\/\/autolivraria.com.br\/bc\/?attachment_id=125321\" class=\"wp-image-125321 lazyload\" data-srcset=\"https:\/\/autolivraria.com.br\/bc\/wp-content\/uploads\/2021\/03\/Volvo-ACC-03-696x464.jpg 696w, https:\/\/autolivraria.com.br\/bc\/wp-content\/uploads\/2021\/03\/Volvo-ACC-03-340x227.jpg 340w, https:\/\/autolivraria.com.br\/bc\/wp-content\/uploads\/2021\/03\/Volvo-ACC-03-750x500.jpg 750w, https:\/\/autolivraria.com.br\/bc\/wp-content\/uploads\/2021\/03\/Volvo-ACC-03.jpg 1024w\" data-sizes=\"(max-width: 696px) 100vw, 696px\" src=\"data:image\/svg+xml;base64,PHN2ZyB3aWR0aD0iMSIgaGVpZ2h0PSIxIiB4bWxucz0iaHR0cDovL3d3dy53My5vcmcvMjAwMC9zdmciPjwvc3ZnPg==\" style=\"--smush-placeholder-width: 696px; --smush-placeholder-aspect-ratio: 696\/464;\" \/><\/a><\/figure><\/li><li class=\"blocks-gallery-item\"><figure><a href=\"https:\/\/autolivraria.com.br\/bc\/wp-content\/uploads\/2021\/03\/Volvo-ACC-01.jpg\"><img decoding=\"async\" width=\"1024\" height=\"683\" data-src=\"https:\/\/autolivraria.com.br\/bc\/wp-content\/uploads\/2021\/03\/Volvo-ACC-01.jpg\" alt=\"\" data-id=\"125319\" data-full-url=\"https:\/\/autolivraria.com.br\/bc\/wp-content\/uploads\/2021\/03\/Volvo-ACC-01.jpg\" data-link=\"https:\/\/autolivraria.com.br\/bc\/?attachment_id=125319\" class=\"wp-image-125319 lazyload\" data-srcset=\"https:\/\/autolivraria.com.br\/bc\/wp-content\/uploads\/2021\/03\/Volvo-ACC-01.jpg 1024w, https:\/\/autolivraria.com.br\/bc\/wp-content\/uploads\/2021\/03\/Volvo-ACC-01-340x227.jpg 340w, https:\/\/autolivraria.com.br\/bc\/wp-content\/uploads\/2021\/03\/Volvo-ACC-01-696x464.jpg 696w, https:\/\/autolivraria.com.br\/bc\/wp-content\/uploads\/2021\/03\/Volvo-ACC-01-750x500.jpg 750w\" data-sizes=\"(max-width: 1024px) 100vw, 1024px\" src=\"data:image\/svg+xml;base64,PHN2ZyB3aWR0aD0iMSIgaGVpZ2h0PSIxIiB4bWxucz0iaHR0cDovL3d3dy53My5vcmcvMjAwMC9zdmciPjwvc3ZnPg==\" style=\"--smush-placeholder-width: 1024px; --smush-placeholder-aspect-ratio: 1024\/683;\" \/><\/a><\/figure><\/li><\/ul><\/figure>\n\n\n\n<p class=\"has-text-align-center\"><em>Exageros de estilo \u00e0 parte, as linhas b\u00e1sicas do primeiro XC90 apareciam um ano antes no ACC, conceito da Volvo no Sal\u00e3o de Detroit de 2001<\/em><\/p>\n\n\n\n<div style=\"height:50px\" aria-hidden=\"true\" class=\"wp-block-spacer\"><\/div>\n\n\n\n<p>No Sal\u00e3o de Detroit em janeiro de 2001 era revelado o Adventure Concept Car (carro-conceito de aventura) ou ACC, com linhas angulosas que antecipavam em boa parte as do XC90. O modelo de produ\u00e7\u00e3o estreava um ano depois, no mesmo evento, e entrava em produ\u00e7\u00e3o em agosto na f\u00e1brica de Torslanda, Su\u00e9cia.<\/p>\n\n\n<div class='code-block code-block-7' style='margin: 28px auto; text-align: center; display: block; clear: both;'>\n<br>\n<div align=\"center\">\n<a target=\"_blank\" href=\"https:\/\/bestcars.com.br\/bc\/\">\n<img decoding=\"async\" data-src=\"https:\/\/bestcars.com.br\/bc\/wp-content\/uploads\/2021\/07\/Auto-Livraria-450x300-quadros.jpg\" alt=\"Auto Livraria\" src=\"data:image\/svg+xml;base64,PHN2ZyB3aWR0aD0iMSIgaGVpZ2h0PSIxIiB4bWxucz0iaHR0cDovL3d3dy53My5vcmcvMjAwMC9zdmciPjwvc3ZnPg==\" class=\"lazyload\"><\/a>\n<\/div>\n<br><\/div>\n\n\n\n\n<p>O desenho do XC90 n\u00e3o negava a semelhan\u00e7a com a V70 e outras peruas da Volvo, em particular pelas lanternas traseiras que subiam pelas colunas. Os far\u00f3is tinham contorno ondulado, a grade dianteira vinha integrada ao cap\u00f4 e, sob a linha de base das janelas, &#8220;ombros&#8221; pronunciados estabeleciam a liga\u00e7\u00e3o visual com os demais modelos da marca. Amplo, o SUV media 4,81 metros de comprimento, 1,90 m de largura e 2,86 m de dist\u00e2ncia entre eixos.<\/p>\n\n\n\n<p>No interior tamb\u00e9m se notavam elementos comuns dos suecos, como os comandos grandes e f\u00e1ceis de usar (caso dos bot\u00f5es girat\u00f3rios de ajuste da temperatura do ar-condicionado), pensados para uso com luvas grossas, e o amplo volante de quatro raios diante de instrumentos de clara leitura. A tela do navegador destacava-se sobre o painel. Havia escolha entre cinco e sete lugares.<\/p>\n\n\n\n<div style=\"height:50px\" aria-hidden=\"true\" class=\"wp-block-spacer\"><\/div>\n\n\n\n<figure class=\"wp-block-gallery aligncenter columns-2 is-cropped wp-block-gallery-2 is-layout-flex wp-block-gallery-is-layout-flex\"><ul class=\"blocks-gallery-grid\"><li class=\"blocks-gallery-item\"><figure><a href=\"https:\/\/autolivraria.com.br\/bc\/wp-content\/uploads\/2021\/03\/Volvo-XC90-2002-01.jpg\"><img decoding=\"async\" width=\"696\" height=\"464\" data-src=\"https:\/\/autolivraria.com.br\/bc\/wp-content\/uploads\/2021\/03\/Volvo-XC90-2002-01-696x464.jpg\" alt=\"\" data-id=\"125324\" data-full-url=\"https:\/\/autolivraria.com.br\/bc\/wp-content\/uploads\/2021\/03\/Volvo-XC90-2002-01.jpg\" data-link=\"https:\/\/autolivraria.com.br\/bc\/?attachment_id=125324\" class=\"wp-image-125324 lazyload\" data-srcset=\"https:\/\/autolivraria.com.br\/bc\/wp-content\/uploads\/2021\/03\/Volvo-XC90-2002-01-696x464.jpg 696w, https:\/\/autolivraria.com.br\/bc\/wp-content\/uploads\/2021\/03\/Volvo-XC90-2002-01-340x227.jpg 340w, https:\/\/autolivraria.com.br\/bc\/wp-content\/uploads\/2021\/03\/Volvo-XC90-2002-01-750x500.jpg 750w, https:\/\/autolivraria.com.br\/bc\/wp-content\/uploads\/2021\/03\/Volvo-XC90-2002-01.jpg 1024w\" data-sizes=\"(max-width: 696px) 100vw, 696px\" src=\"data:image\/svg+xml;base64,PHN2ZyB3aWR0aD0iMSIgaGVpZ2h0PSIxIiB4bWxucz0iaHR0cDovL3d3dy53My5vcmcvMjAwMC9zdmciPjwvc3ZnPg==\" style=\"--smush-placeholder-width: 696px; --smush-placeholder-aspect-ratio: 696\/464;\" \/><\/a><\/figure><\/li><li class=\"blocks-gallery-item\"><figure><a href=\"https:\/\/autolivraria.com.br\/bc\/wp-content\/uploads\/2021\/03\/Volvo-XC90-2002-04.jpg\"><img decoding=\"async\" width=\"1024\" height=\"683\" data-src=\"https:\/\/autolivraria.com.br\/bc\/wp-content\/uploads\/2021\/03\/Volvo-XC90-2002-04.jpg\" alt=\"\" data-id=\"125323\" data-full-url=\"https:\/\/autolivraria.com.br\/bc\/wp-content\/uploads\/2021\/03\/Volvo-XC90-2002-04.jpg\" data-link=\"https:\/\/autolivraria.com.br\/bc\/?attachment_id=125323\" class=\"wp-image-125323 lazyload\" data-srcset=\"https:\/\/autolivraria.com.br\/bc\/wp-content\/uploads\/2021\/03\/Volvo-XC90-2002-04.jpg 1024w, https:\/\/autolivraria.com.br\/bc\/wp-content\/uploads\/2021\/03\/Volvo-XC90-2002-04-340x227.jpg 340w, https:\/\/autolivraria.com.br\/bc\/wp-content\/uploads\/2021\/03\/Volvo-XC90-2002-04-696x464.jpg 696w, https:\/\/autolivraria.com.br\/bc\/wp-content\/uploads\/2021\/03\/Volvo-XC90-2002-04-750x500.jpg 750w\" data-sizes=\"(max-width: 1024px) 100vw, 1024px\" src=\"data:image\/svg+xml;base64,PHN2ZyB3aWR0aD0iMSIgaGVpZ2h0PSIxIiB4bWxucz0iaHR0cDovL3d3dy53My5vcmcvMjAwMC9zdmciPjwvc3ZnPg==\" style=\"--smush-placeholder-width: 1024px; --smush-placeholder-aspect-ratio: 1024\/683;\" \/><\/a><\/figure><\/li><li class=\"blocks-gallery-item\"><figure><a href=\"https:\/\/autolivraria.com.br\/bc\/wp-content\/uploads\/2021\/03\/Volvo-XC90-2002-03.jpg\"><img decoding=\"async\" width=\"1024\" height=\"683\" data-src=\"https:\/\/autolivraria.com.br\/bc\/wp-content\/uploads\/2021\/03\/Volvo-XC90-2002-03.jpg\" alt=\"\" data-id=\"125322\" data-full-url=\"https:\/\/autolivraria.com.br\/bc\/wp-content\/uploads\/2021\/03\/Volvo-XC90-2002-03.jpg\" data-link=\"https:\/\/autolivraria.com.br\/bc\/?attachment_id=125322\" class=\"wp-image-125322 lazyload\" data-srcset=\"https:\/\/autolivraria.com.br\/bc\/wp-content\/uploads\/2021\/03\/Volvo-XC90-2002-03.jpg 1024w, https:\/\/autolivraria.com.br\/bc\/wp-content\/uploads\/2021\/03\/Volvo-XC90-2002-03-340x227.jpg 340w, https:\/\/autolivraria.com.br\/bc\/wp-content\/uploads\/2021\/03\/Volvo-XC90-2002-03-696x464.jpg 696w, https:\/\/autolivraria.com.br\/bc\/wp-content\/uploads\/2021\/03\/Volvo-XC90-2002-03-750x500.jpg 750w\" data-sizes=\"(max-width: 1024px) 100vw, 1024px\" src=\"data:image\/svg+xml;base64,PHN2ZyB3aWR0aD0iMSIgaGVpZ2h0PSIxIiB4bWxucz0iaHR0cDovL3d3dy53My5vcmcvMjAwMC9zdmciPjwvc3ZnPg==\" style=\"--smush-placeholder-width: 1024px; --smush-placeholder-aspect-ratio: 1024\/683;\" \/><\/a><\/figure><\/li><\/ul><\/figure>\n\n\n\n<p class=\"has-text-align-center\"><em>O XC90 estreava em 2002 com estilo simples e imponente, op\u00e7\u00e3o de sete lugares e interior luxuoso; as lanternas traseiras elevadas seguiam as peruas da marca<\/em><\/p>\n\n\n\n<div style=\"height:50px\" aria-hidden=\"true\" class=\"wp-block-spacer\"><\/div>\n\n\n\n<p>A plataforma P2 era basicamente a mesma do sed\u00e3 <a rel=\"noreferrer noopener\" href=\"https:\/\/www1.uol.com.br\/bestcars\/testes\/s80-1.htm\" target=\"_blank\">S80<\/a>, lan\u00e7ado em 1998, e dos modelos menores <a rel=\"noreferrer noopener\" href=\"https:\/\/www1.uol.com.br\/bestcars\/comp\/607-s60-1.htm\" target=\"_blank\">S60<\/a> e V70 de 2000. O XC90 oferecia duas vers\u00f5es de motores a gasolina: T5, com cinco cilindros em linha, 2,5 litros, turbo, pot\u00eancia de 211 cv e torque de 32,6 m.kgf; e T6, que usava um seis-cilindros em linha de 2,9 litros com dois turbos, 272 cv e 38,8 m.kgf, ambos com transmiss\u00e3o autom\u00e1tica de cinco marchas. O turbodiesel D5 tinha um 2,4-litros com 163 cv e 34,7 m.kgf.<\/p>\n\n\n\n<div style=\"height:50px\" aria-hidden=\"true\" class=\"wp-block-spacer\"><\/div>\n\n\n\n<blockquote class=\"wp-block-quote is-layout-flow wp-block-quote-is-layout-flow\"><p>O XC90 tinha motor transversal, posi\u00e7\u00e3o incomum para um seis-cilindros em linha, e desde 2002 trazia controle eletr\u00f4nico de rolagem e cortinas infl\u00e1veis para toda a \u00e1rea lateral de vidros<\/p><\/blockquote>\n\n\n\n<div style=\"height:50px\" aria-hidden=\"true\" class=\"wp-block-spacer\"><\/div>\n\n\n\n<p>Tra\u00e7\u00e3o integral vinha de s\u00e9rie no T6 e como op\u00e7\u00e3o nos outros, que como padr\u00e3o usavam tra\u00e7\u00e3o dianteira. Todos os motores eram transversais, posi\u00e7\u00e3o incomum na hist\u00f3ria para um seis-cilindros em linha: por seu comprimento, ele quase sempre d\u00e1 lugar ao V6 quando montado nessa posi\u00e7\u00e3o. Al\u00e9m de bolsas infl\u00e1veis frontais, laterais e de cortina (que abrangiam a \u00e1rea de vidros das tr\u00eas fileiras de bancos) de s\u00e9rie, o XC90 trazia <a rel=\"noreferrer noopener\" href=\"https:\/\/autolivraria.com.br\/bc\/glossario-c\/#esp\" target=\"_blank\">controle eletr\u00f4nico de estabilidade<\/a> e rolagem (RSC), que usava um sensor de girosc\u00f3pio para registrar a inclina\u00e7\u00e3o da carroceria. Se calculasse alto risco de capotar, o RSC provocava <a href=\"https:\/\/autolivraria.com.br\/bc\/glossario-s\/#sube\" target=\"_blank\" rel=\"noreferrer noopener\">subester\u00e7o<\/a> para tentar evitar o acidente.<\/p>\n\n\n\n<p>A revista <em>Car and Driver <\/em>comparou o T6 a Acura MDX, <a href=\"https:\/\/autolivraria.com.br\/bc\/informe-se\/passado\/paginas-historia\/x5-abriu-caminho-para-a-ampla-familia-de-suvs-da-bmw\/\" target=\"_blank\" rel=\"noreferrer noopener\">BMW X5<\/a>, GMC Envoy, <a href=\"https:\/\/autolivraria.com.br\/bc\/informe-se\/passado\/historia-land-rover-discovery-a-valentia-descobriu-o-conforto\/\" target=\"_blank\" rel=\"noreferrer noopener\">Land Rover Discovery<\/a>, Lexus GX470, Lincoln Aviator e <a href=\"https:\/\/www1.uol.com.br\/bestcars\/testes2\/touareg-1.htm\" target=\"_blank\" rel=\"noreferrer noopener\">Volkswagen Touareg<\/a>: &#8220;O XC90 se comporta bem como o primeiro esfor\u00e7o da Volvo em SUVs. Est\u00e1 carregado de itens de seguran\u00e7a. O desempenho em estrada foi mediano, sem n\u00fameros impressionantes. Na lama o Volvo se comportou razoavelmente bem. No geral, \u00e9 um carro agrad\u00e1vel, mas sem paix\u00e3o. Com um pre\u00e7o baixo no grupo, espera-se que seja calorosamente recebido pelos aficionados da Volvo&#8221;.<\/p>\n\n\n\n<div style=\"height:50px\" aria-hidden=\"true\" class=\"wp-block-spacer\"><\/div>\n\n\n\n<figure class=\"wp-block-gallery aligncenter columns-2 is-cropped wp-block-gallery-3 is-layout-flex wp-block-gallery-is-layout-flex\"><ul class=\"blocks-gallery-grid\"><li class=\"blocks-gallery-item\"><figure><a href=\"https:\/\/autolivraria.com.br\/bc\/wp-content\/uploads\/2021\/03\/Volvo-XC90-2002-05.jpg\"><img decoding=\"async\" width=\"1024\" height=\"683\" data-src=\"https:\/\/autolivraria.com.br\/bc\/wp-content\/uploads\/2021\/03\/Volvo-XC90-2002-05.jpg\" alt=\"\" data-id=\"125325\" data-full-url=\"https:\/\/autolivraria.com.br\/bc\/wp-content\/uploads\/2021\/03\/Volvo-XC90-2002-05.jpg\" data-link=\"https:\/\/autolivraria.com.br\/bc\/?attachment_id=125325\" class=\"wp-image-125325 lazyload\" data-srcset=\"https:\/\/autolivraria.com.br\/bc\/wp-content\/uploads\/2021\/03\/Volvo-XC90-2002-05.jpg 1024w, https:\/\/autolivraria.com.br\/bc\/wp-content\/uploads\/2021\/03\/Volvo-XC90-2002-05-340x227.jpg 340w, https:\/\/autolivraria.com.br\/bc\/wp-content\/uploads\/2021\/03\/Volvo-XC90-2002-05-696x464.jpg 696w, https:\/\/autolivraria.com.br\/bc\/wp-content\/uploads\/2021\/03\/Volvo-XC90-2002-05-750x500.jpg 750w\" data-sizes=\"(max-width: 1024px) 100vw, 1024px\" src=\"data:image\/svg+xml;base64,PHN2ZyB3aWR0aD0iMSIgaGVpZ2h0PSIxIiB4bWxucz0iaHR0cDovL3d3dy53My5vcmcvMjAwMC9zdmciPjwvc3ZnPg==\" style=\"--smush-placeholder-width: 1024px; --smush-placeholder-aspect-ratio: 1024\/683;\" \/><\/a><\/figure><\/li><li class=\"blocks-gallery-item\"><figure><a href=\"https:\/\/autolivraria.com.br\/bc\/wp-content\/uploads\/2021\/03\/Volvo-XC90-2006-Ocean-Race-01.jpg\"><img decoding=\"async\" width=\"1024\" height=\"683\" data-src=\"https:\/\/autolivraria.com.br\/bc\/wp-content\/uploads\/2021\/03\/Volvo-XC90-2006-Ocean-Race-01.jpg\" alt=\"\" data-id=\"125326\" data-full-url=\"https:\/\/autolivraria.com.br\/bc\/wp-content\/uploads\/2021\/03\/Volvo-XC90-2006-Ocean-Race-01.jpg\" data-link=\"https:\/\/autolivraria.com.br\/bc\/?attachment_id=125326\" class=\"wp-image-125326 lazyload\" data-srcset=\"https:\/\/autolivraria.com.br\/bc\/wp-content\/uploads\/2021\/03\/Volvo-XC90-2006-Ocean-Race-01.jpg 1024w, https:\/\/autolivraria.com.br\/bc\/wp-content\/uploads\/2021\/03\/Volvo-XC90-2006-Ocean-Race-01-340x227.jpg 340w, https:\/\/autolivraria.com.br\/bc\/wp-content\/uploads\/2021\/03\/Volvo-XC90-2006-Ocean-Race-01-696x464.jpg 696w, https:\/\/autolivraria.com.br\/bc\/wp-content\/uploads\/2021\/03\/Volvo-XC90-2006-Ocean-Race-01-750x500.jpg 750w\" data-sizes=\"(max-width: 1024px) 100vw, 1024px\" src=\"data:image\/svg+xml;base64,PHN2ZyB3aWR0aD0iMSIgaGVpZ2h0PSIxIiB4bWxucz0iaHR0cDovL3d3dy53My5vcmcvMjAwMC9zdmciPjwvc3ZnPg==\" style=\"--smush-placeholder-width: 1024px; --smush-placeholder-aspect-ratio: 1024\/683;\" \/><\/a><\/figure><\/li><\/ul><\/figure>\n\n\n\n<p class=\"has-text-align-center\"><em>Cortinas infl\u00e1veis para as tr\u00eas fileiras de bancos e controle de rolagem eram itens de seguran\u00e7a de s\u00e9rie; a edi\u00e7\u00e3o Ocean Race (\u00e0 direita) vinha em 2005<\/em><\/p>\n\n\n\n<div style=\"height:50px\" aria-hidden=\"true\" class=\"wp-block-spacer\"><\/div>\n\n\n\n<p>A vers\u00e3o Executive aparecia em 2003 com interior mais luxuoso, minibar integrado entre os bancos dianteiros, toca-DVDs e duas telas de v\u00eddeo de sete polegadas para os passageiros de tr\u00e1s. O XC90 ganhava na linha 2005 o primeiro motor V8 aplicado a um Volvo. A unidade aspirada de 4,4 litros produzida pela Yamaha, empresa japonesa mais conhecida pelas motos, era uma evolu\u00e7\u00e3o do 3,4-litros de 235 cv que a marca forneceu nos anos 90 para o <a rel=\"noreferrer noopener\" href=\"https:\/\/www1.uol.com.br\/bestcars\/cpassado2\/taurus-1.htm\" target=\"_blank\">Ford Taurus SHO<\/a>, agora com 315 cv e 45,1 m.kgf. A vers\u00e3o ganhava rodas de 18 polegadas, caixa autom\u00e1tica de cinco marchas e suspens\u00e3o recalibrada.<\/p>\n\n\n<div class='code-block code-block-6' style='margin: 28px auto; text-align: center; display: block; clear: both;'>\n<script async src=\"https:\/\/pagead2.googlesyndication.com\/pagead\/js\/adsbygoogle.js\"><\/script>\n<!-- AL-quadrado -->\n<ins class=\"adsbygoogle\"\n     style=\"display:block\"\n     data-ad-client=\"ca-pub-1914799802606213\"\n     data-ad-slot=\"5683066082\"\n     data-ad-format=\"auto\"\n     data-full-width-responsive=\"true\"><\/ins>\n<script>\n     (adsbygoogle = window.adsbygoogle || []).push({});\n<\/script><\/div>\n\n\n\n\n<p>&#8220;\u00c9 estranho dirigir um Volvo sem ru\u00eddo e sem a oscila\u00e7\u00e3o de humor comum aos turbos&#8221;, anotou a <em>Car and Driver<\/em>. &#8220;O V8 puxa com for\u00e7a linear e ultrapassar caminh\u00f5es \u00e9 f\u00e1cil. Todo o resto se parece muito com os XC90 menos potentes: dire\u00e7\u00e3o leve, frenagem competente, bancos confort\u00e1veis, suspens\u00e3o complacente, a sensa\u00e7\u00e3o geral de dirigir um sed\u00e3 Volvo que algu\u00e9m levantou tr\u00eas polegadas. E uma nota no escapamento para causar inveja a um Camaro, rica e sonora em altas rota\u00e7\u00f5es&#8221;. Outra novidade do ano era o aumento de pot\u00eancia no D5, agora com 185 cv e 40,8 m.kgf. Aparecia tamb\u00e9m a edi\u00e7\u00e3o limitada Ocean Race, em alus\u00e3o ao torneio de embarca\u00e7\u00f5es ent\u00e3o patrocinado pela Volvo, com detalhes pr\u00f3prios de acabamento.<\/p>\n\n\n\n<p>Discretas mudan\u00e7as de estilo vinham na linha 2007, com novos far\u00f3is, para-choques e lanternas traseiras com elementos internos mais retos em vez dos ovalados. Os far\u00f3is usavam l\u00e2mpadas de <a rel=\"noreferrer noopener\" href=\"https:\/\/autolivraria.com.br\/bc\/glossario-l\/#lamp\" target=\"_blank\">xen\u00f4nio<\/a> em ambos os fachos com efeito <a rel=\"noreferrer noopener\" href=\"https:\/\/autolivraria.com.br\/bc\/glossario-f\/#fach\" target=\"_blank\">autodirecional<\/a> em curvas. Em lugar do motor turbo do T5 estava um seis-cilindros em linha aspirado de 3,2 litros com 243 cv e 32,6 m.kgf. A vers\u00e3o Sport aparecia com rodas de 19 pol, suspens\u00e3o mais firme e adere\u00e7os de estilo e podia receber tr\u00eas dos motores. O turbodiesel D3 de 2,4 litros, em 2010, tinha 163 cv e tra\u00e7\u00e3o apenas dianteira.<\/p>\n\n\n\n<div style=\"height:50px\" aria-hidden=\"true\" class=\"wp-block-spacer\"><\/div>\n\n\n\n<figure class=\"wp-block-gallery aligncenter columns-3 is-cropped wp-block-gallery-4 is-layout-flex wp-block-gallery-is-layout-flex\"><ul class=\"blocks-gallery-grid\"><li class=\"blocks-gallery-item\"><figure><a href=\"https:\/\/autolivraria.com.br\/bc\/wp-content\/uploads\/2021\/03\/Volvo-XC90-2008-01.jpg\"><img decoding=\"async\" width=\"1024\" height=\"683\" data-src=\"https:\/\/autolivraria.com.br\/bc\/wp-content\/uploads\/2021\/03\/Volvo-XC90-2008-01.jpg\" alt=\"\" data-id=\"125335\" data-full-url=\"https:\/\/autolivraria.com.br\/bc\/wp-content\/uploads\/2021\/03\/Volvo-XC90-2008-01.jpg\" data-link=\"https:\/\/autolivraria.com.br\/bc\/?attachment_id=125335\" class=\"wp-image-125335 lazyload\" data-srcset=\"https:\/\/autolivraria.com.br\/bc\/wp-content\/uploads\/2021\/03\/Volvo-XC90-2008-01.jpg 1024w, https:\/\/autolivraria.com.br\/bc\/wp-content\/uploads\/2021\/03\/Volvo-XC90-2008-01-340x227.jpg 340w, https:\/\/autolivraria.com.br\/bc\/wp-content\/uploads\/2021\/03\/Volvo-XC90-2008-01-696x464.jpg 696w, https:\/\/autolivraria.com.br\/bc\/wp-content\/uploads\/2021\/03\/Volvo-XC90-2008-01-750x500.jpg 750w\" data-sizes=\"(max-width: 1024px) 100vw, 1024px\" src=\"data:image\/svg+xml;base64,PHN2ZyB3aWR0aD0iMSIgaGVpZ2h0PSIxIiB4bWxucz0iaHR0cDovL3d3dy53My5vcmcvMjAwMC9zdmciPjwvc3ZnPg==\" style=\"--smush-placeholder-width: 1024px; --smush-placeholder-aspect-ratio: 1024\/683;\" \/><\/a><\/figure><\/li><li class=\"blocks-gallery-item\"><figure><a href=\"https:\/\/autolivraria.com.br\/bc\/wp-content\/uploads\/2021\/03\/Volvo-XC90-2008-04.jpg\"><img decoding=\"async\" width=\"1024\" height=\"683\" data-src=\"https:\/\/autolivraria.com.br\/bc\/wp-content\/uploads\/2021\/03\/Volvo-XC90-2008-04.jpg\" alt=\"\" data-id=\"125333\" data-full-url=\"https:\/\/autolivraria.com.br\/bc\/wp-content\/uploads\/2021\/03\/Volvo-XC90-2008-04.jpg\" data-link=\"https:\/\/autolivraria.com.br\/bc\/?attachment_id=125333\" class=\"wp-image-125333 lazyload\" data-srcset=\"https:\/\/autolivraria.com.br\/bc\/wp-content\/uploads\/2021\/03\/Volvo-XC90-2008-04.jpg 1024w, https:\/\/autolivraria.com.br\/bc\/wp-content\/uploads\/2021\/03\/Volvo-XC90-2008-04-340x227.jpg 340w, https:\/\/autolivraria.com.br\/bc\/wp-content\/uploads\/2021\/03\/Volvo-XC90-2008-04-696x464.jpg 696w, https:\/\/autolivraria.com.br\/bc\/wp-content\/uploads\/2021\/03\/Volvo-XC90-2008-04-750x500.jpg 750w\" data-sizes=\"(max-width: 1024px) 100vw, 1024px\" src=\"data:image\/svg+xml;base64,PHN2ZyB3aWR0aD0iMSIgaGVpZ2h0PSIxIiB4bWxucz0iaHR0cDovL3d3dy53My5vcmcvMjAwMC9zdmciPjwvc3ZnPg==\" style=\"--smush-placeholder-width: 1024px; --smush-placeholder-aspect-ratio: 1024\/683;\" \/><\/a><\/figure><\/li><li class=\"blocks-gallery-item\"><figure><a href=\"https:\/\/autolivraria.com.br\/bc\/wp-content\/uploads\/2021\/03\/Volvo-XC90-2008-02.jpg\"><img decoding=\"async\" width=\"1024\" height=\"683\" data-src=\"https:\/\/autolivraria.com.br\/bc\/wp-content\/uploads\/2021\/03\/Volvo-XC90-2008-02.jpg\" alt=\"\" data-id=\"125332\" data-full-url=\"https:\/\/autolivraria.com.br\/bc\/wp-content\/uploads\/2021\/03\/Volvo-XC90-2008-02.jpg\" data-link=\"https:\/\/autolivraria.com.br\/bc\/?attachment_id=125332\" class=\"wp-image-125332 lazyload\" data-srcset=\"https:\/\/autolivraria.com.br\/bc\/wp-content\/uploads\/2021\/03\/Volvo-XC90-2008-02.jpg 1024w, https:\/\/autolivraria.com.br\/bc\/wp-content\/uploads\/2021\/03\/Volvo-XC90-2008-02-340x227.jpg 340w, https:\/\/autolivraria.com.br\/bc\/wp-content\/uploads\/2021\/03\/Volvo-XC90-2008-02-696x464.jpg 696w, https:\/\/autolivraria.com.br\/bc\/wp-content\/uploads\/2021\/03\/Volvo-XC90-2008-02-750x500.jpg 750w\" data-sizes=\"(max-width: 1024px) 100vw, 1024px\" src=\"data:image\/svg+xml;base64,PHN2ZyB3aWR0aD0iMSIgaGVpZ2h0PSIxIiB4bWxucz0iaHR0cDovL3d3dy53My5vcmcvMjAwMC9zdmciPjwvc3ZnPg==\" style=\"--smush-placeholder-width: 1024px; --smush-placeholder-aspect-ratio: 1024\/683;\" \/><\/a><\/figure><\/li><li class=\"blocks-gallery-item\"><figure><a href=\"https:\/\/autolivraria.com.br\/bc\/wp-content\/uploads\/2021\/03\/Volvo-XC90-2008-Sport-01.jpg\"><img decoding=\"async\" width=\"1024\" height=\"683\" data-src=\"https:\/\/autolivraria.com.br\/bc\/wp-content\/uploads\/2021\/03\/Volvo-XC90-2008-Sport-01.jpg\" alt=\"\" data-id=\"125336\" data-full-url=\"https:\/\/autolivraria.com.br\/bc\/wp-content\/uploads\/2021\/03\/Volvo-XC90-2008-Sport-01.jpg\" data-link=\"https:\/\/autolivraria.com.br\/bc\/?attachment_id=125336\" class=\"wp-image-125336 lazyload\" data-srcset=\"https:\/\/autolivraria.com.br\/bc\/wp-content\/uploads\/2021\/03\/Volvo-XC90-2008-Sport-01.jpg 1024w, https:\/\/autolivraria.com.br\/bc\/wp-content\/uploads\/2021\/03\/Volvo-XC90-2008-Sport-01-340x227.jpg 340w, https:\/\/autolivraria.com.br\/bc\/wp-content\/uploads\/2021\/03\/Volvo-XC90-2008-Sport-01-696x464.jpg 696w, https:\/\/autolivraria.com.br\/bc\/wp-content\/uploads\/2021\/03\/Volvo-XC90-2008-Sport-01-750x500.jpg 750w\" data-sizes=\"(max-width: 1024px) 100vw, 1024px\" src=\"data:image\/svg+xml;base64,PHN2ZyB3aWR0aD0iMSIgaGVpZ2h0PSIxIiB4bWxucz0iaHR0cDovL3d3dy53My5vcmcvMjAwMC9zdmciPjwvc3ZnPg==\" style=\"--smush-placeholder-width: 1024px; --smush-placeholder-aspect-ratio: 1024\/683;\" \/><\/a><\/figure><\/li><\/ul><\/figure>\n\n\n\n<p class=\"has-text-align-center\"><em>Far\u00f3is, lanternas e para-choques mudavam para 2007, como mostrado no XC90 V8 das fotos menores; em destaque o pacote Sport, dispon\u00edvel com tr\u00eas dos motores<\/em><\/p>\n\n\n\n<div style=\"height:50px\" aria-hidden=\"true\" class=\"wp-block-spacer\"><\/div>\n\n\n\n<p>J\u00e1 em fim do ciclo de produ\u00e7\u00e3o, o XC90 ganhava lanternas traseiras com leds para 2012. Um ano depois vinham luzes diurnas de leds, mais elementos pintados na cor da carroceria e a edi\u00e7\u00e3o de despedida Signature Edition, com estilo R-Design, rodas de 19 pol, sistema de \u00e1udio de alto padr\u00e3o e telas de v\u00eddeo para o banco traseiro. A gera\u00e7\u00e3o teve sobrevida at\u00e9 2016 na China como XC Classic com motor 2,5 turbo de 220 cv e tra\u00e7\u00e3o integral.<\/p>\n\n\n<div class='code-block code-block-11' style='margin: 8px auto; text-align: center; display: block; clear: both;'>\n<script async src=\"https:\/\/pagead2.googlesyndication.com\/pagead\/js\/adsbygoogle.js\"><\/script>\n<!-- AL-quadrado -->\n<ins class=\"adsbygoogle\"\n     style=\"display:block\"\n     data-ad-client=\"ca-pub-1914799802606213\"\n     data-ad-slot=\"5683066082\"\n     data-ad-format=\"auto\"\n     data-full-width-responsive=\"true\"><\/ins>\n<script>\n     (adsbygoogle = window.adsbygoogle || []).push({});\n<\/script><\/div>\n\n\n\n\n<h2 class=\"wp-block-heading\">Martelo de Thor<\/h2>\n\n\n\n<p>Doze anos depois do primeiro, o XC90 de segunda gera\u00e7\u00e3o era revelado em agosto de 2014. O desenho frontal apontava a tend\u00eancia para seus pr\u00f3ximos modelos, sendo o feixe de leds apelidado de \u201cmartelo de Thor\u201d. Com a plataforma modular SPA (Scalable Product Architecture) e sete lugares de s\u00e9rie, o SUV trazia um dos tetos solares mais amplos j\u00e1 vistos e, no centro do painel, uma grande tela vertical para comandar \u00e1udio, telefone, navega\u00e7\u00e3o e outras fun\u00e7\u00f5es.<\/p>\n\n\n\n<p>O ar-condicionado tinha quatro zonas e o \u00e1udio usava alto-falantes Bowers &amp; Wilkins e amplificador de 1.400 watts. Pela seguran\u00e7a, o sistema City Safety de frenagem aut\u00f4noma detectava tamb\u00e9m pedestres e ciclistas, mesmo \u00e0 noite. Um dispositivo apertava os cintos de seguran\u00e7a ao detectar um movimento acentuado ou impacto sob o carro, que poderia lesionar os ocupantes pela for\u00e7a vertical. Com assistente de condu\u00e7\u00e3o semiaut\u00f4noma, o carro assumia as fun\u00e7\u00f5es de acelera\u00e7\u00e3o, frenagem e dire\u00e7\u00e3o em curvas leves a at\u00e9 50 km\/h \u2014 a velocidade subiria para 130 km\/h em 2017.<\/p>\n\n\n\n<div style=\"height:50px\" aria-hidden=\"true\" class=\"wp-block-spacer\"><\/div>\n\n\n\n<figure class=\"wp-block-gallery aligncenter columns-3 is-cropped wp-block-gallery-5 is-layout-flex wp-block-gallery-is-layout-flex\"><ul class=\"blocks-gallery-grid\"><li class=\"blocks-gallery-item\"><figure><a href=\"https:\/\/autolivraria.com.br\/bc\/wp-content\/uploads\/2015\/04\/Volvo-XC90-Excellence-02.jpg\"><img decoding=\"async\" data-src=\"https:\/\/autolivraria.com.br\/bc\/wp-content\/uploads\/2015\/04\/Volvo-XC90-Excellence-02.jpg\" alt=\"\" data-id=\"58696\" data-full-url=\"https:\/\/autolivraria.com.br\/bc\/wp-content\/uploads\/2015\/04\/Volvo-XC90-Excellence-02.jpg\" data-link=\"https:\/\/autolivraria.com.br\/bc\/informe-se\/noticias\/excellence-um-volvo-xc90-que-exagera-no-conforto\/attachment\/volvo-xc90-excellence-02\/\" class=\"wp-image-58696 lazyload\" src=\"data:image\/svg+xml;base64,PHN2ZyB3aWR0aD0iMSIgaGVpZ2h0PSIxIiB4bWxucz0iaHR0cDovL3d3dy53My5vcmcvMjAwMC9zdmciPjwvc3ZnPg==\" \/><\/a><\/figure><\/li><li class=\"blocks-gallery-item\"><figure><a href=\"https:\/\/autolivraria.com.br\/bc\/wp-content\/uploads\/2017\/03\/Volvo-XC90-T8-20.jpg\"><img decoding=\"async\" width=\"1280\" height=\"853\" data-src=\"https:\/\/autolivraria.com.br\/bc\/wp-content\/uploads\/2017\/03\/Volvo-XC90-T8-20.jpg\" alt=\"\" data-id=\"83844\" data-full-url=\"https:\/\/autolivraria.com.br\/bc\/wp-content\/uploads\/2017\/03\/Volvo-XC90-T8-20.jpg\" data-link=\"https:\/\/autolivraria.com.br\/bc\/informe-se\/avaliacao\/teste-volvo-xc90-t8-o-silencio-eletrico-da-versao-hibrida\/attachment\/volvo-xc90-t8-20\/\" class=\"wp-image-83844 lazyload\" data-srcset=\"https:\/\/autolivraria.com.br\/bc\/wp-content\/uploads\/2017\/03\/Volvo-XC90-T8-20.jpg 1280w, https:\/\/autolivraria.com.br\/bc\/wp-content\/uploads\/2017\/03\/Volvo-XC90-T8-20-340x227.jpg 340w, https:\/\/autolivraria.com.br\/bc\/wp-content\/uploads\/2017\/03\/Volvo-XC90-T8-20-696x464.jpg 696w, https:\/\/autolivraria.com.br\/bc\/wp-content\/uploads\/2017\/03\/Volvo-XC90-T8-20-630x420.jpg 630w, https:\/\/autolivraria.com.br\/bc\/wp-content\/uploads\/2017\/03\/Volvo-XC90-T8-20-222x148.jpg 222w\" data-sizes=\"(max-width: 1280px) 100vw, 1280px\" src=\"data:image\/svg+xml;base64,PHN2ZyB3aWR0aD0iMSIgaGVpZ2h0PSIxIiB4bWxucz0iaHR0cDovL3d3dy53My5vcmcvMjAwMC9zdmciPjwvc3ZnPg==\" style=\"--smush-placeholder-width: 1280px; --smush-placeholder-aspect-ratio: 1280\/853;\" \/><\/a><\/figure><\/li><li class=\"blocks-gallery-item\"><figure><a href=\"https:\/\/autolivraria.com.br\/bc\/wp-content\/uploads\/2015\/04\/Volvo-XC90-Excellence-07.jpg\"><img decoding=\"async\" data-src=\"https:\/\/autolivraria.com.br\/bc\/wp-content\/uploads\/2015\/04\/Volvo-XC90-Excellence-07.jpg\" alt=\"\" data-id=\"58698\" data-full-url=\"https:\/\/autolivraria.com.br\/bc\/wp-content\/uploads\/2015\/04\/Volvo-XC90-Excellence-07.jpg\" data-link=\"https:\/\/autolivraria.com.br\/bc\/informe-se\/noticias\/excellence-um-volvo-xc90-que-exagera-no-conforto\/attachment\/volvo-xc90-excellence-07\/\" class=\"wp-image-58698 lazyload\" src=\"data:image\/svg+xml;base64,PHN2ZyB3aWR0aD0iMSIgaGVpZ2h0PSIxIiB4bWxucz0iaHR0cDovL3d3dy53My5vcmcvMjAwMC9zdmciPjwvc3ZnPg==\" \/><\/a><\/figure><\/li><li class=\"blocks-gallery-item\"><figure><a href=\"https:\/\/autolivraria.com.br\/bc\/wp-content\/uploads\/2015\/04\/Volvo-XC90-Excellence-01.jpg\"><img decoding=\"async\" data-src=\"https:\/\/autolivraria.com.br\/bc\/wp-content\/uploads\/2015\/04\/Volvo-XC90-Excellence-01.jpg\" alt=\"\" data-id=\"58695\" data-full-url=\"https:\/\/autolivraria.com.br\/bc\/wp-content\/uploads\/2015\/04\/Volvo-XC90-Excellence-01.jpg\" data-link=\"https:\/\/autolivraria.com.br\/bc\/informe-se\/noticias\/excellence-um-volvo-xc90-que-exagera-no-conforto\/attachment\/volvo-xc90-excellence-01\/\" class=\"wp-image-58695 lazyload\" src=\"data:image\/svg+xml;base64,PHN2ZyB3aWR0aD0iMSIgaGVpZ2h0PSIxIiB4bWxucz0iaHR0cDovL3d3dy53My5vcmcvMjAwMC9zdmciPjwvc3ZnPg==\" \/><\/a><\/figure><\/li><\/ul><\/figure>\n\n\n\n<p class=\"has-text-align-center\"><em>Redesenhado e bem mais moderno, o segundo XC90 oferecia a vers\u00e3o de quatro lugares Excellence em op\u00e7\u00e3o \u00e0 de sete; a mec\u00e2nica de topo era a h\u00edbrida T8 com 407 cv<\/em><\/p>\n\n\n\n<div style=\"height:50px\" aria-hidden=\"true\" class=\"wp-block-spacer\"><\/div>\n\n\n\n<p>O novo XC90 oferecia as vers\u00f5es a gasolina T5 (2,0 litros, turbo, 254 cv e 35,7 m.kgf) e T6 (2,0 litros, turbo e <a rel=\"noreferrer noopener\" href=\"https:\/\/autolivraria.com.br\/bc\/glossario-c\/#comp\" target=\"_blank\">compressor<\/a>, 320 cv e 40,8 m.kgf) e turbodiesel D4 (2,0 litros, 190 cv e 40,8 m.kgf) e D5 (2,0 litros, 238 cv e 49 m.kgf). Havia tamb\u00e9m o h\u00edbrido recarreg\u00e1vel em fonte externa (plug-in) T8, que somava o 2,0 com turbo e compressor a um motor el\u00e9trico para totais de 407 cv e 65,3 m.kgf \u2014 o bastante para acelerar de 0 a 100 km\/h em 5,6 segundos. Nesse caso a tra\u00e7\u00e3o traseira era fornecida pelo el\u00e9trico, o que dispensava o card\u00e3. A caixa autom\u00e1tica passava a oito marchas e a suspens\u00e3o oferecia o sistema Four-C de controle eletr\u00f4nico de amortecimento.<\/p>\n\n\n<div class='code-block code-block-6' style='margin: 28px auto; text-align: center; display: block; clear: both;'>\n<script async src=\"https:\/\/pagead2.googlesyndication.com\/pagead\/js\/adsbygoogle.js\"><\/script>\n<!-- AL-quadrado -->\n<ins class=\"adsbygoogle\"\n     style=\"display:block\"\n     data-ad-client=\"ca-pub-1914799802606213\"\n     data-ad-slot=\"5683066082\"\n     data-ad-format=\"auto\"\n     data-full-width-responsive=\"true\"><\/ins>\n<script>\n     (adsbygoogle = window.adsbygoogle || []).push({});\n<\/script><\/div>\n\n\n\n\n<p>Pouco depois surgia a op\u00e7\u00e3o R-Design, com visual esportivo obtido com defletores, rodas de at\u00e9 22 pol, novos bancos revestidos em couro e camur\u00e7a sint\u00e9tica e tema pr\u00f3prio nos instrumentos. Para o segmento de alto luxo, a vers\u00e3o Excellence vinha com dois bancos individuais na parte traseira, dotados de ventila\u00e7\u00e3o e massagem. Os passageiros desfrutavam telas para controles diversos, mesas escamote\u00e1veis, minigeladeira, porta-copos com aquecimento e resfriamento e copos de cristal da Orrefors sueca.<\/p>\n\n\n\n<p>O <strong>Best Cars <\/strong>comparou <a rel=\"noreferrer noopener\" href=\"https:\/\/autolivraria.com.br\/bc\/informe-se\/avaliacao\/teste-comparativo-suvs-luxo-audi-q7-tdi-range-rover-vogue-diesel-volvo-xc90-hibrido\/\" data-type=\"post\" data-id=\"89519\" target=\"_blank\">XC90 T8, Audi Q7 e Range Rover Vogue<\/a> em 2017: &#8220;Interior sofisticado e com materiais de primeira linha \u00e9 um atributo em comum em tr\u00eas, mas o Volvo nos causou a melhor impress\u00e3o. O sistema de \u00e1udio garante o espet\u00e1culo, muito superior em pot\u00eancia, peso de graves e sensa\u00e7\u00e3o de palco. Grande conveni\u00eancia do XC90 e do Q7 \u00e9 a condu\u00e7\u00e3o semiaut\u00f4noma:&#8221;. Em desempenho, o sueco era &#8220;imediato ao responder ao p\u00e9 direito: o motor el\u00e9trico preenche qualquer lacuna que haveria at\u00e9 o quatro-cilindros operar a pleno. Combina\u00e7\u00e3o de motores falou alto no Volvo, o mais r\u00e1pido em todas as acelera\u00e7\u00f5es e retomadas; em consumo, por\u00e9m, vantagem para os rivais turbodiesel&#8221;.<\/p>\n\n\n\n<div style=\"height:50px\" aria-hidden=\"true\" class=\"wp-block-spacer\"><\/div>\n\n\n\n<figure class=\"wp-block-gallery aligncenter columns-2 is-cropped wp-block-gallery-6 is-layout-flex wp-block-gallery-is-layout-flex\"><ul class=\"blocks-gallery-grid\"><li class=\"blocks-gallery-item\"><figure><a href=\"https:\/\/autolivraria.com.br\/bc\/wp-content\/uploads\/2015\/10\/Volvo-XC90-Twin-Engine.jpg\"><img decoding=\"async\" data-src=\"https:\/\/autolivraria.com.br\/bc\/wp-content\/uploads\/2015\/10\/Volvo-XC90-Twin-Engine.jpg\" alt=\"\" data-id=\"64862\" data-full-url=\"https:\/\/autolivraria.com.br\/bc\/wp-content\/uploads\/2015\/10\/Volvo-XC90-Twin-Engine.jpg\" data-link=\"https:\/\/autolivraria.com.br\/bc\/informe-se\/noticias\/volvo-planeja-carro-eletrico-e-linha-completa-hibrida\/attachment\/volvo-xc90-twin-engine\/\" class=\"wp-image-64862 lazyload\" src=\"data:image\/svg+xml;base64,PHN2ZyB3aWR0aD0iMSIgaGVpZ2h0PSIxIiB4bWxucz0iaHR0cDovL3d3dy53My5vcmcvMjAwMC9zdmciPjwvc3ZnPg==\" \/><\/a><\/figure><\/li><li class=\"blocks-gallery-item\"><figure><a href=\"https:\/\/autolivraria.com.br\/bc\/wp-content\/uploads\/2019\/02\/Volvo-XC90-Inscription-T8-03.jpg\"><img decoding=\"async\" width=\"1280\" height=\"853\" data-src=\"https:\/\/autolivraria.com.br\/bc\/wp-content\/uploads\/2019\/02\/Volvo-XC90-Inscription-T8-03.jpg\" alt=\"\" data-id=\"101781\" data-full-url=\"https:\/\/autolivraria.com.br\/bc\/wp-content\/uploads\/2019\/02\/Volvo-XC90-Inscription-T8-03.jpg\" data-link=\"https:\/\/autolivraria.com.br\/bc\/informe-se\/noticias\/volvo-xc90-fica-mais-eficiente-e-pode-ter-seis-lugares\/attachment\/the-refreshed-volvo-xc90-inscription-t8-twin-engine-interior\/\" class=\"wp-image-101781 lazyload\" data-srcset=\"https:\/\/autolivraria.com.br\/bc\/wp-content\/uploads\/2019\/02\/Volvo-XC90-Inscription-T8-03.jpg 1280w, https:\/\/autolivraria.com.br\/bc\/wp-content\/uploads\/2019\/02\/Volvo-XC90-Inscription-T8-03-340x227.jpg 340w, https:\/\/autolivraria.com.br\/bc\/wp-content\/uploads\/2019\/02\/Volvo-XC90-Inscription-T8-03-696x464.jpg 696w, https:\/\/autolivraria.com.br\/bc\/wp-content\/uploads\/2019\/02\/Volvo-XC90-Inscription-T8-03-630x420.jpg 630w, https:\/\/autolivraria.com.br\/bc\/wp-content\/uploads\/2019\/02\/Volvo-XC90-Inscription-T8-03-222x148.jpg 222w\" data-sizes=\"(max-width: 1280px) 100vw, 1280px\" src=\"data:image\/svg+xml;base64,PHN2ZyB3aWR0aD0iMSIgaGVpZ2h0PSIxIiB4bWxucz0iaHR0cDovL3d3dy53My5vcmcvMjAwMC9zdmciPjwvc3ZnPg==\" style=\"--smush-placeholder-width: 1280px; --smush-placeholder-aspect-ratio: 1280\/853;\" \/><\/a><\/figure><\/li><li class=\"blocks-gallery-item\"><figure><a href=\"https:\/\/autolivraria.com.br\/bc\/wp-content\/uploads\/2019\/02\/Volvo-XC90-Inscription-T8-01.jpg\"><img decoding=\"async\" width=\"1280\" height=\"853\" data-src=\"https:\/\/autolivraria.com.br\/bc\/wp-content\/uploads\/2019\/02\/Volvo-XC90-Inscription-T8-01.jpg\" alt=\"\" data-id=\"101782\" data-full-url=\"https:\/\/autolivraria.com.br\/bc\/wp-content\/uploads\/2019\/02\/Volvo-XC90-Inscription-T8-01.jpg\" data-link=\"https:\/\/autolivraria.com.br\/bc\/informe-se\/noticias\/volvo-xc90-fica-mais-eficiente-e-pode-ter-seis-lugares\/attachment\/new-volvo-xc90-inscription-t8-twin-engine-in-birch-light-metalli\/\" class=\"wp-image-101782 lazyload\" data-srcset=\"https:\/\/autolivraria.com.br\/bc\/wp-content\/uploads\/2019\/02\/Volvo-XC90-Inscription-T8-01.jpg 1280w, https:\/\/autolivraria.com.br\/bc\/wp-content\/uploads\/2019\/02\/Volvo-XC90-Inscription-T8-01-340x227.jpg 340w, https:\/\/autolivraria.com.br\/bc\/wp-content\/uploads\/2019\/02\/Volvo-XC90-Inscription-T8-01-696x464.jpg 696w, https:\/\/autolivraria.com.br\/bc\/wp-content\/uploads\/2019\/02\/Volvo-XC90-Inscription-T8-01-630x420.jpg 630w, https:\/\/autolivraria.com.br\/bc\/wp-content\/uploads\/2019\/02\/Volvo-XC90-Inscription-T8-01-222x148.jpg 222w\" data-sizes=\"(max-width: 1280px) 100vw, 1280px\" src=\"data:image\/svg+xml;base64,PHN2ZyB3aWR0aD0iMSIgaGVpZ2h0PSIxIiB4bWxucz0iaHR0cDovL3d3dy53My5vcmcvMjAwMC9zdmciPjwvc3ZnPg==\" style=\"--smush-placeholder-width: 1280px; --smush-placeholder-aspect-ratio: 1280\/853;\" \/><\/a><\/figure><\/li><\/ul><\/figure>\n\n\n\n<p class=\"has-text-align-center\"><em>No T8 apenas o motor el\u00e9trico acionava as rodas traseiras; com os retoques visuais de 2019 (foto maior), o mais luxuoso SUV da Volvo aproxima-se de duas d\u00e9cadas de prest\u00edgio<\/em><\/p>\n\n\n\n<div style=\"height:50px\" aria-hidden=\"true\" class=\"wp-block-spacer\"><\/div>\n\n\n\n<p>Um recurso adicional em 2017 avisava o condutor caso ele invadisse a faixa contr\u00e1ria, oferecendo suporte \u00e0 dire\u00e7\u00e3o para conduzir o carro de volta \u00e0 pista original. No Brasil a vers\u00e3o T8, de in\u00edcio importada com apenas cinco lugares para usufruir benef\u00edcio fiscal, passava a levar sete pessoas ap\u00f3s altera\u00e7\u00e3o da norma. Novidades em 2019 inclu\u00edam sistema h\u00edbrido leve com <a rel=\"noreferrer noopener\" href=\"https:\/\/autolivraria.com.br\/bc\/glossario-r\/#rege\" target=\"_blank\">regenera\u00e7\u00e3o de energia<\/a> em frenagens em toda a linha, o que melhorava o consumo e as emiss\u00f5es em at\u00e9 15% em uso real, segundo a empresa; nova grade dianteira e mais op\u00e7\u00f5es de bancos, como a in\u00e9dita de seis lugares em tr\u00eas fileiras.<\/p>\n\n\n\n<p>Pr\u00f3ximo de completar 20 anos, o XC90 continua a representar bem a Volvo entre os utilit\u00e1rios esporte de luxo. Solidez, conforto e seguran\u00e7a, sem abrir m\u00e3o de desempenho, permanecem as marcas do n\u00famero um da marca entre os SUVs.<\/p>\n\n\n<a href='https:\/\/autolivraria.com.br\/bc\/carros-do-passado\/' class='small-button smallsilver'>Mais Carros do Passado<\/a>\n\n\n\n<div style=\"height:50px\" aria-hidden=\"true\" class=\"wp-block-spacer\"><\/div>\n\n\n\n<p><\/p>\n","protected":false},"excerpt":{"rendered":"<p>O primeiro SUV da marca sueca combina seguran\u00e7a, conforto e desempenho h\u00e1 quase 20 anos<\/p>\n","protected":false},"author":6,"featured_media":125339,"comment_status":"open","ping_status":"closed","sticky":false,"template":"","format":"standard","meta":{"_joinchat":[],"footnotes":""},"categories":[3602,3825],"tags":[391,156,2008,349,226,68,985],"class_list":["post-125317","post","type-post","status-publish","format-standard","has-post-thumbnail","hentry","category-fora-de-estrada","category-volvo","tag-4x4","tag-carros-do-passado","tag-paginas-da-historia","tag-utilitario-esporte","tag-v8","tag-volvo","tag-xc90"],"amp_enabled":true,"_links":{"self":[{"href":"https:\/\/autolivraria.com.br\/bc\/wp-json\/wp\/v2\/posts\/125317","targetHints":{"allow":["GET"]}}],"collection":[{"href":"https:\/\/autolivraria.com.br\/bc\/wp-json\/wp\/v2\/posts"}],"about":[{"href":"https:\/\/autolivraria.com.br\/bc\/wp-json\/wp\/v2\/types\/post"}],"author":[{"embeddable":true,"href":"https:\/\/autolivraria.com.br\/bc\/wp-json\/wp\/v2\/users\/6"}],"replies":[{"embeddable":true,"href":"https:\/\/autolivraria.com.br\/bc\/wp-json\/wp\/v2\/comments?post=125317"}],"version-history":[{"count":0,"href":"https:\/\/autolivraria.com.br\/bc\/wp-json\/wp\/v2\/posts\/125317\/revisions"}],"wp:featuredmedia":[{"embeddable":true,"href":"https:\/\/autolivraria.com.br\/bc\/wp-json\/wp\/v2\/media\/125339"}],"wp:attachment":[{"href":"https:\/\/autolivraria.com.br\/bc\/wp-json\/wp\/v2\/media?parent=125317"}],"wp:term":[{"taxonomy":"category","embeddable":true,"href":"https:\/\/autolivraria.com.br\/bc\/wp-json\/wp\/v2\/categories?post=125317"},{"taxonomy":"post_tag","embeddable":true,"href":"https:\/\/autolivraria.com.br\/bc\/wp-json\/wp\/v2\/tags?post=125317"}],"curies":[{"name":"wp","href":"https:\/\/api.w.org\/{rel}","templated":true}]}}