{"id":126362,"date":"2021-04-16T11:00:00","date_gmt":"2021-04-16T14:00:00","guid":{"rendered":"https:\/\/bestcars.uol.com.br\/bc\/?p=126362"},"modified":"2021-04-22T16:04:32","modified_gmt":"2021-04-22T19:04:32","slug":"historia-fnm-caminhoes-d7300-d9500-d11000-v10-v12-v13-v17","status":"publish","type":"post","link":"https:\/\/autolivraria.com.br\/bc\/informe-se\/passado\/alfa-romeo-e-fnm\/historia-fnm-caminhoes-d7300-d9500-d11000-v10-v12-v13-v17\/","title":{"rendered":"FNM: os caminh\u00f5es da primeira f\u00e1brica de ve\u00edculos brasileira"},"content":{"rendered":"\n<figure class=\"wp-block-image alignwide size-large\"><a href=\"https:\/\/autolivraria.com.br\/bc\/wp-content\/uploads\/2021\/04\/FNM-V12-03.jpg\"><img fetchpriority=\"high\" decoding=\"async\" width=\"696\" height=\"464\" src=\"https:\/\/autolivraria.com.br\/bc\/wp-content\/uploads\/2021\/04\/FNM-V12-03-696x464.jpg\" alt=\"\" class=\"wp-image-126401\" srcset=\"https:\/\/autolivraria.com.br\/bc\/wp-content\/uploads\/2021\/04\/FNM-V12-03-696x464.jpg 696w, https:\/\/autolivraria.com.br\/bc\/wp-content\/uploads\/2021\/04\/FNM-V12-03-340x227.jpg 340w, https:\/\/autolivraria.com.br\/bc\/wp-content\/uploads\/2021\/04\/FNM-V12-03-750x500.jpg 750w, https:\/\/autolivraria.com.br\/bc\/wp-content\/uploads\/2021\/04\/FNM-V12-03-1140x760.jpg 1140w, https:\/\/autolivraria.com.br\/bc\/wp-content\/uploads\/2021\/04\/FNM-V12-03.jpg 1280w\" sizes=\"(max-width: 696px) 100vw, 696px\" \/><\/a><\/figure>\n\n\n\n<h2 class=\"wp-block-heading\">Iniciada em 1949, a linha de pesados usou tecnologia Alfa Romeo em modelos variados de seis cilindros a diesel<\/h2>\n\n\n\n<p><em>Texto: Fabr\u00edcio Samah\u00e1 &#8211; Fotos: divulga\u00e7\u00e3o<\/em><\/p>\n\n\n\n<div style=\"height:50px\" aria-hidden=\"true\" class=\"wp-block-spacer\"><\/div>\n\n\n\n<p>Que fabricante deu in\u00edcio \u00e0 produ\u00e7\u00e3o de ve\u00edculos motorizados no Brasil? Nada de <a rel=\"noreferrer noopener\" href=\"https:\/\/autolivraria.com.br\/bc\/tag\/dkw-vemag\" target=\"_blank\">DKW-Vemag<\/a>, nem de Volkswagen com <a href=\"https:\/\/autolivraria.com.br\/bc\/tag\/kombi\" target=\"_blank\" rel=\"noreferrer noopener\">Kombi<\/a> e <a href=\"https:\/\/autolivraria.com.br\/bc\/tag\/fusca\" target=\"_blank\" rel=\"noreferrer noopener\">Fusca<\/a>, tampouco da Romi com seu <a href=\"https:\/\/autolivraria.com.br\/bc\/tag\/isetta\" target=\"_blank\" rel=\"noreferrer noopener\">Isetta<\/a>: a primazia coube \u00e0 F\u00e1brica Nacional de Motores (FNM), fabricante de caminh\u00f5es, em 1949.<\/p>\n\n\n\n<p>A hist\u00f3ria da f\u00e1brica dos conhecidos &#8220;fenem\u00eas&#8221; \u2014 pron\u00fancia coloquial da sigla FNM \u2014 come\u00e7ou sete anos antes, em 1942. Criada pelo governo de Get\u00falio Vargas, a empresa tinha a finalidade de construir motores de avi\u00f5es com tecnologia da Wright norte-americana para a Segunda Guerra Mundial. Quando o primeiro motor saiu da unidade do distrito de Xer\u00e9m, em Duque de Caxias, RJ, em 1946, o confronto j\u00e1 estava encerrado.<\/p>\n\n\n\n<div style=\"height:50px\" aria-hidden=\"true\" class=\"wp-block-spacer\"><\/div>\n\n\n\n<figure class=\"wp-block-gallery columns-2 is-cropped wp-block-gallery-1 is-layout-flex wp-block-gallery-is-layout-flex\"><ul class=\"blocks-gallery-grid\"><li class=\"blocks-gallery-item\"><figure><a href=\"https:\/\/autolivraria.com.br\/bc\/wp-content\/uploads\/2021\/04\/1-FNM-D-7300.jpg\"><img decoding=\"async\" width=\"696\" height=\"466\" data-src=\"https:\/\/autolivraria.com.br\/bc\/wp-content\/uploads\/2021\/04\/1-FNM-D-7300.jpg\" alt=\"\" data-id=\"126374\" data-full-url=\"https:\/\/autolivraria.com.br\/bc\/wp-content\/uploads\/2021\/04\/1-FNM-D-7300.jpg\" data-link=\"https:\/\/autolivraria.com.br\/bc\/?attachment_id=126374\" class=\"wp-image-126374 lazyload\" data-srcset=\"https:\/\/autolivraria.com.br\/bc\/wp-content\/uploads\/2021\/04\/1-FNM-D-7300.jpg 696w, https:\/\/autolivraria.com.br\/bc\/wp-content\/uploads\/2021\/04\/1-FNM-D-7300-340x228.jpg 340w\" data-sizes=\"(max-width: 696px) 100vw, 696px\" src=\"data:image\/svg+xml;base64,PHN2ZyB3aWR0aD0iMSIgaGVpZ2h0PSIxIiB4bWxucz0iaHR0cDovL3d3dy53My5vcmcvMjAwMC9zdmciPjwvc3ZnPg==\" style=\"--smush-placeholder-width: 696px; --smush-placeholder-aspect-ratio: 696\/466;\" \/><\/a><\/figure><\/li><li class=\"blocks-gallery-item\"><figure><a href=\"https:\/\/autolivraria.com.br\/bc\/wp-content\/uploads\/2021\/04\/2-FNM-D-7300.jpg\"><img decoding=\"async\" width=\"696\" height=\"466\" data-src=\"https:\/\/autolivraria.com.br\/bc\/wp-content\/uploads\/2021\/04\/2-FNM-D-7300.jpg\" alt=\"\" data-id=\"126375\" data-full-url=\"https:\/\/autolivraria.com.br\/bc\/wp-content\/uploads\/2021\/04\/2-FNM-D-7300.jpg\" data-link=\"https:\/\/autolivraria.com.br\/bc\/?attachment_id=126375\" class=\"wp-image-126375 lazyload\" data-srcset=\"https:\/\/autolivraria.com.br\/bc\/wp-content\/uploads\/2021\/04\/2-FNM-D-7300.jpg 696w, https:\/\/autolivraria.com.br\/bc\/wp-content\/uploads\/2021\/04\/2-FNM-D-7300-340x228.jpg 340w\" data-sizes=\"(max-width: 696px) 100vw, 696px\" src=\"data:image\/svg+xml;base64,PHN2ZyB3aWR0aD0iMSIgaGVpZ2h0PSIxIiB4bWxucz0iaHR0cDovL3d3dy53My5vcmcvMjAwMC9zdmciPjwvc3ZnPg==\" style=\"--smush-placeholder-width: 696px; --smush-placeholder-aspect-ratio: 696\/466;\" \/><\/a><\/figure><\/li><\/ul><\/figure>\n\n\n\n<p class=\"has-text-align-center\"><em>O FNM D-7300, feito sob licen\u00e7a da Isotta-Fraschini, foi o primeiro caminh\u00e3o nacional<\/em><\/p>\n\n\n\n<div style=\"height:50px\" aria-hidden=\"true\" class=\"wp-block-spacer\"><\/div>\n\n\n\n<p>Veio ent\u00e3o a indefini\u00e7\u00e3o sobre o que fazer da f\u00e1brica \u2014 do Jeep da Willys-Overland e caminh\u00f5es Mack a tratores e geladeiras, muito foi estudado. A solu\u00e7\u00e3o vinha em 1949: um acordo com a Isotta-Fraschini italiana para fabrica\u00e7\u00e3o de seus caminh\u00f5es sob licen\u00e7a. Embora a empresa europeia estivesse em fal\u00eancia, o FNM D-7300, varia\u00e7\u00e3o do D-80 da Isotta, entrou para a hist\u00f3ria como o primeiro caminh\u00e3o produzido no Brasil.<\/p>\n\n\n<div class='code-block code-block-7' style='margin: 28px auto; text-align: center; display: block; clear: both;'>\n<br>\n<div align=\"center\">\n<a target=\"_blank\" href=\"https:\/\/bestcars.com.br\/bc\/\">\n<img decoding=\"async\" data-src=\"https:\/\/bestcars.com.br\/bc\/wp-content\/uploads\/2021\/07\/Auto-Livraria-450x300-quadros.jpg\" alt=\"Auto Livraria\" src=\"data:image\/svg+xml;base64,PHN2ZyB3aWR0aD0iMSIgaGVpZ2h0PSIxIiB4bWxucz0iaHR0cDovL3d3dy53My5vcmcvMjAwMC9zdmciPjwvc3ZnPg==\" class=\"lazyload\"><\/a>\n<\/div>\n<br><\/div>\n\n\n\n\n<p>O &#8220;Fenem\u00ea&#8221; era diferente do rebanho de pesados que circulava pelo Pa\u00eds, em sua maior parte com caminh\u00f5es a gasolina importados dos Estados Unidos. Com capacidade de sete toneladas de carga, o modelo usava motor a diesel de seis cilindros e 7,3 litros (da\u00ed o n\u00famero 7300) com inje\u00e7\u00e3o direta e pot\u00eancia de 100 cv, transmiss\u00e3o de cinco marchas e freios hidr\u00e1ulicos. A cabine recuada deixava o cap\u00f4 saliente, o para-brisa era bipartido e, no interior, os instrumentos vinham no centro do painel.<\/p>\n\n\n\n<p>Foram feitos cerca de 200 caminh\u00f5es at\u00e9 que a fal\u00eancia da Isotta inviabilizasse o neg\u00f3cio. Os governos brasileiro e italiano ent\u00e3o encontraram outra empresa para dar seguimento \u00e0 FNM: a Alfa Romeo, com a qual ela firmava acordo em julho de 1950. De in\u00edcio os italianos forneceram os chassis e cabines de caminh\u00f5es e chassis de \u00f4nibus, at\u00e9 que come\u00e7asse a nacionaliza\u00e7\u00e3o tr\u00eas anos mais tarde.<\/p>\n\n\n\n<div style=\"height:50px\" aria-hidden=\"true\" class=\"wp-block-spacer\"><\/div>\n\n\n\n<figure class=\"wp-block-gallery columns-2 is-cropped wp-block-gallery-2 is-layout-flex wp-block-gallery-is-layout-flex\"><ul class=\"blocks-gallery-grid\"><li class=\"blocks-gallery-item\"><figure><a href=\"https:\/\/autolivraria.com.br\/bc\/wp-content\/uploads\/2021\/04\/7-FNM-D-9500-02.jpg\"><img decoding=\"async\" width=\"696\" height=\"464\" data-src=\"https:\/\/autolivraria.com.br\/bc\/wp-content\/uploads\/2021\/04\/7-FNM-D-9500-02-696x464.jpg\" alt=\"\" data-id=\"126376\" data-full-url=\"https:\/\/autolivraria.com.br\/bc\/wp-content\/uploads\/2021\/04\/7-FNM-D-9500-02.jpg\" data-link=\"https:\/\/autolivraria.com.br\/bc\/?attachment_id=126376\" class=\"wp-image-126376 lazyload\" data-srcset=\"https:\/\/autolivraria.com.br\/bc\/wp-content\/uploads\/2021\/04\/7-FNM-D-9500-02-696x464.jpg 696w, https:\/\/autolivraria.com.br\/bc\/wp-content\/uploads\/2021\/04\/7-FNM-D-9500-02-340x227.jpg 340w, https:\/\/autolivraria.com.br\/bc\/wp-content\/uploads\/2021\/04\/7-FNM-D-9500-02-750x500.jpg 750w, https:\/\/autolivraria.com.br\/bc\/wp-content\/uploads\/2021\/04\/7-FNM-D-9500-02-1140x760.jpg 1140w, https:\/\/autolivraria.com.br\/bc\/wp-content\/uploads\/2021\/04\/7-FNM-D-9500-02.jpg 1280w\" data-sizes=\"(max-width: 696px) 100vw, 696px\" src=\"data:image\/svg+xml;base64,PHN2ZyB3aWR0aD0iMSIgaGVpZ2h0PSIxIiB4bWxucz0iaHR0cDovL3d3dy53My5vcmcvMjAwMC9zdmciPjwvc3ZnPg==\" style=\"--smush-placeholder-width: 696px; --smush-placeholder-aspect-ratio: 696\/464;\" \/><\/a><\/figure><\/li><li class=\"blocks-gallery-item\"><figure><a href=\"https:\/\/autolivraria.com.br\/bc\/wp-content\/uploads\/2021\/04\/4-FNM-D-9500-1953.jpg\"><img decoding=\"async\" width=\"696\" height=\"466\" data-src=\"https:\/\/autolivraria.com.br\/bc\/wp-content\/uploads\/2021\/04\/4-FNM-D-9500-1953.jpg\" alt=\"\" data-id=\"126380\" data-full-url=\"https:\/\/autolivraria.com.br\/bc\/wp-content\/uploads\/2021\/04\/4-FNM-D-9500-1953.jpg\" data-link=\"https:\/\/autolivraria.com.br\/bc\/?attachment_id=126380\" class=\"wp-image-126380 lazyload\" data-srcset=\"https:\/\/autolivraria.com.br\/bc\/wp-content\/uploads\/2021\/04\/4-FNM-D-9500-1953.jpg 696w, https:\/\/autolivraria.com.br\/bc\/wp-content\/uploads\/2021\/04\/4-FNM-D-9500-1953-340x228.jpg 340w\" data-sizes=\"(max-width: 696px) 100vw, 696px\" src=\"data:image\/svg+xml;base64,PHN2ZyB3aWR0aD0iMSIgaGVpZ2h0PSIxIiB4bWxucz0iaHR0cDovL3d3dy53My5vcmcvMjAwMC9zdmciPjwvc3ZnPg==\" style=\"--smush-placeholder-width: 696px; --smush-placeholder-aspect-ratio: 696\/466;\" \/><\/a><\/figure><\/li><li class=\"blocks-gallery-item\"><figure><a href=\"https:\/\/autolivraria.com.br\/bc\/wp-content\/uploads\/2021\/04\/3-FNM-D-9500-1952.jpg\"><img decoding=\"async\" width=\"640\" height=\"850\" data-src=\"https:\/\/autolivraria.com.br\/bc\/wp-content\/uploads\/2021\/04\/3-FNM-D-9500-1952.jpg\" alt=\"\" data-id=\"126377\" data-full-url=\"https:\/\/autolivraria.com.br\/bc\/wp-content\/uploads\/2021\/04\/3-FNM-D-9500-1952.jpg\" data-link=\"https:\/\/autolivraria.com.br\/bc\/?attachment_id=126377\" class=\"wp-image-126377 lazyload\" data-srcset=\"https:\/\/autolivraria.com.br\/bc\/wp-content\/uploads\/2021\/04\/3-FNM-D-9500-1952.jpg 640w, https:\/\/autolivraria.com.br\/bc\/wp-content\/uploads\/2021\/04\/3-FNM-D-9500-1952-340x452.jpg 340w\" data-sizes=\"(max-width: 640px) 100vw, 640px\" src=\"data:image\/svg+xml;base64,PHN2ZyB3aWR0aD0iMSIgaGVpZ2h0PSIxIiB4bWxucz0iaHR0cDovL3d3dy53My5vcmcvMjAwMC9zdmciPjwvc3ZnPg==\" style=\"--smush-placeholder-width: 640px; --smush-placeholder-aspect-ratio: 640\/850;\" \/><\/a><\/figure><\/li><li class=\"blocks-gallery-item\"><figure><a href=\"https:\/\/autolivraria.com.br\/bc\/wp-content\/uploads\/2021\/04\/6-FNM-D-9500-1956.jpg\"><img decoding=\"async\" width=\"640\" height=\"850\" data-src=\"https:\/\/autolivraria.com.br\/bc\/wp-content\/uploads\/2021\/04\/6-FNM-D-9500-1956.jpg\" alt=\"\" data-id=\"126379\" data-full-url=\"https:\/\/autolivraria.com.br\/bc\/wp-content\/uploads\/2021\/04\/6-FNM-D-9500-1956.jpg\" data-link=\"https:\/\/autolivraria.com.br\/bc\/?attachment_id=126379\" class=\"wp-image-126379 lazyload\" data-srcset=\"https:\/\/autolivraria.com.br\/bc\/wp-content\/uploads\/2021\/04\/6-FNM-D-9500-1956.jpg 640w, https:\/\/autolivraria.com.br\/bc\/wp-content\/uploads\/2021\/04\/6-FNM-D-9500-1956-340x452.jpg 340w\" data-sizes=\"(max-width: 640px) 100vw, 640px\" src=\"data:image\/svg+xml;base64,PHN2ZyB3aWR0aD0iMSIgaGVpZ2h0PSIxIiB4bWxucz0iaHR0cDovL3d3dy53My5vcmcvMjAwMC9zdmciPjwvc3ZnPg==\" style=\"--smush-placeholder-width: 640px; --smush-placeholder-aspect-ratio: 640\/850;\" \/><\/a><\/figure><\/li><\/ul><\/figure>\n\n\n\n<p class=\"has-text-align-center\"><em>A s\u00e9rie D-9500 vinha com motor Alfa Romeo mais potente e cabine avan\u00e7ada, que podia receber diferentes desenhos conforme o fornecedor, al\u00e9m do padr\u00e3o da marca<\/em><\/p>\n\n\n\n<div style=\"height:50px\" aria-hidden=\"true\" class=\"wp-block-spacer\"><\/div>\n\n\n\n<p>O primeiro &#8220;Fenem\u00ea&#8221; da nova fase, o D-9500, era derivado do Alfa 800 italiano e bem diferente do D-7300. A cabine agora estava sobre o eixo dianteiro, com o duplo para-brisa bem \u00e0 frente, e as portas eram abertas para tr\u00e1s. Ele tinha capacidade para 8,1 toneladas (14 com reboque), motor a diesel de 9,5 litros com inje\u00e7\u00e3o direta e 130 cv, freios pneum\u00e1ticos e caixa com oito marchas \u00e0 frente e duas \u00e0 r\u00e9.<\/p>\n\n\n\n<div style=\"height:50px\" aria-hidden=\"true\" class=\"wp-block-spacer\"><\/div>\n\n\n\n<blockquote class=\"wp-block-quote is-layout-flow wp-block-quote-is-layout-flow\"><p>Embora fabricasse a cabine dos caminh\u00f5es, a FNM permitia e incentivava que outras empresas fizessem cabines com estilo pr\u00f3prio para aplica\u00e7\u00e3o pela f\u00e1brica, instaladas fora ou em reposi\u00e7\u00e3o<\/p><\/blockquote>\n\n\n\n<div style=\"height:50px\" aria-hidden=\"true\" class=\"wp-block-spacer\"><\/div>\n\n\n\n<p>O ronco encorpado e peculiar de seu motor a diesel era cada vez mais ouvido nas prec\u00e1rias estradas brasileiras, onde seus predicados de resist\u00eancia e confiabilidade foram apreciados. Aos poucos eram inclu\u00eddos componentes nacionais como pneus, rodas, radiador e eixos. O chassi brasileiro come\u00e7ava a ser feito em 1955, quando o \u00edndice de nacionaliza\u00e7\u00e3o alcan\u00e7ava 54% e a produ\u00e7\u00e3o superava 2.400 unidades. No ano seguinte, a frota de caminh\u00f5es da marca pelo Pa\u00eds j\u00e1 era maior que a de Mercedes-Benz e Volvo, ent\u00e3o importados. Aparecia o modelo de cabine que tornaria a FNM mais conhecida Brasil afora, com espa\u00e7o para dois leitos em beliche \u2014 boa solu\u00e7\u00e3o em tempos de viagens que podiam levar semanas ou meses.<\/p>\n\n\n\n<p>O modelo D-11000 estreava em 1957 com o mesmo desenho e motor mais potente, um seis-cilindros a diesel de 11 litros e 150 cv com bloco e <em>tr\u00eas<\/em> cabe\u00e7otes de alum\u00ednio. Com o mote &#8220;Montanha comigo \u00e9 festa!&#8221;, a publicidade destacava seu desempenho incomum. O caminh\u00e3o oferecia maior capacidade de carga (9,1 toneladas ou 18 com reboque) e tr\u00eas op\u00e7\u00f5es de dist\u00e2ncia entre eixos. O conte\u00fado local j\u00e1 superava 82%. Em 1958 quase 4 mil deles sa\u00edram de Duque de Caxias, sucesso que n\u00e3o impediu um problema t\u00e9cnico.<\/p>\n\n\n\n<div style=\"height:50px\" aria-hidden=\"true\" class=\"wp-block-spacer\"><\/div>\n\n\n\n<figure class=\"wp-block-gallery columns-1 is-cropped wp-block-gallery-3 is-layout-flex wp-block-gallery-is-layout-flex\"><ul class=\"blocks-gallery-grid\"><li class=\"blocks-gallery-item\"><figure><a href=\"https:\/\/autolivraria.com.br\/bc\/wp-content\/uploads\/2021\/04\/11-FNM-D-11000-1965.jpg\"><img decoding=\"async\" width=\"696\" height=\"464\" data-src=\"https:\/\/autolivraria.com.br\/bc\/wp-content\/uploads\/2021\/04\/11-FNM-D-11000-1965-696x464.jpg\" alt=\"\" data-id=\"126381\" data-full-url=\"https:\/\/autolivraria.com.br\/bc\/wp-content\/uploads\/2021\/04\/11-FNM-D-11000-1965.jpg\" data-link=\"https:\/\/autolivraria.com.br\/bc\/?attachment_id=126381\" class=\"wp-image-126381 lazyload\" data-srcset=\"https:\/\/autolivraria.com.br\/bc\/wp-content\/uploads\/2021\/04\/11-FNM-D-11000-1965-696x464.jpg 696w, https:\/\/autolivraria.com.br\/bc\/wp-content\/uploads\/2021\/04\/11-FNM-D-11000-1965-340x227.jpg 340w, https:\/\/autolivraria.com.br\/bc\/wp-content\/uploads\/2021\/04\/11-FNM-D-11000-1965-750x500.jpg 750w, https:\/\/autolivraria.com.br\/bc\/wp-content\/uploads\/2021\/04\/11-FNM-D-11000-1965-1140x760.jpg 1140w, https:\/\/autolivraria.com.br\/bc\/wp-content\/uploads\/2021\/04\/11-FNM-D-11000-1965.jpg 1280w\" data-sizes=\"(max-width: 696px) 100vw, 696px\" src=\"data:image\/svg+xml;base64,PHN2ZyB3aWR0aD0iMSIgaGVpZ2h0PSIxIiB4bWxucz0iaHR0cDovL3d3dy53My5vcmcvMjAwMC9zdmciPjwvc3ZnPg==\" style=\"--smush-placeholder-width: 696px; --smush-placeholder-aspect-ratio: 696\/464;\" \/><\/a><\/figure><\/li><\/ul><\/figure>\n\n\n\n<figure class=\"wp-block-gallery columns-3 is-cropped wp-block-gallery-4 is-layout-flex wp-block-gallery-is-layout-flex\"><ul class=\"blocks-gallery-grid\"><li class=\"blocks-gallery-item\"><figure><img decoding=\"async\" width=\"640\" height=\"850\" data-src=\"https:\/\/autolivraria.com.br\/bc\/wp-content\/uploads\/2021\/04\/8-FNM-D-11000-Brasinca-1958.jpg\" alt=\"\" data-id=\"126384\" data-full-url=\"https:\/\/autolivraria.com.br\/bc\/wp-content\/uploads\/2021\/04\/8-FNM-D-11000-Brasinca-1958.jpg\" data-link=\"https:\/\/autolivraria.com.br\/bc\/?attachment_id=126384\" class=\"wp-image-126384 lazyload\" data-srcset=\"https:\/\/autolivraria.com.br\/bc\/wp-content\/uploads\/2021\/04\/8-FNM-D-11000-Brasinca-1958.jpg 640w, https:\/\/autolivraria.com.br\/bc\/wp-content\/uploads\/2021\/04\/8-FNM-D-11000-Brasinca-1958-340x452.jpg 340w\" data-sizes=\"(max-width: 640px) 100vw, 640px\" src=\"data:image\/svg+xml;base64,PHN2ZyB3aWR0aD0iMSIgaGVpZ2h0PSIxIiB4bWxucz0iaHR0cDovL3d3dy53My5vcmcvMjAwMC9zdmciPjwvc3ZnPg==\" style=\"--smush-placeholder-width: 640px; --smush-placeholder-aspect-ratio: 640\/850;\" \/><\/figure><\/li><li class=\"blocks-gallery-item\"><figure><img decoding=\"async\" width=\"640\" height=\"850\" data-src=\"https:\/\/autolivraria.com.br\/bc\/wp-content\/uploads\/2021\/04\/12-FNM-D-11000-1965.jpg\" alt=\"\" data-id=\"126383\" data-full-url=\"https:\/\/autolivraria.com.br\/bc\/wp-content\/uploads\/2021\/04\/12-FNM-D-11000-1965.jpg\" data-link=\"https:\/\/autolivraria.com.br\/bc\/?attachment_id=126383\" class=\"wp-image-126383 lazyload\" data-srcset=\"https:\/\/autolivraria.com.br\/bc\/wp-content\/uploads\/2021\/04\/12-FNM-D-11000-1965.jpg 640w, https:\/\/autolivraria.com.br\/bc\/wp-content\/uploads\/2021\/04\/12-FNM-D-11000-1965-340x452.jpg 340w\" data-sizes=\"(max-width: 640px) 100vw, 640px\" src=\"data:image\/svg+xml;base64,PHN2ZyB3aWR0aD0iMSIgaGVpZ2h0PSIxIiB4bWxucz0iaHR0cDovL3d3dy53My5vcmcvMjAwMC9zdmciPjwvc3ZnPg==\" style=\"--smush-placeholder-width: 640px; --smush-placeholder-aspect-ratio: 640\/850;\" \/><\/figure><\/li><li class=\"blocks-gallery-item\"><figure><img decoding=\"async\" width=\"640\" height=\"850\" data-src=\"https:\/\/autolivraria.com.br\/bc\/wp-content\/uploads\/2021\/04\/9-FNM-D-11000-Brasinca.jpg\" alt=\"\" data-id=\"126385\" data-full-url=\"https:\/\/autolivraria.com.br\/bc\/wp-content\/uploads\/2021\/04\/9-FNM-D-11000-Brasinca.jpg\" data-link=\"https:\/\/autolivraria.com.br\/bc\/?attachment_id=126385\" class=\"wp-image-126385 lazyload\" data-srcset=\"https:\/\/autolivraria.com.br\/bc\/wp-content\/uploads\/2021\/04\/9-FNM-D-11000-Brasinca.jpg 640w, https:\/\/autolivraria.com.br\/bc\/wp-content\/uploads\/2021\/04\/9-FNM-D-11000-Brasinca-340x452.jpg 340w\" data-sizes=\"(max-width: 640px) 100vw, 640px\" src=\"data:image\/svg+xml;base64,PHN2ZyB3aWR0aD0iMSIgaGVpZ2h0PSIxIiB4bWxucz0iaHR0cDovL3d3dy53My5vcmcvMjAwMC9zdmciPjwvc3ZnPg==\" style=\"--smush-placeholder-width: 640px; --smush-placeholder-aspect-ratio: 640\/850;\" \/><\/figure><\/li><\/ul><\/figure>\n\n\n\n<p class=\"has-text-align-center\"><em>O D-11000 ganhava motor de 150 cv e maior capacidade; a cabine da Brasinca aparecia em sua publicidade, como nas duas pe\u00e7as verticais em preto e branco<\/em><\/p>\n\n\n\n<div style=\"height:50px\" aria-hidden=\"true\" class=\"wp-block-spacer\"><\/div>\n\n\n\n<p>A porosidade do bloco permitia o vazamento de l\u00edquido de arrefecimento para o c\u00e1rter, o que causava contamina\u00e7\u00e3o do \u00f3leo \u2014 origem do apelido &#8220;barriga d&#8217;\u00e1gua&#8221; \u2014 e podia fundir o motor. A f\u00e1brica substituiu os motores afetados, o que restaurou a confian\u00e7a em sua robustez. Eles foram muito empregados na constru\u00e7\u00e3o da nova capital Bras\u00edlia, inaugurada em 1960, e na abertura de estradas como a Bel\u00e9m-Bras\u00edlia e a Transamaz\u00f4nica.<\/p>\n\n\n<div class='code-block code-block-11' style='margin: 8px auto; text-align: center; display: block; clear: both;'>\n<script async src=\"https:\/\/pagead2.googlesyndication.com\/pagead\/js\/adsbygoogle.js\"><\/script>\n<!-- AL-quadrado -->\n<ins class=\"adsbygoogle\"\n     style=\"display:block\"\n     data-ad-client=\"ca-pub-1914799802606213\"\n     data-ad-slot=\"5683066082\"\n     data-ad-format=\"auto\"\n     data-full-width-responsive=\"true\"><\/ins>\n<script>\n     (adsbygoogle = window.adsbygoogle || []).push({});\n<\/script><\/div>\n\n\n\n\n<p>Uma peculiaridade da FNM era que, embora fabricasse a cabine dos caminh\u00f5es, permitia e incentivava que outras empresas fizessem cabines com estilo pr\u00f3prio. Assim, a Brasinca de S\u00e3o Caetano do Sul (SP) e a Metro do Rio de Janeiro (RJ) forneciam cabines para aplica\u00e7\u00e3o pela pr\u00f3pria f\u00e1brica, enquanto outras podiam ser instaladas fora ou mesmo em caso de reposi\u00e7\u00e3o, como Caio, Carretti, Drulla, Fiedler, Gabardo, Inca, Irm\u00e3os Amalcab\u00fario, Kabi, Rasera e Santa Ifig\u00eania.<\/p>\n\n\n\n<p>Al\u00e9m da apar\u00eancia, elas se distinguiam pela constru\u00e7\u00e3o: as paranaenses Drulla, Gabardo e Rasera usavam estrutura de madeira, \u00e0 qual eram aparafusados os pain\u00e9is de chapa de a\u00e7o. A abertura das portas tamb\u00e9m variava \u2014 a Metro seguia o padr\u00e3o comum hoje, articulado na frente, e as demais mantinham as portas articuladas atr\u00e1s. Algumas usavam pintura em dois tons, o cl\u00e1ssico &#8220;saia e blusa&#8221;, comum em autom\u00f3veis da \u00e9poca, e na cabine Inca os para-brisas podiam bascular para maior ventila\u00e7\u00e3o. Os modelos da Brasinca e da Metro eram at\u00e9 mostrados na publicidade da marca.<\/p>\n\n\n\n<div style=\"height:50px\" aria-hidden=\"true\" class=\"wp-block-spacer\"><\/div>\n\n\n\n<figure class=\"wp-block-gallery columns-1 is-cropped wp-block-gallery-5 is-layout-flex wp-block-gallery-is-layout-flex\"><ul class=\"blocks-gallery-grid\"><li class=\"blocks-gallery-item\"><figure><a href=\"https:\/\/autolivraria.com.br\/bc\/wp-content\/uploads\/2021\/04\/13-FNM-D-11000.jpg\"><img decoding=\"async\" width=\"1280\" height=\"853\" data-src=\"https:\/\/autolivraria.com.br\/bc\/wp-content\/uploads\/2021\/04\/13-FNM-D-11000.jpg\" alt=\"\" data-id=\"126387\" class=\"wp-image-126387 lazyload\" data-srcset=\"https:\/\/autolivraria.com.br\/bc\/wp-content\/uploads\/2021\/04\/13-FNM-D-11000.jpg 1280w, https:\/\/autolivraria.com.br\/bc\/wp-content\/uploads\/2021\/04\/13-FNM-D-11000-340x227.jpg 340w, https:\/\/autolivraria.com.br\/bc\/wp-content\/uploads\/2021\/04\/13-FNM-D-11000-696x464.jpg 696w, https:\/\/autolivraria.com.br\/bc\/wp-content\/uploads\/2021\/04\/13-FNM-D-11000-750x500.jpg 750w, https:\/\/autolivraria.com.br\/bc\/wp-content\/uploads\/2021\/04\/13-FNM-D-11000-1140x760.jpg 1140w\" data-sizes=\"(max-width: 1280px) 100vw, 1280px\" src=\"data:image\/svg+xml;base64,PHN2ZyB3aWR0aD0iMSIgaGVpZ2h0PSIxIiB4bWxucz0iaHR0cDovL3d3dy53My5vcmcvMjAwMC9zdmciPjwvc3ZnPg==\" style=\"--smush-placeholder-width: 1280px; --smush-placeholder-aspect-ratio: 1280\/853;\" \/><\/a><\/figure><\/li><\/ul><\/figure>\n\n\n\n<figure class=\"wp-block-gallery columns-2 is-cropped wp-block-gallery-6 is-layout-flex wp-block-gallery-is-layout-flex\"><ul class=\"blocks-gallery-grid\"><li class=\"blocks-gallery-item\"><figure><a href=\"https:\/\/autolivraria.com.br\/bc\/wp-content\/uploads\/2021\/04\/18-FNM-V6.jpg\"><img decoding=\"async\" width=\"640\" height=\"850\" data-src=\"https:\/\/autolivraria.com.br\/bc\/wp-content\/uploads\/2021\/04\/18-FNM-V6.jpg\" alt=\"\" data-id=\"126388\" data-full-url=\"https:\/\/autolivraria.com.br\/bc\/wp-content\/uploads\/2021\/04\/18-FNM-V6.jpg\" data-link=\"https:\/\/autolivraria.com.br\/bc\/?attachment_id=126388\" class=\"wp-image-126388 lazyload\" data-srcset=\"https:\/\/autolivraria.com.br\/bc\/wp-content\/uploads\/2021\/04\/18-FNM-V6.jpg 640w, https:\/\/autolivraria.com.br\/bc\/wp-content\/uploads\/2021\/04\/18-FNM-V6-340x452.jpg 340w\" data-sizes=\"(max-width: 640px) 100vw, 640px\" src=\"data:image\/svg+xml;base64,PHN2ZyB3aWR0aD0iMSIgaGVpZ2h0PSIxIiB4bWxucz0iaHR0cDovL3d3dy53My5vcmcvMjAwMC9zdmciPjwvc3ZnPg==\" style=\"--smush-placeholder-width: 640px; --smush-placeholder-aspect-ratio: 640\/850;\" \/><\/a><\/figure><\/li><li class=\"blocks-gallery-item\"><figure><a href=\"https:\/\/autolivraria.com.br\/bc\/wp-content\/uploads\/2021\/04\/15-FNM-1967-2.jpg\"><img decoding=\"async\" width=\"640\" height=\"850\" data-src=\"https:\/\/autolivraria.com.br\/bc\/wp-content\/uploads\/2021\/04\/15-FNM-1967-2.jpg\" alt=\"\" data-id=\"126389\" data-full-url=\"https:\/\/autolivraria.com.br\/bc\/wp-content\/uploads\/2021\/04\/15-FNM-1967-2.jpg\" data-link=\"https:\/\/autolivraria.com.br\/bc\/?attachment_id=126389\" class=\"wp-image-126389 lazyload\" data-srcset=\"https:\/\/autolivraria.com.br\/bc\/wp-content\/uploads\/2021\/04\/15-FNM-1967-2.jpg 640w, https:\/\/autolivraria.com.br\/bc\/wp-content\/uploads\/2021\/04\/15-FNM-1967-2-340x452.jpg 340w\" data-sizes=\"(max-width: 640px) 100vw, 640px\" src=\"data:image\/svg+xml;base64,PHN2ZyB3aWR0aD0iMSIgaGVpZ2h0PSIxIiB4bWxucz0iaHR0cDovL3d3dy53My5vcmcvMjAwMC9zdmciPjwvc3ZnPg==\" style=\"--smush-placeholder-width: 640px; --smush-placeholder-aspect-ratio: 640\/850;\" \/><\/a><\/figure><\/li><\/ul><\/figure>\n\n\n\n<p class=\"has-text-align-center\"><em>Os modelos 1967 recebiam novo painel e motor de 175 cv; a s\u00e9rie &#8220;V&#8221; oferecia op\u00e7\u00f5es variadas de entre-eixos, como o V-6, o mais curto deles<\/em><\/p>\n\n\n\n<div style=\"height:50px\" aria-hidden=\"true\" class=\"wp-block-spacer\"><\/div>\n\n\n\n<p>No mesmo ano \u2014 1960 \u2014 em que a FNM come\u00e7ava a fabricar o autom\u00f3vel <a href=\"https:\/\/autolivraria.com.br\/bc\/tag\/fnm-2000\" target=\"_blank\" rel=\"noreferrer noopener\">2000 JK<\/a> sob licen\u00e7a da Alfa Romeo, os caminh\u00f5es recebiam mudan\u00e7as de desenho das lanternas dianteiras. A usinagem de motores era iniciada dois anos depois. Em 1964 aparecia a nova s\u00e9rie V (de variante ou vers\u00e3o) com V-6 para chassi curto, V-5 para m\u00e9dio, V-4 para longo e V-2 para superlongo, dotada de op\u00e7\u00e3o de dire\u00e7\u00e3o assistida hidr\u00e1ulica e novos bancos e volante.<\/p>\n\n\n\n<p>Apesar do aumento da nacionaliza\u00e7\u00e3o para 97%, os caminh\u00f5es da FNM estavam defasados em tecnologia diante de concorrentes como Mercedes-Benz e <a rel=\"noreferrer noopener\" href=\"https:\/\/autolivraria.com.br\/bc\/informe-se\/passado\/caminhoes-do-passado\/historia-caminhao-scania-jacare-l75-l76-110-111\/\" data-type=\"post\" data-id=\"125592\" target=\"_blank\">Scania-Vabis<\/a>, o que se refletiu na queda de produ\u00e7\u00e3o para pouco acima de 1.000 ve\u00edculos por ano. Uma cabine modernizada com desenho brasileiro, chamada de Futurama e com estreia prevista para 1968, n\u00e3o se concretizou. Os modelos 1967 vinham apenas com novo painel, motor de 175 cv com torque de 67 m.kgf, terceiro eixo de f\u00e1brica e novo emblema da marca.<\/p>\n\n\n\n<p>A FNM viveu um per\u00edodo conturbado com o governo militar, em que parte das autoridades defendia sua recupera\u00e7\u00e3o e parte preferia vender a estatal. A maior f\u00e1brica de caminh\u00f5es pesados do Brasil era colocada \u00e0 venda em 1967. Marcas como Citro\u00ebn e Renault anunciaram interesse em coopera\u00e7\u00e3o para fazer autom\u00f3veis, mas a pr\u00f3pria Alfa Romeo \u00e9 que acabou assumindo as opera\u00e7\u00f5es no ano seguinte \u2014 para surpresa geral, pois os italianos n\u00e3o mais fabricavam caminh\u00f5es desde 1964.<\/p>\n\n\n\n<div style=\"height:50px\" aria-hidden=\"true\" class=\"wp-block-spacer\"><\/div>\n\n\n\n<figure class=\"wp-block-gallery columns-3 is-cropped wp-block-gallery-7 is-layout-flex wp-block-gallery-is-layout-flex\"><ul class=\"blocks-gallery-grid\"><li class=\"blocks-gallery-item\"><figure><a href=\"https:\/\/autolivraria.com.br\/bc\/wp-content\/uploads\/2021\/04\/FNM-V10.jpg\"><img decoding=\"async\" width=\"640\" height=\"850\" data-src=\"https:\/\/autolivraria.com.br\/bc\/wp-content\/uploads\/2021\/04\/FNM-V10.jpg\" alt=\"\" data-id=\"126392\" data-full-url=\"https:\/\/autolivraria.com.br\/bc\/wp-content\/uploads\/2021\/04\/FNM-V10.jpg\" data-link=\"https:\/\/autolivraria.com.br\/bc\/?attachment_id=126392\" class=\"wp-image-126392 lazyload\" data-srcset=\"https:\/\/autolivraria.com.br\/bc\/wp-content\/uploads\/2021\/04\/FNM-V10.jpg 640w, https:\/\/autolivraria.com.br\/bc\/wp-content\/uploads\/2021\/04\/FNM-V10-340x452.jpg 340w\" data-sizes=\"(max-width: 640px) 100vw, 640px\" src=\"data:image\/svg+xml;base64,PHN2ZyB3aWR0aD0iMSIgaGVpZ2h0PSIxIiB4bWxucz0iaHR0cDovL3d3dy53My5vcmcvMjAwMC9zdmciPjwvc3ZnPg==\" style=\"--smush-placeholder-width: 640px; --smush-placeholder-aspect-ratio: 640\/850;\" \/><\/a><\/figure><\/li><li class=\"blocks-gallery-item\"><figure><a href=\"https:\/\/autolivraria.com.br\/bc\/wp-content\/uploads\/2021\/04\/22-FNM-1971-V17.jpg\"><img decoding=\"async\" width=\"640\" height=\"850\" data-src=\"https:\/\/autolivraria.com.br\/bc\/wp-content\/uploads\/2021\/04\/22-FNM-1971-V17.jpg\" alt=\"\" data-id=\"126391\" data-full-url=\"https:\/\/autolivraria.com.br\/bc\/wp-content\/uploads\/2021\/04\/22-FNM-1971-V17.jpg\" data-link=\"https:\/\/autolivraria.com.br\/bc\/?attachment_id=126391\" class=\"wp-image-126391 lazyload\" data-srcset=\"https:\/\/autolivraria.com.br\/bc\/wp-content\/uploads\/2021\/04\/22-FNM-1971-V17.jpg 640w, https:\/\/autolivraria.com.br\/bc\/wp-content\/uploads\/2021\/04\/22-FNM-1971-V17-340x452.jpg 340w\" data-sizes=\"(max-width: 640px) 100vw, 640px\" src=\"data:image\/svg+xml;base64,PHN2ZyB3aWR0aD0iMSIgaGVpZ2h0PSIxIiB4bWxucz0iaHR0cDovL3d3dy53My5vcmcvMjAwMC9zdmciPjwvc3ZnPg==\" style=\"--smush-placeholder-width: 640px; --smush-placeholder-aspect-ratio: 640\/850;\" \/><\/a><\/figure><\/li><li class=\"blocks-gallery-item\"><figure><a href=\"https:\/\/autolivraria.com.br\/bc\/wp-content\/uploads\/2021\/04\/FNM-V12-02.jpg\"><img decoding=\"async\" width=\"640\" height=\"850\" data-src=\"https:\/\/autolivraria.com.br\/bc\/wp-content\/uploads\/2021\/04\/FNM-V12-02.jpg\" alt=\"\" data-id=\"126393\" data-full-url=\"https:\/\/autolivraria.com.br\/bc\/wp-content\/uploads\/2021\/04\/FNM-V12-02.jpg\" data-link=\"https:\/\/autolivraria.com.br\/bc\/?attachment_id=126393\" class=\"wp-image-126393 lazyload\" data-srcset=\"https:\/\/autolivraria.com.br\/bc\/wp-content\/uploads\/2021\/04\/FNM-V12-02.jpg 640w, https:\/\/autolivraria.com.br\/bc\/wp-content\/uploads\/2021\/04\/FNM-V12-02-340x452.jpg 340w\" data-sizes=\"(max-width: 640px) 100vw, 640px\" src=\"data:image\/svg+xml;base64,PHN2ZyB3aWR0aD0iMSIgaGVpZ2h0PSIxIiB4bWxucz0iaHR0cDovL3d3dy53My5vcmcvMjAwMC9zdmciPjwvc3ZnPg==\" style=\"--smush-placeholder-width: 640px; --smush-placeholder-aspect-ratio: 640\/850;\" \/><\/a><\/figure><\/li><li class=\"blocks-gallery-item\"><figure><a href=\"https:\/\/autolivraria.com.br\/bc\/wp-content\/uploads\/2021\/04\/FNM-V13.jpg\"><img decoding=\"async\" width=\"1280\" height=\"853\" data-src=\"https:\/\/autolivraria.com.br\/bc\/wp-content\/uploads\/2021\/04\/FNM-V13.jpg\" alt=\"\" data-id=\"126394\" data-full-url=\"https:\/\/autolivraria.com.br\/bc\/wp-content\/uploads\/2021\/04\/FNM-V13.jpg\" data-link=\"https:\/\/autolivraria.com.br\/bc\/?attachment_id=126394\" class=\"wp-image-126394 lazyload\" data-srcset=\"https:\/\/autolivraria.com.br\/bc\/wp-content\/uploads\/2021\/04\/FNM-V13.jpg 1280w, https:\/\/autolivraria.com.br\/bc\/wp-content\/uploads\/2021\/04\/FNM-V13-340x227.jpg 340w, https:\/\/autolivraria.com.br\/bc\/wp-content\/uploads\/2021\/04\/FNM-V13-696x464.jpg 696w, https:\/\/autolivraria.com.br\/bc\/wp-content\/uploads\/2021\/04\/FNM-V13-750x500.jpg 750w, https:\/\/autolivraria.com.br\/bc\/wp-content\/uploads\/2021\/04\/FNM-V13-1140x760.jpg 1140w\" data-sizes=\"(max-width: 1280px) 100vw, 1280px\" src=\"data:image\/svg+xml;base64,PHN2ZyB3aWR0aD0iMSIgaGVpZ2h0PSIxIiB4bWxucz0iaHR0cDovL3d3dy53My5vcmcvMjAwMC9zdmciPjwvc3ZnPg==\" style=\"--smush-placeholder-width: 1280px; --smush-placeholder-aspect-ratio: 1280\/853;\" \/><\/a><\/figure><\/li><\/ul><\/figure>\n\n\n\n<p class=\"has-text-align-center\"><em>Os modelos V-10, V-17, V-12 e V-13 (na ordem de fotos) ampliaram a linha FNM com op\u00e7\u00f5es como chassi extralongo, dire\u00e7\u00e3o assistida e dois eixos direcionais na frente<\/em><\/p>\n\n\n\n<div style=\"height:50px\" aria-hidden=\"true\" class=\"wp-block-spacer\"><\/div>\n\n\n\n<p>De in\u00edcio o &#8220;Fenem\u00ea&#8221; seguiu inalterado, apenas com novas vers\u00f5es: a V-12, com terceiro eixo e capacidade para 15,2 toneladas, e a V-13, com chassi curto para cavalo mec\u00e2nico ou basculante. A dire\u00e7\u00e3o assistida agora vinha de s\u00e9rie em toda a linha e a velocidade m\u00e1xima subia de 90 para 100 km\/h. O V-10 com dois eixos e chassi extralongo aparecia em seguida. Em 1972 era lan\u00e7ado o V-17, com dois eixos dianteiros direcionais, solu\u00e7\u00e3o comum na Europa e in\u00e9dita no Brasil. Era um meio de obter capacidade de 27 toneladas sem exceder o limite de peso por eixo autorizado pela &#8220;Lei da Balan\u00e7a&#8221;, que passava a fiscalizar o peso transportado nas rodovias.<\/p>\n\n\n<div class='code-block code-block-6' style='margin: 28px auto; text-align: center; display: block; clear: both;'>\n<script async src=\"https:\/\/pagead2.googlesyndication.com\/pagead\/js\/adsbygoogle.js\"><\/script>\n<!-- AL-quadrado -->\n<ins class=\"adsbygoogle\"\n     style=\"display:block\"\n     data-ad-client=\"ca-pub-1914799802606213\"\n     data-ad-slot=\"5683066082\"\n     data-ad-format=\"auto\"\n     data-full-width-responsive=\"true\"><\/ins>\n<script>\n     (adsbygoogle = window.adsbygoogle || []).push({});\n<\/script><\/div>\n\n\n\n\n<p>A \u00faltima novidade para o FNM surgia em 1972: a cabine herdada do Alfa Romeo Mille feito de 1958 a 1964, fixada ao chassi com componentes el\u00e1sticos e dotada de ventila\u00e7\u00e3o for\u00e7ada e aquecimento. As prensas vieram da It\u00e1lia, que n\u00e3o as usava mais. As vers\u00f5es eram 180, com motor de 11 litros e 180 cv, tr\u00eas op\u00e7\u00f5es de entre-eixos e terceiro eixo opcional; e 210, com motor de 215 cv e transmiss\u00e3o com reduzida, dispon\u00edvel apenas como cavalo mec\u00e2nico.<\/p>\n\n\n\n<p>Os novos &#8220;Fenem\u00eas&#8221; conseguiram boa aceita\u00e7\u00e3o, o que elevou as vendas a mais de 3.600 unidades em 1974, mas novas mudan\u00e7as de controle estavam por vir. A Fiat adquiria da Alfa Romeo 43% das a\u00e7\u00f5es da FNM, mantendo-se 51% nas m\u00e3os da Alfa. Dois caminh\u00f5es menores eram apresentados naquele ano no Sal\u00e3o do Autom\u00f3vel. Entre os pesados, o FNM 210\/S vinha com motor de 13 litros e 240 cv e capacidade de carga de 12,6 toneladas (50 em reboque).<\/p>\n\n\n\n<div style=\"height:50px\" aria-hidden=\"true\" class=\"wp-block-spacer\"><\/div>\n\n\n\n<figure class=\"wp-block-gallery columns-2 is-cropped wp-block-gallery-8 is-layout-flex wp-block-gallery-is-layout-flex\"><ul class=\"blocks-gallery-grid\"><li class=\"blocks-gallery-item\"><figure><a href=\"https:\/\/autolivraria.com.br\/bc\/wp-content\/uploads\/2021\/04\/24-FNM-210-1972.jpg\"><img decoding=\"async\" width=\"1280\" height=\"853\" data-src=\"https:\/\/autolivraria.com.br\/bc\/wp-content\/uploads\/2021\/04\/24-FNM-210-1972.jpg\" alt=\"\" data-id=\"126398\" data-full-url=\"https:\/\/autolivraria.com.br\/bc\/wp-content\/uploads\/2021\/04\/24-FNM-210-1972.jpg\" data-link=\"https:\/\/autolivraria.com.br\/bc\/?attachment_id=126398\" class=\"wp-image-126398 lazyload\" data-srcset=\"https:\/\/autolivraria.com.br\/bc\/wp-content\/uploads\/2021\/04\/24-FNM-210-1972.jpg 1280w, https:\/\/autolivraria.com.br\/bc\/wp-content\/uploads\/2021\/04\/24-FNM-210-1972-340x227.jpg 340w, https:\/\/autolivraria.com.br\/bc\/wp-content\/uploads\/2021\/04\/24-FNM-210-1972-696x464.jpg 696w, https:\/\/autolivraria.com.br\/bc\/wp-content\/uploads\/2021\/04\/24-FNM-210-1972-750x500.jpg 750w, https:\/\/autolivraria.com.br\/bc\/wp-content\/uploads\/2021\/04\/24-FNM-210-1972-1140x760.jpg 1140w\" data-sizes=\"(max-width: 1280px) 100vw, 1280px\" src=\"data:image\/svg+xml;base64,PHN2ZyB3aWR0aD0iMSIgaGVpZ2h0PSIxIiB4bWxucz0iaHR0cDovL3d3dy53My5vcmcvMjAwMC9zdmciPjwvc3ZnPg==\" style=\"--smush-placeholder-width: 1280px; --smush-placeholder-aspect-ratio: 1280\/853;\" \/><\/a><\/figure><\/li><li class=\"blocks-gallery-item\"><figure><a href=\"https:\/\/autolivraria.com.br\/bc\/wp-content\/uploads\/2021\/04\/23-FNM-180-1972.jpg\"><img decoding=\"async\" width=\"640\" height=\"426\" data-src=\"https:\/\/autolivraria.com.br\/bc\/wp-content\/uploads\/2021\/04\/23-FNM-180-1972.jpg\" alt=\"\" data-id=\"126397\" data-full-url=\"https:\/\/autolivraria.com.br\/bc\/wp-content\/uploads\/2021\/04\/23-FNM-180-1972.jpg\" data-link=\"https:\/\/autolivraria.com.br\/bc\/?attachment_id=126397\" class=\"wp-image-126397 lazyload\" data-srcset=\"https:\/\/autolivraria.com.br\/bc\/wp-content\/uploads\/2021\/04\/23-FNM-180-1972.jpg 640w, https:\/\/autolivraria.com.br\/bc\/wp-content\/uploads\/2021\/04\/23-FNM-180-1972-340x226.jpg 340w\" data-sizes=\"(max-width: 640px) 100vw, 640px\" src=\"data:image\/svg+xml;base64,PHN2ZyB3aWR0aD0iMSIgaGVpZ2h0PSIxIiB4bWxucz0iaHR0cDovL3d3dy53My5vcmcvMjAwMC9zdmciPjwvc3ZnPg==\" style=\"--smush-placeholder-width: 640px; --smush-placeholder-aspect-ratio: 640\/426;\" \/><\/a><\/figure><\/li><li class=\"blocks-gallery-item\"><figure><a href=\"https:\/\/autolivraria.com.br\/bc\/wp-content\/uploads\/2021\/04\/29-Fiat-190.jpg\"><img decoding=\"async\" width=\"1280\" height=\"853\" data-src=\"https:\/\/autolivraria.com.br\/bc\/wp-content\/uploads\/2021\/04\/29-Fiat-190.jpg\" alt=\"\" data-id=\"126396\" data-full-url=\"https:\/\/autolivraria.com.br\/bc\/wp-content\/uploads\/2021\/04\/29-Fiat-190.jpg\" data-link=\"https:\/\/autolivraria.com.br\/bc\/?attachment_id=126396\" class=\"wp-image-126396 lazyload\" data-srcset=\"https:\/\/autolivraria.com.br\/bc\/wp-content\/uploads\/2021\/04\/29-Fiat-190.jpg 1280w, https:\/\/autolivraria.com.br\/bc\/wp-content\/uploads\/2021\/04\/29-Fiat-190-340x227.jpg 340w, https:\/\/autolivraria.com.br\/bc\/wp-content\/uploads\/2021\/04\/29-Fiat-190-696x464.jpg 696w, https:\/\/autolivraria.com.br\/bc\/wp-content\/uploads\/2021\/04\/29-Fiat-190-750x500.jpg 750w, https:\/\/autolivraria.com.br\/bc\/wp-content\/uploads\/2021\/04\/29-Fiat-190-1140x760.jpg 1140w\" data-sizes=\"(max-width: 1280px) 100vw, 1280px\" src=\"data:image\/svg+xml;base64,PHN2ZyB3aWR0aD0iMSIgaGVpZ2h0PSIxIiB4bWxucz0iaHR0cDovL3d3dy53My5vcmcvMjAwMC9zdmciPjwvc3ZnPg==\" style=\"--smush-placeholder-width: 1280px; --smush-placeholder-aspect-ratio: 1280\/853;\" \/><\/a><\/figure><\/li><li class=\"blocks-gallery-item\"><figure><a href=\"https:\/\/autolivraria.com.br\/bc\/wp-content\/uploads\/2021\/04\/27-Fiat-130.jpg\"><img decoding=\"async\" width=\"696\" height=\"466\" data-src=\"https:\/\/autolivraria.com.br\/bc\/wp-content\/uploads\/2021\/04\/27-Fiat-130.jpg\" alt=\"\" data-id=\"126399\" data-full-url=\"https:\/\/autolivraria.com.br\/bc\/wp-content\/uploads\/2021\/04\/27-Fiat-130.jpg\" data-link=\"https:\/\/autolivraria.com.br\/bc\/?attachment_id=126399\" class=\"wp-image-126399 lazyload\" data-srcset=\"https:\/\/autolivraria.com.br\/bc\/wp-content\/uploads\/2021\/04\/27-Fiat-130.jpg 696w, https:\/\/autolivraria.com.br\/bc\/wp-content\/uploads\/2021\/04\/27-Fiat-130-340x228.jpg 340w\" data-sizes=\"(max-width: 696px) 100vw, 696px\" src=\"data:image\/svg+xml;base64,PHN2ZyB3aWR0aD0iMSIgaGVpZ2h0PSIxIiB4bWxucz0iaHR0cDovL3d3dy53My5vcmcvMjAwMC9zdmciPjwvc3ZnPg==\" style=\"--smush-placeholder-width: 696px; --smush-placeholder-aspect-ratio: 696\/466;\" \/><\/a><\/figure><\/li><\/ul><\/figure>\n\n\n\n<p class=\"has-text-align-center\"><em>Os modelos 180 (azul) e 210 (vermelho) eram derivados do Alfa Romeo Mille; embaixo, os caminh\u00f5es 190 E (no an\u00fancio) e 130, lan\u00e7ados j\u00e1 sob comando da Fiat<\/em><\/p>\n\n\n\n<div style=\"height:50px\" aria-hidden=\"true\" class=\"wp-block-spacer\"><\/div>\n\n\n\n<p>A sigla FNM ainda aparecia acima da grade dos novos modelos lan\u00e7ados pela Fiat em 1976: o 70, para sete toneladas com motor de 90 cv, e o 130, para 13,7 toneladas e com 145 cv. O Fiat 190 E seguia como evolu\u00e7\u00e3o do FNM 180, com motor Fiat de 13,8 litros e 270 cv e transmiss\u00e3o de nove marchas. Contudo, no mesmo ano a Fiat assumia as a\u00e7\u00f5es da FNM que pertenciam \u00e0 Alfa, ganhando o controle de 94% da empresa.<\/p>\n\n\n\n<p>Com a raz\u00e3o social alterada para Fiat Diesel em 1977, a companhia manteve a produ\u00e7\u00e3o de caminh\u00f5es em Duque de Caxias at\u00e9 1985. Depois de 36 anos da pioneira coopera\u00e7\u00e3o com a Isotta-Fraschini, a trajet\u00f3ria da &#8220;Fenem\u00ea&#8221; chegava ao fim com 78 mil caminh\u00f5es fabricados, cerca de 55 mil deles com a famosa combina\u00e7\u00e3o de tr\u00eas letras na grade.<\/p>\n\n\n\n<div class=\"wp-block-group\"><div class=\"wp-block-group__inner-container is-layout-flow wp-block-group-is-layout-flow\">\n<div class=\"wp-block-columns is-layout-flex wp-container-core-columns-is-layout-28f84493 wp-block-columns-is-layout-flex\">\n<div class=\"wp-block-column is-layout-flow wp-block-column-is-layout-flow\"><a href='https:\/\/autolivraria.com.br\/bc\/tag\/caminhoes-do-passado\/' class='small-button smallsilver'>Mais Caminh\u00f5es do Passado<\/a>\n<\/div>\n\n\n\n<div class=\"wp-block-column is-layout-flow wp-block-column-is-layout-flow\"><a href='https:\/\/autolivraria.com.br\/bc\/informe-se\/auto-livraria\/livros-e-revistas-alfa-romeo\/fnm-catalogos-dos-caminhoes-antigos-com-mecanica-alfa-romeo\/' class='small-button smallsilver'>Auto Livraria: cat\u00e1logos de FNM<\/a>\n<\/div>\n<\/div>\n<\/div><\/div>\n\n\n\n<div style=\"height:50px\" aria-hidden=\"true\" class=\"wp-block-spacer\"><\/div>\n","protected":false},"excerpt":{"rendered":"<p>Iniciada em 1949, a linha de pesados usou tecnologia Alfa Romeo em modelos variados de seis cilindros a diesel<\/p>\n","protected":false},"author":6,"featured_media":126401,"comment_status":"open","ping_status":"closed","sticky":false,"template":"","format":"standard","meta":{"_joinchat":[],"footnotes":""},"categories":[1806,5169],"tags":[97,4524,5168,57,157],"class_list":["post-126362","post","type-post","status-publish","format-standard","has-post-thumbnail","hentry","category-alfa-romeo-e-fnm","category-caminhoes-do-passado","tag-alfa-romeo","tag-caminhao","tag-caminhoes-do-passado","tag-fiat","tag-fnm"],"amp_enabled":true,"_links":{"self":[{"href":"https:\/\/autolivraria.com.br\/bc\/wp-json\/wp\/v2\/posts\/126362","targetHints":{"allow":["GET"]}}],"collection":[{"href":"https:\/\/autolivraria.com.br\/bc\/wp-json\/wp\/v2\/posts"}],"about":[{"href":"https:\/\/autolivraria.com.br\/bc\/wp-json\/wp\/v2\/types\/post"}],"author":[{"embeddable":true,"href":"https:\/\/autolivraria.com.br\/bc\/wp-json\/wp\/v2\/users\/6"}],"replies":[{"embeddable":true,"href":"https:\/\/autolivraria.com.br\/bc\/wp-json\/wp\/v2\/comments?post=126362"}],"version-history":[{"count":0,"href":"https:\/\/autolivraria.com.br\/bc\/wp-json\/wp\/v2\/posts\/126362\/revisions"}],"wp:featuredmedia":[{"embeddable":true,"href":"https:\/\/autolivraria.com.br\/bc\/wp-json\/wp\/v2\/media\/126401"}],"wp:attachment":[{"href":"https:\/\/autolivraria.com.br\/bc\/wp-json\/wp\/v2\/media?parent=126362"}],"wp:term":[{"taxonomy":"category","embeddable":true,"href":"https:\/\/autolivraria.com.br\/bc\/wp-json\/wp\/v2\/categories?post=126362"},{"taxonomy":"post_tag","embeddable":true,"href":"https:\/\/autolivraria.com.br\/bc\/wp-json\/wp\/v2\/tags?post=126362"}],"curies":[{"name":"wp","href":"https:\/\/api.w.org\/{rel}","templated":true}]}}