{"id":126874,"date":"2021-04-26T07:00:00","date_gmt":"2021-04-26T10:00:00","guid":{"rendered":"https:\/\/bestcars.uol.com.br\/bc\/?p=126874"},"modified":"2021-04-26T13:41:26","modified_gmt":"2021-04-26T16:41:26","slug":"honda-cr-v-renova-visual-e-ganha-pacote-de-assistencias-sensing","status":"publish","type":"post","link":"https:\/\/autolivraria.com.br\/bc\/informe-se\/noticias\/honda-cr-v-renova-visual-e-ganha-pacote-de-assistencias-sensing\/","title":{"rendered":"Honda CR-V renova visual e ganha pacote de assist\u00eancias Sensing"},"content":{"rendered":"\n<figure class=\"wp-block-image size-large\"><a href=\"https:\/\/autolivraria.com.br\/bc\/wp-content\/uploads\/2021\/04\/Honda-CR-V-01.jpg\"><img fetchpriority=\"high\" decoding=\"async\" width=\"696\" height=\"464\" src=\"https:\/\/autolivraria.com.br\/bc\/wp-content\/uploads\/2021\/04\/Honda-CR-V-01-696x464.jpg\" alt=\"\" class=\"wp-image-126875\" srcset=\"https:\/\/autolivraria.com.br\/bc\/wp-content\/uploads\/2021\/04\/Honda-CR-V-01-696x464.jpg 696w, https:\/\/autolivraria.com.br\/bc\/wp-content\/uploads\/2021\/04\/Honda-CR-V-01-340x227.jpg 340w, https:\/\/autolivraria.com.br\/bc\/wp-content\/uploads\/2021\/04\/Honda-CR-V-01-750x500.jpg 750w, https:\/\/autolivraria.com.br\/bc\/wp-content\/uploads\/2021\/04\/Honda-CR-V-01.jpg 1024w\" sizes=\"(max-width: 696px) 100vw, 696px\" \/><\/a><\/figure>\n\n\n\n<p><br>A Honda traz ao Brasil o CR-V 2021 com atualiza\u00e7\u00f5es de estilo e equipamentos. O utilit\u00e1rio esporte m\u00e9dio passa a ter o pacote Sensing de assist\u00eancia ao condutor, que inclui <a rel=\"noreferrer noopener\" href=\"https:\/\/autolivraria.com.br\/bc\/glossario-c\/#con3\" target=\"_blank\">controlador de dist\u00e2ncia ao tr\u00e1fego \u00e0 frente<\/a>, alerta de risco de colis\u00e3o com frenagem aut\u00f4noma e <a rel=\"noreferrer noopener\" href=\"https:\/\/autolivraria.com.br\/bc\/glossario-a\/#faix\" target=\"_blank\">assist\u00eancia para manter o carro na faixa<\/a> de rolamento. O sistema usa c\u00e2mera no topo do para-brisa e radar na grade.<\/p>\n\n\n<div class='code-block code-block-11' style='margin: 8px auto; text-align: center; display: block; clear: both;'>\n<script async src=\"https:\/\/pagead2.googlesyndication.com\/pagead\/js\/adsbygoogle.js\"><\/script>\n<!-- AL-quadrado -->\n<ins class=\"adsbygoogle\"\n     style=\"display:block\"\n     data-ad-client=\"ca-pub-1914799802606213\"\n     data-ad-slot=\"5683066082\"\n     data-ad-format=\"auto\"\n     data-full-width-responsive=\"true\"><\/ins>\n<script>\n     (adsbygoogle = window.adsbygoogle || []).push({});\n<\/script><\/div>\n\n\n\n\n<figure class=\"wp-block-image size-large\"><a href=\"https:\/\/autolivraria.com.br\/bc\/wp-content\/uploads\/2021\/04\/Honda-CR-V-02.jpg\"><img decoding=\"async\" width=\"696\" height=\"464\" data-src=\"https:\/\/autolivraria.com.br\/bc\/wp-content\/uploads\/2021\/04\/Honda-CR-V-02-696x464.jpg\" alt=\"\" class=\"wp-image-126876 lazyload\" data-srcset=\"https:\/\/autolivraria.com.br\/bc\/wp-content\/uploads\/2021\/04\/Honda-CR-V-02-696x464.jpg 696w, https:\/\/autolivraria.com.br\/bc\/wp-content\/uploads\/2021\/04\/Honda-CR-V-02-340x227.jpg 340w, https:\/\/autolivraria.com.br\/bc\/wp-content\/uploads\/2021\/04\/Honda-CR-V-02-750x500.jpg 750w, https:\/\/autolivraria.com.br\/bc\/wp-content\/uploads\/2021\/04\/Honda-CR-V-02.jpg 1024w\" data-sizes=\"(max-width: 696px) 100vw, 696px\" src=\"data:image\/svg+xml;base64,PHN2ZyB3aWR0aD0iMSIgaGVpZ2h0PSIxIiB4bWxucz0iaHR0cDovL3d3dy53My5vcmcvMjAwMC9zdmciPjwvc3ZnPg==\" style=\"--smush-placeholder-width: 696px; --smush-placeholder-aspect-ratio: 696\/464;\" \/><\/a><\/figure>\n\n\n\n<p><br>Importado dos Estados Unidos em vers\u00e3o \u00fanica Touring, o CR-V 2021 recebeu grade, para-choques e far\u00f3is de neblina redesenhados, assim como acabamento fum\u00ea nas lanternas traseiras e sa\u00eddas de escapamento retangulares. O teto solar panor\u00e2mico passa a ser item de s\u00e9rie. No interior, o console central ganha um sistema de bandeja retr\u00e1til e carregador de celular por indu\u00e7\u00e3o, sem fios.<br><br><\/p>\n\n\n\n<figure class=\"wp-block-image size-large\"><a href=\"https:\/\/autolivraria.com.br\/bc\/wp-content\/uploads\/2021\/04\/Honda-CR-V-03.jpg\"><img decoding=\"async\" width=\"696\" height=\"464\" data-src=\"https:\/\/autolivraria.com.br\/bc\/wp-content\/uploads\/2021\/04\/Honda-CR-V-03-696x464.jpg\" alt=\"\" class=\"wp-image-126877 lazyload\" data-srcset=\"https:\/\/autolivraria.com.br\/bc\/wp-content\/uploads\/2021\/04\/Honda-CR-V-03-696x464.jpg 696w, https:\/\/autolivraria.com.br\/bc\/wp-content\/uploads\/2021\/04\/Honda-CR-V-03-340x227.jpg 340w, https:\/\/autolivraria.com.br\/bc\/wp-content\/uploads\/2021\/04\/Honda-CR-V-03-750x500.jpg 750w, https:\/\/autolivraria.com.br\/bc\/wp-content\/uploads\/2021\/04\/Honda-CR-V-03.jpg 1024w\" data-sizes=\"(max-width: 696px) 100vw, 696px\" src=\"data:image\/svg+xml;base64,PHN2ZyB3aWR0aD0iMSIgaGVpZ2h0PSIxIiB4bWxucz0iaHR0cDovL3d3dy53My5vcmcvMjAwMC9zdmciPjwvc3ZnPg==\" style=\"--smush-placeholder-width: 696px; --smush-placeholder-aspect-ratio: 696\/464;\" \/><\/a><\/figure>\n\n\n\n<p><br>O sistema de \u00e1udio recebeu mais um <a href=\"https:\/\/autolivraria.com.br\/bc\/glossario-s\/#subw\" target=\"_blank\" rel=\"noreferrer noopener\">alto-falante de subgraves<\/a> no porta-malas. A central de \u00e1udio com tela de 7 polegadas e navegador integrado, compat\u00edvel com Apple Car Play e Android Auto, passa a ter bot\u00e3o f\u00edsico girat\u00f3rio para o controle de volume. O CR-V mant\u00e9m itens como a c\u00e2mera Lane Watch no retrovisor direito, monitores de press\u00e3o dos pneus e da aten\u00e7\u00e3o do motorista, proje\u00e7\u00e3o elevada de informa\u00e7\u00f5es, partida remota do motor, ar-condicionado de duas zonas, bancos dianteiros com ajustes el\u00e9tricos e acionamento el\u00e9trico da tampa traseira.<\/p>\n\n\n<div class='code-block code-block-6' style='margin: 28px auto; text-align: center; display: block; clear: both;'>\n<script async src=\"https:\/\/pagead2.googlesyndication.com\/pagead\/js\/adsbygoogle.js\"><\/script>\n<!-- AL-quadrado -->\n<ins class=\"adsbygoogle\"\n     style=\"display:block\"\n     data-ad-client=\"ca-pub-1914799802606213\"\n     data-ad-slot=\"5683066082\"\n     data-ad-format=\"auto\"\n     data-full-width-responsive=\"true\"><\/ins>\n<script>\n     (adsbygoogle = window.adsbygoogle || []).push({});\n<\/script><\/div>\n\n\n\n\n<figure class=\"wp-block-image size-large\"><a href=\"https:\/\/autolivraria.com.br\/bc\/wp-content\/uploads\/2021\/04\/Honda-CR-V-04.jpg\"><img decoding=\"async\" width=\"696\" height=\"464\" data-src=\"https:\/\/autolivraria.com.br\/bc\/wp-content\/uploads\/2021\/04\/Honda-CR-V-04-696x464.jpg\" alt=\"\" class=\"wp-image-126878 lazyload\" data-srcset=\"https:\/\/autolivraria.com.br\/bc\/wp-content\/uploads\/2021\/04\/Honda-CR-V-04-696x464.jpg 696w, https:\/\/autolivraria.com.br\/bc\/wp-content\/uploads\/2021\/04\/Honda-CR-V-04-340x227.jpg 340w, https:\/\/autolivraria.com.br\/bc\/wp-content\/uploads\/2021\/04\/Honda-CR-V-04-750x500.jpg 750w, https:\/\/autolivraria.com.br\/bc\/wp-content\/uploads\/2021\/04\/Honda-CR-V-04.jpg 1024w\" data-sizes=\"(max-width: 696px) 100vw, 696px\" src=\"data:image\/svg+xml;base64,PHN2ZyB3aWR0aD0iMSIgaGVpZ2h0PSIxIiB4bWxucz0iaHR0cDovL3d3dy53My5vcmcvMjAwMC9zdmciPjwvc3ZnPg==\" style=\"--smush-placeholder-width: 696px; --smush-placeholder-aspect-ratio: 696\/464;\" \/><\/a><\/figure>\n\n\n\n<p><br>O motor turbo de 1,5 litro, com pot\u00eancia de 190 cv e torque m\u00e1ximo de 24,5 m.kgf, opera com transmiss\u00e3o continuamente vari\u00e1vel (CVT) e tra\u00e7\u00e3o integral sob demanda. O CR-V tem pre\u00e7o sugerido de R$ 264.900, exceto para Estado de S\u00e3o Paulo e cidade de Manaus, AM.<\/p>\n\n\n\n<p><em>Texto da equipe &#8211; Fotos: divulga\u00e7\u00e3o<\/em><br><br><\/p>\n","protected":false},"excerpt":{"rendered":"<p>A Honda traz ao Brasil o CR-V 2021 com atualiza\u00e7\u00f5es de estilo e equipamentos. O utilit\u00e1rio esporte m\u00e9dio passa a ter o pacote Sensing de assist\u00eancia ao condutor, que inclui controlador de dist\u00e2ncia ao tr\u00e1fego \u00e0 frente, alerta de risco de colis\u00e3o com frenagem aut\u00f4noma e assist\u00eancia para manter o carro na faixa de rolamento.<\/p>\n","protected":false},"author":6,"featured_media":126875,"comment_status":"open","ping_status":"closed","sticky":false,"template":"","format":"standard","meta":{"_joinchat":[],"footnotes":""},"categories":[3602,8],"tags":[391,812,4499,82,94,349],"class_list":["post-126874","post","type-post","status-publish","format-standard","has-post-thumbnail","hentry","category-fora-de-estrada","category-noticias","tag-4x4","tag-cr-v","tag-cr-v-touring","tag-honda","tag-noticias-2","tag-utilitario-esporte"],"amp_enabled":true,"_links":{"self":[{"href":"https:\/\/autolivraria.com.br\/bc\/wp-json\/wp\/v2\/posts\/126874","targetHints":{"allow":["GET"]}}],"collection":[{"href":"https:\/\/autolivraria.com.br\/bc\/wp-json\/wp\/v2\/posts"}],"about":[{"href":"https:\/\/autolivraria.com.br\/bc\/wp-json\/wp\/v2\/types\/post"}],"author":[{"embeddable":true,"href":"https:\/\/autolivraria.com.br\/bc\/wp-json\/wp\/v2\/users\/6"}],"replies":[{"embeddable":true,"href":"https:\/\/autolivraria.com.br\/bc\/wp-json\/wp\/v2\/comments?post=126874"}],"version-history":[{"count":0,"href":"https:\/\/autolivraria.com.br\/bc\/wp-json\/wp\/v2\/posts\/126874\/revisions"}],"wp:featuredmedia":[{"embeddable":true,"href":"https:\/\/autolivraria.com.br\/bc\/wp-json\/wp\/v2\/media\/126875"}],"wp:attachment":[{"href":"https:\/\/autolivraria.com.br\/bc\/wp-json\/wp\/v2\/media?parent=126874"}],"wp:term":[{"taxonomy":"category","embeddable":true,"href":"https:\/\/autolivraria.com.br\/bc\/wp-json\/wp\/v2\/categories?post=126874"},{"taxonomy":"post_tag","embeddable":true,"href":"https:\/\/autolivraria.com.br\/bc\/wp-json\/wp\/v2\/tags?post=126874"}],"curies":[{"name":"wp","href":"https:\/\/api.w.org\/{rel}","templated":true}]}}