{"id":1285,"date":"2012-01-01T22:00:08","date_gmt":"2012-01-02T01:00:08","guid":{"rendered":"http:\/\/bestcars.uol.com.br\/bc\/?p=1285"},"modified":"2012-12-17T16:13:14","modified_gmt":"2012-12-17T19:13:14","slug":"bmw-e-mini-avaliacoes-anteriores","status":"publish","type":"post","link":"https:\/\/autolivraria.com.br\/bc\/informe-se\/avaliacao\/bmw-e-mini-avaliacoes-anteriores\/","title":{"rendered":"BMW e Mini &#8211; avalia\u00e7\u00f5es anteriores"},"content":{"rendered":"<p><a href=\"https:\/\/www.autolivraria.com.br\/testes3\/bmw-serie1-m-coupe-1.htm\"><img fetchpriority=\"high\" decoding=\"async\" class=\"aligncenter size-post-thumb wp-image-6239\" title=\"1 M Coupe\" src=\"https:\/\/autolivraria.com.br\/bc\/wp-content\/uploads\/2012\/07\/1-M-Coupe-470x313.jpg\" alt=\"\" width=\"470\" height=\"313\" srcset=\"https:\/\/autolivraria.com.br\/bc\/wp-content\/uploads\/2012\/07\/1-M-Coupe-470x313.jpg 470w, https:\/\/autolivraria.com.br\/bc\/wp-content\/uploads\/2012\/07\/1-M-Coupe-165x110.jpg 165w, https:\/\/autolivraria.com.br\/bc\/wp-content\/uploads\/2012\/07\/1-M-Coupe-270x179.jpg 270w, https:\/\/autolivraria.com.br\/bc\/wp-content\/uploads\/2012\/07\/1-M-Coupe.jpg 500w\" sizes=\"(max-width: 470px) 100vw, 470px\" \/><\/a><\/p>\n<p><strong>\u00a0<\/strong><\/p>\n<p><strong>2011<\/strong><\/p>\n<p><strong><\/strong><a href=\"https:\/\/www.autolivraria.com.br\/testes3\/bmw-serie1-m-coupe-1.htm\"><span style=\"color: #000000;\">S\u00e9rie 1 M Coupe: novo ca\u00e7ula dispensa conforto pela divers\u00e3o<\/span><\/a><\/p>\n<p><a href=\"https:\/\/www.autolivraria.com.br\/testes3\/bmw-x3-xdrive-35i-1.htm\"><span style=\"color: #000000;\">X3 35i tem as virtudes da marca sob a pele de um utilit\u00e1rio<\/span><\/a><\/p>\n<p>&nbsp;<\/p>\n<p><a href=\"https:\/\/www.autolivraria.com.br\/testes3\/bmw-550i-2011-1.htm\"><img decoding=\"async\" class=\"aligncenter size-post-thumb wp-image-6240 lazyload\" title=\"550i\" data-src=\"https:\/\/autolivraria.com.br\/bc\/wp-content\/uploads\/2012\/07\/550i-470x313.jpg\" alt=\"\" width=\"470\" height=\"313\" data-srcset=\"https:\/\/autolivraria.com.br\/bc\/wp-content\/uploads\/2012\/07\/550i-470x313.jpg 470w, https:\/\/autolivraria.com.br\/bc\/wp-content\/uploads\/2012\/07\/550i-165x110.jpg 165w, https:\/\/autolivraria.com.br\/bc\/wp-content\/uploads\/2012\/07\/550i-270x180.jpg 270w, https:\/\/autolivraria.com.br\/bc\/wp-content\/uploads\/2012\/07\/550i.jpg 480w\" data-sizes=\"(max-width: 470px) 100vw, 470px\" src=\"data:image\/svg+xml;base64,PHN2ZyB3aWR0aD0iMSIgaGVpZ2h0PSIxIiB4bWxucz0iaHR0cDovL3d3dy53My5vcmcvMjAwMC9zdmciPjwvc3ZnPg==\" style=\"--smush-placeholder-width: 470px; --smush-placeholder-aspect-ratio: 470\/313;\" \/><\/a><\/p>\n<p>&nbsp;<\/p>\n<p><strong>2010<\/strong><\/p>\n<p><strong><\/strong><a href=\"https:\/\/www.autolivraria.com.br\/testes3\/bmw-118i-1.htm\"><span style=\"color: #000000;\">118i: vers\u00e3o mais acess\u00edvel preserva os valores da marca<\/span><\/a><\/p>\n<p><a href=\"https:\/\/www.autolivraria.com.br\/testes3\/bmw-serie5-2011-1.htm\"><span style=\"color: #000000;\">S\u00e9rie 5 sed\u00e3 e GT mostram muito desempenho e seguran\u00e7a<\/span><\/a><\/p>\n<p><a href=\"https:\/\/www.autolivraria.com.br\/testes3\/bmw-550i-2011-1.htm\"><span style=\"color: #000000;\">550i: o sed\u00e3 de luxo que se transforma em carro esporte<\/span><\/a><\/p>\n<p><a href=\"https:\/\/www.autolivraria.com.br\/testes3\/bmw-x1-xdrive-28i-1.htm\"><span style=\"color: #000000;\">X1: com ar esportivo e 258 cv, cativa pelo comportamento<\/span><\/a><\/p>\n<p><strong>2009<\/strong><\/p>\n<p><strong><\/strong><a href=\"https:\/\/www.autolivraria.com.br\/testes3\/bmw-m3-1.htm\"><span style=\"color: #000000;\">M3: a magia de associar alto desempenho e conforto<\/span><\/a><\/p>\n<p><a href=\"https:\/\/www.autolivraria.com.br\/testes3\/mini-cooper-1.htm\"><span style=\"color: #000000;\">Mini: carro pequeno, grande em divers\u00e3o, a pre\u00e7o de luxo<\/span><\/a><\/p>\n<p><strong>2008<\/strong><\/p>\n<p><strong><\/strong><a href=\"https:\/\/www.autolivraria.com.br\/testes3\/bmw-x6-1.htm\"><span style=\"color: #000000;\">X6: um misto de utilit\u00e1rio esporte e cup\u00ea com mais de 300 cv<\/span><\/a><\/p>\n<p><a href=\"https:\/\/www.autolivraria.com.br\/testes3\/bmw-x6-35i-1.htm\"><span style=\"color: #000000;\">X6 xDrive 35i: um apelo \u00e0 emo\u00e7\u00e3o, do desenho \u00e0 mec\u00e2nica<\/span><\/a><\/p>\n<p><strong>2007<\/strong><\/p>\n<p><strong><\/strong><a href=\"https:\/\/www.autolivraria.com.br\/testes3\/bmw-x5-1.htm\"><span style=\"color: #000000;\">X5: segunda gera\u00e7\u00e3o evolui para buscar a lideran\u00e7a na classe<\/span><\/a><\/p>\n<p><strong>2006<\/strong><\/p>\n<p><strong><\/strong><a href=\"https:\/\/www.autolivraria.com.br\/testes2\/bmw-550i-1.htm\"><span style=\"color: #000000;\">550i: quando R$ 400 mil trazem o melhor do Primeiro Mundo<\/span><\/a><\/p>\n<p><strong>2005<\/strong><\/p>\n<p><strong><\/strong><a href=\"https:\/\/www.autolivraria.com.br\/testes2\/bmw3-1.htm\"><span style=\"color: #000000;\">S\u00e9rie 3: a quinta gera\u00e7\u00e3o do m\u00e9dio impressiona pela tecnologia<\/span><\/a><\/p>\n<p><strong>2004<\/strong><\/p>\n<p><strong><\/strong><a href=\"https:\/\/www.autolivraria.com.br\/testes2\/x3-1.htm\"><span style=\"color: #000000;\">X3: com plataforma da S\u00e9rie 3, combina conforto e valentia<\/span><\/a><\/p>\n<p><strong>2002<\/strong><\/p>\n<p><strong><\/strong><a href=\"https:\/\/www.autolivraria.com.br\/testes\/325-1.htm\"><span style=\"color: #000000;\">325i: um sed\u00e3 familiar pode divertir como um carro esporte<\/span><\/a><\/p>\n<p><strong>2001<\/strong><\/p>\n<p><strong><\/strong><span style=\"color: #000000;\"><a href=\"https:\/\/www.autolivraria.com.br\/testes\/530-1.htm\"><span style=\"color: #000000;\">530i: como evoluir sem perder as melhores tradi\u00e7\u00f5es da marca<\/span><\/a><\/span><\/p>\n<p>&nbsp;<\/p>\n","protected":false},"excerpt":{"rendered":"<p>\u00a0 2011 S\u00e9rie 1 M Coupe: novo ca\u00e7ula dispensa conforto pela divers\u00e3o X3 35i tem as virtudes da marca sob a pele de um utilit\u00e1rio &nbsp; &nbsp; 2010 118i: vers\u00e3o mais acess\u00edvel preserva os valores da marca S\u00e9rie 5 sed\u00e3 e GT mostram muito desempenho e seguran\u00e7a 550i: o sed\u00e3 de luxo que se transforma<\/p>\n","protected":false},"author":6,"featured_media":1287,"comment_status":"closed","ping_status":"closed","sticky":false,"template":"","format":"standard","meta":{"_joinchat":[],"footnotes":""},"categories":[3,1823,3618],"tags":[879,883,880,882,881,80,62,272,98,876,877,277,278,878,721,720,647],"class_list":["post-1285","post","type-post","status-publish","format-standard","has-post-thumbnail","hentry","category-avaliacao","category-bmw-avaliacao","category-mini","tag-1-m-coupe","tag-118i","tag-325i","tag-530i","tag-550i","tag-avaliacao-2","tag-bmw","tag-m3","tag-mini","tag-mini-cooper","tag-serie-1","tag-serie-3","tag-serie-5","tag-x1","tag-x3","tag-x5","tag-x6"],"amp_enabled":true,"_links":{"self":[{"href":"https:\/\/autolivraria.com.br\/bc\/wp-json\/wp\/v2\/posts\/1285","targetHints":{"allow":["GET"]}}],"collection":[{"href":"https:\/\/autolivraria.com.br\/bc\/wp-json\/wp\/v2\/posts"}],"about":[{"href":"https:\/\/autolivraria.com.br\/bc\/wp-json\/wp\/v2\/types\/post"}],"author":[{"embeddable":true,"href":"https:\/\/autolivraria.com.br\/bc\/wp-json\/wp\/v2\/users\/6"}],"replies":[{"embeddable":true,"href":"https:\/\/autolivraria.com.br\/bc\/wp-json\/wp\/v2\/comments?post=1285"}],"version-history":[{"count":0,"href":"https:\/\/autolivraria.com.br\/bc\/wp-json\/wp\/v2\/posts\/1285\/revisions"}],"wp:featuredmedia":[{"embeddable":true,"href":"https:\/\/autolivraria.com.br\/bc\/wp-json\/wp\/v2\/media\/1287"}],"wp:attachment":[{"href":"https:\/\/autolivraria.com.br\/bc\/wp-json\/wp\/v2\/media?parent=1285"}],"wp:term":[{"taxonomy":"category","embeddable":true,"href":"https:\/\/autolivraria.com.br\/bc\/wp-json\/wp\/v2\/categories?post=1285"},{"taxonomy":"post_tag","embeddable":true,"href":"https:\/\/autolivraria.com.br\/bc\/wp-json\/wp\/v2\/tags?post=1285"}],"curies":[{"name":"wp","href":"https:\/\/api.w.org\/{rel}","templated":true}]}}