{"id":130086,"date":"2025-06-17T14:10:58","date_gmt":"2025-06-17T17:10:58","guid":{"rendered":"https:\/\/bestcars.com.br\/bc\/?p=130086"},"modified":"2025-06-17T14:10:59","modified_gmt":"2025-06-17T17:10:59","slug":"quadros-decorativos-ford-corcel-belina-pampa","status":"publish","type":"post","link":"https:\/\/autolivraria.com.br\/bc\/auto-livraria\/al-ford\/quadros-decorativos-ford-corcel-belina-pampa\/","title":{"rendered":"Ford Corcel, Belina e Pampa: quadros de uma fam\u00edlia duradoura"},"content":{"rendered":"\n<figure class=\"wp-block-image alignwide size-large\"><a href=\"https:\/\/autolivraria.com.br\/bc\/wp-content\/uploads\/2024\/05\/Corcel.jpg\"><img fetchpriority=\"high\" decoding=\"async\" width=\"750\" height=\"500\" src=\"https:\/\/autolivraria.com.br\/bc\/wp-content\/uploads\/2024\/05\/Corcel-750x500.jpg\" alt=\"\" class=\"wp-image-146985\" srcset=\"https:\/\/autolivraria.com.br\/bc\/wp-content\/uploads\/2024\/05\/Corcel-750x500.jpg 750w, https:\/\/autolivraria.com.br\/bc\/wp-content\/uploads\/2024\/05\/Corcel-370x247.jpg 370w, https:\/\/autolivraria.com.br\/bc\/wp-content\/uploads\/2024\/05\/Corcel.jpg 1024w\" sizes=\"(max-width: 750px) 100vw, 750px\" \/><\/a><\/figure>\n\n\n\n<p><br><br>Robustos, econ\u00f4micos e bem-acabados, os carros da linha Ford Corcel formaram uma fam\u00edlia diversificada e longeva. Foram quase 30 anos entre as duas gera\u00e7\u00f5es, sendo que a primeira teve cup\u00ea, sed\u00e3 de quatro portas e perua Belina. Na segunda, al\u00e9m do sed\u00e3 de duas portas e da Belina, existiu a picape Pampa.<\/p>\n\n\n\n<p>Na <strong>Auto Livraria Best Cars<\/strong> os &#8220;corcelistas&#8221; encontram quadros decorativos de v\u00e1rios modelos, vers\u00f5es e anos da linha, feitos com <strong>mat\u00e9rias e propagandas aut\u00eanticas de \u00e9poca, sem reprodu\u00e7\u00f5es.<\/strong><\/p>\n\n\n\n<p>Perfeitos para decorar seu escrit\u00f3rio ou garagem e para presentear quem tamb\u00e9m tem paix\u00e3o pelos carros, os quadros v\u00eam completos com moldura de madeira de reflorestamento, prote\u00e7\u00e3o em acetato (pl\u00e1stico transparente) e gancho para pendurar. Sua oferta limitada garante uma exclusividade que n\u00e3o h\u00e1 nos quadros feitos em massa com imagens reproduzidas.<br><br><\/p>\n\n\n\n<figure class=\"wp-block-image alignwide size-full\"><img decoding=\"async\" width=\"750\" height=\"401\" data-src=\"https:\/\/autolivraria.com.br\/bc\/wp-content\/uploads\/2021\/07\/Moldura-com-apontamentos-2-750.jpg\" alt=\"\" class=\"wp-image-129112 lazyload\" data-srcset=\"https:\/\/autolivraria.com.br\/bc\/wp-content\/uploads\/2021\/07\/Moldura-com-apontamentos-2-750.jpg 750w, https:\/\/autolivraria.com.br\/bc\/wp-content\/uploads\/2021\/07\/Moldura-com-apontamentos-2-750-370x198.jpg 370w\" data-sizes=\"(max-width: 750px) 100vw, 750px\" src=\"data:image\/svg+xml;base64,PHN2ZyB3aWR0aD0iMSIgaGVpZ2h0PSIxIiB4bWxucz0iaHR0cDovL3d3dy53My5vcmcvMjAwMC9zdmciPjwvc3ZnPg==\" style=\"--smush-placeholder-width: 750px; --smush-placeholder-aspect-ratio: 750\/401;\" \/><\/figure>\n\n\n\n<p><br>Para comprar, envie uma mensagem abaixo ou pelo <a rel=\"noreferrer noopener\" href=\"http:\/\/wa.me\/5512997792817\" target=\"_blank\">Whatsapp (12) 99779-2817<\/a> com o n\u00famero do item ou dos itens que deseja.<\/p>\n\n\n\n<p>\u2022&nbsp;<strong>Frete:<\/strong>&nbsp;<\/p>\n\n\n\n<p>Estado de S\u00e3o Paulo &#8211; R$ 25<br>Estados de ES, GO, MG, PR, RJ, RS, SC e o DF &#8211; R$ 28<br>V\u00e1lidos para at\u00e9 2 quadros m\u00e9dios ou 1 quadro grande. Consulte para maior quantidade e outros estados.<\/p>\n\n\n\n<p>\u2022 <strong>Formas de pagamento: <\/strong>pix, boleto e transfer\u00eancia banc\u00e1ria. Tamb\u00e9m com cart\u00e3o pelo Mercado Pago (+ 10%).<\/p>\n\n\n\n<p class=\"has-small-font-size\"><br><strong>Observa\u00e7\u00f5es:<\/strong><br>\u2022 O produto pode apresentar pequenas diferen\u00e7as de aspecto e propor\u00e7\u00e3o em rela\u00e7\u00e3o \u00e0 montagem digital das imagens mostradas aqui.<\/p>\n\n\n\n<p class=\"has-small-font-size\">\u2022 Por se tratar de p\u00e1ginas originais de revistas antigas, os itens podem apresentar-se amarelados ou com outras marcas do tempo.<\/p>\n\n\n\n<p class=\"has-small-font-size\">\u2022 No caso do quadro grande horizontal, por se tratar de duas p\u00e1ginas separadas, com o corte do trecho serrilhado, sua jun\u00e7\u00e3o para compor o quadro pode ter pequena perda de conte\u00fado.<\/p>\n\n\n\n<div style=\"height:50px\" aria-hidden=\"true\" class=\"wp-block-spacer\"><\/div>\n\n\n\n<h2 class=\"wp-block-heading\"><strong>Quadros grandes &#8211; Linha Ford Corcel I<\/strong><\/h2>\n\n\n\n<p>\u2022 40 x 27 cm (\u00e1rea ilustrada) e 44 x 31 cm (com moldura)<\/p>\n\n\n\n<figure class=\"wp-block-gallery aligncenter has-nested-images columns-1 wp-block-gallery-1 is-layout-flex wp-block-gallery-is-layout-flex\">\n<figure class=\"wp-block-image size-full\"><a href=\"https:\/\/autolivraria.com.br\/bc\/wp-content\/uploads\/2023\/10\/Corcel-1970.jpg\"><img decoding=\"async\" width=\"750\" height=\"565\" data-id=\"146367\" data-src=\"https:\/\/autolivraria.com.br\/bc\/wp-content\/uploads\/2023\/10\/Corcel-1970.jpg\" alt=\"\" class=\"wp-image-146367 lazyload\" data-srcset=\"https:\/\/autolivraria.com.br\/bc\/wp-content\/uploads\/2023\/10\/Corcel-1970.jpg 750w, https:\/\/autolivraria.com.br\/bc\/wp-content\/uploads\/2023\/10\/Corcel-1970-370x279.jpg 370w\" data-sizes=\"(max-width: 750px) 100vw, 750px\" src=\"data:image\/svg+xml;base64,PHN2ZyB3aWR0aD0iMSIgaGVpZ2h0PSIxIiB4bWxucz0iaHR0cDovL3d3dy53My5vcmcvMjAwMC9zdmciPjwvc3ZnPg==\" style=\"--smush-placeholder-width: 750px; --smush-placeholder-aspect-ratio: 750\/565;\" \/><\/a><figcaption class=\"wp-element-caption\">G1 &#8211; Corcel 1970 &#8211; R$ 119<\/figcaption><\/figure>\n\n\n\n<figure class=\"wp-block-image size-full\"><a href=\"https:\/\/autolivraria.com.br\/bc\/wp-content\/uploads\/2024\/02\/Corcel-1971.jpg\"><img decoding=\"async\" width=\"750\" height=\"565\" data-id=\"146845\" data-src=\"https:\/\/autolivraria.com.br\/bc\/wp-content\/uploads\/2024\/02\/Corcel-1971.jpg\" alt=\"\" class=\"wp-image-146845 lazyload\" data-srcset=\"https:\/\/autolivraria.com.br\/bc\/wp-content\/uploads\/2024\/02\/Corcel-1971.jpg 750w, https:\/\/autolivraria.com.br\/bc\/wp-content\/uploads\/2024\/02\/Corcel-1971-370x279.jpg 370w\" data-sizes=\"(max-width: 750px) 100vw, 750px\" src=\"data:image\/svg+xml;base64,PHN2ZyB3aWR0aD0iMSIgaGVpZ2h0PSIxIiB4bWxucz0iaHR0cDovL3d3dy53My5vcmcvMjAwMC9zdmciPjwvc3ZnPg==\" style=\"--smush-placeholder-width: 750px; --smush-placeholder-aspect-ratio: 750\/565;\" \/><\/a><figcaption class=\"wp-element-caption\">G2 &#8211; Corcel 1971 &#8211; R$ 119<\/figcaption><\/figure>\n\n\n\n<figure class=\"wp-block-image aligncenter size-full\"><a href=\"https:\/\/autolivraria.com.br\/bc\/wp-content\/uploads\/2024\/05\/Dodge-Charger-RT-1971-e-outros.jpg\"><img decoding=\"async\" width=\"565\" height=\"750\" data-id=\"146929\" data-src=\"https:\/\/autolivraria.com.br\/bc\/wp-content\/uploads\/2024\/05\/Dodge-Charger-RT-1971-e-outros.jpg\" alt=\"\" class=\"wp-image-146929 lazyload\" data-srcset=\"https:\/\/autolivraria.com.br\/bc\/wp-content\/uploads\/2024\/05\/Dodge-Charger-RT-1971-e-outros.jpg 565w, https:\/\/autolivraria.com.br\/bc\/wp-content\/uploads\/2024\/05\/Dodge-Charger-RT-1971-e-outros-370x491.jpg 370w\" data-sizes=\"(max-width: 565px) 100vw, 565px\" src=\"data:image\/svg+xml;base64,PHN2ZyB3aWR0aD0iMSIgaGVpZ2h0PSIxIiB4bWxucz0iaHR0cDovL3d3dy53My5vcmcvMjAwMC9zdmciPjwvc3ZnPg==\" style=\"--smush-placeholder-width: 565px; --smush-placeholder-aspect-ratio: 565\/750;\" \/><\/a><figcaption class=\"wp-element-caption\">G3 &#8211; Corcel GT 1971 e outros &#8211; R$ 119<\/figcaption><\/figure>\n\n\n\n<figure class=\"wp-block-image size-full\"><a href=\"https:\/\/autolivraria.com.br\/bc\/wp-content\/uploads\/2024\/02\/Corcel-1971-2.jpg\"><img decoding=\"async\" width=\"750\" height=\"565\" data-id=\"146975\" data-src=\"https:\/\/autolivraria.com.br\/bc\/wp-content\/uploads\/2024\/02\/Corcel-1971-2.jpg\" alt=\"\" class=\"wp-image-146975 lazyload\" data-srcset=\"https:\/\/autolivraria.com.br\/bc\/wp-content\/uploads\/2024\/02\/Corcel-1971-2.jpg 750w, https:\/\/autolivraria.com.br\/bc\/wp-content\/uploads\/2024\/02\/Corcel-1971-2-370x279.jpg 370w\" data-sizes=\"(max-width: 750px) 100vw, 750px\" src=\"data:image\/svg+xml;base64,PHN2ZyB3aWR0aD0iMSIgaGVpZ2h0PSIxIiB4bWxucz0iaHR0cDovL3d3dy53My5vcmcvMjAwMC9zdmciPjwvc3ZnPg==\" style=\"--smush-placeholder-width: 750px; --smush-placeholder-aspect-ratio: 750\/565;\" \/><\/a><figcaption class=\"wp-element-caption\">G4 &#8211; Corcel 1971 &#8211; R$ 119<\/figcaption><\/figure>\n\n\n\n<figure class=\"wp-block-image size-full\"><a href=\"https:\/\/autolivraria.com.br\/bc\/wp-content\/uploads\/2024\/02\/Corcel-1973.jpg\"><img decoding=\"async\" width=\"750\" height=\"565\" data-id=\"146976\" data-src=\"https:\/\/autolivraria.com.br\/bc\/wp-content\/uploads\/2024\/02\/Corcel-1973.jpg\" alt=\"\" class=\"wp-image-146976 lazyload\" data-srcset=\"https:\/\/autolivraria.com.br\/bc\/wp-content\/uploads\/2024\/02\/Corcel-1973.jpg 750w, https:\/\/autolivraria.com.br\/bc\/wp-content\/uploads\/2024\/02\/Corcel-1973-370x279.jpg 370w\" data-sizes=\"(max-width: 750px) 100vw, 750px\" src=\"data:image\/svg+xml;base64,PHN2ZyB3aWR0aD0iMSIgaGVpZ2h0PSIxIiB4bWxucz0iaHR0cDovL3d3dy53My5vcmcvMjAwMC9zdmciPjwvc3ZnPg==\" style=\"--smush-placeholder-width: 750px; --smush-placeholder-aspect-ratio: 750\/565;\" \/><\/a><figcaption class=\"wp-element-caption\">G5 &#8211; Corcel 1973 &#8211; R$ 119<\/figcaption><\/figure>\n\n\n\n<figure class=\"wp-block-image size-full\"><a href=\"https:\/\/autolivraria.com.br\/bc\/wp-content\/uploads\/2023\/04\/Corcel-1975.jpg\"><img decoding=\"async\" width=\"750\" height=\"565\" data-id=\"141313\" data-src=\"https:\/\/autolivraria.com.br\/bc\/wp-content\/uploads\/2023\/04\/Corcel-1975.jpg\" alt=\"\" class=\"wp-image-141313 lazyload\" data-srcset=\"https:\/\/autolivraria.com.br\/bc\/wp-content\/uploads\/2023\/04\/Corcel-1975.jpg 750w, https:\/\/autolivraria.com.br\/bc\/wp-content\/uploads\/2023\/04\/Corcel-1975-370x279.jpg 370w\" data-sizes=\"(max-width: 750px) 100vw, 750px\" src=\"data:image\/svg+xml;base64,PHN2ZyB3aWR0aD0iMSIgaGVpZ2h0PSIxIiB4bWxucz0iaHR0cDovL3d3dy53My5vcmcvMjAwMC9zdmciPjwvc3ZnPg==\" style=\"--smush-placeholder-width: 750px; --smush-placeholder-aspect-ratio: 750\/565;\" \/><\/a><figcaption class=\"wp-element-caption\">G6 &#8211; Corcel e Belina 1975 &#8211; R$ 119<\/figcaption><\/figure>\n\n\n\n<figure class=\"wp-block-image size-full\"><a href=\"https:\/\/autolivraria.com.br\/bc\/wp-content\/uploads\/2024\/05\/Corcel-1977-2.jpg\"><img decoding=\"async\" width=\"750\" height=\"565\" data-id=\"147413\" data-src=\"https:\/\/autolivraria.com.br\/bc\/wp-content\/uploads\/2024\/05\/Corcel-1977-2.jpg\" alt=\"\" class=\"wp-image-147413 lazyload\" data-srcset=\"https:\/\/autolivraria.com.br\/bc\/wp-content\/uploads\/2024\/05\/Corcel-1977-2.jpg 750w, https:\/\/autolivraria.com.br\/bc\/wp-content\/uploads\/2024\/05\/Corcel-1977-2-370x279.jpg 370w\" data-sizes=\"(max-width: 750px) 100vw, 750px\" src=\"data:image\/svg+xml;base64,PHN2ZyB3aWR0aD0iMSIgaGVpZ2h0PSIxIiB4bWxucz0iaHR0cDovL3d3dy53My5vcmcvMjAwMC9zdmciPjwvc3ZnPg==\" style=\"--smush-placeholder-width: 750px; --smush-placeholder-aspect-ratio: 750\/565;\" \/><\/a><figcaption class=\"wp-element-caption\">G7 &#8211; Corcel 1977 &#8211; R$ 119<\/figcaption><\/figure>\n\n\n\n<figure class=\"wp-block-image size-full\"><a href=\"https:\/\/autolivraria.com.br\/bc\/wp-content\/uploads\/2023\/10\/Corcel-1977.jpg\"><img decoding=\"async\" width=\"750\" height=\"565\" data-id=\"145704\" data-src=\"https:\/\/autolivraria.com.br\/bc\/wp-content\/uploads\/2023\/10\/Corcel-1977.jpg\" alt=\"\" class=\"wp-image-145704 lazyload\" data-srcset=\"https:\/\/autolivraria.com.br\/bc\/wp-content\/uploads\/2023\/10\/Corcel-1977.jpg 750w, https:\/\/autolivraria.com.br\/bc\/wp-content\/uploads\/2023\/10\/Corcel-1977-370x279.jpg 370w\" data-sizes=\"(max-width: 750px) 100vw, 750px\" src=\"data:image\/svg+xml;base64,PHN2ZyB3aWR0aD0iMSIgaGVpZ2h0PSIxIiB4bWxucz0iaHR0cDovL3d3dy53My5vcmcvMjAwMC9zdmciPjwvc3ZnPg==\" style=\"--smush-placeholder-width: 750px; --smush-placeholder-aspect-ratio: 750\/565;\" \/><\/a><figcaption class=\"wp-element-caption\">G8 &#8211; Corcel 1977 &#8211; R$ 119<\/figcaption><\/figure>\n\n\n\n<figure class=\"wp-block-image size-full\"><a href=\"https:\/\/autolivraria.com.br\/bc\/wp-content\/uploads\/2023\/04\/Belina-70-2.jpg\"><img decoding=\"async\" width=\"750\" height=\"565\" data-id=\"141312\" data-src=\"https:\/\/autolivraria.com.br\/bc\/wp-content\/uploads\/2023\/04\/Belina-70-2.jpg\" alt=\"\" class=\"wp-image-141312 lazyload\" data-srcset=\"https:\/\/autolivraria.com.br\/bc\/wp-content\/uploads\/2023\/04\/Belina-70-2.jpg 750w, https:\/\/autolivraria.com.br\/bc\/wp-content\/uploads\/2023\/04\/Belina-70-2-370x279.jpg 370w\" data-sizes=\"(max-width: 750px) 100vw, 750px\" src=\"data:image\/svg+xml;base64,PHN2ZyB3aWR0aD0iMSIgaGVpZ2h0PSIxIiB4bWxucz0iaHR0cDovL3d3dy53My5vcmcvMjAwMC9zdmciPjwvc3ZnPg==\" style=\"--smush-placeholder-width: 750px; --smush-placeholder-aspect-ratio: 750\/565;\" \/><\/a><figcaption class=\"wp-element-caption\">G9 &#8211; Belina 1970 &#8211; R$ 149<\/figcaption><\/figure>\n\n\n\n<figure class=\"wp-block-image size-full\"><a href=\"https:\/\/autolivraria.com.br\/bc\/wp-content\/uploads\/2024\/05\/Belina-70-3.jpg\"><img decoding=\"async\" width=\"750\" height=\"565\" data-id=\"147411\" data-src=\"https:\/\/autolivraria.com.br\/bc\/wp-content\/uploads\/2024\/05\/Belina-70-3.jpg\" alt=\"\" class=\"wp-image-147411 lazyload\" data-srcset=\"https:\/\/autolivraria.com.br\/bc\/wp-content\/uploads\/2024\/05\/Belina-70-3.jpg 750w, https:\/\/autolivraria.com.br\/bc\/wp-content\/uploads\/2024\/05\/Belina-70-3-370x279.jpg 370w\" data-sizes=\"(max-width: 750px) 100vw, 750px\" src=\"data:image\/svg+xml;base64,PHN2ZyB3aWR0aD0iMSIgaGVpZ2h0PSIxIiB4bWxucz0iaHR0cDovL3d3dy53My5vcmcvMjAwMC9zdmciPjwvc3ZnPg==\" style=\"--smush-placeholder-width: 750px; --smush-placeholder-aspect-ratio: 750\/565;\" \/><\/a><figcaption class=\"wp-element-caption\">G10 &#8211; Belina 1970 &#8211; R$ 149<\/figcaption><\/figure>\n\n\n\n<figure class=\"wp-block-image size-full\"><a href=\"https:\/\/autolivraria.com.br\/bc\/wp-content\/uploads\/2021\/10\/Belina.jpg\"><img decoding=\"async\" width=\"750\" height=\"565\" data-id=\"130098\" data-src=\"https:\/\/autolivraria.com.br\/bc\/wp-content\/uploads\/2021\/10\/Belina.jpg\" alt=\"\" class=\"wp-image-130098 lazyload\" data-srcset=\"https:\/\/autolivraria.com.br\/bc\/wp-content\/uploads\/2021\/10\/Belina.jpg 750w, https:\/\/autolivraria.com.br\/bc\/wp-content\/uploads\/2021\/10\/Belina-370x279.jpg 370w, https:\/\/autolivraria.com.br\/bc\/wp-content\/uploads\/2021\/10\/Belina-600x452.jpg 600w\" data-sizes=\"(max-width: 750px) 100vw, 750px\" src=\"data:image\/svg+xml;base64,PHN2ZyB3aWR0aD0iMSIgaGVpZ2h0PSIxIiB4bWxucz0iaHR0cDovL3d3dy53My5vcmcvMjAwMC9zdmciPjwvc3ZnPg==\" style=\"--smush-placeholder-width: 750px; --smush-placeholder-aspect-ratio: 750\/565;\" \/><\/a><figcaption class=\"wp-element-caption\">G11 &#8211; Belina 1970 &#8211; R$ 119<\/figcaption><\/figure>\n\n\n\n<figure class=\"wp-block-image size-full\"><a href=\"https:\/\/autolivraria.com.br\/bc\/wp-content\/uploads\/2024\/02\/Belina-71.jpg\"><img decoding=\"async\" width=\"750\" height=\"565\" data-id=\"146974\" data-src=\"https:\/\/autolivraria.com.br\/bc\/wp-content\/uploads\/2024\/02\/Belina-71.jpg\" alt=\"\" class=\"wp-image-146974 lazyload\" data-srcset=\"https:\/\/autolivraria.com.br\/bc\/wp-content\/uploads\/2024\/02\/Belina-71.jpg 750w, https:\/\/autolivraria.com.br\/bc\/wp-content\/uploads\/2024\/02\/Belina-71-370x279.jpg 370w\" data-sizes=\"(max-width: 750px) 100vw, 750px\" src=\"data:image\/svg+xml;base64,PHN2ZyB3aWR0aD0iMSIgaGVpZ2h0PSIxIiB4bWxucz0iaHR0cDovL3d3dy53My5vcmcvMjAwMC9zdmciPjwvc3ZnPg==\" style=\"--smush-placeholder-width: 750px; --smush-placeholder-aspect-ratio: 750\/565;\" \/><\/a><figcaption class=\"wp-element-caption\">G12 &#8211; Belina 1971 &#8211; R$ 119<\/figcaption><\/figure>\n\n\n\n<figure class=\"wp-block-image size-full\"><a href=\"https:\/\/autolivraria.com.br\/bc\/wp-content\/uploads\/2021\/10\/Belina-73.jpg\"><img decoding=\"async\" width=\"750\" height=\"565\" data-id=\"130096\" data-src=\"https:\/\/autolivraria.com.br\/bc\/wp-content\/uploads\/2021\/10\/Belina-73.jpg\" alt=\"\" class=\"wp-image-130096 lazyload\" data-srcset=\"https:\/\/autolivraria.com.br\/bc\/wp-content\/uploads\/2021\/10\/Belina-73.jpg 750w, https:\/\/autolivraria.com.br\/bc\/wp-content\/uploads\/2021\/10\/Belina-73-370x279.jpg 370w, https:\/\/autolivraria.com.br\/bc\/wp-content\/uploads\/2021\/10\/Belina-73-600x452.jpg 600w\" data-sizes=\"(max-width: 750px) 100vw, 750px\" src=\"data:image\/svg+xml;base64,PHN2ZyB3aWR0aD0iMSIgaGVpZ2h0PSIxIiB4bWxucz0iaHR0cDovL3d3dy53My5vcmcvMjAwMC9zdmciPjwvc3ZnPg==\" style=\"--smush-placeholder-width: 750px; --smush-placeholder-aspect-ratio: 750\/565;\" \/><\/a><figcaption class=\"wp-element-caption\">G13 &#8211; Belina 1973 &#8211; R$ 119<\/figcaption><\/figure>\n\n\n\n<figure class=\"wp-block-image size-full\"><a href=\"https:\/\/autolivraria.com.br\/bc\/wp-content\/uploads\/2024\/02\/Belina-77-LDO.jpg\"><img decoding=\"async\" width=\"750\" height=\"565\" data-id=\"146843\" data-src=\"https:\/\/autolivraria.com.br\/bc\/wp-content\/uploads\/2024\/02\/Belina-77-LDO.jpg\" alt=\"\" class=\"wp-image-146843 lazyload\" data-srcset=\"https:\/\/autolivraria.com.br\/bc\/wp-content\/uploads\/2024\/02\/Belina-77-LDO.jpg 750w, https:\/\/autolivraria.com.br\/bc\/wp-content\/uploads\/2024\/02\/Belina-77-LDO-370x279.jpg 370w\" data-sizes=\"(max-width: 750px) 100vw, 750px\" src=\"data:image\/svg+xml;base64,PHN2ZyB3aWR0aD0iMSIgaGVpZ2h0PSIxIiB4bWxucz0iaHR0cDovL3d3dy53My5vcmcvMjAwMC9zdmciPjwvc3ZnPg==\" style=\"--smush-placeholder-width: 750px; --smush-placeholder-aspect-ratio: 750\/565;\" \/><\/a><figcaption class=\"wp-element-caption\">G14 &#8211; Belina LDO 1977 &#8211; R$ 119<\/figcaption><\/figure>\n<\/figure>\n\n\n\n<div style=\"height:50px\" aria-hidden=\"true\" class=\"wp-block-spacer\"><\/div>\n\n\n\n<h2 class=\"wp-block-heading\"><strong>Quadros grandes &#8211; Linha Ford Corcel II<\/strong><\/h2>\n\n\n\n<p>\u2022 40 x 27 cm (\u00e1rea ilustrada) e 44 x 31 cm (com moldura)<\/p>\n\n\n\n<figure class=\"wp-block-gallery aligncenter has-nested-images columns-1 wp-block-gallery-2 is-layout-flex wp-block-gallery-is-layout-flex\">\n<figure class=\"wp-block-image size-full\"><a href=\"https:\/\/autolivraria.com.br\/bc\/wp-content\/uploads\/2024\/05\/Corcel-1979.jpg\"><img decoding=\"async\" width=\"750\" height=\"565\" data-id=\"147414\" data-src=\"https:\/\/autolivraria.com.br\/bc\/wp-content\/uploads\/2024\/05\/Corcel-1979.jpg\" alt=\"\" class=\"wp-image-147414 lazyload\" data-srcset=\"https:\/\/autolivraria.com.br\/bc\/wp-content\/uploads\/2024\/05\/Corcel-1979.jpg 750w, https:\/\/autolivraria.com.br\/bc\/wp-content\/uploads\/2024\/05\/Corcel-1979-370x279.jpg 370w\" data-sizes=\"(max-width: 750px) 100vw, 750px\" src=\"data:image\/svg+xml;base64,PHN2ZyB3aWR0aD0iMSIgaGVpZ2h0PSIxIiB4bWxucz0iaHR0cDovL3d3dy53My5vcmcvMjAwMC9zdmciPjwvc3ZnPg==\" style=\"--smush-placeholder-width: 750px; --smush-placeholder-aspect-ratio: 750\/565;\" \/><\/a><figcaption class=\"wp-element-caption\">G15 &#8211; Corcel II 1978 &#8211; R$ 119<\/figcaption><\/figure>\n\n\n\n<figure class=\"wp-block-image size-full\"><a href=\"https:\/\/autolivraria.com.br\/bc\/wp-content\/uploads\/2022\/04\/Corcel-1980.jpg\"><img decoding=\"async\" width=\"750\" height=\"565\" data-id=\"132318\" data-src=\"https:\/\/autolivraria.com.br\/bc\/wp-content\/uploads\/2022\/04\/Corcel-1980.jpg\" alt=\"\" class=\"wp-image-132318 lazyload\" data-srcset=\"https:\/\/autolivraria.com.br\/bc\/wp-content\/uploads\/2022\/04\/Corcel-1980.jpg 750w, https:\/\/autolivraria.com.br\/bc\/wp-content\/uploads\/2022\/04\/Corcel-1980-370x279.jpg 370w\" data-sizes=\"(max-width: 750px) 100vw, 750px\" src=\"data:image\/svg+xml;base64,PHN2ZyB3aWR0aD0iMSIgaGVpZ2h0PSIxIiB4bWxucz0iaHR0cDovL3d3dy53My5vcmcvMjAwMC9zdmciPjwvc3ZnPg==\" style=\"--smush-placeholder-width: 750px; --smush-placeholder-aspect-ratio: 750\/565;\" \/><\/a><figcaption class=\"wp-element-caption\">G16 &#8211; Corcel II 1980 &#8211; R$ 119<\/figcaption><\/figure>\n\n\n\n<figure class=\"wp-block-image size-full\"><a href=\"https:\/\/autolivraria.com.br\/bc\/wp-content\/uploads\/2022\/04\/Corcel-1983.jpg\"><img decoding=\"async\" width=\"750\" height=\"565\" data-id=\"132319\" data-src=\"https:\/\/autolivraria.com.br\/bc\/wp-content\/uploads\/2022\/04\/Corcel-1983.jpg\" alt=\"\" class=\"wp-image-132319 lazyload\" data-srcset=\"https:\/\/autolivraria.com.br\/bc\/wp-content\/uploads\/2022\/04\/Corcel-1983.jpg 750w, https:\/\/autolivraria.com.br\/bc\/wp-content\/uploads\/2022\/04\/Corcel-1983-370x279.jpg 370w\" data-sizes=\"(max-width: 750px) 100vw, 750px\" src=\"data:image\/svg+xml;base64,PHN2ZyB3aWR0aD0iMSIgaGVpZ2h0PSIxIiB4bWxucz0iaHR0cDovL3d3dy53My5vcmcvMjAwMC9zdmciPjwvc3ZnPg==\" style=\"--smush-placeholder-width: 750px; --smush-placeholder-aspect-ratio: 750\/565;\" \/><\/a><figcaption class=\"wp-element-caption\">G17 &#8211; Corcel II e Belina 1983 &#8211; R$ 119<\/figcaption><\/figure>\n\n\n\n<figure class=\"wp-block-image size-full\"><a href=\"https:\/\/autolivraria.com.br\/bc\/wp-content\/uploads\/2021\/12\/Corcel-1985.jpg\"><img decoding=\"async\" width=\"750\" height=\"565\" data-id=\"130893\" data-src=\"https:\/\/autolivraria.com.br\/bc\/wp-content\/uploads\/2021\/12\/Corcel-1985.jpg\" alt=\"\" class=\"wp-image-130893 lazyload\" data-srcset=\"https:\/\/autolivraria.com.br\/bc\/wp-content\/uploads\/2021\/12\/Corcel-1985.jpg 750w, https:\/\/autolivraria.com.br\/bc\/wp-content\/uploads\/2021\/12\/Corcel-1985-370x279.jpg 370w\" data-sizes=\"(max-width: 750px) 100vw, 750px\" src=\"data:image\/svg+xml;base64,PHN2ZyB3aWR0aD0iMSIgaGVpZ2h0PSIxIiB4bWxucz0iaHR0cDovL3d3dy53My5vcmcvMjAwMC9zdmciPjwvc3ZnPg==\" style=\"--smush-placeholder-width: 750px; --smush-placeholder-aspect-ratio: 750\/565;\" \/><\/a><figcaption class=\"wp-element-caption\">G18 &#8211; Corcel e Belina 1985 &#8211; R$ 119<\/figcaption><\/figure>\n\n\n\n<figure class=\"wp-block-image size-full\"><a href=\"https:\/\/autolivraria.com.br\/bc\/wp-content\/uploads\/2023\/04\/Del-Rey-Corcel-Escort-1986.jpg\"><img decoding=\"async\" width=\"750\" height=\"565\" data-id=\"141323\" data-src=\"https:\/\/autolivraria.com.br\/bc\/wp-content\/uploads\/2023\/04\/Del-Rey-Corcel-Escort-1986.jpg\" alt=\"\" class=\"wp-image-141323 lazyload\" data-srcset=\"https:\/\/autolivraria.com.br\/bc\/wp-content\/uploads\/2023\/04\/Del-Rey-Corcel-Escort-1986.jpg 750w, https:\/\/autolivraria.com.br\/bc\/wp-content\/uploads\/2023\/04\/Del-Rey-Corcel-Escort-1986-370x279.jpg 370w\" data-sizes=\"(max-width: 750px) 100vw, 750px\" src=\"data:image\/svg+xml;base64,PHN2ZyB3aWR0aD0iMSIgaGVpZ2h0PSIxIiB4bWxucz0iaHR0cDovL3d3dy53My5vcmcvMjAwMC9zdmciPjwvc3ZnPg==\" style=\"--smush-placeholder-width: 750px; --smush-placeholder-aspect-ratio: 750\/565;\" \/><\/a><figcaption class=\"wp-element-caption\">G19 &#8211; Corcel, Escort e Del Rey 1986 &#8211; R$ 119<\/figcaption><\/figure>\n\n\n\n<figure class=\"wp-block-image size-full\"><a href=\"https:\/\/autolivraria.com.br\/bc\/wp-content\/uploads\/2024\/05\/Belina-85-4x4-1.jpg\"><img decoding=\"async\" width=\"750\" height=\"565\" data-id=\"147412\" data-src=\"https:\/\/autolivraria.com.br\/bc\/wp-content\/uploads\/2024\/05\/Belina-85-4x4-1.jpg\" alt=\"\" class=\"wp-image-147412 lazyload\" data-srcset=\"https:\/\/autolivraria.com.br\/bc\/wp-content\/uploads\/2024\/05\/Belina-85-4x4-1.jpg 750w, https:\/\/autolivraria.com.br\/bc\/wp-content\/uploads\/2024\/05\/Belina-85-4x4-1-370x279.jpg 370w\" data-sizes=\"(max-width: 750px) 100vw, 750px\" src=\"data:image\/svg+xml;base64,PHN2ZyB3aWR0aD0iMSIgaGVpZ2h0PSIxIiB4bWxucz0iaHR0cDovL3d3dy53My5vcmcvMjAwMC9zdmciPjwvc3ZnPg==\" style=\"--smush-placeholder-width: 750px; --smush-placeholder-aspect-ratio: 750\/565;\" \/><\/a><figcaption class=\"wp-element-caption\">G20 &#8211; Belina 4&#215;4 1985 &#8211; R$ 119<\/figcaption><\/figure>\n\n\n\n<figure class=\"wp-block-image size-full\"><a href=\"https:\/\/autolivraria.com.br\/bc\/wp-content\/uploads\/2021\/12\/Pampa-82-1.jpg\"><img decoding=\"async\" width=\"750\" height=\"565\" data-id=\"130892\" data-src=\"https:\/\/autolivraria.com.br\/bc\/wp-content\/uploads\/2021\/12\/Pampa-82-1.jpg\" alt=\"\" class=\"wp-image-130892 lazyload\" data-srcset=\"https:\/\/autolivraria.com.br\/bc\/wp-content\/uploads\/2021\/12\/Pampa-82-1.jpg 750w, https:\/\/autolivraria.com.br\/bc\/wp-content\/uploads\/2021\/12\/Pampa-82-1-370x279.jpg 370w\" data-sizes=\"(max-width: 750px) 100vw, 750px\" src=\"data:image\/svg+xml;base64,PHN2ZyB3aWR0aD0iMSIgaGVpZ2h0PSIxIiB4bWxucz0iaHR0cDovL3d3dy53My5vcmcvMjAwMC9zdmciPjwvc3ZnPg==\" style=\"--smush-placeholder-width: 750px; --smush-placeholder-aspect-ratio: 750\/565;\" \/><\/a><figcaption class=\"wp-element-caption\">G21 &#8211; Pampa 1982 &#8211; R$ 119<\/figcaption><\/figure>\n\n\n\n<figure class=\"wp-block-image size-full\"><a href=\"https:\/\/autolivraria.com.br\/bc\/wp-content\/uploads\/2024\/05\/Pampa-1982-2.jpg\"><img decoding=\"async\" width=\"750\" height=\"565\" data-id=\"147416\" data-src=\"https:\/\/autolivraria.com.br\/bc\/wp-content\/uploads\/2024\/05\/Pampa-1982-2.jpg\" alt=\"\" class=\"wp-image-147416 lazyload\" data-srcset=\"https:\/\/autolivraria.com.br\/bc\/wp-content\/uploads\/2024\/05\/Pampa-1982-2.jpg 750w, https:\/\/autolivraria.com.br\/bc\/wp-content\/uploads\/2024\/05\/Pampa-1982-2-370x279.jpg 370w\" data-sizes=\"(max-width: 750px) 100vw, 750px\" src=\"data:image\/svg+xml;base64,PHN2ZyB3aWR0aD0iMSIgaGVpZ2h0PSIxIiB4bWxucz0iaHR0cDovL3d3dy53My5vcmcvMjAwMC9zdmciPjwvc3ZnPg==\" style=\"--smush-placeholder-width: 750px; --smush-placeholder-aspect-ratio: 750\/565;\" \/><\/a><figcaption class=\"wp-element-caption\">G22 &#8211; Pampa 1982 &#8211; R$ 119<\/figcaption><\/figure>\n\n\n\n<figure class=\"wp-block-image size-full\"><a href=\"https:\/\/autolivraria.com.br\/bc\/wp-content\/uploads\/2024\/05\/Pampa-1982.jpg\"><img decoding=\"async\" width=\"750\" height=\"565\" data-id=\"147415\" data-src=\"https:\/\/autolivraria.com.br\/bc\/wp-content\/uploads\/2024\/05\/Pampa-1982.jpg\" alt=\"\" class=\"wp-image-147415 lazyload\" data-srcset=\"https:\/\/autolivraria.com.br\/bc\/wp-content\/uploads\/2024\/05\/Pampa-1982.jpg 750w, https:\/\/autolivraria.com.br\/bc\/wp-content\/uploads\/2024\/05\/Pampa-1982-370x279.jpg 370w\" data-sizes=\"(max-width: 750px) 100vw, 750px\" src=\"data:image\/svg+xml;base64,PHN2ZyB3aWR0aD0iMSIgaGVpZ2h0PSIxIiB4bWxucz0iaHR0cDovL3d3dy53My5vcmcvMjAwMC9zdmciPjwvc3ZnPg==\" style=\"--smush-placeholder-width: 750px; --smush-placeholder-aspect-ratio: 750\/565;\" \/><\/a><figcaption class=\"wp-element-caption\">G23 &#8211; Pampa 1982 &#8211; R$ 119<\/figcaption><\/figure>\n\n\n\n<figure class=\"wp-block-image size-full\"><a href=\"https:\/\/autolivraria.com.br\/bc\/wp-content\/uploads\/2022\/04\/Pampa-4x4-e-4X2.jpg\"><img decoding=\"async\" width=\"750\" height=\"565\" data-id=\"132321\" data-src=\"https:\/\/autolivraria.com.br\/bc\/wp-content\/uploads\/2022\/04\/Pampa-4x4-e-4X2.jpg\" alt=\"\" class=\"wp-image-132321 lazyload\" data-srcset=\"https:\/\/autolivraria.com.br\/bc\/wp-content\/uploads\/2022\/04\/Pampa-4x4-e-4X2.jpg 750w, https:\/\/autolivraria.com.br\/bc\/wp-content\/uploads\/2022\/04\/Pampa-4x4-e-4X2-370x279.jpg 370w\" data-sizes=\"(max-width: 750px) 100vw, 750px\" src=\"data:image\/svg+xml;base64,PHN2ZyB3aWR0aD0iMSIgaGVpZ2h0PSIxIiB4bWxucz0iaHR0cDovL3d3dy53My5vcmcvMjAwMC9zdmciPjwvc3ZnPg==\" style=\"--smush-placeholder-width: 750px; --smush-placeholder-aspect-ratio: 750\/565;\" \/><\/a><figcaption class=\"wp-element-caption\">G24 &#8211; Pampa 1984 &#8211; R$ 139<\/figcaption><\/figure>\n\n\n\n<figure class=\"wp-block-image size-full\"><a href=\"https:\/\/autolivraria.com.br\/bc\/wp-content\/uploads\/2024\/07\/Pampa-4x4-1984.jpg\"><img decoding=\"async\" width=\"750\" height=\"565\" data-id=\"148142\" data-src=\"https:\/\/autolivraria.com.br\/bc\/wp-content\/uploads\/2024\/07\/Pampa-4x4-1984.jpg\" alt=\"\" class=\"wp-image-148142 lazyload\" data-srcset=\"https:\/\/autolivraria.com.br\/bc\/wp-content\/uploads\/2024\/07\/Pampa-4x4-1984.jpg 750w, https:\/\/autolivraria.com.br\/bc\/wp-content\/uploads\/2024\/07\/Pampa-4x4-1984-370x279.jpg 370w\" data-sizes=\"(max-width: 750px) 100vw, 750px\" src=\"data:image\/svg+xml;base64,PHN2ZyB3aWR0aD0iMSIgaGVpZ2h0PSIxIiB4bWxucz0iaHR0cDovL3d3dy53My5vcmcvMjAwMC9zdmciPjwvc3ZnPg==\" style=\"--smush-placeholder-width: 750px; --smush-placeholder-aspect-ratio: 750\/565;\" \/><\/a><figcaption class=\"wp-element-caption\">G25 &#8211; Pampa 1984 &#8211; R$ 119<\/figcaption><\/figure>\n\n\n\n<figure class=\"wp-block-image size-full\"><a href=\"https:\/\/autolivraria.com.br\/bc\/wp-content\/uploads\/2022\/11\/Pampa-4x4-1.jpg\"><img decoding=\"async\" width=\"750\" height=\"565\" data-id=\"135669\" data-src=\"https:\/\/autolivraria.com.br\/bc\/wp-content\/uploads\/2022\/11\/Pampa-4x4-1.jpg\" alt=\"\" class=\"wp-image-135669 lazyload\" data-srcset=\"https:\/\/autolivraria.com.br\/bc\/wp-content\/uploads\/2022\/11\/Pampa-4x4-1.jpg 750w, https:\/\/autolivraria.com.br\/bc\/wp-content\/uploads\/2022\/11\/Pampa-4x4-1-370x279.jpg 370w\" data-sizes=\"(max-width: 750px) 100vw, 750px\" src=\"data:image\/svg+xml;base64,PHN2ZyB3aWR0aD0iMSIgaGVpZ2h0PSIxIiB4bWxucz0iaHR0cDovL3d3dy53My5vcmcvMjAwMC9zdmciPjwvc3ZnPg==\" style=\"--smush-placeholder-width: 750px; --smush-placeholder-aspect-ratio: 750\/565;\" \/><\/a><figcaption class=\"wp-element-caption\">G26 &#8211; Pampa 4&#215;4 1984 &#8211; R$ 119<\/figcaption><\/figure>\n\n\n\n<figure class=\"wp-block-image size-full\"><a href=\"https:\/\/autolivraria.com.br\/bc\/wp-content\/uploads\/2024\/02\/Pampa-1987-Ghia.jpg\"><img decoding=\"async\" width=\"750\" height=\"565\" data-id=\"146978\" data-src=\"https:\/\/autolivraria.com.br\/bc\/wp-content\/uploads\/2024\/02\/Pampa-1987-Ghia.jpg\" alt=\"\" class=\"wp-image-146978 lazyload\" data-srcset=\"https:\/\/autolivraria.com.br\/bc\/wp-content\/uploads\/2024\/02\/Pampa-1987-Ghia.jpg 750w, https:\/\/autolivraria.com.br\/bc\/wp-content\/uploads\/2024\/02\/Pampa-1987-Ghia-370x279.jpg 370w\" data-sizes=\"(max-width: 750px) 100vw, 750px\" src=\"data:image\/svg+xml;base64,PHN2ZyB3aWR0aD0iMSIgaGVpZ2h0PSIxIiB4bWxucz0iaHR0cDovL3d3dy53My5vcmcvMjAwMC9zdmciPjwvc3ZnPg==\" style=\"--smush-placeholder-width: 750px; --smush-placeholder-aspect-ratio: 750\/565;\" \/><\/a><figcaption class=\"wp-element-caption\">G27 &#8211; Pampa Ghia 1987 &#8211; R$ 139<\/figcaption><\/figure>\n<\/figure>\n\n\n\n<div style=\"height:50px\" aria-hidden=\"true\" class=\"wp-block-spacer\"><\/div>\n\n\n\n<h2 class=\"wp-block-heading\"><strong>Quadros grandes &#8211; Linha Ford Corcel I<\/strong><\/h2>\n\n\n\n<p>\u2022&nbsp;20 x 27 cm (\u00e1rea ilustrada) e 33 x 40 cm (com moldura e preenchimento com papel cuch\u00ea branco fosco)<\/p>\n\n\n\n<figure class=\"wp-block-gallery aligncenter has-nested-images columns-2 wp-block-gallery-3 is-layout-flex wp-block-gallery-is-layout-flex\">\n<figure class=\"wp-block-image size-full\"><a href=\"https:\/\/autolivraria.com.br\/bc\/wp-content\/uploads\/2024\/07\/Corcel-1969-2-a.jpg\"><img decoding=\"async\" width=\"700\" height=\"853\" data-id=\"148115\" data-src=\"https:\/\/autolivraria.com.br\/bc\/wp-content\/uploads\/2024\/07\/Corcel-1969-2-a.jpg\" alt=\"\" class=\"wp-image-148115 lazyload\" data-srcset=\"https:\/\/autolivraria.com.br\/bc\/wp-content\/uploads\/2024\/07\/Corcel-1969-2-a.jpg 700w, https:\/\/autolivraria.com.br\/bc\/wp-content\/uploads\/2024\/07\/Corcel-1969-2-a-370x451.jpg 370w\" data-sizes=\"(max-width: 700px) 100vw, 700px\" src=\"data:image\/svg+xml;base64,PHN2ZyB3aWR0aD0iMSIgaGVpZ2h0PSIxIiB4bWxucz0iaHR0cDovL3d3dy53My5vcmcvMjAwMC9zdmciPjwvc3ZnPg==\" style=\"--smush-placeholder-width: 700px; --smush-placeholder-aspect-ratio: 700\/853;\" \/><\/a><figcaption class=\"wp-element-caption\">P1 &#8211; Corcel 1969 &#8211; R$ 109<\/figcaption><\/figure>\n\n\n\n<figure class=\"wp-block-image size-full\"><a href=\"https:\/\/autolivraria.com.br\/bc\/wp-content\/uploads\/2024\/07\/Corcel-1969-a.jpg\"><img decoding=\"async\" width=\"700\" height=\"853\" data-id=\"148116\" data-src=\"https:\/\/autolivraria.com.br\/bc\/wp-content\/uploads\/2024\/07\/Corcel-1969-a.jpg\" alt=\"\" class=\"wp-image-148116 lazyload\" data-srcset=\"https:\/\/autolivraria.com.br\/bc\/wp-content\/uploads\/2024\/07\/Corcel-1969-a.jpg 700w, https:\/\/autolivraria.com.br\/bc\/wp-content\/uploads\/2024\/07\/Corcel-1969-a-370x451.jpg 370w\" data-sizes=\"(max-width: 700px) 100vw, 700px\" src=\"data:image\/svg+xml;base64,PHN2ZyB3aWR0aD0iMSIgaGVpZ2h0PSIxIiB4bWxucz0iaHR0cDovL3d3dy53My5vcmcvMjAwMC9zdmciPjwvc3ZnPg==\" style=\"--smush-placeholder-width: 700px; --smush-placeholder-aspect-ratio: 700\/853;\" \/><\/a><figcaption class=\"wp-element-caption\">P2 &#8211; Corcel 1969 &#8211; R$ 109<\/figcaption><\/figure>\n\n\n\n<figure class=\"wp-block-image size-full\"><a href=\"https:\/\/autolivraria.com.br\/bc\/wp-content\/uploads\/2024\/07\/Corcel-1970-4-a.jpg\"><img decoding=\"async\" width=\"700\" height=\"853\" data-id=\"148119\" data-src=\"https:\/\/autolivraria.com.br\/bc\/wp-content\/uploads\/2024\/07\/Corcel-1970-4-a.jpg\" alt=\"\" class=\"wp-image-148119 lazyload\" data-srcset=\"https:\/\/autolivraria.com.br\/bc\/wp-content\/uploads\/2024\/07\/Corcel-1970-4-a.jpg 700w, https:\/\/autolivraria.com.br\/bc\/wp-content\/uploads\/2024\/07\/Corcel-1970-4-a-370x451.jpg 370w\" data-sizes=\"(max-width: 700px) 100vw, 700px\" src=\"data:image\/svg+xml;base64,PHN2ZyB3aWR0aD0iMSIgaGVpZ2h0PSIxIiB4bWxucz0iaHR0cDovL3d3dy53My5vcmcvMjAwMC9zdmciPjwvc3ZnPg==\" style=\"--smush-placeholder-width: 700px; --smush-placeholder-aspect-ratio: 700\/853;\" \/><\/a><figcaption class=\"wp-element-caption\">P3 &#8211; Corcel 1970 &#8211; R$ 99<\/figcaption><\/figure>\n\n\n\n<figure class=\"wp-block-image size-full\"><a href=\"https:\/\/autolivraria.com.br\/bc\/wp-content\/uploads\/2024\/07\/Corcel-1970-2-a.jpg\"><img decoding=\"async\" width=\"700\" height=\"853\" data-id=\"148117\" data-src=\"https:\/\/autolivraria.com.br\/bc\/wp-content\/uploads\/2024\/07\/Corcel-1970-2-a.jpg\" alt=\"\" class=\"wp-image-148117 lazyload\" data-srcset=\"https:\/\/autolivraria.com.br\/bc\/wp-content\/uploads\/2024\/07\/Corcel-1970-2-a.jpg 700w, https:\/\/autolivraria.com.br\/bc\/wp-content\/uploads\/2024\/07\/Corcel-1970-2-a-370x451.jpg 370w\" data-sizes=\"(max-width: 700px) 100vw, 700px\" src=\"data:image\/svg+xml;base64,PHN2ZyB3aWR0aD0iMSIgaGVpZ2h0PSIxIiB4bWxucz0iaHR0cDovL3d3dy53My5vcmcvMjAwMC9zdmciPjwvc3ZnPg==\" style=\"--smush-placeholder-width: 700px; --smush-placeholder-aspect-ratio: 700\/853;\" \/><\/a><figcaption class=\"wp-element-caption\">P4 &#8211; Corcel 1970 &#8211; R$ 109<\/figcaption><\/figure>\n\n\n\n<figure class=\"wp-block-image size-full\"><a href=\"https:\/\/autolivraria.com.br\/bc\/wp-content\/uploads\/2024\/07\/Corcel-1970-3-a.jpg\"><img decoding=\"async\" width=\"700\" height=\"853\" data-id=\"148118\" data-src=\"https:\/\/autolivraria.com.br\/bc\/wp-content\/uploads\/2024\/07\/Corcel-1970-3-a.jpg\" alt=\"\" class=\"wp-image-148118 lazyload\" data-srcset=\"https:\/\/autolivraria.com.br\/bc\/wp-content\/uploads\/2024\/07\/Corcel-1970-3-a.jpg 700w, https:\/\/autolivraria.com.br\/bc\/wp-content\/uploads\/2024\/07\/Corcel-1970-3-a-370x451.jpg 370w\" data-sizes=\"(max-width: 700px) 100vw, 700px\" src=\"data:image\/svg+xml;base64,PHN2ZyB3aWR0aD0iMSIgaGVpZ2h0PSIxIiB4bWxucz0iaHR0cDovL3d3dy53My5vcmcvMjAwMC9zdmciPjwvc3ZnPg==\" style=\"--smush-placeholder-width: 700px; --smush-placeholder-aspect-ratio: 700\/853;\" \/><\/a><figcaption class=\"wp-element-caption\">P5 &#8211; Corcel 1970 &#8211; R$ 109<\/figcaption><\/figure>\n\n\n\n<figure class=\"wp-block-image size-full\"><a href=\"https:\/\/autolivraria.com.br\/bc\/wp-content\/uploads\/2024\/07\/Corcel-GT-3-a.jpg\"><img decoding=\"async\" width=\"700\" height=\"853\" data-id=\"148121\" data-src=\"https:\/\/autolivraria.com.br\/bc\/wp-content\/uploads\/2024\/07\/Corcel-GT-3-a.jpg\" alt=\"\" class=\"wp-image-148121 lazyload\" data-srcset=\"https:\/\/autolivraria.com.br\/bc\/wp-content\/uploads\/2024\/07\/Corcel-GT-3-a.jpg 700w, https:\/\/autolivraria.com.br\/bc\/wp-content\/uploads\/2024\/07\/Corcel-GT-3-a-370x451.jpg 370w\" data-sizes=\"(max-width: 700px) 100vw, 700px\" src=\"data:image\/svg+xml;base64,PHN2ZyB3aWR0aD0iMSIgaGVpZ2h0PSIxIiB4bWxucz0iaHR0cDovL3d3dy53My5vcmcvMjAwMC9zdmciPjwvc3ZnPg==\" style=\"--smush-placeholder-width: 700px; --smush-placeholder-aspect-ratio: 700\/853;\" \/><\/a><figcaption class=\"wp-element-caption\">P6 &#8211; Corcel GT 1970 &#8211; R$ 109<\/figcaption><\/figure>\n\n\n\n<figure class=\"wp-block-image size-full\"><a href=\"https:\/\/autolivraria.com.br\/bc\/wp-content\/uploads\/2024\/07\/Corcel-GT-1-a.jpg\"><img decoding=\"async\" width=\"700\" height=\"853\" data-id=\"148120\" data-src=\"https:\/\/autolivraria.com.br\/bc\/wp-content\/uploads\/2024\/07\/Corcel-GT-1-a.jpg\" alt=\"\" class=\"wp-image-148120 lazyload\" data-srcset=\"https:\/\/autolivraria.com.br\/bc\/wp-content\/uploads\/2024\/07\/Corcel-GT-1-a.jpg 700w, https:\/\/autolivraria.com.br\/bc\/wp-content\/uploads\/2024\/07\/Corcel-GT-1-a-370x451.jpg 370w\" data-sizes=\"(max-width: 700px) 100vw, 700px\" src=\"data:image\/svg+xml;base64,PHN2ZyB3aWR0aD0iMSIgaGVpZ2h0PSIxIiB4bWxucz0iaHR0cDovL3d3dy53My5vcmcvMjAwMC9zdmciPjwvc3ZnPg==\" style=\"--smush-placeholder-width: 700px; --smush-placeholder-aspect-ratio: 700\/853;\" \/><\/a><figcaption class=\"wp-element-caption\">P7 &#8211; Corcel GT &#8211; R$ 119<\/figcaption><\/figure>\n\n\n\n<figure class=\"wp-block-image size-full\"><a href=\"https:\/\/autolivraria.com.br\/bc\/wp-content\/uploads\/2024\/07\/Corcel-GT-5-a.jpg\"><img decoding=\"async\" width=\"700\" height=\"853\" data-id=\"148122\" data-src=\"https:\/\/autolivraria.com.br\/bc\/wp-content\/uploads\/2024\/07\/Corcel-GT-5-a.jpg\" alt=\"\" class=\"wp-image-148122 lazyload\" data-srcset=\"https:\/\/autolivraria.com.br\/bc\/wp-content\/uploads\/2024\/07\/Corcel-GT-5-a.jpg 700w, https:\/\/autolivraria.com.br\/bc\/wp-content\/uploads\/2024\/07\/Corcel-GT-5-a-370x451.jpg 370w\" data-sizes=\"(max-width: 700px) 100vw, 700px\" src=\"data:image\/svg+xml;base64,PHN2ZyB3aWR0aD0iMSIgaGVpZ2h0PSIxIiB4bWxucz0iaHR0cDovL3d3dy53My5vcmcvMjAwMC9zdmciPjwvc3ZnPg==\" style=\"--smush-placeholder-width: 700px; --smush-placeholder-aspect-ratio: 700\/853;\" \/><\/a><figcaption class=\"wp-element-caption\">P8 &#8211; Corcel GT &#8211; R$ 119<\/figcaption><\/figure>\n\n\n\n<figure class=\"wp-block-image size-full\"><a href=\"https:\/\/autolivraria.com.br\/bc\/wp-content\/uploads\/2024\/07\/Corcel-GT-4-a.jpg\"><img decoding=\"async\" width=\"700\" height=\"853\" data-id=\"148123\" data-src=\"https:\/\/autolivraria.com.br\/bc\/wp-content\/uploads\/2024\/07\/Corcel-GT-4-a.jpg\" alt=\"\" class=\"wp-image-148123 lazyload\" data-srcset=\"https:\/\/autolivraria.com.br\/bc\/wp-content\/uploads\/2024\/07\/Corcel-GT-4-a.jpg 700w, https:\/\/autolivraria.com.br\/bc\/wp-content\/uploads\/2024\/07\/Corcel-GT-4-a-370x451.jpg 370w\" data-sizes=\"(max-width: 700px) 100vw, 700px\" src=\"data:image\/svg+xml;base64,PHN2ZyB3aWR0aD0iMSIgaGVpZ2h0PSIxIiB4bWxucz0iaHR0cDovL3d3dy53My5vcmcvMjAwMC9zdmciPjwvc3ZnPg==\" style=\"--smush-placeholder-width: 700px; --smush-placeholder-aspect-ratio: 700\/853;\" \/><\/a><figcaption class=\"wp-element-caption\">P9 &#8211; Corcel GT &#8211; R$ 119<\/figcaption><\/figure>\n\n\n\n<figure class=\"wp-block-image size-full\"><a href=\"https:\/\/autolivraria.com.br\/bc\/wp-content\/uploads\/2024\/07\/Corcel-GT-1972-a.jpg\"><img decoding=\"async\" width=\"700\" height=\"853\" data-id=\"148124\" data-src=\"https:\/\/autolivraria.com.br\/bc\/wp-content\/uploads\/2024\/07\/Corcel-GT-1972-a.jpg\" alt=\"\" class=\"wp-image-148124 lazyload\" data-srcset=\"https:\/\/autolivraria.com.br\/bc\/wp-content\/uploads\/2024\/07\/Corcel-GT-1972-a.jpg 700w, https:\/\/autolivraria.com.br\/bc\/wp-content\/uploads\/2024\/07\/Corcel-GT-1972-a-370x451.jpg 370w\" data-sizes=\"(max-width: 700px) 100vw, 700px\" src=\"data:image\/svg+xml;base64,PHN2ZyB3aWR0aD0iMSIgaGVpZ2h0PSIxIiB4bWxucz0iaHR0cDovL3d3dy53My5vcmcvMjAwMC9zdmciPjwvc3ZnPg==\" style=\"--smush-placeholder-width: 700px; --smush-placeholder-aspect-ratio: 700\/853;\" \/><\/a><figcaption class=\"wp-element-caption\">P10 &#8211; Corcel GT &#8211; R$ 119<\/figcaption><\/figure>\n\n\n\n<figure class=\"wp-block-image size-full\"><a href=\"https:\/\/autolivraria.com.br\/bc\/wp-content\/uploads\/2024\/07\/Corcel-1973-2-a.jpg\"><img decoding=\"async\" width=\"700\" height=\"853\" data-id=\"148126\" data-src=\"https:\/\/autolivraria.com.br\/bc\/wp-content\/uploads\/2024\/07\/Corcel-1973-2-a.jpg\" alt=\"\" class=\"wp-image-148126 lazyload\" data-srcset=\"https:\/\/autolivraria.com.br\/bc\/wp-content\/uploads\/2024\/07\/Corcel-1973-2-a.jpg 700w, https:\/\/autolivraria.com.br\/bc\/wp-content\/uploads\/2024\/07\/Corcel-1973-2-a-370x451.jpg 370w\" data-sizes=\"(max-width: 700px) 100vw, 700px\" src=\"data:image\/svg+xml;base64,PHN2ZyB3aWR0aD0iMSIgaGVpZ2h0PSIxIiB4bWxucz0iaHR0cDovL3d3dy53My5vcmcvMjAwMC9zdmciPjwvc3ZnPg==\" style=\"--smush-placeholder-width: 700px; --smush-placeholder-aspect-ratio: 700\/853;\" \/><\/a><figcaption class=\"wp-element-caption\">P11 &#8211; Corcel 1973 &#8211; R$ 99<\/figcaption><\/figure>\n\n\n\n<figure class=\"wp-block-image size-full\"><a href=\"https:\/\/autolivraria.com.br\/bc\/wp-content\/uploads\/2024\/07\/Corcel-1973-GT-a.jpg\"><img decoding=\"async\" width=\"700\" height=\"853\" data-id=\"148125\" data-src=\"https:\/\/autolivraria.com.br\/bc\/wp-content\/uploads\/2024\/07\/Corcel-1973-GT-a.jpg\" alt=\"\" class=\"wp-image-148125 lazyload\" data-srcset=\"https:\/\/autolivraria.com.br\/bc\/wp-content\/uploads\/2024\/07\/Corcel-1973-GT-a.jpg 700w, https:\/\/autolivraria.com.br\/bc\/wp-content\/uploads\/2024\/07\/Corcel-1973-GT-a-370x451.jpg 370w\" data-sizes=\"(max-width: 700px) 100vw, 700px\" src=\"data:image\/svg+xml;base64,PHN2ZyB3aWR0aD0iMSIgaGVpZ2h0PSIxIiB4bWxucz0iaHR0cDovL3d3dy53My5vcmcvMjAwMC9zdmciPjwvc3ZnPg==\" style=\"--smush-placeholder-width: 700px; --smush-placeholder-aspect-ratio: 700\/853;\" \/><\/a><figcaption class=\"wp-element-caption\">P12 &#8211; Corcel GT 1973 &#8211; R$ 119<\/figcaption><\/figure>\n\n\n\n<figure class=\"wp-block-image size-full\"><a href=\"https:\/\/autolivraria.com.br\/bc\/wp-content\/uploads\/2024\/07\/Corcel-GT-2-a.jpg\"><img decoding=\"async\" width=\"700\" height=\"853\" data-id=\"148128\" data-src=\"https:\/\/autolivraria.com.br\/bc\/wp-content\/uploads\/2024\/07\/Corcel-GT-2-a.jpg\" alt=\"\" class=\"wp-image-148128 lazyload\" data-srcset=\"https:\/\/autolivraria.com.br\/bc\/wp-content\/uploads\/2024\/07\/Corcel-GT-2-a.jpg 700w, https:\/\/autolivraria.com.br\/bc\/wp-content\/uploads\/2024\/07\/Corcel-GT-2-a-370x451.jpg 370w\" data-sizes=\"(max-width: 700px) 100vw, 700px\" src=\"data:image\/svg+xml;base64,PHN2ZyB3aWR0aD0iMSIgaGVpZ2h0PSIxIiB4bWxucz0iaHR0cDovL3d3dy53My5vcmcvMjAwMC9zdmciPjwvc3ZnPg==\" style=\"--smush-placeholder-width: 700px; --smush-placeholder-aspect-ratio: 700\/853;\" \/><\/a><figcaption class=\"wp-element-caption\">P13 &#8211; Corcel GT 1973 &#8211; R$ 119<\/figcaption><\/figure>\n\n\n\n<figure class=\"wp-block-image size-full\"><a href=\"https:\/\/autolivraria.com.br\/bc\/wp-content\/uploads\/2024\/07\/Corcel-1976-a.jpg\"><img decoding=\"async\" width=\"700\" height=\"853\" data-id=\"148127\" data-src=\"https:\/\/autolivraria.com.br\/bc\/wp-content\/uploads\/2024\/07\/Corcel-1976-a.jpg\" alt=\"\" class=\"wp-image-148127 lazyload\" data-srcset=\"https:\/\/autolivraria.com.br\/bc\/wp-content\/uploads\/2024\/07\/Corcel-1976-a.jpg 700w, https:\/\/autolivraria.com.br\/bc\/wp-content\/uploads\/2024\/07\/Corcel-1976-a-370x451.jpg 370w\" data-sizes=\"(max-width: 700px) 100vw, 700px\" src=\"data:image\/svg+xml;base64,PHN2ZyB3aWR0aD0iMSIgaGVpZ2h0PSIxIiB4bWxucz0iaHR0cDovL3d3dy53My5vcmcvMjAwMC9zdmciPjwvc3ZnPg==\" style=\"--smush-placeholder-width: 700px; --smush-placeholder-aspect-ratio: 700\/853;\" \/><\/a><figcaption class=\"wp-element-caption\">P14 &#8211; Corcel 1976 &#8211; R$ 99<\/figcaption><\/figure>\n\n\n\n<figure class=\"wp-block-image size-full\"><a href=\"https:\/\/autolivraria.com.br\/bc\/wp-content\/uploads\/2024\/07\/Corcel-1977-3-a.jpg\"><img decoding=\"async\" width=\"700\" height=\"853\" data-id=\"148129\" data-src=\"https:\/\/autolivraria.com.br\/bc\/wp-content\/uploads\/2024\/07\/Corcel-1977-3-a.jpg\" alt=\"\" class=\"wp-image-148129 lazyload\" data-srcset=\"https:\/\/autolivraria.com.br\/bc\/wp-content\/uploads\/2024\/07\/Corcel-1977-3-a.jpg 700w, https:\/\/autolivraria.com.br\/bc\/wp-content\/uploads\/2024\/07\/Corcel-1977-3-a-370x451.jpg 370w\" data-sizes=\"(max-width: 700px) 100vw, 700px\" src=\"data:image\/svg+xml;base64,PHN2ZyB3aWR0aD0iMSIgaGVpZ2h0PSIxIiB4bWxucz0iaHR0cDovL3d3dy53My5vcmcvMjAwMC9zdmciPjwvc3ZnPg==\" style=\"--smush-placeholder-width: 700px; --smush-placeholder-aspect-ratio: 700\/853;\" \/><\/a><figcaption class=\"wp-element-caption\">P15 &#8211; Corcel 1977 &#8211; R$ 99<\/figcaption><\/figure>\n\n\n\n<figure class=\"wp-block-image size-full\"><a href=\"https:\/\/autolivraria.com.br\/bc\/wp-content\/uploads\/2024\/07\/Belina-70-a.jpg\"><img decoding=\"async\" width=\"700\" height=\"853\" data-id=\"148130\" data-src=\"https:\/\/autolivraria.com.br\/bc\/wp-content\/uploads\/2024\/07\/Belina-70-a.jpg\" alt=\"\" class=\"wp-image-148130 lazyload\" data-srcset=\"https:\/\/autolivraria.com.br\/bc\/wp-content\/uploads\/2024\/07\/Belina-70-a.jpg 700w, https:\/\/autolivraria.com.br\/bc\/wp-content\/uploads\/2024\/07\/Belina-70-a-370x451.jpg 370w\" data-sizes=\"(max-width: 700px) 100vw, 700px\" src=\"data:image\/svg+xml;base64,PHN2ZyB3aWR0aD0iMSIgaGVpZ2h0PSIxIiB4bWxucz0iaHR0cDovL3d3dy53My5vcmcvMjAwMC9zdmciPjwvc3ZnPg==\" style=\"--smush-placeholder-width: 700px; --smush-placeholder-aspect-ratio: 700\/853;\" \/><\/a><figcaption class=\"wp-element-caption\">P16 &#8211; Belina 1970 &#8211; R$ 109<\/figcaption><\/figure>\n\n\n\n<figure class=\"wp-block-image size-full\"><a href=\"https:\/\/autolivraria.com.br\/bc\/wp-content\/uploads\/2024\/07\/Belina-71-2-a.jpg\"><img decoding=\"async\" width=\"700\" height=\"853\" data-id=\"148131\" data-src=\"https:\/\/autolivraria.com.br\/bc\/wp-content\/uploads\/2024\/07\/Belina-71-2-a.jpg\" alt=\"\" class=\"wp-image-148131 lazyload\" data-srcset=\"https:\/\/autolivraria.com.br\/bc\/wp-content\/uploads\/2024\/07\/Belina-71-2-a.jpg 700w, https:\/\/autolivraria.com.br\/bc\/wp-content\/uploads\/2024\/07\/Belina-71-2-a-370x451.jpg 370w\" data-sizes=\"(max-width: 700px) 100vw, 700px\" src=\"data:image\/svg+xml;base64,PHN2ZyB3aWR0aD0iMSIgaGVpZ2h0PSIxIiB4bWxucz0iaHR0cDovL3d3dy53My5vcmcvMjAwMC9zdmciPjwvc3ZnPg==\" style=\"--smush-placeholder-width: 700px; --smush-placeholder-aspect-ratio: 700\/853;\" \/><\/a><figcaption class=\"wp-element-caption\">P17 &#8211; Belina 1971 &#8211; R$ 109<\/figcaption><\/figure>\n\n\n\n<figure class=\"wp-block-image size-full\"><a href=\"https:\/\/autolivraria.com.br\/bc\/wp-content\/uploads\/2024\/07\/Belina-1973-2-a.jpg\"><img decoding=\"async\" width=\"700\" height=\"853\" data-id=\"148132\" data-src=\"https:\/\/autolivraria.com.br\/bc\/wp-content\/uploads\/2024\/07\/Belina-1973-2-a.jpg\" alt=\"\" class=\"wp-image-148132 lazyload\" data-srcset=\"https:\/\/autolivraria.com.br\/bc\/wp-content\/uploads\/2024\/07\/Belina-1973-2-a.jpg 700w, https:\/\/autolivraria.com.br\/bc\/wp-content\/uploads\/2024\/07\/Belina-1973-2-a-370x451.jpg 370w\" data-sizes=\"(max-width: 700px) 100vw, 700px\" src=\"data:image\/svg+xml;base64,PHN2ZyB3aWR0aD0iMSIgaGVpZ2h0PSIxIiB4bWxucz0iaHR0cDovL3d3dy53My5vcmcvMjAwMC9zdmciPjwvc3ZnPg==\" style=\"--smush-placeholder-width: 700px; --smush-placeholder-aspect-ratio: 700\/853;\" \/><\/a><figcaption class=\"wp-element-caption\">P18 &#8211; Belina 1973 &#8211; R$ 109<\/figcaption><\/figure>\n<\/figure>\n\n\n\n<div style=\"height:50px\" aria-hidden=\"true\" class=\"wp-block-spacer\"><\/div>\n\n\n\n<h2 class=\"wp-block-heading\"><strong>Quadros m\u00e9dios &#8211; Linha Ford Corcel I<\/strong><\/h2>\n\n\n\n<p>\u2022 20 x 27 cm (\u00e1rea ilustrada) e 24 x 31 cm (com moldura)<\/p>\n\n\n\n<figure class=\"wp-block-gallery aligncenter has-nested-images columns-2 wp-block-gallery-4 is-layout-flex wp-block-gallery-is-layout-flex\">\n<figure class=\"wp-block-image size-full\"><a href=\"https:\/\/autolivraria.com.br\/bc\/wp-content\/uploads\/2023\/06\/Corcel-1969-2.jpg\"><img decoding=\"async\" width=\"500\" height=\"696\" data-id=\"143521\" data-src=\"https:\/\/autolivraria.com.br\/bc\/wp-content\/uploads\/2023\/06\/Corcel-1969-2.jpg\" alt=\"\" class=\"wp-image-143521 lazyload\" data-srcset=\"https:\/\/autolivraria.com.br\/bc\/wp-content\/uploads\/2023\/06\/Corcel-1969-2.jpg 500w, https:\/\/autolivraria.com.br\/bc\/wp-content\/uploads\/2023\/06\/Corcel-1969-2-370x515.jpg 370w\" data-sizes=\"(max-width: 500px) 100vw, 500px\" src=\"data:image\/svg+xml;base64,PHN2ZyB3aWR0aD0iMSIgaGVpZ2h0PSIxIiB4bWxucz0iaHR0cDovL3d3dy53My5vcmcvMjAwMC9zdmciPjwvc3ZnPg==\" style=\"--smush-placeholder-width: 500px; --smush-placeholder-aspect-ratio: 500\/696;\" \/><\/a><figcaption class=\"wp-element-caption\">M1 &#8211; Corcel 1969 &#8211; R$ 69<\/figcaption><\/figure>\n\n\n\n<figure class=\"wp-block-image size-full\"><a href=\"https:\/\/autolivraria.com.br\/bc\/wp-content\/uploads\/2021\/10\/Corcel-1969.jpg\"><img decoding=\"async\" width=\"500\" height=\"696\" data-id=\"130097\" data-src=\"https:\/\/autolivraria.com.br\/bc\/wp-content\/uploads\/2021\/10\/Corcel-1969.jpg\" alt=\"\" class=\"wp-image-130097 lazyload\" data-srcset=\"https:\/\/autolivraria.com.br\/bc\/wp-content\/uploads\/2021\/10\/Corcel-1969.jpg 500w, https:\/\/autolivraria.com.br\/bc\/wp-content\/uploads\/2021\/10\/Corcel-1969-370x515.jpg 370w\" data-sizes=\"(max-width: 500px) 100vw, 500px\" src=\"data:image\/svg+xml;base64,PHN2ZyB3aWR0aD0iMSIgaGVpZ2h0PSIxIiB4bWxucz0iaHR0cDovL3d3dy53My5vcmcvMjAwMC9zdmciPjwvc3ZnPg==\" style=\"--smush-placeholder-width: 500px; --smush-placeholder-aspect-ratio: 500\/696;\" \/><\/a><figcaption class=\"wp-element-caption\">M2 &#8211; Corcel 1969 &#8211; R$ 69<\/figcaption><\/figure>\n\n\n\n<figure class=\"wp-block-image size-full\"><a href=\"https:\/\/autolivraria.com.br\/bc\/wp-content\/uploads\/2024\/02\/Corcel-1970-4.jpg\"><img decoding=\"async\" width=\"500\" height=\"696\" data-id=\"146981\" data-src=\"https:\/\/autolivraria.com.br\/bc\/wp-content\/uploads\/2024\/02\/Corcel-1970-4.jpg\" alt=\"\" class=\"wp-image-146981 lazyload\" data-srcset=\"https:\/\/autolivraria.com.br\/bc\/wp-content\/uploads\/2024\/02\/Corcel-1970-4.jpg 500w, https:\/\/autolivraria.com.br\/bc\/wp-content\/uploads\/2024\/02\/Corcel-1970-4-370x515.jpg 370w\" data-sizes=\"(max-width: 500px) 100vw, 500px\" src=\"data:image\/svg+xml;base64,PHN2ZyB3aWR0aD0iMSIgaGVpZ2h0PSIxIiB4bWxucz0iaHR0cDovL3d3dy53My5vcmcvMjAwMC9zdmciPjwvc3ZnPg==\" style=\"--smush-placeholder-width: 500px; --smush-placeholder-aspect-ratio: 500\/696;\" \/><\/a><figcaption class=\"wp-element-caption\">M3 &#8211; Corcel 1970 &#8211; R$ 59<\/figcaption><\/figure>\n\n\n\n<figure class=\"wp-block-image size-full\"><a href=\"https:\/\/autolivraria.com.br\/bc\/wp-content\/uploads\/2023\/10\/Corcel-1970-2.jpg\"><img decoding=\"async\" width=\"500\" height=\"696\" data-id=\"146369\" data-src=\"https:\/\/autolivraria.com.br\/bc\/wp-content\/uploads\/2023\/10\/Corcel-1970-2.jpg\" alt=\"\" class=\"wp-image-146369 lazyload\" data-srcset=\"https:\/\/autolivraria.com.br\/bc\/wp-content\/uploads\/2023\/10\/Corcel-1970-2.jpg 500w, https:\/\/autolivraria.com.br\/bc\/wp-content\/uploads\/2023\/10\/Corcel-1970-2-370x515.jpg 370w\" data-sizes=\"(max-width: 500px) 100vw, 500px\" src=\"data:image\/svg+xml;base64,PHN2ZyB3aWR0aD0iMSIgaGVpZ2h0PSIxIiB4bWxucz0iaHR0cDovL3d3dy53My5vcmcvMjAwMC9zdmciPjwvc3ZnPg==\" style=\"--smush-placeholder-width: 500px; --smush-placeholder-aspect-ratio: 500\/696;\" \/><\/a><figcaption class=\"wp-element-caption\">M4 &#8211; Corcel 1970 &#8211; R$ 69<\/figcaption><\/figure>\n\n\n\n<figure class=\"wp-block-image size-full\"><a href=\"https:\/\/autolivraria.com.br\/bc\/wp-content\/uploads\/2023\/10\/Corcel-1970-3.jpg\"><img decoding=\"async\" width=\"500\" height=\"696\" data-id=\"146370\" data-src=\"https:\/\/autolivraria.com.br\/bc\/wp-content\/uploads\/2023\/10\/Corcel-1970-3.jpg\" alt=\"\" class=\"wp-image-146370 lazyload\" data-srcset=\"https:\/\/autolivraria.com.br\/bc\/wp-content\/uploads\/2023\/10\/Corcel-1970-3.jpg 500w, https:\/\/autolivraria.com.br\/bc\/wp-content\/uploads\/2023\/10\/Corcel-1970-3-370x515.jpg 370w\" data-sizes=\"(max-width: 500px) 100vw, 500px\" src=\"data:image\/svg+xml;base64,PHN2ZyB3aWR0aD0iMSIgaGVpZ2h0PSIxIiB4bWxucz0iaHR0cDovL3d3dy53My5vcmcvMjAwMC9zdmciPjwvc3ZnPg==\" style=\"--smush-placeholder-width: 500px; --smush-placeholder-aspect-ratio: 500\/696;\" \/><\/a><figcaption class=\"wp-element-caption\">M5 &#8211; Corcel 1970 &#8211; R$ 69<\/figcaption><\/figure>\n\n\n\n<figure class=\"wp-block-image size-full\"><a href=\"https:\/\/autolivraria.com.br\/bc\/wp-content\/uploads\/2021\/10\/Corcel-GT-3.jpg\"><img decoding=\"async\" width=\"500\" height=\"696\" data-id=\"130106\" data-src=\"https:\/\/autolivraria.com.br\/bc\/wp-content\/uploads\/2021\/10\/Corcel-GT-3.jpg\" alt=\"\" class=\"wp-image-130106 lazyload\" data-srcset=\"https:\/\/autolivraria.com.br\/bc\/wp-content\/uploads\/2021\/10\/Corcel-GT-3.jpg 500w, https:\/\/autolivraria.com.br\/bc\/wp-content\/uploads\/2021\/10\/Corcel-GT-3-370x515.jpg 370w\" data-sizes=\"(max-width: 500px) 100vw, 500px\" src=\"data:image\/svg+xml;base64,PHN2ZyB3aWR0aD0iMSIgaGVpZ2h0PSIxIiB4bWxucz0iaHR0cDovL3d3dy53My5vcmcvMjAwMC9zdmciPjwvc3ZnPg==\" style=\"--smush-placeholder-width: 500px; --smush-placeholder-aspect-ratio: 500\/696;\" \/><\/a><figcaption class=\"wp-element-caption\">M6 &#8211; Corcel GT 1970 &#8211; R$ 69<\/figcaption><\/figure>\n\n\n\n<figure class=\"wp-block-image size-full\"><a href=\"https:\/\/autolivraria.com.br\/bc\/wp-content\/uploads\/2021\/10\/Corcel-GT-1.jpg\"><img decoding=\"async\" width=\"500\" height=\"696\" data-id=\"130104\" data-src=\"https:\/\/autolivraria.com.br\/bc\/wp-content\/uploads\/2021\/10\/Corcel-GT-1.jpg\" alt=\"\" class=\"wp-image-130104 lazyload\" data-srcset=\"https:\/\/autolivraria.com.br\/bc\/wp-content\/uploads\/2021\/10\/Corcel-GT-1.jpg 500w, https:\/\/autolivraria.com.br\/bc\/wp-content\/uploads\/2021\/10\/Corcel-GT-1-370x515.jpg 370w\" data-sizes=\"(max-width: 500px) 100vw, 500px\" src=\"data:image\/svg+xml;base64,PHN2ZyB3aWR0aD0iMSIgaGVpZ2h0PSIxIiB4bWxucz0iaHR0cDovL3d3dy53My5vcmcvMjAwMC9zdmciPjwvc3ZnPg==\" style=\"--smush-placeholder-width: 500px; --smush-placeholder-aspect-ratio: 500\/696;\" \/><\/a><figcaption class=\"wp-element-caption\">M7 &#8211; Corcel GT &#8211; R$ 79<\/figcaption><\/figure>\n\n\n\n<figure class=\"wp-block-image size-full\"><a href=\"https:\/\/autolivraria.com.br\/bc\/wp-content\/uploads\/2023\/10\/Corcel-GT-5.jpg\"><img decoding=\"async\" width=\"500\" height=\"696\" data-id=\"146372\" data-src=\"https:\/\/autolivraria.com.br\/bc\/wp-content\/uploads\/2023\/10\/Corcel-GT-5.jpg\" alt=\"\" class=\"wp-image-146372 lazyload\" data-srcset=\"https:\/\/autolivraria.com.br\/bc\/wp-content\/uploads\/2023\/10\/Corcel-GT-5.jpg 500w, https:\/\/autolivraria.com.br\/bc\/wp-content\/uploads\/2023\/10\/Corcel-GT-5-370x515.jpg 370w\" data-sizes=\"(max-width: 500px) 100vw, 500px\" src=\"data:image\/svg+xml;base64,PHN2ZyB3aWR0aD0iMSIgaGVpZ2h0PSIxIiB4bWxucz0iaHR0cDovL3d3dy53My5vcmcvMjAwMC9zdmciPjwvc3ZnPg==\" style=\"--smush-placeholder-width: 500px; --smush-placeholder-aspect-ratio: 500\/696;\" \/><\/a><figcaption class=\"wp-element-caption\">M8 &#8211; Corcel GT &#8211; R$ 79<\/figcaption><\/figure>\n\n\n\n<figure class=\"wp-block-image size-full\"><a href=\"https:\/\/autolivraria.com.br\/bc\/wp-content\/uploads\/2021\/10\/Corcel-GT-4.jpg\"><img decoding=\"async\" width=\"500\" height=\"696\" data-id=\"130094\" data-src=\"https:\/\/autolivraria.com.br\/bc\/wp-content\/uploads\/2021\/10\/Corcel-GT-4.jpg\" alt=\"\" class=\"wp-image-130094 lazyload\" data-srcset=\"https:\/\/autolivraria.com.br\/bc\/wp-content\/uploads\/2021\/10\/Corcel-GT-4.jpg 500w, https:\/\/autolivraria.com.br\/bc\/wp-content\/uploads\/2021\/10\/Corcel-GT-4-370x515.jpg 370w\" data-sizes=\"(max-width: 500px) 100vw, 500px\" src=\"data:image\/svg+xml;base64,PHN2ZyB3aWR0aD0iMSIgaGVpZ2h0PSIxIiB4bWxucz0iaHR0cDovL3d3dy53My5vcmcvMjAwMC9zdmciPjwvc3ZnPg==\" style=\"--smush-placeholder-width: 500px; --smush-placeholder-aspect-ratio: 500\/696;\" \/><\/a><figcaption class=\"wp-element-caption\">M9 &#8211; Corcel GT &#8211; R$ 79<\/figcaption><\/figure>\n\n\n\n<figure class=\"wp-block-image size-full\"><a href=\"https:\/\/autolivraria.com.br\/bc\/wp-content\/uploads\/2024\/02\/Corcel-GT-1972.jpg\"><img decoding=\"async\" width=\"500\" height=\"696\" data-id=\"146984\" data-src=\"https:\/\/autolivraria.com.br\/bc\/wp-content\/uploads\/2024\/02\/Corcel-GT-1972.jpg\" alt=\"\" class=\"wp-image-146984 lazyload\" data-srcset=\"https:\/\/autolivraria.com.br\/bc\/wp-content\/uploads\/2024\/02\/Corcel-GT-1972.jpg 500w, https:\/\/autolivraria.com.br\/bc\/wp-content\/uploads\/2024\/02\/Corcel-GT-1972-370x515.jpg 370w\" data-sizes=\"(max-width: 500px) 100vw, 500px\" src=\"data:image\/svg+xml;base64,PHN2ZyB3aWR0aD0iMSIgaGVpZ2h0PSIxIiB4bWxucz0iaHR0cDovL3d3dy53My5vcmcvMjAwMC9zdmciPjwvc3ZnPg==\" style=\"--smush-placeholder-width: 500px; --smush-placeholder-aspect-ratio: 500\/696;\" \/><\/a><figcaption class=\"wp-element-caption\">M10 &#8211; Corcel GT &#8211; R$ 79<\/figcaption><\/figure>\n\n\n\n<figure class=\"wp-block-image size-full\"><a href=\"https:\/\/autolivraria.com.br\/bc\/wp-content\/uploads\/2024\/02\/Corcel-1973-2.jpg\"><img decoding=\"async\" width=\"500\" height=\"696\" data-id=\"146982\" data-src=\"https:\/\/autolivraria.com.br\/bc\/wp-content\/uploads\/2024\/02\/Corcel-1973-2.jpg\" alt=\"\" class=\"wp-image-146982 lazyload\" data-srcset=\"https:\/\/autolivraria.com.br\/bc\/wp-content\/uploads\/2024\/02\/Corcel-1973-2.jpg 500w, https:\/\/autolivraria.com.br\/bc\/wp-content\/uploads\/2024\/02\/Corcel-1973-2-370x515.jpg 370w\" data-sizes=\"(max-width: 500px) 100vw, 500px\" src=\"data:image\/svg+xml;base64,PHN2ZyB3aWR0aD0iMSIgaGVpZ2h0PSIxIiB4bWxucz0iaHR0cDovL3d3dy53My5vcmcvMjAwMC9zdmciPjwvc3ZnPg==\" style=\"--smush-placeholder-width: 500px; --smush-placeholder-aspect-ratio: 500\/696;\" \/><\/a><figcaption class=\"wp-element-caption\">M11 &#8211; Corcel 1973 &#8211; R$ 59<\/figcaption><\/figure>\n\n\n\n<figure class=\"wp-block-image size-full\"><a href=\"https:\/\/autolivraria.com.br\/bc\/wp-content\/uploads\/2024\/02\/Corcel-1973-GT.jpg\"><img decoding=\"async\" width=\"500\" height=\"696\" data-id=\"146983\" data-src=\"https:\/\/autolivraria.com.br\/bc\/wp-content\/uploads\/2024\/02\/Corcel-1973-GT.jpg\" alt=\"\" class=\"wp-image-146983 lazyload\" data-srcset=\"https:\/\/autolivraria.com.br\/bc\/wp-content\/uploads\/2024\/02\/Corcel-1973-GT.jpg 500w, https:\/\/autolivraria.com.br\/bc\/wp-content\/uploads\/2024\/02\/Corcel-1973-GT-370x515.jpg 370w\" data-sizes=\"(max-width: 500px) 100vw, 500px\" src=\"data:image\/svg+xml;base64,PHN2ZyB3aWR0aD0iMSIgaGVpZ2h0PSIxIiB4bWxucz0iaHR0cDovL3d3dy53My5vcmcvMjAwMC9zdmciPjwvc3ZnPg==\" style=\"--smush-placeholder-width: 500px; --smush-placeholder-aspect-ratio: 500\/696;\" \/><\/a><figcaption class=\"wp-element-caption\">M12 &#8211; Corcel GT 1973 &#8211; R$ 79<\/figcaption><\/figure>\n\n\n\n<figure class=\"wp-block-image size-full\"><a href=\"https:\/\/autolivraria.com.br\/bc\/wp-content\/uploads\/2021\/10\/Corcel-GT-2.jpg\"><img decoding=\"async\" width=\"500\" height=\"696\" data-id=\"130105\" data-src=\"https:\/\/autolivraria.com.br\/bc\/wp-content\/uploads\/2021\/10\/Corcel-GT-2.jpg\" alt=\"\" class=\"wp-image-130105 lazyload\" data-srcset=\"https:\/\/autolivraria.com.br\/bc\/wp-content\/uploads\/2021\/10\/Corcel-GT-2.jpg 500w, https:\/\/autolivraria.com.br\/bc\/wp-content\/uploads\/2021\/10\/Corcel-GT-2-370x515.jpg 370w\" data-sizes=\"(max-width: 500px) 100vw, 500px\" src=\"data:image\/svg+xml;base64,PHN2ZyB3aWR0aD0iMSIgaGVpZ2h0PSIxIiB4bWxucz0iaHR0cDovL3d3dy53My5vcmcvMjAwMC9zdmciPjwvc3ZnPg==\" style=\"--smush-placeholder-width: 500px; --smush-placeholder-aspect-ratio: 500\/696;\" \/><\/a><figcaption class=\"wp-element-caption\">M13 &#8211; Corcel GT 1973 &#8211; R$ 79<\/figcaption><\/figure>\n\n\n\n<figure class=\"wp-block-image size-full\"><a href=\"https:\/\/autolivraria.com.br\/bc\/wp-content\/uploads\/2023\/10\/Corcel-1976.jpg\"><img decoding=\"async\" width=\"500\" height=\"696\" data-id=\"146371\" data-src=\"https:\/\/autolivraria.com.br\/bc\/wp-content\/uploads\/2023\/10\/Corcel-1976.jpg\" alt=\"\" class=\"wp-image-146371 lazyload\" data-srcset=\"https:\/\/autolivraria.com.br\/bc\/wp-content\/uploads\/2023\/10\/Corcel-1976.jpg 500w, https:\/\/autolivraria.com.br\/bc\/wp-content\/uploads\/2023\/10\/Corcel-1976-370x515.jpg 370w\" data-sizes=\"(max-width: 500px) 100vw, 500px\" src=\"data:image\/svg+xml;base64,PHN2ZyB3aWR0aD0iMSIgaGVpZ2h0PSIxIiB4bWxucz0iaHR0cDovL3d3dy53My5vcmcvMjAwMC9zdmciPjwvc3ZnPg==\" style=\"--smush-placeholder-width: 500px; --smush-placeholder-aspect-ratio: 500\/696;\" \/><\/a><figcaption class=\"wp-element-caption\">M14 &#8211; Corcel 1976 &#8211; R$ 59<\/figcaption><\/figure>\n\n\n\n<figure class=\"wp-block-image size-full\"><a href=\"https:\/\/autolivraria.com.br\/bc\/wp-content\/uploads\/2024\/07\/Corcel-1977-3.jpg\"><img decoding=\"async\" width=\"500\" height=\"696\" data-id=\"148134\" data-src=\"https:\/\/autolivraria.com.br\/bc\/wp-content\/uploads\/2024\/07\/Corcel-1977-3.jpg\" alt=\"\" class=\"wp-image-148134 lazyload\" data-srcset=\"https:\/\/autolivraria.com.br\/bc\/wp-content\/uploads\/2024\/07\/Corcel-1977-3.jpg 500w, https:\/\/autolivraria.com.br\/bc\/wp-content\/uploads\/2024\/07\/Corcel-1977-3-370x515.jpg 370w\" data-sizes=\"(max-width: 500px) 100vw, 500px\" src=\"data:image\/svg+xml;base64,PHN2ZyB3aWR0aD0iMSIgaGVpZ2h0PSIxIiB4bWxucz0iaHR0cDovL3d3dy53My5vcmcvMjAwMC9zdmciPjwvc3ZnPg==\" style=\"--smush-placeholder-width: 500px; --smush-placeholder-aspect-ratio: 500\/696;\" \/><\/a><figcaption class=\"wp-element-caption\">M15 &#8211; Corcel 1977 &#8211; R$ 59<\/figcaption><\/figure>\n\n\n\n<figure class=\"wp-block-image size-full\"><a href=\"https:\/\/autolivraria.com.br\/bc\/wp-content\/uploads\/2023\/04\/Belina-70.jpg\"><img decoding=\"async\" width=\"500\" height=\"696\" data-id=\"141315\" data-src=\"https:\/\/autolivraria.com.br\/bc\/wp-content\/uploads\/2023\/04\/Belina-70.jpg\" alt=\"\" class=\"wp-image-141315 lazyload\" data-srcset=\"https:\/\/autolivraria.com.br\/bc\/wp-content\/uploads\/2023\/04\/Belina-70.jpg 500w, https:\/\/autolivraria.com.br\/bc\/wp-content\/uploads\/2023\/04\/Belina-70-370x515.jpg 370w\" data-sizes=\"(max-width: 500px) 100vw, 500px\" src=\"data:image\/svg+xml;base64,PHN2ZyB3aWR0aD0iMSIgaGVpZ2h0PSIxIiB4bWxucz0iaHR0cDovL3d3dy53My5vcmcvMjAwMC9zdmciPjwvc3ZnPg==\" style=\"--smush-placeholder-width: 500px; --smush-placeholder-aspect-ratio: 500\/696;\" \/><\/a><figcaption class=\"wp-element-caption\">M16 &#8211; Belina 1970 &#8211; R$ 69<\/figcaption><\/figure>\n\n\n\n<figure class=\"wp-block-image size-full\"><a href=\"https:\/\/autolivraria.com.br\/bc\/wp-content\/uploads\/2024\/07\/Belina-71-2.jpg\"><img decoding=\"async\" width=\"500\" height=\"696\" data-id=\"148133\" data-src=\"https:\/\/autolivraria.com.br\/bc\/wp-content\/uploads\/2024\/07\/Belina-71-2.jpg\" alt=\"\" class=\"wp-image-148133 lazyload\" data-srcset=\"https:\/\/autolivraria.com.br\/bc\/wp-content\/uploads\/2024\/07\/Belina-71-2.jpg 500w, https:\/\/autolivraria.com.br\/bc\/wp-content\/uploads\/2024\/07\/Belina-71-2-370x515.jpg 370w\" data-sizes=\"(max-width: 500px) 100vw, 500px\" src=\"data:image\/svg+xml;base64,PHN2ZyB3aWR0aD0iMSIgaGVpZ2h0PSIxIiB4bWxucz0iaHR0cDovL3d3dy53My5vcmcvMjAwMC9zdmciPjwvc3ZnPg==\" style=\"--smush-placeholder-width: 500px; --smush-placeholder-aspect-ratio: 500\/696;\" \/><\/a><figcaption class=\"wp-element-caption\">M17 &#8211; Belina 1970 &#8211; R$ 69<\/figcaption><\/figure>\n\n\n\n<figure class=\"wp-block-image size-full\"><a href=\"https:\/\/autolivraria.com.br\/bc\/wp-content\/uploads\/2024\/02\/Belina-73-2.jpg\"><img decoding=\"async\" width=\"500\" height=\"696\" data-id=\"146980\" data-src=\"https:\/\/autolivraria.com.br\/bc\/wp-content\/uploads\/2024\/02\/Belina-73-2.jpg\" alt=\"\" class=\"wp-image-146980 lazyload\" data-srcset=\"https:\/\/autolivraria.com.br\/bc\/wp-content\/uploads\/2024\/02\/Belina-73-2.jpg 500w, https:\/\/autolivraria.com.br\/bc\/wp-content\/uploads\/2024\/02\/Belina-73-2-370x515.jpg 370w\" data-sizes=\"(max-width: 500px) 100vw, 500px\" src=\"data:image\/svg+xml;base64,PHN2ZyB3aWR0aD0iMSIgaGVpZ2h0PSIxIiB4bWxucz0iaHR0cDovL3d3dy53My5vcmcvMjAwMC9zdmciPjwvc3ZnPg==\" style=\"--smush-placeholder-width: 500px; --smush-placeholder-aspect-ratio: 500\/696;\" \/><\/a><figcaption class=\"wp-element-caption\">M18 &#8211; Belina 1973 &#8211; R$ 69<\/figcaption><\/figure>\n<\/figure>\n\n\n\n<div style=\"height:50px\" aria-hidden=\"true\" class=\"wp-block-spacer\"><\/div>\n\n\n\n<h2 class=\"wp-block-heading\"><strong>Quadros grandes &#8211; Linha Ford Corcel II<\/strong><\/h2>\n\n\n\n<p>\u2022&nbsp;20 x 27 cm (\u00e1rea ilustrada) e 33 x 40 cm (com moldura e preenchimento com papel cuch\u00ea branco fosco)<\/p>\n\n\n\n<figure class=\"wp-block-gallery aligncenter has-nested-images columns-2 wp-block-gallery-5 is-layout-flex wp-block-gallery-is-layout-flex\">\n<figure class=\"wp-block-image size-full\"><a href=\"https:\/\/autolivraria.com.br\/bc\/wp-content\/uploads\/2024\/07\/Corcel-1981-1-a.jpg\"><img decoding=\"async\" width=\"700\" height=\"853\" data-id=\"148135\" data-src=\"https:\/\/autolivraria.com.br\/bc\/wp-content\/uploads\/2024\/07\/Corcel-1981-1-a.jpg\" alt=\"\" class=\"wp-image-148135 lazyload\" data-srcset=\"https:\/\/autolivraria.com.br\/bc\/wp-content\/uploads\/2024\/07\/Corcel-1981-1-a.jpg 700w, https:\/\/autolivraria.com.br\/bc\/wp-content\/uploads\/2024\/07\/Corcel-1981-1-a-370x451.jpg 370w\" data-sizes=\"(max-width: 700px) 100vw, 700px\" src=\"data:image\/svg+xml;base64,PHN2ZyB3aWR0aD0iMSIgaGVpZ2h0PSIxIiB4bWxucz0iaHR0cDovL3d3dy53My5vcmcvMjAwMC9zdmciPjwvc3ZnPg==\" style=\"--smush-placeholder-width: 700px; --smush-placeholder-aspect-ratio: 700\/853;\" \/><\/a><figcaption class=\"wp-element-caption\">P19 &#8211; Corcel II 1981 &#8211; R$ 99<\/figcaption><\/figure>\n\n\n\n<figure class=\"wp-block-image size-full\"><a href=\"https:\/\/autolivraria.com.br\/bc\/wp-content\/uploads\/2024\/07\/Corcel-1981-2-a.jpg\"><img decoding=\"async\" width=\"700\" height=\"853\" data-id=\"148136\" data-src=\"https:\/\/autolivraria.com.br\/bc\/wp-content\/uploads\/2024\/07\/Corcel-1981-2-a.jpg\" alt=\"\" class=\"wp-image-148136 lazyload\" data-srcset=\"https:\/\/autolivraria.com.br\/bc\/wp-content\/uploads\/2024\/07\/Corcel-1981-2-a.jpg 700w, https:\/\/autolivraria.com.br\/bc\/wp-content\/uploads\/2024\/07\/Corcel-1981-2-a-370x451.jpg 370w\" data-sizes=\"(max-width: 700px) 100vw, 700px\" src=\"data:image\/svg+xml;base64,PHN2ZyB3aWR0aD0iMSIgaGVpZ2h0PSIxIiB4bWxucz0iaHR0cDovL3d3dy53My5vcmcvMjAwMC9zdmciPjwvc3ZnPg==\" style=\"--smush-placeholder-width: 700px; --smush-placeholder-aspect-ratio: 700\/853;\" \/><\/a><figcaption class=\"wp-element-caption\">P20 &#8211; Corcel II 1981 &#8211; R$ 99<\/figcaption><\/figure>\n\n\n\n<figure class=\"wp-block-image size-full\"><a href=\"https:\/\/autolivraria.com.br\/bc\/wp-content\/uploads\/2024\/07\/Corcel-1981-3-a.jpg\"><img decoding=\"async\" width=\"700\" height=\"853\" data-id=\"148137\" data-src=\"https:\/\/autolivraria.com.br\/bc\/wp-content\/uploads\/2024\/07\/Corcel-1981-3-a.jpg\" alt=\"\" class=\"wp-image-148137 lazyload\" data-srcset=\"https:\/\/autolivraria.com.br\/bc\/wp-content\/uploads\/2024\/07\/Corcel-1981-3-a.jpg 700w, https:\/\/autolivraria.com.br\/bc\/wp-content\/uploads\/2024\/07\/Corcel-1981-3-a-370x451.jpg 370w\" data-sizes=\"(max-width: 700px) 100vw, 700px\" src=\"data:image\/svg+xml;base64,PHN2ZyB3aWR0aD0iMSIgaGVpZ2h0PSIxIiB4bWxucz0iaHR0cDovL3d3dy53My5vcmcvMjAwMC9zdmciPjwvc3ZnPg==\" style=\"--smush-placeholder-width: 700px; --smush-placeholder-aspect-ratio: 700\/853;\" \/><\/a><figcaption class=\"wp-element-caption\">P21 &#8211; Corcel II 1981 &#8211; R$ 99<\/figcaption><\/figure>\n\n\n\n<figure class=\"wp-block-image size-full\"><a href=\"https:\/\/autolivraria.com.br\/bc\/wp-content\/uploads\/2024\/07\/Corcel-1981-4-a.jpg\"><img decoding=\"async\" width=\"700\" height=\"853\" data-id=\"148138\" data-src=\"https:\/\/autolivraria.com.br\/bc\/wp-content\/uploads\/2024\/07\/Corcel-1981-4-a.jpg\" alt=\"\" class=\"wp-image-148138 lazyload\" data-srcset=\"https:\/\/autolivraria.com.br\/bc\/wp-content\/uploads\/2024\/07\/Corcel-1981-4-a.jpg 700w, https:\/\/autolivraria.com.br\/bc\/wp-content\/uploads\/2024\/07\/Corcel-1981-4-a-370x451.jpg 370w\" data-sizes=\"(max-width: 700px) 100vw, 700px\" src=\"data:image\/svg+xml;base64,PHN2ZyB3aWR0aD0iMSIgaGVpZ2h0PSIxIiB4bWxucz0iaHR0cDovL3d3dy53My5vcmcvMjAwMC9zdmciPjwvc3ZnPg==\" style=\"--smush-placeholder-width: 700px; --smush-placeholder-aspect-ratio: 700\/853;\" \/><\/a><figcaption class=\"wp-element-caption\">P22 &#8211; Corcel II 1981 &#8211; R$ 99<\/figcaption><\/figure>\n\n\n\n<figure class=\"wp-block-image size-full\"><a href=\"https:\/\/autolivraria.com.br\/bc\/wp-content\/uploads\/2024\/07\/Pampa-S-B.jpg\"><img decoding=\"async\" width=\"700\" height=\"853\" data-id=\"148139\" data-src=\"https:\/\/autolivraria.com.br\/bc\/wp-content\/uploads\/2024\/07\/Pampa-S-B.jpg\" alt=\"\" class=\"wp-image-148139 lazyload\" data-srcset=\"https:\/\/autolivraria.com.br\/bc\/wp-content\/uploads\/2024\/07\/Pampa-S-B.jpg 700w, https:\/\/autolivraria.com.br\/bc\/wp-content\/uploads\/2024\/07\/Pampa-S-B-370x451.jpg 370w\" data-sizes=\"(max-width: 700px) 100vw, 700px\" src=\"data:image\/svg+xml;base64,PHN2ZyB3aWR0aD0iMSIgaGVpZ2h0PSIxIiB4bWxucz0iaHR0cDovL3d3dy53My5vcmcvMjAwMC9zdmciPjwvc3ZnPg==\" style=\"--smush-placeholder-width: 700px; --smush-placeholder-aspect-ratio: 700\/853;\" \/><\/a><figcaption class=\"wp-element-caption\">P23 &#8211; Pampa S 1991 &#8211; R$ 119<\/figcaption><\/figure>\n\n\n\n<figure class=\"wp-block-image size-full\"><a href=\"https:\/\/autolivraria.com.br\/bc\/wp-content\/uploads\/2024\/07\/Pampa-1992-b.jpg\"><img decoding=\"async\" width=\"700\" height=\"853\" data-id=\"148140\" data-src=\"https:\/\/autolivraria.com.br\/bc\/wp-content\/uploads\/2024\/07\/Pampa-1992-b.jpg\" alt=\"\" class=\"wp-image-148140 lazyload\" data-srcset=\"https:\/\/autolivraria.com.br\/bc\/wp-content\/uploads\/2024\/07\/Pampa-1992-b.jpg 700w, https:\/\/autolivraria.com.br\/bc\/wp-content\/uploads\/2024\/07\/Pampa-1992-b-370x451.jpg 370w\" data-sizes=\"(max-width: 700px) 100vw, 700px\" src=\"data:image\/svg+xml;base64,PHN2ZyB3aWR0aD0iMSIgaGVpZ2h0PSIxIiB4bWxucz0iaHR0cDovL3d3dy53My5vcmcvMjAwMC9zdmciPjwvc3ZnPg==\" style=\"--smush-placeholder-width: 700px; --smush-placeholder-aspect-ratio: 700\/853;\" \/><\/a><figcaption class=\"wp-element-caption\">P24 &#8211; Pampa S e 4&#215;4 1992 &#8211; R$ 119<\/figcaption><\/figure>\n<\/figure>\n\n\n\n<div style=\"height:50px\" aria-hidden=\"true\" class=\"wp-block-spacer\"><\/div>\n\n\n\n<h2 class=\"wp-block-heading\"><strong>Quadros m\u00e9dios &#8211; Linha Ford Corcel II<\/strong><\/h2>\n\n\n\n<p>\u2022 20 x 27 cm (\u00e1rea ilustrada) e 24 x 31 cm (com moldura)<\/p>\n\n\n\n<figure class=\"wp-block-gallery aligncenter has-nested-images columns-2 wp-block-gallery-6 is-layout-flex wp-block-gallery-is-layout-flex\">\n<figure class=\"wp-block-image size-full\"><a href=\"https:\/\/autolivraria.com.br\/bc\/wp-content\/uploads\/2021\/10\/Corcel-1981-1.jpg\"><img decoding=\"async\" width=\"500\" height=\"696\" data-id=\"130099\" data-src=\"https:\/\/autolivraria.com.br\/bc\/wp-content\/uploads\/2021\/10\/Corcel-1981-1.jpg\" alt=\"\" class=\"wp-image-130099 lazyload\" data-srcset=\"https:\/\/autolivraria.com.br\/bc\/wp-content\/uploads\/2021\/10\/Corcel-1981-1.jpg 500w, https:\/\/autolivraria.com.br\/bc\/wp-content\/uploads\/2021\/10\/Corcel-1981-1-370x515.jpg 370w\" data-sizes=\"(max-width: 500px) 100vw, 500px\" src=\"data:image\/svg+xml;base64,PHN2ZyB3aWR0aD0iMSIgaGVpZ2h0PSIxIiB4bWxucz0iaHR0cDovL3d3dy53My5vcmcvMjAwMC9zdmciPjwvc3ZnPg==\" style=\"--smush-placeholder-width: 500px; --smush-placeholder-aspect-ratio: 500\/696;\" \/><\/a><figcaption class=\"wp-element-caption\">M19 &#8211; Corcel II 1981 &#8211; R$ 59<\/figcaption><\/figure>\n\n\n\n<figure class=\"wp-block-image size-full\"><a href=\"https:\/\/autolivraria.com.br\/bc\/wp-content\/uploads\/2021\/10\/Corcel-1981-2.jpg\"><img decoding=\"async\" width=\"500\" height=\"696\" data-id=\"130100\" data-src=\"https:\/\/autolivraria.com.br\/bc\/wp-content\/uploads\/2021\/10\/Corcel-1981-2.jpg\" alt=\"\" class=\"wp-image-130100 lazyload\" data-srcset=\"https:\/\/autolivraria.com.br\/bc\/wp-content\/uploads\/2021\/10\/Corcel-1981-2.jpg 500w, https:\/\/autolivraria.com.br\/bc\/wp-content\/uploads\/2021\/10\/Corcel-1981-2-370x515.jpg 370w\" data-sizes=\"(max-width: 500px) 100vw, 500px\" src=\"data:image\/svg+xml;base64,PHN2ZyB3aWR0aD0iMSIgaGVpZ2h0PSIxIiB4bWxucz0iaHR0cDovL3d3dy53My5vcmcvMjAwMC9zdmciPjwvc3ZnPg==\" style=\"--smush-placeholder-width: 500px; --smush-placeholder-aspect-ratio: 500\/696;\" \/><\/a><figcaption class=\"wp-element-caption\">M20 &#8211; Corcel II 1981 &#8211; R$ 59<\/figcaption><\/figure>\n\n\n\n<figure class=\"wp-block-image size-full\"><a href=\"https:\/\/autolivraria.com.br\/bc\/wp-content\/uploads\/2021\/10\/Corcel-1981-3.jpg\"><img decoding=\"async\" width=\"500\" height=\"696\" data-id=\"130101\" data-src=\"https:\/\/autolivraria.com.br\/bc\/wp-content\/uploads\/2021\/10\/Corcel-1981-3.jpg\" alt=\"\" class=\"wp-image-130101 lazyload\" data-srcset=\"https:\/\/autolivraria.com.br\/bc\/wp-content\/uploads\/2021\/10\/Corcel-1981-3.jpg 500w, https:\/\/autolivraria.com.br\/bc\/wp-content\/uploads\/2021\/10\/Corcel-1981-3-370x515.jpg 370w\" data-sizes=\"(max-width: 500px) 100vw, 500px\" src=\"data:image\/svg+xml;base64,PHN2ZyB3aWR0aD0iMSIgaGVpZ2h0PSIxIiB4bWxucz0iaHR0cDovL3d3dy53My5vcmcvMjAwMC9zdmciPjwvc3ZnPg==\" style=\"--smush-placeholder-width: 500px; --smush-placeholder-aspect-ratio: 500\/696;\" \/><\/a><figcaption class=\"wp-element-caption\">M21 &#8211; Corcel II 1981 &#8211; R$ 59<\/figcaption><\/figure>\n\n\n\n<figure class=\"wp-block-image size-full\"><a href=\"https:\/\/autolivraria.com.br\/bc\/wp-content\/uploads\/2021\/10\/Corcel-1981-4.jpg\"><img decoding=\"async\" width=\"500\" height=\"696\" data-id=\"130102\" data-src=\"https:\/\/autolivraria.com.br\/bc\/wp-content\/uploads\/2021\/10\/Corcel-1981-4.jpg\" alt=\"\" class=\"wp-image-130102 lazyload\" data-srcset=\"https:\/\/autolivraria.com.br\/bc\/wp-content\/uploads\/2021\/10\/Corcel-1981-4.jpg 500w, https:\/\/autolivraria.com.br\/bc\/wp-content\/uploads\/2021\/10\/Corcel-1981-4-370x515.jpg 370w\" data-sizes=\"(max-width: 500px) 100vw, 500px\" src=\"data:image\/svg+xml;base64,PHN2ZyB3aWR0aD0iMSIgaGVpZ2h0PSIxIiB4bWxucz0iaHR0cDovL3d3dy53My5vcmcvMjAwMC9zdmciPjwvc3ZnPg==\" style=\"--smush-placeholder-width: 500px; --smush-placeholder-aspect-ratio: 500\/696;\" \/><\/a><figcaption class=\"wp-element-caption\">M22 &#8211; Corcel II 1981 &#8211; R$ 59<\/figcaption><\/figure>\n\n\n\n<figure class=\"wp-block-image size-full\"><a href=\"https:\/\/autolivraria.com.br\/bc\/wp-content\/uploads\/2021\/12\/Pampa-S.jpg\"><img decoding=\"async\" width=\"500\" height=\"696\" data-id=\"130896\" data-src=\"https:\/\/autolivraria.com.br\/bc\/wp-content\/uploads\/2021\/12\/Pampa-S.jpg\" alt=\"\" class=\"wp-image-130896 lazyload\" data-srcset=\"https:\/\/autolivraria.com.br\/bc\/wp-content\/uploads\/2021\/12\/Pampa-S.jpg 500w, https:\/\/autolivraria.com.br\/bc\/wp-content\/uploads\/2021\/12\/Pampa-S-370x515.jpg 370w\" data-sizes=\"(max-width: 500px) 100vw, 500px\" src=\"data:image\/svg+xml;base64,PHN2ZyB3aWR0aD0iMSIgaGVpZ2h0PSIxIiB4bWxucz0iaHR0cDovL3d3dy53My5vcmcvMjAwMC9zdmciPjwvc3ZnPg==\" style=\"--smush-placeholder-width: 500px; --smush-placeholder-aspect-ratio: 500\/696;\" \/><\/a><figcaption class=\"wp-element-caption\">M23 &#8211; Pampa S 1990 &#8211; R$ 79<\/figcaption><\/figure>\n\n\n\n<figure class=\"wp-block-image size-full\"><a href=\"https:\/\/autolivraria.com.br\/bc\/wp-content\/uploads\/2022\/11\/Pampa-1990-tem.jpg\"><img decoding=\"async\" width=\"500\" height=\"696\" data-id=\"135671\" data-src=\"https:\/\/autolivraria.com.br\/bc\/wp-content\/uploads\/2022\/11\/Pampa-1990-tem.jpg\" alt=\"\" class=\"wp-image-135671 lazyload\" data-srcset=\"https:\/\/autolivraria.com.br\/bc\/wp-content\/uploads\/2022\/11\/Pampa-1990-tem.jpg 500w, https:\/\/autolivraria.com.br\/bc\/wp-content\/uploads\/2022\/11\/Pampa-1990-tem-370x515.jpg 370w\" data-sizes=\"(max-width: 500px) 100vw, 500px\" src=\"data:image\/svg+xml;base64,PHN2ZyB3aWR0aD0iMSIgaGVpZ2h0PSIxIiB4bWxucz0iaHR0cDovL3d3dy53My5vcmcvMjAwMC9zdmciPjwvc3ZnPg==\" style=\"--smush-placeholder-width: 500px; --smush-placeholder-aspect-ratio: 500\/696;\" \/><\/a><figcaption class=\"wp-element-caption\">M24 &#8211; Pampa S e 4&#215;4 1991 &#8211; R$ 79<\/figcaption><\/figure>\n<\/figure>\n\n\n\n<div style=\"height:50px\" aria-hidden=\"true\" class=\"wp-block-spacer\"><\/div>\n\n\n<a href='https:\/\/autolivraria.com.br\/bc\/' class='small-button smallsilver' target=\"_blank\">Mais ofertas da Auto Livraria<\/a>\n\n\n\n<div style=\"height:50px\" aria-hidden=\"true\" class=\"wp-block-spacer\"><\/div>\n\n\n\n<h2 class=\"wp-block-heading\">Quero comprar ou saber mais<\/h2>\n\n\n\n<div class=\"wpcf7 no-js\" id=\"wpcf7-f109964-o1\" lang=\"pt-BR\" dir=\"ltr\" data-wpcf7-id=\"109964\">\n<div class=\"screen-reader-response\"><p role=\"status\" aria-live=\"polite\" aria-atomic=\"true\"><\/p> <ul><\/ul><\/div>\n<form action=\"\/bc\/wp-json\/wp\/v2\/posts\/130086#wpcf7-f109964-o1\" method=\"post\" class=\"wpcf7-form init\" aria-label=\"Formul\u00e1rios de contato\" novalidate=\"novalidate\" data-status=\"init\">\n<fieldset class=\"hidden-fields-container\"><input type=\"hidden\" name=\"_wpcf7\" value=\"109964\" \/><input type=\"hidden\" name=\"_wpcf7_version\" value=\"6.1.5\" \/><input type=\"hidden\" name=\"_wpcf7_locale\" value=\"pt_BR\" \/><input type=\"hidden\" name=\"_wpcf7_unit_tag\" value=\"wpcf7-f109964-o1\" \/><input type=\"hidden\" name=\"_wpcf7_container_post\" value=\"0\" \/><input type=\"hidden\" name=\"_wpcf7_posted_data_hash\" value=\"\" \/>\n<\/fieldset>\n<p>Se preferir, contate-nos pelo e-mail <a href=\"mailto:contato@autolivraria.com.br\">contato@autolivraria.com.br<\/a> ou Whatsapp <a href=\"https:\/\/api.whatsapp.com\/send\/?phone=5512997792817\">(12) 9-9779-2817<\/a>.\n<\/p>\n<p>Nome (obrigat\u00f3rio)\n<\/p>\n<p><span class=\"wpcf7-form-control-wrap\" data-name=\"your-name\"><input size=\"40\" maxlength=\"400\" class=\"wpcf7-form-control wpcf7-text wpcf7-validates-as-required\" aria-required=\"true\" aria-invalid=\"false\" value=\"\" type=\"text\" name=\"your-name\" \/><\/span>\n<\/p>\n<p>Cidade (obrigat\u00f3rio)\n<\/p>\n<p><span class=\"wpcf7-form-control-wrap\" data-name=\"cidade\"><input size=\"40\" maxlength=\"400\" class=\"wpcf7-form-control wpcf7-text wpcf7-validates-as-required\" aria-required=\"true\" aria-invalid=\"false\" value=\"\" type=\"text\" name=\"cidade\" \/><\/span>\n<\/p>\n<p>Estado (obrigat\u00f3rio)\n<\/p>\n<p><span class=\"wpcf7-form-control-wrap\" data-name=\"estado\"><select class=\"wpcf7-form-control wpcf7-select wpcf7-validates-as-required\" aria-required=\"true\" aria-invalid=\"false\" name=\"estado\"><option value=\"\">&#8212;Escolha uma op\u00e7\u00e3o&#8212;<\/option><option value=\"AC\">AC<\/option><option value=\"AL\">AL<\/option><option value=\"AM\">AM<\/option><option value=\"AP\">AP<\/option><option value=\"BA\">BA<\/option><option value=\"CE\">CE<\/option><option value=\"DF\">DF<\/option><option value=\"ES\">ES<\/option><option value=\"GO\">GO<\/option><option value=\"MA\">MA<\/option><option value=\"MG\">MG<\/option><option value=\"MS\">MS<\/option><option value=\"MT\">MT<\/option><option value=\"PA\">PA<\/option><option value=\"PB\">PB<\/option><option value=\"PE\">PE<\/option><option value=\"PI\">PI<\/option><option value=\"PR\">PR<\/option><option value=\"RJ\">RJ<\/option><option value=\"RN\">RN<\/option><option value=\"RO\">RO<\/option><option value=\"RR\">RR<\/option><option value=\"RS\">RS<\/option><option value=\"SC\">SC<\/option><option value=\"SE\">SE<\/option><option value=\"SP\">SP<\/option><option value=\"TO\">TO<\/option><\/select><\/span>\n<\/p>\n<p>E-mail (obrigat\u00f3rio)\n<\/p>\n<p><span class=\"wpcf7-form-control-wrap\" data-name=\"your-email\"><input size=\"40\" maxlength=\"400\" class=\"wpcf7-form-control wpcf7-email wpcf7-validates-as-required wpcf7-text wpcf7-validates-as-email\" aria-required=\"true\" aria-invalid=\"false\" value=\"\" type=\"email\" name=\"your-email\" \/><\/span>\n<\/p>\n<p>Whatsapp (com DDD)\n<\/p>\n<p><span class=\"wpcf7-form-control-wrap\" data-name=\"whatsapp\"><input size=\"40\" maxlength=\"400\" class=\"wpcf7-form-control wpcf7-text\" aria-invalid=\"false\" value=\"\" type=\"text\" name=\"whatsapp\" \/><\/span>\n<\/p>\n<p>Em que produtos voc\u00ea tem interesse? (obrigat\u00f3rio)\n<\/p>\n<p><span class=\"wpcf7-form-control-wrap\" data-name=\"your-message\"><textarea cols=\"40\" rows=\"10\" maxlength=\"2000\" class=\"wpcf7-form-control wpcf7-textarea wpcf7-validates-as-required\" aria-required=\"true\" aria-invalid=\"false\" name=\"your-message\"><\/textarea><\/span>\n<\/p>\n<p>CEP do local de entrega.\n<\/p>\n<p><span class=\"wpcf7-form-control-wrap\" data-name=\"cep\"><input size=\"40\" maxlength=\"400\" class=\"wpcf7-form-control wpcf7-text\" aria-invalid=\"false\" value=\"\" type=\"text\" name=\"cep\" \/><\/span>\n<\/p>\n<p>Endere\u00e7o do local de entrega (incluir n\u00famero e apartamento se for o caso).\n<\/p>\n<p><span class=\"wpcf7-form-control-wrap\" data-name=\"endereco\"><input size=\"40\" maxlength=\"400\" class=\"wpcf7-form-control wpcf7-text\" aria-invalid=\"false\" value=\"\" type=\"text\" name=\"endereco\" \/><\/span>\n<\/p>\n<p>Como prefere o envio?\n<\/p>\n<p><span class=\"wpcf7-form-control-wrap\" data-name=\"envio\"><select class=\"wpcf7-form-control wpcf7-select wpcf7-validates-as-required\" aria-required=\"true\" aria-invalid=\"false\" name=\"envio\"><option value=\"\">&#8212;Escolha uma op\u00e7\u00e3o&#8212;<\/option><option value=\"Econ\u00f4mico\">Econ\u00f4mico<\/option><option value=\"PAC (custo intermedi\u00e1rio)\">PAC (custo intermedi\u00e1rio)<\/option><option value=\"Sedex (custo maior)\">Sedex (custo maior)<\/option><option value=\"Quero conhecer as op\u00e7\u00f5es de custo\">Quero conhecer as op\u00e7\u00f5es de custo<\/option><option value=\"Estou apenas pedindo informa\u00e7\u00f5es\">Estou apenas pedindo informa\u00e7\u00f5es<\/option><\/select><\/span>\n<\/p>\n<p>Como prefere pagar?\n<\/p>\n<p><span class=\"wpcf7-form-control-wrap\" data-name=\"pagamento\"><select class=\"wpcf7-form-control wpcf7-select\" aria-invalid=\"false\" name=\"pagamento\"><option value=\"\">&#8212;Escolha uma op\u00e7\u00e3o&#8212;<\/option><option value=\"Dep\u00f3sito ou transfer\u00eancia\">Dep\u00f3sito ou transfer\u00eancia<\/option><option value=\"Pix\">Pix<\/option><option value=\"Boleto\">Boleto<\/option><option value=\"Cart\u00e3o ou boleto via Mercado Pago (tarifa de 10%)\">Cart\u00e3o ou boleto via Mercado Pago (tarifa de 10%)<\/option><option value=\"Estou apenas pedindo informa\u00e7\u00f5es\">Estou apenas pedindo informa\u00e7\u00f5es<\/option><\/select><\/span>\n<\/p>\n<p>Como prefere receber nosso contato? (obrigat\u00f3rio)\n<\/p>\n<p><span class=\"wpcf7-form-control-wrap\" data-name=\"retorno\"><select class=\"wpcf7-form-control wpcf7-select wpcf7-validates-as-required\" aria-required=\"true\" aria-invalid=\"false\" name=\"retorno\"><option value=\"\">&#8212;Escolha uma op\u00e7\u00e3o&#8212;<\/option><option value=\"Por e-mail\">Por e-mail<\/option><option value=\"Por Whatsapp\">Por Whatsapp<\/option><option value=\"Tanto faz\">Tanto faz<\/option><\/select><\/span>\n<\/p>\n<p>Gostaria de receber novidades da Auto Livraria por e-mail?\n<\/p>\n<p><span class=\"wpcf7-form-control-wrap\" data-name=\"boletim_al\"><select class=\"wpcf7-form-control wpcf7-select\" aria-invalid=\"false\" name=\"boletim_al\"><option value=\"\">&#8212;Escolha uma op\u00e7\u00e3o&#8212;<\/option><option value=\"Gostaria\">Gostaria<\/option><option value=\"N\u00e3o, obrigado\">N\u00e3o, obrigado<\/option><option value=\"J\u00e1 recebo\">J\u00e1 recebo<\/option><\/select><\/span>\n<\/p>\n<p><div class=\"cf7-cf-turnstile\" style=\"margin-top: 0px; margin-bottom: -15px;\"> <div id=\"cf-turnstile-cf7-3551077889\" class=\"cf-turnstile\" data-sitekey=\"0x4AAAAAAA1Z3y85HxJh_CgQ\" data-theme=\"light\" data-language=\"pt-br\" data-size=\"normal\" data-retry=\"auto\" data-retry-interval=\"1000\" data-refresh-expired=\"auto\" data-refresh-timeout=\"auto\" data-action=\"contact-form-7\" data-callback=\"turnstileCF7Callback\" data-error-callback=\"cfturnstileErrorCallback\" data-appearance=\"always\"><\/div> <div class=\"cf-turnstile-failed-text cf-turnstile-failed-text-cf7-3551077889\"><\/div> <script> function cfturnstileErrorCallback() { var cfTurnstileFailedText = document.querySelector('.cf-turnstile-failed-text-cf7-3551077889'); cfTurnstileFailedText.innerHTML = '<p><i>A verifica\u00e7\u00e3o de seguran\u00e7a falhou. Se tiver dificuldades, por favor, contate-nos pelo e-mail ou Whatsapp informado acima.<\/i><\/p>'; } function cfturnstileCallback() { var cfTurnstileFailedText = document.querySelector('.cf-turnstile-failed-text-cf7-3551077889'); cfTurnstileFailedText.innerHTML = ''; } <\/script> <script>document.addEventListener(\"DOMContentLoaded\", function() { setTimeout(function(){ var e=document.getElementById(\"cf-turnstile-cf7-3551077889\"); if(e&&!e.innerHTML.trim()){turnstile.render(e, {sitekey:\"0x4AAAAAAA1Z3y85HxJh_CgQ\"});} }, 200); });<\/script> <br class=\"cf-turnstile-br cf-turnstile-br-cf7-3551077889\"> <style>#cf-turnstile-cf7-3551077889 { margin-left: -15px; }<\/style> <script>document.addEventListener(\"DOMContentLoaded\",function(){document.querySelectorAll('.wpcf7-form').forEach(function(e){e.addEventListener('submit',function(){if(document.getElementById('cf-turnstile-cf7-3551077889')){setTimeout(function(){turnstile.reset('#cf-turnstile-cf7-3551077889');},1000)}})})});<\/script> <\/div>\n<\/p>\n<p>Seus dados pessoais n\u00e3o ser\u00e3o cedidos ou vendidos a terceiros com fins comerciais. Esse \u00e9 nosso compromisso. <a href=\"https:\/\/autolivraria.com.br\/bc\/politica-de-privacidade\/\" rel=\"noopener noreferrer\" target=\"_blank\">Conhe\u00e7a nossa pol\u00edtica de privacidade.<\/a>\n<\/p>\n<p><input class=\"wpcf7-form-control wpcf7-submit has-spinner\" type=\"submit\" value=\"Enviar\" \/>\n<\/p><div class=\"wpcf7-response-output\" aria-hidden=\"true\"><\/div>\n<\/form>\n<\/div>\n\n\n\n\n<div style=\"height:50px\" aria-hidden=\"true\" class=\"wp-block-spacer\"><\/div>\n","protected":false},"excerpt":{"rendered":"<p>Quadros decorativos com propagandas e mat\u00e9rias da linha em duas gera\u00e7\u00f5es &#8211; a partir de R$ 59<\/p>\n","protected":false},"author":6,"featured_media":146985,"comment_status":"closed","ping_status":"closed","sticky":false,"template":"","format":"standard","meta":{"_joinchat":[],"footnotes":""},"categories":[4783,5209],"tags":[4946,216,156,214,5230,213,3996,5243,5210],"class_list":["post-130086","post","type-post","status-publish","format-standard","has-post-thumbnail","hentry","category-al-ford","category-quadros-decorativos","tag-auto-livraria","tag-belina","tag-carros-do-passado","tag-corcel","tag-corcel-gt","tag-ford-3","tag-pampa","tag-quadros-ford","tag-quadros-decorativos"],"amp_enabled":true,"_links":{"self":[{"href":"https:\/\/autolivraria.com.br\/bc\/wp-json\/wp\/v2\/posts\/130086","targetHints":{"allow":["GET"]}}],"collection":[{"href":"https:\/\/autolivraria.com.br\/bc\/wp-json\/wp\/v2\/posts"}],"about":[{"href":"https:\/\/autolivraria.com.br\/bc\/wp-json\/wp\/v2\/types\/post"}],"author":[{"embeddable":true,"href":"https:\/\/autolivraria.com.br\/bc\/wp-json\/wp\/v2\/users\/6"}],"replies":[{"embeddable":true,"href":"https:\/\/autolivraria.com.br\/bc\/wp-json\/wp\/v2\/comments?post=130086"}],"version-history":[{"count":1,"href":"https:\/\/autolivraria.com.br\/bc\/wp-json\/wp\/v2\/posts\/130086\/revisions"}],"predecessor-version":[{"id":151881,"href":"https:\/\/autolivraria.com.br\/bc\/wp-json\/wp\/v2\/posts\/130086\/revisions\/151881"}],"wp:featuredmedia":[{"embeddable":true,"href":"https:\/\/autolivraria.com.br\/bc\/wp-json\/wp\/v2\/media\/146985"}],"wp:attachment":[{"href":"https:\/\/autolivraria.com.br\/bc\/wp-json\/wp\/v2\/media?parent=130086"}],"wp:term":[{"taxonomy":"category","embeddable":true,"href":"https:\/\/autolivraria.com.br\/bc\/wp-json\/wp\/v2\/categories?post=130086"},{"taxonomy":"post_tag","embeddable":true,"href":"https:\/\/autolivraria.com.br\/bc\/wp-json\/wp\/v2\/tags?post=130086"}],"curies":[{"name":"wp","href":"https:\/\/api.w.org\/{rel}","templated":true}]}}