{"id":130853,"date":"2025-08-02T01:01:00","date_gmt":"2025-08-02T04:01:00","guid":{"rendered":"https:\/\/autolivraria.com.br\/bc\/?p=130853"},"modified":"2025-11-17T14:35:19","modified_gmt":"2025-11-17T17:35:19","slug":"quadros-bianco-mplafer-santamatilde-fora-serie","status":"publish","type":"post","link":"https:\/\/autolivraria.com.br\/bc\/auto-livraria\/al-outras-marcas\/quadros-bianco-mplafer-santamatilde-fora-serie\/","title":{"rendered":"Fora de s\u00e9rie: carros especiais em quadros decorativos"},"content":{"rendered":"\n<figure class=\"wp-block-image alignwide size-large\"><a href=\"https:\/\/autolivraria.com.br\/bc\/wp-content\/uploads\/2024\/05\/Fora-de-serie.jpg\"><img fetchpriority=\"high\" decoding=\"async\" width=\"750\" height=\"500\" src=\"https:\/\/autolivraria.com.br\/bc\/wp-content\/uploads\/2024\/05\/Fora-de-serie-750x500.jpg\" alt=\"\" class=\"wp-image-149260\" srcset=\"https:\/\/autolivraria.com.br\/bc\/wp-content\/uploads\/2024\/05\/Fora-de-serie-750x500.jpg 750w, https:\/\/autolivraria.com.br\/bc\/wp-content\/uploads\/2024\/05\/Fora-de-serie-370x247.jpg 370w, https:\/\/autolivraria.com.br\/bc\/wp-content\/uploads\/2024\/05\/Fora-de-serie.jpg 1024w\" sizes=\"(max-width: 750px) 100vw, 750px\" \/><\/a><\/figure>\n\n\n\n<p><br><br>Do come\u00e7o de nossa ind\u00fastria at\u00e9 a abertura aos importados em 1990, o mercado nacional contou com grande variedade dos chamados &#8220;carros fora de s\u00e9rie&#8221;. Eram esportivos, r\u00e9plicas e jipes que demonstravam a criatividade brasileira por meio de pequenas f\u00e1bricas, algumas delas com resultados expressivos at\u00e9 no exterior.<\/p>\n\n\n\n<p>A <strong>Auto Livraria Best Cars<\/strong> prestigia esses modelos em sua linha de quadros decorativos exclusivos, feitos com mat\u00e9rias e propagandas <strong>originais de revistas, sem reprodu\u00e7\u00f5es<\/strong>. A oferta inclui dezenas de op\u00e7\u00f5es com esportivos como Brasinca 4200 GT e Hofstetter; carros luxuosos como Lassale e SM; jipes como Engesa 4 e Envemo Camper; e r\u00e9plicas como Chamonix 550 e LHM Phoenix, entre outros. Veja tamb\u00e9m quadros com <a href=\"https:\/\/autolivraria.com.br\/bc\/auto-livraria\/al-outras-marcas\/gurgel-x12-xavante-carajas-br800-supermini\/\" data-type=\"post\" data-id=\"141589\" target=\"_blank\" rel=\"noreferrer noopener\">Gurgel<\/a>, <a href=\"https:\/\/autolivraria.com.br\/bc\/auto-livraria\/al-outras-marcas\/quadros-miura-targa-spider-top-sport\/\" data-type=\"post\" data-id=\"145798\" target=\"_blank\" rel=\"noreferrer noopener\">Mi\u00fara<\/a> e <a href=\"https:\/\/autolivraria.com.br\/bc\/auto-livraria\/al-outras-marcas\/quadros-puma-gtb-gte-gts-spyder-am3-amv\/\" data-type=\"post\" data-id=\"148755\" target=\"_blank\" rel=\"noreferrer noopener\">Puma<\/a>.<\/p>\n\n\n\n<p>Perfeitos para decorar seu escrit\u00f3rio ou garagem e para presentear quem tamb\u00e9m tem paix\u00e3o pelos carros, os quadros v\u00eam completos com moldura de madeira de reflorestamento, prote\u00e7\u00e3o em acetato (pl\u00e1stico transparente) e gancho para pendurar. Sua oferta limitada garante uma exclusividade que n\u00e3o h\u00e1 nos quadros feitos em massa com imagens reproduzidas.<br><br><\/p>\n\n\n\n<figure class=\"wp-block-image alignwide size-full\"><img decoding=\"async\" width=\"750\" height=\"401\" data-src=\"https:\/\/autolivraria.com.br\/bc\/wp-content\/uploads\/2021\/07\/Moldura-com-apontamentos-2-750.jpg\" alt=\"\" class=\"wp-image-129112 lazyload\" data-srcset=\"https:\/\/autolivraria.com.br\/bc\/wp-content\/uploads\/2021\/07\/Moldura-com-apontamentos-2-750.jpg 750w, https:\/\/autolivraria.com.br\/bc\/wp-content\/uploads\/2021\/07\/Moldura-com-apontamentos-2-750-370x198.jpg 370w\" data-sizes=\"(max-width: 750px) 100vw, 750px\" src=\"data:image\/svg+xml;base64,PHN2ZyB3aWR0aD0iMSIgaGVpZ2h0PSIxIiB4bWxucz0iaHR0cDovL3d3dy53My5vcmcvMjAwMC9zdmciPjwvc3ZnPg==\" style=\"--smush-placeholder-width: 750px; --smush-placeholder-aspect-ratio: 750\/401;\" \/><\/figure>\n\n\n\n<p><br>Para comprar, envie uma mensagem abaixo ou pelo <a rel=\"noreferrer noopener\" href=\"http:\/\/wa.me\/5512997792817\" target=\"_blank\">Whatsapp (12) 99779-2817<\/a> com o n\u00famero do item ou dos itens que deseja.<\/p>\n\n\n\n<p>\u2022&nbsp;<strong>Frete<\/strong>:<\/p>\n\n\n\n<p>Estado de S\u00e3o Paulo &#8211; R$ 25<br>Estados de ES, GO, MG, PR, RJ, RS, SC e o DF &#8211; R$ 28<br>V\u00e1lidos para at\u00e9 2 quadros m\u00e9dios ou 1 quadro grande. Consulte para maior quantidade e outros estados.<\/p>\n\n\n\n<p>\u2022 <strong>Formas de pagamento: <\/strong>pix, boleto e transfer\u00eancia banc\u00e1ria. Tamb\u00e9m com cart\u00e3o pelo Mercado Pago (+ 10%).<\/p>\n\n\n\n<p class=\"has-small-font-size\"><br><strong>Observa\u00e7\u00f5es:<\/strong><br>\u2022 O produto pode apresentar pequenas diferen\u00e7as de aspecto e propor\u00e7\u00e3o em rela\u00e7\u00e3o \u00e0 montagem digital das imagens mostradas aqui.<\/p>\n\n\n\n<p class=\"has-small-font-size\">\u2022 Por se tratar de p\u00e1ginas originais de revistas antigas, os itens podem apresentar-se amarelados ou com outras marcas do tempo.<\/p>\n\n\n\n<p class=\"has-small-font-size\">\u2022 No caso do quadro grande, por se tratar de duas p\u00e1ginas separadas, com o corte do trecho serrilhado, sua jun\u00e7\u00e3o para compor o quadro pode ter pequena perda de conte\u00fado.<\/p>\n\n\n\n<div style=\"height:50px\" aria-hidden=\"true\" class=\"wp-block-spacer\"><\/div>\n\n\n\n<h2 class=\"wp-block-heading\"><strong>Quadros grandes &#8211; Carros fora de s\u00e9rie<\/strong><\/h2>\n\n\n\n<p>\u2022 40 x 27 cm (\u00e1rea ilustrada) e 44 x 31 cm (com moldura)<\/p>\n\n\n\n<figure class=\"wp-block-gallery aligncenter has-nested-images columns-1 wp-block-gallery-1 is-layout-flex wp-block-gallery-is-layout-flex\">\n<figure class=\"wp-block-image size-full\"><a href=\"https:\/\/autolivraria.com.br\/bc\/wp-content\/uploads\/2024\/05\/Avallone.jpg\"><img decoding=\"async\" width=\"750\" height=\"565\" data-id=\"149252\" data-src=\"https:\/\/autolivraria.com.br\/bc\/wp-content\/uploads\/2024\/05\/Avallone.jpg\" alt=\"\" class=\"wp-image-149252 lazyload\" data-srcset=\"https:\/\/autolivraria.com.br\/bc\/wp-content\/uploads\/2024\/05\/Avallone.jpg 750w, https:\/\/autolivraria.com.br\/bc\/wp-content\/uploads\/2024\/05\/Avallone-370x279.jpg 370w\" data-sizes=\"(max-width: 750px) 100vw, 750px\" src=\"data:image\/svg+xml;base64,PHN2ZyB3aWR0aD0iMSIgaGVpZ2h0PSIxIiB4bWxucz0iaHR0cDovL3d3dy53My5vcmcvMjAwMC9zdmciPjwvc3ZnPg==\" style=\"--smush-placeholder-width: 750px; --smush-placeholder-aspect-ratio: 750\/565;\" \/><\/a><figcaption class=\"wp-element-caption\">G1 &#8211; Avallone &#8211; R$ 119<\/figcaption><\/figure>\n\n\n\n<figure class=\"wp-block-image size-full\"><a href=\"https:\/\/autolivraria.com.br\/bc\/wp-content\/uploads\/2024\/05\/Bianco-6.jpg\"><img decoding=\"async\" width=\"750\" height=\"565\" data-id=\"149253\" data-src=\"https:\/\/autolivraria.com.br\/bc\/wp-content\/uploads\/2024\/05\/Bianco-6.jpg\" alt=\"\" class=\"wp-image-149253 lazyload\" data-srcset=\"https:\/\/autolivraria.com.br\/bc\/wp-content\/uploads\/2024\/05\/Bianco-6.jpg 750w, https:\/\/autolivraria.com.br\/bc\/wp-content\/uploads\/2024\/05\/Bianco-6-370x279.jpg 370w\" data-sizes=\"(max-width: 750px) 100vw, 750px\" src=\"data:image\/svg+xml;base64,PHN2ZyB3aWR0aD0iMSIgaGVpZ2h0PSIxIiB4bWxucz0iaHR0cDovL3d3dy53My5vcmcvMjAwMC9zdmciPjwvc3ZnPg==\" style=\"--smush-placeholder-width: 750px; --smush-placeholder-aspect-ratio: 750\/565;\" \/><\/a><figcaption class=\"wp-element-caption\">G2 &#8211; Bianco &#8211; R$ 149<\/figcaption><\/figure>\n\n\n\n<figure class=\"wp-block-image size-full\"><a href=\"https:\/\/autolivraria.com.br\/bc\/wp-content\/uploads\/2024\/05\/Brasinca-4200-GT-2.jpg\"><img decoding=\"async\" width=\"750\" height=\"565\" data-id=\"149254\" data-src=\"https:\/\/autolivraria.com.br\/bc\/wp-content\/uploads\/2024\/05\/Brasinca-4200-GT-2.jpg\" alt=\"\" class=\"wp-image-149254 lazyload\" data-srcset=\"https:\/\/autolivraria.com.br\/bc\/wp-content\/uploads\/2024\/05\/Brasinca-4200-GT-2.jpg 750w, https:\/\/autolivraria.com.br\/bc\/wp-content\/uploads\/2024\/05\/Brasinca-4200-GT-2-370x279.jpg 370w\" data-sizes=\"(max-width: 750px) 100vw, 750px\" src=\"data:image\/svg+xml;base64,PHN2ZyB3aWR0aD0iMSIgaGVpZ2h0PSIxIiB4bWxucz0iaHR0cDovL3d3dy53My5vcmcvMjAwMC9zdmciPjwvc3ZnPg==\" style=\"--smush-placeholder-width: 750px; --smush-placeholder-aspect-ratio: 750\/565;\" \/><\/a><figcaption class=\"wp-element-caption\">G3 &#8211; Brasinca 4200 GT &#8211; R$ 119<\/figcaption><\/figure>\n\n\n\n<figure class=\"wp-block-image size-full\"><a href=\"https:\/\/autolivraria.com.br\/bc\/wp-content\/uploads\/2021\/12\/Brasinca-Uirapuru.jpg\"><img decoding=\"async\" width=\"750\" height=\"565\" data-id=\"130858\" data-src=\"https:\/\/autolivraria.com.br\/bc\/wp-content\/uploads\/2021\/12\/Brasinca-Uirapuru.jpg\" alt=\"\" class=\"wp-image-130858 lazyload\" data-srcset=\"https:\/\/autolivraria.com.br\/bc\/wp-content\/uploads\/2021\/12\/Brasinca-Uirapuru.jpg 750w, https:\/\/autolivraria.com.br\/bc\/wp-content\/uploads\/2021\/12\/Brasinca-Uirapuru-370x279.jpg 370w\" data-sizes=\"(max-width: 750px) 100vw, 750px\" src=\"data:image\/svg+xml;base64,PHN2ZyB3aWR0aD0iMSIgaGVpZ2h0PSIxIiB4bWxucz0iaHR0cDovL3d3dy53My5vcmcvMjAwMC9zdmciPjwvc3ZnPg==\" style=\"--smush-placeholder-width: 750px; --smush-placeholder-aspect-ratio: 750\/565;\" \/><\/a><figcaption class=\"wp-element-caption\">G4 &#8211; Brasinca Uirapuru &#8211; R$ 119<\/figcaption><\/figure>\n\n\n\n<figure class=\"wp-block-image size-full\"><a href=\"https:\/\/autolivraria.com.br\/bc\/wp-content\/uploads\/2024\/05\/Chamonix-Speedster.jpg\"><img decoding=\"async\" width=\"750\" height=\"565\" data-id=\"149255\" data-src=\"https:\/\/autolivraria.com.br\/bc\/wp-content\/uploads\/2024\/05\/Chamonix-Speedster.jpg\" alt=\"\" class=\"wp-image-149255 lazyload\" data-srcset=\"https:\/\/autolivraria.com.br\/bc\/wp-content\/uploads\/2024\/05\/Chamonix-Speedster.jpg 750w, https:\/\/autolivraria.com.br\/bc\/wp-content\/uploads\/2024\/05\/Chamonix-Speedster-370x279.jpg 370w\" data-sizes=\"(max-width: 750px) 100vw, 750px\" src=\"data:image\/svg+xml;base64,PHN2ZyB3aWR0aD0iMSIgaGVpZ2h0PSIxIiB4bWxucz0iaHR0cDovL3d3dy53My5vcmcvMjAwMC9zdmciPjwvc3ZnPg==\" style=\"--smush-placeholder-width: 750px; --smush-placeholder-aspect-ratio: 750\/565;\" \/><\/a><figcaption class=\"wp-element-caption\">G5 &#8211; Chamonix Speedster &#8211; R$ 119<\/figcaption><\/figure>\n\n\n\n<figure class=\"wp-block-image size-full\"><a href=\"https:\/\/autolivraria.com.br\/bc\/wp-content\/uploads\/2021\/12\/Chamonix-Spyder-550S.jpg\"><img decoding=\"async\" width=\"750\" height=\"565\" data-id=\"130859\" data-src=\"https:\/\/autolivraria.com.br\/bc\/wp-content\/uploads\/2021\/12\/Chamonix-Spyder-550S.jpg\" alt=\"\" class=\"wp-image-130859 lazyload\" data-srcset=\"https:\/\/autolivraria.com.br\/bc\/wp-content\/uploads\/2021\/12\/Chamonix-Spyder-550S.jpg 750w, https:\/\/autolivraria.com.br\/bc\/wp-content\/uploads\/2021\/12\/Chamonix-Spyder-550S-370x279.jpg 370w\" data-sizes=\"(max-width: 750px) 100vw, 750px\" src=\"data:image\/svg+xml;base64,PHN2ZyB3aWR0aD0iMSIgaGVpZ2h0PSIxIiB4bWxucz0iaHR0cDovL3d3dy53My5vcmcvMjAwMC9zdmciPjwvc3ZnPg==\" style=\"--smush-placeholder-width: 750px; --smush-placeholder-aspect-ratio: 750\/565;\" \/><\/a><figcaption class=\"wp-element-caption\">G6 &#8211; Chamonix 550 Spyder &#8211; R$ 149<\/figcaption><\/figure>\n\n\n\n<figure class=\"wp-block-image size-full\"><a href=\"https:\/\/autolivraria.com.br\/bc\/wp-content\/uploads\/2024\/08\/Dardo-2.jpg\"><img decoding=\"async\" width=\"750\" height=\"565\" data-id=\"153414\" data-src=\"https:\/\/autolivraria.com.br\/bc\/wp-content\/uploads\/2024\/08\/Dardo-2.jpg\" alt=\"\" class=\"wp-image-153414 lazyload\" data-srcset=\"https:\/\/autolivraria.com.br\/bc\/wp-content\/uploads\/2024\/08\/Dardo-2.jpg 750w, https:\/\/autolivraria.com.br\/bc\/wp-content\/uploads\/2024\/08\/Dardo-2-370x279.jpg 370w\" data-sizes=\"(max-width: 750px) 100vw, 750px\" src=\"data:image\/svg+xml;base64,PHN2ZyB3aWR0aD0iMSIgaGVpZ2h0PSIxIiB4bWxucz0iaHR0cDovL3d3dy53My5vcmcvMjAwMC9zdmciPjwvc3ZnPg==\" style=\"--smush-placeholder-width: 750px; --smush-placeholder-aspect-ratio: 750\/565;\" \/><\/a><figcaption class=\"wp-element-caption\">G7 &#8211; Corona Dardo &#8211; R$ 149<\/figcaption><\/figure>\n\n\n\n<figure class=\"wp-block-image size-full\"><a href=\"https:\/\/autolivraria.com.br\/bc\/wp-content\/uploads\/2022\/12\/Engesa-4-02.jpg\"><img decoding=\"async\" width=\"750\" height=\"565\" data-id=\"136046\" data-src=\"https:\/\/autolivraria.com.br\/bc\/wp-content\/uploads\/2022\/12\/Engesa-4-02.jpg\" alt=\"\" class=\"wp-image-136046 lazyload\" data-srcset=\"https:\/\/autolivraria.com.br\/bc\/wp-content\/uploads\/2022\/12\/Engesa-4-02.jpg 750w, https:\/\/autolivraria.com.br\/bc\/wp-content\/uploads\/2022\/12\/Engesa-4-02-370x279.jpg 370w\" data-sizes=\"(max-width: 750px) 100vw, 750px\" src=\"data:image\/svg+xml;base64,PHN2ZyB3aWR0aD0iMSIgaGVpZ2h0PSIxIiB4bWxucz0iaHR0cDovL3d3dy53My5vcmcvMjAwMC9zdmciPjwvc3ZnPg==\" style=\"--smush-placeholder-width: 750px; --smush-placeholder-aspect-ratio: 750\/565;\" \/><\/a><figcaption class=\"wp-element-caption\">G8 &#8211; Engesa 4 &#8211; R$ 149<\/figcaption><\/figure>\n\n\n\n<figure class=\"wp-block-image size-full\"><a href=\"https:\/\/autolivraria.com.br\/bc\/wp-content\/uploads\/2024\/08\/Engesa-4-06.jpg\"><img decoding=\"async\" width=\"750\" height=\"565\" data-id=\"153415\" data-src=\"https:\/\/autolivraria.com.br\/bc\/wp-content\/uploads\/2024\/08\/Engesa-4-06.jpg\" alt=\"\" class=\"wp-image-153415 lazyload\" data-srcset=\"https:\/\/autolivraria.com.br\/bc\/wp-content\/uploads\/2024\/08\/Engesa-4-06.jpg 750w, https:\/\/autolivraria.com.br\/bc\/wp-content\/uploads\/2024\/08\/Engesa-4-06-370x279.jpg 370w\" data-sizes=\"(max-width: 750px) 100vw, 750px\" src=\"data:image\/svg+xml;base64,PHN2ZyB3aWR0aD0iMSIgaGVpZ2h0PSIxIiB4bWxucz0iaHR0cDovL3d3dy53My5vcmcvMjAwMC9zdmciPjwvc3ZnPg==\" style=\"--smush-placeholder-width: 750px; --smush-placeholder-aspect-ratio: 750\/565;\" \/><\/a><figcaption class=\"wp-element-caption\">G9 &#8211; Engesa 4 &#8211; R$ 149<\/figcaption><\/figure>\n\n\n\n<figure class=\"wp-block-image size-full\"><a href=\"https:\/\/autolivraria.com.br\/bc\/wp-content\/uploads\/2024\/05\/Engesa-4-4.jpg\"><img decoding=\"async\" width=\"750\" height=\"565\" data-id=\"149256\" data-src=\"https:\/\/autolivraria.com.br\/bc\/wp-content\/uploads\/2024\/05\/Engesa-4-4.jpg\" alt=\"\" class=\"wp-image-149256 lazyload\" data-srcset=\"https:\/\/autolivraria.com.br\/bc\/wp-content\/uploads\/2024\/05\/Engesa-4-4.jpg 750w, https:\/\/autolivraria.com.br\/bc\/wp-content\/uploads\/2024\/05\/Engesa-4-4-370x279.jpg 370w\" data-sizes=\"(max-width: 750px) 100vw, 750px\" src=\"data:image\/svg+xml;base64,PHN2ZyB3aWR0aD0iMSIgaGVpZ2h0PSIxIiB4bWxucz0iaHR0cDovL3d3dy53My5vcmcvMjAwMC9zdmciPjwvc3ZnPg==\" style=\"--smush-placeholder-width: 750px; --smush-placeholder-aspect-ratio: 750\/565;\" \/><\/a><figcaption class=\"wp-element-caption\">G10 &#8211; Engesa 4 &#8211; R$ 119<\/figcaption><\/figure>\n\n\n\n<figure class=\"wp-block-image size-full\"><a href=\"https:\/\/autolivraria.com.br\/bc\/wp-content\/uploads\/2021\/12\/Envemo-Camper-3.jpg\"><img decoding=\"async\" width=\"750\" height=\"565\" data-id=\"130861\" data-src=\"https:\/\/autolivraria.com.br\/bc\/wp-content\/uploads\/2021\/12\/Envemo-Camper-3.jpg\" alt=\"\" class=\"wp-image-130861 lazyload\" data-srcset=\"https:\/\/autolivraria.com.br\/bc\/wp-content\/uploads\/2021\/12\/Envemo-Camper-3.jpg 750w, https:\/\/autolivraria.com.br\/bc\/wp-content\/uploads\/2021\/12\/Envemo-Camper-3-370x279.jpg 370w\" data-sizes=\"(max-width: 750px) 100vw, 750px\" src=\"data:image\/svg+xml;base64,PHN2ZyB3aWR0aD0iMSIgaGVpZ2h0PSIxIiB4bWxucz0iaHR0cDovL3d3dy53My5vcmcvMjAwMC9zdmciPjwvc3ZnPg==\" style=\"--smush-placeholder-width: 750px; --smush-placeholder-aspect-ratio: 750\/565;\" \/><\/a><figcaption class=\"wp-element-caption\">G11 &#8211; Envemo Camper &#8211; R$ 119<\/figcaption><\/figure>\n\n\n\n<figure class=\"wp-block-image size-full\"><a href=\"https:\/\/autolivraria.com.br\/bc\/wp-content\/uploads\/2024\/08\/Envemo-Super-90.jpg\"><img decoding=\"async\" width=\"750\" height=\"565\" data-id=\"153416\" data-src=\"https:\/\/autolivraria.com.br\/bc\/wp-content\/uploads\/2024\/08\/Envemo-Super-90.jpg\" alt=\"\" class=\"wp-image-153416 lazyload\" data-srcset=\"https:\/\/autolivraria.com.br\/bc\/wp-content\/uploads\/2024\/08\/Envemo-Super-90.jpg 750w, https:\/\/autolivraria.com.br\/bc\/wp-content\/uploads\/2024\/08\/Envemo-Super-90-370x279.jpg 370w\" data-sizes=\"(max-width: 750px) 100vw, 750px\" src=\"data:image\/svg+xml;base64,PHN2ZyB3aWR0aD0iMSIgaGVpZ2h0PSIxIiB4bWxucz0iaHR0cDovL3d3dy53My5vcmcvMjAwMC9zdmciPjwvc3ZnPg==\" style=\"--smush-placeholder-width: 750px; --smush-placeholder-aspect-ratio: 750\/565;\" \/><\/a><figcaption class=\"wp-element-caption\">G12 &#8211; Envemo Super 90 &#8211; R$ 149<\/figcaption><\/figure>\n\n\n\n<figure class=\"wp-block-image size-full\"><a href=\"https:\/\/autolivraria.com.br\/bc\/wp-content\/uploads\/2021\/12\/FNM-Onca.jpg\"><img decoding=\"async\" width=\"750\" height=\"565\" data-id=\"130863\" data-src=\"https:\/\/autolivraria.com.br\/bc\/wp-content\/uploads\/2021\/12\/FNM-Onca.jpg\" alt=\"\" class=\"wp-image-130863 lazyload\" data-srcset=\"https:\/\/autolivraria.com.br\/bc\/wp-content\/uploads\/2021\/12\/FNM-Onca.jpg 750w, https:\/\/autolivraria.com.br\/bc\/wp-content\/uploads\/2021\/12\/FNM-Onca-370x279.jpg 370w\" data-sizes=\"(max-width: 750px) 100vw, 750px\" src=\"data:image\/svg+xml;base64,PHN2ZyB3aWR0aD0iMSIgaGVpZ2h0PSIxIiB4bWxucz0iaHR0cDovL3d3dy53My5vcmcvMjAwMC9zdmciPjwvc3ZnPg==\" style=\"--smush-placeholder-width: 750px; --smush-placeholder-aspect-ratio: 750\/565;\" \/><\/a><figcaption class=\"wp-element-caption\">G13 &#8211; FNM On\u00e7a &#8211; R$ 119<\/figcaption><\/figure>\n\n\n\n<figure class=\"wp-block-image size-full\"><a href=\"https:\/\/autolivraria.com.br\/bc\/wp-content\/uploads\/2021\/12\/Hofstetter.jpg\"><img decoding=\"async\" width=\"750\" height=\"565\" data-id=\"130867\" data-src=\"https:\/\/autolivraria.com.br\/bc\/wp-content\/uploads\/2021\/12\/Hofstetter.jpg\" alt=\"\" class=\"wp-image-130867 lazyload\" data-srcset=\"https:\/\/autolivraria.com.br\/bc\/wp-content\/uploads\/2021\/12\/Hofstetter.jpg 750w, https:\/\/autolivraria.com.br\/bc\/wp-content\/uploads\/2021\/12\/Hofstetter-370x279.jpg 370w\" data-sizes=\"(max-width: 750px) 100vw, 750px\" src=\"data:image\/svg+xml;base64,PHN2ZyB3aWR0aD0iMSIgaGVpZ2h0PSIxIiB4bWxucz0iaHR0cDovL3d3dy53My5vcmcvMjAwMC9zdmciPjwvc3ZnPg==\" style=\"--smush-placeholder-width: 750px; --smush-placeholder-aspect-ratio: 750\/565;\" \/><\/a><figcaption class=\"wp-element-caption\">G14 &#8211; Hofstetter Turbo &#8211; R$ 149<\/figcaption><\/figure>\n\n\n\n<figure class=\"wp-block-image size-full\"><a href=\"https:\/\/autolivraria.com.br\/bc\/wp-content\/uploads\/2022\/12\/Hofstetter-2.jpg\"><img decoding=\"async\" width=\"750\" height=\"565\" data-id=\"136051\" data-src=\"https:\/\/autolivraria.com.br\/bc\/wp-content\/uploads\/2022\/12\/Hofstetter-2.jpg\" alt=\"\" class=\"wp-image-136051 lazyload\" data-srcset=\"https:\/\/autolivraria.com.br\/bc\/wp-content\/uploads\/2022\/12\/Hofstetter-2.jpg 750w, https:\/\/autolivraria.com.br\/bc\/wp-content\/uploads\/2022\/12\/Hofstetter-2-370x279.jpg 370w\" data-sizes=\"(max-width: 750px) 100vw, 750px\" src=\"data:image\/svg+xml;base64,PHN2ZyB3aWR0aD0iMSIgaGVpZ2h0PSIxIiB4bWxucz0iaHR0cDovL3d3dy53My5vcmcvMjAwMC9zdmciPjwvc3ZnPg==\" style=\"--smush-placeholder-width: 750px; --smush-placeholder-aspect-ratio: 750\/565;\" \/><\/a><figcaption class=\"wp-element-caption\">G15 &#8211; Hofstetter Turbo &#8211; R$ 119<\/figcaption><\/figure>\n\n\n\n<figure class=\"wp-block-image size-full\"><a href=\"https:\/\/autolivraria.com.br\/bc\/wp-content\/uploads\/2024\/05\/Lobini-H1-2005.jpg\"><img decoding=\"async\" width=\"750\" height=\"565\" data-id=\"149257\" data-src=\"https:\/\/autolivraria.com.br\/bc\/wp-content\/uploads\/2024\/05\/Lobini-H1-2005.jpg\" alt=\"\" class=\"wp-image-149257 lazyload\" data-srcset=\"https:\/\/autolivraria.com.br\/bc\/wp-content\/uploads\/2024\/05\/Lobini-H1-2005.jpg 750w, https:\/\/autolivraria.com.br\/bc\/wp-content\/uploads\/2024\/05\/Lobini-H1-2005-370x279.jpg 370w\" data-sizes=\"(max-width: 750px) 100vw, 750px\" src=\"data:image\/svg+xml;base64,PHN2ZyB3aWR0aD0iMSIgaGVpZ2h0PSIxIiB4bWxucz0iaHR0cDovL3d3dy53My5vcmcvMjAwMC9zdmciPjwvc3ZnPg==\" style=\"--smush-placeholder-width: 750px; --smush-placeholder-aspect-ratio: 750\/565;\" \/><\/a><figcaption class=\"wp-element-caption\">G16 &#8211; Lobini H1 &#8211; R$ 149<\/figcaption><\/figure>\n\n\n\n<figure class=\"wp-block-image size-full\"><a href=\"https:\/\/autolivraria.com.br\/bc\/wp-content\/uploads\/2022\/12\/MP-Lafer-1974-1.jpg\"><img decoding=\"async\" width=\"750\" height=\"565\" data-id=\"136057\" data-src=\"https:\/\/autolivraria.com.br\/bc\/wp-content\/uploads\/2022\/12\/MP-Lafer-1974-1.jpg\" alt=\"\" class=\"wp-image-136057 lazyload\" data-srcset=\"https:\/\/autolivraria.com.br\/bc\/wp-content\/uploads\/2022\/12\/MP-Lafer-1974-1.jpg 750w, https:\/\/autolivraria.com.br\/bc\/wp-content\/uploads\/2022\/12\/MP-Lafer-1974-1-370x279.jpg 370w\" data-sizes=\"(max-width: 750px) 100vw, 750px\" src=\"data:image\/svg+xml;base64,PHN2ZyB3aWR0aD0iMSIgaGVpZ2h0PSIxIiB4bWxucz0iaHR0cDovL3d3dy53My5vcmcvMjAwMC9zdmciPjwvc3ZnPg==\" style=\"--smush-placeholder-width: 750px; --smush-placeholder-aspect-ratio: 750\/565;\" \/><\/a><figcaption class=\"wp-element-caption\">G17 &#8211; MP Lafer &#8211; R$ 149<\/figcaption><\/figure>\n\n\n\n<figure class=\"wp-block-image size-full\"><a href=\"https:\/\/autolivraria.com.br\/bc\/wp-content\/uploads\/2022\/12\/MP-Lafer-1974-2.jpg\"><img decoding=\"async\" width=\"750\" height=\"565\" data-id=\"136055\" data-src=\"https:\/\/autolivraria.com.br\/bc\/wp-content\/uploads\/2022\/12\/MP-Lafer-1974-2.jpg\" alt=\"\" class=\"wp-image-136055 lazyload\" data-srcset=\"https:\/\/autolivraria.com.br\/bc\/wp-content\/uploads\/2022\/12\/MP-Lafer-1974-2.jpg 750w, https:\/\/autolivraria.com.br\/bc\/wp-content\/uploads\/2022\/12\/MP-Lafer-1974-2-370x279.jpg 370w\" data-sizes=\"(max-width: 750px) 100vw, 750px\" src=\"data:image\/svg+xml;base64,PHN2ZyB3aWR0aD0iMSIgaGVpZ2h0PSIxIiB4bWxucz0iaHR0cDovL3d3dy53My5vcmcvMjAwMC9zdmciPjwvc3ZnPg==\" style=\"--smush-placeholder-width: 750px; --smush-placeholder-aspect-ratio: 750\/565;\" \/><\/a><figcaption class=\"wp-element-caption\">G18 &#8211; MP Lafer &#8211; R$ 119<\/figcaption><\/figure>\n\n\n\n<figure class=\"wp-block-image size-full\"><a href=\"https:\/\/autolivraria.com.br\/bc\/wp-content\/uploads\/2024\/05\/MP-Lafer-1978-TI.jpg\"><img decoding=\"async\" width=\"750\" height=\"565\" data-id=\"150204\" data-src=\"https:\/\/autolivraria.com.br\/bc\/wp-content\/uploads\/2024\/05\/MP-Lafer-1978-TI.jpg\" alt=\"\" class=\"wp-image-150204 lazyload\" data-srcset=\"https:\/\/autolivraria.com.br\/bc\/wp-content\/uploads\/2024\/05\/MP-Lafer-1978-TI.jpg 750w, https:\/\/autolivraria.com.br\/bc\/wp-content\/uploads\/2024\/05\/MP-Lafer-1978-TI-370x279.jpg 370w\" data-sizes=\"(max-width: 750px) 100vw, 750px\" src=\"data:image\/svg+xml;base64,PHN2ZyB3aWR0aD0iMSIgaGVpZ2h0PSIxIiB4bWxucz0iaHR0cDovL3d3dy53My5vcmcvMjAwMC9zdmciPjwvc3ZnPg==\" style=\"--smush-placeholder-width: 750px; --smush-placeholder-aspect-ratio: 750\/565;\" \/><\/a><figcaption class=\"wp-element-caption\">G19 &#8211; MP Lafer TI &#8211; R$ 149<\/figcaption><\/figure>\n\n\n\n<figure class=\"wp-block-image size-full\"><a href=\"https:\/\/autolivraria.com.br\/bc\/wp-content\/uploads\/2022\/12\/Formigao.jpg\"><img decoding=\"async\" width=\"750\" height=\"565\" data-id=\"136047\" data-src=\"https:\/\/autolivraria.com.br\/bc\/wp-content\/uploads\/2022\/12\/Formigao.jpg\" alt=\"\" class=\"wp-image-136047 lazyload\" data-srcset=\"https:\/\/autolivraria.com.br\/bc\/wp-content\/uploads\/2022\/12\/Formigao.jpg 750w, https:\/\/autolivraria.com.br\/bc\/wp-content\/uploads\/2022\/12\/Formigao-370x279.jpg 370w\" data-sizes=\"(max-width: 750px) 100vw, 750px\" src=\"data:image\/svg+xml;base64,PHN2ZyB3aWR0aD0iMSIgaGVpZ2h0PSIxIiB4bWxucz0iaHR0cDovL3d3dy53My5vcmcvMjAwMC9zdmciPjwvc3ZnPg==\" style=\"--smush-placeholder-width: 750px; --smush-placeholder-aspect-ratio: 750\/565;\" \/><\/a><figcaption class=\"wp-element-caption\">G20 &#8211; Renha Formig\u00e3o &#8211; R$ 119<\/figcaption><\/figure>\n\n\n\n<figure class=\"wp-block-image size-full\"><a href=\"https:\/\/autolivraria.com.br\/bc\/wp-content\/uploads\/2024\/05\/SM-1978.jpg\"><img decoding=\"async\" width=\"750\" height=\"565\" data-id=\"150203\" data-src=\"https:\/\/autolivraria.com.br\/bc\/wp-content\/uploads\/2024\/05\/SM-1978.jpg\" alt=\"\" class=\"wp-image-150203 lazyload\" data-srcset=\"https:\/\/autolivraria.com.br\/bc\/wp-content\/uploads\/2024\/05\/SM-1978.jpg 750w, https:\/\/autolivraria.com.br\/bc\/wp-content\/uploads\/2024\/05\/SM-1978-370x279.jpg 370w\" data-sizes=\"(max-width: 750px) 100vw, 750px\" src=\"data:image\/svg+xml;base64,PHN2ZyB3aWR0aD0iMSIgaGVpZ2h0PSIxIiB4bWxucz0iaHR0cDovL3d3dy53My5vcmcvMjAwMC9zdmciPjwvc3ZnPg==\" style=\"--smush-placeholder-width: 750px; --smush-placeholder-aspect-ratio: 750\/565;\" \/><\/a><figcaption class=\"wp-element-caption\">G21 &#8211; Santa Matilde SM &#8211; R$ 149<\/figcaption><\/figure>\n\n\n\n<figure class=\"wp-block-image size-full\"><a href=\"https:\/\/autolivraria.com.br\/bc\/wp-content\/uploads\/2024\/05\/SM-4.jpg\"><img decoding=\"async\" width=\"750\" height=\"565\" data-id=\"149259\" data-src=\"https:\/\/autolivraria.com.br\/bc\/wp-content\/uploads\/2024\/05\/SM-4.jpg\" alt=\"\" class=\"wp-image-149259 lazyload\" data-srcset=\"https:\/\/autolivraria.com.br\/bc\/wp-content\/uploads\/2024\/05\/SM-4.jpg 750w, https:\/\/autolivraria.com.br\/bc\/wp-content\/uploads\/2024\/05\/SM-4-370x279.jpg 370w\" data-sizes=\"(max-width: 750px) 100vw, 750px\" src=\"data:image\/svg+xml;base64,PHN2ZyB3aWR0aD0iMSIgaGVpZ2h0PSIxIiB4bWxucz0iaHR0cDovL3d3dy53My5vcmcvMjAwMC9zdmciPjwvc3ZnPg==\" style=\"--smush-placeholder-width: 750px; --smush-placeholder-aspect-ratio: 750\/565;\" \/><\/a><figcaption class=\"wp-element-caption\">G22 &#8211; Santa Matilde SM &#8211; R$ 119<\/figcaption><\/figure>\n\n\n\n<figure class=\"wp-block-image size-full\"><a href=\"https:\/\/autolivraria.com.br\/bc\/wp-content\/uploads\/2021\/12\/SM-2.jpg\"><img decoding=\"async\" width=\"750\" height=\"565\" data-id=\"130857\" data-src=\"https:\/\/autolivraria.com.br\/bc\/wp-content\/uploads\/2021\/12\/SM-2.jpg\" alt=\"\" class=\"wp-image-130857 lazyload\" data-srcset=\"https:\/\/autolivraria.com.br\/bc\/wp-content\/uploads\/2021\/12\/SM-2.jpg 750w, https:\/\/autolivraria.com.br\/bc\/wp-content\/uploads\/2021\/12\/SM-2-370x279.jpg 370w\" data-sizes=\"(max-width: 750px) 100vw, 750px\" src=\"data:image\/svg+xml;base64,PHN2ZyB3aWR0aD0iMSIgaGVpZ2h0PSIxIiB4bWxucz0iaHR0cDovL3d3dy53My5vcmcvMjAwMC9zdmciPjwvc3ZnPg==\" style=\"--smush-placeholder-width: 750px; --smush-placeholder-aspect-ratio: 750\/565;\" \/><\/a><figcaption class=\"wp-element-caption\">G23 &#8211; Santa Matilde SM &#8211; R$ 149<\/figcaption><\/figure>\n\n\n\n<figure class=\"wp-block-image size-full\"><a href=\"https:\/\/autolivraria.com.br\/bc\/wp-content\/uploads\/2022\/12\/SM-3.jpg\"><img decoding=\"async\" width=\"750\" height=\"565\" data-id=\"136060\" data-src=\"https:\/\/autolivraria.com.br\/bc\/wp-content\/uploads\/2022\/12\/SM-3.jpg\" alt=\"\" class=\"wp-image-136060 lazyload\" data-srcset=\"https:\/\/autolivraria.com.br\/bc\/wp-content\/uploads\/2022\/12\/SM-3.jpg 750w, https:\/\/autolivraria.com.br\/bc\/wp-content\/uploads\/2022\/12\/SM-3-370x279.jpg 370w\" data-sizes=\"(max-width: 750px) 100vw, 750px\" src=\"data:image\/svg+xml;base64,PHN2ZyB3aWR0aD0iMSIgaGVpZ2h0PSIxIiB4bWxucz0iaHR0cDovL3d3dy53My5vcmcvMjAwMC9zdmciPjwvc3ZnPg==\" style=\"--smush-placeholder-width: 750px; --smush-placeholder-aspect-ratio: 750\/565;\" \/><\/a><figcaption class=\"wp-element-caption\">G24 &#8211; Santa Matilde SM &#8211; R$ 149<\/figcaption><\/figure>\n\n\n\n<figure class=\"wp-block-image size-full\"><a href=\"https:\/\/autolivraria.com.br\/bc\/wp-content\/uploads\/2023\/05\/Tarpan.jpg\"><img decoding=\"async\" width=\"750\" height=\"565\" data-id=\"141591\" data-src=\"https:\/\/autolivraria.com.br\/bc\/wp-content\/uploads\/2023\/05\/Tarpan.jpg\" alt=\"\" class=\"wp-image-141591 lazyload\" data-srcset=\"https:\/\/autolivraria.com.br\/bc\/wp-content\/uploads\/2023\/05\/Tarpan.jpg 750w, https:\/\/autolivraria.com.br\/bc\/wp-content\/uploads\/2023\/05\/Tarpan-370x279.jpg 370w\" data-sizes=\"(max-width: 750px) 100vw, 750px\" src=\"data:image\/svg+xml;base64,PHN2ZyB3aWR0aD0iMSIgaGVpZ2h0PSIxIiB4bWxucz0iaHR0cDovL3d3dy53My5vcmcvMjAwMC9zdmciPjwvc3ZnPg==\" style=\"--smush-placeholder-width: 750px; --smush-placeholder-aspect-ratio: 750\/565;\" \/><\/a><figcaption class=\"wp-element-caption\">G25 &#8211; Tarpan &#8211; R$ 149<\/figcaption><\/figure>\n<\/figure>\n\n\n\n<div style=\"height:50px\" aria-hidden=\"true\" class=\"wp-block-spacer\"><\/div>\n\n\n\n<figure class=\"wp-block-image size-large\"><img decoding=\"async\" width=\"750\" height=\"500\" data-src=\"https:\/\/autolivraria.com.br\/bc\/wp-content\/uploads\/2024\/07\/Preenchimento-1-750x500.jpg\" alt=\"\" class=\"wp-image-147542 lazyload\" data-srcset=\"https:\/\/autolivraria.com.br\/bc\/wp-content\/uploads\/2024\/07\/Preenchimento-1-750x500.jpg 750w, https:\/\/autolivraria.com.br\/bc\/wp-content\/uploads\/2024\/07\/Preenchimento-1-370x247.jpg 370w, https:\/\/autolivraria.com.br\/bc\/wp-content\/uploads\/2024\/07\/Preenchimento-1.jpg 1024w\" data-sizes=\"(max-width: 750px) 100vw, 750px\" src=\"data:image\/svg+xml;base64,PHN2ZyB3aWR0aD0iMSIgaGVpZ2h0PSIxIiB4bWxucz0iaHR0cDovL3d3dy53My5vcmcvMjAwMC9zdmciPjwvc3ZnPg==\" style=\"--smush-placeholder-width: 750px; --smush-placeholder-aspect-ratio: 750\/500;\" \/><\/figure>\n\n\n\n<p><br>\u2022 Transforme seu quadro m\u00e9dio em um grande: troque a moldura de 31 x 24 cm pela de 40 x 33 cm, mantendo a \u00e1rea ilustrada de 20 x 27 cm. O preenchimento \u00e9 feito com papel cuch\u00ea branco fosco. Ganhe quase 80% em \u00e1rea por apenas R$ 40.<\/p>\n\n\n\n<div style=\"height:50px\" aria-hidden=\"true\" class=\"wp-block-spacer\"><\/div>\n\n\n\n<h2 class=\"wp-block-heading\"><strong><strong><strong>Quadros m\u00e9dios &#8211; <strong>Carros fora de s\u00e9rie<\/strong><\/strong><\/strong><\/strong><\/h2>\n\n\n\n<p>\u2022 20 x 27 cm (\u00e1rea ilustrada) e 24 x 31 cm (com moldura)<\/p>\n\n\n\n<figure class=\"wp-block-gallery aligncenter has-nested-images columns-2 wp-block-gallery-2 is-layout-flex wp-block-gallery-is-layout-flex\">\n<figure class=\"wp-block-image size-medium\"><a href=\"https:\/\/autolivraria.com.br\/bc\/wp-content\/uploads\/2024\/05\/Adamo-GT-1977-2.jpg\"><img decoding=\"async\" width=\"370\" height=\"515\" data-id=\"149243\" data-src=\"https:\/\/autolivraria.com.br\/bc\/wp-content\/uploads\/2024\/05\/Adamo-GT-1977-2-370x515.jpg\" alt=\"\" class=\"wp-image-149243 lazyload\" data-srcset=\"https:\/\/autolivraria.com.br\/bc\/wp-content\/uploads\/2024\/05\/Adamo-GT-1977-2-370x515.jpg 370w, https:\/\/autolivraria.com.br\/bc\/wp-content\/uploads\/2024\/05\/Adamo-GT-1977-2.jpg 500w\" data-sizes=\"(max-width: 370px) 100vw, 370px\" src=\"data:image\/svg+xml;base64,PHN2ZyB3aWR0aD0iMSIgaGVpZ2h0PSIxIiB4bWxucz0iaHR0cDovL3d3dy53My5vcmcvMjAwMC9zdmciPjwvc3ZnPg==\" style=\"--smush-placeholder-width: 370px; --smush-placeholder-aspect-ratio: 370\/515;\" \/><\/a><figcaption class=\"wp-element-caption\">M1 &#8211; Adamo GT 1977 &#8211; R$ 69<\/figcaption><\/figure>\n\n\n\n<figure class=\"wp-block-image size-medium\"><a href=\"https:\/\/autolivraria.com.br\/bc\/wp-content\/uploads\/2022\/07\/Bianco-3.jpg\"><img decoding=\"async\" width=\"370\" height=\"515\" data-id=\"136041\" data-src=\"https:\/\/autolivraria.com.br\/bc\/wp-content\/uploads\/2022\/07\/Bianco-3-370x515.jpg\" alt=\"\" class=\"wp-image-136041 lazyload\" data-srcset=\"https:\/\/autolivraria.com.br\/bc\/wp-content\/uploads\/2022\/07\/Bianco-3-370x515.jpg 370w, https:\/\/autolivraria.com.br\/bc\/wp-content\/uploads\/2022\/07\/Bianco-3.jpg 500w\" data-sizes=\"(max-width: 370px) 100vw, 370px\" src=\"data:image\/svg+xml;base64,PHN2ZyB3aWR0aD0iMSIgaGVpZ2h0PSIxIiB4bWxucz0iaHR0cDovL3d3dy53My5vcmcvMjAwMC9zdmciPjwvc3ZnPg==\" style=\"--smush-placeholder-width: 370px; --smush-placeholder-aspect-ratio: 370\/515;\" \/><\/a><figcaption class=\"wp-element-caption\">M2 &#8211; Bianco &#8211; R$ 79<\/figcaption><\/figure>\n\n\n\n<figure class=\"wp-block-image size-medium\"><a href=\"https:\/\/autolivraria.com.br\/bc\/wp-content\/uploads\/2024\/05\/Bianco-4.jpg\"><img decoding=\"async\" width=\"370\" height=\"515\" data-id=\"149244\" data-src=\"https:\/\/autolivraria.com.br\/bc\/wp-content\/uploads\/2024\/05\/Bianco-4-370x515.jpg\" alt=\"\" class=\"wp-image-149244 lazyload\" data-srcset=\"https:\/\/autolivraria.com.br\/bc\/wp-content\/uploads\/2024\/05\/Bianco-4-370x515.jpg 370w, https:\/\/autolivraria.com.br\/bc\/wp-content\/uploads\/2024\/05\/Bianco-4.jpg 500w\" data-sizes=\"(max-width: 370px) 100vw, 370px\" src=\"data:image\/svg+xml;base64,PHN2ZyB3aWR0aD0iMSIgaGVpZ2h0PSIxIiB4bWxucz0iaHR0cDovL3d3dy53My5vcmcvMjAwMC9zdmciPjwvc3ZnPg==\" style=\"--smush-placeholder-width: 370px; --smush-placeholder-aspect-ratio: 370\/515;\" \/><\/a><figcaption class=\"wp-element-caption\">M3 &#8211; Bianco S &#8211; R$ 99<\/figcaption><\/figure>\n\n\n\n<figure class=\"wp-block-image size-medium\"><a href=\"https:\/\/autolivraria.com.br\/bc\/wp-content\/uploads\/2021\/12\/Bianco-SII.jpg\"><img decoding=\"async\" width=\"370\" height=\"515\" data-id=\"130886\" data-src=\"https:\/\/autolivraria.com.br\/bc\/wp-content\/uploads\/2021\/12\/Bianco-SII-370x515.jpg\" alt=\"\" class=\"wp-image-130886 lazyload\" data-srcset=\"https:\/\/autolivraria.com.br\/bc\/wp-content\/uploads\/2021\/12\/Bianco-SII-370x515.jpg 370w, https:\/\/autolivraria.com.br\/bc\/wp-content\/uploads\/2021\/12\/Bianco-SII.jpg 500w\" data-sizes=\"(max-width: 370px) 100vw, 370px\" src=\"data:image\/svg+xml;base64,PHN2ZyB3aWR0aD0iMSIgaGVpZ2h0PSIxIiB4bWxucz0iaHR0cDovL3d3dy53My5vcmcvMjAwMC9zdmciPjwvc3ZnPg==\" style=\"--smush-placeholder-width: 370px; --smush-placeholder-aspect-ratio: 370\/515;\" \/><\/a><figcaption class=\"wp-element-caption\">M4 &#8211; Bianco S &#8211; R$ 99<\/figcaption><\/figure>\n\n\n\n<figure class=\"wp-block-image size-medium\"><a href=\"https:\/\/autolivraria.com.br\/bc\/wp-content\/uploads\/2024\/05\/Bianco-5.jpg\"><img decoding=\"async\" width=\"370\" height=\"515\" data-id=\"149245\" data-src=\"https:\/\/autolivraria.com.br\/bc\/wp-content\/uploads\/2024\/05\/Bianco-5-370x515.jpg\" alt=\"\" class=\"wp-image-149245 lazyload\" data-srcset=\"https:\/\/autolivraria.com.br\/bc\/wp-content\/uploads\/2024\/05\/Bianco-5-370x515.jpg 370w, https:\/\/autolivraria.com.br\/bc\/wp-content\/uploads\/2024\/05\/Bianco-5.jpg 500w\" data-sizes=\"(max-width: 370px) 100vw, 370px\" src=\"data:image\/svg+xml;base64,PHN2ZyB3aWR0aD0iMSIgaGVpZ2h0PSIxIiB4bWxucz0iaHR0cDovL3d3dy53My5vcmcvMjAwMC9zdmciPjwvc3ZnPg==\" style=\"--smush-placeholder-width: 370px; --smush-placeholder-aspect-ratio: 370\/515;\" \/><\/a><figcaption class=\"wp-element-caption\">M5 &#8211; Bianco S &#8211; R$ 69<\/figcaption><\/figure>\n\n\n\n<figure class=\"wp-block-image size-medium\"><a href=\"https:\/\/autolivraria.com.br\/bc\/wp-content\/uploads\/2021\/12\/Brasinca-Uirapuru-2.jpg\"><img decoding=\"async\" width=\"370\" height=\"515\" data-id=\"130870\" data-src=\"https:\/\/autolivraria.com.br\/bc\/wp-content\/uploads\/2021\/12\/Brasinca-Uirapuru-2-370x515.jpg\" alt=\"\" class=\"wp-image-130870 lazyload\" data-srcset=\"https:\/\/autolivraria.com.br\/bc\/wp-content\/uploads\/2021\/12\/Brasinca-Uirapuru-2-370x515.jpg 370w, https:\/\/autolivraria.com.br\/bc\/wp-content\/uploads\/2021\/12\/Brasinca-Uirapuru-2.jpg 500w\" data-sizes=\"(max-width: 370px) 100vw, 370px\" src=\"data:image\/svg+xml;base64,PHN2ZyB3aWR0aD0iMSIgaGVpZ2h0PSIxIiB4bWxucz0iaHR0cDovL3d3dy53My5vcmcvMjAwMC9zdmciPjwvc3ZnPg==\" style=\"--smush-placeholder-width: 370px; --smush-placeholder-aspect-ratio: 370\/515;\" \/><\/a><figcaption class=\"wp-element-caption\">M6 &#8211; Brasinca 4200 GT &#8211; R$ 69<\/figcaption><\/figure>\n\n\n\n<figure class=\"wp-block-image size-medium\"><a href=\"https:\/\/autolivraria.com.br\/bc\/wp-content\/uploads\/2021\/12\/Brasinca-4200-GT.jpg\"><img decoding=\"async\" width=\"370\" height=\"515\" data-id=\"130869\" data-src=\"https:\/\/autolivraria.com.br\/bc\/wp-content\/uploads\/2021\/12\/Brasinca-4200-GT-370x515.jpg\" alt=\"\" class=\"wp-image-130869 lazyload\" data-srcset=\"https:\/\/autolivraria.com.br\/bc\/wp-content\/uploads\/2021\/12\/Brasinca-4200-GT-370x515.jpg 370w, https:\/\/autolivraria.com.br\/bc\/wp-content\/uploads\/2021\/12\/Brasinca-4200-GT.jpg 500w\" data-sizes=\"(max-width: 370px) 100vw, 370px\" src=\"data:image\/svg+xml;base64,PHN2ZyB3aWR0aD0iMSIgaGVpZ2h0PSIxIiB4bWxucz0iaHR0cDovL3d3dy53My5vcmcvMjAwMC9zdmciPjwvc3ZnPg==\" style=\"--smush-placeholder-width: 370px; --smush-placeholder-aspect-ratio: 370\/515;\" \/><\/a><figcaption class=\"wp-element-caption\">M7 &#8211; Brasinca 4200 GT &#8211; R$ 69<\/figcaption><\/figure>\n\n\n\n<figure class=\"wp-block-image size-medium\"><a href=\"https:\/\/autolivraria.com.br\/bc\/wp-content\/uploads\/2021\/12\/Bugatti-e-Glaspac.jpg\"><img decoding=\"async\" width=\"370\" height=\"515\" data-id=\"130871\" data-src=\"https:\/\/autolivraria.com.br\/bc\/wp-content\/uploads\/2021\/12\/Bugatti-e-Glaspac-370x515.jpg\" alt=\"\" class=\"wp-image-130871 lazyload\" data-srcset=\"https:\/\/autolivraria.com.br\/bc\/wp-content\/uploads\/2021\/12\/Bugatti-e-Glaspac-370x515.jpg 370w, https:\/\/autolivraria.com.br\/bc\/wp-content\/uploads\/2021\/12\/Bugatti-e-Glaspac.jpg 500w\" data-sizes=\"(max-width: 370px) 100vw, 370px\" src=\"data:image\/svg+xml;base64,PHN2ZyB3aWR0aD0iMSIgaGVpZ2h0PSIxIiB4bWxucz0iaHR0cDovL3d3dy53My5vcmcvMjAwMC9zdmciPjwvc3ZnPg==\" style=\"--smush-placeholder-width: 370px; --smush-placeholder-aspect-ratio: 370\/515;\" \/><\/a><figcaption class=\"wp-element-caption\">M8 &#8211; Bugatti 35 B e Glaspac &#8211; R$ 79<\/figcaption><\/figure>\n\n\n\n<figure class=\"wp-block-image size-medium\"><a href=\"https:\/\/autolivraria.com.br\/bc\/wp-content\/uploads\/2024\/05\/Chamonix-Spyder-550S-2.jpg\"><img decoding=\"async\" width=\"370\" height=\"515\" data-id=\"149246\" data-src=\"https:\/\/autolivraria.com.br\/bc\/wp-content\/uploads\/2024\/05\/Chamonix-Spyder-550S-2-370x515.jpg\" alt=\"\" class=\"wp-image-149246 lazyload\" data-srcset=\"https:\/\/autolivraria.com.br\/bc\/wp-content\/uploads\/2024\/05\/Chamonix-Spyder-550S-2-370x515.jpg 370w, https:\/\/autolivraria.com.br\/bc\/wp-content\/uploads\/2024\/05\/Chamonix-Spyder-550S-2.jpg 500w\" data-sizes=\"(max-width: 370px) 100vw, 370px\" src=\"data:image\/svg+xml;base64,PHN2ZyB3aWR0aD0iMSIgaGVpZ2h0PSIxIiB4bWxucz0iaHR0cDovL3d3dy53My5vcmcvMjAwMC9zdmciPjwvc3ZnPg==\" style=\"--smush-placeholder-width: 370px; --smush-placeholder-aspect-ratio: 370\/515;\" \/><\/a><figcaption class=\"wp-element-caption\">M9 &#8211; Chamonix 550 &#8211; R$ 79<\/figcaption><\/figure>\n\n\n\n<figure class=\"wp-block-image size-medium\"><a href=\"https:\/\/autolivraria.com.br\/bc\/wp-content\/uploads\/2021\/12\/Engesa-4.jpg\"><img decoding=\"async\" width=\"370\" height=\"515\" data-id=\"130873\" data-src=\"https:\/\/autolivraria.com.br\/bc\/wp-content\/uploads\/2021\/12\/Engesa-4-370x515.jpg\" alt=\"\" class=\"wp-image-130873 lazyload\" data-srcset=\"https:\/\/autolivraria.com.br\/bc\/wp-content\/uploads\/2021\/12\/Engesa-4-370x515.jpg 370w, https:\/\/autolivraria.com.br\/bc\/wp-content\/uploads\/2021\/12\/Engesa-4.jpg 500w\" data-sizes=\"(max-width: 370px) 100vw, 370px\" src=\"data:image\/svg+xml;base64,PHN2ZyB3aWR0aD0iMSIgaGVpZ2h0PSIxIiB4bWxucz0iaHR0cDovL3d3dy53My5vcmcvMjAwMC9zdmciPjwvc3ZnPg==\" style=\"--smush-placeholder-width: 370px; --smush-placeholder-aspect-ratio: 370\/515;\" \/><\/a><figcaption class=\"wp-element-caption\">M10 &#8211; Engesa 4 &#8211; R$ 69<\/figcaption><\/figure>\n\n\n\n<figure class=\"wp-block-image size-medium\"><a href=\"https:\/\/autolivraria.com.br\/bc\/wp-content\/uploads\/2022\/12\/Engesa-4-03.jpg\"><img decoding=\"async\" width=\"370\" height=\"515\" data-id=\"136044\" data-src=\"https:\/\/autolivraria.com.br\/bc\/wp-content\/uploads\/2022\/12\/Engesa-4-03-370x515.jpg\" alt=\"\" class=\"wp-image-136044 lazyload\" data-srcset=\"https:\/\/autolivraria.com.br\/bc\/wp-content\/uploads\/2022\/12\/Engesa-4-03-370x515.jpg 370w, https:\/\/autolivraria.com.br\/bc\/wp-content\/uploads\/2022\/12\/Engesa-4-03.jpg 500w\" data-sizes=\"(max-width: 370px) 100vw, 370px\" src=\"data:image\/svg+xml;base64,PHN2ZyB3aWR0aD0iMSIgaGVpZ2h0PSIxIiB4bWxucz0iaHR0cDovL3d3dy53My5vcmcvMjAwMC9zdmciPjwvc3ZnPg==\" style=\"--smush-placeholder-width: 370px; --smush-placeholder-aspect-ratio: 370\/515;\" \/><\/a><figcaption class=\"wp-element-caption\">M11 &#8211; Engesa 4 &#8211; R$ 59<\/figcaption><\/figure>\n\n\n\n<figure class=\"wp-block-image size-medium\"><a href=\"https:\/\/autolivraria.com.br\/bc\/wp-content\/uploads\/2021\/12\/Envemo-Camper.jpg\"><img decoding=\"async\" width=\"370\" height=\"515\" data-id=\"130875\" data-src=\"https:\/\/autolivraria.com.br\/bc\/wp-content\/uploads\/2021\/12\/Envemo-Camper-370x515.jpg\" alt=\"\" class=\"wp-image-130875 lazyload\" data-srcset=\"https:\/\/autolivraria.com.br\/bc\/wp-content\/uploads\/2021\/12\/Envemo-Camper-370x515.jpg 370w, https:\/\/autolivraria.com.br\/bc\/wp-content\/uploads\/2021\/12\/Envemo-Camper.jpg 500w\" data-sizes=\"(max-width: 370px) 100vw, 370px\" src=\"data:image\/svg+xml;base64,PHN2ZyB3aWR0aD0iMSIgaGVpZ2h0PSIxIiB4bWxucz0iaHR0cDovL3d3dy53My5vcmcvMjAwMC9zdmciPjwvc3ZnPg==\" style=\"--smush-placeholder-width: 370px; --smush-placeholder-aspect-ratio: 370\/515;\" \/><\/a><figcaption class=\"wp-element-caption\">M12 &#8211; Envemo Camper &#8211; R$ 69<\/figcaption><\/figure>\n\n\n\n<figure class=\"wp-block-image size-medium\"><a href=\"https:\/\/autolivraria.com.br\/bc\/wp-content\/uploads\/2021\/12\/Lassale.jpg\"><img decoding=\"async\" width=\"370\" height=\"515\" data-id=\"130876\" data-src=\"https:\/\/autolivraria.com.br\/bc\/wp-content\/uploads\/2021\/12\/Lassale-370x515.jpg\" alt=\"\" class=\"wp-image-130876 lazyload\" data-srcset=\"https:\/\/autolivraria.com.br\/bc\/wp-content\/uploads\/2021\/12\/Lassale-370x515.jpg 370w, https:\/\/autolivraria.com.br\/bc\/wp-content\/uploads\/2021\/12\/Lassale.jpg 500w\" data-sizes=\"(max-width: 370px) 100vw, 370px\" src=\"data:image\/svg+xml;base64,PHN2ZyB3aWR0aD0iMSIgaGVpZ2h0PSIxIiB4bWxucz0iaHR0cDovL3d3dy53My5vcmcvMjAwMC9zdmciPjwvc3ZnPg==\" style=\"--smush-placeholder-width: 370px; --smush-placeholder-aspect-ratio: 370\/515;\" \/><\/a><figcaption class=\"wp-element-caption\">M13 &#8211; Lassale &#8211; R$ 69<\/figcaption><\/figure>\n\n\n\n<figure class=\"wp-block-image size-medium\"><a href=\"https:\/\/autolivraria.com.br\/bc\/wp-content\/uploads\/2022\/12\/Ventura.jpg\"><img decoding=\"async\" width=\"370\" height=\"515\" data-id=\"136062\" data-src=\"https:\/\/autolivraria.com.br\/bc\/wp-content\/uploads\/2022\/12\/Ventura-370x515.jpg\" alt=\"\" class=\"wp-image-136062 lazyload\" data-srcset=\"https:\/\/autolivraria.com.br\/bc\/wp-content\/uploads\/2022\/12\/Ventura-370x515.jpg 370w, https:\/\/autolivraria.com.br\/bc\/wp-content\/uploads\/2022\/12\/Ventura.jpg 500w\" data-sizes=\"(max-width: 370px) 100vw, 370px\" src=\"data:image\/svg+xml;base64,PHN2ZyB3aWR0aD0iMSIgaGVpZ2h0PSIxIiB4bWxucz0iaHR0cDovL3d3dy53My5vcmcvMjAwMC9zdmciPjwvc3ZnPg==\" style=\"--smush-placeholder-width: 370px; --smush-placeholder-aspect-ratio: 370\/515;\" \/><\/a><figcaption class=\"wp-element-caption\">M14 &#8211; L&#8217;Auto Craft Ventura &#8211; R$ 99<\/figcaption><\/figure>\n\n\n\n<figure class=\"wp-block-image size-medium\"><a href=\"https:\/\/autolivraria.com.br\/bc\/wp-content\/uploads\/2024\/05\/MP-Lafer-1977.jpg\"><img decoding=\"async\" width=\"370\" height=\"515\" data-id=\"149249\" data-src=\"https:\/\/autolivraria.com.br\/bc\/wp-content\/uploads\/2024\/05\/MP-Lafer-1977-370x515.jpg\" alt=\"\" class=\"wp-image-149249 lazyload\" data-srcset=\"https:\/\/autolivraria.com.br\/bc\/wp-content\/uploads\/2024\/05\/MP-Lafer-1977-370x515.jpg 370w, https:\/\/autolivraria.com.br\/bc\/wp-content\/uploads\/2024\/05\/MP-Lafer-1977.jpg 500w\" data-sizes=\"(max-width: 370px) 100vw, 370px\" src=\"data:image\/svg+xml;base64,PHN2ZyB3aWR0aD0iMSIgaGVpZ2h0PSIxIiB4bWxucz0iaHR0cDovL3d3dy53My5vcmcvMjAwMC9zdmciPjwvc3ZnPg==\" style=\"--smush-placeholder-width: 370px; --smush-placeholder-aspect-ratio: 370\/515;\" \/><\/a><figcaption class=\"wp-element-caption\">M15 &#8211; MP Lafer 1977 &#8211; R$ 69<\/figcaption><\/figure>\n\n\n\n<figure class=\"wp-block-image size-medium\"><a href=\"https:\/\/autolivraria.com.br\/bc\/wp-content\/uploads\/2023\/05\/MP-Lafer-1985.jpg\"><img decoding=\"async\" width=\"370\" height=\"515\" data-id=\"141595\" data-src=\"https:\/\/autolivraria.com.br\/bc\/wp-content\/uploads\/2023\/05\/MP-Lafer-1985-370x515.jpg\" alt=\"\" class=\"wp-image-141595 lazyload\" data-srcset=\"https:\/\/autolivraria.com.br\/bc\/wp-content\/uploads\/2023\/05\/MP-Lafer-1985-370x515.jpg 370w, https:\/\/autolivraria.com.br\/bc\/wp-content\/uploads\/2023\/05\/MP-Lafer-1985.jpg 500w\" data-sizes=\"(max-width: 370px) 100vw, 370px\" src=\"data:image\/svg+xml;base64,PHN2ZyB3aWR0aD0iMSIgaGVpZ2h0PSIxIiB4bWxucz0iaHR0cDovL3d3dy53My5vcmcvMjAwMC9zdmciPjwvc3ZnPg==\" style=\"--smush-placeholder-width: 370px; --smush-placeholder-aspect-ratio: 370\/515;\" \/><\/a><figcaption class=\"wp-element-caption\">M16 &#8211; MP Lafer 1985 &#8211; R$ 59<\/figcaption><\/figure>\n\n\n\n<figure class=\"wp-block-image size-medium\"><a href=\"https:\/\/autolivraria.com.br\/bc\/wp-content\/uploads\/2021\/12\/SM-1.jpg\"><img decoding=\"async\" width=\"370\" height=\"515\" data-id=\"130868\" data-src=\"https:\/\/autolivraria.com.br\/bc\/wp-content\/uploads\/2021\/12\/SM-1-370x515.jpg\" alt=\"\" class=\"wp-image-130868 lazyload\" data-srcset=\"https:\/\/autolivraria.com.br\/bc\/wp-content\/uploads\/2021\/12\/SM-1-370x515.jpg 370w, https:\/\/autolivraria.com.br\/bc\/wp-content\/uploads\/2021\/12\/SM-1.jpg 500w\" data-sizes=\"(max-width: 370px) 100vw, 370px\" src=\"data:image\/svg+xml;base64,PHN2ZyB3aWR0aD0iMSIgaGVpZ2h0PSIxIiB4bWxucz0iaHR0cDovL3d3dy53My5vcmcvMjAwMC9zdmciPjwvc3ZnPg==\" style=\"--smush-placeholder-width: 370px; --smush-placeholder-aspect-ratio: 370\/515;\" \/><\/a><figcaption class=\"wp-element-caption\">M17 &#8211; Santa Matilde SM &#8211; R$ 79<\/figcaption><\/figure>\n\n\n\n<figure class=\"wp-block-image size-medium\"><a href=\"https:\/\/autolivraria.com.br\/bc\/wp-content\/uploads\/2024\/05\/SM-5.jpg\"><img decoding=\"async\" width=\"370\" height=\"515\" data-id=\"149251\" data-src=\"https:\/\/autolivraria.com.br\/bc\/wp-content\/uploads\/2024\/05\/SM-5-370x515.jpg\" alt=\"\" class=\"wp-image-149251 lazyload\" data-srcset=\"https:\/\/autolivraria.com.br\/bc\/wp-content\/uploads\/2024\/05\/SM-5-370x515.jpg 370w, https:\/\/autolivraria.com.br\/bc\/wp-content\/uploads\/2024\/05\/SM-5.jpg 500w\" data-sizes=\"(max-width: 370px) 100vw, 370px\" src=\"data:image\/svg+xml;base64,PHN2ZyB3aWR0aD0iMSIgaGVpZ2h0PSIxIiB4bWxucz0iaHR0cDovL3d3dy53My5vcmcvMjAwMC9zdmciPjwvc3ZnPg==\" style=\"--smush-placeholder-width: 370px; --smush-placeholder-aspect-ratio: 370\/515;\" \/><\/a><figcaption class=\"wp-element-caption\">M18 &#8211; Santa Matilde SM &#8211; R$ 79<\/figcaption><\/figure>\n<\/figure>\n\n\n\n<figure class=\"wp-block-gallery has-nested-images columns-2 wp-block-gallery-3 is-layout-flex wp-block-gallery-is-layout-flex\">\n<figure class=\"wp-block-image size-medium\"><a href=\"https:\/\/autolivraria.com.br\/bc\/wp-content\/uploads\/2024\/05\/Adamo-C2-1984.jpg\"><img decoding=\"async\" width=\"370\" height=\"266\" data-id=\"149248\" data-src=\"https:\/\/autolivraria.com.br\/bc\/wp-content\/uploads\/2024\/05\/Adamo-C2-1984-370x266.jpg\" alt=\"\" class=\"wp-image-149248 lazyload\" data-srcset=\"https:\/\/autolivraria.com.br\/bc\/wp-content\/uploads\/2024\/05\/Adamo-C2-1984-370x266.jpg 370w, https:\/\/autolivraria.com.br\/bc\/wp-content\/uploads\/2024\/05\/Adamo-C2-1984-120x86.jpg 120w, https:\/\/autolivraria.com.br\/bc\/wp-content\/uploads\/2024\/05\/Adamo-C2-1984.jpg 696w\" data-sizes=\"(max-width: 370px) 100vw, 370px\" src=\"data:image\/svg+xml;base64,PHN2ZyB3aWR0aD0iMSIgaGVpZ2h0PSIxIiB4bWxucz0iaHR0cDovL3d3dy53My5vcmcvMjAwMC9zdmciPjwvc3ZnPg==\" style=\"--smush-placeholder-width: 370px; --smush-placeholder-aspect-ratio: 370\/266;\" \/><\/a><figcaption class=\"wp-element-caption\">M19 &#8211; Adamo C2 1984 &#8211; R$ 79<\/figcaption><\/figure>\n\n\n\n<figure class=\"wp-block-image size-medium\"><a href=\"https:\/\/autolivraria.com.br\/bc\/wp-content\/uploads\/2024\/05\/Farus-ML-929-1984.jpg\"><img decoding=\"async\" width=\"370\" height=\"266\" data-id=\"149247\" data-src=\"https:\/\/autolivraria.com.br\/bc\/wp-content\/uploads\/2024\/05\/Farus-ML-929-1984-370x266.jpg\" alt=\"\" class=\"wp-image-149247 lazyload\" data-srcset=\"https:\/\/autolivraria.com.br\/bc\/wp-content\/uploads\/2024\/05\/Farus-ML-929-1984-370x266.jpg 370w, https:\/\/autolivraria.com.br\/bc\/wp-content\/uploads\/2024\/05\/Farus-ML-929-1984-120x86.jpg 120w, https:\/\/autolivraria.com.br\/bc\/wp-content\/uploads\/2024\/05\/Farus-ML-929-1984.jpg 696w\" data-sizes=\"(max-width: 370px) 100vw, 370px\" src=\"data:image\/svg+xml;base64,PHN2ZyB3aWR0aD0iMSIgaGVpZ2h0PSIxIiB4bWxucz0iaHR0cDovL3d3dy53My5vcmcvMjAwMC9zdmciPjwvc3ZnPg==\" style=\"--smush-placeholder-width: 370px; --smush-placeholder-aspect-ratio: 370\/266;\" \/><\/a><figcaption class=\"wp-element-caption\">M20 &#8211; Farus ML 929 1984 &#8211; R$ 79<\/figcaption><\/figure>\n<\/figure>\n\n\n\n<div style=\"height:50px\" aria-hidden=\"true\" class=\"wp-block-spacer\"><\/div>\n\n\n<a href='https:\/\/autolivraria.com.br\/bc\/' class='small-button smallsilver' target=\"_blank\">Mais ofertas da Auto Livraria<\/a>\n\n\n\n<div style=\"height:50px\" aria-hidden=\"true\" class=\"wp-block-spacer\"><\/div>\n\n\n\n<h2 class=\"wp-block-heading\">Quero comprar ou saber mais<\/h2>\n\n\n\n<div class=\"wpcf7 no-js\" id=\"wpcf7-f109964-o1\" lang=\"pt-BR\" dir=\"ltr\" data-wpcf7-id=\"109964\">\n<div class=\"screen-reader-response\"><p role=\"status\" aria-live=\"polite\" aria-atomic=\"true\"><\/p> <ul><\/ul><\/div>\n<form action=\"\/bc\/wp-json\/wp\/v2\/posts\/130853#wpcf7-f109964-o1\" method=\"post\" class=\"wpcf7-form init\" aria-label=\"Formul\u00e1rios de contato\" novalidate=\"novalidate\" data-status=\"init\">\n<fieldset class=\"hidden-fields-container\"><input type=\"hidden\" name=\"_wpcf7\" value=\"109964\" \/><input type=\"hidden\" name=\"_wpcf7_version\" value=\"6.1.5\" \/><input type=\"hidden\" name=\"_wpcf7_locale\" value=\"pt_BR\" \/><input type=\"hidden\" name=\"_wpcf7_unit_tag\" value=\"wpcf7-f109964-o1\" \/><input type=\"hidden\" name=\"_wpcf7_container_post\" value=\"0\" \/><input type=\"hidden\" name=\"_wpcf7_posted_data_hash\" value=\"\" \/>\n<\/fieldset>\n<p>Se preferir, contate-nos pelo e-mail <a href=\"mailto:contato@autolivraria.com.br\">contato@autolivraria.com.br<\/a> ou Whatsapp <a href=\"https:\/\/api.whatsapp.com\/send\/?phone=5512997792817\">(12) 9-9779-2817<\/a>.\n<\/p>\n<p>Nome (obrigat\u00f3rio)\n<\/p>\n<p><span class=\"wpcf7-form-control-wrap\" data-name=\"your-name\"><input size=\"40\" maxlength=\"400\" class=\"wpcf7-form-control wpcf7-text wpcf7-validates-as-required\" aria-required=\"true\" aria-invalid=\"false\" value=\"\" type=\"text\" name=\"your-name\" \/><\/span>\n<\/p>\n<p>Cidade (obrigat\u00f3rio)\n<\/p>\n<p><span class=\"wpcf7-form-control-wrap\" data-name=\"cidade\"><input size=\"40\" maxlength=\"400\" class=\"wpcf7-form-control wpcf7-text wpcf7-validates-as-required\" aria-required=\"true\" aria-invalid=\"false\" value=\"\" type=\"text\" name=\"cidade\" \/><\/span>\n<\/p>\n<p>Estado (obrigat\u00f3rio)\n<\/p>\n<p><span class=\"wpcf7-form-control-wrap\" data-name=\"estado\"><select class=\"wpcf7-form-control wpcf7-select wpcf7-validates-as-required\" aria-required=\"true\" aria-invalid=\"false\" name=\"estado\"><option value=\"\">&#8212;Escolha uma op\u00e7\u00e3o&#8212;<\/option><option value=\"AC\">AC<\/option><option value=\"AL\">AL<\/option><option value=\"AM\">AM<\/option><option value=\"AP\">AP<\/option><option value=\"BA\">BA<\/option><option value=\"CE\">CE<\/option><option value=\"DF\">DF<\/option><option value=\"ES\">ES<\/option><option value=\"GO\">GO<\/option><option value=\"MA\">MA<\/option><option value=\"MG\">MG<\/option><option value=\"MS\">MS<\/option><option value=\"MT\">MT<\/option><option value=\"PA\">PA<\/option><option value=\"PB\">PB<\/option><option value=\"PE\">PE<\/option><option value=\"PI\">PI<\/option><option value=\"PR\">PR<\/option><option value=\"RJ\">RJ<\/option><option value=\"RN\">RN<\/option><option value=\"RO\">RO<\/option><option value=\"RR\">RR<\/option><option value=\"RS\">RS<\/option><option value=\"SC\">SC<\/option><option value=\"SE\">SE<\/option><option value=\"SP\">SP<\/option><option value=\"TO\">TO<\/option><\/select><\/span>\n<\/p>\n<p>E-mail (obrigat\u00f3rio)\n<\/p>\n<p><span class=\"wpcf7-form-control-wrap\" data-name=\"your-email\"><input size=\"40\" maxlength=\"400\" class=\"wpcf7-form-control wpcf7-email wpcf7-validates-as-required wpcf7-text wpcf7-validates-as-email\" aria-required=\"true\" aria-invalid=\"false\" value=\"\" type=\"email\" name=\"your-email\" \/><\/span>\n<\/p>\n<p>Whatsapp (com DDD)\n<\/p>\n<p><span class=\"wpcf7-form-control-wrap\" data-name=\"whatsapp\"><input size=\"40\" maxlength=\"400\" class=\"wpcf7-form-control wpcf7-text\" aria-invalid=\"false\" value=\"\" type=\"text\" name=\"whatsapp\" \/><\/span>\n<\/p>\n<p>Em que produtos voc\u00ea tem interesse? (obrigat\u00f3rio)\n<\/p>\n<p><span class=\"wpcf7-form-control-wrap\" data-name=\"your-message\"><textarea cols=\"40\" rows=\"10\" maxlength=\"2000\" class=\"wpcf7-form-control wpcf7-textarea wpcf7-validates-as-required\" aria-required=\"true\" aria-invalid=\"false\" name=\"your-message\"><\/textarea><\/span>\n<\/p>\n<p>CEP do local de entrega.\n<\/p>\n<p><span class=\"wpcf7-form-control-wrap\" data-name=\"cep\"><input size=\"40\" maxlength=\"400\" class=\"wpcf7-form-control wpcf7-text\" aria-invalid=\"false\" value=\"\" type=\"text\" name=\"cep\" \/><\/span>\n<\/p>\n<p>Endere\u00e7o do local de entrega (incluir n\u00famero e apartamento se for o caso).\n<\/p>\n<p><span class=\"wpcf7-form-control-wrap\" data-name=\"endereco\"><input size=\"40\" maxlength=\"400\" class=\"wpcf7-form-control wpcf7-text\" aria-invalid=\"false\" value=\"\" type=\"text\" name=\"endereco\" \/><\/span>\n<\/p>\n<p>Como prefere o envio?\n<\/p>\n<p><span class=\"wpcf7-form-control-wrap\" data-name=\"envio\"><select class=\"wpcf7-form-control wpcf7-select wpcf7-validates-as-required\" aria-required=\"true\" aria-invalid=\"false\" name=\"envio\"><option value=\"\">&#8212;Escolha uma op\u00e7\u00e3o&#8212;<\/option><option value=\"Econ\u00f4mico\">Econ\u00f4mico<\/option><option value=\"PAC (custo intermedi\u00e1rio)\">PAC (custo intermedi\u00e1rio)<\/option><option value=\"Sedex (custo maior)\">Sedex (custo maior)<\/option><option value=\"Quero conhecer as op\u00e7\u00f5es de custo\">Quero conhecer as op\u00e7\u00f5es de custo<\/option><option value=\"Estou apenas pedindo informa\u00e7\u00f5es\">Estou apenas pedindo informa\u00e7\u00f5es<\/option><\/select><\/span>\n<\/p>\n<p>Como prefere pagar?\n<\/p>\n<p><span class=\"wpcf7-form-control-wrap\" data-name=\"pagamento\"><select class=\"wpcf7-form-control wpcf7-select\" aria-invalid=\"false\" name=\"pagamento\"><option value=\"\">&#8212;Escolha uma op\u00e7\u00e3o&#8212;<\/option><option value=\"Dep\u00f3sito ou transfer\u00eancia\">Dep\u00f3sito ou transfer\u00eancia<\/option><option value=\"Pix\">Pix<\/option><option value=\"Boleto\">Boleto<\/option><option value=\"Cart\u00e3o ou boleto via Mercado Pago (tarifa de 10%)\">Cart\u00e3o ou boleto via Mercado Pago (tarifa de 10%)<\/option><option value=\"Estou apenas pedindo informa\u00e7\u00f5es\">Estou apenas pedindo informa\u00e7\u00f5es<\/option><\/select><\/span>\n<\/p>\n<p>Como prefere receber nosso contato? (obrigat\u00f3rio)\n<\/p>\n<p><span class=\"wpcf7-form-control-wrap\" data-name=\"retorno\"><select class=\"wpcf7-form-control wpcf7-select wpcf7-validates-as-required\" aria-required=\"true\" aria-invalid=\"false\" name=\"retorno\"><option value=\"\">&#8212;Escolha uma op\u00e7\u00e3o&#8212;<\/option><option value=\"Por e-mail\">Por e-mail<\/option><option value=\"Por Whatsapp\">Por Whatsapp<\/option><option value=\"Tanto faz\">Tanto faz<\/option><\/select><\/span>\n<\/p>\n<p>Gostaria de receber novidades da Auto Livraria por e-mail?\n<\/p>\n<p><span class=\"wpcf7-form-control-wrap\" data-name=\"boletim_al\"><select class=\"wpcf7-form-control wpcf7-select\" aria-invalid=\"false\" name=\"boletim_al\"><option value=\"\">&#8212;Escolha uma op\u00e7\u00e3o&#8212;<\/option><option value=\"Gostaria\">Gostaria<\/option><option value=\"N\u00e3o, obrigado\">N\u00e3o, obrigado<\/option><option value=\"J\u00e1 recebo\">J\u00e1 recebo<\/option><\/select><\/span>\n<\/p>\n<p><div class=\"cf7-cf-turnstile\" style=\"margin-top: 0px; margin-bottom: -15px;\"> <div id=\"cf-turnstile-cf7-71261894\" class=\"cf-turnstile\" data-sitekey=\"0x4AAAAAAA1Z3y85HxJh_CgQ\" data-theme=\"light\" data-language=\"pt-br\" data-size=\"normal\" data-retry=\"auto\" data-retry-interval=\"1000\" data-refresh-expired=\"auto\" data-refresh-timeout=\"auto\" data-action=\"contact-form-7\" data-callback=\"turnstileCF7Callback\" data-error-callback=\"cfturnstileErrorCallback\" data-appearance=\"always\"><\/div> <div class=\"cf-turnstile-failed-text cf-turnstile-failed-text-cf7-71261894\"><\/div> <script> function cfturnstileErrorCallback() { var cfTurnstileFailedText = document.querySelector('.cf-turnstile-failed-text-cf7-71261894'); cfTurnstileFailedText.innerHTML = '<p><i>A verifica\u00e7\u00e3o de seguran\u00e7a falhou. Se tiver dificuldades, por favor, contate-nos pelo e-mail ou Whatsapp informado acima.<\/i><\/p>'; } function cfturnstileCallback() { var cfTurnstileFailedText = document.querySelector('.cf-turnstile-failed-text-cf7-71261894'); cfTurnstileFailedText.innerHTML = ''; } <\/script> <script>document.addEventListener(\"DOMContentLoaded\", function() { setTimeout(function(){ var e=document.getElementById(\"cf-turnstile-cf7-71261894\"); if(e&&!e.innerHTML.trim()){turnstile.render(e, {sitekey:\"0x4AAAAAAA1Z3y85HxJh_CgQ\"});} }, 200); });<\/script> <br class=\"cf-turnstile-br cf-turnstile-br-cf7-71261894\"> <style>#cf-turnstile-cf7-71261894 { margin-left: -15px; }<\/style> <script>document.addEventListener(\"DOMContentLoaded\",function(){document.querySelectorAll('.wpcf7-form').forEach(function(e){e.addEventListener('submit',function(){if(document.getElementById('cf-turnstile-cf7-71261894')){setTimeout(function(){turnstile.reset('#cf-turnstile-cf7-71261894');},1000)}})})});<\/script> <\/div>\n<\/p>\n<p>Seus dados pessoais n\u00e3o ser\u00e3o cedidos ou vendidos a terceiros com fins comerciais. Esse \u00e9 nosso compromisso. <a href=\"https:\/\/autolivraria.com.br\/bc\/politica-de-privacidade\/\" rel=\"noopener noreferrer\" target=\"_blank\">Conhe\u00e7a nossa pol\u00edtica de privacidade.<\/a>\n<\/p>\n<p><input class=\"wpcf7-form-control wpcf7-submit has-spinner\" type=\"submit\" value=\"Enviar\" \/>\n<\/p><div class=\"wpcf7-response-output\" aria-hidden=\"true\"><\/div>\n<\/form>\n<\/div>\n\n\n\n\n<div style=\"height:50px\" aria-hidden=\"true\" class=\"wp-block-spacer\"><\/div>\n","protected":false},"excerpt":{"rendered":"<p>Quadros decorativos com Bianco, SM, MP Lafer e outros carros de pequena produ\u00e7\u00e3o &#8211; a partir de R$ 59<\/p>\n","protected":false},"author":6,"featured_media":149260,"comment_status":"closed","ping_status":"closed","sticky":false,"template":"","format":"standard","meta":{"_joinchat":[],"footnotes":""},"categories":[4900,5209],"tags":[4946,4862,5326,156,987,4895,5221,1896,859,4986,5154,5251,5210],"class_list":["post-130853","post","type-post","status-publish","format-standard","has-post-thumbnail","hentry","category-al-outras-marcas","category-quadros-decorativos","tag-auto-livraria","tag-brasinca-4200-gt","tag-carro-fora-de-serie","tag-carros-do-passado","tag-chamonix","tag-engesa-4","tag-envemo","tag-hofstetter","tag-puma","tag-puma-gt","tag-puma-gtb","tag-quadros-outras-marcas","tag-quadros-decorativos"],"amp_enabled":true,"_links":{"self":[{"href":"https:\/\/autolivraria.com.br\/bc\/wp-json\/wp\/v2\/posts\/130853","targetHints":{"allow":["GET"]}}],"collection":[{"href":"https:\/\/autolivraria.com.br\/bc\/wp-json\/wp\/v2\/posts"}],"about":[{"href":"https:\/\/autolivraria.com.br\/bc\/wp-json\/wp\/v2\/types\/post"}],"author":[{"embeddable":true,"href":"https:\/\/autolivraria.com.br\/bc\/wp-json\/wp\/v2\/users\/6"}],"replies":[{"embeddable":true,"href":"https:\/\/autolivraria.com.br\/bc\/wp-json\/wp\/v2\/comments?post=130853"}],"version-history":[{"count":1,"href":"https:\/\/autolivraria.com.br\/bc\/wp-json\/wp\/v2\/posts\/130853\/revisions"}],"predecessor-version":[{"id":153418,"href":"https:\/\/autolivraria.com.br\/bc\/wp-json\/wp\/v2\/posts\/130853\/revisions\/153418"}],"wp:featuredmedia":[{"embeddable":true,"href":"https:\/\/autolivraria.com.br\/bc\/wp-json\/wp\/v2\/media\/149260"}],"wp:attachment":[{"href":"https:\/\/autolivraria.com.br\/bc\/wp-json\/wp\/v2\/media?parent=130853"}],"wp:term":[{"taxonomy":"category","embeddable":true,"href":"https:\/\/autolivraria.com.br\/bc\/wp-json\/wp\/v2\/categories?post=130853"},{"taxonomy":"post_tag","embeddable":true,"href":"https:\/\/autolivraria.com.br\/bc\/wp-json\/wp\/v2\/tags?post=130853"}],"curies":[{"name":"wp","href":"https:\/\/api.w.org\/{rel}","templated":true}]}}