{"id":132047,"date":"2025-10-29T00:00:35","date_gmt":"2025-10-29T03:00:35","guid":{"rendered":"https:\/\/autolivraria.com.br\/bc\/?p=132047"},"modified":"2026-04-17T08:52:13","modified_gmt":"2026-04-17T11:52:13","slug":"revistas-0km-fiat-alfa-romeo-ferrari","status":"publish","type":"post","link":"https:\/\/autolivraria.com.br\/bc\/auto-livraria\/al-alfa-romeo\/revistas-0km-fiat-alfa-romeo-ferrari\/","title":{"rendered":"0Km: revistas com Fiat, Alfa Romeo e Ferrari dos anos 90"},"content":{"rendered":"\n<figure class=\"wp-block-image size-full\"><a href=\"https:\/\/autolivraria.com.br\/bc\/wp-content\/uploads\/2025\/09\/0km.jpg\"><img fetchpriority=\"high\" decoding=\"async\" width=\"1024\" height=\"683\" src=\"https:\/\/autolivraria.com.br\/bc\/wp-content\/uploads\/2025\/09\/0km.jpg\" alt=\"\" class=\"wp-image-151767\" srcset=\"https:\/\/autolivraria.com.br\/bc\/wp-content\/uploads\/2025\/09\/0km.jpg 1024w, https:\/\/autolivraria.com.br\/bc\/wp-content\/uploads\/2025\/09\/0km-370x247.jpg 370w, https:\/\/autolivraria.com.br\/bc\/wp-content\/uploads\/2025\/09\/0km-750x500.jpg 750w\" sizes=\"(max-width: 1024px) 100vw, 1024px\" \/><\/a><\/figure>\n\n\n\n<p>O expediente de revistas voltadas a um grupo de marcas, comum em alguns pa\u00edses, era raro no Brasil quando estreou a <strong>0Km<\/strong> (zero quil\u00f4metro), em 1995. A publica\u00e7\u00e3o da editora Globo, feita em parceria com a Fiat, era dedicada aos fabricantes do conglomerado italiano como a Alfa Romeo, a Ferrari, a Lancia (n\u00e3o presente no Pa\u00eds), a Maserati e, claro, a pr\u00f3pria Fiat.<\/p>\n\n\n\n<p>O universo do grupo Fiat foi apresentado com mat\u00e9rias detalhadas e belos p\u00f4steres de 60 cm de comprimento na <strong>0Km<\/strong>, que tamb\u00e9m trazia mat\u00e9rias de turismo, utilidade e tecnologia. V\u00e1rias edi\u00e7\u00f5es est\u00e3o \u00e0 venda na&nbsp;<strong>Auto Livraria<\/strong>.<\/p>\n\n\n\n<p>Para comprar, anote os n\u00fameros das edi\u00e7\u00f5es desejadas e envie pelo formul\u00e1rio abaixo ou pelo&nbsp;<a rel=\"noreferrer noopener\" href=\"http:\/\/wa.me\/5512997792817\" target=\"_blank\">Whatsapp (12) 99779-2817<\/a>.<\/p>\n\n\n\n<p><strong>\u2022 Frete econ\u00f4mico para todo o Brasil:<\/strong><\/p>\n\n\n\n<p>R$ 20 para 1 revista<br>R$ 25 para 2 revistas<br>R$ 32 para 3 a 5 revistas<br>R$ 38 para 6 a 8 revistas<br>Consulte para maior quantidade ou outras formas de envio.<\/p>\n\n\n\n<p><strong>\u2022 <strong>Formas de pagamento:<\/strong><\/strong> pix, boleto e transfer\u00eancia banc\u00e1ria. Tamb\u00e9m com cart\u00e3o pelo Mercado Pago (+ 10%).<\/p>\n\n\n\n<div style=\"height:50px\" aria-hidden=\"true\" class=\"wp-block-spacer\"><\/div>\n\n\n\n<h2 class=\"wp-block-heading\"><strong>Revistas 0Km<\/strong><\/h2>\n\n\n\n<figure class=\"wp-block-gallery has-nested-images columns-2 is-cropped wp-block-gallery-1 is-layout-flex wp-block-gallery-is-layout-flex\">\n<figure class=\"wp-block-image size-full\"><a href=\"https:\/\/autolivraria.com.br\/bc\/wp-content\/uploads\/2022\/03\/0km-1-1.jpg\"><img decoding=\"async\" width=\"500\" height=\"660\" data-id=\"132048\" data-src=\"https:\/\/autolivraria.com.br\/bc\/wp-content\/uploads\/2022\/03\/0km-1-1.jpg\" alt=\"\" class=\"wp-image-132048 lazyload\" data-srcset=\"https:\/\/autolivraria.com.br\/bc\/wp-content\/uploads\/2022\/03\/0km-1-1.jpg 500w, https:\/\/autolivraria.com.br\/bc\/wp-content\/uploads\/2022\/03\/0km-1-1-370x488.jpg 370w\" data-sizes=\"(max-width: 500px) 100vw, 500px\" src=\"data:image\/svg+xml;base64,PHN2ZyB3aWR0aD0iMSIgaGVpZ2h0PSIxIiB4bWxucz0iaHR0cDovL3d3dy53My5vcmcvMjAwMC9zdmciPjwvc3ZnPg==\" style=\"--smush-placeholder-width: 500px; --smush-placeholder-aspect-ratio: 500\/660;\" \/><\/a><\/figure>\n\n\n\n<figure class=\"wp-block-image size-full\"><a href=\"https:\/\/autolivraria.com.br\/bc\/wp-content\/uploads\/2022\/03\/0km-1-4.jpg\"><img decoding=\"async\" width=\"696\" height=\"500\" data-id=\"132051\" data-src=\"https:\/\/autolivraria.com.br\/bc\/wp-content\/uploads\/2022\/03\/0km-1-4.jpg\" alt=\"\" class=\"wp-image-132051 lazyload\" data-srcset=\"https:\/\/autolivraria.com.br\/bc\/wp-content\/uploads\/2022\/03\/0km-1-4.jpg 696w, https:\/\/autolivraria.com.br\/bc\/wp-content\/uploads\/2022\/03\/0km-1-4-370x266.jpg 370w, https:\/\/autolivraria.com.br\/bc\/wp-content\/uploads\/2022\/03\/0km-1-4-120x86.jpg 120w, https:\/\/autolivraria.com.br\/bc\/wp-content\/uploads\/2022\/03\/0km-1-4-350x250.jpg 350w\" data-sizes=\"(max-width: 696px) 100vw, 696px\" src=\"data:image\/svg+xml;base64,PHN2ZyB3aWR0aD0iMSIgaGVpZ2h0PSIxIiB4bWxucz0iaHR0cDovL3d3dy53My5vcmcvMjAwMC9zdmciPjwvc3ZnPg==\" style=\"--smush-placeholder-width: 696px; --smush-placeholder-aspect-ratio: 696\/500;\" \/><\/a><\/figure>\n<\/figure>\n\n\n\n<p><br><strong>\u2022 N\u00ba. 1 <\/strong>\u2022 1995 \u2022 Fiat Coup\u00e9, Tempra Stile, Ferrari na F\u00f3rmula 1 (sem p\u00f4ster) \u2022 \u00f3timo estado \u2022 <strong>R$ 59<\/strong><\/p>\n\n\n\n<div style=\"height:50px\" aria-hidden=\"true\" class=\"wp-block-spacer\"><\/div>\n\n\n\n<figure class=\"wp-block-gallery has-nested-images columns-2 is-cropped wp-block-gallery-2 is-layout-flex wp-block-gallery-is-layout-flex\">\n<figure class=\"wp-block-image size-full\"><a href=\"https:\/\/autolivraria.com.br\/bc\/wp-content\/uploads\/2022\/03\/0km-4-a.jpg\"><img decoding=\"async\" width=\"500\" height=\"660\" data-id=\"132057\" data-src=\"https:\/\/autolivraria.com.br\/bc\/wp-content\/uploads\/2022\/03\/0km-4-a.jpg\" alt=\"\" class=\"wp-image-132057 lazyload\" data-srcset=\"https:\/\/autolivraria.com.br\/bc\/wp-content\/uploads\/2022\/03\/0km-4-a.jpg 500w, https:\/\/autolivraria.com.br\/bc\/wp-content\/uploads\/2022\/03\/0km-4-a-370x488.jpg 370w\" data-sizes=\"(max-width: 500px) 100vw, 500px\" src=\"data:image\/svg+xml;base64,PHN2ZyB3aWR0aD0iMSIgaGVpZ2h0PSIxIiB4bWxucz0iaHR0cDovL3d3dy53My5vcmcvMjAwMC9zdmciPjwvc3ZnPg==\" style=\"--smush-placeholder-width: 500px; --smush-placeholder-aspect-ratio: 500\/660;\" \/><\/a><\/figure>\n\n\n\n<figure class=\"wp-block-image size-full\"><a href=\"https:\/\/autolivraria.com.br\/bc\/wp-content\/uploads\/2022\/03\/0km-4-b.jpg\"><img decoding=\"async\" width=\"696\" height=\"500\" data-id=\"132058\" data-src=\"https:\/\/autolivraria.com.br\/bc\/wp-content\/uploads\/2022\/03\/0km-4-b.jpg\" alt=\"\" class=\"wp-image-132058 lazyload\" data-srcset=\"https:\/\/autolivraria.com.br\/bc\/wp-content\/uploads\/2022\/03\/0km-4-b.jpg 696w, https:\/\/autolivraria.com.br\/bc\/wp-content\/uploads\/2022\/03\/0km-4-b-370x266.jpg 370w, https:\/\/autolivraria.com.br\/bc\/wp-content\/uploads\/2022\/03\/0km-4-b-120x86.jpg 120w, https:\/\/autolivraria.com.br\/bc\/wp-content\/uploads\/2022\/03\/0km-4-b-350x250.jpg 350w\" data-sizes=\"(max-width: 696px) 100vw, 696px\" src=\"data:image\/svg+xml;base64,PHN2ZyB3aWR0aD0iMSIgaGVpZ2h0PSIxIiB4bWxucz0iaHR0cDovL3d3dy53My5vcmcvMjAwMC9zdmciPjwvc3ZnPg==\" style=\"--smush-placeholder-width: 696px; --smush-placeholder-aspect-ratio: 696\/500;\" \/><\/a><\/figure>\n<\/figure>\n\n\n\n<p><br><strong>\u2022 N\u00ba. 4 <\/strong>\u2022 1995 \u2022 Ferrari F50, Mille EP, Fiorino Trekking \u2022 \u00f3timo estado \u2022 <strong>R$ 49<\/strong> com p\u00f4ster ou <strong>R$ 29<\/strong> sem p\u00f4ster do F50<\/p>\n\n\n\n<div style=\"height:50px\" aria-hidden=\"true\" class=\"wp-block-spacer\"><\/div>\n\n\n\n<figure class=\"wp-block-gallery has-nested-images columns-2 is-cropped wp-block-gallery-3 is-layout-flex wp-block-gallery-is-layout-flex\">\n<figure class=\"wp-block-image size-full\"><a href=\"https:\/\/autolivraria.com.br\/bc\/wp-content\/uploads\/2022\/03\/0km-7-a.jpg\"><img decoding=\"async\" width=\"500\" height=\"660\" data-id=\"132065\" data-src=\"https:\/\/autolivraria.com.br\/bc\/wp-content\/uploads\/2022\/03\/0km-7-a.jpg\" alt=\"\" class=\"wp-image-132065 lazyload\" data-srcset=\"https:\/\/autolivraria.com.br\/bc\/wp-content\/uploads\/2022\/03\/0km-7-a.jpg 500w, https:\/\/autolivraria.com.br\/bc\/wp-content\/uploads\/2022\/03\/0km-7-a-370x488.jpg 370w\" data-sizes=\"(max-width: 500px) 100vw, 500px\" src=\"data:image\/svg+xml;base64,PHN2ZyB3aWR0aD0iMSIgaGVpZ2h0PSIxIiB4bWxucz0iaHR0cDovL3d3dy53My5vcmcvMjAwMC9zdmciPjwvc3ZnPg==\" style=\"--smush-placeholder-width: 500px; --smush-placeholder-aspect-ratio: 500\/660;\" \/><\/a><\/figure>\n\n\n\n<figure class=\"wp-block-image size-full\"><a href=\"https:\/\/autolivraria.com.br\/bc\/wp-content\/uploads\/2022\/03\/0km-7-b.jpg\"><img decoding=\"async\" width=\"696\" height=\"500\" data-id=\"132066\" data-src=\"https:\/\/autolivraria.com.br\/bc\/wp-content\/uploads\/2022\/03\/0km-7-b.jpg\" alt=\"\" class=\"wp-image-132066 lazyload\" data-srcset=\"https:\/\/autolivraria.com.br\/bc\/wp-content\/uploads\/2022\/03\/0km-7-b.jpg 696w, https:\/\/autolivraria.com.br\/bc\/wp-content\/uploads\/2022\/03\/0km-7-b-370x266.jpg 370w, https:\/\/autolivraria.com.br\/bc\/wp-content\/uploads\/2022\/03\/0km-7-b-120x86.jpg 120w, https:\/\/autolivraria.com.br\/bc\/wp-content\/uploads\/2022\/03\/0km-7-b-350x250.jpg 350w\" data-sizes=\"(max-width: 696px) 100vw, 696px\" src=\"data:image\/svg+xml;base64,PHN2ZyB3aWR0aD0iMSIgaGVpZ2h0PSIxIiB4bWxucz0iaHR0cDovL3d3dy53My5vcmcvMjAwMC9zdmciPjwvc3ZnPg==\" style=\"--smush-placeholder-width: 696px; --smush-placeholder-aspect-ratio: 696\/500;\" \/><\/a><\/figure>\n<\/figure>\n\n\n\n<p><br><strong>\u2022 N\u00ba. 7 <\/strong>\u2022 1995 \u2022 Fiat Brava e Bravo (com p\u00f4ster), novidades Alfa Romeo \u2022 \u00f3timo estado \u2022 <strong>R$ 19<\/strong><\/p>\n\n\n\n<div style=\"height:50px\" aria-hidden=\"true\" class=\"wp-block-spacer\"><\/div>\n\n\n\n<figure class=\"wp-block-gallery has-nested-images columns-2 is-cropped wp-block-gallery-4 is-layout-flex wp-block-gallery-is-layout-flex\">\n<figure class=\"wp-block-image size-full\"><a href=\"https:\/\/autolivraria.com.br\/bc\/wp-content\/uploads\/2025\/09\/0km-8.jpg\"><img decoding=\"async\" width=\"500\" height=\"660\" data-id=\"151763\" data-src=\"https:\/\/autolivraria.com.br\/bc\/wp-content\/uploads\/2025\/09\/0km-8.jpg\" alt=\"\" class=\"wp-image-151763 lazyload\" data-srcset=\"https:\/\/autolivraria.com.br\/bc\/wp-content\/uploads\/2025\/09\/0km-8.jpg 500w, https:\/\/autolivraria.com.br\/bc\/wp-content\/uploads\/2025\/09\/0km-8-370x488.jpg 370w\" data-sizes=\"(max-width: 500px) 100vw, 500px\" src=\"data:image\/svg+xml;base64,PHN2ZyB3aWR0aD0iMSIgaGVpZ2h0PSIxIiB4bWxucz0iaHR0cDovL3d3dy53My5vcmcvMjAwMC9zdmciPjwvc3ZnPg==\" style=\"--smush-placeholder-width: 500px; --smush-placeholder-aspect-ratio: 500\/660;\" \/><\/a><\/figure>\n\n\n\n<figure class=\"wp-block-image size-full\"><a href=\"https:\/\/autolivraria.com.br\/bc\/wp-content\/uploads\/2025\/09\/0km-8-b.jpg\"><img decoding=\"async\" width=\"696\" height=\"500\" data-id=\"151764\" data-src=\"https:\/\/autolivraria.com.br\/bc\/wp-content\/uploads\/2025\/09\/0km-8-b.jpg\" alt=\"\" class=\"wp-image-151764 lazyload\" data-srcset=\"https:\/\/autolivraria.com.br\/bc\/wp-content\/uploads\/2025\/09\/0km-8-b.jpg 696w, https:\/\/autolivraria.com.br\/bc\/wp-content\/uploads\/2025\/09\/0km-8-b-370x266.jpg 370w, https:\/\/autolivraria.com.br\/bc\/wp-content\/uploads\/2025\/09\/0km-8-b-120x86.jpg 120w, https:\/\/autolivraria.com.br\/bc\/wp-content\/uploads\/2025\/09\/0km-8-b-350x250.jpg 350w\" data-sizes=\"(max-width: 696px) 100vw, 696px\" src=\"data:image\/svg+xml;base64,PHN2ZyB3aWR0aD0iMSIgaGVpZ2h0PSIxIiB4bWxucz0iaHR0cDovL3d3dy53My5vcmcvMjAwMC9zdmciPjwvc3ZnPg==\" style=\"--smush-placeholder-width: 696px; --smush-placeholder-aspect-ratio: 696\/500;\" \/><\/a><\/figure>\n<\/figure>\n\n\n\n<p><br><strong>\u2022 N\u00ba. 8 <\/strong>\u2022 1995 \u2022 Tempra 1996, Ferrari 456 GT (com p\u00f4ster), cole\u00e7\u00e3o de Og Pozzoli \u2022 \u00f3timo estado \u2022 <strong>R$ 39<\/strong><\/p>\n\n\n\n<div style=\"height:50px\" aria-hidden=\"true\" class=\"wp-block-spacer\"><\/div>\n\n\n\n<figure class=\"wp-block-gallery has-nested-images columns-2 is-cropped wp-block-gallery-5 is-layout-flex wp-block-gallery-is-layout-flex\">\n<figure class=\"wp-block-image size-full\"><a href=\"https:\/\/autolivraria.com.br\/bc\/wp-content\/uploads\/2022\/03\/0km-9-a.jpg\"><img decoding=\"async\" width=\"500\" height=\"660\" data-id=\"132067\" data-src=\"https:\/\/autolivraria.com.br\/bc\/wp-content\/uploads\/2022\/03\/0km-9-a.jpg\" alt=\"\" class=\"wp-image-132067 lazyload\" data-srcset=\"https:\/\/autolivraria.com.br\/bc\/wp-content\/uploads\/2022\/03\/0km-9-a.jpg 500w, https:\/\/autolivraria.com.br\/bc\/wp-content\/uploads\/2022\/03\/0km-9-a-370x488.jpg 370w\" data-sizes=\"(max-width: 500px) 100vw, 500px\" src=\"data:image\/svg+xml;base64,PHN2ZyB3aWR0aD0iMSIgaGVpZ2h0PSIxIiB4bWxucz0iaHR0cDovL3d3dy53My5vcmcvMjAwMC9zdmciPjwvc3ZnPg==\" style=\"--smush-placeholder-width: 500px; --smush-placeholder-aspect-ratio: 500\/660;\" \/><\/a><\/figure>\n\n\n\n<figure class=\"wp-block-image size-full\"><a href=\"https:\/\/autolivraria.com.br\/bc\/wp-content\/uploads\/2022\/03\/0km-9-b.jpg\"><img decoding=\"async\" width=\"696\" height=\"500\" data-id=\"132068\" data-src=\"https:\/\/autolivraria.com.br\/bc\/wp-content\/uploads\/2022\/03\/0km-9-b.jpg\" alt=\"\" class=\"wp-image-132068 lazyload\" data-srcset=\"https:\/\/autolivraria.com.br\/bc\/wp-content\/uploads\/2022\/03\/0km-9-b.jpg 696w, https:\/\/autolivraria.com.br\/bc\/wp-content\/uploads\/2022\/03\/0km-9-b-370x266.jpg 370w, https:\/\/autolivraria.com.br\/bc\/wp-content\/uploads\/2022\/03\/0km-9-b-120x86.jpg 120w, https:\/\/autolivraria.com.br\/bc\/wp-content\/uploads\/2022\/03\/0km-9-b-350x250.jpg 350w\" data-sizes=\"(max-width: 696px) 100vw, 696px\" src=\"data:image\/svg+xml;base64,PHN2ZyB3aWR0aD0iMSIgaGVpZ2h0PSIxIiB4bWxucz0iaHR0cDovL3d3dy53My5vcmcvMjAwMC9zdmciPjwvc3ZnPg==\" style=\"--smush-placeholder-width: 696px; --smush-placeholder-aspect-ratio: 696\/500;\" \/><\/a><\/figure>\n<\/figure>\n\n\n\n<p><br><strong>\u2022 N\u00ba. 9 <\/strong>\u2022 1995 \u2022 Fiat Palio, Alfa Romeo Spider (com p\u00f4ster), Tipo \u2022 \u00f3timo estado \u2022 <strong>R$ 39<\/strong><\/p>\n\n\n\n<div style=\"height:50px\" aria-hidden=\"true\" class=\"wp-block-spacer\"><\/div>\n\n\n\n<figure class=\"wp-block-gallery has-nested-images columns-2 is-cropped wp-block-gallery-6 is-layout-flex wp-block-gallery-is-layout-flex\">\n<figure class=\"wp-block-image size-full\"><a href=\"https:\/\/autolivraria.com.br\/bc\/wp-content\/uploads\/2022\/03\/0km-10-1.jpg\"><img decoding=\"async\" width=\"500\" height=\"660\" data-id=\"132069\" data-src=\"https:\/\/autolivraria.com.br\/bc\/wp-content\/uploads\/2022\/03\/0km-10-1.jpg\" alt=\"\" class=\"wp-image-132069 lazyload\" data-srcset=\"https:\/\/autolivraria.com.br\/bc\/wp-content\/uploads\/2022\/03\/0km-10-1.jpg 500w, https:\/\/autolivraria.com.br\/bc\/wp-content\/uploads\/2022\/03\/0km-10-1-370x488.jpg 370w\" data-sizes=\"(max-width: 500px) 100vw, 500px\" src=\"data:image\/svg+xml;base64,PHN2ZyB3aWR0aD0iMSIgaGVpZ2h0PSIxIiB4bWxucz0iaHR0cDovL3d3dy53My5vcmcvMjAwMC9zdmciPjwvc3ZnPg==\" style=\"--smush-placeholder-width: 500px; --smush-placeholder-aspect-ratio: 500\/660;\" \/><\/a><\/figure>\n\n\n\n<figure class=\"wp-block-image size-full\"><a href=\"https:\/\/autolivraria.com.br\/bc\/wp-content\/uploads\/2022\/03\/0km-10-5.jpg\"><img decoding=\"async\" width=\"696\" height=\"500\" data-id=\"132070\" data-src=\"https:\/\/autolivraria.com.br\/bc\/wp-content\/uploads\/2022\/03\/0km-10-5.jpg\" alt=\"\" class=\"wp-image-132070 lazyload\" data-srcset=\"https:\/\/autolivraria.com.br\/bc\/wp-content\/uploads\/2022\/03\/0km-10-5.jpg 696w, https:\/\/autolivraria.com.br\/bc\/wp-content\/uploads\/2022\/03\/0km-10-5-370x266.jpg 370w, https:\/\/autolivraria.com.br\/bc\/wp-content\/uploads\/2022\/03\/0km-10-5-120x86.jpg 120w, https:\/\/autolivraria.com.br\/bc\/wp-content\/uploads\/2022\/03\/0km-10-5-350x250.jpg 350w\" data-sizes=\"(max-width: 696px) 100vw, 696px\" src=\"data:image\/svg+xml;base64,PHN2ZyB3aWR0aD0iMSIgaGVpZ2h0PSIxIiB4bWxucz0iaHR0cDovL3d3dy53My5vcmcvMjAwMC9zdmciPjwvc3ZnPg==\" style=\"--smush-placeholder-width: 696px; --smush-placeholder-aspect-ratio: 696\/500;\" \/><\/a><\/figure>\n<\/figure>\n\n\n\n<p><br><strong>\u2022 N\u00ba. 10 <\/strong>\u2022 1996 \u2022 Alfa Romeo 145, Palio, F\u00f3rmula Uno (com p\u00f4ster) \u2022 \u00f3timo estado \u2022 <strong>R$ 39<\/strong><\/p>\n\n\n\n<div style=\"height:50px\" aria-hidden=\"true\" class=\"wp-block-spacer\"><\/div>\n\n\n\n<figure class=\"wp-block-gallery has-nested-images columns-2 is-cropped wp-block-gallery-7 is-layout-flex wp-block-gallery-is-layout-flex\">\n<figure class=\"wp-block-image size-full\"><a href=\"https:\/\/autolivraria.com.br\/bc\/wp-content\/uploads\/2022\/03\/0km-11-1.jpg\"><img decoding=\"async\" width=\"500\" height=\"660\" data-id=\"132071\" data-src=\"https:\/\/autolivraria.com.br\/bc\/wp-content\/uploads\/2022\/03\/0km-11-1.jpg\" alt=\"\" class=\"wp-image-132071 lazyload\" data-srcset=\"https:\/\/autolivraria.com.br\/bc\/wp-content\/uploads\/2022\/03\/0km-11-1.jpg 500w, https:\/\/autolivraria.com.br\/bc\/wp-content\/uploads\/2022\/03\/0km-11-1-370x488.jpg 370w\" data-sizes=\"(max-width: 500px) 100vw, 500px\" src=\"data:image\/svg+xml;base64,PHN2ZyB3aWR0aD0iMSIgaGVpZ2h0PSIxIiB4bWxucz0iaHR0cDovL3d3dy53My5vcmcvMjAwMC9zdmciPjwvc3ZnPg==\" style=\"--smush-placeholder-width: 500px; --smush-placeholder-aspect-ratio: 500\/660;\" \/><\/a><\/figure>\n\n\n\n<figure class=\"wp-block-image size-full\"><a href=\"https:\/\/autolivraria.com.br\/bc\/wp-content\/uploads\/2022\/03\/0km-11-2.jpg\"><img decoding=\"async\" width=\"696\" height=\"500\" data-id=\"132072\" data-src=\"https:\/\/autolivraria.com.br\/bc\/wp-content\/uploads\/2022\/03\/0km-11-2.jpg\" alt=\"\" class=\"wp-image-132072 lazyload\" data-srcset=\"https:\/\/autolivraria.com.br\/bc\/wp-content\/uploads\/2022\/03\/0km-11-2.jpg 696w, https:\/\/autolivraria.com.br\/bc\/wp-content\/uploads\/2022\/03\/0km-11-2-370x266.jpg 370w, https:\/\/autolivraria.com.br\/bc\/wp-content\/uploads\/2022\/03\/0km-11-2-120x86.jpg 120w, https:\/\/autolivraria.com.br\/bc\/wp-content\/uploads\/2022\/03\/0km-11-2-350x250.jpg 350w\" data-sizes=\"(max-width: 696px) 100vw, 696px\" src=\"data:image\/svg+xml;base64,PHN2ZyB3aWR0aD0iMSIgaGVpZ2h0PSIxIiB4bWxucz0iaHR0cDovL3d3dy53My5vcmcvMjAwMC9zdmciPjwvc3ZnPg==\" style=\"--smush-placeholder-width: 696px; --smush-placeholder-aspect-ratio: 696\/500;\" \/><\/a><\/figure>\n<\/figure>\n\n\n\n<p><br><strong>\u2022 N\u00ba. 11 <\/strong>\u2022 1996 \u2022 Fiat Tipo, Lancia Y (com p\u00f4ster), Alfa Romeo 155 \u2022 \u00f3timo estado \u2022 <strong>R$ 19<\/strong><\/p>\n\n\n\n<div style=\"height:50px\" aria-hidden=\"true\" class=\"wp-block-spacer\"><\/div>\n\n\n\n<figure class=\"wp-block-gallery has-nested-images columns-2 is-cropped wp-block-gallery-8 is-layout-flex wp-block-gallery-is-layout-flex\">\n<figure class=\"wp-block-image size-full\"><a href=\"https:\/\/autolivraria.com.br\/bc\/wp-content\/uploads\/2022\/03\/0km-12-1-1.jpg\"><img decoding=\"async\" width=\"500\" height=\"660\" data-id=\"149094\" data-src=\"https:\/\/autolivraria.com.br\/bc\/wp-content\/uploads\/2022\/03\/0km-12-1-1.jpg\" alt=\"\" class=\"wp-image-149094 lazyload\" data-srcset=\"https:\/\/autolivraria.com.br\/bc\/wp-content\/uploads\/2022\/03\/0km-12-1-1.jpg 500w, https:\/\/autolivraria.com.br\/bc\/wp-content\/uploads\/2022\/03\/0km-12-1-1-370x488.jpg 370w\" data-sizes=\"(max-width: 500px) 100vw, 500px\" src=\"data:image\/svg+xml;base64,PHN2ZyB3aWR0aD0iMSIgaGVpZ2h0PSIxIiB4bWxucz0iaHR0cDovL3d3dy53My5vcmcvMjAwMC9zdmciPjwvc3ZnPg==\" style=\"--smush-placeholder-width: 500px; --smush-placeholder-aspect-ratio: 500\/660;\" \/><\/a><\/figure>\n\n\n\n<figure class=\"wp-block-image size-full\"><a href=\"https:\/\/autolivraria.com.br\/bc\/wp-content\/uploads\/2022\/03\/0Km-13.jpg\"><img decoding=\"async\" width=\"500\" height=\"660\" data-id=\"149091\" data-src=\"https:\/\/autolivraria.com.br\/bc\/wp-content\/uploads\/2022\/03\/0Km-13.jpg\" alt=\"\" class=\"wp-image-149091 lazyload\" data-srcset=\"https:\/\/autolivraria.com.br\/bc\/wp-content\/uploads\/2022\/03\/0Km-13.jpg 500w, https:\/\/autolivraria.com.br\/bc\/wp-content\/uploads\/2022\/03\/0Km-13-370x488.jpg 370w\" data-sizes=\"(max-width: 500px) 100vw, 500px\" src=\"data:image\/svg+xml;base64,PHN2ZyB3aWR0aD0iMSIgaGVpZ2h0PSIxIiB4bWxucz0iaHR0cDovL3d3dy53My5vcmcvMjAwMC9zdmciPjwvc3ZnPg==\" style=\"--smush-placeholder-width: 500px; --smush-placeholder-aspect-ratio: 500\/660;\" \/><\/a><\/figure>\n<\/figure>\n\n\n\n<p><br><strong>\u2022 N\u00ba. 12 e 13 (pacote) <\/strong>\u2022 1996 \u2022 Palio, Mille EP, restaura\u00e7\u00e3o de Ferraris (sem p\u00f4ster) \u2022 \u00f3timo estado \u2022 <strong>R$ 49 o par<\/strong><\/p>\n\n\n\n<div style=\"height:50px\" aria-hidden=\"true\" class=\"wp-block-spacer\"><\/div>\n\n\n\n<figure class=\"wp-block-gallery has-nested-images columns-2 is-cropped wp-block-gallery-9 is-layout-flex wp-block-gallery-is-layout-flex\">\n<figure class=\"wp-block-image size-full\"><a href=\"https:\/\/autolivraria.com.br\/bc\/wp-content\/uploads\/2022\/03\/0km-14-a.jpg\"><img decoding=\"async\" width=\"500\" height=\"660\" data-id=\"132076\" data-src=\"https:\/\/autolivraria.com.br\/bc\/wp-content\/uploads\/2022\/03\/0km-14-a.jpg\" alt=\"\" class=\"wp-image-132076 lazyload\" data-srcset=\"https:\/\/autolivraria.com.br\/bc\/wp-content\/uploads\/2022\/03\/0km-14-a.jpg 500w, https:\/\/autolivraria.com.br\/bc\/wp-content\/uploads\/2022\/03\/0km-14-a-370x488.jpg 370w\" data-sizes=\"(max-width: 500px) 100vw, 500px\" src=\"data:image\/svg+xml;base64,PHN2ZyB3aWR0aD0iMSIgaGVpZ2h0PSIxIiB4bWxucz0iaHR0cDovL3d3dy53My5vcmcvMjAwMC9zdmciPjwvc3ZnPg==\" style=\"--smush-placeholder-width: 500px; --smush-placeholder-aspect-ratio: 500\/660;\" \/><\/a><\/figure>\n\n\n\n<figure class=\"wp-block-image size-full\"><a href=\"https:\/\/autolivraria.com.br\/bc\/wp-content\/uploads\/2022\/03\/0km-14-b.jpg\"><img decoding=\"async\" width=\"696\" height=\"500\" data-id=\"132075\" data-src=\"https:\/\/autolivraria.com.br\/bc\/wp-content\/uploads\/2022\/03\/0km-14-b.jpg\" alt=\"\" class=\"wp-image-132075 lazyload\" data-srcset=\"https:\/\/autolivraria.com.br\/bc\/wp-content\/uploads\/2022\/03\/0km-14-b.jpg 696w, https:\/\/autolivraria.com.br\/bc\/wp-content\/uploads\/2022\/03\/0km-14-b-370x266.jpg 370w, https:\/\/autolivraria.com.br\/bc\/wp-content\/uploads\/2022\/03\/0km-14-b-120x86.jpg 120w, https:\/\/autolivraria.com.br\/bc\/wp-content\/uploads\/2022\/03\/0km-14-b-350x250.jpg 350w\" data-sizes=\"(max-width: 696px) 100vw, 696px\" src=\"data:image\/svg+xml;base64,PHN2ZyB3aWR0aD0iMSIgaGVpZ2h0PSIxIiB4bWxucz0iaHR0cDovL3d3dy53My5vcmcvMjAwMC9zdmciPjwvc3ZnPg==\" style=\"--smush-placeholder-width: 696px; --smush-placeholder-aspect-ratio: 696\/500;\" \/><\/a><\/figure>\n<\/figure>\n\n\n\n<p><br><strong>\u2022 N\u00ba. 14 <\/strong>\u2022 1996 \u2022 Lan\u00e7amento do Palio \u2022 \u00f3timo estado \u2022 <strong>R$ 29<\/strong><\/p>\n\n\n\n<div style=\"height:50px\" aria-hidden=\"true\" class=\"wp-block-spacer\"><\/div>\n\n\n\n<figure class=\"wp-block-gallery has-nested-images columns-2 is-cropped wp-block-gallery-10 is-layout-flex wp-block-gallery-is-layout-flex\">\n<figure class=\"wp-block-image size-full\"><a href=\"https:\/\/autolivraria.com.br\/bc\/wp-content\/uploads\/2025\/09\/0km-15.jpg\"><img decoding=\"async\" width=\"500\" height=\"660\" data-id=\"151765\" data-src=\"https:\/\/autolivraria.com.br\/bc\/wp-content\/uploads\/2025\/09\/0km-15.jpg\" alt=\"\" class=\"wp-image-151765 lazyload\" data-srcset=\"https:\/\/autolivraria.com.br\/bc\/wp-content\/uploads\/2025\/09\/0km-15.jpg 500w, https:\/\/autolivraria.com.br\/bc\/wp-content\/uploads\/2025\/09\/0km-15-370x488.jpg 370w\" data-sizes=\"(max-width: 500px) 100vw, 500px\" src=\"data:image\/svg+xml;base64,PHN2ZyB3aWR0aD0iMSIgaGVpZ2h0PSIxIiB4bWxucz0iaHR0cDovL3d3dy53My5vcmcvMjAwMC9zdmciPjwvc3ZnPg==\" style=\"--smush-placeholder-width: 500px; --smush-placeholder-aspect-ratio: 500\/660;\" \/><\/a><\/figure>\n\n\n\n<figure class=\"wp-block-image size-full\"><a href=\"https:\/\/autolivraria.com.br\/bc\/wp-content\/uploads\/2025\/09\/0km-15-a.jpg\"><img decoding=\"async\" width=\"696\" height=\"500\" data-id=\"151766\" data-src=\"https:\/\/autolivraria.com.br\/bc\/wp-content\/uploads\/2025\/09\/0km-15-a.jpg\" alt=\"\" class=\"wp-image-151766 lazyload\" data-srcset=\"https:\/\/autolivraria.com.br\/bc\/wp-content\/uploads\/2025\/09\/0km-15-a.jpg 696w, https:\/\/autolivraria.com.br\/bc\/wp-content\/uploads\/2025\/09\/0km-15-a-370x266.jpg 370w, https:\/\/autolivraria.com.br\/bc\/wp-content\/uploads\/2025\/09\/0km-15-a-120x86.jpg 120w, https:\/\/autolivraria.com.br\/bc\/wp-content\/uploads\/2025\/09\/0km-15-a-350x250.jpg 350w\" data-sizes=\"(max-width: 696px) 100vw, 696px\" src=\"data:image\/svg+xml;base64,PHN2ZyB3aWR0aD0iMSIgaGVpZ2h0PSIxIiB4bWxucz0iaHR0cDovL3d3dy53My5vcmcvMjAwMC9zdmciPjwvc3ZnPg==\" style=\"--smush-placeholder-width: 696px; --smush-placeholder-aspect-ratio: 696\/500;\" \/><\/a><\/figure>\n<\/figure>\n\n\n\n<p><br><strong>\u2022 N\u00ba. 15 <\/strong>\u2022 1996 \u2022 Opini\u00f5es sobre o Palio, Sal\u00e3o de Turim \u2022 \u00f3timo estado \u2022 <strong>R$ 19<\/strong><\/p>\n\n\n\n<div style=\"height:50px\" aria-hidden=\"true\" class=\"wp-block-spacer\"><\/div>\n\n\n<a href='https:\/\/autolivraria.com.br\/bc\/' class='small-button smallsilver' target=\"_blank\">Mais ofertas da Auto Livraria<\/a>\n\n\n\n<div style=\"height:50px\" aria-hidden=\"true\" class=\"wp-block-spacer\"><\/div>\n\n\n\n<h2 class=\"wp-block-heading\">Quero comprar ou saber mais<\/h2>\n\n\n\n<div class=\"wpcf7 no-js\" id=\"wpcf7-f109964-o1\" lang=\"pt-BR\" dir=\"ltr\" data-wpcf7-id=\"109964\">\n<div class=\"screen-reader-response\"><p role=\"status\" aria-live=\"polite\" aria-atomic=\"true\"><\/p> <ul><\/ul><\/div>\n<form action=\"\/bc\/wp-json\/wp\/v2\/posts\/132047#wpcf7-f109964-o1\" method=\"post\" class=\"wpcf7-form init\" aria-label=\"Formul\u00e1rios de contato\" novalidate=\"novalidate\" data-status=\"init\">\n<fieldset class=\"hidden-fields-container\"><input type=\"hidden\" name=\"_wpcf7\" value=\"109964\" \/><input type=\"hidden\" name=\"_wpcf7_version\" value=\"6.1.5\" \/><input type=\"hidden\" name=\"_wpcf7_locale\" value=\"pt_BR\" \/><input type=\"hidden\" name=\"_wpcf7_unit_tag\" value=\"wpcf7-f109964-o1\" \/><input type=\"hidden\" name=\"_wpcf7_container_post\" value=\"0\" \/><input type=\"hidden\" name=\"_wpcf7_posted_data_hash\" value=\"\" \/>\n<\/fieldset>\n<p>Se preferir, contate-nos pelo e-mail <a href=\"mailto:contato@autolivraria.com.br\">contato@autolivraria.com.br<\/a> ou Whatsapp <a href=\"https:\/\/api.whatsapp.com\/send\/?phone=5512997792817\">(12) 9-9779-2817<\/a>.\n<\/p>\n<p>Nome (obrigat\u00f3rio)\n<\/p>\n<p><span class=\"wpcf7-form-control-wrap\" data-name=\"your-name\"><input size=\"40\" maxlength=\"400\" class=\"wpcf7-form-control wpcf7-text wpcf7-validates-as-required\" aria-required=\"true\" aria-invalid=\"false\" value=\"\" type=\"text\" name=\"your-name\" \/><\/span>\n<\/p>\n<p>Cidade (obrigat\u00f3rio)\n<\/p>\n<p><span class=\"wpcf7-form-control-wrap\" data-name=\"cidade\"><input size=\"40\" maxlength=\"400\" class=\"wpcf7-form-control wpcf7-text wpcf7-validates-as-required\" aria-required=\"true\" aria-invalid=\"false\" value=\"\" type=\"text\" name=\"cidade\" \/><\/span>\n<\/p>\n<p>Estado (obrigat\u00f3rio)\n<\/p>\n<p><span class=\"wpcf7-form-control-wrap\" data-name=\"estado\"><select class=\"wpcf7-form-control wpcf7-select wpcf7-validates-as-required\" aria-required=\"true\" aria-invalid=\"false\" name=\"estado\"><option value=\"\">&#8212;Escolha uma op\u00e7\u00e3o&#8212;<\/option><option value=\"AC\">AC<\/option><option value=\"AL\">AL<\/option><option value=\"AM\">AM<\/option><option value=\"AP\">AP<\/option><option value=\"BA\">BA<\/option><option value=\"CE\">CE<\/option><option value=\"DF\">DF<\/option><option value=\"ES\">ES<\/option><option value=\"GO\">GO<\/option><option value=\"MA\">MA<\/option><option value=\"MG\">MG<\/option><option value=\"MS\">MS<\/option><option value=\"MT\">MT<\/option><option value=\"PA\">PA<\/option><option value=\"PB\">PB<\/option><option value=\"PE\">PE<\/option><option value=\"PI\">PI<\/option><option value=\"PR\">PR<\/option><option value=\"RJ\">RJ<\/option><option value=\"RN\">RN<\/option><option value=\"RO\">RO<\/option><option value=\"RR\">RR<\/option><option value=\"RS\">RS<\/option><option value=\"SC\">SC<\/option><option value=\"SE\">SE<\/option><option value=\"SP\">SP<\/option><option value=\"TO\">TO<\/option><\/select><\/span>\n<\/p>\n<p>E-mail (obrigat\u00f3rio)\n<\/p>\n<p><span class=\"wpcf7-form-control-wrap\" data-name=\"your-email\"><input size=\"40\" maxlength=\"400\" class=\"wpcf7-form-control wpcf7-email wpcf7-validates-as-required wpcf7-text wpcf7-validates-as-email\" aria-required=\"true\" aria-invalid=\"false\" value=\"\" type=\"email\" name=\"your-email\" \/><\/span>\n<\/p>\n<p>Whatsapp (com DDD)\n<\/p>\n<p><span class=\"wpcf7-form-control-wrap\" data-name=\"whatsapp\"><input size=\"40\" maxlength=\"400\" class=\"wpcf7-form-control wpcf7-text\" aria-invalid=\"false\" value=\"\" type=\"text\" name=\"whatsapp\" \/><\/span>\n<\/p>\n<p>Em que produtos voc\u00ea tem interesse? (obrigat\u00f3rio)\n<\/p>\n<p><span class=\"wpcf7-form-control-wrap\" data-name=\"your-message\"><textarea cols=\"40\" rows=\"10\" maxlength=\"2000\" class=\"wpcf7-form-control wpcf7-textarea wpcf7-validates-as-required\" aria-required=\"true\" aria-invalid=\"false\" name=\"your-message\"><\/textarea><\/span>\n<\/p>\n<p>CEP do local de entrega.\n<\/p>\n<p><span class=\"wpcf7-form-control-wrap\" data-name=\"cep\"><input size=\"40\" maxlength=\"400\" class=\"wpcf7-form-control wpcf7-text\" aria-invalid=\"false\" value=\"\" type=\"text\" name=\"cep\" \/><\/span>\n<\/p>\n<p>Endere\u00e7o do local de entrega (incluir n\u00famero e apartamento se for o caso).\n<\/p>\n<p><span class=\"wpcf7-form-control-wrap\" data-name=\"endereco\"><input size=\"40\" maxlength=\"400\" class=\"wpcf7-form-control wpcf7-text\" aria-invalid=\"false\" value=\"\" type=\"text\" name=\"endereco\" \/><\/span>\n<\/p>\n<p>Como prefere o envio?\n<\/p>\n<p><span class=\"wpcf7-form-control-wrap\" data-name=\"envio\"><select class=\"wpcf7-form-control wpcf7-select wpcf7-validates-as-required\" aria-required=\"true\" aria-invalid=\"false\" name=\"envio\"><option value=\"\">&#8212;Escolha uma op\u00e7\u00e3o&#8212;<\/option><option value=\"Econ\u00f4mico\">Econ\u00f4mico<\/option><option value=\"PAC (custo intermedi\u00e1rio)\">PAC (custo intermedi\u00e1rio)<\/option><option value=\"Sedex (custo maior)\">Sedex (custo maior)<\/option><option value=\"Quero conhecer as op\u00e7\u00f5es de custo\">Quero conhecer as op\u00e7\u00f5es de custo<\/option><option value=\"Estou apenas pedindo informa\u00e7\u00f5es\">Estou apenas pedindo informa\u00e7\u00f5es<\/option><\/select><\/span>\n<\/p>\n<p>Como prefere pagar?\n<\/p>\n<p><span class=\"wpcf7-form-control-wrap\" data-name=\"pagamento\"><select class=\"wpcf7-form-control wpcf7-select\" aria-invalid=\"false\" name=\"pagamento\"><option value=\"\">&#8212;Escolha uma op\u00e7\u00e3o&#8212;<\/option><option value=\"Dep\u00f3sito ou transfer\u00eancia\">Dep\u00f3sito ou transfer\u00eancia<\/option><option value=\"Pix\">Pix<\/option><option value=\"Boleto\">Boleto<\/option><option value=\"Cart\u00e3o ou boleto via Mercado Pago (tarifa de 10%)\">Cart\u00e3o ou boleto via Mercado Pago (tarifa de 10%)<\/option><option value=\"Estou apenas pedindo informa\u00e7\u00f5es\">Estou apenas pedindo informa\u00e7\u00f5es<\/option><\/select><\/span>\n<\/p>\n<p>Como prefere receber nosso contato? (obrigat\u00f3rio)\n<\/p>\n<p><span class=\"wpcf7-form-control-wrap\" data-name=\"retorno\"><select class=\"wpcf7-form-control wpcf7-select wpcf7-validates-as-required\" aria-required=\"true\" aria-invalid=\"false\" name=\"retorno\"><option value=\"\">&#8212;Escolha uma op\u00e7\u00e3o&#8212;<\/option><option value=\"Por e-mail\">Por e-mail<\/option><option value=\"Por Whatsapp\">Por Whatsapp<\/option><option value=\"Tanto faz\">Tanto faz<\/option><\/select><\/span>\n<\/p>\n<p>Gostaria de receber novidades da Auto Livraria por e-mail?\n<\/p>\n<p><span class=\"wpcf7-form-control-wrap\" data-name=\"boletim_al\"><select class=\"wpcf7-form-control wpcf7-select\" aria-invalid=\"false\" name=\"boletim_al\"><option value=\"\">&#8212;Escolha uma op\u00e7\u00e3o&#8212;<\/option><option value=\"Gostaria\">Gostaria<\/option><option value=\"N\u00e3o, obrigado\">N\u00e3o, obrigado<\/option><option value=\"J\u00e1 recebo\">J\u00e1 recebo<\/option><\/select><\/span>\n<\/p>\n<p><div class=\"cf7-cf-turnstile\" style=\"margin-top: 0px; margin-bottom: -15px;\"> <div id=\"cf-turnstile-cf7-3229073147\" class=\"cf-turnstile\" data-sitekey=\"0x4AAAAAAA1Z3y85HxJh_CgQ\" data-theme=\"light\" data-language=\"pt-br\" data-size=\"normal\" data-retry=\"auto\" data-retry-interval=\"1000\" data-refresh-expired=\"auto\" data-refresh-timeout=\"auto\" data-action=\"contact-form-7\" data-callback=\"turnstileCF7Callback\" data-error-callback=\"cfturnstileErrorCallback\" data-appearance=\"always\"><\/div> <div class=\"cf-turnstile-failed-text cf-turnstile-failed-text-cf7-3229073147\"><\/div> <script> function cfturnstileErrorCallback() { var cfTurnstileFailedText = document.querySelector('.cf-turnstile-failed-text-cf7-3229073147'); cfTurnstileFailedText.innerHTML = '<p><i>A verifica\u00e7\u00e3o de seguran\u00e7a falhou. Se tiver dificuldades, por favor, contate-nos pelo e-mail ou Whatsapp informado acima.<\/i><\/p>'; } function cfturnstileCallback() { var cfTurnstileFailedText = document.querySelector('.cf-turnstile-failed-text-cf7-3229073147'); cfTurnstileFailedText.innerHTML = ''; } <\/script> <script>document.addEventListener(\"DOMContentLoaded\", function() { setTimeout(function(){ var e=document.getElementById(\"cf-turnstile-cf7-3229073147\"); if(e&&!e.innerHTML.trim()){turnstile.render(e, {sitekey:\"0x4AAAAAAA1Z3y85HxJh_CgQ\"});} }, 200); });<\/script> <br class=\"cf-turnstile-br cf-turnstile-br-cf7-3229073147\"> <style>#cf-turnstile-cf7-3229073147 { margin-left: -15px; }<\/style> <script>document.addEventListener(\"DOMContentLoaded\",function(){document.querySelectorAll('.wpcf7-form').forEach(function(e){e.addEventListener('submit',function(){if(document.getElementById('cf-turnstile-cf7-3229073147')){setTimeout(function(){turnstile.reset('#cf-turnstile-cf7-3229073147');},1000)}})})});<\/script> <\/div>\n<\/p>\n<p>Seus dados pessoais n\u00e3o ser\u00e3o cedidos ou vendidos a terceiros com fins comerciais. Esse \u00e9 nosso compromisso. <a href=\"https:\/\/autolivraria.com.br\/bc\/politica-de-privacidade\/\" rel=\"noopener noreferrer\" target=\"_blank\">Conhe\u00e7a nossa pol\u00edtica de privacidade.<\/a>\n<\/p>\n<p><input class=\"wpcf7-form-control wpcf7-submit has-spinner\" type=\"submit\" value=\"Enviar\" \/>\n<\/p><div class=\"wpcf7-response-output\" aria-hidden=\"true\"><\/div>\n<\/form>\n<\/div>\n\n\n\n\n<div style=\"height:50px\" aria-hidden=\"true\" class=\"wp-block-spacer\"><\/div>\n","protected":false},"excerpt":{"rendered":"<p>Fiat Coup\u00e9, Alfa Romeo 145, Ferrari F50 e mais na revista dedicada ao grupo &#8211; a partir de R$ 19<\/p>\n","protected":false},"author":6,"featured_media":151767,"comment_status":"closed","ping_status":"closed","sticky":false,"template":"","format":"standard","meta":{"_joinchat":[],"footnotes":""},"categories":[4860],"tags":[1273,97,4946,156,1006,75,57,4374,806,150,4873,4815,1657,208,1400,207],"class_list":["post-132047","post","type-post","status-publish","format-standard","has-post-thumbnail","hentry","category-al-alfa-romeo","tag-alfa-145","tag-alfa-romeo","tag-auto-livraria","tag-carros-do-passado","tag-f50","tag-ferrari","tag-fiat","tag-fiat-coupe","tag-mille","tag-palio","tag-revista-0km","tag-revistas-nacionais","tag-spider","tag-tempra","tag-tempra-stile","tag-tipo"],"amp_enabled":true,"_links":{"self":[{"href":"https:\/\/autolivraria.com.br\/bc\/wp-json\/wp\/v2\/posts\/132047","targetHints":{"allow":["GET"]}}],"collection":[{"href":"https:\/\/autolivraria.com.br\/bc\/wp-json\/wp\/v2\/posts"}],"about":[{"href":"https:\/\/autolivraria.com.br\/bc\/wp-json\/wp\/v2\/types\/post"}],"author":[{"embeddable":true,"href":"https:\/\/autolivraria.com.br\/bc\/wp-json\/wp\/v2\/users\/6"}],"replies":[{"embeddable":true,"href":"https:\/\/autolivraria.com.br\/bc\/wp-json\/wp\/v2\/comments?post=132047"}],"version-history":[{"count":7,"href":"https:\/\/autolivraria.com.br\/bc\/wp-json\/wp\/v2\/posts\/132047\/revisions"}],"predecessor-version":[{"id":154007,"href":"https:\/\/autolivraria.com.br\/bc\/wp-json\/wp\/v2\/posts\/132047\/revisions\/154007"}],"wp:featuredmedia":[{"embeddable":true,"href":"https:\/\/autolivraria.com.br\/bc\/wp-json\/wp\/v2\/media\/151767"}],"wp:attachment":[{"href":"https:\/\/autolivraria.com.br\/bc\/wp-json\/wp\/v2\/media?parent=132047"}],"wp:term":[{"taxonomy":"category","embeddable":true,"href":"https:\/\/autolivraria.com.br\/bc\/wp-json\/wp\/v2\/categories?post=132047"},{"taxonomy":"post_tag","embeddable":true,"href":"https:\/\/autolivraria.com.br\/bc\/wp-json\/wp\/v2\/tags?post=132047"}],"curies":[{"name":"wp","href":"https:\/\/api.w.org\/{rel}","templated":true}]}}