{"id":152500,"date":"2025-09-02T14:38:00","date_gmt":"2025-09-02T17:38:00","guid":{"rendered":"https:\/\/autolivraria.com.br\/bc\/?p=152500"},"modified":"2025-09-02T14:38:14","modified_gmt":"2025-09-02T17:38:14","slug":"vw-golf-gl-glx-gti-vr6-mk3-catalogos-folders","status":"publish","type":"post","link":"https:\/\/autolivraria.com.br\/bc\/auto-livraria\/al-volkswagen\/vw-golf-gl-glx-gti-vr6-mk3-catalogos-folders\/","title":{"rendered":"VW Golf MK3: raros cat\u00e1logos com GLX, GTI e at\u00e9 VR6"},"content":{"rendered":"\n<figure data-wp-context=\"{&quot;imageId&quot;:&quot;69f562591d97c&quot;}\" data-wp-interactive=\"core\/image\" data-wp-key=\"69f562591d97c\" class=\"wp-block-image alignwide size-full wp-lightbox-container\"><img fetchpriority=\"high\" decoding=\"async\" width=\"1024\" height=\"683\" data-wp-class--hide=\"state.isContentHidden\" data-wp-class--show=\"state.isContentVisible\" data-wp-init=\"callbacks.setButtonStyles\" data-wp-on--click=\"actions.showLightbox\" data-wp-on--load=\"callbacks.setButtonStyles\" data-wp-on-window--resize=\"callbacks.setButtonStyles\" src=\"https:\/\/autolivraria.com.br\/bc\/wp-content\/uploads\/2025\/08\/Golf.jpg\" alt=\"\" class=\"wp-image-152513\" srcset=\"https:\/\/autolivraria.com.br\/bc\/wp-content\/uploads\/2025\/08\/Golf.jpg 1024w, https:\/\/autolivraria.com.br\/bc\/wp-content\/uploads\/2025\/08\/Golf-370x247.jpg 370w, https:\/\/autolivraria.com.br\/bc\/wp-content\/uploads\/2025\/08\/Golf-750x500.jpg 750w, https:\/\/autolivraria.com.br\/bc\/wp-content\/uploads\/2025\/08\/Golf-150x100.jpg 150w, https:\/\/autolivraria.com.br\/bc\/wp-content\/uploads\/2025\/08\/Golf-330x220.jpg 330w, https:\/\/autolivraria.com.br\/bc\/wp-content\/uploads\/2025\/08\/Golf-420x280.jpg 420w, https:\/\/autolivraria.com.br\/bc\/wp-content\/uploads\/2025\/08\/Golf-510x340.jpg 510w\" sizes=\"(max-width: 1024px) 100vw, 1024px\" \/><button\n\t\t\tclass=\"lightbox-trigger\"\n\t\t\ttype=\"button\"\n\t\t\taria-haspopup=\"dialog\"\n\t\t\taria-label=\"Ampliar\"\n\t\t\tdata-wp-init=\"callbacks.initTriggerButton\"\n\t\t\tdata-wp-on--click=\"actions.showLightbox\"\n\t\t\tdata-wp-style--right=\"state.imageButtonRight\"\n\t\t\tdata-wp-style--top=\"state.imageButtonTop\"\n\t\t>\n\t\t\t<svg xmlns=\"http:\/\/www.w3.org\/2000\/svg\" width=\"12\" height=\"12\" fill=\"none\" viewBox=\"0 0 12 12\">\n\t\t\t\t<path fill=\"#fff\" d=\"M2 0a2 2 0 0 0-2 2v2h1.5V2a.5.5 0 0 1 .5-.5h2V0H2Zm2 10.5H2a.5.5 0 0 1-.5-.5V8H0v2a2 2 0 0 0 2 2h2v-1.5ZM8 12v-1.5h2a.5.5 0 0 0 .5-.5V8H12v2a2 2 0 0 1-2 2H8Zm2-12a2 2 0 0 1 2 2v2h-1.5V2a.5.5 0 0 0-.5-.5H8V0h2Z\" \/>\n\t\t\t<\/svg>\n\t\t<\/button><\/figure>\n\n\n\n<div style=\"height:40px\" aria-hidden=\"true\" class=\"wp-block-spacer\"><\/div>\n\n\n\n<p>A terceira gera\u00e7\u00e3o (MK3 na terminologia popular) do Volkswagen Golf ser\u00e1 sempre lembrada, no Brasil, como a introdutora do bem-sucedido modelo em nosso mercado. A linha come\u00e7ou pelo GTI em 1994, seguiu pelas vers\u00f5es GL e  GLX e incluiu o convers\u00edvel e o topo de linha VR6, que vieram em pequenos volumes. Foram anos como um hatch m\u00e9dio muito desejado at\u00e9 que a quarta gera\u00e7\u00e3o aparecesse por aqui em 1998, iniciando nova fase de prest\u00edgio.<\/p>\n\n\n\n<p>A <strong>Auto Livraria<\/strong> oferece raros cat\u00e1logos originais de quatro vers\u00f5es do Golf MK3. Para comprar, envie mensagem abaixo ou pelo\u00a0<a href=\"http:\/\/wa.me\/5512997792817\" target=\"_blank\" rel=\"noreferrer noopener\">Whatsapp (12) 99779-2817<\/a>\u00a0com o n\u00famero dos itens que deseja.<\/p>\n\n\n\n<p>\u2022\u00a0<strong>Frete econ\u00f4mico para todo o Brasil:<\/strong>\u00a0R$ 20 (at\u00e9 2 cat\u00e1logos). Consulte para maior quantidade e outras formas de envio.<\/p>\n\n\n\n<p>\u2022&nbsp;<strong>Formas de pagamento:&nbsp;<\/strong>pix, boleto e transfer\u00eancia banc\u00e1ria. Tamb\u00e9m com cart\u00e3o pelo Mercado Pago (+ 10%).<\/p>\n\n\n\n<div style=\"height:40px\" aria-hidden=\"true\" class=\"wp-block-spacer\"><\/div>\n\n\n\n<h2 class=\"wp-block-heading\"><strong>Cat\u00e1logo VW Golf GL 1997<\/strong><\/h2>\n\n\n\n<figure class=\"wp-block-gallery has-nested-images columns-2 is-cropped wp-block-gallery-1 is-layout-flex wp-block-gallery-is-layout-flex\">\n<figure class=\"wp-block-image size-full\"><a href=\"https:\/\/autolivraria.com.br\/bc\/wp-content\/uploads\/2025\/08\/Golf-97-GL-1.jpg\"><img decoding=\"async\" width=\"696\" height=\"500\" data-id=\"152501\" data-src=\"https:\/\/autolivraria.com.br\/bc\/wp-content\/uploads\/2025\/08\/Golf-97-GL-1.jpg\" alt=\"\" class=\"wp-image-152501 lazyload\" data-srcset=\"https:\/\/autolivraria.com.br\/bc\/wp-content\/uploads\/2025\/08\/Golf-97-GL-1.jpg 696w, https:\/\/autolivraria.com.br\/bc\/wp-content\/uploads\/2025\/08\/Golf-97-GL-1-370x266.jpg 370w\" data-sizes=\"(max-width: 696px) 100vw, 696px\" src=\"data:image\/svg+xml;base64,PHN2ZyB3aWR0aD0iMSIgaGVpZ2h0PSIxIiB4bWxucz0iaHR0cDovL3d3dy53My5vcmcvMjAwMC9zdmciPjwvc3ZnPg==\" style=\"--smush-placeholder-width: 696px; --smush-placeholder-aspect-ratio: 696\/500;\" \/><\/a><\/figure>\n\n\n\n<figure class=\"wp-block-image size-full\"><a href=\"https:\/\/autolivraria.com.br\/bc\/wp-content\/uploads\/2025\/08\/Golf-97-GL-2.jpg\"><img decoding=\"async\" width=\"696\" height=\"500\" data-id=\"152502\" data-src=\"https:\/\/autolivraria.com.br\/bc\/wp-content\/uploads\/2025\/08\/Golf-97-GL-2.jpg\" alt=\"\" class=\"wp-image-152502 lazyload\" data-srcset=\"https:\/\/autolivraria.com.br\/bc\/wp-content\/uploads\/2025\/08\/Golf-97-GL-2.jpg 696w, https:\/\/autolivraria.com.br\/bc\/wp-content\/uploads\/2025\/08\/Golf-97-GL-2-370x266.jpg 370w\" data-sizes=\"(max-width: 696px) 100vw, 696px\" src=\"data:image\/svg+xml;base64,PHN2ZyB3aWR0aD0iMSIgaGVpZ2h0PSIxIiB4bWxucz0iaHR0cDovL3d3dy53My5vcmcvMjAwMC9zdmciPjwvc3ZnPg==\" style=\"--smush-placeholder-width: 696px; --smush-placeholder-aspect-ratio: 696\/500;\" \/><\/a><\/figure>\n<\/figure>\n\n\n\n<p><strong>\u2022 Item 1<br><\/strong>\u2022 2 p\u00e1ginas (21 x 29 cm)<br>\u2022 Com dados t\u00e9cnicos e equipamentos<br>\u2022 \u00d3timo estado<br><strong>\u2022 R$ 79<\/strong><\/p>\n\n\n\n<div style=\"height:40px\" aria-hidden=\"true\" class=\"wp-block-spacer\"><\/div>\n\n\n\n<h2 class=\"wp-block-heading\"><strong>Cat\u00e1logo Golf GL 1998<\/strong><\/h2>\n\n\n\n<figure class=\"wp-block-gallery has-nested-images columns-2 is-cropped wp-block-gallery-2 is-layout-flex wp-block-gallery-is-layout-flex\">\n<figure class=\"wp-block-image size-full\"><a href=\"https:\/\/autolivraria.com.br\/bc\/wp-content\/uploads\/2025\/08\/Golf-98-GL-1.jpg\"><img decoding=\"async\" width=\"500\" height=\"696\" data-id=\"152506\" data-src=\"https:\/\/autolivraria.com.br\/bc\/wp-content\/uploads\/2025\/08\/Golf-98-GL-1.jpg\" alt=\"\" class=\"wp-image-152506 lazyload\" data-srcset=\"https:\/\/autolivraria.com.br\/bc\/wp-content\/uploads\/2025\/08\/Golf-98-GL-1.jpg 500w, https:\/\/autolivraria.com.br\/bc\/wp-content\/uploads\/2025\/08\/Golf-98-GL-1-370x515.jpg 370w\" data-sizes=\"(max-width: 500px) 100vw, 500px\" src=\"data:image\/svg+xml;base64,PHN2ZyB3aWR0aD0iMSIgaGVpZ2h0PSIxIiB4bWxucz0iaHR0cDovL3d3dy53My5vcmcvMjAwMC9zdmciPjwvc3ZnPg==\" style=\"--smush-placeholder-width: 500px; --smush-placeholder-aspect-ratio: 500\/696;\" \/><\/a><\/figure>\n\n\n\n<figure class=\"wp-block-image size-full\"><a href=\"https:\/\/autolivraria.com.br\/bc\/wp-content\/uploads\/2025\/08\/Golf-98-GL-3.jpg\"><img decoding=\"async\" width=\"696\" height=\"500\" data-id=\"152505\" data-src=\"https:\/\/autolivraria.com.br\/bc\/wp-content\/uploads\/2025\/08\/Golf-98-GL-3.jpg\" alt=\"\" class=\"wp-image-152505 lazyload\" data-srcset=\"https:\/\/autolivraria.com.br\/bc\/wp-content\/uploads\/2025\/08\/Golf-98-GL-3.jpg 696w, https:\/\/autolivraria.com.br\/bc\/wp-content\/uploads\/2025\/08\/Golf-98-GL-3-370x266.jpg 370w\" data-sizes=\"(max-width: 696px) 100vw, 696px\" src=\"data:image\/svg+xml;base64,PHN2ZyB3aWR0aD0iMSIgaGVpZ2h0PSIxIiB4bWxucz0iaHR0cDovL3d3dy53My5vcmcvMjAwMC9zdmciPjwvc3ZnPg==\" style=\"--smush-placeholder-width: 696px; --smush-placeholder-aspect-ratio: 696\/500;\" \/><\/a><\/figure>\n<\/figure>\n\n\n\n<p><strong>\u2022 Item 2<\/strong><br>\u2022 4 p\u00e1ginas (21 x 29 cm) + 2 p\u00e1ginas com dados t\u00e9cnicos e equipamentos<strong><br><\/strong>\u2022 \u00d3timo estado<br><strong>\u2022 R$ 99<\/strong><\/p>\n\n\n\n<div style=\"height:40px\" aria-hidden=\"true\" class=\"wp-block-spacer\"><\/div>\n\n\n\n<h2 class=\"wp-block-heading\"><strong>Cat\u00e1logo VW Golf GLX 1997<\/strong><\/h2>\n\n\n\n<figure class=\"wp-block-gallery has-nested-images columns-2 is-cropped wp-block-gallery-3 is-layout-flex wp-block-gallery-is-layout-flex\">\n<figure class=\"wp-block-image size-full\"><a href=\"https:\/\/autolivraria.com.br\/bc\/wp-content\/uploads\/2025\/08\/Golf-97-GLX-1.jpg\"><img decoding=\"async\" width=\"696\" height=\"500\" data-id=\"152503\" data-src=\"https:\/\/autolivraria.com.br\/bc\/wp-content\/uploads\/2025\/08\/Golf-97-GLX-1.jpg\" alt=\"\" class=\"wp-image-152503 lazyload\" data-srcset=\"https:\/\/autolivraria.com.br\/bc\/wp-content\/uploads\/2025\/08\/Golf-97-GLX-1.jpg 696w, https:\/\/autolivraria.com.br\/bc\/wp-content\/uploads\/2025\/08\/Golf-97-GLX-1-370x266.jpg 370w\" data-sizes=\"(max-width: 696px) 100vw, 696px\" src=\"data:image\/svg+xml;base64,PHN2ZyB3aWR0aD0iMSIgaGVpZ2h0PSIxIiB4bWxucz0iaHR0cDovL3d3dy53My5vcmcvMjAwMC9zdmciPjwvc3ZnPg==\" style=\"--smush-placeholder-width: 696px; --smush-placeholder-aspect-ratio: 696\/500;\" \/><\/a><\/figure>\n\n\n\n<figure class=\"wp-block-image size-full\"><a href=\"https:\/\/autolivraria.com.br\/bc\/wp-content\/uploads\/2025\/08\/Golf-97-GLX-2.jpg\"><img decoding=\"async\" width=\"696\" height=\"500\" data-id=\"152504\" data-src=\"https:\/\/autolivraria.com.br\/bc\/wp-content\/uploads\/2025\/08\/Golf-97-GLX-2.jpg\" alt=\"\" class=\"wp-image-152504 lazyload\" data-srcset=\"https:\/\/autolivraria.com.br\/bc\/wp-content\/uploads\/2025\/08\/Golf-97-GLX-2.jpg 696w, https:\/\/autolivraria.com.br\/bc\/wp-content\/uploads\/2025\/08\/Golf-97-GLX-2-370x266.jpg 370w\" data-sizes=\"(max-width: 696px) 100vw, 696px\" src=\"data:image\/svg+xml;base64,PHN2ZyB3aWR0aD0iMSIgaGVpZ2h0PSIxIiB4bWxucz0iaHR0cDovL3d3dy53My5vcmcvMjAwMC9zdmciPjwvc3ZnPg==\" style=\"--smush-placeholder-width: 696px; --smush-placeholder-aspect-ratio: 696\/500;\" \/><\/a><\/figure>\n<\/figure>\n\n\n\n<p><strong>\u2022 Item 3<br><\/strong>\u2022 2 p\u00e1ginas (21 x 29 cm)<br>\u2022 Com dados t\u00e9cnicos e equipamentos<br>\u2022 \u00d3timo estado<br><strong>\u2022 R$ 119<\/strong><\/p>\n\n\n\n<div style=\"height:40px\" aria-hidden=\"true\" class=\"wp-block-spacer\"><\/div>\n\n\n\n<h2 class=\"wp-block-heading\"><strong>Cat\u00e1logo VW Golf GLX 1998<\/strong><\/h2>\n\n\n\n<figure class=\"wp-block-gallery has-nested-images columns-2 is-cropped wp-block-gallery-4 is-layout-flex wp-block-gallery-is-layout-flex\">\n<figure class=\"wp-block-image size-full\"><a href=\"https:\/\/autolivraria.com.br\/bc\/wp-content\/uploads\/2025\/08\/Golf-98-GLX-1.jpg\"><img decoding=\"async\" width=\"500\" height=\"696\" data-id=\"152508\" data-src=\"https:\/\/autolivraria.com.br\/bc\/wp-content\/uploads\/2025\/08\/Golf-98-GLX-1.jpg\" alt=\"\" class=\"wp-image-152508 lazyload\" data-srcset=\"https:\/\/autolivraria.com.br\/bc\/wp-content\/uploads\/2025\/08\/Golf-98-GLX-1.jpg 500w, https:\/\/autolivraria.com.br\/bc\/wp-content\/uploads\/2025\/08\/Golf-98-GLX-1-370x515.jpg 370w\" data-sizes=\"(max-width: 500px) 100vw, 500px\" src=\"data:image\/svg+xml;base64,PHN2ZyB3aWR0aD0iMSIgaGVpZ2h0PSIxIiB4bWxucz0iaHR0cDovL3d3dy53My5vcmcvMjAwMC9zdmciPjwvc3ZnPg==\" style=\"--smush-placeholder-width: 500px; --smush-placeholder-aspect-ratio: 500\/696;\" \/><\/a><\/figure>\n\n\n\n<figure class=\"wp-block-image size-full\"><a href=\"https:\/\/autolivraria.com.br\/bc\/wp-content\/uploads\/2025\/08\/Golf-98-GLX-3.jpg\"><img decoding=\"async\" width=\"696\" height=\"500\" data-id=\"152507\" data-src=\"https:\/\/autolivraria.com.br\/bc\/wp-content\/uploads\/2025\/08\/Golf-98-GLX-3.jpg\" alt=\"\" class=\"wp-image-152507 lazyload\" data-srcset=\"https:\/\/autolivraria.com.br\/bc\/wp-content\/uploads\/2025\/08\/Golf-98-GLX-3.jpg 696w, https:\/\/autolivraria.com.br\/bc\/wp-content\/uploads\/2025\/08\/Golf-98-GLX-3-370x266.jpg 370w\" data-sizes=\"(max-width: 696px) 100vw, 696px\" src=\"data:image\/svg+xml;base64,PHN2ZyB3aWR0aD0iMSIgaGVpZ2h0PSIxIiB4bWxucz0iaHR0cDovL3d3dy53My5vcmcvMjAwMC9zdmciPjwvc3ZnPg==\" style=\"--smush-placeholder-width: 696px; --smush-placeholder-aspect-ratio: 696\/500;\" \/><\/a><\/figure>\n<\/figure>\n\n\n\n<p><strong>\u2022 Item 4<br><\/strong>\u2022 4 p\u00e1ginas (21 x 29 cm) + 2 p\u00e1ginas com dados t\u00e9cnicos e equipamentos<br>\u2022 \u00d3timo estado<br><strong>\u2022 R$ 149<\/strong><\/p>\n\n\n\n<div style=\"height:40px\" aria-hidden=\"true\" class=\"wp-block-spacer\"><\/div>\n\n\n\n<h2 class=\"wp-block-heading\"><strong>Cat\u00e1logo VW Golf GTI 1998<\/strong><\/h2>\n\n\n\n<figure class=\"wp-block-gallery has-nested-images columns-2 is-cropped wp-block-gallery-5 is-layout-flex wp-block-gallery-is-layout-flex\">\n<figure class=\"wp-block-image size-full\"><a href=\"https:\/\/autolivraria.com.br\/bc\/wp-content\/uploads\/2025\/08\/Golf-98-GTI-1.jpg\"><img decoding=\"async\" width=\"500\" height=\"696\" data-id=\"152509\" data-src=\"https:\/\/autolivraria.com.br\/bc\/wp-content\/uploads\/2025\/08\/Golf-98-GTI-1.jpg\" alt=\"\" class=\"wp-image-152509 lazyload\" data-srcset=\"https:\/\/autolivraria.com.br\/bc\/wp-content\/uploads\/2025\/08\/Golf-98-GTI-1.jpg 500w, https:\/\/autolivraria.com.br\/bc\/wp-content\/uploads\/2025\/08\/Golf-98-GTI-1-370x515.jpg 370w\" data-sizes=\"(max-width: 500px) 100vw, 500px\" src=\"data:image\/svg+xml;base64,PHN2ZyB3aWR0aD0iMSIgaGVpZ2h0PSIxIiB4bWxucz0iaHR0cDovL3d3dy53My5vcmcvMjAwMC9zdmciPjwvc3ZnPg==\" style=\"--smush-placeholder-width: 500px; --smush-placeholder-aspect-ratio: 500\/696;\" \/><\/a><\/figure>\n\n\n\n<figure class=\"wp-block-image size-full\"><a href=\"https:\/\/autolivraria.com.br\/bc\/wp-content\/uploads\/2025\/08\/Golf-98-GTI-3.jpg\"><img decoding=\"async\" width=\"696\" height=\"500\" data-id=\"152510\" data-src=\"https:\/\/autolivraria.com.br\/bc\/wp-content\/uploads\/2025\/08\/Golf-98-GTI-3.jpg\" alt=\"\" class=\"wp-image-152510 lazyload\" data-srcset=\"https:\/\/autolivraria.com.br\/bc\/wp-content\/uploads\/2025\/08\/Golf-98-GTI-3.jpg 696w, https:\/\/autolivraria.com.br\/bc\/wp-content\/uploads\/2025\/08\/Golf-98-GTI-3-370x266.jpg 370w\" data-sizes=\"(max-width: 696px) 100vw, 696px\" src=\"data:image\/svg+xml;base64,PHN2ZyB3aWR0aD0iMSIgaGVpZ2h0PSIxIiB4bWxucz0iaHR0cDovL3d3dy53My5vcmcvMjAwMC9zdmciPjwvc3ZnPg==\" style=\"--smush-placeholder-width: 696px; --smush-placeholder-aspect-ratio: 696\/500;\" \/><\/a><\/figure>\n<\/figure>\n\n\n\n<p><strong>\u2022 Item 5<br><\/strong>\u2022 4 p\u00e1ginas (21 x 29 cm) + 2 p\u00e1ginas com dados t\u00e9cnicos e equipamentos<br>\u2022 \u00d3timo estado<br><strong>\u2022 R$ 199<\/strong><\/p>\n\n\n\n<div style=\"height:40px\" aria-hidden=\"true\" class=\"wp-block-spacer\"><\/div>\n\n\n\n<h2 class=\"wp-block-heading\"><strong>Cat\u00e1logo VW Golf VR6 1995<\/strong><\/h2>\n\n\n\n<figure class=\"wp-block-gallery has-nested-images columns-2 is-cropped wp-block-gallery-6 is-layout-flex wp-block-gallery-is-layout-flex\">\n<figure class=\"wp-block-image size-full\"><a href=\"https:\/\/autolivraria.com.br\/bc\/wp-content\/uploads\/2025\/08\/Golf-VR6-1.jpg\"><img decoding=\"async\" width=\"696\" height=\"500\" data-id=\"152512\" data-src=\"https:\/\/autolivraria.com.br\/bc\/wp-content\/uploads\/2025\/08\/Golf-VR6-1.jpg\" alt=\"\" class=\"wp-image-152512 lazyload\" data-srcset=\"https:\/\/autolivraria.com.br\/bc\/wp-content\/uploads\/2025\/08\/Golf-VR6-1.jpg 696w, https:\/\/autolivraria.com.br\/bc\/wp-content\/uploads\/2025\/08\/Golf-VR6-1-370x266.jpg 370w\" data-sizes=\"(max-width: 696px) 100vw, 696px\" src=\"data:image\/svg+xml;base64,PHN2ZyB3aWR0aD0iMSIgaGVpZ2h0PSIxIiB4bWxucz0iaHR0cDovL3d3dy53My5vcmcvMjAwMC9zdmciPjwvc3ZnPg==\" style=\"--smush-placeholder-width: 696px; --smush-placeholder-aspect-ratio: 696\/500;\" \/><\/a><\/figure>\n\n\n\n<figure class=\"wp-block-image size-full\"><a href=\"https:\/\/autolivraria.com.br\/bc\/wp-content\/uploads\/2025\/08\/Golf-VR6-2.jpg\"><img decoding=\"async\" width=\"696\" height=\"500\" data-id=\"152511\" data-src=\"https:\/\/autolivraria.com.br\/bc\/wp-content\/uploads\/2025\/08\/Golf-VR6-2.jpg\" alt=\"\" class=\"wp-image-152511 lazyload\" data-srcset=\"https:\/\/autolivraria.com.br\/bc\/wp-content\/uploads\/2025\/08\/Golf-VR6-2.jpg 696w, https:\/\/autolivraria.com.br\/bc\/wp-content\/uploads\/2025\/08\/Golf-VR6-2-370x266.jpg 370w\" data-sizes=\"(max-width: 696px) 100vw, 696px\" src=\"data:image\/svg+xml;base64,PHN2ZyB3aWR0aD0iMSIgaGVpZ2h0PSIxIiB4bWxucz0iaHR0cDovL3d3dy53My5vcmcvMjAwMC9zdmciPjwvc3ZnPg==\" style=\"--smush-placeholder-width: 696px; --smush-placeholder-aspect-ratio: 696\/500;\" \/><\/a><\/figure>\n<\/figure>\n\n\n\n<p><strong>\u2022 Item 6<br><\/strong>\u2022 2 p\u00e1ginas (21 x 29 cm)<br>\u2022 Com dados t\u00e9cnicos e equipamentos<br>\u2022 \u00d3timo estado<br><strong>\u2022 R$ 199<\/strong><\/p>\n\n\n\n<div style=\"height:40px\" aria-hidden=\"true\" class=\"wp-block-spacer\"><\/div>\n\n\n<a href='https:\/\/autolivraria.com.br\/bc\/auto-livraria\/' class='small-button smallsilver' target=\"_blank\">Mais ofertas da Auto Livraria<\/a>\n\n\n\n<div style=\"height:40px\" aria-hidden=\"true\" class=\"wp-block-spacer\"><\/div>\n\n\n\n<h2 class=\"wp-block-heading\">Quero comprar ou saber mais<\/h2>\n\n\n\n<div class=\"wp-block-contact-form-7-contact-form-selector\">\n<div class=\"wpcf7 no-js\" id=\"wpcf7-f109964-o1\" lang=\"pt-BR\" dir=\"ltr\" data-wpcf7-id=\"109964\">\n<div class=\"screen-reader-response\"><p role=\"status\" aria-live=\"polite\" aria-atomic=\"true\"><\/p> <ul><\/ul><\/div>\n<form action=\"\/bc\/wp-json\/wp\/v2\/posts\/152500#wpcf7-f109964-o1\" method=\"post\" class=\"wpcf7-form init\" aria-label=\"Formul\u00e1rios de contato\" novalidate=\"novalidate\" data-status=\"init\">\n<fieldset class=\"hidden-fields-container\"><input type=\"hidden\" name=\"_wpcf7\" value=\"109964\" \/><input type=\"hidden\" name=\"_wpcf7_version\" value=\"6.1.5\" \/><input type=\"hidden\" name=\"_wpcf7_locale\" value=\"pt_BR\" \/><input type=\"hidden\" name=\"_wpcf7_unit_tag\" value=\"wpcf7-f109964-o1\" \/><input type=\"hidden\" name=\"_wpcf7_container_post\" value=\"0\" \/><input type=\"hidden\" name=\"_wpcf7_posted_data_hash\" value=\"\" \/>\n<\/fieldset>\n<p>Se preferir, contate-nos pelo e-mail <a href=\"mailto:contato@autolivraria.com.br\">contato@autolivraria.com.br<\/a> ou Whatsapp <a href=\"https:\/\/api.whatsapp.com\/send\/?phone=5512997792817\">(12) 9-9779-2817<\/a>.\n<\/p>\n<p>Nome (obrigat\u00f3rio)\n<\/p>\n<p><span class=\"wpcf7-form-control-wrap\" data-name=\"your-name\"><input size=\"40\" maxlength=\"400\" class=\"wpcf7-form-control wpcf7-text wpcf7-validates-as-required\" aria-required=\"true\" aria-invalid=\"false\" value=\"\" type=\"text\" name=\"your-name\" \/><\/span>\n<\/p>\n<p>Cidade (obrigat\u00f3rio)\n<\/p>\n<p><span class=\"wpcf7-form-control-wrap\" data-name=\"cidade\"><input size=\"40\" maxlength=\"400\" class=\"wpcf7-form-control wpcf7-text wpcf7-validates-as-required\" aria-required=\"true\" aria-invalid=\"false\" value=\"\" type=\"text\" name=\"cidade\" \/><\/span>\n<\/p>\n<p>Estado (obrigat\u00f3rio)\n<\/p>\n<p><span class=\"wpcf7-form-control-wrap\" data-name=\"estado\"><select class=\"wpcf7-form-control wpcf7-select wpcf7-validates-as-required\" aria-required=\"true\" aria-invalid=\"false\" name=\"estado\"><option value=\"\">&#8212;Escolha uma op\u00e7\u00e3o&#8212;<\/option><option value=\"AC\">AC<\/option><option value=\"AL\">AL<\/option><option value=\"AM\">AM<\/option><option value=\"AP\">AP<\/option><option value=\"BA\">BA<\/option><option value=\"CE\">CE<\/option><option value=\"DF\">DF<\/option><option value=\"ES\">ES<\/option><option value=\"GO\">GO<\/option><option value=\"MA\">MA<\/option><option value=\"MG\">MG<\/option><option value=\"MS\">MS<\/option><option value=\"MT\">MT<\/option><option value=\"PA\">PA<\/option><option value=\"PB\">PB<\/option><option value=\"PE\">PE<\/option><option value=\"PI\">PI<\/option><option value=\"PR\">PR<\/option><option value=\"RJ\">RJ<\/option><option value=\"RN\">RN<\/option><option value=\"RO\">RO<\/option><option value=\"RR\">RR<\/option><option value=\"RS\">RS<\/option><option value=\"SC\">SC<\/option><option value=\"SE\">SE<\/option><option value=\"SP\">SP<\/option><option value=\"TO\">TO<\/option><\/select><\/span>\n<\/p>\n<p>E-mail (obrigat\u00f3rio)\n<\/p>\n<p><span class=\"wpcf7-form-control-wrap\" data-name=\"your-email\"><input size=\"40\" maxlength=\"400\" class=\"wpcf7-form-control wpcf7-email wpcf7-validates-as-required wpcf7-text wpcf7-validates-as-email\" aria-required=\"true\" aria-invalid=\"false\" value=\"\" type=\"email\" name=\"your-email\" \/><\/span>\n<\/p>\n<p>Whatsapp (com DDD)\n<\/p>\n<p><span class=\"wpcf7-form-control-wrap\" data-name=\"whatsapp\"><input size=\"40\" maxlength=\"400\" class=\"wpcf7-form-control wpcf7-text\" aria-invalid=\"false\" value=\"\" type=\"text\" name=\"whatsapp\" \/><\/span>\n<\/p>\n<p>Em que produtos voc\u00ea tem interesse? (obrigat\u00f3rio)\n<\/p>\n<p><span class=\"wpcf7-form-control-wrap\" data-name=\"your-message\"><textarea cols=\"40\" rows=\"10\" maxlength=\"2000\" class=\"wpcf7-form-control wpcf7-textarea wpcf7-validates-as-required\" aria-required=\"true\" aria-invalid=\"false\" name=\"your-message\"><\/textarea><\/span>\n<\/p>\n<p>CEP do local de entrega.\n<\/p>\n<p><span class=\"wpcf7-form-control-wrap\" data-name=\"cep\"><input size=\"40\" maxlength=\"400\" class=\"wpcf7-form-control wpcf7-text\" aria-invalid=\"false\" value=\"\" type=\"text\" name=\"cep\" \/><\/span>\n<\/p>\n<p>Endere\u00e7o do local de entrega (incluir n\u00famero e apartamento se for o caso).\n<\/p>\n<p><span class=\"wpcf7-form-control-wrap\" data-name=\"endereco\"><input size=\"40\" maxlength=\"400\" class=\"wpcf7-form-control wpcf7-text\" aria-invalid=\"false\" value=\"\" type=\"text\" name=\"endereco\" \/><\/span>\n<\/p>\n<p>Como prefere o envio?\n<\/p>\n<p><span class=\"wpcf7-form-control-wrap\" data-name=\"envio\"><select class=\"wpcf7-form-control wpcf7-select wpcf7-validates-as-required\" aria-required=\"true\" aria-invalid=\"false\" name=\"envio\"><option value=\"\">&#8212;Escolha uma op\u00e7\u00e3o&#8212;<\/option><option value=\"Econ\u00f4mico\">Econ\u00f4mico<\/option><option value=\"PAC (custo intermedi\u00e1rio)\">PAC (custo intermedi\u00e1rio)<\/option><option value=\"Sedex (custo maior)\">Sedex (custo maior)<\/option><option value=\"Quero conhecer as op\u00e7\u00f5es de custo\">Quero conhecer as op\u00e7\u00f5es de custo<\/option><option value=\"Estou apenas pedindo informa\u00e7\u00f5es\">Estou apenas pedindo informa\u00e7\u00f5es<\/option><\/select><\/span>\n<\/p>\n<p>Como prefere pagar?\n<\/p>\n<p><span class=\"wpcf7-form-control-wrap\" data-name=\"pagamento\"><select class=\"wpcf7-form-control wpcf7-select\" aria-invalid=\"false\" name=\"pagamento\"><option value=\"\">&#8212;Escolha uma op\u00e7\u00e3o&#8212;<\/option><option value=\"Dep\u00f3sito ou transfer\u00eancia\">Dep\u00f3sito ou transfer\u00eancia<\/option><option value=\"Pix\">Pix<\/option><option value=\"Boleto\">Boleto<\/option><option value=\"Cart\u00e3o ou boleto via Mercado Pago (tarifa de 10%)\">Cart\u00e3o ou boleto via Mercado Pago (tarifa de 10%)<\/option><option value=\"Estou apenas pedindo informa\u00e7\u00f5es\">Estou apenas pedindo informa\u00e7\u00f5es<\/option><\/select><\/span>\n<\/p>\n<p>Como prefere receber nosso contato? (obrigat\u00f3rio)\n<\/p>\n<p><span class=\"wpcf7-form-control-wrap\" data-name=\"retorno\"><select class=\"wpcf7-form-control wpcf7-select wpcf7-validates-as-required\" aria-required=\"true\" aria-invalid=\"false\" name=\"retorno\"><option value=\"\">&#8212;Escolha uma op\u00e7\u00e3o&#8212;<\/option><option value=\"Por e-mail\">Por e-mail<\/option><option value=\"Por Whatsapp\">Por Whatsapp<\/option><option value=\"Tanto faz\">Tanto faz<\/option><\/select><\/span>\n<\/p>\n<p>Gostaria de receber novidades da Auto Livraria por e-mail?\n<\/p>\n<p><span class=\"wpcf7-form-control-wrap\" data-name=\"boletim_al\"><select class=\"wpcf7-form-control wpcf7-select\" aria-invalid=\"false\" name=\"boletim_al\"><option value=\"\">&#8212;Escolha uma op\u00e7\u00e3o&#8212;<\/option><option value=\"Gostaria\">Gostaria<\/option><option value=\"N\u00e3o, obrigado\">N\u00e3o, obrigado<\/option><option value=\"J\u00e1 recebo\">J\u00e1 recebo<\/option><\/select><\/span>\n<\/p>\n<p><div class=\"cf7-cf-turnstile\" style=\"margin-top: 0px; margin-bottom: -15px;\"> <div id=\"cf-turnstile-cf7-3357858903\" class=\"cf-turnstile\" data-sitekey=\"0x4AAAAAAA1Z3y85HxJh_CgQ\" data-theme=\"light\" data-language=\"pt-br\" data-size=\"normal\" data-retry=\"auto\" data-retry-interval=\"1000\" data-refresh-expired=\"auto\" data-refresh-timeout=\"auto\" data-action=\"contact-form-7\" data-callback=\"turnstileCF7Callback\" data-error-callback=\"cfturnstileErrorCallback\" data-appearance=\"always\"><\/div> <div class=\"cf-turnstile-failed-text cf-turnstile-failed-text-cf7-3357858903\"><\/div> <script> function cfturnstileErrorCallback() { var cfTurnstileFailedText = document.querySelector('.cf-turnstile-failed-text-cf7-3357858903'); cfTurnstileFailedText.innerHTML = '<p><i>A verifica\u00e7\u00e3o de seguran\u00e7a falhou. Se tiver dificuldades, por favor, contate-nos pelo e-mail ou Whatsapp informado acima.<\/i><\/p>'; } function cfturnstileCallback() { var cfTurnstileFailedText = document.querySelector('.cf-turnstile-failed-text-cf7-3357858903'); cfTurnstileFailedText.innerHTML = ''; } <\/script> <script>document.addEventListener(\"DOMContentLoaded\", function() { setTimeout(function(){ var e=document.getElementById(\"cf-turnstile-cf7-3357858903\"); if(e&&!e.innerHTML.trim()){turnstile.render(e, {sitekey:\"0x4AAAAAAA1Z3y85HxJh_CgQ\"});} }, 200); });<\/script> <br class=\"cf-turnstile-br cf-turnstile-br-cf7-3357858903\"> <style>#cf-turnstile-cf7-3357858903 { margin-left: -15px; }<\/style> <script>document.addEventListener(\"DOMContentLoaded\",function(){document.querySelectorAll('.wpcf7-form').forEach(function(e){e.addEventListener('submit',function(){if(document.getElementById('cf-turnstile-cf7-3357858903')){setTimeout(function(){turnstile.reset('#cf-turnstile-cf7-3357858903');},1000)}})})});<\/script> <\/div>\n<\/p>\n<p>Seus dados pessoais n\u00e3o ser\u00e3o cedidos ou vendidos a terceiros com fins comerciais. Esse \u00e9 nosso compromisso. <a href=\"https:\/\/autolivraria.com.br\/bc\/politica-de-privacidade\/\" rel=\"noopener noreferrer\" target=\"_blank\">Conhe\u00e7a nossa pol\u00edtica de privacidade.<\/a>\n<\/p>\n<p><input class=\"wpcf7-form-control wpcf7-submit has-spinner\" type=\"submit\" value=\"Enviar\" \/>\n<\/p><div class=\"wpcf7-response-output\" aria-hidden=\"true\"><\/div>\n<\/form>\n<\/div>\n<\/div>\n\n\n\n<div style=\"height:40px\" aria-hidden=\"true\" class=\"wp-block-spacer\"><\/div>\n","protected":false},"excerpt":{"rendered":"<p>Prospectos originais relembram a s\u00e9rie que introduziu o Golf em nosso mercado &#8211; a partir de R$ 79<\/p>\n","protected":false},"author":6,"featured_media":152513,"comment_status":"closed","ping_status":"closed","sticky":false,"template":"","format":"standard","meta":{"_joinchat":[],"footnotes":""},"categories":[4785],"tags":[4946,156,4831,5334,501,5165,917,1122,60],"class_list":["post-152500","post","type-post","status-publish","format-standard","has-post-thumbnail","hentry","category-al-volkswagen","tag-auto-livraria","tag-carros-do-passado","tag-manuais-e-catalogos","tag-catalogos-volkswagen","tag-golf","tag-golf-gl","tag-golf-gti","tag-golf-vr6","tag-volkswagen"],"amp_enabled":true,"_links":{"self":[{"href":"https:\/\/autolivraria.com.br\/bc\/wp-json\/wp\/v2\/posts\/152500","targetHints":{"allow":["GET"]}}],"collection":[{"href":"https:\/\/autolivraria.com.br\/bc\/wp-json\/wp\/v2\/posts"}],"about":[{"href":"https:\/\/autolivraria.com.br\/bc\/wp-json\/wp\/v2\/types\/post"}],"author":[{"embeddable":true,"href":"https:\/\/autolivraria.com.br\/bc\/wp-json\/wp\/v2\/users\/6"}],"replies":[{"embeddable":true,"href":"https:\/\/autolivraria.com.br\/bc\/wp-json\/wp\/v2\/comments?post=152500"}],"version-history":[{"count":3,"href":"https:\/\/autolivraria.com.br\/bc\/wp-json\/wp\/v2\/posts\/152500\/revisions"}],"predecessor-version":[{"id":152638,"href":"https:\/\/autolivraria.com.br\/bc\/wp-json\/wp\/v2\/posts\/152500\/revisions\/152638"}],"wp:featuredmedia":[{"embeddable":true,"href":"https:\/\/autolivraria.com.br\/bc\/wp-json\/wp\/v2\/media\/152513"}],"wp:attachment":[{"href":"https:\/\/autolivraria.com.br\/bc\/wp-json\/wp\/v2\/media?parent=152500"}],"wp:term":[{"taxonomy":"category","embeddable":true,"href":"https:\/\/autolivraria.com.br\/bc\/wp-json\/wp\/v2\/categories?post=152500"},{"taxonomy":"post_tag","embeddable":true,"href":"https:\/\/autolivraria.com.br\/bc\/wp-json\/wp\/v2\/tags?post=152500"}],"curies":[{"name":"wp","href":"https:\/\/api.w.org\/{rel}","templated":true}]}}