{"id":1631,"date":"2012-07-01T19:20:00","date_gmt":"2012-07-01T22:20:00","guid":{"rendered":"http:\/\/bestcars.uol.com.br\/bc\/?p=1631"},"modified":"2012-12-06T13:59:38","modified_gmt":"2012-12-06T16:59:38","slug":"nissan-avaliacoes-anteriores","status":"publish","type":"post","link":"https:\/\/autolivraria.com.br\/bc\/informe-se\/avaliacao\/nissan-avaliacoes-anteriores\/","title":{"rendered":"Nissan &#8211; avalia\u00e7\u00f5es anteriores"},"content":{"rendered":"<p><a href=\"https:\/\/www.autolivraria.com.br\/testes3\/nissan-frontier-2009-1.htm\"><img fetchpriority=\"high\" decoding=\"async\" class=\"aligncenter size-medium wp-image-1632\" title=\"Frontier\" src=\"https:\/\/autolivraria.com.br\/bc\/wp-content\/uploads\/2012\/05\/Frontier-470x313.jpg\" alt=\"\" width=\"470\" height=\"313\" srcset=\"https:\/\/autolivraria.com.br\/bc\/wp-content\/uploads\/2012\/05\/Frontier-470x313.jpg 470w, https:\/\/autolivraria.com.br\/bc\/wp-content\/uploads\/2012\/05\/Frontier-700x466.jpg 700w, https:\/\/autolivraria.com.br\/bc\/wp-content\/uploads\/2012\/05\/Frontier.jpg 950w\" sizes=\"(max-width: 470px) 100vw, 470px\" \/><\/a><\/p>\n<p><strong>\u00a0<\/strong><\/p>\n<p><strong>2009<\/strong><\/p>\n<p><strong><\/strong><a href=\"https:\/\/www.autolivraria.com.br\/testes3\/nissan-livina-1.htm\"><span style=\"color: #000000;\">Livina tem desempenho e espa\u00e7o, mas fraco acabamento<\/span><\/a><\/p>\n<p><a href=\"https:\/\/www.autolivraria.com.br\/testes3\/nissan-livina-xgear-1.htm\"><span style=\"color: #000000;\">Livina X-Gear: pacote &#8220;aventureiro&#8221; n\u00e3o altera suspens\u00e3o<\/span><\/a><\/p>\n<p><a href=\"https:\/\/www.autolivraria.com.br\/testes3\/nissan-grand-livina-1.htm\"><span style=\"color: #000000;\">Grand Livina: maior conte\u00fado na vers\u00e3o longa da minivan<\/span><\/a><\/p>\n<p><a href=\"https:\/\/www.autolivraria.com.br\/testes3\/nissan-frontier-se-1.htm\"><span style=\"color: #000000;\">Frontier SE: urbanizado, picape agrada pelo conforto de marcha<\/span><\/a><\/p>\n<p><a href=\"https:\/\/www.autolivraria.com.br\/testes3\/nissan-xtrail-1.htm\"><span style=\"color: #000000;\">X-Trail: falta apelo visual, mas utilit\u00e1rio conquista ao volante<\/span><\/a><\/p>\n<p><strong>2008<\/strong><\/p>\n<p><strong><\/strong><a href=\"https:\/\/www.autolivraria.com.br\/testes3\/nissan-frontier-2009-1.htm\"><span style=\"color: #000000;\">Frontier: nacionalizado, traz mais vers\u00f5es e agrada ao volante<\/span><\/a><\/p>\n<p><strong>2007<\/strong><\/p>\n<p><strong><\/strong><a href=\"https:\/\/www.autolivraria.com.br\/testes3\/tiida-1.htm\"><span style=\"color: #000000;\">Tiida: hatch m\u00e9dio chega do M\u00e9xico a pre\u00e7o competitivo<\/span><\/a><\/p>\n<p><a href=\"https:\/\/www.autolivraria.com.br\/testes3\/sentra-1.htm\"><span style=\"color: #000000;\">Sentra: a Nissan ganha f\u00f4lego com um atraente sed\u00e3 mexicano<\/span><\/a><\/p>\n<p><strong>2005<\/strong><\/p>\n<p><strong><\/strong><a href=\"https:\/\/www.autolivraria.com.br\/testes2\/pathfinder-1.htm\"><span style=\"color: #000000;\">Pathfinder: desempenho e conforto na nova gera\u00e7\u00e3o<\/span><\/a><\/p>\n<p><strong>2003<\/strong><\/p>\n<p><strong><\/strong><a href=\"https:\/\/www.autolivraria.com.br\/testes2\/frontier-1.htm\"><span style=\"color: #000000;\">Frontier SE: nissei s\u00f3 n\u00e3o agrada na suspens\u00e3o e n\u00edvel de ru\u00eddo<\/span><\/a><\/p>\n<p><strong>2000<\/strong><\/p>\n<p><strong><\/strong><a href=\"https:\/\/www.autolivraria.com.br\/testes\/max-1.htm\"><span style=\"color: #000000;\">Maxima 30G: sed\u00e3 discreto tem conforto e \u00f3timo desempenho<\/span><\/a><\/p>\n<p><strong>1999<\/strong><\/p>\n<p><strong><\/strong><a href=\"https:\/\/www.autolivraria.com.br\/testes\/pathfinder-1.htm\"><span style=\"color: #000000;\">Pathfinder SE: Nissan retoma o ar parrudo da gera\u00e7\u00e3o passada<\/span><\/a><\/p>\n<p><strong>1998<\/strong><\/p>\n<p><strong><\/strong><span style=\"color: #000000;\"><a href=\"https:\/\/www.autolivraria.com.br\/frontier.htm\"><span style=\"color: #000000;\">Frontier AX: bom no fora-de-estrada, decepciona em conforto<\/span><\/a><\/span><\/p>\n<p>&nbsp;<\/p>\n","protected":false},"excerpt":{"rendered":"<p>\u00a0 2009 Livina tem desempenho e espa\u00e7o, mas fraco acabamento Livina X-Gear: pacote &#8220;aventureiro&#8221; n\u00e3o altera suspens\u00e3o Grand Livina: maior conte\u00fado na vers\u00e3o longa da minivan Frontier SE: urbanizado, picape agrada pelo conforto de marcha X-Trail: falta apelo visual, mas utilit\u00e1rio conquista ao volante 2008 Frontier: nacionalizado, traz mais vers\u00f5es e agrada ao volante 2007<\/p>\n","protected":false},"author":6,"featured_media":1632,"comment_status":"closed","ping_status":"closed","sticky":false,"template":"","format":"standard","meta":{"_joinchat":[],"footnotes":""},"categories":[3,3619],"tags":[80,816,815,814,1107,106,428,813,915,1106],"class_list":["post-1631","post","type-post","status-publish","format-standard","has-post-thumbnail","hentry","category-avaliacao","category-nissan","tag-avaliacao-2","tag-frontier","tag-grand-livina","tag-livina","tag-maxima","tag-nissan","tag-pathfinder","tag-sentra","tag-tiida","tag-x-trail"],"amp_enabled":true,"_links":{"self":[{"href":"https:\/\/autolivraria.com.br\/bc\/wp-json\/wp\/v2\/posts\/1631","targetHints":{"allow":["GET"]}}],"collection":[{"href":"https:\/\/autolivraria.com.br\/bc\/wp-json\/wp\/v2\/posts"}],"about":[{"href":"https:\/\/autolivraria.com.br\/bc\/wp-json\/wp\/v2\/types\/post"}],"author":[{"embeddable":true,"href":"https:\/\/autolivraria.com.br\/bc\/wp-json\/wp\/v2\/users\/6"}],"replies":[{"embeddable":true,"href":"https:\/\/autolivraria.com.br\/bc\/wp-json\/wp\/v2\/comments?post=1631"}],"version-history":[{"count":0,"href":"https:\/\/autolivraria.com.br\/bc\/wp-json\/wp\/v2\/posts\/1631\/revisions"}],"wp:featuredmedia":[{"embeddable":true,"href":"https:\/\/autolivraria.com.br\/bc\/wp-json\/wp\/v2\/media\/1632"}],"wp:attachment":[{"href":"https:\/\/autolivraria.com.br\/bc\/wp-json\/wp\/v2\/media?parent=1631"}],"wp:term":[{"taxonomy":"category","embeddable":true,"href":"https:\/\/autolivraria.com.br\/bc\/wp-json\/wp\/v2\/categories?post=1631"},{"taxonomy":"post_tag","embeddable":true,"href":"https:\/\/autolivraria.com.br\/bc\/wp-json\/wp\/v2\/tags?post=1631"}],"curies":[{"name":"wp","href":"https:\/\/api.w.org\/{rel}","templated":true}]}}