{"id":16373,"date":"2021-04-16T00:03:00","date_gmt":"2021-04-16T03:03:00","guid":{"rendered":"http:\/\/bestcars.uol.com.br\/bc\/?p=16373"},"modified":"2021-04-16T14:12:02","modified_gmt":"2021-04-16T17:12:02","slug":"citroen-c3-segunda-geracao","status":"publish","type":"post","link":"https:\/\/autolivraria.com.br\/bc\/participe\/opinioes-proprietarios\/teste-do-leitor-citroen\/citroen-c3-segunda-geracao\/","title":{"rendered":"Citro\u00ebn C3 (segunda gera\u00e7\u00e3o)"},"content":{"rendered":"<p><img fetchpriority=\"high\" decoding=\"async\" width=\"696\" height=\"464\" class=\"aligncenter size-large wp-image-85795\" src=\"https:\/\/autolivraria.com.br\/bc\/wp-content\/uploads\/2017\/05\/Citroen-C3-06-696x464.jpg\" alt=\"\" srcset=\"https:\/\/autolivraria.com.br\/bc\/wp-content\/uploads\/2017\/05\/Citroen-C3-06-696x464.jpg 696w, https:\/\/autolivraria.com.br\/bc\/wp-content\/uploads\/2017\/05\/Citroen-C3-06-340x227.jpg 340w, https:\/\/autolivraria.com.br\/bc\/wp-content\/uploads\/2017\/05\/Citroen-C3-06-630x420.jpg 630w, https:\/\/autolivraria.com.br\/bc\/wp-content\/uploads\/2017\/05\/Citroen-C3-06-222x148.jpg 222w, https:\/\/autolivraria.com.br\/bc\/wp-content\/uploads\/2017\/05\/Citroen-C3-06.jpg 1280w\" sizes=\"(max-width: 696px) 100vw, 696px\" \/><\/p>\n<p><img decoding=\"async\" class=\"aligncenter size-full wp-image-117191 lazyload\" data-src=\"https:\/\/autolivraria.com.br\/bc\/wp-content\/uploads\/2020\/08\/ponto-branco-2.jpg\" alt=\"\" width=\"2\" height=\"20\" src=\"data:image\/svg+xml;base64,PHN2ZyB3aWR0aD0iMSIgaGVpZ2h0PSIxIiB4bWxucz0iaHR0cDovL3d3dy53My5vcmcvMjAwMC9zdmciPjwvc3ZnPg==\" style=\"--smush-placeholder-width: 2px; --smush-placeholder-aspect-ratio: 2\/20;\" \/><\/p>\n<table border=\"0\">\n<tbody>\n<tr>\n<td><\/td>\n<\/tr>\n<\/tbody>\n<\/table>\n<p><img decoding=\"async\" class=\"aligncenter size-full wp-image-117191 lazyload\" data-src=\"https:\/\/autolivraria.com.br\/bc\/wp-content\/uploads\/2020\/08\/ponto-branco-2.jpg\" alt=\"\" width=\"2\" height=\"20\" src=\"data:image\/svg+xml;base64,PHN2ZyB3aWR0aD0iMSIgaGVpZ2h0PSIxIiB4bWxucz0iaHR0cDovL3d3dy53My5vcmcvMjAwMC9zdmciPjwvc3ZnPg==\" style=\"--smush-placeholder-width: 2px; --smush-placeholder-aspect-ratio: 2\/20;\" \/><\/p>\n<p>[Nome] Wallace ferreira<br \/>\n[Cidade] Aracaju<br \/>\n[Estado] SE<\/p>\n<p>[Modelo] Citroen C3<br \/>\n[Vers\u00e3o] Origine<br \/>\n[Motor] 1.5 flex<br \/>\n[Ano-modelo] 2013<br \/>\n[Quilometragem atual] 100.000 km<br \/>\n[Combust\u00edvel] Flex\u00edvel<br \/>\n[Tempo h\u00e1 que possui] De 1 a 3 anos<\/p>\n<p>[Grau de satisfa\u00e7\u00e3o com o carro] Muito satisfeito(a)<br \/>\n[Grau de satisfa\u00e7\u00e3o com a rede de concession\u00e1rias] Parcialmente satisfeito(a)<\/p>\n<p>[Estilo] 5<br \/>\n[Acabamento] 4<br \/>\n[Posi\u00e7\u00e3o de dirigir] 5<br \/>\n[Instrumentos] 4<br \/>\n[Itens de conveni\u00eancia] 4<br \/>\n[Espa\u00e7o interno] 3<br \/>\n[Capacidade de bagagem] 4<br \/>\n[Motor] 4<br \/>\n[Desempenho] 4<br \/>\n[Consumo] 5<br \/>\n[C\u00e2mbio] 4<br \/>\n[Freios] 4<br \/>\n[Suspens\u00e3o] 4<br \/>\n[Estabilidade] 4<br \/>\n[Seguran\u00e7a passiva] 4<br \/>\n[Custo-benef\u00edcio] 4<\/p>\n<p>[Principais aspectos positivos] Bonito, confort\u00e1vel bem econ\u00f4mico chego a fazer 13L na cidade o acabamento \u00e9 bom os bancos s\u00e3o confort\u00e1veis e combinando com a dire\u00e7\u00e3o el\u00e9trica fica \u00f3timo pra dirigir<\/p>\n<p>[Principais aspectos negativos] Desempenho poderia ser melhor ,poderia pelo menos ter uns 100cv , n\u00e3o tem muito porta treco as pe\u00e7as e m\u00e3o de obra na css muito carro, vc encontra as mesmas marca das pe\u00e7as fora da casa com valor muito melhor a suspens\u00e3o um pouco ruidosa e canbio um pouco impreciso e barulhento mas nada que atrapalhe a boa experi\u00eancia que estou tendo com o carro primeira vez na marca<\/p>\n<p>[Defeitos apresentados] S\u00f3 suspens\u00e3o mas foi revis\u00e3o nada grave<\/p>\n<p>[Concession\u00e1rias] Pe\u00e7as e m\u00e3o de obra muito caras<\/p>\n<p>[Data de publica\u00e7\u00e3o] 16\/4\/21<\/p>\n<p>\u2014<\/p>\n<div class='code-block code-block-3' style='margin: 8px 0; clear: both;'>\n<script async src=\"https:\/\/pagead2.googlesyndication.com\/pagead\/js\/adsbygoogle.js\"><\/script>\n<!-- AL-quadrado -->\n<ins class=\"adsbygoogle\"\n     style=\"display:block\"\n     data-ad-client=\"ca-pub-1914799802606213\"\n     data-ad-slot=\"5683066082\"\n     data-ad-format=\"auto\"\n     data-full-width-responsive=\"true\"><\/ins>\n<script>\n     (adsbygoogle = window.adsbygoogle || []).push({});\n<\/script><\/div>\n\n<p>\u2014<\/p>\n<p>[Nome] Jos\u00e9 Alessandro<br \/>\n[Cidade] S\u00e3o Paulo<br \/>\n[Estado] SP<\/p>\n<p>[Modelo] Citroen C3<br \/>\n[Vers\u00e3o] Start<br \/>\n[Motor] 1.2 12V<br \/>\n[Ano-modelo] 2017<br \/>\n[Quilometragem atual] 80.000 km<br \/>\n[Combust\u00edvel] Gasolina<br \/>\n[Tempo h\u00e1 que possui] De 1 a 3 anos<\/p>\n<p>[Grau de satisfa\u00e7\u00e3o com o carro] Muito satisfeito(a)<br \/>\n[Grau de satisfa\u00e7\u00e3o com a rede de concession\u00e1rias] Insatisfeito(a)<\/p>\n<p>[Estilo] 4<br \/>\n[Acabamento] 4<br \/>\n[Posi\u00e7\u00e3o de dirigir] 5<br \/>\n[Instrumentos] 4<br \/>\n[Itens de conveni\u00eancia] 4<br \/>\n[Espa\u00e7o interno] 5<br \/>\n[Capacidade de bagagem] 4<br \/>\n[Motor] 5<br \/>\n[Desempenho] 4<br \/>\n[Consumo] 5<br \/>\n[C\u00e2mbio] 3<br \/>\n[Freios] 5<br \/>\n[Suspens\u00e3o] 2<br \/>\n[Estabilidade] 4<br \/>\n[Seguran\u00e7a passiva] 4<br \/>\n[Custo-benef\u00edcio] 3<\/p>\n<p>[Principais aspectos positivos] Carro muito econ\u00f4mico, na cidade de S\u00e3o Paulo com tr\u00e2nsito, quando abastecido com \u00e1lcool faz uma m\u00e9dia de 8 ou 9 km\/l. Nas rodovias com \u00e1lcool faz 15 km\/l em uma velocidade m\u00e9dia de 100 km\/h.<\/p>\n<p>[Principais aspectos negativos] Suspens\u00e3o dianteira muito barulhenta. C\u00e2mbio manual com engates imprecisos e muito barulhento.<\/p>\n<p>[Defeitos apresentados] Coxim do motor n\u00e3o aguentou a vibra\u00e7\u00e3o excessiva.<\/p>\n<p>[Concession\u00e1rias] M\u00e3o de obra e pe\u00e7as com valor muito alto. Os valores das mesmas pe\u00e7as e mesma marca s\u00e3o 3 vezes mais barato fora das concession\u00e1rias.<\/p>\n<p>[Coment\u00e1rios adicionais] O boa evolu\u00e7\u00e3o da equipe de engenharia e desenvolvimento que criou um motor muito eficiente. O motor dispon\u00edvel no Brasil j\u00e1 tem outra vers\u00e3o mais evolu\u00edda na Europa, que torna o carro mais econ\u00f4mico ainda, com ado\u00e7\u00e3o de uma turbina e um c\u00e2mbio autom\u00e1tico bem moderno.<\/p>\n<p>[Best Cars] O melhor conte\u00fado do universo automobil\u00edstico est\u00e1 presente no BCWS, acompanho o trabalho de toda a equipe a bastante tempo, aproveito a oportunidade para parabenizar toda a equipe do BCWS.<\/p>\n<p>[Data de publica\u00e7\u00e3o] 30\/4\/20<\/p>\n<p>\u2014<\/p>\n<div class='code-block code-block-7' style='margin: 28px auto; text-align: center; display: block; clear: both;'>\n<script async src=\"https:\/\/pagead2.googlesyndication.com\/pagead\/js\/adsbygoogle.js\"><\/script>\n<!-- AL-quadrado -->\n<ins class=\"adsbygoogle\"\n     style=\"display:block\"\n     data-ad-client=\"ca-pub-1914799802606213\"\n     data-ad-slot=\"5683066082\"\n     data-ad-format=\"auto\"\n     data-full-width-responsive=\"true\"><\/ins>\n<script>\n     (adsbygoogle = window.adsbygoogle || []).push({});\n<\/script><\/div>\n\n<p>[Nome] Ana Maria dos santos<br \/>\n[Cidade] fortaleza<br \/>\n[Estado] CE<\/p>\n<p>[Vers\u00e3o] Attraction<br \/>\n[Motor] 1.6<br \/>\n[Ano-modelo] 2019<br \/>\n[Quilometragem atual] 5.000 km<br \/>\n[Combust\u00edvel] Flex\u00edvel<br \/>\n[Tempo h\u00e1 que possui] Mais de 5 anos<\/p>\n<p>[Grau de satisfa\u00e7\u00e3o com o carro] Parcialmente satisfeito(a)<br \/>\n[Grau de satisfa\u00e7\u00e3o com a rede de concession\u00e1rias] Parcialmente satisfeito(a)<\/p>\n<p>[Estilo] 5<br \/>\n[Acabamento] 3<br \/>\n[Posi\u00e7\u00e3o de dirigir] 5<br \/>\n[Instrumentos] 3<br \/>\n[Itens de conveni\u00eancia] 3<br \/>\n[Espa\u00e7o interno] 5<br \/>\n[Capacidade de bagagem] 5<br \/>\n[Motor] 4<br \/>\n[Desempenho] 3<br \/>\n[Consumo] 4<br \/>\n[C\u00e2mbio] 4<br \/>\n[Freios] 4<br \/>\n[Suspens\u00e3o] 4<br \/>\n[Estabilidade] 4<br \/>\n[Seguran\u00e7a passiva] 4<br \/>\n[Custo-benef\u00edcio] 3<\/p>\n<p>[Principais aspectos positivos] um carro autom\u00e1tico e com um bom espa\u00e7o.<\/p>\n<p>[Principais aspectos negativos] j\u00e1 tive um c3 anteriormente a esse modelo em 2012 zero comprado na mesma loja, sendo que esse modelo agora podendo ter vindo melhor ainda do que o primeiro, eles tiraram itens b\u00e1sico do modelo anterior e agora me cobraram para adquirir no modelo atual de 2019, exemplo os frisos do meu carro antigo de 2012 tinha j\u00e1 vinha no carro esse agora modelo 2019 n\u00e3o veio eu tenho que pagar um absurdo para poder ter nesse meu novo modelo, outra coisa foi o a al\u00e7a que \u00e9 presa no teto do carro o meu novo carro tamb\u00e9m n\u00e3o veio, e o terceiro item foi a prote\u00e7\u00e3o do espelho do quebra sol o mesmo n\u00e3o veio, quando eu baixo o quebra sol dou de cara com o espelho sem necessidade.<\/p>\n<p>[Defeitos apresentados] N\u00c3O.<\/p>\n<p>[Best Cars] um \u00f3timo site para se saber mais de outros modelos de carro e opini\u00f5es de outros clientes, est\u00e3o de parab\u00e9ns.<\/p>\n<p>[Data de publica\u00e7\u00e3o] 30\/11\/18<\/p>\n<p>\u2014<\/p>\n<div class='code-block code-block-3' style='margin: 8px 0; clear: both;'>\n<script async src=\"https:\/\/pagead2.googlesyndication.com\/pagead\/js\/adsbygoogle.js\"><\/script>\n<!-- AL-quadrado -->\n<ins class=\"adsbygoogle\"\n     style=\"display:block\"\n     data-ad-client=\"ca-pub-1914799802606213\"\n     data-ad-slot=\"5683066082\"\n     data-ad-format=\"auto\"\n     data-full-width-responsive=\"true\"><\/ins>\n<script>\n     (adsbygoogle = window.adsbygoogle || []).push({});\n<\/script><\/div>\n\n<p>[Nome] William D Abadia Cardoso<br \/>\n[Cidade] Formosa<br \/>\n[Estado] GO<\/p>\n<p>[Vers\u00e3o] EXCLUSIVE<br \/>\n[Motor] 1.6 16V<br \/>\n[Ano-modelo] 2013<br \/>\n[Quilometragem atual] 10.000 km<br \/>\n[Combust\u00edvel] Flex\u00edvel<br \/>\n[Tempo h\u00e1 que possui] At\u00e9 1 ano<\/p>\n<p>[Grau de satisfa\u00e7\u00e3o com o carro] Muito satisfeito(a)<br \/>\n[Grau de satisfa\u00e7\u00e3o com a rede de concession\u00e1rias] Parcialmente satisfeito(a)<\/p>\n<p>[Estilo] 5<br \/>\n[Acabamento] 5<br \/>\n[Posi\u00e7\u00e3o de dirigir] 5<br \/>\n[Instrumentos] 5<br \/>\n[Itens de conveni\u00eancia] 4<br \/>\n[Espa\u00e7o interno] 3<br \/>\n[Capacidade de bagagem] 3<br \/>\n[Motor] 4<br \/>\n[Desempenho] 5<br \/>\n[Consumo] 5<br \/>\n[C\u00e2mbio] 4<br \/>\n[Freios] 3<br \/>\n[Suspens\u00e3o] 4<br \/>\n[Estabilidade] 5<br \/>\n[Seguran\u00e7a passiva] 4<br \/>\n[Custo-benef\u00edcio] 4<\/p>\n<p>[Principais aspectos positivos] Completando 10.000 km ap\u00f3s comprado usado j\u00e1 com seus 50 mil, tenho a revelar: Por se tratar da vers\u00e3o exclusive, mais todos os opcionais (4 airbags + couro + WipNav (GPS) + tela), o n\u00edvel de equipamentos est\u00e1 de bom tamanho para o porte do carro.<br \/>\nDiferenciais: Para-brisa Zenith com degrad\u00ea e uma pel\u00edcula t\u00e9rmica (adquirida por fora) \u00e9 simplesmente espetacular; carroceria com desenho moderno e conjunto \u00f3tico elegante, com presen\u00e7a de DRL; painel de instrumentos agrad\u00e1vel; bom desempenho com motor 1.6 16V; boa estabilidade considerando a altura do carro, cal\u00e7ado com perfil 195\/55, que ajuda nesse quesito; 4 Airbags; Dire\u00e7\u00e3o el\u00e9trica bem calibrada, com volante de base chata que ajuda o entrar e sair do ve\u00edculo; Bom consumo em percurso rodovi\u00e1rio (maioria para mim); Suspens\u00e3o transmite bastante conforto, considerando o perfil baixo de pneu e a buraqueira que ando; Porta luvas refrigerado e gigante. Sistema de som de boa qualidade e pot\u00eancia; Bom isolamento ac\u00fastico da cabine, poderia ser melhor, mas como o cofre do motor \u00e9 pequeno, e com posi\u00e7\u00e3o bem pr\u00f3xima a cabine fica dif\u00edcil exigir mais do que isso.<\/p>\n<p>[Principais aspectos negativos] Espa\u00e7o interno. \u00c9 um carro agrad\u00e1vel para 2 pessoas e ponto. Atr\u00e1s n\u00e3o leva maiores que 1.80 nem com ajuste do banco da frente. Quatro pessoas pequenas \u00e9 o m\u00e1ximo. Em seguran\u00e7a passiva merecia um ESP. Freios dianteiros mesmo sendo ventilados, a vers\u00e3o 1.6 merecia discos maiores, a capacidade de frenagem \u00e9 bem inferior frente a de modelo que usa motor similar (308 1.6). C\u00e2mbio poderia ser mais agrad\u00e1vel para quem faz uso em cidade. Os engates s\u00e3o longos e exigem boa precis\u00e3o, que no dia a dia da cidade pesa.<br \/>\nPorta objetos, mais sempre \u00e9 melhor. Mas considerando o tamanho diminuto do carro, d\u00e1 para conviver.<br \/>\nFar\u00f3is altos: Desisti de procurar uma regulagem que fa\u00e7a bom uso dos far\u00f3is altos sem sacrificar a dist\u00e2ncia vis\u00edvel quando somente com os baixos. Pneus que vieram de f\u00e1brica; Cinturato P7, simplesmente de uso impratic\u00e1vel na buraqueira que ando, o pneu tem bom desempenho em chuva, boa ader\u00eancia em seco, bom n\u00edvel de ru\u00eddo, mas conforto \u00e9 pr\u00f3ximo de zero, andando com calibra\u00e7\u00e3o N\u00c3O recomendada de 28 D ~ 24 T, ainda \u00e9 sofr\u00edvel, vou trocar em breve e tacar fogo nesses pneus.<\/p>\n<p>[Defeitos apresentados] Fora os in\u00fameros RECALLs divulgado ao longo dos anos&#8230; Freios, linha de combust\u00edvel, buchas dianteiras, correia dentada (somente 1.6 16v), grilos e mais grilos internos. As borrachas de veda\u00e7\u00e3o das portas s\u00e3o muito finas e rasgam com imensa facilidade. Nem adianta ser cuidadoso, elas v\u00e3o rasgar. Retrovisor passageiro n\u00e3o regula por comando mais.<\/p>\n<p>[Concession\u00e1rias] Tanto faz Peugeot ou Citroen, mesmo ap\u00f3s a unifica\u00e7\u00e3o de in\u00fameras concession\u00e1rias, ainda existe aquela sensa\u00e7\u00e3o de muito funcion\u00e1rio e pouca solu\u00e7\u00e3o para seu problema. Um problema j\u00e1 antigo \u00e9 a demora na solicita\u00e7\u00e3o e entrega de pe\u00e7as,15 dias ainda \u00e9 o m\u00ednimo, o que \u00e9 um absurdo. N\u00e3o sei qual \u00e9 a dificuldade de um CSS ter um estoque de pe\u00e7as decente. J\u00e1 s\u00e3o poucas CSS considerando o volume de vendas, e sem estoque de pe\u00e7as chega a ser ca\u00f3tico. Muitas vezes itens de manuten\u00e7\u00e3o b\u00e1sica, como filtros e correias, ficam em falta na CSS.<\/p>\n<p>[Coment\u00e1rios adicionais] Para quem veio de 308 e j\u00e1 tem o know how de onde buscar pe\u00e7as e servi\u00e7os para franceses a conviv\u00eancia \u00e9 tranquila. Carro entrega muito por um pre\u00e7o (desde que usado) excelente.<br \/>\nConsegui atualizar MAPAS e RADARES com bastante facilidade em breve procura pela WEB. Mec\u00e2nica e pe\u00e7as compartilhadas com outros modelos antigos, tamb\u00e9m \u00e9 de grande valia e d\u00e1 um pouco mais de tranquilidade ao tentar levar um veiculo desses h\u00e1 al\u00e9m do seus 10 anos de uso.<\/p>\n<p>[Best Cars] Dispensa coment\u00e1rios, sempre que procuro adquirir algum modelo de ve\u00edculo, a visita a essa se\u00e7\u00e3o \u00e9 exigida! Excelente!<\/p>\n<p>[Data de publica\u00e7\u00e3o] 10\/3\/17<\/p>\n<p>\u2014<\/p>\n<div class='code-block code-block-3' style='margin: 8px 0; clear: both;'>\n<script async src=\"https:\/\/pagead2.googlesyndication.com\/pagead\/js\/adsbygoogle.js\"><\/script>\n<!-- AL-quadrado -->\n<ins class=\"adsbygoogle\"\n     style=\"display:block\"\n     data-ad-client=\"ca-pub-1914799802606213\"\n     data-ad-slot=\"5683066082\"\n     data-ad-format=\"auto\"\n     data-full-width-responsive=\"true\"><\/ins>\n<script>\n     (adsbygoogle = window.adsbygoogle || []).push({});\n<\/script><\/div>\n\n\n<p>[Nome] Lisana Tieppo<br \/>\n[Cidade] Santa Cruz Do Sul<br \/>\n[Estado] RS<\/p>\n<p>[Vers\u00e3o] Tendence<br \/>\n[Motor] 1.5<br \/>\n[Ano-modelo] 2014<br \/>\n[Quilometragem atual] 30.000 km<br \/>\n[Combust\u00edvel] Flex\u00edvel<br \/>\n[Tempo h\u00e1 que possui] De 1 a 3 anos<\/p>\n<p>[Grau de satisfa\u00e7\u00e3o com o carro] Muito satisfeito(a)<br \/>\n[Grau de satisfa\u00e7\u00e3o com a rede de concession\u00e1rias] Muito satisfeito(a)<\/p>\n<p>[Estilo] 5<br \/>\n[Acabamento] 4<br \/>\n[Posi\u00e7\u00e3o de dirigir] 4<br \/>\n[Instrumentos] 4<br \/>\n[Itens de conveni\u00eancia] 3<br \/>\n[Espa\u00e7o interno] 4<br \/>\n[Capacidade de bagagem] 3<br \/>\n[Motor] 4<br \/>\n[Desempenho] 4<br \/>\n[Consumo] 5<br \/>\n[C\u00e2mbio] 4<br \/>\n[Freios] 5<br \/>\n[Suspens\u00e3o] 5<br \/>\n[Estabilidade] 4<br \/>\n[Seguran\u00e7a passiva] 4<br \/>\n[Custo-benef\u00edcio] 4<\/p>\n<p>[Principais aspectos positivos] Designe moderno, \u00f3timo acabamento interno, porta luvas refrigerado, suspens\u00e3o muito boa e o melhor, consumo de 1.0, na cidade, com pouco tr\u00e2nsito, chego a fazer mais 11km\/l, na estrada, andando entre 90 a 100 km\/h faz 18km\/l, no pre\u00e7o que est\u00e1 o combust\u00edvel, faz diferen\u00e7a na hora de abastecer.<\/p>\n<p>[Principais aspectos negativos] Rangido interno na porta e no forro do teto, resolvido na primeira revis\u00e3o.<\/p>\n<p>[Defeitos apresentados] Retrovisor do carona deixou de funcionar, arrumado na garantia e troca da bandeja de suspens\u00e3o, recall.<\/p>\n<p>[Concession\u00e1rias] Sempre fui bem recebido, nada a se queixar.<\/p>\n<p>[Coment\u00e1rios adicionais] Comprei o carro em agosto de 2014, no inicio era meio &#8220;amarrado&#8221; mas agora com 30.000 km est\u00e1 com o motor &#8220;solto&#8221;, puxa bem e \u00e9 muito econ\u00f4mico, excelente carro para o dia-a-dia, o som apesar de simples tem uma qualidade muito boa, n\u00e3o destorce, faltam porta trecos, o c\u00e2mbio um pouco \u00e1spero, at\u00e9 o momento s\u00f3 tenho alegrias com o carro.<\/p>\n<p>[Best Cars] Muito bom para quem quer saber opini\u00f5es sobre ve\u00edculos, sempre olhei antes de trocar de carro.<\/p>\n<p>[Data de publica\u00e7\u00e3o] 15\/7\/16<\/p>\n<p>\u2014<\/p>\n<p>[Nome] Felipe Scardua Binda<br \/>\n[Cidade] Vit\u00f3ria<br \/>\n[Estado] ES<\/p>\n<p>[Vers\u00e3o] Tendance<br \/>\n[Motor] 1.5<br \/>\n[Ano-modelo] 2014<br \/>\n[Quilometragem atual] 20.000 km<br \/>\n[Combust\u00edvel] Flex\u00edvel<br \/>\n[Tempo h\u00e1 que possui] De 1 a 3 anos<\/p>\n<p>[Grau de satisfa\u00e7\u00e3o com o carro] Muito satisfeito(a)<br \/>\n[Grau de satisfa\u00e7\u00e3o com a rede de concession\u00e1rias] Muito satisfeito(a)<\/p>\n<p>[Estilo] 5<br \/>\n[Acabamento]<br \/>\n[Posi\u00e7\u00e3o de dirigir] 5<br \/>\n[Instrumentos] 4<br \/>\n[Itens de conveni\u00eancia] 3<br \/>\n[Espa\u00e7o interno]<br \/>\n[Capacidade de bagagem] 4<br \/>\n[Motor]<br \/>\n[Desempenho] 3<br \/>\n[Consumo] 4<br \/>\n[C\u00e2mbio] 3<br \/>\n[Freios]<br \/>\n[Suspens\u00e3o] 4<br \/>\n[Estabilidade] 3<br \/>\n[Seguran\u00e7a passiva] 3<br \/>\n[Custo-benef\u00edcio] 4<\/p>\n<p>[Principais aspectos positivos] O carro possui um design atraente e passa a impress\u00e3o de refinamento, principalmente devido o para-brise Zenith e luzes de led diurnas. A dire\u00e7\u00e3o el\u00e9trica \u00e9 super confort\u00e1vel e a posi\u00e7\u00e3o de dirigir mais alta, aliados ao amplo para-brisa, conferem uma sensa\u00e7\u00e3o prazerosa de dirigir. Possuem pl\u00e1sticos internos bem montados e de toque agrad\u00e1vel, apesar da aus\u00eancia de materiais emborrachados.<\/p>\n<p>[Principais aspectos negativos] Faltam alguns itens de comodidade, tais como: abertura interna do tanque de combust\u00edvel, melhor ilumina\u00e7\u00e3o interna, falta de espelhos nos dois para-sol, vidros tipo um toque. A cobertura pl\u00e1stica do para-brisa Zenith apresenta rangidos que incomodam devido ao uso de material r\u00edgido em contato com o vidro, o que seria facilmente solucionado com materiais emborrachados, assim como as colunas das portas dianteiras, que causam barulho devido o contato do cinto de seguran\u00e7a com a pe\u00e7a quando se trafega com os vidros abertos. A montagem da carroceira poderia ser mais cuidadosa, j\u00e1 que apresentam v\u00e3os desalinhados e com espessuras diferentes. A ado\u00e7\u00e3o de uma central multim\u00eddia e sensores de estacionamento j\u00e1 foram adotados na linha 2017, mas no meu carro fazem falta.<\/p>\n<p>[Defeitos apresentados] At\u00e9 o omento o carro n\u00e3o apresentou nenhum problema.<\/p>\n<p>[Concession\u00e1rias] Atualmente h\u00e1 apenas uma concession\u00e1ria Citroen em todo o ES, mas desde o in\u00edcio utilizo esta concession\u00e1ria e estou satisfeito com os servi\u00e7os prestados pela mesma. O atendimento \u00e9 r\u00e1pido e n\u00e3o se utilizam de expedientes para empurrar servi\u00e7os desnecess\u00e1rios. O valor cobrado pela revis\u00e3o s\u00e3o os mesmos previstos no site da marca<\/p>\n<p>[Coment\u00e1rios adicionais] \u00c9 um carro que oferece conforto aos seus passageiros e ao motorista. Poderia ter um motor mais potente, com maior torque em baixas rota\u00e7\u00f5es, por\u00e9m o mesmo apresenta bom consumo de combust\u00edvel, al\u00e9m de usar materiais emborrachados no acabamento interno.<\/p>\n<p>[Best Cars] Este \u00e9 um importante espa\u00e7o para os leitores do Best Cars, pois a opini\u00e3o dos propriet\u00e1rios dos ve\u00edculos ajudam na avalia\u00e7\u00e3o e escolha de um autom\u00f3vel.<\/p>\n<p>[Data de publica\u00e7\u00e3o] 3\/6\/16<\/p>\n<p>\u2014<\/p>\n<p>[Nome] Flavio<br \/>\n[Cidade] S\u00e3o Paulo<br \/>\n[Estado] SP<\/p>\n<p>[Vers\u00e3o] Attraction<br \/>\n[Motor] 1.5<br \/>\n[Ano-modelo] 2015<br \/>\n[Quilometragem atual] 15.000 km<br \/>\n[Combust\u00edvel] Flex\u00edvel<br \/>\n[Tempo h\u00e1 que possui] At\u00e9 1 ano<\/p>\n<p>[Grau de satisfa\u00e7\u00e3o com o carro] Muito satisfeito(a)<br \/>\n[Grau de satisfa\u00e7\u00e3o com a rede de concession\u00e1rias] Muito satisfeito(a)<\/p>\n<p>[Estilo] 5<br \/>\n[Acabamento] 4<br \/>\n[Posi\u00e7\u00e3o de dirigir] 5<br \/>\n[Instrumentos] 3<br \/>\n[Itens de conveni\u00eancia] 3<br \/>\n[Espa\u00e7o interno] 5<br \/>\n[Capacidade de bagagem] 5<br \/>\n[Motor] 4<br \/>\n[Desempenho] 4<br \/>\n[Consumo] 4<br \/>\n[C\u00e2mbio] 5<br \/>\n[Freios] 5<br \/>\n[Suspens\u00e3o] 5<br \/>\n[Estabilidade] 5<br \/>\n[Seguran\u00e7a passiva] 3<br \/>\n[Custo-benef\u00edcio] 5<\/p>\n<p>[Principais aspectos positivos] O carro \u00e9 extremamente silencioso tanto em n\u00edvel de ru\u00eddo de acabamento quanto em aerodin\u00e2mico. A suspens\u00e3o \u00e9 silenciosa e muito bem calibrada &#8211; nem r\u00edgida nem macia demais. \u00d3timo conforto. O c\u00e2mbio (mec\u00e2nico) melhorou em rela\u00e7\u00e3o as primeiras unidades, est\u00e1 mais silencioso e ligeiramente mais preciso.<\/p>\n<p>[Principais aspectos negativos] O acabamento poderia ser melhor. Ainda que os materiais sejam bons, existem algumas rebarbas nas pe\u00e7as pl\u00e1sticas. Merecia tamb\u00e9m um material melhor no forro do teto, assim como o carpete do porta-malas (muito curto).<\/p>\n<p>[Defeitos apresentados] Troca das molas dianteiras em garantia (rangiam ao passar por lombadas).<\/p>\n<p>[Concession\u00e1rias] N\u00e3o tenho nada a reclamar. J\u00e1 tive um C3 da gera\u00e7\u00e3o passada entre 2008 e 2009 e utilizo a mesma concession\u00e1ria.<\/p>\n<p>[Coment\u00e1rios adicionais] Um \u00f3timo carro, mas infelizmente existe muito preconceito com os ve\u00edculos da PSA.<\/p>\n<p>[Best Cars] Muito \u00fatil!<\/p>\n<p>[Data de publica\u00e7\u00e3o] 11\/3\/16<\/p>\n<p>\u2014<\/p>\n<p>[Nome] Iara Lima<br \/>\n[Cidade] Campo Grande<br \/>\n[Estado] MS<\/p>\n<p>[Vers\u00e3o] Tendance autom\u00e1tico<br \/>\n[Motor] 1.6, 16V<br \/>\n[Ano-modelo] 2015<br \/>\n[Quilometragem atual] 10.000 km<br \/>\n[Combust\u00edvel] Gasolina<br \/>\n[Tempo h\u00e1 que possui] At\u00e9 1 ano<\/p>\n<p>[Grau de satisfa\u00e7\u00e3o com o carro] Parcialmente satisfeito(a)<br \/>\n[Grau de satisfa\u00e7\u00e3o com a rede de concession\u00e1rias] Parcialmente satisfeito(a)<\/p>\n<p>[Estilo] 4<br \/>\n[Acabamento] 2<br \/>\n[Posi\u00e7\u00e3o de dirigir] 4<br \/>\n[Instrumentos] 3<br \/>\n[Itens de conveni\u00eancia] 3<br \/>\n[Espa\u00e7o interno] 4<br \/>\n[Capacidade de bagagem] 4<br \/>\n[Motor] 4<br \/>\n[Desempenho] 4<br \/>\n[Consumo] 3<br \/>\n[C\u00e2mbio] 1<br \/>\n[Freios] 4<br \/>\n[Suspens\u00e3o] 5<br \/>\n[Estabilidade] 4<br \/>\n[Seguran\u00e7a passiva] 3<br \/>\n[Custo-benef\u00edcio] 3<\/p>\n<p>[Principais aspectos positivos] Carro com estilo bem atual, ponto positivo para as luzes diurnas de led (tem carro mais caro que n\u00e3o possui..), e o moderno para-brisa zenith faz toda a diferen\u00e7a, parece que se est\u00e1 em um carro de categoria superior, acho que para compensar toda essa ilumina\u00e7\u00e3o, o ar condicionado faz nevar dentro do carro, rsrs, bem como dentro do porta-luvas, onde \u00e9 poss\u00edvel com o giro de um bot\u00e3o interno manter a refrigera\u00e7\u00e3o, ele tamb\u00e9m tem ilumina\u00e7\u00e3o pr\u00f3pria. Posi\u00e7\u00e3o de dirigir elevada privilegiando a vis\u00e3o e o motor responde bem quando exigido, acertada a decis\u00e3o da Citr\u00f6en pelas borboletas de troca de marcha manual, auxiliam o sofrido c\u00e2mbio. Quanto \u00e0 dire\u00e7\u00e3o el\u00e9trica, bem, ela deixa as manobras at\u00e9 divertidas e em parceria com a suspens\u00e3o bem ajustada formam um bom conjunto para enfrentar as nossas ruas.<\/p>\n<p>[Principais aspectos negativos] Gritante no carro \u00e9 o c\u00e2mbio ultrapassado (4 marchas), j\u00e1 nem utilizo o autom\u00e1tico (diversas vezes me deparei com o carro pulando porque n\u00e3o conseguia decidir qual marcha engatar), por conta disso o consumo n\u00e3o passa de 8 Km\/l andando suavemente na cidade, s\u00f3 utilizo as borboletas que pelo menos ainda posso ter algum controle da marcha a seguir. O acabamento me lembra pl\u00e1stico reciclado e deixa muito a desejar em um carro que diz ser &#8220;compacto premium&#8221;, faltam porta-trecos por todo o interior (existe uma abertura embaixo do som que ainda n\u00e3o consegui entender a finalidade, espero que n\u00e3o seja derrubar insistentemente qualquer objeto que se queira guardar ali). Senti falta de um sensor de estacionamento, tive que instalar um tabajara na css mesmo, por\u00e9m, ele nunca funcionou corretamente, chegou ao c\u00famulo de avisar depois que encostei no carro de tr\u00e1s. De todos esses aspectos negativos, o pior mesmo, fica por conta da revenda do carro, ao avaliar o meu que comprei h\u00e1 pouco mais de 10 meses e pelo qual paguei 55K queriam me pagar por ele (com apenas 8.000km) m\u00edseros 35K, tive vontade de jogar o carro da ponte.<\/p>\n<p>[Defeitos apresentados] Sensor de estacionamento. resolvido<\/p>\n<p>[Concession\u00e1rias] Bom atendimento.<\/p>\n<p>[Coment\u00e1rios adicionais] Estou vendendo e n\u00e3o compro mais nada da marca.<\/p>\n<p>[Best Cars] Bom ve\u00edculo de informa\u00e7\u00e3o. Pretendo consultar sempre.<\/p>\n<p>[Data de publica\u00e7\u00e3o] 2\/2\/16<\/p>\n<p>\u2014<\/p>\n<p>[Nome] Jackson Mazini<br \/>\n[Cidade] Jundia\u00ed SP<br \/>\n[Estado] SP<\/p>\n<p>[Vers\u00e3o] Tendance<br \/>\n[Motor] 1.5<br \/>\n[Ano-modelo] 2014<br \/>\n[Quilometragem atual] 40.000 km<br \/>\n[Combust\u00edvel] Flex\u00edvel<br \/>\n[Tempo h\u00e1 que possui] De 1 a 3 anos<\/p>\n<p>[Grau de satisfa\u00e7\u00e3o com o carro] Insatisfeito(a)<br \/>\n[Grau de satisfa\u00e7\u00e3o com a rede de concession\u00e1rias] Parcialmente satisfeito(a)<\/p>\n<p>[Estilo] 2<br \/>\n[Acabamento] 4<br \/>\n[Posi\u00e7\u00e3o de dirigir] 2<br \/>\n[Instrumentos] 3<br \/>\n[Itens de conveni\u00eancia] 2<br \/>\n[Espa\u00e7o interno] 4<br \/>\n[Capacidade de bagagem] 3<br \/>\n[Motor] Selecione<br \/>\n[Desempenho] 3<br \/>\n[Consumo] 4<br \/>\n[C\u00e2mbio] 5<br \/>\n[Freios] 3<br \/>\n[Suspens\u00e3o] 4<br \/>\n[Estabilidade] 4<br \/>\n[Seguran\u00e7a passiva] 4<br \/>\n[Custo-benef\u00edcio] 3<\/p>\n<p>[Principais aspectos positivos] Pontos positivos: para brisas zenith (canse de ouvir uaaau dos meus amigos quando comprei, rs), dire\u00e7\u00e3o el\u00e9trica, uma moleza, som original do veiculo muito bom, rodas lindas e atraentes.<\/p>\n<p>[Principais aspectos negativos] Sinceramente esperava mais da citroen. Depois que comprei o meu carro, fui comparar com modelos anteriores do c3 de alguns amigos. Percebi que a inten\u00e7\u00e3o da montadora com este modelo \u00e9 um carro de combate. Verifiquei que no meu o acabamento \u00e9 bem inferior considerando o pre\u00e7o que paguei nele.<\/p>\n<p>[Defeitos apresentados] Meu carro como acho que a maioria que conversei que tem igual, apresenta bastante barulho no para-brisa zenith, e incomoda bastante. Outra quest\u00e3o \u00e9 a alavanca de cambio, a concessionaria ja trocou 2 vezes por as marchas rasparem muito, as vezes ela voltava ao ponto neutro sozinha. Outro defeito \u00e9 a embreagem, a minha com 30mil quil\u00f4metros come\u00e7ou a ficar dura e baixa. A concessionaria alega que \u00e9 desgaste, mas isso \u00e9 um absurdo.<\/p>\n<p>[Concession\u00e1rias] Pre\u00e7o fixo na revis\u00e3o \u00e9 muito bom, porem nao senti muita vontade em resolver meu problema.<\/p>\n<p>[Coment\u00e1rios adicionais] Nunca compraria este carro hoje, decepcionado com a Citroen e o meu carro. Se pudesse, trocava logo o mais r\u00e1pido poss\u00edvel para nao ter mais dor de cabe\u00e7a, apesar da garantia de 3 anos.<\/p>\n<p>[Best Cars] Parabens por este espa\u00e7o.<\/p>\n<p>[Data de publica\u00e7\u00e3o] 23\/10\/15<\/p>\n<p>\u2014<\/p>\n<p>[Nome] Felipe Scardua Binda<\/p>\n<p>[Cidade] Vit\u00f3ria<br \/>\n[Estado] ES<\/p>\n<p>[Vers\u00e3o] Tendance<br \/>\n[Motor] 1.5<br \/>\n[Ano-modelo] 2014<br \/>\n[Quilometragem atual] 15.000 km<br \/>\n[Combust\u00edvel] Flex\u00edvel<br \/>\n[Tempo h\u00e1 que possui] De 1 a 3 anos<\/p>\n<p>[Grau de satisfa\u00e7\u00e3o com o carro] Muito satisfeito(a)<br \/>\n[Grau de satisfa\u00e7\u00e3o com a rede de concession\u00e1rias] Muito satisfeito(a)<\/p>\n<p>[Estilo] 5<br \/>\n[Acabamento] 3<br \/>\n[Posi\u00e7\u00e3o de dirigir] 5<br \/>\n[Instrumentos] 4<br \/>\n[Itens de conveni\u00eancia] 3<br \/>\n[Espa\u00e7o interno] 4<br \/>\n[Capacidade de bagagem] 4<br \/>\n[Motor] 3<br \/>\n[Desempenho] 3<br \/>\n[Consumo] 4<br \/>\n[C\u00e2mbio] 4<br \/>\n[Freios] 4<br \/>\n[Suspens\u00e3o] Selecione<br \/>\n[Estabilidade] 4<br \/>\n[Seguran\u00e7a passiva] 3<br \/>\n[Custo-benef\u00edcio] 5<\/p>\n<p>[Principais aspectos positivos] Destaques positivos do ve\u00edculo nesta vers\u00e3o: para-brisa panor\u00e2mico Zenith; estilo externo; conforto do motorista e passageiros; itens de comodidade, tais como: regulagem de altura e distancia do volante, ilumina\u00e7\u00e3o do porta-luvas e porta-malas, controles do r\u00e1dio numa alavanca pr\u00f3xima ao volante, travamento autom\u00e1tico das portas; consumo urbano, revis\u00f5es com pre\u00e7o fixo,<\/p>\n<p>[Principais aspectos negativos] Comodidade: falta de acionamento tipo um toque para os 4 vidros el\u00e9tricos; falta de alarme com acionamento autom\u00e1tico de fechamento\/abertura dos vidros; falta de acionamento autom\u00e1tico do limpador de vidros traseiros ao se engatar a marcha r\u00e9 quando o limpador dos vidros dianteiros est\u00e1 acionado; falta de rebaixamento autom\u00e1tico dos retrovisores el\u00e9tricos ao se engatar a marcha r\u00e9; falta de regulagem dos cintos de seguran\u00e7a dianteiros; falta de espelhos nos para-sol do motorista\/passageiro, falta de assistente de partida em rampa, ilumina\u00e7\u00e3o interna deficiente, impossibilidade de destravamento interno do tanque de combust\u00edvel; inexist\u00eancia de follow me home. Acabamento: excesso de ru\u00eddos causados pela cobertura do para-brisa panor\u00e2mico Zenith por usarem pl\u00e1stico r\u00edgido; Motor: a pot\u00eancia poderia ser maior, algo entre 100 e 115cv; o tanquinho de partida a frio deveria ser dispensado, assim como no motor 1.6, e; utiliza\u00e7\u00e3o de start-stop. Tecnologia: central multim\u00eddia integrada ao painel com touch screen.<\/p>\n<p>[Defeitos apresentados] O carro n\u00e3o apresentou nenhum defeito desde sua aquisi\u00e7\u00e3o em Abril de 2014.<\/p>\n<p>[Concession\u00e1rias] Tanto na na aquisi\u00e7\u00e3o do ve\u00edculo quanto no p\u00f3s venda a concession\u00e1ria da rede Citroen prestou um bom atendimento.<\/p>\n<p>[Coment\u00e1rios adicionais] A Citro\u00ebn deveria transformar o C3 em um compacto premium de verdade. Se externamente o carro possui apar\u00eancia de um compacto premium, internamente seu acabamento poderia ser melhor, pois apesar de utilizar pl\u00e1sticos de toque agrad\u00e1vel, h\u00e1 um excesso de uso desse material, que deveria ser substitu\u00eddo por materiais emborrachados e forrados. Tamb\u00e9m deveriam incluir mais itens de seguran\u00e7a passiva (controle de estabilidade) e ativa (mais airbags), al\u00e9m de uma central multim\u00eddia (moderna e integrada ao painel) e mais itens de comodidade, que refor\u00e7ariam a imagem da marca propagandeada em seu slogan &#8220;Creative technology&#8221;. O carro \u00e9 confort\u00e1vel e 04 passageiros adultos se acomodam bem em seu interior. Apesar de faltar torque em baixas rota\u00e7\u00f5es, o motor se mostra satisfat\u00f3rio para o uso na cidade, apresentando bons \u00edndices de consumo de combust\u00edvel, com m\u00e9dias em torno de 10,6 km\/l (com ar condicionado ligado). No geral estou bastante satisfeito com o carro.<\/p>\n<p>[Best Cars] Acredito que esta sec\u00e7\u00e3o \u00e9 importante aos leitores que buscam informa\u00e7\u00f5es sobre ve\u00edculos que pretendem adquirir.<\/p>\n<p>[Data de publica\u00e7\u00e3o] 28\/8\/15<\/p>\n<p>\u2014<\/p>\n<div class='code-block code-block-7' style='margin: 28px auto; text-align: center; display: block; clear: both;'>\n<br>\n<div align=\"center\">\n<a target=\"_blank\" href=\"https:\/\/bestcars.com.br\/bc\/\">\n<img decoding=\"async\" data-src=\"https:\/\/bestcars.com.br\/bc\/wp-content\/uploads\/2021\/07\/Auto-Livraria-450x300-quadros.jpg\" alt=\"Auto Livraria\" src=\"data:image\/svg+xml;base64,PHN2ZyB3aWR0aD0iMSIgaGVpZ2h0PSIxIiB4bWxucz0iaHR0cDovL3d3dy53My5vcmcvMjAwMC9zdmciPjwvc3ZnPg==\" class=\"lazyload\"><\/a>\n<\/div>\n<br><\/div>\n\n<p>[Nome] Jo\u00e3o Mateus M\u00fcller<br \/>\n[Cidade] Curitiba<br \/>\n[Estado] PR<\/p>\n<p>[Vers\u00e3o] 1.5 Tendance<br \/>\n[Motor] 1.5<br \/>\n[Ano-modelo] 2013<br \/>\n[Quilometragem atual] 30.000 km<br \/>\n[Combust\u00edvel] Flex\u00edvel<br \/>\n[Tempo h\u00e1 que possui] De 1 a 3 anos<\/p>\n<p>[Grau de satisfa\u00e7\u00e3o com o carro] Insatisfeito<br \/>\n[Grau de satisfa\u00e7\u00e3o com a rede de concession\u00e1rias] Insatisfeito<\/p>\n<p>[Estilo] 4<br \/>\n[Acabamento] 2<br \/>\n[Posi\u00e7\u00e3o de dirigir] 3<br \/>\n[Instrumentos] 2<br \/>\n[Itens de conveni\u00eancia] 1<br \/>\n[Espa\u00e7o interno] 2<br \/>\n[Capacidade de bagagem] 1<br \/>\n[Motor] 4<br \/>\n[Desempenho] 4<br \/>\n[Consumo] 5<br \/>\n[C\u00e2mbio] 3<br \/>\n[Freios] 4<br \/>\n[Suspens\u00e3o] 4<br \/>\n[Estabilidade] 3<br \/>\n[Seguran\u00e7a passiva] 3<br \/>\n[Custo-benef\u00edcio] 2<\/p>\n<p>[Principais aspectos positivos] Modelo atual, mais bonito que o europeu. O carro \u00e9 muito econ\u00f4mico e o desempenho \u00e9 satisfat\u00f3rio\/mediano. A dire\u00e7\u00e3o el\u00e9trica e progressiva \u00e9 muito boa e o sistema de som tamb\u00e9m \u00e9 bom.<\/p>\n<p>[Principais aspectos negativos] Espa\u00e7o interno, quem viaja atr\u00e1s sofre. O c\u00e2mbio n\u00e3o \u00e9 muito preciso, a qualidade do acabamento \u00e9 ruim, os pl\u00e1sticos riscam f\u00e1cilmente e as outras coisas j\u00e1 pontadas pelos outros leitores (ru\u00eddos, cinto de seguran\u00e7a, v\u00e3o sob o r\u00e1dio, aus\u00eancia espelhos no para-sol, computador de bordo com apenas 4 fun\u00e7\u00f5es,..) O pior, no meu caso, \u00e9 o sistema de inje\u00e7\u00e3o e a confiabilidade da marca. Tive diversos problemas com o a inje\u00e7\u00e3o, fiquei v\u00e1rios dias sem carro e a garantia (3 anos) est\u00e1 acabando. Sinceramente n\u00e3o recomendo o carro e nem qualquer outro da marca.<\/p>\n<p>[Defeitos apresentados] Sim, v\u00e1rios. A inje\u00e7\u00e3o eletr\u00f4nica \u00e9 horr\u00edvel, j\u00e1 trocaram v\u00e1rias pe\u00e7as e parece que agora, depois do carro ir 4 vezes pra concession\u00e1ria, o problema foi resolvido. Somando todas as vezes, devo ter ficado 1 m\u00eas sem o carro. Na concession\u00e1ria nunca tinhas as pe\u00e7as, me informaram que tiraram pe\u00e7as de carros 0Km que estavam no p\u00e1tio. Os vidros fazem barulho pra subir e descer, j\u00e1 trocaram as canaletas 2 vezes. O vidro n\u00e3o sobe (algumas vezes), aciono o alarme e o vidro do motorista simplesmente n\u00e3o fecha. A entrada USB as vezes n\u00e3o reconhece o pen-drive. Voc\u00ea est\u00e1 ouvindo m\u00fasica, desliga o carro e quando volta simplesmente o r\u00e1dio n\u00e3o reconhece o mesmo pen-drive que estava tocando h\u00e1 poucos minutos.<\/p>\n<p>[Concession\u00e1rias] Horr\u00edvel, s\u00f3 utilizei a Citro\u00ebn Granville de Curitiba\/Pr, pois foi onde comprei o carro. O atendimento \u00e9 p\u00e9ssimo, n\u00e3o recomendo mesmo, al\u00e9m de n\u00e3o recomendar nenhum carro da marca. Se voc\u00ea realmente quiser um Citro\u00ebn em Curitiba, pelo menos procure outra concession\u00e1ria. Os atendentes s\u00e3o mentirosos, n\u00e3o honram prazos e compromissos, n\u00e3o te atendem e n\u00e3o possuem conhecimento. O atendimento da f\u00e1brica tamb\u00e9m \u00e9 p\u00e9ssimo e n\u00e3o adianta abrir SAC, ouvidoria ou reclama\u00e7\u00e3o, simplesmente direcionam para as concession\u00e1rias responderem, quando respondem&#8230; \u00c9 lament\u00e1vel o desrespeito com o consumidor.<\/p>\n<p>[Coment\u00e1rios adicionais] Novamente, n\u00e3o recomendo. Eu nunca mais compro um Citro\u00ebn na vida. Al\u00e9m do carro n\u00e3o ser confi\u00e1vel, o pior \u00e9 o atendimento das concession\u00e1rias e da f\u00e1brica. N\u00e3o demonstram um m\u00ednimo de interesse pelo cliente.<\/p>\n<p>[Best Cars] Excelente!!! Sempre consulto antes de trocar de carro, ou s\u00f3 por curiosidade mesmo. Ningu\u00e9m melhor do que os pr\u00f3prios donos dos carros para avaliarem e compartilharem suas experi\u00eancias.<\/p>\n<p>[Data de publica\u00e7\u00e3o] 3\/7\/15<\/p>\n<p>\u2014<\/p>\n<p>[Nome] Roberto<br \/>\n[Cidade] S\u00e3o Paulo<br \/>\n[Estado] SP<\/p>\n<p>[Vers\u00e3o] TENDENCE 1.5<br \/>\n[Ano-modelo] 2014<br \/>\n[Combust\u00edvel] Flex\u00edvel<br \/>\n[Quilometragem atual] 20.000 km<br \/>\n[Tempo h\u00e1 que possui] At\u00e9 1 ano<\/p>\n<p>[Grau de satisfa\u00e7\u00e3o com o carro] Parcialmente satisfeito<br \/>\n[Grau de satisfa\u00e7\u00e3o com a rede de concession\u00e1rias] Insatisfeito<\/p>\n<p>[Estilo] 4<br \/>\n[Acabamento] 3<br \/>\n[Posi\u00e7\u00e3o de dirigir] 3<br \/>\n[Instrumentos] 4<br \/>\n[Itens de conveni\u00eancia] 3<br \/>\n[Espa\u00e7o interno] 3<br \/>\n[Capacidade de bagagem] 4<br \/>\n[Motor] 4<br \/>\n[Desempenho] 4<br \/>\n[Consumo] 3<br \/>\n[C\u00e2mbio] 4<br \/>\n[Freios] 4<br \/>\n[Suspens\u00e3o] 4<br \/>\n[Estabilidade] 4<br \/>\n[Seguran\u00e7a passiva] 4<br \/>\n[Custo-benef\u00edcio] 3<\/p>\n<p>[Principais aspectos positivos] Designe e estilo, o parabrisa dianteiro Zenith, foi uma grande sacada da Citroen<\/p>\n<p>[Principais aspectos negativos] Ruidos internos, principalmente das portas, porta objetos abaixo do som, n\u00e3o serve para nada, fivela do cinto de seguran\u00e7a cai facilmente, a mulherada reclama da falta de espelho no parasol. Para calibrar o estepe tem retira-lo do lugar.<\/p>\n<p>[Defeitos apresentados] N\u00e3o<\/p>\n<p>[Concession\u00e1rias] Servi\u00e7os que na minha opini\u00e3o deveriam ser feito no pre\u00e7o que eles combram, n\u00e3o s\u00e3o executados, s\u00e3o cobrados \u00e0 parte. Como por exemplo, alinhamento e balanceamento das rodas.<\/p>\n<p>[Coment\u00e1rios adicionais] Muita desvaloriza\u00e7\u00e3o da marca no mercado, acredito que a Citroen vai ter que fazer um grande trabalho para reverter essa imagem negativa.<\/p>\n<p>[Best Cars Web Site] Interessante e muito produtiva.<\/p>\n<p>[Data de publica\u00e7\u00e3o] 15\/8\/14<\/p>\n<p>\u2014<\/p>\n<p>[Nome] Fabio<br \/>\n[Cidade] Blumenau<br \/>\n[Estado] SC<\/p>\n<p>[Vers\u00e3o] Tendance 1.5<br \/>\n[Ano-modelo] 2013<br \/>\n[Combust\u00edvel] Gasolina<br \/>\n[Quilometragem atual] 5.000 km<br \/>\n[Tempo h\u00e1 que possui] At\u00e9 1 ano<\/p>\n<p>[Grau de satisfa\u00e7\u00e3o com o carro] Parcialmente satisfeito<br \/>\n[Grau de satisfa\u00e7\u00e3o com a rede de concession\u00e1rias] Parcialmente satisfeito<\/p>\n<p>[Estilo] 5<br \/>\n[Acabamento] 3<br \/>\n[Posi\u00e7\u00e3o de dirigir] 5<br \/>\n[Instrumentos] 4<br \/>\n[Itens de conveni\u00eancia] 3<br \/>\n[Espa\u00e7o interno] 4<br \/>\n[Capacidade de bagagem] 3<br \/>\n[Motor] 3<br \/>\n[Desempenho] 3<br \/>\n[Consumo] 3<br \/>\n[C\u00e2mbio] 4<br \/>\n[Freios] 5<br \/>\n[Suspens\u00e3o] 5<br \/>\n[Estabilidade] 3<br \/>\n[Seguran\u00e7a passiva] 3<br \/>\n[Custo-benef\u00edcio] 3<\/p>\n<p>[Principais aspectos positivos] Desing e conforto.<\/p>\n<p>[Principais aspectos negativos] N\u00e3o \u00e9 t\u00e3o econ\u00f4mico quanto o C3 1.4 modelo antigo, talvez pelo fato do motor 1.5. O cinto de seguran\u00e7a falta uma pe\u00e7a que o trave, pois da maneira que est\u00e1 a fivela cai. Poucos porta objetos, e o que est\u00e1 abaixo do r\u00e1dio n\u00e3o sustenta nada, pois com qualquer acelera\u00e7\u00e3o os objetos caem. N\u00e3o tem espelhos no quebra sol. N\u00e3o vem mais com o ar digital.<\/p>\n<p>[Defeitos apresentados] Sim. Retrovisor do motorista n\u00e3o funcionava, esguicho de \u00e1gua do lado do motorista n\u00e3o funcionava.<\/p>\n<p>[Concession\u00e1rias] Bom<\/p>\n<p>[Best Cars Web Site] Excelente para consultar antes de comprar.<\/p>\n<p>[Data de publica\u00e7\u00e3o] 3\/5\/13<\/p>\n<p>\u2014<\/p>\n<p>[Nome] Henrique Trentin<br \/>\n[Cidade] S\u00e3o Leopoldo<br \/>\n[Estado] RS<\/p>\n<p>[Vers\u00e3o] Exclusive mec<br \/>\n[Ano-modelo] 2013<br \/>\n[Combust\u00edvel] Flex\u00edvel<br \/>\n[Quilometragem atual] 1.000 km<br \/>\n[Tempo h\u00e1 que possui] At\u00e9 1 ano<\/p>\n<p>[Grau de satisfa\u00e7\u00e3o com o carro] Muito satisfeito<br \/>\n[Grau de satisfa\u00e7\u00e3o com a rede de concession\u00e1rias] Muito satisfeito<\/p>\n<p>[Estilo] 5<br \/>\n[Acabamento] 4<br \/>\n[Posi\u00e7\u00e3o de dirigir] 4<br \/>\n[Instrumentos] 4<br \/>\n[Itens de conveni\u00eancia] 3<br \/>\n[Espa\u00e7o interno] 4<br \/>\n[Capacidade de bagagem] 4<br \/>\n[Motor] 4<br \/>\n[Desempenho] 4<br \/>\n[Consumo] 3<br \/>\n[C\u00e2mbio] 3<br \/>\n[Freios] 4<br \/>\n[Suspens\u00e3o] 4<br \/>\n[Estabilidade] 3<br \/>\n[Seguran\u00e7a passiva] 5<br \/>\n[Custo-benef\u00edcio] 4<\/p>\n<p>[Principais aspectos positivos] \u00c9 um carro muito bonito, silencioso e confort\u00e1vel. Eu possu\u00eda um Polo e estava satisfeito, por\u00e9m n\u00e3o achei neg\u00f3cio comprar outro, j\u00e1 que o modelo \u00e9 o mesmo de sempre (totalmente diferente da Europa). Comparando com os outros da categoria, achei a op\u00e7\u00e3o mais interessante. Bastantes itens tecnol\u00f3gicos (vers\u00e3o top); para-brisa zenit; pneus &#8220;verdes&#8221;; rodas bonitas; r\u00e1dio pioneer bom; bluetooth bom; motor responde bem; porta-luvas enorme e refrigerado; bancos bonitos e confort\u00e1veis; luzes diurnas de led.<\/p>\n<p>[Principais aspectos negativos] Infelizmente o carro possui certos detalhes que n\u00e3o observei quando comprei e acho um exagero de &#8220;economia&#8221; por parte da montadora num carro desse n\u00edvel. A come\u00e7ar por um item que deve ser de valor desprez\u00edvel e n\u00e3o tem: O cinto de seguran\u00e7a n\u00e3o tem aquele suporte pl\u00e1stico (parece um botao, no pr\u00f3prio cinto mesmo) que faz com que a fivela n\u00e3o caia at\u00e9 a lateral do banco. A falta de porta objetos incomoda&#8230; realmente n\u00e3o tem. O v\u00e3o abaixo do r\u00e1dio tem um caimento que faz com que os objetos ali depositados venham cair para cima do c\u00e2mbio em qualquer arrancada, mesmo leve. N\u00e3o possui espelhos no para-sol. A f\u00e1brica diz que \u00e9 por causa da curvatura, bla, bla, bla&#8230; acabei colando um espelho no do passageiro para agradar a namorada, mas n\u00e3o \u00e9 a mesma coisa, claro. O computador de bordo n\u00e3o traz o consumo instant\u00e2neo. N\u00e3o \u00e9 poss\u00edvel abrir o cap\u00f4 se a porta do motorista est\u00e1 fechada. Abertura do tanque de combust\u00edvel precisa da chave do carro. O computador de bordo n\u00e3o indica qual porta est\u00e1 aberta, apenas que alguma porta est\u00e1 aberta. O escora-bra\u00e7o \u00e9 fraco e desconfort\u00e1vel. O seguro \u00e9 bem caro (uns 400 reais mais caro que o do meu Polo 2009).<\/p>\n<p>[Defeitos apresentados] Sem problemas at\u00e9 ent\u00e3o. Ele veio com um pequeno arranh\u00e3o na parte de dentro do painel&#8230; ainda n\u00e3o fui reclamar.<\/p>\n<p>[Concession\u00e1rias] Na parte da compra fui muito bem atendido. Houve uma preocupa\u00e7\u00e3o em me tratar bem e saber minha opini\u00e3o no p\u00f3s-venda. N\u00e3o utilizei al\u00e9m disso e \u00e9 meu primeiro citroen.<\/p>\n<p>[Coment\u00e1rios adicionais] O carro \u00e9 bom, gostei da compra e n\u00e3o me arrependo. Mas sempre existem coisas que gostamos mais em um carro e outras mais no outro. Acho que isso s\u00f3 vai mudar quando eu comprar um carro 3x mais caro.<\/p>\n<p>[Best Cars Web Site] O site \u00e9 sensacional. Uso esse portal h\u00e1 uns 10 anos ou mais. Indispens\u00e1vel ver a opini\u00e3o dos outros usu\u00e1rios sobre seus autom\u00f3veis para saber o que realmente acontece com os ve\u00edculos\/marcas\/concession\u00e1rias.<\/p>\n<p>[Data de publica\u00e7\u00e3o] 1\/11\/12<\/p>\n","protected":false},"excerpt":{"rendered":"<p>Leia opini\u00f5es de propriet\u00e1rios e envie a sua<\/p>\n","protected":false},"author":6,"featured_media":85795,"comment_status":"open","ping_status":"closed","sticky":false,"template":"","format":"standard","meta":{"_joinchat":[],"footnotes":""},"categories":[1283],"tags":[80,897,1422,1912,71,1275,1274],"class_list":["post-16373","post","type-post","status-publish","format-standard","has-post-thumbnail","hentry","category-teste-do-leitor-citroen","tag-avaliacao-2","tag-c3","tag-c3-exclusive","tag-c3-tendance","tag-citroen","tag-opiniao-de-proprietarios","tag-teste-do-leitor"],"amp_enabled":true,"_links":{"self":[{"href":"https:\/\/autolivraria.com.br\/bc\/wp-json\/wp\/v2\/posts\/16373","targetHints":{"allow":["GET"]}}],"collection":[{"href":"https:\/\/autolivraria.com.br\/bc\/wp-json\/wp\/v2\/posts"}],"about":[{"href":"https:\/\/autolivraria.com.br\/bc\/wp-json\/wp\/v2\/types\/post"}],"author":[{"embeddable":true,"href":"https:\/\/autolivraria.com.br\/bc\/wp-json\/wp\/v2\/users\/6"}],"replies":[{"embeddable":true,"href":"https:\/\/autolivraria.com.br\/bc\/wp-json\/wp\/v2\/comments?post=16373"}],"version-history":[{"count":0,"href":"https:\/\/autolivraria.com.br\/bc\/wp-json\/wp\/v2\/posts\/16373\/revisions"}],"wp:featuredmedia":[{"embeddable":true,"href":"https:\/\/autolivraria.com.br\/bc\/wp-json\/wp\/v2\/media\/85795"}],"wp:attachment":[{"href":"https:\/\/autolivraria.com.br\/bc\/wp-json\/wp\/v2\/media?parent=16373"}],"wp:term":[{"taxonomy":"category","embeddable":true,"href":"https:\/\/autolivraria.com.br\/bc\/wp-json\/wp\/v2\/categories?post=16373"},{"taxonomy":"post_tag","embeddable":true,"href":"https:\/\/autolivraria.com.br\/bc\/wp-json\/wp\/v2\/tags?post=16373"}],"curies":[{"name":"wp","href":"https:\/\/api.w.org\/{rel}","templated":true}]}}