{"id":16453,"date":"2012-11-01T17:48:07","date_gmt":"2012-11-01T20:48:07","guid":{"rendered":"http:\/\/bestcars.uol.com.br\/bc\/?p=16453"},"modified":"2012-11-09T09:41:38","modified_gmt":"2012-11-09T12:41:38","slug":"390-suspensao-rebaixada-erro-em-todos-os-sentidos","status":"publish","type":"post","link":"https:\/\/autolivraria.com.br\/bc\/informe-se\/colunas\/editorial\/390-suspensao-rebaixada-erro-em-todos-os-sentidos\/","title":{"rendered":"Suspens\u00e3o rebaixada, erro em todos os sentidos"},"content":{"rendered":"<p style=\"text-align: center;\"><img fetchpriority=\"high\" decoding=\"async\" class=\"aligncenter\" title=\"Editorial\" src=\"https:\/\/autolivraria.com.br\/bc\/wp-content\/uploads\/2012\/06\/editorial.png\" alt=\"\" width=\"560\" height=\"143\" \/><\/p>\n<h2>O rasp\u00e3o na lombada \u00e9 s\u00f3 o come\u00e7o: a altera\u00e7\u00e3o nas<br \/>\nmolas\u00a0desajusta o projeto a ponto de deixar o carro inseguro<\/h2>\n<p>&nbsp;<\/p>\n<p>Numa dessas noites de ver\u00e3o precoce em tempos de aquecimento global, eu conversava com um amigo numa lanchonete \u00e0 beira de uma avenida de minha cidade quando comecei a observar os carros que passavam. Havia bem a nossa frente uma lombada de perfil m\u00e9dio \u2014 nem t\u00e3o suave quanto manda o desrespeitado C\u00f3digo de Tr\u00e2nsito Brasileiro, nem t\u00e3o descomunal e agressiva quanto desejam as prefeituras e as associa\u00e7\u00f5es de bairro que as solicitam a vereadores dia sim, outro tamb\u00e9m.<\/p>\n<p>A via de m\u00e3o dupla e pista \u00fanica permitia reparar nos carros, e logo um chamou a aten\u00e7\u00e3o. O velho Gol &#8220;bolinha&#8221;, de rodas pretas e jeito surrado, vinha com a suspens\u00e3o bastante rebaixada e fez um sonoro <em>tunc<\/em>\u00a0quando seu fundo \u2014 talvez n\u00e3o pela primeira vez naquele dia \u2014 encontrou o asfalto do redutor de velocidade. Minutos depois, um Golf tamb\u00e9m mais perto do solo que o normal passava enviesado, devagar quase parando, retendo o tr\u00e1fego para n\u00e3o raspar da mesma forma. Dali a pouco um Stilo, depois outro Gol tocando a m\u00fasica (m\u00fasica?) do Camaro amarelo \u2014 sempre muito mais baixos do que sa\u00edram da f\u00e1brica, raspando na lombada ou dando trabalho a seus motoristas para que isso n\u00e3o acontecesse.<\/p>\n<p>N\u00e3o eram muitos carros \u2014 1% do tr\u00e1fego que vi passar por ali, se muito \u2014, mas o suficiente para eu me perguntar: o que essas pessoas t\u00eam em mente quando mandam reduzir em v\u00e1rios cent\u00edmetros a altura de rodagem de seus autom\u00f3veis?<\/p>\n<p>&nbsp;<\/p>\n<blockquote><p>Ningu\u00e9m imaginaria um Ferrari t\u00e3o distante do asfalto quanto um Logan, mas esse \u00e9 um carro projetado para rasgar estradas a\u00a0bem mais de 200 km\/h, concebido desde o in\u00edcio com tal altura<\/p><\/blockquote>\n<p>&nbsp;<\/p>\n<p>Esse rebaixamento nada tem de novo, vale lembrar. Nos anos 60 e 70, quando o Volkswagen sed\u00e3 \u2014 que mais tarde adotaria o nome popular Fusca \u2014 dominava nossas ruas, j\u00e1 havia quem usasse &#8220;talas largas&#8221;, ou rodas com largura bem maior que a original, associada a uma redu\u00e7\u00e3o de altura que deixava os pneus traseiros &#8220;abertos&#8221; embaixo, com <a href=\"https:\/\/autolivraria.com.br\/bc\/glossario-c\/#camb\">c\u00e2mber<\/a> negativo, um efeito do tipo de suspens\u00e3o traseira do modelo. A t\u00e9cnica saiu de moda e a ela voltou muitas vezes nessas d\u00e9cadas, inspirada em carros esporte de alto desempenho e nos de competi\u00e7\u00e3o.<\/p>\n<p>De fato, o v\u00e3o livre do solo de um superesportivo \u00e9 bem menor que o de um carro comum \u2014\u00a0ningu\u00e9m imaginaria um Ferrari t\u00e3o distante do asfalto quanto um Logan. Na recente avalia\u00e7\u00e3o do <a title=\"Mercedes SLS AMG Roadster: o di\u00e1rio de um sonho\" href=\"https:\/\/autolivraria.com.br\/bc\/informe-se\/avaliacao\/mercedes-benz-e-smart\/mercedes-sls-amg-roadster-o-diario-de-um-sonho\/\">Mercedes-Benz SLS AMG Roadster<\/a>, feita em ruas e rodovias de nosso uso habitual, pude notar a facilidade com que o fundo toca lombadas de perfil m\u00e9dio, exigindo extremo cuidado para sua transposi\u00e7\u00e3o. Mas esse \u00e9 um carro projetado para rasgar as <em>autobahnen<\/em> alem\u00e3s a bem mais de 200 km\/h, concebido com tal altura desde que o primeiro engenheiro abriu o programa de desenvolvimento no computador, e certamente n\u00e3o sofreu altera\u00e7\u00f5es em suspens\u00e3o para rodar no Brasil diante do \u00ednfimo volume de vendas previsto. E o Golzinho de rodas pretas, talvez at\u00e9 de motor 1,0-litro?<\/p>\n<p>&nbsp;<\/p>\n<div class='code-block code-block-7' style='margin: 28px auto; text-align: center; display: block; clear: both;'>\n<br>\n<div align=\"center\">\n<a target=\"_blank\" href=\"https:\/\/bestcars.com.br\/bc\/\">\n<img decoding=\"async\" data-src=\"https:\/\/bestcars.com.br\/bc\/wp-content\/uploads\/2021\/07\/Auto-Livraria-450x300-quadros.jpg\" alt=\"Auto Livraria\" src=\"data:image\/svg+xml;base64,PHN2ZyB3aWR0aD0iMSIgaGVpZ2h0PSIxIiB4bWxucz0iaHR0cDovL3d3dy53My5vcmcvMjAwMC9zdmciPjwvc3ZnPg==\" class=\"lazyload\"><\/a>\n<\/div>\n<br><\/div>\n\n<p>&nbsp;<\/p>\n<h3>Melhor de curva: ser\u00e1?<\/h3>\n<p>H\u00e1 alguns dias, no <a title=\"Sal\u00e3o de S\u00e3o Paulo: acompanhe aqui a cobertura\" href=\"https:\/\/autolivraria.com.br\/bc\/salao-de-sao-paulo\/\">Sal\u00e3o do Autom\u00f3vel<\/a>, conversava com o assessor t\u00e9cnico de imprensa da Fiat, Ricardo Dilser, sobre o programa Techno Day que o fabricante tem realizado para jornalistas. Entre li\u00e7\u00f5es te\u00f3ricas sobre suspens\u00e3o e assuntos correlatos, a Fiat coloca os profissionais ao volante de dois Bravos: um original, outro com a suspens\u00e3o rebaixada.<\/p>\n<p>O rebaixamento, explicou Dilser, foi feito como manda o figurino: as molas helicoidais foram removidas do carro, aquecidas, comprimidas at\u00e9 a altura desejada e recolocadas. Ele observou que as pr\u00e1ticas mais comuns no mercado est\u00e3o longe de ser t\u00e3o criteriosas: h\u00e1 quem corte algumas voltas (&#8220;elos&#8221;) das molas, o que as deixa mais duras, e at\u00e9 quem use um ma\u00e7arico para aquec\u00ea-las <em>montadas no carro<\/em> como medida de economia de m\u00e3o de obra, &#8220;cozinhando&#8221; junto amortecedores, batentes, buchas e sabe-se o que mais.\u00a0Que nenhum desses insanos cruze seu caminho ou o meu&#8230;<\/p>\n<p>&nbsp;<\/p>\n<blockquote><p>H\u00e1 at\u00e9 quem use um ma\u00e7arico para aquec\u00ea-las\u00a0<em>montadas no carro<\/em>, &#8220;cozinhando&#8221; junto amortecedores, batentes, buchas e sabe-se o que mais<\/p><\/blockquote>\n<p>&nbsp;<\/p>\n<p>Voltando ao teste da imprensa, o assessor conta que os dois Bravos foram postos no mesmo trajeto de avalia\u00e7\u00e3o com desvios entre cones para testar os limites de estabilidade. E que ningu\u00e9m \u2014 jornalista, assessor ou mesmo piloto da f\u00e1brica \u2014 conseguiu repetir com o Bravo rebaixado o tempo obtido com o carro original. O maior problema aparece na fase de transi\u00e7\u00e3o entre as curvas opostas, quando a roda traseira externa \u00e0 curva assume posi\u00e7\u00e3o mais convergente (&#8220;aponta para dentro&#8221;) por trabalhar em posi\u00e7\u00e3o diferente da prevista no projeto, como se o carro estivesse muito carregado.<\/p>\n<p>Ou seja, apesar de atingir o intuito de deixar o <a href=\"https:\/\/autolivraria.com.br\/bc\/glossario-c\/#cent\">centro de gravidade<\/a> mais baixo, o carro com suspens\u00e3o rebaixada n\u00e3o consegue &#8220;fazer mais curva&#8221; que o original. Se o piso n\u00e3o tiver boa qualidade, pior: em casos extremos, a suspens\u00e3o pode chegar ao batente ao encontrar uma ondula\u00e7\u00e3o mais acentuada em curva, levando o carro a saltitar e o pneu a perder contato com o solo \u2014 um convite \u00e0 perda de controle.<\/p>\n<p>Com o carro mais baixo perde-se tamb\u00e9m em precis\u00e3o de dire\u00e7\u00e3o, pois as barras do sistema ficam muito inclinadas. No caso de corte de voltas da mola helicoidal o conforto de marcha \u00e9 sacrificado, pois a mola se torna mais dura (ela \u00e9 como uma barra de tor\u00e7\u00e3o, s\u00f3 que enrolada).\u00a0E ainda se est\u00e1 sujeito a preju\u00edzos os mais diversos, desde desgaste irregular dos pneus at\u00e9 danos \u00e0 suspens\u00e3o pelos &#8220;fins de curso&#8221; frequentes no trabalho da suspens\u00e3o, passando pelas raspadas em lombadas e valetas que, embora me trouxessem um tema para este <em>Editorial<\/em>, s\u00e3o apenas o come\u00e7o do problema.<\/p>\n<table border=\"0\">\n<tbody>\n<tr>\n<td><span style=\"color: #333333; font-size: 13px; line-height: 19px;\"><a href='https:\/\/autolivraria.com.br\/bc\/escreva-nos\/' class='small-button smallsilver' target=\"_blank\">Fale com o editor<\/a><\/span><\/td>\n<td><\/td>\n<td><\/td>\n<td><span style=\"color: #333333; font-size: 13px; line-height: 19px;\"><a href='https:\/\/autolivraria.com.br\/bc\/informe-se\/colunas\/editorial\/um-brinde-best-cars-15-anos\/' class='small-button smallsilver'>Editorial anterior<\/a><\/span><\/td>\n<\/tr>\n<\/tbody>\n<\/table>\n<p>&nbsp;<\/p>\n","protected":false},"excerpt":{"rendered":"<p>O rasp\u00e3o na lombada \u00e9 s\u00f3 o come\u00e7o: a altera\u00e7\u00e3o nas molas desajusta o projeto a ponto de deixar o carro inseguro<\/p>\n","protected":false},"author":6,"featured_media":7506,"comment_status":"open","ping_status":"closed","sticky":false,"template":"","format":"standard","meta":{"_joinchat":[],"footnotes":""},"categories":[3593],"tags":[153,31,1610,589,580],"class_list":["post-16453","post","type-post","status-publish","format-standard","has-post-thumbnail","hentry","category-editorial","tag-colunas-2","tag-editorial","tag-fabricio-samaha","tag-seguranca","tag-suspensao"],"amp_enabled":true,"_links":{"self":[{"href":"https:\/\/autolivraria.com.br\/bc\/wp-json\/wp\/v2\/posts\/16453","targetHints":{"allow":["GET"]}}],"collection":[{"href":"https:\/\/autolivraria.com.br\/bc\/wp-json\/wp\/v2\/posts"}],"about":[{"href":"https:\/\/autolivraria.com.br\/bc\/wp-json\/wp\/v2\/types\/post"}],"author":[{"embeddable":true,"href":"https:\/\/autolivraria.com.br\/bc\/wp-json\/wp\/v2\/users\/6"}],"replies":[{"embeddable":true,"href":"https:\/\/autolivraria.com.br\/bc\/wp-json\/wp\/v2\/comments?post=16453"}],"version-history":[{"count":0,"href":"https:\/\/autolivraria.com.br\/bc\/wp-json\/wp\/v2\/posts\/16453\/revisions"}],"wp:featuredmedia":[{"embeddable":true,"href":"https:\/\/autolivraria.com.br\/bc\/wp-json\/wp\/v2\/media\/7506"}],"wp:attachment":[{"href":"https:\/\/autolivraria.com.br\/bc\/wp-json\/wp\/v2\/media?parent=16453"}],"wp:term":[{"taxonomy":"category","embeddable":true,"href":"https:\/\/autolivraria.com.br\/bc\/wp-json\/wp\/v2\/categories?post=16453"},{"taxonomy":"post_tag","embeddable":true,"href":"https:\/\/autolivraria.com.br\/bc\/wp-json\/wp\/v2\/tags?post=16453"}],"curies":[{"name":"wp","href":"https:\/\/api.w.org\/{rel}","templated":true}]}}