{"id":17396,"date":"2012-12-11T15:59:59","date_gmt":"2012-12-11T18:59:59","guid":{"rendered":"http:\/\/bestcars.uol.com.br\/bc\/?p=17396"},"modified":"2013-01-15T14:17:32","modified_gmt":"2013-01-15T17:17:32","slug":"fiat-bravo-sporting-vs-peugeot-308-feline","status":"publish","type":"post","link":"https:\/\/autolivraria.com.br\/bc\/informe-se\/avaliacao\/comparativo\/fiat-bravo-sporting-vs-peugeot-308-feline\/","title":{"rendered":"Fiat Bravo e Peugeot 308: comodidade em traje esporte"},"content":{"rendered":"<h2><img fetchpriority=\"high\" decoding=\"async\" class=\"aligncenter size-medium wp-image-18305\" title=\"Bravo Sporting vs 308 Feline\" src=\"https:\/\/autolivraria.com.br\/bc\/wp-content\/uploads\/2012\/12\/Bravo-Sporting-vs-308-Feline-560x336.jpg\" alt=\"\" width=\"560\" height=\"336\" srcset=\"https:\/\/autolivraria.com.br\/bc\/wp-content\/uploads\/2012\/12\/Bravo-Sporting-vs-308-Feline-560x336.jpg 560w, https:\/\/autolivraria.com.br\/bc\/wp-content\/uploads\/2012\/12\/Bravo-Sporting-vs-308-Feline-470x282.jpg 470w, https:\/\/autolivraria.com.br\/bc\/wp-content\/uploads\/2012\/12\/Bravo-Sporting-vs-308-Feline-270x162.jpg 270w, https:\/\/autolivraria.com.br\/bc\/wp-content\/uploads\/2012\/12\/Bravo-Sporting-vs-308-Feline.jpg 1000w\" sizes=\"(max-width: 560px) 100vw, 560px\" \/><\/h2>\n<p>&nbsp;<\/p>\n<h2>Bem-equipados em conforto e sem pedal de embreagem,<br \/>\nesses hatches m\u00e9dios n\u00e3o abrem m\u00e3o de bom desempenho<\/h2>\n<p><em>Texto e fotos: Fabr\u00edcio Samah\u00e1<\/em><\/p>\n<p>&nbsp;<\/p>\n<p>Esquecido por alguns fabricantes durante anos \u2014 o caso da Volkswagen, que mant\u00e9m o Golf na mesma gera\u00e7\u00e3o desde 1998, \u00e9 emblem\u00e1tico \u2014, o segmento de hatchbacks m\u00e9dios volta a receber a aten\u00e7\u00e3o de diversas marcas. A renova\u00e7\u00e3o iniciada em 2008 com o Ford Focus, e que teve seguimento no ano seguinte com o Hyundai I30 e o Citro\u00ebn C4, ganhou for\u00e7a com os lan\u00e7amentos do Fiat Bravo (2010), do Chevrolet Cruze e do Peugeot 308, no come\u00e7o de 2012.<\/p>\n<p>Para saber o que eles representam para a categoria, o <strong>Best Cars<\/strong> colocou frente a frente esses novos modelos da classe (sem o Cruze, j\u00e1 que a General Motors n\u00e3o cede carros para nossa avalia\u00e7\u00e3o desde 2008). O 308 veio em vers\u00e3o de topo Feline, com motor de 2,0 litros e 16 v\u00e1lvulas e caixa de c\u00e2mbio autom\u00e1tica de quatro marchas de s\u00e9rie, enquanto o Bravo foi escolhido na Sporting de 1,75 litro e 16 v\u00e1lvulas, dotada da caixa manual automatizada Dualogic de cinco marchas como opcional.<\/p>\n<p>&nbsp;<\/p>\n<div class='one_half'>\n\t\t\t\t\t<img decoding=\"async\" class=\"aligncenter size-meia-largura-post wp-image-18231 lazyload\" title=\"Bravo Sporting\" data-src=\"https:\/\/autolivraria.com.br\/bc\/wp-content\/uploads\/2012\/12\/Bravo-Sporting-logo-3-270x270.jpg\" alt=\"\" width=\"270\" height=\"270\" data-srcset=\"https:\/\/autolivraria.com.br\/bc\/wp-content\/uploads\/2012\/12\/Bravo-Sporting-logo-3-270x270.jpg 270w, https:\/\/autolivraria.com.br\/bc\/wp-content\/uploads\/2012\/12\/Bravo-Sporting-logo-3-168x168.jpg 168w, https:\/\/autolivraria.com.br\/bc\/wp-content\/uploads\/2012\/12\/Bravo-Sporting-logo-3-560x560.jpg 560w, https:\/\/autolivraria.com.br\/bc\/wp-content\/uploads\/2012\/12\/Bravo-Sporting-logo-3-470x470.jpg 470w, https:\/\/autolivraria.com.br\/bc\/wp-content\/uploads\/2012\/12\/Bravo-Sporting-logo-3-100x100.jpg 100w, https:\/\/autolivraria.com.br\/bc\/wp-content\/uploads\/2012\/12\/Bravo-Sporting-logo-3.jpg 640w\" data-sizes=\"(max-width: 270px) 100vw, 270px\" src=\"data:image\/svg+xml;base64,PHN2ZyB3aWR0aD0iMSIgaGVpZ2h0PSIxIiB4bWxucz0iaHR0cDovL3d3dy53My5vcmcvMjAwMC9zdmciPjwvc3ZnPg==\" style=\"--smush-placeholder-width: 270px; --smush-placeholder-aspect-ratio: 270\/270;\" \/>\n\t\t\t\t<\/div>\n<div class='one_half last'>\n\t\t\t\t\t<img decoding=\"async\" class=\"aligncenter size-meia-largura-post wp-image-18232 lazyload\" title=\"308 Feline\" data-src=\"https:\/\/autolivraria.com.br\/bc\/wp-content\/uploads\/2012\/12\/308-Feline-logo-3-270x270.jpg\" alt=\"\" width=\"270\" height=\"270\" data-srcset=\"https:\/\/autolivraria.com.br\/bc\/wp-content\/uploads\/2012\/12\/308-Feline-logo-3-270x270.jpg 270w, https:\/\/autolivraria.com.br\/bc\/wp-content\/uploads\/2012\/12\/308-Feline-logo-3-168x168.jpg 168w, https:\/\/autolivraria.com.br\/bc\/wp-content\/uploads\/2012\/12\/308-Feline-logo-3-560x560.jpg 560w, https:\/\/autolivraria.com.br\/bc\/wp-content\/uploads\/2012\/12\/308-Feline-logo-3-470x470.jpg 470w, https:\/\/autolivraria.com.br\/bc\/wp-content\/uploads\/2012\/12\/308-Feline-logo-3-100x100.jpg 100w, https:\/\/autolivraria.com.br\/bc\/wp-content\/uploads\/2012\/12\/308-Feline-logo-3.jpg 640w\" data-sizes=\"(max-width: 270px) 100vw, 270px\" src=\"data:image\/svg+xml;base64,PHN2ZyB3aWR0aD0iMSIgaGVpZ2h0PSIxIiB4bWxucz0iaHR0cDovL3d3dy53My5vcmcvMjAwMC9zdmciPjwvc3ZnPg==\" style=\"--smush-placeholder-width: 270px; --smush-placeholder-aspect-ratio: 270\/270;\" \/>\n\t\t\t\t<\/div><div class='clear'><\/div>\n<p>&nbsp;<\/p>\n<div class='et-box et-shadow'>\n\t\t\t\t\t<div class='et-box-content'><table id=\"table5997\" style=\"width: 100%;\" border=\"0\" cellspacing=\"0\" cellpadding=\"3\">\n<tbody>\n<tr>\n<td colspan=\"3\" width=\"50%\">\n<h3>Fiat Bravo Sporting<\/h3>\n<\/td>\n<td colspan=\"3\" width=\"50%\">\n<h3>Peugeot 308 Feline<\/h3>\n<\/td>\n<\/tr>\n<tr>\n<td width=\"16%\">4,33 m<\/td>\n<td width=\"16%\">130\/132 cv<\/td>\n<td width=\"16%\">R$ 68.881<\/td>\n<td width=\"16%\">4,27 m<\/td>\n<td width=\"16%\">143\/151 cv<\/td>\n<td width=\"16%\">R$ 67.990<\/td>\n<\/tr>\n<tr>\n<td colspan=\"6\" width=\"96%\"><span style=\"font-size: x-small;\">Pre\u00e7os p\u00fablicos sugeridos, em reais, para os carros avaliados, com poss\u00edveis opcionais<\/span><\/td>\n<\/tr>\n<\/tbody>\n<\/table><\/div><\/div>\n<p>&nbsp;<\/p>\n<p>Por que n\u00e3o o Bravo T-Jet, cujo motor 1,4 turbo oferece pot\u00eancia de 152 cv, bem pr\u00f3xima \u00e0 de 151 cv que o Peugeot obt\u00e9m ao usar \u00e1lcool? Em primeiro lugar pela pequena import\u00e2ncia do Fiat esportivo nas vendas; em segundo, por n\u00e3o oferecer c\u00e2mbio autom\u00e1tico ou automatizado, o que criaria uma distin\u00e7\u00e3o relevante ao 308; e em terceiro, pelo interesse em submeter \u00e0 avalia\u00e7\u00e3o o c\u00e2mbio Dualogic Plus, com evolu\u00e7\u00f5es sobre a vers\u00e3o usada at\u00e9 a linha 2012.<\/p>\n<p>&nbsp;<\/p>\n<div class='code-block code-block-7' style='margin: 28px auto; text-align: center; display: block; clear: both;'>\n<script async src=\"https:\/\/pagead2.googlesyndication.com\/pagead\/js\/adsbygoogle.js\"><\/script>\n<!-- AL-quadrado -->\n<ins class=\"adsbygoogle\"\n     style=\"display:block\"\n     data-ad-client=\"ca-pub-1914799802606213\"\n     data-ad-slot=\"5683066082\"\n     data-ad-format=\"auto\"\n     data-full-width-responsive=\"true\"><\/ins>\n<script>\n     (adsbygoogle = window.adsbygoogle || []).push({});\n<\/script><\/div>\n\n<p>&nbsp;<\/p>\n<p>O 308 vem muito bem-equipado ao <em>pre\u00e7o<\/em> sugerido de R$ 66 mil, que passa a R$ 68 mil com o navegador, seu \u00fanico opcional; o Bravo come\u00e7a mais barato, a R$ 60,6 mil (j\u00e1 com o automatizado), mas precisa de v\u00e1rias op\u00e7\u00f5es para chegar perto do concorrente em termos de conte\u00fado. Com eles, chega a R$ 68,9 mil. Portanto, equil\u00edbrio no mais importante dos quatro &#8220;Ps&#8221; que norteiam nossos comparativos. E os outros tr\u00eas, como ficam?<\/p>\n<p>Em <em>proposta de uso<\/em> s\u00e3o carros muito parecidos: hatches m\u00e9dios com espa\u00e7o mediano e bom desempenho, aptos a atender bem ao uso urbano ou a pequenas viagens da fam\u00edlia. Em <em>porte<\/em>, o Bravo mede apenas 6 cent\u00edmetros a mais em comprimento e as dist\u00e2ncias entre eixos se distinguem apenas por mil\u00edmetros. E em <em>pot\u00eancia<\/em> h\u00e1 uma diferen\u00e7a aceit\u00e1vel, pois o Fiat desenvolve 130 cv com gasolina e 132 com \u00e1lcool, ante 143 e 151 cv (na ordem) do Peugeot.<\/p>\n<table border=\"0\">\n<tbody>\n<tr>\n<td><span style=\"color: #333333; font-size: 13px; line-height: 19px;\"><a href='https:\/\/autolivraria.com.br\/bc\/informe-se\/avaliacao\/comparativo\/fiat-bravo-sporting-vs-peugeot-308-feline\/2\/' class='small-button smallsilver'>Pr\u00f3xima parte<\/a><\/span><\/td>\n<\/tr>\n<\/tbody>\n<\/table>\n<p>&nbsp;<\/p>\n<div class='et-box et-shadow'>\n\t\t\t\t\t<div class='et-box-content'><div class='one_half'>\n\t\t\t\t\t<ul>\n<li><a href=\"https:\/\/autolivraria.com.br\/bc\/informe-se\/avaliacao\/comparativo\/fiat-bravo-sporting-vs-peugeot-308-feline\/2\/\">Concep\u00e7\u00e3o e estilo<\/a><\/li>\n<li><a href=\"https:\/\/autolivraria.com.br\/bc\/informe-se\/avaliacao\/comparativo\/fiat-bravo-sporting-vs-peugeot-308-feline\/2\/\">Conforto e conveni\u00eancia<\/a><\/li>\n<li><a href=\"https:\/\/autolivraria.com.br\/bc\/informe-se\/avaliacao\/comparativo\/fiat-bravo-sporting-vs-peugeot-308-feline\/3\/\">Equipamentos de s\u00e9rie e opcionais<\/a><\/li>\n<li><a href=\"https:\/\/autolivraria.com.br\/bc\/informe-se\/avaliacao\/comparativo\/fiat-bravo-sporting-vs-peugeot-308-feline\/4\/\">Mec\u00e2nica, comportamento e seguran\u00e7a<\/a><\/li>\n<li><a href=\"https:\/\/autolivraria.com.br\/bc\/informe-se\/avaliacao\/comparativo\/fiat-bravo-sporting-vs-peugeot-308-feline\/5\/\">Simula\u00e7\u00e3o de desempenho<\/a><\/li>\n<\/ul>\n\t\t\t\t<\/div>\n<div class='one_half last'>\n\t\t\t\t\t<ul>\n<li><a href=\"https:\/\/autolivraria.com.br\/bc\/informe-se\/avaliacao\/comparativo\/fiat-bravo-sporting-vs-peugeot-308-feline\/5\/\">Coment\u00e1rio t\u00e9cnico<\/a><\/li>\n<li><a href=\"https:\/\/autolivraria.com.br\/bc\/informe-se\/avaliacao\/comparativo\/fiat-bravo-sporting-vs-peugeot-308-feline\/6\/\">Pre\u00e7os<\/a><\/li>\n<li><a href=\"https:\/\/autolivraria.com.br\/bc\/informe-se\/avaliacao\/comparativo\/fiat-bravo-sporting-vs-peugeot-308-feline\/6\/\">Custo-benef\u00edcio<\/a><\/li>\n<li><a href=\"https:\/\/autolivraria.com.br\/bc\/informe-se\/avaliacao\/comparativo\/fiat-bravo-sporting-vs-peugeot-308-feline\/6\/\">Nossas notas<\/a><\/li>\n<li><a href=\"https:\/\/autolivraria.com.br\/bc\/informe-se\/avaliacao\/comparativo\/fiat-bravo-sporting-vs-peugeot-308-feline\/6\/\">Ficha t\u00e9cnica<\/a><\/li>\n<\/ul>\n\t\t\t\t<\/div><div class='clear'><\/div><\/div><\/div>\n<p>&nbsp;<\/p>\n<p><!--nextpage--><\/p>\n<p>&nbsp;<\/p>\n<div class='one_half'>\n\t\t\t\t\t<a href=\"https:\/\/autolivraria.com.br\/bc\/wp-content\/uploads\/2012\/12\/Bravo-Sporting-01.jpg\"><img decoding=\"async\" class=\"aligncenter size-meia-largura-post wp-image-18233 lazyload\" title=\"Bravo Sporting\" data-src=\"https:\/\/autolivraria.com.br\/bc\/wp-content\/uploads\/2012\/12\/Bravo-Sporting-01-270x179.jpg\" alt=\"\" width=\"270\" height=\"179\" data-srcset=\"https:\/\/autolivraria.com.br\/bc\/wp-content\/uploads\/2012\/12\/Bravo-Sporting-01-270x179.jpg 270w, https:\/\/autolivraria.com.br\/bc\/wp-content\/uploads\/2012\/12\/Bravo-Sporting-01-560x373.jpg 560w, https:\/\/autolivraria.com.br\/bc\/wp-content\/uploads\/2012\/12\/Bravo-Sporting-01-470x313.jpg 470w, https:\/\/autolivraria.com.br\/bc\/wp-content\/uploads\/2012\/12\/Bravo-Sporting-01.jpg 1280w\" data-sizes=\"(max-width: 270px) 100vw, 270px\" src=\"data:image\/svg+xml;base64,PHN2ZyB3aWR0aD0iMSIgaGVpZ2h0PSIxIiB4bWxucz0iaHR0cDovL3d3dy53My5vcmcvMjAwMC9zdmciPjwvc3ZnPg==\" style=\"--smush-placeholder-width: 270px; --smush-placeholder-aspect-ratio: 270\/179;\" \/><\/a>\n\t\t\t\t<\/div>\n<div class='one_half last'>\n\t\t\t\t\t<a href=\"https:\/\/autolivraria.com.br\/bc\/wp-content\/uploads\/2012\/12\/Bravo-Sporting-02.jpg\"><img decoding=\"async\" class=\"aligncenter size-meia-largura-post wp-image-18234 lazyload\" title=\"Bravo Sporting\" data-src=\"https:\/\/autolivraria.com.br\/bc\/wp-content\/uploads\/2012\/12\/Bravo-Sporting-02-270x179.jpg\" alt=\"\" width=\"270\" height=\"179\" data-srcset=\"https:\/\/autolivraria.com.br\/bc\/wp-content\/uploads\/2012\/12\/Bravo-Sporting-02-270x179.jpg 270w, https:\/\/autolivraria.com.br\/bc\/wp-content\/uploads\/2012\/12\/Bravo-Sporting-02-560x373.jpg 560w, https:\/\/autolivraria.com.br\/bc\/wp-content\/uploads\/2012\/12\/Bravo-Sporting-02-470x313.jpg 470w, https:\/\/autolivraria.com.br\/bc\/wp-content\/uploads\/2012\/12\/Bravo-Sporting-02.jpg 1280w\" data-sizes=\"(max-width: 270px) 100vw, 270px\" src=\"data:image\/svg+xml;base64,PHN2ZyB3aWR0aD0iMSIgaGVpZ2h0PSIxIiB4bWxucz0iaHR0cDovL3d3dy53My5vcmcvMjAwMC9zdmciPjwvc3ZnPg==\" style=\"--smush-placeholder-width: 270px; --smush-placeholder-aspect-ratio: 270\/179;\" \/><\/a>\n\t\t\t\t<\/div><div class='clear'><\/div>\n<p style=\"text-align: center;\"><em><br \/>\nO Bravo retomou o padr\u00e3o de linhas curvas que o Stilo havia abandonado;<br \/>\nseu desenho esportivo combina com os adere\u00e7os da vers\u00e3o Sporting<\/em><\/p>\n<p>&nbsp;<\/p>\n<h3>Concep\u00e7\u00e3o e estilo<\/h3>\n<p>Ao contr\u00e1rio de seus antecessores Stilo e 307, esses hatches demoraram a chegar ao mercado brasileiro: foram lan\u00e7ados na Europa em 2007, o que significa um atraso de tr\u00eas anos para o Bravo e de quase cinco para o 308 \u2014 tanto tempo que recebemos de uma vez a vers\u00e3o reestilizada do franc\u00eas, pulando uma etapa. Enquanto o Peugeot representa evolu\u00e7\u00e3o de estilo sobre o tema do carro anterior, com linhas um pouco mais esportivas, a Fiat optou pelo total rompimento de desenho ao trocar as formas retil\u00edneas pelas arredondadas.<\/p>\n<p>&nbsp;<\/p>\n<blockquote><p>Se o 308 pode ter navegador com ampla tela retr\u00e1til, o do Bravo se resume a indicar a pr\u00f3xima convers\u00e3o sem exibir mapa; poderia melhorar nos dois a inser\u00e7\u00e3o de endere\u00e7os<\/p><\/blockquote>\n<p>&nbsp;<\/p>\n<p>E desenho \u00e9 um ponto alto do Bravo (<a href=\"https:\/\/www.autolivraria.com.br\/artigos2\/340-analise-estilo-fiat-bravo-1.htm\">leia an\u00e1lise de estilo<\/a>), que impressiona bem ao seguir modernas tend\u00eancias, como o para-brisa amplo e bem inclinado, a linha de cintura ascendente em dire\u00e7\u00e3o \u00e0 traseira e a quinta porta compacta. O que incomoda muita gente \u00e9 sua semelhan\u00e7a exagerada com o Punto e, no caso da frente, o Linea. No caso do 308, as linhas sugerem a inspira\u00e7\u00e3o em minivans, com para-brisa bem grande e avan\u00e7ado e perfil mais alto, embora essa liga\u00e7\u00e3o esteja bem mais discreta que no antecessor. Se hoje a frente tem a identidade da marca, n\u00e3o demorar\u00e1 a destoar do novo padr\u00e3o do 208 e do 508 \u2014 mas \u00e9 prov\u00e1vel que sua ado\u00e7\u00e3o seja protelada para o sucessor do modelo.<\/p>\n<p>O Peugeot brilha quando o assunto \u00e9 <a href=\"https:\/\/autolivraria.com.br\/bc\/glossario-c\/#cx\">coeficiente aerodin\u00e2mico (Cx)<\/a>, com \u00edndice de apenas 0,28, um dos melhores j\u00e1 vistos em hatches m\u00e9dios; no Fiat \u00e9 bastante pior, com 0,33. Mesmo com \u00e1rea frontal pouco maior, o 308 acaba com resultado da multiplica\u00e7\u00e3o (que \u00e9 o mais importante) bem mais favor\u00e1vel,\u00a00,708 ante\u00a00,818.<\/p>\n<p>&nbsp;<\/p>\n<div class='one_half'>\n\t\t\t\t\t<a href=\"https:\/\/autolivraria.com.br\/bc\/wp-content\/uploads\/2012\/12\/308-Feline-01.jpg\"><img decoding=\"async\" class=\"aligncenter size-meia-largura-post wp-image-18235 lazyload\" title=\"308 Feline\" data-src=\"https:\/\/autolivraria.com.br\/bc\/wp-content\/uploads\/2012\/12\/308-Feline-01-270x179.jpg\" alt=\"\" width=\"270\" height=\"179\" data-srcset=\"https:\/\/autolivraria.com.br\/bc\/wp-content\/uploads\/2012\/12\/308-Feline-01-270x179.jpg 270w, https:\/\/autolivraria.com.br\/bc\/wp-content\/uploads\/2012\/12\/308-Feline-01-560x373.jpg 560w, https:\/\/autolivraria.com.br\/bc\/wp-content\/uploads\/2012\/12\/308-Feline-01-470x313.jpg 470w, https:\/\/autolivraria.com.br\/bc\/wp-content\/uploads\/2012\/12\/308-Feline-01.jpg 1280w\" data-sizes=\"(max-width: 270px) 100vw, 270px\" src=\"data:image\/svg+xml;base64,PHN2ZyB3aWR0aD0iMSIgaGVpZ2h0PSIxIiB4bWxucz0iaHR0cDovL3d3dy53My5vcmcvMjAwMC9zdmciPjwvc3ZnPg==\" style=\"--smush-placeholder-width: 270px; --smush-placeholder-aspect-ratio: 270\/179;\" \/><\/a>\n\t\t\t\t<\/div>\n<div class='one_half last'>\n\t\t\t\t\t<a href=\"https:\/\/autolivraria.com.br\/bc\/wp-content\/uploads\/2012\/12\/308-Feline-02.jpg\"><img decoding=\"async\" class=\"aligncenter size-meia-largura-post wp-image-18236 lazyload\" title=\"308 Feline\" data-src=\"https:\/\/autolivraria.com.br\/bc\/wp-content\/uploads\/2012\/12\/308-Feline-02-270x179.jpg\" alt=\"\" width=\"270\" height=\"179\" data-srcset=\"https:\/\/autolivraria.com.br\/bc\/wp-content\/uploads\/2012\/12\/308-Feline-02-270x179.jpg 270w, https:\/\/autolivraria.com.br\/bc\/wp-content\/uploads\/2012\/12\/308-Feline-02-560x373.jpg 560w, https:\/\/autolivraria.com.br\/bc\/wp-content\/uploads\/2012\/12\/308-Feline-02-470x313.jpg 470w, https:\/\/autolivraria.com.br\/bc\/wp-content\/uploads\/2012\/12\/308-Feline-02.jpg 1280w\" data-sizes=\"(max-width: 270px) 100vw, 270px\" src=\"data:image\/svg+xml;base64,PHN2ZyB3aWR0aD0iMSIgaGVpZ2h0PSIxIiB4bWxucz0iaHR0cDovL3d3dy53My5vcmcvMjAwMC9zdmciPjwvc3ZnPg==\" style=\"--smush-placeholder-width: 270px; --smush-placeholder-aspect-ratio: 270\/179;\" \/><\/a>\n\t\t\t\t<\/div><div class='clear'><\/div>\n<p style=\"text-align: center;\"><em>\u00a0<\/em><br \/>\n<em>O 308 evolui o tema de estilo do 307, mas com perfil mais baixo e formas\u00a0que<\/em><br \/>\n<em> o distanciam mais de uma minivan; a vers\u00e3o local j\u00e1 nasceu reestilizada<\/em><\/p>\n<p>&nbsp;<\/p>\n<h3>Conforto e conveni\u00eancia<\/h3>\n<p>Os dois modelos mostram bom desenho interno, com painel atual e de formas agrad\u00e1veis, embora s\u00f3brias. O revestimento dos bancos e do volante em couro impressiona bem e ambos usam materiais pl\u00e1sticos de bom aspecto, na m\u00e9dia da categoria. No Bravo h\u00e1 uma caracteriza\u00e7\u00e3o esportiva discreta e de bom gosto, com linhas vermelhas nos encostos, costuras do couro no mesmo tom, ilumina\u00e7\u00e3o avermelhada ao redor da alavanca de c\u00e2mbio e um padr\u00e3o quadriculado no painel.<\/p>\n<p>&nbsp;<\/p>\n<div class='code-block code-block-7' style='margin: 28px auto; text-align: center; display: block; clear: both;'>\n<br>\n<div align=\"center\">\n<a target=\"_blank\" href=\"https:\/\/bestcars.com.br\/bc\/\">\n<img decoding=\"async\" data-src=\"https:\/\/bestcars.com.br\/bc\/wp-content\/uploads\/2021\/07\/Auto-Livraria-450x300-quadros.jpg\" alt=\"Auto Livraria\" src=\"data:image\/svg+xml;base64,PHN2ZyB3aWR0aD0iMSIgaGVpZ2h0PSIxIiB4bWxucz0iaHR0cDovL3d3dy53My5vcmcvMjAwMC9zdmciPjwvc3ZnPg==\" class=\"lazyload\"><\/a>\n<\/div>\n<br><\/div>\n\n<p>&nbsp;<\/p>\n<p>Banco amplo, com densidade de espuma correta e apoios laterais bem presentes, e volante bem desenhado deixam o motorista em adequada acomoda\u00e7\u00e3o nos dois modelos. Existem regulagens de altura do assento e de altura e dist\u00e2ncia do volante, os pedais est\u00e3o em posi\u00e7\u00e3o correta e h\u00e1 apoio bem definido para o p\u00e9 esquerdo. Curiosa no 308 a alavanca de freio de estacionamento em forma de &#8220;Z&#8221;, que lembra a do antigo Honda Civic.<\/p>\n<p>Semelhantes at\u00e9 na disposi\u00e7\u00e3o dos instrumentos, os pain\u00e9is oferecem as mesmas informa\u00e7\u00f5es, o que inclui computador de bordo com duas medi\u00e7\u00f5es e indica\u00e7\u00e3o de consumo em km\/l. Nenhum \u00e9 ideal em ilumina\u00e7\u00e3o: no Fiat os mostradores ficam escuros em boa parte do dia, o que n\u00e3o se resolve nem acendendo luzes externas, apesar da escolha acertada do tom laranja para a luz; no Peugeot \u00e9 o oposto, j\u00e1 que o fundo branco dos instrumentos se torna luminoso demais \u00e0 noite e leva a uma redu\u00e7\u00e3o pelo reostato.<\/p>\n<p>&nbsp;<\/p>\n<div class='one_third'>\n\t\t\t\t\t<a href=\"https:\/\/autolivraria.com.br\/bc\/wp-content\/uploads\/2012\/12\/Bravo-Sporting-int-1.jpg\"><img decoding=\"async\" class=\"aligncenter size-thumbnail wp-image-18237 lazyload\" title=\"Bravo Sporting\" data-src=\"https:\/\/autolivraria.com.br\/bc\/wp-content\/uploads\/2012\/12\/Bravo-Sporting-int-1-168x168.jpg\" alt=\"\" width=\"168\" height=\"168\" data-srcset=\"https:\/\/autolivraria.com.br\/bc\/wp-content\/uploads\/2012\/12\/Bravo-Sporting-int-1-168x168.jpg 168w, https:\/\/autolivraria.com.br\/bc\/wp-content\/uploads\/2012\/12\/Bravo-Sporting-int-1-100x100.jpg 100w\" data-sizes=\"(max-width: 168px) 100vw, 168px\" src=\"data:image\/svg+xml;base64,PHN2ZyB3aWR0aD0iMSIgaGVpZ2h0PSIxIiB4bWxucz0iaHR0cDovL3d3dy53My5vcmcvMjAwMC9zdmciPjwvc3ZnPg==\" style=\"--smush-placeholder-width: 168px; --smush-placeholder-aspect-ratio: 168\/168;\" \/><\/a>\n\t\t\t\t<\/div>\n<div class='one_third'>\n\t\t\t\t\t<a href=\"https:\/\/autolivraria.com.br\/bc\/wp-content\/uploads\/2012\/12\/Bravo-Sporting-bco-1.jpg\"><img decoding=\"async\" class=\"aligncenter size-thumbnail wp-image-18238 lazyload\" title=\"Bravo Sporting\" data-src=\"https:\/\/autolivraria.com.br\/bc\/wp-content\/uploads\/2012\/12\/Bravo-Sporting-bco-1-168x168.jpg\" alt=\"\" width=\"168\" height=\"168\" data-srcset=\"https:\/\/autolivraria.com.br\/bc\/wp-content\/uploads\/2012\/12\/Bravo-Sporting-bco-1-168x168.jpg 168w, https:\/\/autolivraria.com.br\/bc\/wp-content\/uploads\/2012\/12\/Bravo-Sporting-bco-1-560x560.jpg 560w, https:\/\/autolivraria.com.br\/bc\/wp-content\/uploads\/2012\/12\/Bravo-Sporting-bco-1-470x470.jpg 470w, https:\/\/autolivraria.com.br\/bc\/wp-content\/uploads\/2012\/12\/Bravo-Sporting-bco-1-270x270.jpg 270w, https:\/\/autolivraria.com.br\/bc\/wp-content\/uploads\/2012\/12\/Bravo-Sporting-bco-1-100x100.jpg 100w, https:\/\/autolivraria.com.br\/bc\/wp-content\/uploads\/2012\/12\/Bravo-Sporting-bco-1.jpg 853w\" data-sizes=\"(max-width: 168px) 100vw, 168px\" src=\"data:image\/svg+xml;base64,PHN2ZyB3aWR0aD0iMSIgaGVpZ2h0PSIxIiB4bWxucz0iaHR0cDovL3d3dy53My5vcmcvMjAwMC9zdmciPjwvc3ZnPg==\" style=\"--smush-placeholder-width: 168px; --smush-placeholder-aspect-ratio: 168\/168;\" \/><\/a>\n\t\t\t\t<\/div>\n<div class='one_third last'>\n\t\t\t\t\t<a href=\"https:\/\/autolivraria.com.br\/bc\/wp-content\/uploads\/2012\/12\/Bravo-Sporting-bco-2.jpg\"><img decoding=\"async\" class=\"aligncenter size-thumbnail wp-image-18239 lazyload\" title=\"Bravo Sporting\" data-src=\"https:\/\/autolivraria.com.br\/bc\/wp-content\/uploads\/2012\/12\/Bravo-Sporting-bco-2-168x168.jpg\" alt=\"\" width=\"168\" height=\"168\" data-srcset=\"https:\/\/autolivraria.com.br\/bc\/wp-content\/uploads\/2012\/12\/Bravo-Sporting-bco-2-168x168.jpg 168w, https:\/\/autolivraria.com.br\/bc\/wp-content\/uploads\/2012\/12\/Bravo-Sporting-bco-2-560x560.jpg 560w, https:\/\/autolivraria.com.br\/bc\/wp-content\/uploads\/2012\/12\/Bravo-Sporting-bco-2-470x470.jpg 470w, https:\/\/autolivraria.com.br\/bc\/wp-content\/uploads\/2012\/12\/Bravo-Sporting-bco-2-270x270.jpg 270w, https:\/\/autolivraria.com.br\/bc\/wp-content\/uploads\/2012\/12\/Bravo-Sporting-bco-2-100x100.jpg 100w, https:\/\/autolivraria.com.br\/bc\/wp-content\/uploads\/2012\/12\/Bravo-Sporting-bco-2.jpg 853w\" data-sizes=\"(max-width: 168px) 100vw, 168px\" src=\"data:image\/svg+xml;base64,PHN2ZyB3aWR0aD0iMSIgaGVpZ2h0PSIxIiB4bWxucz0iaHR0cDovL3d3dy53My5vcmcvMjAwMC9zdmciPjwvc3ZnPg==\" style=\"--smush-placeholder-width: 168px; --smush-placeholder-aspect-ratio: 168\/168;\" \/><\/a>\n\t\t\t\t<\/div><div class='clear'><\/div>\n<p style=\"text-align: center;\"><em>\u00a0<\/em><br \/>\n<em>O Fiat tem caracteriza\u00e7\u00e3o interna mais esportiva, mas n\u00e3o sobressai em<\/em><br \/>\n<em> espa\u00e7o;\u00a0nos bancos bem desenhados o revestimento em couro \u00e9 opcional<\/em><\/p>\n<p>&nbsp;<\/p>\n<p>O 308 pode ter navegador por sat\u00e9lite com ampla tela retr\u00e1til de 7 pol, vantagem importante sobre o do Bravo (tamb\u00e9m opcional), que se resume a indicar a pr\u00f3xima convers\u00e3o sem exibir mapa. Poderia melhorar nos dois a inser\u00e7\u00e3o de endere\u00e7os; no Peugeot o sistema indicou convers\u00f5es proibidas em mais de uma via de S\u00e3o Paulo.\u00a0<a href=\"https:\/\/autolivraria.com.br\/bc\/glossario-s\/#esta\">Sensores de estacionamento<\/a> v\u00eam atr\u00e1s nos dois carros e tamb\u00e9m \u00e0 frente no Bravo (como op\u00e7\u00e3o), mas s\u00f3 o 308 tem indica\u00e7\u00e3o gr\u00e1fica dos obst\u00e1culos. A Fiat precisa rever o sistema: o alerta sonoro n\u00e3o cessa mesmo depois de parar o carro, passar ao ponto-morto e acionar o freio de estacionamento.<\/p>\n<p>O Feline vem com ar-condicionado com controle autom\u00e1tico e duas sele\u00e7\u00f5es de temperatura, o que o Sporting oferece como op\u00e7\u00e3o; os dois t\u00eam difusor de ar para o banco traseiro. Tetos especiais s\u00e3o de s\u00e9rie em ambas as vers\u00f5es. O do 308 consiste em \u00e1rea envidra\u00e7ada ininterrupta de 0,83 metro quadrado, que pode ser fechada por um forro de controle el\u00e9trico, mas n\u00e3o permite passagem de ar. No Bravo h\u00e1 um teto solar convencional (s\u00f3 que amplo) sobre os bancos dianteiros, que pode ser aberto ou basculado, e um vidro fixo sobre o assento traseiro, cada um com seu forro de acionamento manual. Nos dois modelos a filtragem de luz pelo forro \u00e9 total, ideal para nosso clima, ao contr\u00e1rio de casos como o do Fiat 500.<\/p>\n<p>&nbsp;<\/p>\n<div class='one_third'>\n\t\t\t\t\t<a href=\"https:\/\/autolivraria.com.br\/bc\/wp-content\/uploads\/2012\/12\/308-Feline-int-1.jpg\"><img decoding=\"async\" class=\"aligncenter size-thumbnail wp-image-18240 lazyload\" title=\"308 Feline\" data-src=\"https:\/\/autolivraria.com.br\/bc\/wp-content\/uploads\/2012\/12\/308-Feline-int-1-168x168.jpg\" alt=\"\" width=\"168\" height=\"168\" data-srcset=\"https:\/\/autolivraria.com.br\/bc\/wp-content\/uploads\/2012\/12\/308-Feline-int-1-168x168.jpg 168w, https:\/\/autolivraria.com.br\/bc\/wp-content\/uploads\/2012\/12\/308-Feline-int-1-100x100.jpg 100w\" data-sizes=\"(max-width: 168px) 100vw, 168px\" src=\"data:image\/svg+xml;base64,PHN2ZyB3aWR0aD0iMSIgaGVpZ2h0PSIxIiB4bWxucz0iaHR0cDovL3d3dy53My5vcmcvMjAwMC9zdmciPjwvc3ZnPg==\" style=\"--smush-placeholder-width: 168px; --smush-placeholder-aspect-ratio: 168\/168;\" \/><\/a>\n\t\t\t\t<\/div>\n<div class='one_third'>\n\t\t\t\t\t<a href=\"https:\/\/autolivraria.com.br\/bc\/wp-content\/uploads\/2012\/12\/308-Feline-bco1.jpg\"><img decoding=\"async\" class=\"aligncenter size-thumbnail wp-image-18241 lazyload\" title=\"308 Feline\" data-src=\"https:\/\/autolivraria.com.br\/bc\/wp-content\/uploads\/2012\/12\/308-Feline-bco1-168x168.jpg\" alt=\"\" width=\"168\" height=\"168\" data-srcset=\"https:\/\/autolivraria.com.br\/bc\/wp-content\/uploads\/2012\/12\/308-Feline-bco1-168x168.jpg 168w, https:\/\/autolivraria.com.br\/bc\/wp-content\/uploads\/2012\/12\/308-Feline-bco1-560x560.jpg 560w, https:\/\/autolivraria.com.br\/bc\/wp-content\/uploads\/2012\/12\/308-Feline-bco1-470x470.jpg 470w, https:\/\/autolivraria.com.br\/bc\/wp-content\/uploads\/2012\/12\/308-Feline-bco1-270x270.jpg 270w, https:\/\/autolivraria.com.br\/bc\/wp-content\/uploads\/2012\/12\/308-Feline-bco1-100x100.jpg 100w, https:\/\/autolivraria.com.br\/bc\/wp-content\/uploads\/2012\/12\/308-Feline-bco1.jpg 853w\" data-sizes=\"(max-width: 168px) 100vw, 168px\" src=\"data:image\/svg+xml;base64,PHN2ZyB3aWR0aD0iMSIgaGVpZ2h0PSIxIiB4bWxucz0iaHR0cDovL3d3dy53My5vcmcvMjAwMC9zdmciPjwvc3ZnPg==\" style=\"--smush-placeholder-width: 168px; --smush-placeholder-aspect-ratio: 168\/168;\" \/><\/a>\n\t\t\t\t<\/div>\n<div class='one_third last'>\n\t\t\t\t\t<a href=\"https:\/\/autolivraria.com.br\/bc\/wp-content\/uploads\/2012\/12\/308-Feline-bco2.jpg\"><img decoding=\"async\" class=\"aligncenter size-thumbnail wp-image-18242 lazyload\" title=\"308 Feline\" data-src=\"https:\/\/autolivraria.com.br\/bc\/wp-content\/uploads\/2012\/12\/308-Feline-bco2-168x168.jpg\" alt=\"\" width=\"168\" height=\"168\" data-srcset=\"https:\/\/autolivraria.com.br\/bc\/wp-content\/uploads\/2012\/12\/308-Feline-bco2-168x168.jpg 168w, https:\/\/autolivraria.com.br\/bc\/wp-content\/uploads\/2012\/12\/308-Feline-bco2-560x560.jpg 560w, https:\/\/autolivraria.com.br\/bc\/wp-content\/uploads\/2012\/12\/308-Feline-bco2-470x470.jpg 470w, https:\/\/autolivraria.com.br\/bc\/wp-content\/uploads\/2012\/12\/308-Feline-bco2-270x270.jpg 270w, https:\/\/autolivraria.com.br\/bc\/wp-content\/uploads\/2012\/12\/308-Feline-bco2-100x100.jpg 100w, https:\/\/autolivraria.com.br\/bc\/wp-content\/uploads\/2012\/12\/308-Feline-bco2.jpg 853w\" data-sizes=\"(max-width: 168px) 100vw, 168px\" src=\"data:image\/svg+xml;base64,PHN2ZyB3aWR0aD0iMSIgaGVpZ2h0PSIxIiB4bWxucz0iaHR0cDovL3d3dy53My5vcmcvMjAwMC9zdmciPjwvc3ZnPg==\" style=\"--smush-placeholder-width: 168px; --smush-placeholder-aspect-ratio: 168\/168;\" \/><\/a>\n\t\t\t\t<\/div><div class='clear'><\/div>\n<p style=\"text-align: center;\"><em><br \/>\nCouro \u00e9 de s\u00e9rie no Peugeot, que tamb\u00e9m acomoda bem o motorista e os<\/em><br \/>\n<em>passageiros e tem bom acabamento; a altura \u00fatil no banco traseiro \u00e9 maior<\/em><\/p>\n<p>&nbsp;<\/p>\n<p>Os sistemas de \u00e1udio contam com toca-CDs, fun\u00e7\u00e3o MP3, entrada USB (tamb\u00e9m auxiliar no Peugeot), interface <a href=\"https:\/\/autolivraria.com.br\/bc\/glossario-b\/#blue\">Bluetooth<\/a> para telefone celular (opcional no Bravo) e comandos no volante ou pr\u00f3ximos dele. Embora o sistema Blue&amp;Me do Fiat tenha fun\u00e7\u00f5es adicionais como leitura de mensagens de texto e comandos por voz, a mesma porta USB serve aos mapas do navegador e a um pendrive com m\u00fasicas, al\u00e9m de sua opera\u00e7\u00e3o n\u00e3o ser pr\u00e1tica ou intuitiva.<\/p>\n<p>O aparelho de \u00e1udio n\u00e3o mostra informa\u00e7\u00f5es das faixas \u2014 permanece a mensagem <em>Media Player<\/em>, cabendo tais indica\u00e7\u00f5es a um pequeno mostrador no painel \u2014 e n\u00e3o troca de faixas (devem-se usar os bot\u00f5es no volante) ou de pastas (deve ser feito pelo comando da voz, que nem sempre &#8220;nos entendeu&#8221;, e depende do mesmo mostrador com sua fonte t\u00e3o pequena para a sele\u00e7\u00e3o). A sensa\u00e7\u00e3o que fica \u00e9 que a Fiat inovou h\u00e1 cinco anos com tal recurso no Punto e n\u00e3o o atualizou mais, deixando que a concorr\u00eancia lidasse de maneira mais intuitiva com o pendrive. Como parte dessas limita\u00e7\u00f5es foi revista no Punto 2013, espera-se que o mesmo logo ocorra no Bravo.<\/p>\n<table border=\"0\">\n<tbody>\n<tr>\n<td><a href='https:\/\/autolivraria.com.br\/bc\/informe-se\/avaliacao\/comparativo\/fiat-bravo-sporting-vs-peugeot-308-feline\/3' class='small-button smallsilver'>Pr\u00f3xima parte<\/a><\/td>\n<\/tr>\n<\/tbody>\n<\/table>\n<p>&nbsp;<\/p>\n<p><!--nextpage--><\/p>\n<p>&nbsp;<\/p>\n<div class='one_third'>\n\t\t\t\t\t<a href=\"https:\/\/autolivraria.com.br\/bc\/wp-content\/uploads\/2012\/12\/Bravo-Sporting-int-2.jpg\"><img decoding=\"async\" class=\"aligncenter size-thumbnail wp-image-18243 lazyload\" title=\"Bravo Sporting\" data-src=\"https:\/\/autolivraria.com.br\/bc\/wp-content\/uploads\/2012\/12\/Bravo-Sporting-int-2-168x168.jpg\" alt=\"\" width=\"168\" height=\"168\" data-srcset=\"https:\/\/autolivraria.com.br\/bc\/wp-content\/uploads\/2012\/12\/Bravo-Sporting-int-2-168x168.jpg 168w, https:\/\/autolivraria.com.br\/bc\/wp-content\/uploads\/2012\/12\/Bravo-Sporting-int-2-100x100.jpg 100w\" data-sizes=\"(max-width: 168px) 100vw, 168px\" src=\"data:image\/svg+xml;base64,PHN2ZyB3aWR0aD0iMSIgaGVpZ2h0PSIxIiB4bWxucz0iaHR0cDovL3d3dy53My5vcmcvMjAwMC9zdmciPjwvc3ZnPg==\" style=\"--smush-placeholder-width: 168px; --smush-placeholder-aspect-ratio: 168\/168;\" \/><\/a>\n\t\t\t\t<\/div>\n<div class='one_third'>\n\t\t\t\t\t<a href=\"https:\/\/autolivraria.com.br\/bc\/wp-content\/uploads\/2012\/12\/Bravo-Sporting-det-1.jpg\"><img decoding=\"async\" class=\"aligncenter size-thumbnail wp-image-18244 lazyload\" title=\"Bravo Sporting\" data-src=\"https:\/\/autolivraria.com.br\/bc\/wp-content\/uploads\/2012\/12\/Bravo-Sporting-det-1-168x168.jpg\" alt=\"\" width=\"168\" height=\"168\" data-srcset=\"https:\/\/autolivraria.com.br\/bc\/wp-content\/uploads\/2012\/12\/Bravo-Sporting-det-1-168x168.jpg 168w, https:\/\/autolivraria.com.br\/bc\/wp-content\/uploads\/2012\/12\/Bravo-Sporting-det-1-100x100.jpg 100w\" data-sizes=\"(max-width: 168px) 100vw, 168px\" src=\"data:image\/svg+xml;base64,PHN2ZyB3aWR0aD0iMSIgaGVpZ2h0PSIxIiB4bWxucz0iaHR0cDovL3d3dy53My5vcmcvMjAwMC9zdmciPjwvc3ZnPg==\" style=\"--smush-placeholder-width: 168px; --smush-placeholder-aspect-ratio: 168\/168;\" \/><\/a>\n\t\t\t\t<\/div>\n<div class='one_third last'>\n\t\t\t\t\t<a href=\"https:\/\/autolivraria.com.br\/bc\/wp-content\/uploads\/2012\/12\/Bravo-Sporting-det-6.jpg\"><img decoding=\"async\" class=\"aligncenter size-thumbnail wp-image-18245 lazyload\" title=\"Bravo Sporting\" data-src=\"https:\/\/autolivraria.com.br\/bc\/wp-content\/uploads\/2012\/12\/Bravo-Sporting-det-6-168x168.jpg\" alt=\"\" width=\"168\" height=\"168\" data-srcset=\"https:\/\/autolivraria.com.br\/bc\/wp-content\/uploads\/2012\/12\/Bravo-Sporting-det-6-168x168.jpg 168w, https:\/\/autolivraria.com.br\/bc\/wp-content\/uploads\/2012\/12\/Bravo-Sporting-det-6-100x100.jpg 100w\" data-sizes=\"(max-width: 168px) 100vw, 168px\" src=\"data:image\/svg+xml;base64,PHN2ZyB3aWR0aD0iMSIgaGVpZ2h0PSIxIiB4bWxucz0iaHR0cDovL3d3dy53My5vcmcvMjAwMC9zdmciPjwvc3ZnPg==\" style=\"--smush-placeholder-width: 168px; --smush-placeholder-aspect-ratio: 168\/168;\" \/><\/a>\n\t\t\t\t<\/div><div class='clear'><\/div>\n<p>&nbsp;<\/p>\n<div class='one_third'>\n\t\t\t\t\t<a href=\"https:\/\/autolivraria.com.br\/bc\/wp-content\/uploads\/2012\/12\/Bravo-Sporting-det-9.jpg\"><img decoding=\"async\" class=\"aligncenter size-thumbnail wp-image-18246 lazyload\" title=\"Bravo Sporting\" data-src=\"https:\/\/autolivraria.com.br\/bc\/wp-content\/uploads\/2012\/12\/Bravo-Sporting-det-9-168x168.jpg\" alt=\"\" width=\"168\" height=\"168\" data-srcset=\"https:\/\/autolivraria.com.br\/bc\/wp-content\/uploads\/2012\/12\/Bravo-Sporting-det-9-168x168.jpg 168w, https:\/\/autolivraria.com.br\/bc\/wp-content\/uploads\/2012\/12\/Bravo-Sporting-det-9-100x100.jpg 100w\" data-sizes=\"(max-width: 168px) 100vw, 168px\" src=\"data:image\/svg+xml;base64,PHN2ZyB3aWR0aD0iMSIgaGVpZ2h0PSIxIiB4bWxucz0iaHR0cDovL3d3dy53My5vcmcvMjAwMC9zdmciPjwvc3ZnPg==\" style=\"--smush-placeholder-width: 168px; --smush-placeholder-aspect-ratio: 168\/168;\" \/><\/a>\n\t\t\t\t<\/div>\n<div class='one_third'>\n\t\t\t\t\t<a href=\"https:\/\/autolivraria.com.br\/bc\/wp-content\/uploads\/2012\/12\/Bravo-Sporting-det-5.jpg\"><img decoding=\"async\" class=\"aligncenter size-thumbnail wp-image-18247 lazyload\" title=\"Bravo Sporting\" data-src=\"https:\/\/autolivraria.com.br\/bc\/wp-content\/uploads\/2012\/12\/Bravo-Sporting-det-5-168x168.jpg\" alt=\"\" width=\"168\" height=\"168\" data-srcset=\"https:\/\/autolivraria.com.br\/bc\/wp-content\/uploads\/2012\/12\/Bravo-Sporting-det-5-168x168.jpg 168w, https:\/\/autolivraria.com.br\/bc\/wp-content\/uploads\/2012\/12\/Bravo-Sporting-det-5-100x100.jpg 100w\" data-sizes=\"(max-width: 168px) 100vw, 168px\" src=\"data:image\/svg+xml;base64,PHN2ZyB3aWR0aD0iMSIgaGVpZ2h0PSIxIiB4bWxucz0iaHR0cDovL3d3dy53My5vcmcvMjAwMC9zdmciPjwvc3ZnPg==\" style=\"--smush-placeholder-width: 168px; --smush-placeholder-aspect-ratio: 168\/168;\" \/><\/a>\n\t\t\t\t<\/div>\n<div class='one_third last'>\n\t\t\t\t\t<a href=\"https:\/\/autolivraria.com.br\/bc\/wp-content\/uploads\/2012\/12\/Bravo-Sporting-det-3.jpg\"><img decoding=\"async\" class=\"aligncenter size-thumbnail wp-image-18248 lazyload\" title=\"Bravo Sporting\" data-src=\"https:\/\/autolivraria.com.br\/bc\/wp-content\/uploads\/2012\/12\/Bravo-Sporting-det-3-168x168.jpg\" alt=\"\" width=\"168\" height=\"168\" data-srcset=\"https:\/\/autolivraria.com.br\/bc\/wp-content\/uploads\/2012\/12\/Bravo-Sporting-det-3-168x168.jpg 168w, https:\/\/autolivraria.com.br\/bc\/wp-content\/uploads\/2012\/12\/Bravo-Sporting-det-3-100x100.jpg 100w\" data-sizes=\"(max-width: 168px) 100vw, 168px\" src=\"data:image\/svg+xml;base64,PHN2ZyB3aWR0aD0iMSIgaGVpZ2h0PSIxIiB4bWxucz0iaHR0cDovL3d3dy53My5vcmcvMjAwMC9zdmciPjwvc3ZnPg==\" style=\"--smush-placeholder-width: 168px; --smush-placeholder-aspect-ratio: 168\/168;\" \/><\/a>\n\t\t\t\t<\/div><div class='clear'><\/div>\n<p style=\"text-align: center;\"><em><br \/>\nBons detalhes do Bravo: interface Bluetooth com comando de voz, mola a g\u00e1s<br \/>\npara o cap\u00f4, comandos de marcha no volante, ajuste el\u00e9trico dos far\u00f3is<\/em><\/p>\n<p>&nbsp;<\/p>\n<p>Considerando o Sporting com opcionais, nos dois carros est\u00e3o presentes equipamentos como controle el\u00e9trico de vidros com\u00a0<a href=\"https:\/\/autolivraria.com.br\/bc\/glossario-u\/#umto\">fun\u00e7\u00e3o um-toque<\/a>\u00a0para todos e\u00a0<a href=\"https:\/\/autolivraria.com.br\/bc\/glossario-t\/#temp\">temporizador<\/a>, seu fechamento comandado a dist\u00e2ncia (no Fiat, tamb\u00e9m a abertura, mas sem fechar o teto solar),\u00a0<a href=\"https:\/\/autolivraria.com.br\/bc\/glossario-c\/#cont\">controlador de velocidade<\/a>, retrovisor interno\u00a0<a href=\"https:\/\/autolivraria.com.br\/bc\/glossario-r\/#retr\">fotocr\u00f4mico<\/a>, comando autom\u00e1tico de far\u00f3is e limpador de para-brisa, para-s\u00f3is com espelhos iluminados, dois porta-copos, al\u00e7as de teto com retorno suave (mas falta a do passageiro da frente no Bravo), alerta para porta mal fechada com indica\u00e7\u00e3o espec\u00edfica, alarme com prote\u00e7\u00e3o por ultrassom, ma\u00e7anetas internas cromadas, aviso sonoro e visual para atar cinto, indicador de temperatura externa e apoio de bra\u00e7o central no banco traseiro. O espa\u00e7o para pequenos objetos \u00e9 apenas regular em qualquer um deles.<\/p>\n<p>&nbsp;<\/p>\n<div class='code-block code-block-7' style='margin: 28px auto; text-align: center; display: block; clear: both;'>\n<script async src=\"https:\/\/pagead2.googlesyndication.com\/pagead\/js\/adsbygoogle.js\"><\/script>\n<!-- AL-quadrado -->\n<ins class=\"adsbygoogle\"\n     style=\"display:block\"\n     data-ad-client=\"ca-pub-1914799802606213\"\n     data-ad-slot=\"5683066082\"\n     data-ad-format=\"auto\"\n     data-full-width-responsive=\"true\"><\/ins>\n<script>\n     (adsbygoogle = window.adsbygoogle || []).push({});\n<\/script><\/div>\n\n<p>&nbsp;<\/p>\n<p>Detalhes que favorecem o Bravo s\u00e3o alerta program\u00e1vel para excesso de velocidade, faixa degrad\u00ea no para-brisa (ausente do Peugeot, que ainda traz uma serigrafia insuficiente na regi\u00e3o central), porta-garrafa refrigerado no console, mola a g\u00e1s para sustentar o cap\u00f4 e vidros traseiros que descem por inteiro. Em contrapartida, s\u00f3 o 308 oferece porta-luvas refrigerado, limitador de velocidade, recolhimento autom\u00e1tico dos retrovisores ao trancar o carro (no Fiat h\u00e1 comando el\u00e9trico para isso), dois apoios de bra\u00e7o na frente, \u00f3tima varredura do para-brisa pelos limpadores com bra\u00e7os opostos e luzes de leitura independentes tamb\u00e9m atr\u00e1s (no Bravo depende-se da luz de cortesia central).\u00a0No Fiat \u00e9 estranha a posi\u00e7\u00e3o dos comandos de far\u00f3is de neblina e ajuste el\u00e9trico de far\u00f3is, \u00e0 direita do r\u00e1dio; no Peugeot deveria ser revisto o bocal do tanque aberto com chave.<\/p>\n<p>&nbsp;<\/p>\n<div class='one_third'>\n\t\t\t\t\t<a href=\"https:\/\/autolivraria.com.br\/bc\/wp-content\/uploads\/2012\/12\/308-Feline-int-2.jpg\"><img decoding=\"async\" class=\"aligncenter size-thumbnail wp-image-18249 lazyload\" title=\"308 Feline\" data-src=\"https:\/\/autolivraria.com.br\/bc\/wp-content\/uploads\/2012\/12\/308-Feline-int-2-168x168.jpg\" alt=\"\" width=\"168\" height=\"168\" data-srcset=\"https:\/\/autolivraria.com.br\/bc\/wp-content\/uploads\/2012\/12\/308-Feline-int-2-168x168.jpg 168w, https:\/\/autolivraria.com.br\/bc\/wp-content\/uploads\/2012\/12\/308-Feline-int-2-100x100.jpg 100w\" data-sizes=\"(max-width: 168px) 100vw, 168px\" src=\"data:image\/svg+xml;base64,PHN2ZyB3aWR0aD0iMSIgaGVpZ2h0PSIxIiB4bWxucz0iaHR0cDovL3d3dy53My5vcmcvMjAwMC9zdmciPjwvc3ZnPg==\" style=\"--smush-placeholder-width: 168px; --smush-placeholder-aspect-ratio: 168\/168;\" \/><\/a>\n\t\t\t\t<\/div>\n<div class='one_third'>\n\t\t\t\t\t<a href=\"https:\/\/autolivraria.com.br\/bc\/wp-content\/uploads\/2012\/12\/308-Feline-det-13.jpg\"><img decoding=\"async\" class=\"aligncenter size-thumbnail wp-image-18250 lazyload\" title=\"308 Feline\" data-src=\"https:\/\/autolivraria.com.br\/bc\/wp-content\/uploads\/2012\/12\/308-Feline-det-13-168x168.jpg\" alt=\"\" width=\"168\" height=\"168\" data-srcset=\"https:\/\/autolivraria.com.br\/bc\/wp-content\/uploads\/2012\/12\/308-Feline-det-13-168x168.jpg 168w, https:\/\/autolivraria.com.br\/bc\/wp-content\/uploads\/2012\/12\/308-Feline-det-13-100x100.jpg 100w\" data-sizes=\"(max-width: 168px) 100vw, 168px\" src=\"data:image\/svg+xml;base64,PHN2ZyB3aWR0aD0iMSIgaGVpZ2h0PSIxIiB4bWxucz0iaHR0cDovL3d3dy53My5vcmcvMjAwMC9zdmciPjwvc3ZnPg==\" style=\"--smush-placeholder-width: 168px; --smush-placeholder-aspect-ratio: 168\/168;\" \/><\/a>\n\t\t\t\t<\/div>\n<div class='one_third last'>\n\t\t\t\t\t<a href=\"https:\/\/autolivraria.com.br\/bc\/wp-content\/uploads\/2012\/12\/308-Feline-det-6.jpg\"><img decoding=\"async\" class=\"aligncenter size-thumbnail wp-image-18252 lazyload\" title=\"308 Feline\" data-src=\"https:\/\/autolivraria.com.br\/bc\/wp-content\/uploads\/2012\/12\/308-Feline-det-6-168x168.jpg\" alt=\"\" width=\"168\" height=\"168\" data-srcset=\"https:\/\/autolivraria.com.br\/bc\/wp-content\/uploads\/2012\/12\/308-Feline-det-6-168x168.jpg 168w, https:\/\/autolivraria.com.br\/bc\/wp-content\/uploads\/2012\/12\/308-Feline-det-6-100x100.jpg 100w\" data-sizes=\"(max-width: 168px) 100vw, 168px\" src=\"data:image\/svg+xml;base64,PHN2ZyB3aWR0aD0iMSIgaGVpZ2h0PSIxIiB4bWxucz0iaHR0cDovL3d3dy53My5vcmcvMjAwMC9zdmciPjwvc3ZnPg==\" style=\"--smush-placeholder-width: 168px; --smush-placeholder-aspect-ratio: 168\/168;\" \/><\/a>\n\t\t\t\t<\/div><div class='clear'><\/div>\n<p>&nbsp;<\/p>\n<div class='one_third'>\n\t\t\t\t\t<a href=\"https:\/\/autolivraria.com.br\/bc\/wp-content\/uploads\/2012\/12\/308-Feline-det-2.jpg\"><img decoding=\"async\" class=\"aligncenter size-thumbnail wp-image-18253 lazyload\" title=\"308 Feline\" data-src=\"https:\/\/autolivraria.com.br\/bc\/wp-content\/uploads\/2012\/12\/308-Feline-det-2-168x168.jpg\" alt=\"\" width=\"168\" height=\"168\" data-srcset=\"https:\/\/autolivraria.com.br\/bc\/wp-content\/uploads\/2012\/12\/308-Feline-det-2-168x168.jpg 168w, https:\/\/autolivraria.com.br\/bc\/wp-content\/uploads\/2012\/12\/308-Feline-det-2-100x100.jpg 100w\" data-sizes=\"(max-width: 168px) 100vw, 168px\" src=\"data:image\/svg+xml;base64,PHN2ZyB3aWR0aD0iMSIgaGVpZ2h0PSIxIiB4bWxucz0iaHR0cDovL3d3dy53My5vcmcvMjAwMC9zdmciPjwvc3ZnPg==\" style=\"--smush-placeholder-width: 168px; --smush-placeholder-aspect-ratio: 168\/168;\" \/><\/a>\n\t\t\t\t<\/div>\n<div class='one_third'>\n\t\t\t\t\t<a href=\"https:\/\/autolivraria.com.br\/bc\/wp-content\/uploads\/2012\/12\/308-Feline-det-141.jpg\"><img decoding=\"async\" class=\"aligncenter size-thumbnail wp-image-18254 lazyload\" title=\"308 Feline\" data-src=\"https:\/\/autolivraria.com.br\/bc\/wp-content\/uploads\/2012\/12\/308-Feline-det-141-168x168.jpg\" alt=\"\" width=\"168\" height=\"168\" data-srcset=\"https:\/\/autolivraria.com.br\/bc\/wp-content\/uploads\/2012\/12\/308-Feline-det-141-168x168.jpg 168w, https:\/\/autolivraria.com.br\/bc\/wp-content\/uploads\/2012\/12\/308-Feline-det-141-100x100.jpg 100w\" data-sizes=\"(max-width: 168px) 100vw, 168px\" src=\"data:image\/svg+xml;base64,PHN2ZyB3aWR0aD0iMSIgaGVpZ2h0PSIxIiB4bWxucz0iaHR0cDovL3d3dy53My5vcmcvMjAwMC9zdmciPjwvc3ZnPg==\" style=\"--smush-placeholder-width: 168px; --smush-placeholder-aspect-ratio: 168\/168;\" \/><\/a>\n\t\t\t\t<\/div>\n<div class='one_third last'>\n\t\t\t\t\t<a href=\"https:\/\/autolivraria.com.br\/bc\/wp-content\/uploads\/2012\/12\/308-Feline-det-4.jpg\"><img decoding=\"async\" class=\"aligncenter size-thumbnail wp-image-18255 lazyload\" title=\"308 Feline\" data-src=\"https:\/\/autolivraria.com.br\/bc\/wp-content\/uploads\/2012\/12\/308-Feline-det-4-168x168.jpg\" alt=\"\" width=\"168\" height=\"168\" data-srcset=\"https:\/\/autolivraria.com.br\/bc\/wp-content\/uploads\/2012\/12\/308-Feline-det-4-168x168.jpg 168w, https:\/\/autolivraria.com.br\/bc\/wp-content\/uploads\/2012\/12\/308-Feline-det-4-100x100.jpg 100w\" data-sizes=\"(max-width: 168px) 100vw, 168px\" src=\"data:image\/svg+xml;base64,PHN2ZyB3aWR0aD0iMSIgaGVpZ2h0PSIxIiB4bWxucz0iaHR0cDovL3d3dy53My5vcmcvMjAwMC9zdmciPjwvc3ZnPg==\" style=\"--smush-placeholder-width: 168px; --smush-placeholder-aspect-ratio: 168\/168;\" \/><\/a>\n\t\t\t\t<\/div><div class='clear'><\/div>\n<p style=\"text-align: center;\"><em><br \/>\nItens que favorecem o 308: navegador com mapa, limitador de velocidade<br \/>\ne apoios de bra\u00e7o; ele vem de s\u00e9rie com ar de duas zonas e far\u00f3is autom\u00e1ticos<\/em><\/p>\n<p>&nbsp;<\/p>\n<p>Se na frente h\u00e1 ampla acomoda\u00e7\u00e3o, no banco traseiro o 308 sobressai pela \u00f3tima altura dispon\u00edvel para a cabe\u00e7a, como seu perfil de teto j\u00e1 faria esperar, mas a do Bravo n\u00e3o chega a incomodar. Nos dois modelos h\u00e1 espa\u00e7o apenas regular para pernas e em largura e n\u00e3o se recomenda viajar com tr\u00eas adultos atr\u00e1s. O passageiro central sofre em ambos com um encosto muito duro, decorrente do apoio de bra\u00e7o ali colocado.<\/p>\n<p>Ambos os compartimentos de bagagem s\u00e3o amplos para a categoria, com certa vantagem para o 308 (capacidade informada de 430 litros) sobre o Bravo (400). Nos dois casos o banco traseiro \u00e9 bipartido 60:40, incluindo o assento, e o estepe vem sob o assoalho com pneu de 16 pol, diferente dos pneus de rodagem de 17 pol \u2014 o que imp\u00f5e limite de velocidade de 80 km\/h durante seu uso e impede de aproveit\u00e1-lo em rod\u00edzio ou reposi\u00e7\u00e3o. O acesso da bagagem seria mais f\u00e1cil se a base da abertura n\u00e3o fosse t\u00e3o alta, inconveniente mais percebido no Fiat.<\/p>\n<p>&nbsp;<\/p>\n<div class='one_half'>\n\t\t\t\t\t<a href=\"https:\/\/autolivraria.com.br\/bc\/wp-content\/uploads\/2012\/12\/Bravo-Sporting-teto.jpg\"><img decoding=\"async\" class=\"aligncenter size-meia-largura-post wp-image-18277 lazyload\" title=\"Bravo Sporting\" data-src=\"https:\/\/autolivraria.com.br\/bc\/wp-content\/uploads\/2012\/12\/Bravo-Sporting-teto-270x179.jpg\" alt=\"\" width=\"270\" height=\"179\" data-srcset=\"https:\/\/autolivraria.com.br\/bc\/wp-content\/uploads\/2012\/12\/Bravo-Sporting-teto-270x179.jpg 270w, https:\/\/autolivraria.com.br\/bc\/wp-content\/uploads\/2012\/12\/Bravo-Sporting-teto-560x372.jpg 560w, https:\/\/autolivraria.com.br\/bc\/wp-content\/uploads\/2012\/12\/Bravo-Sporting-teto-470x312.jpg 470w, https:\/\/autolivraria.com.br\/bc\/wp-content\/uploads\/2012\/12\/Bravo-Sporting-teto.jpg 640w\" data-sizes=\"(max-width: 270px) 100vw, 270px\" src=\"data:image\/svg+xml;base64,PHN2ZyB3aWR0aD0iMSIgaGVpZ2h0PSIxIiB4bWxucz0iaHR0cDovL3d3dy53My5vcmcvMjAwMC9zdmciPjwvc3ZnPg==\" style=\"--smush-placeholder-width: 270px; --smush-placeholder-aspect-ratio: 270\/179;\" \/><\/a>\n\t\t\t\t<\/div>\n<div class='one_half last'>\n\t\t\t\t\t<a href=\"https:\/\/autolivraria.com.br\/bc\/wp-content\/uploads\/2012\/12\/308-Feline-det-9.jpg\"><img decoding=\"async\" class=\"aligncenter size-meia-largura-post wp-image-18278 lazyload\" title=\"308 Feline\" data-src=\"https:\/\/autolivraria.com.br\/bc\/wp-content\/uploads\/2012\/12\/308-Feline-det-9-270x179.jpg\" alt=\"\" width=\"270\" height=\"179\" data-srcset=\"https:\/\/autolivraria.com.br\/bc\/wp-content\/uploads\/2012\/12\/308-Feline-det-9-270x179.jpg 270w, https:\/\/autolivraria.com.br\/bc\/wp-content\/uploads\/2012\/12\/308-Feline-det-9-560x372.jpg 560w, https:\/\/autolivraria.com.br\/bc\/wp-content\/uploads\/2012\/12\/308-Feline-det-9-470x312.jpg 470w, https:\/\/autolivraria.com.br\/bc\/wp-content\/uploads\/2012\/12\/308-Feline-det-9.jpg 640w\" data-sizes=\"(max-width: 270px) 100vw, 270px\" src=\"data:image\/svg+xml;base64,PHN2ZyB3aWR0aD0iMSIgaGVpZ2h0PSIxIiB4bWxucz0iaHR0cDovL3d3dy53My5vcmcvMjAwMC9zdmciPjwvc3ZnPg==\" style=\"--smush-placeholder-width: 270px; --smush-placeholder-aspect-ratio: 270\/179;\" \/><\/a>\n\t\t\t\t<\/div><div class='clear'><\/div>\n<p style=\"text-align: center;\"><em>\u00a0<\/em><br \/>\n<em>No Sporting, teto solar m\u00f3vel na parte dianteira e fixo na traseira; no Feline, um<\/em><br \/>\n<em>grande teto envidra\u00e7ado fixo, com a comodidade de controle el\u00e9trico do forro<\/em><\/p>\n<div>\n<table border=\"0\">\n<tbody>\n<tr>\n<td><a href='https:\/\/autolivraria.com.br\/bc\/informe-se\/avaliacao\/comparativo\/fiat-bravo-sporting-vs-peugeot-308-feline\/4' class='small-button smallsilver'>Pr\u00f3xima parte<\/a><\/td>\n<\/tr>\n<\/tbody>\n<\/table>\n<\/div>\n<p>&nbsp;<\/p>\n<div class='et-box et-shadow'>\n\t\t\t\t\t<div class='et-box-content'><h2>Equipamentos de s\u00e9rie e opcionais<\/h2>\n<table id=\"table5992\" style=\"width: 100%;\" border=\"0\" cellspacing=\"0\" cellpadding=\"3\">\n<tbody>\n<tr>\n<td width=\"60%\"><\/td>\n<td width=\"20%\">\n<h1>Bravo<\/h1>\n<\/td>\n<td width=\"20%\">\n<h1>308<\/h1>\n<\/td>\n<\/tr>\n<tr>\n<td width=\"60%\">Ajuste de altura dos bancos mot.\/pas.<\/td>\n<td width=\"20%\">S\/ND<\/td>\n<td width=\"20%\">S\/ND<\/td>\n<\/tr>\n<tr>\n<td width=\"60%\">Ajuste de apoio lombar mot.\/pas.<\/td>\n<td width=\"20%\">ND<\/td>\n<td width=\"20%\">ND<\/td>\n<\/tr>\n<tr>\n<td width=\"60%\">Ajuste do volante em altura\/dist\u00e2ncia<\/td>\n<td width=\"20%\">S\/S<\/td>\n<td width=\"20%\">S\/S<\/td>\n<\/tr>\n<tr>\n<td width=\"60%\">Ajuste el\u00e9trico dos bancos mot.\/pas.<\/td>\n<td width=\"20%\">ND<\/td>\n<td width=\"20%\">ND<\/td>\n<\/tr>\n<tr>\n<td width=\"60%\">Ajuste el\u00e9trico dos retrovisores<\/td>\n<td width=\"20%\">S<\/td>\n<td width=\"20%\">S<\/td>\n<\/tr>\n<tr>\n<td width=\"60%\">Alarme antifurto\/controle a dist\u00e2ncia<\/td>\n<td width=\"20%\">S\/S<\/td>\n<td width=\"20%\">S\/S<\/td>\n<\/tr>\n<tr>\n<td width=\"60%\">Aquecimento<\/td>\n<td width=\"20%\">S<\/td>\n<td width=\"20%\">S<\/td>\n<\/tr>\n<tr>\n<td width=\"60%\">Ar-condicionado\/controle autom\u00e1tico\/zonas<\/td>\n<td width=\"20%\">S\/O\/2<\/td>\n<td width=\"20%\">S\/S\/2<\/td>\n<\/tr>\n<tr>\n<td width=\"60%\">Bancos\/volante revestidos em couro<\/td>\n<td width=\"20%\">O\/S<\/td>\n<td width=\"20%\">S\/S<\/td>\n<\/tr>\n<tr>\n<td width=\"60%\">Bolsas infl\u00e1veis frontais\/laterais\/cortinas<\/td>\n<td width=\"20%\">S\/ND\/ND<\/td>\n<td width=\"20%\">S\/S\/S<\/td>\n<\/tr>\n<tr>\n<td width=\"60%\">C\u00e2mbio autom\u00e1tico\/automatizado<\/td>\n<td width=\"20%\">ND\/O<\/td>\n<td width=\"20%\">S\/ND<\/td>\n<\/tr>\n<tr>\n<td width=\"60%\">C\u00e2mera traseira para manobras<\/td>\n<td width=\"20%\">ND<\/td>\n<td width=\"20%\">ND<\/td>\n<\/tr>\n<tr>\n<td width=\"60%\">Cintos de tr\u00eas pontos, todos os ocupantes<\/td>\n<td width=\"20%\">S<\/td>\n<td width=\"20%\">S<\/td>\n<\/tr>\n<tr>\n<td width=\"60%\">Computador de bordo<\/td>\n<td width=\"20%\">S<\/td>\n<td width=\"20%\">S<\/td>\n<\/tr>\n<tr>\n<td width=\"60%\">Conta-giros<\/td>\n<td width=\"20%\">S<\/td>\n<td width=\"20%\">S<\/td>\n<\/tr>\n<tr>\n<td width=\"60%\">Controlador\/limitador de velocidade<\/td>\n<td width=\"20%\">S\/ND<\/td>\n<td width=\"20%\">S\/S<\/td>\n<\/tr>\n<tr>\n<td width=\"60%\">Controle de tra\u00e7\u00e3o\/estabilidade<\/td>\n<td width=\"20%\">ND<\/td>\n<td width=\"20%\">S\/S<\/td>\n<\/tr>\n<tr>\n<td width=\"60%\">Controle el\u00e9trico dos vidros diant.\/tras.<\/td>\n<td width=\"20%\">S\/S<\/td>\n<td width=\"20%\">S\/S<\/td>\n<\/tr>\n<tr>\n<td width=\"60%\">Controles de \u00e1udio no volante<\/td>\n<td width=\"20%\">S<\/td>\n<td width=\"20%\">S<\/td>\n<\/tr>\n<tr>\n<td width=\"60%\">Dire\u00e7\u00e3o assistida<\/td>\n<td width=\"20%\">S<\/td>\n<td width=\"20%\">S<\/td>\n<\/tr>\n<tr>\n<td width=\"60%\">Encosto de cabe\u00e7a, todos os ocupantes<\/td>\n<td width=\"20%\">S<\/td>\n<td width=\"20%\">S<\/td>\n<\/tr>\n<tr>\n<td width=\"60%\">Far\u00f3is com l\u00e2mpadas de xen\u00f4nio<\/td>\n<td width=\"20%\">ND<\/td>\n<td width=\"20%\">ND<\/td>\n<\/tr>\n<tr>\n<td width=\"60%\">Far\u00f3is de neblina<\/td>\n<td width=\"20%\">S<\/td>\n<td width=\"20%\">S<\/td>\n<\/tr>\n<tr>\n<td width=\"60%\">Far\u00f3is\/limpador de para-brisa autom\u00e1tico<\/td>\n<td width=\"20%\">O\/O<\/td>\n<td width=\"20%\">S\/S<\/td>\n<\/tr>\n<tr>\n<td width=\"60%\">Freios antitravamento (ABS)<\/td>\n<td width=\"20%\">S<\/td>\n<td width=\"20%\">S<\/td>\n<\/tr>\n<tr>\n<td width=\"60%\">Interface Bluetooth para telefone celular<\/td>\n<td width=\"20%\">O<\/td>\n<td width=\"20%\">S<\/td>\n<\/tr>\n<tr>\n<td width=\"60%\">Limpador\/lavador do vidro traseiro<\/td>\n<td width=\"20%\">S<\/td>\n<td width=\"20%\">S<\/td>\n<\/tr>\n<tr>\n<td width=\"60%\">Luz traseira de neblina<\/td>\n<td width=\"20%\">ND<\/td>\n<td width=\"20%\">S<\/td>\n<\/tr>\n<tr>\n<td width=\"60%\">Navegador por GPS<\/td>\n<td width=\"20%\">O<\/td>\n<td width=\"20%\">O<\/td>\n<\/tr>\n<tr>\n<td width=\"60%\">R\u00e1dio com toca-CDs\/MP3<\/td>\n<td width=\"20%\">S\/S<\/td>\n<td width=\"20%\">S\/S<\/td>\n<\/tr>\n<tr>\n<td width=\"60%\">Repetidores laterais das luzes de dire\u00e7\u00e3o<\/td>\n<td width=\"20%\">S<\/td>\n<td width=\"20%\">S<\/td>\n<\/tr>\n<tr>\n<td width=\"60%\">Retrovisor interno fotocr\u00f4mico<\/td>\n<td width=\"20%\">O<\/td>\n<td width=\"20%\">S<\/td>\n<\/tr>\n<tr>\n<td width=\"60%\">Rodas de alum\u00ednio<\/td>\n<td width=\"20%\">S<\/td>\n<td width=\"20%\">S<\/td>\n<\/tr>\n<tr>\n<td width=\"60%\">Sensores de estacionamento diant.\/tras.<\/td>\n<td width=\"20%\">O\/O<\/td>\n<td width=\"20%\">ND\/S<\/td>\n<\/tr>\n<tr>\n<td width=\"60%\">Teto solar\/comando el\u00e9trico<\/td>\n<td width=\"20%\">S\/S<\/td>\n<td width=\"20%\">S (fixo)<\/td>\n<\/tr>\n<tr>\n<td width=\"60%\">Travamento central das portas<\/td>\n<td width=\"20%\">S<\/td>\n<td width=\"20%\">S<\/td>\n<\/tr>\n<tr>\n<td colspan=\"3\" width=\"100%\">Conven\u00e7\u00f5es: S = de s\u00e9rie; O = opcional; ND = n\u00e3o dispon\u00edvel; NA = n\u00e3o aplic\u00e1vel<\/td>\n<\/tr>\n<\/tbody>\n<\/table><\/div><\/div>\n<p>&nbsp;<\/p>\n<p><!--nextpage--><\/p>\n<p>&nbsp;<\/p>\n<div class='one_half'>\n\t\t\t\t\t<a href=\"https:\/\/autolivraria.com.br\/bc\/wp-content\/uploads\/2012\/12\/Bravo-Sporting-12.jpg\"><img decoding=\"async\" class=\"aligncenter size-meia-largura-post wp-image-18256 lazyload\" title=\"Bravo Sporting\" data-src=\"https:\/\/autolivraria.com.br\/bc\/wp-content\/uploads\/2012\/12\/Bravo-Sporting-12-270x179.jpg\" alt=\"\" width=\"270\" height=\"179\" data-srcset=\"https:\/\/autolivraria.com.br\/bc\/wp-content\/uploads\/2012\/12\/Bravo-Sporting-12-270x179.jpg 270w, https:\/\/autolivraria.com.br\/bc\/wp-content\/uploads\/2012\/12\/Bravo-Sporting-12-560x373.jpg 560w, https:\/\/autolivraria.com.br\/bc\/wp-content\/uploads\/2012\/12\/Bravo-Sporting-12-470x313.jpg 470w, https:\/\/autolivraria.com.br\/bc\/wp-content\/uploads\/2012\/12\/Bravo-Sporting-12.jpg 1280w\" data-sizes=\"(max-width: 270px) 100vw, 270px\" src=\"data:image\/svg+xml;base64,PHN2ZyB3aWR0aD0iMSIgaGVpZ2h0PSIxIiB4bWxucz0iaHR0cDovL3d3dy53My5vcmcvMjAwMC9zdmciPjwvc3ZnPg==\" style=\"--smush-placeholder-width: 270px; --smush-placeholder-aspect-ratio: 270\/179;\" \/><\/a>\n\t\t\t\t<\/div>\n<div class='one_half last'>\n\t\t\t\t\t<a href=\"https:\/\/autolivraria.com.br\/bc\/wp-content\/uploads\/2012\/12\/Bravo-Sporting-11.jpg\"><img decoding=\"async\" class=\"aligncenter size-meia-largura-post wp-image-18257 lazyload\" title=\"Bravo Sporting\" data-src=\"https:\/\/autolivraria.com.br\/bc\/wp-content\/uploads\/2012\/12\/Bravo-Sporting-11-270x179.jpg\" alt=\"\" width=\"270\" height=\"179\" data-srcset=\"https:\/\/autolivraria.com.br\/bc\/wp-content\/uploads\/2012\/12\/Bravo-Sporting-11-270x179.jpg 270w, https:\/\/autolivraria.com.br\/bc\/wp-content\/uploads\/2012\/12\/Bravo-Sporting-11-560x373.jpg 560w, https:\/\/autolivraria.com.br\/bc\/wp-content\/uploads\/2012\/12\/Bravo-Sporting-11-470x313.jpg 470w, https:\/\/autolivraria.com.br\/bc\/wp-content\/uploads\/2012\/12\/Bravo-Sporting-11.jpg 1280w\" data-sizes=\"(max-width: 270px) 100vw, 270px\" src=\"data:image\/svg+xml;base64,PHN2ZyB3aWR0aD0iMSIgaGVpZ2h0PSIxIiB4bWxucz0iaHR0cDovL3d3dy53My5vcmcvMjAwMC9zdmciPjwvc3ZnPg==\" style=\"--smush-placeholder-width: 270px; --smush-placeholder-aspect-ratio: 270\/179;\" \/><\/a>\n\t\t\t\t<\/div><div class='clear'><\/div>\n<p style=\"text-align: center;\"><em><br \/>\nApesar do ronco agrad\u00e1vel e da efici\u00eancia do c\u00e2mbio automatizado, o Bravo\u00a0\u00e9<br \/>\nmenos convincente em desempenho com seus 132 cv, mas tem menor consumo<\/em><\/p>\n<p>&nbsp;<\/p>\n<h3>Mec\u00e2nica, comportamento e seguran\u00e7a<\/h3>\n<p>Os motores t\u00eam caracter\u00edsticas em comum, como quatro v\u00e1lvulas por cilindro e uso de alum\u00ednio apenas no cabe\u00e7ote, e diferen\u00e7as que v\u00e3o al\u00e9m da cilindrada (<a href=\"https:\/\/autolivraria.com.br\/bc\/informe-se\/avaliacao\/comparativo\/fiat-bravo-sporting-vs-peugeot-308-feline\/5\/\/\">saiba mais sobre t\u00e9cnica<\/a>). Com <a href=\"https:\/\/autolivraria.com.br\/bc\/glossario-p\/#pote\">pot\u00eancia espec\u00edfica<\/a> id\u00eantica no caso de uso de \u00e1lcool, o quarto de litro a mais do Peugeot se traduz em maiores pot\u00eancia e torque: 143 cv\/20 m.kgf com gasolina e 151 cv\/22 m.kgf com \u00e1lcool ante 130 cv\/18,4 m.kgf e 132 cv\/18,9 m.kgf do Fiat.<\/p>\n<p>Nos dois casos o pico de torque concentra-se em alta rota\u00e7\u00e3o, de 4.000 rpm para cima, como habitual em motores multiv\u00e1lvula. Com isso,\u00a0as respostas em rota\u00e7\u00f5es bem baixas (at\u00e9 2.000 rpm) deixam um pouco a desejar, mas s\u00e3o unidades relativamente silenciosas; o funcionamento mais suave \u00e9 percebido no Fiat \u2014 cuja agrad\u00e1vel combina\u00e7\u00e3o de sons de aspira\u00e7\u00e3o e escapamento lhe garante o jeito italiano de ser e comp\u00f5e bem a vers\u00e3o Sporting, sem incomodar.<\/p>\n<p>Maiores pot\u00eancia e torque com peso semelhante trouxeram ampla vit\u00f3ria ao 308 em velocidade m\u00e1xima (cerca de 20 km\/h acima) e um pouco mais discreta em acelera\u00e7\u00e3o e retomada, como ao passar de 0 a 100 km\/h em 10,5 segundos ante 11,6 do Bravo, sempre com \u00e1lcool. S\u00e3o bons desempenhos, mas menos expressivos do que poderiam, por culpa do c\u00e2mbio no Peugeot e da aerodin\u00e2mica no Fiat. Este \u00e9 mais econ\u00f4mico, em especial no ciclo urbano (<a href=\"https:\/\/autolivraria.com.br\/bc\/informe-se\/avaliacao\/comparativo\/fiat-bravo-sporting-vs-peugeot-308-feline\/5\/\">veja a simula\u00e7\u00e3o com an\u00e1lise detalhada<\/a>).<\/p>\n<p>&nbsp;<\/p>\n<div class='one_half'>\n\t\t\t\t\t<a href=\"https:\/\/autolivraria.com.br\/bc\/wp-content\/uploads\/2012\/12\/308-Feline-12.jpg\"><img decoding=\"async\" class=\"aligncenter size-meia-largura-post wp-image-18258 lazyload\" title=\"308 Feline\" data-src=\"https:\/\/autolivraria.com.br\/bc\/wp-content\/uploads\/2012\/12\/308-Feline-12-270x179.jpg\" alt=\"\" width=\"270\" height=\"179\" data-srcset=\"https:\/\/autolivraria.com.br\/bc\/wp-content\/uploads\/2012\/12\/308-Feline-12-270x179.jpg 270w, https:\/\/autolivraria.com.br\/bc\/wp-content\/uploads\/2012\/12\/308-Feline-12-560x373.jpg 560w, https:\/\/autolivraria.com.br\/bc\/wp-content\/uploads\/2012\/12\/308-Feline-12-470x313.jpg 470w, https:\/\/autolivraria.com.br\/bc\/wp-content\/uploads\/2012\/12\/308-Feline-12.jpg 1280w\" data-sizes=\"(max-width: 270px) 100vw, 270px\" src=\"data:image\/svg+xml;base64,PHN2ZyB3aWR0aD0iMSIgaGVpZ2h0PSIxIiB4bWxucz0iaHR0cDovL3d3dy53My5vcmcvMjAwMC9zdmciPjwvc3ZnPg==\" style=\"--smush-placeholder-width: 270px; --smush-placeholder-aspect-ratio: 270\/179;\" \/><\/a>\n\t\t\t\t<\/div>\n<div class='one_half last'>\n\t\t\t\t\t<a href=\"https:\/\/autolivraria.com.br\/bc\/wp-content\/uploads\/2012\/12\/308-Feline-11.jpg\"><img decoding=\"async\" class=\"aligncenter size-meia-largura-post wp-image-18259 lazyload\" title=\"308 Feline\" data-src=\"https:\/\/autolivraria.com.br\/bc\/wp-content\/uploads\/2012\/12\/308-Feline-11-270x179.jpg\" alt=\"\" width=\"270\" height=\"179\" data-srcset=\"https:\/\/autolivraria.com.br\/bc\/wp-content\/uploads\/2012\/12\/308-Feline-11-270x179.jpg 270w, https:\/\/autolivraria.com.br\/bc\/wp-content\/uploads\/2012\/12\/308-Feline-11-560x373.jpg 560w, https:\/\/autolivraria.com.br\/bc\/wp-content\/uploads\/2012\/12\/308-Feline-11-470x313.jpg 470w, https:\/\/autolivraria.com.br\/bc\/wp-content\/uploads\/2012\/12\/308-Feline-11.jpg 1280w\" data-sizes=\"(max-width: 270px) 100vw, 270px\" src=\"data:image\/svg+xml;base64,PHN2ZyB3aWR0aD0iMSIgaGVpZ2h0PSIxIiB4bWxucz0iaHR0cDovL3d3dy53My5vcmcvMjAwMC9zdmciPjwvc3ZnPg==\" style=\"--smush-placeholder-width: 270px; --smush-placeholder-aspect-ratio: 270\/179;\" \/><\/a>\n\t\t\t\t<\/div><div class='clear'><\/div>\n<p style=\"text-align: center;\"><em><br \/>\nO 308 faz valer sua maior cilindrada (2,0 litros) para obter 151 cv e melhor<\/em><br \/>\n<em>desempenho geral; contudo, o c\u00e2mbio de quatro marchas o prejudica<\/em><\/p>\n<p>&nbsp;<\/p>\n<p>As caixas de c\u00e2mbio diferem em conceito \u2014 autom\u00e1tica tradicional no 308, manual automatizada no Bravo, com uma marcha a mais no caso deste \u2014 e na interface para o motorista. A do Peugeot tem tr\u00eas programas de uso: o normal, o esportivo para manter rota\u00e7\u00f5es mais altas e o de inverno, para pisos de baixa ader\u00eancia, que usa marchas mais altas para sa\u00eddas suaves. Admite tamb\u00e9m mudan\u00e7as manuais via alavanca, sendo as redu\u00e7\u00f5es operadas para tr\u00e1s. Nesse modo de uso as trocas para cima permanecem autom\u00e1ticas ao atingir a rota\u00e7\u00e3o prevista, mas \u00e9 poss\u00edvel abrir quase todo o acelerador sem provocar redu\u00e7\u00e3o, que s\u00f3 vem quando se atinge o fim de curso.<\/p>\n<p>&nbsp;<\/p>\n<blockquote><p>Maiores pot\u00eancia e torque com peso semelhante deixam o 308 mais r\u00e1pido que o Bravo; eles oferecem bons desempenhos, mas menos expressivos do que poderiam<\/p><\/blockquote>\n<p>&nbsp;<\/p>\n<p>O c\u00e2mbio do 308, de gera\u00e7\u00e3o mais atual que o usado antes no 307, representa grande vantagem em suavidade se comparado ao do oponente ao pre\u00e7o de maior consumo de energia. Mostra opera\u00e7\u00e3o bem acertada, exceto pela insist\u00eancia em manter o motor acima de 2.000 rpm mesmo ao andar com parcim\u00f4nia, o que poderia ser evitado em nome da efici\u00eancia. E n\u00e3o \u00e9 novidade, mas \u00e9 preciso dizer: quatro marchas s\u00e3o muito pouco para um motor com as caracter\u00edsticas desse 2,0-litros, que gosta de altas rota\u00e7\u00f5es. A caixa de seis oferecida na vers\u00e3o THP, de motor 1,6 turbo, seria ideal aqui.<\/p>\n<p>No Bravo h\u00e1 opera\u00e7\u00e3o manual pela alavanca, reduzindo para frente, ou pelos comandos junto ao volante; tanto o modo manual quanto o autom\u00e1tico podem trabalhar em programas normal e esportivo. O uso manual \u00e9 manual de verdade: n\u00e3o ocorrem redu\u00e7\u00f5es ao acelerar, mesmo a 100% do curso, e o motor fica &#8220;cortando&#8221; no limite de giros de 6.400 rpm (600 acima do ponto de troca autom\u00e1tica) at\u00e9 o motorista comandar a troca para cima. O modo autom\u00e1tico esportivo mant\u00e9m rota\u00e7\u00f5es mais altas, como no Peugeot; j\u00e1 o manual esportivo faz trocas mais r\u00e1pidas e produz agrad\u00e1vel\u00a0<a href=\"https:\/\/autolivraria.com.br\/bc\/glossario-a\/#inte\">acelera\u00e7\u00e3o interina<\/a>\u00a0quando se comanda uma redu\u00e7\u00e3o.<\/p>\n<p>&nbsp;<\/p>\n<div class='one_half'>\n\t\t\t\t\t<a href=\"https:\/\/autolivraria.com.br\/bc\/wp-content\/uploads\/2012\/12\/Bravo-Sporting-mtr.jpg\"><img decoding=\"async\" class=\"aligncenter size-meia-largura-post wp-image-18266 lazyload\" title=\"Bravo Sporting\" data-src=\"https:\/\/autolivraria.com.br\/bc\/wp-content\/uploads\/2012\/12\/Bravo-Sporting-mtr-270x179.jpg\" alt=\"\" width=\"270\" height=\"179\" data-srcset=\"https:\/\/autolivraria.com.br\/bc\/wp-content\/uploads\/2012\/12\/Bravo-Sporting-mtr-270x179.jpg 270w, https:\/\/autolivraria.com.br\/bc\/wp-content\/uploads\/2012\/12\/Bravo-Sporting-mtr-560x372.jpg 560w, https:\/\/autolivraria.com.br\/bc\/wp-content\/uploads\/2012\/12\/Bravo-Sporting-mtr-470x312.jpg 470w, https:\/\/autolivraria.com.br\/bc\/wp-content\/uploads\/2012\/12\/Bravo-Sporting-mtr.jpg 640w\" data-sizes=\"(max-width: 270px) 100vw, 270px\" src=\"data:image\/svg+xml;base64,PHN2ZyB3aWR0aD0iMSIgaGVpZ2h0PSIxIiB4bWxucz0iaHR0cDovL3d3dy53My5vcmcvMjAwMC9zdmciPjwvc3ZnPg==\" style=\"--smush-placeholder-width: 270px; --smush-placeholder-aspect-ratio: 270\/179;\" \/><\/a>\n\t\t\t\t<\/div>\n<div class='one_half last'>\n\t\t\t\t\t<a href=\"https:\/\/autolivraria.com.br\/bc\/wp-content\/uploads\/2012\/12\/308-Feline-mtr.jpg\"><img decoding=\"async\" class=\"aligncenter size-meia-largura-post wp-image-18267 lazyload\" title=\"308 Feline\" data-src=\"https:\/\/autolivraria.com.br\/bc\/wp-content\/uploads\/2012\/12\/308-Feline-mtr-270x179.jpg\" alt=\"\" width=\"270\" height=\"179\" data-srcset=\"https:\/\/autolivraria.com.br\/bc\/wp-content\/uploads\/2012\/12\/308-Feline-mtr-270x179.jpg 270w, https:\/\/autolivraria.com.br\/bc\/wp-content\/uploads\/2012\/12\/308-Feline-mtr-560x372.jpg 560w, https:\/\/autolivraria.com.br\/bc\/wp-content\/uploads\/2012\/12\/308-Feline-mtr-470x312.jpg 470w, https:\/\/autolivraria.com.br\/bc\/wp-content\/uploads\/2012\/12\/308-Feline-mtr.jpg 640w\" data-sizes=\"(max-width: 270px) 100vw, 270px\" src=\"data:image\/svg+xml;base64,PHN2ZyB3aWR0aD0iMSIgaGVpZ2h0PSIxIiB4bWxucz0iaHR0cDovL3d3dy53My5vcmcvMjAwMC9zdmciPjwvc3ZnPg==\" style=\"--smush-placeholder-width: 270px; --smush-placeholder-aspect-ratio: 270\/179;\" \/><\/a>\n\t\t\t\t<\/div><div class='clear'><\/div>\n<p style=\"text-align: center;\"><em><br \/>\nS\u00e3o motores de concep\u00e7\u00e3o simples, que n\u00e3o representam a \u00faltima palavra na<\/em><br \/>\n<em>categoria; curioso \u00e9 obterem a mesma pot\u00eancia espec\u00edfica ao usar \u00e1lcool<\/em><\/p>\n<p>&nbsp;<\/p>\n<p>As cinco marchas do Dualogic est\u00e3o em boa medida, mas \u00e9 preciso aceitar as mudan\u00e7as mais lentas e menos suaves bem conhecidas dos c\u00e2mbios automatizados monoembreagem. Nota-se com clareza, sobretudo de primeira para segunda e em modo autom\u00e1tico, que a acelera\u00e7\u00e3o foi interrompida por tempo acima do esperado \u2014 embora a caixa esteja em bom est\u00e1gio evolutivo e menos inc\u00f4moda que as primeiras do g\u00eanero. Gostamos da calibra\u00e7\u00e3o do c\u00e2mbio ao tirar o p\u00e9 do acelerador: se isso \u00e9 feito r\u00e1pido, como ao precisar frear ou chegar a uma curva em uso vigoroso, a caixa mant\u00e9m a marcha selecionada; se o acelerador \u00e9 liberado lentamente, ela passa \u00e0 marcha superior, como ao concluir uma ultrapassagem.<\/p>\n<p>&nbsp;<\/p>\n<div class='code-block code-block-7' style='margin: 28px auto; text-align: center; display: block; clear: both;'>\n<script async src=\"https:\/\/pagead2.googlesyndication.com\/pagead\/js\/adsbygoogle.js\"><\/script>\n<!-- AL-quadrado -->\n<ins class=\"adsbygoogle\"\n     style=\"display:block\"\n     data-ad-client=\"ca-pub-1914799802606213\"\n     data-ad-slot=\"5683066082\"\n     data-ad-format=\"auto\"\n     data-full-width-responsive=\"true\"><\/ins>\n<script>\n     (adsbygoogle = window.adsbygoogle || []).push({});\n<\/script><\/div>\n\n<p>&nbsp;<\/p>\n<p>A vers\u00e3o Plus do c\u00e2mbio da Fiat, lan\u00e7ada pelo Bravo 2013 e j\u00e1 estendida a outros modelos, traz como novidade a fun\u00e7\u00e3o Creeping (rastejar), que a iguala \u00e0s caixas autom\u00e1ticas no fato de mover lentamente o carro quando est\u00e1 engatada e o freio n\u00e3o \u00e9 acionado. Como se trata de um c\u00e2mbio manual, a embreagem desacopla ao frear; em caso contr\u00e1rio haveria desgaste acelerado do disco. O recurso \u00e9 \u00fatil para o tr\u00e2nsito lento, anda-para, e em manobras de estacionamento, mas o carro se move mais devagar do que o esperado e a tend\u00eancia \u00e9 usar o acelerador nessas situa\u00e7\u00f5es, como no c\u00e2mbio anterior. A fun\u00e7\u00e3o n\u00e3o se destina a reter o carro em subidas, o que tamb\u00e9m traria r\u00e1pido consumo da embreagem: em rampas acima de 8% a embreagem desacopla e o efeito de &#8220;rastejar&#8221; cessa, assim como ao abrir a porta do motorista, por seguran\u00e7a.<\/p>\n<p>As suspens\u00f5es dos dois modelos, que seguem os mesmos conceitos, revelam acertos que tendem \u00e0 esportividade, com molas relativamente firmes e amortecedores que &#8220;amarram&#8221; bem os movimentos (o Bravo Sporting recebe a calibra\u00e7\u00e3o do T-Jet, toda diferenciada das demais vers\u00f5es). Associadas aos pneus de perfil baixo, em medidas 215\/45 R 17 no Fiat e 225\/45 R 17 no Peugeot, o resultado \u00e9 um comportamento din\u00e2mico seguro, que permite andar forte em trechos sinuosos com pleno dom\u00ednio, em especial no 308, que traz de s\u00e9rie o importante\u00a0<a href=\"https:\/\/autolivraria.com.br\/bc\/glossario-c\/#esp\">controle eletr\u00f4nico de estabilidade e tra\u00e7\u00e3o<\/a>.<\/p>\n<p>&nbsp;<\/p>\n<div class='one_third'>\n\t\t\t\t\t<a href=\"https:\/\/autolivraria.com.br\/bc\/wp-content\/uploads\/2012\/12\/Bravo-Sporting-07.jpg\"><img decoding=\"async\" class=\"aligncenter size-thumbnail wp-image-18260 lazyload\" title=\"Bravo Sporting\" data-src=\"https:\/\/autolivraria.com.br\/bc\/wp-content\/uploads\/2012\/12\/Bravo-Sporting-07-168x168.jpg\" alt=\"\" width=\"168\" height=\"168\" data-srcset=\"https:\/\/autolivraria.com.br\/bc\/wp-content\/uploads\/2012\/12\/Bravo-Sporting-07-168x168.jpg 168w, https:\/\/autolivraria.com.br\/bc\/wp-content\/uploads\/2012\/12\/Bravo-Sporting-07-100x100.jpg 100w\" data-sizes=\"(max-width: 168px) 100vw, 168px\" src=\"data:image\/svg+xml;base64,PHN2ZyB3aWR0aD0iMSIgaGVpZ2h0PSIxIiB4bWxucz0iaHR0cDovL3d3dy53My5vcmcvMjAwMC9zdmciPjwvc3ZnPg==\" style=\"--smush-placeholder-width: 168px; --smush-placeholder-aspect-ratio: 168\/168;\" \/><\/a>\n\t\t\t\t<\/div>\n<div class='one_third'>\n\t\t\t\t\t<a href=\"https:\/\/autolivraria.com.br\/bc\/wp-content\/uploads\/2012\/12\/Bravo-Sporting-cambio.jpg\"><img decoding=\"async\" class=\"aligncenter size-thumbnail wp-image-18261 lazyload\" title=\"Bravo Sporting\" data-src=\"https:\/\/autolivraria.com.br\/bc\/wp-content\/uploads\/2012\/12\/Bravo-Sporting-cambio-168x168.jpg\" alt=\"\" width=\"168\" height=\"168\" data-srcset=\"https:\/\/autolivraria.com.br\/bc\/wp-content\/uploads\/2012\/12\/Bravo-Sporting-cambio-168x168.jpg 168w, https:\/\/autolivraria.com.br\/bc\/wp-content\/uploads\/2012\/12\/Bravo-Sporting-cambio-100x100.jpg 100w\" data-sizes=\"(max-width: 168px) 100vw, 168px\" src=\"data:image\/svg+xml;base64,PHN2ZyB3aWR0aD0iMSIgaGVpZ2h0PSIxIiB4bWxucz0iaHR0cDovL3d3dy53My5vcmcvMjAwMC9zdmciPjwvc3ZnPg==\" style=\"--smush-placeholder-width: 168px; --smush-placeholder-aspect-ratio: 168\/168;\" \/><\/a>\n\t\t\t\t<\/div>\n<div class='one_third last'>\n\t\t\t\t\t<a href=\"https:\/\/autolivraria.com.br\/bc\/wp-content\/uploads\/2012\/12\/Bravo-Sporting-roda-2.jpg\"><img decoding=\"async\" class=\"aligncenter size-thumbnail wp-image-18262 lazyload\" title=\"Bravo Sporting\" data-src=\"https:\/\/autolivraria.com.br\/bc\/wp-content\/uploads\/2012\/12\/Bravo-Sporting-roda-2-168x168.jpg\" alt=\"\" width=\"168\" height=\"168\" data-srcset=\"https:\/\/autolivraria.com.br\/bc\/wp-content\/uploads\/2012\/12\/Bravo-Sporting-roda-2-168x168.jpg 168w, https:\/\/autolivraria.com.br\/bc\/wp-content\/uploads\/2012\/12\/Bravo-Sporting-roda-2-100x100.jpg 100w\" data-sizes=\"(max-width: 168px) 100vw, 168px\" src=\"data:image\/svg+xml;base64,PHN2ZyB3aWR0aD0iMSIgaGVpZ2h0PSIxIiB4bWxucz0iaHR0cDovL3d3dy53My5vcmcvMjAwMC9zdmciPjwvc3ZnPg==\" style=\"--smush-placeholder-width: 168px; --smush-placeholder-aspect-ratio: 168\/168;\" \/><\/a>\n\t\t\t\t<\/div><div class='clear'><\/div>\n<p style=\"text-align: center;\"><em>\u00a0<\/em><br \/>\n<em>O Fiat usa far\u00f3is elipsoidais; o c\u00e2mbio Dualogic Plus evoluiu e agora o faz &#8220;rastejar&#8221;;<\/em><br \/>\n<em>a suspens\u00e3o firme e os pneus 215\/45 conciliam estabilidade e relativo conforto<\/em><\/p>\n<p>&nbsp;<\/p>\n<p>A op\u00e7\u00e3o por esportividade n\u00e3o chega a sacrificar o conforto: ambos est\u00e3o no ponto certo para carros com um apelo jovial e, sobretudo, o Bravo em sua vers\u00e3o Sporting. O que pode melhorar \u00e9 a absor\u00e7\u00e3o de irregularidades no 308, parecendo que o problema est\u00e1 relacionado aos pneus (Michelin Primacy HP; no concorrente s\u00e3o Goodyear Eagle Excellence) ou a sua press\u00e3o de enchimento bastante alta (35 lb\/pol\u00b2). Por outro lado, transpor lombadas n\u00e3o requer cuidado anormal com qualquer um deles.<\/p>\n<p>Um ponto alto que o Bravo herdou do Stilo \u00e9 a dire\u00e7\u00e3o com assist\u00eancia el\u00e9trica dotada de dois programas de uso (Dual Drive), em que o modo City deixa o volante bastante leve em velocidades de at\u00e9 36 km\/h, revertendo-se ao programa normal acima disso. O recurso torna o Fiat bem agrad\u00e1vel de manobrar sem preju\u00edzo para a precis\u00e3o em uso vigoroso ou alta velocidade. No 308, se n\u00e3o chega a ser pesada, a dire\u00e7\u00e3o com assist\u00eancia eletro-hidr\u00e1ulica mostra que uma evolu\u00e7\u00e3o seria bem-vinda para seguir o concorrente.<\/p>\n<p>J\u00e1 os freios est\u00e3o bem dimensionados nos dois e trazem de s\u00e9rie sistema antitravamento (ABS) e\u00a0<a href=\"https:\/\/autolivraria.com.br\/bc\/glossario-d\/#ebd\">distribui\u00e7\u00e3o eletr\u00f4nica entre os eixos (EBD)<\/a>, com o Peugeot dotado ainda de\u00a0<a href=\"https:\/\/autolivraria.com.br\/bc\/glossario-a\/#bas\">assist\u00eancia adicional em frenagens de emerg\u00eancia<\/a>. No Bravo que dirigimos pouco ap\u00f3s o lan\u00e7amento os freios estavam assistidos demais, levando a atua\u00e7\u00e3o abrupta, o que n\u00e3o se repetiu com esse Sporting.<\/p>\n<p>&nbsp;<\/p>\n<div class='one_third'>\n\t\t\t\t\t<a href=\"https:\/\/autolivraria.com.br\/bc\/wp-content\/uploads\/2012\/12\/308-Feline-07.jpg\"><img decoding=\"async\" class=\"aligncenter size-thumbnail wp-image-18263 lazyload\" title=\"308 Feline\" data-src=\"https:\/\/autolivraria.com.br\/bc\/wp-content\/uploads\/2012\/12\/308-Feline-07-168x168.jpg\" alt=\"\" width=\"168\" height=\"168\" data-srcset=\"https:\/\/autolivraria.com.br\/bc\/wp-content\/uploads\/2012\/12\/308-Feline-07-168x168.jpg 168w, https:\/\/autolivraria.com.br\/bc\/wp-content\/uploads\/2012\/12\/308-Feline-07-100x100.jpg 100w\" data-sizes=\"(max-width: 168px) 100vw, 168px\" src=\"data:image\/svg+xml;base64,PHN2ZyB3aWR0aD0iMSIgaGVpZ2h0PSIxIiB4bWxucz0iaHR0cDovL3d3dy53My5vcmcvMjAwMC9zdmciPjwvc3ZnPg==\" style=\"--smush-placeholder-width: 168px; --smush-placeholder-aspect-ratio: 168\/168;\" \/><\/a>\n\t\t\t\t<\/div>\n<div class='one_third'>\n\t\t\t\t\t<a href=\"https:\/\/autolivraria.com.br\/bc\/wp-content\/uploads\/2012\/12\/308-Feline-cambio.jpg\"><img decoding=\"async\" class=\"aligncenter size-thumbnail wp-image-18264 lazyload\" title=\"308 Feline\" data-src=\"https:\/\/autolivraria.com.br\/bc\/wp-content\/uploads\/2012\/12\/308-Feline-cambio-168x168.jpg\" alt=\"\" width=\"168\" height=\"168\" data-srcset=\"https:\/\/autolivraria.com.br\/bc\/wp-content\/uploads\/2012\/12\/308-Feline-cambio-168x168.jpg 168w, https:\/\/autolivraria.com.br\/bc\/wp-content\/uploads\/2012\/12\/308-Feline-cambio-100x100.jpg 100w\" data-sizes=\"(max-width: 168px) 100vw, 168px\" src=\"data:image\/svg+xml;base64,PHN2ZyB3aWR0aD0iMSIgaGVpZ2h0PSIxIiB4bWxucz0iaHR0cDovL3d3dy53My5vcmcvMjAwMC9zdmciPjwvc3ZnPg==\" style=\"--smush-placeholder-width: 168px; --smush-placeholder-aspect-ratio: 168\/168;\" \/><\/a>\n\t\t\t\t<\/div>\n<div class='one_third last'>\n\t\t\t\t\t<a href=\"https:\/\/autolivraria.com.br\/bc\/wp-content\/uploads\/2012\/12\/308-Feline-roda-2.jpg\"><img decoding=\"async\" class=\"aligncenter size-thumbnail wp-image-18265 lazyload\" title=\"308 Feline\" data-src=\"https:\/\/autolivraria.com.br\/bc\/wp-content\/uploads\/2012\/12\/308-Feline-roda-2-168x168.jpg\" alt=\"\" width=\"168\" height=\"168\" data-srcset=\"https:\/\/autolivraria.com.br\/bc\/wp-content\/uploads\/2012\/12\/308-Feline-roda-2-168x168.jpg 168w, https:\/\/autolivraria.com.br\/bc\/wp-content\/uploads\/2012\/12\/308-Feline-roda-2-100x100.jpg 100w\" data-sizes=\"(max-width: 168px) 100vw, 168px\" src=\"data:image\/svg+xml;base64,PHN2ZyB3aWR0aD0iMSIgaGVpZ2h0PSIxIiB4bWxucz0iaHR0cDovL3d3dy53My5vcmcvMjAwMC9zdmciPjwvc3ZnPg==\" style=\"--smush-placeholder-width: 168px; --smush-placeholder-aspect-ratio: 168\/168;\" \/><\/a>\n\t\t\t\t<\/div><div class='clear'><\/div>\n<p style=\"text-align: center;\"><em>\u00a0<\/em><br \/>\n<em>No Peugeot existem leds para luz diurna; a caixa permite mudan\u00e7as manuais s\u00f3<\/em><br \/>\n<em>pela alavanca; embora muito est\u00e1vel, deixa a desejar na absor\u00e7\u00e3o de impactos<\/em><\/p>\n<p>&nbsp;<\/p>\n<p>O Fiat retomou o uso de far\u00f3is <a href=\"https:\/\/autolivraria.com.br\/bc\/glossario-e\/#elip\">elipsoidais<\/a> no facho baixo, que caracterizavam os antigos Brava e Marea, mas n\u00e3o tiveram seguimento no Stilo. S\u00e3o bastante eficientes, talvez mais que os de <a href=\"https:\/\/autolivraria.com.br\/bc\/glossario-s\/#supe\">superf\u00edcie complexa<\/a> do Peugeot, que abandonou os elipsoidais do antecessor 307. Far\u00f3is de neblina equipam ambos os modelos, assim como repetidores laterais das luzes de dire\u00e7\u00e3o; falta ao Bravo a luz traseira de nevoeiro, e ao 308, ajuste el\u00e9trico do facho dos far\u00f3is.\u00a0O Fiat tem um detalhe bem bolado, a fun\u00e7\u00e3o Cornering (fazer curva) dos far\u00f3is: basta girar o volante ou acionar a luz de dire\u00e7\u00e3o, com far\u00f3is acesos, para que o farol de neblina do lado correspondente se acenda por alguns segundos. J\u00e1 o Peugeot \u00e9 exclusivo nas luzes diurnas dianteiras por <a href=\"https:\/\/autolivraria.com.br\/bc\/glossario-l\/#led\">leds<\/a>.<\/p>\n<p>Nenhum deles satisfaz em visibilidade, pois adotam maus elementos t\u00edpicos dos projetos modernos, como colunas dianteiras avan\u00e7adas e pilares largos, al\u00e9m de vidro traseiro de perfil muito baixo no caso do Bravo. Os retrovisores s\u00e3o <a href=\"https:\/\/autolivraria.com.br\/bc\/glossario-c\/#conv\">convexos<\/a> nos dois modelos.<\/p>\n<p>Vantagem importante do 308, em <a href=\"https:\/\/autolivraria.com.br\/bc\/glossario-s\/#segu\">seguran\u00e7a passiva<\/a>, \u00e9 contar de s\u00e9rie com bolsas infl\u00e1veis frontais, laterais de t\u00f3rax nos bancos dianteiros e cortinas (que protegem a cabe\u00e7a junto \u00e0 \u00e1rea lateral de vidros), enquanto o Sporting vem apenas com as frontais, sem qualquer op\u00e7\u00e3o. Por outro lado, s\u00f3 o Fiat prev\u00ea fixa\u00e7\u00e3o de cadeira infantil pelo padr\u00e3o <a href=\"https:\/\/autolivraria.com.br\/bc\/glossario-i\/#isof\">Isofix<\/a>. Nos dois modelos o passageiro central do banco de tr\u00e1s tem cinto de tr\u00eas pontos e encosto de cabe\u00e7a.<\/p>\n<table border=\"0\">\n<tbody>\n<tr>\n<td><a href='https:\/\/autolivraria.com.br\/bc\/informe-se\/avaliacao\/comparativo\/fiat-bravo-sporting-vs-peugeot-308-feline\/5\/' class='small-button smallsilver'>Pr\u00f3xima parte<\/a><\/td>\n<\/tr>\n<\/tbody>\n<\/table>\n<p>&nbsp;<\/p>\n<p><!--nextpage--><\/p>\n<p>&nbsp;<\/p>\n<div class='one_half'>\n\t\t\t\t\t<a href=\"https:\/\/autolivraria.com.br\/bc\/wp-content\/uploads\/2012\/12\/Potencia.jpg\"><img decoding=\"async\" class=\"aligncenter size-meia-largura-post wp-image-18298 lazyload\" title=\"Pot\u00eancia\" data-src=\"https:\/\/autolivraria.com.br\/bc\/wp-content\/uploads\/2012\/12\/Potencia-270x179.jpg\" alt=\"\" width=\"270\" height=\"179\" data-srcset=\"https:\/\/autolivraria.com.br\/bc\/wp-content\/uploads\/2012\/12\/Potencia-270x179.jpg 270w, https:\/\/autolivraria.com.br\/bc\/wp-content\/uploads\/2012\/12\/Potencia-560x373.jpg 560w, https:\/\/autolivraria.com.br\/bc\/wp-content\/uploads\/2012\/12\/Potencia-470x313.jpg 470w, https:\/\/autolivraria.com.br\/bc\/wp-content\/uploads\/2012\/12\/Potencia.jpg 950w\" data-sizes=\"(max-width: 270px) 100vw, 270px\" src=\"data:image\/svg+xml;base64,PHN2ZyB3aWR0aD0iMSIgaGVpZ2h0PSIxIiB4bWxucz0iaHR0cDovL3d3dy53My5vcmcvMjAwMC9zdmciPjwvc3ZnPg==\" style=\"--smush-placeholder-width: 270px; --smush-placeholder-aspect-ratio: 270\/179;\" \/><\/a>\n\t\t\t\t<\/div>\n<div class='one_half last'>\n\t\t\t\t\t<a href=\"https:\/\/autolivraria.com.br\/bc\/wp-content\/uploads\/2012\/12\/Torque.jpg\"><img decoding=\"async\" class=\"aligncenter size-meia-largura-post wp-image-18299 lazyload\" title=\"Torque\" data-src=\"https:\/\/autolivraria.com.br\/bc\/wp-content\/uploads\/2012\/12\/Torque-270x179.jpg\" alt=\"\" width=\"270\" height=\"179\" data-srcset=\"https:\/\/autolivraria.com.br\/bc\/wp-content\/uploads\/2012\/12\/Torque-270x179.jpg 270w, https:\/\/autolivraria.com.br\/bc\/wp-content\/uploads\/2012\/12\/Torque-560x373.jpg 560w, https:\/\/autolivraria.com.br\/bc\/wp-content\/uploads\/2012\/12\/Torque-470x313.jpg 470w, https:\/\/autolivraria.com.br\/bc\/wp-content\/uploads\/2012\/12\/Torque.jpg 950w\" data-sizes=\"(max-width: 270px) 100vw, 270px\" src=\"data:image\/svg+xml;base64,PHN2ZyB3aWR0aD0iMSIgaGVpZ2h0PSIxIiB4bWxucz0iaHR0cDovL3d3dy53My5vcmcvMjAwMC9zdmciPjwvc3ZnPg==\" style=\"--smush-placeholder-width: 270px; --smush-placeholder-aspect-ratio: 270\/179;\" \/><\/a>\n\t\t\t\t<\/div><div class='clear'><\/div>\n<p>&nbsp;<\/p>\n<h3>Simula\u00e7\u00e3o de desempenho<\/h3>\n<p>Com 19 cv a mais, melhor aerodin\u00e2mica e peso equivalente, o 308 chegou ao comparativo em amplo favoritismo quanto a desempenho, o que se confirmou na simula\u00e7\u00e3o do consultor Iran Cartaxo.<\/p>\n<p>Sua velocidade m\u00e1xima foi excelente, 210 km\/h com \u00e1lcool, cerca de 20 km\/h superior \u00e0 obtida pelo Bravo. O Peugeot beneficia-se bem mais do uso desse combust\u00edvel que o Fiat, j\u00e1 que sua pot\u00eancia cresce 8 cv, e a do oponente, s\u00f3 2 cv em rela\u00e7\u00e3o ao uso de gasolina. Os acertos de c\u00e2mbio s\u00e3o distintos, com o Feline ficando pouco abaixo da rota\u00e7\u00e3o de pot\u00eancia m\u00e1xima e o Sporting superando esse ponto por margem um pouco maior. Como todo motor perde pot\u00eancia ap\u00f3s o pico, a 5.700 rpm o Bravo tem apenas 125 cv, sinal de que poderia ser mais veloz com um &#8220;casamento&#8221; de rota\u00e7\u00f5es mais exato.<\/p>\n<p>Mesmo sem a quinta marcha, o Peugeot \u00e9 mais longo de transmiss\u00e3o e cumpre 120 km\/h com 300 rpm a menos. Na mesma velocidade, seu consumo de pot\u00eancia inferior em 3 cv indica efici\u00eancia aerodin\u00e2mica, apesar da maior perda de energia pelo c\u00e2mbio e do maior atrito com o solo pelos pneus mais largos.<\/p>\n<p>Na hora de acelerar o 308 tamb\u00e9m vence, mas por uma margem mais estreita, como 1,1 segundo no 0-100 km\/h com \u00e1lcool. Aqui o c\u00e2mbio do Bravo lhe favorece, tanto pela marcha adicional quanto pelas menores perdas de energia do automatizado, que em ess\u00eancia \u00e9 uma caixa manual. Embora o Fiat precise da troca para terceira marcha para alcan\u00e7ar 100 km\/h, que o Peugeot atinge ainda em segunda, seu motor se mant\u00e9m mais &#8220;esperto&#8221; com o <a href=\"https:\/\/autolivraria.com.br\/bc\/glossario-e\/#esca\">escalonamento mais fechado<\/a> do c\u00e2mbio.<\/p>\n<p>Vantagem para o Feline ainda nas retomadas, que neste caso foram simuladas com redu\u00e7\u00f5es autom\u00e1ticas de marcha para ambos os modelos. Ao contr\u00e1rio do Bravo, o 308 impede o uso total de pot\u00eancia em baixa rota\u00e7\u00e3o, j\u00e1 que o c\u00e2mbio faz redu\u00e7\u00e3o autom\u00e1tica se o acelerador for pressionado at\u00e9 o fim. Assim, o c\u00e1lculo com uso de uma s\u00f3 marcha n\u00e3o teria validade pr\u00e1tica.<\/p>\n<p>Tinha de haver algo para o Fiat dar o troco, e foi em consumo: com menor cilindrada e c\u00e2mbio mais eficiente, obteve marcas bem melhores no ciclo urbano, embora com vantagem mais sutil no rodovi\u00e1rio. Os bons tanques (o do Peugeot \u00e9 2 litros maior) permitem autonomia suficiente, apesar de n\u00e3o serem carros econ\u00f4micos.<\/p>\n<p>&nbsp;<\/p>\n<div class='et-box et-shadow'>\n\t\t\t\t\t<div class='et-box-content'><table id=\"table8\" style=\"width: 100%;\" border=\"0\" cellspacing=\"0\" cellpadding=\"3\">\n<tbody>\n<tr>\n<td rowspan=\"2\" width=\"36%\"><\/td>\n<td colspan=\"2\" width=\"16%\">\n<h1>Bravo<\/h1>\n<\/td>\n<td colspan=\"2\" width=\"16%\">\n<h1>308<\/h1>\n<\/td>\n<\/tr>\n<tr>\n<td width=\"16%\">gas.<\/td>\n<td width=\"16%\">\u00e1lc.<\/td>\n<td width=\"16%\">gas.<\/td>\n<td width=\"16%\">\u00e1lc.<\/td>\n<\/tr>\n<tr>\n<td width=\"36%\">Velocidade m\u00e1xima<\/td>\n<td width=\"16%\">187,8 km\/h<\/td>\n<td width=\"16%\">188,8 km\/h<\/td>\n<td width=\"16%\"><strong>204,3 km\/h<\/strong><\/td>\n<td width=\"16%\"><strong>209,9 km\/h<\/strong><\/td>\n<\/tr>\n<tr>\n<td width=\"36%\">Regime \u00e0 vel. m\u00e1xima e marcha<\/td>\n<td width=\"8%\">5.650 rpm\/5\u00aa.<\/td>\n<td width=\"8%\">5.700 rpm\/5\u00aa.<\/td>\n<td width=\"16%\"><strong>5.650 rpm\/4\u00aa.<\/strong><\/td>\n<td width=\"16%\"><strong>5.800 rpm\/4\u00aa.\u00a0<\/strong><\/td>\n<\/tr>\n<tr>\n<td width=\"36%\">Regime a 120 km\/h e marcha<\/td>\n<td colspan=\"2\" width=\"16%\">3.600 rpm\/5\u00aa.<\/td>\n<td colspan=\"2\" width=\"16%\"><strong>3.300 rpm\/4\u00aa.<\/strong><\/td>\n<\/tr>\n<tr>\n<td width=\"36%\">Pot\u00eancia a 120 km\/h<\/td>\n<td colspan=\"2\" width=\"16%\">32 cv<\/td>\n<td colspan=\"2\" width=\"16%\"><strong>29 cv<\/strong><\/td>\n<\/tr>\n<tr>\n<td width=\"36%\">Acelera\u00e7\u00e3o de 0 a 100 km\/h<\/td>\n<td width=\"16%\">11,9 s<\/td>\n<td width=\"16%\">11,6 s<\/td>\n<td width=\"16%\"><strong>11,3 s<\/strong><\/td>\n<td width=\"16%\"><strong>10,5 s\u00a0<\/strong><\/td>\n<\/tr>\n<tr>\n<td width=\"36%\">Acelera\u00e7\u00e3o de 0 a 400 m<\/td>\n<td width=\"16%\">18,2 s<\/td>\n<td width=\"16%\">18,0 s<\/td>\n<td width=\"16%\"><strong>17,9 s<\/strong><\/td>\n<td width=\"16%\"><strong>17,4 s\u00a0<\/strong><\/td>\n<\/tr>\n<tr>\n<td width=\"36%\">Acelera\u00e7\u00e3o de 0 a 1.000 m<\/td>\n<td width=\"16%\">33,4 s<\/td>\n<td width=\"16%\">33,0 s<\/td>\n<td width=\"16%\"><strong>32,5 s<\/strong><\/td>\n<td width=\"16%\"><strong>31,2 s\u00a0<\/strong><\/td>\n<\/tr>\n<tr>\n<td width=\"28%\">Retom. 60 a 100 km\/h em <em>drive<\/em><\/td>\n<td>6,9 s<\/td>\n<td>6,7 s<\/td>\n<td><strong>6,6 s<\/strong><\/td>\n<td><strong>6,1 s<\/strong><\/td>\n<\/tr>\n<tr>\n<td width=\"28%\">Retom. 80 a 120 km\/h em <em>drive<\/em><\/td>\n<td>9,3 s<\/td>\n<td>9,1 s<\/td>\n<td><strong>8,2 s<\/strong><\/td>\n<td><strong>7,6 s\u00a0<\/strong><\/td>\n<\/tr>\n<tr>\n<td width=\"30%\">Consumo em ciclo urbano<\/td>\n<td width=\"10%\"><strong>8,1 km\/l<\/strong><\/td>\n<td width=\"10%\"><strong>5,7 km\/l<\/strong><\/td>\n<td width=\"10%\">6,6 km\/l<\/td>\n<td width=\"10%\">4,6 km\/l<\/td>\n<\/tr>\n<tr>\n<td width=\"30%\">Consumo em ciclo rodovi\u00e1rio<\/td>\n<td width=\"10%\"><strong>11,2 km\/l<\/strong><\/td>\n<td width=\"10%\"><strong>8,0 km\/l<\/strong><\/td>\n<td width=\"10%\">10,7 km\/l<\/td>\n<td width=\"10%\">7,7 km\/l<\/td>\n<\/tr>\n<tr>\n<td width=\"34%\">Autonomia em ciclo urbano<\/td>\n<td width=\"11%\"><strong>425 km<\/strong><\/td>\n<td width=\"11%\"><strong>297 km<\/strong><\/td>\n<td width=\"11%\">358 km<\/td>\n<td width=\"11%\">250 km<\/td>\n<\/tr>\n<tr>\n<td width=\"34%\">Autonomia em ciclo rodovi\u00e1rio<\/td>\n<td width=\"11%\"><strong>587 km<\/strong><\/td>\n<td width=\"11%\"><strong>418 km<\/strong><\/td>\n<td width=\"11%\">577 km<\/td>\n<td width=\"11%\">413 km<\/td>\n<\/tr>\n<tr>\n<td colspan=\"5\" width=\"100%\">Melhores resultados em negrito; <a href=\"https:\/\/autolivraria.com.br\/bc\/simulador-de-desempenho\/\" target=\"_blank\">conhe\u00e7a o simulador e os ciclos de consumo<\/a><\/td>\n<\/tr>\n<\/tbody>\n<\/table><\/div><\/div>\n<p>&nbsp;<\/p>\n<div class='et-box et-shadow'>\n\t\t\t\t\t<div class='et-box-content'><h2>Dados dos fabricantes<\/h2>\n<table id=\"table10\" style=\"width: 100%;\" border=\"0\" cellspacing=\"0\" cellpadding=\"3\">\n<tbody>\n<tr>\n<td rowspan=\"2\" width=\"36%\"><\/td>\n<td colspan=\"2\" width=\"16%\">\n<h1>Bravo<\/h1>\n<\/td>\n<td colspan=\"2\" width=\"16%\">\n<h1>308<\/h1>\n<\/td>\n<\/tr>\n<tr>\n<td width=\"16%\">gas.<\/td>\n<td width=\"16%\">\u00e1lc.<\/td>\n<td width=\"16%\">gas.<\/td>\n<td width=\"16%\">\u00e1lc.<\/td>\n<\/tr>\n<tr>\n<td width=\"36%\">Velocidade m\u00e1xima<\/td>\n<td width=\"16%\">191 km\/h<\/td>\n<td width=\"16%\">193 km\/h<\/td>\n<td width=\"16%\">ND<\/td>\n<td width=\"16%\">206 km\/h<\/td>\n<\/tr>\n<tr>\n<td width=\"36%\">Acelera\u00e7\u00e3o de 0 a 100 km\/h<\/td>\n<td width=\"16%\">10,3 s<\/td>\n<td width=\"16%\">9,9 s<\/td>\n<td width=\"16%\">ND<\/td>\n<td width=\"16%\">9,9 s<\/td>\n<\/tr>\n<tr>\n<td width=\"30%\">Consumo em ciclo urbano<\/td>\n<td colspan=\"4\" width=\"16%\">ND<\/td>\n<\/tr>\n<tr>\n<td width=\"30%\">Consumo em ciclo rodovi\u00e1rio<\/td>\n<td colspan=\"4\" width=\"16%\">ND<\/td>\n<\/tr>\n<tr>\n<td colspan=\"5\" width=\"30%\">ND = n\u00e3o dispon\u00edvel<\/td>\n<\/tr>\n<\/tbody>\n<\/table><\/div><\/div>\n<p>&nbsp;<\/p>\n<div class='one_half'>\n\t\t\t\t\t<a href=\"https:\/\/autolivraria.com.br\/bc\/wp-content\/uploads\/2012\/12\/Bravo-Sporting-03.jpg\"><img decoding=\"async\" class=\"aligncenter size-meia-largura-post wp-image-18300 lazyload\" title=\"Bravo Sporting\" data-src=\"https:\/\/autolivraria.com.br\/bc\/wp-content\/uploads\/2012\/12\/Bravo-Sporting-03-270x179.jpg\" alt=\"\" width=\"270\" height=\"179\" data-srcset=\"https:\/\/autolivraria.com.br\/bc\/wp-content\/uploads\/2012\/12\/Bravo-Sporting-03-270x179.jpg 270w, https:\/\/autolivraria.com.br\/bc\/wp-content\/uploads\/2012\/12\/Bravo-Sporting-03-560x373.jpg 560w, https:\/\/autolivraria.com.br\/bc\/wp-content\/uploads\/2012\/12\/Bravo-Sporting-03-470x313.jpg 470w, https:\/\/autolivraria.com.br\/bc\/wp-content\/uploads\/2012\/12\/Bravo-Sporting-03.jpg 1280w\" data-sizes=\"(max-width: 270px) 100vw, 270px\" src=\"data:image\/svg+xml;base64,PHN2ZyB3aWR0aD0iMSIgaGVpZ2h0PSIxIiB4bWxucz0iaHR0cDovL3d3dy53My5vcmcvMjAwMC9zdmciPjwvc3ZnPg==\" style=\"--smush-placeholder-width: 270px; --smush-placeholder-aspect-ratio: 270\/179;\" \/><\/a>\n\t\t\t\t<\/div>\n<div class='one_half last'>\n\t\t\t\t\t<a href=\"https:\/\/autolivraria.com.br\/bc\/wp-content\/uploads\/2012\/12\/308-Feline-03.jpg\"><img decoding=\"async\" class=\"aligncenter size-meia-largura-post wp-image-18301 lazyload\" title=\"308 Feline\" data-src=\"https:\/\/autolivraria.com.br\/bc\/wp-content\/uploads\/2012\/12\/308-Feline-03-270x179.jpg\" alt=\"\" width=\"270\" height=\"179\" data-srcset=\"https:\/\/autolivraria.com.br\/bc\/wp-content\/uploads\/2012\/12\/308-Feline-03-270x179.jpg 270w, https:\/\/autolivraria.com.br\/bc\/wp-content\/uploads\/2012\/12\/308-Feline-03-560x373.jpg 560w, https:\/\/autolivraria.com.br\/bc\/wp-content\/uploads\/2012\/12\/308-Feline-03-470x313.jpg 470w, https:\/\/autolivraria.com.br\/bc\/wp-content\/uploads\/2012\/12\/308-Feline-03.jpg 1280w\" data-sizes=\"(max-width: 270px) 100vw, 270px\" src=\"data:image\/svg+xml;base64,PHN2ZyB3aWR0aD0iMSIgaGVpZ2h0PSIxIiB4bWxucz0iaHR0cDovL3d3dy53My5vcmcvMjAwMC9zdmciPjwvc3ZnPg==\" style=\"--smush-placeholder-width: 270px; --smush-placeholder-aspect-ratio: 270\/179;\" \/><\/a>\n\t\t\t\t<\/div><div class='clear'><\/div>\n<p style=\"text-align: center;\"><em><br \/>\nFatores como aerodin\u00e2mica (melhor no 308, \u00e0 direita) e efici\u00eancia do c\u00e2mbio (maior<\/em><br \/>\n<em>no Bravo) influem no desempenho, mas pot\u00eancia e torque ainda s\u00e3o priorit\u00e1rios<\/em><\/p>\n<p>&nbsp;<\/p>\n<div class='code-block code-block-7' style='margin: 28px auto; text-align: center; display: block; clear: both;'>\n<br>\n<div align=\"center\">\n<a target=\"_blank\" href=\"https:\/\/bestcars.com.br\/bc\/\">\n<img decoding=\"async\" data-src=\"https:\/\/bestcars.com.br\/bc\/wp-content\/uploads\/2021\/07\/Auto-Livraria-450x300-quadros.jpg\" alt=\"Auto Livraria\" src=\"data:image\/svg+xml;base64,PHN2ZyB3aWR0aD0iMSIgaGVpZ2h0PSIxIiB4bWxucz0iaHR0cDovL3d3dy53My5vcmcvMjAwMC9zdmciPjwvc3ZnPg==\" class=\"lazyload\"><\/a>\n<\/div>\n<br><\/div>\n\n<p>&nbsp;<\/p>\n<div class='et-box et-shadow'>\n\t\t\t\t\t<div class='et-box-content'><h2>Coment\u00e1rio t\u00e9cnico<\/h2>\n<p>\u2022 Pelas semelhan\u00e7as de projeto \u2014 como o conceito das suspens\u00f5es \u2014 e de dimens\u00f5es como a dist\u00e2ncia entre eixos, \u00e9 poss\u00edvel afirmar que muito da plataforma do Bravo vem do Stilo e, da mesma forma, que a do 308 se origina do 307. \u00c9 diferente do que ocorreu uma d\u00e9cada atr\u00e1s, quando Fiat e Peugeot modificaram as dimens\u00f5es do Brava e do 306 e adotaram nova suspens\u00e3o traseira para criar o Stilo e o 307: nos modelos que sa\u00edam de produ\u00e7\u00e3o, a suspens\u00e3o era independente por bra\u00e7o arrastado, esquema que cedeu lugar ao eixo de tor\u00e7\u00e3o.<\/p>\n<p>\u2022 O motor E-Torq do Bravo deriva de um projeto conjunto de BMW e Chrysler, ent\u00e3o associadas na empresa paranaense Tritec. O motor de 1,6 litro que equipou o Mini ingl\u00eas at\u00e9 2006 foi revisto pela FPT, que assumiu a f\u00e1brica em Campo Largo, e foi desenvolvida a unidade de 1,75 litro usada pelo Fiat m\u00e9dio. Essa origem explica caracter\u00edsticas de projeto incomuns na linha Fiat, como comando de v\u00e1lvulas com uma s\u00f3 \u00e1rvore (\u00e9 tradi\u00e7\u00e3o italiana usar duas \u00e1rvores at\u00e9 em motores de duas v\u00e1lvulas por cilindro, como no 2,0-litros do Tempra e no 2,3 do <a href=\"https:\/\/www.autolivraria.com.br\/cpassado2\/alfa-2300-1.htm\">Alfa Romeo brasileiro<\/a>) e sua liga\u00e7\u00e3o ao virabrequim por meio de corrente, em vez de correia dentada (esta usada no 308). J\u00e1 o propulsor de 2,0 litros da PSA Peugeot Citro\u00ebn \u00e9 bem conhecido, em uso por aqui desde o fim dos anos 90.<\/p>\n<p>\u2022 No Bravo Sporting a Fiat empregou toda a calibra\u00e7\u00e3o de suspens\u00e3o da vers\u00e3o TJet, o que inclui molas, amortecedores e estabilizadores com novas defini\u00e7\u00f5es e altura de rodagem 20 mm menor. Tamb\u00e9m os pneus repetem a medida do mais potente dos Bravos.<\/p><\/div><\/div>\n<a href='https:\/\/autolivraria.com.br\/bc\/informe-se\/avaliacao\/comparativo\/fiat-bravo-sporting-vs-peugeot-308-feline\/6' class='small-button smallsilver'>Pr\u00f3xima parte<\/a>\n<p>&nbsp;<\/p>\n<p><!--nextpage--><\/p>\n<p>&nbsp;<\/p>\n<div class='one_half'>\n\t\t\t\t\t<a href=\"https:\/\/autolivraria.com.br\/bc\/wp-content\/uploads\/2012\/12\/Bravo-Sporting-04.jpg\"><img decoding=\"async\" class=\"aligncenter size-meia-largura-post wp-image-18268 lazyload\" title=\"Bravo Sporting\" data-src=\"https:\/\/autolivraria.com.br\/bc\/wp-content\/uploads\/2012\/12\/Bravo-Sporting-04-270x179.jpg\" alt=\"\" width=\"270\" height=\"179\" data-srcset=\"https:\/\/autolivraria.com.br\/bc\/wp-content\/uploads\/2012\/12\/Bravo-Sporting-04-270x179.jpg 270w, https:\/\/autolivraria.com.br\/bc\/wp-content\/uploads\/2012\/12\/Bravo-Sporting-04-560x373.jpg 560w, https:\/\/autolivraria.com.br\/bc\/wp-content\/uploads\/2012\/12\/Bravo-Sporting-04-470x313.jpg 470w, https:\/\/autolivraria.com.br\/bc\/wp-content\/uploads\/2012\/12\/Bravo-Sporting-04.jpg 1280w\" data-sizes=\"(max-width: 270px) 100vw, 270px\" src=\"data:image\/svg+xml;base64,PHN2ZyB3aWR0aD0iMSIgaGVpZ2h0PSIxIiB4bWxucz0iaHR0cDovL3d3dy53My5vcmcvMjAwMC9zdmciPjwvc3ZnPg==\" style=\"--smush-placeholder-width: 270px; --smush-placeholder-aspect-ratio: 270\/179;\" \/><\/a>\n\t\t\t\t<\/div>\n<div class='one_half last'>\n\t\t\t\t\t<a href=\"https:\/\/autolivraria.com.br\/bc\/wp-content\/uploads\/2012\/12\/308-Feline-04.jpg\"><img decoding=\"async\" class=\"aligncenter size-meia-largura-post wp-image-18269 lazyload\" title=\"308 Feline\" data-src=\"https:\/\/autolivraria.com.br\/bc\/wp-content\/uploads\/2012\/12\/308-Feline-04-270x179.jpg\" alt=\"\" width=\"270\" height=\"179\" data-srcset=\"https:\/\/autolivraria.com.br\/bc\/wp-content\/uploads\/2012\/12\/308-Feline-04-270x179.jpg 270w, https:\/\/autolivraria.com.br\/bc\/wp-content\/uploads\/2012\/12\/308-Feline-04-560x373.jpg 560w, https:\/\/autolivraria.com.br\/bc\/wp-content\/uploads\/2012\/12\/308-Feline-04-470x313.jpg 470w, https:\/\/autolivraria.com.br\/bc\/wp-content\/uploads\/2012\/12\/308-Feline-04.jpg 1280w\" data-sizes=\"(max-width: 270px) 100vw, 270px\" src=\"data:image\/svg+xml;base64,PHN2ZyB3aWR0aD0iMSIgaGVpZ2h0PSIxIiB4bWxucz0iaHR0cDovL3d3dy53My5vcmcvMjAwMC9zdmciPjwvc3ZnPg==\" style=\"--smush-placeholder-width: 270px; --smush-placeholder-aspect-ratio: 270\/179;\" \/><\/a>\n\t\t\t\t<\/div><div class='clear'><\/div>\n<p>&nbsp;<\/p>\n<div class='one_half'>\n\t\t\t\t\t<a href=\"https:\/\/autolivraria.com.br\/bc\/wp-content\/uploads\/2012\/12\/Bravo-Sporting-05.jpg\"><img decoding=\"async\" class=\"aligncenter size-meia-largura-post wp-image-18270 lazyload\" title=\"Bravo Sporting\" data-src=\"https:\/\/autolivraria.com.br\/bc\/wp-content\/uploads\/2012\/12\/Bravo-Sporting-05-270x179.jpg\" alt=\"\" width=\"270\" height=\"179\" data-srcset=\"https:\/\/autolivraria.com.br\/bc\/wp-content\/uploads\/2012\/12\/Bravo-Sporting-05-270x179.jpg 270w, https:\/\/autolivraria.com.br\/bc\/wp-content\/uploads\/2012\/12\/Bravo-Sporting-05-560x373.jpg 560w, https:\/\/autolivraria.com.br\/bc\/wp-content\/uploads\/2012\/12\/Bravo-Sporting-05-470x313.jpg 470w, https:\/\/autolivraria.com.br\/bc\/wp-content\/uploads\/2012\/12\/Bravo-Sporting-05.jpg 1280w\" data-sizes=\"(max-width: 270px) 100vw, 270px\" src=\"data:image\/svg+xml;base64,PHN2ZyB3aWR0aD0iMSIgaGVpZ2h0PSIxIiB4bWxucz0iaHR0cDovL3d3dy53My5vcmcvMjAwMC9zdmciPjwvc3ZnPg==\" style=\"--smush-placeholder-width: 270px; --smush-placeholder-aspect-ratio: 270\/179;\" \/><\/a>\n\t\t\t\t<\/div>\n<div class='one_half last'>\n\t\t\t\t\t<a href=\"https:\/\/autolivraria.com.br\/bc\/wp-content\/uploads\/2012\/12\/308-Feline-05.jpg\"><img decoding=\"async\" class=\"aligncenter size-meia-largura-post wp-image-18271 lazyload\" title=\"308 Feline\" data-src=\"https:\/\/autolivraria.com.br\/bc\/wp-content\/uploads\/2012\/12\/308-Feline-05-270x179.jpg\" alt=\"\" width=\"270\" height=\"179\" data-srcset=\"https:\/\/autolivraria.com.br\/bc\/wp-content\/uploads\/2012\/12\/308-Feline-05-270x179.jpg 270w, https:\/\/autolivraria.com.br\/bc\/wp-content\/uploads\/2012\/12\/308-Feline-05-560x373.jpg 560w, https:\/\/autolivraria.com.br\/bc\/wp-content\/uploads\/2012\/12\/308-Feline-05-470x313.jpg 470w, https:\/\/autolivraria.com.br\/bc\/wp-content\/uploads\/2012\/12\/308-Feline-05.jpg 1280w\" data-sizes=\"(max-width: 270px) 100vw, 270px\" src=\"data:image\/svg+xml;base64,PHN2ZyB3aWR0aD0iMSIgaGVpZ2h0PSIxIiB4bWxucz0iaHR0cDovL3d3dy53My5vcmcvMjAwMC9zdmciPjwvc3ZnPg==\" style=\"--smush-placeholder-width: 270px; --smush-placeholder-aspect-ratio: 270\/179;\" \/><\/a>\n\t\t\t\t<\/div><div class='clear'><\/div>\n<p style=\"text-align: center;\"><em><br \/>\nAdicionados ao Bravo (esquerda) itens que no 308 v\u00eam de s\u00e9rie, os pre\u00e7os ficam<br \/>\nmuito pr\u00f3ximos, mas o Peugeot continua superior em recursos de seguran\u00e7a<\/em><\/p>\n<p>&nbsp;<\/p>\n<p><strong><\/strong><div class='et-box et-shadow'>\n\t\t\t\t\t<div class='et-box-content'><h2>Pre\u00e7os<\/h2>\n<table id=\"table5989\" border=\"0\" cellspacing=\"0\" cellpadding=\"3\">\n<tbody>\n<tr>\n<td width=\"33%\"><\/td>\n<td width=\"33%\">\n<h1>Bravo<\/h1>\n<\/td>\n<td width=\"33%\">\n<h1>308<\/h1>\n<\/td>\n<\/tr>\n<tr>\n<td width=\"33%\">Sem opcionais<\/td>\n<td width=\"33%\"><strong>60.600<\/strong><\/td>\n<td width=\"33%\">65.990<\/td>\n<\/tr>\n<tr>\n<td width=\"33%\">Como avaliado<\/td>\n<td width=\"33%\">68.881<\/td>\n<td width=\"33%\"><strong>67.990<\/strong><\/td>\n<\/tr>\n<tr>\n<td width=\"33%\">Completo<\/td>\n<td width=\"33%\">69.901<\/td>\n<td width=\"33%\"><strong>69.090<\/strong><\/td>\n<\/tr>\n<tr>\n<td colspan=\"3\" width=\"100%\">Pre\u00e7os p\u00fablicos sugeridos, em reais, vigentes em 10\/12\/12; incluem c\u00e2mbio automatizado ou autom\u00e1tico;\nconsulte o pre\u00e7o dos opcionais: <a href=\"http:\/\/www.fiat.com.br\" target=\"_blank\">Bravo<\/a>\u00a0e <a href=\"http:\/\/www.peugeot.com.br\" target=\"_blank\">308<\/a><\/td>\n<\/tr>\n<\/tbody>\n<\/table><\/div><\/div><\/p>\n<p>&nbsp;<\/p>\n<h3><strong><\/strong>Custo-benef\u00edcio<\/h3>\n<p>Apesar do pre\u00e7o b\u00e1sico superior em importantes R$ 5,4 mil, o 308 Feline vem de s\u00e9rie com itens que no Bravo s\u00e3o opcionais, como bancos de couro, ar-condicionado de duas zonas, interface Bluetooth e os automatismos de far\u00f3is, limpador e retrovisor interno. Traz ainda controle de estabilidade e bolsas infl\u00e1veis laterais e de cortina, equipamentos de seguran\u00e7a relevantes que o Fiat nem \u00e0 parte oferece. Com os opcionais dispon\u00edveis (navegador no 308;\u00a0os itens citados e navegador no Bravo; pintura met\u00e1lica em ambos), o Sporting supera o Feline por R$ 800.<\/p>\n<p>&nbsp;<\/p>\n<div class='code-block code-block-7' style='margin: 28px auto; text-align: center; display: block; clear: both;'>\n<script async src=\"https:\/\/pagead2.googlesyndication.com\/pagead\/js\/adsbygoogle.js\"><\/script>\n<!-- AL-quadrado -->\n<ins class=\"adsbygoogle\"\n     style=\"display:block\"\n     data-ad-client=\"ca-pub-1914799802606213\"\n     data-ad-slot=\"5683066082\"\n     data-ad-format=\"auto\"\n     data-full-width-responsive=\"true\"><\/ins>\n<script>\n     (adsbygoogle = window.adsbygoogle || []).push({});\n<\/script><\/div>\n\n<p>&nbsp;<\/p>\n<p>Nessa condi\u00e7\u00e3o, que \u00e9 a dos carros avaliados exceto pela pintura (as cores mostradas s\u00e3o s\u00f3lidas), os conte\u00fados de conforto e conveni\u00eancia se tornam muito pr\u00f3ximos, mas permanece uma expressiva vantagem do Peugeot em dispositivos de seguran\u00e7a.<\/p>\n<p>Na atribui\u00e7\u00e3o de notas, o Bravo saiu-se melhor em motor, consumo, dire\u00e7\u00e3o e suspens\u00e3o, enquanto o 308 op\u00f4s vantagens em espa\u00e7o interno, desempenho, c\u00e2mbio, estabilidade e seguran\u00e7a passiva. Uma situa\u00e7\u00e3o de relativo equil\u00edbrio, mas que pende para o lado franc\u00eas no \u00faltimo e decisivo quesito, a rela\u00e7\u00e3o custo-benef\u00edcio: com um conjunto de qualidades pouco superior e maior conte\u00fado por quase o mesmo dinheiro, o 308 Feline sai do comparativo em vantagem diante do Bravo Sporting.<\/p>\n<p>&nbsp;<\/p>\n<div class='et-box et-shadow'>\n\t\t\t\t\t<div class='et-box-content'><h2>Nossas notas<\/h2>\n<table id=\"table5994\" style=\"width: 100%;\" border=\"0\" cellspacing=\"0\" cellpadding=\"3\">\n<tbody>\n<tr>\n<td style=\"width: 60%;\"><\/td>\n<td style=\"width: 20%;\">\n<h1>Bravo<\/h1>\n<\/td>\n<td style=\"width: 20%;\">\n<h1>308<\/h1>\n<\/td>\n<\/tr>\n<tr>\n<td style=\"width: 60%;\">Estilo<\/td>\n<td style=\"width: 20%;\">4<\/td>\n<td style=\"width: 20%;\">4<\/td>\n<\/tr>\n<tr>\n<td style=\"width: 60%;\">Acabamento<\/td>\n<td style=\"width: 20%;\">4<\/td>\n<td style=\"width: 20%;\">4<\/td>\n<\/tr>\n<tr>\n<td style=\"width: 60%;\">Posi\u00e7\u00e3o de dirigir<\/td>\n<td style=\"width: 20%;\">4<\/td>\n<td style=\"width: 20%;\">4<\/td>\n<\/tr>\n<tr>\n<td style=\"width: 60%;\">Instrumentos<\/td>\n<td style=\"width: 20%;\">4<\/td>\n<td style=\"width: 20%;\">4<\/td>\n<\/tr>\n<tr>\n<td style=\"width: 60%;\">Itens de conveni\u00eancia<\/td>\n<td style=\"width: 20%;\">5<\/td>\n<td style=\"width: 20%;\">5<\/td>\n<\/tr>\n<tr>\n<td style=\"width: 60%;\">Espa\u00e7o interno<\/td>\n<td style=\"width: 20%;\">3<\/td>\n<td style=\"width: 20%;\">4<\/td>\n<\/tr>\n<tr>\n<td style=\"width: 60%;\">Porta-malas<\/td>\n<td style=\"width: 20%;\">4<\/td>\n<td style=\"width: 20%;\">4<\/td>\n<\/tr>\n<tr>\n<td style=\"width: 60%;\">Motor<\/td>\n<td style=\"width: 20%;\">4<\/td>\n<td style=\"width: 20%;\">3<\/td>\n<\/tr>\n<tr>\n<td style=\"width: 60%;\">Desempenho<\/td>\n<td style=\"width: 20%;\">3<\/td>\n<td style=\"width: 20%;\">4<\/td>\n<\/tr>\n<tr>\n<td style=\"width: 60%;\">Consumo<\/td>\n<td style=\"width: 20%;\">4<\/td>\n<td style=\"width: 20%;\">3<\/td>\n<\/tr>\n<tr>\n<td style=\"width: 60%;\">C\u00e2mbio<\/td>\n<td style=\"width: 20%;\">3<\/td>\n<td style=\"width: 20%;\">4<\/td>\n<\/tr>\n<tr>\n<td style=\"width: 60%;\">Freios<\/td>\n<td style=\"width: 20%;\">4<\/td>\n<td style=\"width: 20%;\">4<\/td>\n<\/tr>\n<tr>\n<td style=\"width: 60%;\">Dire\u00e7\u00e3o<\/td>\n<td style=\"width: 20%;\">5<\/td>\n<td style=\"width: 20%;\">4<\/td>\n<\/tr>\n<tr>\n<td style=\"width: 60%;\">Suspens\u00e3o<\/td>\n<td style=\"width: 20%;\">4<\/td>\n<td style=\"width: 20%;\">3<\/td>\n<\/tr>\n<tr>\n<td style=\"width: 60%;\">Estabilidade<\/td>\n<td style=\"width: 20%;\">4<\/td>\n<td style=\"width: 20%;\">5<\/td>\n<\/tr>\n<tr>\n<td style=\"width: 60%;\">Visibilidade<\/td>\n<td style=\"width: 20%;\">3<\/td>\n<td style=\"width: 20%;\">3<\/td>\n<\/tr>\n<tr>\n<td style=\"width: 60%;\">Seguran\u00e7a passiva<\/td>\n<td style=\"width: 20%;\">3<\/td>\n<td style=\"width: 20%;\">5<\/td>\n<\/tr>\n<tr>\n<td style=\"width: 60%;\">Custo-benef\u00edcio<\/td>\n<td style=\"width: 20%;\">4<\/td>\n<td style=\"width: 20%;\">5<\/td>\n<\/tr>\n<tr>\n<td style=\"width: 60%;\"><strong>M\u00e9dia<\/strong><\/td>\n<td style=\"width: 20%;\"><strong>3,83<\/strong><\/td>\n<td style=\"width: 20%;\"><strong>4,00<\/strong><\/td>\n<\/tr>\n<tr>\n<td style=\"width: 60%;\">\n<h2><strong>Posi\u00e7\u00e3o<\/strong><\/h2>\n<\/td>\n<td style=\"width: 20%;\">\n<h2><strong>2\u00ba.<\/strong><\/h2>\n<\/td>\n<td style=\"width: 20%;\">\n<h2><strong>1\u00b0.<\/strong><\/h2>\n<\/td>\n<\/tr>\n<tr>\n<td colspan=\"3\">As notas v\u00e3o de 1 a 5, sendo 5 a melhor; <a href=\"https:\/\/autolivraria.com.br\/bc\/nossa-metodologia-de-notas\/\">conhe\u00e7a nossa metodologia<\/a><\/td>\n<\/tr>\n<\/tbody>\n<\/table><\/div><\/div>\n<p>&nbsp;<\/p>\n<div class='et-box et-shadow'>\n\t\t\t\t\t<div class='et-box-content'><h2>Teste do Leitor: opini\u00e3o dos propriet\u00e1rios<\/h2>\n<table id=\"table5996\" style=\"width: 100%;\" border=\"0\" cellspacing=\"0\" cellpadding=\"3\">\n<tbody>\n<tr>\n<td width=\"25%\"><a href=\"https:\/\/autolivraria.com.br\/bc\/participe\/teste-leitor\/teste-do-leitor-fiat\/fiat-bravo\/\">Bravo<\/a><\/td>\n<td width=\"25%\"><a href=\"https:\/\/autolivraria.com.br\/bc\/participe\/teste-leitor\/teste-do-leitor-peugeot\/peugeot-308\/\">308<\/a><\/td>\n<\/tr>\n<tr>\n<td colspan=\"2\" width=\"50%\"><a href=\"https:\/\/autolivraria.com.br\/bc\/teste-do-leitor-envie-sua-opiniao\" target=\"_blank\">Envie sua opini\u00e3o sobre o carro que possui<\/a><\/td>\n<\/tr>\n<\/tbody>\n<\/table><\/div><\/div>\n<p>&nbsp;<\/p>\n<div class='et-box et-shadow'>\n\t\t\t\t\t<div class='et-box-content'><h2>Ficha t\u00e9cnica<\/h2>\n<table id=\"table61\" style=\"width: 100%;\" border=\"0\" cellspacing=\"0\" cellpadding=\"3\">\n<tbody>\n<tr>\n<td valign=\"top\" width=\"40%\"><\/td>\n<td valign=\"top\" width=\"30%\">\n<h1>Bravo<\/h1>\n<\/td>\n<td valign=\"top\" width=\"30%\">\n<h1>308<\/h1>\n<\/td>\n<\/tr>\n<tr>\n<td style=\"background-color: #ffffff; width: 100%;\" colspan=\"3\" valign=\"top\">Motor<\/td>\n<\/tr>\n<tr>\n<td valign=\"top\" width=\"40%\">Posi\u00e7\u00e3o<\/td>\n<td colspan=\"2\" valign=\"top\" width=\"30%\">transversal<\/td>\n<\/tr>\n<tr>\n<td valign=\"top\" width=\"40%\">Cilindros<\/td>\n<td colspan=\"2\" valign=\"top\" width=\"30%\">4 em linha<\/td>\n<\/tr>\n<tr>\n<td valign=\"top\" width=\"40%\">Material do bloco\/cabe\u00e7ote<\/td>\n<td valign=\"top\" width=\"30%\">ferro fundido\/alum\u00ednio<\/td>\n<td valign=\"top\" width=\"30%\"><\/td>\n<\/tr>\n<tr>\n<td valign=\"top\" width=\"40%\">Comando de v\u00e1lvulas<\/td>\n<td valign=\"top\" width=\"30%\">no cabe\u00e7ote<\/td>\n<td valign=\"top\" width=\"30%\">duplo no cabe\u00e7ote<\/td>\n<\/tr>\n<tr>\n<td valign=\"top\" width=\"40%\">V\u00e1lvulas por cilindro<\/td>\n<td valign=\"top\" width=\"15%\">4<\/td>\n<td valign=\"top\" width=\"15%\">4, varia\u00e7\u00e3o de tempo<\/td>\n<\/tr>\n<tr>\n<td valign=\"top\" width=\"40%\">Di\u00e2metro e curso<\/td>\n<td valign=\"top\" width=\"30%\">80,5 x 85,8 mm<\/td>\n<td valign=\"top\" width=\"30%\">85 x 88 mm<\/td>\n<\/tr>\n<tr>\n<td valign=\"top\" width=\"40%\">Cilindrada<\/td>\n<td valign=\"top\" width=\"30%\">1.747 cm\u00b3<\/td>\n<td valign=\"top\" width=\"30%\">1.997 cm\u00b3<\/td>\n<\/tr>\n<tr>\n<td valign=\"top\" width=\"40%\">Taxa de compress\u00e3o<\/td>\n<td valign=\"top\" width=\"30%\">11,2:1<\/td>\n<td valign=\"top\" width=\"30%\">10,8:1<\/td>\n<\/tr>\n<tr>\n<td valign=\"top\" width=\"40%\">Alimenta\u00e7\u00e3o<\/td>\n<td colspan=\"2\" valign=\"top\" width=\"30%\">inje\u00e7\u00e3o multiponto sequencial<\/td>\n<\/tr>\n<tr>\n<td valign=\"top\" width=\"40%\">Pot\u00eancia m\u00e1xima (gas.)<\/td>\n<td valign=\"top\" width=\"30%\">130 cv a 5.250 rpm<\/td>\n<td valign=\"top\" width=\"30%\">143 cv a 6.250 rpm<\/td>\n<\/tr>\n<tr>\n<td valign=\"top\" width=\"40%\">Pot\u00eancia m\u00e1xima (\u00e1lc.)<\/td>\n<td valign=\"top\" width=\"30%\">132 cv a 5.250 rpm<\/td>\n<td valign=\"top\" width=\"30%\">151 cv a 6.000 rpm<\/td>\n<\/tr>\n<tr>\n<td valign=\"top\" width=\"40%\">Torque m\u00e1ximo (gas.\/\u00e1lc.)<\/td>\n<td valign=\"top\" width=\"30%\">18,4\/18,9 m.kgf a 4.500 rpm<\/td>\n<td valign=\"top\" width=\"30%\">20,4\/22 m.kgf a 4.000 rpm<\/td>\n<\/tr>\n<tr>\n<td valign=\"top\" width=\"40%\">Pot\u00eancia espec\u00edfica (gas.\/\u00e1lc.)<\/td>\n<td valign=\"top\" width=\"30%\">74,4\/75,6 cv\/l<\/td>\n<td valign=\"top\" width=\"30%\">71,6\/75,6 cv\/l<\/td>\n<\/tr>\n<tr>\n<td style=\"background-color: #ffffff; width: 100%;\" colspan=\"3\" valign=\"top\">Transmiss\u00e3o<\/td>\n<\/tr>\n<tr>\n<td valign=\"top\" width=\"40%\">Tipo de c\u00e2mbio e marchas<\/td>\n<td valign=\"top\" width=\"15%\">manual automatizado \/\u00a0 5<\/td>\n<td valign=\"top\" width=\"15%\">autom\u00e1tico \/ 4<\/td>\n<\/tr>\n<tr>\n<td colspan=\"3\" valign=\"top\" width=\"100%\">Rela\u00e7\u00e3o e velocidade por 1.000 rpm<\/td>\n<\/tr>\n<tr>\n<td valign=\"top\" width=\"40%\">1\u00aa.<\/td>\n<td valign=\"top\" width=\"30%\">3,91 \/ 7 km\/h<\/td>\n<td valign=\"top\" width=\"30%\">2,72 \/ 9 km\/h<\/td>\n<\/tr>\n<tr>\n<td valign=\"top\" width=\"40%\">2\u00aa.<\/td>\n<td valign=\"top\" width=\"30%\">2,24 \/ 13 km\/h<\/td>\n<td valign=\"top\" width=\"30%\">1,50 \/ 17 km\/h<\/td>\n<\/tr>\n<tr>\n<td valign=\"top\" width=\"40%\">3\u00aa.<\/td>\n<td valign=\"top\" width=\"30%\">1,52 \/ 19 km\/h<\/td>\n<td valign=\"top\" width=\"30%\">1,00 \/ 26 km\/h<\/td>\n<\/tr>\n<tr>\n<td valign=\"top\" width=\"40%\">4\u00aa.<\/td>\n<td valign=\"top\" width=\"30%\">1,16 \/ 25 km\/h<\/td>\n<td valign=\"top\" width=\"30%\">0,71 \/ 36 km\/h<\/td>\n<\/tr>\n<tr>\n<td valign=\"top\" width=\"40%\">5\u00aa.<\/td>\n<td valign=\"top\" width=\"30%\">0,87 \/ 33 km\/h<\/td>\n<td valign=\"top\" width=\"30%\">NA<\/td>\n<\/tr>\n<tr>\n<td valign=\"top\" width=\"40%\">Rela\u00e7\u00e3o de diferencial<\/td>\n<td valign=\"top\" width=\"30%\">4,07<\/td>\n<td valign=\"top\" width=\"30%\">5,41<\/td>\n<\/tr>\n<tr>\n<td valign=\"top\" width=\"40%\">Tra\u00e7\u00e3o<\/td>\n<td colspan=\"2\" valign=\"top\" width=\"30%\">dianteira<\/td>\n<\/tr>\n<tr>\n<td style=\"background-color: #ffffff; width: 100%;\" colspan=\"3\" valign=\"top\">Freios<\/td>\n<\/tr>\n<tr>\n<td valign=\"top\" width=\"40%\">Dianteiros<\/td>\n<td valign=\"top\" width=\"30%\">a disco ventilado (284 mm \u00f8)<\/td>\n<td valign=\"top\" width=\"30%\">a disco ventilado (\u00f8 ND)<\/td>\n<\/tr>\n<tr>\n<td valign=\"top\" width=\"40%\">Traseiros<\/td>\n<td valign=\"top\" width=\"30%\">a disco (251 mm \u00f8)<\/td>\n<td valign=\"top\" width=\"30%\">a disco (\u00f8 ND)<\/td>\n<\/tr>\n<tr>\n<td valign=\"top\" width=\"40%\">Antitravamento (ABS)<\/td>\n<td valign=\"top\" width=\"30%\">sim<\/td>\n<td valign=\"top\" width=\"30%\"><\/td>\n<\/tr>\n<tr>\n<td style=\"background-color: #ffffff; width: 100%;\" colspan=\"3\" valign=\"top\">Dire\u00e7\u00e3o<\/td>\n<\/tr>\n<tr>\n<td valign=\"top\" width=\"40%\">Sistema<\/td>\n<td colspan=\"2\" valign=\"top\" width=\"30%\">pinh\u00e3o e cremalheira<\/td>\n<\/tr>\n<tr>\n<td valign=\"top\" width=\"40%\">Assist\u00eancia<\/td>\n<td valign=\"top\" width=\"15%\">el\u00e9trica<\/td>\n<td valign=\"top\" width=\"15%\">eletro-hidr\u00e1ulica<\/td>\n<\/tr>\n<tr>\n<td valign=\"top\" width=\"40%\">Di\u00e2metro de giro<\/td>\n<td valign=\"top\" width=\"30%\">10,7 m<\/td>\n<td valign=\"top\" width=\"30%\">ND<\/td>\n<\/tr>\n<tr>\n<td style=\"background-color: #ffffff; width: 100%;\" colspan=\"3\" valign=\"top\">Suspens\u00e3o<\/td>\n<\/tr>\n<tr>\n<td valign=\"top\" width=\"40%\">Dianteira<\/td>\n<td colspan=\"2\" valign=\"top\" width=\"60%\">independente, McPherson, mola helicoidal<\/td>\n<\/tr>\n<tr>\n<td valign=\"top\" width=\"40%\">Traseira<\/td>\n<td colspan=\"2\" valign=\"top\" width=\"60%\">eixo de tor\u00e7\u00e3o, mola helicoidal<\/td>\n<\/tr>\n<tr>\n<td valign=\"top\" width=\"40%\">Estabilizador(es)<\/td>\n<td valign=\"top\" width=\"30%\">dianteiro e traseiro<\/td>\n<td valign=\"top\" width=\"30%\">dianteiro e traseiro<\/td>\n<\/tr>\n<tr>\n<td style=\"background-color: #ffffff; width: 100%;\" colspan=\"3\" valign=\"top\">Rodas<\/td>\n<\/tr>\n<tr>\n<td valign=\"top\" width=\"40%\">Dimens\u00f5es<\/td>\n<td valign=\"top\" width=\"30%\">7 x 17 pol<\/td>\n<td valign=\"top\" width=\"30%\">17 pol<\/td>\n<\/tr>\n<tr>\n<td valign=\"top\" width=\"40%\">Pneus<\/td>\n<td valign=\"top\" width=\"30%\">215\/45 R 17<\/td>\n<td valign=\"top\" width=\"30%\">225\/45 R 17<\/td>\n<\/tr>\n<tr>\n<td style=\"background-color: #ffffff; width: 100%;\" colspan=\"3\" valign=\"top\">Dimens\u00f5es<\/td>\n<\/tr>\n<tr>\n<td valign=\"top\" width=\"40%\">Comprimento<\/td>\n<td valign=\"top\" width=\"30%\">4,336 m<\/td>\n<td valign=\"top\" width=\"30%\">4,276 m<\/td>\n<\/tr>\n<tr>\n<td valign=\"top\" width=\"40%\">Largura<\/td>\n<td valign=\"top\" width=\"30%\">1,792 m<\/td>\n<td valign=\"top\" width=\"30%\">1,815 m<\/td>\n<\/tr>\n<tr>\n<td valign=\"top\" width=\"40%\">Altura<\/td>\n<td valign=\"top\" width=\"30%\">1,488 m<\/td>\n<td valign=\"top\" width=\"30%\">1,498 m<\/td>\n<\/tr>\n<tr>\n<td valign=\"top\" width=\"40%\">Entre-eixos<\/td>\n<td valign=\"top\" width=\"30%\">2,602 m<\/td>\n<td valign=\"top\" width=\"30%\">2,608 m<\/td>\n<\/tr>\n<tr>\n<td valign=\"top\">Bitola dianteira<\/td>\n<td valign=\"top\" width=\"30%\">1,53 m<\/td>\n<td valign=\"top\" width=\"30%\">ND<\/td>\n<\/tr>\n<tr>\n<td valign=\"top\">Bitola traseira<\/td>\n<td valign=\"top\" width=\"30%\">1,521 m<\/td>\n<td valign=\"top\" width=\"30%\">ND<\/td>\n<\/tr>\n<tr>\n<td valign=\"top\" width=\"40%\">Coeficiente aerodin\u00e2mico (Cx)<\/td>\n<td valign=\"top\" width=\"30%\">0,33<\/td>\n<td valign=\"top\" width=\"30%\">0,28<\/td>\n<\/tr>\n<tr>\n<td style=\"background-color: #ffffff; width: 100%;\" colspan=\"3\" valign=\"top\">Capacidades e peso<\/td>\n<\/tr>\n<tr>\n<td valign=\"top\" width=\"40%\">Tanque de combust\u00edvel<\/td>\n<td valign=\"top\" width=\"30%\">58 l<\/td>\n<td valign=\"top\" width=\"30%\">60 l<\/td>\n<\/tr>\n<tr>\n<td valign=\"top\" width=\"40%\">Compartimento de bagagem<\/td>\n<td valign=\"top\" width=\"30%\">400 l<\/td>\n<td valign=\"top\" width=\"30%\">430 l<\/td>\n<\/tr>\n<tr>\n<td valign=\"top\" width=\"40%\">Peso em ordem de marcha<\/td>\n<td valign=\"top\" width=\"30%\">1.372 kg<\/td>\n<td valign=\"top\" width=\"30%\">1.387 kg<\/td>\n<\/tr>\n<tr>\n<td valign=\"top\" width=\"40%\">Rela\u00e7\u00e3o peso-pot\u00eancia (gas.\/\u00e1lc.)<\/td>\n<td valign=\"top\" width=\"30%\">10,6\/10,4 kg\/cv<\/td>\n<td valign=\"top\" width=\"30%\">9,7\/9,2 kg\/cv<\/td>\n<\/tr>\n<tr>\n<td style=\"background-color: #ffffff; width: 100%;\" colspan=\"3\" valign=\"top\">Garantia<\/td>\n<\/tr>\n<tr>\n<td valign=\"top\" width=\"40%\">Prazo<\/td>\n<td valign=\"top\" width=\"30%\">2 anos sem limite\nde quilometragem<\/td>\n<td valign=\"top\" width=\"30%\">3 anos sem limite\nde quilometragem<\/td>\n<\/tr>\n<tr>\n<td style=\"background-color: #ffffff; width: 100%;\" colspan=\"3\" valign=\"top\">Carros avaliados<\/td>\n<\/tr>\n<tr>\n<td valign=\"top\" width=\"40%\">Ano-modelo<\/td>\n<td valign=\"top\" width=\"30%\">2013<\/td>\n<td valign=\"top\" width=\"30%\"><\/td>\n<\/tr>\n<tr>\n<td valign=\"top\" width=\"40%\">Pneus<\/td>\n<td valign=\"top\" width=\"30%\">Goodyear Eagle Excellence<\/td>\n<td valign=\"top\" width=\"30%\">Michelin Primacy HP<\/td>\n<\/tr>\n<tr>\n<td valign=\"top\" width=\"40%\">Quilometragem inicial<\/td>\n<td valign=\"top\" width=\"30%\">4.000 km<\/td>\n<td valign=\"top\" width=\"30%\">7.000 km<\/td>\n<\/tr>\n<tr>\n<td colspan=\"3\" valign=\"top\" bgcolor=\"#FFFFFF\" width=\"100%\">Dados dos fabricantes; ND = n\u00e3o dispon\u00edvel; NA = n\u00e3o aplic\u00e1vel<\/td>\n<\/tr>\n<\/tbody>\n<\/table><\/div><\/div>\n<p>&nbsp;<\/p>\n","protected":false},"excerpt":{"rendered":"<p>Bem-equipados em conforto e sem pedal de embreagem, esses hatches m\u00e9dios n\u00e3o abrem m\u00e3o de bom desempenho<\/p>\n","protected":false},"author":6,"featured_media":18305,"comment_status":"open","ping_status":"closed","sticky":false,"template":"","format":"standard","meta":{"_joinchat":[],"footnotes":""},"categories":[4,1827,1836],"tags":[331,1903,1779,80,212,1397,1396,1398,79,57,69],"class_list":["post-17396","post","type-post","status-publish","format-standard","has-post-thumbnail","hentry","category-comparativo","category-fiat-avaliacao","category-peugeot-avaliacao","tag-331","tag-308-allure","tag-308-feline","tag-avaliacao-2","tag-bravo","tag-bravo-absolute","tag-bravo-essence","tag-bravo-sporting","tag-comparativo-2","tag-fiat","tag-peugeot"],"amp_enabled":true,"_links":{"self":[{"href":"https:\/\/autolivraria.com.br\/bc\/wp-json\/wp\/v2\/posts\/17396","targetHints":{"allow":["GET"]}}],"collection":[{"href":"https:\/\/autolivraria.com.br\/bc\/wp-json\/wp\/v2\/posts"}],"about":[{"href":"https:\/\/autolivraria.com.br\/bc\/wp-json\/wp\/v2\/types\/post"}],"author":[{"embeddable":true,"href":"https:\/\/autolivraria.com.br\/bc\/wp-json\/wp\/v2\/users\/6"}],"replies":[{"embeddable":true,"href":"https:\/\/autolivraria.com.br\/bc\/wp-json\/wp\/v2\/comments?post=17396"}],"version-history":[{"count":0,"href":"https:\/\/autolivraria.com.br\/bc\/wp-json\/wp\/v2\/posts\/17396\/revisions"}],"wp:featuredmedia":[{"embeddable":true,"href":"https:\/\/autolivraria.com.br\/bc\/wp-json\/wp\/v2\/media\/18305"}],"wp:attachment":[{"href":"https:\/\/autolivraria.com.br\/bc\/wp-json\/wp\/v2\/media?parent=17396"}],"wp:term":[{"taxonomy":"category","embeddable":true,"href":"https:\/\/autolivraria.com.br\/bc\/wp-json\/wp\/v2\/categories?post=17396"},{"taxonomy":"post_tag","embeddable":true,"href":"https:\/\/autolivraria.com.br\/bc\/wp-json\/wp\/v2\/tags?post=17396"}],"curies":[{"name":"wp","href":"https:\/\/api.w.org\/{rel}","templated":true}]}}