{"id":17468,"date":"2012-11-27T14:56:30","date_gmt":"2012-11-27T17:56:30","guid":{"rendered":"http:\/\/bestcars.uol.com.br\/bc\/?p=17468"},"modified":"2013-07-21T11:36:02","modified_gmt":"2013-07-21T14:36:02","slug":"c3-exclusive-pacote-completo-embalagem-compacta-2","status":"publish","type":"post","link":"https:\/\/autolivraria.com.br\/bc\/informe-se\/um-mes\/c3-exclusive-pacote-completo-embalagem-compacta-2\/","title":{"rendered":"C3 Exclusive: pacote completo, embalagem compacta (2)"},"content":{"rendered":"<p><a href=\"https:\/\/autolivraria.com.br\/bc\/wp-content\/uploads\/2012\/11\/C3-Exclusive-25.jpg\"><img fetchpriority=\"high\" decoding=\"async\" class=\"aligncenter size-medium wp-image-17472\" title=\"C3 Exclusive\" src=\"https:\/\/autolivraria.com.br\/bc\/wp-content\/uploads\/2012\/11\/C3-Exclusive-25-560x373.jpg\" alt=\"\" width=\"560\" height=\"373\" srcset=\"https:\/\/autolivraria.com.br\/bc\/wp-content\/uploads\/2012\/11\/C3-Exclusive-25-560x373.jpg 560w, https:\/\/autolivraria.com.br\/bc\/wp-content\/uploads\/2012\/11\/C3-Exclusive-25-470x313.jpg 470w, https:\/\/autolivraria.com.br\/bc\/wp-content\/uploads\/2012\/11\/C3-Exclusive-25-270x179.jpg 270w, https:\/\/autolivraria.com.br\/bc\/wp-content\/uploads\/2012\/11\/C3-Exclusive-25.jpg 1280w\" sizes=\"(max-width: 560px) 100vw, 560px\" \/><\/a><\/p>\n<p>&nbsp;<\/p>\n<h2>Mais de 1.100 km nas m\u00e3os de dois motoristas buscam<br \/>\nrespostas sobre comportamento, consumo e custo-benef\u00edcio<\/h2>\n<p><em>Texto e fotos: Fabr\u00edcio Samah\u00e1<\/em><\/p>\n<p>&nbsp;<\/p>\n<p><strong>Atualiza\u00e7\u00e3o de 27\/11\/12<\/strong><\/p>\n<p>Se a <a title=\"C3 Exclusive: pacote completo, embalagem compacta (1)\" href=\"https:\/\/autolivraria.com.br\/bc\/informe-se\/um-mes\/c3-exclusive-pacote-completo-embalagem-compacta-1\/\">primeira semana do Citro\u00ebn C3 Exclusive<\/a> avaliado em <em>Um M\u00eas ao Volante<\/em>\u00a0havia sido at\u00e9 certo ponto tranquila, a segunda foi de intensa rodagem: mais de 1.100 quil\u00f4metros cumpridos entre duas viagens, com diferentes motoristas, e uso urbano em localidades diversas.<\/p>\n<p>Na primeira viagem \u2014 de Pindamonhangaba, no Vale do Para\u00edba, \u00e0 regi\u00e3o de Campinas,\u00a0ambas no interior paulista \u2014, para cobrir o evento de lan\u00e7amento do <a title=\"Renault Fluence GT, com turbo, acerta no compromisso\" href=\"https:\/\/autolivraria.com.br\/bc\/destaques\/renault-fluence-gt-com-turbo-acerta-no-compromisso\/\">Renault Fluence GT<\/a> na Fazenda Capuava, o autor rodou 500 km em rodovias, como as boas Carvalho Pinto e Dom Pedro I, e pouco mais de 100 em trajetos urbanos.\u00a0Sem pressa e respeitando os limites de velocidade (de 120 e 110 km\/h, na ordem), o motorista obteve a marca m\u00e9dia de consumo de 8,9 km\/l de \u00e1lcool, a melhor obtida at\u00e9 agora pelo C3.<\/p>\n<p>Poderia ser mais positiva para as condi\u00e7\u00f5es de uso, o que mostra que economia n\u00e3o \u00e9 o ponto alto do modelo. Em contrapartida, o\u00a0percurso comprovou bons atributos do novo Citro\u00ebn, como o desempenho bastante adequado do motor de 1,6 litro e 122 cv, o baixo n\u00edvel de ru\u00eddo no uso normal e o rodar confort\u00e1vel, que n\u00e3o fica a dever a carros de m\u00e9dio porte. Tanto o <a href=\"https:\/\/autolivraria.com.br\/bc\/glossario-c\/#cont\">controlador de velocidade<\/a>\u00a0quanto o limitador mostraram utilidade, um nos longos quil\u00f4metros de rodovia, o outro nos deslocamentos em cidades repletas de radares.<\/p>\n<p>&nbsp;<\/p>\n<div class='one_half'>\n\t\t\t\t\t<a href=\"https:\/\/autolivraria.com.br\/bc\/wp-content\/uploads\/2012\/11\/C3-Exclusive-Capuava.jpg\"><img decoding=\"async\" class=\"aligncenter size-meia-largura-post wp-image-17473 lazyload\" title=\"C3 Exclusive\" data-src=\"https:\/\/autolivraria.com.br\/bc\/wp-content\/uploads\/2012\/11\/C3-Exclusive-Capuava-270x360.jpg\" alt=\"\" width=\"270\" height=\"360\" data-srcset=\"https:\/\/autolivraria.com.br\/bc\/wp-content\/uploads\/2012\/11\/C3-Exclusive-Capuava-270x360.jpg 270w, https:\/\/autolivraria.com.br\/bc\/wp-content\/uploads\/2012\/11\/C3-Exclusive-Capuava-560x746.jpg 560w, https:\/\/autolivraria.com.br\/bc\/wp-content\/uploads\/2012\/11\/C3-Exclusive-Capuava-639x853.jpg 639w, https:\/\/autolivraria.com.br\/bc\/wp-content\/uploads\/2012\/11\/C3-Exclusive-Capuava-470x626.jpg 470w, https:\/\/autolivraria.com.br\/bc\/wp-content\/uploads\/2012\/11\/C3-Exclusive-Capuava.jpg 1280w\" data-sizes=\"(max-width: 270px) 100vw, 270px\" src=\"data:image\/svg+xml;base64,PHN2ZyB3aWR0aD0iMSIgaGVpZ2h0PSIxIiB4bWxucz0iaHR0cDovL3d3dy53My5vcmcvMjAwMC9zdmciPjwvc3ZnPg==\" style=\"--smush-placeholder-width: 270px; --smush-placeholder-aspect-ratio: 270\/360;\" \/><\/a>\n\t\t\t\t<\/div>\n<div class='one_half last'>\n\t\t\t\t\t<a href=\"https:\/\/autolivraria.com.br\/bc\/wp-content\/uploads\/2012\/11\/C3-Exclusive-30.jpg\"><img decoding=\"async\" class=\"aligncenter size-meia-largura-post wp-image-17474 lazyload\" title=\"C3 Exclusive\" data-src=\"https:\/\/autolivraria.com.br\/bc\/wp-content\/uploads\/2012\/11\/C3-Exclusive-30-270x360.jpg\" alt=\"\" width=\"270\" height=\"360\" data-srcset=\"https:\/\/autolivraria.com.br\/bc\/wp-content\/uploads\/2012\/11\/C3-Exclusive-30-270x360.jpg 270w, https:\/\/autolivraria.com.br\/bc\/wp-content\/uploads\/2012\/11\/C3-Exclusive-30-560x746.jpg 560w, https:\/\/autolivraria.com.br\/bc\/wp-content\/uploads\/2012\/11\/C3-Exclusive-30-639x853.jpg 639w, https:\/\/autolivraria.com.br\/bc\/wp-content\/uploads\/2012\/11\/C3-Exclusive-30-470x626.jpg 470w, https:\/\/autolivraria.com.br\/bc\/wp-content\/uploads\/2012\/11\/C3-Exclusive-30.jpg 1280w\" data-sizes=\"(max-width: 270px) 100vw, 270px\" src=\"data:image\/svg+xml;base64,PHN2ZyB3aWR0aD0iMSIgaGVpZ2h0PSIxIiB4bWxucz0iaHR0cDovL3d3dy53My5vcmcvMjAwMC9zdmciPjwvc3ZnPg==\" style=\"--smush-placeholder-width: 270px; --smush-placeholder-aspect-ratio: 270\/360;\" \/><\/a>\n\t\t\t\t<\/div><div class='clear'><\/div>\n<p style=\"text-align: center;\"><em>\u00a0<\/em><br \/>\n<em>O C3 em meio \u00e0s belezas da Fazenda Capuava, em Indaiatuba, SP: viagem com<br \/>\nconforto e bom desempenho, m\u00e9dia apenas regular de 8,9 km\/l de \u00e1lcool\u00a0<\/em><\/p>\n<p>&nbsp;<\/p>\n<p>Em aclives acentuados, como na Dom Pedro I, a caixa de c\u00e2mbio autom\u00e1tica revelou calibra\u00e7\u00e3o que favorece o conforto e a efici\u00eancia: redu\u00e7\u00f5es s\u00e3o feitas apenas quando realmente necess\u00e1rias, isto \u00e9, quando n\u00e3o h\u00e1 mais pot\u00eancia para manter a velocidade em quarta dentro do <a href=\"https:\/\/autolivraria.com.br\/bc\/glossario-m\/#meto\">m\u00e9todo carga de dire\u00e7\u00e3o<\/a>. Bem diferente do que costuma acontecer com c\u00e2mbios de marcas japonesas, que reduzem marchas em excesso e implicam maiores ru\u00eddo e consumo. Por outro lado, ao acionar o controlador de velocidade ap\u00f3s uma parada (para pagar ped\u00e1gio, por exemplo), a retomada \u00e9 abrupta como n\u00e3o seria preciso.<\/p>\n<p>Boa companhia na viagem solit\u00e1ria veio do bom sistema de \u00e1udio, que conta com conex\u00f5es auxiliar e USB (contudo, seria melhor haver um local oculto para o dispositivo conectado) e interface <a href=\"https:\/\/autolivraria.com.br\/bc\/glossario-b\/#blue\">Bluetooth<\/a> para celular. Bom detalhe \u00e9 que o pequeno painel do r\u00e1dio mant\u00e9m \u00e0 mostra as emissoras memorizadas; seus controles v\u00eam em sat\u00e9lite junto ao volante, f\u00e1cil de usar depois de r\u00e1pida adapta\u00e7\u00e3o. No trecho noturno, os far\u00f3is de <a href=\"https:\/\/autolivraria.com.br\/bc\/glossario-d\/#dupl\">duplo refletor<\/a> \u2014 solu\u00e7\u00e3o que deveria ser padr\u00e3o na categoria \u2014 forneceram eficiente ilumina\u00e7\u00e3o.<\/p>\n<p>&nbsp;<\/p>\n<blockquote><p>A caixa autom\u00e1tica favorece o conforto e a efici\u00eancia: redu\u00e7\u00f5es s\u00e3o feitas apenas quando realmente necess\u00e1rias, diferente do que costuma acontecer com marcas japonesas<\/p><\/blockquote>\n<p>&nbsp;<\/p>\n<p>O ar-condicionado do C3 cumpriu sua miss\u00e3o, ajudado pelos cinco difusores em posi\u00e7\u00e3o ideal no painel, mas poderia ser mais r\u00e1pido no resfriamento da cabine depois de exposta ao sol tropical. Nesses momentos, a ideia de combinar couro (laterais) e tecido (centro) no revestimento dos bancos mereceu nossa aprova\u00e7\u00e3o, pois teria sido bem mais desconfort\u00e1vel sentir as costas colando a um banco todo de couro&#8230; Um ponto que precisa ser revisto, tanto no C3 quanto em outros modelos do grupo PSA Peugeot Citro\u00ebn, \u00e9 o aquecimento indevido do ar: com ventilador acionado em temperatura ambiente ao redor de 20\u00b0C, o ar emitido \u00e0 cabine n\u00e3o \u00e9 agrad\u00e1vel como o l\u00e1 de fora.<\/p>\n<p>H\u00e1 outros detalhes melhor\u00e1veis. Ao usar os comandos junto ao volante para trocas manuais de marcha, com a alavanca na posi\u00e7\u00e3o <em>D<\/em>, o indicador do painel n\u00e3o mostra qual a marcha em uso \u2014 o que s\u00f3 aconteceria com o seletor em posi\u00e7\u00e3o manual. Os cintos dianteiros n\u00e3o t\u00eam regulagem de altura, o que constitui problema no caso do passageiro (o motorista pode ajustar a altura do banco), e n\u00e3o h\u00e1 al\u00e7as de teto. O tanque de combust\u00edvel, quando pr\u00f3ximo de cheio, faz um barulho inc\u00f4modo ao parar o carro (desaparece ao deixar o n\u00edvel baixar) e seu bocal requer o anacr\u00f4nico uso de chave. O estepe com pneu de 15 pol, diferente dos outros, n\u00e3o serve para reposi\u00e7\u00e3o.<\/p>\n<p>&nbsp;<\/p>\n<div><a href=\"https:\/\/autolivraria.com.br\/bc\/wp-content\/uploads\/2012\/11\/C3-Exclusive-12.jpg\"><img decoding=\"async\" class=\"aligncenter size-medium wp-image-17475 lazyload\" title=\"C3 Exclusive\" data-src=\"https:\/\/autolivraria.com.br\/bc\/wp-content\/uploads\/2012\/11\/C3-Exclusive-12-560x373.jpg\" alt=\"\" width=\"560\" height=\"373\" data-srcset=\"https:\/\/autolivraria.com.br\/bc\/wp-content\/uploads\/2012\/11\/C3-Exclusive-12-560x373.jpg 560w, https:\/\/autolivraria.com.br\/bc\/wp-content\/uploads\/2012\/11\/C3-Exclusive-12-470x313.jpg 470w, https:\/\/autolivraria.com.br\/bc\/wp-content\/uploads\/2012\/11\/C3-Exclusive-12-270x179.jpg 270w, https:\/\/autolivraria.com.br\/bc\/wp-content\/uploads\/2012\/11\/C3-Exclusive-12.jpg 1280w\" data-sizes=\"(max-width: 560px) 100vw, 560px\" src=\"data:image\/svg+xml;base64,PHN2ZyB3aWR0aD0iMSIgaGVpZ2h0PSIxIiB4bWxucz0iaHR0cDovL3d3dy53My5vcmcvMjAwMC9zdmciPjwvc3ZnPg==\" style=\"--smush-placeholder-width: 560px; --smush-placeholder-aspect-ratio: 560\/373;\" \/><\/a><\/div>\n<p style=\"text-align: center;\"><em>\u00a0<\/em><br \/>\n<em>Dirigido por um ex-propriet\u00e1rio de dois Polos, o Citro\u00ebn foi elogiado pelo<br \/>\nestilo e o acabamento, mas criticado pelo consumo e a suspens\u00e3o mais firme\u00a0<\/em><\/p>\n<p>&nbsp;<\/p>\n<p>Em contrapartida, bons detalhes t\u00eam sido percebidos: painel com formato que traz amplo espa\u00e7o e sensa\u00e7\u00e3o de amplid\u00e3o \u00e0 frente do passageiro, controle el\u00e9trico dos vidros agora nas portas (bem melhor posi\u00e7\u00e3o que a do antigo C3, muito avan\u00e7ada no console central), um enorme porta-luvas com ilumina\u00e7\u00e3o e refrigera\u00e7\u00e3o, \u00f3tima \u00e1rea de varredura pelo limpador de para-brisa. E, como j\u00e1 mencionado no relato anterior, uma assist\u00eancia (el\u00e9trica) de dire\u00e7\u00e3o que talvez seja a melhor da categoria.<\/p>\n<h3>Do Polo para o C3<\/h3>\n<p>Depois da volta de Campinas e de algum uso urbano com elevado consumo m\u00e9dio (5,8 km\/l), das m\u00e3os do autor o C3 passou para as de Luciano P. Santos, 37 anos, estreante na colabora\u00e7\u00e3o \u00e0 se\u00e7\u00e3o, mas experiente como dono de carros variados que inclu\u00edram dois Volkswagens Polos, do mesmo segmento do Citro\u00ebn. O motorista viajou entre Pindamonhangaba e S\u00e3o Paulo e, na capital, fez diversos trajetos que somados ao rodovi\u00e1rio alcan\u00e7aram 460 km. Certo tr\u00e2nsito, alguma pressa e uso intenso de ar-condicionado resultaram em m\u00e9dia de 6,9 km\/l de \u00e1lcool em todo o uso pelo colaborador.<\/p>\n<p>&nbsp;<\/p>\n<div class='code-block code-block-7' style='margin: 28px auto; text-align: center; display: block; clear: both;'>\n<script async src=\"https:\/\/pagead2.googlesyndication.com\/pagead\/js\/adsbygoogle.js\"><\/script>\n<!-- AL-quadrado -->\n<ins class=\"adsbygoogle\"\n     style=\"display:block\"\n     data-ad-client=\"ca-pub-1914799802606213\"\n     data-ad-slot=\"5683066082\"\n     data-ad-format=\"auto\"\n     data-full-width-responsive=\"true\"><\/ins>\n<script>\n     (adsbygoogle = window.adsbygoogle || []).push({});\n<\/script><\/div>\n\n<p>&nbsp;<\/p>\n<p>Luciano define o novo compacto como &#8220;um carro com estilo agrad\u00e1vel, jovem e moderno, que passa robustez e esportividade. Seu acabamento \u00e9 de boa qualidade quando comparado com modelos da mesma faixa de pre\u00e7o. Gosto da posi\u00e7\u00e3o de dirigir, mas os bancos s\u00e3o um pouco estreitos. Uma queixa vai para o espa\u00e7o interno: \u00e9 apertado para ocupantes acima de 1,80 metro, sobretudo no banco traseiro&#8221;.<\/p>\n<p>Dos aspectos din\u00e2micos do C3, o motorista destaca a estabilidade e os freios, que &#8220;transmitem seguran\u00e7a ao condutor&#8221;. O motor foi considerado agrad\u00e1vel em baixas rota\u00e7\u00f5es, com mais pot\u00eancia nessa faixa do que o esperado para uma unidade de quatro v\u00e1lvulas por cilindro, mas &#8220;um pouco barulhento em altas rota\u00e7\u00f5es e, acima de 100 km\/h, falta pot\u00eancia para ultrapassagens&#8221;.<\/p>\n<p>&nbsp;<\/p>\n<div class='one_third'>\n\t\t\t\t\t<a href=\"https:\/\/autolivraria.com.br\/bc\/wp-content\/uploads\/2012\/11\/C3-Exclusive-det-3.jpg\"><img decoding=\"async\" class=\"aligncenter size-thumbnail wp-image-17476 lazyload\" title=\"C3 Exclusive\" data-src=\"https:\/\/autolivraria.com.br\/bc\/wp-content\/uploads\/2012\/11\/C3-Exclusive-det-3-168x168.jpg\" alt=\"\" width=\"168\" height=\"168\" data-srcset=\"https:\/\/autolivraria.com.br\/bc\/wp-content\/uploads\/2012\/11\/C3-Exclusive-det-3-168x168.jpg 168w, https:\/\/autolivraria.com.br\/bc\/wp-content\/uploads\/2012\/11\/C3-Exclusive-det-3-100x100.jpg 100w\" data-sizes=\"(max-width: 168px) 100vw, 168px\" src=\"data:image\/svg+xml;base64,PHN2ZyB3aWR0aD0iMSIgaGVpZ2h0PSIxIiB4bWxucz0iaHR0cDovL3d3dy53My5vcmcvMjAwMC9zdmciPjwvc3ZnPg==\" style=\"--smush-placeholder-width: 168px; --smush-placeholder-aspect-ratio: 168\/168;\" \/><\/a>\n\t\t\t\t<\/div>\n<div class='one_third'>\n\t\t\t\t\t<a href=\"https:\/\/autolivraria.com.br\/bc\/wp-content\/uploads\/2012\/11\/C3-Exclusive-cruise.jpg\"><img decoding=\"async\" class=\"aligncenter size-thumbnail wp-image-17478 lazyload\" title=\"C3 Exclusive\" data-src=\"https:\/\/autolivraria.com.br\/bc\/wp-content\/uploads\/2012\/11\/C3-Exclusive-cruise-168x168.jpg\" alt=\"\" width=\"168\" height=\"168\" data-srcset=\"https:\/\/autolivraria.com.br\/bc\/wp-content\/uploads\/2012\/11\/C3-Exclusive-cruise-168x168.jpg 168w, https:\/\/autolivraria.com.br\/bc\/wp-content\/uploads\/2012\/11\/C3-Exclusive-cruise-100x100.jpg 100w\" data-sizes=\"(max-width: 168px) 100vw, 168px\" src=\"data:image\/svg+xml;base64,PHN2ZyB3aWR0aD0iMSIgaGVpZ2h0PSIxIiB4bWxucz0iaHR0cDovL3d3dy53My5vcmcvMjAwMC9zdmciPjwvc3ZnPg==\" style=\"--smush-placeholder-width: 168px; --smush-placeholder-aspect-ratio: 168\/168;\" \/><\/a>\n\t\t\t\t<\/div>\n<div class='one_third last'>\n\t\t\t\t\t<a href=\"https:\/\/autolivraria.com.br\/bc\/wp-content\/uploads\/2012\/11\/C3-Exclusive-pluvas.jpg\"><img decoding=\"async\" class=\"aligncenter size-thumbnail wp-image-17481 lazyload\" title=\"C3 Exclusive\" data-src=\"https:\/\/autolivraria.com.br\/bc\/wp-content\/uploads\/2012\/11\/C3-Exclusive-pluvas-168x168.jpg\" alt=\"\" width=\"168\" height=\"168\" data-srcset=\"https:\/\/autolivraria.com.br\/bc\/wp-content\/uploads\/2012\/11\/C3-Exclusive-pluvas-168x168.jpg 168w, https:\/\/autolivraria.com.br\/bc\/wp-content\/uploads\/2012\/11\/C3-Exclusive-pluvas-100x100.jpg 100w\" data-sizes=\"(max-width: 168px) 100vw, 168px\" src=\"data:image\/svg+xml;base64,PHN2ZyB3aWR0aD0iMSIgaGVpZ2h0PSIxIiB4bWxucz0iaHR0cDovL3d3dy53My5vcmcvMjAwMC9zdmciPjwvc3ZnPg==\" style=\"--smush-placeholder-width: 168px; --smush-placeholder-aspect-ratio: 168\/168;\" \/><\/a>\n\t\t\t\t<\/div><div class='clear'><\/div>\n<p>&nbsp;<\/p>\n<div class='one_third'>\n\t\t\t\t\t<a href=\"https:\/\/autolivraria.com.br\/bc\/wp-content\/uploads\/2012\/11\/C3-Exclusive-bocal.jpg\"><img decoding=\"async\" class=\"aligncenter size-thumbnail wp-image-17477 lazyload\" title=\"C3 Exclusive\" data-src=\"https:\/\/autolivraria.com.br\/bc\/wp-content\/uploads\/2012\/11\/C3-Exclusive-bocal-168x168.jpg\" alt=\"\" width=\"168\" height=\"168\" data-srcset=\"https:\/\/autolivraria.com.br\/bc\/wp-content\/uploads\/2012\/11\/C3-Exclusive-bocal-168x168.jpg 168w, https:\/\/autolivraria.com.br\/bc\/wp-content\/uploads\/2012\/11\/C3-Exclusive-bocal-100x100.jpg 100w\" data-sizes=\"(max-width: 168px) 100vw, 168px\" src=\"data:image\/svg+xml;base64,PHN2ZyB3aWR0aD0iMSIgaGVpZ2h0PSIxIiB4bWxucz0iaHR0cDovL3d3dy53My5vcmcvMjAwMC9zdmciPjwvc3ZnPg==\" style=\"--smush-placeholder-width: 168px; --smush-placeholder-aspect-ratio: 168\/168;\" \/><\/a>\n\t\t\t\t<\/div>\n<div class='one_third'>\n\t\t\t\t\t<a href=\"https:\/\/autolivraria.com.br\/bc\/wp-content\/uploads\/2012\/11\/C3-Exclusive-estepe.jpg\"><img decoding=\"async\" class=\"aligncenter size-thumbnail wp-image-17479 lazyload\" title=\"C3 Exclusive\" data-src=\"https:\/\/autolivraria.com.br\/bc\/wp-content\/uploads\/2012\/11\/C3-Exclusive-estepe-168x168.jpg\" alt=\"\" width=\"168\" height=\"168\" data-srcset=\"https:\/\/autolivraria.com.br\/bc\/wp-content\/uploads\/2012\/11\/C3-Exclusive-estepe-168x168.jpg 168w, https:\/\/autolivraria.com.br\/bc\/wp-content\/uploads\/2012\/11\/C3-Exclusive-estepe-100x100.jpg 100w\" data-sizes=\"(max-width: 168px) 100vw, 168px\" src=\"data:image\/svg+xml;base64,PHN2ZyB3aWR0aD0iMSIgaGVpZ2h0PSIxIiB4bWxucz0iaHR0cDovL3d3dy53My5vcmcvMjAwMC9zdmciPjwvc3ZnPg==\" style=\"--smush-placeholder-width: 168px; --smush-placeholder-aspect-ratio: 168\/168;\" \/><\/a>\n\t\t\t\t<\/div>\n<div class='one_third last'>\n\t\t\t\t\t<a href=\"https:\/\/autolivraria.com.br\/bc\/wp-content\/uploads\/2012\/11\/C3-Exclusive-mostra-marcha.jpg\"><img decoding=\"async\" class=\"aligncenter size-thumbnail wp-image-17480 lazyload\" title=\"C3 Exclusive\" data-src=\"https:\/\/autolivraria.com.br\/bc\/wp-content\/uploads\/2012\/11\/C3-Exclusive-mostra-marcha-168x168.jpg\" alt=\"\" width=\"168\" height=\"168\" data-srcset=\"https:\/\/autolivraria.com.br\/bc\/wp-content\/uploads\/2012\/11\/C3-Exclusive-mostra-marcha-168x168.jpg 168w, https:\/\/autolivraria.com.br\/bc\/wp-content\/uploads\/2012\/11\/C3-Exclusive-mostra-marcha-100x100.jpg 100w\" data-sizes=\"(max-width: 168px) 100vw, 168px\" src=\"data:image\/svg+xml;base64,PHN2ZyB3aWR0aD0iMSIgaGVpZ2h0PSIxIiB4bWxucz0iaHR0cDovL3d3dy53My5vcmcvMjAwMC9zdmciPjwvc3ZnPg==\" style=\"--smush-placeholder-width: 168px; --smush-placeholder-aspect-ratio: 168\/168;\" \/><\/a>\n\t\t\t\t<\/div><div class='clear'><\/div>\n<p style=\"text-align: center;\"><em>\u00a0<\/em><br \/>\n<em>Espa\u00e7o diante do passageiro, controlador\/limitador de velocidade e porta-luvas<br \/>\namplo e refrigerado s\u00e3o bons detalhes; bocal do tanque com chave,<br \/>\nestepe\u00a0com pneu diferente dos outros e indicador de marcha podem melhorar<\/em><\/p>\n<p>&nbsp;<\/p>\n<p>Adepto do c\u00e2mbio manual, Luciano aprovou a possibilidade de trocas pelas aletas atr\u00e1s do volante. &#8220;\u00c9 um bom conjunto, mas poderia ter uma quinta marcha para reduzir o intervalo entre elas. Quando se pede uma redu\u00e7\u00e3o, os giros aumentam muito e o ru\u00eddo passa a incomodar. Na estrada ou se &#8216;estica&#8217; a terceira, que \u00e9 curta, ou se passa a quarta e o carro perde o f\u00f4lego para ganhar velocidade. Al\u00e9m disso, no uso intenso no tr\u00e2nsito de S\u00e3o Paulo, o c\u00e2mbio apresentou leve trepida\u00e7\u00e3o nas sa\u00eddas&#8221;.<\/p>\n<p>Dois pontos em particular incomodaram o colaborador. &#8220;Um, o consumo, muito elevado para um veiculo de sua cilindrada e seu tamanho, que se reflete em baixa autonomia. Outro, a suspens\u00e3o firme, que n\u00e3o absorve bem as irregularidades do piso e chega a ser desconfort\u00e1vel. A do Polo \u00e9 mais acertada nesse aspecto, apesar de ser um carro de projeto muito mais antigo que o C3&#8221;, ele compara.<\/p>\n<p>Questionado se compraria um Exclusive como o avaliado pelo pre\u00e7o sugerido (R$ 59.130), Luciano descartou a op\u00e7\u00e3o de imediato: &#8220;\u00c9 um custo muito elevado pelo que oferece, por se tratar de um carro urbano. Modelos maiores e mesmo de outra categoria podem ser encontrados pelo mesmo pre\u00e7o ou por uma diferen\u00e7a pequena, o que inclui bons sed\u00e3s m\u00e9dios na faixa de 1,8 a 2,0 litros&#8221;.<\/p>\n<table border=\"0\">\n<tbody>\n<tr>\n<td><a href='https:\/\/autolivraria.com.br\/bc\/informe-se\/um-mes\/c3-exclusive-pacote-completo-embalagem-compacta-1' class='small-button smallsilver'>Atualiza\u00e7\u00e3o anterior<\/a><\/td>\n<\/tr>\n<\/tbody>\n<\/table>\n<p>&nbsp;<\/p>\n<div class='et-box et-shadow'>\n\t\t\t\t\t<div class='et-box-content'><h2>\u00daltimo per\u00edodo<\/h2>\n<table id=\"table6087\" style=\"width: 100%;\" border=\"0\" cellspacing=\"0\" cellpadding=\"3\">\n<tbody>\n<tr>\n<td align=\"center\" width=\"50%\">\n<h2>7 dias<\/h2>\n<\/td>\n<td align=\"center\" width=\"50%\">\n<h2>1.138 km<\/h2>\n<\/td>\n<\/tr>\n<tr>\n<td width=\"50%\">Dist\u00e2ncia em cidade<\/td>\n<td align=\"left\">358 km<\/td>\n<\/tr>\n<tr>\n<td width=\"50%\">Dist\u00e2ncia em estrada<\/td>\n<td align=\"left\">780 km<\/td>\n<\/tr>\n<tr>\n<td width=\"50%\">Consumo m\u00e9dio (\u00e1lcool)<\/td>\n<td align=\"left\">7,8 km\/l<\/td>\n<\/tr>\n<tr>\n<td width=\"50%\">\u00a0 \u00a0 \u00a0Melhor m\u00e9dia (\u00e1lcool)<\/td>\n<td align=\"left\">8,9 km\/l<\/td>\n<\/tr>\n<tr>\n<td width=\"50%\">\u00a0 \u00a0 \u00a0Pior m\u00e9dia (\u00e1lcool)<\/td>\n<td align=\"left\">5,8 km\/l<\/td>\n<\/tr>\n<tr>\n<td colspan=\"2\" width=\"100%\">Indica\u00e7\u00f5es do computador de bordo<\/td>\n<\/tr>\n<\/tbody>\n<\/table><\/div><\/div>\n<p>&nbsp;<\/p>\n<div class='et-box et-shadow'>\n\t\t\t\t\t<div class='et-box-content'><h2>Desde o in\u00edcio<\/h2>\n<table id=\"table6087\" style=\"width: 100%;\" border=\"0\" cellspacing=\"0\" cellpadding=\"3\">\n<tbody>\n<tr>\n<td align=\"center\" width=\"50%\">\n<h2>13 dias<\/h2>\n<\/td>\n<td align=\"center\" width=\"50%\">\n<h2>1.405 km<\/h2>\n<\/td>\n<\/tr>\n<tr>\n<td width=\"50%\">Dist\u00e2ncia em cidade<\/td>\n<td align=\"left\">430 km<\/td>\n<\/tr>\n<tr>\n<td width=\"50%\">Dist\u00e2ncia em estrada<\/td>\n<td align=\"left\">975 km<\/td>\n<\/tr>\n<tr>\n<td width=\"50%\">Consumo m\u00e9dio (\u00e1lcool)<\/td>\n<td align=\"left\">7,7 km\/l<\/td>\n<\/tr>\n<tr>\n<td width=\"50%\">\u00a0 \u00a0 \u00a0Melhor\u00a0m\u00e9dia (\u00e1lcool)<\/td>\n<td align=\"left\">8,9 km\/l<\/td>\n<\/tr>\n<tr>\n<td width=\"50%\">\u00a0 \u00a0 \u00a0Pior m\u00e9dia (\u00e1lcool)<\/td>\n<td align=\"left\">5,8 km\/l<\/td>\n<\/tr>\n<tr>\n<td colspan=\"2\" width=\"100%\">Indica\u00e7\u00f5es do computador de bordo<\/td>\n<\/tr>\n<\/tbody>\n<\/table><\/div><\/div>\n<p>&nbsp;<\/p>\n<div class='et-box et-shadow'>\n\t\t\t\t\t<div class='et-box-content'><h2>Pre\u00e7o<\/h2>\n<table id=\"table6088\" style=\"width: 100%;\" border=\"0\" cellspacing=\"0\" cellpadding=\"3\">\n<tbody>\n<tr>\n<td valign=\"top\" width=\"50%\">Sem opcionais<\/td>\n<td valign=\"top\" width=\"50%\">R$ 55.340<\/td>\n<\/tr>\n<tr>\n<td valign=\"top\" width=\"50%\">Como avaliado<\/td>\n<td valign=\"top\" width=\"50%\">R$ 59.130<\/td>\n<\/tr>\n<\/tbody>\n<\/table><\/div><\/div>\n<p>&nbsp;<\/p>\n<div class='et-box et-shadow'>\n\t\t\t\t\t<div class='et-box-content'><div>\n<h2>Teste do Leitor<\/h2>\n<p><a title=\"Citro\u00ebn C3 (segunda gera\u00e7\u00e3o)\" href=\"https:\/\/autolivraria.com.br\/bc\/participe\/teste-leitor\/teste-do-leitor-citroen\/citroen-c3-segunda-geracao\/\">Opini\u00e3o dos propriet\u00e1rios<\/a><\/p>\n<p><a href=\"https:\/\/autolivraria.com.br\/bc\/teste-do-leitor-envie-sua-opiniao\">Envie sua opini\u00e3o sobre o carro que possui<\/a><\/p>\n<\/div><\/div><\/div>\n<p>&nbsp;<\/p>\n<div class='et-box et-shadow'>\n\t\t\t\t\t<div class='et-box-content'><div>\n<h2>Ficha t\u00e9cnica<\/h2>\n<\/div>\n<div>\n<table id=\"table61\" style=\"width: 100%;\" border=\"0\" cellspacing=\"0\" cellpadding=\"3\">\n<tbody>\n<tr>\n<td colspan=\"2\" valign=\"top\" bgcolor=\"#FFFFFF\" width=\"50%\">Motor<\/td>\n<\/tr>\n<tr>\n<td valign=\"top\" width=\"50%\">Posi\u00e7\u00e3o<\/td>\n<td valign=\"top\" width=\"50%\">transversal<\/td>\n<\/tr>\n<tr>\n<td valign=\"top\" width=\"50%\">Cilindros<\/td>\n<td valign=\"top\" width=\"50%\">4 em linha<\/td>\n<\/tr>\n<tr>\n<td valign=\"top\" width=\"50%\">Comando de v\u00e1lvulas<\/td>\n<td valign=\"top\" width=\"50%\">duplo no cabe\u00e7ote<\/td>\n<\/tr>\n<tr>\n<td valign=\"top\" width=\"50%\">V\u00e1lvulas por cilindro<\/td>\n<td valign=\"top\" width=\"50%\">4, varia\u00e7\u00e3o de tempo<\/td>\n<\/tr>\n<tr>\n<td valign=\"top\" width=\"50%\">Di\u00e2metro e curso<\/td>\n<td valign=\"top\" width=\"50%\">78,5 x 82 mm<\/td>\n<\/tr>\n<tr>\n<td valign=\"top\" width=\"50%\">Cilindrada<\/td>\n<td valign=\"top\" width=\"50%\">1.587 cm\u00b3<\/td>\n<\/tr>\n<tr>\n<td valign=\"top\" width=\"50%\">Taxa de compress\u00e3o<\/td>\n<td valign=\"top\" width=\"50%\">12,5:1<\/td>\n<\/tr>\n<tr>\n<td valign=\"top\" width=\"50%\">Alimenta\u00e7\u00e3o<\/td>\n<td valign=\"top\" width=\"50%\">inje\u00e7\u00e3o multiponto sequencial<\/td>\n<\/tr>\n<tr>\n<td valign=\"top\" width=\"50%\">Pot\u00eancia m\u00e1xima (gas.)<\/td>\n<td valign=\"top\" width=\"50%\">115 cv a 6.000 rpm<\/td>\n<\/tr>\n<tr>\n<td valign=\"top\" width=\"50%\">Pot\u00eancia m\u00e1xima (\u00e1lc.)<\/td>\n<td valign=\"top\" width=\"50%\">122 cv a 5.800 rpm<\/td>\n<\/tr>\n<tr>\n<td valign=\"top\" width=\"50%\">Torque m\u00e1ximo (gas.)<\/td>\n<td valign=\"top\" width=\"50%\">15,5 m.kgf a 4.000 rpm<\/td>\n<\/tr>\n<tr>\n<td valign=\"top\" width=\"50%\">Torque m\u00e1ximo (\u00e1lc.)<\/td>\n<td valign=\"top\" width=\"50%\">16,4 m.kgf a 4.000 rpm<\/td>\n<\/tr>\n<tr>\n<td colspan=\"2\" valign=\"top\" bgcolor=\"#FFFFFF\" width=\"50%\">Transmiss\u00e3o<\/td>\n<\/tr>\n<tr>\n<td valign=\"top\" width=\"50%\">Tipo de c\u00e2mbio e marchas<\/td>\n<td valign=\"top\" width=\"50%\">autom\u00e1tico \/ 4<\/td>\n<\/tr>\n<tr>\n<td valign=\"top\" width=\"50%\">Tra\u00e7\u00e3o<\/td>\n<td valign=\"top\" width=\"50%\">dianteira<\/td>\n<\/tr>\n<tr>\n<td colspan=\"2\" valign=\"top\" bgcolor=\"#FFFFFF\" width=\"50%\">Freios<\/td>\n<\/tr>\n<tr>\n<td valign=\"top\" width=\"50%\">Dianteiros<\/td>\n<td valign=\"top\" width=\"50%\">a disco ventilado<\/td>\n<\/tr>\n<tr>\n<td valign=\"top\" width=\"50%\">Traseiros<\/td>\n<td valign=\"top\" width=\"50%\">a tambor<\/td>\n<\/tr>\n<tr>\n<td valign=\"top\" width=\"50%\">Antitravamento (ABS)<\/td>\n<td valign=\"top\" width=\"50%\">sim<\/td>\n<\/tr>\n<tr>\n<td colspan=\"2\" valign=\"top\" bgcolor=\"#FFFFFF\" width=\"50%\">Dire\u00e7\u00e3o<\/td>\n<\/tr>\n<tr>\n<td valign=\"top\" width=\"50%\">Sistema<\/td>\n<td valign=\"top\" width=\"50%\">pinh\u00e3o e cremalheira<\/td>\n<\/tr>\n<tr>\n<td valign=\"top\" width=\"50%\">Assist\u00eancia<\/td>\n<td valign=\"top\" width=\"50%\">el\u00e9trica<\/td>\n<\/tr>\n<tr>\n<td colspan=\"2\" valign=\"top\" bgcolor=\"#FFFFFF\" width=\"50%\">Suspens\u00e3o<\/td>\n<\/tr>\n<tr>\n<td valign=\"top\" width=\"50%\">Dianteira<\/td>\n<td valign=\"top\" width=\"50%\">independente, McPherson, mola helicoidal<\/td>\n<\/tr>\n<tr>\n<td valign=\"top\" width=\"50%\">Traseira<\/td>\n<td valign=\"top\" width=\"50%\">eixo de tor\u00e7\u00e3o, mola helicoidal<\/td>\n<\/tr>\n<tr>\n<td colspan=\"2\" valign=\"top\" bgcolor=\"#FFFFFF\" width=\"50%\">Rodas<\/td>\n<\/tr>\n<tr>\n<td valign=\"top\" width=\"50%\">Dimens\u00f5es<\/td>\n<td valign=\"top\" width=\"50%\">16 pol<\/td>\n<\/tr>\n<tr>\n<td valign=\"top\" width=\"50%\">Pneus<\/td>\n<td valign=\"top\" width=\"50%\">195\/55 R 16<\/td>\n<\/tr>\n<tr>\n<td colspan=\"2\" valign=\"top\" bgcolor=\"#FFFFFF\" width=\"50%\">Dimens\u00f5es<\/td>\n<\/tr>\n<tr>\n<td valign=\"top\" width=\"50%\">Comprimento<\/td>\n<td valign=\"top\" width=\"50%\">3,944 m<\/td>\n<\/tr>\n<tr>\n<td valign=\"top\" width=\"50%\">Largura<\/td>\n<td valign=\"top\" width=\"50%\">1,708 m<\/td>\n<\/tr>\n<tr>\n<td valign=\"top\" width=\"50%\">Altura<\/td>\n<td valign=\"top\" width=\"50%\">1,521 m<\/td>\n<\/tr>\n<tr>\n<td valign=\"top\" width=\"50%\">Entre-eixos<\/td>\n<td valign=\"top\" width=\"50%\">2,46 m<\/td>\n<\/tr>\n<tr>\n<td colspan=\"2\" valign=\"top\" bgcolor=\"#FFFFFF\" width=\"50%\">Capacidades e peso<\/td>\n<\/tr>\n<tr>\n<td valign=\"top\" width=\"50%\">Tanque de combust\u00edvel<\/td>\n<td valign=\"top\" width=\"50%\">55 l<\/td>\n<\/tr>\n<tr>\n<td valign=\"top\" width=\"50%\">Compartimento de bagagem<\/td>\n<td valign=\"top\" width=\"50%\">300 l<\/td>\n<\/tr>\n<tr>\n<td valign=\"top\" width=\"50%\">Peso em ordem de marcha<\/td>\n<td valign=\"top\" width=\"50%\">1.202 kg<\/td>\n<\/tr>\n<tr>\n<td colspan=\"2\" valign=\"top\" width=\"50%\">Dados do fabricante; desempenho e consumo n\u00e3o dispon\u00edveis<\/td>\n<\/tr>\n<\/tbody>\n<\/table>\n<\/div>\n<div><\/div>\n<div><\/div><\/div><\/div>\n<p>&nbsp;<\/p>\n","protected":false},"excerpt":{"rendered":"<p>Mais de 1.100 km nas m\u00e3os de dois motoristas buscam respostas sobre comportamento, consumo e custo-benef\u00edcio<\/p>\n","protected":false},"author":6,"featured_media":17472,"comment_status":"open","ping_status":"closed","sticky":false,"template":"","format":"standard","meta":{"_joinchat":[],"footnotes":""},"categories":[37],"tags":[80,897,1422,1911,1912,71,96],"class_list":["post-17468","post","type-post","status-publish","format-standard","has-post-thumbnail","hentry","category-um-mes","tag-avaliacao-2","tag-c3","tag-c3-exclusive","tag-c3-origine","tag-c3-tendance","tag-citroen","tag-um-mes-ao-volante"],"amp_enabled":true,"_links":{"self":[{"href":"https:\/\/autolivraria.com.br\/bc\/wp-json\/wp\/v2\/posts\/17468","targetHints":{"allow":["GET"]}}],"collection":[{"href":"https:\/\/autolivraria.com.br\/bc\/wp-json\/wp\/v2\/posts"}],"about":[{"href":"https:\/\/autolivraria.com.br\/bc\/wp-json\/wp\/v2\/types\/post"}],"author":[{"embeddable":true,"href":"https:\/\/autolivraria.com.br\/bc\/wp-json\/wp\/v2\/users\/6"}],"replies":[{"embeddable":true,"href":"https:\/\/autolivraria.com.br\/bc\/wp-json\/wp\/v2\/comments?post=17468"}],"version-history":[{"count":0,"href":"https:\/\/autolivraria.com.br\/bc\/wp-json\/wp\/v2\/posts\/17468\/revisions"}],"wp:featuredmedia":[{"embeddable":true,"href":"https:\/\/autolivraria.com.br\/bc\/wp-json\/wp\/v2\/media\/17472"}],"wp:attachment":[{"href":"https:\/\/autolivraria.com.br\/bc\/wp-json\/wp\/v2\/media?parent=17468"}],"wp:term":[{"taxonomy":"category","embeddable":true,"href":"https:\/\/autolivraria.com.br\/bc\/wp-json\/wp\/v2\/categories?post=17468"},{"taxonomy":"post_tag","embeddable":true,"href":"https:\/\/autolivraria.com.br\/bc\/wp-json\/wp\/v2\/tags?post=17468"}],"curies":[{"name":"wp","href":"https:\/\/api.w.org\/{rel}","templated":true}]}}