{"id":20674,"date":"2013-01-29T13:10:39","date_gmt":"2013-01-29T16:10:39","guid":{"rendered":"http:\/\/bestcars.uol.com.br\/bc\/?p=20674"},"modified":"2013-02-07T12:30:09","modified_gmt":"2013-02-07T15:30:09","slug":"395-renault-symbol-falha-na-emocao-mas-acerta-na-razao","status":"publish","type":"post","link":"https:\/\/autolivraria.com.br\/bc\/informe-se\/guia-compra\/395-renault-symbol-falha-na-emocao-mas-acerta-na-razao\/","title":{"rendered":"Renault Symbol falha na emo\u00e7\u00e3o, mas acerta na raz\u00e3o"},"content":{"rendered":"<p><a href=\"https:\/\/autolivraria.com.br\/bc\/wp-content\/uploads\/2013\/01\/Renault-Symbol-Privilege-04.jpg\"><img fetchpriority=\"high\" decoding=\"async\" class=\"aligncenter size-medium wp-image-20680\" title=\"Renault Symbol Privilege\" src=\"https:\/\/autolivraria.com.br\/bc\/wp-content\/uploads\/2013\/01\/Renault-Symbol-Privilege-04-560x373.jpg\" alt=\"\" width=\"560\" height=\"373\" srcset=\"https:\/\/autolivraria.com.br\/bc\/wp-content\/uploads\/2013\/01\/Renault-Symbol-Privilege-04-560x373.jpg 560w, https:\/\/autolivraria.com.br\/bc\/wp-content\/uploads\/2013\/01\/Renault-Symbol-Privilege-04-470x313.jpg 470w, https:\/\/autolivraria.com.br\/bc\/wp-content\/uploads\/2013\/01\/Renault-Symbol-Privilege-04-270x179.jpg 270w, https:\/\/autolivraria.com.br\/bc\/wp-content\/uploads\/2013\/01\/Renault-Symbol-Privilege-04.jpg 1280w\" sizes=\"(max-width: 560px) 100vw, 560px\" \/><\/a><\/p>\n<p>&nbsp;<\/p>\n<h2>A evolu\u00e7\u00e3o do Clio sed\u00e3, que chegou como op\u00e7\u00e3o mais<br \/>\nrefinada\u00a0ao Logan, conquistou mesmo por fatores objetivos<\/h2>\n<p><em>Texto: Luiz Fernando Wernz &#8211; Fotos: divulga\u00e7\u00e3o<\/em><\/p>\n<p>&nbsp;<\/p>\n<p>O Renault Clio sed\u00e3 criou pol\u00eamica desde seu lan\u00e7amento, em 2000. Com a carroceria claramente adaptada da vers\u00e3o hatch, o modelo nunca fez muito sucesso de p\u00fablico pelo estilo pouco inspirado. Apesar disso, entregava muito espa\u00e7o para bagagens, bolsas infl\u00e1veis frontais de s\u00e9rie e um bom pacote de equipamentos para a categoria.<\/p>\n<p>Em mar\u00e7o de 2009 a Renault, enfim, julgou que estava na hora de substituir o Clio sed\u00e3, mas com um investimento contido em sua reformula\u00e7\u00e3o. Come\u00e7ou a desembarcar no Brasil, vindo da Argentina, o Symbol, que na verdade aplicava uma nova carroceria \u00e0 conhecida plataforma, sem novidades mec\u00e2nicas. Com ele a Renault buscava oferecer a nosso mercado um sed\u00e3 mais refinado e atraente que o <a href=\"https:\/\/www.autolivraria.com.br\/guia2\/renault-logan-1.htm\">Logan<\/a>,\u00a0mais acess\u00edvel que o <a href=\"https:\/\/www.autolivraria.com.br\/guia2\/renault-megane-1.htm\">M\u00e9gane<\/a>\u00a0e\u00a0sem ter como origem um hatchback, o que lhe conferia linhas mais equilibradas que as do sed\u00e3 do Clio.<\/p>\n<p>Apesar desse posicionamento de mercado, o Symbol era menor que o Logan, o que a empresa buscou compensar com o uso de motor de 1,6 litro \u2014 sem a vers\u00e3o de entrada de 1,0 litro do outro sed\u00e3 ou mesmo do Clio \u2014 e maior conte\u00fado. De in\u00edcio, eram oferecidas duas vers\u00f5es. A primeira, Expression, vinha de s\u00e9rie com bolsas infl\u00e1veis frontais, ar-condicionado, dire\u00e7\u00e3o com assist\u00eancia hidr\u00e1ulica, controle el\u00e9trico dos vidros dianteiros, volante e banco do motorista com regulagem de altura, luz de neblina traseira, repetidores laterais das luzes de dire\u00e7\u00e3o, trava el\u00e9trica das portas com controle remoto e alarme.<\/p>\n<p>&nbsp;<\/p>\n<div class='one_third'>\n\t\t\t\t\t<a href=\"https:\/\/autolivraria.com.br\/bc\/wp-content\/uploads\/2013\/01\/Renault-Symbol-Expression-01.jpg\"><img decoding=\"async\" class=\"aligncenter size-thumbnail wp-image-20681 lazyload\" title=\"Renault Symbol Expression\" data-src=\"https:\/\/autolivraria.com.br\/bc\/wp-content\/uploads\/2013\/01\/Renault-Symbol-Expression-01-168x168.jpg\" alt=\"\" width=\"168\" height=\"168\" data-srcset=\"https:\/\/autolivraria.com.br\/bc\/wp-content\/uploads\/2013\/01\/Renault-Symbol-Expression-01-168x168.jpg 168w, https:\/\/autolivraria.com.br\/bc\/wp-content\/uploads\/2013\/01\/Renault-Symbol-Expression-01-100x100.jpg 100w\" data-sizes=\"(max-width: 168px) 100vw, 168px\" src=\"data:image\/svg+xml;base64,PHN2ZyB3aWR0aD0iMSIgaGVpZ2h0PSIxIiB4bWxucz0iaHR0cDovL3d3dy53My5vcmcvMjAwMC9zdmciPjwvc3ZnPg==\" style=\"--smush-placeholder-width: 168px; --smush-placeholder-aspect-ratio: 168\/168;\" \/><\/a>\n\t\t\t\t<\/div>\n<div class='one_third'>\n\t\t\t\t\t<a href=\"https:\/\/autolivraria.com.br\/bc\/wp-content\/uploads\/2013\/01\/Renault-Symbol-Expression-02.jpg\"><img decoding=\"async\" class=\"aligncenter size-thumbnail wp-image-20682 lazyload\" title=\"Renault Symbol Expression\" data-src=\"https:\/\/autolivraria.com.br\/bc\/wp-content\/uploads\/2013\/01\/Renault-Symbol-Expression-02-168x168.jpg\" alt=\"\" width=\"168\" height=\"168\" data-srcset=\"https:\/\/autolivraria.com.br\/bc\/wp-content\/uploads\/2013\/01\/Renault-Symbol-Expression-02-168x168.jpg 168w, https:\/\/autolivraria.com.br\/bc\/wp-content\/uploads\/2013\/01\/Renault-Symbol-Expression-02-100x100.jpg 100w\" data-sizes=\"(max-width: 168px) 100vw, 168px\" src=\"data:image\/svg+xml;base64,PHN2ZyB3aWR0aD0iMSIgaGVpZ2h0PSIxIiB4bWxucz0iaHR0cDovL3d3dy53My5vcmcvMjAwMC9zdmciPjwvc3ZnPg==\" style=\"--smush-placeholder-width: 168px; --smush-placeholder-aspect-ratio: 168\/168;\" \/><\/a>\n\t\t\t\t<\/div>\n<div class='one_third last'>\n\t\t\t\t\t<a href=\"https:\/\/autolivraria.com.br\/bc\/wp-content\/uploads\/2013\/01\/Renault-Symbol-Expression-06.jpg\"><img decoding=\"async\" class=\"aligncenter size-thumbnail wp-image-20683 lazyload\" title=\"Renault Symbol Expression\" data-src=\"https:\/\/autolivraria.com.br\/bc\/wp-content\/uploads\/2013\/01\/Renault-Symbol-Expression-06-168x168.jpg\" alt=\"\" width=\"168\" height=\"168\" data-srcset=\"https:\/\/autolivraria.com.br\/bc\/wp-content\/uploads\/2013\/01\/Renault-Symbol-Expression-06-168x168.jpg 168w, https:\/\/autolivraria.com.br\/bc\/wp-content\/uploads\/2013\/01\/Renault-Symbol-Expression-06-100x100.jpg 100w\" data-sizes=\"(max-width: 168px) 100vw, 168px\" src=\"data:image\/svg+xml;base64,PHN2ZyB3aWR0aD0iMSIgaGVpZ2h0PSIxIiB4bWxucz0iaHR0cDovL3d3dy53My5vcmcvMjAwMC9zdmciPjwvc3ZnPg==\" style=\"--smush-placeholder-width: 168px; --smush-placeholder-aspect-ratio: 168\/168;\" \/><\/a>\n\t\t\t\t<\/div><div class='clear'><\/div>\n<p style=\"text-align: center;\"><em>\u00a0<\/em><br \/>\n<em>Simples no acabamento, a vers\u00e3o Expression vinha com bolsas infl\u00e1veis, dire\u00e7\u00e3o<\/em><br \/>\n<em>assistida e ar-condicionado; o motor de 1,6 litro podia ter oito ou 16 v\u00e1lvulas<\/em><\/p>\n<p>&nbsp;<\/p>\n<p>A vers\u00e3o de topo, Privil\u00e8ge, adicionava computador de bordo, ar-condicionado autom\u00e1tico, retrovisores com regulagem el\u00e9trica, controle el\u00e9trico dos vidros traseiros, bancos com revestimento de veludo (superior ao tecido tipo tear da vers\u00e3o de entrada), volante e pomo do c\u00e2mbio com revestimento em couro, r\u00e1dio\/toca-CDs com MP3 e comandos junto ao volante, far\u00f3is de neblina, rodas de alum\u00ednio de 15 pol e pneus de medida 185\/55. Os \u00fanicos opcionais eram os freios com sistema antitravamento (ABS), para ambas as vers\u00f5es, e um pacote com computador de bordo e r\u00e1dio para a Expression.<\/p>\n<p>&nbsp;<\/p>\n<blockquote><p>O Symbol Expression n\u00e3o tinha um posicionamento claro: custava mais que o Logan Privil\u00e8ge, com equipamento semelhante, tendo como vantagem o estilo mais agrad\u00e1vel<\/p><\/blockquote>\n<p>&nbsp;<\/p>\n<p>Ambas as vers\u00f5es mantinham um motor j\u00e1 usado no Clio, o 1,6-litro de quatro v\u00e1lvulas por cilindro, flex\u00edvel em combust\u00edvel, conhecido pelo bom desempenho com sua pot\u00eancia de 110 cv (com gasolina) ou 115 cv (\u00e1lcool). O Symbol era pouco mais leve que o Logan e bem menos pesado que o M\u00e9gane, o que contribu\u00eda para sua agilidade. As suspens\u00f5es tamb\u00e9m eram as mesmas do Clio, do tipo McPherson na dianteira e por eixo de tor\u00e7\u00e3o na traseira.<\/p>\n<p>Se as linhas externas agradavam mais que as do Clio sed\u00e3, o mesmo podia ser observado no interior. Nada de linhas arrojadas, mas atualizadas em rela\u00e7\u00e3o ao visual &#8220;cansado&#8221; do interior do Clio. O painel em dois tons sa\u00eda da mesmice monocrom\u00e1tica da categoria e criava um ambiente mais agrad\u00e1vel na vers\u00e3o Privil\u00e8ge. O quadro de instrumentos lembrava o do Logan, mas todos os mostradores eram anal\u00f3gicos, de mais f\u00e1cil leitura.<\/p>\n<p>&nbsp;<\/p>\n<div class='one_third'>\n\t\t\t\t\t<a href=\"https:\/\/autolivraria.com.br\/bc\/wp-content\/uploads\/2013\/01\/Renault-Symbol-Privilege-06.jpg\"><img decoding=\"async\" class=\"aligncenter size-thumbnail wp-image-20684 lazyload\" title=\"Renault Symbol Privilege\" data-src=\"https:\/\/autolivraria.com.br\/bc\/wp-content\/uploads\/2013\/01\/Renault-Symbol-Privilege-06-168x168.jpg\" alt=\"\" width=\"168\" height=\"168\" data-srcset=\"https:\/\/autolivraria.com.br\/bc\/wp-content\/uploads\/2013\/01\/Renault-Symbol-Privilege-06-168x168.jpg 168w, https:\/\/autolivraria.com.br\/bc\/wp-content\/uploads\/2013\/01\/Renault-Symbol-Privilege-06-100x100.jpg 100w\" data-sizes=\"(max-width: 168px) 100vw, 168px\" src=\"data:image\/svg+xml;base64,PHN2ZyB3aWR0aD0iMSIgaGVpZ2h0PSIxIiB4bWxucz0iaHR0cDovL3d3dy53My5vcmcvMjAwMC9zdmciPjwvc3ZnPg==\" style=\"--smush-placeholder-width: 168px; --smush-placeholder-aspect-ratio: 168\/168;\" \/><\/a>\n\t\t\t\t<\/div>\n<div class='one_third'>\n\t\t\t\t\t<a href=\"https:\/\/autolivraria.com.br\/bc\/wp-content\/uploads\/2013\/01\/Renault-Symbol-Privilege-05.jpg\"><img decoding=\"async\" class=\"aligncenter size-thumbnail wp-image-20685 lazyload\" title=\"Renault Symbol Privilege\" data-src=\"https:\/\/autolivraria.com.br\/bc\/wp-content\/uploads\/2013\/01\/Renault-Symbol-Privilege-05-168x168.jpg\" alt=\"\" width=\"168\" height=\"168\" data-srcset=\"https:\/\/autolivraria.com.br\/bc\/wp-content\/uploads\/2013\/01\/Renault-Symbol-Privilege-05-168x168.jpg 168w, https:\/\/autolivraria.com.br\/bc\/wp-content\/uploads\/2013\/01\/Renault-Symbol-Privilege-05-100x100.jpg 100w\" data-sizes=\"(max-width: 168px) 100vw, 168px\" src=\"data:image\/svg+xml;base64,PHN2ZyB3aWR0aD0iMSIgaGVpZ2h0PSIxIiB4bWxucz0iaHR0cDovL3d3dy53My5vcmcvMjAwMC9zdmciPjwvc3ZnPg==\" style=\"--smush-placeholder-width: 168px; --smush-placeholder-aspect-ratio: 168\/168;\" \/><\/a>\n\t\t\t\t<\/div>\n<div class='one_third last'>\n\t\t\t\t\t<a href=\"https:\/\/autolivraria.com.br\/bc\/wp-content\/uploads\/2013\/01\/Renault-Symbol-Privilege-11.jpg\"><img decoding=\"async\" class=\"aligncenter size-thumbnail wp-image-20686 lazyload\" title=\"Renault Symbol Privilege\" data-src=\"https:\/\/autolivraria.com.br\/bc\/wp-content\/uploads\/2013\/01\/Renault-Symbol-Privilege-11-168x168.jpg\" alt=\"\" width=\"168\" height=\"168\" data-srcset=\"https:\/\/autolivraria.com.br\/bc\/wp-content\/uploads\/2013\/01\/Renault-Symbol-Privilege-11-168x168.jpg 168w, https:\/\/autolivraria.com.br\/bc\/wp-content\/uploads\/2013\/01\/Renault-Symbol-Privilege-11-100x100.jpg 100w\" data-sizes=\"(max-width: 168px) 100vw, 168px\" src=\"data:image\/svg+xml;base64,PHN2ZyB3aWR0aD0iMSIgaGVpZ2h0PSIxIiB4bWxucz0iaHR0cDovL3d3dy53My5vcmcvMjAwMC9zdmciPjwvc3ZnPg==\" style=\"--smush-placeholder-width: 168px; --smush-placeholder-aspect-ratio: 168\/168;\" \/><\/a>\n\t\t\t\t<\/div><div class='clear'><\/div>\n<p style=\"text-align: center;\"><em>\u00a0<\/em><br \/>\n<em>As rodas de alum\u00ednio identificam o Symbol Privil\u00e8ge, que vinha sempre com o motor<\/em><br \/>\n<em>de 16 v\u00e1lvulas; o porta-malas para 506 litros era um ponto positivo desse Renault\u00a0<\/em><\/p>\n<p>&nbsp;<\/p>\n<p>Apesar de todas essas diferen\u00e7as, ficava evidente a liga\u00e7\u00e3o do Symbol com seu antecessor, tanto por dentro quanto por fora, e caracter\u00edsticas positivas do Clio foram abandonadas no Symbol, como os far\u00f3is de <a href=\"https:\/\/autolivraria.com.br\/bc\/glossario-d\/#dupl\">duplo refletor<\/a>. Por outro lado, a grande capacidade do porta-malas \u2014 506 litros \u2014 foi uma boa heran\u00e7a que o Symbol recebeu.<\/p>\n<p>Apenas um m\u00eas ap\u00f3s o lan\u00e7amento, em abril de 2009, a Renault acrescentava o motor de 1,6 litro e oito v\u00e1lvulas, com 92\/95 cv, para a vers\u00e3o Expression. A vers\u00e3o n\u00e3o tinha um posicionamento claro: custava mais que o Logan Privil\u00e8ge, com pacote de equipamentos semelhante, tendo como vantagem apenas o estilo mais agrad\u00e1vel. Talvez por isso esse motor tenha sido retirado da linha Symbol j\u00e1 no modelo 2011.<\/p>\n<p>Com base em tal vers\u00e3o foi desenvolvida a s\u00e9rie especial Connection, lan\u00e7ada em outubro de 2010 e limitada a 2.000 unidades. Como o nome fazia supor, o principal atrativo era o sistema de \u00e1udio com r\u00e1dio\/toca-CDs da marca Sony com MP3, interface <a href=\"https:\/\/autolivraria.com.br\/bc\/glossario-b\/#blue\">Bluetooth<\/a> para telefone celular e entradas USB e para Ipod. A s\u00e9rie trazia ainda retrovisores e ma\u00e7anetas na cor da carroceria, far\u00f3is de neblina e as mesmas rodas de alum\u00ednio do Privil\u00e8ge.<\/p>\n<p>&nbsp;<\/p>\n<div class='one_third'>\n\t\t\t\t\t<a href=\"https:\/\/autolivraria.com.br\/bc\/wp-content\/uploads\/2013\/01\/Renault-Symbol-Privilege-10.jpg\"><img decoding=\"async\" class=\"aligncenter size-thumbnail wp-image-20687 lazyload\" title=\"Renault Symbol Privilege\" data-src=\"https:\/\/autolivraria.com.br\/bc\/wp-content\/uploads\/2013\/01\/Renault-Symbol-Privilege-10-168x168.jpg\" alt=\"\" width=\"168\" height=\"168\" data-srcset=\"https:\/\/autolivraria.com.br\/bc\/wp-content\/uploads\/2013\/01\/Renault-Symbol-Privilege-10-168x168.jpg 168w, https:\/\/autolivraria.com.br\/bc\/wp-content\/uploads\/2013\/01\/Renault-Symbol-Privilege-10-100x100.jpg 100w\" data-sizes=\"(max-width: 168px) 100vw, 168px\" src=\"data:image\/svg+xml;base64,PHN2ZyB3aWR0aD0iMSIgaGVpZ2h0PSIxIiB4bWxucz0iaHR0cDovL3d3dy53My5vcmcvMjAwMC9zdmciPjwvc3ZnPg==\" style=\"--smush-placeholder-width: 168px; --smush-placeholder-aspect-ratio: 168\/168;\" \/><\/a>\n\t\t\t\t<\/div>\n<div class='one_third'>\n\t\t\t\t\t<a href=\"https:\/\/autolivraria.com.br\/bc\/wp-content\/uploads\/2013\/01\/Renault-Symbol-Privilege-13.jpg\"><img decoding=\"async\" class=\"aligncenter size-thumbnail wp-image-20688 lazyload\" title=\"Renault Symbol Privilege\" data-src=\"https:\/\/autolivraria.com.br\/bc\/wp-content\/uploads\/2013\/01\/Renault-Symbol-Privilege-13-168x168.jpg\" alt=\"\" width=\"168\" height=\"168\" data-srcset=\"https:\/\/autolivraria.com.br\/bc\/wp-content\/uploads\/2013\/01\/Renault-Symbol-Privilege-13-168x168.jpg 168w, https:\/\/autolivraria.com.br\/bc\/wp-content\/uploads\/2013\/01\/Renault-Symbol-Privilege-13-100x100.jpg 100w\" data-sizes=\"(max-width: 168px) 100vw, 168px\" src=\"data:image\/svg+xml;base64,PHN2ZyB3aWR0aD0iMSIgaGVpZ2h0PSIxIiB4bWxucz0iaHR0cDovL3d3dy53My5vcmcvMjAwMC9zdmciPjwvc3ZnPg==\" style=\"--smush-placeholder-width: 168px; --smush-placeholder-aspect-ratio: 168\/168;\" \/><\/a>\n\t\t\t\t<\/div>\n<div class='one_third last'>\n\t\t\t\t\t<a href=\"https:\/\/autolivraria.com.br\/bc\/wp-content\/uploads\/2013\/01\/Renault-Symbol-Privilege-14.jpg\"><img decoding=\"async\" class=\"aligncenter size-thumbnail wp-image-20689 lazyload\" title=\"Renault Symbol Privilege\" data-src=\"https:\/\/autolivraria.com.br\/bc\/wp-content\/uploads\/2013\/01\/Renault-Symbol-Privilege-14-168x168.jpg\" alt=\"\" width=\"168\" height=\"168\" data-srcset=\"https:\/\/autolivraria.com.br\/bc\/wp-content\/uploads\/2013\/01\/Renault-Symbol-Privilege-14-168x168.jpg 168w, https:\/\/autolivraria.com.br\/bc\/wp-content\/uploads\/2013\/01\/Renault-Symbol-Privilege-14-100x100.jpg 100w\" data-sizes=\"(max-width: 168px) 100vw, 168px\" src=\"data:image\/svg+xml;base64,PHN2ZyB3aWR0aD0iMSIgaGVpZ2h0PSIxIiB4bWxucz0iaHR0cDovL3d3dy53My5vcmcvMjAwMC9zdmciPjwvc3ZnPg==\" style=\"--smush-placeholder-width: 168px; --smush-placeholder-aspect-ratio: 168\/168;\" \/><\/a>\n\t\t\t\t<\/div><div class='clear'><\/div>\n<p style=\"text-align: center;\"><em>\u00a0<\/em><br \/>\n<em>Revestimento aveludado, computador de bordo, ar-condicionado autom\u00e1tico,<\/em><br \/>\n<em>r\u00e1dio com MP3 e comandos junto ao volante: diferen\u00e7as a favor do Privil\u00e8ge<\/em><\/p>\n<p>&nbsp;<\/p>\n<p>Sem nenhuma mudan\u00e7a visual desde o lan\u00e7amento, o Symbol chegou ao modelo 2013 oferecido s\u00f3 na vers\u00e3o Privil\u00e8ge com motor 1,6 16V. Um <a title=\"Com novo Symbol, Renault faz clone do Logan\" href=\"https:\/\/autolivraria.com.br\/bc\/informe-se\/noticias\/com-novo-symbol-renault-faz-clone-do-logan\/\">novo Symbol<\/a> foi lan\u00e7ado na Europa em 2012, com estilo bem agrad\u00e1vel. Feito na Turquia, ele \u00e9 baseado na nova vers\u00e3o do Dacia Logan, com desenho frontal pr\u00f3prio, e seria uma op\u00e7\u00e3o interessante para a Renault trazer a nosso mercado, no qual o Symbol nunca teve grande representatividade.<\/p>\n<p>&nbsp;<\/p>\n<div class='code-block code-block-7' style='margin: 28px auto; text-align: center; display: block; clear: both;'>\n<script async src=\"https:\/\/pagead2.googlesyndication.com\/pagead\/js\/adsbygoogle.js\"><\/script>\n<!-- AL-quadrado -->\n<ins class=\"adsbygoogle\"\n     style=\"display:block\"\n     data-ad-client=\"ca-pub-1914799802606213\"\n     data-ad-slot=\"5683066082\"\n     data-ad-format=\"auto\"\n     data-full-width-responsive=\"true\"><\/ins>\n<script>\n     (adsbygoogle = window.adsbygoogle || []).push({});\n<\/script><\/div>\n\n<p>&nbsp;<\/p>\n<h3>&#8220;Espa\u00e7oso e econ\u00f4mico&#8221;<\/h3>\n<p>Um destaque do Renault Symbol \u00e9 un\u00e2nime entre seus donos (o espa\u00e7o para bagagem), mas tamb\u00e9m s\u00e3o apontados como aspectos positivos pelos participantes do <a title=\"Teste do Leitor\" href=\"https:\/\/autolivraria.com.br\/bc\/teste-do-leitor\/\"><em>Teste do Leitor<\/em><\/a> o consumo, o desempenho e o conforto ao rodar.<\/p>\n<p>&#8220;O carro tem \u00f3timo custo-benef\u00edcio. Acho o visual meio antiquado, mas \u00e9 confort\u00e1vel, tem n\u00edvel de acabamento muito bom, a suspens\u00e3o absorve bem as imperfei\u00e7\u00f5es das estradas esburacadas. Com 60 mil km rodados o carro n\u00e3o se bate todo por dentro. O consumo \u00e9 um show \u00e0 parte: m\u00e9dio urbano de 11,5 km\/l e rodovi\u00e1rio de 14 a 14,5 km\/l. O porta-malas \u00e9 imenso, por\u00e9m possui a boca de abertura um pouco limitada. Os itens de s\u00e9rie s\u00e3o excelentes, o tecido dos bancos (veludo) \u00e9 muito agrad\u00e1vel e de limpeza razoavelmente f\u00e1cil&#8221;, elogia Carlos Costa, que roda por Florian\u00f3polis, SC, a bordo de um Symbol Privil\u00e8ge 2010.<\/p>\n<p>&nbsp;<\/p>\n<div class='one_third'>\n\t\t\t\t\t<a href=\"https:\/\/autolivraria.com.br\/bc\/wp-content\/uploads\/2013\/01\/Renault-Symbol-Connection-02.jpg\"><img decoding=\"async\" class=\"aligncenter lazyload\" title=\"Renault Symbol Connection\" data-src=\"https:\/\/autolivraria.com.br\/bc\/wp-content\/uploads\/2013\/01\/Renault-Symbol-Connection-02-168x168.jpg\" alt=\"\" width=\"168\" height=\"168\" src=\"data:image\/svg+xml;base64,PHN2ZyB3aWR0aD0iMSIgaGVpZ2h0PSIxIiB4bWxucz0iaHR0cDovL3d3dy53My5vcmcvMjAwMC9zdmciPjwvc3ZnPg==\" style=\"--smush-placeholder-width: 168px; --smush-placeholder-aspect-ratio: 168\/168;\" \/><\/a>\n\t\t\t\t<\/div>\n<div class='one_third'>\n\t\t\t\t\t<a href=\"https:\/\/autolivraria.com.br\/bc\/wp-content\/uploads\/2013\/01\/Renault-Symbol-Connection-03.jpg\"><img decoding=\"async\" class=\"aligncenter lazyload\" title=\"Renault Symbol Connection\" data-src=\"https:\/\/autolivraria.com.br\/bc\/wp-content\/uploads\/2013\/01\/Renault-Symbol-Connection-03-168x168.jpg\" alt=\"\" width=\"168\" height=\"168\" src=\"data:image\/svg+xml;base64,PHN2ZyB3aWR0aD0iMSIgaGVpZ2h0PSIxIiB4bWxucz0iaHR0cDovL3d3dy53My5vcmcvMjAwMC9zdmciPjwvc3ZnPg==\" style=\"--smush-placeholder-width: 168px; --smush-placeholder-aspect-ratio: 168\/168;\" \/><\/a>\n\t\t\t\t<\/div>\n<div class='one_third last'>\n\t\t\t\t\t<a href=\"https:\/\/autolivraria.com.br\/bc\/wp-content\/uploads\/2013\/01\/Renault-Symbol-Connection-05.jpg\"><img decoding=\"async\" class=\"aligncenter lazyload\" title=\"Renault Symbol Connection\" data-src=\"https:\/\/autolivraria.com.br\/bc\/wp-content\/uploads\/2013\/01\/Renault-Symbol-Connection-05-168x168.jpg\" alt=\"\" width=\"168\" height=\"168\" src=\"data:image\/svg+xml;base64,PHN2ZyB3aWR0aD0iMSIgaGVpZ2h0PSIxIiB4bWxucz0iaHR0cDovL3d3dy53My5vcmcvMjAwMC9zdmciPjwvc3ZnPg==\" style=\"--smush-placeholder-width: 168px; --smush-placeholder-aspect-ratio: 168\/168;\" \/><\/a>\n\t\t\t\t<\/div><div class='clear'><\/div>\n<p style=\"text-align: center;\"><em>\u00a0<\/em><br \/>\n<em>A s\u00e9rie limitada Connection era equipada com r\u00e1dio com interface Bluetooth e<\/em><br \/>\n<em>conex\u00f5es; embora fosse derivada da vers\u00e3o Expression, tinha as rodas da Privil\u00e8ge<\/em><\/p>\n<p>&nbsp;<\/p>\n<p>Chrystyan Dresley C. Pinto, de Frutal, MG, tamb\u00e9m tem um Privil\u00e8ge 2010 e elogia o carro: &#8220;O carro \u00e9 muito potente, at\u00e9 parece um 2.0 16V. O giro sobe muito r\u00e1pido! Muito econ\u00f4mico, na estrada, carregado, com gasolina e ar ligado, a 130 km\/h, costuma fazer 13,5 km\/l. Com \u00e1lcool, 9,5 a 10 km\/l. Muito confort\u00e1vel e gostoso de dirigir, sempre convidando a pegar estrada pelo desempenho e conforto que oferece. O carro tamb\u00e9m \u00e9 completo. O toque do revestimento interno \u00e9 de excelente veludo. O controle de som junto ao volante completa o prazer ao dirigir. O porta-malas \u00e9 um exagero de espa\u00e7o&#8221;.<\/p>\n<p>Outro propriet\u00e1rio muito satisfeito \u00e9 Laurimar Jos\u00e9 Zenevich, que roda por Lagoa Vermelha com um outro Privil\u00e8ge 2010: &#8220;Conforto, custo-benef\u00edcio, motor e acabamento muito superiores aos dos concorrentes, a altura em rela\u00e7\u00e3o ao solo (n\u00e3o raspa em nada) e o porta-malas leva o que voc\u00ea imaginar. Tem itens que carros de categoria superior n\u00e3o t\u00eam, como ar-condicionado autom\u00e1tico, duas bolsas infl\u00e1veis, controle de som no volante, tecido dos bancos aveludado e computador de bordo altamente preciso. A economia \u00e9 grande para um carro com essa motoriza\u00e7\u00e3o&#8221;.<\/p>\n<table border=\"0\">\n<tbody>\n<tr>\n<td><a href='https:\/\/autolivraria.com.br\/bc\/informe-se\/guia-compra\/395-renault-symbol-falha-na-emocao-mas-acerta-na-razao\/2\/' class='small-button smallsilver'>Pr\u00f3xima parte<\/a><\/td>\n<\/tr>\n<\/tbody>\n<\/table>\n<p>&nbsp;<\/p>\n<p><!--nextpage--><\/p>\n<p><a href=\"https:\/\/autolivraria.com.br\/bc\/wp-content\/uploads\/2013\/01\/Renault-Symbol-Privilege-01.jpg\"><img decoding=\"async\" class=\"aligncenter size-medium wp-image-20690 lazyload\" title=\"Renault Symbol Privilege\" data-src=\"https:\/\/autolivraria.com.br\/bc\/wp-content\/uploads\/2013\/01\/Renault-Symbol-Privilege-01-560x373.jpg\" alt=\"\" width=\"560\" height=\"373\" data-srcset=\"https:\/\/autolivraria.com.br\/bc\/wp-content\/uploads\/2013\/01\/Renault-Symbol-Privilege-01-560x373.jpg 560w, https:\/\/autolivraria.com.br\/bc\/wp-content\/uploads\/2013\/01\/Renault-Symbol-Privilege-01-470x313.jpg 470w, https:\/\/autolivraria.com.br\/bc\/wp-content\/uploads\/2013\/01\/Renault-Symbol-Privilege-01-270x179.jpg 270w, https:\/\/autolivraria.com.br\/bc\/wp-content\/uploads\/2013\/01\/Renault-Symbol-Privilege-01.jpg 1280w\" data-sizes=\"(max-width: 560px) 100vw, 560px\" src=\"data:image\/svg+xml;base64,PHN2ZyB3aWR0aD0iMSIgaGVpZ2h0PSIxIiB4bWxucz0iaHR0cDovL3d3dy53My5vcmcvMjAwMC9zdmciPjwvc3ZnPg==\" style=\"--smush-placeholder-width: 560px; --smush-placeholder-aspect-ratio: 560\/373;\" \/><\/a><\/p>\n<p style=\"text-align: center;\"><em>\u00a0<\/em><br \/>\n<em>Suspens\u00e3o confort\u00e1vel, bom desempenho e baixo consumo est\u00e3o entre os<\/em><br \/>\n<em>atributos mais elogiados pelos donos de Symbol na pesquisa do Teste do Leitor<\/em><\/p>\n<p>&nbsp;<\/p>\n<p>J\u00e1 Raphael Cunha, de Curitiba, PR, tem a vers\u00e3o Expression 2011 e observa: &#8220;Extremamente confort\u00e1vel para dirigir. Boa visibilidade, os vidros d\u00e3o uma vis\u00e3o ampla. Espa\u00e7o interno e porta-malas super bons. Motor tem um bom torque, responde bem. V\u00e1rios itens de s\u00e9rie que proporcionam conforto e seguran\u00e7a. O ar-condicionado \u00e9 \u00f3timo, gela com rapidez e efici\u00eancia&#8221;.<\/p>\n<p>&nbsp;<\/p>\n<blockquote><p>Com 77,8% de donos muito satisfeitos, o Symbol est\u00e1 bem posicionado \u2014\u00a0supera\u00a0Fiat Siena,\u00a0Peugeot 207\u00a0e\u00a0Chevrolet Prisma, mas perde para o Logan da mesma marca<\/p><\/blockquote>\n<p>&nbsp;<\/p>\n<p>Entre os aspectos negativos, os mais destacados entre os propriet\u00e1rios s\u00e3o espa\u00e7o interno limitado no banco traseiro, pouca estabilidade em alta velocidade, a qualidade de alguns itens de acabamento interno, dureza dos pedais e, em que pese muitos propriet\u00e1rios terem elogiado o consumo, outros demonstram insatisfa\u00e7\u00e3o com o item.<\/p>\n<p>Os defeitos apresentados pelo Symbol foram um tanto diversos e, em sua maioria, de pouca gravidade. Merece destaque o relato de M\u00e1rcio C\u00e9zar da Cunha Amaral, de Cuiab\u00e1, MT, dono de um Privil\u00e8ge 2010 que apresentou diversos defeitos: &#8220;Revestimento dos pain\u00e9is do ar-condicionado e do som descascou. Vidros das portas com barulhos. Manopla do c\u00e2mbio descascou; para-choque teve falha na pintura; chave travou ao ser inserida no miolo de partida&#8221;. Raphael Cunha, j\u00e1 citado, relata que &#8220;os vidros traseiros come\u00e7aram a balan\u00e7ar e fazer barulho e desde a primeira semana o carro corta a acelera\u00e7\u00e3o de repente, perdendo toda a pot\u00eancia&#8221;.<\/p>\n<p>&nbsp;<\/p>\n<div class='one_third'>\n\t\t\t\t\t<a href=\"https:\/\/autolivraria.com.br\/bc\/wp-content\/uploads\/2013\/01\/Renault-Symbol-Privilege-03.jpg\"><img decoding=\"async\" class=\"aligncenter size-thumbnail wp-image-20694 lazyload\" title=\"Renault Symbol Privilege\" data-src=\"https:\/\/autolivraria.com.br\/bc\/wp-content\/uploads\/2013\/01\/Renault-Symbol-Privilege-03-168x168.jpg\" alt=\"\" width=\"168\" height=\"168\" data-srcset=\"https:\/\/autolivraria.com.br\/bc\/wp-content\/uploads\/2013\/01\/Renault-Symbol-Privilege-03-168x168.jpg 168w, https:\/\/autolivraria.com.br\/bc\/wp-content\/uploads\/2013\/01\/Renault-Symbol-Privilege-03-100x100.jpg 100w\" data-sizes=\"(max-width: 168px) 100vw, 168px\" src=\"data:image\/svg+xml;base64,PHN2ZyB3aWR0aD0iMSIgaGVpZ2h0PSIxIiB4bWxucz0iaHR0cDovL3d3dy53My5vcmcvMjAwMC9zdmciPjwvc3ZnPg==\" style=\"--smush-placeholder-width: 168px; --smush-placeholder-aspect-ratio: 168\/168;\" \/><\/a>\n\t\t\t\t<\/div>\n<div class='one_third'>\n\t\t\t\t\t<a href=\"https:\/\/autolivraria.com.br\/bc\/wp-content\/uploads\/2013\/01\/Renault-Symbol-Privilege-02.jpg\"><img decoding=\"async\" class=\"aligncenter size-thumbnail wp-image-20695 lazyload\" title=\"Renault Symbol Privilege\" data-src=\"https:\/\/autolivraria.com.br\/bc\/wp-content\/uploads\/2013\/01\/Renault-Symbol-Privilege-02-168x168.jpg\" alt=\"\" width=\"168\" height=\"168\" data-srcset=\"https:\/\/autolivraria.com.br\/bc\/wp-content\/uploads\/2013\/01\/Renault-Symbol-Privilege-02-168x168.jpg 168w, https:\/\/autolivraria.com.br\/bc\/wp-content\/uploads\/2013\/01\/Renault-Symbol-Privilege-02-100x100.jpg 100w\" data-sizes=\"(max-width: 168px) 100vw, 168px\" src=\"data:image\/svg+xml;base64,PHN2ZyB3aWR0aD0iMSIgaGVpZ2h0PSIxIiB4bWxucz0iaHR0cDovL3d3dy53My5vcmcvMjAwMC9zdmciPjwvc3ZnPg==\" style=\"--smush-placeholder-width: 168px; --smush-placeholder-aspect-ratio: 168\/168;\" \/><\/a>\n\t\t\t\t<\/div>\n<div class='one_third last'>\n\t\t\t\t\t<a href=\"https:\/\/autolivraria.com.br\/bc\/wp-content\/uploads\/2013\/01\/Renault-Symbol-Privilege-15.jpg\"><img decoding=\"async\" class=\"aligncenter size-thumbnail wp-image-20696 lazyload\" title=\"Renault Symbol Privilege\" data-src=\"https:\/\/autolivraria.com.br\/bc\/wp-content\/uploads\/2013\/01\/Renault-Symbol-Privilege-15-168x168.jpg\" alt=\"\" width=\"168\" height=\"168\" data-srcset=\"https:\/\/autolivraria.com.br\/bc\/wp-content\/uploads\/2013\/01\/Renault-Symbol-Privilege-15-168x168.jpg 168w, https:\/\/autolivraria.com.br\/bc\/wp-content\/uploads\/2013\/01\/Renault-Symbol-Privilege-15-100x100.jpg 100w\" data-sizes=\"(max-width: 168px) 100vw, 168px\" src=\"data:image\/svg+xml;base64,PHN2ZyB3aWR0aD0iMSIgaGVpZ2h0PSIxIiB4bWxucz0iaHR0cDovL3d3dy53My5vcmcvMjAwMC9zdmciPjwvc3ZnPg==\" style=\"--smush-placeholder-width: 168px; --smush-placeholder-aspect-ratio: 168\/168;\" \/><\/a>\n\t\t\t\t<\/div><div class='clear'><\/div>\n<p style=\"text-align: center;\"><em>\u00a0<\/em><br \/>\n<em>O motor de 16 v\u00e1lvulas logo se tornou o \u00fanico oferecido; na linha 2013 a Renault<\/em><br \/>\n<em>simplificou tamb\u00e9m a oferta de acabamento, deixando s\u00f3 o Privil\u00e8ge no mercado\u00a0<\/em><\/p>\n<p>&nbsp;<\/p>\n<p>Com 77,8% de donos muito satisfeitos entre os participantes do <em>Teste do Leitor<\/em>, o Symbol est\u00e1 bem posicionado entre os sed\u00e3s pequenos j\u00e1 analisados na fase atual do\u00a0<em>Guia de Compra<\/em>: supera <a href=\"https:\/\/www.autolivraria.com.br\/guia2\/fiat-siena-1.htm\">Fiat Siena<\/a> (71,3%), <a href=\"https:\/\/www.autolivraria.com.br\/guia2\/peugeot-207-1.htm\">Peugeot 207<\/a> (59,1% entre todas as vers\u00f5es) e <a href=\"https:\/\/www.autolivraria.com.br\/guia2\/chevrolet-prisma-1.htm\">Chevrolet Prisma<\/a> (58,7%), al\u00e9m do <a title=\"Honda City, nobre simplicidade\" href=\"https:\/\/autolivraria.com.br\/bc\/informe-se\/guia-compra\/391-honda-city-nobre-simplicidade\/\">Honda City<\/a>, que \u00e9 de faixa de pre\u00e7o superior (47,4%). Perde, curiosamente, para o Logan com 88,7%. J\u00e1 a rede de concession\u00e1rias Renault obteve o mesmo grau de satisfa\u00e7\u00e3o de 55,5% dos donos, percentual maior que os de 207 (45,5%), Prisma (36,7%) e Siena (30,3%), mas inferior ao do City (68,4%). Tamb\u00e9m curioso \u00e9 a \u00edndice dos donos de Logan ser praticamente igual, 55%.<\/p>\n<p>&nbsp;<\/p>\n<div class='code-block code-block-7' style='margin: 28px auto; text-align: center; display: block; clear: both;'>\n<br>\n<div align=\"center\">\n<a target=\"_blank\" href=\"https:\/\/bestcars.com.br\/bc\/\">\n<img decoding=\"async\" data-src=\"https:\/\/bestcars.com.br\/bc\/wp-content\/uploads\/2021\/07\/Auto-Livraria-450x300-quadros.jpg\" alt=\"Auto Livraria\" src=\"data:image\/svg+xml;base64,PHN2ZyB3aWR0aD0iMSIgaGVpZ2h0PSIxIiB4bWxucz0iaHR0cDovL3d3dy53My5vcmcvMjAwMC9zdmciPjwvc3ZnPg==\" class=\"lazyload\"><\/a>\n<\/div>\n<br><\/div>\n\n<p>&nbsp;<\/p>\n<p>Apesar de suas inten\u00e7\u00f5es de aparecer como a escolha emocional dentro das op\u00e7\u00f5es de sed\u00e3s pequenos da marca, o Renault Symbol revela-se mesmo uma op\u00e7\u00e3o racional, interessante para quem precisa de espa\u00e7o para bagagem e deseja um carro com bom desempenho, interior agrad\u00e1vel e baixo valor de compra no mercado de usados. A baixa liquidez do modelo pode dificultar sua posterior venda, mas ao se observarem os aspectos destacados pelos propriet\u00e1rios ele parece um bom neg\u00f3cio.<\/p>\n<table border=\"0\">\n<tbody>\n<tr>\n<td><a href='https:\/\/autolivraria.com.br\/bc\/participe\/teste-leitor\/teste-do-leitor-renault\/renault-symbol\/' class='small-button smallsilver' target=\"_blank\">Veja opini\u00f5es de propriet\u00e1rios<\/a><\/td>\n<td><\/td>\n<td><a href='https:\/\/autolivraria.com.br\/bc\/teste-do-leitor-envie-sua-opiniao' class='small-button smallsilver' target=\"_blank\">Opine sobre seu carro<\/a><\/td>\n<\/tr>\n<\/tbody>\n<\/table>\n<p>&nbsp;<\/p>\n<div class='et-box et-shadow'>\n\t\t\t\t\t<div class='et-box-content'><h2>Custos de manuten\u00e7\u00e3o<\/h2>\n<table id=\"table6023\" style=\"width: 100%;\" border=\"0\" cellspacing=\"0\" cellpadding=\"3\">\n<tbody>\n<tr>\n<td><\/td>\n<td>Concession\u00e1ria<\/td>\n<td>Mercado paralelo<\/td>\n<\/tr>\n<tr>\n<td width=\"40%\">Discos de freio (par)<\/td>\n<td>R$ 390<\/td>\n<td>R$ 140<\/td>\n<\/tr>\n<tr>\n<td width=\"40%\">Pastilhas de freio dianteiras (jogo)<\/td>\n<td>R$ 120<\/td>\n<td>R$ 65<\/td>\n<\/tr>\n<tr>\n<td width=\"40%\">Amortecedores (jogo de 4)<\/td>\n<td>R$ 690<\/td>\n<td>R$ 945<\/td>\n<\/tr>\n<tr>\n<td width=\"40%\">Pneus (Continental Conti Premium\nContact, 185\/55 R 15, cada)<\/td>\n<td colspan=\"2\" width=\"70%\">R$ 450<\/td>\n<\/tr>\n<tr>\n<td width=\"40%\">Para-lama dianteiro (cada)<\/td>\n<td>R$ 440<\/td>\n<td>R$ 350<\/td>\n<\/tr>\n<tr>\n<td width=\"40%\">Para-choque dianteiro<\/td>\n<td>R$ 940<\/td>\n<td>R$ 450<\/td>\n<\/tr>\n<tr>\n<td width=\"40%\">Farol (cada)<\/td>\n<td>R$ 350<\/td>\n<td>R$ 860<\/td>\n<\/tr>\n<tr>\n<td width=\"40%\">M\u00e3o de obra (hora)<\/td>\n<td>R$ 195<\/td>\n<td>&#8211;<\/td>\n<\/tr>\n<tr>\n<td colspan=\"3\" width=\"100%\">Pre\u00e7os m\u00e9dios para Symbol Privil\u00e8ge 1,6 16V 2012, obtidos pelo Sistema Audatex (concession\u00e1ria) e lojas de autope\u00e7as, em pesquisa em jan\/13; n\u00e3o envolvem instala\u00e7\u00e3o e pintura quando cab\u00edvel<\/td>\n<\/tr>\n<\/tbody>\n<\/table><\/div><\/div>\n<p>&nbsp;<\/p>\n<div class='et-box et-shadow'>\n\t\t\t\t\t<div class='et-box-content'><h2>Cota\u00e7\u00f5es de seguro<\/h2>\n<table id=\"table6024\" style=\"width: 100%;\" border=\"0\" cellspacing=\"0\" cellpadding=\"3\">\n<tbody>\n<tr>\n<td width=\"40%\"><\/td>\n<td width=\"30%\">Custo m\u00e9dio<\/td>\n<td width=\"30%\">Franquia m\u00e9dia<\/td>\n<\/tr>\n<tr>\n<td colspan=\"3\" height=\"20\">\n<ul>\n<li><span style=\"line-height: 19px;\">Symbol Privil\u00e8ge Hi-Flex 1,6 16V 2011<\/span><\/li>\n<\/ul>\n<\/td>\n<\/tr>\n<tr>\n<td height=\"20\">Alto risco<\/td>\n<td>R$ 9.770<\/td>\n<td>R$ 2.380<\/td>\n<\/tr>\n<tr>\n<td height=\"20\">M\u00e9dio risco<\/td>\n<td>R$ 2.035<\/td>\n<td>R$ 2.190<\/td>\n<\/tr>\n<tr>\n<td height=\"20\">Baixo risco<\/td>\n<td>R$ 1.155<\/td>\n<td>R$ 2.030<\/td>\n<\/tr>\n<tr>\n<td colspan=\"3\" height=\"20\">Custos m\u00e9dios obtidos em pesquisa da Depto Corretora de Seguros em jan\/13; <a href=\"https:\/\/autolivraria.com.br\/bc\/perfis-para-cotacoes-de-seguro\/\">conhe\u00e7a os perfis<\/a><\/td>\n<\/tr>\n<\/tbody>\n<\/table><\/div><\/div>\n<p>&nbsp;<\/p>\n<div class='et-box et-shadow'>\n\t\t\t\t\t<div class='et-box-content'><h2>Satisfa\u00e7\u00e3o dos propriet\u00e1rios<\/h2>\n<table id=\"table6025\" style=\"width: 100%;\" border=\"0\" cellspacing=\"0\" cellpadding=\"3\">\n<tbody>\n<tr>\n<td style=\"width: 33%;\"><\/td>\n<td style=\"width: 33%;\">Com o carro<\/td>\n<td style=\"width: 33%;\">Com as concession\u00e1rias<\/td>\n<\/tr>\n<tr>\n<td style=\"width: 33%;\">Muito satisfeitos<\/td>\n<td style=\"width: 33%;\">77,8%<\/td>\n<td style=\"width: 33%;\">55,5%<\/td>\n<\/tr>\n<tr>\n<td style=\"width: 33%;\">Parcialmente satisfeitos<\/td>\n<td style=\"width: 33%;\">11,1%<\/td>\n<td style=\"width: 33%;\">33,3%<\/td>\n<\/tr>\n<tr>\n<td style=\"width: 33%;\">Insatisfeitos<\/td>\n<td style=\"width: 33%;\">11,1%<\/td>\n<td style=\"width: 33%;\">5,6%<\/td>\n<\/tr>\n<tr>\n<td style=\"width: 33%;\">N\u00e3o utilizam<\/td>\n<td style=\"width: 33%;\">&#8211;<\/td>\n<td style=\"width: 33%;\">5,6%<\/td>\n<\/tr>\n<tr>\n<td style=\"width: 33%;\" colspan=\"3\">Estat\u00edstica obtida no <em>Teste do Leitor<\/em> com 18 propriet\u00e1rios at\u00e9 jan\/13<\/td>\n<\/tr>\n<\/tbody>\n<\/table><\/div><\/div>\n<p>&nbsp;<\/p>\n<div class='et-box et-shadow'>\n\t\t\t\t\t<div class='et-box-content'><h2>Compare as vers\u00f5es<\/h2>\n<table id=\"table6026\" style=\"width: 100%;\" border=\"0\" cellspacing=\"0\" cellpadding=\"3\">\n<tbody>\n<tr>\n<td width=\"33%\">Vers\u00e3o<\/td>\n<td width=\"33%\">Faixa de pre\u00e7o<\/td>\n<td width=\"33%\">Anos-modelo dispon\u00edveis<\/td>\n<\/tr>\n<tr>\n<td height=\"20\">Expression Hi-Flex 1,6 8V<\/td>\n<td>R$ 22.365 a R$ 26.005<\/td>\n<td>2009 a 2011<\/td>\n<\/tr>\n<tr>\n<td height=\"20\">Expression Hi-Flex 1,6 16V<\/td>\n<td>R$ 27.475 a R$ 32.265<\/td>\n<td>2010 a 2012<\/td>\n<\/tr>\n<tr>\n<td height=\"20\">Connection Hi-Flex 1,6 8V<\/td>\n<td>R$ 28.440<\/td>\n<td>2011<\/td>\n<\/tr>\n<tr>\n<td height=\"20\">Privil\u00e8ge Hi-Flex 1,6 16V<\/td>\n<td>R$ 24.125 a R$ 34.705<\/td>\n<td>2009 a 2013<\/td>\n<\/tr>\n<tr>\n<td colspan=\"3\" width=\"100%\">Pre\u00e7os fornecidos pela FIPE e v\u00e1lidos para jan\/13<\/td>\n<\/tr>\n<tr>\n<td style=\"width: 100%; height: 15px;\" colspan=\"3\"><\/td>\n<\/tr>\n<\/tbody>\n<\/table>\n<table id=\"table6027\" style=\"width: 100%;\" border=\"0\" cellspacing=\"0\" cellpadding=\"3\">\n<tbody>\n<tr>\n<td width=\"25%\">Vers\u00e3o<\/td>\n<td width=\"15%\">Combust\u00edvel<\/td>\n<td width=\"15%\">Pot\u00eancia<\/td>\n<td width=\"15%\">Torque<\/td>\n<td width=\"15%\">Vel. m\u00e1xima<\/td>\n<td width=\"15%\">0 a 100 km\/h<\/td>\n<\/tr>\n<tr>\n<td width=\"25%\">Symbol 1,6 8V Flex<\/td>\n<td width=\"15%\">gas.<\/td>\n<td width=\"15%\">92 cv<\/td>\n<td width=\"15%\">13,7 m.kgf<\/td>\n<td width=\"15%\">173 km\/h<\/td>\n<td width=\"15%\">12,2 s<\/td>\n<\/tr>\n<tr>\n<td width=\"25%\"><\/td>\n<td width=\"15%\">\u00e1lc.<\/td>\n<td width=\"15%\">95 cv<\/td>\n<td width=\"15%\">14,1 m.kgf<\/td>\n<td width=\"15%\">175 km\/h<\/td>\n<td width=\"15%\">11,9 s<\/td>\n<\/tr>\n<tr>\n<td width=\"25%\">Symbol 1,6 16V Flex<\/td>\n<td width=\"15%\">gas.<\/td>\n<td width=\"15%\">110 cv<\/td>\n<td width=\"15%\">15,2 m.kgf<\/td>\n<td width=\"15%\">186 km\/h<\/td>\n<td width=\"15%\">10,1 s<\/td>\n<\/tr>\n<tr>\n<td width=\"25%\"><\/td>\n<td width=\"15%\">\u00e1lc.<\/td>\n<td width=\"15%\">115 cv<\/td>\n<td width=\"15%\">16 m.kgf<\/td>\n<td width=\"15%\">187 km\/h<\/td>\n<td width=\"15%\">9,9 s<\/td>\n<\/tr>\n<tr>\n<td colspan=\"6\">Dados do fabricante; consumo n\u00e3o dispon\u00edvel<\/td>\n<\/tr>\n<\/tbody>\n<\/table><\/div><\/div>\n<p>&nbsp;<\/p>\n","protected":false},"excerpt":{"rendered":"<p>A evolu\u00e7\u00e3o do Clio sed\u00e3 chegou como op\u00e7\u00e3o mais refinada ao Logan, mas conquistou mesmo por fatores objetivos<\/p>\n","protected":false},"author":6,"featured_media":20680,"comment_status":"open","ping_status":"closed","sticky":false,"template":"","format":"standard","meta":{"_joinchat":[],"footnotes":""},"categories":[38],"tags":[80,469,95,822,1275,70,650,910,2380,2381],"class_list":["post-20674","post","type-post","status-publish","format-standard","has-post-thumbnail","hentry","category-guia-compra","tag-avaliacao-2","tag-clio","tag-guia-de-compra","tag-logan","tag-opiniao-de-proprietarios","tag-renault","tag-sandero","tag-symbol","tag-symbol-expression","tag-symbol-privilege"],"amp_enabled":true,"_links":{"self":[{"href":"https:\/\/autolivraria.com.br\/bc\/wp-json\/wp\/v2\/posts\/20674","targetHints":{"allow":["GET"]}}],"collection":[{"href":"https:\/\/autolivraria.com.br\/bc\/wp-json\/wp\/v2\/posts"}],"about":[{"href":"https:\/\/autolivraria.com.br\/bc\/wp-json\/wp\/v2\/types\/post"}],"author":[{"embeddable":true,"href":"https:\/\/autolivraria.com.br\/bc\/wp-json\/wp\/v2\/users\/6"}],"replies":[{"embeddable":true,"href":"https:\/\/autolivraria.com.br\/bc\/wp-json\/wp\/v2\/comments?post=20674"}],"version-history":[{"count":0,"href":"https:\/\/autolivraria.com.br\/bc\/wp-json\/wp\/v2\/posts\/20674\/revisions"}],"wp:featuredmedia":[{"embeddable":true,"href":"https:\/\/autolivraria.com.br\/bc\/wp-json\/wp\/v2\/media\/20680"}],"wp:attachment":[{"href":"https:\/\/autolivraria.com.br\/bc\/wp-json\/wp\/v2\/media?parent=20674"}],"wp:term":[{"taxonomy":"category","embeddable":true,"href":"https:\/\/autolivraria.com.br\/bc\/wp-json\/wp\/v2\/categories?post=20674"},{"taxonomy":"post_tag","embeddable":true,"href":"https:\/\/autolivraria.com.br\/bc\/wp-json\/wp\/v2\/tags?post=20674"}],"curies":[{"name":"wp","href":"https:\/\/api.w.org\/{rel}","templated":true}]}}