{"id":21621,"date":"2013-02-22T23:20:30","date_gmt":"2013-02-23T02:20:30","guid":{"rendered":"http:\/\/bestcars.uol.com.br\/bc\/?p=21621"},"modified":"2013-03-04T13:30:13","modified_gmt":"2013-03-04T16:30:13","slug":"fiat-uno-a-grande-familia-e-seu-ultimo-rebento","status":"publish","type":"post","link":"https:\/\/autolivraria.com.br\/bc\/informe-se\/passado\/fiat\/fiat-uno-a-grande-familia-e-seu-ultimo-rebento\/","title":{"rendered":"Fiat Uno: a grande fam\u00edlia e seu \u00faltimo rebento"},"content":{"rendered":"<p><a href=\"https:\/\/autolivraria.com.br\/bc\/wp-content\/uploads\/2013\/02\/BR-1994-Uno-Turbo-ie.jpg\"><img fetchpriority=\"high\" decoding=\"async\" class=\"aligncenter size-medium wp-image-21623\" title=\"Uno Turbo ie\" src=\"https:\/\/autolivraria.com.br\/bc\/wp-content\/uploads\/2013\/02\/BR-1994-Uno-Turbo-ie-560x373.jpg\" alt=\"\" width=\"560\" height=\"373\" srcset=\"https:\/\/autolivraria.com.br\/bc\/wp-content\/uploads\/2013\/02\/BR-1994-Uno-Turbo-ie-560x373.jpg 560w, https:\/\/autolivraria.com.br\/bc\/wp-content\/uploads\/2013\/02\/BR-1994-Uno-Turbo-ie-470x313.jpg 470w, https:\/\/autolivraria.com.br\/bc\/wp-content\/uploads\/2013\/02\/BR-1994-Uno-Turbo-ie-270x179.jpg 270w, https:\/\/autolivraria.com.br\/bc\/wp-content\/uploads\/2013\/02\/BR-1994-Uno-Turbo-ie.jpg 1280w\" sizes=\"(max-width: 560px) 100vw, 560px\" \/><\/a><\/p>\n<p>&nbsp;<\/p>\n<h2>H\u00e1 30 anos nascia na It\u00e1lia um Fiat ousado, que teria v\u00e1rios<br \/>\nderivados e uma segunda gera\u00e7\u00e3o aqui embaixo do Equador<\/h2>\n<p><em>Texto: Fabr\u00edcio Samah\u00e1* &#8211; Fotos: divulga\u00e7\u00e3o<\/em><\/p>\n<p>&nbsp;<\/p>\n<p>Cabo Canaveral, Fl\u00f3rida, Estados Unidos. A atmosfera futurista do mais famoso local de lan\u00e7amentos espaciais do mundo foi o palco escolhido pela Fiat italiana para apresentar \u00e0 imprensa, em 20 de janeiro de 1983, seu primeiro autom\u00f3vel mundial. De estilo igualmente avan\u00e7ado, o Uno vinha substituir o <a href=\"https:\/\/www.autolivraria.com.br\/ph2\/228a.htm\">127<\/a> e marcava um importante passo na hist\u00f3ria da Fabbrica Italiana de Automobili Torino, tanto na Europa quanto no Brasil.<\/p>\n<p>Mais que necess\u00e1rio diante do envelhecimento de seu antecessor, lan\u00e7ado em 1971 e do qual havia sido desenvolvido o <a href=\"https:\/\/www.autolivraria.com.br\/classicos\/147-1.htm\">147<\/a> brasileiro, o Uno chegava para combater a invas\u00e3o japonesa em seu segmento de carros pequenos. O projeto come\u00e7ou no fim dos anos 70 com dois estudos, o 143 e o 144 \u2014 o primeiro desenhado pela equipe de Pier Giorgio Tronville, do Centro Stile Fiat, e o segundo pelo est\u00fadio ItalDesign de <a href=\"https:\/\/www.autolivraria.com.br\/hm\/290-giugiaro-1.htm\">Giorgetto Giugiaro<\/a>.<\/p>\n<p>O 144 era um projeto para a Lancia, marca de luxo do grupo, mas acabou aprovado pela Fiat, em dezembro de 1979, com a condi\u00e7\u00e3o de que fosse alongado em 12 cm e tivesse o interior reformulado, com menos requinte. Isso originou o Tipo 146, simplificado para Tipo 1 \u2014 uno, em italiano. Em meados de 1982 come\u00e7ava a produ\u00e7\u00e3o em s\u00e9rie, ap\u00f3s quatro milh\u00f5es de quil\u00f4metros rodados com prot\u00f3tipos.<\/p>\n<p>&nbsp;<\/p>\n<p><img decoding=\"async\" class=\"aligncenter size-full wp-image-21624 lazyload\" title=\"Projeto 143\" data-src=\"https:\/\/autolivraria.com.br\/bc\/wp-content\/uploads\/2013\/02\/IT-Projeto-143.jpg\" alt=\"\" width=\"560\" height=\"359\" data-srcset=\"https:\/\/autolivraria.com.br\/bc\/wp-content\/uploads\/2013\/02\/IT-Projeto-143.jpg 560w, https:\/\/autolivraria.com.br\/bc\/wp-content\/uploads\/2013\/02\/IT-Projeto-143-470x301.jpg 470w, https:\/\/autolivraria.com.br\/bc\/wp-content\/uploads\/2013\/02\/IT-Projeto-143-270x173.jpg 270w\" data-sizes=\"(max-width: 560px) 100vw, 560px\" src=\"data:image\/svg+xml;base64,PHN2ZyB3aWR0aD0iMSIgaGVpZ2h0PSIxIiB4bWxucz0iaHR0cDovL3d3dy53My5vcmcvMjAwMC9zdmciPjwvc3ZnPg==\" style=\"--smush-placeholder-width: 560px; --smush-placeholder-aspect-ratio: 560\/359;\" \/><\/p>\n<p style=\"text-align: center;\"><em>\u00a0<\/em><br \/>\n<em>Esses dois estudos sob o c\u00f3digo 143, elaborados pelo Centro Stile Fiat,<\/em>\u00a0<em>deram<br \/>\nin\u00edcio nos anos 70 \u00e0 defini\u00e7\u00e3o do que bem mais tarde\u00a0<em>se tornaria o Uno<\/em><\/em><\/p>\n<p>&nbsp;<\/p>\n<p>As linhas do Uno eram modernas e aerodin\u00e2micas, com o baixo <a href=\"https:\/\/autolivraria.com.br\/bc\/glossario-c\/#cx\">coeficiente aerodin\u00e2mico (Cx)<\/a> de 0,34. Concorriam para esse resultado a frente em cunha, a traseira truncada (corte quase vertical, chamado de Kammback em refer\u00eancia ao alem\u00e3o Wunibald Kamm, que sugeriu tal formato nos anos 30) que disciplinava melhor o fluxo de ar na regi\u00e3o, a aus\u00eancia de calhas no teto, os vidros &#8220;\u00e0 flor da pele&#8221;, rentes \u00e0 carroceria, e os para-choques envolventes.<\/p>\n<p>&nbsp;<\/p>\n<blockquote><p>No Uno Turbo i.e. o motor 1,3 produzia 105 cv e 14,9 m.kgf, o bastante para alcan\u00e7ar 200 km\/h; eram oferecidos painel de instrumentos digital e freios a disco nas quatro rodas<\/p><\/blockquote>\n<p>&nbsp;<\/p>\n<p>Entre os detalhes curiosos estavam as ma\u00e7anetas embutidas (embora na vers\u00e3o de cinco portas fossem convencionais) e o limpador de para-brisa com um \u00fanico bra\u00e7o (que viria a ser o terror dos cobradores de ped\u00e1gio&#8230;), mas de ampla \u00e1rea de varredura. Embora curto (3,64 metros) e estreito (1,55 m), o Uno era alto para a \u00e9poca (1,43 m). Isso permitia uma coloca\u00e7\u00e3o elevada dos bancos, com reflexo no aproveitamento do espa\u00e7o, at\u00e9 hoje um de seus pontos fortes.<\/p>\n<p>No interior, moderno e funcional, destaque para os &#8220;sat\u00e9lites&#8221; do painel, conjuntos de comandos pr\u00f3ximos ao volante, e o cinzeiro corredi\u00e7o e de f\u00e1cil remo\u00e7\u00e3o \u2014 para limpeza ou para os que n\u00e3o querem que se fume no carro. Os instrumentos inclu\u00edam um sistema de verifica\u00e7\u00e3o que apontava defeitos ou irregularidades em diversas fun\u00e7\u00f5es. O porta-malas trazia o estepe e podia ser ampliado de 225 para 250 litros ao se alterar a inclina\u00e7\u00e3o do encosto do banco traseiro.<\/p>\n<p>&nbsp;<\/p>\n<div class='one_third'>\n\t\t\t\t\t<a href=\"https:\/\/autolivraria.com.br\/bc\/wp-content\/uploads\/2013\/02\/IT-Projeto-144-1978.jpg\"><img decoding=\"async\" class=\"aligncenter size-thumbnail wp-image-21625 lazyload\" title=\"Projeto 144 1978\" data-src=\"https:\/\/autolivraria.com.br\/bc\/wp-content\/uploads\/2013\/02\/IT-Projeto-144-1978-168x168.jpg\" alt=\"\" width=\"168\" height=\"168\" data-srcset=\"https:\/\/autolivraria.com.br\/bc\/wp-content\/uploads\/2013\/02\/IT-Projeto-144-1978-168x168.jpg 168w, https:\/\/autolivraria.com.br\/bc\/wp-content\/uploads\/2013\/02\/IT-Projeto-144-1978-100x100.jpg 100w\" data-sizes=\"(max-width: 168px) 100vw, 168px\" src=\"data:image\/svg+xml;base64,PHN2ZyB3aWR0aD0iMSIgaGVpZ2h0PSIxIiB4bWxucz0iaHR0cDovL3d3dy53My5vcmcvMjAwMC9zdmciPjwvc3ZnPg==\" style=\"--smush-placeholder-width: 168px; --smush-placeholder-aspect-ratio: 168\/168;\" \/><\/a>\n\t\t\t\t<\/div>\n<div class='one_third'>\n\t\t\t\t\t<a href=\"https:\/\/autolivraria.com.br\/bc\/wp-content\/uploads\/2013\/02\/IT-Projeto-1979.jpg\"><img decoding=\"async\" class=\"aligncenter size-thumbnail wp-image-21626 lazyload\" title=\"Projeto 1980\" data-src=\"https:\/\/autolivraria.com.br\/bc\/wp-content\/uploads\/2013\/02\/IT-Projeto-1979-168x168.jpg\" alt=\"\" width=\"168\" height=\"168\" data-srcset=\"https:\/\/autolivraria.com.br\/bc\/wp-content\/uploads\/2013\/02\/IT-Projeto-1979-168x168.jpg 168w, https:\/\/autolivraria.com.br\/bc\/wp-content\/uploads\/2013\/02\/IT-Projeto-1979-100x100.jpg 100w\" data-sizes=\"(max-width: 168px) 100vw, 168px\" src=\"data:image\/svg+xml;base64,PHN2ZyB3aWR0aD0iMSIgaGVpZ2h0PSIxIiB4bWxucz0iaHR0cDovL3d3dy53My5vcmcvMjAwMC9zdmciPjwvc3ZnPg==\" style=\"--smush-placeholder-width: 168px; --smush-placeholder-aspect-ratio: 168\/168;\" \/><\/a>\n\t\t\t\t<\/div>\n<div class='one_third last'>\n\t\t\t\t\t<a href=\"https:\/\/autolivraria.com.br\/bc\/wp-content\/uploads\/2013\/02\/IT-Projeto-1980.jpg\"><img decoding=\"async\" class=\"aligncenter size-thumbnail wp-image-21627 lazyload\" title=\"Projeto 1980\" data-src=\"https:\/\/autolivraria.com.br\/bc\/wp-content\/uploads\/2013\/02\/IT-Projeto-1980-168x168.jpg\" alt=\"\" width=\"168\" height=\"168\" data-srcset=\"https:\/\/autolivraria.com.br\/bc\/wp-content\/uploads\/2013\/02\/IT-Projeto-1980-168x168.jpg 168w, https:\/\/autolivraria.com.br\/bc\/wp-content\/uploads\/2013\/02\/IT-Projeto-1980-100x100.jpg 100w\" data-sizes=\"(max-width: 168px) 100vw, 168px\" src=\"data:image\/svg+xml;base64,PHN2ZyB3aWR0aD0iMSIgaGVpZ2h0PSIxIiB4bWxucz0iaHR0cDovL3d3dy53My5vcmcvMjAwMC9zdmciPjwvc3ZnPg==\" style=\"--smush-placeholder-width: 168px; --smush-placeholder-aspect-ratio: 168\/168;\" \/><\/a>\n\t\t\t\t<\/div><div class='clear'><\/div>\n<p style=\"text-align: center;\"><em>\u00a0<\/em><br \/>\n<em>O Tipo 144 (\u00e0 esquerda) que Giugiaro fez para a Lancia serviu de base para o<\/em><br \/>\n<em>desenho posterior do Uno, como essas vers\u00f5es de tr\u00eas e cinco portas de 1980<\/em><\/p>\n<p>&nbsp;<\/p>\n<p>De in\u00edcio eram oferecidos tr\u00eas motores a gasolina: a veterana unidade de 903 cm\u00b3 com <a href=\"https:\/\/autolivraria.com.br\/bc\/glossario-c\/#ohv\">comando de v\u00e1lvulas no bloco<\/a>, com pot\u00eancia de 45 cv e torque de 6,8 m.kgf, e as de 1.116 e 1.301 cm\u00b3 (uma com 55 cv e 8,8 m.kgf, outra com 68 cv e 10,2 m.kgf) com <a href=\"https:\/\/autolivraria.com.br\/bc\/glossario-c\/#ohc\">comando no cabe\u00e7ote<\/a>, todas conhecidas de modelos como 127, <a href=\"https:\/\/www.autolivraria.com.br\/ph2\/270b.htm\">850<\/a> e <a href=\"https:\/\/www.autolivraria.com.br\/ph2\/223a.htm\">Ritmo<\/a>. Em vez da cilindrada, a pot\u00eancia aproximada era usada como designa\u00e7\u00e3o dos motores em cada vers\u00e3o \u2014 Uno 45, 55 e 70 \u2014, acompanhada do c\u00f3digo de acabamento, como S e SX. Havia ainda a vers\u00e3o ES, com medidas para aumentar a efici\u00eancia como defletor dianteiro (que rebaixava o Cx para 0,33), c\u00e2mbio mais longo, <a href=\"https:\/\/autolivraria.com.br\/bc\/glossario-t\/#taxa\">taxa de compress\u00e3o<\/a> mais alta e luz de sugest\u00e3o de troca de marcha, que conseguia consumo 12% menor.<\/p>\n<p>&nbsp;<\/p>\n<div class='code-block code-block-7' style='margin: 28px auto; text-align: center; display: block; clear: both;'>\n<script async src=\"https:\/\/pagead2.googlesyndication.com\/pagead\/js\/adsbygoogle.js\"><\/script>\n<!-- AL-quadrado -->\n<ins class=\"adsbygoogle\"\n     style=\"display:block\"\n     data-ad-client=\"ca-pub-1914799802606213\"\n     data-ad-slot=\"5683066082\"\n     data-ad-format=\"auto\"\n     data-full-width-responsive=\"true\"><\/ins>\n<script>\n     (adsbygoogle = window.adsbygoogle || []).push({});\n<\/script><\/div>\n\n<p>&nbsp;<\/p>\n<p>Era um carrinho de conceito simples e moderno, com motor transversal, tra\u00e7\u00e3o dianteira e suspens\u00e3o McPherson com mola helicoidal \u00e0 frente. Na traseira era usado eixo de tor\u00e7\u00e3o, tamb\u00e9m com mola helicoidal, em vez do sistema McPherson com feixe de molas semiel\u00edpticas do 127. Eleito Carro do Ano na Europa no mesmo ano, logo ganhou novas vers\u00f5es. J\u00e1 em maio vinha o motor a diesel de 1,3 litro, com 45 cv e 11,4 m.kgf; em outubro era apresentada a vers\u00e3o conceitual Uno-matic 70, com <a href=\"https:\/\/autolivraria.com.br\/bc\/glossario-c\/#cvt\">c\u00e2mbio autom\u00e1tico de varia\u00e7\u00e3o cont\u00ednua (CVT)<\/a>, que se tornaria dispon\u00edvel apenas em 1987 no Uno Selecta.<\/p>\n<p>Em abril de 1985 \u2014 um m\u00eas depois de ser produzido o milion\u00e9simo Uno \u2014 nascia o Uno Turbo i.e., em que o motor de 1.299 cm\u00b3 (mais tarde 1.301 cm\u00b3) recebia <a href=\"https:\/\/autolivraria.com.br\/bc\/glossario-t\/#turb\">turbocompressor<\/a> e inje\u00e7\u00e3o eletr\u00f4nica para produzir 105 cv e 14,9 m.kgf, o bastante para alcan\u00e7ar a velocidade m\u00e1xima de 200 km\/h. Para ele, o primeiro Fiat a gasolina com turbo, foram oferecidos requintes como painel de instrumentos digital, teto solar e freios a disco nas quatro rodas. Em junho aparecia o motor Fire (nome que na verdade era sigla para motor com produ\u00e7\u00e3o totalmente automatizada), com 999 cm\u00b3, comando no cabe\u00e7ote, 45 cv e 8,2 m.kgf.<\/p>\n<p>&nbsp;<\/p>\n<p><a href=\"https:\/\/autolivraria.com.br\/bc\/wp-content\/uploads\/2013\/02\/IT-1983-Uno-6.jpg\"><img decoding=\"async\" class=\"aligncenter size-medium wp-image-21628 lazyload\" title=\"Uno 1983\" data-src=\"https:\/\/autolivraria.com.br\/bc\/wp-content\/uploads\/2013\/02\/IT-1983-Uno-6-560x373.jpg\" alt=\"\" width=\"560\" height=\"373\" data-srcset=\"https:\/\/autolivraria.com.br\/bc\/wp-content\/uploads\/2013\/02\/IT-1983-Uno-6-560x373.jpg 560w, https:\/\/autolivraria.com.br\/bc\/wp-content\/uploads\/2013\/02\/IT-1983-Uno-6-470x313.jpg 470w, https:\/\/autolivraria.com.br\/bc\/wp-content\/uploads\/2013\/02\/IT-1983-Uno-6-270x179.jpg 270w, https:\/\/autolivraria.com.br\/bc\/wp-content\/uploads\/2013\/02\/IT-1983-Uno-6.jpg 1280w\" data-sizes=\"(max-width: 560px) 100vw, 560px\" src=\"data:image\/svg+xml;base64,PHN2ZyB3aWR0aD0iMSIgaGVpZ2h0PSIxIiB4bWxucz0iaHR0cDovL3d3dy53My5vcmcvMjAwMC9zdmciPjwvc3ZnPg==\" style=\"--smush-placeholder-width: 560px; --smush-placeholder-aspect-ratio: 560\/373;\" \/><\/a><\/p>\n<p>&nbsp;<\/p>\n<div class='one_third'>\n\t\t\t\t\t<a href=\"https:\/\/autolivraria.com.br\/bc\/wp-content\/uploads\/2013\/02\/IT-1983-Uno-3.jpg\"><img decoding=\"async\" class=\"aligncenter size-thumbnail wp-image-21629 lazyload\" title=\"Uno 1983\" data-src=\"https:\/\/autolivraria.com.br\/bc\/wp-content\/uploads\/2013\/02\/IT-1983-Uno-3-168x168.jpg\" alt=\"\" width=\"168\" height=\"168\" data-srcset=\"https:\/\/autolivraria.com.br\/bc\/wp-content\/uploads\/2013\/02\/IT-1983-Uno-3-168x168.jpg 168w, https:\/\/autolivraria.com.br\/bc\/wp-content\/uploads\/2013\/02\/IT-1983-Uno-3-100x100.jpg 100w\" data-sizes=\"(max-width: 168px) 100vw, 168px\" src=\"data:image\/svg+xml;base64,PHN2ZyB3aWR0aD0iMSIgaGVpZ2h0PSIxIiB4bWxucz0iaHR0cDovL3d3dy53My5vcmcvMjAwMC9zdmciPjwvc3ZnPg==\" style=\"--smush-placeholder-width: 168px; --smush-placeholder-aspect-ratio: 168\/168;\" \/><\/a>\n\t\t\t\t<\/div>\n<div class='one_third'>\n\t\t\t\t\t<a href=\"https:\/\/autolivraria.com.br\/bc\/wp-content\/uploads\/2013\/02\/IT-1983-Uno-4.jpg\"><img decoding=\"async\" class=\"aligncenter size-thumbnail wp-image-21630 lazyload\" title=\"Uno 1983\" data-src=\"https:\/\/autolivraria.com.br\/bc\/wp-content\/uploads\/2013\/02\/IT-1983-Uno-4-168x168.jpg\" alt=\"\" width=\"168\" height=\"168\" data-srcset=\"https:\/\/autolivraria.com.br\/bc\/wp-content\/uploads\/2013\/02\/IT-1983-Uno-4-168x168.jpg 168w, https:\/\/autolivraria.com.br\/bc\/wp-content\/uploads\/2013\/02\/IT-1983-Uno-4-100x100.jpg 100w\" data-sizes=\"(max-width: 168px) 100vw, 168px\" src=\"data:image\/svg+xml;base64,PHN2ZyB3aWR0aD0iMSIgaGVpZ2h0PSIxIiB4bWxucz0iaHR0cDovL3d3dy53My5vcmcvMjAwMC9zdmciPjwvc3ZnPg==\" style=\"--smush-placeholder-width: 168px; --smush-placeholder-aspect-ratio: 168\/168;\" \/><\/a>\n\t\t\t\t<\/div>\n<div class='one_third last'>\n\t\t\t\t\t<a href=\"https:\/\/autolivraria.com.br\/bc\/wp-content\/uploads\/2013\/02\/IT-1983-Uno-5.jpg\"><img decoding=\"async\" class=\"aligncenter size-thumbnail wp-image-21631 lazyload\" title=\"Uno 1983\" data-src=\"https:\/\/autolivraria.com.br\/bc\/wp-content\/uploads\/2013\/02\/IT-1983-Uno-5-168x168.jpg\" alt=\"\" width=\"168\" height=\"168\" data-srcset=\"https:\/\/autolivraria.com.br\/bc\/wp-content\/uploads\/2013\/02\/IT-1983-Uno-5-168x168.jpg 168w, https:\/\/autolivraria.com.br\/bc\/wp-content\/uploads\/2013\/02\/IT-1983-Uno-5-100x100.jpg 100w\" data-sizes=\"(max-width: 168px) 100vw, 168px\" src=\"data:image\/svg+xml;base64,PHN2ZyB3aWR0aD0iMSIgaGVpZ2h0PSIxIiB4bWxucz0iaHR0cDovL3d3dy53My5vcmcvMjAwMC9zdmciPjwvc3ZnPg==\" style=\"--smush-placeholder-width: 168px; --smush-placeholder-aspect-ratio: 168\/168;\" \/><\/a>\n\t\t\t\t<\/div><div class='clear'><\/div>\n<p style=\"text-align: center;\"><em>\u00a0<\/em><br \/>\n<em>Em 1983 o Uno chegava \u00e0s ruas com linhas modernas e aerodin\u00e2micas,<br \/>\nduas\u00a0op\u00e7\u00f5es de carroceria e tr\u00eas de<\/em>\u00a0<em>motores, com pot\u00eancia entre 45 e 68 cv<\/em><\/p>\n<p>&nbsp;<\/p>\n<p>A revista inglesa <em>What Car?<\/em> comparou em 1986 o Uno Turbo i.e. ao <a href=\"https:\/\/www.autolivraria.com.br\/cpassado2\/r5-1.htm\">Renault 5 GT Turbo<\/a> e ao <a href=\"https:\/\/www.autolivraria.com.br\/cpassado2\/205-1.htm\">Peugeot 205 GTI<\/a>. O Fiat revelou o melhor desempenho ao acelerar de 0 a 96 km\/h em 7,9 segundos: &#8220;Se pot\u00eancia suave, precisa, urgente \u00e9 o que voc\u00ea quer, o Uno \u00e9 o carro que a fornece. Seu motor \u00e9 uma verdadeira joia, girando docemente e com vontade at\u00e9 a faixa vermelha. No conjunto, \u00e9 altamente impressionante. Some essa agilidade a uma atua\u00e7\u00e3o de turbo progressiva e sem retardo percept\u00edvel (o Uno est\u00e1 sob press\u00e3o m\u00e1xima a 2.500 rpm, mas bem antes disso o turbo j\u00e1 est\u00e1 em a\u00e7\u00e3o), e fica claro que o Uno \u00e9 t\u00e3o r\u00e1pido quanto refinado&#8221;.<\/p>\n<p>O comportamento din\u00e2mico e o conforto de marcha, por\u00e9m, foram os piores do grupo: &#8220;\u00c9 uma vergonha que essas caracter\u00edsticas do Uno n\u00e3o se combinem \u00e0 qualidade do fabuloso motor turbo. N\u00e3o s\u00f3 a dire\u00e7\u00e3o \u00e9 pesada para estacionar, \u00e9 tamb\u00e9m vaga e sem vida, e \u00e0s vezes suscet\u00edvel a impactos em desn\u00edveis da estrada. O Uno toma curvas com m\u00ednima inclina\u00e7\u00e3o e grande ader\u00eancia, mas se o motorista tem verdadeira pressa o Fiat tende ao <a href=\"https:\/\/autolivraria.com.br\/bc\/glossario-s\/#sube\">subester\u00e7o<\/a>. A rodagem \u00e9 r\u00edgida e parece transmitir cada irregularidade para a cabine&#8221;. Tudo considerado, o 205 venceu o comparativo, mas a revista ressalvou que &#8220;Renault e Fiat est\u00e3o pesco\u00e7o a pesco\u00e7o com o Peugeot em v\u00e1rios aspectos&#8221;.<\/p>\n<table border=\"0\">\n<tbody>\n<tr>\n<td><a href='https:\/\/autolivraria.com.br\/bc\/informe-se\/passado\/fiat\/fiat-uno-a-grande-familia-e-seu-ultimo-rebento\/2\/' class='small-button smallsilver'>Pr\u00f3xima parte<\/a><\/td>\n<\/tr>\n<\/tbody>\n<\/table>\n<p>&nbsp;<\/p>\n<div class='et-box et-shadow'>\n\t\t\t\t\t<div class='et-box-content'><h2>Os especiais<\/h2>\n<table id=\"table1\" border=\"0\" cellspacing=\"0\" cellpadding=\"0\">\n<tbody>\n<tr>\n<td width=\"170\" height=\"190\"><a href=\"https:\/\/autolivraria.com.br\/bc\/wp-content\/uploads\/2013\/02\/Esp-BR-1985-Uno-Cabriolet-Sultan.jpg\"><img decoding=\"async\" class=\"alignnone  wp-image-21632 lazyload\" title=\"Uno Cabriolet Sultan\" data-src=\"https:\/\/autolivraria.com.br\/bc\/wp-content\/uploads\/2013\/02\/Esp-BR-1985-Uno-Cabriolet-Sultan-168x168.jpg\" alt=\"\" width=\"151\" height=\"151\" data-srcset=\"https:\/\/autolivraria.com.br\/bc\/wp-content\/uploads\/2013\/02\/Esp-BR-1985-Uno-Cabriolet-Sultan-168x168.jpg 168w, https:\/\/autolivraria.com.br\/bc\/wp-content\/uploads\/2013\/02\/Esp-BR-1985-Uno-Cabriolet-Sultan-100x100.jpg 100w\" data-sizes=\"(max-width: 151px) 100vw, 151px\" src=\"data:image\/svg+xml;base64,PHN2ZyB3aWR0aD0iMSIgaGVpZ2h0PSIxIiB4bWxucz0iaHR0cDovL3d3dy53My5vcmcvMjAwMC9zdmciPjwvc3ZnPg==\" style=\"--smush-placeholder-width: 151px; --smush-placeholder-aspect-ratio: 151\/151;\" \/><\/a><\/td>\n<td width=\"170\" height=\"190\"><a href=\"https:\/\/autolivraria.com.br\/bc\/wp-content\/uploads\/2013\/02\/Esp-IT-Uno-Dimma.jpg\"><img decoding=\"async\" class=\"alignnone  wp-image-21633 lazyload\" title=\"Uno Dimma\" data-src=\"https:\/\/autolivraria.com.br\/bc\/wp-content\/uploads\/2013\/02\/Esp-IT-Uno-Dimma-168x168.jpg\" alt=\"\" width=\"151\" height=\"151\" data-srcset=\"https:\/\/autolivraria.com.br\/bc\/wp-content\/uploads\/2013\/02\/Esp-IT-Uno-Dimma-168x168.jpg 168w, https:\/\/autolivraria.com.br\/bc\/wp-content\/uploads\/2013\/02\/Esp-IT-Uno-Dimma-100x100.jpg 100w\" data-sizes=\"(max-width: 151px) 100vw, 151px\" src=\"data:image\/svg+xml;base64,PHN2ZyB3aWR0aD0iMSIgaGVpZ2h0PSIxIiB4bWxucz0iaHR0cDovL3d3dy53My5vcmcvMjAwMC9zdmciPjwvc3ZnPg==\" style=\"--smush-placeholder-width: 151px; --smush-placeholder-aspect-ratio: 151\/151;\" \/><\/a><\/td>\n<td width=\"170\" height=\"190\"><a href=\"https:\/\/autolivraria.com.br\/bc\/wp-content\/uploads\/2013\/02\/Esp-IT-1990-Uno-Turbo-Giannini-Torino.jpg\"><img decoding=\"async\" class=\"alignnone  wp-image-21634 lazyload\" title=\"Uno Turbo Giannini Torino\" data-src=\"https:\/\/autolivraria.com.br\/bc\/wp-content\/uploads\/2013\/02\/Esp-IT-1990-Uno-Turbo-Giannini-Torino-168x168.jpg\" alt=\"\" width=\"151\" height=\"151\" data-srcset=\"https:\/\/autolivraria.com.br\/bc\/wp-content\/uploads\/2013\/02\/Esp-IT-1990-Uno-Turbo-Giannini-Torino-168x168.jpg 168w, https:\/\/autolivraria.com.br\/bc\/wp-content\/uploads\/2013\/02\/Esp-IT-1990-Uno-Turbo-Giannini-Torino-100x100.jpg 100w\" data-sizes=\"(max-width: 151px) 100vw, 151px\" src=\"data:image\/svg+xml;base64,PHN2ZyB3aWR0aD0iMSIgaGVpZ2h0PSIxIiB4bWxucz0iaHR0cDovL3d3dy53My5vcmcvMjAwMC9zdmciPjwvc3ZnPg==\" style=\"--smush-placeholder-width: 151px; --smush-placeholder-aspect-ratio: 151\/151;\" \/><\/a><\/td>\n<\/tr>\n<\/tbody>\n<\/table>\n<p>Na d\u00e9cada dos carros transformados no mercado brasileiro, a de 1980, Uno e Pr\u00eamio receberam vers\u00f5es a c\u00e9u aberto. O Uno Cabriolet da concession\u00e1ria Sultan era um bonito convers\u00edvel com arco de prote\u00e7\u00e3o e op\u00e7\u00e3o de cores atraentes, como o amarelo. A empresa criou tamb\u00e9m o Pr\u00eamio Targa, em que apenas a parte traseira da cabine podia se abrir, para a descontra\u00e7\u00e3o dos ocupantes dos dois bancos esportivos.<\/p>\n<p>Na It\u00e1lia, empresas de personaliza\u00e7\u00e3o fizeram propostas bastante esportivas para o visual do Uno. A Dimma Design fornecia para-lamas muito alargados com inspira\u00e7\u00e3o em carros de rali e para-choques refeitos, al\u00e9m de redecorar o interior. Com base na vers\u00e3o reestilizada de 1990, a Giannini Torino oferecia um conjunto semelhante de carroceria larga, incluindo apliques para que as portas acompanhassem os para-lamas. O para-choque tinha uma ampla tomada de ar e far\u00f3is de neblina.<\/p><\/div><\/div>\n<p><em>* Bob Sharp colaborou com o texto original que deu origem a este artigo<\/em><\/p>\n<p>&nbsp;<\/p>\n<table border=\"0\">\n<tbody>\n<tr>\n<td><a href='https:\/\/autolivraria.com.br\/bc\/informe-se\/passado\/fiat\/fiat-uno-a-grande-familia-e-seu-ultimo-rebento\/2\/' class='small-button smallsilver'>Pr\u00f3xima parte<\/a><\/td>\n<\/tr>\n<\/tbody>\n<\/table>\n<p>&nbsp;<\/p>\n<p><!--nextpage--><\/p>\n<p>&nbsp;<\/p>\n<p><a href=\"https:\/\/autolivraria.com.br\/bc\/wp-content\/uploads\/2013\/02\/IT-1985-Uno-Turbo-ie-1.jpg\"><img decoding=\"async\" class=\"aligncenter size-medium wp-image-21635 lazyload\" title=\"Uno Turbo i.e. 1985\" data-src=\"https:\/\/autolivraria.com.br\/bc\/wp-content\/uploads\/2013\/02\/IT-1985-Uno-Turbo-ie-1-560x373.jpg\" alt=\"\" width=\"560\" height=\"373\" data-srcset=\"https:\/\/autolivraria.com.br\/bc\/wp-content\/uploads\/2013\/02\/IT-1985-Uno-Turbo-ie-1-560x373.jpg 560w, https:\/\/autolivraria.com.br\/bc\/wp-content\/uploads\/2013\/02\/IT-1985-Uno-Turbo-ie-1-470x313.jpg 470w, https:\/\/autolivraria.com.br\/bc\/wp-content\/uploads\/2013\/02\/IT-1985-Uno-Turbo-ie-1-270x179.jpg 270w, https:\/\/autolivraria.com.br\/bc\/wp-content\/uploads\/2013\/02\/IT-1985-Uno-Turbo-ie-1.jpg 1280w\" data-sizes=\"(max-width: 560px) 100vw, 560px\" src=\"data:image\/svg+xml;base64,PHN2ZyB3aWR0aD0iMSIgaGVpZ2h0PSIxIiB4bWxucz0iaHR0cDovL3d3dy53My5vcmcvMjAwMC9zdmciPjwvc3ZnPg==\" style=\"--smush-placeholder-width: 560px; --smush-placeholder-aspect-ratio: 560\/373;\" \/><\/a><\/p>\n<p>&nbsp;<\/p>\n<div class='one_third'>\n\t\t\t\t\t<a href=\"https:\/\/autolivraria.com.br\/bc\/wp-content\/uploads\/2013\/02\/IT-1987-Uno-Turbo-anuncio.jpg\"><img decoding=\"async\" class=\"aligncenter size-thumbnail wp-image-21636 lazyload\" title=\"Uno Turbo i.e.\" data-src=\"https:\/\/autolivraria.com.br\/bc\/wp-content\/uploads\/2013\/02\/IT-1987-Uno-Turbo-anuncio-168x168.jpg\" alt=\"\" width=\"168\" height=\"168\" data-srcset=\"https:\/\/autolivraria.com.br\/bc\/wp-content\/uploads\/2013\/02\/IT-1987-Uno-Turbo-anuncio-168x168.jpg 168w, https:\/\/autolivraria.com.br\/bc\/wp-content\/uploads\/2013\/02\/IT-1987-Uno-Turbo-anuncio-100x100.jpg 100w\" data-sizes=\"(max-width: 168px) 100vw, 168px\" src=\"data:image\/svg+xml;base64,PHN2ZyB3aWR0aD0iMSIgaGVpZ2h0PSIxIiB4bWxucz0iaHR0cDovL3d3dy53My5vcmcvMjAwMC9zdmciPjwvc3ZnPg==\" style=\"--smush-placeholder-width: 168px; --smush-placeholder-aspect-ratio: 168\/168;\" \/><\/a>\n\t\t\t\t<\/div>\n<div class='one_third'>\n\t\t\t\t\t<a href=\"https:\/\/autolivraria.com.br\/bc\/wp-content\/uploads\/2013\/02\/IT-1985-Uno-Turbo-ie-3.jpg\"><img decoding=\"async\" class=\"aligncenter size-thumbnail wp-image-21637 lazyload\" title=\"Uno Turbo i.e.\" data-src=\"https:\/\/autolivraria.com.br\/bc\/wp-content\/uploads\/2013\/02\/IT-1985-Uno-Turbo-ie-3-168x168.jpg\" alt=\"\" width=\"168\" height=\"168\" data-srcset=\"https:\/\/autolivraria.com.br\/bc\/wp-content\/uploads\/2013\/02\/IT-1985-Uno-Turbo-ie-3-168x168.jpg 168w, https:\/\/autolivraria.com.br\/bc\/wp-content\/uploads\/2013\/02\/IT-1985-Uno-Turbo-ie-3-100x100.jpg 100w\" data-sizes=\"(max-width: 168px) 100vw, 168px\" src=\"data:image\/svg+xml;base64,PHN2ZyB3aWR0aD0iMSIgaGVpZ2h0PSIxIiB4bWxucz0iaHR0cDovL3d3dy53My5vcmcvMjAwMC9zdmciPjwvc3ZnPg==\" style=\"--smush-placeholder-width: 168px; --smush-placeholder-aspect-ratio: 168\/168;\" \/><\/a>\n\t\t\t\t<\/div>\n<div class='one_third last'>\n\t\t\t\t\t<a href=\"https:\/\/autolivraria.com.br\/bc\/wp-content\/uploads\/2013\/02\/IT-1985-Uno-Turbo-ie-4.jpg\"><img decoding=\"async\" class=\"aligncenter size-thumbnail wp-image-21638 lazyload\" title=\"Uno Turbo i.e.\" data-src=\"https:\/\/autolivraria.com.br\/bc\/wp-content\/uploads\/2013\/02\/IT-1985-Uno-Turbo-ie-4-168x168.jpg\" alt=\"\" width=\"168\" height=\"168\" data-srcset=\"https:\/\/autolivraria.com.br\/bc\/wp-content\/uploads\/2013\/02\/IT-1985-Uno-Turbo-ie-4-168x168.jpg 168w, https:\/\/autolivraria.com.br\/bc\/wp-content\/uploads\/2013\/02\/IT-1985-Uno-Turbo-ie-4-100x100.jpg 100w\" data-sizes=\"(max-width: 168px) 100vw, 168px\" src=\"data:image\/svg+xml;base64,PHN2ZyB3aWR0aD0iMSIgaGVpZ2h0PSIxIiB4bWxucz0iaHR0cDovL3d3dy53My5vcmcvMjAwMC9zdmciPjwvc3ZnPg==\" style=\"--smush-placeholder-width: 168px; --smush-placeholder-aspect-ratio: 168\/168;\" \/><\/a>\n\t\t\t\t<\/div><div class='clear'><\/div>\n<p style=\"text-align: center;\"><em>\u00a0<\/em><br \/>\n<em>No Uno Turbo i.e. o motor de 1,3 litro fornecia 105 cv para chegar a 200 km\/h; ele<\/em><br \/>\n<em>tinha painel completo (depois com op\u00e7\u00e3o por digital), teto solar e freios a disco<\/em><\/p>\n<p>&nbsp;<\/p>\n<p>O Uno 70 Turbodiesel, com motor de 1.367 cm\u00b3, 72 cv e 13 m.kgf associado a um acabamento externo similar ao do Turbo i.e., era apresentado em 1986, mesmo ano da produ\u00e7\u00e3o do Uno de n\u00famero dois milh\u00f5es. O diesel de <a href=\"https:\/\/autolivraria.com.br\/bc\/glossario-a\/#aspi\">aspira\u00e7\u00e3o natural<\/a> passava a ser oferecido tamb\u00e9m com 1.697 cm\u00b3, 58 cv e 10,2 m.kgf. O Turbo i.e. ganhava catalisador em 1987 e, um ano depois, freios com sistema antitravamento (ABS). Surgiam tamb\u00e9m em 1987 o Uno 75 i.e., com motor de 1.498 cm\u00b3, inje\u00e7\u00e3o, 75 cv e 12,7 m.kgf, e o Selecta com c\u00e2mbio CVT desenvolvido pela holandesa Vam Doorne, dispon\u00edvel s\u00f3 com motor 1,1. A produ\u00e7\u00e3o chegava aos tr\u00eas milh\u00f5es em mar\u00e7o de 1988.<\/p>\n<p>A<em> What Car?<\/em> confrontou em 1987 o Selecta a outro modelo com CVT \u2014 o <a href=\"https:\/\/www.autolivraria.com.br\/classicos\/fiesta-1.htm\">Ford Fiesta<\/a> \u2014 e tr\u00eas com c\u00e2mbios autom\u00e1ticos comuns: <a href=\"https:\/\/www.autolivraria.com.br\/ph2\/284b.htm\">Austin Metro<\/a>, <a href=\"https:\/\/www.autolivraria.com.br\/ph2\/381-daihatsu-charade-1.htm\">Daihatsu Charade<\/a> e Peugeot 205. O Fiat foi o mais econ\u00f4mico, mas tamb\u00e9m o mais lento para acelerar, empatado com o Daihatsu. Terminou como a melhor op\u00e7\u00e3o: &#8220;O Uno vence sobretudo pelo custo-benef\u00edcio, sendo mais barato e oferecendo cinco portas em um pacote claramente mais moderno que o Fiesta. Ap\u00f3s certo per\u00edodo de aclimata\u00e7\u00e3o, achamos o CVT de ambos os carros excelente, mas n\u00e3o invejamos os vendedores que tentar\u00e3o vend\u00ea-lo \u00e0 base de uma volta no quarteir\u00e3o&#8221;.<\/p>\n<p>A mais ampla reestiliza\u00e7\u00e3o sofrida pelo Uno italiano era revelada em setembro de 1989 no Sal\u00e3o de Frankfurt. O pequeno Fiat recebia um cap\u00f4 em forma de cunha acentuada, far\u00f3is e grade de perfil mais baixo, tampa traseira mais saliente e arredondada e novas lanternas, tudo inspirado no <a href=\"https:\/\/www.autolivraria.com.br\/classicos\/tipo-1.htm\">Tipo<\/a> lan\u00e7ado no ano anterior. O Cx baixava para 0,30 e o interior trazia painel mais moderno \u2014 embora sem os pr\u00e1ticos comandos em sat\u00e9lites \u2014 e ganhos em acabamento e qualidade de constru\u00e7\u00e3o.<\/p>\n<p>&nbsp;<\/p>\n<div class='one_third'>\n\t\t\t\t\t<a href=\"https:\/\/autolivraria.com.br\/bc\/wp-content\/uploads\/2013\/02\/IT-1989-Uno-1.jpg\"><img decoding=\"async\" class=\"aligncenter size-thumbnail wp-image-21639 lazyload\" title=\"Uno 1990\" data-src=\"https:\/\/autolivraria.com.br\/bc\/wp-content\/uploads\/2013\/02\/IT-1989-Uno-1-168x168.jpg\" alt=\"\" width=\"168\" height=\"168\" data-srcset=\"https:\/\/autolivraria.com.br\/bc\/wp-content\/uploads\/2013\/02\/IT-1989-Uno-1-168x168.jpg 168w, https:\/\/autolivraria.com.br\/bc\/wp-content\/uploads\/2013\/02\/IT-1989-Uno-1-100x100.jpg 100w\" data-sizes=\"(max-width: 168px) 100vw, 168px\" src=\"data:image\/svg+xml;base64,PHN2ZyB3aWR0aD0iMSIgaGVpZ2h0PSIxIiB4bWxucz0iaHR0cDovL3d3dy53My5vcmcvMjAwMC9zdmciPjwvc3ZnPg==\" style=\"--smush-placeholder-width: 168px; --smush-placeholder-aspect-ratio: 168\/168;\" \/><\/a>\n\t\t\t\t<\/div>\n<div class='one_third'>\n\t\t\t\t\t<a href=\"https:\/\/autolivraria.com.br\/bc\/wp-content\/uploads\/2013\/02\/IT-1989-Uno-3.jpg\"><img decoding=\"async\" class=\"aligncenter size-thumbnail wp-image-21640 lazyload\" title=\"Uno 1990\" data-src=\"https:\/\/autolivraria.com.br\/bc\/wp-content\/uploads\/2013\/02\/IT-1989-Uno-3-168x168.jpg\" alt=\"\" width=\"168\" height=\"168\" data-srcset=\"https:\/\/autolivraria.com.br\/bc\/wp-content\/uploads\/2013\/02\/IT-1989-Uno-3-168x168.jpg 168w, https:\/\/autolivraria.com.br\/bc\/wp-content\/uploads\/2013\/02\/IT-1989-Uno-3-100x100.jpg 100w\" data-sizes=\"(max-width: 168px) 100vw, 168px\" src=\"data:image\/svg+xml;base64,PHN2ZyB3aWR0aD0iMSIgaGVpZ2h0PSIxIiB4bWxucz0iaHR0cDovL3d3dy53My5vcmcvMjAwMC9zdmciPjwvc3ZnPg==\" style=\"--smush-placeholder-width: 168px; --smush-placeholder-aspect-ratio: 168\/168;\" \/><\/a>\n\t\t\t\t<\/div>\n<div class='one_third last'>\n\t\t\t\t\t<a href=\"https:\/\/autolivraria.com.br\/bc\/wp-content\/uploads\/2013\/02\/IT-1990-Uno-Turbo-ie-2.jpg\"><img decoding=\"async\" class=\"aligncenter size-thumbnail wp-image-21641 lazyload\" title=\"Uno Turbo i.e. 1990\" data-src=\"https:\/\/autolivraria.com.br\/bc\/wp-content\/uploads\/2013\/02\/IT-1990-Uno-Turbo-ie-2-168x168.jpg\" alt=\"\" width=\"168\" height=\"168\" data-srcset=\"https:\/\/autolivraria.com.br\/bc\/wp-content\/uploads\/2013\/02\/IT-1990-Uno-Turbo-ie-2-168x168.jpg 168w, https:\/\/autolivraria.com.br\/bc\/wp-content\/uploads\/2013\/02\/IT-1990-Uno-Turbo-ie-2-100x100.jpg 100w\" data-sizes=\"(max-width: 168px) 100vw, 168px\" src=\"data:image\/svg+xml;base64,PHN2ZyB3aWR0aD0iMSIgaGVpZ2h0PSIxIiB4bWxucz0iaHR0cDovL3d3dy53My5vcmcvMjAwMC9zdmciPjwvc3ZnPg==\" style=\"--smush-placeholder-width: 168px; --smush-placeholder-aspect-ratio: 168\/168;\" \/><\/a>\n\t\t\t\t<\/div><div class='clear'><\/div>\n<p style=\"text-align: center;\"><em>\u00a0<\/em><br \/>\n<em>O Uno italiano era remodelado para 1990, com frente mais baixa, novo painel e<\/em><br \/>\n<em>melhor aerodin\u00e2mica; o Turbo (\u00e0 direita) ganhava motor de 1,4 litro e 118 cv<\/em><\/p>\n<p>&nbsp;<\/p>\n<p>Os motores agora eram o antigo 903, os Fires de 999 e 1.108 cm\u00b3 (este com 56 cv e 9,1 m.kgf), um in\u00e9dito de 1.372 cm\u00b3 (70 cv e 10,8 m.kgf) da linha lan\u00e7ada no Tipo e o conhecido 1.498. O Turbo i.e. tamb\u00e9m passava a 1.372 cm\u00b3, o que elevava a pot\u00eancia a 118 cv e o torque a 16,4 m.kgf, e os motores a diesel permaneciam. Um diesel aspirado de 1.929 cm\u00b3 e 60 cv aparecia em 1990. Esse Uno teve numerosas vers\u00f5es e s\u00e9ries especiais, como Suite (com bancos de couro e ar-condicionado), Hobby, Rap, Rap Up, Formula, Estivale, Cosy, Seaside, Targa e Brio. O mais r\u00e1pido era o Turbo i.e. Racing, de 1992, com teto solar, bancos ajust\u00e1veis em altura, pneus 175\/60 e acelera\u00e7\u00e3o de 0 a 100 km\/h em 8,4 segundos.<\/p>\n<p>&nbsp;<\/p>\n<blockquote><p>Nosso Uno herdava do 147 a suspens\u00e3o traseira independente McPherson, com feixe de molas transversal, respons\u00e1vel pela mudan\u00e7a que levou o estepe para junto ao motor<\/p><\/blockquote>\n<p>&nbsp;<\/p>\n<p>A <em>Car<\/em> brit\u00e2nica comparou o Uno 60S reestilizado ao Fiesta Popular Plus (em nova gera\u00e7\u00e3o), ao 205 XL e ao Metro 1.1 S, em 1990, e concluiu: &#8220;Com pre\u00e7o atraente, o Uno tem mais car\u00e1ter que o Fiesta, mas desfrutar seu modesto brio \u00e9 incomodar demais a paz. O renovado Uno \u00e9 mais refinado, silencioso e bem-acabado que o antigo, mas ainda ruidoso quando explorado e desconfort\u00e1vel para motoristas altos&#8221;. A revista julgou o Rover a melhor op\u00e7\u00e3o.<\/p>\n<p>A produ\u00e7\u00e3o italiana do Uno foi encerrada em 1995, dois anos ap\u00f3s o lan\u00e7amento do Punto, com um total de 6.032.911 unidades fabricadas. Mas permanecia em pa\u00edses como \u00c1frica do Sul, Argentina, Marrocos, Pol\u00f4nia (<em>leia boxe abaixo<\/em>) e Brasil \u2014 onde come\u00e7a a segunda parte de nossa hist\u00f3ria.<\/p>\n<p>&nbsp;<\/p>\n<p><a href=\"https:\/\/autolivraria.com.br\/bc\/wp-content\/uploads\/2013\/02\/BR-1985-Uno-SX.jpg\"><img decoding=\"async\" class=\"aligncenter size-medium wp-image-21642 lazyload\" title=\"Uno SX\" data-src=\"https:\/\/autolivraria.com.br\/bc\/wp-content\/uploads\/2013\/02\/BR-1985-Uno-SX-560x373.jpg\" alt=\"\" width=\"560\" height=\"373\" data-srcset=\"https:\/\/autolivraria.com.br\/bc\/wp-content\/uploads\/2013\/02\/BR-1985-Uno-SX-560x373.jpg 560w, https:\/\/autolivraria.com.br\/bc\/wp-content\/uploads\/2013\/02\/BR-1985-Uno-SX-470x313.jpg 470w, https:\/\/autolivraria.com.br\/bc\/wp-content\/uploads\/2013\/02\/BR-1985-Uno-SX-270x179.jpg 270w, https:\/\/autolivraria.com.br\/bc\/wp-content\/uploads\/2013\/02\/BR-1985-Uno-SX.jpg 1280w\" data-sizes=\"(max-width: 560px) 100vw, 560px\" src=\"data:image\/svg+xml;base64,PHN2ZyB3aWR0aD0iMSIgaGVpZ2h0PSIxIiB4bWxucz0iaHR0cDovL3d3dy53My5vcmcvMjAwMC9zdmciPjwvc3ZnPg==\" style=\"--smush-placeholder-width: 560px; --smush-placeholder-aspect-ratio: 560\/373;\" \/><\/a><\/p>\n<p style=\"text-align: center;\"><em>\u00a0<\/em><br \/>\n<em>O Uno brasileiro seguia as formas do italiano, mas com cap\u00f4 envolvente para abrigar o<\/em><br \/>\n<em>estepe junto ao motor; o SX (foto) tinha visual esportivo e motor 1,3 mais potente<\/em><\/p>\n<p>&nbsp;<\/p>\n<h3>Botinha ortop\u00e9dica<\/h3>\n<p>Betim, Minas Gerais, agosto de 1984. O veterano 147, j\u00e1 com oito anos de idade, pedia sucess\u00e3o e a resposta da Fiat era a fabrica\u00e7\u00e3o local do moderno Uno. De in\u00edcio apenas com tr\u00eas portas, ele mantinha as linhas do modelo italiano, mas com uma importante diferen\u00e7a: o cap\u00f4 envolvia parte dos para-lamas, o que permitia a acomoda\u00e7\u00e3o do estepe no compartimento do motor como no 147, de maneira a ampliar o porta-malas e evitar o inc\u00f4modo de ter de descarreg\u00e1-lo para o acesso ao pneu.<\/p>\n<p>&nbsp;<\/p>\n<div class='code-block code-block-7' style='margin: 28px auto; text-align: center; display: block; clear: both;'>\n<br>\n<div align=\"center\">\n<a target=\"_blank\" href=\"https:\/\/bestcars.com.br\/bc\/\">\n<img decoding=\"async\" data-src=\"https:\/\/bestcars.com.br\/bc\/wp-content\/uploads\/2021\/07\/Auto-Livraria-450x300-quadros.jpg\" alt=\"Auto Livraria\" src=\"data:image\/svg+xml;base64,PHN2ZyB3aWR0aD0iMSIgaGVpZ2h0PSIxIiB4bWxucz0iaHR0cDovL3d3dy53My5vcmcvMjAwMC9zdmciPjwvc3ZnPg==\" class=\"lazyload\"><\/a>\n<\/div>\n<br><\/div>\n\n<p>&nbsp;<\/p>\n<p>O Uno representava enorme evolu\u00e7\u00e3o sobre o retil\u00edneo antecessor, a come\u00e7ar pela redu\u00e7\u00e3o do Cx de 0,50 para 0,36 \u2014 pior que na Europa, pois o nosso era 15 mm mais alto \u2014, passando pelo conforto de rodagem, <a href=\"https:\/\/autolivraria.com.br\/bc\/glossario-s\/#segu\">seguran\u00e7a ativa e passiva<\/a>, visibilidade e posi\u00e7\u00e3o de dirigir, em que o volante assumia posi\u00e7\u00e3o mais &#8220;normal&#8221;, menos horizontal. No entanto foi, de in\u00edcio, rejeitado por muitos, que lhe atribu\u00edram o apelido de &#8220;botinha ortop\u00e9dica&#8221; em fun\u00e7\u00e3o do formato da carroceria bem diferente do que existia at\u00e9 ent\u00e3o.<\/p>\n<p>Outras altera\u00e7\u00f5es do projeto original, de ordem mec\u00e2nica, previam melhor adapta\u00e7\u00e3o do carro \u00e0s condi\u00e7\u00f5es nacionais de rodagem, al\u00e9m do aproveitamento de componentes do 147. Deste vinham os motores de 1.048 cm\u00b3 a gasolina (52 cv e 7,8 m.kgf), para a vers\u00e3o S, e de 1.297 cm\u00b3 a gasolina (58,2 cv e 10 m.kgf) e a \u00e1lcool (59,7 cv e 10 m.kgf), para os acabamentos S e CS. Com desempenho razo\u00e1vel (velocidade m\u00e1xima entre 140 e 150 km\/h), tinham na economia de combust\u00edvel seu destaque.<\/p>\n<p>&nbsp;<\/p>\n<div class='one_third'>\n\t\t\t\t\t<a href=\"https:\/\/autolivraria.com.br\/bc\/wp-content\/uploads\/2013\/02\/BR-1984-Uno-S-3.jpg\"><img decoding=\"async\" class=\"aligncenter size-thumbnail wp-image-21643 lazyload\" title=\"Uno S\" data-src=\"https:\/\/autolivraria.com.br\/bc\/wp-content\/uploads\/2013\/02\/BR-1984-Uno-S-3-168x168.jpg\" alt=\"\" width=\"168\" height=\"168\" data-srcset=\"https:\/\/autolivraria.com.br\/bc\/wp-content\/uploads\/2013\/02\/BR-1984-Uno-S-3-168x168.jpg 168w, https:\/\/autolivraria.com.br\/bc\/wp-content\/uploads\/2013\/02\/BR-1984-Uno-S-3-100x100.jpg 100w\" data-sizes=\"(max-width: 168px) 100vw, 168px\" src=\"data:image\/svg+xml;base64,PHN2ZyB3aWR0aD0iMSIgaGVpZ2h0PSIxIiB4bWxucz0iaHR0cDovL3d3dy53My5vcmcvMjAwMC9zdmciPjwvc3ZnPg==\" style=\"--smush-placeholder-width: 168px; --smush-placeholder-aspect-ratio: 168\/168;\" \/><\/a>\n\t\t\t\t<\/div>\n<div class='one_third'>\n\t\t\t\t\t<a href=\"https:\/\/autolivraria.com.br\/bc\/wp-content\/uploads\/2013\/02\/BR-1984-Uno-S.jpg\"><img decoding=\"async\" class=\"aligncenter size-thumbnail wp-image-21644 lazyload\" title=\"Uno S\" data-src=\"https:\/\/autolivraria.com.br\/bc\/wp-content\/uploads\/2013\/02\/BR-1984-Uno-S-168x168.jpg\" alt=\"\" width=\"168\" height=\"168\" data-srcset=\"https:\/\/autolivraria.com.br\/bc\/wp-content\/uploads\/2013\/02\/BR-1984-Uno-S-168x168.jpg 168w, https:\/\/autolivraria.com.br\/bc\/wp-content\/uploads\/2013\/02\/BR-1984-Uno-S-100x100.jpg 100w\" data-sizes=\"(max-width: 168px) 100vw, 168px\" src=\"data:image\/svg+xml;base64,PHN2ZyB3aWR0aD0iMSIgaGVpZ2h0PSIxIiB4bWxucz0iaHR0cDovL3d3dy53My5vcmcvMjAwMC9zdmciPjwvc3ZnPg==\" style=\"--smush-placeholder-width: 168px; --smush-placeholder-aspect-ratio: 168\/168;\" \/><\/a>\n\t\t\t\t<\/div>\n<div class='one_third last'>\n\t\t\t\t\t<a href=\"https:\/\/autolivraria.com.br\/bc\/wp-content\/uploads\/2013\/02\/BR-1984-Uno-S-2.jpg\"><img decoding=\"async\" class=\"aligncenter size-thumbnail wp-image-21645 lazyload\" title=\"Uno S\" data-src=\"https:\/\/autolivraria.com.br\/bc\/wp-content\/uploads\/2013\/02\/BR-1984-Uno-S-2-168x168.jpg\" alt=\"\" width=\"168\" height=\"168\" data-srcset=\"https:\/\/autolivraria.com.br\/bc\/wp-content\/uploads\/2013\/02\/BR-1984-Uno-S-2-168x168.jpg 168w, https:\/\/autolivraria.com.br\/bc\/wp-content\/uploads\/2013\/02\/BR-1984-Uno-S-2-100x100.jpg 100w\" data-sizes=\"(max-width: 168px) 100vw, 168px\" src=\"data:image\/svg+xml;base64,PHN2ZyB3aWR0aD0iMSIgaGVpZ2h0PSIxIiB4bWxucz0iaHR0cDovL3d3dy53My5vcmcvMjAwMC9zdmciPjwvc3ZnPg==\" style=\"--smush-placeholder-width: 168px; --smush-placeholder-aspect-ratio: 168\/168;\" \/><\/a>\n\t\t\t\t<\/div><div class='clear'><\/div>\n<p style=\"text-align: center;\"><em>\u00a0<\/em><br \/>\n<em>Os motores de 1,05 e 1,3 litro foram aproveitados do 147, assim como a suspens\u00e3o<\/em><br \/>\n<em>traseira independente, considerada mais robusta para nossas condi\u00e7\u00f5es de piso<\/em><\/p>\n<p>&nbsp;<\/p>\n<p>Nosso Uno tamb\u00e9m herdava de seu antecessor a suspens\u00e3o traseira independente McPherson, com feixe de molas transversal que atendia aos dois lados da suspens\u00e3o. A Fiat dizia ter constatado em testes que os amortecedores do italiano n\u00e3o duravam mais que 5.000 km sob uso intensivo, optando por trocar toda a suspens\u00e3o. E foi ela a respons\u00e1vel pela mudan\u00e7a no cap\u00f4 que permitiu o estepe no compartimento do motor: n\u00e3o havia espa\u00e7o para a roda de reserva e sua caixa sob o porta-malas, como entre os bra\u00e7os do eixo de tor\u00e7\u00e3o do italiano.<\/p>\n<p>Se com a nova suspens\u00e3o o Uno ganhava em robustez, por outro lado perdia em conforto de marcha e continuava, como no 147, a exigir alinhamento peri\u00f3dico das rodas traseiras, sob pena de desgaste prematuro dos pneus e preju\u00edzo \u00e0 estabilidade. Outra caracter\u00edstica da suspens\u00e3o era a tend\u00eancia de tornar a <a href=\"https:\/\/autolivraria.com.br\/bc\/glossario-c\/#camb\">cambagem<\/a> mais negativa (rodas mais afastadas no ponto de contato com o solo) \u00e0 medida em que o feixe de molas cedia, por acr\u00e9scimo de carga ou tempo de uso.<\/p>\n<table border=\"0\">\n<tbody>\n<tr>\n<td><a href='https:\/\/autolivraria.com.br\/bc\/informe-se\/passado\/fiat\/fiat-uno-a-grande-familia-e-seu-ultimo-rebento\/3\/' class='small-button smallsilver'>Pr\u00f3xima parte<\/a><\/td>\n<\/tr>\n<\/tbody>\n<\/table>\n<p>&nbsp;<\/p>\n<div class='et-box et-shadow'>\n\t\t\t\t\t<div class='et-box-content'><h2>Pelo mundo<\/h2>\n<p>Al\u00e9m de It\u00e1lia (<em>leia quadro na pr\u00f3xima p\u00e1gina<\/em>) e Brasil, o Uno foi produzido ou montado em diversos pa\u00edses. A Pol\u00f4nia seguiu a produ\u00e7\u00e3o em 1995, quando a It\u00e1lia a encerrou. As vers\u00f5es de motor eram de 1,0 litro e 45 cv, 1,1 com 53 cv, 1,4 com 69 cv e 1,7 a diesel de 58 cv. N\u00e3o havia op\u00e7\u00f5es de maior luxo ou pot\u00eancia, pois a Fiat j\u00e1 contava com o Punto como produto superior na classe dos pequenos. Uma op\u00e7\u00e3o mais econ\u00f4mica de 900 cm\u00b3 e 39 cv (motor cedido pelo Cinquecento da \u00e9poca) aparecia em 1999, enquanto a vers\u00e3o Clipe usava a unidade do Mille brasileiro, de 48 cv. A produ\u00e7\u00e3o se encerrava em 2002.<\/p>\n<p><img decoding=\"async\" class=\"alignleft size-full wp-image-21646 lazyload\" style=\"--smush-placeholder-width: 280px; --smush-placeholder-aspect-ratio: 280\/140;margin: 15px;\" title=\"Uno Mia\" data-src=\"https:\/\/autolivraria.com.br\/bc\/wp-content\/uploads\/2013\/02\/Uno-Mia.jpg\" alt=\"\" width=\"280\" height=\"140\" data-srcset=\"https:\/\/autolivraria.com.br\/bc\/wp-content\/uploads\/2013\/02\/Uno-Mia.jpg 280w, https:\/\/autolivraria.com.br\/bc\/wp-content\/uploads\/2013\/02\/Uno-Mia-270x135.jpg 270w\" data-sizes=\"(max-width: 280px) 100vw, 280px\" src=\"data:image\/svg+xml;base64,PHN2ZyB3aWR0aD0iMSIgaGVpZ2h0PSIxIiB4bWxucz0iaHR0cDovL3d3dy53My5vcmcvMjAwMC9zdmciPjwvc3ZnPg==\" \/><\/p>\n<p>A fabrica\u00e7\u00e3o na \u00c1frica do Sul teve duas fases: sob licen\u00e7a da Fiat para a Nissan, entre 1990 e 1998, e pela pr\u00f3pria marca italiana, dali at\u00e9 2006. No primeiro per\u00edodo as op\u00e7\u00f5es eram mais variadas, com motores de 1,1 e 1,4 litro e o Turbo 1,4, al\u00e9m de uma breve vers\u00e3o Cento com o Fire de 1,0 litro. Com a fabrica\u00e7\u00e3o assumida pela Fiat, o Turbo n\u00e3o mais existiu e o 1,4 deixou de ser oferecido ap\u00f3s algum tempo, restando s\u00f3 a vers\u00e3o Mia 1,1 <em>(foto)<\/em> nos \u00faltimos anos. Em 2007 a Fiat passou a oferecer o Uno brasileiro, j\u00e1 reestilizado, com motor Fire de 1,25 litro e a vers\u00e3o Way de suspens\u00e3o mais alta, mas ele n\u00e3o est\u00e1 mais dispon\u00edvel.<\/p>\n<p>A Argentina o fabricou de 1989 a 2000 pelas m\u00e3os da Sevel, associa\u00e7\u00e3o entre os fabricantes locais de Fiat e Peugeot que produziu ainda modelos Alfa Romeo, Chevrolet e Citro\u00ebn. O desenho seguia o da vers\u00e3o brasileira, com cap\u00f4 envolvente e estepe junto ao motor. O sed\u00e3 Duna, igual a nosso Pr\u00eamio e feito apenas com quatro portas, foi o primeiro a chegar ao mercado \u2014 em 1988 \u2014 e houve tamb\u00e9m a perua Elba, ambos feitos at\u00e9 2002. Os motores empregados eram de 1,05, 1,3, 1,4 e 1,5 litro a gasolina e 1,3 a diesel.<\/p>\n<p>No Marrocos, a SOMACA\u00a0(Soci\u00e9t\u00e9 Marocaine des Constructions Automobiles) come\u00e7ou em 2003 a montagem do Uno com o mesmo desenho do italiano dos anos 90. A empresa hoje est\u00e1 sob controle da Renault e faz carros como Logan e Sandero.<\/p>\n<p>O Uno foi feito tamb\u00e9m na \u00cdndia de 1997 a 2004, sempre com motor a diesel, por meio de associa\u00e7\u00e3o entre a Fiat e a Tata Motors, e no Paquist\u00e3o, onde a empresa Raja montou conjuntos importados de 2001 a 2004.<\/p><\/div><\/div>\n<p>&nbsp;<\/p>\n<table border=\"0\">\n<tbody>\n<tr>\n<td><a href='https:\/\/autolivraria.com.br\/bc\/informe-se\/passado\/fiat\/fiat-uno-a-grande-familia-e-seu-ultimo-rebento\/3\/' class='small-button smallsilver'>Pr\u00f3xima parte<\/a><\/td>\n<\/tr>\n<\/tbody>\n<\/table>\n<p>&nbsp;<\/p>\n<p><!--nextpage--><\/p>\n<p>&nbsp;<\/p>\n<p><a href=\"https:\/\/autolivraria.com.br\/bc\/wp-content\/uploads\/2013\/02\/BR-1985-Premio-CS.jpg\"><img decoding=\"async\" class=\"aligncenter size-medium wp-image-21706 lazyload\" title=\"Premio CS\" data-src=\"https:\/\/autolivraria.com.br\/bc\/wp-content\/uploads\/2013\/02\/BR-1985-Premio-CS-560x373.jpg\" alt=\"\" width=\"560\" height=\"373\" data-srcset=\"https:\/\/autolivraria.com.br\/bc\/wp-content\/uploads\/2013\/02\/BR-1985-Premio-CS-560x373.jpg 560w, https:\/\/autolivraria.com.br\/bc\/wp-content\/uploads\/2013\/02\/BR-1985-Premio-CS-470x313.jpg 470w, https:\/\/autolivraria.com.br\/bc\/wp-content\/uploads\/2013\/02\/BR-1985-Premio-CS-270x179.jpg 270w, https:\/\/autolivraria.com.br\/bc\/wp-content\/uploads\/2013\/02\/BR-1985-Premio-CS.jpg 1280w\" data-sizes=\"(max-width: 560px) 100vw, 560px\" src=\"data:image\/svg+xml;base64,PHN2ZyB3aWR0aD0iMSIgaGVpZ2h0PSIxIiB4bWxucz0iaHR0cDovL3d3dy53My5vcmcvMjAwMC9zdmciPjwvc3ZnPg==\" style=\"--smush-placeholder-width: 560px; --smush-placeholder-aspect-ratio: 560\/373;\" \/><\/a><\/p>\n<p style=\"text-align: center;\"><em>\u00a0<\/em><br \/>\n<em>Com amplo porta-malas e linhas mais harmoniosas que as do antecessor Oggi,<\/em><br \/>\n<em>o sed\u00e3 Pr\u00eamio vinha ampliar a fam\u00edlia Uno em 1985 trazendo o in\u00e9dito motor 1,5<\/em><\/p>\n<p>&nbsp;<\/p>\n<p>A produ\u00e7\u00e3o do Uno trazia um avan\u00e7o em rela\u00e7\u00e3o \u00e0 do 147: em vez de 470 opera\u00e7\u00f5es de prensa para construir a carroceria <a href=\"https:\/\/autolivraria.com.br\/bc\/glossario-m\/#mono\">monobloco<\/a>, agora eram apenas 270, o que significava tamb\u00e9m menos soldas, aumentando a resist\u00eancia do conjunto. A carroceria tinha garantia de quatro anos contra corros\u00e3o, ent\u00e3o a maior do mercado; outro avan\u00e7o era o intervalo de 15 mil quil\u00f4metros entre trocas de \u00f3leo com uso do lubrificante recomendado.<\/p>\n<p>As qualidades do novo carro foram apreciadas pela revista <em>Motor 3<\/em> em sua primeira avalia\u00e7\u00e3o: &#8220;Internamente, ergonomia e conforto. Para o motorista, a posi\u00e7\u00e3o mudou tremendamente \u2014 e para melhor. A velocidade m\u00e1xima foi muito ajudada por sua melhor aerodin\u00e2mica. Tamb\u00e9m em curvas o Uno bate com relativa facilidade o 147, um carro at\u00e9 aqui colocado entre os tr\u00eas mais est\u00e1veis de nosso mercado. E \u00e9 significativamente mais silencioso que o 147 ou o Oggi&#8221;, referindo-se ao sed\u00e3 derivado do 147.<\/p>\n<p>Em outubro chegava uma op\u00e7\u00e3o de apelo esportivo, a SX (Sport Experimental), identificada pelo para-choque dianteiro com defletor incorporado e far\u00f3is de longo alcance (que, pela posi\u00e7\u00e3o e pelo formato retangular, eram confundidos por muitos com unidades de neblina), calotas integrais e molduras em preto fosco nos arcos dos para-lamas. Por dentro trazia um painel completo, incluindo conta-giros e man\u00f4metro de \u00f3leo, e volante de quatro raios em vez de dois. O SX tinha o mesmo motor de 1,3 litro \u2014 n\u00e3o 1,5, como muitos acreditam \u2014, mas usava carburador de corpo duplo para obter pot\u00eancia de 71,4 cv (gasolina) ou 70 cv (\u00e1lcool), suficiente para 155 km\/h. O torque atingia 10,6 m.kgf.<\/p>\n<p>&nbsp;<\/p>\n<div class='one_third'>\n\t\t\t\t\t<a href=\"https:\/\/autolivraria.com.br\/bc\/wp-content\/uploads\/2013\/02\/BR-1985-Premio-S.jpg\"><img decoding=\"async\" class=\"aligncenter size-thumbnail wp-image-21707 lazyload\" title=\"Premio S\" data-src=\"https:\/\/autolivraria.com.br\/bc\/wp-content\/uploads\/2013\/02\/BR-1985-Premio-S-168x168.jpg\" alt=\"\" width=\"168\" height=\"168\" data-srcset=\"https:\/\/autolivraria.com.br\/bc\/wp-content\/uploads\/2013\/02\/BR-1985-Premio-S-168x168.jpg 168w, https:\/\/autolivraria.com.br\/bc\/wp-content\/uploads\/2013\/02\/BR-1985-Premio-S-100x100.jpg 100w\" data-sizes=\"(max-width: 168px) 100vw, 168px\" src=\"data:image\/svg+xml;base64,PHN2ZyB3aWR0aD0iMSIgaGVpZ2h0PSIxIiB4bWxucz0iaHR0cDovL3d3dy53My5vcmcvMjAwMC9zdmciPjwvc3ZnPg==\" style=\"--smush-placeholder-width: 168px; --smush-placeholder-aspect-ratio: 168\/168;\" \/><\/a>\n\t\t\t\t<\/div>\n<div class='one_third'>\n\t\t\t\t\t<a href=\"https:\/\/autolivraria.com.br\/bc\/wp-content\/uploads\/2013\/02\/BR-1985-Premio-CS-2.jpg\"><img decoding=\"async\" class=\"aligncenter size-thumbnail wp-image-21708 lazyload\" title=\"Premio CS\" data-src=\"https:\/\/autolivraria.com.br\/bc\/wp-content\/uploads\/2013\/02\/BR-1985-Premio-CS-2-168x168.jpg\" alt=\"\" width=\"168\" height=\"168\" data-srcset=\"https:\/\/autolivraria.com.br\/bc\/wp-content\/uploads\/2013\/02\/BR-1985-Premio-CS-2-168x168.jpg 168w, https:\/\/autolivraria.com.br\/bc\/wp-content\/uploads\/2013\/02\/BR-1985-Premio-CS-2-100x100.jpg 100w\" data-sizes=\"(max-width: 168px) 100vw, 168px\" src=\"data:image\/svg+xml;base64,PHN2ZyB3aWR0aD0iMSIgaGVpZ2h0PSIxIiB4bWxucz0iaHR0cDovL3d3dy53My5vcmcvMjAwMC9zdmciPjwvc3ZnPg==\" style=\"--smush-placeholder-width: 168px; --smush-placeholder-aspect-ratio: 168\/168;\" \/><\/a>\n\t\t\t\t<\/div>\n<div class='one_third last'>\n\t\t\t\t\t<a href=\"https:\/\/autolivraria.com.br\/bc\/wp-content\/uploads\/2013\/02\/BR-1986-Elba-CS.jpg\"><img decoding=\"async\" class=\"aligncenter size-thumbnail wp-image-21709 lazyload\" title=\"Elba CS\" data-src=\"https:\/\/autolivraria.com.br\/bc\/wp-content\/uploads\/2013\/02\/BR-1986-Elba-CS-168x168.jpg\" alt=\"\" width=\"168\" height=\"168\" data-srcset=\"https:\/\/autolivraria.com.br\/bc\/wp-content\/uploads\/2013\/02\/BR-1986-Elba-CS-168x168.jpg 168w, https:\/\/autolivraria.com.br\/bc\/wp-content\/uploads\/2013\/02\/BR-1986-Elba-CS-100x100.jpg 100w\" data-sizes=\"(max-width: 168px) 100vw, 168px\" src=\"data:image\/svg+xml;base64,PHN2ZyB3aWR0aD0iMSIgaGVpZ2h0PSIxIiB4bWxucz0iaHR0cDovL3d3dy53My5vcmcvMjAwMC9zdmciPjwvc3ZnPg==\" style=\"--smush-placeholder-width: 168px; --smush-placeholder-aspect-ratio: 168\/168;\" \/><\/a>\n\t\t\t\t<\/div><div class='clear'><\/div>\n<p style=\"text-align: center;\"><em>\u00a0<\/em><br \/>\n<em>O Pr\u00eamio oferecia as vers\u00f5es S e CS, esta com op\u00e7\u00e3o de computador de bordo,<\/em>\u00a0<em>o<br \/>\nprimeiro no Brasil; a perua Elba dava continuidade ao crescimento da linha<\/em><\/p>\n<p>&nbsp;<\/p>\n<p>A maior cilindrada viria apenas em abril de 1985 com o Pr\u00eamio, o tr\u00eas-volumes da linha, um campe\u00e3o de espa\u00e7o no porta-malas: 530 litros. Com ele a Fiat aposentava com apenas dois anos o <a href=\"https:\/\/www.autolivraria.com.br\/classicos\/147-1.htm\">Oggi<\/a>, derivado de pouco sucesso do 147. O motor de 1.498 cm\u00b3 era todo novo, produzido pela Sevel (associa\u00e7\u00e3o entre Fiat e Peugeot) na Argentina, e se caracterizava pelo curso dos pist\u00f5es reduzido, que propiciava grande suavidade de funcionamento e r\u00e1pida subida de rota\u00e7\u00e3o. A pot\u00eancia era apenas mediana, 71,4 cv com \u00e1lcool, mas havia mais torque que no Uno SX, 12,3 m.kgf. O 1,3-litro equipava a vers\u00e3o S, mais simples.<\/p>\n<p>&nbsp;<\/p>\n<blockquote><p>O esportivo 1.5R trazia novo padr\u00e3o de desempenho para o modelo em 1987; sua decora\u00e7\u00e3o inclu\u00eda tampa traseira em preto fosco e cintos de seguran\u00e7a vermelhos<\/p><\/blockquote>\n<p>&nbsp;<\/p>\n<p>Junto do Pr\u00eamio vinha o primeiro computador de bordo do Pa\u00eds, oferecido tamb\u00e9m no Uno e colocado no lugar do conta-giros como op\u00e7\u00e3o. E o crescimento da fam\u00edlia n\u00e3o demorou: j\u00e1 em mar\u00e7o de 1986 nascia a perua Elba, de linhas harmoniosas, para suceder \u00e0 desajeitada <a href=\"https:\/\/www.autolivraria.com.br\/classicos\/147-1.htm\">Panorama<\/a> e seu teto em dois n\u00edveis. Com as mesmas op\u00e7\u00f5es de motor do Pr\u00eamio, tinha Cx menor que o do pr\u00f3prio Uno, 0,34, e era tamb\u00e9m l\u00edder de espa\u00e7o para bagagem: nada menos que 610 litros at\u00e9 o topo do banco traseiro.<\/p>\n<p>Para facilitar o acesso ao porta-malas, a se\u00e7\u00e3o central do para-choque era integrada \u00e0 tampa, solu\u00e7\u00e3o criticada na \u00e9poca por submeter a pe\u00e7a a esfor\u00e7o adicional nos pequenos impactos em situa\u00e7\u00f5es como estacionamento. Com a perua vinham as primeiras rodas de alum\u00ednio usadas pela Fiat, com desenho que mais lembrava os de rodas comuns de a\u00e7o. No fim do ano toda a linha ganhava repetidores de luzes de dire\u00e7\u00e3o nos para-lamas, item de seguran\u00e7a que j\u00e1 equipara a fam\u00edlia Spazio\/Oggi\/Panorama. E o 147 deixava de ser produzido: o Uno havia cumprido sua miss\u00e3o de substituir o primeiro Fiat nacional.<\/p>\n<p>&nbsp;<\/p>\n<p><a href=\"https:\/\/autolivraria.com.br\/bc\/wp-content\/uploads\/2013\/02\/BR-1988-Uno-1-5R.jpg\"><img decoding=\"async\" class=\"aligncenter size-medium wp-image-21710 lazyload\" title=\"Uno 1.5R\" data-src=\"https:\/\/autolivraria.com.br\/bc\/wp-content\/uploads\/2013\/02\/BR-1988-Uno-1-5R-560x373.jpg\" alt=\"\" width=\"560\" height=\"373\" data-srcset=\"https:\/\/autolivraria.com.br\/bc\/wp-content\/uploads\/2013\/02\/BR-1988-Uno-1-5R-560x373.jpg 560w, https:\/\/autolivraria.com.br\/bc\/wp-content\/uploads\/2013\/02\/BR-1988-Uno-1-5R-470x313.jpg 470w, https:\/\/autolivraria.com.br\/bc\/wp-content\/uploads\/2013\/02\/BR-1988-Uno-1-5R-270x179.jpg 270w, https:\/\/autolivraria.com.br\/bc\/wp-content\/uploads\/2013\/02\/BR-1988-Uno-1-5R.jpg 1280w\" data-sizes=\"(max-width: 560px) 100vw, 560px\" src=\"data:image\/svg+xml;base64,PHN2ZyB3aWR0aD0iMSIgaGVpZ2h0PSIxIiB4bWxucz0iaHR0cDovL3d3dy53My5vcmcvMjAwMC9zdmciPjwvc3ZnPg==\" style=\"--smush-placeholder-width: 560px; --smush-placeholder-aspect-ratio: 560\/373;\" \/><\/a><\/p>\n<p style=\"text-align: center;\"><em>\u00a0<\/em><br \/>\n<em>Com o Uno 1.5R a Fiat levava a s\u00e9rio a proposta de pequeno esportivo, com<\/em><br \/>\n<em> 86 cv\u00a0no motor argentino; o da foto j\u00e1 tem as altera\u00e7\u00f5es visuais do modelo 1989<\/em><\/p>\n<p>&nbsp;<\/p>\n<h3>Tempero esportivo<\/h3>\n<p>Outra novidade da linha Uno para 1987 era bem mais picante: o esportivo 1.5R, sucessor do SX, que trazia novo padr\u00e3o de desempenho para o modelo. De fora era identificado pelas faixas laterais, rodas de 5,5 x 13 pol (1 pol mais largas que as do CS) com calotas que lembravam discos de telefone, defletor de teto e o detalhe \u00fanico da tampa traseira em preto fosco, qualquer que fosse a cor da carroceria. Por dentro, os cintos de seguran\u00e7a e uma faixa central dos bancos esportivos eram vermelhos, mantendo-se o painel e o volante do SX. Os cintos dessa cor, surgidos em 1983 com a s\u00e9rie limitada CSS do Oggi, se tornariam por longo tempo uma caracter\u00edstica do Fiats esportivos.<\/p>\n<p>&nbsp;<\/p>\n<div class='code-block code-block-7' style='margin: 28px auto; text-align: center; display: block; clear: both;'>\n<script async src=\"https:\/\/pagead2.googlesyndication.com\/pagead\/js\/adsbygoogle.js\"><\/script>\n<!-- AL-quadrado -->\n<ins class=\"adsbygoogle\"\n     style=\"display:block\"\n     data-ad-client=\"ca-pub-1914799802606213\"\n     data-ad-slot=\"5683066082\"\n     data-ad-format=\"auto\"\n     data-full-width-responsive=\"true\"><\/ins>\n<script>\n     (adsbygoogle = window.adsbygoogle || []).push({});\n<\/script><\/div>\n\n<p>&nbsp;<\/p>\n<p>O motor era o mesmo 1,5 a \u00e1lcool do Pr\u00eamio, mas com comando de v\u00e1lvulas mais &#8220;bravo&#8221;, taxa de compress\u00e3o mais alta e carburador de corpo duplo, que elevavam a pot\u00eancia de 71,4 cv para respeit\u00e1veis 86 cv, com torque de 12,9 m.kgf. Com freios dianteiros a disco ventilado e pneus Pirelli P6, de mesma medida (165\/70 R 13), mas com <a href=\"https:\/\/autolivraria.com.br\/bc\/glossario-c\/#codi\">c\u00f3digo de velocidade<\/a>\u00a0superior (H, para at\u00e9 210 km\/h), dirigir o 1.5R em estradinhas sinuosas era um prazer, desfrutando de not\u00e1vel estabilidade e de um desempenho que rivalizava bem com o <a href=\"https:\/\/www.autolivraria.com.br\/cpassado3\/ford-escort-brasil-1.htm\">Ford Escort XR3 1,6<\/a>.<\/p>\n<p>O confronto foi feito pela revista <em>Motor 3<\/em>, que apontou para o Fiat qualidades como desempenho, perfil aerodin\u00e2mico e revestimento interno, mas criticou a suspens\u00e3o dura e a ventila\u00e7\u00e3o interna. O 1.5R acelerou mais r\u00e1pido que o XR3, de 0 a 100 em 11,6 ante 12,3 segundos. &#8220;O motor \u00e9 muito el\u00e1stico e tem excelente torque. O Uno normal j\u00e1 tem uma \u00f3tima estabilidade. Agora, em trechos sinuosos o carro fica agarrado ao solo, sendo extremamente r\u00e1pido em curvas lentas e de m\u00e9dia velocidade. Por\u00e9m, em curvas de alta, uma disson\u00e2ncia das molas faz o carro perder ligeiramente a trajet\u00f3ria&#8221;, apontou a revista.<\/p>\n<p>&nbsp;<\/p>\n<div class='one_third'>\n\t\t\t\t\t<a href=\"https:\/\/autolivraria.com.br\/bc\/wp-content\/uploads\/2013\/02\/BR-1988-Uno-1-5R-2.jpg\"><img decoding=\"async\" class=\"aligncenter size-thumbnail wp-image-21711 lazyload\" title=\"Uno 1.5R\" data-src=\"https:\/\/autolivraria.com.br\/bc\/wp-content\/uploads\/2013\/02\/BR-1988-Uno-1-5R-2-168x168.jpg\" alt=\"\" width=\"168\" height=\"168\" data-srcset=\"https:\/\/autolivraria.com.br\/bc\/wp-content\/uploads\/2013\/02\/BR-1988-Uno-1-5R-2-168x168.jpg 168w, https:\/\/autolivraria.com.br\/bc\/wp-content\/uploads\/2013\/02\/BR-1988-Uno-1-5R-2-100x100.jpg 100w\" data-sizes=\"(max-width: 168px) 100vw, 168px\" src=\"data:image\/svg+xml;base64,PHN2ZyB3aWR0aD0iMSIgaGVpZ2h0PSIxIiB4bWxucz0iaHR0cDovL3d3dy53My5vcmcvMjAwMC9zdmciPjwvc3ZnPg==\" style=\"--smush-placeholder-width: 168px; --smush-placeholder-aspect-ratio: 168\/168;\" \/><\/a>\n\t\t\t\t<\/div>\n<div class='one_third'>\n\t\t\t\t\t<a href=\"https:\/\/autolivraria.com.br\/bc\/wp-content\/uploads\/2013\/02\/BR-1988-Uno-1-5R-3.jpg\"><img decoding=\"async\" class=\"aligncenter size-thumbnail wp-image-21712 lazyload\" title=\"Uno 1.5R\" data-src=\"https:\/\/autolivraria.com.br\/bc\/wp-content\/uploads\/2013\/02\/BR-1988-Uno-1-5R-3-168x168.jpg\" alt=\"\" width=\"168\" height=\"168\" data-srcset=\"https:\/\/autolivraria.com.br\/bc\/wp-content\/uploads\/2013\/02\/BR-1988-Uno-1-5R-3-168x168.jpg 168w, https:\/\/autolivraria.com.br\/bc\/wp-content\/uploads\/2013\/02\/BR-1988-Uno-1-5R-3-100x100.jpg 100w\" data-sizes=\"(max-width: 168px) 100vw, 168px\" src=\"data:image\/svg+xml;base64,PHN2ZyB3aWR0aD0iMSIgaGVpZ2h0PSIxIiB4bWxucz0iaHR0cDovL3d3dy53My5vcmcvMjAwMC9zdmciPjwvc3ZnPg==\" style=\"--smush-placeholder-width: 168px; --smush-placeholder-aspect-ratio: 168\/168;\" \/><\/a>\n\t\t\t\t<\/div>\n<div class='one_third last'>\n\t\t\t\t\t<a href=\"https:\/\/autolivraria.com.br\/bc\/wp-content\/uploads\/2013\/02\/BR-1987-Premio-CSL.jpg\"><img decoding=\"async\" class=\"aligncenter size-thumbnail wp-image-21713 lazyload\" title=\"Premio CSL\" data-src=\"https:\/\/autolivraria.com.br\/bc\/wp-content\/uploads\/2013\/02\/BR-1987-Premio-CSL-168x168.jpg\" alt=\"\" width=\"168\" height=\"168\" data-srcset=\"https:\/\/autolivraria.com.br\/bc\/wp-content\/uploads\/2013\/02\/BR-1987-Premio-CSL-168x168.jpg 168w, https:\/\/autolivraria.com.br\/bc\/wp-content\/uploads\/2013\/02\/BR-1987-Premio-CSL-100x100.jpg 100w\" data-sizes=\"(max-width: 168px) 100vw, 168px\" src=\"data:image\/svg+xml;base64,PHN2ZyB3aWR0aD0iMSIgaGVpZ2h0PSIxIiB4bWxucz0iaHR0cDovL3d3dy53My5vcmcvMjAwMC9zdmciPjwvc3ZnPg==\" style=\"--smush-placeholder-width: 168px; --smush-placeholder-aspect-ratio: 168\/168;\" \/><\/a>\n\t\t\t\t<\/div><div class='clear'><\/div>\n<p style=\"text-align: center;\"><em>\u00a0<\/em><br \/>\n<em>Preto fosco na tampa traseira e vermelho nos cintos de seguran\u00e7a, caracter\u00edsticas<\/em>\u00a0<em>da<br \/>\ndecora\u00e7\u00e3o do 1.5R; o Pr\u00eamio CSL tinha quatro portas como o Duna de exporta\u00e7\u00e3o<\/em><\/p>\n<p>&nbsp;<\/p>\n<p>Nessa \u00e9poca a Fiat iniciava a exporta\u00e7\u00e3o do Pr\u00eamio e da Elba para a It\u00e1lia, com o nome Duna (<em>leia boxe abaixo<\/em>), e os europeus, h\u00e1 muito habituados a uma conveni\u00eancia que alguns brasileiros ainda rejeitavam, exigiram quatro portas nos dois modelos. No in\u00edcio de 1987, ent\u00e3o, a Fiat lan\u00e7ava tamb\u00e9m no mercado interno essa op\u00e7\u00e3o ao sed\u00e3, na vers\u00e3o de luxo CSL e com as ma\u00e7anetas salientes que sempre equiparam o Uno cinco-portas italiano. O formato e a espessura das portas traseiras, por\u00e9m, impediam o uso de controle el\u00e9trico dos vidros e impunha a estes uma abertura pela metade.<\/p>\n<p>O modelo 1988 do CSL ganhava altera\u00e7\u00f5es no motor 1,5-litro argentino que o aproximavam ao do 1.5R, passando a 82 cv e 12,8 m.kgf, tanto a gasolina quanto a \u00e1lcool. A fam\u00edlia estava variada, mas n\u00e3o completa: faltavam os utilit\u00e1rios, vers\u00f5es ainda representadas pela picape City e o furg\u00e3o Fiorino da linha 147.<\/p>\n<table border=\"0\">\n<tbody>\n<tr>\n<td><a href='https:\/\/autolivraria.com.br\/bc\/informe-se\/passado\/fiat\/fiat-uno-a-grande-familia-e-seu-ultimo-rebento\/4\/' class='small-button smallsilver'>Pr\u00f3xima parte<\/a><\/td>\n<\/tr>\n<\/tbody>\n<\/table>\n<p>&nbsp;<\/p>\n<div class='et-box et-shadow'>\n\t\t\t\t\t<div class='et-box-content'><h2>Do Brasil para a It\u00e1lia<\/h2>\n<table id=\"table1\" border=\"0\" cellspacing=\"0\" cellpadding=\"0\">\n<tbody>\n<tr>\n<td width=\"170\" height=\"190\"><a href=\"https:\/\/autolivraria.com.br\/bc\/wp-content\/uploads\/2013\/02\/IT-Duna.jpg\"><img decoding=\"async\" class=\"alignnone  wp-image-21714 lazyload\" title=\"Duna\" data-src=\"https:\/\/autolivraria.com.br\/bc\/wp-content\/uploads\/2013\/02\/IT-Duna-168x168.jpg\" alt=\"\" width=\"151\" height=\"151\" data-srcset=\"https:\/\/autolivraria.com.br\/bc\/wp-content\/uploads\/2013\/02\/IT-Duna-168x168.jpg 168w, https:\/\/autolivraria.com.br\/bc\/wp-content\/uploads\/2013\/02\/IT-Duna-100x100.jpg 100w\" data-sizes=\"(max-width: 151px) 100vw, 151px\" src=\"data:image\/svg+xml;base64,PHN2ZyB3aWR0aD0iMSIgaGVpZ2h0PSIxIiB4bWxucz0iaHR0cDovL3d3dy53My5vcmcvMjAwMC9zdmciPjwvc3ZnPg==\" style=\"--smush-placeholder-width: 151px; --smush-placeholder-aspect-ratio: 151\/151;\" \/><\/a><\/td>\n<td width=\"170\" height=\"190\"><a href=\"https:\/\/autolivraria.com.br\/bc\/wp-content\/uploads\/2013\/02\/IT-Duna-Weekend.jpg\"><img decoding=\"async\" class=\"alignnone  wp-image-21715 lazyload\" title=\"Duna Weekend\" data-src=\"https:\/\/autolivraria.com.br\/bc\/wp-content\/uploads\/2013\/02\/IT-Duna-Weekend-168x168.jpg\" alt=\"\" width=\"151\" height=\"151\" data-srcset=\"https:\/\/autolivraria.com.br\/bc\/wp-content\/uploads\/2013\/02\/IT-Duna-Weekend-168x168.jpg 168w, https:\/\/autolivraria.com.br\/bc\/wp-content\/uploads\/2013\/02\/IT-Duna-Weekend-100x100.jpg 100w\" data-sizes=\"(max-width: 151px) 100vw, 151px\" src=\"data:image\/svg+xml;base64,PHN2ZyB3aWR0aD0iMSIgaGVpZ2h0PSIxIiB4bWxucz0iaHR0cDovL3d3dy53My5vcmcvMjAwMC9zdmciPjwvc3ZnPg==\" style=\"--smush-placeholder-width: 151px; --smush-placeholder-aspect-ratio: 151\/151;\" \/><\/a><\/td>\n<td width=\"170\" height=\"190\">\u00a0<a href=\"https:\/\/autolivraria.com.br\/bc\/wp-content\/uploads\/2013\/02\/IT-Innocenti-Mille.jpg\"><img decoding=\"async\" class=\"alignnone  wp-image-21716 lazyload\" title=\"Innocenti Mille\" data-src=\"https:\/\/autolivraria.com.br\/bc\/wp-content\/uploads\/2013\/02\/IT-Innocenti-Mille-168x168.jpg\" alt=\"\" width=\"151\" height=\"151\" data-srcset=\"https:\/\/autolivraria.com.br\/bc\/wp-content\/uploads\/2013\/02\/IT-Innocenti-Mille-168x168.jpg 168w, https:\/\/autolivraria.com.br\/bc\/wp-content\/uploads\/2013\/02\/IT-Innocenti-Mille-100x100.jpg 100w\" data-sizes=\"(max-width: 151px) 100vw, 151px\" src=\"data:image\/svg+xml;base64,PHN2ZyB3aWR0aD0iMSIgaGVpZ2h0PSIxIiB4bWxucz0iaHR0cDovL3d3dy53My5vcmcvMjAwMC9zdmciPjwvc3ZnPg==\" style=\"--smush-placeholder-width: 151px; --smush-placeholder-aspect-ratio: 151\/151;\" \/><\/a><\/td>\n<\/tr>\n<\/tbody>\n<\/table>\n<p>Pr\u00eamio e Elba foram exportados do Brasil para o mercado italiano de 1987 em diante com os nomes de Duna e Duna Weekend, na ordem. Usavam os motores de 1.116 e 1.301 cm\u00b3 a gasolina, al\u00e9m de um diesel de 1.697 cm\u00b3, e a perua j\u00e1 tinha cinco portas desde o in\u00edcio, tr\u00eas anos antes do lan\u00e7amento no Brasil. Uma vers\u00e3o comercial da Elba tamb\u00e9m foi vendida l\u00e1, como Fiat Penny, com tr\u00eas portas, bancos e vidros apenas na frente.<\/p>\n<p>Apenas a perua continuou em exporta\u00e7\u00e3o de 1991 a 1997, renomeada Innocenti (outra marca do grupo, dedicada a modelos de baixo custo) Elba, com motores 1,3, 1,5 com inje\u00e7\u00e3o e 1,7 diesel e a frente adotada no Brasil, diferente da usada no Uno italiano da \u00e9poca. A vers\u00e3o comercial era chamada agora de Elba Van. Mais tarde o 1,3 e o 1,5 deram lugar aos de 1,4 e 1,6 litro.<\/p>\n<p>O Uno brasileiro foi da mesma forma para a It\u00e1lia, onde fez sucesso pela suspens\u00e3o robusta e a praticidade do estepe junto ao motor. Seguiu de 1994 a 1997 como Innocenti Mille, com motor de 1,0 litro a gasolina e tr\u00eas ou cinco portas. Depois disso, o nome foi usado na vers\u00e3o polonesa, que seguia o desenho e a suspens\u00e3o traseira do italiano.<\/p><\/div><\/div>\n<p>&nbsp;<\/p>\n<table border=\"0\">\n<tbody>\n<tr>\n<td><a href='https:\/\/autolivraria.com.br\/bc\/informe-se\/passado\/fiat\/fiat-uno-a-grande-familia-e-seu-ultimo-rebento\/4\/' class='small-button smallsilver'>Pr\u00f3xima parte<\/a><\/td>\n<\/tr>\n<\/tbody>\n<\/table>\n<p>&nbsp;<\/p>\n<p><!--nextpage--><\/p>\n<p>&nbsp;<\/p>\n<p><a href=\"https:\/\/autolivraria.com.br\/bc\/wp-content\/uploads\/2013\/02\/BR-1988-Fiorino-Pickup-1300.jpg\"><img decoding=\"async\" class=\"aligncenter size-medium wp-image-21717 lazyload\" title=\"Fiorino Pickup\" data-src=\"https:\/\/autolivraria.com.br\/bc\/wp-content\/uploads\/2013\/02\/BR-1988-Fiorino-Pickup-1300-560x373.jpg\" alt=\"\" width=\"560\" height=\"373\" data-srcset=\"https:\/\/autolivraria.com.br\/bc\/wp-content\/uploads\/2013\/02\/BR-1988-Fiorino-Pickup-1300-560x373.jpg 560w, https:\/\/autolivraria.com.br\/bc\/wp-content\/uploads\/2013\/02\/BR-1988-Fiorino-Pickup-1300-470x313.jpg 470w, https:\/\/autolivraria.com.br\/bc\/wp-content\/uploads\/2013\/02\/BR-1988-Fiorino-Pickup-1300-270x179.jpg 270w, https:\/\/autolivraria.com.br\/bc\/wp-content\/uploads\/2013\/02\/BR-1988-Fiorino-Pickup-1300.jpg 1280w\" data-sizes=\"(max-width: 560px) 100vw, 560px\" src=\"data:image\/svg+xml;base64,PHN2ZyB3aWR0aD0iMSIgaGVpZ2h0PSIxIiB4bWxucz0iaHR0cDovL3d3dy53My5vcmcvMjAwMC9zdmciPjwvc3ZnPg==\" style=\"--smush-placeholder-width: 560px; --smush-placeholder-aspect-ratio: 560\/373;\" \/><\/a><\/p>\n<p style=\"text-align: center;\"><em>\u00a0<\/em><br \/>\n<em>Mesmo com acabamento espartano e motor de 1,3 litro, a picape Fiorino<\/em><br \/>\n<em>representava grande avan\u00e7o sobre a City do 147; o furg\u00e3o tamb\u00e9m era renovado\u00a0<\/em><\/p>\n<p>&nbsp;<\/p>\n<p>Em agosto daquele ano chegavam os novos Fiorinos Furg\u00e3o e Pickup, ainda com o conhecido motor 1,3 e a mesma suspens\u00e3o traseira do Uno, embora refor\u00e7ada para maior capacidade de carga. A picape podia levar at\u00e9 967 litros na ca\u00e7amba (at\u00e9 as bordas) e carregar 620 kg, enquanto o furg\u00e3o tinha capacidade volum\u00e9trica de 2.700 litros e em peso de 540 kg. Vinha ainda o Uno Furg\u00e3o, em que o hatch de 1,3 litro perdia o banco e os vidros da parte traseira para obter um volume \u00fatil de carga de 1.300 litros, sem perder suas caracter\u00edsticas de economia e facilidade de estacionamento.<\/p>\n<p>Acabamento e conforto foram os alvos de melhoria na linha Uno 1989. As vers\u00f5es mais luxuosas ganhavam um painel mais tradicional \u2014 sem os &#8220;sat\u00e9lites&#8221; e o cinzeiro m\u00f3vel \u2014, mas um tanto baixo e por isso estranho. Surgia a Elba CSL, com pintura nas laterais inferiores em grafite, revestimento aveludado nos bancos, encostos de cabe\u00e7a vazados (tamb\u00e9m aplicados ao Pr\u00eamio) e barras de teto, mas ainda dotada de apenas tr\u00eas portas. O Uno 1.5R ganhava novo grafismo nas laterais, amortecedores pressurizados e rodas de alum\u00ednio. O Pr\u00eamio CS recebia o motor 1,5 de 82 cv.<\/p>\n<p>Em toda a linha, a suspens\u00e3o tinha a geometria revista para menor desgaste dos pneus; os retrovisores estavam mais amplos, sanando outra defici\u00eancia da linha; e os bancos dianteiros ganhavam rebatimento mais leve e pr\u00e1tico \u2014 a Fiat havia optado desde o in\u00edcio por assentos que se erguiam e corriam para a frente para dar acesso ao banco traseiro, o que demandava esfor\u00e7o para a tarefa.<\/p>\n<p>&nbsp;<\/p>\n<div class='one_half'>\n\t\t\t\t\t<a href=\"https:\/\/autolivraria.com.br\/bc\/wp-content\/uploads\/2013\/02\/BR-1989-Elba-CSL-2.jpg\"><img decoding=\"async\" class=\"aligncenter size-meia-largura-post wp-image-21718 lazyload\" title=\"Elba CSL\" data-src=\"https:\/\/autolivraria.com.br\/bc\/wp-content\/uploads\/2013\/02\/BR-1989-Elba-CSL-2-270x179.jpg\" alt=\"\" width=\"270\" height=\"179\" data-srcset=\"https:\/\/autolivraria.com.br\/bc\/wp-content\/uploads\/2013\/02\/BR-1989-Elba-CSL-2-270x179.jpg 270w, https:\/\/autolivraria.com.br\/bc\/wp-content\/uploads\/2013\/02\/BR-1989-Elba-CSL-2-560x373.jpg 560w, https:\/\/autolivraria.com.br\/bc\/wp-content\/uploads\/2013\/02\/BR-1989-Elba-CSL-2-470x313.jpg 470w, https:\/\/autolivraria.com.br\/bc\/wp-content\/uploads\/2013\/02\/BR-1989-Elba-CSL-2.jpg 1280w\" data-sizes=\"(max-width: 270px) 100vw, 270px\" src=\"data:image\/svg+xml;base64,PHN2ZyB3aWR0aD0iMSIgaGVpZ2h0PSIxIiB4bWxucz0iaHR0cDovL3d3dy53My5vcmcvMjAwMC9zdmciPjwvc3ZnPg==\" style=\"--smush-placeholder-width: 270px; --smush-placeholder-aspect-ratio: 270\/179;\" \/><\/a>\n\t\t\t\t<\/div>\n<div class='one_half last'>\n\t\t\t\t\t<a href=\"https:\/\/autolivraria.com.br\/bc\/wp-content\/uploads\/2013\/02\/BR-1989-Fiorino-Furgao-1500.jpg\"><img decoding=\"async\" class=\"aligncenter size-meia-largura-post wp-image-21719 lazyload\" title=\"Fiorino Furg\u00e3o\" data-src=\"https:\/\/autolivraria.com.br\/bc\/wp-content\/uploads\/2013\/02\/BR-1989-Fiorino-Furgao-1500-270x179.jpg\" alt=\"\" width=\"270\" height=\"179\" data-srcset=\"https:\/\/autolivraria.com.br\/bc\/wp-content\/uploads\/2013\/02\/BR-1989-Fiorino-Furgao-1500-270x179.jpg 270w, https:\/\/autolivraria.com.br\/bc\/wp-content\/uploads\/2013\/02\/BR-1989-Fiorino-Furgao-1500-560x373.jpg 560w, https:\/\/autolivraria.com.br\/bc\/wp-content\/uploads\/2013\/02\/BR-1989-Fiorino-Furgao-1500-470x313.jpg 470w, https:\/\/autolivraria.com.br\/bc\/wp-content\/uploads\/2013\/02\/BR-1989-Fiorino-Furgao-1500.jpg 1280w\" data-sizes=\"(max-width: 270px) 100vw, 270px\" src=\"data:image\/svg+xml;base64,PHN2ZyB3aWR0aD0iMSIgaGVpZ2h0PSIxIiB4bWxucz0iaHR0cDovL3d3dy53My5vcmcvMjAwMC9zdmciPjwvc3ZnPg==\" style=\"--smush-placeholder-width: 270px; --smush-placeholder-aspect-ratio: 270\/179;\" \/><\/a>\n\t\t\t\t<\/div><div class='clear'><\/div>\n<p style=\"text-align: center;\"><em>\u00a0<\/em><br \/>\n<em>A Elba CSL aparecia em 1989 com novo painel e detalhes est\u00e9ticos, mas ainda<\/em><br \/>\n<em>sem as cinco portas; nos utilit\u00e1rios, um motor in\u00e9dito de 1,5 litro da s\u00e9rie Fiasa\u00a0<\/em><\/p>\n<p>&nbsp;<\/p>\n<p>Os pedidos de maior torque para a picape eram atendidos: a partir do motor 1,3 brasileiro era desenvolvido outro 1,5-litro, o E-201, que ficaria conhecido como Fiasa (de Fiat Autom\u00f3veis S.A.) para se diferenciar do Sevel argentino. Mantendo o di\u00e2metro de cilindros do 1,05 e do 1,3, o novo propulsor adotava curso longo de pist\u00f5es, ideal para obter mais torque em regimes baixos: 12,9 m.kgf a 2.750 rpm \u2014 a pot\u00eancia era de 71,4 cv. Mas seu limite de giros chegava cedo e o n\u00edvel de vibra\u00e7\u00e3o e aspereza era bem maior que o do Sevel do Pr\u00eamio. O Fiasa 1,5 estreou em uma vers\u00e3o de topo da picape Fiorino, a LX, que trazia acabamento e painel superiores e far\u00f3is de longo alcance; mais tarde seria estendido a todos os utilit\u00e1rios.<\/p>\n<p>&nbsp;<\/p>\n<blockquote><p>Em apenas 60 dias a Fiat respondia \u00e0 redu\u00e7\u00e3o tribut\u00e1ria com o Uno Mille,\u00a0precursor do segmento de carros 1,0-litro que mais tarde representaria mais de 70% do mercado<\/p><\/blockquote>\n<p>&nbsp;<\/p>\n<h3>O pioneiro dos 1,0-litro<\/h3>\n<p>A linha Uno come\u00e7ava a d\u00e9cada de 1990 com novo ganho em cilindrada: o motor Sevel passava a 1,6 litro, com a pot\u00eancia crescendo para 84 cv a gasolina e 88 cv a \u00e1lcool (torque de 13,7 m.kgf). O esportivo, agora chamado de 1.6R, tinha o motor padronizado com o do Pr\u00eamio e havia outra boa novidade: a Elba de cinco portas, como a de exporta\u00e7\u00e3o. Embora fosse produzida em Betim desde 1986, s\u00f3 agora a Fiat considerava vi\u00e1vel oferec\u00ea-la no mercado interno.<\/p>\n<p>No mesmo ano, em agosto, nascia o pioneiro do segmento 1,0-litro, classe de cilindrada que mais tarde representaria mais de 70% do mercado: o Uno Mille (o n\u00famero mil em italiano), com uma vers\u00e3o de 994,4 cm\u00b3 do conhecido motor Fiasa. Em apenas 60 dias a Fiat respondia \u00e0 redu\u00e7\u00e3o tribut\u00e1ria efetuada pelo ent\u00e3o presidente Fernando Collor e pela ministra da Economia Z\u00e9lia Cardoso de Mello. Modelos de 800 a 1.000 cm\u00b3 passavam a recolher Imposto sobre Produtos Industrializados (IPI) com al\u00edquota de 20%, metade do praticado at\u00e9 ent\u00e3o.<\/p>\n<p>&nbsp;<\/p>\n<p><a href=\"https:\/\/autolivraria.com.br\/bc\/wp-content\/uploads\/2013\/02\/BR-1991-Uno-Mille.jpg\"><img decoding=\"async\" class=\"aligncenter size-medium wp-image-21720 lazyload\" title=\"Uno Mille\" data-src=\"https:\/\/autolivraria.com.br\/bc\/wp-content\/uploads\/2013\/02\/BR-1991-Uno-Mille-560x373.jpg\" alt=\"\" width=\"560\" height=\"373\" src=\"data:image\/svg+xml;base64,PHN2ZyB3aWR0aD0iMSIgaGVpZ2h0PSIxIiB4bWxucz0iaHR0cDovL3d3dy53My5vcmcvMjAwMC9zdmciPjwvc3ZnPg==\" style=\"--smush-placeholder-width: 560px; --smush-placeholder-aspect-ratio: 560\/373;\" \/><\/a><\/p>\n<p style=\"text-align: center;\"><em>\u00a0<\/em><br \/>\n<em>A redu\u00e7\u00e3o de imposto levou ao lan\u00e7amento do Uno Mille, 18 meses antes que a<\/em><br \/>\n<em>concorr\u00eancia pudesse responder; o motor de 994 cm\u00b3 fornecia apenas 48 cv<\/em><\/p>\n<p>&nbsp;<\/p>\n<p>Com menor curso de pist\u00f5es, a pot\u00eancia ca\u00eda de 52 cv (do 1,05-litro) para 48 cv e o torque era de modestos 7,4 m.kgf, mas a rapidez com que subia de giros e a suavidade de funcionamento davam-lhe agilidade. Podia acelerar at\u00e9 100 km\/h em 21 segundos e atingir 135 km\/h. O Mille era bastante despojado: os bancos tinham revestimento parcial em curvim, faltavam o marcador de temperatura e os difusores de ar laterais no painel. Bancos reclin\u00e1veis com encostos de cabe\u00e7a, lavador el\u00e9trico do para-brisa, servofreio, far\u00f3is com l\u00e2mpadas hal\u00f3genas, c\u00e2mbio de cinco marchas, retrovisor externo direito e interno dia\/noite eram opcionais.<\/p>\n<p>&nbsp;<\/p>\n<div class='code-block code-block-7' style='margin: 28px auto; text-align: center; display: block; clear: both;'>\n<br>\n<div align=\"center\">\n<a target=\"_blank\" href=\"https:\/\/bestcars.com.br\/bc\/\">\n<img decoding=\"async\" data-src=\"https:\/\/bestcars.com.br\/bc\/wp-content\/uploads\/2021\/07\/Auto-Livraria-450x300-quadros.jpg\" alt=\"Auto Livraria\" src=\"data:image\/svg+xml;base64,PHN2ZyB3aWR0aD0iMSIgaGVpZ2h0PSIxIiB4bWxucz0iaHR0cDovL3d3dy53My5vcmcvMjAwMC9zdmciPjwvc3ZnPg==\" class=\"lazyload\"><\/a>\n<\/div>\n<br><\/div>\n\n<p>&nbsp;<\/p>\n<p>Perdiam-se tamb\u00e9m os repetidores de luzes de dire\u00e7\u00e3o nos para-lamas, que as outras vers\u00f5es deixariam de ter em 1992. Sua suspens\u00e3o dianteira trazia um aprimoramento comum a toda a linha 1991: dois tensores que faziam a tarefa de manter a posi\u00e7\u00e3o das rodas em acelera\u00e7\u00f5es, antes um encargo do estabilizador. At\u00e9 ent\u00e3o, ao sair forte com um Uno, as rodas assumiram posi\u00e7\u00f5es indesejadas, o que prejudicava a transmiss\u00e3o de pot\u00eancia. A concorr\u00eancia s\u00f3 daria as primeiras respostas ao Mille \u2014 o <a href=\"https:\/\/www.autolivraria.com.br\/classicos\/chevette-1.htm\">Chevrolet Chevette Junior<\/a> e o <a href=\"https:\/\/www.autolivraria.com.br\/cpassado3\/vw-gol-voyage-parati-saveiro-1.htm\">VW Gol 1000<\/a> com motor AE \u2014 um ano e meio depois.<\/p>\n<p>Mas a vers\u00e3o 1,0-litro ficou sem a outra novidade dos modelos superiores: uma frente com far\u00f3is e grade de perfil baixo e uma faixa entre estes e o para-choque. Ao contr\u00e1rio do modelo 1990 italiano, o nacional conservava o cap\u00f4 antigo e o estepe junto ao motor, sem que o resultado est\u00e9tico fosse comprometido. Os Unos CS e 1.6R passavam a oferecer barras de teto e, no \u00faltimo, teto solar com deslocamento externo e comando manual. No ano seguinte surgia a Elba Weekend com motor Fiasa 1,5 e cinco portas.<\/p>\n<p>&nbsp;<\/p>\n<div class='one_third'>\n\t\t\t\t\t<a href=\"https:\/\/autolivraria.com.br\/bc\/wp-content\/uploads\/2013\/02\/BR-1992-Premio-CSL.jpg\"><img decoding=\"async\" class=\"aligncenter size-thumbnail wp-image-21721 lazyload\" title=\"Premio CSL\" data-src=\"https:\/\/autolivraria.com.br\/bc\/wp-content\/uploads\/2013\/02\/BR-1992-Premio-CSL-168x168.jpg\" alt=\"\" width=\"168\" height=\"168\" data-srcset=\"https:\/\/autolivraria.com.br\/bc\/wp-content\/uploads\/2013\/02\/BR-1992-Premio-CSL-168x168.jpg 168w, https:\/\/autolivraria.com.br\/bc\/wp-content\/uploads\/2013\/02\/BR-1992-Premio-CSL-100x100.jpg 100w\" data-sizes=\"(max-width: 168px) 100vw, 168px\" src=\"data:image\/svg+xml;base64,PHN2ZyB3aWR0aD0iMSIgaGVpZ2h0PSIxIiB4bWxucz0iaHR0cDovL3d3dy53My5vcmcvMjAwMC9zdmciPjwvc3ZnPg==\" style=\"--smush-placeholder-width: 168px; --smush-placeholder-aspect-ratio: 168\/168;\" \/><\/a>\n\t\t\t\t<\/div>\n<div class='one_third'>\n\t\t\t\t\t<a href=\"https:\/\/autolivraria.com.br\/bc\/wp-content\/uploads\/2013\/02\/BR-1992-Elba-Weekend.jpg\"><img decoding=\"async\" class=\"aligncenter size-thumbnail wp-image-21722 lazyload\" title=\"Elba Weekend\" data-src=\"https:\/\/autolivraria.com.br\/bc\/wp-content\/uploads\/2013\/02\/BR-1992-Elba-Weekend-168x168.jpg\" alt=\"\" width=\"168\" height=\"168\" data-srcset=\"https:\/\/autolivraria.com.br\/bc\/wp-content\/uploads\/2013\/02\/BR-1992-Elba-Weekend-168x168.jpg 168w, https:\/\/autolivraria.com.br\/bc\/wp-content\/uploads\/2013\/02\/BR-1992-Elba-Weekend-100x100.jpg 100w\" data-sizes=\"(max-width: 168px) 100vw, 168px\" src=\"data:image\/svg+xml;base64,PHN2ZyB3aWR0aD0iMSIgaGVpZ2h0PSIxIiB4bWxucz0iaHR0cDovL3d3dy53My5vcmcvMjAwMC9zdmciPjwvc3ZnPg==\" style=\"--smush-placeholder-width: 168px; --smush-placeholder-aspect-ratio: 168\/168;\" \/><\/a>\n\t\t\t\t<\/div>\n<div class='one_third last'>\n\t\t\t\t\t<a href=\"https:\/\/autolivraria.com.br\/bc\/wp-content\/uploads\/2013\/02\/BR-1992-Premio-SL.jpg\"><img decoding=\"async\" class=\"aligncenter size-thumbnail wp-image-21723 lazyload\" title=\"Premio SL\" data-src=\"https:\/\/autolivraria.com.br\/bc\/wp-content\/uploads\/2013\/02\/BR-1992-Premio-SL-168x168.jpg\" alt=\"\" width=\"168\" height=\"168\" data-srcset=\"https:\/\/autolivraria.com.br\/bc\/wp-content\/uploads\/2013\/02\/BR-1992-Premio-SL-168x168.jpg 168w, https:\/\/autolivraria.com.br\/bc\/wp-content\/uploads\/2013\/02\/BR-1992-Premio-SL-100x100.jpg 100w\" data-sizes=\"(max-width: 168px) 100vw, 168px\" src=\"data:image\/svg+xml;base64,PHN2ZyB3aWR0aD0iMSIgaGVpZ2h0PSIxIiB4bWxucz0iaHR0cDovL3d3dy53My5vcmcvMjAwMC9zdmciPjwvc3ZnPg==\" style=\"--smush-placeholder-width: 168px; --smush-placeholder-aspect-ratio: 168\/168;\" \/><\/a>\n\t\t\t\t<\/div><div class='clear'><\/div>\n<p style=\"text-align: center;\"><em>\u00a0<\/em><br \/>\n<em>Grade e far\u00f3is mais baixos atualizavam o estilo para 1991, quando chegava a Elba<\/em><br \/>\n<em>Weekend com o Fiasa 1,5; no ano seguinte, inje\u00e7\u00e3o monoponto para esse motor<\/em><\/p>\n<p>&nbsp;<\/p>\n<p>A picape LX, que j\u00e1 havia recebido o motor Sevel 1,6 no ano anterior, tornava-se LX HD (Heavy Duty, servi\u00e7o pesado) e ganhava estrutura de ca\u00e7amba (&#8220;santant\u00f4nio&#8221;) com far\u00f3is de longo alcance, perdendo os do para-choque. Mas as normas de controle de emiss\u00f5es mais rigorosas, vigentes de 1992 em diante, exigiram catalisador em v\u00e1rios modelos, o que reduziu sua pot\u00eancia. Foi o caso do Mille, agora com 47 cv e 7,1 m.kgf. A Fiat tratou ent\u00e3o de compensar a perda com o uso do Fiasa 1,5 no Uno S e CS, de in\u00edcio com carburador e 61 cv, e meses depois com inje\u00e7\u00e3o eletr\u00f4nica monoponto e igni\u00e7\u00e3o digitais integradas. O aprimoramento resultou em 73 cv\/13,3 m.kgf com \u00e1lcool e 67,3 cv\/12 m.kgf com gasolina, al\u00e9m de dispensar o catalisador e o afogador.<\/p>\n<p>A mesma solu\u00e7\u00e3o podia ser aplicada ao Mille, mas o custo seria proibitivo para uma vers\u00e3o de entrada, focada no baixo custo. A Fiat saiu-se com uma grande cartada: empregou apenas a igni\u00e7\u00e3o digital, que permitia alta taxa de compress\u00e3o, e carburador de corpo duplo, como no extinto Brio. O resultado foi o Mille Electronic, lan\u00e7ado em novembro de 1992, que superava facilmente os advers\u00e1rios Gol 1000 e Chevette Junior em pot\u00eancia (56,1 cv), torque (8,2 m.kgf), velocidade m\u00e1xima e acelera\u00e7\u00e3o. Era o 1,0-litro mais r\u00e1pido do mundo \u00e0 \u00e9poca.<\/p>\n<table border=\"0\">\n<tbody>\n<tr>\n<td><a href='https:\/\/autolivraria.com.br\/bc\/informe-se\/passado\/fiat\/fiat-uno-a-grande-familia-e-seu-ultimo-rebento\/5\/' class='small-button smallsilver'>Pr\u00f3xima parte<\/a><\/td>\n<\/tr>\n<\/tbody>\n<\/table>\n<p>&nbsp;<\/p>\n<div class='et-box et-shadow'>\n\t\t\t\t\t<div class='et-box-content'><h2>Nas pistas<\/h2>\n<p><img decoding=\"async\" class=\"alignright size-meia-largura-post wp-image-21724 lazyload\" style=\"--smush-placeholder-width: 270px; --smush-placeholder-aspect-ratio: 270\/177;margin-top: 15px; margin-bottom: 15px;\" title=\"Formula Uno - Foto: Bauermann Racing\" data-src=\"https:\/\/autolivraria.com.br\/bc\/wp-content\/uploads\/2013\/02\/Formula-Uno-270x177.jpg\" alt=\"\" width=\"270\" height=\"177\" data-srcset=\"https:\/\/autolivraria.com.br\/bc\/wp-content\/uploads\/2013\/02\/Formula-Uno-270x177.jpg 270w, https:\/\/autolivraria.com.br\/bc\/wp-content\/uploads\/2013\/02\/Formula-Uno.jpg 355w\" data-sizes=\"(max-width: 270px) 100vw, 270px\" src=\"data:image\/svg+xml;base64,PHN2ZyB3aWR0aD0iMSIgaGVpZ2h0PSIxIiB4bWxucz0iaHR0cDovL3d3dy53My5vcmcvMjAwMC9zdmciPjwvc3ZnPg==\" \/>Na It\u00e1lia o Uno participou de ralis e campeonatos monomarca. No Brasil, com a experi\u00eancia adquirida com o 147, n\u00e3o foi dif\u00edcil colocar o Uno para correr. A estreia se deu no Campeonato Brasileiro de Marcas de 1985, ano em que entrava em vigor o novo regulamento limitando os motores a 1,3 litro. Os carros das quatro grandes nacionais estariam mais equilibrados e competitivos, pois a Fiat n\u00e3o tinha motor 1,6 como as demais.<\/p>\n<p>A \u00f3tima estabilidade e boa aerodin\u00e2mica do Uno contribu\u00edram para o desempenho nas pistas. As diferen\u00e7as para o carro de rua passavam pela suspens\u00e3o mais baixa e firme e o motor preparado, que atingia 118 cv a 5.800 rpm. Por dentro recebia estrutura de prote\u00e7\u00e3o (&#8220;santant\u00f4nio&#8221;) e um painel simples em forma de caixa, com conta-giros, term\u00f4metro e man\u00f4metro de \u00f3leo. S\u00f3 havia banco, em formato concha, para o piloto.<\/p>\n<p>No primeiro ano, correndo pelas equipes Bandeirantes e Sultan e ainda n\u00e3o muito acertado, o carro ganhou apenas uma prova. Em 1986 venceu a 7\u00aa. e a 8\u00aa. etapas da Copa Shell de Marcas. O destaque foi a 500 Quil\u00f4metros de Tarum\u00e3, no Rio Grande do Sul: o Uno fez o melhor tempo para a largada, a melhor volta e chegou bem \u00e0 frente dos concorrentes.<\/p>\n<p>No ano seguinte a era turbo come\u00e7ava no campeonato. A prova inicial, preliminar do GP Brasil de F\u00f3rmula 1, em Jacarepagu\u00e1, Rio de Janeiro, foi vencida facilmente pela dupla Atila Sipos\/Silvio Zambello com o Uno turbo da equipe Milano\/Larus. Em segundo, Clemente Faria\/Vinicius Pimentel da equipe Bandeirante\/Localiza, com o mesmo modelo. Em 1988 o Uno venceu a Duas Horas de Jacarepagu\u00e1, nas m\u00e3os de Chico Serra, e obteve o segundo lugar no campeonato, atr\u00e1s da VW, na Copa Shell de Marcas e Pilotos.<\/p>\n<p>O Uno entusiasmou nas pistas tamb\u00e9m em uma categoria monomarca de custo relativamente baixo: a F\u00f3rmula Uno \u2014 nome inadequado por n\u00e3o se tratar de monopostos de f\u00f3rmula, mas escolhido certamente para lembrar a F\u00f3rmula 1. Iniciada em 1992, a categoria usava o Uno 1.6R, ainda com carburador, com uma prepara\u00e7\u00e3o b\u00e1sica e id\u00eantica para todos os concorrentes, feita pela Greco Competi\u00e7\u00f5es.<\/p>\n<p>Os motores, de 105 cv, eram sorteados a cada prova para compensar as desigualdades de rendimento de uma produ\u00e7\u00e3o em s\u00e9rie. Os pneus de rua, medida 175\/70 R 13, &#8220;ralavam&#8221; nas curvas com a geometria de suspens\u00e3o adotada, com cambagem dianteira negativa (rodas mais afastadas no ponto de contato com o solo) e traseira positiva, propiciando &#8220;traseiradas&#8221; para contorno de curvas fechadas.<\/p>\n<p>Equil\u00edbrio era mesmo o ponto alto da F-Uno: em 1992 houve 20 carros dentro do mesmo segundo na forma\u00e7\u00e3o do grid de largada, de 31 ve\u00edculos. Ingo Hoffmann faturou o t\u00edtulo daquele ano por antecipa\u00e7\u00e3o. Na temporada seguinte era introduzida a inje\u00e7\u00e3o multiponto Weber-Marelli, mantendo-se os 105 cv, e a suspens\u00e3o era endurecida e rebaixada. Logo depois o campeonato se subdividia em categorias Turbo e Aspirado (<em>na foto, o Uno Turbo de Aroldo Bauermann<\/em>). Pilotos como Chico Serra, Ingo Hoffmann e Paulo Gomes pilotaram na categoria, que tinha custo bastante acess\u00edvel.<\/p>\n<p>Com a chegada do Palio \u00e0s pistas, em 1997, a F\u00f3rmula Fiat de Turismo passava a ser disputada em tr\u00eas categorias: Palio A, Palio B e Uno. O esquema foi mantido no ano seguinte, com a inclus\u00e3o de uma categoria feminina especial, correndo de Uno.<\/p>\n<p><em>Colaboraram Fulvio Oriola e Francis Castaings<\/em><\/p><\/div><\/div>\n<p>&nbsp;<\/p>\n<table border=\"0\">\n<tbody>\n<tr>\n<td><a href='https:\/\/autolivraria.com.br\/bc\/informe-se\/passado\/fiat\/fiat-uno-a-grande-familia-e-seu-ultimo-rebento\/5\/' class='small-button smallsilver'>Pr\u00f3xima parte<\/a><\/td>\n<\/tr>\n<\/tbody>\n<\/table>\n<p>&nbsp;<\/p>\n<p><!--nextpage--><\/p>\n<p>&nbsp;<\/p>\n<p><a href=\"https:\/\/autolivraria.com.br\/bc\/wp-content\/uploads\/2013\/02\/BR-1992-Uno-1-6R-2.jpg\"><img decoding=\"async\" class=\"aligncenter size-medium wp-image-21725 lazyload\" title=\"Uno 1.6R\" data-src=\"https:\/\/autolivraria.com.br\/bc\/wp-content\/uploads\/2013\/02\/BR-1992-Uno-1-6R-2-560x373.jpg\" alt=\"\" width=\"560\" height=\"373\" data-srcset=\"https:\/\/autolivraria.com.br\/bc\/wp-content\/uploads\/2013\/02\/BR-1992-Uno-1-6R-2-560x373.jpg 560w, https:\/\/autolivraria.com.br\/bc\/wp-content\/uploads\/2013\/02\/BR-1992-Uno-1-6R-2-470x313.jpg 470w, https:\/\/autolivraria.com.br\/bc\/wp-content\/uploads\/2013\/02\/BR-1992-Uno-1-6R-2-270x179.jpg 270w, https:\/\/autolivraria.com.br\/bc\/wp-content\/uploads\/2013\/02\/BR-1992-Uno-1-6R-2.jpg 1280w\" data-sizes=\"(max-width: 560px) 100vw, 560px\" src=\"data:image\/svg+xml;base64,PHN2ZyB3aWR0aD0iMSIgaGVpZ2h0PSIxIiB4bWxucz0iaHR0cDovL3d3dy53My5vcmcvMjAwMC9zdmciPjwvc3ZnPg==\" style=\"--smush-placeholder-width: 560px; --smush-placeholder-aspect-ratio: 560\/373;\" \/><\/a><\/p>\n<p style=\"text-align: center;\"><em>\u00a0<\/em><br \/>\n<em>O Uno 1.6R recebia as mesmas altera\u00e7\u00f5es na frente e na suspens\u00e3o, mas continuava a<\/em><br \/>\n<em>usar carburador no motor de 1,6 litro; a inje\u00e7\u00e3o viria apenas em 1993 na vers\u00e3o mpi<\/em><\/p>\n<p>&nbsp;<\/p>\n<p>Novidade que agradou ao experiente jornalista Jos\u00e9 Luiz Vieira, na revista\u00a0<em>Autoesporte,<\/em> em comparativo ao Mille b\u00e1sico e ao Gol 1000: &#8220;O motor ganha em pot\u00eancia e torque, mant\u00e9m seu consumo dentro de n\u00edveis bastante aceit\u00e1veis e n\u00e3o precisa de conversor catal\u00edtico. De quebra, tira 4 segundos no tempo necess\u00e1rio para chegar a 100 km\/h e &#8216;destr\u00f3i&#8217; todos os dados din\u00e2micos de seus concorrentes. O Electronic vai de 0 a 100 em 17,48 s, contra 21,54 s do Mille normal e 19,47 s do at\u00e9 agora campe\u00e3o Gol 1000. A velocidade m\u00e1xima de 152 km\/h foi 15 km\/h superior \u00e0 do Gol e quase 19 a mais do que a do Mille. A Fiat mudou novamente o equil\u00edbrio de for\u00e7as, dando a um carro de um litro o comportamento de pelo menos um 1,3-litro&#8221;.<\/p>\n<p>E n\u00e3o parou por a\u00ed. O pioneiro dos 1.000 teve tamb\u00e9m as primazias das cinco portas e do ar-condicionado opcional, dotado de corte do compressor durante acelera\u00e7\u00f5es a fundo para facilitar retomadas e ultrapassagens. As portas a mais j\u00e1 haviam sido oferecidas meses antes no Uno CSL, vers\u00e3o trazida da Argentina sem imposto de importa\u00e7\u00e3o, com motor Sevel 1,6 de 80 cv, carburador e catalisador, que n\u00e3o durou muito. O Electronic foi escolhido para representar a Fiat no protocolo do carro popular \u2014 aquele do ex-presidente Itamar Franco que ressuscitou o <a href=\"https:\/\/www.autolivraria.com.br\/cpassado3\/fusca-1.htm\">Fusca<\/a> \u2014, em fevereiro de 1993. Era o mesmo carro, exceto pelas barras da marca menores na grade e um emblema alusivo ao Pal\u00e1cio da Alvorada junto ao nome Mille (n\u00e3o mais Uno Mille).<\/p>\n<p>A curiosa situa\u00e7\u00e3o de um motor de topo (1,6) continuar com carburador quando um inferior (1,5) j\u00e1 adotava inje\u00e7\u00e3o era corrigida em junho de 1993 com a chegada do Uno 1.6R mpi. A <a href=\"https:\/\/autolivraria.com.br\/bc\/glossario-i\/#mult\">inje\u00e7\u00e3o multiponto<\/a>, embora n\u00e3o integrada \u00e0 igni\u00e7\u00e3o, permitia maior taxa de compress\u00e3o e eliminava o catalisador, levando-o a 92 cv e 13 m.kgf, apenas com gasolina; havia ainda novas rodas e lanternas com se\u00e7\u00e3o fum\u00ea. No ano seguinte essa vers\u00e3o recebia um novo painel igual ao do italiano, mais atual e elegante que o de &#8220;sat\u00e9lites&#8221; usado at\u00e9 ent\u00e3o, e a op\u00e7\u00e3o de dire\u00e7\u00e3o assistida.<\/p>\n<p>&nbsp;<\/p>\n<div class='one_third'>\n\t\t\t\t\t<a href=\"https:\/\/autolivraria.com.br\/bc\/wp-content\/uploads\/2013\/02\/BR-1993-Uno-Mille-Electronic.jpg\"><img decoding=\"async\" class=\"aligncenter size-thumbnail wp-image-21727 lazyload\" title=\"Uno Mille Electronic\" data-src=\"https:\/\/autolivraria.com.br\/bc\/wp-content\/uploads\/2013\/02\/BR-1993-Uno-Mille-Electronic-168x168.jpg\" alt=\"\" width=\"168\" height=\"168\" data-srcset=\"https:\/\/autolivraria.com.br\/bc\/wp-content\/uploads\/2013\/02\/BR-1993-Uno-Mille-Electronic-168x168.jpg 168w, https:\/\/autolivraria.com.br\/bc\/wp-content\/uploads\/2013\/02\/BR-1993-Uno-Mille-Electronic-100x100.jpg 100w\" data-sizes=\"(max-width: 168px) 100vw, 168px\" src=\"data:image\/svg+xml;base64,PHN2ZyB3aWR0aD0iMSIgaGVpZ2h0PSIxIiB4bWxucz0iaHR0cDovL3d3dy53My5vcmcvMjAwMC9zdmciPjwvc3ZnPg==\" style=\"--smush-placeholder-width: 168px; --smush-placeholder-aspect-ratio: 168\/168;\" \/><\/a>\n\t\t\t\t<\/div>\n<div class='one_third'>\n\t\t\t\t\t<a href=\"https:\/\/autolivraria.com.br\/bc\/wp-content\/uploads\/2013\/02\/BR-1994-Uno-Mille-ELX.jpg\"><img decoding=\"async\" class=\"aligncenter size-thumbnail wp-image-21728 lazyload\" title=\"Uno Mille ELX\" data-src=\"https:\/\/autolivraria.com.br\/bc\/wp-content\/uploads\/2013\/02\/BR-1994-Uno-Mille-ELX-168x168.jpg\" alt=\"\" width=\"168\" height=\"168\" data-srcset=\"https:\/\/autolivraria.com.br\/bc\/wp-content\/uploads\/2013\/02\/BR-1994-Uno-Mille-ELX-168x168.jpg 168w, https:\/\/autolivraria.com.br\/bc\/wp-content\/uploads\/2013\/02\/BR-1994-Uno-Mille-ELX-100x100.jpg 100w\" data-sizes=\"(max-width: 168px) 100vw, 168px\" src=\"data:image\/svg+xml;base64,PHN2ZyB3aWR0aD0iMSIgaGVpZ2h0PSIxIiB4bWxucz0iaHR0cDovL3d3dy53My5vcmcvMjAwMC9zdmciPjwvc3ZnPg==\" style=\"--smush-placeholder-width: 168px; --smush-placeholder-aspect-ratio: 168\/168;\" \/><\/a>\n\t\t\t\t<\/div>\n<div class='one_third last'>\n\t\t\t\t\t<a href=\"https:\/\/autolivraria.com.br\/bc\/wp-content\/uploads\/2013\/02\/BR-1994-Uno-Mille-ELX-2.jpg\"><img decoding=\"async\" class=\"aligncenter size-thumbnail wp-image-21729 lazyload\" title=\"Uno Mille ELX\" data-src=\"https:\/\/autolivraria.com.br\/bc\/wp-content\/uploads\/2013\/02\/BR-1994-Uno-Mille-ELX-2-168x168.jpg\" alt=\"\" width=\"168\" height=\"168\" data-srcset=\"https:\/\/autolivraria.com.br\/bc\/wp-content\/uploads\/2013\/02\/BR-1994-Uno-Mille-ELX-2-168x168.jpg 168w, https:\/\/autolivraria.com.br\/bc\/wp-content\/uploads\/2013\/02\/BR-1994-Uno-Mille-ELX-2-100x100.jpg 100w\" data-sizes=\"(max-width: 168px) 100vw, 168px\" src=\"data:image\/svg+xml;base64,PHN2ZyB3aWR0aD0iMSIgaGVpZ2h0PSIxIiB4bWxucz0iaHR0cDovL3d3dy53My5vcmcvMjAwMC9zdmciPjwvc3ZnPg==\" style=\"--smush-placeholder-width: 168px; --smush-placeholder-aspect-ratio: 168\/168;\" \/><\/a>\n\t\t\t\t<\/div><div class='clear'><\/div>\n<p style=\"text-align: center;\"><em>\u00a0<\/em><br \/>\n<em>O Mille Electronic ganhava pot\u00eancia e oferecia cinco portas e ar-condicionado;\u00a0em<\/em><br \/>\n<em> 1994 chegava a vers\u00e3o ELX, que acrescentava conforto ao modelo de 1,0 litro<\/em><\/p>\n<p>&nbsp;<\/p>\n<p>Em teste da <em>Autoesporte,<\/em> o jornalista Bob Sharp \u2014 que mais tarde seria colaborador do <strong>Best Cars<\/strong> \u2014 elogiou &#8220;um dos melhores motores 1,6-litro j\u00e1 vistos no Brasil, de funcionamento muito macio. Agora, mais do que antes, obt\u00e9m-se excelente resposta ao comando do acelerador. A quase 180 km\/h o carro se mostra firme, sem oscila\u00e7\u00f5es direcionais. Dentro do conceito de evolu\u00e7\u00e3o, j\u00e1 era tempo de serem substitu\u00eddos os pneus 165\/70-13 por algo mais moderno&#8221;.<\/p>\n<p>&nbsp;<\/p>\n<blockquote><p>Nosso primeiro turbo de f\u00e1brica em autom\u00f3vel vinha com o Uno Turbo i.e., de\u00a0118 cv, capaz de atingir 195 km\/h e acelerar de 0 a 100 km\/h em apenas 9,2 segundos<\/p><\/blockquote>\n<p>&nbsp;<\/p>\n<h3>A primazia do turbo<\/h3>\n<p>Em janeiro de 1994 a Chevrolet lan\u00e7ava o <a href=\"https:\/\/www.autolivraria.com.br\/classicos\/corsa-1.htm\">Corsa Wind<\/a>, que agitou o segmento de 1,0 litro com seu desenho moderno e o motor com inje\u00e7\u00e3o. Como um &#8220;novo Uno&#8221; \u2014 o <a href=\"https:\/\/www.autolivraria.com.br\/cpassado2\/palio-1.htm\">Palio<\/a> \u2014 ainda levaria dois anos para chegar, a marca \u00edtalo-mineira respondeu no m\u00eas seguinte com o Mille ELX, vers\u00e3o de luxo de seu carro popular \u2014 por mais contradit\u00f3rio que possa parecer&#8230; Al\u00e9m do ar-condicionado, podia ser equipado com controle el\u00e9trico dos vidros e travas e vinha com a frente &#8220;baixa&#8221; do restante da linha, pneus 165\/70, volante de quatro raios e novo painel, similar ao do 1.6R, embora sem conta-giros. Somados \u00e0s cinco portas, eram convincentes argumentos contra a novidade da GM.<\/p>\n<p>\u00c0 mesma \u00e9poca era adotado um novo c\u00e2mbio, denominado Termoli em alus\u00e3o \u00e0 cidade italiana onde era fabricado. Suas principais diferen\u00e7as eram o seletor de marchas na parte superior e a disposi\u00e7\u00e3o das engrenagens de r\u00e9, que eliminava o ru\u00eddo ao engatar a primeira com o carro em movimento, por muitos confundido com defeito ou mesmo com uma primeira n\u00e3o <a href=\"https:\/\/autolivraria.com.br\/bc\/glossario-s\/#sinc\">sincronizada<\/a>.<\/p>\n<p>&nbsp;<\/p>\n<p><a href=\"https:\/\/autolivraria.com.br\/bc\/wp-content\/uploads\/2013\/02\/BR-1994-Uno-Turbo-ie-5.jpg\"><img decoding=\"async\" class=\"aligncenter size-medium wp-image-21730 lazyload\" title=\"Uno Turbo i.e.\" data-src=\"https:\/\/autolivraria.com.br\/bc\/wp-content\/uploads\/2013\/02\/BR-1994-Uno-Turbo-ie-5-560x373.jpg\" alt=\"\" width=\"560\" height=\"373\" data-srcset=\"https:\/\/autolivraria.com.br\/bc\/wp-content\/uploads\/2013\/02\/BR-1994-Uno-Turbo-ie-5-560x373.jpg 560w, https:\/\/autolivraria.com.br\/bc\/wp-content\/uploads\/2013\/02\/BR-1994-Uno-Turbo-ie-5-470x313.jpg 470w, https:\/\/autolivraria.com.br\/bc\/wp-content\/uploads\/2013\/02\/BR-1994-Uno-Turbo-ie-5-270x179.jpg 270w, https:\/\/autolivraria.com.br\/bc\/wp-content\/uploads\/2013\/02\/BR-1994-Uno-Turbo-ie-5.jpg 1280w\" data-sizes=\"(max-width: 560px) 100vw, 560px\" src=\"data:image\/svg+xml;base64,PHN2ZyB3aWR0aD0iMSIgaGVpZ2h0PSIxIiB4bWxucz0iaHR0cDovL3d3dy53My5vcmcvMjAwMC9zdmciPjwvc3ZnPg==\" style=\"--smush-placeholder-width: 560px; --smush-placeholder-aspect-ratio: 560\/373;\" \/><\/a><\/p>\n<p style=\"text-align: center;\"><em>\u00a0<\/em><br \/>\n<em>Nove anos depois dos europeus, ganh\u00e1vamos enfim nosso Uno Turbo i.e.;<\/em><br \/>\n<em>o motor de 1,4 litro e 118 cv permitia acelerar de 0 a 100 em 9,2 segundos<\/em><\/p>\n<p>&nbsp;<\/p>\n<p>Para um p\u00fablico bem diferente, a Fiat introduzia outra inova\u00e7\u00e3o: o primeiro turbocompressor original de f\u00e1brica em um autom\u00f3vel brasileiro, o Uno Turbo i.e. \u2014 vers\u00e3o que os europeus conheciam h\u00e1 nove anos e que, ironicamente, havia sido lan\u00e7ada em evento no Brasil como carro-madrinha no GP de F\u00f3rmula 1 de 1985. O motor de 1.372 cm\u00b3 j\u00e1 usado na It\u00e1lia, da mesma fam\u00edlia do 1,6 Sevel, adotava <a href=\"https:\/\/autolivraria.com.br\/bc\/glossario-r\/#inte\">resfriador de ar<\/a>\u00a0e\u00a0radiador de \u00f3leo. Com o turbo Garrett T2 \u00e0 press\u00e3o m\u00e1xima de 0,8 bar, atingia pot\u00eancia de 118 cv e torque m\u00e1ximo de 17,5 m.kgf, valores similares aos de alguns motores 2,0-litros de aspira\u00e7\u00e3o natural.<\/p>\n<p>&nbsp;<\/p>\n<div class='code-block code-block-7' style='margin: 28px auto; text-align: center; display: block; clear: both;'>\n<script async src=\"https:\/\/pagead2.googlesyndication.com\/pagead\/js\/adsbygoogle.js\"><\/script>\n<!-- AL-quadrado -->\n<ins class=\"adsbygoogle\"\n     style=\"display:block\"\n     data-ad-client=\"ca-pub-1914799802606213\"\n     data-ad-slot=\"5683066082\"\n     data-ad-format=\"auto\"\n     data-full-width-responsive=\"true\"><\/ins>\n<script>\n     (adsbygoogle = window.adsbygoogle || []).push({});\n<\/script><\/div>\n\n<p>&nbsp;<\/p>\n<p>A velocidade m\u00e1xima era de 195 km\/h e a acelera\u00e7\u00e3o de 0 a 100 km\/h exigia apenas 9,2 segundos. Para segurar a fera, rodas de 14 pol com pneus 185\/60 eram montadas em cubos de Tempra, do qual tamb\u00e9m vinham os freios, com discos ventilados de 257 mm \u00e0 frente. A suspens\u00e3o foi redimensionada, com novos amortecedores, feixe de molas traseiro e estabilizador dianteiro, al\u00e9m de altura reduzida em 10 mm, e na frente havia uma <a href=\"https:\/\/autolivraria.com.br\/bc\/glossario-b\/#barr\">barra de amarra\u00e7\u00e3o<\/a>\u00a0entre as torres. O estilo mostrava identidade pr\u00f3pria, com para-choques de formato exclusivo e defletor incorporado ao dianteiro.<\/p>\n<p>Bancos envolventes, volante de tr\u00eas raios pr\u00f3prio da vers\u00e3o e painel completo \u2014 incluindo man\u00f4metros de \u00f3leo e de turbo e term\u00f4metro de \u00f3leo \u2014 real\u00e7avam a esportividade do interior. Por causa do maior volume da mec\u00e2nica e dos pneus mais largos, o estepe de tamanho integral ficava no porta-malas, reduzindo-o bastante. Ponto criticado era a aus\u00eancia de ar-condicionado, nem mesmo como opcional (no ano-modelo seguinte passaria a ser item de s\u00e9rie). A Fiat inovou ao oferecer um curso de pilotagem aos primeiros propriet\u00e1rios, o que valia como boa estrat\u00e9gia de marketing.<\/p>\n<p>&nbsp;<\/p>\n<div class='one_third'>\n\t\t\t\t\t<a href=\"https:\/\/autolivraria.com.br\/bc\/wp-content\/uploads\/2013\/02\/BR-1994-Uno-Turbo-ie-4.jpg\"><img decoding=\"async\" class=\"aligncenter size-thumbnail wp-image-21731 lazyload\" title=\"Uno Turbo i.e.\" data-src=\"https:\/\/autolivraria.com.br\/bc\/wp-content\/uploads\/2013\/02\/BR-1994-Uno-Turbo-ie-4-168x168.jpg\" alt=\"\" width=\"168\" height=\"168\" data-srcset=\"https:\/\/autolivraria.com.br\/bc\/wp-content\/uploads\/2013\/02\/BR-1994-Uno-Turbo-ie-4-168x168.jpg 168w, https:\/\/autolivraria.com.br\/bc\/wp-content\/uploads\/2013\/02\/BR-1994-Uno-Turbo-ie-4-100x100.jpg 100w\" data-sizes=\"(max-width: 168px) 100vw, 168px\" src=\"data:image\/svg+xml;base64,PHN2ZyB3aWR0aD0iMSIgaGVpZ2h0PSIxIiB4bWxucz0iaHR0cDovL3d3dy53My5vcmcvMjAwMC9zdmciPjwvc3ZnPg==\" style=\"--smush-placeholder-width: 168px; --smush-placeholder-aspect-ratio: 168\/168;\" \/><\/a>\n\t\t\t\t<\/div>\n<div class='one_third'>\n\t\t\t\t\t<a href=\"https:\/\/autolivraria.com.br\/bc\/wp-content\/uploads\/2013\/02\/BR-1994-Uno-Turbo-ie-3.jpg\"><img decoding=\"async\" class=\"aligncenter size-thumbnail wp-image-21732 lazyload\" title=\"Uno Turbo i.e.\" data-src=\"https:\/\/autolivraria.com.br\/bc\/wp-content\/uploads\/2013\/02\/BR-1994-Uno-Turbo-ie-3-168x168.jpg\" alt=\"\" width=\"168\" height=\"168\" data-srcset=\"https:\/\/autolivraria.com.br\/bc\/wp-content\/uploads\/2013\/02\/BR-1994-Uno-Turbo-ie-3-168x168.jpg 168w, https:\/\/autolivraria.com.br\/bc\/wp-content\/uploads\/2013\/02\/BR-1994-Uno-Turbo-ie-3-100x100.jpg 100w\" data-sizes=\"(max-width: 168px) 100vw, 168px\" src=\"data:image\/svg+xml;base64,PHN2ZyB3aWR0aD0iMSIgaGVpZ2h0PSIxIiB4bWxucz0iaHR0cDovL3d3dy53My5vcmcvMjAwMC9zdmciPjwvc3ZnPg==\" style=\"--smush-placeholder-width: 168px; --smush-placeholder-aspect-ratio: 168\/168;\" \/><\/a>\n\t\t\t\t<\/div>\n<div class='one_third last'>\n\t\t\t\t\t<a href=\"https:\/\/autolivraria.com.br\/bc\/wp-content\/uploads\/2013\/02\/BR-1994-Uno-Turbo-ie-2.jpg\"><img decoding=\"async\" class=\"aligncenter size-thumbnail wp-image-21733 lazyload\" title=\"Uno Turbo i.e.\" data-src=\"https:\/\/autolivraria.com.br\/bc\/wp-content\/uploads\/2013\/02\/BR-1994-Uno-Turbo-ie-2-168x168.jpg\" alt=\"\" width=\"168\" height=\"168\" data-srcset=\"https:\/\/autolivraria.com.br\/bc\/wp-content\/uploads\/2013\/02\/BR-1994-Uno-Turbo-ie-2-168x168.jpg 168w, https:\/\/autolivraria.com.br\/bc\/wp-content\/uploads\/2013\/02\/BR-1994-Uno-Turbo-ie-2-100x100.jpg 100w\" data-sizes=\"(max-width: 168px) 100vw, 168px\" src=\"data:image\/svg+xml;base64,PHN2ZyB3aWR0aD0iMSIgaGVpZ2h0PSIxIiB4bWxucz0iaHR0cDovL3d3dy53My5vcmcvMjAwMC9zdmciPjwvc3ZnPg==\" style=\"--smush-placeholder-width: 168px; --smush-placeholder-aspect-ratio: 168\/168;\" \/><\/a>\n\t\t\t\t<\/div><div class='clear'><\/div>\n<p style=\"text-align: center;\"><em>\u00a0<\/em><br \/>\n<em>Para-choques exclusivos, rodas de 14 pol e painel completo formavam o<\/em><br \/>\n<em>pacote do Turbo; no primeiro ano-modelo n\u00e3o havia op\u00e7\u00e3o de ar-condicionado<\/em><\/p>\n<p>&nbsp;<\/p>\n<p>O Turbo i.e. agradou no teste de <em>Autoesporte:<\/em> &#8220;A \u00f3tima rela\u00e7\u00e3o peso\/pot\u00eancia de 8,26 kg\/cv explica a impulsividade do ve\u00edculo. Ao superar a &#8216;faixa divisora de \u00e1guas&#8217;, ao redor de 3.000 rpm, o motorzinho despeja repentinamente toda sua pot\u00eancia (vigorosos 86 cv\/litro!), &#8216;estilingando&#8217; o autom\u00f3vel para frente e permitindo que ele supere em acelera\u00e7\u00e3o e velocidade m\u00e1xima alguns concorrentes maiores. A suspens\u00e3o, redimensionada e com calibragem mais firme, assegura boa estabilidade \u2014 em alta, o carro apresenta \u00e0s vezes um certo balan\u00e7o nas desacelera\u00e7\u00f5es bruscas e nas tomadas de curva&#8221;.<\/p>\n<p>No setor de utilit\u00e1rios, picape e furg\u00e3o Fiorino ganhavam no mesmo ano maior dist\u00e2ncia entre eixos e suspens\u00e3o traseira de eixo r\u00edgido com feixes de molas longitudinais, deixando no passado a McPherson do Uno e suas limita\u00e7\u00f5es no transporte de carga; al\u00e9m disso, dispensava alinhamento das rodas de tr\u00e1s. Surgia tamb\u00e9m a op\u00e7\u00e3o do motor 1,0-litro de 56 cv para eles.<\/p>\n<table border=\"0\">\n<tbody>\n<tr>\n<td><a href='https:\/\/autolivraria.com.br\/bc\/informe-se\/passado\/fiat\/fiat-uno-a-grande-familia-e-seu-ultimo-rebento\/6\/' class='small-button smallsilver'>Pr\u00f3xima parte<\/a><\/td>\n<\/tr>\n<\/tbody>\n<\/table>\n<p>&nbsp;<\/p>\n<div class='et-box et-shadow'>\n\t\t\t\t\t<div class='et-box-content'><h2>As edi\u00e7\u00f5es especiais<\/h2>\n<table id=\"table1\" border=\"0\" cellspacing=\"0\" cellpadding=\"0\">\n<tbody>\n<tr>\n<td width=\"170\" height=\"190\"><a href=\"https:\/\/autolivraria.com.br\/bc\/wp-content\/uploads\/2013\/02\/BR-1991-Uno-Mille-Brio.jpg\"><img decoding=\"async\" class=\"alignnone  wp-image-21734 lazyload\" title=\"Uno Mille Brio\" data-src=\"https:\/\/autolivraria.com.br\/bc\/wp-content\/uploads\/2013\/02\/BR-1991-Uno-Mille-Brio-168x168.jpg\" alt=\"\" width=\"151\" height=\"151\" data-srcset=\"https:\/\/autolivraria.com.br\/bc\/wp-content\/uploads\/2013\/02\/BR-1991-Uno-Mille-Brio-168x168.jpg 168w, https:\/\/autolivraria.com.br\/bc\/wp-content\/uploads\/2013\/02\/BR-1991-Uno-Mille-Brio-100x100.jpg 100w\" data-sizes=\"(max-width: 151px) 100vw, 151px\" src=\"data:image\/svg+xml;base64,PHN2ZyB3aWR0aD0iMSIgaGVpZ2h0PSIxIiB4bWxucz0iaHR0cDovL3d3dy53My5vcmcvMjAwMC9zdmciPjwvc3ZnPg==\" style=\"--smush-placeholder-width: 151px; --smush-placeholder-aspect-ratio: 151\/151;\" \/><\/a><\/td>\n<td width=\"170\" height=\"190\"><a href=\"https:\/\/autolivraria.com.br\/bc\/wp-content\/uploads\/2013\/02\/BR-1997-Fiorino-Pickup-Trekking-MTV.jpg\"><img decoding=\"async\" class=\"alignnone  wp-image-21735 lazyload\" title=\"Fiorino Pickup Trekking MTV\" data-src=\"https:\/\/autolivraria.com.br\/bc\/wp-content\/uploads\/2013\/02\/BR-1997-Fiorino-Pickup-Trekking-MTV-168x168.jpg\" alt=\"\" width=\"151\" height=\"151\" data-srcset=\"https:\/\/autolivraria.com.br\/bc\/wp-content\/uploads\/2013\/02\/BR-1997-Fiorino-Pickup-Trekking-MTV-168x168.jpg 168w, https:\/\/autolivraria.com.br\/bc\/wp-content\/uploads\/2013\/02\/BR-1997-Fiorino-Pickup-Trekking-MTV-100x100.jpg 100w\" data-sizes=\"(max-width: 151px) 100vw, 151px\" src=\"data:image\/svg+xml;base64,PHN2ZyB3aWR0aD0iMSIgaGVpZ2h0PSIxIiB4bWxucz0iaHR0cDovL3d3dy53My5vcmcvMjAwMC9zdmciPjwvc3ZnPg==\" style=\"--smush-placeholder-width: 151px; --smush-placeholder-aspect-ratio: 151\/151;\" \/><\/a><\/td>\n<td width=\"170\" height=\"190\"><a href=\"https:\/\/autolivraria.com.br\/bc\/wp-content\/uploads\/2013\/02\/BR-2012-Uno-Italia-1.jpg\"><img decoding=\"async\" class=\"alignnone  wp-image-21736 lazyload\" title=\"Uno Italia\" data-src=\"https:\/\/autolivraria.com.br\/bc\/wp-content\/uploads\/2013\/02\/BR-2012-Uno-Italia-1-168x168.jpg\" alt=\"\" width=\"151\" height=\"151\" data-srcset=\"https:\/\/autolivraria.com.br\/bc\/wp-content\/uploads\/2013\/02\/BR-2012-Uno-Italia-1-168x168.jpg 168w, https:\/\/autolivraria.com.br\/bc\/wp-content\/uploads\/2013\/02\/BR-2012-Uno-Italia-1-100x100.jpg 100w\" data-sizes=\"(max-width: 151px) 100vw, 151px\" src=\"data:image\/svg+xml;base64,PHN2ZyB3aWR0aD0iMSIgaGVpZ2h0PSIxIiB4bWxucz0iaHR0cDovL3d3dy53My5vcmcvMjAwMC9zdmciPjwvc3ZnPg==\" style=\"--smush-placeholder-width: 151px; --smush-placeholder-aspect-ratio: 151\/151;\" \/><\/a><\/td>\n<\/tr>\n<\/tbody>\n<\/table>\n<p>Diante de sua profus\u00e3o de vers\u00f5es, motores e carrocerias, at\u00e9 que a linha Uno contou com poucas s\u00e9ries limitadas em seus quase 30 anos de Brasil.<\/p>\n<p><em>\u2022\u00a0Uno CS Export<\/em>\u00a0&#8211; A primeira edi\u00e7\u00e3o, lan\u00e7ada em 1989, marcou a estreia do motor Fiasa 1,5-litro nacional em um autom\u00f3vel da linha, pouco depois de ser adotado na picape Fiorino LX. Funcionou como antecipa\u00e7\u00e3o do que viria em 1992: a substitui\u00e7\u00e3o do motor 1,3 por esse de maior cilindrada nas vers\u00f5es S e CS.<\/p>\n<p><em>\u2022\u00a0Uno CS Top<\/em>\u00a0&#8211; De 1990, trazia o motor Sevel 1,5 em configura\u00e7\u00e3o mais &#8220;mansa&#8221; que a do 1.5R. O acabamento externo era similar ao do Pr\u00eamio CSL, com as mesmas calotas e pintura das laterais inferiores em grafite, mas o interior mantinha o painel com &#8220;sat\u00e9lites&#8221; do Uno.<\/p>\n<p><em>\u2022 \u00a0Uno Mille Brio<\/em>\u00a0&#8211; Primeira tentativa de deixar o Mille mais &#8220;esperto&#8221; com altera\u00e7\u00f5es mec\u00e2nicas, em 1991. O uso de carburador de corpo duplo levava o motor a 54 cv, ganho de 6 cv sobre a vers\u00e3o b\u00e1sica. Discretas faixas nas colunas traseiras identificavam a s\u00e9rie.<\/p>\n<p><em>\u2022 Fiorino Pickup Trekking MTV<\/em>\u00a0&#8211; Depois que a Trekking aplicou \u00e0 picape suspens\u00e3o mais alta e pneus maiores, a edi\u00e7\u00e3o \u2014 feita em parceria com o canal de TV de proposta jovem \u2014 vinha em 1997 com rodas de alum\u00ednio e faixas decorativas. O motor era o 1,5-litro com inje\u00e7\u00e3o multiponto.<\/p>\n<p><em>\u2022\u00a0Mille SX Young<\/em>\u00a0&#8211; De 1997, trouxe para-choques em tom cinza, painel de fundo claro e adesivos decorativos \u00e0 vers\u00e3o \u00fanica do Uno em produ\u00e7\u00e3o na \u00e9poca. Podia ser comprado apenas em azul ou vinho.<\/p>\n<p><em>\u2022\u00a0Uno It\u00e1lia<\/em>\u00a0&#8211; A primeira edi\u00e7\u00e3o do novo Uno chegava em novembro de 2012 com base na vers\u00e3o Vivace com cinco portas e motor de 1,0 litro. Acrescentava rodas de alum\u00ednio de 14 pol,\u00a0defletor traseiro e as cores da bandeira italiana nos ret\u00e2ngulos da frente. Por dentro tinha conta-giros e novo tecido nos bancos. Os itens de s\u00e9rie inclu\u00edam\u00a0ar-condicionado, dire\u00e7\u00e3o assistida e far\u00f3is de neblina.<\/p>\n<p><em>\u2022\u00a0Mille e Uno Xingu<\/em>\u00a0&#8211; Lan\u00e7ada em janeiro de 2013 com base na vers\u00e3o Way de ambos os modelos, trazia adesivos em homenagem ao filme que conta a hist\u00f3ria da cria\u00e7\u00e3o do Parque Nacional Xingu. O Uno vinha com\u00a0dire\u00e7\u00e3o assistida, far\u00f3is de neblina, ar-condicionado, vidros el\u00e9tricos e computador de bordo; no Mille os itens inclu\u00edam dire\u00e7\u00e3o assistida e vidros el\u00e9tricos.<\/p>\n<p><em>\u2022\u00a0Uno Sporting Interlagos<\/em>\u00a0&#8211; Tamb\u00e9m de janeiro de 2013, acrescentava ao Sporting o tom preto brilhante nos retrovisores, no defletor traseiro e nos logotipos, rodas de alum\u00ednio com pintura espec\u00edfica e decora\u00e7\u00e3o interna com costura amarela no tecido dos bancos e no volante em couro. Estava\u00a0dispon\u00edvel apenas na cor exclusiva Amarelo Interlagos.<\/p><\/div><\/div>\n<p>&nbsp;<\/p>\n<table border=\"0\">\n<tbody>\n<tr>\n<td><a href='https:\/\/autolivraria.com.br\/bc\/informe-se\/passado\/fiat\/fiat-uno-a-grande-familia-e-seu-ultimo-rebento\/6\/' class='small-button smallsilver'>Pr\u00f3xima parte<\/a><\/td>\n<\/tr>\n<\/tbody>\n<\/table>\n<p>&nbsp;<\/p>\n<p><!--nextpage--><\/p>\n<p>&nbsp;<\/p>\n<div class='one_third'>\n\t\t\t\t\t<a href=\"https:\/\/autolivraria.com.br\/bc\/wp-content\/uploads\/2013\/02\/BR-1994-Fiorino-Pickup-LX-mpi.jpg\"><img decoding=\"async\" class=\"aligncenter size-thumbnail wp-image-21737 lazyload\" title=\"Fiorino Pickup LX mpi\" data-src=\"https:\/\/autolivraria.com.br\/bc\/wp-content\/uploads\/2013\/02\/BR-1994-Fiorino-Pickup-LX-mpi-168x168.jpg\" alt=\"\" width=\"168\" height=\"168\" data-srcset=\"https:\/\/autolivraria.com.br\/bc\/wp-content\/uploads\/2013\/02\/BR-1994-Fiorino-Pickup-LX-mpi-168x168.jpg 168w, https:\/\/autolivraria.com.br\/bc\/wp-content\/uploads\/2013\/02\/BR-1994-Fiorino-Pickup-LX-mpi-100x100.jpg 100w\" data-sizes=\"(max-width: 168px) 100vw, 168px\" src=\"data:image\/svg+xml;base64,PHN2ZyB3aWR0aD0iMSIgaGVpZ2h0PSIxIiB4bWxucz0iaHR0cDovL3d3dy53My5vcmcvMjAwMC9zdmciPjwvc3ZnPg==\" style=\"--smush-placeholder-width: 168px; --smush-placeholder-aspect-ratio: 168\/168;\" \/><\/a>\n\t\t\t\t<\/div>\n<div class='one_third'>\n\t\t\t\t\t<a href=\"https:\/\/autolivraria.com.br\/bc\/wp-content\/uploads\/2013\/02\/BR-1997-Fiorino-Pickup-Trekking-2.jpg\"><img decoding=\"async\" class=\"aligncenter size-thumbnail wp-image-21740 lazyload\" title=\"Fiorino Pickup Trekking\" data-src=\"https:\/\/autolivraria.com.br\/bc\/wp-content\/uploads\/2013\/02\/BR-1997-Fiorino-Pickup-Trekking-2-168x168.jpg\" alt=\"\" width=\"168\" height=\"168\" data-srcset=\"https:\/\/autolivraria.com.br\/bc\/wp-content\/uploads\/2013\/02\/BR-1997-Fiorino-Pickup-Trekking-2-168x168.jpg 168w, https:\/\/autolivraria.com.br\/bc\/wp-content\/uploads\/2013\/02\/BR-1997-Fiorino-Pickup-Trekking-2-100x100.jpg 100w\" data-sizes=\"(max-width: 168px) 100vw, 168px\" src=\"data:image\/svg+xml;base64,PHN2ZyB3aWR0aD0iMSIgaGVpZ2h0PSIxIiB4bWxucz0iaHR0cDovL3d3dy53My5vcmcvMjAwMC9zdmciPjwvc3ZnPg==\" style=\"--smush-placeholder-width: 168px; --smush-placeholder-aspect-ratio: 168\/168;\" \/><\/a>\n\t\t\t\t<\/div>\n<div class='one_third last'>\n\t\t\t\t\t<a href=\"https:\/\/autolivraria.com.br\/bc\/wp-content\/uploads\/2013\/02\/BR-1994-Fiorino-Furgao-1000.jpg\"><img decoding=\"async\" class=\"aligncenter size-thumbnail wp-image-21739 lazyload\" title=\"Fiorino Furgao 1.0\" data-src=\"https:\/\/autolivraria.com.br\/bc\/wp-content\/uploads\/2013\/02\/BR-1994-Fiorino-Furgao-1000-168x168.jpg\" alt=\"\" width=\"168\" height=\"168\" data-srcset=\"https:\/\/autolivraria.com.br\/bc\/wp-content\/uploads\/2013\/02\/BR-1994-Fiorino-Furgao-1000-168x168.jpg 168w, https:\/\/autolivraria.com.br\/bc\/wp-content\/uploads\/2013\/02\/BR-1994-Fiorino-Furgao-1000-100x100.jpg 100w\" data-sizes=\"(max-width: 168px) 100vw, 168px\" src=\"data:image\/svg+xml;base64,PHN2ZyB3aWR0aD0iMSIgaGVpZ2h0PSIxIiB4bWxucz0iaHR0cDovL3d3dy53My5vcmcvMjAwMC9zdmciPjwvc3ZnPg==\" style=\"--smush-placeholder-width: 168px; --smush-placeholder-aspect-ratio: 168\/168;\" \/><\/a>\n\t\t\t\t<\/div><div class='clear'><\/div>\n<p style=\"text-align: center;\"><em>\u00a0<\/em><br \/>\n<em>Fiorino e Pickup estavam mais longos e com nova<\/em>\u00a0<em>suspens\u00e3o traseira\u00a0em 1994;<br \/>\nganhavam ainda motor do Mille e, depois, a vers\u00e3o Trekking da picape<\/em><\/p>\n<p>&nbsp;<\/p>\n<p>A picape Trekking aparecia em 1995 com suspens\u00e3o elevada, pneus maiores em medida 175\/80 R 13, faixas laterais e cobertura mar\u00edtima na ca\u00e7amba. O eixo traseiro \u00d4mega tinha a se\u00e7\u00e3o central mais alta, lembrando a letra grega, para evitar o contato com obst\u00e1culos. A receita de aspecto mais robusto foi t\u00e3o bem recebida pelo mercado que seria estendida e ampliada por sua sucessora, a Strada, em 1998. O motor 1,6 com inje\u00e7\u00e3o era estendido \u00e0 Elba em vers\u00e3o Top, com cinco portas e para-choques e laterais inferiores em cinza. O Pr\u00eamio de duas portas j\u00e1 pertencia ao passado.<\/p>\n<p>Com o Turbo i.e. cumprindo o papel de esportivo, o 1.6R mpi tornava-se desnecess\u00e1rio na fam\u00edlia: seu motor foi aproveitado no Uno 1.6 mpi, lan\u00e7ado em 1995, com tr\u00eas e cinco portas e acabamento mais requintado. O Pr\u00eamio passava a se chamar Duna e a vir da Argentina (era usado esse nome por l\u00e1, assim como na It\u00e1lia), onde fazia grande sucesso, sobretudo entre os taxistas.<\/p>\n<p>A inje\u00e7\u00e3o chegava \u00e0s vers\u00f5es de 1,0 litro apenas em julho de 1995, quando o Mille Electronic passava a Mille i.e. e o ELX era renomeado EP. A pot\u00eancia chegava a 58 cv, a maior do segmento, mantendo o torque de 8,2 m.kgf; novas rodas de alum\u00ednio, alarme e comando de travas a dist\u00e2ncia tornavam-se dispon\u00edveis para esse Uno. No fim do ano a Fiat revelava imagens do Palio, fruto do projeto 178, que chegaria em abril seguinte com a miss\u00e3o de substitu\u00ed-lo.<\/p>\n<p>&nbsp;<\/p>\n<p><a href=\"https:\/\/autolivraria.com.br\/bc\/wp-content\/uploads\/2013\/02\/BR-1996-Mille-EP.jpg\"><img decoding=\"async\" class=\"aligncenter size-medium wp-image-21741 lazyload\" title=\"Mille EP\" data-src=\"https:\/\/autolivraria.com.br\/bc\/wp-content\/uploads\/2013\/02\/BR-1996-Mille-EP-560x373.jpg\" alt=\"\" width=\"560\" height=\"373\" data-srcset=\"https:\/\/autolivraria.com.br\/bc\/wp-content\/uploads\/2013\/02\/BR-1996-Mille-EP-560x373.jpg 560w, https:\/\/autolivraria.com.br\/bc\/wp-content\/uploads\/2013\/02\/BR-1996-Mille-EP-470x313.jpg 470w, https:\/\/autolivraria.com.br\/bc\/wp-content\/uploads\/2013\/02\/BR-1996-Mille-EP-270x179.jpg 270w, https:\/\/autolivraria.com.br\/bc\/wp-content\/uploads\/2013\/02\/BR-1996-Mille-EP.jpg 1280w\" data-sizes=\"(max-width: 560px) 100vw, 560px\" src=\"data:image\/svg+xml;base64,PHN2ZyB3aWR0aD0iMSIgaGVpZ2h0PSIxIiB4bWxucz0iaHR0cDovL3d3dy53My5vcmcvMjAwMC9zdmciPjwvc3ZnPg==\" style=\"--smush-placeholder-width: 560px; --smush-placeholder-aspect-ratio: 560\/373;\" \/><\/a><\/p>\n<p style=\"text-align: center;\"><em>\u00a0<\/em><br \/>\n<em>Enfim a inje\u00e7\u00e3o era aplicada ao Mille: o EP e seu similar mais simples, o i.e., vinham<\/em><br \/>\n<em>com mais 2 cv em 1995, \u00e0s v\u00e9speras da substitui\u00e7\u00e3o dos Unos 1,5 e 1,6 pelo Palio<\/em><\/p>\n<p>&nbsp;<\/p>\n<h3>A caminho do fim?<\/h3>\n<p>As vers\u00f5es de 1,5 e 1,6 litro do Uno (exceto o furg\u00e3o 1,5) desapareciam assim que o Palio era lan\u00e7ado, mas os Milles ficavam como op\u00e7\u00e3o mais acess\u00edvel \u2014 por um breve per\u00edodo de conv\u00edvio, estimava-se. A linha 1997 era concentrada na vers\u00e3o SX, de acabamento intermedi\u00e1rio entre as anteriores. O motor agora usava catalisador, necess\u00e1rio pelos novos limites de emiss\u00f5es, e atingia 57 cv. A picape e o furg\u00e3o passavam a vir com o Fiasa 1,5 do Palio, com inje\u00e7\u00e3o multiponto e 76 cv, e surgia a vers\u00e3o Working da primeira, desaparecendo a b\u00e1sica e a LX. Meses depois a Elba chegava ao fim, substitu\u00edda pela Palio Weekend.<\/p>\n<p>&nbsp;<\/p>\n<blockquote><p>Para as maiores altera\u00e7\u00f5es de estilo da hist\u00f3ria da primeira gera\u00e7\u00e3o do Uno, em 2004, a Fiat escolheu uma linha controversa, que n\u00e3o o deixou mais bonito ou moderno<\/p><\/blockquote>\n<p>&nbsp;<\/p>\n<p>Qualquer um esperaria que o carrinho lan\u00e7ado em 1984, cujo estilo pouco havia mudado desde ent\u00e3o, sucumbiria \u00e0 evolu\u00e7\u00e3o dos concorrentes e \u00e0 aceita\u00e7\u00e3o de seu virtual sucessor. Mas o Uno deu seguidas provas de valentia e continuou no mercado. A vers\u00e3o SX tornava-se EX na linha 1998 \u2014 ano em que a picape seria substitu\u00edda pela Strada \u2014 e, em mar\u00e7o de 2000, esta cedia lugar \u00e0 Smart, que trazia nova grade e volante de quatro raios.<\/p>\n<p>A evolu\u00e7\u00e3o seguinte foi a ado\u00e7\u00e3o do motor Fire, em julho de 2001, pondo fim ao Fiasa de 1,0 litro \u2014 contudo, sua vers\u00e3o 1,5 ainda seria usada na linha Palio a \u00e1lcool, anos depois. Embora com 2 cv a menos (55 ante 57 cv), o Mille Fire ficava mais \u00e1gil com o torque ampliado de 8,1 para 8,5 m.kgf e dispon\u00edvel em baixas rota\u00e7\u00f5es. Al\u00e9m disso, as marcas de consumo melhoravam bastante, com a Fiat divulgando 20 km\/l de gasolina no ciclo-padr\u00e3o rodovi\u00e1rio.<\/p>\n<p>&nbsp;<\/p>\n<div class='one_half'>\n\t\t\t\t\t<a href=\"https:\/\/autolivraria.com.br\/bc\/wp-content\/uploads\/2013\/02\/BR-2000-Mille-Smart.jpg\"><img decoding=\"async\" class=\"aligncenter size-meia-largura-post wp-image-21742 lazyload\" title=\"Mille Smart\" data-src=\"https:\/\/autolivraria.com.br\/bc\/wp-content\/uploads\/2013\/02\/BR-2000-Mille-Smart-270x179.jpg\" alt=\"\" width=\"270\" height=\"179\" data-srcset=\"https:\/\/autolivraria.com.br\/bc\/wp-content\/uploads\/2013\/02\/BR-2000-Mille-Smart-270x179.jpg 270w, https:\/\/autolivraria.com.br\/bc\/wp-content\/uploads\/2013\/02\/BR-2000-Mille-Smart-560x373.jpg 560w, https:\/\/autolivraria.com.br\/bc\/wp-content\/uploads\/2013\/02\/BR-2000-Mille-Smart-470x313.jpg 470w, https:\/\/autolivraria.com.br\/bc\/wp-content\/uploads\/2013\/02\/BR-2000-Mille-Smart.jpg 950w\" data-sizes=\"(max-width: 270px) 100vw, 270px\" src=\"data:image\/svg+xml;base64,PHN2ZyB3aWR0aD0iMSIgaGVpZ2h0PSIxIiB4bWxucz0iaHR0cDovL3d3dy53My5vcmcvMjAwMC9zdmciPjwvc3ZnPg==\" style=\"--smush-placeholder-width: 270px; --smush-placeholder-aspect-ratio: 270\/179;\" \/><\/a>\n\t\t\t\t<\/div>\n<div class='one_half last'>\n\t\t\t\t\t<a href=\"https:\/\/autolivraria.com.br\/bc\/wp-content\/uploads\/2013\/02\/BR-2001-Mille-Fire.jpg\"><img decoding=\"async\" class=\"aligncenter size-meia-largura-post wp-image-21743 lazyload\" title=\"Mille Fire\" data-src=\"https:\/\/autolivraria.com.br\/bc\/wp-content\/uploads\/2013\/02\/BR-2001-Mille-Fire-270x179.jpg\" alt=\"\" width=\"270\" height=\"179\" data-srcset=\"https:\/\/autolivraria.com.br\/bc\/wp-content\/uploads\/2013\/02\/BR-2001-Mille-Fire-270x179.jpg 270w, https:\/\/autolivraria.com.br\/bc\/wp-content\/uploads\/2013\/02\/BR-2001-Mille-Fire-560x373.jpg 560w, https:\/\/autolivraria.com.br\/bc\/wp-content\/uploads\/2013\/02\/BR-2001-Mille-Fire-470x313.jpg 470w, https:\/\/autolivraria.com.br\/bc\/wp-content\/uploads\/2013\/02\/BR-2001-Mille-Fire.jpg 950w\" data-sizes=\"(max-width: 270px) 100vw, 270px\" src=\"data:image\/svg+xml;base64,PHN2ZyB3aWR0aD0iMSIgaGVpZ2h0PSIxIiB4bWxucz0iaHR0cDovL3d3dy53My5vcmcvMjAwMC9zdmciPjwvc3ZnPg==\" style=\"--smush-placeholder-width: 270px; --smush-placeholder-aspect-ratio: 270\/179;\" \/><\/a>\n\t\t\t\t<\/div><div class='clear'><\/div>\n<p style=\"text-align: center;\"><em>\u00a0<\/em><br \/>\n<em>Um ano depois do Smart, com sua nova grade, chegava o Mille Fire: motor mais<\/em><br \/>\n<em>leve, maior torque em baixa rota\u00e7\u00e3o e fim dos problemas com correia dentada\u00a0<\/em><\/p>\n<p>&nbsp;<\/p>\n<p>Com o novo motor, que era 20% mais leve, encerrava-se o problema cr\u00f4nico de baixa vida \u00fatil da correia de acionamento do comando de v\u00e1lvulas, agora com troca a cada 100 mil km. O Fire vinha ainda com outros retrovisores, imobilizador eletr\u00f4nico e novo logotipo na grade. No Uno Furg\u00e3o, que n\u00e3o seria beneficiado por menor IPI pelo uso de motor de 1,0 litro, outra vers\u00e3o do Fire \u2014 a de 1,25 litro \u2014 era adotada em 2003. O utilit\u00e1rio foi o \u00fanico Uno a usar no Brasil esse motor que equipou diversos modelos da linha Fiat, mas o modelo de passageiros o recebeu para exporta\u00e7\u00e3o.<\/p>\n<p>&nbsp;<\/p>\n<div class='code-block code-block-7' style='margin: 28px auto; text-align: center; display: block; clear: both;'>\n<script async src=\"https:\/\/pagead2.googlesyndication.com\/pagead\/js\/adsbygoogle.js\"><\/script>\n<!-- AL-quadrado -->\n<ins class=\"adsbygoogle\"\n     style=\"display:block\"\n     data-ad-client=\"ca-pub-1914799802606213\"\n     data-ad-slot=\"5683066082\"\n     data-ad-format=\"auto\"\n     data-full-width-responsive=\"true\"><\/ins>\n<script>\n     (adsbygoogle = window.adsbygoogle || []).push({});\n<\/script><\/div>\n\n<p>&nbsp;<\/p>\n<p>As maiores altera\u00e7\u00f5es de estilo da hist\u00f3ria da primeira gera\u00e7\u00e3o do modelo vinham em fevereiro de 2004. N\u00e3o se sabe bem a raz\u00e3o \u2014 seria uma tentativa de convencer o p\u00fablico a migrar para o Palio, para que o veterano pudesse sair de produ\u00e7\u00e3o de uma vez? \u2014, a Fiat escolheu uma linha de desenho controversa, que n\u00e3o o deixou mais bonito ou moderno. A frente mostrava uma grade exagerada em tamanho e detalhes, com certo ar de Dobl\u00f2, e as lanternas traseiras ficavam mais baixas, com um aspecto modesto.<\/p>\n<p>Por outro lado, os far\u00f3is passavam a ter refletores de <a href=\"https:\/\/autolivraria.com.br\/bc\/glossario-s\/#supe\">superf\u00edcie complexa<\/a> e lentes de <a href=\"https:\/\/autolivraria.com.br\/bc\/glossario-p\/#poli\">policarbonato<\/a>, os instrumentos vinham mais atuais (os mesmos do Palio) e havia op\u00e7\u00e3o de para-choques pintados na cor da carroceria, ao lado da oferta de dire\u00e7\u00e3o assistida, instalada em concession\u00e1ria.<\/p>\n<p>&nbsp;<\/p>\n<p><a href=\"https:\/\/autolivraria.com.br\/bc\/wp-content\/uploads\/2013\/02\/BR-2004-Mille-3.jpg\"><img decoding=\"async\" class=\"aligncenter size-medium wp-image-21744 lazyload\" title=\"Mille Fire\" data-src=\"https:\/\/autolivraria.com.br\/bc\/wp-content\/uploads\/2013\/02\/BR-2004-Mille-3-560x373.jpg\" alt=\"\" width=\"560\" height=\"373\" data-srcset=\"https:\/\/autolivraria.com.br\/bc\/wp-content\/uploads\/2013\/02\/BR-2004-Mille-3-560x373.jpg 560w, https:\/\/autolivraria.com.br\/bc\/wp-content\/uploads\/2013\/02\/BR-2004-Mille-3-470x313.jpg 470w, https:\/\/autolivraria.com.br\/bc\/wp-content\/uploads\/2013\/02\/BR-2004-Mille-3-270x179.jpg 270w, https:\/\/autolivraria.com.br\/bc\/wp-content\/uploads\/2013\/02\/BR-2004-Mille-3.jpg 950w\" data-sizes=\"(max-width: 560px) 100vw, 560px\" src=\"data:image\/svg+xml;base64,PHN2ZyB3aWR0aD0iMSIgaGVpZ2h0PSIxIiB4bWxucz0iaHR0cDovL3d3dy53My5vcmcvMjAwMC9zdmciPjwvc3ZnPg==\" style=\"--smush-placeholder-width: 560px; --smush-placeholder-aspect-ratio: 560\/373;\" \/><\/a><\/p>\n<p style=\"text-align: center;\"><em>\u00a0<\/em><br \/>\n<em>Renovado, mas n\u00e3o mais bonito, o Mille ganhava outro aspecto de frente e<\/em>\u00a0<em>traseira<br \/>\nem 2004; dire\u00e7\u00e3o assistida e para-choques na cor do carro eram oferecidos\u00a0<\/em><\/p>\n<p>&nbsp;<\/p>\n<p>Ao avaliar o Mille renovado, o <strong>Best Cars<\/strong> considerou-o um sucessor para o Fusca: &#8220;O que realmente conquista nesse Fiat \u00e9 oferecer, a um custo imbat\u00edvel, um conjunto de qualidades que o tornam plenamente vi\u00e1vel como carro popular dos tempos modernos. O Mille oferece acomoda\u00e7\u00f5es melhores que as de carros mais recentes, um motor de concep\u00e7\u00e3o atual. N\u00e3o menos importante, \u00e9 contempor\u00e2neo ao volante: dos freios \u00e0 suspens\u00e3o, nada existe no Mille que traga dificuldades ao motorista, mesmo \u00e0quele que o dirige em altern\u00e2ncia com modelos mais modernos&#8221;.<\/p>\n<p>Claro que n\u00e3o havia luxo em nosso carro mais barato: &#8220;O interior do Uno \u00e9 de uma simplicidade franciscana, com chapa aparente nas portas e colunas, pl\u00e1sticos baratos, nenhuma al\u00e7a de teto. Os ru\u00eddos de rodagem dos pneus s\u00e3o ouvidos claramente. Mais relevante \u00e9 o que ele oferece em praticidade e boas solu\u00e7\u00f5es de projeto. Os fininhos pneus 145\/80-13 n\u00e3o comprometem e o leve Mille pode ser dirigido com vigor sem maior preocupa\u00e7\u00e3o. No dia a dia, as respostas r\u00e1pidas trazidas pelo bom torque em baixa rota\u00e7\u00e3o mascaram a baixa pot\u00eancia. Simples, eficiente, \u00e1gil, econ\u00f4mico, n\u00e3o resta d\u00favida: o Millezinho ainda vai longe&#8221;.<\/p>\n<p>Em mar\u00e7o de 2005 o motor Fire tornava-se flex\u00edvel em combust\u00edvel, seguindo a tend\u00eancia do mercado. A Fiat havia adotado essa tecnologia em 2003 no Palio de 1,25 litro, mas deixou os 1,0-litro para depois por n\u00e3o haver para eles o benef\u00edcio de menor al\u00edquota de IPI. O Mille sa\u00eda ganhando em pot\u00eancia (passava de 55 para 65\/66 cv, com gasolina e \u00e1lcool, na ordem) e em torque (de 8,5 para 9,1\/9,2 m.kgf). Recebia ainda term\u00f4metro do motor no painel e uma grade mais agrad\u00e1vel no lugar da bastante criticada do modelo anterior.<\/p>\n<table border=\"0\">\n<tbody>\n<tr>\n<td><a href='https:\/\/autolivraria.com.br\/bc\/informe-se\/passado\/fiat\/fiat-uno-a-grande-familia-e-seu-ultimo-rebento\/7\/' class='small-button smallsilver'>Pr\u00f3xima parte<\/a><\/td>\n<\/tr>\n<\/tbody>\n<\/table>\n<p>&nbsp;<\/p>\n<div class='et-box et-shadow'>\n\t\t\t\t\t<div class='et-box-content'><h2>Nas telas<\/h2>\n<table id=\"table1\" border=\"0\" cellspacing=\"0\" cellpadding=\"0\">\n<tbody>\n<tr>\n<td width=\"170\" height=\"150\"><img decoding=\"async\" class=\"alignnone size-full wp-image-21745 lazyload\" title=\"Target\" data-src=\"https:\/\/autolivraria.com.br\/bc\/wp-content\/uploads\/2013\/02\/Telas-Target.jpg\" alt=\"\" width=\"150\" height=\"110\" src=\"data:image\/svg+xml;base64,PHN2ZyB3aWR0aD0iMSIgaGVpZ2h0PSIxIiB4bWxucz0iaHR0cDovL3d3dy53My5vcmcvMjAwMC9zdmciPjwvc3ZnPg==\" style=\"--smush-placeholder-width: 150px; --smush-placeholder-aspect-ratio: 150\/110;\" \/><\/td>\n<td width=\"170\" height=\"150\"><img decoding=\"async\" class=\"alignnone size-full wp-image-21746 lazyload\" title=\"Una Storia Semplice\" data-src=\"https:\/\/autolivraria.com.br\/bc\/wp-content\/uploads\/2013\/02\/Telas-Una-Storia-Semplice.jpg\" alt=\"\" width=\"150\" height=\"110\" src=\"data:image\/svg+xml;base64,PHN2ZyB3aWR0aD0iMSIgaGVpZ2h0PSIxIiB4bWxucz0iaHR0cDovL3d3dy53My5vcmcvMjAwMC9zdmciPjwvc3ZnPg==\" style=\"--smush-placeholder-width: 150px; --smush-placeholder-aspect-ratio: 150\/110;\" \/><\/td>\n<td width=\"170\" height=\"150\"><img decoding=\"async\" class=\"alignnone size-full wp-image-21747 lazyload\" title=\"O Ultimato Bourne\" data-src=\"https:\/\/autolivraria.com.br\/bc\/wp-content\/uploads\/2013\/02\/Tela-The-Bourne-Ultimatum.jpg\" alt=\"\" width=\"150\" height=\"110\" src=\"data:image\/svg+xml;base64,PHN2ZyB3aWR0aD0iMSIgaGVpZ2h0PSIxIiB4bWxucz0iaHR0cDovL3d3dy53My5vcmcvMjAwMC9zdmciPjwvc3ZnPg==\" style=\"--smush-placeholder-width: 150px; --smush-placeholder-aspect-ratio: 150\/110;\" \/><\/td>\n<\/tr>\n<\/tbody>\n<\/table>\n<p>O Uno pode ser visto em v\u00e1rios filmes europeus, sobretudo italianos. Para ficar entre os que mostram o carro por mais tempo ou em atua\u00e7\u00f5es mais relevantes, vale citar os modelos iniciais italianos da a\u00e7\u00e3o <em>Target<\/em> (1985), do terror <em>Un Delitto Poco Comune<\/em> (1988), da com\u00e9dia <em>Palombella Rossa<\/em> (1989) e do drama <em>Una Storia Semplice<\/em> (1991).<\/p>\n<p>Na a\u00e7\u00e3o <em>O Ultimato Bourne<\/em> (<em>The Bourne Ultimatum<\/em>, 2007) aparece um modelo da segunda fase italiana como viatura policial. Outro carro dessa fase termina queimado na com\u00e9dia alem\u00e3 <em>African Race \u2013 Die Verr\u00fcckte Jagd nach dem Marakunda<\/em> (2008), filmada na \u00c1frica do Sul. Quanto ao modelo brasileiro, um Mille dos anos 90 est\u00e1 no policial <em>Tropa de Elite<\/em> (2007).<\/p>\n<table id=\"table1\" border=\"0\" cellspacing=\"0\" cellpadding=\"0\">\n<tbody>\n<tr>\n<td width=\"170\" height=\"150\"><img decoding=\"async\" class=\"alignnone size-full wp-image-21748 lazyload\" title=\"A Pr\u00f3xima V\u00edtima\" data-src=\"https:\/\/autolivraria.com.br\/bc\/wp-content\/uploads\/2013\/02\/Telas-A-Proxima-Vitima.jpg\" alt=\"\" width=\"150\" height=\"110\" src=\"data:image\/svg+xml;base64,PHN2ZyB3aWR0aD0iMSIgaGVpZ2h0PSIxIiB4bWxucz0iaHR0cDovL3d3dy53My5vcmcvMjAwMC9zdmciPjwvc3ZnPg==\" style=\"--smush-placeholder-width: 150px; --smush-placeholder-aspect-ratio: 150\/110;\" \/><\/td>\n<td width=\"170\" height=\"150\"><img decoding=\"async\" class=\"alignnone size-full wp-image-21749 lazyload\" title=\"Era Uma Vez\" data-src=\"https:\/\/autolivraria.com.br\/bc\/wp-content\/uploads\/2013\/02\/Telas-Era-Uma-Vez.jpg\" alt=\"\" width=\"150\" height=\"110\" src=\"data:image\/svg+xml;base64,PHN2ZyB3aWR0aD0iMSIgaGVpZ2h0PSIxIiB4bWxucz0iaHR0cDovL3d3dy53My5vcmcvMjAwMC9zdmciPjwvc3ZnPg==\" style=\"--smush-placeholder-width: 150px; --smush-placeholder-aspect-ratio: 150\/110;\" \/><\/td>\n<td width=\"170\" height=\"150\"><img decoding=\"async\" class=\"alignnone size-full wp-image-21750 lazyload\" title=\"A Grande Fam\u00edlia\" data-src=\"https:\/\/autolivraria.com.br\/bc\/wp-content\/uploads\/2013\/02\/Telas-A-Grande-Familia-2.jpg\" alt=\"\" width=\"150\" height=\"110\" src=\"data:image\/svg+xml;base64,PHN2ZyB3aWR0aD0iMSIgaGVpZ2h0PSIxIiB4bWxucz0iaHR0cDovL3d3dy53My5vcmcvMjAwMC9zdmciPjwvc3ZnPg==\" style=\"--smush-placeholder-width: 150px; --smush-placeholder-aspect-ratio: 150\/110;\" \/><\/td>\n<\/tr>\n<\/tbody>\n<\/table>\n<p>O Uno figurou bastante em nossas telenovelas. Em <em>Por Amor<\/em> (1997), o personagem C\u00e9sar (Marcelo Cerrado) dirige seu Uno em alta velocidade e, ao desviar de uma crian\u00e7a na rua, bate em uma \u00e1rvore. J\u00e1 um Mille ELX \u00e9 o carro da fam\u00edlia de Irene (Viviane Pasmanter) em <em>A Pr\u00f3xima V\u00edtima<\/em> (1995). Ele aparece em cenas importantes: na morte da tia, J\u00falia (Gl\u00f3ria Menezes), que \u00e9 interceptada pelo Opala do assassino e alvejada com um tiro no peito; e depois sendo dirigido pela pr\u00f3pria Irene durante uma persegui\u00e7\u00e3o ao criminoso da novela. O Pr\u00eamio tamb\u00e9m faz uma ponta no folhetim quando a perversa Isabela (Cl\u00e1udia Ohana) mata a secret\u00e1ria Andreia (Vera Gimenez) e empurra o carro com o corpo para dentro de uma represa.<\/p>\n<p>Tamb\u00e9m \u00e9 poss\u00edvel ver o Uno, mesmo de relance, em <em>Mulheres de Areia<\/em> (1993), <em>Da Cor do Pecado<\/em> (2004), <em>Prova de Amor<\/em> (2005), <em>Insensato Cora\u00e7\u00e3o<\/em> (2011-2012), em um acidente na s\u00e9rie <em>Presen\u00e7a de Anita<\/em> (2001), em <em>A Grande Fam\u00edlia<\/em> (desde 2001) e <em>O Astro<\/em> (2011).<\/p>\n<p>J\u00e1 a Elba aparece em uma persegui\u00e7\u00e3o na novela <em>Era Uma Vez<\/em> (1998). Em seu Fiat Tipo, Bruna (Andr\u00e9a Beltr\u00e3o) persegue D\u00e9bora (\u00c2ngela Figueiredo) que dirige a Elba at\u00e9 que, perdendo o controle do carro, cai em um rio e morre afogada. A perua tamb\u00e9m surge em <em>Fina Estampa<\/em> (2011-2012), <em>Para\u00edso Tropical<\/em> (2007) e <em>A Grande Fam\u00edlia<\/em>, como num epis\u00f3dio em que serve para venda de pamonha.<\/p>\n<p><em>Colaborou Thiago Mariz<\/em><\/p><\/div><\/div>\n<p>&nbsp;<\/p>\n<div class='et-box et-shadow'>\n\t\t\t\t\t<div class='et-box-content'><h2>Para ler<\/h2>\n<table id=\"table1\" border=\"0\" cellspacing=\"0\" cellpadding=\"0\">\n<tbody>\n<tr>\n<td width=\"170\" height=\"190\"><img decoding=\"async\" class=\"alignnone size-full wp-image-21751 lazyload\" title=\"Todos os Fiat\" data-src=\"https:\/\/autolivraria.com.br\/bc\/wp-content\/uploads\/2013\/02\/Livro-Todos-os-Fiat.jpg\" alt=\"\" width=\"150\" height=\"100\" src=\"data:image\/svg+xml;base64,PHN2ZyB3aWR0aD0iMSIgaGVpZ2h0PSIxIiB4bWxucz0iaHR0cDovL3d3dy53My5vcmcvMjAwMC9zdmciPjwvc3ZnPg==\" style=\"--smush-placeholder-width: 150px; --smush-placeholder-aspect-ratio: 150\/100;\" \/><\/td>\n<td width=\"170\" height=\"190\"><img decoding=\"async\" class=\"alignnone size-full wp-image-21752 lazyload\" title=\"Great Small Fiats\" data-src=\"https:\/\/autolivraria.com.br\/bc\/wp-content\/uploads\/2013\/02\/Livro-Great-Small-Fiats.jpg\" alt=\"\" width=\"110\" height=\"150\" src=\"data:image\/svg+xml;base64,PHN2ZyB3aWR0aD0iMSIgaGVpZ2h0PSIxIiB4bWxucz0iaHR0cDovL3d3dy53My5vcmcvMjAwMC9zdmciPjwvc3ZnPg==\" style=\"--smush-placeholder-width: 110px; --smush-placeholder-aspect-ratio: 110\/150;\" \/><\/td>\n<td width=\"170\" height=\"190\"><img decoding=\"async\" class=\"alignnone size-full wp-image-21753 lazyload\" title=\"Cento E Uno Anni di Fiat\" data-src=\"https:\/\/autolivraria.com.br\/bc\/wp-content\/uploads\/2013\/02\/Livro-Cento-E-Uno-Anni-di-Fiat.jpg\" alt=\"\" width=\"110\" height=\"150\" src=\"data:image\/svg+xml;base64,PHN2ZyB3aWR0aD0iMSIgaGVpZ2h0PSIxIiB4bWxucz0iaHR0cDovL3d3dy53My5vcmcvMjAwMC9zdmciPjwvc3ZnPg==\" style=\"--smush-placeholder-width: 110px; --smush-placeholder-aspect-ratio: 110\/150;\" \/><\/td>\n<\/tr>\n<\/tbody>\n<\/table>\n<p><em>Todos os Fiat<\/em> &#8211; Seguindo o modelo da matriz italiana, a Fiat brasileira lan\u00e7ou em 2011 um livro sobre seus 35 anos de hist\u00f3ria no Pa\u00eds. Com 640 p\u00e1ginas entre as se\u00e7\u00f5es em portugu\u00eas, espanhol e ingl\u00eas, traz textos, fotos e dados t\u00e9cnicos de todos os modelos vendidos pela marca, nas principais vers\u00f5es, do pioneiro 147 aos recentes Uno e Bravo. A fam\u00edlia Uno, claro, ocupa parcela expressiva da obra, que foi colocada \u00e0 venda ao p\u00fablico no Sal\u00e3o de S\u00e3o Paulo de 2012.<\/p>\n<p><em>1001 Dream Cars You Must Drive Before You Die &#8211;<\/em> por Simon Heptinstall, editora Universe. O t\u00edtulo \u00e9 sugestivo: 1001 carros de sonho que voc\u00ea precisa dirigir antes de morrer. S\u00e3o nada menos que 960 p\u00e1ginas com autom\u00f3veis de todos os tempos, considerados especiais pelas mais diferentes raz\u00f5es. O livro de 2012 aborda 25 modelos da Fiat, incluindo o Uno Turbo.<\/p>\n<p><em>Great Small Fiats<\/em> &#8211; por Phil Ward, editora Veloce. Entre os &#8220;grandes pequenos Fiats&#8221; est\u00e3o modelos desde os anos 30, \u00e9poca do <a href=\"https:\/\/www.autolivraria.com.br\/cpassado2\/topolino-1.htm\">500A Topolino<\/a>, at\u00e9 nosso dias (a obra \u00e9 de 2007). As 176 p\u00e1ginas incluem oito dedicadas ao Uno, que mostram at\u00e9 mesmo o Duna e a Duna Weekend exportados do Brasil para a It\u00e1lia. H\u00e1 tamb\u00e9m carros feitos sob licen\u00e7a da Fiat em outros pa\u00edses, modelos de competi\u00e7\u00e3o e os chamados &#8220;etceterini&#8221;, que aqui conhecemos como carros fora de s\u00e9rie.<\/p>\n<p><em>Cento&#8230; E Uno Anni di Fiat: Da Agnelli alla General Motors &#8211;<\/em> editora Massari. Livro em italiano publicado em 2000, um ano ap\u00f3s a f\u00e1brica de Turim completar o primeiro centen\u00e1rio. Tem 144 p\u00e1ginas.<\/p><\/div><\/div>\n<p>&nbsp;<\/p>\n<table border=\"0\">\n<tbody>\n<tr>\n<td><a href='https:\/\/autolivraria.com.br\/bc\/informe-se\/passado\/fiat\/fiat-uno-a-grande-familia-e-seu-ultimo-rebento\/7\/' class='small-button smallsilver'>Pr\u00f3xima parte<\/a><\/td>\n<\/tr>\n<\/tbody>\n<\/table>\n<p>&nbsp;<\/p>\n<p><!--nextpage--><\/p>\n<p>&nbsp;<\/p>\n<div class='one_third'>\n\t\t\t\t\t<a href=\"https:\/\/autolivraria.com.br\/bc\/wp-content\/uploads\/2013\/02\/BR-2006-Mille-Flex-kit-Way.jpg\"><img decoding=\"async\" class=\"aligncenter size-thumbnail wp-image-21754 lazyload\" title=\"Mille Flex Way\" data-src=\"https:\/\/autolivraria.com.br\/bc\/wp-content\/uploads\/2013\/02\/BR-2006-Mille-Flex-kit-Way-168x168.jpg\" alt=\"\" width=\"168\" height=\"168\" data-srcset=\"https:\/\/autolivraria.com.br\/bc\/wp-content\/uploads\/2013\/02\/BR-2006-Mille-Flex-kit-Way-168x168.jpg 168w, https:\/\/autolivraria.com.br\/bc\/wp-content\/uploads\/2013\/02\/BR-2006-Mille-Flex-kit-Way-100x100.jpg 100w\" data-sizes=\"(max-width: 168px) 100vw, 168px\" src=\"data:image\/svg+xml;base64,PHN2ZyB3aWR0aD0iMSIgaGVpZ2h0PSIxIiB4bWxucz0iaHR0cDovL3d3dy53My5vcmcvMjAwMC9zdmciPjwvc3ZnPg==\" style=\"--smush-placeholder-width: 168px; --smush-placeholder-aspect-ratio: 168\/168;\" \/><\/a>\n\t\t\t\t<\/div>\n<div class='one_third'>\n\t\t\t\t\t<a href=\"https:\/\/autolivraria.com.br\/bc\/wp-content\/uploads\/2013\/02\/BR-2009-Mille-Economy.jpg\"><img decoding=\"async\" class=\"aligncenter size-thumbnail wp-image-21755 lazyload\" title=\"Mille Economy\" data-src=\"https:\/\/autolivraria.com.br\/bc\/wp-content\/uploads\/2013\/02\/BR-2009-Mille-Economy-168x168.jpg\" alt=\"\" width=\"168\" height=\"168\" data-srcset=\"https:\/\/autolivraria.com.br\/bc\/wp-content\/uploads\/2013\/02\/BR-2009-Mille-Economy-168x168.jpg 168w, https:\/\/autolivraria.com.br\/bc\/wp-content\/uploads\/2013\/02\/BR-2009-Mille-Economy-100x100.jpg 100w\" data-sizes=\"(max-width: 168px) 100vw, 168px\" src=\"data:image\/svg+xml;base64,PHN2ZyB3aWR0aD0iMSIgaGVpZ2h0PSIxIiB4bWxucz0iaHR0cDovL3d3dy53My5vcmcvMjAwMC9zdmciPjwvc3ZnPg==\" style=\"--smush-placeholder-width: 168px; --smush-placeholder-aspect-ratio: 168\/168;\" \/><\/a>\n\t\t\t\t<\/div>\n<div class='one_third last'>\n\t\t\t\t\t<a href=\"https:\/\/autolivraria.com.br\/bc\/wp-content\/uploads\/2013\/02\/BR-2009-Mille-Economy-2.jpg\"><img decoding=\"async\" class=\"aligncenter size-thumbnail wp-image-21756 lazyload\" title=\"Mille Economy\" data-src=\"https:\/\/autolivraria.com.br\/bc\/wp-content\/uploads\/2013\/02\/BR-2009-Mille-Economy-2-168x168.jpg\" alt=\"\" width=\"168\" height=\"168\" data-srcset=\"https:\/\/autolivraria.com.br\/bc\/wp-content\/uploads\/2013\/02\/BR-2009-Mille-Economy-2-168x168.jpg 168w, https:\/\/autolivraria.com.br\/bc\/wp-content\/uploads\/2013\/02\/BR-2009-Mille-Economy-2-100x100.jpg 100w\" data-sizes=\"(max-width: 168px) 100vw, 168px\" src=\"data:image\/svg+xml;base64,PHN2ZyB3aWR0aD0iMSIgaGVpZ2h0PSIxIiB4bWxucz0iaHR0cDovL3d3dy53My5vcmcvMjAwMC9zdmciPjwvc3ZnPg==\" style=\"--smush-placeholder-width: 168px; --smush-placeholder-aspect-ratio: 168\/168;\" \/><\/a>\n\t\t\t\t<\/div><div class='clear'><\/div>\n<p style=\"text-align: center;\"><em>\u00a0<\/em><br \/>\n<em>Depois do motor flex\u00edvel aparecia o pacote Way, com suspens\u00e3o elevada; para<\/em><br \/>\n<em>2009 o Mille ganhava altera\u00e7\u00f5es para reduzir o consumo na vers\u00e3o Economy\u00a0<\/em><\/p>\n<p>&nbsp;<\/p>\n<p>De olho no p\u00fablico que o usava fora do asfalto, como no interior do Pa\u00eds, a Fiat passava a oferecer em mar\u00e7o de 2006 o pacote opcional Way, aplicado de f\u00e1brica. Mais que um visual aventureiro, o conjunto buscava facilitar o tr\u00e1fego nessas condi\u00e7\u00f5es, com altura de rodagem 44 mm maior, pneus 175\/70 R 13 (mais altos e largos que os 145\/80 R 13 do Mille b\u00e1sico) e molduras pretas nos arcos dos para-lamas.<\/p>\n<p>Novas evolu\u00e7\u00f5es com foco em um de seus maiores atributos \u2014 a economia de combust\u00edvel \u2014 vinham em agosto de 2008 com o Mille Economy. As modifica\u00e7\u00f5es estavam em v\u00e1rios campos: geometria de suspens\u00e3o revista para menor resist\u00eancia ao rolamento, pneus com a mesma caracter\u00edstica, c\u00e2mbio com quinta marcha mais longa e motor com redu\u00e7\u00f5es de peso e atrito. Por fora, o Economy adotava nova grade e pintura parcial dos para-choques, al\u00e9m de oferecer rodas de alum\u00ednio. No painel, um econ\u00f4metro sugeria ao motorista dirigir com menor rota\u00e7\u00e3o e acelerador mais aberto, como recomenda o <a href=\"https:\/\/autolivraria.com.br\/bc\/glossario-m\/#meto\">m\u00e9todo carga<\/a>. E o pacote Way tornava-se vers\u00e3o normal de linha.<\/p>\n<h3>Quadrado arredondado<\/h3>\n<p>O Uno original, ao contr\u00e1rio do que muitos previam, n\u00e3o foi substitu\u00eddo em poucos anos pelo Palio. No entanto, a Fiat passou a desenvolver no Brasil uma segunda gera\u00e7\u00e3o com o carism\u00e1tico nome, que chegava ao mercado em maio de 2010. Seu estilo seguia o tema definido como &#8220;quadrado arredondado&#8221;, ou com cantos curvos, e conseguia uma forte identidade mesmo sem lembrar o antecessor dos anos 80.<\/p>\n<p>&nbsp;<\/p>\n<p><a href=\"https:\/\/autolivraria.com.br\/bc\/wp-content\/uploads\/2013\/02\/BR-2010-Uno-Attractive-1.jpg\"><img decoding=\"async\" class=\"aligncenter size-medium wp-image-21757 lazyload\" title=\"Uno Attractive\" data-src=\"https:\/\/autolivraria.com.br\/bc\/wp-content\/uploads\/2013\/02\/BR-2010-Uno-Attractive-1-560x373.jpg\" alt=\"\" width=\"560\" height=\"373\" data-srcset=\"https:\/\/autolivraria.com.br\/bc\/wp-content\/uploads\/2013\/02\/BR-2010-Uno-Attractive-1-560x373.jpg 560w, https:\/\/autolivraria.com.br\/bc\/wp-content\/uploads\/2013\/02\/BR-2010-Uno-Attractive-1-470x313.jpg 470w, https:\/\/autolivraria.com.br\/bc\/wp-content\/uploads\/2013\/02\/BR-2010-Uno-Attractive-1-270x179.jpg 270w, https:\/\/autolivraria.com.br\/bc\/wp-content\/uploads\/2013\/02\/BR-2010-Uno-Attractive-1.jpg 1280w\" data-sizes=\"(max-width: 560px) 100vw, 560px\" src=\"data:image\/svg+xml;base64,PHN2ZyB3aWR0aD0iMSIgaGVpZ2h0PSIxIiB4bWxucz0iaHR0cDovL3d3dy53My5vcmcvMjAwMC9zdmciPjwvc3ZnPg==\" style=\"--smush-placeholder-width: 560px; --smush-placeholder-aspect-ratio: 560\/373;\" \/><\/a><\/p>\n<p>&nbsp;<\/p>\n<div class='one_third'>\n\t\t\t\t\t<a href=\"https:\/\/autolivraria.com.br\/bc\/wp-content\/uploads\/2013\/02\/BR-2010-Uno-Attractive-2.jpg\"><img decoding=\"async\" class=\"aligncenter size-thumbnail wp-image-21758 lazyload\" title=\"Uno Attractive\" data-src=\"https:\/\/autolivraria.com.br\/bc\/wp-content\/uploads\/2013\/02\/BR-2010-Uno-Attractive-2-168x168.jpg\" alt=\"\" width=\"168\" height=\"168\" data-srcset=\"https:\/\/autolivraria.com.br\/bc\/wp-content\/uploads\/2013\/02\/BR-2010-Uno-Attractive-2-168x168.jpg 168w, https:\/\/autolivraria.com.br\/bc\/wp-content\/uploads\/2013\/02\/BR-2010-Uno-Attractive-2-100x100.jpg 100w\" data-sizes=\"(max-width: 168px) 100vw, 168px\" src=\"data:image\/svg+xml;base64,PHN2ZyB3aWR0aD0iMSIgaGVpZ2h0PSIxIiB4bWxucz0iaHR0cDovL3d3dy53My5vcmcvMjAwMC9zdmciPjwvc3ZnPg==\" style=\"--smush-placeholder-width: 168px; --smush-placeholder-aspect-ratio: 168\/168;\" \/><\/a>\n\t\t\t\t<\/div>\n<div class='one_third'>\n\t\t\t\t\t<a href=\"https:\/\/autolivraria.com.br\/bc\/wp-content\/uploads\/2013\/02\/BR-2010-Uno-Attractive-3.jpg\"><img decoding=\"async\" class=\"aligncenter size-thumbnail wp-image-21759 lazyload\" title=\"Uno Attractive\" data-src=\"https:\/\/autolivraria.com.br\/bc\/wp-content\/uploads\/2013\/02\/BR-2010-Uno-Attractive-3-168x168.jpg\" alt=\"\" width=\"168\" height=\"168\" data-srcset=\"https:\/\/autolivraria.com.br\/bc\/wp-content\/uploads\/2013\/02\/BR-2010-Uno-Attractive-3-168x168.jpg 168w, https:\/\/autolivraria.com.br\/bc\/wp-content\/uploads\/2013\/02\/BR-2010-Uno-Attractive-3-100x100.jpg 100w\" data-sizes=\"(max-width: 168px) 100vw, 168px\" src=\"data:image\/svg+xml;base64,PHN2ZyB3aWR0aD0iMSIgaGVpZ2h0PSIxIiB4bWxucz0iaHR0cDovL3d3dy53My5vcmcvMjAwMC9zdmciPjwvc3ZnPg==\" style=\"--smush-placeholder-width: 168px; --smush-placeholder-aspect-ratio: 168\/168;\" \/><\/a>\n\t\t\t\t<\/div>\n<div class='one_third last'>\n\t\t\t\t\t<a href=\"https:\/\/autolivraria.com.br\/bc\/wp-content\/uploads\/2013\/02\/BR-2010-Uno-Vivace-2.jpg\"><img decoding=\"async\" class=\"aligncenter size-thumbnail wp-image-21766 lazyload\" title=\"Uno Vivace\" data-src=\"https:\/\/autolivraria.com.br\/bc\/wp-content\/uploads\/2013\/02\/BR-2010-Uno-Vivace-2-168x168.jpg\" alt=\"\" width=\"168\" height=\"168\" data-srcset=\"https:\/\/autolivraria.com.br\/bc\/wp-content\/uploads\/2013\/02\/BR-2010-Uno-Vivace-2-168x168.jpg 168w, https:\/\/autolivraria.com.br\/bc\/wp-content\/uploads\/2013\/02\/BR-2010-Uno-Vivace-2-100x100.jpg 100w\" data-sizes=\"(max-width: 168px) 100vw, 168px\" src=\"data:image\/svg+xml;base64,PHN2ZyB3aWR0aD0iMSIgaGVpZ2h0PSIxIiB4bWxucz0iaHR0cDovL3d3dy53My5vcmcvMjAwMC9zdmciPjwvc3ZnPg==\" style=\"--smush-placeholder-width: 168px; --smush-placeholder-aspect-ratio: 168\/168;\" \/><\/a>\n\t\t\t\t<\/div><div class='clear'><\/div>\n<p style=\"text-align: center;\"><em>\u00a0<\/em><br \/>\n<em>Mesmo sem lembrar muito o original, o novo Uno mantinha seus atributos em<\/em><br \/>\n<em>um pacote atualizado; a carroceria de tr\u00eas portas vinha em segunda fase<\/em><\/p>\n<p>&nbsp;<\/p>\n<p>O novo Uno chegava em vers\u00f5es Vivace com motor de 1,0 litro, Attractive de 1,4 litro e Way, que oferecia ambos os motores em um pacote com suspens\u00e3o mais alta e elementos externos em pl\u00e1stico preto, para um jeito aventureiro. Havia itens opcionais que o Mille jamais oferecera, como freios com sistema antitravamento (ABS) e <a href=\"https:\/\/autolivraria.com.br\/bc\/glossario-d\/#ebd\">distribui\u00e7\u00e3o eletr\u00f4nica de for\u00e7a entre os eixos (EBD)<\/a>, bolsas infl\u00e1veis frontais, espelho <a href=\"https:\/\/autolivraria.com.br\/bc\/glossario-c\/#conv\">convexo<\/a> junto ao teto para monitorar crian\u00e7as no banco traseiro, sistema de \u00e1udio com interface <a href=\"https:\/\/autolivraria.com.br\/bc\/glossario-b\/#blue\">Bluetooth<\/a> para telefone celular, volante revestido em couro, <a href=\"https:\/\/autolivraria.com.br\/bc\/glossario-s\/#esta\">sensores de estacionamento<\/a> e (in\u00e9dito no Brasil) para-brisa t\u00e9rmico para desemba\u00e7amento.<\/p>\n<p>&nbsp;<\/p>\n<blockquote><p>O Uno de segunda gera\u00e7\u00e3o seguia o tema definido como &#8220;quadrado arredondado&#8221;, ou com cantos curvos, e conseguia uma forte identidade mesmo sem lembrar o antecessor<\/p><\/blockquote>\n<p>&nbsp;<\/p>\n<p>Embora tenha aproveitado em grande parte a arquitetura do Palio, o que inclu\u00eda sua dist\u00e2ncia entre eixos, a Fiat garantia que 82% dos componentes do carro eram novos. Os motores Fire Evo tinham bielas mais longas no 1,0-litro, maior taxa de compress\u00e3o e <a href=\"https:\/\/autolivraria.com.br\/bc\/glossario-v\/#vari\">varia\u00e7\u00e3o de tempo de v\u00e1lvulas<\/a> no 1,4, mas sem grande aumento de pot\u00eancia em rela\u00e7\u00e3o aos do Palio (s\u00f3 o 1,4 ganhava 2 cv com \u00e1lcool). Assim, ficavam com 73\/75 cv e 9,5\/9,9 m.kgf, no caso do 1,0-litro, e com 85\/88 cv e 12,4\/12,5 m.kgf para o 1,4-litro (sempre gasolina\/\u00e1lcool). No restante da mec\u00e2nica, solu\u00e7\u00f5es convencionais e comprovadas \u2014 caso da suspens\u00e3o dianteira com <a href=\"https:\/\/autolivraria.com.br\/bc\/glossario-s\/#subc\">subchassi<\/a>, da traseira por eixo de tor\u00e7\u00e3o e da geometria com <a href=\"https:\/\/autolivraria.com.br\/bc\/glossario-r\/#raio\">raio negativo de rolagem<\/a> \u2014 ocupavam o lugar das peculiaridades do primeiro Uno.<\/p>\n<p>No <strong>Best Cars<\/strong>, a avalia\u00e7\u00e3o inicial mostrou boas impress\u00f5es: &#8220;O motorista senta-se bem e disp\u00f5e de comandos bem alinhados. No banco traseiro o espa\u00e7o vertical \u00e9 muito bom, mas a acomoda\u00e7\u00e3o para as pernas n\u00e3o. Ao rodar com a vers\u00e3o de 1,0 litro, chama aten\u00e7\u00e3o a grande suavidade de funcionamento \u2014 no 1,4 a aspereza j\u00e1 conhecida tira muito do brilho do motor. O comportamento din\u00e2mico \u00e9 invej\u00e1vel, a suspens\u00e3o filtra bem irregularidades e lombadas e a dire\u00e7\u00e3o assistida \u00e9 leve na medida certa. Tudo somado, o Uno mostra atributos certos para \u2014 enfim \u2014 colocar a gama de carros de entrada da Fiat no s\u00e9culo XXI&#8221;.<\/p>\n<p>&nbsp;<\/p>\n<div class='one_third'>\n\t\t\t\t\t<a href=\"https:\/\/autolivraria.com.br\/bc\/wp-content\/uploads\/2013\/02\/BR-2010-Uno-Sporting-1.jpg\"><img decoding=\"async\" class=\"aligncenter size-thumbnail wp-image-21761 lazyload\" title=\"Uno Sporting\" data-src=\"https:\/\/autolivraria.com.br\/bc\/wp-content\/uploads\/2013\/02\/BR-2010-Uno-Sporting-1-168x168.jpg\" alt=\"\" width=\"168\" height=\"168\" data-srcset=\"https:\/\/autolivraria.com.br\/bc\/wp-content\/uploads\/2013\/02\/BR-2010-Uno-Sporting-1-168x168.jpg 168w, https:\/\/autolivraria.com.br\/bc\/wp-content\/uploads\/2013\/02\/BR-2010-Uno-Sporting-1-100x100.jpg 100w\" data-sizes=\"(max-width: 168px) 100vw, 168px\" src=\"data:image\/svg+xml;base64,PHN2ZyB3aWR0aD0iMSIgaGVpZ2h0PSIxIiB4bWxucz0iaHR0cDovL3d3dy53My5vcmcvMjAwMC9zdmciPjwvc3ZnPg==\" style=\"--smush-placeholder-width: 168px; --smush-placeholder-aspect-ratio: 168\/168;\" \/><\/a>\n\t\t\t\t<\/div>\n<div class='one_third'>\n\t\t\t\t\t<a href=\"https:\/\/autolivraria.com.br\/bc\/wp-content\/uploads\/2013\/02\/BR-2010-Uno-Sporting-2.jpg\"><img decoding=\"async\" class=\"aligncenter size-thumbnail wp-image-21762 lazyload\" title=\"Uno Sporting\" data-src=\"https:\/\/autolivraria.com.br\/bc\/wp-content\/uploads\/2013\/02\/BR-2010-Uno-Sporting-2-168x168.jpg\" alt=\"\" width=\"168\" height=\"168\" data-srcset=\"https:\/\/autolivraria.com.br\/bc\/wp-content\/uploads\/2013\/02\/BR-2010-Uno-Sporting-2-168x168.jpg 168w, https:\/\/autolivraria.com.br\/bc\/wp-content\/uploads\/2013\/02\/BR-2010-Uno-Sporting-2-100x100.jpg 100w\" data-sizes=\"(max-width: 168px) 100vw, 168px\" src=\"data:image\/svg+xml;base64,PHN2ZyB3aWR0aD0iMSIgaGVpZ2h0PSIxIiB4bWxucz0iaHR0cDovL3d3dy53My5vcmcvMjAwMC9zdmciPjwvc3ZnPg==\" style=\"--smush-placeholder-width: 168px; --smush-placeholder-aspect-ratio: 168\/168;\" \/><\/a>\n\t\t\t\t<\/div>\n<div class='one_third last'>\n\t\t\t\t\t<a href=\"https:\/\/autolivraria.com.br\/bc\/wp-content\/uploads\/2013\/02\/BR-2010-Uno-Sporting-3.jpg\"><img decoding=\"async\" class=\"aligncenter size-thumbnail wp-image-21763 lazyload\" title=\"Uno Sporting\" data-src=\"https:\/\/autolivraria.com.br\/bc\/wp-content\/uploads\/2013\/02\/BR-2010-Uno-Sporting-3-168x168.jpg\" alt=\"\" width=\"168\" height=\"168\" data-srcset=\"https:\/\/autolivraria.com.br\/bc\/wp-content\/uploads\/2013\/02\/BR-2010-Uno-Sporting-3-168x168.jpg 168w, https:\/\/autolivraria.com.br\/bc\/wp-content\/uploads\/2013\/02\/BR-2010-Uno-Sporting-3-100x100.jpg 100w\" data-sizes=\"(max-width: 168px) 100vw, 168px\" src=\"data:image\/svg+xml;base64,PHN2ZyB3aWR0aD0iMSIgaGVpZ2h0PSIxIiB4bWxucz0iaHR0cDovL3d3dy53My5vcmcvMjAwMC9zdmciPjwvc3ZnPg==\" style=\"--smush-placeholder-width: 168px; --smush-placeholder-aspect-ratio: 168\/168;\" \/><\/a>\n\t\t\t\t<\/div><div class='clear'><\/div>\n<p style=\"text-align: center;\"><em>\u00a0<\/em><br \/>\n<em>A proposta n\u00e3o era t\u00e3o esportiva quanto nos antigos 1.5R e 1.6R, mas o Uno<\/em><br \/>\n<em>Sporting aliava desempenho razo\u00e1vel a interessante decora\u00e7\u00e3o externa e interna<\/em><\/p>\n<p>&nbsp;<\/p>\n<p>Atributos que foram colocados \u00e0 prova em um comparativo do Attractive ao Citro\u00ebn C3 1,4 e ao Renault Sandero 1,6. O Uno saiu-se melhor em desempenho e freios, mas teve o pior motor (pelo \u00edndice de ru\u00eddo e vibra\u00e7\u00e3o) e n\u00e3o mostrou boa rela\u00e7\u00e3o custo-benef\u00edcio.<\/p>\n<p>&nbsp;<\/p>\n<div class='code-block code-block-7' style='margin: 28px auto; text-align: center; display: block; clear: both;'>\n<br>\n<div align=\"center\">\n<a target=\"_blank\" href=\"https:\/\/bestcars.com.br\/bc\/\">\n<img decoding=\"async\" data-src=\"https:\/\/bestcars.com.br\/bc\/wp-content\/uploads\/2021\/07\/Auto-Livraria-450x300-quadros.jpg\" alt=\"Auto Livraria\" src=\"data:image\/svg+xml;base64,PHN2ZyB3aWR0aD0iMSIgaGVpZ2h0PSIxIiB4bWxucz0iaHR0cDovL3d3dy53My5vcmcvMjAwMC9zdmciPjwvc3ZnPg==\" class=\"lazyload\"><\/a>\n<\/div>\n<br><\/div>\n\n<p>&nbsp;<\/p>\n<p>Um ponto alto foi a suspens\u00e3o: &#8220;O lan\u00e7amento da Fiat passou pelo bom trabalho de calibra\u00e7\u00e3o j\u00e1 notado na Idea, no Punto e no Linea: molas e amortecedores bem definidos para um comportamento sadio, sem comprometer o conforto \u2014 apenas as molas traseiras poderiam ser um pouco mais macias. N\u00e3o menos importante, o carro ficou um &#8216;papa-lombadas&#8217;, superando at\u00e9 mesmo o Sandero&#8221;. No entanto, o maior capricho do C3 com aspectos de conforto rendeu-lhe a vit\u00f3ria no comparativo: &#8220;O estreante Uno decepcionou em mais aspectos do que surpreendeu e terminou em segundo lugar, pouco \u00e0 frente do Renault&#8221;.<\/p>\n<p>No Sal\u00e3o do Autom\u00f3vel em outubro aparecia a vers\u00e3o Sporting, com um interessante pacote visual \u2014 rodas de alum\u00ednio de 15 pol, far\u00f3is negros, defletores e saias, escapamento com duas sa\u00eddas e decora\u00e7\u00e3o nas laterais \u2014 associado a leves altera\u00e7\u00f5es t\u00e9cnicas, como pneus mais largos, c\u00e2mbio mais curto, suspens\u00e3o mais firme e uso de coxins hidr\u00e1ulicos no motor de 1,4 litro, o \u00fanico oferecido. Os bancos tinham revestimento exclusivo e o tom vermelho alaranjado estava nos puxadores das portas, no aro ao redor do veloc\u00edmetro, nos bot\u00f5es de comando de ventila\u00e7\u00e3o e na costura do couro do volante.<\/p>\n<p>&nbsp;<\/p>\n<div class='one_third'>\n\t\t\t\t\t<a href=\"https:\/\/autolivraria.com.br\/bc\/wp-content\/uploads\/2013\/02\/BR-2010-Uno-Way-5.jpg\"><img decoding=\"async\" class=\"aligncenter size-thumbnail wp-image-21764 lazyload\" title=\"Uno Way\" data-src=\"https:\/\/autolivraria.com.br\/bc\/wp-content\/uploads\/2013\/02\/BR-2010-Uno-Way-5-168x168.jpg\" alt=\"\" width=\"168\" height=\"168\" data-srcset=\"https:\/\/autolivraria.com.br\/bc\/wp-content\/uploads\/2013\/02\/BR-2010-Uno-Way-5-168x168.jpg 168w, https:\/\/autolivraria.com.br\/bc\/wp-content\/uploads\/2013\/02\/BR-2010-Uno-Way-5-100x100.jpg 100w\" data-sizes=\"(max-width: 168px) 100vw, 168px\" src=\"data:image\/svg+xml;base64,PHN2ZyB3aWR0aD0iMSIgaGVpZ2h0PSIxIiB4bWxucz0iaHR0cDovL3d3dy53My5vcmcvMjAwMC9zdmciPjwvc3ZnPg==\" style=\"--smush-placeholder-width: 168px; --smush-placeholder-aspect-ratio: 168\/168;\" \/><\/a>\n\t\t\t\t<\/div>\n<div class='one_third'>\n\t\t\t\t\t<a href=\"https:\/\/autolivraria.com.br\/bc\/wp-content\/uploads\/2013\/02\/BR-2010-Uno-Way-4.jpg\"><img decoding=\"async\" class=\"aligncenter size-thumbnail wp-image-21765 lazyload\" title=\"Uno Way\" data-src=\"https:\/\/autolivraria.com.br\/bc\/wp-content\/uploads\/2013\/02\/BR-2010-Uno-Way-4-168x168.jpg\" alt=\"\" width=\"168\" height=\"168\" data-srcset=\"https:\/\/autolivraria.com.br\/bc\/wp-content\/uploads\/2013\/02\/BR-2010-Uno-Way-4-168x168.jpg 168w, https:\/\/autolivraria.com.br\/bc\/wp-content\/uploads\/2013\/02\/BR-2010-Uno-Way-4-100x100.jpg 100w\" data-sizes=\"(max-width: 168px) 100vw, 168px\" src=\"data:image\/svg+xml;base64,PHN2ZyB3aWR0aD0iMSIgaGVpZ2h0PSIxIiB4bWxucz0iaHR0cDovL3d3dy53My5vcmcvMjAwMC9zdmciPjwvc3ZnPg==\" style=\"--smush-placeholder-width: 168px; --smush-placeholder-aspect-ratio: 168\/168;\" \/><\/a>\n\t\t\t\t<\/div>\n<div class='one_third last'>\n\t\t\t\t\t<a href=\"https:\/\/autolivraria.com.br\/bc\/wp-content\/uploads\/2013\/02\/BR-2011-Uno-Economy-1.jpg\"><img decoding=\"async\" class=\"aligncenter size-thumbnail wp-image-21767 lazyload\" title=\"Uno Economy\" data-src=\"https:\/\/autolivraria.com.br\/bc\/wp-content\/uploads\/2013\/02\/BR-2011-Uno-Economy-1-168x168.jpg\" alt=\"\" width=\"168\" height=\"168\" data-srcset=\"https:\/\/autolivraria.com.br\/bc\/wp-content\/uploads\/2013\/02\/BR-2011-Uno-Economy-1-168x168.jpg 168w, https:\/\/autolivraria.com.br\/bc\/wp-content\/uploads\/2013\/02\/BR-2011-Uno-Economy-1-100x100.jpg 100w\" data-sizes=\"(max-width: 168px) 100vw, 168px\" src=\"data:image\/svg+xml;base64,PHN2ZyB3aWR0aD0iMSIgaGVpZ2h0PSIxIiB4bWxucz0iaHR0cDovL3d3dy53My5vcmcvMjAwMC9zdmciPjwvc3ZnPg==\" style=\"--smush-placeholder-width: 168px; --smush-placeholder-aspect-ratio: 168\/168;\" \/><\/a>\n\t\t\t\t<\/div><div class='clear'><\/div>\n<p style=\"text-align: center;\"><em>\u00a0<\/em><br \/>\n<em>A vers\u00e3o Way trazia aspecto mais robusto com a suspens\u00e3o alta e elementos<\/em><br \/>\n<em>visuais; depois surgia o Uno Economy, com altera\u00e7\u00f5es para reduzir o consumo<\/em><\/p>\n<p>&nbsp;<\/p>\n<p>Se n\u00e3o chegava a ser um digno sucessor dos 1.5R, 1.6R e Turbo i.e. de outros tempos, compunha uma v\u00e1lida op\u00e7\u00e3o para quem buscava certo tempero em um carro pequeno e acess\u00edvel. No <strong>Best Cars<\/strong>, escrevemos: &#8220;O motor parece suave, com vibra\u00e7\u00f5es contidas. Com torque adequado j\u00e1 em baixas rota\u00e7\u00f5es, \u00e9 relativamente bem disposto. A dire\u00e7\u00e3o \u00e1gil e o c\u00e2mbio justo, associado a uma embreagem macia, tornam o ato de dirigir agrad\u00e1vel e, mesmo se faltam cavalos sob o p\u00e9 direito, a esportividade transparece pela facilidade com que ele se deixa conduzir&#8221;.<\/p>\n<p>A carroceria de tr\u00eas portas do novo Uno chegava apenas em uma segunda fase, em fevereiro de 2011, sendo dispon\u00edvel para qualquer vers\u00e3o. Na linha 2012 ele ganhava sua vers\u00e3o Economy, com o motor de 1,4 litro reprogramado na\u00a0central eletr\u00f4nica, diferencial 9% mais longo e altura em rela\u00e7\u00e3o ao solo reduzida em 10 mm. Com gasolina, chegava a 21,5 km\/l no ciclo rodovi\u00e1rio, segundo a Fiat.<\/p>\n<p>Em seus 28 anos de Brasil, o Uno j\u00e1 superou 3,7 milh\u00f5es de unidades produzidas entre as duas gera\u00e7\u00f5es, que se somam a 1,3 milh\u00e3o dos modelos \u2014 sed\u00e3, perua, picape, furg\u00f5es \u2014 derivados do carro original. Se suas formas avan\u00e7adas e funcionais sofreram preconceito no in\u00edcio, hoje o destacam como um carro pr\u00e1tico, relativamente espa\u00e7oso e eficiente em aerodin\u00e2mica, com reflexos positivos na economia de combust\u00edvel. Qualidades que, somadas \u00e0 robustez e ao baixo custo de manuten\u00e7\u00e3o, explicam seu \u00eaxito prolongado e deixam um importante legado para o novo Uno levar adiante.<\/p>\n<p>&nbsp;<\/p>\n<div class='et-box et-shadow'>\n\t\t\t\t\t<div class='et-box-content'><h2>O convers\u00edvel<\/h2>\n<table border=\"0\">\n<tbody>\n<tr>\n<td style=\"width: 260px; height: 190px;\"><a href=\"https:\/\/autolivraria.com.br\/bc\/wp-content\/uploads\/2013\/02\/Conc-BR-2010-Uno-Cabrio-1.jpg\"><img decoding=\"async\" class=\"wp-image-21769 alignnone lazyload\" title=\"Uno Cabrio\" data-src=\"https:\/\/autolivraria.com.br\/bc\/wp-content\/uploads\/2013\/02\/Conc-BR-2010-Uno-Cabrio-1-270x179.jpg\" alt=\"\" width=\"243\" height=\"161\" data-srcset=\"https:\/\/autolivraria.com.br\/bc\/wp-content\/uploads\/2013\/02\/Conc-BR-2010-Uno-Cabrio-1-270x179.jpg 270w, https:\/\/autolivraria.com.br\/bc\/wp-content\/uploads\/2013\/02\/Conc-BR-2010-Uno-Cabrio-1-560x373.jpg 560w, https:\/\/autolivraria.com.br\/bc\/wp-content\/uploads\/2013\/02\/Conc-BR-2010-Uno-Cabrio-1-470x313.jpg 470w, https:\/\/autolivraria.com.br\/bc\/wp-content\/uploads\/2013\/02\/Conc-BR-2010-Uno-Cabrio-1.jpg 1280w\" data-sizes=\"(max-width: 243px) 100vw, 243px\" src=\"data:image\/svg+xml;base64,PHN2ZyB3aWR0aD0iMSIgaGVpZ2h0PSIxIiB4bWxucz0iaHR0cDovL3d3dy53My5vcmcvMjAwMC9zdmciPjwvc3ZnPg==\" style=\"--smush-placeholder-width: 243px; --smush-placeholder-aspect-ratio: 243\/161;\" \/><\/a><\/td>\n<td style=\"width: 260px; height: 190px;\"><a href=\"https:\/\/autolivraria.com.br\/bc\/wp-content\/uploads\/2013\/02\/Conc-BR-2010-Uno-Cabrio-2.jpg\"><img decoding=\"async\" class=\"wp-image-21770 alignnone lazyload\" title=\"Uno Cabrio\" data-src=\"https:\/\/autolivraria.com.br\/bc\/wp-content\/uploads\/2013\/02\/Conc-BR-2010-Uno-Cabrio-2-270x179.jpg\" alt=\"\" width=\"243\" height=\"161\" data-srcset=\"https:\/\/autolivraria.com.br\/bc\/wp-content\/uploads\/2013\/02\/Conc-BR-2010-Uno-Cabrio-2-270x179.jpg 270w, https:\/\/autolivraria.com.br\/bc\/wp-content\/uploads\/2013\/02\/Conc-BR-2010-Uno-Cabrio-2-560x373.jpg 560w, https:\/\/autolivraria.com.br\/bc\/wp-content\/uploads\/2013\/02\/Conc-BR-2010-Uno-Cabrio-2-470x313.jpg 470w, https:\/\/autolivraria.com.br\/bc\/wp-content\/uploads\/2013\/02\/Conc-BR-2010-Uno-Cabrio-2.jpg 1280w\" data-sizes=\"(max-width: 243px) 100vw, 243px\" src=\"data:image\/svg+xml;base64,PHN2ZyB3aWR0aD0iMSIgaGVpZ2h0PSIxIiB4bWxucz0iaHR0cDovL3d3dy53My5vcmcvMjAwMC9zdmciPjwvc3ZnPg==\" style=\"--smush-placeholder-width: 243px; --smush-placeholder-aspect-ratio: 243\/161;\" \/><\/a><\/td>\n<\/tr>\n<\/tbody>\n<\/table>\n<p>Para o Sal\u00e3o do Autom\u00f3vel de S\u00e3o Paulo de 2010 a Fiat preparou um Uno Cabrio, esp\u00e9cie de roadster com base no modelo de s\u00e9rie. A vers\u00e3o de tr\u00eas portas perdeu o teto e ficou com apenas dois lugares, atr\u00e1s dos quais havia domos e uma cobertura r\u00edgida. Frente e traseira tamb\u00e9m mudaram para um aspecto bastante esportivo, real\u00e7ado pelas rodas de 17 pol e os pneus da s\u00e9rie 40. O motor do conceito era o do Punto T-Jet, de 1,4 litro, com turbo e 152 cv.<\/p><\/div><\/div>\n<p>&nbsp;<\/p>\n<div class='et-box et-shadow'>\n\t\t\t\t\t<div class='et-box-content'><table id=\"table6027\" style=\"width: 100%;\" border=\"0\" cellspacing=\"0\" cellpadding=\"3\">\n<tbody>\n<tr>\n<td width=\"28%\"><\/td>\n<td width=\"18%\">Uno 1.5R\n(1987)<\/td>\n<td width=\"18%\">Uno 1.6R mpi\n(1993)<\/td>\n<td width=\"18%\">Uno Turbo i.e.\n(1994)<\/td>\n<td width=\"18%\">Uno Sporting\n(2011)<\/td>\n<\/tr>\n<tr>\n<td style=\"background-color: #ffffff;\">MOTOR<\/td>\n<td style=\"background-color: #ffffff;\"><\/td>\n<td style=\"background-color: #ffffff;\"><\/td>\n<td style=\"background-color: #ffffff;\"><\/td>\n<td style=\"background-color: #ffffff;\"><\/td>\n<\/tr>\n<tr>\n<td width=\"28%\">Posi\u00e7\u00e3o e cilindros<\/td>\n<td colspan=\"4\" width=\"72%\">transversal, 4 em linha<\/td>\n<\/tr>\n<tr>\n<td width=\"28%\">Comando e v\u00e1lv.\/cilindro<\/td>\n<td colspan=\"4\" width=\"72%\">no cabe\u00e7ote, 2<\/td>\n<\/tr>\n<tr>\n<td width=\"28%\">Di\u00e2metro e curso<\/td>\n<td width=\"18%\">86,4 x 63,9 mm<\/td>\n<td width=\"18%\">86,4 x 67,4 mm<\/td>\n<td width=\"18%\">80,5 x 67,4 mm<\/td>\n<td width=\"18%\">72 x 84 mm<\/td>\n<\/tr>\n<tr>\n<td width=\"28%\">Cilindrada<\/td>\n<td width=\"18%\">1.499 cm\u00b3<\/td>\n<td width=\"18%\">1.581 cm\u00b3<\/td>\n<td width=\"18%\">1.372 cm\u00b3<\/td>\n<td width=\"18%\">1.368 cm\u00b3<\/td>\n<\/tr>\n<tr>\n<td width=\"28%\">Taxa de compress\u00e3o<\/td>\n<td width=\"18%\">12:1 (\u00e1lcool)<\/td>\n<td width=\"18%\">9,5:1<\/td>\n<td width=\"18%\">7,8:1<\/td>\n<td width=\"18%\">12,35:1<\/td>\n<\/tr>\n<tr>\n<td width=\"28%\">Pot\u00eancia m\u00e1xima<\/td>\n<td width=\"18%\">86 cv a\n6.000 rpm<\/td>\n<td width=\"18%\">92 cv a\n5.750 rpm<\/td>\n<td width=\"18%\">118 cv a\n5.750 rpm<\/td>\n<td width=\"18%\">85\/88 cv a\n5.750 rpm*<\/td>\n<\/tr>\n<tr>\n<td width=\"28%\">Torque m\u00e1ximo<\/td>\n<td width=\"18%\">12,9 m.kgf a\n3.500 rpm<\/td>\n<td width=\"18%\">13,0 m.kgf a\n3.000 rpm<\/td>\n<td width=\"18%\">17,5 m.kgf a\n3.500 rpm<\/td>\n<td width=\"18%\">12,4\/12,5 m.kgf\na 3.500 rpm*<\/td>\n<\/tr>\n<tr>\n<td width=\"28%\">Alimenta\u00e7\u00e3o<\/td>\n<td width=\"18%\">carburador de\ncorpo duplo<\/td>\n<td width=\"18%\">inje\u00e7\u00e3o\nmultiponto<\/td>\n<td width=\"18%\">inj. multiponto,\nturbo e resfriador<\/td>\n<td width=\"18%\">inje\u00e7\u00e3o\nmultiponto<\/td>\n<\/tr>\n<tr>\n<td bgcolor=\"#FFFFFF\" width=\"28%\">TRANSMISS\u00c3O<\/td>\n<td bgcolor=\"#FFFFFF\" width=\"18%\"><\/td>\n<td bgcolor=\"#FFFFFF\" width=\"18%\"><\/td>\n<td bgcolor=\"#FFFFFF\" width=\"18%\"><\/td>\n<td bgcolor=\"#FFFFFF\" width=\"18%\"><\/td>\n<\/tr>\n<tr>\n<td width=\"28%\">Tipo de c\u00e2mbio e marchas<\/td>\n<td width=\"18%\">manual, 5<\/td>\n<td width=\"18%\"><\/td>\n<td width=\"18%\"><\/td>\n<td width=\"18%\"><\/td>\n<\/tr>\n<tr>\n<td width=\"28%\">Tra\u00e7\u00e3o<\/td>\n<td width=\"18%\">dianteira<\/td>\n<td width=\"18%\"><\/td>\n<td width=\"18%\"><\/td>\n<td width=\"18%\"><\/td>\n<\/tr>\n<tr>\n<td style=\"background-color: #ffffff;\">FREIOS<\/td>\n<td style=\"background-color: #ffffff;\"><\/td>\n<td style=\"background-color: #ffffff;\"><\/td>\n<td style=\"background-color: #ffffff;\"><\/td>\n<td style=\"background-color: #ffffff;\"><\/td>\n<\/tr>\n<tr>\n<td width=\"28%\">Dianteiros<\/td>\n<td colspan=\"3\" width=\"18%\">a disco ventilado<\/td>\n<td width=\"18%\">a disco<\/td>\n<\/tr>\n<tr>\n<td width=\"28%\">Traseiros<\/td>\n<td colspan=\"4\" width=\"18%\">a tambor<\/td>\n<\/tr>\n<tr>\n<td width=\"28%\">Antitravamento (ABS)<\/td>\n<td width=\"18%\">n\u00e3o<\/td>\n<td width=\"18%\"><\/td>\n<td width=\"18%\"><\/td>\n<td width=\"18%\">sim<\/td>\n<\/tr>\n<tr>\n<td style=\"background-color: #ffffff;\">SUSPENS\u00c3O<\/td>\n<td style=\"background-color: #ffffff;\"><\/td>\n<td style=\"background-color: #ffffff;\"><\/td>\n<td style=\"background-color: #ffffff;\"><\/td>\n<td style=\"background-color: #ffffff;\"><\/td>\n<\/tr>\n<tr>\n<td width=\"28%\">Dianteira<\/td>\n<td colspan=\"4\" width=\"72%\">independente, McPherson<\/td>\n<\/tr>\n<tr>\n<td width=\"28%\">Traseira<\/td>\n<td colspan=\"3\" width=\"54%\">independente, McPherson<\/td>\n<td width=\"18%\">eixo de tor\u00e7\u00e3o<\/td>\n<\/tr>\n<tr>\n<td style=\"background-color: #ffffff;\">RODAS<\/td>\n<td style=\"background-color: #ffffff;\"><\/td>\n<td style=\"background-color: #ffffff;\"><\/td>\n<td style=\"background-color: #ffffff;\"><\/td>\n<td style=\"background-color: #ffffff;\"><\/td>\n<\/tr>\n<tr>\n<td width=\"28%\">Pneus<\/td>\n<td width=\"18%\">165\/70 R 13<\/td>\n<td width=\"18%\"><\/td>\n<td width=\"18%\">185\/60 R 14<\/td>\n<td width=\"18%\">185\/60 R 15<\/td>\n<\/tr>\n<tr>\n<td style=\"background-color: #ffffff;\">DIMENS\u00d5ES<\/td>\n<td style=\"background-color: #ffffff;\"><\/td>\n<td style=\"background-color: #ffffff;\"><\/td>\n<td style=\"background-color: #ffffff;\"><\/td>\n<td style=\"background-color: #ffffff;\"><\/td>\n<\/tr>\n<tr>\n<td width=\"28%\">Comprimento<\/td>\n<td width=\"18%\">3,645 m<\/td>\n<td width=\"18%\"><\/td>\n<td width=\"18%\">3,654 m<\/td>\n<td width=\"18%\">3,77 m<\/td>\n<\/tr>\n<tr>\n<td width=\"28%\">Entre-eixos<\/td>\n<td width=\"18%\">2,361 m<\/td>\n<td width=\"18%\"><\/td>\n<td width=\"18%\"><\/td>\n<td width=\"18%\">2,373 m<\/td>\n<\/tr>\n<tr>\n<td width=\"28%\">Peso<\/td>\n<td width=\"18%\">856 kg<\/td>\n<td width=\"18%\">910 kg<\/td>\n<td width=\"18%\">975 kg<\/td>\n<td width=\"18%\">955 kg<\/td>\n<\/tr>\n<tr>\n<td style=\"background-color: #ffffff;\">DESEMPENHO<\/td>\n<td style=\"background-color: #ffffff;\"><\/td>\n<td style=\"background-color: #ffffff;\"><\/td>\n<td style=\"background-color: #ffffff;\"><\/td>\n<td style=\"background-color: #ffffff;\"><\/td>\n<\/tr>\n<tr>\n<td width=\"28%\">Velocidade m\u00e1xima<\/td>\n<td width=\"18%\">162 km\/h<\/td>\n<td width=\"18%\">177 km\/h<\/td>\n<td width=\"18%\">195 km\/h<\/td>\n<td width=\"18%\">170\/172 km\/h*<\/td>\n<\/tr>\n<tr>\n<td width=\"28%\">Aceler. 0 a 100 km\/h<\/td>\n<td width=\"18%\">12,0 s<\/td>\n<td width=\"18%\">10,9 s<\/td>\n<td width=\"18%\">9,2 s<\/td>\n<td width=\"18%\">11,5\/11,2 s*<\/td>\n<\/tr>\n<tr>\n<td colspan=\"5\" width=\"100%\">Dados do fabricante; ND = n\u00e3o dispon\u00edvel; *gasolina\/\u00e1lcool<\/td>\n<\/tr>\n<\/tbody>\n<\/table><\/div><\/div>\n<p>&nbsp;<\/p>\n","protected":false},"excerpt":{"rendered":"<p>H\u00e1 30 anos nascia na It\u00e1lia um Fiat ousado, que teria v\u00e1rios derivados e uma segunda gera\u00e7\u00e3o aqui embaixo do Equador<\/p>\n","protected":false},"author":6,"featured_media":21623,"comment_status":"open","ping_status":"closed","sticky":false,"template":"","format":"standard","meta":{"_joinchat":[],"footnotes":""},"categories":[3775],"tags":[156,201,151,57,339,202,2438,1019,806,2433,2286,232,200,575,199,2434,2435,1356,2437,1993,2439,2283,1358,2436,1357,1359,2285],"class_list":["post-21621","post","type-post","status-publish","format-standard","has-post-thumbnail","hentry","category-fiat","tag-carros-do-passado","tag-elba","tag-esportivo","tag-fiat","tag-fiat-147","tag-fiorino","tag-fiorino-pickup","tag-giugiaro","tag-mille","tag-mille-way","tag-mille-xingu","tag-picape","tag-premio","tag-turbo","tag-uno","tag-uno-1-5r","tag-uno-1-6r","tag-uno-attractive","tag-uno-cs","tag-uno-economy","tag-uno-furgao","tag-uno-interlagos","tag-uno-sporting","tag-uno-turbo","tag-uno-vivace","tag-uno-way","tag-uno-xingu"],"amp_enabled":true,"_links":{"self":[{"href":"https:\/\/autolivraria.com.br\/bc\/wp-json\/wp\/v2\/posts\/21621","targetHints":{"allow":["GET"]}}],"collection":[{"href":"https:\/\/autolivraria.com.br\/bc\/wp-json\/wp\/v2\/posts"}],"about":[{"href":"https:\/\/autolivraria.com.br\/bc\/wp-json\/wp\/v2\/types\/post"}],"author":[{"embeddable":true,"href":"https:\/\/autolivraria.com.br\/bc\/wp-json\/wp\/v2\/users\/6"}],"replies":[{"embeddable":true,"href":"https:\/\/autolivraria.com.br\/bc\/wp-json\/wp\/v2\/comments?post=21621"}],"version-history":[{"count":0,"href":"https:\/\/autolivraria.com.br\/bc\/wp-json\/wp\/v2\/posts\/21621\/revisions"}],"wp:featuredmedia":[{"embeddable":true,"href":"https:\/\/autolivraria.com.br\/bc\/wp-json\/wp\/v2\/media\/21623"}],"wp:attachment":[{"href":"https:\/\/autolivraria.com.br\/bc\/wp-json\/wp\/v2\/media?parent=21621"}],"wp:term":[{"taxonomy":"category","embeddable":true,"href":"https:\/\/autolivraria.com.br\/bc\/wp-json\/wp\/v2\/categories?post=21621"},{"taxonomy":"post_tag","embeddable":true,"href":"https:\/\/autolivraria.com.br\/bc\/wp-json\/wp\/v2\/tags?post=21621"}],"curies":[{"name":"wp","href":"https:\/\/api.w.org\/{rel}","templated":true}]}}