{"id":23253,"date":"2012-07-01T01:48:36","date_gmt":"2012-07-01T04:48:36","guid":{"rendered":"http:\/\/bestcars.uol.com.br\/bc\/?p=23253"},"modified":"2013-03-15T14:17:05","modified_gmt":"2013-03-15T17:17:05","slug":"stutz-anteriores","status":"publish","type":"post","link":"https:\/\/autolivraria.com.br\/bc\/informe-se\/passado\/stutz\/stutz-anteriores\/","title":{"rendered":"Stutz &#8211; anteriores"},"content":{"rendered":"<p><a href=\"https:\/\/www.autolivraria.com.br\/ph2\/250a.htm\"><img fetchpriority=\"high\" decoding=\"async\" class=\"aligncenter size-full wp-image-23254\" title=\"Blackhawk\" src=\"https:\/\/autolivraria.com.br\/bc\/wp-content\/uploads\/2013\/03\/stutz-blackhawk-1978-1.jpg\" alt=\"\" width=\"430\" height=\"264\" srcset=\"https:\/\/autolivraria.com.br\/bc\/wp-content\/uploads\/2013\/03\/stutz-blackhawk-1978-1.jpg 430w, https:\/\/autolivraria.com.br\/bc\/wp-content\/uploads\/2013\/03\/stutz-blackhawk-1978-1-270x165.jpg 270w\" sizes=\"(max-width: 430px) 100vw, 430px\" \/><\/a><\/p>\n<p>&nbsp;<\/p>\n<p><span style=\"color: #000000;\"><a href=\"https:\/\/www.autolivraria.com.br\/ph2\/250a.htm\"><span style=\"color: #000000;\">Stutz Blackhawk: discri\u00e7\u00e3o n\u00e3o era o forte deste cup\u00ea de luxo<\/span><\/a><\/span><\/p>\n<p>&nbsp;<\/p>\n","protected":false},"excerpt":{"rendered":"<p>&nbsp; Stutz Blackhawk: discri\u00e7\u00e3o n\u00e3o era o forte deste cup\u00ea de luxo &nbsp;<\/p>\n","protected":false},"author":6,"featured_media":23254,"comment_status":"open","ping_status":"closed","sticky":false,"template":"","format":"standard","meta":{"_joinchat":[],"footnotes":""},"categories":[3814],"tags":[2496,777,156,395,1797,226],"class_list":["post-23253","post","type-post","status-publish","format-standard","has-post-thumbnail","hentry","category-stutz","tag-bearcat","tag-blackhawk","tag-carros-do-passado","tag-eua","tag-stutz","tag-v8"],"amp_enabled":true,"_links":{"self":[{"href":"https:\/\/autolivraria.com.br\/bc\/wp-json\/wp\/v2\/posts\/23253","targetHints":{"allow":["GET"]}}],"collection":[{"href":"https:\/\/autolivraria.com.br\/bc\/wp-json\/wp\/v2\/posts"}],"about":[{"href":"https:\/\/autolivraria.com.br\/bc\/wp-json\/wp\/v2\/types\/post"}],"author":[{"embeddable":true,"href":"https:\/\/autolivraria.com.br\/bc\/wp-json\/wp\/v2\/users\/6"}],"replies":[{"embeddable":true,"href":"https:\/\/autolivraria.com.br\/bc\/wp-json\/wp\/v2\/comments?post=23253"}],"version-history":[{"count":0,"href":"https:\/\/autolivraria.com.br\/bc\/wp-json\/wp\/v2\/posts\/23253\/revisions"}],"wp:featuredmedia":[{"embeddable":true,"href":"https:\/\/autolivraria.com.br\/bc\/wp-json\/wp\/v2\/media\/23254"}],"wp:attachment":[{"href":"https:\/\/autolivraria.com.br\/bc\/wp-json\/wp\/v2\/media?parent=23253"}],"wp:term":[{"taxonomy":"category","embeddable":true,"href":"https:\/\/autolivraria.com.br\/bc\/wp-json\/wp\/v2\/categories?post=23253"},{"taxonomy":"post_tag","embeddable":true,"href":"https:\/\/autolivraria.com.br\/bc\/wp-json\/wp\/v2\/tags?post=23253"}],"curies":[{"name":"wp","href":"https:\/\/api.w.org\/{rel}","templated":true}]}}