{"id":23872,"date":"2013-03-28T09:34:49","date_gmt":"2013-03-28T12:34:49","guid":{"rendered":"http:\/\/bestcars.uol.com.br\/bc\/?p=23872"},"modified":"2013-04-03T14:54:10","modified_gmt":"2013-04-03T17:54:10","slug":"linha-vw-2014-tem-fox-rock-in-rio-e-poucas-mudancas","status":"publish","type":"post","link":"https:\/\/autolivraria.com.br\/bc\/informe-se\/noticias\/linha-vw-2014-tem-fox-rock-in-rio-e-poucas-mudancas\/","title":{"rendered":"Linha VW 2014 tem Fox Rock in Rio e poucas mudan\u00e7as"},"content":{"rendered":"<p><a href=\"https:\/\/autolivraria.com.br\/bc\/wp-content\/uploads\/2013\/03\/VW-Fox-Rock-in-Rio-01.jpg\"><img fetchpriority=\"high\" decoding=\"async\" class=\"aligncenter size-medium wp-image-23879\" title=\"VW Fox Rock in Rio\" src=\"https:\/\/autolivraria.com.br\/bc\/wp-content\/uploads\/2013\/03\/VW-Fox-Rock-in-Rio-01-560x373.jpg\" alt=\"\" width=\"560\" height=\"373\" \/><\/a><\/p>\n<p>&nbsp;<\/p>\n<p>N\u00e3o \u00e9 com grandes novidades, ao menos por enquanto, que a Volkswagen comemora seus 60 anos de Brasil. A linha 2014 da maior parte de seus modelos nacionais traz altera\u00e7\u00f5es bastante sutis, enquanto a picape Saveiro com novo desenho frontal para se integrar \u00e0 linha Gol\/Voyage fica para uma segunda fase, ainda sem data anunciada.<\/p>\n<p>As vers\u00f5es de topo de linha dos modelos Gol, Voyage e Fox passam a ser denominadas Highline, dentro do padr\u00e3o mundial de marca, mas curiosamente o mesmo n\u00e3o se aplica a Polo e Golf. Essa vers\u00e3o substitui a Prime do Fox, a Power do Gol e a Comfortline do Voyage e passa a vir, afinal, com ar-condicionado de s\u00e9rie. Desde janeiro, toda a linha Gol\/Voyage da atual gera\u00e7\u00e3o tem freios antitravamento (ABS) e bolsas infl\u00e1veis frontais como padr\u00f5es.<\/p>\n<p>&nbsp;<\/p>\n<div class='code-block code-block-7' style='margin: 28px auto; text-align: center; display: block; clear: both;'>\n<script async src=\"https:\/\/pagead2.googlesyndication.com\/pagead\/js\/adsbygoogle.js\"><\/script>\n<!-- AL-quadrado -->\n<ins class=\"adsbygoogle\"\n     style=\"display:block\"\n     data-ad-client=\"ca-pub-1914799802606213\"\n     data-ad-slot=\"5683066082\"\n     data-ad-format=\"auto\"\n     data-full-width-responsive=\"true\"><\/ins>\n<script>\n     (adsbygoogle = window.adsbygoogle || []).push({});\n<\/script><\/div>\n\n<p>&nbsp;<\/p>\n<p>Fox e CrossFox receberam nova arquitetura eletr\u00f4nica, que permite aplicar recursos como o r\u00e1dio RCD-320 (o mesmo do Jetta Comfortline) com interface Bluetooth integrada e conex\u00e3o para telefone inteligente. Quando equipado com sensores de obst\u00e1culos traseiros, o carro mostra na tela central do r\u00e1dio a silhueta do ve\u00edculo (visto de cima) para demonstrar a dist\u00e2ncia at\u00e9 o objeto. O acionamento de far\u00f3is e lanternas adota comando rotativo integrado ao painel e, no CrossFox, muda o acabamento dos detalhes externos, agora vari\u00e1vel conforme a cor da carroceria.<\/p>\n<p>Volta a ser oferecida a s\u00e9rie especial Fox Rock in Rio, em alus\u00e3o a um dos maiores festivais mundiais de m\u00fasica. Com base na vers\u00e3o Highline, a edi\u00e7\u00e3o ser\u00e1 vendida entre abril e setembro, ao pre\u00e7o de R$ 44.690, nas cores vermelha, branca, preta, azul e prata. Entre seus detalhes exclusivos est\u00e3o faixas adesivas nas portas e rodas de alum\u00ednio. O motor \u00e9 de 1,6 litro com pot\u00eancia de 101 cv com gasolina e 104 com \u00e1lcool.<\/p>\n<p>No Polo mudam apenas revestimentos de bancos, calotas e rodas. No Golf h\u00e1 novo r\u00e1dio, controlador de velocidade de s\u00e9rie em toda vers\u00e3o e outra roda de 17 pol para a vers\u00e3o Sportline de 1,6 litro.<\/p>\n<p>&nbsp;<\/p>\n<div id='gallery-1' class='gallery galleryid-23872 gallery-columns-3 gallery-size-thumbnail'><figure class='gallery-item'>\n\t\t\t<div class='gallery-icon landscape'>\n\t\t\t\t<a href='https:\/\/autolivraria.com.br\/bc\/wp-content\/uploads\/2013\/03\/VW-CrossFox-01.jpg'><img decoding=\"async\" width=\"222\" height=\"222\" data-src=\"https:\/\/autolivraria.com.br\/bc\/wp-content\/uploads\/2013\/03\/VW-CrossFox-01-222x222.jpg\" class=\"attachment-thumbnail size-thumbnail lazyload\" alt=\"\" src=\"data:image\/svg+xml;base64,PHN2ZyB3aWR0aD0iMSIgaGVpZ2h0PSIxIiB4bWxucz0iaHR0cDovL3d3dy53My5vcmcvMjAwMC9zdmciPjwvc3ZnPg==\" style=\"--smush-placeholder-width: 222px; --smush-placeholder-aspect-ratio: 222\/222;\" \/><\/a>\n\t\t\t<\/div><\/figure><figure class='gallery-item'>\n\t\t\t<div class='gallery-icon landscape'>\n\t\t\t\t<a href='https:\/\/autolivraria.com.br\/bc\/wp-content\/uploads\/2013\/03\/VW-CrossFox-02.jpg'><img decoding=\"async\" width=\"222\" height=\"222\" data-src=\"https:\/\/autolivraria.com.br\/bc\/wp-content\/uploads\/2013\/03\/VW-CrossFox-02-222x222.jpg\" class=\"attachment-thumbnail size-thumbnail lazyload\" alt=\"\" src=\"data:image\/svg+xml;base64,PHN2ZyB3aWR0aD0iMSIgaGVpZ2h0PSIxIiB4bWxucz0iaHR0cDovL3d3dy53My5vcmcvMjAwMC9zdmciPjwvc3ZnPg==\" style=\"--smush-placeholder-width: 222px; --smush-placeholder-aspect-ratio: 222\/222;\" \/><\/a>\n\t\t\t<\/div><\/figure><figure class='gallery-item'>\n\t\t\t<div class='gallery-icon landscape'>\n\t\t\t\t<a href='https:\/\/autolivraria.com.br\/bc\/wp-content\/uploads\/2013\/03\/VW-Fox-Highline-01.jpg'><img decoding=\"async\" width=\"222\" height=\"222\" data-src=\"https:\/\/autolivraria.com.br\/bc\/wp-content\/uploads\/2013\/03\/VW-Fox-Highline-01-222x222.jpg\" class=\"attachment-thumbnail size-thumbnail lazyload\" alt=\"\" src=\"data:image\/svg+xml;base64,PHN2ZyB3aWR0aD0iMSIgaGVpZ2h0PSIxIiB4bWxucz0iaHR0cDovL3d3dy53My5vcmcvMjAwMC9zdmciPjwvc3ZnPg==\" style=\"--smush-placeholder-width: 222px; --smush-placeholder-aspect-ratio: 222\/222;\" \/><\/a>\n\t\t\t<\/div><\/figure><figure class='gallery-item'>\n\t\t\t<div class='gallery-icon landscape'>\n\t\t\t\t<a href='https:\/\/autolivraria.com.br\/bc\/wp-content\/uploads\/2013\/03\/VW-Fox-Highline-02.jpg'><img decoding=\"async\" width=\"222\" height=\"222\" data-src=\"https:\/\/autolivraria.com.br\/bc\/wp-content\/uploads\/2013\/03\/VW-Fox-Highline-02-222x222.jpg\" class=\"attachment-thumbnail size-thumbnail lazyload\" alt=\"\" src=\"data:image\/svg+xml;base64,PHN2ZyB3aWR0aD0iMSIgaGVpZ2h0PSIxIiB4bWxucz0iaHR0cDovL3d3dy53My5vcmcvMjAwMC9zdmciPjwvc3ZnPg==\" style=\"--smush-placeholder-width: 222px; --smush-placeholder-aspect-ratio: 222\/222;\" \/><\/a>\n\t\t\t<\/div><\/figure><figure class='gallery-item'>\n\t\t\t<div class='gallery-icon landscape'>\n\t\t\t\t<a href='https:\/\/autolivraria.com.br\/bc\/wp-content\/uploads\/2013\/03\/VW-Fox-Highline-03.jpg'><img decoding=\"async\" width=\"222\" height=\"222\" data-src=\"https:\/\/autolivraria.com.br\/bc\/wp-content\/uploads\/2013\/03\/VW-Fox-Highline-03-222x222.jpg\" class=\"attachment-thumbnail size-thumbnail lazyload\" alt=\"\" src=\"data:image\/svg+xml;base64,PHN2ZyB3aWR0aD0iMSIgaGVpZ2h0PSIxIiB4bWxucz0iaHR0cDovL3d3dy53My5vcmcvMjAwMC9zdmciPjwvc3ZnPg==\" style=\"--smush-placeholder-width: 222px; --smush-placeholder-aspect-ratio: 222\/222;\" \/><\/a>\n\t\t\t<\/div><\/figure><figure class='gallery-item'>\n\t\t\t<div class='gallery-icon landscape'>\n\t\t\t\t<a href='https:\/\/autolivraria.com.br\/bc\/wp-content\/uploads\/2013\/03\/VW-Fox-Highline-04.jpg'><img decoding=\"async\" width=\"222\" height=\"222\" data-src=\"https:\/\/autolivraria.com.br\/bc\/wp-content\/uploads\/2013\/03\/VW-Fox-Highline-04-222x222.jpg\" class=\"attachment-thumbnail size-thumbnail lazyload\" alt=\"\" src=\"data:image\/svg+xml;base64,PHN2ZyB3aWR0aD0iMSIgaGVpZ2h0PSIxIiB4bWxucz0iaHR0cDovL3d3dy53My5vcmcvMjAwMC9zdmciPjwvc3ZnPg==\" style=\"--smush-placeholder-width: 222px; --smush-placeholder-aspect-ratio: 222\/222;\" \/><\/a>\n\t\t\t<\/div><\/figure><figure class='gallery-item'>\n\t\t\t<div class='gallery-icon landscape'>\n\t\t\t\t<a href='https:\/\/autolivraria.com.br\/bc\/wp-content\/uploads\/2013\/03\/VW-Fox-Rock-in-Rio-01.jpg'><img decoding=\"async\" width=\"222\" height=\"222\" data-src=\"https:\/\/autolivraria.com.br\/bc\/wp-content\/uploads\/2013\/03\/VW-Fox-Rock-in-Rio-01-222x222.jpg\" class=\"attachment-thumbnail size-thumbnail lazyload\" alt=\"\" src=\"data:image\/svg+xml;base64,PHN2ZyB3aWR0aD0iMSIgaGVpZ2h0PSIxIiB4bWxucz0iaHR0cDovL3d3dy53My5vcmcvMjAwMC9zdmciPjwvc3ZnPg==\" style=\"--smush-placeholder-width: 222px; --smush-placeholder-aspect-ratio: 222\/222;\" \/><\/a>\n\t\t\t<\/div><\/figure><figure class='gallery-item'>\n\t\t\t<div class='gallery-icon landscape'>\n\t\t\t\t<a href='https:\/\/autolivraria.com.br\/bc\/wp-content\/uploads\/2013\/03\/VW-Fox-Rock-in-Rio-02.jpg'><img decoding=\"async\" width=\"222\" height=\"222\" data-src=\"https:\/\/autolivraria.com.br\/bc\/wp-content\/uploads\/2013\/03\/VW-Fox-Rock-in-Rio-02-222x222.jpg\" class=\"attachment-thumbnail size-thumbnail lazyload\" alt=\"\" src=\"data:image\/svg+xml;base64,PHN2ZyB3aWR0aD0iMSIgaGVpZ2h0PSIxIiB4bWxucz0iaHR0cDovL3d3dy53My5vcmcvMjAwMC9zdmciPjwvc3ZnPg==\" style=\"--smush-placeholder-width: 222px; --smush-placeholder-aspect-ratio: 222\/222;\" \/><\/a>\n\t\t\t<\/div><\/figure><figure class='gallery-item'>\n\t\t\t<div class='gallery-icon landscape'>\n\t\t\t\t<a href='https:\/\/autolivraria.com.br\/bc\/wp-content\/uploads\/2013\/03\/VW-Fox-Rock-in-Rio-03.jpg'><img decoding=\"async\" width=\"168\" height=\"168\" data-src=\"https:\/\/autolivraria.com.br\/bc\/wp-content\/uploads\/2013\/03\/VW-Fox-Rock-in-Rio-03-168x168.jpg\" class=\"attachment-thumbnail size-thumbnail lazyload\" alt=\"\" src=\"data:image\/svg+xml;base64,PHN2ZyB3aWR0aD0iMSIgaGVpZ2h0PSIxIiB4bWxucz0iaHR0cDovL3d3dy53My5vcmcvMjAwMC9zdmciPjwvc3ZnPg==\" style=\"--smush-placeholder-width: 168px; --smush-placeholder-aspect-ratio: 168\/168;\" \/><\/a>\n\t\t\t<\/div><\/figure><figure class='gallery-item'>\n\t\t\t<div class='gallery-icon landscape'>\n\t\t\t\t<a href='https:\/\/autolivraria.com.br\/bc\/wp-content\/uploads\/2013\/03\/VW-Fox-Rock-in-Rio-04.jpg'><img decoding=\"async\" width=\"168\" height=\"168\" data-src=\"https:\/\/autolivraria.com.br\/bc\/wp-content\/uploads\/2013\/03\/VW-Fox-Rock-in-Rio-04-168x168.jpg\" class=\"attachment-thumbnail size-thumbnail lazyload\" alt=\"\" src=\"data:image\/svg+xml;base64,PHN2ZyB3aWR0aD0iMSIgaGVpZ2h0PSIxIiB4bWxucz0iaHR0cDovL3d3dy53My5vcmcvMjAwMC9zdmciPjwvc3ZnPg==\" style=\"--smush-placeholder-width: 168px; --smush-placeholder-aspect-ratio: 168\/168;\" \/><\/a>\n\t\t\t<\/div><\/figure><figure class='gallery-item'>\n\t\t\t<div class='gallery-icon landscape'>\n\t\t\t\t<a href='https:\/\/autolivraria.com.br\/bc\/wp-content\/uploads\/2013\/03\/VW-Fox-Rock-in-Rio-06.jpg'><img decoding=\"async\" width=\"168\" height=\"168\" data-src=\"https:\/\/autolivraria.com.br\/bc\/wp-content\/uploads\/2013\/03\/VW-Fox-Rock-in-Rio-06-168x168.jpg\" class=\"attachment-thumbnail size-thumbnail lazyload\" alt=\"\" src=\"data:image\/svg+xml;base64,PHN2ZyB3aWR0aD0iMSIgaGVpZ2h0PSIxIiB4bWxucz0iaHR0cDovL3d3dy53My5vcmcvMjAwMC9zdmciPjwvc3ZnPg==\" style=\"--smush-placeholder-width: 168px; --smush-placeholder-aspect-ratio: 168\/168;\" \/><\/a>\n\t\t\t<\/div><\/figure><figure class='gallery-item'>\n\t\t\t<div class='gallery-icon landscape'>\n\t\t\t\t<a href='https:\/\/autolivraria.com.br\/bc\/wp-content\/uploads\/2013\/03\/VW-Fox-Rock-in-Rio-07.jpg'><img decoding=\"async\" width=\"168\" height=\"168\" data-src=\"https:\/\/autolivraria.com.br\/bc\/wp-content\/uploads\/2013\/03\/VW-Fox-Rock-in-Rio-07-168x168.jpg\" class=\"attachment-thumbnail size-thumbnail lazyload\" alt=\"\" src=\"data:image\/svg+xml;base64,PHN2ZyB3aWR0aD0iMSIgaGVpZ2h0PSIxIiB4bWxucz0iaHR0cDovL3d3dy53My5vcmcvMjAwMC9zdmciPjwvc3ZnPg==\" style=\"--smush-placeholder-width: 168px; --smush-placeholder-aspect-ratio: 168\/168;\" \/><\/a>\n\t\t\t<\/div><\/figure><figure class='gallery-item'>\n\t\t\t<div class='gallery-icon landscape'>\n\t\t\t\t<a href='https:\/\/autolivraria.com.br\/bc\/wp-content\/uploads\/2013\/03\/VW-Fox-Rock-in-Rio-08.jpg'><img decoding=\"async\" width=\"168\" height=\"168\" data-src=\"https:\/\/autolivraria.com.br\/bc\/wp-content\/uploads\/2013\/03\/VW-Fox-Rock-in-Rio-08-168x168.jpg\" class=\"attachment-thumbnail size-thumbnail lazyload\" alt=\"\" src=\"data:image\/svg+xml;base64,PHN2ZyB3aWR0aD0iMSIgaGVpZ2h0PSIxIiB4bWxucz0iaHR0cDovL3d3dy53My5vcmcvMjAwMC9zdmciPjwvc3ZnPg==\" style=\"--smush-placeholder-width: 168px; --smush-placeholder-aspect-ratio: 168\/168;\" \/><\/a>\n\t\t\t<\/div><\/figure><figure class='gallery-item'>\n\t\t\t<div class='gallery-icon landscape'>\n\t\t\t\t<a href='https:\/\/autolivraria.com.br\/bc\/wp-content\/uploads\/2013\/03\/VW-Gol-Highline-01.jpg'><img decoding=\"async\" width=\"168\" height=\"168\" data-src=\"https:\/\/autolivraria.com.br\/bc\/wp-content\/uploads\/2013\/03\/VW-Gol-Highline-01-168x168.jpg\" class=\"attachment-thumbnail size-thumbnail lazyload\" alt=\"\" src=\"data:image\/svg+xml;base64,PHN2ZyB3aWR0aD0iMSIgaGVpZ2h0PSIxIiB4bWxucz0iaHR0cDovL3d3dy53My5vcmcvMjAwMC9zdmciPjwvc3ZnPg==\" style=\"--smush-placeholder-width: 168px; --smush-placeholder-aspect-ratio: 168\/168;\" \/><\/a>\n\t\t\t<\/div><\/figure><figure class='gallery-item'>\n\t\t\t<div class='gallery-icon landscape'>\n\t\t\t\t<a href='https:\/\/autolivraria.com.br\/bc\/wp-content\/uploads\/2013\/03\/VW-Voyage-Highline-01.jpg'><img decoding=\"async\" width=\"168\" height=\"168\" data-src=\"https:\/\/autolivraria.com.br\/bc\/wp-content\/uploads\/2013\/03\/VW-Voyage-Highline-01-168x168.jpg\" class=\"attachment-thumbnail size-thumbnail lazyload\" alt=\"\" src=\"data:image\/svg+xml;base64,PHN2ZyB3aWR0aD0iMSIgaGVpZ2h0PSIxIiB4bWxucz0iaHR0cDovL3d3dy53My5vcmcvMjAwMC9zdmciPjwvc3ZnPg==\" style=\"--smush-placeholder-width: 168px; --smush-placeholder-aspect-ratio: 168\/168;\" \/><\/a>\n\t\t\t<\/div><\/figure><figure class='gallery-item'>\n\t\t\t<div class='gallery-icon landscape'>\n\t\t\t\t<a href='https:\/\/autolivraria.com.br\/bc\/wp-content\/uploads\/2013\/03\/VW-Polo-Comfortline-01.jpg'><img decoding=\"async\" width=\"168\" height=\"168\" data-src=\"https:\/\/autolivraria.com.br\/bc\/wp-content\/uploads\/2013\/03\/VW-Polo-Comfortline-01-168x168.jpg\" class=\"attachment-thumbnail size-thumbnail lazyload\" alt=\"\" src=\"data:image\/svg+xml;base64,PHN2ZyB3aWR0aD0iMSIgaGVpZ2h0PSIxIiB4bWxucz0iaHR0cDovL3d3dy53My5vcmcvMjAwMC9zdmciPjwvc3ZnPg==\" style=\"--smush-placeholder-width: 168px; --smush-placeholder-aspect-ratio: 168\/168;\" \/><\/a>\n\t\t\t<\/div><\/figure><figure class='gallery-item'>\n\t\t\t<div class='gallery-icon landscape'>\n\t\t\t\t<a href='https:\/\/autolivraria.com.br\/bc\/wp-content\/uploads\/2013\/03\/VW-Polo-Sportline-01.jpg'><img decoding=\"async\" width=\"222\" height=\"222\" data-src=\"https:\/\/autolivraria.com.br\/bc\/wp-content\/uploads\/2013\/03\/VW-Polo-Sportline-01-222x222.jpg\" class=\"attachment-thumbnail size-thumbnail lazyload\" alt=\"\" src=\"data:image\/svg+xml;base64,PHN2ZyB3aWR0aD0iMSIgaGVpZ2h0PSIxIiB4bWxucz0iaHR0cDovL3d3dy53My5vcmcvMjAwMC9zdmciPjwvc3ZnPg==\" style=\"--smush-placeholder-width: 222px; --smush-placeholder-aspect-ratio: 222\/222;\" \/><\/a>\n\t\t\t<\/div><\/figure><figure class='gallery-item'>\n\t\t\t<div class='gallery-icon landscape'>\n\t\t\t\t<a href='https:\/\/autolivraria.com.br\/bc\/wp-content\/uploads\/2013\/03\/VW-Golf-Sportline-01.jpg'><img decoding=\"async\" width=\"168\" height=\"168\" data-src=\"https:\/\/autolivraria.com.br\/bc\/wp-content\/uploads\/2013\/03\/VW-Golf-Sportline-01-168x168.jpg\" class=\"attachment-thumbnail size-thumbnail lazyload\" alt=\"\" src=\"data:image\/svg+xml;base64,PHN2ZyB3aWR0aD0iMSIgaGVpZ2h0PSIxIiB4bWxucz0iaHR0cDovL3d3dy53My5vcmcvMjAwMC9zdmciPjwvc3ZnPg==\" style=\"--smush-placeholder-width: 168px; --smush-placeholder-aspect-ratio: 168\/168;\" \/><\/a>\n\t\t\t<\/div><\/figure>\n\t\t<\/div>\n\n<p>&nbsp;<\/p>\n","protected":false},"excerpt":{"rendered":"<p>&nbsp; N\u00e3o \u00e9 com grandes novidades, ao menos por enquanto, que a Volkswagen comemora seus 60 anos de Brasil. A linha 2014 da maior parte de seus modelos nacionais traz altera\u00e7\u00f5es bastante sutis, enquanto a picape Saveiro com novo desenho frontal para se integrar \u00e0 linha Gol\/Voyage fica para uma segunda fase, ainda sem data<\/p>\n","protected":false},"author":6,"featured_media":23879,"comment_status":"open","ping_status":"closed","sticky":false,"template":"","format":"standard","meta":{"_joinchat":[],"footnotes":""},"categories":[8],"tags":[936,2154,827,2528,826,501,94,500,60,909],"class_list":["post-23872","post","type-post","status-publish","format-standard","has-post-thumbnail","hentry","category-noticias","tag-crossfox","tag-edicao-especial","tag-fox","tag-fox-rock-in-rio","tag-gol","tag-golf","tag-noticias-2","tag-polo","tag-volkswagen","tag-voyage"],"amp_enabled":true,"_links":{"self":[{"href":"https:\/\/autolivraria.com.br\/bc\/wp-json\/wp\/v2\/posts\/23872","targetHints":{"allow":["GET"]}}],"collection":[{"href":"https:\/\/autolivraria.com.br\/bc\/wp-json\/wp\/v2\/posts"}],"about":[{"href":"https:\/\/autolivraria.com.br\/bc\/wp-json\/wp\/v2\/types\/post"}],"author":[{"embeddable":true,"href":"https:\/\/autolivraria.com.br\/bc\/wp-json\/wp\/v2\/users\/6"}],"replies":[{"embeddable":true,"href":"https:\/\/autolivraria.com.br\/bc\/wp-json\/wp\/v2\/comments?post=23872"}],"version-history":[{"count":0,"href":"https:\/\/autolivraria.com.br\/bc\/wp-json\/wp\/v2\/posts\/23872\/revisions"}],"wp:featuredmedia":[{"embeddable":true,"href":"https:\/\/autolivraria.com.br\/bc\/wp-json\/wp\/v2\/media\/23879"}],"wp:attachment":[{"href":"https:\/\/autolivraria.com.br\/bc\/wp-json\/wp\/v2\/media?parent=23872"}],"wp:term":[{"taxonomy":"category","embeddable":true,"href":"https:\/\/autolivraria.com.br\/bc\/wp-json\/wp\/v2\/categories?post=23872"},{"taxonomy":"post_tag","embeddable":true,"href":"https:\/\/autolivraria.com.br\/bc\/wp-json\/wp\/v2\/tags?post=23872"}],"curies":[{"name":"wp","href":"https:\/\/api.w.org\/{rel}","templated":true}]}}